{"id":151529,"date":"2021-07-28T09:55:07","date_gmt":"2021-07-28T07:55:07","guid":{"rendered":"https:\/\/dicodusport.fr\/blog\/?p=151529&#038;preview=true&#038;preview_id=151529"},"modified":"2021-07-28T09:55:07","modified_gmt":"2021-07-28T07:55:07","slug":"jo-tokyo-2020-gymnastique-simone-biles-forfait-pour-le-concours-general-individuel","status":"publish","type":"post","link":"https:\/\/dicodusport.fr\/blog\/jo-tokyo-2020-gymnastique-simone-biles-forfait-pour-le-concours-general-individuel\/","title":{"rendered":"JO Tokyo 2020 &#8211; Gymnastique : Simone Biles forfait pour le concours g\u00e9n\u00e9ral individuel"},"content":{"rendered":"<p style=\"text-align: justify;\"><em><b>JO TOKYO 2020 &#8211; GYMNASTIQUE ARTISTIQUE &#8211; Coup de tonnerre avec le forfait de la grandissime favorite, Simone Biles, pour le concours g\u00e9n\u00e9ral individuel des JO de Tokyo 2020.\u00a0<\/b><\/em><\/p>\n<p style=\"text-align: justify;\">Apr\u00e8s son retrait du concours g\u00e9n\u00e9ral par \u00e9quipes, <strong>Simone Biles<\/strong> a d\u00e9clar\u00e9 forfait pour l&rsquo;\u00e9preuve en individuel, alors qu&rsquo;elle \u00e9tait la grande favorite \u00e0 sa propre succession. La F\u00e9d\u00e9ration Am\u00e9ricaine de Gymnastique a publi\u00e9 un communiqu\u00e9 pour s&rsquo;expliquer.<\/p>\n<blockquote>\n<p style=\"text-align: justify;\">Apr\u00e8s des examens m\u00e9dicaux approfondis, Simone Biles s\u2019est retir\u00e9e de la finale du concours g\u00e9n\u00e9ral pour se consacrer \u00e0 sa sant\u00e9 mentale. Simone continuera d\u2019\u00eatre \u00e9valu\u00e9e quotidiennement pour d\u00e9terminer si elle participe, ou non, aux prochaines finales.<\/p>\n<\/blockquote>\n<p style=\"text-align: justify;\">Avec ce retrait, le concours g\u00e9n\u00e9ral sera plus ouvert et la Fran\u00e7aise M\u00e9lanie de J\u00e9sus dos Santos augmente ses chances de m\u00e9daille olympique.<\/p>\n<blockquote class=\"twitter-tweet\">\n<p dir=\"ltr\" lang=\"en\">After further medical evaluation, Simone Biles has withdrawn from the final individual all-around competition. We wholeheartedly support Simone\u2019s decision and applaud her bravery in prioritizing her well-being. Her courage shows, yet again, why she is a role model for so many. <a href=\"https:\/\/t.co\/6ILdtSQF7o\">pic.twitter.com\/6ILdtSQF7o<\/a><\/p>\n<p>\u2014 USA Gymnastics (@USAGym) <a href=\"https:\/\/twitter.com\/USAGym\/status\/1420266286441922562?ref_src=twsrc%5Etfw\">July 28, 2021<\/a><\/p><\/blockquote>\n<p style=\"text-align: justify;\"><script async src=\"https:\/\/platform.twitter.com\/widgets.js\" charset=\"utf-8\"><\/script><\/p>\n<h2 style=\"text-align: justify;\">\u00c0 lire aussi<\/h2>\n<ul>\n<li style=\"text-align: justify;\"><a href=\"https:\/\/dicodusport.fr\/blog\/toute-l-actualite-des-jeux-olympiques-de-tokyo-2020\/\"><strong>Toute l&rsquo;actualit\u00e9 des Jeux Olympiques de Tokyo<\/strong><\/a><\/li>\n<li style=\"text-align: justify;\"><a href=\"https:\/\/dicodusport.fr\/blog\/jeux-olympiques-tokyo-2020-le-tableau-des-medailles\/\"><strong>Le tableau des m\u00e9dailles<\/strong><\/a><\/li>\n<\/ul>\n","protected":false},"excerpt":{"rendered":"<p>JO TOKYO 2020 &#8211; GYMNASTIQUE ARTISTIQUE &#8211; Coup de tonnerre avec le forfait de la grandissime favorite, Simone Biles, pour le concours g\u00e9n\u00e9ral individuel des JO de Tokyo 2020.<\/p>\n","protected":false},"author":1,"featured_media":151541,"comment_status":"open","ping_status":"closed","sticky":false,"template":"","format":"standard","meta":{"_acf_changed":false,"_daextam_enable_autolinks":"","footnotes":""},"categories":[10429,8433],"tags":[9915,6587],"class_list":["post-151529","post","type-post","status-publish","format-standard","has-post-thumbnail","hentry","category-gymnastique","category-jo-tokyo-2020","tag-jeux-olympiques-de-tokyo","tag-simone-biles"],"acf":[],"yoast_head":"<!-- This site is optimized with the Yoast SEO Premium plugin v26.7 (Yoast SEO v26.7) - https:\/\/yoast.com\/wordpress\/plugins\/seo\/ -->\n<title>JO Tokyo 2020 - Gymnastique : Simone Biles forfait pour le concours g\u00e9n\u00e9ral individuel<\/title>\n<meta name=\"description\" content=\"JO TOKYO 2020 - GYMNASTIQUE ARTISTIQUE - Coup de tonnerre avec le forfait de la grandissime favorite, Simone Biles, pour le concours g\u00e9n\u00e9ral individuel des JO de Tokyo 2020.\" \/>\n<meta name=\"robots\" content=\"index, follow, max-snippet:-1, max-image-preview:large, max-video-preview:-1\" \/>\n<link rel=\"canonical\" href=\"https:\/\/dicodusport.fr\/blog\/jo-tokyo-2020-gymnastique-simone-biles-forfait-pour-le-concours-general-individuel\/\" \/>\n<meta property=\"og:locale\" content=\"fr_FR\" \/>\n<meta property=\"og:type\" content=\"article\" \/>\n<meta property=\"og:title\" content=\"JO Tokyo 2020 - Gymnastique : Simone Biles forfait pour le concours g\u00e9n\u00e9ral individuel\" \/>\n<meta property=\"og:description\" content=\"JO TOKYO 2020 - GYMNASTIQUE ARTISTIQUE - Coup de tonnerre avec le forfait de la grandissime favorite, Simone Biles, pour le concours g\u00e9n\u00e9ral individuel des JO de Tokyo 2020.\" \/>\n<meta property=\"og:url\" content=\"https:\/\/dicodusport.fr\/blog\/jo-tokyo-2020-gymnastique-simone-biles-forfait-pour-le-concours-general-individuel\/\" \/>\n<meta property=\"og:site_name\" content=\"Dicodusport\" \/>\n<meta property=\"article:publisher\" content=\"https:\/\/www.facebook.com\/dicodusport\" \/>\n<meta property=\"article:author\" content=\"https:\/\/www.facebook.com\/dicodusport\" \/>\n<meta property=\"article:published_time\" content=\"2021-07-28T07:55:07+00:00\" \/>\n<meta property=\"og:image\" content=\"https:\/\/dicodusport.fr\/blog\/wp-content\/uploads\/2021\/07\/Simone-Biles-forfait-pour-le-concours-ge\u0301ne\u0301ral-individuel.png\" \/>\n\t<meta property=\"og:image:width\" content=\"800\" \/>\n\t<meta property=\"og:image:height\" content=\"445\" \/>\n\t<meta property=\"og:image:type\" content=\"image\/png\" \/>\n<meta name=\"author\" content=\"Nicolas Jacquemard\" \/>\n<meta name=\"twitter:card\" content=\"summary_large_image\" \/>\n<meta name=\"twitter:title\" content=\"JO Tokyo 2020 - Gymnastique : Simone Biles forfait pour le concours g\u00e9n\u00e9ral individuel\" \/>\n<meta name=\"twitter:creator\" content=\"@https:\/\/twitter.com\/Nico_Jacquemard\" \/>\n<meta name=\"twitter:site\" content=\"@dicodusport\" \/>\n<script type=\"application\/ld+json\" class=\"yoast-schema-graph\">{\"@context\":\"https:\/\/schema.org\",\"@graph\":[{\"@type\":\"NewsArticle\",\"@id\":\"https:\/\/dicodusport.fr\/blog\/jo-tokyo-2020-gymnastique-simone-biles-forfait-pour-le-concours-general-individuel\/#article\",\"isPartOf\":{\"@id\":\"https:\/\/dicodusport.fr\/blog\/jo-tokyo-2020-gymnastique-simone-biles-forfait-pour-le-concours-general-individuel\/\"},\"author\":{\"name\":\"Nicolas Jacquemard\",\"@id\":\"https:\/\/dicodusport.fr\/blog\/#\/schema\/person\/55dcb50ad410894e431ed812bbb70191\"},\"headline\":\"JO Tokyo 2020 &#8211; Gymnastique : Simone Biles forfait pour le concours g\u00e9n\u00e9ral individuel\",\"datePublished\":\"2021-07-28T07:55:07+00:00\",\"mainEntityOfPage\":{\"@id\":\"https:\/\/dicodusport.fr\/blog\/jo-tokyo-2020-gymnastique-simone-biles-forfait-pour-le-concours-general-individuel\/\"},\"wordCount\":230,\"commentCount\":0,\"publisher\":{\"@id\":\"https:\/\/dicodusport.fr\/blog\/#organization\"},\"image\":{\"@id\":\"https:\/\/dicodusport.fr\/blog\/jo-tokyo-2020-gymnastique-simone-biles-forfait-pour-le-concours-general-individuel\/#primaryimage\"},\"thumbnailUrl\":\"https:\/\/dicodusport.fr\/blog\/wp-content\/uploads\/2021\/07\/Simone-Biles-forfait-pour-le-concours-ge\u0301ne\u0301ral-individuel.png\",\"keywords\":[\"Jeux Olympiques de Tokyo\",\"Simone Biles\"],\"articleSection\":[\"Gymnastique\",\"JO Tokyo 2020\"],\"inLanguage\":\"fr-FR\",\"potentialAction\":[{\"@type\":\"CommentAction\",\"name\":\"Comment\",\"target\":[\"https:\/\/dicodusport.fr\/blog\/jo-tokyo-2020-gymnastique-simone-biles-forfait-pour-le-concours-general-individuel\/#respond\"]}],\"copyrightYear\":\"2021\",\"copyrightHolder\":{\"@id\":\"https:\/\/dicodusport.fr\/blog\/#organization\"}},{\"@type\":\"WebPage\",\"@id\":\"https:\/\/dicodusport.fr\/blog\/jo-tokyo-2020-gymnastique-simone-biles-forfait-pour-le-concours-general-individuel\/\",\"url\":\"https:\/\/dicodusport.fr\/blog\/jo-tokyo-2020-gymnastique-simone-biles-forfait-pour-le-concours-general-individuel\/\",\"name\":\"JO Tokyo 2020 - Gymnastique : Simone Biles forfait pour le concours g\u00e9n\u00e9ral individuel\",\"isPartOf\":{\"@id\":\"https:\/\/dicodusport.fr\/blog\/#website\"},\"primaryImageOfPage\":{\"@id\":\"https:\/\/dicodusport.fr\/blog\/jo-tokyo-2020-gymnastique-simone-biles-forfait-pour-le-concours-general-individuel\/#primaryimage\"},\"image\":{\"@id\":\"https:\/\/dicodusport.fr\/blog\/jo-tokyo-2020-gymnastique-simone-biles-forfait-pour-le-concours-general-individuel\/#primaryimage\"},\"thumbnailUrl\":\"https:\/\/dicodusport.fr\/blog\/wp-content\/uploads\/2021\/07\/Simone-Biles-forfait-pour-le-concours-ge\u0301ne\u0301ral-individuel.png\",\"datePublished\":\"2021-07-28T07:55:07+00:00\",\"description\":\"JO TOKYO 2020 - GYMNASTIQUE ARTISTIQUE - Coup de tonnerre avec le forfait de la grandissime favorite, Simone Biles, pour le concours g\u00e9n\u00e9ral individuel des JO de Tokyo 2020.\",\"breadcrumb\":{\"@id\":\"https:\/\/dicodusport.fr\/blog\/jo-tokyo-2020-gymnastique-simone-biles-forfait-pour-le-concours-general-individuel\/#breadcrumb\"},\"inLanguage\":\"fr-FR\",\"potentialAction\":[{\"@type\":\"ReadAction\",\"target\":[\"https:\/\/dicodusport.fr\/blog\/jo-tokyo-2020-gymnastique-simone-biles-forfait-pour-le-concours-general-individuel\/\"]}]},{\"@type\":\"ImageObject\",\"inLanguage\":\"fr-FR\",\"@id\":\"https:\/\/dicodusport.fr\/blog\/jo-tokyo-2020-gymnastique-simone-biles-forfait-pour-le-concours-general-individuel\/#primaryimage\",\"url\":\"https:\/\/dicodusport.fr\/blog\/wp-content\/uploads\/2021\/07\/Simone-Biles-forfait-pour-le-concours-ge\u0301ne\u0301ral-individuel.png\",\"contentUrl\":\"https:\/\/dicodusport.fr\/blog\/wp-content\/uploads\/2021\/07\/Simone-Biles-forfait-pour-le-concours-ge\u0301ne\u0301ral-individuel.png\",\"width\":800,\"height\":445},{\"@type\":\"BreadcrumbList\",\"@id\":\"https:\/\/dicodusport.fr\/blog\/jo-tokyo-2020-gymnastique-simone-biles-forfait-pour-le-concours-general-individuel\/#breadcrumb\",\"itemListElement\":[{\"@type\":\"ListItem\",\"position\":1,\"name\":\"Accueil\",\"item\":\"https:\/\/dicodusport.fr\/blog\/\"},{\"@type\":\"ListItem\",\"position\":2,\"name\":\"JO Tokyo 2020 &#8211; Gymnastique : Simone Biles forfait pour le concours g\u00e9n\u00e9ral individuel\"}]},{\"@type\":\"WebSite\",\"@id\":\"https:\/\/dicodusport.fr\/blog\/#website\",\"url\":\"https:\/\/dicodusport.fr\/blog\/\",\"name\":\"Dicodusport\",\"description\":\"L&#039;encyclop\u00e9die de l&#039;actualit\u00e9 sportive\",\"publisher\":{\"@id\":\"https:\/\/dicodusport.fr\/blog\/#organization\"},\"potentialAction\":[{\"@type\":\"SearchAction\",\"target\":{\"@type\":\"EntryPoint\",\"urlTemplate\":\"https:\/\/dicodusport.fr\/blog\/?s={search_term_string}\"},\"query-input\":{\"@type\":\"PropertyValueSpecification\",\"valueRequired\":true,\"valueName\":\"search_term_string\"}}],\"inLanguage\":\"fr-FR\"},{\"@type\":\"NewsMediaOrganization\",\"@id\":\"https:\/\/dicodusport.fr\/blog\/#organization\",\"name\":\"Dicodusport\",\"url\":\"https:\/\/dicodusport.fr\/blog\/\",\"logo\":{\"@type\":\"ImageObject\",\"inLanguage\":\"fr-FR\",\"@id\":\"https:\/\/dicodusport.fr\/blog\/#\/schema\/logo\/image\/\",\"url\":\"https:\/\/dicodusport.fr\/blog\/wp-content\/uploads\/2020\/06\/cropped-LOGO-DICODUSPORT-2020-SANS-FOND-SANS-TEXTE.png\",\"contentUrl\":\"https:\/\/dicodusport.fr\/blog\/wp-content\/uploads\/2020\/06\/cropped-LOGO-DICODUSPORT-2020-SANS-FOND-SANS-TEXTE.png\",\"width\":512,\"height\":512,\"caption\":\"Dicodusport\"},\"image\":{\"@id\":\"https:\/\/dicodusport.fr\/blog\/#\/schema\/logo\/image\/\"},\"sameAs\":[\"https:\/\/www.facebook.com\/dicodusport\",\"https:\/\/x.com\/dicodusport\",\"https:\/\/www.instagram.com\/dicodusport\/\",\"https:\/\/www.youtube.com\/channel\/UC7V2KZ5sd3htJivAbA4ZG3w\"],\"description\":\"Dicodusport est l'encyclop\u00e9die de l'actualit\u00e9 sportive.\",\"email\":\"bonjour@dicodusport.fr\",\"legalName\":\"DICODUSPORT\",\"foundingDate\":\"2018-01-14\",\"vatID\":\"FR71834470973\",\"taxID\":\"83447097300043\",\"numberOfEmployees\":{\"@type\":\"QuantitativeValue\",\"minValue\":\"1\",\"maxValue\":\"10\"}},{\"@type\":\"Person\",\"@id\":\"https:\/\/dicodusport.fr\/blog\/#\/schema\/person\/55dcb50ad410894e431ed812bbb70191\",\"name\":\"Nicolas Jacquemard\",\"image\":{\"@type\":\"ImageObject\",\"inLanguage\":\"fr-FR\",\"@id\":\"https:\/\/dicodusport.fr\/blog\/#\/schema\/person\/image\/\",\"url\":\"https:\/\/dicodusport.fr\/blog\/wp-content\/uploads\/2021\/05\/Nicolas-Jacquemard-150x150.jpeg\",\"contentUrl\":\"https:\/\/dicodusport.fr\/blog\/wp-content\/uploads\/2021\/05\/Nicolas-Jacquemard-150x150.jpeg\",\"caption\":\"Nicolas Jacquemard\"},\"description\":\"Passionn\u00e9 de sport et entrepreneur depuis mes 18 ans, la cr\u00e9ation de Dicodusport m'a sembl\u00e9 \u00e9vidente pour participer \u00e0 la m\u00e9diatisation d'un plus grand nombre de sports. Le chemin est long mais avec une \u00e9quipe des plus motiv\u00e9es et les Jeux Olympiques de Paris 2024 en point de mire, nous y arriverons ! Journaliste dans le monde du sport depuis plus de 5 ans, je traite aussi bien de football, de rugby, de biathlon que de cyclisme.\",\"sameAs\":[\"https:\/\/www.facebook.com\/dicodusport\",\"https:\/\/x.com\/https:\/\/twitter.com\/Nico_Jacquemard\"],\"url\":\"https:\/\/dicodusport.fr\/blog\/author\/dicodusport\/\"}]}<\/script>\n<!-- \/ Yoast SEO Premium plugin. -->","yoast_head_json":{"title":"JO Tokyo 2020 - Gymnastique : Simone Biles forfait pour le concours g\u00e9n\u00e9ral individuel","description":"JO TOKYO 2020 - GYMNASTIQUE ARTISTIQUE - Coup de tonnerre avec le forfait de la grandissime favorite, Simone Biles, pour le concours g\u00e9n\u00e9ral individuel des JO de Tokyo 2020.","robots":{"index":"index","follow":"follow","max-snippet":"max-snippet:-1","max-image-preview":"max-image-preview:large","max-video-preview":"max-video-preview:-1"},"canonical":"https:\/\/dicodusport.fr\/blog\/jo-tokyo-2020-gymnastique-simone-biles-forfait-pour-le-concours-general-individuel\/","og_locale":"fr_FR","og_type":"article","og_title":"JO Tokyo 2020 - Gymnastique : Simone Biles forfait pour le concours g\u00e9n\u00e9ral individuel","og_description":"JO TOKYO 2020 - GYMNASTIQUE ARTISTIQUE - Coup de tonnerre avec le forfait de la grandissime favorite, Simone Biles, pour le concours g\u00e9n\u00e9ral individuel des JO de Tokyo 2020.","og_url":"https:\/\/dicodusport.fr\/blog\/jo-tokyo-2020-gymnastique-simone-biles-forfait-pour-le-concours-general-individuel\/","og_site_name":"Dicodusport","article_publisher":"https:\/\/www.facebook.com\/dicodusport","article_author":"https:\/\/www.facebook.com\/dicodusport","article_published_time":"2021-07-28T07:55:07+00:00","og_image":[{"width":800,"height":445,"url":"https:\/\/dicodusport.fr\/blog\/wp-content\/uploads\/2021\/07\/Simone-Biles-forfait-pour-le-concours-ge\u0301ne\u0301ral-individuel.png","type":"image\/png"}],"author":"Nicolas Jacquemard","twitter_card":"summary_large_image","twitter_title":"JO Tokyo 2020 - Gymnastique : Simone Biles forfait pour le concours g\u00e9n\u00e9ral individuel","twitter_creator":"@https:\/\/twitter.com\/Nico_Jacquemard","twitter_site":"@dicodusport","schema":{"@context":"https:\/\/schema.org","@graph":[{"@type":"NewsArticle","@id":"https:\/\/dicodusport.fr\/blog\/jo-tokyo-2020-gymnastique-simone-biles-forfait-pour-le-concours-general-individuel\/#article","isPartOf":{"@id":"https:\/\/dicodusport.fr\/blog\/jo-tokyo-2020-gymnastique-simone-biles-forfait-pour-le-concours-general-individuel\/"},"author":{"name":"Nicolas Jacquemard","@id":"https:\/\/dicodusport.fr\/blog\/#\/schema\/person\/55dcb50ad410894e431ed812bbb70191"},"headline":"JO Tokyo 2020 &#8211; Gymnastique : Simone Biles forfait pour le concours g\u00e9n\u00e9ral individuel","datePublished":"2021-07-28T07:55:07+00:00","mainEntityOfPage":{"@id":"https:\/\/dicodusport.fr\/blog\/jo-tokyo-2020-gymnastique-simone-biles-forfait-pour-le-concours-general-individuel\/"},"wordCount":230,"commentCount":0,"publisher":{"@id":"https:\/\/dicodusport.fr\/blog\/#organization"},"image":{"@id":"https:\/\/dicodusport.fr\/blog\/jo-tokyo-2020-gymnastique-simone-biles-forfait-pour-le-concours-general-individuel\/#primaryimage"},"thumbnailUrl":"https:\/\/dicodusport.fr\/blog\/wp-content\/uploads\/2021\/07\/Simone-Biles-forfait-pour-le-concours-ge\u0301ne\u0301ral-individuel.png","keywords":["Jeux Olympiques de Tokyo","Simone Biles"],"articleSection":["Gymnastique","JO Tokyo 2020"],"inLanguage":"fr-FR","potentialAction":[{"@type":"CommentAction","name":"Comment","target":["https:\/\/dicodusport.fr\/blog\/jo-tokyo-2020-gymnastique-simone-biles-forfait-pour-le-concours-general-individuel\/#respond"]}],"copyrightYear":"2021","copyrightHolder":{"@id":"https:\/\/dicodusport.fr\/blog\/#organization"}},{"@type":"WebPage","@id":"https:\/\/dicodusport.fr\/blog\/jo-tokyo-2020-gymnastique-simone-biles-forfait-pour-le-concours-general-individuel\/","url":"https:\/\/dicodusport.fr\/blog\/jo-tokyo-2020-gymnastique-simone-biles-forfait-pour-le-concours-general-individuel\/","name":"JO Tokyo 2020 - Gymnastique : Simone Biles forfait pour le concours g\u00e9n\u00e9ral individuel","isPartOf":{"@id":"https:\/\/dicodusport.fr\/blog\/#website"},"primaryImageOfPage":{"@id":"https:\/\/dicodusport.fr\/blog\/jo-tokyo-2020-gymnastique-simone-biles-forfait-pour-le-concours-general-individuel\/#primaryimage"},"image":{"@id":"https:\/\/dicodusport.fr\/blog\/jo-tokyo-2020-gymnastique-simone-biles-forfait-pour-le-concours-general-individuel\/#primaryimage"},"thumbnailUrl":"https:\/\/dicodusport.fr\/blog\/wp-content\/uploads\/2021\/07\/Simone-Biles-forfait-pour-le-concours-ge\u0301ne\u0301ral-individuel.png","datePublished":"2021-07-28T07:55:07+00:00","description":"JO TOKYO 2020 - GYMNASTIQUE ARTISTIQUE - Coup de tonnerre avec le forfait de la grandissime favorite, Simone Biles, pour le concours g\u00e9n\u00e9ral individuel des JO de Tokyo 2020.","breadcrumb":{"@id":"https:\/\/dicodusport.fr\/blog\/jo-tokyo-2020-gymnastique-simone-biles-forfait-pour-le-concours-general-individuel\/#breadcrumb"},"inLanguage":"fr-FR","potentialAction":[{"@type":"ReadAction","target":["https:\/\/dicodusport.fr\/blog\/jo-tokyo-2020-gymnastique-simone-biles-forfait-pour-le-concours-general-individuel\/"]}]},{"@type":"ImageObject","inLanguage":"fr-FR","@id":"https:\/\/dicodusport.fr\/blog\/jo-tokyo-2020-gymnastique-simone-biles-forfait-pour-le-concours-general-individuel\/#primaryimage","url":"https:\/\/dicodusport.fr\/blog\/wp-content\/uploads\/2021\/07\/Simone-Biles-forfait-pour-le-concours-ge\u0301ne\u0301ral-individuel.png","contentUrl":"https:\/\/dicodusport.fr\/blog\/wp-content\/uploads\/2021\/07\/Simone-Biles-forfait-pour-le-concours-ge\u0301ne\u0301ral-individuel.png","width":800,"height":445},{"@type":"BreadcrumbList","@id":"https:\/\/dicodusport.fr\/blog\/jo-tokyo-2020-gymnastique-simone-biles-forfait-pour-le-concours-general-individuel\/#breadcrumb","itemListElement":[{"@type":"ListItem","position":1,"name":"Accueil","item":"https:\/\/dicodusport.fr\/blog\/"},{"@type":"ListItem","position":2,"name":"JO Tokyo 2020 &#8211; Gymnastique : Simone Biles forfait pour le concours g\u00e9n\u00e9ral individuel"}]},{"@type":"WebSite","@id":"https:\/\/dicodusport.fr\/blog\/#website","url":"https:\/\/dicodusport.fr\/blog\/","name":"Dicodusport","description":"L&#039;encyclop\u00e9die de l&#039;actualit\u00e9 sportive","publisher":{"@id":"https:\/\/dicodusport.fr\/blog\/#organization"},"potentialAction":[{"@type":"SearchAction","target":{"@type":"EntryPoint","urlTemplate":"https:\/\/dicodusport.fr\/blog\/?s={search_term_string}"},"query-input":{"@type":"PropertyValueSpecification","valueRequired":true,"valueName":"search_term_string"}}],"inLanguage":"fr-FR"},{"@type":"NewsMediaOrganization","@id":"https:\/\/dicodusport.fr\/blog\/#organization","name":"Dicodusport","url":"https:\/\/dicodusport.fr\/blog\/","logo":{"@type":"ImageObject","inLanguage":"fr-FR","@id":"https:\/\/dicodusport.fr\/blog\/#\/schema\/logo\/image\/","url":"https:\/\/dicodusport.fr\/blog\/wp-content\/uploads\/2020\/06\/cropped-LOGO-DICODUSPORT-2020-SANS-FOND-SANS-TEXTE.png","contentUrl":"https:\/\/dicodusport.fr\/blog\/wp-content\/uploads\/2020\/06\/cropped-LOGO-DICODUSPORT-2020-SANS-FOND-SANS-TEXTE.png","width":512,"height":512,"caption":"Dicodusport"},"image":{"@id":"https:\/\/dicodusport.fr\/blog\/#\/schema\/logo\/image\/"},"sameAs":["https:\/\/www.facebook.com\/dicodusport","https:\/\/x.com\/dicodusport","https:\/\/www.instagram.com\/dicodusport\/","https:\/\/www.youtube.com\/channel\/UC7V2KZ5sd3htJivAbA4ZG3w"],"description":"Dicodusport est l'encyclop\u00e9die de l'actualit\u00e9 sportive.","email":"bonjour@dicodusport.fr","legalName":"DICODUSPORT","foundingDate":"2018-01-14","vatID":"FR71834470973","taxID":"83447097300043","numberOfEmployees":{"@type":"QuantitativeValue","minValue":"1","maxValue":"10"}},{"@type":"Person","@id":"https:\/\/dicodusport.fr\/blog\/#\/schema\/person\/55dcb50ad410894e431ed812bbb70191","name":"Nicolas Jacquemard","image":{"@type":"ImageObject","inLanguage":"fr-FR","@id":"https:\/\/dicodusport.fr\/blog\/#\/schema\/person\/image\/","url":"https:\/\/dicodusport.fr\/blog\/wp-content\/uploads\/2021\/05\/Nicolas-Jacquemard-150x150.jpeg","contentUrl":"https:\/\/dicodusport.fr\/blog\/wp-content\/uploads\/2021\/05\/Nicolas-Jacquemard-150x150.jpeg","caption":"Nicolas Jacquemard"},"description":"Passionn\u00e9 de sport et entrepreneur depuis mes 18 ans, la cr\u00e9ation de Dicodusport m'a sembl\u00e9 \u00e9vidente pour participer \u00e0 la m\u00e9diatisation d'un plus grand nombre de sports. Le chemin est long mais avec une \u00e9quipe des plus motiv\u00e9es et les Jeux Olympiques de Paris 2024 en point de mire, nous y arriverons ! Journaliste dans le monde du sport depuis plus de 5 ans, je traite aussi bien de football, de rugby, de biathlon que de cyclisme.","sameAs":["https:\/\/www.facebook.com\/dicodusport","https:\/\/x.com\/https:\/\/twitter.com\/Nico_Jacquemard"],"url":"https:\/\/dicodusport.fr\/blog\/author\/dicodusport\/"}]}},"_links":{"self":[{"href":"https:\/\/dicodusport.fr\/blog\/wp-json\/wp\/v2\/posts\/151529","targetHints":{"allow":["GET"]}}],"collection":[{"href":"https:\/\/dicodusport.fr\/blog\/wp-json\/wp\/v2\/posts"}],"about":[{"href":"https:\/\/dicodusport.fr\/blog\/wp-json\/wp\/v2\/types\/post"}],"author":[{"embeddable":true,"href":"https:\/\/dicodusport.fr\/blog\/wp-json\/wp\/v2\/users\/1"}],"replies":[{"embeddable":true,"href":"https:\/\/dicodusport.fr\/blog\/wp-json\/wp\/v2\/comments?post=151529"}],"version-history":[{"count":0,"href":"https:\/\/dicodusport.fr\/blog\/wp-json\/wp\/v2\/posts\/151529\/revisions"}],"wp:featuredmedia":[{"embeddable":true,"href":"https:\/\/dicodusport.fr\/blog\/wp-json\/wp\/v2\/media\/151541"}],"wp:attachment":[{"href":"https:\/\/dicodusport.fr\/blog\/wp-json\/wp\/v2\/media?parent=151529"}],"wp:term":[{"taxonomy":"category","embeddable":true,"href":"https:\/\/dicodusport.fr\/blog\/wp-json\/wp\/v2\/categories?post=151529"},{"taxonomy":"post_tag","embeddable":true,"href":"https:\/\/dicodusport.fr\/blog\/wp-json\/wp\/v2\/tags?post=151529"}],"curies":[{"name":"wp","href":"https:\/\/api.w.org\/{rel}","templated":true}]}}