{"id":151862,"date":"2021-07-28T21:10:33","date_gmt":"2021-07-28T19:10:33","guid":{"rendered":"https:\/\/dicodusport.fr\/blog\/?p=151862&#038;preview=true&#038;preview_id=151862"},"modified":"2021-07-28T21:10:33","modified_gmt":"2021-07-28T19:10:33","slug":"malgre-la-deroute-noel-le-graet-confirme-sylvain-ripoll-a-la-tete-des-espoirs","status":"publish","type":"post","link":"https:\/\/dicodusport.fr\/blog\/malgre-la-deroute-noel-le-graet-confirme-sylvain-ripoll-a-la-tete-des-espoirs\/","title":{"rendered":"Malgr\u00e9 la d\u00e9route, No\u00ebl Le Gra\u00ebt confirme Sylvain Ripoll \u00e0 la t\u00eate des Espoirs"},"content":{"rendered":"<p style=\"text-align: justify;\"><strong><em>JO TOKYO 2020 &#8211; FOOTBALL &#8211; Malgr\u00e9 l&rsquo;\u00e9limination d\u00e8s le premier tour aux Jeux Olympiques, No\u00ebl Le Gra\u00ebt a confort\u00e9 Sylvain Ripoll \u00e0 la t\u00eate de l&rsquo;\u00e9quipe espoirs.\u00a0<\/em><\/strong><\/p>\n<p style=\"text-align: justify;\">Il est vrai que les joueurs \u00e0 disposition n&rsquo;\u00e9taient pas les meilleurs sur le papier. Mais de l\u00e0 \u00e0 sombrer face au Mexique et au Japon, il y a un monde. <strong>Sylvain Ripoll<\/strong> avait d\u00e9j\u00e0 connu une \u00e9limination pr\u00e9coce avec les Espoirs lors de l&rsquo;Euro, et il y a donc les JO qui ont tourn\u00e9 court. Mais pas de probl\u00e8me pour le Pr\u00e9sident de la F\u00e9d\u00e9ration Fran\u00e7aise de Football. <strong>No\u00ebl Le Gra\u00ebt<\/strong> a en effet confort\u00e9 Sylvain Ripoll dans son r\u00f4le \u00e0 nos confr\u00e8res du Parisien.<\/p>\n<blockquote>\n<p style=\"text-align: justify;\">Il est certain qu\u2019il n\u2019a pas eu la t\u00e2che facile. Partir pour un stage de deux ou trois jours, jouer les amicaux puis se lancer dans le bain avec une \u00e9quipe de derni\u00e8re minute\u2026 C\u2019\u00e9tait perdu d\u2019avance. Je vais le rencontrer amicalement \u00e0 son retour mais la priorit\u00e9 c\u2019est la Fifa. S&rsquo;il sera encore \u00e0 la t\u00eate de l&rsquo;\u00e9quipe de France Espoirs ? Bien s\u00fbr il n\u2019y a aucun probl\u00e8me, r\u00e9pond le pr\u00e9sident de la FFF. Si on gagnait tous nos matchs, tout le temps, ce serait trop facile. Il peut arriver qu\u2019on gagne, parfois qu\u2019on perde. On n\u2019avait plus \u00e9t\u00e9 qualifi\u00e9 pour les Jeux depuis 1996, malheureusement il n\u2019a pas \u00e9t\u00e9 possible pour nous d\u2019aller plus loin.<\/p>\n<\/blockquote>\n<blockquote class=\"twitter-tweet\">\n<p dir=\"ltr\" lang=\"fr\">&#x1f534; No\u00ebl Le Gra\u00ebt conforte Sylvain Ripoll \u00e0 la t\u00eate des Espoirs, malgr\u00e9 le fiasco olympique.<\/p>\n<p>&#x1f5e3;&#xfe0f;&#x1f4ac; \u00ab\u00a0Il est certain qu\u2019il n\u2019a pas eu la t\u00e2che facile (&#8230;) C\u2019\u00e9tait perdu d\u2019avance.\u00a0\u00bb<\/p>\n<p>\u2014 RMC Sport (@RMCsport) <a href=\"https:\/\/twitter.com\/RMCsport\/status\/1420413907693355020?ref_src=twsrc%5Etfw\">July 28, 2021<\/a><\/p><\/blockquote>\n<p><script async src=\"https:\/\/platform.twitter.com\/widgets.js\" charset=\"utf-8\"><\/script><\/p>\n<h2 style=\"text-align: justify;\">\u00c0 lire aussi<\/h2>\n<ul>\n<li style=\"text-align: justify;\"><a href=\"https:\/\/dicodusport.fr\/blog\/toute-l-actualite-des-jeux-olympiques-de-tokyo-2020\/\"><strong>Toute l&rsquo;actualit\u00e9 des Jeux Olympiques de Tokyo<\/strong><\/a><\/li>\n<li style=\"text-align: justify;\"><a href=\"https:\/\/dicodusport.fr\/blog\/jeux-olympiques-tokyo-2020-le-tableau-des-medailles\/\"><strong>Le tableau des m\u00e9dailles<\/strong><\/a><\/li>\n<\/ul>\n","protected":false},"excerpt":{"rendered":"<p>JO TOKYO 2020 &#8211; FOOTBALL &#8211; Malgr\u00e9 l&rsquo;\u00e9limination d\u00e8s le premier tour aux Jeux Olympiques, No\u00ebl Le Gra\u00ebt a confort\u00e9 Sylvain Ripoll \u00e0 la t\u00eate de l&rsquo;\u00e9quipe espoirs.\u00a0<\/p>\n","protected":false},"author":1,"featured_media":151864,"comment_status":"open","ping_status":"closed","sticky":false,"template":"","format":"standard","meta":{"_acf_changed":false,"_daextam_enable_autolinks":"","footnotes":""},"categories":[2301,8433],"tags":[75,30,9915,9607],"class_list":["post-151862","post","type-post","status-publish","format-standard","has-post-thumbnail","hentry","category-football","category-jo-tokyo-2020","tag-football","tag-france","tag-jeux-olympiques-de-tokyo","tag-noel-le-graet"],"acf":[],"yoast_head":"<!-- This site is optimized with the Yoast SEO Premium plugin v26.7 (Yoast SEO v26.7) - https:\/\/yoast.com\/wordpress\/plugins\/seo\/ -->\n<title>Malgr\u00e9 la d\u00e9route, No\u00ebl Le Gra\u00ebt confirme Sylvain Ripoll \u00e0 la t\u00eate des Espoirs<\/title>\n<meta name=\"description\" content=\"JO TOKYO 2020 - FOOTBALL - Malgr\u00e9 l&#039;\u00e9limination d\u00e8s le premier tour aux Jeux Olympiques, No\u00ebl Le Gra\u00ebt a confort\u00e9 Sylvain Ripoll \u00e0 la t\u00eate de l&#039;\u00e9quipe espoirs.\u00a0\" \/>\n<meta name=\"robots\" content=\"index, follow, max-snippet:-1, max-image-preview:large, max-video-preview:-1\" \/>\n<link rel=\"canonical\" href=\"https:\/\/dicodusport.fr\/blog\/malgre-la-deroute-noel-le-graet-confirme-sylvain-ripoll-a-la-tete-des-espoirs\/\" \/>\n<meta property=\"og:locale\" content=\"fr_FR\" \/>\n<meta property=\"og:type\" content=\"article\" \/>\n<meta property=\"og:title\" content=\"Malgr\u00e9 la d\u00e9route, No\u00ebl Le Gra\u00ebt confirme Sylvain Ripoll \u00e0 la t\u00eate des Espoirs\" \/>\n<meta property=\"og:description\" content=\"JO TOKYO 2020 - FOOTBALL - Malgr\u00e9 l&#039;\u00e9limination d\u00e8s le premier tour aux Jeux Olympiques, No\u00ebl Le Gra\u00ebt a confort\u00e9 Sylvain Ripoll \u00e0 la t\u00eate de l&#039;\u00e9quipe espoirs.\u00a0\" \/>\n<meta property=\"og:url\" content=\"https:\/\/dicodusport.fr\/blog\/malgre-la-deroute-noel-le-graet-confirme-sylvain-ripoll-a-la-tete-des-espoirs\/\" \/>\n<meta property=\"og:site_name\" content=\"Dicodusport\" \/>\n<meta property=\"article:publisher\" content=\"https:\/\/www.facebook.com\/dicodusport\" \/>\n<meta property=\"article:author\" content=\"https:\/\/www.facebook.com\/dicodusport\" \/>\n<meta property=\"article:published_time\" content=\"2021-07-28T19:10:33+00:00\" \/>\n<meta property=\"og:image\" content=\"https:\/\/dicodusport.fr\/blog\/wp-content\/uploads\/2021\/07\/Tour-de-Malgre\u0301-la-de\u0301route-Noe\u0308l-Le-Grae\u0308t-confirme-Sylvain-Ripoll-a\u0300-la-te\u0302te-des-Espoirs-2021-la-liste-des-engage\u0301s.png\" \/>\n\t<meta property=\"og:image:width\" content=\"800\" \/>\n\t<meta property=\"og:image:height\" content=\"445\" \/>\n\t<meta property=\"og:image:type\" content=\"image\/png\" \/>\n<meta name=\"author\" content=\"Nicolas Jacquemard\" \/>\n<meta name=\"twitter:card\" content=\"summary_large_image\" \/>\n<meta name=\"twitter:title\" content=\"Malgr\u00e9 la d\u00e9route, No\u00ebl Le Gra\u00ebt confirme Sylvain Ripoll \u00e0 la t\u00eate des Espoirs\" \/>\n<meta name=\"twitter:creator\" content=\"@https:\/\/twitter.com\/Nico_Jacquemard\" \/>\n<meta name=\"twitter:site\" content=\"@dicodusport\" \/>\n<script type=\"application\/ld+json\" class=\"yoast-schema-graph\">{\"@context\":\"https:\/\/schema.org\",\"@graph\":[{\"@type\":\"NewsArticle\",\"@id\":\"https:\/\/dicodusport.fr\/blog\/malgre-la-deroute-noel-le-graet-confirme-sylvain-ripoll-a-la-tete-des-espoirs\/#article\",\"isPartOf\":{\"@id\":\"https:\/\/dicodusport.fr\/blog\/malgre-la-deroute-noel-le-graet-confirme-sylvain-ripoll-a-la-tete-des-espoirs\/\"},\"author\":{\"name\":\"Nicolas Jacquemard\",\"@id\":\"https:\/\/dicodusport.fr\/blog\/#\/schema\/person\/55dcb50ad410894e431ed812bbb70191\"},\"headline\":\"Malgr\u00e9 la d\u00e9route, No\u00ebl Le Gra\u00ebt confirme Sylvain Ripoll \u00e0 la t\u00eate des Espoirs\",\"datePublished\":\"2021-07-28T19:10:33+00:00\",\"mainEntityOfPage\":{\"@id\":\"https:\/\/dicodusport.fr\/blog\/malgre-la-deroute-noel-le-graet-confirme-sylvain-ripoll-a-la-tete-des-espoirs\/\"},\"wordCount\":343,\"commentCount\":0,\"publisher\":{\"@id\":\"https:\/\/dicodusport.fr\/blog\/#organization\"},\"image\":{\"@id\":\"https:\/\/dicodusport.fr\/blog\/malgre-la-deroute-noel-le-graet-confirme-sylvain-ripoll-a-la-tete-des-espoirs\/#primaryimage\"},\"thumbnailUrl\":\"https:\/\/dicodusport.fr\/blog\/wp-content\/uploads\/2021\/07\/Tour-de-Malgre\u0301-la-de\u0301route-Noe\u0308l-Le-Grae\u0308t-confirme-Sylvain-Ripoll-a\u0300-la-te\u0302te-des-Espoirs-2021-la-liste-des-engage\u0301s.png\",\"keywords\":[\"Football\",\"France\",\"Jeux Olympiques de Tokyo\",\"No\u00ebl Le Gra\u00ebt\"],\"articleSection\":[\"Football\",\"JO Tokyo 2020\"],\"inLanguage\":\"fr-FR\",\"potentialAction\":[{\"@type\":\"CommentAction\",\"name\":\"Comment\",\"target\":[\"https:\/\/dicodusport.fr\/blog\/malgre-la-deroute-noel-le-graet-confirme-sylvain-ripoll-a-la-tete-des-espoirs\/#respond\"]}],\"copyrightYear\":\"2021\",\"copyrightHolder\":{\"@id\":\"https:\/\/dicodusport.fr\/blog\/#organization\"}},{\"@type\":\"WebPage\",\"@id\":\"https:\/\/dicodusport.fr\/blog\/malgre-la-deroute-noel-le-graet-confirme-sylvain-ripoll-a-la-tete-des-espoirs\/\",\"url\":\"https:\/\/dicodusport.fr\/blog\/malgre-la-deroute-noel-le-graet-confirme-sylvain-ripoll-a-la-tete-des-espoirs\/\",\"name\":\"Malgr\u00e9 la d\u00e9route, No\u00ebl Le Gra\u00ebt confirme Sylvain Ripoll \u00e0 la t\u00eate des Espoirs\",\"isPartOf\":{\"@id\":\"https:\/\/dicodusport.fr\/blog\/#website\"},\"primaryImageOfPage\":{\"@id\":\"https:\/\/dicodusport.fr\/blog\/malgre-la-deroute-noel-le-graet-confirme-sylvain-ripoll-a-la-tete-des-espoirs\/#primaryimage\"},\"image\":{\"@id\":\"https:\/\/dicodusport.fr\/blog\/malgre-la-deroute-noel-le-graet-confirme-sylvain-ripoll-a-la-tete-des-espoirs\/#primaryimage\"},\"thumbnailUrl\":\"https:\/\/dicodusport.fr\/blog\/wp-content\/uploads\/2021\/07\/Tour-de-Malgre\u0301-la-de\u0301route-Noe\u0308l-Le-Grae\u0308t-confirme-Sylvain-Ripoll-a\u0300-la-te\u0302te-des-Espoirs-2021-la-liste-des-engage\u0301s.png\",\"datePublished\":\"2021-07-28T19:10:33+00:00\",\"description\":\"JO TOKYO 2020 - FOOTBALL - Malgr\u00e9 l'\u00e9limination d\u00e8s le premier tour aux Jeux Olympiques, No\u00ebl Le Gra\u00ebt a confort\u00e9 Sylvain Ripoll \u00e0 la t\u00eate de l'\u00e9quipe espoirs.\u00a0\",\"breadcrumb\":{\"@id\":\"https:\/\/dicodusport.fr\/blog\/malgre-la-deroute-noel-le-graet-confirme-sylvain-ripoll-a-la-tete-des-espoirs\/#breadcrumb\"},\"inLanguage\":\"fr-FR\",\"potentialAction\":[{\"@type\":\"ReadAction\",\"target\":[\"https:\/\/dicodusport.fr\/blog\/malgre-la-deroute-noel-le-graet-confirme-sylvain-ripoll-a-la-tete-des-espoirs\/\"]}]},{\"@type\":\"ImageObject\",\"inLanguage\":\"fr-FR\",\"@id\":\"https:\/\/dicodusport.fr\/blog\/malgre-la-deroute-noel-le-graet-confirme-sylvain-ripoll-a-la-tete-des-espoirs\/#primaryimage\",\"url\":\"https:\/\/dicodusport.fr\/blog\/wp-content\/uploads\/2021\/07\/Tour-de-Malgre\u0301-la-de\u0301route-Noe\u0308l-Le-Grae\u0308t-confirme-Sylvain-Ripoll-a\u0300-la-te\u0302te-des-Espoirs-2021-la-liste-des-engage\u0301s.png\",\"contentUrl\":\"https:\/\/dicodusport.fr\/blog\/wp-content\/uploads\/2021\/07\/Tour-de-Malgre\u0301-la-de\u0301route-Noe\u0308l-Le-Grae\u0308t-confirme-Sylvain-Ripoll-a\u0300-la-te\u0302te-des-Espoirs-2021-la-liste-des-engage\u0301s.png\",\"width\":800,\"height\":445},{\"@type\":\"BreadcrumbList\",\"@id\":\"https:\/\/dicodusport.fr\/blog\/malgre-la-deroute-noel-le-graet-confirme-sylvain-ripoll-a-la-tete-des-espoirs\/#breadcrumb\",\"itemListElement\":[{\"@type\":\"ListItem\",\"position\":1,\"name\":\"Accueil\",\"item\":\"https:\/\/dicodusport.fr\/blog\/\"},{\"@type\":\"ListItem\",\"position\":2,\"name\":\"Malgr\u00e9 la d\u00e9route, No\u00ebl Le Gra\u00ebt confirme Sylvain Ripoll \u00e0 la t\u00eate des Espoirs\"}]},{\"@type\":\"WebSite\",\"@id\":\"https:\/\/dicodusport.fr\/blog\/#website\",\"url\":\"https:\/\/dicodusport.fr\/blog\/\",\"name\":\"Dicodusport\",\"description\":\"L&#039;encyclop\u00e9die de l&#039;actualit\u00e9 sportive\",\"publisher\":{\"@id\":\"https:\/\/dicodusport.fr\/blog\/#organization\"},\"potentialAction\":[{\"@type\":\"SearchAction\",\"target\":{\"@type\":\"EntryPoint\",\"urlTemplate\":\"https:\/\/dicodusport.fr\/blog\/?s={search_term_string}\"},\"query-input\":{\"@type\":\"PropertyValueSpecification\",\"valueRequired\":true,\"valueName\":\"search_term_string\"}}],\"inLanguage\":\"fr-FR\"},{\"@type\":\"NewsMediaOrganization\",\"@id\":\"https:\/\/dicodusport.fr\/blog\/#organization\",\"name\":\"Dicodusport\",\"url\":\"https:\/\/dicodusport.fr\/blog\/\",\"logo\":{\"@type\":\"ImageObject\",\"inLanguage\":\"fr-FR\",\"@id\":\"https:\/\/dicodusport.fr\/blog\/#\/schema\/logo\/image\/\",\"url\":\"https:\/\/dicodusport.fr\/blog\/wp-content\/uploads\/2020\/06\/cropped-LOGO-DICODUSPORT-2020-SANS-FOND-SANS-TEXTE.png\",\"contentUrl\":\"https:\/\/dicodusport.fr\/blog\/wp-content\/uploads\/2020\/06\/cropped-LOGO-DICODUSPORT-2020-SANS-FOND-SANS-TEXTE.png\",\"width\":512,\"height\":512,\"caption\":\"Dicodusport\"},\"image\":{\"@id\":\"https:\/\/dicodusport.fr\/blog\/#\/schema\/logo\/image\/\"},\"sameAs\":[\"https:\/\/www.facebook.com\/dicodusport\",\"https:\/\/x.com\/dicodusport\",\"https:\/\/www.instagram.com\/dicodusport\/\",\"https:\/\/www.youtube.com\/channel\/UC7V2KZ5sd3htJivAbA4ZG3w\"],\"description\":\"Dicodusport est l'encyclop\u00e9die de l'actualit\u00e9 sportive.\",\"email\":\"bonjour@dicodusport.fr\",\"legalName\":\"DICODUSPORT\",\"foundingDate\":\"2018-01-14\",\"vatID\":\"FR71834470973\",\"taxID\":\"83447097300043\",\"numberOfEmployees\":{\"@type\":\"QuantitativeValue\",\"minValue\":\"1\",\"maxValue\":\"10\"}},{\"@type\":\"Person\",\"@id\":\"https:\/\/dicodusport.fr\/blog\/#\/schema\/person\/55dcb50ad410894e431ed812bbb70191\",\"name\":\"Nicolas Jacquemard\",\"image\":{\"@type\":\"ImageObject\",\"inLanguage\":\"fr-FR\",\"@id\":\"https:\/\/dicodusport.fr\/blog\/#\/schema\/person\/image\/\",\"url\":\"https:\/\/dicodusport.fr\/blog\/wp-content\/uploads\/2021\/05\/Nicolas-Jacquemard-150x150.jpeg\",\"contentUrl\":\"https:\/\/dicodusport.fr\/blog\/wp-content\/uploads\/2021\/05\/Nicolas-Jacquemard-150x150.jpeg\",\"caption\":\"Nicolas Jacquemard\"},\"description\":\"Passionn\u00e9 de sport et entrepreneur depuis mes 18 ans, la cr\u00e9ation de Dicodusport m'a sembl\u00e9 \u00e9vidente pour participer \u00e0 la m\u00e9diatisation d'un plus grand nombre de sports. Le chemin est long mais avec une \u00e9quipe des plus motiv\u00e9es et les Jeux Olympiques de Paris 2024 en point de mire, nous y arriverons ! Journaliste dans le monde du sport depuis plus de 5 ans, je traite aussi bien de football, de rugby, de biathlon que de cyclisme.\",\"sameAs\":[\"https:\/\/www.facebook.com\/dicodusport\",\"https:\/\/x.com\/https:\/\/twitter.com\/Nico_Jacquemard\"],\"url\":\"https:\/\/dicodusport.fr\/blog\/author\/dicodusport\/\"}]}<\/script>\n<!-- \/ Yoast SEO Premium plugin. -->","yoast_head_json":{"title":"Malgr\u00e9 la d\u00e9route, No\u00ebl Le Gra\u00ebt confirme Sylvain Ripoll \u00e0 la t\u00eate des Espoirs","description":"JO TOKYO 2020 - FOOTBALL - Malgr\u00e9 l'\u00e9limination d\u00e8s le premier tour aux Jeux Olympiques, No\u00ebl Le Gra\u00ebt a confort\u00e9 Sylvain Ripoll \u00e0 la t\u00eate de l'\u00e9quipe espoirs.\u00a0","robots":{"index":"index","follow":"follow","max-snippet":"max-snippet:-1","max-image-preview":"max-image-preview:large","max-video-preview":"max-video-preview:-1"},"canonical":"https:\/\/dicodusport.fr\/blog\/malgre-la-deroute-noel-le-graet-confirme-sylvain-ripoll-a-la-tete-des-espoirs\/","og_locale":"fr_FR","og_type":"article","og_title":"Malgr\u00e9 la d\u00e9route, No\u00ebl Le Gra\u00ebt confirme Sylvain Ripoll \u00e0 la t\u00eate des Espoirs","og_description":"JO TOKYO 2020 - FOOTBALL - Malgr\u00e9 l'\u00e9limination d\u00e8s le premier tour aux Jeux Olympiques, No\u00ebl Le Gra\u00ebt a confort\u00e9 Sylvain Ripoll \u00e0 la t\u00eate de l'\u00e9quipe espoirs.\u00a0","og_url":"https:\/\/dicodusport.fr\/blog\/malgre-la-deroute-noel-le-graet-confirme-sylvain-ripoll-a-la-tete-des-espoirs\/","og_site_name":"Dicodusport","article_publisher":"https:\/\/www.facebook.com\/dicodusport","article_author":"https:\/\/www.facebook.com\/dicodusport","article_published_time":"2021-07-28T19:10:33+00:00","og_image":[{"width":800,"height":445,"url":"https:\/\/dicodusport.fr\/blog\/wp-content\/uploads\/2021\/07\/Tour-de-Malgre\u0301-la-de\u0301route-Noe\u0308l-Le-Grae\u0308t-confirme-Sylvain-Ripoll-a\u0300-la-te\u0302te-des-Espoirs-2021-la-liste-des-engage\u0301s.png","type":"image\/png"}],"author":"Nicolas Jacquemard","twitter_card":"summary_large_image","twitter_title":"Malgr\u00e9 la d\u00e9route, No\u00ebl Le Gra\u00ebt confirme Sylvain Ripoll \u00e0 la t\u00eate des Espoirs","twitter_creator":"@https:\/\/twitter.com\/Nico_Jacquemard","twitter_site":"@dicodusport","schema":{"@context":"https:\/\/schema.org","@graph":[{"@type":"NewsArticle","@id":"https:\/\/dicodusport.fr\/blog\/malgre-la-deroute-noel-le-graet-confirme-sylvain-ripoll-a-la-tete-des-espoirs\/#article","isPartOf":{"@id":"https:\/\/dicodusport.fr\/blog\/malgre-la-deroute-noel-le-graet-confirme-sylvain-ripoll-a-la-tete-des-espoirs\/"},"author":{"name":"Nicolas Jacquemard","@id":"https:\/\/dicodusport.fr\/blog\/#\/schema\/person\/55dcb50ad410894e431ed812bbb70191"},"headline":"Malgr\u00e9 la d\u00e9route, No\u00ebl Le Gra\u00ebt confirme Sylvain Ripoll \u00e0 la t\u00eate des Espoirs","datePublished":"2021-07-28T19:10:33+00:00","mainEntityOfPage":{"@id":"https:\/\/dicodusport.fr\/blog\/malgre-la-deroute-noel-le-graet-confirme-sylvain-ripoll-a-la-tete-des-espoirs\/"},"wordCount":343,"commentCount":0,"publisher":{"@id":"https:\/\/dicodusport.fr\/blog\/#organization"},"image":{"@id":"https:\/\/dicodusport.fr\/blog\/malgre-la-deroute-noel-le-graet-confirme-sylvain-ripoll-a-la-tete-des-espoirs\/#primaryimage"},"thumbnailUrl":"https:\/\/dicodusport.fr\/blog\/wp-content\/uploads\/2021\/07\/Tour-de-Malgre\u0301-la-de\u0301route-Noe\u0308l-Le-Grae\u0308t-confirme-Sylvain-Ripoll-a\u0300-la-te\u0302te-des-Espoirs-2021-la-liste-des-engage\u0301s.png","keywords":["Football","France","Jeux Olympiques de Tokyo","No\u00ebl Le Gra\u00ebt"],"articleSection":["Football","JO Tokyo 2020"],"inLanguage":"fr-FR","potentialAction":[{"@type":"CommentAction","name":"Comment","target":["https:\/\/dicodusport.fr\/blog\/malgre-la-deroute-noel-le-graet-confirme-sylvain-ripoll-a-la-tete-des-espoirs\/#respond"]}],"copyrightYear":"2021","copyrightHolder":{"@id":"https:\/\/dicodusport.fr\/blog\/#organization"}},{"@type":"WebPage","@id":"https:\/\/dicodusport.fr\/blog\/malgre-la-deroute-noel-le-graet-confirme-sylvain-ripoll-a-la-tete-des-espoirs\/","url":"https:\/\/dicodusport.fr\/blog\/malgre-la-deroute-noel-le-graet-confirme-sylvain-ripoll-a-la-tete-des-espoirs\/","name":"Malgr\u00e9 la d\u00e9route, No\u00ebl Le Gra\u00ebt confirme Sylvain Ripoll \u00e0 la t\u00eate des Espoirs","isPartOf":{"@id":"https:\/\/dicodusport.fr\/blog\/#website"},"primaryImageOfPage":{"@id":"https:\/\/dicodusport.fr\/blog\/malgre-la-deroute-noel-le-graet-confirme-sylvain-ripoll-a-la-tete-des-espoirs\/#primaryimage"},"image":{"@id":"https:\/\/dicodusport.fr\/blog\/malgre-la-deroute-noel-le-graet-confirme-sylvain-ripoll-a-la-tete-des-espoirs\/#primaryimage"},"thumbnailUrl":"https:\/\/dicodusport.fr\/blog\/wp-content\/uploads\/2021\/07\/Tour-de-Malgre\u0301-la-de\u0301route-Noe\u0308l-Le-Grae\u0308t-confirme-Sylvain-Ripoll-a\u0300-la-te\u0302te-des-Espoirs-2021-la-liste-des-engage\u0301s.png","datePublished":"2021-07-28T19:10:33+00:00","description":"JO TOKYO 2020 - FOOTBALL - Malgr\u00e9 l'\u00e9limination d\u00e8s le premier tour aux Jeux Olympiques, No\u00ebl Le Gra\u00ebt a confort\u00e9 Sylvain Ripoll \u00e0 la t\u00eate de l'\u00e9quipe espoirs.\u00a0","breadcrumb":{"@id":"https:\/\/dicodusport.fr\/blog\/malgre-la-deroute-noel-le-graet-confirme-sylvain-ripoll-a-la-tete-des-espoirs\/#breadcrumb"},"inLanguage":"fr-FR","potentialAction":[{"@type":"ReadAction","target":["https:\/\/dicodusport.fr\/blog\/malgre-la-deroute-noel-le-graet-confirme-sylvain-ripoll-a-la-tete-des-espoirs\/"]}]},{"@type":"ImageObject","inLanguage":"fr-FR","@id":"https:\/\/dicodusport.fr\/blog\/malgre-la-deroute-noel-le-graet-confirme-sylvain-ripoll-a-la-tete-des-espoirs\/#primaryimage","url":"https:\/\/dicodusport.fr\/blog\/wp-content\/uploads\/2021\/07\/Tour-de-Malgre\u0301-la-de\u0301route-Noe\u0308l-Le-Grae\u0308t-confirme-Sylvain-Ripoll-a\u0300-la-te\u0302te-des-Espoirs-2021-la-liste-des-engage\u0301s.png","contentUrl":"https:\/\/dicodusport.fr\/blog\/wp-content\/uploads\/2021\/07\/Tour-de-Malgre\u0301-la-de\u0301route-Noe\u0308l-Le-Grae\u0308t-confirme-Sylvain-Ripoll-a\u0300-la-te\u0302te-des-Espoirs-2021-la-liste-des-engage\u0301s.png","width":800,"height":445},{"@type":"BreadcrumbList","@id":"https:\/\/dicodusport.fr\/blog\/malgre-la-deroute-noel-le-graet-confirme-sylvain-ripoll-a-la-tete-des-espoirs\/#breadcrumb","itemListElement":[{"@type":"ListItem","position":1,"name":"Accueil","item":"https:\/\/dicodusport.fr\/blog\/"},{"@type":"ListItem","position":2,"name":"Malgr\u00e9 la d\u00e9route, No\u00ebl Le Gra\u00ebt confirme Sylvain Ripoll \u00e0 la t\u00eate des Espoirs"}]},{"@type":"WebSite","@id":"https:\/\/dicodusport.fr\/blog\/#website","url":"https:\/\/dicodusport.fr\/blog\/","name":"Dicodusport","description":"L&#039;encyclop\u00e9die de l&#039;actualit\u00e9 sportive","publisher":{"@id":"https:\/\/dicodusport.fr\/blog\/#organization"},"potentialAction":[{"@type":"SearchAction","target":{"@type":"EntryPoint","urlTemplate":"https:\/\/dicodusport.fr\/blog\/?s={search_term_string}"},"query-input":{"@type":"PropertyValueSpecification","valueRequired":true,"valueName":"search_term_string"}}],"inLanguage":"fr-FR"},{"@type":"NewsMediaOrganization","@id":"https:\/\/dicodusport.fr\/blog\/#organization","name":"Dicodusport","url":"https:\/\/dicodusport.fr\/blog\/","logo":{"@type":"ImageObject","inLanguage":"fr-FR","@id":"https:\/\/dicodusport.fr\/blog\/#\/schema\/logo\/image\/","url":"https:\/\/dicodusport.fr\/blog\/wp-content\/uploads\/2020\/06\/cropped-LOGO-DICODUSPORT-2020-SANS-FOND-SANS-TEXTE.png","contentUrl":"https:\/\/dicodusport.fr\/blog\/wp-content\/uploads\/2020\/06\/cropped-LOGO-DICODUSPORT-2020-SANS-FOND-SANS-TEXTE.png","width":512,"height":512,"caption":"Dicodusport"},"image":{"@id":"https:\/\/dicodusport.fr\/blog\/#\/schema\/logo\/image\/"},"sameAs":["https:\/\/www.facebook.com\/dicodusport","https:\/\/x.com\/dicodusport","https:\/\/www.instagram.com\/dicodusport\/","https:\/\/www.youtube.com\/channel\/UC7V2KZ5sd3htJivAbA4ZG3w"],"description":"Dicodusport est l'encyclop\u00e9die de l'actualit\u00e9 sportive.","email":"bonjour@dicodusport.fr","legalName":"DICODUSPORT","foundingDate":"2018-01-14","vatID":"FR71834470973","taxID":"83447097300043","numberOfEmployees":{"@type":"QuantitativeValue","minValue":"1","maxValue":"10"}},{"@type":"Person","@id":"https:\/\/dicodusport.fr\/blog\/#\/schema\/person\/55dcb50ad410894e431ed812bbb70191","name":"Nicolas Jacquemard","image":{"@type":"ImageObject","inLanguage":"fr-FR","@id":"https:\/\/dicodusport.fr\/blog\/#\/schema\/person\/image\/","url":"https:\/\/dicodusport.fr\/blog\/wp-content\/uploads\/2021\/05\/Nicolas-Jacquemard-150x150.jpeg","contentUrl":"https:\/\/dicodusport.fr\/blog\/wp-content\/uploads\/2021\/05\/Nicolas-Jacquemard-150x150.jpeg","caption":"Nicolas Jacquemard"},"description":"Passionn\u00e9 de sport et entrepreneur depuis mes 18 ans, la cr\u00e9ation de Dicodusport m'a sembl\u00e9 \u00e9vidente pour participer \u00e0 la m\u00e9diatisation d'un plus grand nombre de sports. Le chemin est long mais avec une \u00e9quipe des plus motiv\u00e9es et les Jeux Olympiques de Paris 2024 en point de mire, nous y arriverons ! Journaliste dans le monde du sport depuis plus de 5 ans, je traite aussi bien de football, de rugby, de biathlon que de cyclisme.","sameAs":["https:\/\/www.facebook.com\/dicodusport","https:\/\/x.com\/https:\/\/twitter.com\/Nico_Jacquemard"],"url":"https:\/\/dicodusport.fr\/blog\/author\/dicodusport\/"}]}},"_links":{"self":[{"href":"https:\/\/dicodusport.fr\/blog\/wp-json\/wp\/v2\/posts\/151862","targetHints":{"allow":["GET"]}}],"collection":[{"href":"https:\/\/dicodusport.fr\/blog\/wp-json\/wp\/v2\/posts"}],"about":[{"href":"https:\/\/dicodusport.fr\/blog\/wp-json\/wp\/v2\/types\/post"}],"author":[{"embeddable":true,"href":"https:\/\/dicodusport.fr\/blog\/wp-json\/wp\/v2\/users\/1"}],"replies":[{"embeddable":true,"href":"https:\/\/dicodusport.fr\/blog\/wp-json\/wp\/v2\/comments?post=151862"}],"version-history":[{"count":0,"href":"https:\/\/dicodusport.fr\/blog\/wp-json\/wp\/v2\/posts\/151862\/revisions"}],"wp:featuredmedia":[{"embeddable":true,"href":"https:\/\/dicodusport.fr\/blog\/wp-json\/wp\/v2\/media\/151864"}],"wp:attachment":[{"href":"https:\/\/dicodusport.fr\/blog\/wp-json\/wp\/v2\/media?parent=151862"}],"wp:term":[{"taxonomy":"category","embeddable":true,"href":"https:\/\/dicodusport.fr\/blog\/wp-json\/wp\/v2\/categories?post=151862"},{"taxonomy":"post_tag","embeddable":true,"href":"https:\/\/dicodusport.fr\/blog\/wp-json\/wp\/v2\/tags?post=151862"}],"curies":[{"name":"wp","href":"https:\/\/api.w.org\/{rel}","templated":true}]}}