{"id":151906,"date":"2021-07-29T00:30:14","date_gmt":"2021-07-28T22:30:14","guid":{"rendered":"https:\/\/dicodusport.fr\/blog\/?p=151906&#038;preview=true&#038;preview_id=151906"},"modified":"2021-07-30T01:41:32","modified_gmt":"2021-07-29T23:41:32","slug":"jeux-olympiques-de-tokyo-2020-le-direct-commente-du-29-juillet","status":"publish","type":"post","link":"https:\/\/dicodusport.fr\/blog\/jeux-olympiques-de-tokyo-2020-le-direct-commente-du-29-juillet\/","title":{"rendered":"Jeux Olympiques de Tokyo 2020 : le direct comment\u00e9 du 29 juillet"},"content":{"rendered":"<p style=\"text-align: justify;\"><em><strong><a href=\"https:\/\/dicodusport.fr\/blog\/jo-tokyo-2020\/\">JEUX OLYMPIQUES DE TOKYO 2020<\/a> &#8211; Bienvenue dans le direct comment\u00e9 du jeudi 29 juillet, neuvi\u00e8me journ\u00e9e des Jeux Olympiques de Tokyo.<\/strong><\/em><\/p>\n<hr \/>\n<table style=\"width: 97%; border-color: #ffffff;\">\n<tbody>\n<tr style=\"height: 120px;\">\n<td style=\"border-color: #ffffff #ffffff #e0e0e0; background-color: #ffffff; width: 150px; border-bottom-style: solid; border-bottom-width: 1px; text-align: center; vertical-align: top;\">\n<p style=\"text-align: center;\"><strong>16:11<\/strong><\/p>\n<p><span style=\"font-size: 20px;\">&#x1f534;<\/span><\/td>\n<td style=\"border-color: #ffffff #ffffff #e0e0e0; background-color: #ffffff; text-align: justify; width: 650px; border-bottom-style: solid; border-bottom-width: 1px; vertical-align: top;\">\n<p style=\"text-align: justify;\"><b>FIN DE LA NEUVI\u00c8ME JOURN\u00c9E<\/b><\/p>\n<p style=\"text-align: justify;\">Rendez-vous \u00e0 0h30 pour la suite des JO avec du golf pour d\u00e9buter la journ\u00e9e.<\/p>\n<\/td>\n<\/tr>\n<\/tbody>\n<\/table>\n<table style=\"width: 97%; border-color: #ffffff;\">\n<tbody>\n<tr style=\"height: 120px;\">\n<td style=\"border-color: #ffffff #ffffff #e0e0e0; background-color: #ffffff; width: 150px; border-bottom-style: solid; border-bottom-width: 1px; text-align: center; vertical-align: top;\">\n<p style=\"text-align: center;\"><strong>16:10<\/strong><\/p>\n<p>&#x1f3c5;<\/td>\n<td style=\"border-color: #ffffff #ffffff #e0e0e0; background-color: #ffffff; text-align: justify; width: 650px; border-bottom-style: solid; border-bottom-width: 1px; vertical-align: top;\">\n<p style=\"text-align: justify;\"><b>LA FRANCE GRIMPE D&rsquo;UNE PLACE<\/b><\/p>\n<p style=\"text-align: justify;\">Avec trois nouvelles m\u00e9dailles d&rsquo;argent, la France est 8\u00e8me au tableau des m\u00e9dailles.<\/p>\n<p><span class=\"86WNJLXkoIBVOru\"><\/p>\n<blockquote class=\"wp-embedded-content\" data-secret=\"ohR2Z1C881\"><p><a href=\"https:\/\/dicodusport.fr\/blog\/jeux-olympiques-tokyo-2020-le-tableau-des-medailles\/\">Jeux Olympiques de Tokyo 2020 : le tableau des m\u00e9dailles<\/a><\/p><\/blockquote>\n<p><iframe loading=\"lazy\" class=\"wp-embedded-content\" sandbox=\"allow-scripts\" security=\"restricted\" style=\"position: absolute; clip: rect(1px, 1px, 1px, 1px);\" title=\"\u00ab\u00a0Jeux Olympiques de Tokyo 2020 : le tableau des m\u00e9dailles\u00a0\u00bb &#8212; Dicodusport\" src=\"https:\/\/dicodusport.fr\/blog\/jeux-olympiques-tokyo-2020-le-tableau-des-medailles\/embed\/#?secret=ohR2Z1C881\" data-secret=\"ohR2Z1C881\" width=\"600\" height=\"338\" frameborder=\"0\" marginwidth=\"0\" marginheight=\"0\" scrolling=\"no\"><\/iframe><\/span><\/td>\n<\/tr>\n<\/tbody>\n<\/table>\n<table style=\"width: 97%; border-color: #ffffff;\">\n<tbody>\n<tr style=\"height: 120px;\">\n<td style=\"border-color: #ffffff #ffffff #e0e0e0; background-color: #ffffff; width: 150px; border-bottom-style: solid; border-bottom-width: 1px; text-align: center; vertical-align: top;\">\n<p style=\"text-align: center;\"><strong>16:00<\/strong><\/p>\n<p>&#x1f93e;&#x200d;&#x2640;<\/td>\n<td style=\"border-color: #ffffff #ffffff #e0e0e0; background-color: #ffffff; text-align: justify; width: 650px; border-bottom-style: solid; border-bottom-width: 1px; vertical-align: top;\">\n<p style=\"text-align: justify;\"><b>MATCH NUL FRUSTRANT POUR LES BLEUES<\/b><\/p>\n<p style=\"text-align: justify;\">Les Bleues d\u2019Olivier Krumbholz obtiennent un match nul (28-28) pour leur troisi\u00e8me match de la comp\u00e9tition. Dans un duel tr\u00e8s serr\u00e9 face \u00e0 des Su\u00e9doises redoutables, Gr\u00e2ce Zaadi rate un tir au but \u00e0 la derni\u00e8re seconde.<\/p>\n<p>&nbsp;<\/td>\n<\/tr>\n<\/tbody>\n<\/table>\n<table style=\"width: 97%; border-color: #ffffff;\">\n<tbody>\n<tr style=\"height: 120px;\">\n<td style=\"border-color: #ffffff #ffffff #e0e0e0; background-color: #ffffff; width: 150px; border-bottom-style: solid; border-bottom-width: 1px; text-align: center; vertical-align: top;\">\n<p style=\"text-align: center;\"><strong>15:41<\/strong><\/p>\n<p>&#x1f3d3;<\/td>\n<td style=\"border-color: #ffffff #ffffff #e0e0e0; background-color: #ffffff; text-align: justify; width: 650px; border-bottom-style: solid; border-bottom-width: 1px; vertical-align: top;\">\n<p style=\"text-align: justify;\"><b>CHEN MENG SACR\u00c9E CHAMPIONNE OLYMPIQUE<\/b><\/p>\n<p style=\"text-align: justify;\">Oppos\u00e9e \u00e0 sa compatriote Yingsha Sun, Chen Meng s\u2019est impos\u00e9e en six manches et devient championne olympique. La Chine signe donc un doubl\u00e9, la Japonaise Mima Ito compl\u00e8te le podium.<\/p>\n<p><span class=\"4XUhwEWCgf9uZterciA7OQ\"><\/p>\n<blockquote class=\"wp-embedded-content\" data-secret=\"cmcLHqR0Kq\"><p><a href=\"https:\/\/dicodusport.fr\/blog\/jo-tokyo-2020-tennis-de-table-chen-meng-sacree-championne-olympique\/\">JO Tokyo 2020 &#8211; Tennis de table : Chen Meng sacr\u00e9e championne olympique<\/a><\/p><\/blockquote>\n<p><iframe loading=\"lazy\" class=\"wp-embedded-content\" sandbox=\"allow-scripts\" security=\"restricted\" style=\"position: absolute; clip: rect(1px, 1px, 1px, 1px);\" title=\"\u00ab\u00a0JO Tokyo 2020 &#8211; Tennis de table : Chen Meng sacr\u00e9e championne olympique\u00a0\u00bb &#8212; Dicodusport\" src=\"https:\/\/dicodusport.fr\/blog\/jo-tokyo-2020-tennis-de-table-chen-meng-sacree-championne-olympique\/embed\/#?secret=cmcLHqR0Kq\" data-secret=\"cmcLHqR0Kq\" width=\"600\" height=\"338\" frameborder=\"0\" marginwidth=\"0\" marginheight=\"0\" scrolling=\"no\"><\/iframe><\/span><\/td>\n<\/tr>\n<\/tbody>\n<\/table>\n<table style=\"width: 97%; border-color: #ffffff;\">\n<tbody>\n<tr style=\"height: 120px;\">\n<td style=\"border-color: #ffffff #ffffff #e0e0e0; background-color: #ffffff; width: 150px; border-bottom-style: solid; border-bottom-width: 1px; text-align: center; vertical-align: top;\">\n<p style=\"text-align: center;\"><strong>15:05<\/strong><\/p>\n<p>&#x1f938;&#x200d;&#x2640;<\/td>\n<td style=\"border-color: #ffffff #ffffff #e0e0e0; background-color: #ffffff; text-align: justify; width: 650px; border-bottom-style: solid; border-bottom-width: 1px; vertical-align: top;\">\n<p style=\"text-align: justify;\"><b>D\u00c9CEPTION POUR M\u00c9LANIE DE JESUS DOS SANTOS<\/b><\/p>\n<p style=\"text-align: justify;\">M\u00e9lanie de Jesus dos Santos termine 11\u00e8me et Carolann H\u00e9duit 12\u00e8me du concours g\u00e9n\u00e9ral de gymnastique artistique. L&rsquo;Am\u00e9ricaine Sunisa Lee remporte la m\u00e9daille d&rsquo;or avec un score total de 57.433.<\/p>\n<blockquote class=\"twitter-tweet\">\n<p dir=\"ltr\" lang=\"fr\">Jeux olympiques &#8211; Finale du concours g\u00e9n\u00e9ral GAF<\/p>\n<p>M\u00e9lanie De Jesus Dos Santos termine 11e et Carolann H\u00e9duit 12e &#x1f499;&#x1f90d;&#x2764;&#xfe0f;&#x1f44f;<a href=\"https:\/\/twitter.com\/hashtag\/Tokyo2020?src=hash&amp;ref_src=twsrc%5Etfw\">#Tokyo2020<\/a> <a href=\"https:\/\/t.co\/iO2rwfS2Zw\">pic.twitter.com\/iO2rwfS2Zw<\/a><\/p>\n<p>\u2014 F\u00e9d\u00e9ration Fran\u00e7aise de Gymnastique (@ffgymnastique) <a href=\"https:\/\/twitter.com\/ffgymnastique\/status\/1420731935530303501?ref_src=twsrc%5Etfw\">July 29, 2021<\/a><\/p><\/blockquote>\n<p><script async src=\"https:\/\/platform.twitter.com\/widgets.js\" charset=\"utf-8\"><\/script><\/td>\n<\/tr>\n<\/tbody>\n<\/table>\n<table style=\"width: 97%; border-color: #ffffff;\">\n<tbody>\n<tr style=\"height: 120px;\">\n<td style=\"border-color: #ffffff #ffffff #e0e0e0; background-color: #ffffff; width: 150px; border-bottom-style: solid; border-bottom-width: 1px; text-align: center; vertical-align: top;\">\n<p style=\"text-align: center;\"><strong>14:56<\/strong><\/p>\n<p>&#x1f3ca;<\/td>\n<td style=\"border-color: #ffffff #ffffff #e0e0e0; background-color: #ffffff; text-align: justify; width: 650px; border-bottom-style: solid; border-bottom-width: 1px; vertical-align: top;\">\n<p style=\"text-align: justify;\"><b>METELLA EN DEMIE<\/b><\/p>\n<p style=\"text-align: justify;\">Mehdy Metella se qualifie pour les demi-finales du 100m papillon avec le 10\u00e8me temps des s\u00e9ries (51&Prime;53).<\/p>\n<blockquote class=\"twitter-tweet\">\n<p dir=\"ltr\" lang=\"fr\"><a href=\"https:\/\/twitter.com\/hashtag\/EnDirect?src=hash&amp;ref_src=twsrc%5Etfw\">#EnDirect<\/a> <a href=\"https:\/\/twitter.com\/hashtag\/Tokyo2020?src=hash&amp;ref_src=twsrc%5Etfw\">#Tokyo2020<\/a> <a href=\"https:\/\/twitter.com\/hashtag\/natation?src=hash&amp;ref_src=twsrc%5Etfw\">#natation<\/a><br \/>\nS\u00e9ries du 100m papillon messieurs<br \/>\nMehdy Metella se qualifie pour les demi-finales avec le 10e temps en 51.53 &#x1f44f;&#x1f3fb;&#x1f1eb;&#x1f1f7;<a href=\"https:\/\/twitter.com\/hashtag\/TeamFFN?src=hash&amp;ref_src=twsrc%5Etfw\">#TeamFFN<\/a> <a href=\"https:\/\/twitter.com\/hashtag\/Allezlesbleus?src=hash&amp;ref_src=twsrc%5Etfw\">#Allezlesbleus<\/a><br \/>\n&#x1f4f8; KMSP\/S.Kempinaire <a href=\"https:\/\/t.co\/xMO3SaAb6O\">pic.twitter.com\/xMO3SaAb6O<\/a><\/p>\n<p>\u2014 FFN (@FFNatation) <a href=\"https:\/\/twitter.com\/FFNatation\/status\/1420701918028963845?ref_src=twsrc%5Etfw\">July 29, 2021<\/a><\/p><\/blockquote>\n<p><script async src=\"https:\/\/platform.twitter.com\/widgets.js\" charset=\"utf-8\"><\/script><\/p>\n<p style=\"text-align: justify;\"><strong>\u00c0 lire aussi<\/strong><\/p>\n<ul>\n<li style=\"text-align: justify;\"><a href=\"https:\/\/dicodusport.fr\/blog\/natation-jeux-olympiques-de-tokyo-calendrier-et-resultats\/\">Calendrier et r\u00e9sultats de la natation aux Jeux Olympiques<\/a><\/li>\n<\/ul>\n<\/td>\n<\/tr>\n<\/tbody>\n<\/table>\n<table style=\"width: 97%; border-color: #ffffff;\">\n<tbody>\n<tr style=\"height: 120px;\">\n<td style=\"border-color: #ffffff #ffffff #e0e0e0; background-color: #ffffff; width: 150px; border-bottom-style: solid; border-bottom-width: 1px; text-align: center; vertical-align: top;\">\n<p style=\"text-align: center;\"><strong>14:18<\/strong><\/p>\n<p>&#x1f93a;<\/td>\n<td style=\"border-color: #ffffff #ffffff #e0e0e0; background-color: #ffffff; text-align: justify; width: 650px; border-bottom-style: solid; border-bottom-width: 1px; vertical-align: top;\">\n<p style=\"text-align: justify;\"><b>LES FLEURETTISTES TRICOLORES EN ARGENT !<\/b><\/p>\n<p style=\"text-align: justify;\">L&rsquo;\u00e9quipe de France f\u00e9minine de fleuret, emmen\u00e9e par Ysaora Thibus, Anita Blaze, Pauline Ranvier et Astrid Guyart, s&rsquo;est inclin\u00e9e en finale face \u00e0 la Russie (34-45).<\/p>\n<p><span class=\"6GOhYHe57p0vCxgzLi\"><\/p>\n<blockquote class=\"wp-embedded-content\" data-secret=\"wz4iUV9jCp\"><p><a href=\"https:\/\/dicodusport.fr\/blog\/jo-tokyo-2020-escrime-les-bleues-vice-championnes-olympiques-fleuret\/\">JO Tokyo 2020 &#8211; Escrime : les Bleues vice-championnes olympiques du fleuret<\/a><\/p><\/blockquote>\n<p><iframe loading=\"lazy\" class=\"wp-embedded-content\" sandbox=\"allow-scripts\" security=\"restricted\" style=\"position: absolute; clip: rect(1px, 1px, 1px, 1px);\" title=\"\u00ab\u00a0JO Tokyo 2020 &#8211; Escrime : les Bleues vice-championnes olympiques du fleuret\u00a0\u00bb &#8212; Dicodusport\" src=\"https:\/\/dicodusport.fr\/blog\/jo-tokyo-2020-escrime-les-bleues-vice-championnes-olympiques-fleuret\/embed\/#?secret=wz4iUV9jCp\" data-secret=\"wz4iUV9jCp\" width=\"600\" height=\"338\" frameborder=\"0\" marginwidth=\"0\" marginheight=\"0\" scrolling=\"no\"><\/iframe><\/span><\/td>\n<\/tr>\n<\/tbody>\n<\/table>\n<table style=\"width: 97%; border-color: #ffffff;\">\n<tbody>\n<tr style=\"height: 120px;\">\n<td style=\"border-color: #ffffff #ffffff #e0e0e0; background-color: #ffffff; width: 150px; border-bottom-style: solid; border-bottom-width: 1px; text-align: center; vertical-align: top;\">\n<p style=\"text-align: center;\"><strong>14:15<\/strong><\/p>\n<p>&#x1f3be;<\/td>\n<td style=\"border-color: #ffffff #ffffff #e0e0e0; background-color: #ffffff; text-align: justify; width: 650px; border-bottom-style: solid; border-bottom-width: 1px; vertical-align: top;\">\n<p style=\"text-align: justify;\"><b>J\u00c9R\u00c9MY CHARDY S&rsquo;ARR\u00caTE EN QUART<\/b><\/p>\n<p style=\"text-align: justify;\">Il n\u2019y a plus de Tricolores en lice en tennis \u00e0 Tokyo. Apr\u00e8s\u00a0la d\u00e9faite d\u2019Ugo Humbert ce matin, J\u00e9r\u00e9my Chardy vient malheureusement de l\u2019imiter, en perdant logiquement face \u00e0 la t\u00eate de s\u00e9rie n\u00b04, l\u2019Allemand Alexander Zverev (score final 6\/4 6\/1). Le Palois peut tout de m\u00eame \u00eatre fier de son parcours.<\/p>\n<p><span class=\"vJgjPfhyxN2rmsetioBz6YbuZcRS4DU\"><\/p>\n<blockquote class=\"wp-embedded-content\" data-secret=\"HdX2KB39H8\"><p><a href=\"https:\/\/dicodusport.fr\/blog\/jo-tokyo-2020-tennis-fin-de-l-aventure-pour-jeremy-chardy-impuissant-face-a-zverev\/\">JO Tokyo 2020 &#8211; Tennis : Fin de l&rsquo;aventure pour J\u00e9r\u00e9my Chardy, impuissant face \u00e0 Zverev<\/a><\/p><\/blockquote>\n<p><iframe loading=\"lazy\" class=\"wp-embedded-content\" sandbox=\"allow-scripts\" security=\"restricted\" style=\"position: absolute; clip: rect(1px, 1px, 1px, 1px);\" title=\"\u00ab\u00a0JO Tokyo 2020 &#8211; Tennis : Fin de l&rsquo;aventure pour J\u00e9r\u00e9my Chardy, impuissant face \u00e0 Zverev\u00a0\u00bb &#8212; Dicodusport\" src=\"https:\/\/dicodusport.fr\/blog\/jo-tokyo-2020-tennis-fin-de-l-aventure-pour-jeremy-chardy-impuissant-face-a-zverev\/embed\/#?secret=HdX2KB39H8\" data-secret=\"HdX2KB39H8\" width=\"600\" height=\"338\" frameborder=\"0\" marginwidth=\"0\" marginheight=\"0\" scrolling=\"no\"><\/iframe><\/span><\/td>\n<\/tr>\n<\/tbody>\n<\/table>\n<table style=\"width: 97%; border-color: #ffffff;\">\n<tbody>\n<tr style=\"height: 120px;\">\n<td style=\"border-color: #ffffff #ffffff #e0e0e0; background-color: #ffffff; width: 150px; border-bottom-style: solid; border-bottom-width: 1px; text-align: center; vertical-align: top;\">\n<p style=\"text-align: center;\"><strong>12:40<\/strong><\/p>\n<p>&#x26f5;<\/td>\n<td style=\"border-color: #ffffff #ffffff #e0e0e0; background-color: #ffffff; text-align: justify; width: 650px; border-bottom-style: solid; border-bottom-width: 1px; vertical-align: top;\">\n<p style=\"text-align: justify;\"><b>THOMAS GOYARD BIEN PLAC\u00c9 AVANT LA MEDAL RACE<\/b><\/p>\n<p style=\"text-align: justify;\">Thomas Goyard a r\u00e9alis\u00e9 une tr\u00e8s bonne journ\u00e9e et termine \u00e0 la deuxi\u00e8me place au g\u00e9n\u00e9ral avant la course finale. Rendez-vous samedi matin \u00e0 8h33 pour le d\u00e9nouement.<\/p>\n<blockquote class=\"twitter-tweet\">\n<p dir=\"ltr\" lang=\"fr\"><a href=\"https:\/\/twitter.com\/hashtag\/sailing?src=hash&amp;ref_src=twsrc%5Etfw\">#sailing<\/a><\/p>\n<p>Belle journ\u00e9e de <a href=\"https:\/\/twitter.com\/ThomasGoyard?ref_src=twsrc%5Etfw\">@ThomasGoyard<\/a> qui monte \u00e0 la 2eme place du classement &#x1f4c8; avant sa finale de samedi !<\/p>\n<p>\u00c7a va \u00eatre chaud samedi matin\u2026 pr\u00e9voyez le reveil &#x23f0; sur <a href=\"https:\/\/twitter.com\/francetvsport?ref_src=twsrc%5Etfw\">@francetvsport<\/a><\/p>\n<p>Encouragez nos s\u00e9lectionn\u00e9s ici &#x1f449; <a href=\"https:\/\/t.co\/yizswBqLJh\">https:\/\/t.co\/yizswBqLJh<\/a> Ils ont besoin de vous &#x1f4aa; ! <a href=\"https:\/\/t.co\/WvGChu6CyJ\">pic.twitter.com\/WvGChu6CyJ<\/a><\/p>\n<p>\u2014 FFVoile (@FFVoile) <a href=\"https:\/\/twitter.com\/FFVoile\/status\/1420661470971396099?ref_src=twsrc%5Etfw\">July 29, 2021<\/a><\/p><\/blockquote>\n<p><script async src=\"https:\/\/platform.twitter.com\/widgets.js\" charset=\"utf-8\"><\/script><\/td>\n<\/tr>\n<\/tbody>\n<\/table>\n<table style=\"width: 97%; border-color: #ffffff;\">\n<tbody>\n<tr style=\"height: 120px;\">\n<td style=\"border-color: #ffffff #ffffff #e0e0e0; background-color: #ffffff; width: 150px; border-bottom-style: solid; border-bottom-width: 1px; text-align: center; vertical-align: top;\">\n<p style=\"text-align: center;\"><strong>12:00<\/strong><\/p>\n<p>&#x26f5;<\/td>\n<td style=\"border-color: #ffffff #ffffff #e0e0e0; background-color: #ffffff; text-align: justify; width: 650px; border-bottom-style: solid; border-bottom-width: 1px; vertical-align: top;\">\n<p style=\"text-align: justify;\"><b>CHARLINE PICON ASSUR\u00c9E D&rsquo;UNE M\u00c9DAILLE<\/b><\/p>\n<p style=\"text-align: justify;\">Gr\u00e2ce \u00e0 la derni\u00e8re course, Charline Picon assure une m\u00e9daille. Rendez-vous samedi matin \u00e0 7h33 pour conna\u00eetre la couleur !<\/p>\n<blockquote class=\"twitter-tweet\" data-conversation=\"none\">\n<p dir=\"ltr\" lang=\"fr\">Alors ??? On ne vous a pas menti ! Elle est pas trop forte notre <a href=\"https:\/\/twitter.com\/piconcharline?ref_src=twsrc%5Etfw\">@piconcharline<\/a> ?<\/p>\n<p>Gr\u00e2ce \u00e0 cette derni\u00e8re course, elle s\u2019assure une m\u00e9daille . Rdv Samedi matin 14h33 (&#x1f1ef;&#x1f1f5;) 7h33(&#x1f1eb;&#x1f1f7;) sur <a href=\"https:\/\/twitter.com\/francetvsport?ref_src=twsrc%5Etfw\">@francetvsport<\/a> pour savoir de quelle couleur ?<\/p>\n<p>&#x1f4f8;<a href=\"https:\/\/twitter.com\/SailingEnergy?ref_src=twsrc%5Etfw\">@SailingEnergy<\/a> <a href=\"https:\/\/twitter.com\/hashtag\/sailing?src=hash&amp;ref_src=twsrc%5Etfw\">#sailing<\/a> <a href=\"https:\/\/t.co\/gnMKPUdFvF\">pic.twitter.com\/gnMKPUdFvF<\/a><\/p>\n<p>\u2014 FFVoile (@FFVoile) <a href=\"https:\/\/twitter.com\/FFVoile\/status\/1420636652821569538?ref_src=twsrc%5Etfw\">July 29, 2021<\/a><\/p><\/blockquote>\n<p><script async src=\"https:\/\/platform.twitter.com\/widgets.js\" charset=\"utf-8\"><\/script><\/td>\n<\/tr>\n<\/tbody>\n<\/table>\n<table style=\"width: 97%; border-color: #ffffff;\">\n<tbody>\n<tr style=\"height: 120px;\">\n<td style=\"border-color: #ffffff #ffffff #e0e0e0; background-color: #ffffff; width: 150px; border-bottom-style: solid; border-bottom-width: 1px; text-align: center; vertical-align: top;\">\n<p style=\"text-align: center;\"><strong>11:40<\/strong><\/p>\n<p>&#x1f94b;<\/td>\n<td style=\"border-color: #ffffff #ffffff #e0e0e0; background-color: #ffffff; text-align: justify; width: 650px; border-bottom-style: solid; border-bottom-width: 1px; vertical-align: top;\">\n<p style=\"text-align: justify;\"><b>MADELEINE MALONGA VICE-CHAMPIONNE OLYMPIQUE<\/b><\/p>\n<p style=\"text-align: justify;\">Madeleine Malonga (-78 kg) s\u2019est inclin\u00e9e en finale face \u00e0 Shori Hamada qui a rapidement mis en place son attaque. D\u00e8s la premi\u00e8re attaque, elle a amen\u00e9 la Fran\u00e7aise au sol et a poursuivi avec une immobilisation pour s\u2019imposer sur ippon.<\/p>\n<p><span class=\"OeuPYh1FAszxSVRKQ9faWtGM8CZ0NkH4Iq5oXcU7gblpyrDinv2w\"><\/p>\n<blockquote class=\"wp-embedded-content\" data-secret=\"LBuTcoRajd\"><p><a href=\"https:\/\/dicodusport.fr\/blog\/jo-tokyo-2020-judo-madeleine-malonga-est-vice-championne-olympique\/\">JO Tokyo 2020 &#8211; Judo : Madeleine Malonga est vice-championne olympique<\/a><\/p><\/blockquote>\n<p><iframe loading=\"lazy\" class=\"wp-embedded-content\" sandbox=\"allow-scripts\" security=\"restricted\" style=\"position: absolute; clip: rect(1px, 1px, 1px, 1px);\" title=\"\u00ab\u00a0JO Tokyo 2020 &#8211; Judo : Madeleine Malonga est vice-championne olympique\u00a0\u00bb &#8212; Dicodusport\" src=\"https:\/\/dicodusport.fr\/blog\/jo-tokyo-2020-judo-madeleine-malonga-est-vice-championne-olympique\/embed\/#?secret=LBuTcoRajd\" data-secret=\"LBuTcoRajd\" width=\"600\" height=\"338\" frameborder=\"0\" marginwidth=\"0\" marginheight=\"0\" scrolling=\"no\"><\/iframe><\/span><\/td>\n<\/tr>\n<\/tbody>\n<\/table>\n<table style=\"width: 97%; border-color: #ffffff;\">\n<tbody>\n<tr style=\"height: 120px;\">\n<td style=\"border-color: #ffffff #ffffff #e0e0e0; background-color: #ffffff; width: 150px; border-bottom-style: solid; border-bottom-width: 1px; text-align: center; vertical-align: top;\">\n<p style=\"text-align: center;\"><strong>10:54<\/strong><\/p>\n<p>&#x1f3be;<\/td>\n<td style=\"border-color: #ffffff #ffffff #e0e0e0; background-color: #ffffff; text-align: justify; width: 650px; border-bottom-style: solid; border-bottom-width: 1px; vertical-align: top;\">\n<p style=\"text-align: justify;\"><b>UGO HUMBERT \u00c9LIMIN\u00c9<\/b><\/p>\n<p style=\"text-align: justify;\">Karen Khachanov met fin au parcours olympique du Fran\u00e7ais Ugo Humbert, d\u00e9fait en trois manches (6-7\/6-4\/3-6). Le Tricolore a tout de m\u00eame r\u00e9alis\u00e9 un bon match et n\u2019a pas \u00e0 rougir de son \u00e9limination en quarts de finale, apr\u00e8s un excellent tournoi.<\/p>\n<p><span class=\"1LxjmXf4I7gFWgqQ3BpjUw7haTMipZYeWzPd8CDOF2EzTnS0VPXKiG9NK9JtnASRh5Ilr21b6VrJG\"><\/p>\n<blockquote class=\"wp-embedded-content\" data-secret=\"KZexpt6jrw\"><p><a href=\"https:\/\/dicodusport.fr\/blog\/jo-tokyo-2020-tennis-ugo-humbert-s-incline-au-terme-d-un-gros-combat\/\">JO Tokyo 2020 &#8211; Tennis : Ugo Humbert s&rsquo;incline au terme d&rsquo;un gros combat<\/a><\/p><\/blockquote>\n<p><iframe loading=\"lazy\" class=\"wp-embedded-content\" sandbox=\"allow-scripts\" security=\"restricted\" style=\"position: absolute; clip: rect(1px, 1px, 1px, 1px);\" title=\"\u00ab\u00a0JO Tokyo 2020 &#8211; Tennis : Ugo Humbert s&rsquo;incline au terme d&rsquo;un gros combat\u00a0\u00bb &#8212; Dicodusport\" src=\"https:\/\/dicodusport.fr\/blog\/jo-tokyo-2020-tennis-ugo-humbert-s-incline-au-terme-d-un-gros-combat\/embed\/#?secret=KZexpt6jrw\" data-secret=\"KZexpt6jrw\" width=\"600\" height=\"338\" frameborder=\"0\" marginwidth=\"0\" marginheight=\"0\" scrolling=\"no\"><\/iframe><\/span><\/td>\n<\/tr>\n<\/tbody>\n<\/table>\n<table style=\"width: 97%; border-color: #ffffff;\">\n<tbody>\n<tr style=\"height: 120px;\">\n<td style=\"border-color: #ffffff #ffffff #e0e0e0; background-color: #ffffff; width: 150px; border-bottom-style: solid; border-bottom-width: 1px; text-align: center; vertical-align: top;\">\n<p style=\"text-align: center;\"><strong>10:50<\/strong><\/p>\n<p>&#x1f94b;<\/td>\n<td style=\"border-color: #ffffff #ffffff #e0e0e0; background-color: #ffffff; text-align: justify; width: 650px; border-bottom-style: solid; border-bottom-width: 1px; vertical-align: top;\">\n<p style=\"text-align: justify;\"><b>MADELEINE MALONGA EN FINALE !<\/b><\/p>\n<p style=\"text-align: justify;\">Madeleine Malonga (-78 kg) s\u2019est qualifi\u00e9e pour la finale en s\u2019imposant face \u00e0 la Sud-Cor\u00e9enne Hyunji Yoon.<\/p>\n<p><span class=\"J1sRKr8YACoOzjP0WjgMKNse6TXQe6lqk7MBQ82ru5DOtYFR0tS7zApBviZgGHpNx1f9HcU9VdPIwEE\"><\/p>\n<blockquote class=\"wp-embedded-content\" data-secret=\"ePFew4Y45U\"><p><a href=\"https:\/\/dicodusport.fr\/blog\/jo-tokyo-2020-judo-madeleine-malonga-rejoint-shori-hamada-en-finale\/\">JO Tokyo 2020 &#8211; Judo : Madeleine Malonga rejoint Shori Hamada en finale<\/a><\/p><\/blockquote>\n<p><iframe loading=\"lazy\" class=\"wp-embedded-content\" sandbox=\"allow-scripts\" security=\"restricted\" style=\"position: absolute; clip: rect(1px, 1px, 1px, 1px);\" title=\"\u00ab\u00a0JO Tokyo 2020 &#8211; Judo : Madeleine Malonga rejoint Shori Hamada en finale\u00a0\u00bb &#8212; Dicodusport\" src=\"https:\/\/dicodusport.fr\/blog\/jo-tokyo-2020-judo-madeleine-malonga-rejoint-shori-hamada-en-finale\/embed\/#?secret=ePFew4Y45U\" data-secret=\"ePFew4Y45U\" width=\"600\" height=\"338\" frameborder=\"0\" marginwidth=\"0\" marginheight=\"0\" scrolling=\"no\"><\/iframe><\/span><\/td>\n<\/tr>\n<\/tbody>\n<\/table>\n<table style=\"width: 97%; border-color: #ffffff;\">\n<tbody>\n<tr style=\"height: 120px;\">\n<td style=\"border-color: #ffffff #ffffff #e0e0e0; background-color: #ffffff; width: 150px; border-bottom-style: solid; border-bottom-width: 1px; text-align: center; vertical-align: top;\">\n<p style=\"text-align: center;\"><strong>10:40<\/strong><\/p>\n<p>&#x1f3f9;<\/td>\n<td style=\"border-color: #ffffff #ffffff #e0e0e0; background-color: #ffffff; text-align: justify; width: 650px; border-bottom-style: solid; border-bottom-width: 1px; vertical-align: top;\">\n<p style=\"text-align: justify;\"><b>LISA BARBELIN EN 8\u00c8MES DE FINALE<\/b><\/p>\n<p style=\"text-align: justify;\">Sur sa lanc\u00e9e, Lisa Barbelin s&rsquo;est qualifi\u00e9e pour les 8\u00e8mes de finale en tir \u00e0 l&rsquo;arc. La Fran\u00e7aise a battu la N\u00e9erlandaise Schloesse en trois manches (24-21, 28-26, 29-24).<\/p>\n<blockquote class=\"twitter-tweet\">\n<p dir=\"ltr\" lang=\"fr\">&#x1f3af;&#x1f3f9; Qualifi\u00e9e en 8es de finale facilement, Lisa Barbelin, la Championne d&rsquo;Europe a gagn\u00e9 en 3 manches (24-21\/28-26\/29-24) contre la N\u00e9erlandaise.<br \/>\nElle affrontera la Mexicaine Alejandra Valencia durant la nuit (2h56)<\/p>\n<p>Suivez les J.O. en direct &#x25b6; <a href=\"https:\/\/t.co\/C7EI4X69WD\">https:\/\/t.co\/C7EI4X69WD<\/a> <a href=\"https:\/\/t.co\/oVek5IgPlM\">pic.twitter.com\/oVek5IgPlM<\/a><\/p>\n<p>\u2014 France tv sport (@francetvsport) <a href=\"https:\/\/twitter.com\/francetvsport\/status\/1420664367863975937?ref_src=twsrc%5Etfw\">July 29, 2021<\/a><\/p><\/blockquote>\n<p><script async src=\"https:\/\/platform.twitter.com\/widgets.js\" charset=\"utf-8\"><\/script><\/td>\n<\/tr>\n<\/tbody>\n<\/table>\n<table style=\"width: 97%; border-color: #ffffff;\">\n<tbody>\n<tr style=\"height: 120px;\">\n<td style=\"border-color: #ffffff #ffffff #e0e0e0; background-color: #ffffff; width: 150px; border-bottom-style: solid; border-bottom-width: 1px; text-align: center; vertical-align: top;\">\n<p style=\"text-align: center;\"><strong>10:32<\/strong><\/p>\n<p>&#x1f3c9;<\/td>\n<td style=\"border-color: #ffffff #ffffff #e0e0e0; background-color: #ffffff; text-align: justify; width: 650px; border-bottom-style: solid; border-bottom-width: 1px; vertical-align: top;\">\n<p style=\"text-align: justify;\"><b>LES BLEUES DU 7 RE\u00c7UES 2\/2<\/b><\/p>\n<p style=\"text-align: justify;\">Pour leur deuxi\u00e8me match de poule, les Bleues ont tranquillement remport\u00e9 la rencontre face au Br\u00e9sil (40-5).<\/p>\n<p><span class=\"3Tmw9Bh7Lf4Gpz5XqvZanWVMScl6Qm8twd6Nr0k3eT5OFvjDEV7ngjKtJgyiCkFCRRIU9W2pcoPESd\"><\/p>\n<blockquote class=\"wp-embedded-content\" data-secret=\"FrPCAzxeCN\"><p><a href=\"https:\/\/dicodusport.fr\/blog\/jo-tokyo-2020-rugby-a-7-les-bleues-simposent-facilement-face-au-bresil\/\">JO Tokyo 2020 &#8211; Rugby \u00e0 7 : Les Bleues s&rsquo;imposent facilement face au Br\u00e9sil<\/a><\/p><\/blockquote>\n<p><iframe loading=\"lazy\" class=\"wp-embedded-content\" sandbox=\"allow-scripts\" security=\"restricted\" style=\"position: absolute; clip: rect(1px, 1px, 1px, 1px);\" title=\"\u00ab\u00a0JO Tokyo 2020 &#8211; Rugby \u00e0 7 : Les Bleues s&rsquo;imposent facilement face au Br\u00e9sil\u00a0\u00bb &#8212; Dicodusport\" src=\"https:\/\/dicodusport.fr\/blog\/jo-tokyo-2020-rugby-a-7-les-bleues-simposent-facilement-face-au-bresil\/embed\/#?secret=FrPCAzxeCN\" data-secret=\"FrPCAzxeCN\" width=\"600\" height=\"338\" frameborder=\"0\" marginwidth=\"0\" marginheight=\"0\" scrolling=\"no\"><\/iframe><\/span><\/td>\n<\/tr>\n<\/tbody>\n<\/table>\n<table style=\"width: 97%; border-color: #ffffff;\">\n<tbody>\n<tr style=\"height: 120px;\">\n<td style=\"border-color: #ffffff #ffffff #e0e0e0; background-color: #ffffff; width: 150px; border-bottom-style: solid; border-bottom-width: 1px; text-align: center; vertical-align: top;\">\n<p style=\"text-align: center;\"><strong>09:53<\/strong><\/p>\n<p>&#x1f3f9;<\/td>\n<td style=\"border-color: #ffffff #ffffff #e0e0e0; background-color: #ffffff; text-align: justify; width: 650px; border-bottom-style: solid; border-bottom-width: 1px; vertical-align: top;\">\n<p style=\"text-align: justify;\"><b>LISA BARBELIN EN 16\u00c8MES DE FINALE<\/b><\/p>\n<p style=\"text-align: justify;\">Imp\u00e9riale, Lisa Barbelin s&rsquo;est qualifi\u00e9e pour les 16\u00e8mes de finale en tir \u00e0 l&rsquo;arc. La Fran\u00e7aise a battu l&rsquo;Italienne Tatiana Andreoli en quatre manches (26-28\/28-24\/27-25\/30-25).<\/p>\n<blockquote class=\"twitter-tweet\">\n<p dir=\"ltr\" lang=\"fr\">&#x1fa83;&#x1f1eb;&#x1f1f7; Gr\u00e2ce notamment \u00e0 un sans-faute dans la derni\u00e8re manche, Lisa Barbelin se qualifie en seizi\u00e8mes de finale apr\u00e8s un succ\u00e8s sur l&rsquo;Italienne Tatiana Andreoli en quatre manches (26-28\/28-24\/27-25\/30-25) <a href=\"https:\/\/twitter.com\/hashtag\/JeuxOlympiques?src=hash&amp;ref_src=twsrc%5Etfw\">#JeuxOlympiques<\/a><\/p>\n<p>Suivez les J.O. en direct &#x25b6; <a href=\"https:\/\/t.co\/C7EI4X69WD\">https:\/\/t.co\/C7EI4X69WD<\/a> <a href=\"https:\/\/t.co\/OjK108aacm\">pic.twitter.com\/OjK108aacm<\/a><\/p>\n<p>\u2014 France tv sport (@francetvsport) <a href=\"https:\/\/twitter.com\/francetvsport\/status\/1420651667511554048?ref_src=twsrc%5Etfw\">July 29, 2021<\/a><\/p><\/blockquote>\n<p><script async src=\"https:\/\/platform.twitter.com\/widgets.js\" charset=\"utf-8\"><\/script><\/td>\n<\/tr>\n<\/tbody>\n<\/table>\n<table style=\"width: 97%; border-color: #ffffff;\">\n<tbody>\n<tr style=\"height: 120px;\">\n<td style=\"border-color: #ffffff #ffffff #e0e0e0; background-color: #ffffff; width: 150px; border-bottom-style: solid; border-bottom-width: 1px; text-align: center; vertical-align: top;\">\n<p style=\"text-align: center;\"><strong>09:47<\/strong><\/p>\n<p>&#x1f6f6;<\/td>\n<td style=\"border-color: #ffffff #ffffff #e0e0e0; background-color: #ffffff; text-align: justify; width: 650px; border-bottom-style: solid; border-bottom-width: 1px; vertical-align: top;\">\n<p style=\"text-align: justify;\"><b>MARJORIE DELASSUS 4\u00c8ME DE LA FINALE EN C1<\/b><\/p>\n<p>La Fran\u00e7aise Marjorie Delassus, 5\u00e8me temps des demies en C1 Slalom, a pris la 4\u00e8me place de la finale. Le titre est revenu \u00e0 la reine de la discipline, l&rsquo;Australienne Jessica Fox.<\/p>\n<p><span class=\"9UWygnvUJXf9C3Lhi2mstKn27WumA8rFxFlgydNvP5lLIdVB6tBuwTo4kR4ZSa6SNXjOc8AIQHbckzQGrRCDsp0ZeG\"><\/p>\n<blockquote class=\"wp-embedded-content\" data-secret=\"fkD80xfFSU\"><p><a href=\"https:\/\/dicodusport.fr\/blog\/jo-tokyo-2020-canoe-slalom-marjorie-delassus-4eme-en-c1-jessica-fox-titree\/\">JO Tokyo 2020 \u2013 Cano\u00eb slalom : Marjorie Delassus 4\u00e8me en C1, Jessica Fox titr\u00e9e<\/a><\/p><\/blockquote>\n<p><iframe loading=\"lazy\" class=\"wp-embedded-content\" sandbox=\"allow-scripts\" security=\"restricted\" style=\"position: absolute; clip: rect(1px, 1px, 1px, 1px);\" title=\"\u00ab\u00a0JO Tokyo 2020 \u2013 Cano\u00eb slalom : Marjorie Delassus 4\u00e8me en C1, Jessica Fox titr\u00e9e\u00a0\u00bb &#8212; Dicodusport\" src=\"https:\/\/dicodusport.fr\/blog\/jo-tokyo-2020-canoe-slalom-marjorie-delassus-4eme-en-c1-jessica-fox-titree\/embed\/#?secret=fkD80xfFSU\" data-secret=\"fkD80xfFSU\" width=\"600\" height=\"338\" frameborder=\"0\" marginwidth=\"0\" marginheight=\"0\" scrolling=\"no\"><\/iframe><\/span><\/td>\n<\/tr>\n<\/tbody>\n<\/table>\n<table style=\"width: 97%; border-color: #ffffff;\">\n<tbody>\n<tr style=\"height: 120px;\">\n<td style=\"border-color: #ffffff #ffffff #e0e0e0; background-color: #ffffff; width: 150px; border-bottom-style: solid; border-bottom-width: 1px; text-align: center; vertical-align: top;\">\n<p style=\"text-align: center;\"><strong>08:11<\/strong><\/p>\n<p>&#x1f93a;<\/td>\n<td style=\"border-color: #ffffff #ffffff #e0e0e0; background-color: #ffffff; text-align: justify; width: 650px; border-bottom-style: solid; border-bottom-width: 1px; vertical-align: top;\">\n<p style=\"text-align: justify;\"><b>LES FLEURETTISTES TRICOLORES EN FINALE !<\/b><\/p>\n<p>Men\u00e9e de 12 touches en d\u00e9but de match, l&rsquo;\u00e9quipe de France f\u00e9minine de fleuret, emmen\u00e9e par Ysaora Thibus, Anita Blaze et Pauline Ranvier, s&rsquo;est qualifi\u00e9e pour la finale, en dominant les Italiennes (45-43). Les Bleues affronteront la Russie en finale (12h55).<\/p>\n<p><span class=\"eT5GkzpiLF2bCVF3sxJx3B9WKHI6QQoPA4mT9d6ZYyfYUlZMf2agblRvzdXutPEjjkDwap50LK8WctnmSNVonNqHU4uGg\"><\/p>\n<blockquote class=\"wp-embedded-content\" data-secret=\"pF8PNSwWFi\"><p><a href=\"https:\/\/dicodusport.fr\/blog\/jo-tokyo-2020-escrime-les-fleurettistes-francaises-en-finale\/\">JO Tokyo 2020 &#8211; Escrime : Les fleurettistes fran\u00e7aises en finale<\/a><\/p><\/blockquote>\n<p><iframe loading=\"lazy\" class=\"wp-embedded-content\" sandbox=\"allow-scripts\" security=\"restricted\" style=\"position: absolute; clip: rect(1px, 1px, 1px, 1px);\" title=\"\u00ab\u00a0JO Tokyo 2020 &#8211; Escrime : Les fleurettistes fran\u00e7aises en finale\u00a0\u00bb &#8212; Dicodusport\" src=\"https:\/\/dicodusport.fr\/blog\/jo-tokyo-2020-escrime-les-fleurettistes-francaises-en-finale\/embed\/#?secret=pF8PNSwWFi\" data-secret=\"pF8PNSwWFi\" width=\"600\" height=\"338\" frameborder=\"0\" marginwidth=\"0\" marginheight=\"0\" scrolling=\"no\"><\/iframe><\/span><\/td>\n<\/tr>\n<\/tbody>\n<\/table>\n<table style=\"width: 97%; border-color: #ffffff;\">\n<tbody>\n<tr style=\"height: 120px;\">\n<td style=\"border-color: #ffffff #ffffff #e0e0e0; background-color: #ffffff; width: 150px; border-bottom-style: solid; border-bottom-width: 1px; text-align: center; vertical-align: top;\">\n<p style=\"text-align: center;\"><strong>07:40<\/strong><\/p>\n<p>&#x1f6f6;<\/td>\n<td style=\"border-color: #ffffff #ffffff #e0e0e0; background-color: #ffffff; text-align: justify; width: 650px; border-bottom-style: solid; border-bottom-width: 1px; vertical-align: top;\">\n<p style=\"text-align: justify;\"><b>MARJORIE DELASSUS EN FINALE DU C1<\/b><\/p>\n<p>Cinqui\u00e8me temps des demi-finales, la Fran\u00e7aise Marjorie Delassus s&rsquo;est qualifi\u00e9e pour la finale en slalom C1. La finale aura lieu aujourd&rsquo;hui (8h55).<\/p>\n<blockquote class=\"twitter-tweet\">\n<p dir=\"ltr\" lang=\"fr\">&#x1f1eb;&#x1f1f7; Marjorie Delassus file en finale !<\/p>\n<p>La Fran\u00e7aise r\u00e9alise un parcours quasiment parfait qui lui assure de se classer parmi les 10 meilleurs temps <a href=\"https:\/\/twitter.com\/hashtag\/Tokyo2020?src=hash&amp;ref_src=twsrc%5Etfw\">#Tokyo2020<\/a><\/p>\n<p>&#x25b6;&#xfe0f; Suivez les J.O. en direct : <a href=\"https:\/\/t.co\/t3mdRtumdd\">https:\/\/t.co\/t3mdRtumdd<\/a> <a href=\"https:\/\/t.co\/xYNG4ATVYE\">pic.twitter.com\/xYNG4ATVYE<\/a><\/p>\n<p>\u2014 France tv sport (@francetvsport) <a href=\"https:\/\/twitter.com\/francetvsport\/status\/1420618024206446595?ref_src=twsrc%5Etfw\">July 29, 2021<\/a><\/p><\/blockquote>\n<p><script async src=\"https:\/\/platform.twitter.com\/widgets.js\" charset=\"utf-8\"><\/script><\/td>\n<\/tr>\n<\/tbody>\n<\/table>\n<table style=\"width: 97%; border-color: #ffffff;\">\n<tbody>\n<tr style=\"height: 120px;\">\n<td style=\"border-color: #ffffff #ffffff #e0e0e0; background-color: #ffffff; width: 150px; border-bottom-style: solid; border-bottom-width: 1px; text-align: center; vertical-align: top;\">\n<p style=\"text-align: center;\"><strong>06:16<\/strong><\/p>\n<p>&#x1f94a;<\/td>\n<td style=\"border-color: #ffffff #ffffff #e0e0e0; background-color: #ffffff; text-align: justify; width: 650px; border-bottom-style: solid; border-bottom-width: 1px; vertical-align: top;\">\n<p style=\"text-align: justify;\"><b>MOURAD ALIEV FILE EN QUARTS CHEZ LES POIDS LOURDS<\/b><\/p>\n<p>Oppos\u00e9 au Tadjik Siyovush Zukhurov, le Fran\u00e7ais Mourad Aliev s&rsquo;est largement impos\u00e9 (5-0), lors des 8\u00e8mes de finale de la cat\u00e9gorie des poids lourds. En quarts, il affrontera le Britannique Frazer Clarke (dimanche 1er ao\u00fbt).<\/p>\n<p><span class=\"cT0u9iWBHONQv9Wtaqn1JKwLlnEtRxUZCPLpgVSB7IwyUT3OGp24oYrvcXDsjSkj5YfQkhs17yi6XruI4GaVNbHDo3APZgef5\"><\/p>\n<blockquote class=\"wp-embedded-content\" data-secret=\"KhJ0EY5Xys\"><p><a href=\"https:\/\/dicodusport.fr\/blog\/jo-tokyo-2020-boxe-mourad-aliev-file-en-quarts-de-finale\/\">JO Tokyo 2020 &#8211; Boxe : Mourad Aliev file en quarts de finale<\/a><\/p><\/blockquote>\n<p><iframe loading=\"lazy\" class=\"wp-embedded-content\" sandbox=\"allow-scripts\" security=\"restricted\" style=\"position: absolute; clip: rect(1px, 1px, 1px, 1px);\" title=\"\u00ab\u00a0JO Tokyo 2020 &#8211; Boxe : Mourad Aliev file en quarts de finale\u00a0\u00bb &#8212; Dicodusport\" src=\"https:\/\/dicodusport.fr\/blog\/jo-tokyo-2020-boxe-mourad-aliev-file-en-quarts-de-finale\/embed\/#?secret=KhJ0EY5Xys\" data-secret=\"KhJ0EY5Xys\" width=\"600\" height=\"338\" frameborder=\"0\" marginwidth=\"0\" marginheight=\"0\" scrolling=\"no\"><\/iframe><\/span><\/td>\n<\/tr>\n<\/tbody>\n<\/table>\n<table style=\"width: 97%; border-color: #ffffff;\">\n<tbody>\n<tr style=\"height: 120px;\">\n<td style=\"border-color: #ffffff #ffffff #e0e0e0; background-color: #ffffff; width: 150px; border-bottom-style: solid; border-bottom-width: 1px; text-align: center; vertical-align: top;\">\n<p style=\"text-align: center;\"><strong>06:10<\/strong><\/p>\n<p>&#x1f94b;<\/td>\n<td style=\"border-color: #ffffff #ffffff #e0e0e0; background-color: #ffffff; text-align: justify; width: 650px; border-bottom-style: solid; border-bottom-width: 1px; vertical-align: top;\">\n<p style=\"text-align: justify;\"><b>MADELEINE MALONGA EN DEMIES<\/b><\/p>\n<p>Cette fois, elle a d\u00fb s&#8217;employer jusqu&rsquo;au bout ! Madeleine Malonga s&rsquo;est impos\u00e9e au golden score face \u00e0 la Cubaine Antomarchi, gr\u00e2ce \u00e0 un superbe ippon. La Fran\u00e7aise, num\u00e9ro 1 mondiale dans sa cat\u00e9gorie des &#8211; de 78 kg, affrontera la surprise du tournoi en demies, la Cor\u00e9enne Yoon (\u00e0 partir de 10h).<\/p>\n<blockquote class=\"twitter-tweet\">\n<p dir=\"ltr\" lang=\"fr\">&#x1f94b;&#x1f1eb;&#x1f1f7; La Fran\u00e7aise Madeleine Malonga encha\u00eene et poursuit son aventure olympique en se qualifiant en demi-finale. Pouss\u00e9e jusqu&rsquo;au Golden Score par la Cubaine Kaliema Antomarchi, Madeleine Malonga gagne par ippon <a href=\"https:\/\/twitter.com\/hashtag\/Tokyo2020?src=hash&amp;ref_src=twsrc%5Etfw\">#Tokyo2020<\/a><\/p>\n<p>&#x25b6; Suivez les J.O. en direct : <a href=\"https:\/\/t.co\/t3mdRtumdd\">https:\/\/t.co\/t3mdRtumdd<\/a> <a href=\"https:\/\/t.co\/adBrxSpeDp\">pic.twitter.com\/adBrxSpeDp<\/a><\/p>\n<p>\u2014 France tv sport (@francetvsport) <a href=\"https:\/\/twitter.com\/francetvsport\/status\/1420598494113505287?ref_src=twsrc%5Etfw\">July 29, 2021<\/a><\/p><\/blockquote>\n<p><script async src=\"https:\/\/platform.twitter.com\/widgets.js\" charset=\"utf-8\"><\/script><\/td>\n<\/tr>\n<\/tbody>\n<\/table>\n<table style=\"width: 97%; border-color: #ffffff;\">\n<tbody>\n<tr style=\"height: 120px;\">\n<td style=\"border-color: #ffffff #ffffff #e0e0e0; background-color: #ffffff; width: 150px; border-bottom-style: solid; border-bottom-width: 1px; text-align: center; vertical-align: top;\">\n<p style=\"text-align: center;\"><strong>05:58<\/strong><\/p>\n<p>&#x1f3ca;<\/td>\n<td style=\"border-color: #ffffff #ffffff #e0e0e0; background-color: #ffffff; text-align: justify; width: 650px; border-bottom-style: solid; border-bottom-width: 1px; vertical-align: top;\">\n<p style=\"text-align: justify;\"><b>UNE CHINE RECORD SUR LE 4X200 M NL !<\/b><\/p>\n<p>Incroyables Chinoises ! En 7:40.33, Yang, Tang, Zhang et Li ont battu le record du monde du 4x200m nage libre, s&#8217;emparant \u00e9videmment du titre olympique ! Les \u00c9tats-Unis de Katie Ledecky en feu dans le dernier 200m terminent deuxi\u00e8mes, devant l&rsquo;Australie. Les Fran\u00e7aises (Bonnet, Touati, Tessariol et Fabre) terminent 8\u00e8mes et derni\u00e8res.<\/p>\n<blockquote class=\"twitter-tweet\">\n<p dir=\"ltr\" lang=\"fr\">&#x1f1e8;&#x1f1f3; Lors d&rsquo;une course folle, la Chine prend l&rsquo;or et bat le record du monde sur le 4&#215;200 nage libre devant les Am\u00e9ricaines malgr\u00e9 un dernier 200m incroyable de Katie Ledecky.<\/p>\n<p>L&rsquo;Australie compl\u00e8te le podium <a href=\"https:\/\/twitter.com\/hashtag\/Tokyo2020?src=hash&amp;ref_src=twsrc%5Etfw\">#Tokyo2020<\/a><\/p>\n<p>&#x25b6;&#xfe0f; Suivez les J.O. en direct : <a href=\"https:\/\/t.co\/t3mdRtumdd\">https:\/\/t.co\/t3mdRtumdd<\/a> <a href=\"https:\/\/t.co\/y0hnVVGJcK\">pic.twitter.com\/y0hnVVGJcK<\/a><\/p>\n<p>\u2014 France tv sport (@francetvsport) <a href=\"https:\/\/twitter.com\/francetvsport\/status\/1420595335819374603?ref_src=twsrc%5Etfw\">July 29, 2021<\/a><\/p><\/blockquote>\n<p><script async src=\"https:\/\/platform.twitter.com\/widgets.js\" charset=\"utf-8\"><\/script><\/td>\n<\/tr>\n<\/tbody>\n<\/table>\n<table style=\"width: 97%; border-color: #ffffff;\">\n<tbody>\n<tr style=\"height: 120px;\">\n<td style=\"border-color: #ffffff #ffffff #e0e0e0; background-color: #ffffff; width: 150px; border-bottom-style: solid; border-bottom-width: 1px; text-align: center; vertical-align: top;\">\n<p style=\"text-align: center;\"><strong>05:18<\/strong><\/p>\n<p>&#x1f93a;<\/td>\n<td style=\"border-color: #ffffff #ffffff #e0e0e0; background-color: #ffffff; text-align: justify; width: 650px; border-bottom-style: solid; border-bottom-width: 1px; vertical-align: top;\">\n<p style=\"text-align: justify;\"><b>LES FLEURETTISTES TRICOLORES VERRONT LES DEMIES<\/b><\/p>\n<p>Oppos\u00e9es au Canada, Ysaora Thibus, Pauline Ranvier et Anita Blaze ont obtenu leur ticket pour les demies de la comp\u00e9tition du fleuret par \u00e9quipes, en s&rsquo;imposant 45-29. Elles rencontreront l&rsquo;Italie, num\u00e9ro deux mondiale (6h55).<\/p>\n<blockquote class=\"twitter-tweet\">\n<p dir=\"ltr\" lang=\"fr\">&#x1f93a;&#x1f1eb;&#x1f1f7; Ysaora Thibus ent\u00e9rine le large succ\u00e8s des Bleues en fleuret par \u00e9quipes. L&rsquo;\u00e9quipe de France s&rsquo;impose 45-29 face au Canada et retrouvera l&rsquo;Italie en demi-finale <a href=\"https:\/\/twitter.com\/hashtag\/JeuxOlympiques?src=hash&amp;ref_src=twsrc%5Etfw\">#JeuxOlympiques<\/a> <a href=\"https:\/\/twitter.com\/hashtag\/Tokyo2020?src=hash&amp;ref_src=twsrc%5Etfw\">#Tokyo2020<\/a><\/p>\n<p>&#x25b6; Suivez les J.O. en direct : <a href=\"https:\/\/t.co\/t3mdRtumdd\">https:\/\/t.co\/t3mdRtumdd<\/a> <a href=\"https:\/\/t.co\/eazdwSTRqd\">pic.twitter.com\/eazdwSTRqd<\/a><\/p>\n<p>\u2014 France tv sport (@francetvsport) <a href=\"https:\/\/twitter.com\/francetvsport\/status\/1420583464835952640?ref_src=twsrc%5Etfw\">July 29, 2021<\/a><\/p><\/blockquote>\n<p><script async src=\"https:\/\/platform.twitter.com\/widgets.js\" charset=\"utf-8\"><\/script><\/td>\n<\/tr>\n<\/tbody>\n<\/table>\n<table style=\"width: 97%; border-color: #ffffff;\">\n<tbody>\n<tr style=\"height: 120px;\">\n<td style=\"border-color: #ffffff #ffffff #e0e0e0; background-color: #ffffff; width: 150px; border-bottom-style: solid; border-bottom-width: 1px; text-align: center; vertical-align: top;\">\n<p style=\"text-align: center;\"><strong>05:10<\/strong><\/p>\n<p>&#x1f6b2;<\/td>\n<td style=\"border-color: #ffffff #ffffff #e0e0e0; background-color: #ffffff; text-align: justify; width: 650px; border-bottom-style: solid; border-bottom-width: 1px; vertical-align: top;\">\n<p style=\"text-align: justify;\"><b>3\/3 POUR LES BLEUS EN BMX RACING, VALENTINO OUT CHEZ LES DAMES<\/b><\/p>\n<p>Les trois Fran\u00e7ais engag\u00e9s en quarts de finale, Sylvain Andr\u00e9, Joris Daudet et Romain Mahieu, ont d\u00e9croch\u00e9 leur ticket pour les demi-finales, qui se d\u00e9rouleront la nuit prochaine. En revanche, chez les dames, seule Axelle \u00c9tienne est parvenue \u00e0 rallier les demies, Manon Valentino \u00e9tant \u00e9limin\u00e9e.<\/p>\n<p><span class=\"EaksjowQs2zIpuTPUf6fcVkJEF3DYn7C18yjrnhRxlKvwdLrWH9SiaTFUyvbObDINPXmWXAeK9NO2HCi0Gq48gcYZmJtSVzM\"><\/p>\n<blockquote class=\"wp-embedded-content\" data-secret=\"fBwFXpp7Ll\"><p><a href=\"https:\/\/dicodusport.fr\/blog\/jo-tokyo-2020-bmx-carton-plein-chez-les-bleus-axelle-etienne-en-demies\/\">JO Tokyo 2020 &#8211; BMX : Carton plein chez les Bleus, Axelle \u00c9tienne en demies<\/a><\/p><\/blockquote>\n<p><iframe loading=\"lazy\" class=\"wp-embedded-content\" sandbox=\"allow-scripts\" security=\"restricted\" style=\"position: absolute; clip: rect(1px, 1px, 1px, 1px);\" title=\"\u00ab\u00a0JO Tokyo 2020 &#8211; BMX : Carton plein chez les Bleus, Axelle \u00c9tienne en demies\u00a0\u00bb &#8212; Dicodusport\" src=\"https:\/\/dicodusport.fr\/blog\/jo-tokyo-2020-bmx-carton-plein-chez-les-bleus-axelle-etienne-en-demies\/embed\/#?secret=fBwFXpp7Ll\" data-secret=\"fBwFXpp7Ll\" width=\"600\" height=\"338\" frameborder=\"0\" marginwidth=\"0\" marginheight=\"0\" scrolling=\"no\"><\/iframe><\/span><\/td>\n<\/tr>\n<\/tbody>\n<\/table>\n<table style=\"width: 97%; border-color: #ffffff;\">\n<tbody>\n<tr style=\"height: 120px;\">\n<td style=\"border-color: #ffffff #ffffff #e0e0e0; background-color: #ffffff; width: 150px; border-bottom-style: solid; border-bottom-width: 1px; text-align: center; vertical-align: top;\">\n<p style=\"text-align: center;\"><strong>04:53<\/strong><\/p>\n<p>&#x1f94b;<\/td>\n<td style=\"border-color: #ffffff #ffffff #e0e0e0; background-color: #ffffff; text-align: justify; width: 650px; border-bottom-style: solid; border-bottom-width: 1px; vertical-align: top;\">\n<p style=\"text-align: justify;\"><b>MADELEINE MALONGA FACILE<\/b><\/p>\n<p>Oppos\u00e9e \u00e0 l&rsquo;Autrichienne Bernadette Graf dans la cat\u00e9gorie des &#8211; de 78 kg, Madeleine Malonga n&rsquo;a pas fait dans le d\u00e9tail pour son entr\u00e9e en ligne. La Fran\u00e7aise s&rsquo;est impos\u00e9e sur ippon au bout d&rsquo;une minute de combat. Elle affrontera la Cubaine Antomarchi en quarts de finale.<\/p>\n<blockquote class=\"twitter-tweet\">\n<p dir=\"ltr\" lang=\"fr\">Madeleine Malonga (-78kg) fait tr\u00e8s bonne impression et s\u2019impose face \u00e0 l\u2019Autrichienne Bernadette Graf sur ippon ! &#x1f4aa;&#x1f1eb;&#x1f1f7;<a href=\"https:\/\/twitter.com\/hashtag\/UneSeuleEquipe?src=hash&amp;ref_src=twsrc%5Etfw\">#UneSeuleEquipe<\/a> <a href=\"https:\/\/twitter.com\/hashtag\/Tokyo2020?src=hash&amp;ref_src=twsrc%5Etfw\">#Tokyo2020<\/a> <a href=\"https:\/\/twitter.com\/hashtag\/FierdEtreJudoka?src=hash&amp;ref_src=twsrc%5Etfw\">#FierdEtreJudoka<\/a><\/p>\n<p>\u2014 France Judo (@francejudo_) <a href=\"https:\/\/twitter.com\/francejudo_\/status\/1420576658193530880?ref_src=twsrc%5Etfw\">July 29, 2021<\/a><\/p><\/blockquote>\n<p><script async src=\"https:\/\/platform.twitter.com\/widgets.js\" charset=\"utf-8\"><\/script><\/p>\n<p style=\"text-align: justify;\"><strong>\u00c0 lire aussi<\/strong><\/p>\n<ul>\n<li style=\"text-align: justify;\"><a href=\"https:\/\/dicodusport.fr\/blog\/judo-jeux-olympiques-tokyo-calendrier-et-resultats\/\">Calendrier et r\u00e9sultats du judo aux Jeux Olympiques<\/a><\/li>\n<\/ul>\n<\/td>\n<\/tr>\n<\/tbody>\n<\/table>\n<table style=\"width: 97%; border-color: #ffffff;\">\n<tbody>\n<tr style=\"height: 120px;\">\n<td style=\"border-color: #ffffff #ffffff #e0e0e0; background-color: #ffffff; width: 150px; border-bottom-style: solid; border-bottom-width: 1px; text-align: center; vertical-align: top;\">\n<p style=\"text-align: center;\"><strong>04:48<\/strong><\/p>\n<p>&#x1f3ca;<\/td>\n<td style=\"border-color: #ffffff #ffffff #e0e0e0; background-color: #ffffff; text-align: justify; width: 650px; border-bottom-style: solid; border-bottom-width: 1px; vertical-align: top;\">\n<p style=\"text-align: justify;\"><b>DRESSEL ROI DU 100M NL, GROUSSET 4\u00c8ME<\/b><\/p>\n<p style=\"text-align: justify;\">Au terme d&rsquo;une finale domin\u00e9e de la t\u00eate et des \u00e9paules, l&rsquo;Am\u00e9ricain Caeleb Dressel s&rsquo;est adjug\u00e9 la m\u00e9daille d&rsquo;or sur la 100m nage libre, record olympique en prime (47.02). L&rsquo;Australien Chalmers et le Russe Kolesnikov compl\u00e8tent le podium, devant un excellent Maxime Grousset, 4\u00e8me \u00e0 l&rsquo;arriv\u00e9e.<\/p>\n<blockquote class=\"twitter-tweet\">\n<p dir=\"ltr\" lang=\"fr\">&#x1f1fa;&#x1f1f8; Caeleb Dressel roi du sprint mondial !<\/p>\n<p>L&rsquo;Am\u00e9ricain bat le record olympique en 47.02s et s&rsquo;impose sur le 100m nage libre devant Kyle Chalmers et Kliment Kolesnikov.<\/p>\n<p>&#x1f1eb;&#x1f1f7; Maxime Grousset termine 4e <a href=\"https:\/\/twitter.com\/hashtag\/Tokyo2020?src=hash&amp;ref_src=twsrc%5Etfw\">#Tokyo2020<\/a><\/p>\n<p>&#x25b6;&#xfe0f; Suivez les J.O. en direct : <a href=\"https:\/\/t.co\/t3mdRtumdd\">https:\/\/t.co\/t3mdRtumdd<\/a> <a href=\"https:\/\/t.co\/VfAMHjx7J5\">pic.twitter.com\/VfAMHjx7J5<\/a><\/p>\n<p>\u2014 France tv sport (@francetvsport) <a href=\"https:\/\/twitter.com\/francetvsport\/status\/1420576599670460418?ref_src=twsrc%5Etfw\">July 29, 2021<\/a><\/p><\/blockquote>\n<p><script async src=\"https:\/\/platform.twitter.com\/widgets.js\" charset=\"utf-8\"><\/script><\/td>\n<\/tr>\n<\/tbody>\n<\/table>\n<table style=\"width: 97%; border-color: #ffffff;\">\n<tbody>\n<tr style=\"height: 120px;\">\n<td style=\"border-color: #ffffff #ffffff #e0e0e0; background-color: #ffffff; width: 150px; border-bottom-style: solid; border-bottom-width: 1px; text-align: center; vertical-align: top;\">\n<p style=\"text-align: center;\"><strong>04:28<\/strong><\/p>\n<p>&#x1f94b;<\/td>\n<td style=\"border-color: #ffffff #ffffff #e0e0e0; background-color: #ffffff; text-align: justify; width: 650px; border-bottom-style: solid; border-bottom-width: 1px; vertical-align: top;\">\n<p style=\"text-align: justify;\"><b>C&rsquo;EST D\u00c9J\u00c0 TERMIN\u00c9 POUR ALEXANDRE IDDIR<\/b><\/p>\n<p>Il n&rsquo;a pas fait long feu. Dans la cat\u00e9gorie des &#8211; de 100kg, Alexandre Iddir a \u00e9t\u00e9 sorti d\u00e8s les 16\u00e8mes de finale, battu sur waza-ari par l&rsquo;Azerba\u00efdjanais Zelym Kotsoiev.<\/p>\n<blockquote class=\"twitter-tweet\">\n<p dir=\"ltr\" lang=\"fr\">&#x1f1eb;&#x1f1f7; C&rsquo;est termin\u00e9 pour Alexandre Iddir qui s&rsquo;incline sur waza-azri face \u00e0 l&rsquo;Az\u00e9ri Zelym Kotsoiev &#x1f94b;<a href=\"https:\/\/twitter.com\/hashtag\/AllezLesBleus?src=hash&amp;ref_src=twsrc%5Etfw\">#AllezLesBleus<\/a> <a href=\"https:\/\/twitter.com\/hashtag\/Tokyo2020?src=hash&amp;ref_src=twsrc%5Etfw\">#Tokyo2020<\/a><\/p>\n<p>\u2014 Equipe France (@EquipeFRA) <a href=\"https:\/\/twitter.com\/EquipeFRA\/status\/1420570187154157569?ref_src=twsrc%5Etfw\">July 29, 2021<\/a><\/p><\/blockquote>\n<p><script async src=\"https:\/\/platform.twitter.com\/widgets.js\" charset=\"utf-8\"><\/script><\/p>\n<p style=\"text-align: justify;\"><strong>\u00c0 lire aussi<\/strong><\/p>\n<ul>\n<li style=\"text-align: justify;\"><a href=\"https:\/\/dicodusport.fr\/blog\/judo-jeux-olympiques-tokyo-calendrier-et-resultats\/\">Calendrier et r\u00e9sultats du judo aux Jeux Olympiques<\/a><\/li>\n<\/ul>\n<\/td>\n<\/tr>\n<\/tbody>\n<\/table>\n<table style=\"width: 97%; border-color: #ffffff;\">\n<tbody>\n<tr style=\"height: 120px;\">\n<td style=\"border-color: #ffffff #ffffff #e0e0e0; background-color: #ffffff; width: 150px; border-bottom-style: solid; border-bottom-width: 1px; text-align: center; vertical-align: top;\">\n<p style=\"text-align: center;\"><strong>04:15<\/strong><\/p>\n<p>&#x1f3ca;<\/td>\n<td style=\"border-color: #ffffff #ffffff #e0e0e0; background-color: #ffffff; text-align: justify; width: 650px; border-bottom-style: solid; border-bottom-width: 1px; vertical-align: top;\">\n<p style=\"text-align: justify;\"><b>WATTEL ET BONNET OUT EN DEMIES DU 100M NAGE LIBRE<\/b><\/p>\n<p style=\"text-align: justify;\">Respectivement 9\u00e8me et 15\u00e8me temps des demi-finales, Marie Wattel et Charlotte Bonnet ne disputeront pas la finale. Une d\u00e9ception de plus pour la natation fran\u00e7aise \u00e0 Tokyo.<\/p>\n<blockquote class=\"twitter-tweet\">\n<p dir=\"ltr\" lang=\"fr\">&#x1f1eb;&#x1f1f7; Marie Wattel termine cinqui\u00e8me de sa course mais r\u00e9alise le 9e temps des demi-finales <a href=\"https:\/\/twitter.com\/hashtag\/Tokyo2020?src=hash&amp;ref_src=twsrc%5Etfw\">#Tokyo2020<\/a><\/p>\n<p>Elle n&rsquo;entre pas en finale du 100m nage libre, tout comme Charlotte Bonnet, 15e chrono.<\/p>\n<p>&#x25b6;&#xfe0f; Suivez les J.O. en direct : <a href=\"https:\/\/t.co\/t3mdRtumdd\">https:\/\/t.co\/t3mdRtumdd<\/a> <a href=\"https:\/\/t.co\/Ey3d6wjIeq\">pic.twitter.com\/Ey3d6wjIeq<\/a><\/p>\n<p>\u2014 France tv sport (@francetvsport) <a href=\"https:\/\/twitter.com\/francetvsport\/status\/1420567593811861507?ref_src=twsrc%5Etfw\">July 29, 2021<\/a><\/p><\/blockquote>\n<p><script async src=\"https:\/\/platform.twitter.com\/widgets.js\" charset=\"utf-8\"><\/script><\/p>\n<p style=\"text-align: justify;\"><strong>\u00c0 lire aussi<\/strong><\/p>\n<ul>\n<li style=\"text-align: justify;\"><a href=\"https:\/\/dicodusport.fr\/blog\/natation-jeux-olympiques-de-tokyo-calendrier-et-resultats\/\">Calendrier et r\u00e9sultats de la natation aux Jeux Olympiques<\/a><\/li>\n<\/ul>\n<\/td>\n<\/tr>\n<\/tbody>\n<\/table>\n<table style=\"width: 97%; border-color: #ffffff;\">\n<tbody>\n<tr style=\"height: 120px;\">\n<td style=\"border-color: #ffffff #ffffff #e0e0e0; background-color: #ffffff; width: 150px; border-bottom-style: solid; border-bottom-width: 1px; text-align: center; vertical-align: top;\">\n<p style=\"text-align: center;\"><strong>03:30<\/strong><\/p>\n<p>&#x1f6a3;&#x200d;&#x2642;&#xfe0f;&#x1f1eb;&#x1f1f7;&#x1f948;<\/td>\n<td style=\"border-color: #ffffff #ffffff #e0e0e0; background-color: #ffffff; text-align: justify; width: 650px; border-bottom-style: solid; border-bottom-width: 1px; vertical-align: top;\">\n<p style=\"text-align: justify;\"><b>L&rsquo;ARGENT POUR CLAIRE BOV\u00c9 ET LAURA TARANTOLA !<\/b><\/p>\n<p style=\"text-align: justify;\">Au terme d&rsquo;une splendide course, Claire Bov\u00e9 et Laura Tarantola ont d\u00e9croch\u00e9 la m\u00e9daille d&rsquo;argent sur le deux de couple poids l\u00e9ger. Les Fran\u00e7aises ont \u00e9t\u00e9 devanc\u00e9es par les Italiennes, tandis que les Pays-Bas compl\u00e8tent le podium. Le duo Bov\u00e9-Tarantola met ainsi fin \u00e0 une disette de 25 ans sans m\u00e9daille pour l&rsquo;aviron f\u00e9minin tricolore. C&rsquo;est la 9\u00e8me m\u00e9daille pour le clan fran\u00e7ais \u00e0 Tokyo.<\/p>\n<p><span class=\"uUy1n\"><\/p>\n<blockquote class=\"wp-embedded-content\" data-secret=\"8AunvYzFfl\"><p><a href=\"https:\/\/dicodusport.fr\/blog\/jo-tokyo-2020-aviron-bove-tarantola-en-argent-deux-de-couple-poids-leger\/\">JO Tokyo 2020 &#8211; Aviron : Bov\u00e9 et Tarantola en argent sur le deux de couple poids l\u00e9ger<\/a><\/p><\/blockquote>\n<p><iframe loading=\"lazy\" class=\"wp-embedded-content\" sandbox=\"allow-scripts\" security=\"restricted\" style=\"position: absolute; clip: rect(1px, 1px, 1px, 1px);\" title=\"\u00ab\u00a0JO Tokyo 2020 &#8211; Aviron : Bov\u00e9 et Tarantola en argent sur le deux de couple poids l\u00e9ger\u00a0\u00bb &#8212; Dicodusport\" src=\"https:\/\/dicodusport.fr\/blog\/jo-tokyo-2020-aviron-bove-tarantola-en-argent-deux-de-couple-poids-leger\/embed\/#?secret=8AunvYzFfl\" data-secret=\"8AunvYzFfl\" width=\"600\" height=\"338\" frameborder=\"0\" marginwidth=\"0\" marginheight=\"0\" scrolling=\"no\"><\/iframe><\/span><\/p>\n<p style=\"text-align: justify;\"><strong>\u00c0 lire aussi<\/strong><\/p>\n<ul>\n<li style=\"text-align: justify;\"><a href=\"https:\/\/dicodusport.fr\/blog\/aviron-jeux-olympiques-de-tokyo-calendrier-et-resultats\/\">Calendrier et r\u00e9sultats de l&rsquo;aviron aux Jeux Olympiques<\/a><\/li>\n<li style=\"text-align: justify;\"><a href=\"https:\/\/dicodusport.fr\/blog\/jeux-olympiques-tokyo-2020-le-tableau-des-medailles\/\">Le tableau des m\u00e9dailles<\/a><\/li>\n<\/ul>\n<\/td>\n<\/tr>\n<\/tbody>\n<\/table>\n<table style=\"width: 97%; border-color: #ffffff;\">\n<tbody>\n<tr style=\"height: 120px;\">\n<td style=\"border-color: #ffffff #ffffff #e0e0e0; background-color: #ffffff; width: 150px; border-bottom-style: solid; border-bottom-width: 1px; text-align: center; vertical-align: top;\">\n<p style=\"text-align: center;\"><strong>02:32<\/strong><\/p>\n<p>&#x1f3c9;<\/td>\n<td style=\"border-color: #ffffff #ffffff #e0e0e0; background-color: #ffffff; text-align: justify; width: 650px; border-bottom-style: solid; border-bottom-width: 1px; vertical-align: top;\">\n<p style=\"text-align: justify;\"><b>LES BLEUES DU 7 D\u00c9BUTENT PAR UNE VICTOIRE<\/b><\/p>\n<p style=\"text-align: justify;\">Sans forc\u00e9ment convaincre face \u00e0 une \u00e9quipe fidjienne inf\u00e9rieure, l&rsquo;\u00e9quipe de France f\u00e9minine \u00e0 7 a r\u00e9ussi son entr\u00e9e en mati\u00e8re avec une victoire \u00e0 l&rsquo;arrach\u00e9 (12-5).<\/p>\n<p><span class=\"CIB5VGzbOpTn1tUkqZA8MNmsqPuZ9FYkp0ltcDgaBRjH7NJxnGRjvWhoErvLFuiKQXgXWbQzoAId4wax2ewE8d3y7\"><\/p>\n<blockquote class=\"wp-embedded-content\" data-secret=\"8vxITRkz8M\"><p><a href=\"https:\/\/dicodusport.fr\/blog\/jo-tokyo-2020-rugby-a-7-les-bleues-entament-parfaitement-leur-tournoi-olympique\/\">JO Tokyo 2020 &#8211; Rugby \u00e0 7 : Les Bleues d\u00e9butent leur tournoi olympique par une victoire<\/a><\/p><\/blockquote>\n<p><iframe loading=\"lazy\" class=\"wp-embedded-content\" sandbox=\"allow-scripts\" security=\"restricted\" style=\"position: absolute; clip: rect(1px, 1px, 1px, 1px);\" title=\"\u00ab\u00a0JO Tokyo 2020 &#8211; Rugby \u00e0 7 : Les Bleues d\u00e9butent leur tournoi olympique par une victoire\u00a0\u00bb &#8212; Dicodusport\" src=\"https:\/\/dicodusport.fr\/blog\/jo-tokyo-2020-rugby-a-7-les-bleues-entament-parfaitement-leur-tournoi-olympique\/embed\/#?secret=8vxITRkz8M\" data-secret=\"8vxITRkz8M\" width=\"600\" height=\"338\" frameborder=\"0\" marginwidth=\"0\" marginheight=\"0\" scrolling=\"no\"><\/iframe><\/span><\/td>\n<\/tr>\n<\/tbody>\n<\/table>\n<table style=\"width: 97%; border-color: #ffffff;\">\n<tbody>\n<tr style=\"height: 120px;\">\n<td style=\"border-color: #ffffff #ffffff #e0e0e0; background-color: #ffffff; width: 150px; border-bottom-style: solid; border-bottom-width: 1px; text-align: center; vertical-align: top;\">\n<p style=\"text-align: center;\"><strong>01:55<\/strong><\/p>\n<p>&#x1f6a3;&#x200d;&#x2642;&#xfe0f;<\/td>\n<td style=\"border-color: #ffffff #ffffff #e0e0e0; background-color: #ffffff; text-align: justify; width: 650px; border-bottom-style: solid; border-bottom-width: 1px; vertical-align: top;\">\n<p style=\"text-align: justify;\"><b>GUILLAUME TURLAN ET THIBAUD TURLAN FONT LE SHOW<\/b><\/p>\n<p style=\"text-align: justify;\">Sc\u00e8ne assez cocasse lors de la finale B du deux de points sans barreur : les Fran\u00e7ais Guillaume et Thibaud Turlan ont termin\u00e9 dans le couloir des Bi\u00e9lorusses pour prendre la troisi\u00e8me place.<\/p>\n<blockquote class=\"twitter-tweet\">\n<p dir=\"ltr\" lang=\"fr\">&#x1f1eb;&#x1f1f7; Image insolite en aviron avec la paire fran\u00e7aise compos\u00e9e des fr\u00e8res Turlan qui d\u00e9vie de sa ligne lors du sprint final et vient finir derri\u00e8re le duo bi\u00e9lorusse en finale B de deux de pointe sans barreur <a href=\"https:\/\/twitter.com\/hashtag\/Tokyo2020?src=hash&amp;ref_src=twsrc%5Etfw\">#Tokyo2020<\/a><\/p>\n<p>&#x25b6;&#xfe0f; Suivez les J.O. en direct : <a href=\"https:\/\/t.co\/t3mdRtumdd\">https:\/\/t.co\/t3mdRtumdd<\/a> <a href=\"https:\/\/t.co\/hwgKXJPfQ0\">pic.twitter.com\/hwgKXJPfQ0<\/a><\/p>\n<p>\u2014 France tv sport (@francetvsport) <a href=\"https:\/\/twitter.com\/francetvsport\/status\/1420531387107577856?ref_src=twsrc%5Etfw\">July 28, 2021<\/a><\/p><\/blockquote>\n<p><script async src=\"https:\/\/platform.twitter.com\/widgets.js\" charset=\"utf-8\"><\/script><\/td>\n<\/tr>\n<\/tbody>\n<\/table>\n<table style=\"width: 97%; border-color: #ffffff;\">\n<tbody>\n<tr style=\"height: 120px;\">\n<td style=\"border-color: #ffffff #ffffff #e0e0e0; background-color: #ffffff; width: 150px; border-bottom-style: solid; border-bottom-width: 1px; text-align: center; vertical-align: top;\">\n<p style=\"text-align: center;\"><strong>00:35<\/strong><\/p>\n<p>&#x1f1eb;&#x1f1f7;<\/td>\n<td style=\"border-color: #ffffff #ffffff #e0e0e0; background-color: #ffffff; text-align: justify; width: 650px; border-bottom-style: solid; border-bottom-width: 1px; vertical-align: top;\">\n<p style=\"text-align: justify;\"><b>LE PROGRAMME DES FRAN\u00c7AIS DU JOUR<\/b><\/p>\n<p style=\"text-align: justify;\">Voici le programme des Tricolores de ce jeudi 29 juillet :<\/p>\n<p><span class=\"gu5pmkd3DG7Pfvt2WrEwReNs9z1jAiIXqM4nCyHFbVlxSYZOJUo6cQh\"><\/p>\n<blockquote class=\"wp-embedded-content\" data-secret=\"zQ40E2se87\"><p><a href=\"https:\/\/dicodusport.fr\/blog\/jo-tokyo-2020-le-programme-des-francais-pour-le-29-juillet\/\">JO Tokyo 2020 : le programme des Fran\u00e7ais pour le 29 juillet<\/a><\/p><\/blockquote>\n<p><iframe loading=\"lazy\" class=\"wp-embedded-content\" sandbox=\"allow-scripts\" security=\"restricted\" style=\"position: absolute; clip: rect(1px, 1px, 1px, 1px);\" title=\"\u00ab\u00a0JO Tokyo 2020 : le programme des Fran\u00e7ais pour le 29 juillet\u00a0\u00bb &#8212; Dicodusport\" src=\"https:\/\/dicodusport.fr\/blog\/jo-tokyo-2020-le-programme-des-francais-pour-le-29-juillet\/embed\/#?secret=zQ40E2se87\" data-secret=\"zQ40E2se87\" width=\"600\" height=\"338\" frameborder=\"0\" marginwidth=\"0\" marginheight=\"0\" scrolling=\"no\"><\/iframe><\/span><\/td>\n<\/tr>\n<\/tbody>\n<\/table>\n<table style=\"width: 97%; border-color: #ffffff;\">\n<tbody>\n<tr style=\"height: 120px;\">\n<td style=\"border-color: #ffffff #ffffff #e0e0e0; background-color: #ffffff; width: 150px; border-bottom-style: solid; border-bottom-width: 1px; text-align: center; vertical-align: top;\">\n<p style=\"text-align: center;\"><strong>00:30<\/strong><\/p>\n<p>&#x1f3df;<\/td>\n<td style=\"border-color: #ffffff #ffffff #e0e0e0; background-color: #ffffff; text-align: justify; width: 650px; border-bottom-style: solid; border-bottom-width: 1px; vertical-align: top;\">\n<p style=\"text-align: justify;\"><strong>DEBUT DE LA NEUVI\u00c8ME JOURN\u00c9E !<\/strong><\/p>\n<p style=\"text-align: justify;\">Avant de commencer cette nouvelle journ\u00e9e, voici ce que vous avez loup\u00e9 hier.<\/p>\n<p><span class=\"tS2yEQwRFpD4T\"><\/p>\n<blockquote class=\"wp-embedded-content\" data-secret=\"5aMnBwTafj\"><p><a href=\"https:\/\/dicodusport.fr\/blog\/jeux-olympiques-de-tokyo-2020-le-direct-commente-du-28-juillet\/\">Jeux Olympiques de Tokyo 2020 : le direct comment\u00e9 du 28 juillet<\/a><\/p><\/blockquote>\n<p><iframe loading=\"lazy\" class=\"wp-embedded-content\" sandbox=\"allow-scripts\" security=\"restricted\" style=\"position: absolute; clip: rect(1px, 1px, 1px, 1px);\" title=\"\u00ab\u00a0Jeux Olympiques de Tokyo 2020 : le direct comment\u00e9 du 28 juillet\u00a0\u00bb &#8212; Dicodusport\" src=\"https:\/\/dicodusport.fr\/blog\/jeux-olympiques-de-tokyo-2020-le-direct-commente-du-28-juillet\/embed\/#?secret=5aMnBwTafj\" data-secret=\"5aMnBwTafj\" width=\"600\" height=\"338\" frameborder=\"0\" marginwidth=\"0\" marginheight=\"0\" scrolling=\"no\"><\/iframe><\/span><\/td>\n<\/tr>\n<\/tbody>\n<\/table>\n","protected":false},"excerpt":{"rendered":"<p>JEUX OLYMPIQUES DE TOKYO 2020 &#8211; Bienvenue dans le direct comment\u00e9 du jeudi 29 juillet, neuvi\u00e8me journ\u00e9e des Jeux Olympiques de Tokyo.<\/p>\n","protected":false},"author":1,"featured_media":152384,"comment_status":"open","ping_status":"closed","sticky":false,"template":"","format":"standard","meta":{"_acf_changed":false,"_daextam_enable_autolinks":"","footnotes":""},"categories":[8433],"tags":[18155],"class_list":["post-151906","post","type-post","status-publish","format-standard","has-post-thumbnail","hentry","category-jo-tokyo-2020","tag-direct-commente"],"acf":[],"yoast_head":"<!-- This site is optimized with the Yoast SEO Premium plugin v26.7 (Yoast SEO v26.7) - https:\/\/yoast.com\/wordpress\/plugins\/seo\/ -->\n<title>Jeux Olympiques de Tokyo 2020 : le direct comment\u00e9 du 29 juillet<\/title>\n<meta name=\"description\" content=\"JEUX OLYMPIQUES DE TOKYO 2020 - Bienvenue dans le direct comment\u00e9 du jeudi 29 juillet, neuvi\u00e8me journ\u00e9e des Jeux Olympiques de Tokyo.\" \/>\n<meta name=\"robots\" content=\"index, follow, max-snippet:-1, max-image-preview:large, max-video-preview:-1\" \/>\n<link rel=\"canonical\" href=\"https:\/\/dicodusport.fr\/blog\/jeux-olympiques-de-tokyo-2020-le-direct-commente-du-29-juillet\/\" \/>\n<meta property=\"og:locale\" content=\"fr_FR\" \/>\n<meta property=\"og:type\" content=\"article\" \/>\n<meta property=\"og:title\" content=\"Jeux Olympiques de Tokyo 2020 : le direct comment\u00e9 du 29 juillet\" \/>\n<meta property=\"og:description\" content=\"JEUX OLYMPIQUES DE TOKYO 2020 - Bienvenue dans le direct comment\u00e9 du jeudi 29 juillet, neuvi\u00e8me journ\u00e9e des Jeux Olympiques de Tokyo.\" \/>\n<meta property=\"og:url\" content=\"https:\/\/dicodusport.fr\/blog\/jeux-olympiques-de-tokyo-2020-le-direct-commente-du-29-juillet\/\" \/>\n<meta property=\"og:site_name\" content=\"Dicodusport\" \/>\n<meta property=\"article:publisher\" content=\"https:\/\/www.facebook.com\/dicodusport\" \/>\n<meta property=\"article:author\" content=\"https:\/\/www.facebook.com\/dicodusport\" \/>\n<meta property=\"article:published_time\" content=\"2021-07-28T22:30:14+00:00\" \/>\n<meta property=\"article:modified_time\" content=\"2021-07-29T23:41:32+00:00\" \/>\n<meta property=\"og:image\" content=\"https:\/\/dicodusport.fr\/blog\/wp-content\/uploads\/2021\/07\/Jeux-Olympiques-de-Tokyo-2020-le-direct-commente-du-29-juillet.png\" \/>\n\t<meta property=\"og:image:width\" content=\"1200\" \/>\n\t<meta property=\"og:image:height\" content=\"670\" \/>\n\t<meta property=\"og:image:type\" content=\"image\/png\" \/>\n<meta name=\"author\" content=\"Nicolas Jacquemard\" \/>\n<meta name=\"twitter:card\" content=\"summary_large_image\" \/>\n<meta name=\"twitter:title\" content=\"Jeux Olympiques de Tokyo 2020 : le direct comment\u00e9 du 29 juillet\" \/>\n<meta name=\"twitter:creator\" content=\"@https:\/\/twitter.com\/Nico_Jacquemard\" \/>\n<meta name=\"twitter:site\" content=\"@dicodusport\" \/>\n<script type=\"application\/ld+json\" class=\"yoast-schema-graph\">{\"@context\":\"https:\/\/schema.org\",\"@graph\":[{\"@type\":\"NewsArticle\",\"@id\":\"https:\/\/dicodusport.fr\/blog\/jeux-olympiques-de-tokyo-2020-le-direct-commente-du-29-juillet\/#article\",\"isPartOf\":{\"@id\":\"https:\/\/dicodusport.fr\/blog\/jeux-olympiques-de-tokyo-2020-le-direct-commente-du-29-juillet\/\"},\"author\":{\"name\":\"Nicolas Jacquemard\",\"@id\":\"https:\/\/dicodusport.fr\/blog\/#\/schema\/person\/55dcb50ad410894e431ed812bbb70191\"},\"headline\":\"Jeux Olympiques de Tokyo 2020 : le direct comment\u00e9 du 29 juillet\",\"datePublished\":\"2021-07-28T22:30:14+00:00\",\"dateModified\":\"2021-07-29T23:41:32+00:00\",\"mainEntityOfPage\":{\"@id\":\"https:\/\/dicodusport.fr\/blog\/jeux-olympiques-de-tokyo-2020-le-direct-commente-du-29-juillet\/\"},\"wordCount\":2654,\"commentCount\":0,\"publisher\":{\"@id\":\"https:\/\/dicodusport.fr\/blog\/#organization\"},\"image\":{\"@id\":\"https:\/\/dicodusport.fr\/blog\/jeux-olympiques-de-tokyo-2020-le-direct-commente-du-29-juillet\/#primaryimage\"},\"thumbnailUrl\":\"https:\/\/dicodusport.fr\/blog\/wp-content\/uploads\/2021\/07\/Jeux-Olympiques-de-Tokyo-2020-le-direct-commente-du-29-juillet.png\",\"keywords\":[\"Direct comment\u00e9\"],\"articleSection\":[\"JO Tokyo 2020\"],\"inLanguage\":\"fr-FR\",\"potentialAction\":[{\"@type\":\"CommentAction\",\"name\":\"Comment\",\"target\":[\"https:\/\/dicodusport.fr\/blog\/jeux-olympiques-de-tokyo-2020-le-direct-commente-du-29-juillet\/#respond\"]}],\"copyrightYear\":\"2021\",\"copyrightHolder\":{\"@id\":\"https:\/\/dicodusport.fr\/blog\/#organization\"}},{\"@type\":\"WebPage\",\"@id\":\"https:\/\/dicodusport.fr\/blog\/jeux-olympiques-de-tokyo-2020-le-direct-commente-du-29-juillet\/\",\"url\":\"https:\/\/dicodusport.fr\/blog\/jeux-olympiques-de-tokyo-2020-le-direct-commente-du-29-juillet\/\",\"name\":\"Jeux Olympiques de Tokyo 2020 : le direct comment\u00e9 du 29 juillet\",\"isPartOf\":{\"@id\":\"https:\/\/dicodusport.fr\/blog\/#website\"},\"primaryImageOfPage\":{\"@id\":\"https:\/\/dicodusport.fr\/blog\/jeux-olympiques-de-tokyo-2020-le-direct-commente-du-29-juillet\/#primaryimage\"},\"image\":{\"@id\":\"https:\/\/dicodusport.fr\/blog\/jeux-olympiques-de-tokyo-2020-le-direct-commente-du-29-juillet\/#primaryimage\"},\"thumbnailUrl\":\"https:\/\/dicodusport.fr\/blog\/wp-content\/uploads\/2021\/07\/Jeux-Olympiques-de-Tokyo-2020-le-direct-commente-du-29-juillet.png\",\"datePublished\":\"2021-07-28T22:30:14+00:00\",\"dateModified\":\"2021-07-29T23:41:32+00:00\",\"description\":\"JEUX OLYMPIQUES DE TOKYO 2020 - Bienvenue dans le direct comment\u00e9 du jeudi 29 juillet, neuvi\u00e8me journ\u00e9e des Jeux Olympiques de Tokyo.\",\"breadcrumb\":{\"@id\":\"https:\/\/dicodusport.fr\/blog\/jeux-olympiques-de-tokyo-2020-le-direct-commente-du-29-juillet\/#breadcrumb\"},\"inLanguage\":\"fr-FR\",\"potentialAction\":[{\"@type\":\"ReadAction\",\"target\":[\"https:\/\/dicodusport.fr\/blog\/jeux-olympiques-de-tokyo-2020-le-direct-commente-du-29-juillet\/\"]}]},{\"@type\":\"ImageObject\",\"inLanguage\":\"fr-FR\",\"@id\":\"https:\/\/dicodusport.fr\/blog\/jeux-olympiques-de-tokyo-2020-le-direct-commente-du-29-juillet\/#primaryimage\",\"url\":\"https:\/\/dicodusport.fr\/blog\/wp-content\/uploads\/2021\/07\/Jeux-Olympiques-de-Tokyo-2020-le-direct-commente-du-29-juillet.png\",\"contentUrl\":\"https:\/\/dicodusport.fr\/blog\/wp-content\/uploads\/2021\/07\/Jeux-Olympiques-de-Tokyo-2020-le-direct-commente-du-29-juillet.png\",\"width\":1200,\"height\":670},{\"@type\":\"BreadcrumbList\",\"@id\":\"https:\/\/dicodusport.fr\/blog\/jeux-olympiques-de-tokyo-2020-le-direct-commente-du-29-juillet\/#breadcrumb\",\"itemListElement\":[{\"@type\":\"ListItem\",\"position\":1,\"name\":\"Accueil\",\"item\":\"https:\/\/dicodusport.fr\/blog\/\"},{\"@type\":\"ListItem\",\"position\":2,\"name\":\"Jeux Olympiques de Tokyo 2020 : le direct comment\u00e9 du 29 juillet\"}]},{\"@type\":\"WebSite\",\"@id\":\"https:\/\/dicodusport.fr\/blog\/#website\",\"url\":\"https:\/\/dicodusport.fr\/blog\/\",\"name\":\"Dicodusport\",\"description\":\"L&#039;encyclop\u00e9die de l&#039;actualit\u00e9 sportive\",\"publisher\":{\"@id\":\"https:\/\/dicodusport.fr\/blog\/#organization\"},\"potentialAction\":[{\"@type\":\"SearchAction\",\"target\":{\"@type\":\"EntryPoint\",\"urlTemplate\":\"https:\/\/dicodusport.fr\/blog\/?s={search_term_string}\"},\"query-input\":{\"@type\":\"PropertyValueSpecification\",\"valueRequired\":true,\"valueName\":\"search_term_string\"}}],\"inLanguage\":\"fr-FR\"},{\"@type\":\"NewsMediaOrganization\",\"@id\":\"https:\/\/dicodusport.fr\/blog\/#organization\",\"name\":\"Dicodusport\",\"url\":\"https:\/\/dicodusport.fr\/blog\/\",\"logo\":{\"@type\":\"ImageObject\",\"inLanguage\":\"fr-FR\",\"@id\":\"https:\/\/dicodusport.fr\/blog\/#\/schema\/logo\/image\/\",\"url\":\"https:\/\/dicodusport.fr\/blog\/wp-content\/uploads\/2020\/06\/cropped-LOGO-DICODUSPORT-2020-SANS-FOND-SANS-TEXTE.png\",\"contentUrl\":\"https:\/\/dicodusport.fr\/blog\/wp-content\/uploads\/2020\/06\/cropped-LOGO-DICODUSPORT-2020-SANS-FOND-SANS-TEXTE.png\",\"width\":512,\"height\":512,\"caption\":\"Dicodusport\"},\"image\":{\"@id\":\"https:\/\/dicodusport.fr\/blog\/#\/schema\/logo\/image\/\"},\"sameAs\":[\"https:\/\/www.facebook.com\/dicodusport\",\"https:\/\/x.com\/dicodusport\",\"https:\/\/www.instagram.com\/dicodusport\/\",\"https:\/\/www.youtube.com\/channel\/UC7V2KZ5sd3htJivAbA4ZG3w\"],\"description\":\"Dicodusport est l'encyclop\u00e9die de l'actualit\u00e9 sportive.\",\"email\":\"bonjour@dicodusport.fr\",\"legalName\":\"DICODUSPORT\",\"foundingDate\":\"2018-01-14\",\"vatID\":\"FR71834470973\",\"taxID\":\"83447097300043\",\"numberOfEmployees\":{\"@type\":\"QuantitativeValue\",\"minValue\":\"1\",\"maxValue\":\"10\"}},{\"@type\":\"Person\",\"@id\":\"https:\/\/dicodusport.fr\/blog\/#\/schema\/person\/55dcb50ad410894e431ed812bbb70191\",\"name\":\"Nicolas Jacquemard\",\"image\":{\"@type\":\"ImageObject\",\"inLanguage\":\"fr-FR\",\"@id\":\"https:\/\/dicodusport.fr\/blog\/#\/schema\/person\/image\/\",\"url\":\"https:\/\/dicodusport.fr\/blog\/wp-content\/uploads\/2021\/05\/Nicolas-Jacquemard-150x150.jpeg\",\"contentUrl\":\"https:\/\/dicodusport.fr\/blog\/wp-content\/uploads\/2021\/05\/Nicolas-Jacquemard-150x150.jpeg\",\"caption\":\"Nicolas Jacquemard\"},\"description\":\"Passionn\u00e9 de sport et entrepreneur depuis mes 18 ans, la cr\u00e9ation de Dicodusport m'a sembl\u00e9 \u00e9vidente pour participer \u00e0 la m\u00e9diatisation d'un plus grand nombre de sports. Le chemin est long mais avec une \u00e9quipe des plus motiv\u00e9es et les Jeux Olympiques de Paris 2024 en point de mire, nous y arriverons ! Journaliste dans le monde du sport depuis plus de 5 ans, je traite aussi bien de football, de rugby, de biathlon que de cyclisme.\",\"sameAs\":[\"https:\/\/www.facebook.com\/dicodusport\",\"https:\/\/x.com\/https:\/\/twitter.com\/Nico_Jacquemard\"],\"url\":\"https:\/\/dicodusport.fr\/blog\/author\/dicodusport\/\"}]}<\/script>\n<!-- \/ Yoast SEO Premium plugin. -->","yoast_head_json":{"title":"Jeux Olympiques de Tokyo 2020 : le direct comment\u00e9 du 29 juillet","description":"JEUX OLYMPIQUES DE TOKYO 2020 - Bienvenue dans le direct comment\u00e9 du jeudi 29 juillet, neuvi\u00e8me journ\u00e9e des Jeux Olympiques de Tokyo.","robots":{"index":"index","follow":"follow","max-snippet":"max-snippet:-1","max-image-preview":"max-image-preview:large","max-video-preview":"max-video-preview:-1"},"canonical":"https:\/\/dicodusport.fr\/blog\/jeux-olympiques-de-tokyo-2020-le-direct-commente-du-29-juillet\/","og_locale":"fr_FR","og_type":"article","og_title":"Jeux Olympiques de Tokyo 2020 : le direct comment\u00e9 du 29 juillet","og_description":"JEUX OLYMPIQUES DE TOKYO 2020 - Bienvenue dans le direct comment\u00e9 du jeudi 29 juillet, neuvi\u00e8me journ\u00e9e des Jeux Olympiques de Tokyo.","og_url":"https:\/\/dicodusport.fr\/blog\/jeux-olympiques-de-tokyo-2020-le-direct-commente-du-29-juillet\/","og_site_name":"Dicodusport","article_publisher":"https:\/\/www.facebook.com\/dicodusport","article_author":"https:\/\/www.facebook.com\/dicodusport","article_published_time":"2021-07-28T22:30:14+00:00","article_modified_time":"2021-07-29T23:41:32+00:00","og_image":[{"width":1200,"height":670,"url":"https:\/\/dicodusport.fr\/blog\/wp-content\/uploads\/2021\/07\/Jeux-Olympiques-de-Tokyo-2020-le-direct-commente-du-29-juillet.png","type":"image\/png"}],"author":"Nicolas Jacquemard","twitter_card":"summary_large_image","twitter_title":"Jeux Olympiques de Tokyo 2020 : le direct comment\u00e9 du 29 juillet","twitter_creator":"@https:\/\/twitter.com\/Nico_Jacquemard","twitter_site":"@dicodusport","schema":{"@context":"https:\/\/schema.org","@graph":[{"@type":"NewsArticle","@id":"https:\/\/dicodusport.fr\/blog\/jeux-olympiques-de-tokyo-2020-le-direct-commente-du-29-juillet\/#article","isPartOf":{"@id":"https:\/\/dicodusport.fr\/blog\/jeux-olympiques-de-tokyo-2020-le-direct-commente-du-29-juillet\/"},"author":{"name":"Nicolas Jacquemard","@id":"https:\/\/dicodusport.fr\/blog\/#\/schema\/person\/55dcb50ad410894e431ed812bbb70191"},"headline":"Jeux Olympiques de Tokyo 2020 : le direct comment\u00e9 du 29 juillet","datePublished":"2021-07-28T22:30:14+00:00","dateModified":"2021-07-29T23:41:32+00:00","mainEntityOfPage":{"@id":"https:\/\/dicodusport.fr\/blog\/jeux-olympiques-de-tokyo-2020-le-direct-commente-du-29-juillet\/"},"wordCount":2654,"commentCount":0,"publisher":{"@id":"https:\/\/dicodusport.fr\/blog\/#organization"},"image":{"@id":"https:\/\/dicodusport.fr\/blog\/jeux-olympiques-de-tokyo-2020-le-direct-commente-du-29-juillet\/#primaryimage"},"thumbnailUrl":"https:\/\/dicodusport.fr\/blog\/wp-content\/uploads\/2021\/07\/Jeux-Olympiques-de-Tokyo-2020-le-direct-commente-du-29-juillet.png","keywords":["Direct comment\u00e9"],"articleSection":["JO Tokyo 2020"],"inLanguage":"fr-FR","potentialAction":[{"@type":"CommentAction","name":"Comment","target":["https:\/\/dicodusport.fr\/blog\/jeux-olympiques-de-tokyo-2020-le-direct-commente-du-29-juillet\/#respond"]}],"copyrightYear":"2021","copyrightHolder":{"@id":"https:\/\/dicodusport.fr\/blog\/#organization"}},{"@type":"WebPage","@id":"https:\/\/dicodusport.fr\/blog\/jeux-olympiques-de-tokyo-2020-le-direct-commente-du-29-juillet\/","url":"https:\/\/dicodusport.fr\/blog\/jeux-olympiques-de-tokyo-2020-le-direct-commente-du-29-juillet\/","name":"Jeux Olympiques de Tokyo 2020 : le direct comment\u00e9 du 29 juillet","isPartOf":{"@id":"https:\/\/dicodusport.fr\/blog\/#website"},"primaryImageOfPage":{"@id":"https:\/\/dicodusport.fr\/blog\/jeux-olympiques-de-tokyo-2020-le-direct-commente-du-29-juillet\/#primaryimage"},"image":{"@id":"https:\/\/dicodusport.fr\/blog\/jeux-olympiques-de-tokyo-2020-le-direct-commente-du-29-juillet\/#primaryimage"},"thumbnailUrl":"https:\/\/dicodusport.fr\/blog\/wp-content\/uploads\/2021\/07\/Jeux-Olympiques-de-Tokyo-2020-le-direct-commente-du-29-juillet.png","datePublished":"2021-07-28T22:30:14+00:00","dateModified":"2021-07-29T23:41:32+00:00","description":"JEUX OLYMPIQUES DE TOKYO 2020 - Bienvenue dans le direct comment\u00e9 du jeudi 29 juillet, neuvi\u00e8me journ\u00e9e des Jeux Olympiques de Tokyo.","breadcrumb":{"@id":"https:\/\/dicodusport.fr\/blog\/jeux-olympiques-de-tokyo-2020-le-direct-commente-du-29-juillet\/#breadcrumb"},"inLanguage":"fr-FR","potentialAction":[{"@type":"ReadAction","target":["https:\/\/dicodusport.fr\/blog\/jeux-olympiques-de-tokyo-2020-le-direct-commente-du-29-juillet\/"]}]},{"@type":"ImageObject","inLanguage":"fr-FR","@id":"https:\/\/dicodusport.fr\/blog\/jeux-olympiques-de-tokyo-2020-le-direct-commente-du-29-juillet\/#primaryimage","url":"https:\/\/dicodusport.fr\/blog\/wp-content\/uploads\/2021\/07\/Jeux-Olympiques-de-Tokyo-2020-le-direct-commente-du-29-juillet.png","contentUrl":"https:\/\/dicodusport.fr\/blog\/wp-content\/uploads\/2021\/07\/Jeux-Olympiques-de-Tokyo-2020-le-direct-commente-du-29-juillet.png","width":1200,"height":670},{"@type":"BreadcrumbList","@id":"https:\/\/dicodusport.fr\/blog\/jeux-olympiques-de-tokyo-2020-le-direct-commente-du-29-juillet\/#breadcrumb","itemListElement":[{"@type":"ListItem","position":1,"name":"Accueil","item":"https:\/\/dicodusport.fr\/blog\/"},{"@type":"ListItem","position":2,"name":"Jeux Olympiques de Tokyo 2020 : le direct comment\u00e9 du 29 juillet"}]},{"@type":"WebSite","@id":"https:\/\/dicodusport.fr\/blog\/#website","url":"https:\/\/dicodusport.fr\/blog\/","name":"Dicodusport","description":"L&#039;encyclop\u00e9die de l&#039;actualit\u00e9 sportive","publisher":{"@id":"https:\/\/dicodusport.fr\/blog\/#organization"},"potentialAction":[{"@type":"SearchAction","target":{"@type":"EntryPoint","urlTemplate":"https:\/\/dicodusport.fr\/blog\/?s={search_term_string}"},"query-input":{"@type":"PropertyValueSpecification","valueRequired":true,"valueName":"search_term_string"}}],"inLanguage":"fr-FR"},{"@type":"NewsMediaOrganization","@id":"https:\/\/dicodusport.fr\/blog\/#organization","name":"Dicodusport","url":"https:\/\/dicodusport.fr\/blog\/","logo":{"@type":"ImageObject","inLanguage":"fr-FR","@id":"https:\/\/dicodusport.fr\/blog\/#\/schema\/logo\/image\/","url":"https:\/\/dicodusport.fr\/blog\/wp-content\/uploads\/2020\/06\/cropped-LOGO-DICODUSPORT-2020-SANS-FOND-SANS-TEXTE.png","contentUrl":"https:\/\/dicodusport.fr\/blog\/wp-content\/uploads\/2020\/06\/cropped-LOGO-DICODUSPORT-2020-SANS-FOND-SANS-TEXTE.png","width":512,"height":512,"caption":"Dicodusport"},"image":{"@id":"https:\/\/dicodusport.fr\/blog\/#\/schema\/logo\/image\/"},"sameAs":["https:\/\/www.facebook.com\/dicodusport","https:\/\/x.com\/dicodusport","https:\/\/www.instagram.com\/dicodusport\/","https:\/\/www.youtube.com\/channel\/UC7V2KZ5sd3htJivAbA4ZG3w"],"description":"Dicodusport est l'encyclop\u00e9die de l'actualit\u00e9 sportive.","email":"bonjour@dicodusport.fr","legalName":"DICODUSPORT","foundingDate":"2018-01-14","vatID":"FR71834470973","taxID":"83447097300043","numberOfEmployees":{"@type":"QuantitativeValue","minValue":"1","maxValue":"10"}},{"@type":"Person","@id":"https:\/\/dicodusport.fr\/blog\/#\/schema\/person\/55dcb50ad410894e431ed812bbb70191","name":"Nicolas Jacquemard","image":{"@type":"ImageObject","inLanguage":"fr-FR","@id":"https:\/\/dicodusport.fr\/blog\/#\/schema\/person\/image\/","url":"https:\/\/dicodusport.fr\/blog\/wp-content\/uploads\/2021\/05\/Nicolas-Jacquemard-150x150.jpeg","contentUrl":"https:\/\/dicodusport.fr\/blog\/wp-content\/uploads\/2021\/05\/Nicolas-Jacquemard-150x150.jpeg","caption":"Nicolas Jacquemard"},"description":"Passionn\u00e9 de sport et entrepreneur depuis mes 18 ans, la cr\u00e9ation de Dicodusport m'a sembl\u00e9 \u00e9vidente pour participer \u00e0 la m\u00e9diatisation d'un plus grand nombre de sports. Le chemin est long mais avec une \u00e9quipe des plus motiv\u00e9es et les Jeux Olympiques de Paris 2024 en point de mire, nous y arriverons ! Journaliste dans le monde du sport depuis plus de 5 ans, je traite aussi bien de football, de rugby, de biathlon que de cyclisme.","sameAs":["https:\/\/www.facebook.com\/dicodusport","https:\/\/x.com\/https:\/\/twitter.com\/Nico_Jacquemard"],"url":"https:\/\/dicodusport.fr\/blog\/author\/dicodusport\/"}]}},"_links":{"self":[{"href":"https:\/\/dicodusport.fr\/blog\/wp-json\/wp\/v2\/posts\/151906","targetHints":{"allow":["GET"]}}],"collection":[{"href":"https:\/\/dicodusport.fr\/blog\/wp-json\/wp\/v2\/posts"}],"about":[{"href":"https:\/\/dicodusport.fr\/blog\/wp-json\/wp\/v2\/types\/post"}],"author":[{"embeddable":true,"href":"https:\/\/dicodusport.fr\/blog\/wp-json\/wp\/v2\/users\/1"}],"replies":[{"embeddable":true,"href":"https:\/\/dicodusport.fr\/blog\/wp-json\/wp\/v2\/comments?post=151906"}],"version-history":[{"count":0,"href":"https:\/\/dicodusport.fr\/blog\/wp-json\/wp\/v2\/posts\/151906\/revisions"}],"wp:featuredmedia":[{"embeddable":true,"href":"https:\/\/dicodusport.fr\/blog\/wp-json\/wp\/v2\/media\/152384"}],"wp:attachment":[{"href":"https:\/\/dicodusport.fr\/blog\/wp-json\/wp\/v2\/media?parent=151906"}],"wp:term":[{"taxonomy":"category","embeddable":true,"href":"https:\/\/dicodusport.fr\/blog\/wp-json\/wp\/v2\/categories?post=151906"},{"taxonomy":"post_tag","embeddable":true,"href":"https:\/\/dicodusport.fr\/blog\/wp-json\/wp\/v2\/tags?post=151906"}],"curies":[{"name":"wp","href":"https:\/\/api.w.org\/{rel}","templated":true}]}}