{"id":15207,"date":"2018-03-26T14:00:11","date_gmt":"2018-03-26T12:00:11","guid":{"rendered":"http:\/\/dicodusport.fr\/blog\/?p=15207"},"modified":"2018-03-26T12:20:37","modified_gmt":"2018-03-26T10:20:37","slug":"les-femmes-du-week-end-anais-bescond-et-anais-chevalier-finissent-en-beaute","status":"publish","type":"post","link":"https:\/\/dicodusport.fr\/blog\/les-femmes-du-week-end-anais-bescond-et-anais-chevalier-finissent-en-beaute\/","title":{"rendered":"Les femmes du week-end : Ana\u00efs Bescond et Ana\u00efs Chevalier finissent en beaut\u00e9"},"content":{"rendered":"<p style=\"text-align: justify;\"><em><strong>Le biathlon, c&rsquo;est fini, c&rsquo;\u00e9tait le sport de mes premiers amours ! Rassurez-vous, il fera son retour dans 8 mois et toujours sur la Chaine l&rsquo;\u00c9quipe. Pour ce dernier week-end, deux Fran\u00e7aises ont\u00a0termin\u00e9 en fanfare en d\u00e9crochant chacune un podium.\u00a0<\/strong><\/em><\/p>\n<p style=\"text-align: justify;\">D&rsquo;abord samedi, sur la poursuite, c&rsquo;est\u00a0<span class=\"st\" style=\"color: #000000;\">Ana\u00efs<\/span> Bescond qui s&rsquo;est illustr\u00e9e en d\u00e9crochant une tr\u00e8s belle deuxi\u00e8me place \u00e0 quelques centim\u00e8tres de la victoire. Partie 4\u00e8me apr\u00e8s le sprint, la Fran\u00e7aise a r\u00e9alis\u00e9 une tr\u00e8s belle course avec une seule faute au tir et le deuxi\u00e8me meilleur temps sur les skis. Seule\u00a0Kaisa M\u00e4k\u00e4r\u00e4inen, partie avec plus de 40 secondes d&rsquo;avance a pu r\u00e9sister au retour de la biathl\u00e8te normande. Triple m\u00e9daill\u00e9e aux Jeux Olympiques, Ana\u00efs Bescond a confirm\u00e9 lors de ce dernier week-end sa tr\u00e8s bonne fin de saison.<\/p>\n<p style=\"text-align: justify;\">Dimanche, sur la course des reines, c&rsquo;est une autre Fran\u00e7aise qui s&rsquo;est illustr\u00e9e, Ana\u00efs Chevalier. Seule biathl\u00e8te\u00a0\u00e0 r\u00e9aliser un sans-faute au tir, elle a d\u00fb s&rsquo;incliner face \u00e0 des filles trop rapides sur les skis.\u00a0Darya Domracheva, tr\u00e8s en forme sur cette deuxi\u00e8me partie de saison, a confirm\u00e9 son retour au premier plan en remportant cette mass start. L&rsquo;Is\u00e9roise, qui prend la 3\u00e8me place derri\u00e8re la Bi\u00e9lorusse et\u00a0Paul\u00edna Fialkov\u00e1, confirme elle ses qualit\u00e9s de tireuse. Si elle franchit un cap sur les skis, elle sera de plus en plus souvent sur les podiums de la Coupe du monde.<\/p>\n<p style=\"text-align: justify;\"><em><strong>Nicolas Jacquemard<br \/>\n<\/strong><\/em><a style=\"color: #000000;\" href=\"https:\/\/twitter.com\/Nico_Jacquemard\" target=\"_blank\" rel=\"noopener noreferrer\"><img loading=\"lazy\" decoding=\"async\" class=\"alignnone wp-image-2908\" src=\"http:\/\/dicodusport.fr\/blog\/wp-content\/uploads\/2017\/07\/logo-twitter-150x150.png\" alt=\"\" width=\"39\" height=\"39\" \/><\/a><a style=\"color: #000000;\" href=\"https:\/\/www.facebook.com\/dicodusport\/\" target=\"_blank\" rel=\"noopener noreferrer\"><img loading=\"lazy\" decoding=\"async\" class=\"alignnone wp-image-2909\" src=\"http:\/\/dicodusport.fr\/blog\/wp-content\/uploads\/2017\/07\/logo-facebook-150x150.png\" alt=\"\" width=\"40\" height=\"40\" \/><\/a><\/p>\n","protected":false},"excerpt":{"rendered":"<p>Le biathlon, c&rsquo;est fini, c&rsquo;\u00e9tait le sport de mes premiers amours ! Rassurez-vous, il fera son retour dans 8 mois et toujours sur la Chaine l&rsquo;\u00c9quipe. Pour ce dernier week-end, deux fran\u00e7aises ont termin\u00e9 en fanfare en d\u00e9crochant chacune un podium. <\/p>\n","protected":false},"author":1,"featured_media":15224,"comment_status":"open","ping_status":"closed","sticky":false,"template":"","format":"standard","meta":{"_acf_changed":false,"_daextam_enable_autolinks":"","footnotes":""},"categories":[2,2426,2313],"tags":[2907,2911,2427,3556,2945],"class_list":["post-15207","post","type-post","status-publish","format-standard","has-post-thumbnail","hentry","category-actualites","category-biathlon","category-sports-dhiver","tag-anais-bescond","tag-anais-chevalier","tag-biathlon","tag-chevalier","tag-mass-start"],"acf":[],"yoast_head":"<!-- This site is optimized with the Yoast SEO Premium plugin v26.7 (Yoast SEO v26.7) - https:\/\/yoast.com\/wordpress\/plugins\/seo\/ -->\n<title>Les femmes du week-end : Ana\u00efs Bescond et Ana\u00efs Chevalier finissent en beaut\u00e9<\/title>\n<meta name=\"description\" content=\"Le biathlon, c&#039;est fini, c&#039;\u00e9tait le sport de mes premiers amours ! Rassurez-vous, il fera son retour dans 8 mois et toujours sur la Chaine l&#039;\u00c9quipe. Pour ce dernier week-end, deux fran\u00e7aises ont termin\u00e9 en fanfare en d\u00e9crochant chacune un podium.\" \/>\n<meta name=\"robots\" content=\"index, follow, max-snippet:-1, max-image-preview:large, max-video-preview:-1\" \/>\n<link rel=\"canonical\" href=\"https:\/\/dicodusport.fr\/blog\/les-femmes-du-week-end-anais-bescond-et-anais-chevalier-finissent-en-beaute\/\" \/>\n<meta property=\"og:locale\" content=\"fr_FR\" \/>\n<meta property=\"og:type\" content=\"article\" \/>\n<meta property=\"og:title\" content=\"Les femmes du week-end : Ana\u00efs Bescond et Ana\u00efs Chevalier finissent en beaut\u00e9\" \/>\n<meta property=\"og:description\" content=\"Le biathlon, c&#039;est fini, c&#039;\u00e9tait le sport de mes premiers amours ! Rassurez-vous, il fera son retour dans 8 mois et toujours sur la Chaine l&#039;\u00c9quipe. Pour ce dernier week-end, deux fran\u00e7aises ont termin\u00e9 en fanfare en d\u00e9crochant chacune un podium.\" \/>\n<meta property=\"og:url\" content=\"https:\/\/dicodusport.fr\/blog\/les-femmes-du-week-end-anais-bescond-et-anais-chevalier-finissent-en-beaute\/\" \/>\n<meta property=\"og:site_name\" content=\"Dicodusport\" \/>\n<meta property=\"article:publisher\" content=\"https:\/\/www.facebook.com\/dicodusport\" \/>\n<meta property=\"article:author\" content=\"https:\/\/www.facebook.com\/dicodusport\" \/>\n<meta property=\"article:published_time\" content=\"2018-03-26T12:00:11+00:00\" \/>\n<meta property=\"og:image\" content=\"https:\/\/dicodusport.fr\/blog\/wp-content\/uploads\/2018\/03\/Anais-Bescond-Anais-Chevalier.png\" \/>\n\t<meta property=\"og:image:width\" content=\"1200\" \/>\n\t<meta property=\"og:image:height\" content=\"670\" \/>\n\t<meta property=\"og:image:type\" content=\"image\/png\" \/>\n<meta name=\"author\" content=\"Nicolas Jacquemard\" \/>\n<meta name=\"twitter:card\" content=\"summary_large_image\" \/>\n<meta name=\"twitter:creator\" content=\"@https:\/\/twitter.com\/Nico_Jacquemard\" \/>\n<meta name=\"twitter:site\" content=\"@dicodusport\" \/>\n<script type=\"application\/ld+json\" class=\"yoast-schema-graph\">{\"@context\":\"https:\/\/schema.org\",\"@graph\":[{\"@type\":\"NewsArticle\",\"@id\":\"https:\/\/dicodusport.fr\/blog\/les-femmes-du-week-end-anais-bescond-et-anais-chevalier-finissent-en-beaute\/#article\",\"isPartOf\":{\"@id\":\"https:\/\/dicodusport.fr\/blog\/les-femmes-du-week-end-anais-bescond-et-anais-chevalier-finissent-en-beaute\/\"},\"author\":{\"name\":\"Nicolas Jacquemard\",\"@id\":\"https:\/\/dicodusport.fr\/blog\/#\/schema\/person\/55dcb50ad410894e431ed812bbb70191\"},\"headline\":\"Les femmes du week-end : Ana\u00efs Bescond et Ana\u00efs Chevalier finissent en beaut\u00e9\",\"datePublished\":\"2018-03-26T12:00:11+00:00\",\"mainEntityOfPage\":{\"@id\":\"https:\/\/dicodusport.fr\/blog\/les-femmes-du-week-end-anais-bescond-et-anais-chevalier-finissent-en-beaute\/\"},\"wordCount\":286,\"commentCount\":0,\"publisher\":{\"@id\":\"https:\/\/dicodusport.fr\/blog\/#organization\"},\"image\":{\"@id\":\"https:\/\/dicodusport.fr\/blog\/les-femmes-du-week-end-anais-bescond-et-anais-chevalier-finissent-en-beaute\/#primaryimage\"},\"thumbnailUrl\":\"https:\/\/dicodusport.fr\/blog\/wp-content\/uploads\/2018\/03\/Anais-Bescond-Anais-Chevalier.png\",\"keywords\":[\"Anais Bescond\",\"Anais Chevalier\",\"Biathlon\",\"Chevalier\",\"Mass start\"],\"articleSection\":[\"Actualit\u00e9s\",\"Biathlon\",\"Sports d'hiver\"],\"inLanguage\":\"fr-FR\",\"potentialAction\":[{\"@type\":\"CommentAction\",\"name\":\"Comment\",\"target\":[\"https:\/\/dicodusport.fr\/blog\/les-femmes-du-week-end-anais-bescond-et-anais-chevalier-finissent-en-beaute\/#respond\"]}],\"copyrightYear\":\"2018\",\"copyrightHolder\":{\"@id\":\"https:\/\/dicodusport.fr\/blog\/#organization\"}},{\"@type\":\"WebPage\",\"@id\":\"https:\/\/dicodusport.fr\/blog\/les-femmes-du-week-end-anais-bescond-et-anais-chevalier-finissent-en-beaute\/\",\"url\":\"https:\/\/dicodusport.fr\/blog\/les-femmes-du-week-end-anais-bescond-et-anais-chevalier-finissent-en-beaute\/\",\"name\":\"Les femmes du week-end : Ana\u00efs Bescond et Ana\u00efs Chevalier finissent en beaut\u00e9\",\"isPartOf\":{\"@id\":\"https:\/\/dicodusport.fr\/blog\/#website\"},\"primaryImageOfPage\":{\"@id\":\"https:\/\/dicodusport.fr\/blog\/les-femmes-du-week-end-anais-bescond-et-anais-chevalier-finissent-en-beaute\/#primaryimage\"},\"image\":{\"@id\":\"https:\/\/dicodusport.fr\/blog\/les-femmes-du-week-end-anais-bescond-et-anais-chevalier-finissent-en-beaute\/#primaryimage\"},\"thumbnailUrl\":\"https:\/\/dicodusport.fr\/blog\/wp-content\/uploads\/2018\/03\/Anais-Bescond-Anais-Chevalier.png\",\"datePublished\":\"2018-03-26T12:00:11+00:00\",\"description\":\"Le biathlon, c'est fini, c'\u00e9tait le sport de mes premiers amours ! Rassurez-vous, il fera son retour dans 8 mois et toujours sur la Chaine l'\u00c9quipe. Pour ce dernier week-end, deux fran\u00e7aises ont termin\u00e9 en fanfare en d\u00e9crochant chacune un podium.\",\"breadcrumb\":{\"@id\":\"https:\/\/dicodusport.fr\/blog\/les-femmes-du-week-end-anais-bescond-et-anais-chevalier-finissent-en-beaute\/#breadcrumb\"},\"inLanguage\":\"fr-FR\",\"potentialAction\":[{\"@type\":\"ReadAction\",\"target\":[\"https:\/\/dicodusport.fr\/blog\/les-femmes-du-week-end-anais-bescond-et-anais-chevalier-finissent-en-beaute\/\"]}]},{\"@type\":\"ImageObject\",\"inLanguage\":\"fr-FR\",\"@id\":\"https:\/\/dicodusport.fr\/blog\/les-femmes-du-week-end-anais-bescond-et-anais-chevalier-finissent-en-beaute\/#primaryimage\",\"url\":\"https:\/\/dicodusport.fr\/blog\/wp-content\/uploads\/2018\/03\/Anais-Bescond-Anais-Chevalier.png\",\"contentUrl\":\"https:\/\/dicodusport.fr\/blog\/wp-content\/uploads\/2018\/03\/Anais-Bescond-Anais-Chevalier.png\",\"width\":1200,\"height\":670,\"caption\":\"Anais Bescond Anais Chevalier\"},{\"@type\":\"BreadcrumbList\",\"@id\":\"https:\/\/dicodusport.fr\/blog\/les-femmes-du-week-end-anais-bescond-et-anais-chevalier-finissent-en-beaute\/#breadcrumb\",\"itemListElement\":[{\"@type\":\"ListItem\",\"position\":1,\"name\":\"Accueil\",\"item\":\"https:\/\/dicodusport.fr\/blog\/\"},{\"@type\":\"ListItem\",\"position\":2,\"name\":\"Les femmes du week-end : Ana\u00efs Bescond et Ana\u00efs Chevalier finissent en beaut\u00e9\"}]},{\"@type\":\"WebSite\",\"@id\":\"https:\/\/dicodusport.fr\/blog\/#website\",\"url\":\"https:\/\/dicodusport.fr\/blog\/\",\"name\":\"Dicodusport\",\"description\":\"L&#039;encyclop\u00e9die de l&#039;actualit\u00e9 sportive\",\"publisher\":{\"@id\":\"https:\/\/dicodusport.fr\/blog\/#organization\"},\"potentialAction\":[{\"@type\":\"SearchAction\",\"target\":{\"@type\":\"EntryPoint\",\"urlTemplate\":\"https:\/\/dicodusport.fr\/blog\/?s={search_term_string}\"},\"query-input\":{\"@type\":\"PropertyValueSpecification\",\"valueRequired\":true,\"valueName\":\"search_term_string\"}}],\"inLanguage\":\"fr-FR\"},{\"@type\":\"NewsMediaOrganization\",\"@id\":\"https:\/\/dicodusport.fr\/blog\/#organization\",\"name\":\"Dicodusport\",\"url\":\"https:\/\/dicodusport.fr\/blog\/\",\"logo\":{\"@type\":\"ImageObject\",\"inLanguage\":\"fr-FR\",\"@id\":\"https:\/\/dicodusport.fr\/blog\/#\/schema\/logo\/image\/\",\"url\":\"https:\/\/dicodusport.fr\/blog\/wp-content\/uploads\/2020\/06\/cropped-LOGO-DICODUSPORT-2020-SANS-FOND-SANS-TEXTE.png\",\"contentUrl\":\"https:\/\/dicodusport.fr\/blog\/wp-content\/uploads\/2020\/06\/cropped-LOGO-DICODUSPORT-2020-SANS-FOND-SANS-TEXTE.png\",\"width\":512,\"height\":512,\"caption\":\"Dicodusport\"},\"image\":{\"@id\":\"https:\/\/dicodusport.fr\/blog\/#\/schema\/logo\/image\/\"},\"sameAs\":[\"https:\/\/www.facebook.com\/dicodusport\",\"https:\/\/x.com\/dicodusport\",\"https:\/\/www.instagram.com\/dicodusport\/\",\"https:\/\/www.youtube.com\/channel\/UC7V2KZ5sd3htJivAbA4ZG3w\"],\"description\":\"Dicodusport est l'encyclop\u00e9die de l'actualit\u00e9 sportive.\",\"email\":\"bonjour@dicodusport.fr\",\"legalName\":\"DICODUSPORT\",\"foundingDate\":\"2018-01-14\",\"vatID\":\"FR71834470973\",\"taxID\":\"83447097300043\",\"numberOfEmployees\":{\"@type\":\"QuantitativeValue\",\"minValue\":\"1\",\"maxValue\":\"10\"}},{\"@type\":\"Person\",\"@id\":\"https:\/\/dicodusport.fr\/blog\/#\/schema\/person\/55dcb50ad410894e431ed812bbb70191\",\"name\":\"Nicolas Jacquemard\",\"image\":{\"@type\":\"ImageObject\",\"inLanguage\":\"fr-FR\",\"@id\":\"https:\/\/dicodusport.fr\/blog\/#\/schema\/person\/image\/\",\"url\":\"https:\/\/dicodusport.fr\/blog\/wp-content\/uploads\/2021\/05\/Nicolas-Jacquemard-150x150.jpeg\",\"contentUrl\":\"https:\/\/dicodusport.fr\/blog\/wp-content\/uploads\/2021\/05\/Nicolas-Jacquemard-150x150.jpeg\",\"caption\":\"Nicolas Jacquemard\"},\"description\":\"Passionn\u00e9 de sport et entrepreneur depuis mes 18 ans, la cr\u00e9ation de Dicodusport m'a sembl\u00e9 \u00e9vidente pour participer \u00e0 la m\u00e9diatisation d'un plus grand nombre de sports. Le chemin est long mais avec une \u00e9quipe des plus motiv\u00e9es et les Jeux Olympiques de Paris 2024 en point de mire, nous y arriverons ! Journaliste dans le monde du sport depuis plus de 5 ans, je traite aussi bien de football, de rugby, de biathlon que de cyclisme.\",\"sameAs\":[\"https:\/\/www.facebook.com\/dicodusport\",\"https:\/\/x.com\/https:\/\/twitter.com\/Nico_Jacquemard\"],\"url\":\"https:\/\/dicodusport.fr\/blog\/author\/dicodusport\/\"}]}<\/script>\n<!-- \/ Yoast SEO Premium plugin. -->","yoast_head_json":{"title":"Les femmes du week-end : Ana\u00efs Bescond et Ana\u00efs Chevalier finissent en beaut\u00e9","description":"Le biathlon, c'est fini, c'\u00e9tait le sport de mes premiers amours ! Rassurez-vous, il fera son retour dans 8 mois et toujours sur la Chaine l'\u00c9quipe. Pour ce dernier week-end, deux fran\u00e7aises ont termin\u00e9 en fanfare en d\u00e9crochant chacune un podium.","robots":{"index":"index","follow":"follow","max-snippet":"max-snippet:-1","max-image-preview":"max-image-preview:large","max-video-preview":"max-video-preview:-1"},"canonical":"https:\/\/dicodusport.fr\/blog\/les-femmes-du-week-end-anais-bescond-et-anais-chevalier-finissent-en-beaute\/","og_locale":"fr_FR","og_type":"article","og_title":"Les femmes du week-end : Ana\u00efs Bescond et Ana\u00efs Chevalier finissent en beaut\u00e9","og_description":"Le biathlon, c'est fini, c'\u00e9tait le sport de mes premiers amours ! Rassurez-vous, il fera son retour dans 8 mois et toujours sur la Chaine l'\u00c9quipe. Pour ce dernier week-end, deux fran\u00e7aises ont termin\u00e9 en fanfare en d\u00e9crochant chacune un podium.","og_url":"https:\/\/dicodusport.fr\/blog\/les-femmes-du-week-end-anais-bescond-et-anais-chevalier-finissent-en-beaute\/","og_site_name":"Dicodusport","article_publisher":"https:\/\/www.facebook.com\/dicodusport","article_author":"https:\/\/www.facebook.com\/dicodusport","article_published_time":"2018-03-26T12:00:11+00:00","og_image":[{"width":1200,"height":670,"url":"https:\/\/dicodusport.fr\/blog\/wp-content\/uploads\/2018\/03\/Anais-Bescond-Anais-Chevalier.png","type":"image\/png"}],"author":"Nicolas Jacquemard","twitter_card":"summary_large_image","twitter_creator":"@https:\/\/twitter.com\/Nico_Jacquemard","twitter_site":"@dicodusport","schema":{"@context":"https:\/\/schema.org","@graph":[{"@type":"NewsArticle","@id":"https:\/\/dicodusport.fr\/blog\/les-femmes-du-week-end-anais-bescond-et-anais-chevalier-finissent-en-beaute\/#article","isPartOf":{"@id":"https:\/\/dicodusport.fr\/blog\/les-femmes-du-week-end-anais-bescond-et-anais-chevalier-finissent-en-beaute\/"},"author":{"name":"Nicolas Jacquemard","@id":"https:\/\/dicodusport.fr\/blog\/#\/schema\/person\/55dcb50ad410894e431ed812bbb70191"},"headline":"Les femmes du week-end : Ana\u00efs Bescond et Ana\u00efs Chevalier finissent en beaut\u00e9","datePublished":"2018-03-26T12:00:11+00:00","mainEntityOfPage":{"@id":"https:\/\/dicodusport.fr\/blog\/les-femmes-du-week-end-anais-bescond-et-anais-chevalier-finissent-en-beaute\/"},"wordCount":286,"commentCount":0,"publisher":{"@id":"https:\/\/dicodusport.fr\/blog\/#organization"},"image":{"@id":"https:\/\/dicodusport.fr\/blog\/les-femmes-du-week-end-anais-bescond-et-anais-chevalier-finissent-en-beaute\/#primaryimage"},"thumbnailUrl":"https:\/\/dicodusport.fr\/blog\/wp-content\/uploads\/2018\/03\/Anais-Bescond-Anais-Chevalier.png","keywords":["Anais Bescond","Anais Chevalier","Biathlon","Chevalier","Mass start"],"articleSection":["Actualit\u00e9s","Biathlon","Sports d'hiver"],"inLanguage":"fr-FR","potentialAction":[{"@type":"CommentAction","name":"Comment","target":["https:\/\/dicodusport.fr\/blog\/les-femmes-du-week-end-anais-bescond-et-anais-chevalier-finissent-en-beaute\/#respond"]}],"copyrightYear":"2018","copyrightHolder":{"@id":"https:\/\/dicodusport.fr\/blog\/#organization"}},{"@type":"WebPage","@id":"https:\/\/dicodusport.fr\/blog\/les-femmes-du-week-end-anais-bescond-et-anais-chevalier-finissent-en-beaute\/","url":"https:\/\/dicodusport.fr\/blog\/les-femmes-du-week-end-anais-bescond-et-anais-chevalier-finissent-en-beaute\/","name":"Les femmes du week-end : Ana\u00efs Bescond et Ana\u00efs Chevalier finissent en beaut\u00e9","isPartOf":{"@id":"https:\/\/dicodusport.fr\/blog\/#website"},"primaryImageOfPage":{"@id":"https:\/\/dicodusport.fr\/blog\/les-femmes-du-week-end-anais-bescond-et-anais-chevalier-finissent-en-beaute\/#primaryimage"},"image":{"@id":"https:\/\/dicodusport.fr\/blog\/les-femmes-du-week-end-anais-bescond-et-anais-chevalier-finissent-en-beaute\/#primaryimage"},"thumbnailUrl":"https:\/\/dicodusport.fr\/blog\/wp-content\/uploads\/2018\/03\/Anais-Bescond-Anais-Chevalier.png","datePublished":"2018-03-26T12:00:11+00:00","description":"Le biathlon, c'est fini, c'\u00e9tait le sport de mes premiers amours ! Rassurez-vous, il fera son retour dans 8 mois et toujours sur la Chaine l'\u00c9quipe. Pour ce dernier week-end, deux fran\u00e7aises ont termin\u00e9 en fanfare en d\u00e9crochant chacune un podium.","breadcrumb":{"@id":"https:\/\/dicodusport.fr\/blog\/les-femmes-du-week-end-anais-bescond-et-anais-chevalier-finissent-en-beaute\/#breadcrumb"},"inLanguage":"fr-FR","potentialAction":[{"@type":"ReadAction","target":["https:\/\/dicodusport.fr\/blog\/les-femmes-du-week-end-anais-bescond-et-anais-chevalier-finissent-en-beaute\/"]}]},{"@type":"ImageObject","inLanguage":"fr-FR","@id":"https:\/\/dicodusport.fr\/blog\/les-femmes-du-week-end-anais-bescond-et-anais-chevalier-finissent-en-beaute\/#primaryimage","url":"https:\/\/dicodusport.fr\/blog\/wp-content\/uploads\/2018\/03\/Anais-Bescond-Anais-Chevalier.png","contentUrl":"https:\/\/dicodusport.fr\/blog\/wp-content\/uploads\/2018\/03\/Anais-Bescond-Anais-Chevalier.png","width":1200,"height":670,"caption":"Anais Bescond Anais Chevalier"},{"@type":"BreadcrumbList","@id":"https:\/\/dicodusport.fr\/blog\/les-femmes-du-week-end-anais-bescond-et-anais-chevalier-finissent-en-beaute\/#breadcrumb","itemListElement":[{"@type":"ListItem","position":1,"name":"Accueil","item":"https:\/\/dicodusport.fr\/blog\/"},{"@type":"ListItem","position":2,"name":"Les femmes du week-end : Ana\u00efs Bescond et Ana\u00efs Chevalier finissent en beaut\u00e9"}]},{"@type":"WebSite","@id":"https:\/\/dicodusport.fr\/blog\/#website","url":"https:\/\/dicodusport.fr\/blog\/","name":"Dicodusport","description":"L&#039;encyclop\u00e9die de l&#039;actualit\u00e9 sportive","publisher":{"@id":"https:\/\/dicodusport.fr\/blog\/#organization"},"potentialAction":[{"@type":"SearchAction","target":{"@type":"EntryPoint","urlTemplate":"https:\/\/dicodusport.fr\/blog\/?s={search_term_string}"},"query-input":{"@type":"PropertyValueSpecification","valueRequired":true,"valueName":"search_term_string"}}],"inLanguage":"fr-FR"},{"@type":"NewsMediaOrganization","@id":"https:\/\/dicodusport.fr\/blog\/#organization","name":"Dicodusport","url":"https:\/\/dicodusport.fr\/blog\/","logo":{"@type":"ImageObject","inLanguage":"fr-FR","@id":"https:\/\/dicodusport.fr\/blog\/#\/schema\/logo\/image\/","url":"https:\/\/dicodusport.fr\/blog\/wp-content\/uploads\/2020\/06\/cropped-LOGO-DICODUSPORT-2020-SANS-FOND-SANS-TEXTE.png","contentUrl":"https:\/\/dicodusport.fr\/blog\/wp-content\/uploads\/2020\/06\/cropped-LOGO-DICODUSPORT-2020-SANS-FOND-SANS-TEXTE.png","width":512,"height":512,"caption":"Dicodusport"},"image":{"@id":"https:\/\/dicodusport.fr\/blog\/#\/schema\/logo\/image\/"},"sameAs":["https:\/\/www.facebook.com\/dicodusport","https:\/\/x.com\/dicodusport","https:\/\/www.instagram.com\/dicodusport\/","https:\/\/www.youtube.com\/channel\/UC7V2KZ5sd3htJivAbA4ZG3w"],"description":"Dicodusport est l'encyclop\u00e9die de l'actualit\u00e9 sportive.","email":"bonjour@dicodusport.fr","legalName":"DICODUSPORT","foundingDate":"2018-01-14","vatID":"FR71834470973","taxID":"83447097300043","numberOfEmployees":{"@type":"QuantitativeValue","minValue":"1","maxValue":"10"}},{"@type":"Person","@id":"https:\/\/dicodusport.fr\/blog\/#\/schema\/person\/55dcb50ad410894e431ed812bbb70191","name":"Nicolas Jacquemard","image":{"@type":"ImageObject","inLanguage":"fr-FR","@id":"https:\/\/dicodusport.fr\/blog\/#\/schema\/person\/image\/","url":"https:\/\/dicodusport.fr\/blog\/wp-content\/uploads\/2021\/05\/Nicolas-Jacquemard-150x150.jpeg","contentUrl":"https:\/\/dicodusport.fr\/blog\/wp-content\/uploads\/2021\/05\/Nicolas-Jacquemard-150x150.jpeg","caption":"Nicolas Jacquemard"},"description":"Passionn\u00e9 de sport et entrepreneur depuis mes 18 ans, la cr\u00e9ation de Dicodusport m'a sembl\u00e9 \u00e9vidente pour participer \u00e0 la m\u00e9diatisation d'un plus grand nombre de sports. Le chemin est long mais avec une \u00e9quipe des plus motiv\u00e9es et les Jeux Olympiques de Paris 2024 en point de mire, nous y arriverons ! Journaliste dans le monde du sport depuis plus de 5 ans, je traite aussi bien de football, de rugby, de biathlon que de cyclisme.","sameAs":["https:\/\/www.facebook.com\/dicodusport","https:\/\/x.com\/https:\/\/twitter.com\/Nico_Jacquemard"],"url":"https:\/\/dicodusport.fr\/blog\/author\/dicodusport\/"}]}},"_links":{"self":[{"href":"https:\/\/dicodusport.fr\/blog\/wp-json\/wp\/v2\/posts\/15207","targetHints":{"allow":["GET"]}}],"collection":[{"href":"https:\/\/dicodusport.fr\/blog\/wp-json\/wp\/v2\/posts"}],"about":[{"href":"https:\/\/dicodusport.fr\/blog\/wp-json\/wp\/v2\/types\/post"}],"author":[{"embeddable":true,"href":"https:\/\/dicodusport.fr\/blog\/wp-json\/wp\/v2\/users\/1"}],"replies":[{"embeddable":true,"href":"https:\/\/dicodusport.fr\/blog\/wp-json\/wp\/v2\/comments?post=15207"}],"version-history":[{"count":0,"href":"https:\/\/dicodusport.fr\/blog\/wp-json\/wp\/v2\/posts\/15207\/revisions"}],"wp:featuredmedia":[{"embeddable":true,"href":"https:\/\/dicodusport.fr\/blog\/wp-json\/wp\/v2\/media\/15224"}],"wp:attachment":[{"href":"https:\/\/dicodusport.fr\/blog\/wp-json\/wp\/v2\/media?parent=15207"}],"wp:term":[{"taxonomy":"category","embeddable":true,"href":"https:\/\/dicodusport.fr\/blog\/wp-json\/wp\/v2\/categories?post=15207"},{"taxonomy":"post_tag","embeddable":true,"href":"https:\/\/dicodusport.fr\/blog\/wp-json\/wp\/v2\/tags?post=15207"}],"curies":[{"name":"wp","href":"https:\/\/api.w.org\/{rel}","templated":true}]}}