{"id":152230,"date":"2021-07-29T18:48:26","date_gmt":"2021-07-29T16:48:26","guid":{"rendered":"https:\/\/dicodusport.fr\/blog\/?p=152230&#038;preview=true&#038;preview_id=152230"},"modified":"2021-07-30T00:21:51","modified_gmt":"2021-07-29T22:21:51","slug":"madeleine-malonga-je-vais-me-reposer-et-repartir-au-travail-pour-changer-la-couleur-de-cette-medaille","status":"publish","type":"post","link":"https:\/\/dicodusport.fr\/blog\/madeleine-malonga-je-vais-me-reposer-et-repartir-au-travail-pour-changer-la-couleur-de-cette-medaille\/","title":{"rendered":"Madeleine Malonga : \u00ab\u00a0Je vais me reposer et repartir au travail pour changer la couleur de cette m\u00e9daille\u00a0\u00bb"},"content":{"rendered":"<p style=\"text-align: justify;\"><em><b>JO TOKYO 2020 &#8211; JUDO &#8211; Battue en finale des JO de Tokyo, Madeleine Malonga a d&rsquo;abord \u00e9t\u00e9 inconsolable avant de parvenir \u00e0 savourer ce qu&rsquo;elle avait accompli.<\/b><\/em><\/p>\n<p style=\"text-align: justify;\">Juste apr\u00e8s le combat il y a eu beaucoup de larmes, il faut dire que la Tricolore s&rsquo;est fait surprendre sans avoir pu montrer quoi que ce soit en finale. Un d\u00e9nouement difficile \u00e0 accepter car <strong>Madeleine Malonga<\/strong> \u00e9tait venue pour l&rsquo;or. Apr\u00e8s avoir re\u00e7u sa m\u00e9daille, elle s&rsquo;est de nouveau confi\u00e9e \u00e0 France T\u00e9l\u00e9visions et avait retrouv\u00e9 le sourire :<\/p>\n<blockquote>\n<p style=\"text-align: justify;\">Je vais d&rsquo;abord retenir l&rsquo;ensemble. J&rsquo;avais un bon \u00e9tat d&rsquo;esprit, je me sentais bien. Mais je vais aussi retenir cette finale, c&rsquo;est le sport, parfois on gagne, parfois on perd. J&rsquo;\u00e9tais tr\u00e8s fi\u00e8re d&rsquo;\u00eatre arriv\u00e9e l\u00e0 apr\u00e8s des ann\u00e9es de travail, \u00e7a concr\u00e9tise un peu tout \u00e7a. Et puis j&rsquo;ai Paris 2024 avec un bel objectif maintenant. Je vais me reposer un peu et repartir au travail pour changer la couleur de cette m\u00e9daille.<\/p>\n<\/blockquote>\n<p style=\"text-align: justify;\">C&rsquo;est la cinqui\u00e8me m\u00e9daille pour l&rsquo;\u00e9quipe de France de judo et la quatri\u00e8me par une athl\u00e8te f\u00e9minine, trois en argent et l&rsquo;or de Clarisse Agbegnenou.<\/p>\n<blockquote class=\"twitter-tweet\">\n<p dir=\"ltr\" lang=\"fr\">&#x1f1eb;&#x1f1f7;&#x1f5e3;&#xfe0f; \u00ab\u00a0On apprend plus de ses d\u00e9faites.\u00a0\u00bb<\/p>\n<p>Madeleine Malonga revient sur son parcours apr\u00e8s s&rsquo;\u00eatre remise de ses \u00e9motions. Bravo pour cette m\u00e9daille &#x1f948;&#x1f44f;<br \/>\n&#x27a1; Objectif <a href=\"https:\/\/twitter.com\/hashtag\/Paris2024?src=hash&amp;ref_src=twsrc%5Etfw\">#Paris2024<\/a><\/p>\n<p>Suivez les J.O. en direct &#x25b6; <a href=\"https:\/\/t.co\/t3mdRtumdd\">https:\/\/t.co\/t3mdRtumdd<\/a> <a href=\"https:\/\/t.co\/QvRSXdxatN\">pic.twitter.com\/QvRSXdxatN<\/a><\/p>\n<p>\u2014 France tv sport (@francetvsport) <a href=\"https:\/\/twitter.com\/francetvsport\/status\/1420699136563765253?ref_src=twsrc%5Etfw\">July 29, 2021<\/a><\/p><\/blockquote>\n<p><script async src=\"https:\/\/platform.twitter.com\/widgets.js\" charset=\"utf-8\"><\/script><\/p>\n<h2 style=\"text-align: justify;\">\u00c0 lire aussi<\/h2>\n<ul>\n<li style=\"text-align: justify;\"><a href=\"https:\/\/dicodusport.fr\/blog\/toute-l-actualite-des-jeux-olympiques-de-tokyo-2020\/\"><strong>Toute l&rsquo;actualit\u00e9 des Jeux Olympiques de Tokyo<\/strong><\/a><\/li>\n<li style=\"text-align: justify;\"><a href=\"https:\/\/dicodusport.fr\/blog\/jeux-olympiques-tokyo-2020-le-tableau-des-medailles\/\"><strong>Le tableau des m\u00e9dailles<\/strong><\/a><\/li>\n<\/ul>\n","protected":false},"excerpt":{"rendered":"<p>JO TOKYO 2020 &#8211; JUDO &#8211; Battue en finale des JO de Tokyo, Madeleine Malonga a d&rsquo;abord \u00e9t\u00e9 inconsolable avant de parvenir \u00e0 savourer ce qu&rsquo;elle avait accompli.<\/p>\n","protected":false},"author":1,"featured_media":152239,"comment_status":"open","ping_status":"closed","sticky":false,"template":"","format":"standard","meta":{"_acf_changed":false,"_daextam_enable_autolinks":"","footnotes":""},"categories":[8433,8651],"tags":[9915,68,4687],"class_list":["post-152230","post","type-post","status-publish","format-standard","has-post-thumbnail","hentry","category-jo-tokyo-2020","category-judo","tag-jeux-olympiques-de-tokyo","tag-judo","tag-madeleine-malonga"],"acf":[],"yoast_head":"<!-- This site is optimized with the Yoast SEO Premium plugin v26.7 (Yoast SEO v26.7) - https:\/\/yoast.com\/wordpress\/plugins\/seo\/ -->\n<title>Madeleine Malonga : &quot;Je vais me reposer et repartir au travail pour changer la couleur de cette m\u00e9daille&quot;<\/title>\n<meta name=\"description\" content=\"Battue en finale des JO de Tokyo, Madeleine Malonga a d&#039;abord \u00e9t\u00e9 inconsolable avant de parvenir \u00e0 savourer ce qu&#039;elle avait accompli.\" \/>\n<meta name=\"robots\" content=\"index, follow, max-snippet:-1, max-image-preview:large, max-video-preview:-1\" \/>\n<link rel=\"canonical\" href=\"https:\/\/dicodusport.fr\/blog\/madeleine-malonga-je-vais-me-reposer-et-repartir-au-travail-pour-changer-la-couleur-de-cette-medaille\/\" \/>\n<meta property=\"og:locale\" content=\"fr_FR\" \/>\n<meta property=\"og:type\" content=\"article\" \/>\n<meta property=\"og:title\" content=\"Madeleine Malonga : &quot;Je vais me reposer et repartir au travail pour changer la couleur de cette m\u00e9daille&quot;\" \/>\n<meta property=\"og:description\" content=\"Battue en finale des JO de Tokyo, Madeleine Malonga a d&#039;abord \u00e9t\u00e9 inconsolable avant de parvenir \u00e0 savourer ce qu&#039;elle avait accompli.\" \/>\n<meta property=\"og:url\" content=\"https:\/\/dicodusport.fr\/blog\/madeleine-malonga-je-vais-me-reposer-et-repartir-au-travail-pour-changer-la-couleur-de-cette-medaille\/\" \/>\n<meta property=\"og:site_name\" content=\"Dicodusport\" \/>\n<meta property=\"article:publisher\" content=\"https:\/\/www.facebook.com\/dicodusport\" \/>\n<meta property=\"article:author\" content=\"https:\/\/www.facebook.com\/dicodusport\" \/>\n<meta property=\"article:published_time\" content=\"2021-07-29T16:48:26+00:00\" \/>\n<meta property=\"article:modified_time\" content=\"2021-07-29T22:21:51+00:00\" \/>\n<meta property=\"og:image\" content=\"https:\/\/dicodusport.fr\/blog\/wp-content\/uploads\/2021\/07\/Madeleine-Malonga-Je-vais-me-reposer-et-repartir-au-travail-pour-changer-la-couleur-de-cette-me\u0301daille.png\" \/>\n\t<meta property=\"og:image:width\" content=\"800\" \/>\n\t<meta property=\"og:image:height\" content=\"445\" \/>\n\t<meta property=\"og:image:type\" content=\"image\/png\" \/>\n<meta name=\"author\" content=\"Nicolas Jacquemard\" \/>\n<meta name=\"twitter:card\" content=\"summary_large_image\" \/>\n<meta name=\"twitter:title\" content=\"Madeleine Malonga : &quot;Je vais me reposer et repartir au travail pour changer la couleur de cette m\u00e9daille&quot;\" \/>\n<meta name=\"twitter:creator\" content=\"@https:\/\/twitter.com\/Nico_Jacquemard\" \/>\n<meta name=\"twitter:site\" content=\"@dicodusport\" \/>\n<script type=\"application\/ld+json\" class=\"yoast-schema-graph\">{\"@context\":\"https:\/\/schema.org\",\"@graph\":[{\"@type\":\"NewsArticle\",\"@id\":\"https:\/\/dicodusport.fr\/blog\/madeleine-malonga-je-vais-me-reposer-et-repartir-au-travail-pour-changer-la-couleur-de-cette-medaille\/#article\",\"isPartOf\":{\"@id\":\"https:\/\/dicodusport.fr\/blog\/madeleine-malonga-je-vais-me-reposer-et-repartir-au-travail-pour-changer-la-couleur-de-cette-medaille\/\"},\"author\":{\"name\":\"Nicolas Jacquemard\",\"@id\":\"https:\/\/dicodusport.fr\/blog\/#\/schema\/person\/55dcb50ad410894e431ed812bbb70191\"},\"headline\":\"Madeleine Malonga : \u00ab\u00a0Je vais me reposer et repartir au travail pour changer la couleur de cette m\u00e9daille\u00a0\u00bb\",\"datePublished\":\"2021-07-29T16:48:26+00:00\",\"dateModified\":\"2021-07-29T22:21:51+00:00\",\"mainEntityOfPage\":{\"@id\":\"https:\/\/dicodusport.fr\/blog\/madeleine-malonga-je-vais-me-reposer-et-repartir-au-travail-pour-changer-la-couleur-de-cette-medaille\/\"},\"wordCount\":319,\"commentCount\":0,\"publisher\":{\"@id\":\"https:\/\/dicodusport.fr\/blog\/#organization\"},\"image\":{\"@id\":\"https:\/\/dicodusport.fr\/blog\/madeleine-malonga-je-vais-me-reposer-et-repartir-au-travail-pour-changer-la-couleur-de-cette-medaille\/#primaryimage\"},\"thumbnailUrl\":\"https:\/\/dicodusport.fr\/blog\/wp-content\/uploads\/2021\/07\/Madeleine-Malonga-Je-vais-me-reposer-et-repartir-au-travail-pour-changer-la-couleur-de-cette-me\u0301daille.png\",\"keywords\":[\"Jeux Olympiques de Tokyo\",\"Judo\",\"Madeleine Malonga\"],\"articleSection\":[\"JO Tokyo 2020\",\"Judo\"],\"inLanguage\":\"fr-FR\",\"potentialAction\":[{\"@type\":\"CommentAction\",\"name\":\"Comment\",\"target\":[\"https:\/\/dicodusport.fr\/blog\/madeleine-malonga-je-vais-me-reposer-et-repartir-au-travail-pour-changer-la-couleur-de-cette-medaille\/#respond\"]}],\"copyrightYear\":\"2021\",\"copyrightHolder\":{\"@id\":\"https:\/\/dicodusport.fr\/blog\/#organization\"}},{\"@type\":\"WebPage\",\"@id\":\"https:\/\/dicodusport.fr\/blog\/madeleine-malonga-je-vais-me-reposer-et-repartir-au-travail-pour-changer-la-couleur-de-cette-medaille\/\",\"url\":\"https:\/\/dicodusport.fr\/blog\/madeleine-malonga-je-vais-me-reposer-et-repartir-au-travail-pour-changer-la-couleur-de-cette-medaille\/\",\"name\":\"Madeleine Malonga : \\\"Je vais me reposer et repartir au travail pour changer la couleur de cette m\u00e9daille\\\"\",\"isPartOf\":{\"@id\":\"https:\/\/dicodusport.fr\/blog\/#website\"},\"primaryImageOfPage\":{\"@id\":\"https:\/\/dicodusport.fr\/blog\/madeleine-malonga-je-vais-me-reposer-et-repartir-au-travail-pour-changer-la-couleur-de-cette-medaille\/#primaryimage\"},\"image\":{\"@id\":\"https:\/\/dicodusport.fr\/blog\/madeleine-malonga-je-vais-me-reposer-et-repartir-au-travail-pour-changer-la-couleur-de-cette-medaille\/#primaryimage\"},\"thumbnailUrl\":\"https:\/\/dicodusport.fr\/blog\/wp-content\/uploads\/2021\/07\/Madeleine-Malonga-Je-vais-me-reposer-et-repartir-au-travail-pour-changer-la-couleur-de-cette-me\u0301daille.png\",\"datePublished\":\"2021-07-29T16:48:26+00:00\",\"dateModified\":\"2021-07-29T22:21:51+00:00\",\"description\":\"Battue en finale des JO de Tokyo, Madeleine Malonga a d'abord \u00e9t\u00e9 inconsolable avant de parvenir \u00e0 savourer ce qu'elle avait accompli.\",\"breadcrumb\":{\"@id\":\"https:\/\/dicodusport.fr\/blog\/madeleine-malonga-je-vais-me-reposer-et-repartir-au-travail-pour-changer-la-couleur-de-cette-medaille\/#breadcrumb\"},\"inLanguage\":\"fr-FR\",\"potentialAction\":[{\"@type\":\"ReadAction\",\"target\":[\"https:\/\/dicodusport.fr\/blog\/madeleine-malonga-je-vais-me-reposer-et-repartir-au-travail-pour-changer-la-couleur-de-cette-medaille\/\"]}]},{\"@type\":\"ImageObject\",\"inLanguage\":\"fr-FR\",\"@id\":\"https:\/\/dicodusport.fr\/blog\/madeleine-malonga-je-vais-me-reposer-et-repartir-au-travail-pour-changer-la-couleur-de-cette-medaille\/#primaryimage\",\"url\":\"https:\/\/dicodusport.fr\/blog\/wp-content\/uploads\/2021\/07\/Madeleine-Malonga-Je-vais-me-reposer-et-repartir-au-travail-pour-changer-la-couleur-de-cette-me\u0301daille.png\",\"contentUrl\":\"https:\/\/dicodusport.fr\/blog\/wp-content\/uploads\/2021\/07\/Madeleine-Malonga-Je-vais-me-reposer-et-repartir-au-travail-pour-changer-la-couleur-de-cette-me\u0301daille.png\",\"width\":800,\"height\":445},{\"@type\":\"BreadcrumbList\",\"@id\":\"https:\/\/dicodusport.fr\/blog\/madeleine-malonga-je-vais-me-reposer-et-repartir-au-travail-pour-changer-la-couleur-de-cette-medaille\/#breadcrumb\",\"itemListElement\":[{\"@type\":\"ListItem\",\"position\":1,\"name\":\"Accueil\",\"item\":\"https:\/\/dicodusport.fr\/blog\/\"},{\"@type\":\"ListItem\",\"position\":2,\"name\":\"Madeleine Malonga : \u00ab\u00a0Je vais me reposer et repartir au travail pour changer la couleur de cette m\u00e9daille\u00a0\u00bb\"}]},{\"@type\":\"WebSite\",\"@id\":\"https:\/\/dicodusport.fr\/blog\/#website\",\"url\":\"https:\/\/dicodusport.fr\/blog\/\",\"name\":\"Dicodusport\",\"description\":\"L&#039;encyclop\u00e9die de l&#039;actualit\u00e9 sportive\",\"publisher\":{\"@id\":\"https:\/\/dicodusport.fr\/blog\/#organization\"},\"potentialAction\":[{\"@type\":\"SearchAction\",\"target\":{\"@type\":\"EntryPoint\",\"urlTemplate\":\"https:\/\/dicodusport.fr\/blog\/?s={search_term_string}\"},\"query-input\":{\"@type\":\"PropertyValueSpecification\",\"valueRequired\":true,\"valueName\":\"search_term_string\"}}],\"inLanguage\":\"fr-FR\"},{\"@type\":\"NewsMediaOrganization\",\"@id\":\"https:\/\/dicodusport.fr\/blog\/#organization\",\"name\":\"Dicodusport\",\"url\":\"https:\/\/dicodusport.fr\/blog\/\",\"logo\":{\"@type\":\"ImageObject\",\"inLanguage\":\"fr-FR\",\"@id\":\"https:\/\/dicodusport.fr\/blog\/#\/schema\/logo\/image\/\",\"url\":\"https:\/\/dicodusport.fr\/blog\/wp-content\/uploads\/2020\/06\/cropped-LOGO-DICODUSPORT-2020-SANS-FOND-SANS-TEXTE.png\",\"contentUrl\":\"https:\/\/dicodusport.fr\/blog\/wp-content\/uploads\/2020\/06\/cropped-LOGO-DICODUSPORT-2020-SANS-FOND-SANS-TEXTE.png\",\"width\":512,\"height\":512,\"caption\":\"Dicodusport\"},\"image\":{\"@id\":\"https:\/\/dicodusport.fr\/blog\/#\/schema\/logo\/image\/\"},\"sameAs\":[\"https:\/\/www.facebook.com\/dicodusport\",\"https:\/\/x.com\/dicodusport\",\"https:\/\/www.instagram.com\/dicodusport\/\",\"https:\/\/www.youtube.com\/channel\/UC7V2KZ5sd3htJivAbA4ZG3w\"],\"description\":\"Dicodusport est l'encyclop\u00e9die de l'actualit\u00e9 sportive.\",\"email\":\"bonjour@dicodusport.fr\",\"legalName\":\"DICODUSPORT\",\"foundingDate\":\"2018-01-14\",\"vatID\":\"FR71834470973\",\"taxID\":\"83447097300043\",\"numberOfEmployees\":{\"@type\":\"QuantitativeValue\",\"minValue\":\"1\",\"maxValue\":\"10\"}},{\"@type\":\"Person\",\"@id\":\"https:\/\/dicodusport.fr\/blog\/#\/schema\/person\/55dcb50ad410894e431ed812bbb70191\",\"name\":\"Nicolas Jacquemard\",\"image\":{\"@type\":\"ImageObject\",\"inLanguage\":\"fr-FR\",\"@id\":\"https:\/\/dicodusport.fr\/blog\/#\/schema\/person\/image\/\",\"url\":\"https:\/\/dicodusport.fr\/blog\/wp-content\/uploads\/2021\/05\/Nicolas-Jacquemard-150x150.jpeg\",\"contentUrl\":\"https:\/\/dicodusport.fr\/blog\/wp-content\/uploads\/2021\/05\/Nicolas-Jacquemard-150x150.jpeg\",\"caption\":\"Nicolas Jacquemard\"},\"description\":\"Passionn\u00e9 de sport et entrepreneur depuis mes 18 ans, la cr\u00e9ation de Dicodusport m'a sembl\u00e9 \u00e9vidente pour participer \u00e0 la m\u00e9diatisation d'un plus grand nombre de sports. Le chemin est long mais avec une \u00e9quipe des plus motiv\u00e9es et les Jeux Olympiques de Paris 2024 en point de mire, nous y arriverons ! Journaliste dans le monde du sport depuis plus de 5 ans, je traite aussi bien de football, de rugby, de biathlon que de cyclisme.\",\"sameAs\":[\"https:\/\/www.facebook.com\/dicodusport\",\"https:\/\/x.com\/https:\/\/twitter.com\/Nico_Jacquemard\"],\"url\":\"https:\/\/dicodusport.fr\/blog\/author\/dicodusport\/\"}]}<\/script>\n<!-- \/ Yoast SEO Premium plugin. -->","yoast_head_json":{"title":"Madeleine Malonga : \"Je vais me reposer et repartir au travail pour changer la couleur de cette m\u00e9daille\"","description":"Battue en finale des JO de Tokyo, Madeleine Malonga a d'abord \u00e9t\u00e9 inconsolable avant de parvenir \u00e0 savourer ce qu'elle avait accompli.","robots":{"index":"index","follow":"follow","max-snippet":"max-snippet:-1","max-image-preview":"max-image-preview:large","max-video-preview":"max-video-preview:-1"},"canonical":"https:\/\/dicodusport.fr\/blog\/madeleine-malonga-je-vais-me-reposer-et-repartir-au-travail-pour-changer-la-couleur-de-cette-medaille\/","og_locale":"fr_FR","og_type":"article","og_title":"Madeleine Malonga : \"Je vais me reposer et repartir au travail pour changer la couleur de cette m\u00e9daille\"","og_description":"Battue en finale des JO de Tokyo, Madeleine Malonga a d'abord \u00e9t\u00e9 inconsolable avant de parvenir \u00e0 savourer ce qu'elle avait accompli.","og_url":"https:\/\/dicodusport.fr\/blog\/madeleine-malonga-je-vais-me-reposer-et-repartir-au-travail-pour-changer-la-couleur-de-cette-medaille\/","og_site_name":"Dicodusport","article_publisher":"https:\/\/www.facebook.com\/dicodusport","article_author":"https:\/\/www.facebook.com\/dicodusport","article_published_time":"2021-07-29T16:48:26+00:00","article_modified_time":"2021-07-29T22:21:51+00:00","og_image":[{"width":800,"height":445,"url":"https:\/\/dicodusport.fr\/blog\/wp-content\/uploads\/2021\/07\/Madeleine-Malonga-Je-vais-me-reposer-et-repartir-au-travail-pour-changer-la-couleur-de-cette-me\u0301daille.png","type":"image\/png"}],"author":"Nicolas Jacquemard","twitter_card":"summary_large_image","twitter_title":"Madeleine Malonga : \"Je vais me reposer et repartir au travail pour changer la couleur de cette m\u00e9daille\"","twitter_creator":"@https:\/\/twitter.com\/Nico_Jacquemard","twitter_site":"@dicodusport","schema":{"@context":"https:\/\/schema.org","@graph":[{"@type":"NewsArticle","@id":"https:\/\/dicodusport.fr\/blog\/madeleine-malonga-je-vais-me-reposer-et-repartir-au-travail-pour-changer-la-couleur-de-cette-medaille\/#article","isPartOf":{"@id":"https:\/\/dicodusport.fr\/blog\/madeleine-malonga-je-vais-me-reposer-et-repartir-au-travail-pour-changer-la-couleur-de-cette-medaille\/"},"author":{"name":"Nicolas Jacquemard","@id":"https:\/\/dicodusport.fr\/blog\/#\/schema\/person\/55dcb50ad410894e431ed812bbb70191"},"headline":"Madeleine Malonga : \u00ab\u00a0Je vais me reposer et repartir au travail pour changer la couleur de cette m\u00e9daille\u00a0\u00bb","datePublished":"2021-07-29T16:48:26+00:00","dateModified":"2021-07-29T22:21:51+00:00","mainEntityOfPage":{"@id":"https:\/\/dicodusport.fr\/blog\/madeleine-malonga-je-vais-me-reposer-et-repartir-au-travail-pour-changer-la-couleur-de-cette-medaille\/"},"wordCount":319,"commentCount":0,"publisher":{"@id":"https:\/\/dicodusport.fr\/blog\/#organization"},"image":{"@id":"https:\/\/dicodusport.fr\/blog\/madeleine-malonga-je-vais-me-reposer-et-repartir-au-travail-pour-changer-la-couleur-de-cette-medaille\/#primaryimage"},"thumbnailUrl":"https:\/\/dicodusport.fr\/blog\/wp-content\/uploads\/2021\/07\/Madeleine-Malonga-Je-vais-me-reposer-et-repartir-au-travail-pour-changer-la-couleur-de-cette-me\u0301daille.png","keywords":["Jeux Olympiques de Tokyo","Judo","Madeleine Malonga"],"articleSection":["JO Tokyo 2020","Judo"],"inLanguage":"fr-FR","potentialAction":[{"@type":"CommentAction","name":"Comment","target":["https:\/\/dicodusport.fr\/blog\/madeleine-malonga-je-vais-me-reposer-et-repartir-au-travail-pour-changer-la-couleur-de-cette-medaille\/#respond"]}],"copyrightYear":"2021","copyrightHolder":{"@id":"https:\/\/dicodusport.fr\/blog\/#organization"}},{"@type":"WebPage","@id":"https:\/\/dicodusport.fr\/blog\/madeleine-malonga-je-vais-me-reposer-et-repartir-au-travail-pour-changer-la-couleur-de-cette-medaille\/","url":"https:\/\/dicodusport.fr\/blog\/madeleine-malonga-je-vais-me-reposer-et-repartir-au-travail-pour-changer-la-couleur-de-cette-medaille\/","name":"Madeleine Malonga : \"Je vais me reposer et repartir au travail pour changer la couleur de cette m\u00e9daille\"","isPartOf":{"@id":"https:\/\/dicodusport.fr\/blog\/#website"},"primaryImageOfPage":{"@id":"https:\/\/dicodusport.fr\/blog\/madeleine-malonga-je-vais-me-reposer-et-repartir-au-travail-pour-changer-la-couleur-de-cette-medaille\/#primaryimage"},"image":{"@id":"https:\/\/dicodusport.fr\/blog\/madeleine-malonga-je-vais-me-reposer-et-repartir-au-travail-pour-changer-la-couleur-de-cette-medaille\/#primaryimage"},"thumbnailUrl":"https:\/\/dicodusport.fr\/blog\/wp-content\/uploads\/2021\/07\/Madeleine-Malonga-Je-vais-me-reposer-et-repartir-au-travail-pour-changer-la-couleur-de-cette-me\u0301daille.png","datePublished":"2021-07-29T16:48:26+00:00","dateModified":"2021-07-29T22:21:51+00:00","description":"Battue en finale des JO de Tokyo, Madeleine Malonga a d'abord \u00e9t\u00e9 inconsolable avant de parvenir \u00e0 savourer ce qu'elle avait accompli.","breadcrumb":{"@id":"https:\/\/dicodusport.fr\/blog\/madeleine-malonga-je-vais-me-reposer-et-repartir-au-travail-pour-changer-la-couleur-de-cette-medaille\/#breadcrumb"},"inLanguage":"fr-FR","potentialAction":[{"@type":"ReadAction","target":["https:\/\/dicodusport.fr\/blog\/madeleine-malonga-je-vais-me-reposer-et-repartir-au-travail-pour-changer-la-couleur-de-cette-medaille\/"]}]},{"@type":"ImageObject","inLanguage":"fr-FR","@id":"https:\/\/dicodusport.fr\/blog\/madeleine-malonga-je-vais-me-reposer-et-repartir-au-travail-pour-changer-la-couleur-de-cette-medaille\/#primaryimage","url":"https:\/\/dicodusport.fr\/blog\/wp-content\/uploads\/2021\/07\/Madeleine-Malonga-Je-vais-me-reposer-et-repartir-au-travail-pour-changer-la-couleur-de-cette-me\u0301daille.png","contentUrl":"https:\/\/dicodusport.fr\/blog\/wp-content\/uploads\/2021\/07\/Madeleine-Malonga-Je-vais-me-reposer-et-repartir-au-travail-pour-changer-la-couleur-de-cette-me\u0301daille.png","width":800,"height":445},{"@type":"BreadcrumbList","@id":"https:\/\/dicodusport.fr\/blog\/madeleine-malonga-je-vais-me-reposer-et-repartir-au-travail-pour-changer-la-couleur-de-cette-medaille\/#breadcrumb","itemListElement":[{"@type":"ListItem","position":1,"name":"Accueil","item":"https:\/\/dicodusport.fr\/blog\/"},{"@type":"ListItem","position":2,"name":"Madeleine Malonga : \u00ab\u00a0Je vais me reposer et repartir au travail pour changer la couleur de cette m\u00e9daille\u00a0\u00bb"}]},{"@type":"WebSite","@id":"https:\/\/dicodusport.fr\/blog\/#website","url":"https:\/\/dicodusport.fr\/blog\/","name":"Dicodusport","description":"L&#039;encyclop\u00e9die de l&#039;actualit\u00e9 sportive","publisher":{"@id":"https:\/\/dicodusport.fr\/blog\/#organization"},"potentialAction":[{"@type":"SearchAction","target":{"@type":"EntryPoint","urlTemplate":"https:\/\/dicodusport.fr\/blog\/?s={search_term_string}"},"query-input":{"@type":"PropertyValueSpecification","valueRequired":true,"valueName":"search_term_string"}}],"inLanguage":"fr-FR"},{"@type":"NewsMediaOrganization","@id":"https:\/\/dicodusport.fr\/blog\/#organization","name":"Dicodusport","url":"https:\/\/dicodusport.fr\/blog\/","logo":{"@type":"ImageObject","inLanguage":"fr-FR","@id":"https:\/\/dicodusport.fr\/blog\/#\/schema\/logo\/image\/","url":"https:\/\/dicodusport.fr\/blog\/wp-content\/uploads\/2020\/06\/cropped-LOGO-DICODUSPORT-2020-SANS-FOND-SANS-TEXTE.png","contentUrl":"https:\/\/dicodusport.fr\/blog\/wp-content\/uploads\/2020\/06\/cropped-LOGO-DICODUSPORT-2020-SANS-FOND-SANS-TEXTE.png","width":512,"height":512,"caption":"Dicodusport"},"image":{"@id":"https:\/\/dicodusport.fr\/blog\/#\/schema\/logo\/image\/"},"sameAs":["https:\/\/www.facebook.com\/dicodusport","https:\/\/x.com\/dicodusport","https:\/\/www.instagram.com\/dicodusport\/","https:\/\/www.youtube.com\/channel\/UC7V2KZ5sd3htJivAbA4ZG3w"],"description":"Dicodusport est l'encyclop\u00e9die de l'actualit\u00e9 sportive.","email":"bonjour@dicodusport.fr","legalName":"DICODUSPORT","foundingDate":"2018-01-14","vatID":"FR71834470973","taxID":"83447097300043","numberOfEmployees":{"@type":"QuantitativeValue","minValue":"1","maxValue":"10"}},{"@type":"Person","@id":"https:\/\/dicodusport.fr\/blog\/#\/schema\/person\/55dcb50ad410894e431ed812bbb70191","name":"Nicolas Jacquemard","image":{"@type":"ImageObject","inLanguage":"fr-FR","@id":"https:\/\/dicodusport.fr\/blog\/#\/schema\/person\/image\/","url":"https:\/\/dicodusport.fr\/blog\/wp-content\/uploads\/2021\/05\/Nicolas-Jacquemard-150x150.jpeg","contentUrl":"https:\/\/dicodusport.fr\/blog\/wp-content\/uploads\/2021\/05\/Nicolas-Jacquemard-150x150.jpeg","caption":"Nicolas Jacquemard"},"description":"Passionn\u00e9 de sport et entrepreneur depuis mes 18 ans, la cr\u00e9ation de Dicodusport m'a sembl\u00e9 \u00e9vidente pour participer \u00e0 la m\u00e9diatisation d'un plus grand nombre de sports. Le chemin est long mais avec une \u00e9quipe des plus motiv\u00e9es et les Jeux Olympiques de Paris 2024 en point de mire, nous y arriverons ! Journaliste dans le monde du sport depuis plus de 5 ans, je traite aussi bien de football, de rugby, de biathlon que de cyclisme.","sameAs":["https:\/\/www.facebook.com\/dicodusport","https:\/\/x.com\/https:\/\/twitter.com\/Nico_Jacquemard"],"url":"https:\/\/dicodusport.fr\/blog\/author\/dicodusport\/"}]}},"_links":{"self":[{"href":"https:\/\/dicodusport.fr\/blog\/wp-json\/wp\/v2\/posts\/152230","targetHints":{"allow":["GET"]}}],"collection":[{"href":"https:\/\/dicodusport.fr\/blog\/wp-json\/wp\/v2\/posts"}],"about":[{"href":"https:\/\/dicodusport.fr\/blog\/wp-json\/wp\/v2\/types\/post"}],"author":[{"embeddable":true,"href":"https:\/\/dicodusport.fr\/blog\/wp-json\/wp\/v2\/users\/1"}],"replies":[{"embeddable":true,"href":"https:\/\/dicodusport.fr\/blog\/wp-json\/wp\/v2\/comments?post=152230"}],"version-history":[{"count":0,"href":"https:\/\/dicodusport.fr\/blog\/wp-json\/wp\/v2\/posts\/152230\/revisions"}],"wp:featuredmedia":[{"embeddable":true,"href":"https:\/\/dicodusport.fr\/blog\/wp-json\/wp\/v2\/media\/152239"}],"wp:attachment":[{"href":"https:\/\/dicodusport.fr\/blog\/wp-json\/wp\/v2\/media?parent=152230"}],"wp:term":[{"taxonomy":"category","embeddable":true,"href":"https:\/\/dicodusport.fr\/blog\/wp-json\/wp\/v2\/categories?post=152230"},{"taxonomy":"post_tag","embeddable":true,"href":"https:\/\/dicodusport.fr\/blog\/wp-json\/wp\/v2\/tags?post=152230"}],"curies":[{"name":"wp","href":"https:\/\/api.w.org\/{rel}","templated":true}]}}