{"id":152477,"date":"2021-07-30T05:13:11","date_gmt":"2021-07-30T03:13:11","guid":{"rendered":"https:\/\/dicodusport.fr\/blog\/?p=152477&#038;preview=true&#038;preview_id=152477"},"modified":"2021-07-30T05:23:40","modified_gmt":"2021-07-30T03:23:40","slug":"jo-tokyo-2020-athletisme-400-m-haies-ludvy-vaillant-et-wilfried-happio-en-demi-finales","status":"publish","type":"post","link":"https:\/\/dicodusport.fr\/blog\/jo-tokyo-2020-athletisme-400-m-haies-ludvy-vaillant-et-wilfried-happio-en-demi-finales\/","title":{"rendered":"JO Tokyo 2020 &#8211; Athl\u00e9tisme &#8211; 400 m haies : Ludvy Vaillant et Wilfried Happio en demi-finales"},"content":{"rendered":"<p style=\"text-align: justify;\"><em><b>JO TOKYO 2020 &#8211; ATHL\u00c9TISME &#8211; 5e de leurs s\u00e9ries respectives, Ludvy Vaillant et Wilfried Happio se sont qualifi\u00e9s pour les demi-finales du 400 m haies.<\/b><\/em><\/p>\n<p style=\"text-align: justify;\">Dans la premi\u00e8re s\u00e9rie, <strong>Ludvy Vaillant<\/strong> est bien parti, dans la foul\u00e9e du Br\u00e9silien Alison dos Santos, un des favoris \u00e0 la qualification directe. Il a ralenti apr\u00e8s la 7e haie et termine finalement 5e en 49\u203323. C&rsquo;est Abderrahman Samba qui s&rsquo;est impos\u00e9 (48\u203338).<\/p>\n<p style=\"text-align: justify;\">Dans la troisi\u00e8me s\u00e9rie du Norv\u00e9gien Karsten Warholm, <strong>Wilfried Happio<\/strong> a \u00e9galement fait un bon d\u00e9part mais termine \u00e0 la 5e place en 49\u203339.<br \/>\nLes temps des Fran\u00e7ais leur permettent d&rsquo;entrer en demi-finales, dimanche.<\/p>\n<blockquote class=\"twitter-tweet\">\n<p dir=\"ltr\" lang=\"fr\">&#x270c;&#xfe0f; \u00c7a passe ! Deux sur deux pour les Bleus !<\/p>\n<p>&#x1f1eb;&#x1f1f7; Ludvy Vaillant (5e de sa s\u00e9rie en 49\u00a0\u00bb23) et Wilfried Happio (\u00e9galement 5e de sa course en 49\u00a0\u00bb39) se qualifient au temps pour les demi-finales du 400 m haies !<\/p>\n<p>&#x1f449; Rendez-vous dimanche \u00e0 14h05 !<a href=\"https:\/\/twitter.com\/hashtag\/Tokyo2020?src=hash&amp;ref_src=twsrc%5Etfw\">#Tokyo2020<\/a> <a href=\"https:\/\/twitter.com\/hashtag\/Athletics?src=hash&amp;ref_src=twsrc%5Etfw\">#Athletics<\/a><\/p>\n<p>\u2014 FFA (@FFAthletisme) <a href=\"https:\/\/twitter.com\/FFAthletisme\/status\/1420943540411158533?ref_src=twsrc%5Etfw\">July 30, 2021<\/a><\/p><\/blockquote>\n<p><script async src=\"https:\/\/platform.twitter.com\/widgets.js\" charset=\"utf-8\"><\/script><\/p>\n<h2 style=\"text-align: justify;\">\u00c0 lire aussi<\/h2>\n<ul>\n<li style=\"text-align: justify;\"><a href=\"https:\/\/dicodusport.fr\/blog\/toute-l-actualite-des-jeux-olympiques-de-tokyo-2020\/\"><strong>Toute l&rsquo;actualit\u00e9 des Jeux Olympiques de Tokyo<\/strong><\/a><\/li>\n<li style=\"text-align: justify;\"><a href=\"https:\/\/dicodusport.fr\/blog\/jeux-olympiques-tokyo-2020-le-tableau-des-medailles\/\"><strong>Le tableau des m\u00e9dailles<\/strong><\/a><\/li>\n<\/ul>\n","protected":false},"excerpt":{"rendered":"<p>JO TOKYO 2020 &#8211; ATHL\u00c9TISME &#8211; 5e de leurs s\u00e9ries respectives, Ludvy Vaillant et Wilfried Happio se sont qualifi\u00e9s pour les demi-finales du 400 m haies.<\/p>\n","protected":false},"author":12,"featured_media":152479,"comment_status":"open","ping_status":"closed","sticky":false,"template":"","format":"standard","meta":{"_acf_changed":false,"_daextam_enable_autolinks":"","footnotes":""},"categories":[2308,8433],"tags":[143,9915,5661,18319],"class_list":["post-152477","post","type-post","status-publish","format-standard","has-post-thumbnail","hentry","category-athletisme","category-jo-tokyo-2020","tag-athletisme","tag-jeux-olympiques-de-tokyo","tag-ludvy-vaillant","tag-wilfried-happio"],"acf":[],"yoast_head":"<!-- This site is optimized with the Yoast SEO Premium plugin v26.7 (Yoast SEO v26.7) - https:\/\/yoast.com\/wordpress\/plugins\/seo\/ -->\n<title>JO Tokyo 2020 - Athl\u00e9tisme - 400 m haies : Ludvy Vaillant et Wilfried Happio en demi-finales<\/title>\n<meta name=\"description\" content=\"ATHL\u00c9TISME - 5e de leurs s\u00e9ries respectives, Ludvy Vaillant et Wilfried Happio se sont qualifi\u00e9s pour les demi-finales du 400 m haies.\" \/>\n<meta name=\"robots\" content=\"index, follow, max-snippet:-1, max-image-preview:large, max-video-preview:-1\" \/>\n<link rel=\"canonical\" href=\"https:\/\/dicodusport.fr\/blog\/jo-tokyo-2020-athletisme-400-m-haies-ludvy-vaillant-et-wilfried-happio-en-demi-finales\/\" \/>\n<meta property=\"og:locale\" content=\"fr_FR\" \/>\n<meta property=\"og:type\" content=\"article\" \/>\n<meta property=\"og:title\" content=\"JO Tokyo 2020 - Athl\u00e9tisme - 400 m haies : Ludvy Vaillant et Wilfried Happio en demi-finales\" \/>\n<meta property=\"og:description\" content=\"ATHL\u00c9TISME - 5e de leurs s\u00e9ries respectives, Ludvy Vaillant et Wilfried Happio se sont qualifi\u00e9s pour les demi-finales du 400 m haies.\" \/>\n<meta property=\"og:url\" content=\"https:\/\/dicodusport.fr\/blog\/jo-tokyo-2020-athletisme-400-m-haies-ludvy-vaillant-et-wilfried-happio-en-demi-finales\/\" \/>\n<meta property=\"og:site_name\" content=\"Dicodusport\" \/>\n<meta property=\"article:publisher\" content=\"https:\/\/www.facebook.com\/dicodusport\" \/>\n<meta property=\"article:published_time\" content=\"2021-07-30T03:13:11+00:00\" \/>\n<meta property=\"article:modified_time\" content=\"2021-07-30T03:23:40+00:00\" \/>\n<meta property=\"og:image\" content=\"https:\/\/dicodusport.fr\/blog\/wp-content\/uploads\/2021\/07\/JO-Tokyo-2020-Athletisme-400-m-haies-Ludvy-Vaillant-et-Wilfried-Happio-en-demi-finales.jpg\" \/>\n\t<meta property=\"og:image:width\" content=\"800\" \/>\n\t<meta property=\"og:image:height\" content=\"446\" \/>\n\t<meta property=\"og:image:type\" content=\"image\/jpeg\" \/>\n<meta name=\"author\" content=\"Arlette Yeye\" \/>\n<meta name=\"twitter:card\" content=\"summary_large_image\" \/>\n<meta name=\"twitter:title\" content=\"JO Tokyo 2020 - Athl\u00e9tisme - 400 m haies : Ludvy Vaillant et Wilfried Happio en demi-finales\" \/>\n<meta name=\"twitter:creator\" content=\"@https:\/\/twitter.com\/Shiclette94\" \/>\n<meta name=\"twitter:site\" content=\"@dicodusport\" \/>\n<script type=\"application\/ld+json\" class=\"yoast-schema-graph\">{\"@context\":\"https:\/\/schema.org\",\"@graph\":[{\"@type\":\"NewsArticle\",\"@id\":\"https:\/\/dicodusport.fr\/blog\/jo-tokyo-2020-athletisme-400-m-haies-ludvy-vaillant-et-wilfried-happio-en-demi-finales\/#article\",\"isPartOf\":{\"@id\":\"https:\/\/dicodusport.fr\/blog\/jo-tokyo-2020-athletisme-400-m-haies-ludvy-vaillant-et-wilfried-happio-en-demi-finales\/\"},\"author\":{\"name\":\"Arlette Yeye\",\"@id\":\"https:\/\/dicodusport.fr\/blog\/#\/schema\/person\/cce96fa88785bd8573e3d43078ac8c79\"},\"headline\":\"JO Tokyo 2020 &#8211; Athl\u00e9tisme &#8211; 400 m haies : Ludvy Vaillant et Wilfried Happio en demi-finales\",\"datePublished\":\"2021-07-30T03:13:11+00:00\",\"dateModified\":\"2021-07-30T03:23:40+00:00\",\"mainEntityOfPage\":{\"@id\":\"https:\/\/dicodusport.fr\/blog\/jo-tokyo-2020-athletisme-400-m-haies-ludvy-vaillant-et-wilfried-happio-en-demi-finales\/\"},\"wordCount\":198,\"commentCount\":0,\"publisher\":{\"@id\":\"https:\/\/dicodusport.fr\/blog\/#organization\"},\"image\":{\"@id\":\"https:\/\/dicodusport.fr\/blog\/jo-tokyo-2020-athletisme-400-m-haies-ludvy-vaillant-et-wilfried-happio-en-demi-finales\/#primaryimage\"},\"thumbnailUrl\":\"https:\/\/dicodusport.fr\/blog\/wp-content\/uploads\/2021\/07\/JO-Tokyo-2020-Athletisme-400-m-haies-Ludvy-Vaillant-et-Wilfried-Happio-en-demi-finales.jpg\",\"keywords\":[\"Athl\u00e9tisme\",\"Jeux Olympiques de Tokyo\",\"Ludvy Vaillant\",\"Wilfried Happio\"],\"articleSection\":[\"Athl\u00e9tisme\",\"JO Tokyo 2020\"],\"inLanguage\":\"fr-FR\",\"potentialAction\":[{\"@type\":\"CommentAction\",\"name\":\"Comment\",\"target\":[\"https:\/\/dicodusport.fr\/blog\/jo-tokyo-2020-athletisme-400-m-haies-ludvy-vaillant-et-wilfried-happio-en-demi-finales\/#respond\"]}],\"copyrightYear\":\"2021\",\"copyrightHolder\":{\"@id\":\"https:\/\/dicodusport.fr\/blog\/#organization\"}},{\"@type\":\"WebPage\",\"@id\":\"https:\/\/dicodusport.fr\/blog\/jo-tokyo-2020-athletisme-400-m-haies-ludvy-vaillant-et-wilfried-happio-en-demi-finales\/\",\"url\":\"https:\/\/dicodusport.fr\/blog\/jo-tokyo-2020-athletisme-400-m-haies-ludvy-vaillant-et-wilfried-happio-en-demi-finales\/\",\"name\":\"JO Tokyo 2020 - Athl\u00e9tisme - 400 m haies : Ludvy Vaillant et Wilfried Happio en demi-finales\",\"isPartOf\":{\"@id\":\"https:\/\/dicodusport.fr\/blog\/#website\"},\"primaryImageOfPage\":{\"@id\":\"https:\/\/dicodusport.fr\/blog\/jo-tokyo-2020-athletisme-400-m-haies-ludvy-vaillant-et-wilfried-happio-en-demi-finales\/#primaryimage\"},\"image\":{\"@id\":\"https:\/\/dicodusport.fr\/blog\/jo-tokyo-2020-athletisme-400-m-haies-ludvy-vaillant-et-wilfried-happio-en-demi-finales\/#primaryimage\"},\"thumbnailUrl\":\"https:\/\/dicodusport.fr\/blog\/wp-content\/uploads\/2021\/07\/JO-Tokyo-2020-Athletisme-400-m-haies-Ludvy-Vaillant-et-Wilfried-Happio-en-demi-finales.jpg\",\"datePublished\":\"2021-07-30T03:13:11+00:00\",\"dateModified\":\"2021-07-30T03:23:40+00:00\",\"description\":\"ATHL\u00c9TISME - 5e de leurs s\u00e9ries respectives, Ludvy Vaillant et Wilfried Happio se sont qualifi\u00e9s pour les demi-finales du 400 m haies.\",\"breadcrumb\":{\"@id\":\"https:\/\/dicodusport.fr\/blog\/jo-tokyo-2020-athletisme-400-m-haies-ludvy-vaillant-et-wilfried-happio-en-demi-finales\/#breadcrumb\"},\"inLanguage\":\"fr-FR\",\"potentialAction\":[{\"@type\":\"ReadAction\",\"target\":[\"https:\/\/dicodusport.fr\/blog\/jo-tokyo-2020-athletisme-400-m-haies-ludvy-vaillant-et-wilfried-happio-en-demi-finales\/\"]}]},{\"@type\":\"ImageObject\",\"inLanguage\":\"fr-FR\",\"@id\":\"https:\/\/dicodusport.fr\/blog\/jo-tokyo-2020-athletisme-400-m-haies-ludvy-vaillant-et-wilfried-happio-en-demi-finales\/#primaryimage\",\"url\":\"https:\/\/dicodusport.fr\/blog\/wp-content\/uploads\/2021\/07\/JO-Tokyo-2020-Athletisme-400-m-haies-Ludvy-Vaillant-et-Wilfried-Happio-en-demi-finales.jpg\",\"contentUrl\":\"https:\/\/dicodusport.fr\/blog\/wp-content\/uploads\/2021\/07\/JO-Tokyo-2020-Athletisme-400-m-haies-Ludvy-Vaillant-et-Wilfried-Happio-en-demi-finales.jpg\",\"width\":800,\"height\":446,\"caption\":\"JO Tokyo 2020 - Athl\u00e9tisme - 400 m haies Ludvy Vaillant et Wilfried Happio en demi-finales\"},{\"@type\":\"BreadcrumbList\",\"@id\":\"https:\/\/dicodusport.fr\/blog\/jo-tokyo-2020-athletisme-400-m-haies-ludvy-vaillant-et-wilfried-happio-en-demi-finales\/#breadcrumb\",\"itemListElement\":[{\"@type\":\"ListItem\",\"position\":1,\"name\":\"Accueil\",\"item\":\"https:\/\/dicodusport.fr\/blog\/\"},{\"@type\":\"ListItem\",\"position\":2,\"name\":\"JO Tokyo 2020 &#8211; Athl\u00e9tisme &#8211; 400 m haies : Ludvy Vaillant et Wilfried Happio en demi-finales\"}]},{\"@type\":\"WebSite\",\"@id\":\"https:\/\/dicodusport.fr\/blog\/#website\",\"url\":\"https:\/\/dicodusport.fr\/blog\/\",\"name\":\"Dicodusport\",\"description\":\"L&#039;encyclop\u00e9die de l&#039;actualit\u00e9 sportive\",\"publisher\":{\"@id\":\"https:\/\/dicodusport.fr\/blog\/#organization\"},\"potentialAction\":[{\"@type\":\"SearchAction\",\"target\":{\"@type\":\"EntryPoint\",\"urlTemplate\":\"https:\/\/dicodusport.fr\/blog\/?s={search_term_string}\"},\"query-input\":{\"@type\":\"PropertyValueSpecification\",\"valueRequired\":true,\"valueName\":\"search_term_string\"}}],\"inLanguage\":\"fr-FR\"},{\"@type\":\"NewsMediaOrganization\",\"@id\":\"https:\/\/dicodusport.fr\/blog\/#organization\",\"name\":\"Dicodusport\",\"url\":\"https:\/\/dicodusport.fr\/blog\/\",\"logo\":{\"@type\":\"ImageObject\",\"inLanguage\":\"fr-FR\",\"@id\":\"https:\/\/dicodusport.fr\/blog\/#\/schema\/logo\/image\/\",\"url\":\"https:\/\/dicodusport.fr\/blog\/wp-content\/uploads\/2020\/06\/cropped-LOGO-DICODUSPORT-2020-SANS-FOND-SANS-TEXTE.png\",\"contentUrl\":\"https:\/\/dicodusport.fr\/blog\/wp-content\/uploads\/2020\/06\/cropped-LOGO-DICODUSPORT-2020-SANS-FOND-SANS-TEXTE.png\",\"width\":512,\"height\":512,\"caption\":\"Dicodusport\"},\"image\":{\"@id\":\"https:\/\/dicodusport.fr\/blog\/#\/schema\/logo\/image\/\"},\"sameAs\":[\"https:\/\/www.facebook.com\/dicodusport\",\"https:\/\/x.com\/dicodusport\",\"https:\/\/www.instagram.com\/dicodusport\/\",\"https:\/\/www.youtube.com\/channel\/UC7V2KZ5sd3htJivAbA4ZG3w\"],\"description\":\"Dicodusport est l'encyclop\u00e9die de l'actualit\u00e9 sportive.\",\"email\":\"bonjour@dicodusport.fr\",\"legalName\":\"DICODUSPORT\",\"foundingDate\":\"2018-01-14\",\"vatID\":\"FR71834470973\",\"taxID\":\"83447097300043\",\"numberOfEmployees\":{\"@type\":\"QuantitativeValue\",\"minValue\":\"1\",\"maxValue\":\"10\"}},{\"@type\":\"Person\",\"@id\":\"https:\/\/dicodusport.fr\/blog\/#\/schema\/person\/cce96fa88785bd8573e3d43078ac8c79\",\"name\":\"Arlette Yeye\",\"image\":{\"@type\":\"ImageObject\",\"inLanguage\":\"fr-FR\",\"@id\":\"https:\/\/dicodusport.fr\/blog\/#\/schema\/person\/image\/\",\"url\":\"https:\/\/secure.gravatar.com\/avatar\/dca4a6239e6d708e46c45d60e160de6c?s=96&d=wp_user_avatar&r=g\",\"contentUrl\":\"https:\/\/secure.gravatar.com\/avatar\/dca4a6239e6d708e46c45d60e160de6c?s=96&d=wp_user_avatar&r=g\",\"caption\":\"Arlette Yeye\"},\"description\":\"Journaliste\/r\u00e9dactrice depuis septembre 2015 - Supportrice de Chelsea, j'ai pour sports de pr\u00e9dilection le handball, l'athl\u00e9tisme et le tennis. Si je tweete plus vite que mon ombre, vous pouvez aussi me retrouver les week-ends sur les playgrounds de Bruxelles pour un petit foot ou basket entre potes. Parcourir la France, l'Europe et plus si affinit\u00e9s pour suivre mes sportifs pr\u00e9f\u00e9r\u00e9s ? Mon kif ! Et c'est avec plaisir que je partage les r\u00e9sultats des sports populaires mais \u00e9galement plus confidentiels pour Dicodusport.\",\"sameAs\":[\"https:\/\/x.com\/https:\/\/twitter.com\/Shiclette94\"],\"url\":\"https:\/\/dicodusport.fr\/blog\/author\/arlette\/\"}]}<\/script>\n<!-- \/ Yoast SEO Premium plugin. -->","yoast_head_json":{"title":"JO Tokyo 2020 - Athl\u00e9tisme - 400 m haies : Ludvy Vaillant et Wilfried Happio en demi-finales","description":"ATHL\u00c9TISME - 5e de leurs s\u00e9ries respectives, Ludvy Vaillant et Wilfried Happio se sont qualifi\u00e9s pour les demi-finales du 400 m haies.","robots":{"index":"index","follow":"follow","max-snippet":"max-snippet:-1","max-image-preview":"max-image-preview:large","max-video-preview":"max-video-preview:-1"},"canonical":"https:\/\/dicodusport.fr\/blog\/jo-tokyo-2020-athletisme-400-m-haies-ludvy-vaillant-et-wilfried-happio-en-demi-finales\/","og_locale":"fr_FR","og_type":"article","og_title":"JO Tokyo 2020 - Athl\u00e9tisme - 400 m haies : Ludvy Vaillant et Wilfried Happio en demi-finales","og_description":"ATHL\u00c9TISME - 5e de leurs s\u00e9ries respectives, Ludvy Vaillant et Wilfried Happio se sont qualifi\u00e9s pour les demi-finales du 400 m haies.","og_url":"https:\/\/dicodusport.fr\/blog\/jo-tokyo-2020-athletisme-400-m-haies-ludvy-vaillant-et-wilfried-happio-en-demi-finales\/","og_site_name":"Dicodusport","article_publisher":"https:\/\/www.facebook.com\/dicodusport","article_published_time":"2021-07-30T03:13:11+00:00","article_modified_time":"2021-07-30T03:23:40+00:00","og_image":[{"width":800,"height":446,"url":"https:\/\/dicodusport.fr\/blog\/wp-content\/uploads\/2021\/07\/JO-Tokyo-2020-Athletisme-400-m-haies-Ludvy-Vaillant-et-Wilfried-Happio-en-demi-finales.jpg","type":"image\/jpeg"}],"author":"Arlette Yeye","twitter_card":"summary_large_image","twitter_title":"JO Tokyo 2020 - Athl\u00e9tisme - 400 m haies : Ludvy Vaillant et Wilfried Happio en demi-finales","twitter_creator":"@https:\/\/twitter.com\/Shiclette94","twitter_site":"@dicodusport","schema":{"@context":"https:\/\/schema.org","@graph":[{"@type":"NewsArticle","@id":"https:\/\/dicodusport.fr\/blog\/jo-tokyo-2020-athletisme-400-m-haies-ludvy-vaillant-et-wilfried-happio-en-demi-finales\/#article","isPartOf":{"@id":"https:\/\/dicodusport.fr\/blog\/jo-tokyo-2020-athletisme-400-m-haies-ludvy-vaillant-et-wilfried-happio-en-demi-finales\/"},"author":{"name":"Arlette Yeye","@id":"https:\/\/dicodusport.fr\/blog\/#\/schema\/person\/cce96fa88785bd8573e3d43078ac8c79"},"headline":"JO Tokyo 2020 &#8211; Athl\u00e9tisme &#8211; 400 m haies : Ludvy Vaillant et Wilfried Happio en demi-finales","datePublished":"2021-07-30T03:13:11+00:00","dateModified":"2021-07-30T03:23:40+00:00","mainEntityOfPage":{"@id":"https:\/\/dicodusport.fr\/blog\/jo-tokyo-2020-athletisme-400-m-haies-ludvy-vaillant-et-wilfried-happio-en-demi-finales\/"},"wordCount":198,"commentCount":0,"publisher":{"@id":"https:\/\/dicodusport.fr\/blog\/#organization"},"image":{"@id":"https:\/\/dicodusport.fr\/blog\/jo-tokyo-2020-athletisme-400-m-haies-ludvy-vaillant-et-wilfried-happio-en-demi-finales\/#primaryimage"},"thumbnailUrl":"https:\/\/dicodusport.fr\/blog\/wp-content\/uploads\/2021\/07\/JO-Tokyo-2020-Athletisme-400-m-haies-Ludvy-Vaillant-et-Wilfried-Happio-en-demi-finales.jpg","keywords":["Athl\u00e9tisme","Jeux Olympiques de Tokyo","Ludvy Vaillant","Wilfried Happio"],"articleSection":["Athl\u00e9tisme","JO Tokyo 2020"],"inLanguage":"fr-FR","potentialAction":[{"@type":"CommentAction","name":"Comment","target":["https:\/\/dicodusport.fr\/blog\/jo-tokyo-2020-athletisme-400-m-haies-ludvy-vaillant-et-wilfried-happio-en-demi-finales\/#respond"]}],"copyrightYear":"2021","copyrightHolder":{"@id":"https:\/\/dicodusport.fr\/blog\/#organization"}},{"@type":"WebPage","@id":"https:\/\/dicodusport.fr\/blog\/jo-tokyo-2020-athletisme-400-m-haies-ludvy-vaillant-et-wilfried-happio-en-demi-finales\/","url":"https:\/\/dicodusport.fr\/blog\/jo-tokyo-2020-athletisme-400-m-haies-ludvy-vaillant-et-wilfried-happio-en-demi-finales\/","name":"JO Tokyo 2020 - Athl\u00e9tisme - 400 m haies : Ludvy Vaillant et Wilfried Happio en demi-finales","isPartOf":{"@id":"https:\/\/dicodusport.fr\/blog\/#website"},"primaryImageOfPage":{"@id":"https:\/\/dicodusport.fr\/blog\/jo-tokyo-2020-athletisme-400-m-haies-ludvy-vaillant-et-wilfried-happio-en-demi-finales\/#primaryimage"},"image":{"@id":"https:\/\/dicodusport.fr\/blog\/jo-tokyo-2020-athletisme-400-m-haies-ludvy-vaillant-et-wilfried-happio-en-demi-finales\/#primaryimage"},"thumbnailUrl":"https:\/\/dicodusport.fr\/blog\/wp-content\/uploads\/2021\/07\/JO-Tokyo-2020-Athletisme-400-m-haies-Ludvy-Vaillant-et-Wilfried-Happio-en-demi-finales.jpg","datePublished":"2021-07-30T03:13:11+00:00","dateModified":"2021-07-30T03:23:40+00:00","description":"ATHL\u00c9TISME - 5e de leurs s\u00e9ries respectives, Ludvy Vaillant et Wilfried Happio se sont qualifi\u00e9s pour les demi-finales du 400 m haies.","breadcrumb":{"@id":"https:\/\/dicodusport.fr\/blog\/jo-tokyo-2020-athletisme-400-m-haies-ludvy-vaillant-et-wilfried-happio-en-demi-finales\/#breadcrumb"},"inLanguage":"fr-FR","potentialAction":[{"@type":"ReadAction","target":["https:\/\/dicodusport.fr\/blog\/jo-tokyo-2020-athletisme-400-m-haies-ludvy-vaillant-et-wilfried-happio-en-demi-finales\/"]}]},{"@type":"ImageObject","inLanguage":"fr-FR","@id":"https:\/\/dicodusport.fr\/blog\/jo-tokyo-2020-athletisme-400-m-haies-ludvy-vaillant-et-wilfried-happio-en-demi-finales\/#primaryimage","url":"https:\/\/dicodusport.fr\/blog\/wp-content\/uploads\/2021\/07\/JO-Tokyo-2020-Athletisme-400-m-haies-Ludvy-Vaillant-et-Wilfried-Happio-en-demi-finales.jpg","contentUrl":"https:\/\/dicodusport.fr\/blog\/wp-content\/uploads\/2021\/07\/JO-Tokyo-2020-Athletisme-400-m-haies-Ludvy-Vaillant-et-Wilfried-Happio-en-demi-finales.jpg","width":800,"height":446,"caption":"JO Tokyo 2020 - Athl\u00e9tisme - 400 m haies Ludvy Vaillant et Wilfried Happio en demi-finales"},{"@type":"BreadcrumbList","@id":"https:\/\/dicodusport.fr\/blog\/jo-tokyo-2020-athletisme-400-m-haies-ludvy-vaillant-et-wilfried-happio-en-demi-finales\/#breadcrumb","itemListElement":[{"@type":"ListItem","position":1,"name":"Accueil","item":"https:\/\/dicodusport.fr\/blog\/"},{"@type":"ListItem","position":2,"name":"JO Tokyo 2020 &#8211; Athl\u00e9tisme &#8211; 400 m haies : Ludvy Vaillant et Wilfried Happio en demi-finales"}]},{"@type":"WebSite","@id":"https:\/\/dicodusport.fr\/blog\/#website","url":"https:\/\/dicodusport.fr\/blog\/","name":"Dicodusport","description":"L&#039;encyclop\u00e9die de l&#039;actualit\u00e9 sportive","publisher":{"@id":"https:\/\/dicodusport.fr\/blog\/#organization"},"potentialAction":[{"@type":"SearchAction","target":{"@type":"EntryPoint","urlTemplate":"https:\/\/dicodusport.fr\/blog\/?s={search_term_string}"},"query-input":{"@type":"PropertyValueSpecification","valueRequired":true,"valueName":"search_term_string"}}],"inLanguage":"fr-FR"},{"@type":"NewsMediaOrganization","@id":"https:\/\/dicodusport.fr\/blog\/#organization","name":"Dicodusport","url":"https:\/\/dicodusport.fr\/blog\/","logo":{"@type":"ImageObject","inLanguage":"fr-FR","@id":"https:\/\/dicodusport.fr\/blog\/#\/schema\/logo\/image\/","url":"https:\/\/dicodusport.fr\/blog\/wp-content\/uploads\/2020\/06\/cropped-LOGO-DICODUSPORT-2020-SANS-FOND-SANS-TEXTE.png","contentUrl":"https:\/\/dicodusport.fr\/blog\/wp-content\/uploads\/2020\/06\/cropped-LOGO-DICODUSPORT-2020-SANS-FOND-SANS-TEXTE.png","width":512,"height":512,"caption":"Dicodusport"},"image":{"@id":"https:\/\/dicodusport.fr\/blog\/#\/schema\/logo\/image\/"},"sameAs":["https:\/\/www.facebook.com\/dicodusport","https:\/\/x.com\/dicodusport","https:\/\/www.instagram.com\/dicodusport\/","https:\/\/www.youtube.com\/channel\/UC7V2KZ5sd3htJivAbA4ZG3w"],"description":"Dicodusport est l'encyclop\u00e9die de l'actualit\u00e9 sportive.","email":"bonjour@dicodusport.fr","legalName":"DICODUSPORT","foundingDate":"2018-01-14","vatID":"FR71834470973","taxID":"83447097300043","numberOfEmployees":{"@type":"QuantitativeValue","minValue":"1","maxValue":"10"}},{"@type":"Person","@id":"https:\/\/dicodusport.fr\/blog\/#\/schema\/person\/cce96fa88785bd8573e3d43078ac8c79","name":"Arlette Yeye","image":{"@type":"ImageObject","inLanguage":"fr-FR","@id":"https:\/\/dicodusport.fr\/blog\/#\/schema\/person\/image\/","url":"https:\/\/secure.gravatar.com\/avatar\/dca4a6239e6d708e46c45d60e160de6c?s=96&d=wp_user_avatar&r=g","contentUrl":"https:\/\/secure.gravatar.com\/avatar\/dca4a6239e6d708e46c45d60e160de6c?s=96&d=wp_user_avatar&r=g","caption":"Arlette Yeye"},"description":"Journaliste\/r\u00e9dactrice depuis septembre 2015 - Supportrice de Chelsea, j'ai pour sports de pr\u00e9dilection le handball, l'athl\u00e9tisme et le tennis. Si je tweete plus vite que mon ombre, vous pouvez aussi me retrouver les week-ends sur les playgrounds de Bruxelles pour un petit foot ou basket entre potes. Parcourir la France, l'Europe et plus si affinit\u00e9s pour suivre mes sportifs pr\u00e9f\u00e9r\u00e9s ? Mon kif ! Et c'est avec plaisir que je partage les r\u00e9sultats des sports populaires mais \u00e9galement plus confidentiels pour Dicodusport.","sameAs":["https:\/\/x.com\/https:\/\/twitter.com\/Shiclette94"],"url":"https:\/\/dicodusport.fr\/blog\/author\/arlette\/"}]}},"_links":{"self":[{"href":"https:\/\/dicodusport.fr\/blog\/wp-json\/wp\/v2\/posts\/152477","targetHints":{"allow":["GET"]}}],"collection":[{"href":"https:\/\/dicodusport.fr\/blog\/wp-json\/wp\/v2\/posts"}],"about":[{"href":"https:\/\/dicodusport.fr\/blog\/wp-json\/wp\/v2\/types\/post"}],"author":[{"embeddable":true,"href":"https:\/\/dicodusport.fr\/blog\/wp-json\/wp\/v2\/users\/12"}],"replies":[{"embeddable":true,"href":"https:\/\/dicodusport.fr\/blog\/wp-json\/wp\/v2\/comments?post=152477"}],"version-history":[{"count":0,"href":"https:\/\/dicodusport.fr\/blog\/wp-json\/wp\/v2\/posts\/152477\/revisions"}],"wp:featuredmedia":[{"embeddable":true,"href":"https:\/\/dicodusport.fr\/blog\/wp-json\/wp\/v2\/media\/152479"}],"wp:attachment":[{"href":"https:\/\/dicodusport.fr\/blog\/wp-json\/wp\/v2\/media?parent=152477"}],"wp:term":[{"taxonomy":"category","embeddable":true,"href":"https:\/\/dicodusport.fr\/blog\/wp-json\/wp\/v2\/categories?post=152477"},{"taxonomy":"post_tag","embeddable":true,"href":"https:\/\/dicodusport.fr\/blog\/wp-json\/wp\/v2\/tags?post=152477"}],"curies":[{"name":"wp","href":"https:\/\/api.w.org\/{rel}","templated":true}]}}