{"id":152657,"date":"2021-07-30T11:15:07","date_gmt":"2021-07-30T09:15:07","guid":{"rendered":"https:\/\/dicodusport.fr\/blog\/?p=152657&#038;preview=true&#038;preview_id=152657"},"modified":"2021-07-30T11:24:01","modified_gmt":"2021-07-30T09:24:01","slug":"jo-tokyo-2020-judo-romane-dicko-remporte-la-medaille-de-bronze","status":"publish","type":"post","link":"https:\/\/dicodusport.fr\/blog\/jo-tokyo-2020-judo-romane-dicko-remporte-la-medaille-de-bronze\/","title":{"rendered":"JO Tokyo 2020 &#8211; Judo : Romane Dicko remporte la m\u00e9daille de bronze"},"content":{"rendered":"<p style=\"text-align: justify;\"><strong><em>JO TOKYO 2020 &#8211; JUDO &#8211; Romane Dicko (+78 kg) s&rsquo;est impos\u00e9e face \u00e0 Kayra Sayit et remporte la m\u00e9daille de bronze.<\/em><\/strong><\/p>\n<p>Pour ramener une m\u00e9daille de Tokyo, Romane Dicko affrontait la Turque<strong> Kayra Sayit<\/strong> qu&rsquo;elle a toujours battu lors de ses 3 derniers combats. Et c&rsquo;est une victoire \u00e9clair pour la Fran\u00e7aise qui s&rsquo;impose sur ippon apr\u00e8s immobilisation.<\/p>\n<blockquote class=\"twitter-tweet\">\n<p dir=\"ltr\" lang=\"fr\">&#x1f1eb;&#x1f1f7; OUIII ROMANE DICKO !!!! La Fran\u00e7aise remporte son combat face \u00e0 Kayra Sayit et d\u00e9croche la m\u00e9daille de bronze chez les +78kg ! <a href=\"https:\/\/twitter.com\/hashtag\/Tokyo2020?src=hash&amp;ref_src=twsrc%5Etfw\">#Tokyo2020<\/a> <a href=\"https:\/\/twitter.com\/hashtag\/JeuxOlympiques?src=hash&amp;ref_src=twsrc%5Etfw\">#JeuxOlympiques<\/a> <a href=\"https:\/\/t.co\/k5SipXK1im\">pic.twitter.com\/k5SipXK1im<\/a><\/p>\n<p>\u2014 Eurosport France (@Eurosport_FR) <a href=\"https:\/\/twitter.com\/Eurosport_FR\/status\/1421036637107236865?ref_src=twsrc%5Etfw\">July 30, 2021<\/a><\/p><\/blockquote>\n<p><script async src=\"https:\/\/platform.twitter.com\/widgets.js\" charset=\"utf-8\"><\/script><\/p>\n<p style=\"text-align: justify;\">Pour ses premiers Jeux, \u00e0 21 ans, Romane Dicko remporte donc une belle m\u00e9daille de bronze. En larmes apr\u00e8s sa victoire, elle a indiqu\u00e9 que c&rsquo;\u00e9tait des larmes de joie m\u00eal\u00e9es \u00e0 un peu de tristesse. La judokate qui cherchait l&rsquo;or, avait peur de ne pas \u00eatre en mesure de se remobiliser pour ce combat. Mais elle y est parvenue et \u00e9tait \u00e9videmment soulag\u00e9e et fi\u00e8re. La jeune judokate se projette d&rsquo;ailleurs sur Paris 2024 o\u00f9 elle esp\u00e8re d\u00e9crocher un doubl\u00e9 avec un certain Teddy Riner&#8230;<\/p>\n<h2 style=\"text-align: justify;\">\u00c0 lire aussi<\/h2>\n<ul>\n<li style=\"text-align: justify;\"><a href=\"https:\/\/dicodusport.fr\/blog\/toute-l-actualite-des-jeux-olympiques-de-tokyo-2020\/\"><strong>Toute l&rsquo;actualit\u00e9 des Jeux Olympiques de Tokyo<\/strong><\/a><\/li>\n<li style=\"text-align: justify;\"><a href=\"https:\/\/dicodusport.fr\/blog\/jeux-olympiques-tokyo-2020-le-tableau-des-medailles\/\"><strong>Le tableau des m\u00e9dailles<\/strong><\/a><\/li>\n<\/ul>\n","protected":false},"excerpt":{"rendered":"<p>JO TOKYO 2020 &#8211; JUDO &#8211; Romane Dicko (+78 kg) s&rsquo;est impos\u00e9e face \u00e0 Kayra Sayit et remporte la m\u00e9daille de bronze.<\/p>\n","protected":false},"author":12,"featured_media":152659,"comment_status":"open","ping_status":"closed","sticky":false,"template":"","format":"standard","meta":{"_acf_changed":false,"_daextam_enable_autolinks":"","footnotes":""},"categories":[8433,8651],"tags":[9915,68,2379,24],"class_list":["post-152657","post","type-post","status-publish","format-standard","has-post-thumbnail","hentry","category-jo-tokyo-2020","category-judo","tag-jeux-olympiques-de-tokyo","tag-judo","tag-romane-dicko","tag-sport"],"acf":[],"yoast_head":"<!-- This site is optimized with the Yoast SEO Premium plugin v26.7 (Yoast SEO v26.7) - https:\/\/yoast.com\/wordpress\/plugins\/seo\/ -->\n<title>JO Tokyo 2020 - Judo : Romane Dicko remporte la m\u00e9daille de bronze<\/title>\n<meta name=\"description\" content=\"JO TOKYO 2020 - JUDO - Romane Dicko (+78 kg) s&#039;est impos\u00e9e face \u00e0 Kayra Sayit et remporte la m\u00e9daille de bronze.\" \/>\n<meta name=\"robots\" content=\"index, follow, max-snippet:-1, max-image-preview:large, max-video-preview:-1\" \/>\n<link rel=\"canonical\" href=\"https:\/\/dicodusport.fr\/blog\/jo-tokyo-2020-judo-romane-dicko-remporte-la-medaille-de-bronze\/\" \/>\n<meta property=\"og:locale\" content=\"fr_FR\" \/>\n<meta property=\"og:type\" content=\"article\" \/>\n<meta property=\"og:title\" content=\"JO Tokyo 2020 - Judo : Romane Dicko remporte la m\u00e9daille de bronze\" \/>\n<meta property=\"og:description\" content=\"JO TOKYO 2020 - JUDO - Romane Dicko (+78 kg) s&#039;est impos\u00e9e face \u00e0 Kayra Sayit et remporte la m\u00e9daille de bronze.\" \/>\n<meta property=\"og:url\" content=\"https:\/\/dicodusport.fr\/blog\/jo-tokyo-2020-judo-romane-dicko-remporte-la-medaille-de-bronze\/\" \/>\n<meta property=\"og:site_name\" content=\"Dicodusport\" \/>\n<meta property=\"article:publisher\" content=\"https:\/\/www.facebook.com\/dicodusport\" \/>\n<meta property=\"article:published_time\" content=\"2021-07-30T09:15:07+00:00\" \/>\n<meta property=\"article:modified_time\" content=\"2021-07-30T09:24:01+00:00\" \/>\n<meta property=\"og:image\" content=\"https:\/\/dicodusport.fr\/blog\/wp-content\/uploads\/2021\/07\/JO-Tokyo-2020-Judo-Romane-Dicko-remporte-la-medaille-de-bronze.jpg\" \/>\n\t<meta property=\"og:image:width\" content=\"800\" \/>\n\t<meta property=\"og:image:height\" content=\"445\" \/>\n\t<meta property=\"og:image:type\" content=\"image\/jpeg\" \/>\n<meta name=\"author\" content=\"Arlette Yeye\" \/>\n<meta name=\"twitter:card\" content=\"summary_large_image\" \/>\n<meta name=\"twitter:title\" content=\"JO Tokyo 2020 - Judo : Romane Dicko remporte la m\u00e9daille de bronze\" \/>\n<meta name=\"twitter:creator\" content=\"@https:\/\/twitter.com\/Shiclette94\" \/>\n<meta name=\"twitter:site\" content=\"@dicodusport\" \/>\n<script type=\"application\/ld+json\" class=\"yoast-schema-graph\">{\"@context\":\"https:\/\/schema.org\",\"@graph\":[{\"@type\":\"NewsArticle\",\"@id\":\"https:\/\/dicodusport.fr\/blog\/jo-tokyo-2020-judo-romane-dicko-remporte-la-medaille-de-bronze\/#article\",\"isPartOf\":{\"@id\":\"https:\/\/dicodusport.fr\/blog\/jo-tokyo-2020-judo-romane-dicko-remporte-la-medaille-de-bronze\/\"},\"author\":{\"name\":\"Arlette Yeye\",\"@id\":\"https:\/\/dicodusport.fr\/blog\/#\/schema\/person\/cce96fa88785bd8573e3d43078ac8c79\"},\"headline\":\"JO Tokyo 2020 &#8211; Judo : Romane Dicko remporte la m\u00e9daille de bronze\",\"datePublished\":\"2021-07-30T09:15:07+00:00\",\"dateModified\":\"2021-07-30T09:24:01+00:00\",\"mainEntityOfPage\":{\"@id\":\"https:\/\/dicodusport.fr\/blog\/jo-tokyo-2020-judo-romane-dicko-remporte-la-medaille-de-bronze\/\"},\"wordCount\":226,\"commentCount\":0,\"publisher\":{\"@id\":\"https:\/\/dicodusport.fr\/blog\/#organization\"},\"image\":{\"@id\":\"https:\/\/dicodusport.fr\/blog\/jo-tokyo-2020-judo-romane-dicko-remporte-la-medaille-de-bronze\/#primaryimage\"},\"thumbnailUrl\":\"https:\/\/dicodusport.fr\/blog\/wp-content\/uploads\/2021\/07\/JO-Tokyo-2020-Judo-Romane-Dicko-remporte-la-medaille-de-bronze.jpg\",\"keywords\":[\"Jeux Olympiques de Tokyo\",\"Judo\",\"Romane Dicko\",\"sport\"],\"articleSection\":[\"JO Tokyo 2020\",\"Judo\"],\"inLanguage\":\"fr-FR\",\"potentialAction\":[{\"@type\":\"CommentAction\",\"name\":\"Comment\",\"target\":[\"https:\/\/dicodusport.fr\/blog\/jo-tokyo-2020-judo-romane-dicko-remporte-la-medaille-de-bronze\/#respond\"]}],\"copyrightYear\":\"2021\",\"copyrightHolder\":{\"@id\":\"https:\/\/dicodusport.fr\/blog\/#organization\"}},{\"@type\":\"WebPage\",\"@id\":\"https:\/\/dicodusport.fr\/blog\/jo-tokyo-2020-judo-romane-dicko-remporte-la-medaille-de-bronze\/\",\"url\":\"https:\/\/dicodusport.fr\/blog\/jo-tokyo-2020-judo-romane-dicko-remporte-la-medaille-de-bronze\/\",\"name\":\"JO Tokyo 2020 - Judo : Romane Dicko remporte la m\u00e9daille de bronze\",\"isPartOf\":{\"@id\":\"https:\/\/dicodusport.fr\/blog\/#website\"},\"primaryImageOfPage\":{\"@id\":\"https:\/\/dicodusport.fr\/blog\/jo-tokyo-2020-judo-romane-dicko-remporte-la-medaille-de-bronze\/#primaryimage\"},\"image\":{\"@id\":\"https:\/\/dicodusport.fr\/blog\/jo-tokyo-2020-judo-romane-dicko-remporte-la-medaille-de-bronze\/#primaryimage\"},\"thumbnailUrl\":\"https:\/\/dicodusport.fr\/blog\/wp-content\/uploads\/2021\/07\/JO-Tokyo-2020-Judo-Romane-Dicko-remporte-la-medaille-de-bronze.jpg\",\"datePublished\":\"2021-07-30T09:15:07+00:00\",\"dateModified\":\"2021-07-30T09:24:01+00:00\",\"description\":\"JO TOKYO 2020 - JUDO - Romane Dicko (+78 kg) s'est impos\u00e9e face \u00e0 Kayra Sayit et remporte la m\u00e9daille de bronze.\",\"breadcrumb\":{\"@id\":\"https:\/\/dicodusport.fr\/blog\/jo-tokyo-2020-judo-romane-dicko-remporte-la-medaille-de-bronze\/#breadcrumb\"},\"inLanguage\":\"fr-FR\",\"potentialAction\":[{\"@type\":\"ReadAction\",\"target\":[\"https:\/\/dicodusport.fr\/blog\/jo-tokyo-2020-judo-romane-dicko-remporte-la-medaille-de-bronze\/\"]}]},{\"@type\":\"ImageObject\",\"inLanguage\":\"fr-FR\",\"@id\":\"https:\/\/dicodusport.fr\/blog\/jo-tokyo-2020-judo-romane-dicko-remporte-la-medaille-de-bronze\/#primaryimage\",\"url\":\"https:\/\/dicodusport.fr\/blog\/wp-content\/uploads\/2021\/07\/JO-Tokyo-2020-Judo-Romane-Dicko-remporte-la-medaille-de-bronze.jpg\",\"contentUrl\":\"https:\/\/dicodusport.fr\/blog\/wp-content\/uploads\/2021\/07\/JO-Tokyo-2020-Judo-Romane-Dicko-remporte-la-medaille-de-bronze.jpg\",\"width\":800,\"height\":445,\"caption\":\"Romane DICKO of France during the Day seven of Judo at Nippon Budokan on July 30, 2021 in Tokyo, Japan. (Photo by Anthony Dibon\/Icon Sport) - Nippon Budokan - Tokyo (Japon)\"},{\"@type\":\"BreadcrumbList\",\"@id\":\"https:\/\/dicodusport.fr\/blog\/jo-tokyo-2020-judo-romane-dicko-remporte-la-medaille-de-bronze\/#breadcrumb\",\"itemListElement\":[{\"@type\":\"ListItem\",\"position\":1,\"name\":\"Accueil\",\"item\":\"https:\/\/dicodusport.fr\/blog\/\"},{\"@type\":\"ListItem\",\"position\":2,\"name\":\"JO Tokyo 2020 &#8211; Judo : Romane Dicko remporte la m\u00e9daille de bronze\"}]},{\"@type\":\"WebSite\",\"@id\":\"https:\/\/dicodusport.fr\/blog\/#website\",\"url\":\"https:\/\/dicodusport.fr\/blog\/\",\"name\":\"Dicodusport\",\"description\":\"L&#039;encyclop\u00e9die de l&#039;actualit\u00e9 sportive\",\"publisher\":{\"@id\":\"https:\/\/dicodusport.fr\/blog\/#organization\"},\"potentialAction\":[{\"@type\":\"SearchAction\",\"target\":{\"@type\":\"EntryPoint\",\"urlTemplate\":\"https:\/\/dicodusport.fr\/blog\/?s={search_term_string}\"},\"query-input\":{\"@type\":\"PropertyValueSpecification\",\"valueRequired\":true,\"valueName\":\"search_term_string\"}}],\"inLanguage\":\"fr-FR\"},{\"@type\":\"NewsMediaOrganization\",\"@id\":\"https:\/\/dicodusport.fr\/blog\/#organization\",\"name\":\"Dicodusport\",\"url\":\"https:\/\/dicodusport.fr\/blog\/\",\"logo\":{\"@type\":\"ImageObject\",\"inLanguage\":\"fr-FR\",\"@id\":\"https:\/\/dicodusport.fr\/blog\/#\/schema\/logo\/image\/\",\"url\":\"https:\/\/dicodusport.fr\/blog\/wp-content\/uploads\/2020\/06\/cropped-LOGO-DICODUSPORT-2020-SANS-FOND-SANS-TEXTE.png\",\"contentUrl\":\"https:\/\/dicodusport.fr\/blog\/wp-content\/uploads\/2020\/06\/cropped-LOGO-DICODUSPORT-2020-SANS-FOND-SANS-TEXTE.png\",\"width\":512,\"height\":512,\"caption\":\"Dicodusport\"},\"image\":{\"@id\":\"https:\/\/dicodusport.fr\/blog\/#\/schema\/logo\/image\/\"},\"sameAs\":[\"https:\/\/www.facebook.com\/dicodusport\",\"https:\/\/x.com\/dicodusport\",\"https:\/\/www.instagram.com\/dicodusport\/\",\"https:\/\/www.youtube.com\/channel\/UC7V2KZ5sd3htJivAbA4ZG3w\"],\"description\":\"Dicodusport est l'encyclop\u00e9die de l'actualit\u00e9 sportive.\",\"email\":\"bonjour@dicodusport.fr\",\"legalName\":\"DICODUSPORT\",\"foundingDate\":\"2018-01-14\",\"vatID\":\"FR71834470973\",\"taxID\":\"83447097300043\",\"numberOfEmployees\":{\"@type\":\"QuantitativeValue\",\"minValue\":\"1\",\"maxValue\":\"10\"}},{\"@type\":\"Person\",\"@id\":\"https:\/\/dicodusport.fr\/blog\/#\/schema\/person\/cce96fa88785bd8573e3d43078ac8c79\",\"name\":\"Arlette Yeye\",\"image\":{\"@type\":\"ImageObject\",\"inLanguage\":\"fr-FR\",\"@id\":\"https:\/\/dicodusport.fr\/blog\/#\/schema\/person\/image\/\",\"url\":\"https:\/\/secure.gravatar.com\/avatar\/dca4a6239e6d708e46c45d60e160de6c?s=96&d=wp_user_avatar&r=g\",\"contentUrl\":\"https:\/\/secure.gravatar.com\/avatar\/dca4a6239e6d708e46c45d60e160de6c?s=96&d=wp_user_avatar&r=g\",\"caption\":\"Arlette Yeye\"},\"description\":\"Journaliste\/r\u00e9dactrice depuis septembre 2015 - Supportrice de Chelsea, j'ai pour sports de pr\u00e9dilection le handball, l'athl\u00e9tisme et le tennis. Si je tweete plus vite que mon ombre, vous pouvez aussi me retrouver les week-ends sur les playgrounds de Bruxelles pour un petit foot ou basket entre potes. Parcourir la France, l'Europe et plus si affinit\u00e9s pour suivre mes sportifs pr\u00e9f\u00e9r\u00e9s ? Mon kif ! Et c'est avec plaisir que je partage les r\u00e9sultats des sports populaires mais \u00e9galement plus confidentiels pour Dicodusport.\",\"sameAs\":[\"https:\/\/x.com\/https:\/\/twitter.com\/Shiclette94\"],\"url\":\"https:\/\/dicodusport.fr\/blog\/author\/arlette\/\"}]}<\/script>\n<!-- \/ Yoast SEO Premium plugin. -->","yoast_head_json":{"title":"JO Tokyo 2020 - Judo : Romane Dicko remporte la m\u00e9daille de bronze","description":"JO TOKYO 2020 - JUDO - Romane Dicko (+78 kg) s'est impos\u00e9e face \u00e0 Kayra Sayit et remporte la m\u00e9daille de bronze.","robots":{"index":"index","follow":"follow","max-snippet":"max-snippet:-1","max-image-preview":"max-image-preview:large","max-video-preview":"max-video-preview:-1"},"canonical":"https:\/\/dicodusport.fr\/blog\/jo-tokyo-2020-judo-romane-dicko-remporte-la-medaille-de-bronze\/","og_locale":"fr_FR","og_type":"article","og_title":"JO Tokyo 2020 - Judo : Romane Dicko remporte la m\u00e9daille de bronze","og_description":"JO TOKYO 2020 - JUDO - Romane Dicko (+78 kg) s'est impos\u00e9e face \u00e0 Kayra Sayit et remporte la m\u00e9daille de bronze.","og_url":"https:\/\/dicodusport.fr\/blog\/jo-tokyo-2020-judo-romane-dicko-remporte-la-medaille-de-bronze\/","og_site_name":"Dicodusport","article_publisher":"https:\/\/www.facebook.com\/dicodusport","article_published_time":"2021-07-30T09:15:07+00:00","article_modified_time":"2021-07-30T09:24:01+00:00","og_image":[{"width":800,"height":445,"url":"https:\/\/dicodusport.fr\/blog\/wp-content\/uploads\/2021\/07\/JO-Tokyo-2020-Judo-Romane-Dicko-remporte-la-medaille-de-bronze.jpg","type":"image\/jpeg"}],"author":"Arlette Yeye","twitter_card":"summary_large_image","twitter_title":"JO Tokyo 2020 - Judo : Romane Dicko remporte la m\u00e9daille de bronze","twitter_creator":"@https:\/\/twitter.com\/Shiclette94","twitter_site":"@dicodusport","schema":{"@context":"https:\/\/schema.org","@graph":[{"@type":"NewsArticle","@id":"https:\/\/dicodusport.fr\/blog\/jo-tokyo-2020-judo-romane-dicko-remporte-la-medaille-de-bronze\/#article","isPartOf":{"@id":"https:\/\/dicodusport.fr\/blog\/jo-tokyo-2020-judo-romane-dicko-remporte-la-medaille-de-bronze\/"},"author":{"name":"Arlette Yeye","@id":"https:\/\/dicodusport.fr\/blog\/#\/schema\/person\/cce96fa88785bd8573e3d43078ac8c79"},"headline":"JO Tokyo 2020 &#8211; Judo : Romane Dicko remporte la m\u00e9daille de bronze","datePublished":"2021-07-30T09:15:07+00:00","dateModified":"2021-07-30T09:24:01+00:00","mainEntityOfPage":{"@id":"https:\/\/dicodusport.fr\/blog\/jo-tokyo-2020-judo-romane-dicko-remporte-la-medaille-de-bronze\/"},"wordCount":226,"commentCount":0,"publisher":{"@id":"https:\/\/dicodusport.fr\/blog\/#organization"},"image":{"@id":"https:\/\/dicodusport.fr\/blog\/jo-tokyo-2020-judo-romane-dicko-remporte-la-medaille-de-bronze\/#primaryimage"},"thumbnailUrl":"https:\/\/dicodusport.fr\/blog\/wp-content\/uploads\/2021\/07\/JO-Tokyo-2020-Judo-Romane-Dicko-remporte-la-medaille-de-bronze.jpg","keywords":["Jeux Olympiques de Tokyo","Judo","Romane Dicko","sport"],"articleSection":["JO Tokyo 2020","Judo"],"inLanguage":"fr-FR","potentialAction":[{"@type":"CommentAction","name":"Comment","target":["https:\/\/dicodusport.fr\/blog\/jo-tokyo-2020-judo-romane-dicko-remporte-la-medaille-de-bronze\/#respond"]}],"copyrightYear":"2021","copyrightHolder":{"@id":"https:\/\/dicodusport.fr\/blog\/#organization"}},{"@type":"WebPage","@id":"https:\/\/dicodusport.fr\/blog\/jo-tokyo-2020-judo-romane-dicko-remporte-la-medaille-de-bronze\/","url":"https:\/\/dicodusport.fr\/blog\/jo-tokyo-2020-judo-romane-dicko-remporte-la-medaille-de-bronze\/","name":"JO Tokyo 2020 - Judo : Romane Dicko remporte la m\u00e9daille de bronze","isPartOf":{"@id":"https:\/\/dicodusport.fr\/blog\/#website"},"primaryImageOfPage":{"@id":"https:\/\/dicodusport.fr\/blog\/jo-tokyo-2020-judo-romane-dicko-remporte-la-medaille-de-bronze\/#primaryimage"},"image":{"@id":"https:\/\/dicodusport.fr\/blog\/jo-tokyo-2020-judo-romane-dicko-remporte-la-medaille-de-bronze\/#primaryimage"},"thumbnailUrl":"https:\/\/dicodusport.fr\/blog\/wp-content\/uploads\/2021\/07\/JO-Tokyo-2020-Judo-Romane-Dicko-remporte-la-medaille-de-bronze.jpg","datePublished":"2021-07-30T09:15:07+00:00","dateModified":"2021-07-30T09:24:01+00:00","description":"JO TOKYO 2020 - JUDO - Romane Dicko (+78 kg) s'est impos\u00e9e face \u00e0 Kayra Sayit et remporte la m\u00e9daille de bronze.","breadcrumb":{"@id":"https:\/\/dicodusport.fr\/blog\/jo-tokyo-2020-judo-romane-dicko-remporte-la-medaille-de-bronze\/#breadcrumb"},"inLanguage":"fr-FR","potentialAction":[{"@type":"ReadAction","target":["https:\/\/dicodusport.fr\/blog\/jo-tokyo-2020-judo-romane-dicko-remporte-la-medaille-de-bronze\/"]}]},{"@type":"ImageObject","inLanguage":"fr-FR","@id":"https:\/\/dicodusport.fr\/blog\/jo-tokyo-2020-judo-romane-dicko-remporte-la-medaille-de-bronze\/#primaryimage","url":"https:\/\/dicodusport.fr\/blog\/wp-content\/uploads\/2021\/07\/JO-Tokyo-2020-Judo-Romane-Dicko-remporte-la-medaille-de-bronze.jpg","contentUrl":"https:\/\/dicodusport.fr\/blog\/wp-content\/uploads\/2021\/07\/JO-Tokyo-2020-Judo-Romane-Dicko-remporte-la-medaille-de-bronze.jpg","width":800,"height":445,"caption":"Romane DICKO of France during the Day seven of Judo at Nippon Budokan on July 30, 2021 in Tokyo, Japan. (Photo by Anthony Dibon\/Icon Sport) - Nippon Budokan - Tokyo (Japon)"},{"@type":"BreadcrumbList","@id":"https:\/\/dicodusport.fr\/blog\/jo-tokyo-2020-judo-romane-dicko-remporte-la-medaille-de-bronze\/#breadcrumb","itemListElement":[{"@type":"ListItem","position":1,"name":"Accueil","item":"https:\/\/dicodusport.fr\/blog\/"},{"@type":"ListItem","position":2,"name":"JO Tokyo 2020 &#8211; Judo : Romane Dicko remporte la m\u00e9daille de bronze"}]},{"@type":"WebSite","@id":"https:\/\/dicodusport.fr\/blog\/#website","url":"https:\/\/dicodusport.fr\/blog\/","name":"Dicodusport","description":"L&#039;encyclop\u00e9die de l&#039;actualit\u00e9 sportive","publisher":{"@id":"https:\/\/dicodusport.fr\/blog\/#organization"},"potentialAction":[{"@type":"SearchAction","target":{"@type":"EntryPoint","urlTemplate":"https:\/\/dicodusport.fr\/blog\/?s={search_term_string}"},"query-input":{"@type":"PropertyValueSpecification","valueRequired":true,"valueName":"search_term_string"}}],"inLanguage":"fr-FR"},{"@type":"NewsMediaOrganization","@id":"https:\/\/dicodusport.fr\/blog\/#organization","name":"Dicodusport","url":"https:\/\/dicodusport.fr\/blog\/","logo":{"@type":"ImageObject","inLanguage":"fr-FR","@id":"https:\/\/dicodusport.fr\/blog\/#\/schema\/logo\/image\/","url":"https:\/\/dicodusport.fr\/blog\/wp-content\/uploads\/2020\/06\/cropped-LOGO-DICODUSPORT-2020-SANS-FOND-SANS-TEXTE.png","contentUrl":"https:\/\/dicodusport.fr\/blog\/wp-content\/uploads\/2020\/06\/cropped-LOGO-DICODUSPORT-2020-SANS-FOND-SANS-TEXTE.png","width":512,"height":512,"caption":"Dicodusport"},"image":{"@id":"https:\/\/dicodusport.fr\/blog\/#\/schema\/logo\/image\/"},"sameAs":["https:\/\/www.facebook.com\/dicodusport","https:\/\/x.com\/dicodusport","https:\/\/www.instagram.com\/dicodusport\/","https:\/\/www.youtube.com\/channel\/UC7V2KZ5sd3htJivAbA4ZG3w"],"description":"Dicodusport est l'encyclop\u00e9die de l'actualit\u00e9 sportive.","email":"bonjour@dicodusport.fr","legalName":"DICODUSPORT","foundingDate":"2018-01-14","vatID":"FR71834470973","taxID":"83447097300043","numberOfEmployees":{"@type":"QuantitativeValue","minValue":"1","maxValue":"10"}},{"@type":"Person","@id":"https:\/\/dicodusport.fr\/blog\/#\/schema\/person\/cce96fa88785bd8573e3d43078ac8c79","name":"Arlette Yeye","image":{"@type":"ImageObject","inLanguage":"fr-FR","@id":"https:\/\/dicodusport.fr\/blog\/#\/schema\/person\/image\/","url":"https:\/\/secure.gravatar.com\/avatar\/dca4a6239e6d708e46c45d60e160de6c?s=96&d=wp_user_avatar&r=g","contentUrl":"https:\/\/secure.gravatar.com\/avatar\/dca4a6239e6d708e46c45d60e160de6c?s=96&d=wp_user_avatar&r=g","caption":"Arlette Yeye"},"description":"Journaliste\/r\u00e9dactrice depuis septembre 2015 - Supportrice de Chelsea, j'ai pour sports de pr\u00e9dilection le handball, l'athl\u00e9tisme et le tennis. Si je tweete plus vite que mon ombre, vous pouvez aussi me retrouver les week-ends sur les playgrounds de Bruxelles pour un petit foot ou basket entre potes. Parcourir la France, l'Europe et plus si affinit\u00e9s pour suivre mes sportifs pr\u00e9f\u00e9r\u00e9s ? Mon kif ! Et c'est avec plaisir que je partage les r\u00e9sultats des sports populaires mais \u00e9galement plus confidentiels pour Dicodusport.","sameAs":["https:\/\/x.com\/https:\/\/twitter.com\/Shiclette94"],"url":"https:\/\/dicodusport.fr\/blog\/author\/arlette\/"}]}},"_links":{"self":[{"href":"https:\/\/dicodusport.fr\/blog\/wp-json\/wp\/v2\/posts\/152657","targetHints":{"allow":["GET"]}}],"collection":[{"href":"https:\/\/dicodusport.fr\/blog\/wp-json\/wp\/v2\/posts"}],"about":[{"href":"https:\/\/dicodusport.fr\/blog\/wp-json\/wp\/v2\/types\/post"}],"author":[{"embeddable":true,"href":"https:\/\/dicodusport.fr\/blog\/wp-json\/wp\/v2\/users\/12"}],"replies":[{"embeddable":true,"href":"https:\/\/dicodusport.fr\/blog\/wp-json\/wp\/v2\/comments?post=152657"}],"version-history":[{"count":0,"href":"https:\/\/dicodusport.fr\/blog\/wp-json\/wp\/v2\/posts\/152657\/revisions"}],"wp:featuredmedia":[{"embeddable":true,"href":"https:\/\/dicodusport.fr\/blog\/wp-json\/wp\/v2\/media\/152659"}],"wp:attachment":[{"href":"https:\/\/dicodusport.fr\/blog\/wp-json\/wp\/v2\/media?parent=152657"}],"wp:term":[{"taxonomy":"category","embeddable":true,"href":"https:\/\/dicodusport.fr\/blog\/wp-json\/wp\/v2\/categories?post=152657"},{"taxonomy":"post_tag","embeddable":true,"href":"https:\/\/dicodusport.fr\/blog\/wp-json\/wp\/v2\/tags?post=152657"}],"curies":[{"name":"wp","href":"https:\/\/api.w.org\/{rel}","templated":true}]}}