{"id":15275,"date":"2018-03-31T11:59:17","date_gmt":"2018-03-31T09:59:17","guid":{"rendered":"http:\/\/dicodusport.fr\/blog\/?p=15275"},"modified":"2018-03-31T12:05:22","modified_gmt":"2018-03-31T10:05:22","slug":"presentation-tour-des-flandres-2018-sagan-peut-il-etre-battu","status":"publish","type":"post","link":"https:\/\/dicodusport.fr\/blog\/presentation-tour-des-flandres-2018-sagan-peut-il-etre-battu\/","title":{"rendered":"Pr\u00e9sentation Tour des Flandres 2018 : Sagan peut-il \u00eatre battu ?"},"content":{"rendered":"<p style=\"text-align: justify;\"><strong><em>Dimanche se tiendra le Tour des Flandres, le deuxi\u00e8me des cinq Monuments apr\u00e8s Milan-San Remo. Tour d&rsquo;horizon des forces en pr\u00e9sence sur ce Ronde et des potentielles chances fran\u00e7aises.<\/em><\/strong><\/p>\n<h4>La course<\/h4>\n<p style=\"text-align: justify;\">Cette 102\u00e8me \u00e9dition risque, une fois de plus, de faire souffrir les pr\u00e9tendants de la <em>Ronde Van Vlanderen<\/em>. Qui succ\u00e9dera au Belge Philippe Gilbert, vainqueur en solitaire l&rsquo;an pass\u00e9, \u00e0 l&rsquo;\u00e2ge de 34 ans, avec son maillot de champion de Belgique sur les \u00e9paules ? Dix-huit difficult\u00e9s, des secteurs pav\u00e9s, tout est r\u00e9uni pour offrir un spectacle \u00e0 la hauteur de l&rsquo;\u00e9v\u00e9nement. Habituellement, un premier \u00e9cr\u00e9mage se produit vers la mi-course avec l&rsquo;ascension du <em>Vieux-Quaremont<\/em>, une c\u00f4te pav\u00e9e omnipr\u00e9sente dans les grandes classiques flandriennes (<em>A travers les Flandres,\u00a0le Grand Prix E3, Kuurne-Bruxelles-Kuurne ou\u00a0le Het Nieuwsblad). <\/em>Apr\u00e8s 150\u00a0bornes, le\u00a0<em>Mur de Grammont\u00a0<\/em>permet aux plus costauds de commencer \u00e0 d\u00e9stabiliser les moins bons grimpeurs. Ensuite, l&rsquo;encha\u00eenement\u00a0<em>Koppenberg &#8211; Vieux Quaremont<\/em>\u00a0(de nouveau) &#8211;<em> Paterberg\u00a0<\/em>dans les 50 derniers kilom\u00e8tres &#8211; dont les 2 derniers sont \u00e0 moins de 20 kilom\u00e8tres de la ligne d&rsquo;arriv\u00e9e &#8211; sert de juge de paix pour que les sp\u00e9cialistes s&rsquo;expliquent et qu&rsquo;un ou plusieurs hommes forts s&rsquo;\u00e9vitent la loterie d&rsquo;un sprint.<\/p>\n<h4>Les favoris<\/h4>\n<p style=\"text-align: justify;\">Au d\u00e9part, 175 coureurs et 25 \u00e9quipes seront repr\u00e9sent\u00e9s. Les trois\u00a0derniers vainqueurs seront de la partie et feront figures de favoris : le Belge Philippe Gilbert, le Slovaque Peter Sagan et le Norv\u00e9gien Alexander Kristoff. Les Belges sont \u00e0 domicile et tous comptent briller devant leurs supporters. Parmi les coureurs \u00e0 surveiller, Greg Van Avermaet fait, avec Sagan, office d&rsquo;\u00e9pouvantail. Deuxi\u00e8me l&rsquo;an dernier, le champion olympique de Rio veut inscrire son nom au palmar\u00e8s. Oliver Naesen le champion national de l&rsquo;\u00e9quipe AG2R, Tiesj Benoot le jeune qui veut se faire un nom dans les grands rendez-vous, l&rsquo;exp\u00e9riment\u00e9 Niki Terpstra ou le sp\u00e9cialiste des pav\u00e9s Sep Vanmarcke ont des arguments \u00e0 faire valoir. On note encore quelques outsiders : le Tch\u00e8que Zdenek Stybar, les Italiens Matteo Trentin et Gianni Moscon, l&rsquo;Australien Michael Matthews, le Danois Michael Valgren et les deux jeunes Belges Wout Van Aert et Jasper Stuyven. Enfin, le vainqueur de Milan-San Remo, le champion italien Vincenzo Nibali, sera \u00e9galement pr\u00e9sent avec une envie f\u00e9roce et des ambitions intactes.<\/p>\n<h4>Les Fran\u00e7ais<\/h4>\n<p style=\"text-align: justify;\">Du c\u00f4t\u00e9 de nos fran\u00e7ais, le coureur \u00e0 suivre sera bien \u00e9videmment le champion de France en titre, le sprinteur Arnaud D\u00e9mare. Auteur d&rsquo;un remarquable d\u00e9but de saison et apr\u00e8s \u00ab\u00a0<em>La Primavera\u00a0\u00bb\u00a0<\/em>de 2016, il veut accrocher un second monument \u00e0 son palmar\u00e8s. La r\u00e9p\u00e9tition des monts pav\u00e9s ne devrait quand m\u00eame pas jouer en sa faveur, mais un sprinteur s&rsquo;\u00e9tait impos\u00e9 en 2015, alors tous les espoirs sont permis. M\u00eame chose pour Christophe Laporte, le sprinteur de la Cofidis, quatri\u00e8me sur Gand-Wevelgem dimanche dernier. Les scenarii ne sont jamais \u00e9crits \u00e0 l&rsquo;avance dans ce genre de courses o\u00f9 seul un homme fort pourra s&rsquo;imposer. Rendez-vous dimanche !<\/p>\n<p><span style=\"color: #000000;\"><em><strong>Alexandre Toussaint<br \/>\n<\/strong><\/em><a style=\"color: #000000;\" href=\"https:\/\/twitter.com\/Alex_Toussaint9\" target=\"_blank\" rel=\"noopener noreferrer\"><img loading=\"lazy\" decoding=\"async\" class=\"alignnone wp-image-2908\" src=\"http:\/\/dicodusport.fr\/blog\/wp-content\/uploads\/2017\/07\/logo-twitter-150x150.png\" alt=\"\" width=\"39\" height=\"39\" \/><\/a><a style=\"color: #000000;\" href=\"https:\/\/www.facebook.com\/dicodusport\/\" target=\"_blank\" rel=\"noopener noreferrer\"><img loading=\"lazy\" decoding=\"async\" class=\"alignnone wp-image-2909\" src=\"http:\/\/dicodusport.fr\/blog\/wp-content\/uploads\/2017\/07\/logo-facebook-150x150.png\" alt=\"\" width=\"40\" height=\"40\" \/><\/a><\/span><\/p>\n","protected":false},"excerpt":{"rendered":"<p>Dimanche se tiendra le Tour des Flandres, le deuxi\u00e8me des cinq Monuments apr\u00e8s Milan-San Remo. Tour d&rsquo;horizon des forces en pr\u00e9sence sur ce Ronde et des potentielles chances fran\u00e7aises.<\/p>\n","protected":false},"author":3,"featured_media":15504,"comment_status":"open","ping_status":"closed","sticky":false,"template":"","format":"standard","meta":{"_acf_changed":false,"_daextam_enable_autolinks":"","footnotes":""},"categories":[2,2307],"tags":[4285,574,4162,4164,4284,1262,4325],"class_list":["post-15275","post","type-post","status-publish","format-standard","has-post-thumbnail","hentry","category-actualites","category-cyclisme","tag-arnaud-demare","tag-cyclisme","tag-milan-san-remo","tag-paris-roubaix","tag-peter-sagan","tag-tour-de-france","tag-tour-des-flandres"],"acf":[],"yoast_head":"<!-- This site is optimized with the Yoast SEO Premium plugin v26.7 (Yoast SEO v26.7) - https:\/\/yoast.com\/wordpress\/plugins\/seo\/ -->\n<title>Pr\u00e9sentation Tour des Flandres 2018 : Sagan peut-il \u00eatre battu ?<\/title>\n<meta name=\"description\" content=\"Dimanche se tiendra le Tour des Flandres, le deuxi\u00e8me des cinq Monuments apr\u00e8s Milan-San Remo. Tour d&#039;horizon des forces en pr\u00e9sence sur ce Ronde et des potentielles chances fran\u00e7aises.\" \/>\n<meta name=\"robots\" content=\"index, follow, max-snippet:-1, max-image-preview:large, max-video-preview:-1\" \/>\n<link rel=\"canonical\" href=\"https:\/\/dicodusport.fr\/blog\/presentation-tour-des-flandres-2018-sagan-peut-il-etre-battu\/\" \/>\n<meta property=\"og:locale\" content=\"fr_FR\" \/>\n<meta property=\"og:type\" content=\"article\" \/>\n<meta property=\"og:title\" content=\"Pr\u00e9sentation Tour des Flandres 2018 : Sagan peut-il \u00eatre battu ?\" \/>\n<meta property=\"og:description\" content=\"Dimanche se tiendra le Tour des Flandres, le deuxi\u00e8me des cinq Monuments apr\u00e8s Milan-San Remo. Tour d&#039;horizon des forces en pr\u00e9sence sur ce Ronde et des potentielles chances fran\u00e7aises.\" \/>\n<meta property=\"og:url\" content=\"https:\/\/dicodusport.fr\/blog\/presentation-tour-des-flandres-2018-sagan-peut-il-etre-battu\/\" \/>\n<meta property=\"og:site_name\" content=\"Dicodusport\" \/>\n<meta property=\"article:publisher\" content=\"https:\/\/www.facebook.com\/dicodusport\" \/>\n<meta property=\"article:published_time\" content=\"2018-03-31T09:59:17+00:00\" \/>\n<meta property=\"article:modified_time\" content=\"2018-03-31T10:05:22+00:00\" \/>\n<meta property=\"og:image\" content=\"https:\/\/dicodusport.fr\/blog\/wp-content\/uploads\/2018\/03\/Tour-des-Flandres-2018-pr\u00e9sentation.png\" \/>\n\t<meta property=\"og:image:width\" content=\"800\" \/>\n\t<meta property=\"og:image:height\" content=\"445\" \/>\n\t<meta property=\"og:image:type\" content=\"image\/png\" \/>\n<meta name=\"author\" content=\"Klay\" \/>\n<meta name=\"twitter:card\" content=\"summary_large_image\" \/>\n<meta name=\"twitter:creator\" content=\"@dicodusport\" \/>\n<meta name=\"twitter:site\" content=\"@dicodusport\" \/>\n<script type=\"application\/ld+json\" class=\"yoast-schema-graph\">{\"@context\":\"https:\/\/schema.org\",\"@graph\":[{\"@type\":\"NewsArticle\",\"@id\":\"https:\/\/dicodusport.fr\/blog\/presentation-tour-des-flandres-2018-sagan-peut-il-etre-battu\/#article\",\"isPartOf\":{\"@id\":\"https:\/\/dicodusport.fr\/blog\/presentation-tour-des-flandres-2018-sagan-peut-il-etre-battu\/\"},\"author\":{\"name\":\"Klay\",\"@id\":\"https:\/\/dicodusport.fr\/blog\/#\/schema\/person\/a8fdbd806968e1f56c78f9e75ae42337\"},\"headline\":\"Pr\u00e9sentation Tour des Flandres 2018 : Sagan peut-il \u00eatre battu ?\",\"datePublished\":\"2018-03-31T09:59:17+00:00\",\"dateModified\":\"2018-03-31T10:05:22+00:00\",\"mainEntityOfPage\":{\"@id\":\"https:\/\/dicodusport.fr\/blog\/presentation-tour-des-flandres-2018-sagan-peut-il-etre-battu\/\"},\"wordCount\":536,\"commentCount\":0,\"publisher\":{\"@id\":\"https:\/\/dicodusport.fr\/blog\/#organization\"},\"image\":{\"@id\":\"https:\/\/dicodusport.fr\/blog\/presentation-tour-des-flandres-2018-sagan-peut-il-etre-battu\/#primaryimage\"},\"thumbnailUrl\":\"https:\/\/dicodusport.fr\/blog\/wp-content\/uploads\/2018\/03\/Tour-des-Flandres-2018-pr\u00e9sentation.png\",\"keywords\":[\"Arnaud D\u00e9mare\",\"Cyclisme\",\"Milan-San Remo\",\"Paris-Roubaix\",\"Peter Sagan\",\"Tour de France\",\"Tour des Flandres\"],\"articleSection\":[\"Actualit\u00e9s\",\"Cyclisme\"],\"inLanguage\":\"fr-FR\",\"potentialAction\":[{\"@type\":\"CommentAction\",\"name\":\"Comment\",\"target\":[\"https:\/\/dicodusport.fr\/blog\/presentation-tour-des-flandres-2018-sagan-peut-il-etre-battu\/#respond\"]}],\"copyrightYear\":\"2018\",\"copyrightHolder\":{\"@id\":\"https:\/\/dicodusport.fr\/blog\/#organization\"}},{\"@type\":\"WebPage\",\"@id\":\"https:\/\/dicodusport.fr\/blog\/presentation-tour-des-flandres-2018-sagan-peut-il-etre-battu\/\",\"url\":\"https:\/\/dicodusport.fr\/blog\/presentation-tour-des-flandres-2018-sagan-peut-il-etre-battu\/\",\"name\":\"Pr\u00e9sentation Tour des Flandres 2018 : Sagan peut-il \u00eatre battu ?\",\"isPartOf\":{\"@id\":\"https:\/\/dicodusport.fr\/blog\/#website\"},\"primaryImageOfPage\":{\"@id\":\"https:\/\/dicodusport.fr\/blog\/presentation-tour-des-flandres-2018-sagan-peut-il-etre-battu\/#primaryimage\"},\"image\":{\"@id\":\"https:\/\/dicodusport.fr\/blog\/presentation-tour-des-flandres-2018-sagan-peut-il-etre-battu\/#primaryimage\"},\"thumbnailUrl\":\"https:\/\/dicodusport.fr\/blog\/wp-content\/uploads\/2018\/03\/Tour-des-Flandres-2018-pr\u00e9sentation.png\",\"datePublished\":\"2018-03-31T09:59:17+00:00\",\"dateModified\":\"2018-03-31T10:05:22+00:00\",\"description\":\"Dimanche se tiendra le Tour des Flandres, le deuxi\u00e8me des cinq Monuments apr\u00e8s Milan-San Remo. Tour d'horizon des forces en pr\u00e9sence sur ce Ronde et des potentielles chances fran\u00e7aises.\",\"breadcrumb\":{\"@id\":\"https:\/\/dicodusport.fr\/blog\/presentation-tour-des-flandres-2018-sagan-peut-il-etre-battu\/#breadcrumb\"},\"inLanguage\":\"fr-FR\",\"potentialAction\":[{\"@type\":\"ReadAction\",\"target\":[\"https:\/\/dicodusport.fr\/blog\/presentation-tour-des-flandres-2018-sagan-peut-il-etre-battu\/\"]}]},{\"@type\":\"ImageObject\",\"inLanguage\":\"fr-FR\",\"@id\":\"https:\/\/dicodusport.fr\/blog\/presentation-tour-des-flandres-2018-sagan-peut-il-etre-battu\/#primaryimage\",\"url\":\"https:\/\/dicodusport.fr\/blog\/wp-content\/uploads\/2018\/03\/Tour-des-Flandres-2018-pr\u00e9sentation.png\",\"contentUrl\":\"https:\/\/dicodusport.fr\/blog\/wp-content\/uploads\/2018\/03\/Tour-des-Flandres-2018-pr\u00e9sentation.png\",\"width\":800,\"height\":445},{\"@type\":\"BreadcrumbList\",\"@id\":\"https:\/\/dicodusport.fr\/blog\/presentation-tour-des-flandres-2018-sagan-peut-il-etre-battu\/#breadcrumb\",\"itemListElement\":[{\"@type\":\"ListItem\",\"position\":1,\"name\":\"Accueil\",\"item\":\"https:\/\/dicodusport.fr\/blog\/\"},{\"@type\":\"ListItem\",\"position\":2,\"name\":\"Pr\u00e9sentation Tour des Flandres 2018 : Sagan peut-il \u00eatre battu ?\"}]},{\"@type\":\"WebSite\",\"@id\":\"https:\/\/dicodusport.fr\/blog\/#website\",\"url\":\"https:\/\/dicodusport.fr\/blog\/\",\"name\":\"Dicodusport\",\"description\":\"L&#039;encyclop\u00e9die de l&#039;actualit\u00e9 sportive\",\"publisher\":{\"@id\":\"https:\/\/dicodusport.fr\/blog\/#organization\"},\"potentialAction\":[{\"@type\":\"SearchAction\",\"target\":{\"@type\":\"EntryPoint\",\"urlTemplate\":\"https:\/\/dicodusport.fr\/blog\/?s={search_term_string}\"},\"query-input\":{\"@type\":\"PropertyValueSpecification\",\"valueRequired\":true,\"valueName\":\"search_term_string\"}}],\"inLanguage\":\"fr-FR\"},{\"@type\":\"NewsMediaOrganization\",\"@id\":\"https:\/\/dicodusport.fr\/blog\/#organization\",\"name\":\"Dicodusport\",\"url\":\"https:\/\/dicodusport.fr\/blog\/\",\"logo\":{\"@type\":\"ImageObject\",\"inLanguage\":\"fr-FR\",\"@id\":\"https:\/\/dicodusport.fr\/blog\/#\/schema\/logo\/image\/\",\"url\":\"https:\/\/dicodusport.fr\/blog\/wp-content\/uploads\/2020\/06\/cropped-LOGO-DICODUSPORT-2020-SANS-FOND-SANS-TEXTE.png\",\"contentUrl\":\"https:\/\/dicodusport.fr\/blog\/wp-content\/uploads\/2020\/06\/cropped-LOGO-DICODUSPORT-2020-SANS-FOND-SANS-TEXTE.png\",\"width\":512,\"height\":512,\"caption\":\"Dicodusport\"},\"image\":{\"@id\":\"https:\/\/dicodusport.fr\/blog\/#\/schema\/logo\/image\/\"},\"sameAs\":[\"https:\/\/www.facebook.com\/dicodusport\",\"https:\/\/x.com\/dicodusport\",\"https:\/\/www.instagram.com\/dicodusport\/\",\"https:\/\/www.youtube.com\/channel\/UC7V2KZ5sd3htJivAbA4ZG3w\"],\"description\":\"Dicodusport est l'encyclop\u00e9die de l'actualit\u00e9 sportive.\",\"email\":\"bonjour@dicodusport.fr\",\"legalName\":\"DICODUSPORT\",\"foundingDate\":\"2018-01-14\",\"vatID\":\"FR71834470973\",\"taxID\":\"83447097300043\",\"numberOfEmployees\":{\"@type\":\"QuantitativeValue\",\"minValue\":\"1\",\"maxValue\":\"10\"}},{\"@type\":\"Person\",\"@id\":\"https:\/\/dicodusport.fr\/blog\/#\/schema\/person\/a8fdbd806968e1f56c78f9e75ae42337\",\"name\":\"Klay\",\"image\":{\"@type\":\"ImageObject\",\"inLanguage\":\"fr-FR\",\"@id\":\"https:\/\/dicodusport.fr\/blog\/#\/schema\/person\/image\/\",\"url\":\"https:\/\/dicodusport.fr\/blog\/wp-content\/uploads\/2017\/01\/cropped-logo-dicodusport-sans-fond-1-150x150.png\",\"contentUrl\":\"https:\/\/dicodusport.fr\/blog\/wp-content\/uploads\/2017\/01\/cropped-logo-dicodusport-sans-fond-1-150x150.png\",\"caption\":\"Klay\"},\"url\":\"https:\/\/dicodusport.fr\/blog\/author\/klay\/\"}]}<\/script>\n<!-- \/ Yoast SEO Premium plugin. -->","yoast_head_json":{"title":"Pr\u00e9sentation Tour des Flandres 2018 : Sagan peut-il \u00eatre battu ?","description":"Dimanche se tiendra le Tour des Flandres, le deuxi\u00e8me des cinq Monuments apr\u00e8s Milan-San Remo. Tour d'horizon des forces en pr\u00e9sence sur ce Ronde et des potentielles chances fran\u00e7aises.","robots":{"index":"index","follow":"follow","max-snippet":"max-snippet:-1","max-image-preview":"max-image-preview:large","max-video-preview":"max-video-preview:-1"},"canonical":"https:\/\/dicodusport.fr\/blog\/presentation-tour-des-flandres-2018-sagan-peut-il-etre-battu\/","og_locale":"fr_FR","og_type":"article","og_title":"Pr\u00e9sentation Tour des Flandres 2018 : Sagan peut-il \u00eatre battu ?","og_description":"Dimanche se tiendra le Tour des Flandres, le deuxi\u00e8me des cinq Monuments apr\u00e8s Milan-San Remo. Tour d'horizon des forces en pr\u00e9sence sur ce Ronde et des potentielles chances fran\u00e7aises.","og_url":"https:\/\/dicodusport.fr\/blog\/presentation-tour-des-flandres-2018-sagan-peut-il-etre-battu\/","og_site_name":"Dicodusport","article_publisher":"https:\/\/www.facebook.com\/dicodusport","article_published_time":"2018-03-31T09:59:17+00:00","article_modified_time":"2018-03-31T10:05:22+00:00","og_image":[{"width":800,"height":445,"url":"https:\/\/dicodusport.fr\/blog\/wp-content\/uploads\/2018\/03\/Tour-des-Flandres-2018-pr\u00e9sentation.png","type":"image\/png"}],"author":"Klay","twitter_card":"summary_large_image","twitter_creator":"@dicodusport","twitter_site":"@dicodusport","schema":{"@context":"https:\/\/schema.org","@graph":[{"@type":"NewsArticle","@id":"https:\/\/dicodusport.fr\/blog\/presentation-tour-des-flandres-2018-sagan-peut-il-etre-battu\/#article","isPartOf":{"@id":"https:\/\/dicodusport.fr\/blog\/presentation-tour-des-flandres-2018-sagan-peut-il-etre-battu\/"},"author":{"name":"Klay","@id":"https:\/\/dicodusport.fr\/blog\/#\/schema\/person\/a8fdbd806968e1f56c78f9e75ae42337"},"headline":"Pr\u00e9sentation Tour des Flandres 2018 : Sagan peut-il \u00eatre battu ?","datePublished":"2018-03-31T09:59:17+00:00","dateModified":"2018-03-31T10:05:22+00:00","mainEntityOfPage":{"@id":"https:\/\/dicodusport.fr\/blog\/presentation-tour-des-flandres-2018-sagan-peut-il-etre-battu\/"},"wordCount":536,"commentCount":0,"publisher":{"@id":"https:\/\/dicodusport.fr\/blog\/#organization"},"image":{"@id":"https:\/\/dicodusport.fr\/blog\/presentation-tour-des-flandres-2018-sagan-peut-il-etre-battu\/#primaryimage"},"thumbnailUrl":"https:\/\/dicodusport.fr\/blog\/wp-content\/uploads\/2018\/03\/Tour-des-Flandres-2018-pr\u00e9sentation.png","keywords":["Arnaud D\u00e9mare","Cyclisme","Milan-San Remo","Paris-Roubaix","Peter Sagan","Tour de France","Tour des Flandres"],"articleSection":["Actualit\u00e9s","Cyclisme"],"inLanguage":"fr-FR","potentialAction":[{"@type":"CommentAction","name":"Comment","target":["https:\/\/dicodusport.fr\/blog\/presentation-tour-des-flandres-2018-sagan-peut-il-etre-battu\/#respond"]}],"copyrightYear":"2018","copyrightHolder":{"@id":"https:\/\/dicodusport.fr\/blog\/#organization"}},{"@type":"WebPage","@id":"https:\/\/dicodusport.fr\/blog\/presentation-tour-des-flandres-2018-sagan-peut-il-etre-battu\/","url":"https:\/\/dicodusport.fr\/blog\/presentation-tour-des-flandres-2018-sagan-peut-il-etre-battu\/","name":"Pr\u00e9sentation Tour des Flandres 2018 : Sagan peut-il \u00eatre battu ?","isPartOf":{"@id":"https:\/\/dicodusport.fr\/blog\/#website"},"primaryImageOfPage":{"@id":"https:\/\/dicodusport.fr\/blog\/presentation-tour-des-flandres-2018-sagan-peut-il-etre-battu\/#primaryimage"},"image":{"@id":"https:\/\/dicodusport.fr\/blog\/presentation-tour-des-flandres-2018-sagan-peut-il-etre-battu\/#primaryimage"},"thumbnailUrl":"https:\/\/dicodusport.fr\/blog\/wp-content\/uploads\/2018\/03\/Tour-des-Flandres-2018-pr\u00e9sentation.png","datePublished":"2018-03-31T09:59:17+00:00","dateModified":"2018-03-31T10:05:22+00:00","description":"Dimanche se tiendra le Tour des Flandres, le deuxi\u00e8me des cinq Monuments apr\u00e8s Milan-San Remo. Tour d'horizon des forces en pr\u00e9sence sur ce Ronde et des potentielles chances fran\u00e7aises.","breadcrumb":{"@id":"https:\/\/dicodusport.fr\/blog\/presentation-tour-des-flandres-2018-sagan-peut-il-etre-battu\/#breadcrumb"},"inLanguage":"fr-FR","potentialAction":[{"@type":"ReadAction","target":["https:\/\/dicodusport.fr\/blog\/presentation-tour-des-flandres-2018-sagan-peut-il-etre-battu\/"]}]},{"@type":"ImageObject","inLanguage":"fr-FR","@id":"https:\/\/dicodusport.fr\/blog\/presentation-tour-des-flandres-2018-sagan-peut-il-etre-battu\/#primaryimage","url":"https:\/\/dicodusport.fr\/blog\/wp-content\/uploads\/2018\/03\/Tour-des-Flandres-2018-pr\u00e9sentation.png","contentUrl":"https:\/\/dicodusport.fr\/blog\/wp-content\/uploads\/2018\/03\/Tour-des-Flandres-2018-pr\u00e9sentation.png","width":800,"height":445},{"@type":"BreadcrumbList","@id":"https:\/\/dicodusport.fr\/blog\/presentation-tour-des-flandres-2018-sagan-peut-il-etre-battu\/#breadcrumb","itemListElement":[{"@type":"ListItem","position":1,"name":"Accueil","item":"https:\/\/dicodusport.fr\/blog\/"},{"@type":"ListItem","position":2,"name":"Pr\u00e9sentation Tour des Flandres 2018 : Sagan peut-il \u00eatre battu ?"}]},{"@type":"WebSite","@id":"https:\/\/dicodusport.fr\/blog\/#website","url":"https:\/\/dicodusport.fr\/blog\/","name":"Dicodusport","description":"L&#039;encyclop\u00e9die de l&#039;actualit\u00e9 sportive","publisher":{"@id":"https:\/\/dicodusport.fr\/blog\/#organization"},"potentialAction":[{"@type":"SearchAction","target":{"@type":"EntryPoint","urlTemplate":"https:\/\/dicodusport.fr\/blog\/?s={search_term_string}"},"query-input":{"@type":"PropertyValueSpecification","valueRequired":true,"valueName":"search_term_string"}}],"inLanguage":"fr-FR"},{"@type":"NewsMediaOrganization","@id":"https:\/\/dicodusport.fr\/blog\/#organization","name":"Dicodusport","url":"https:\/\/dicodusport.fr\/blog\/","logo":{"@type":"ImageObject","inLanguage":"fr-FR","@id":"https:\/\/dicodusport.fr\/blog\/#\/schema\/logo\/image\/","url":"https:\/\/dicodusport.fr\/blog\/wp-content\/uploads\/2020\/06\/cropped-LOGO-DICODUSPORT-2020-SANS-FOND-SANS-TEXTE.png","contentUrl":"https:\/\/dicodusport.fr\/blog\/wp-content\/uploads\/2020\/06\/cropped-LOGO-DICODUSPORT-2020-SANS-FOND-SANS-TEXTE.png","width":512,"height":512,"caption":"Dicodusport"},"image":{"@id":"https:\/\/dicodusport.fr\/blog\/#\/schema\/logo\/image\/"},"sameAs":["https:\/\/www.facebook.com\/dicodusport","https:\/\/x.com\/dicodusport","https:\/\/www.instagram.com\/dicodusport\/","https:\/\/www.youtube.com\/channel\/UC7V2KZ5sd3htJivAbA4ZG3w"],"description":"Dicodusport est l'encyclop\u00e9die de l'actualit\u00e9 sportive.","email":"bonjour@dicodusport.fr","legalName":"DICODUSPORT","foundingDate":"2018-01-14","vatID":"FR71834470973","taxID":"83447097300043","numberOfEmployees":{"@type":"QuantitativeValue","minValue":"1","maxValue":"10"}},{"@type":"Person","@id":"https:\/\/dicodusport.fr\/blog\/#\/schema\/person\/a8fdbd806968e1f56c78f9e75ae42337","name":"Klay","image":{"@type":"ImageObject","inLanguage":"fr-FR","@id":"https:\/\/dicodusport.fr\/blog\/#\/schema\/person\/image\/","url":"https:\/\/dicodusport.fr\/blog\/wp-content\/uploads\/2017\/01\/cropped-logo-dicodusport-sans-fond-1-150x150.png","contentUrl":"https:\/\/dicodusport.fr\/blog\/wp-content\/uploads\/2017\/01\/cropped-logo-dicodusport-sans-fond-1-150x150.png","caption":"Klay"},"url":"https:\/\/dicodusport.fr\/blog\/author\/klay\/"}]}},"_links":{"self":[{"href":"https:\/\/dicodusport.fr\/blog\/wp-json\/wp\/v2\/posts\/15275","targetHints":{"allow":["GET"]}}],"collection":[{"href":"https:\/\/dicodusport.fr\/blog\/wp-json\/wp\/v2\/posts"}],"about":[{"href":"https:\/\/dicodusport.fr\/blog\/wp-json\/wp\/v2\/types\/post"}],"author":[{"embeddable":true,"href":"https:\/\/dicodusport.fr\/blog\/wp-json\/wp\/v2\/users\/3"}],"replies":[{"embeddable":true,"href":"https:\/\/dicodusport.fr\/blog\/wp-json\/wp\/v2\/comments?post=15275"}],"version-history":[{"count":0,"href":"https:\/\/dicodusport.fr\/blog\/wp-json\/wp\/v2\/posts\/15275\/revisions"}],"wp:featuredmedia":[{"embeddable":true,"href":"https:\/\/dicodusport.fr\/blog\/wp-json\/wp\/v2\/media\/15504"}],"wp:attachment":[{"href":"https:\/\/dicodusport.fr\/blog\/wp-json\/wp\/v2\/media?parent=15275"}],"wp:term":[{"taxonomy":"category","embeddable":true,"href":"https:\/\/dicodusport.fr\/blog\/wp-json\/wp\/v2\/categories?post=15275"},{"taxonomy":"post_tag","embeddable":true,"href":"https:\/\/dicodusport.fr\/blog\/wp-json\/wp\/v2\/tags?post=15275"}],"curies":[{"name":"wp","href":"https:\/\/api.w.org\/{rel}","templated":true}]}}