{"id":152879,"date":"2021-07-30T18:22:36","date_gmt":"2021-07-30T16:22:36","guid":{"rendered":"https:\/\/dicodusport.fr\/blog\/?p=152879&#038;preview=true&#038;preview_id=152879"},"modified":"2021-07-30T18:30:59","modified_gmt":"2021-07-30T16:30:59","slug":"thibaut-pinot-devoile-le-programme-de-sa-fin-de-saison-2021","status":"publish","type":"post","link":"https:\/\/dicodusport.fr\/blog\/thibaut-pinot-devoile-le-programme-de-sa-fin-de-saison-2021\/","title":{"rendered":"Thibaut Pinot d\u00e9voile le programme de sa fin de saison 2021"},"content":{"rendered":"<p style=\"text-align: justify;\"><strong><em>CYCLISME &#8211; Apr\u00e8s plusieurs mois sans comp\u00e9tition, Thibaut Pinot va reprendre mi-ao\u00fbt avec plusieurs courses pr\u00e9vues en France.\u00a0<\/em><\/strong><\/p>\n<p style=\"text-align: justify;\">Sans course depuis un Tour des Alpes compliqu\u00e9 en avril dernier, le grimpeur fran\u00e7ais a pris le temps de se soigner pour que ce mal de dos le laisse enfin tranquille. Apr\u00e8s des semaines de repos et de pr\u00e9paration, <strong>Thibaut Pinot<\/strong> va reprendre par plusieurs courses sur le sol fran\u00e7ais. D&rsquo;abord le <strong>Tour du Limousin<\/strong> (17-20 ao\u00fbt) puis le <strong>Tour Poitou-Charentes<\/strong> (24-27 ao\u00fbt), deux courses \u00e0 \u00e9tapes de quatre jours. Il sera ensuite sur trois courses d&rsquo;un jour d\u00e9but septembre, la <strong>Classic Grand Besan\u00e7on<\/strong> (3 septembre), le <strong>Tour du Jura<\/strong> (4 septembre) et le <strong>Tour du Doubs<\/strong> (5 septembre).<\/p>\n<blockquote class=\"twitter-tweet\">\n<p dir=\"ltr\" lang=\"fr\">Enfin ! &#x1f929;<br \/>\n-Tour du Limousin<br \/>\n-Tour du Poitou-Charentes<br \/>\n-Classic Grand-Besan\u00e7on<br \/>\n-Tour du Jura<br \/>\n-Tour du Doubs<\/p>\n<p>C\u2019est l\u2019heure de la reprise et elle sera 100% fran\u00e7aise &#x1f440;<br \/>\nA tr\u00e8s vite &#x1f618; <a href=\"https:\/\/t.co\/dBTWw8tNPF\">pic.twitter.com\/dBTWw8tNPF<\/a><\/p>\n<p>\u2014 PINOT Thibaut (@ThibautPinot) <a href=\"https:\/\/twitter.com\/ThibautPinot\/status\/1421106384821702657?ref_src=twsrc%5Etfw\">July 30, 2021<\/a><\/p><\/blockquote>\n<p style=\"text-align: justify;\"><script async src=\"https:\/\/platform.twitter.com\/widgets.js\" charset=\"utf-8\"><\/script><\/p>\n","protected":false},"excerpt":{"rendered":"<p>CYCLISME &#8211; Apr\u00e8s plusieurs mois sans comp\u00e9tition, Thibaut Pinot va reprendre mi-ao\u00fbt avec plusieurs courses pr\u00e9vues en France.<\/p>\n","protected":false},"author":1,"featured_media":152885,"comment_status":"open","ping_status":"closed","sticky":false,"template":"","format":"standard","meta":{"_acf_changed":false,"_daextam_enable_autolinks":"","footnotes":""},"categories":[2307],"tags":[574,3279,3596,4839],"class_list":["post-152879","post","type-post","status-publish","format-standard","has-post-thumbnail","hentry","category-cyclisme","tag-cyclisme","tag-groupama-fdj","tag-pinot","tag-thibaut-pinot"],"acf":[],"yoast_head":"<!-- This site is optimized with the Yoast SEO Premium plugin v26.7 (Yoast SEO v26.7) - https:\/\/yoast.com\/wordpress\/plugins\/seo\/ -->\n<title>Thibaut Pinot d\u00e9voile le programme de sa fin de saison 2021<\/title>\n<meta name=\"description\" content=\"CYCLISME - Apr\u00e8s plusieurs mois sans comp\u00e9tition, Thibaut Pinot va reprendre mi-ao\u00fbt avec plusieurs courses pr\u00e9vues en France.\" \/>\n<meta name=\"robots\" content=\"index, follow, max-snippet:-1, max-image-preview:large, max-video-preview:-1\" \/>\n<link rel=\"canonical\" href=\"https:\/\/dicodusport.fr\/blog\/thibaut-pinot-devoile-le-programme-de-sa-fin-de-saison-2021\/\" \/>\n<meta property=\"og:locale\" content=\"fr_FR\" \/>\n<meta property=\"og:type\" content=\"article\" \/>\n<meta property=\"og:title\" content=\"Thibaut Pinot d\u00e9voile le programme de sa fin de saison 2021\" \/>\n<meta property=\"og:description\" content=\"CYCLISME - Apr\u00e8s plusieurs mois sans comp\u00e9tition, Thibaut Pinot va reprendre mi-ao\u00fbt avec plusieurs courses pr\u00e9vues en France.\" \/>\n<meta property=\"og:url\" content=\"https:\/\/dicodusport.fr\/blog\/thibaut-pinot-devoile-le-programme-de-sa-fin-de-saison-2021\/\" \/>\n<meta property=\"og:site_name\" content=\"Dicodusport\" \/>\n<meta property=\"article:publisher\" content=\"https:\/\/www.facebook.com\/dicodusport\" \/>\n<meta property=\"article:author\" content=\"https:\/\/www.facebook.com\/dicodusport\" \/>\n<meta property=\"article:published_time\" content=\"2021-07-30T16:22:36+00:00\" \/>\n<meta property=\"article:modified_time\" content=\"2021-07-30T16:30:59+00:00\" \/>\n<meta property=\"og:image\" content=\"https:\/\/dicodusport.fr\/blog\/wp-content\/uploads\/2021\/07\/Thibaut-Pinot-de\u0301voile-le-programme-de-sa-fin-de-saison-2021.png\" \/>\n\t<meta property=\"og:image:width\" content=\"800\" \/>\n\t<meta property=\"og:image:height\" content=\"445\" \/>\n\t<meta property=\"og:image:type\" content=\"image\/png\" \/>\n<meta name=\"author\" content=\"Nicolas Jacquemard\" \/>\n<meta name=\"twitter:card\" content=\"summary_large_image\" \/>\n<meta name=\"twitter:title\" content=\"Thibaut Pinot d\u00e9voile le programme de sa fin de saison 2021\" \/>\n<meta name=\"twitter:creator\" content=\"@https:\/\/twitter.com\/Nico_Jacquemard\" \/>\n<meta name=\"twitter:site\" content=\"@dicodusport\" \/>\n<script type=\"application\/ld+json\" class=\"yoast-schema-graph\">{\"@context\":\"https:\/\/schema.org\",\"@graph\":[{\"@type\":\"NewsArticle\",\"@id\":\"https:\/\/dicodusport.fr\/blog\/thibaut-pinot-devoile-le-programme-de-sa-fin-de-saison-2021\/#article\",\"isPartOf\":{\"@id\":\"https:\/\/dicodusport.fr\/blog\/thibaut-pinot-devoile-le-programme-de-sa-fin-de-saison-2021\/\"},\"author\":{\"name\":\"Nicolas Jacquemard\",\"@id\":\"https:\/\/dicodusport.fr\/blog\/#\/schema\/person\/55dcb50ad410894e431ed812bbb70191\"},\"headline\":\"Thibaut Pinot d\u00e9voile le programme de sa fin de saison 2021\",\"datePublished\":\"2021-07-30T16:22:36+00:00\",\"dateModified\":\"2021-07-30T16:30:59+00:00\",\"mainEntityOfPage\":{\"@id\":\"https:\/\/dicodusport.fr\/blog\/thibaut-pinot-devoile-le-programme-de-sa-fin-de-saison-2021\/\"},\"wordCount\":185,\"commentCount\":0,\"publisher\":{\"@id\":\"https:\/\/dicodusport.fr\/blog\/#organization\"},\"image\":{\"@id\":\"https:\/\/dicodusport.fr\/blog\/thibaut-pinot-devoile-le-programme-de-sa-fin-de-saison-2021\/#primaryimage\"},\"thumbnailUrl\":\"https:\/\/dicodusport.fr\/blog\/wp-content\/uploads\/2021\/07\/Thibaut-Pinot-de\u0301voile-le-programme-de-sa-fin-de-saison-2021.png\",\"keywords\":[\"Cyclisme\",\"Groupama FDJ\",\"Pinot\",\"Thibaut Pinot\"],\"articleSection\":[\"Cyclisme\"],\"inLanguage\":\"fr-FR\",\"potentialAction\":[{\"@type\":\"CommentAction\",\"name\":\"Comment\",\"target\":[\"https:\/\/dicodusport.fr\/blog\/thibaut-pinot-devoile-le-programme-de-sa-fin-de-saison-2021\/#respond\"]}],\"copyrightYear\":\"2021\",\"copyrightHolder\":{\"@id\":\"https:\/\/dicodusport.fr\/blog\/#organization\"}},{\"@type\":\"WebPage\",\"@id\":\"https:\/\/dicodusport.fr\/blog\/thibaut-pinot-devoile-le-programme-de-sa-fin-de-saison-2021\/\",\"url\":\"https:\/\/dicodusport.fr\/blog\/thibaut-pinot-devoile-le-programme-de-sa-fin-de-saison-2021\/\",\"name\":\"Thibaut Pinot d\u00e9voile le programme de sa fin de saison 2021\",\"isPartOf\":{\"@id\":\"https:\/\/dicodusport.fr\/blog\/#website\"},\"primaryImageOfPage\":{\"@id\":\"https:\/\/dicodusport.fr\/blog\/thibaut-pinot-devoile-le-programme-de-sa-fin-de-saison-2021\/#primaryimage\"},\"image\":{\"@id\":\"https:\/\/dicodusport.fr\/blog\/thibaut-pinot-devoile-le-programme-de-sa-fin-de-saison-2021\/#primaryimage\"},\"thumbnailUrl\":\"https:\/\/dicodusport.fr\/blog\/wp-content\/uploads\/2021\/07\/Thibaut-Pinot-de\u0301voile-le-programme-de-sa-fin-de-saison-2021.png\",\"datePublished\":\"2021-07-30T16:22:36+00:00\",\"dateModified\":\"2021-07-30T16:30:59+00:00\",\"description\":\"CYCLISME - Apr\u00e8s plusieurs mois sans comp\u00e9tition, Thibaut Pinot va reprendre mi-ao\u00fbt avec plusieurs courses pr\u00e9vues en France.\",\"breadcrumb\":{\"@id\":\"https:\/\/dicodusport.fr\/blog\/thibaut-pinot-devoile-le-programme-de-sa-fin-de-saison-2021\/#breadcrumb\"},\"inLanguage\":\"fr-FR\",\"potentialAction\":[{\"@type\":\"ReadAction\",\"target\":[\"https:\/\/dicodusport.fr\/blog\/thibaut-pinot-devoile-le-programme-de-sa-fin-de-saison-2021\/\"]}]},{\"@type\":\"ImageObject\",\"inLanguage\":\"fr-FR\",\"@id\":\"https:\/\/dicodusport.fr\/blog\/thibaut-pinot-devoile-le-programme-de-sa-fin-de-saison-2021\/#primaryimage\",\"url\":\"https:\/\/dicodusport.fr\/blog\/wp-content\/uploads\/2021\/07\/Thibaut-Pinot-de\u0301voile-le-programme-de-sa-fin-de-saison-2021.png\",\"contentUrl\":\"https:\/\/dicodusport.fr\/blog\/wp-content\/uploads\/2021\/07\/Thibaut-Pinot-de\u0301voile-le-programme-de-sa-fin-de-saison-2021.png\",\"width\":800,\"height\":445},{\"@type\":\"BreadcrumbList\",\"@id\":\"https:\/\/dicodusport.fr\/blog\/thibaut-pinot-devoile-le-programme-de-sa-fin-de-saison-2021\/#breadcrumb\",\"itemListElement\":[{\"@type\":\"ListItem\",\"position\":1,\"name\":\"Accueil\",\"item\":\"https:\/\/dicodusport.fr\/blog\/\"},{\"@type\":\"ListItem\",\"position\":2,\"name\":\"Thibaut Pinot d\u00e9voile le programme de sa fin de saison 2021\"}]},{\"@type\":\"WebSite\",\"@id\":\"https:\/\/dicodusport.fr\/blog\/#website\",\"url\":\"https:\/\/dicodusport.fr\/blog\/\",\"name\":\"Dicodusport\",\"description\":\"L&#039;encyclop\u00e9die de l&#039;actualit\u00e9 sportive\",\"publisher\":{\"@id\":\"https:\/\/dicodusport.fr\/blog\/#organization\"},\"potentialAction\":[{\"@type\":\"SearchAction\",\"target\":{\"@type\":\"EntryPoint\",\"urlTemplate\":\"https:\/\/dicodusport.fr\/blog\/?s={search_term_string}\"},\"query-input\":{\"@type\":\"PropertyValueSpecification\",\"valueRequired\":true,\"valueName\":\"search_term_string\"}}],\"inLanguage\":\"fr-FR\"},{\"@type\":\"NewsMediaOrganization\",\"@id\":\"https:\/\/dicodusport.fr\/blog\/#organization\",\"name\":\"Dicodusport\",\"url\":\"https:\/\/dicodusport.fr\/blog\/\",\"logo\":{\"@type\":\"ImageObject\",\"inLanguage\":\"fr-FR\",\"@id\":\"https:\/\/dicodusport.fr\/blog\/#\/schema\/logo\/image\/\",\"url\":\"https:\/\/dicodusport.fr\/blog\/wp-content\/uploads\/2020\/06\/cropped-LOGO-DICODUSPORT-2020-SANS-FOND-SANS-TEXTE.png\",\"contentUrl\":\"https:\/\/dicodusport.fr\/blog\/wp-content\/uploads\/2020\/06\/cropped-LOGO-DICODUSPORT-2020-SANS-FOND-SANS-TEXTE.png\",\"width\":512,\"height\":512,\"caption\":\"Dicodusport\"},\"image\":{\"@id\":\"https:\/\/dicodusport.fr\/blog\/#\/schema\/logo\/image\/\"},\"sameAs\":[\"https:\/\/www.facebook.com\/dicodusport\",\"https:\/\/x.com\/dicodusport\",\"https:\/\/www.instagram.com\/dicodusport\/\",\"https:\/\/www.youtube.com\/channel\/UC7V2KZ5sd3htJivAbA4ZG3w\"],\"description\":\"Dicodusport est l'encyclop\u00e9die de l'actualit\u00e9 sportive.\",\"email\":\"bonjour@dicodusport.fr\",\"legalName\":\"DICODUSPORT\",\"foundingDate\":\"2018-01-14\",\"vatID\":\"FR71834470973\",\"taxID\":\"83447097300043\",\"numberOfEmployees\":{\"@type\":\"QuantitativeValue\",\"minValue\":\"1\",\"maxValue\":\"10\"}},{\"@type\":\"Person\",\"@id\":\"https:\/\/dicodusport.fr\/blog\/#\/schema\/person\/55dcb50ad410894e431ed812bbb70191\",\"name\":\"Nicolas Jacquemard\",\"image\":{\"@type\":\"ImageObject\",\"inLanguage\":\"fr-FR\",\"@id\":\"https:\/\/dicodusport.fr\/blog\/#\/schema\/person\/image\/\",\"url\":\"https:\/\/dicodusport.fr\/blog\/wp-content\/uploads\/2021\/05\/Nicolas-Jacquemard-150x150.jpeg\",\"contentUrl\":\"https:\/\/dicodusport.fr\/blog\/wp-content\/uploads\/2021\/05\/Nicolas-Jacquemard-150x150.jpeg\",\"caption\":\"Nicolas Jacquemard\"},\"description\":\"Passionn\u00e9 de sport et entrepreneur depuis mes 18 ans, la cr\u00e9ation de Dicodusport m'a sembl\u00e9 \u00e9vidente pour participer \u00e0 la m\u00e9diatisation d'un plus grand nombre de sports. Le chemin est long mais avec une \u00e9quipe des plus motiv\u00e9es et les Jeux Olympiques de Paris 2024 en point de mire, nous y arriverons ! Journaliste dans le monde du sport depuis plus de 5 ans, je traite aussi bien de football, de rugby, de biathlon que de cyclisme.\",\"sameAs\":[\"https:\/\/www.facebook.com\/dicodusport\",\"https:\/\/x.com\/https:\/\/twitter.com\/Nico_Jacquemard\"],\"url\":\"https:\/\/dicodusport.fr\/blog\/author\/dicodusport\/\"}]}<\/script>\n<!-- \/ Yoast SEO Premium plugin. -->","yoast_head_json":{"title":"Thibaut Pinot d\u00e9voile le programme de sa fin de saison 2021","description":"CYCLISME - Apr\u00e8s plusieurs mois sans comp\u00e9tition, Thibaut Pinot va reprendre mi-ao\u00fbt avec plusieurs courses pr\u00e9vues en France.","robots":{"index":"index","follow":"follow","max-snippet":"max-snippet:-1","max-image-preview":"max-image-preview:large","max-video-preview":"max-video-preview:-1"},"canonical":"https:\/\/dicodusport.fr\/blog\/thibaut-pinot-devoile-le-programme-de-sa-fin-de-saison-2021\/","og_locale":"fr_FR","og_type":"article","og_title":"Thibaut Pinot d\u00e9voile le programme de sa fin de saison 2021","og_description":"CYCLISME - Apr\u00e8s plusieurs mois sans comp\u00e9tition, Thibaut Pinot va reprendre mi-ao\u00fbt avec plusieurs courses pr\u00e9vues en France.","og_url":"https:\/\/dicodusport.fr\/blog\/thibaut-pinot-devoile-le-programme-de-sa-fin-de-saison-2021\/","og_site_name":"Dicodusport","article_publisher":"https:\/\/www.facebook.com\/dicodusport","article_author":"https:\/\/www.facebook.com\/dicodusport","article_published_time":"2021-07-30T16:22:36+00:00","article_modified_time":"2021-07-30T16:30:59+00:00","og_image":[{"width":800,"height":445,"url":"https:\/\/dicodusport.fr\/blog\/wp-content\/uploads\/2021\/07\/Thibaut-Pinot-de\u0301voile-le-programme-de-sa-fin-de-saison-2021.png","type":"image\/png"}],"author":"Nicolas Jacquemard","twitter_card":"summary_large_image","twitter_title":"Thibaut Pinot d\u00e9voile le programme de sa fin de saison 2021","twitter_creator":"@https:\/\/twitter.com\/Nico_Jacquemard","twitter_site":"@dicodusport","schema":{"@context":"https:\/\/schema.org","@graph":[{"@type":"NewsArticle","@id":"https:\/\/dicodusport.fr\/blog\/thibaut-pinot-devoile-le-programme-de-sa-fin-de-saison-2021\/#article","isPartOf":{"@id":"https:\/\/dicodusport.fr\/blog\/thibaut-pinot-devoile-le-programme-de-sa-fin-de-saison-2021\/"},"author":{"name":"Nicolas Jacquemard","@id":"https:\/\/dicodusport.fr\/blog\/#\/schema\/person\/55dcb50ad410894e431ed812bbb70191"},"headline":"Thibaut Pinot d\u00e9voile le programme de sa fin de saison 2021","datePublished":"2021-07-30T16:22:36+00:00","dateModified":"2021-07-30T16:30:59+00:00","mainEntityOfPage":{"@id":"https:\/\/dicodusport.fr\/blog\/thibaut-pinot-devoile-le-programme-de-sa-fin-de-saison-2021\/"},"wordCount":185,"commentCount":0,"publisher":{"@id":"https:\/\/dicodusport.fr\/blog\/#organization"},"image":{"@id":"https:\/\/dicodusport.fr\/blog\/thibaut-pinot-devoile-le-programme-de-sa-fin-de-saison-2021\/#primaryimage"},"thumbnailUrl":"https:\/\/dicodusport.fr\/blog\/wp-content\/uploads\/2021\/07\/Thibaut-Pinot-de\u0301voile-le-programme-de-sa-fin-de-saison-2021.png","keywords":["Cyclisme","Groupama FDJ","Pinot","Thibaut Pinot"],"articleSection":["Cyclisme"],"inLanguage":"fr-FR","potentialAction":[{"@type":"CommentAction","name":"Comment","target":["https:\/\/dicodusport.fr\/blog\/thibaut-pinot-devoile-le-programme-de-sa-fin-de-saison-2021\/#respond"]}],"copyrightYear":"2021","copyrightHolder":{"@id":"https:\/\/dicodusport.fr\/blog\/#organization"}},{"@type":"WebPage","@id":"https:\/\/dicodusport.fr\/blog\/thibaut-pinot-devoile-le-programme-de-sa-fin-de-saison-2021\/","url":"https:\/\/dicodusport.fr\/blog\/thibaut-pinot-devoile-le-programme-de-sa-fin-de-saison-2021\/","name":"Thibaut Pinot d\u00e9voile le programme de sa fin de saison 2021","isPartOf":{"@id":"https:\/\/dicodusport.fr\/blog\/#website"},"primaryImageOfPage":{"@id":"https:\/\/dicodusport.fr\/blog\/thibaut-pinot-devoile-le-programme-de-sa-fin-de-saison-2021\/#primaryimage"},"image":{"@id":"https:\/\/dicodusport.fr\/blog\/thibaut-pinot-devoile-le-programme-de-sa-fin-de-saison-2021\/#primaryimage"},"thumbnailUrl":"https:\/\/dicodusport.fr\/blog\/wp-content\/uploads\/2021\/07\/Thibaut-Pinot-de\u0301voile-le-programme-de-sa-fin-de-saison-2021.png","datePublished":"2021-07-30T16:22:36+00:00","dateModified":"2021-07-30T16:30:59+00:00","description":"CYCLISME - Apr\u00e8s plusieurs mois sans comp\u00e9tition, Thibaut Pinot va reprendre mi-ao\u00fbt avec plusieurs courses pr\u00e9vues en France.","breadcrumb":{"@id":"https:\/\/dicodusport.fr\/blog\/thibaut-pinot-devoile-le-programme-de-sa-fin-de-saison-2021\/#breadcrumb"},"inLanguage":"fr-FR","potentialAction":[{"@type":"ReadAction","target":["https:\/\/dicodusport.fr\/blog\/thibaut-pinot-devoile-le-programme-de-sa-fin-de-saison-2021\/"]}]},{"@type":"ImageObject","inLanguage":"fr-FR","@id":"https:\/\/dicodusport.fr\/blog\/thibaut-pinot-devoile-le-programme-de-sa-fin-de-saison-2021\/#primaryimage","url":"https:\/\/dicodusport.fr\/blog\/wp-content\/uploads\/2021\/07\/Thibaut-Pinot-de\u0301voile-le-programme-de-sa-fin-de-saison-2021.png","contentUrl":"https:\/\/dicodusport.fr\/blog\/wp-content\/uploads\/2021\/07\/Thibaut-Pinot-de\u0301voile-le-programme-de-sa-fin-de-saison-2021.png","width":800,"height":445},{"@type":"BreadcrumbList","@id":"https:\/\/dicodusport.fr\/blog\/thibaut-pinot-devoile-le-programme-de-sa-fin-de-saison-2021\/#breadcrumb","itemListElement":[{"@type":"ListItem","position":1,"name":"Accueil","item":"https:\/\/dicodusport.fr\/blog\/"},{"@type":"ListItem","position":2,"name":"Thibaut Pinot d\u00e9voile le programme de sa fin de saison 2021"}]},{"@type":"WebSite","@id":"https:\/\/dicodusport.fr\/blog\/#website","url":"https:\/\/dicodusport.fr\/blog\/","name":"Dicodusport","description":"L&#039;encyclop\u00e9die de l&#039;actualit\u00e9 sportive","publisher":{"@id":"https:\/\/dicodusport.fr\/blog\/#organization"},"potentialAction":[{"@type":"SearchAction","target":{"@type":"EntryPoint","urlTemplate":"https:\/\/dicodusport.fr\/blog\/?s={search_term_string}"},"query-input":{"@type":"PropertyValueSpecification","valueRequired":true,"valueName":"search_term_string"}}],"inLanguage":"fr-FR"},{"@type":"NewsMediaOrganization","@id":"https:\/\/dicodusport.fr\/blog\/#organization","name":"Dicodusport","url":"https:\/\/dicodusport.fr\/blog\/","logo":{"@type":"ImageObject","inLanguage":"fr-FR","@id":"https:\/\/dicodusport.fr\/blog\/#\/schema\/logo\/image\/","url":"https:\/\/dicodusport.fr\/blog\/wp-content\/uploads\/2020\/06\/cropped-LOGO-DICODUSPORT-2020-SANS-FOND-SANS-TEXTE.png","contentUrl":"https:\/\/dicodusport.fr\/blog\/wp-content\/uploads\/2020\/06\/cropped-LOGO-DICODUSPORT-2020-SANS-FOND-SANS-TEXTE.png","width":512,"height":512,"caption":"Dicodusport"},"image":{"@id":"https:\/\/dicodusport.fr\/blog\/#\/schema\/logo\/image\/"},"sameAs":["https:\/\/www.facebook.com\/dicodusport","https:\/\/x.com\/dicodusport","https:\/\/www.instagram.com\/dicodusport\/","https:\/\/www.youtube.com\/channel\/UC7V2KZ5sd3htJivAbA4ZG3w"],"description":"Dicodusport est l'encyclop\u00e9die de l'actualit\u00e9 sportive.","email":"bonjour@dicodusport.fr","legalName":"DICODUSPORT","foundingDate":"2018-01-14","vatID":"FR71834470973","taxID":"83447097300043","numberOfEmployees":{"@type":"QuantitativeValue","minValue":"1","maxValue":"10"}},{"@type":"Person","@id":"https:\/\/dicodusport.fr\/blog\/#\/schema\/person\/55dcb50ad410894e431ed812bbb70191","name":"Nicolas Jacquemard","image":{"@type":"ImageObject","inLanguage":"fr-FR","@id":"https:\/\/dicodusport.fr\/blog\/#\/schema\/person\/image\/","url":"https:\/\/dicodusport.fr\/blog\/wp-content\/uploads\/2021\/05\/Nicolas-Jacquemard-150x150.jpeg","contentUrl":"https:\/\/dicodusport.fr\/blog\/wp-content\/uploads\/2021\/05\/Nicolas-Jacquemard-150x150.jpeg","caption":"Nicolas Jacquemard"},"description":"Passionn\u00e9 de sport et entrepreneur depuis mes 18 ans, la cr\u00e9ation de Dicodusport m'a sembl\u00e9 \u00e9vidente pour participer \u00e0 la m\u00e9diatisation d'un plus grand nombre de sports. Le chemin est long mais avec une \u00e9quipe des plus motiv\u00e9es et les Jeux Olympiques de Paris 2024 en point de mire, nous y arriverons ! Journaliste dans le monde du sport depuis plus de 5 ans, je traite aussi bien de football, de rugby, de biathlon que de cyclisme.","sameAs":["https:\/\/www.facebook.com\/dicodusport","https:\/\/x.com\/https:\/\/twitter.com\/Nico_Jacquemard"],"url":"https:\/\/dicodusport.fr\/blog\/author\/dicodusport\/"}]}},"_links":{"self":[{"href":"https:\/\/dicodusport.fr\/blog\/wp-json\/wp\/v2\/posts\/152879","targetHints":{"allow":["GET"]}}],"collection":[{"href":"https:\/\/dicodusport.fr\/blog\/wp-json\/wp\/v2\/posts"}],"about":[{"href":"https:\/\/dicodusport.fr\/blog\/wp-json\/wp\/v2\/types\/post"}],"author":[{"embeddable":true,"href":"https:\/\/dicodusport.fr\/blog\/wp-json\/wp\/v2\/users\/1"}],"replies":[{"embeddable":true,"href":"https:\/\/dicodusport.fr\/blog\/wp-json\/wp\/v2\/comments?post=152879"}],"version-history":[{"count":0,"href":"https:\/\/dicodusport.fr\/blog\/wp-json\/wp\/v2\/posts\/152879\/revisions"}],"wp:featuredmedia":[{"embeddable":true,"href":"https:\/\/dicodusport.fr\/blog\/wp-json\/wp\/v2\/media\/152885"}],"wp:attachment":[{"href":"https:\/\/dicodusport.fr\/blog\/wp-json\/wp\/v2\/media?parent=152879"}],"wp:term":[{"taxonomy":"category","embeddable":true,"href":"https:\/\/dicodusport.fr\/blog\/wp-json\/wp\/v2\/categories?post=152879"},{"taxonomy":"post_tag","embeddable":true,"href":"https:\/\/dicodusport.fr\/blog\/wp-json\/wp\/v2\/tags?post=152879"}],"curies":[{"name":"wp","href":"https:\/\/api.w.org\/{rel}","templated":true}]}}