{"id":152960,"date":"2021-08-02T12:01:12","date_gmt":"2021-08-02T10:01:12","guid":{"rendered":"https:\/\/dicodusport.fr\/blog\/?p=152960"},"modified":"2021-08-02T12:01:12","modified_gmt":"2021-08-02T10:01:12","slug":"luc-tardif-j-ai-pour-but-de-rencontrer-toutes-les-federations-afin-d-ecouter-leurs-besoins","status":"publish","type":"post","link":"https:\/\/dicodusport.fr\/blog\/luc-tardif-j-ai-pour-but-de-rencontrer-toutes-les-federations-afin-d-ecouter-leurs-besoins\/","title":{"rendered":"Luc Tardif\u00a0: \u00ab\u00a0J\u2019ai pour but de rencontrer toutes les f\u00e9d\u00e9rations afin d\u2019\u00e9couter leurs besoins\u00a0\u00bb"},"content":{"rendered":"<p align=\"justify\"><em><b>HOCKEY SUR GLACE &#8211; Pr\u00e9sident de la F\u00e9d\u00e9ration Fran\u00e7aise de Hockey sur Glace depuis sa cr\u00e9ation en 2006, Luc Tardif ne briguera pas un nouveau mandat \u00e0 l\u2019\u00e9ch\u00e9ance de celui en cours. Malgr\u00e9 tout, le Franco-Canadien de 68 ans est loin d\u2019en avoir fini avec le milieu du hockey sur glace. Ren\u00e9 Fasel sur le point de quitter son poste de pr\u00e9sident \u00e0 la f\u00e9d\u00e9ration internationale, des \u00e9lections ont lieu en septembre prochain pour d\u00e9terminer le successeur du Suisse. Luc Tardif sera donc l\u2019un des cinq candidats d\u00e9clar\u00e9s, et poss\u00e8de de r\u00e9elles chances de l\u2019emporter. Pour Dicodusport, l\u2019ancien joueur de haut niveau s\u2019est donc confi\u00e9 <\/b><b>en longueur <\/b><b>sur plusieurs sujets, et notamment ses projets, et sa vision pour l\u2019IIHF dans ce premier volet. <\/b><\/em><\/p>\n<h2 align=\"justify\"><b>Les raisons de la candidature<\/b><\/h2>\n<p align=\"justify\"><em>\u00ab C\u2019est une candidature tardive puisque j\u2019ai \u00e9t\u00e9 le dernier \u00e0 me pr\u00e9senter. Ce n\u2019est donc pas une strat\u00e9gie \u00e9lectorale. Je suis au c\u0153ur des op\u00e9rations de l\u2019<strong>IIHF<\/strong> depuis 2012 en tant que membre du comit\u00e9 ex\u00e9cutif, et tr\u00e9sorier. J\u2019ai donc une certaine exp\u00e9rience de la gestion des affaires puisque j\u2019ai \u00e9t\u00e9 au c\u0153ur des discussions avec le comit\u00e9 olympique pour la pr\u00e9sence des joueurs de <strong>NHL<\/strong>. En m\u00eame temps, on a des supports financiers du comit\u00e9 olympique que l\u2019on doit n\u00e9gocier tous les 4 ans. J\u2019ai \u00e9t\u00e9 \u00e9lu au conseil d\u2019administration du <strong>CNOSF<\/strong>, et deux fois chef de mission \u00e0 Pyeongchang et \u00e0 Sotchi.<\/em><\/p>\n<p align=\"justify\"><em>Au d\u00e9but, je ne me voyais pas me lancer dans une campagne \u00e9lectorale. C\u2019est quand m\u00eame un mandat de cinq ans o\u00f9 l\u2019on passe derri\u00e8re un homme qui a fait 27 ans (<strong>Ren\u00e9 Fasel<\/strong>) et a choisi de se retirer alors qu\u2019il avait la possibilit\u00e9 de poursuivre. C\u2019est \u00e0 souligner puisqu\u2019\u00e0 ces postes l\u00e0, politiques, on s\u2019accroche, et on change m\u00eame parfois les r\u00e8gles. J\u2019ai essay\u00e9 au d\u00e9but de le convaincre de faire un mandat suppl\u00e9mentaire pour commencer \u00e0 accompagner quelqu\u2019un de nouveau. On est un peu \u00e0 la crois\u00e9e des chemins avec le Covid, l\u2019\u00e9ch\u00e9ance des <strong>JO<\/strong> repouss\u00e9e d\u2019un an\u2026 Malgr\u00e9 tout, on a r\u00e9ussi \u00e0 renouveler le contrat marketing de 10 ans.<\/em><\/p>\n<p align=\"justify\"><em>Je me suis dit que je peux \u00eatre un \u00e9l\u00e9ment stabilisateur pour rester dans la continuit\u00e9. J\u2019avais \u00e9t\u00e9 sollicit\u00e9 afin de me pr\u00e9senter mais l\u2019\u00e9l\u00e9ment d\u00e9clencheur a \u00e9t\u00e9 le dernier congr\u00e8s. On a commenc\u00e9 \u00e0 me dire que j\u2019\u00e9tais au c\u0153ur de l\u2019action, que j\u2019ai \u00e9t\u00e9 joueur de hockey\u2026 \u00c7a ne m\u2019avait pas convaincu jusque l\u00e0 mais la situation est un peu particuli\u00e8re puisqu\u2019avec le Covid on a pas eu beaucoup de campagne, ou l\u2019occasion de voyager. Le comit\u00e9 olympique m\u2019a aussi pouss\u00e9 dans ce sens-l\u00e0 parce que l\u2019objectif est d\u2019avoir des personnes \u00e9lues \u00e0 des postes \u00e0 responsabilit\u00e9s.<\/em><\/p>\n<p align=\"justify\"><em>Tous ces param\u00e8tres combin\u00e9s m\u2019ont d\u00e9cid\u00e9 \u00e0 me lancer. Je poss\u00e8de l\u2019exp\u00e9rience pour savoir si j\u2019ai une r\u00e9elle chance ou non. Quand on va dans une comp\u00e9tition, on peut gagner comme on peut perdre. Je pars avec une longueur de retard et j\u2019en ai quand m\u00eame parler avec mon \u00e9pouse. Cela correspondait aussi \u00e0 l\u2019\u00e9ch\u00e9ance de mon quatri\u00e8me mandat avec la <strong>FFHG<\/strong>, j\u2019estimais qu\u2019il fallait pr\u00e9parer l\u2019avenir. \u00bb<\/em><\/p>\n<blockquote class=\"twitter-tweet\">\n<p dir=\"ltr\" lang=\"fr\">Le Pr\u00e9sident de la FFHG Luc Tardif se porte candidat \u00e0 la pr\u00e9sidence de la F\u00e9d\u00e9ration Internationale (IIHF). Les \u00e9lections se tiendront en septembre prochain &#x1f51c; <a href=\"https:\/\/twitter.com\/hashtag\/HockeyFrance?src=hash&amp;ref_src=twsrc%5Etfw\">#HockeyFrance<\/a><a href=\"https:\/\/t.co\/ASWGKVF2oq\">https:\/\/t.co\/ASWGKVF2oq<\/a><\/p>\n<p>\u2014 \u00c9quipes France Hockey (@Hockey_FRA) <a href=\"https:\/\/twitter.com\/Hockey_FRA\/status\/1410952016919207943?ref_src=twsrc%5Etfw\">July 2, 2021<\/a><\/p><\/blockquote>\n<p><script async src=\"https:\/\/platform.twitter.com\/widgets.js\" charset=\"utf-8\"><\/script><\/p>\n<h2 align=\"justify\"><b>La construction de la campagne<\/b><\/h2>\n<p align=\"justify\"><em>\u00ab La premi\u00e8re des choses, c\u2019est que j\u2019ai fait la campagne avec <strong>Brigitte Henriques<\/strong>, la nouvelle pr\u00e9sidente du <strong>Comit\u00e9\u00a0 National Olympique et Sportif Fran\u00e7ais<\/strong>. Elle a co-construit son programme. Pendant le Covid, les sports collectifs se sont regroup\u00e9s afin de faire des propositions concernant les protocoles. Au tout d\u00e9but de la crise en mars 2020, il faut se souvenir que l\u2019on avait pas le droit de pratiquer. On a alors mis en place des mesures pour utiliser les \u00e9quipements en respectant les conditions sanitaires, et faire des entra\u00eenements en petit groupe sans rentrer dans les vestiaires. \u00c7a a \u00e9t\u00e9 un peu le noyau de sa campagne couronn\u00e9e de succ\u00e8s puisque d\u2019autres f\u00e9d\u00e9rations se sont ensuite greff\u00e9es.<\/em><\/p>\n<p align=\"justify\"><em>On est en contact avec les gens quand on est dans le comit\u00e9 ex\u00e9cutif, mais on ne peut pas se rencontrer. Donc je me suis demand\u00e9 comment je peux r\u00e9aliser la co-construction en sachant que j\u2019ai mon exp\u00e9rience, mais je voulais aller v\u00e9rifier puisqu\u2019on a <strong>plus de 80 f\u00e9d\u00e9rations de diverses tailles avec des attentes diff\u00e9rentes<\/strong>. Le pr\u00e9sident doit donc prendre en compte les demandes, faire la synth\u00e8se de tout \u00e7a, et prendre les d\u00e9cisions fortes dans l\u2019int\u00e9r\u00eat g\u00e9n\u00e9ral. M\u00eame si j\u2019ai ma vision, mes convictions, il faut savoir \u00eatre \u00e0 l\u2019\u00e9coute.<\/em><\/p>\n<p align=\"justify\"><em>Contrairement aux autres candidats qui ont un programme, je me suis servi des nouvelles technologies de communication qui ont bondi pendant la pand\u00e9mie comme <strong>Zoom<\/strong> pour les conf\u00e9rences. J\u2019ai pour but de rencontrer toutes les f\u00e9d\u00e9rations afin d\u2019\u00e9couter leurs besoins, ce qu\u2019ils ont aim\u00e9, ce qu\u2019ils n\u2019ont pas aim\u00e9, puis ensuite je teste un peu la base de mon programme avant de faire la synth\u00e8se de l\u2019entrevue.<\/em><\/p>\n<p align=\"justify\"><em>Je suis agr\u00e9ablement surpris. Quand on travaille dans des associations sportives, c\u2019est pour se rencontrer mais on a des gens \u00e0 l\u2019autre bout du monde, en <strong>Nouvelle-Z\u00e9lande<\/strong> ou au <strong>Mexique<\/strong>, ce qui n\u2019est pas \u00e9vident. Mais tout le monde joue le jeu. J\u2019en ai rencontr\u00e9 une bonne moiti\u00e9 d\u00e9j\u00e0, et je vais sortir mon programme d\u00e9but septembre. Les \u00e9lections sont le troisi\u00e8me week-end du m\u00eame mois. Je ne veux pas me pr\u00e9cipiter pour faire la synth\u00e8se. Pendant l\u2019\u00e9t\u00e9, tout le monde est occup\u00e9 ailleurs donc je vais prendre le temps pour fignoler tout \u00e7a. \u00bb<\/em><\/p>\n<blockquote class=\"twitter-tweet\">\n<p dir=\"ltr\" lang=\"fr\">Luc Tardif &#x1f1eb;&#x1f1f7; candidat \u00e0 la pr\u00e9sidence <a href=\"https:\/\/twitter.com\/hashtag\/IIHF?src=hash&amp;ref_src=twsrc%5Etfw\">#IIHF<\/a><br \/>\nSont \u00e9galement candidats :<br \/>\nHenrik Bach Nielsen &#x1f1e9;&#x1f1f0;<br \/>\nPetr Briza &#x1f1e8;&#x1f1ff;<br \/>\nSergei Gontcharov &#x1f1e7;&#x1f1fe;<br \/>\nFranz Reindl &#x1f1e9;&#x1f1ea;<br \/>\nLe nouveau pr\u00e9sident sera connu en septembre.<\/p>\n<p>\u2014 Nicolas Jacquet (@Nico_Jt_) <a href=\"https:\/\/twitter.com\/Nico_Jt_\/status\/1410956080214126595?ref_src=twsrc%5Etfw\">July 2, 2021<\/a><\/p><\/blockquote>\n<p><script async src=\"https:\/\/platform.twitter.com\/widgets.js\" charset=\"utf-8\"><\/script><\/p>\n<h2 align=\"justify\"><b>Conserver l\u2019\u00e9quilibre b\u00e2ti par Ren\u00e9 Fasel tout en donnant une nouvelle impulsion<\/b><\/h2>\n<p align=\"justify\"><em>\u00ab Je vais essayer de faire de mon mieux pour garder l\u2019\u00e9quilibre b\u00e2ti par <strong>Ren\u00e9 Fasel<\/strong>. On a le haut niveau (Championnats du monde, Jeux Olympiques) qui fourni le financement \u00e0 tout le reste de la pyramide, c\u2019est-\u00e0-dire les cat\u00e9gories jeunes, les f\u00e9minines et les diff\u00e9rents programmes de d\u00e9veloppement. On a besoin de plus de financement pour nourrir ce haut niveau avec notamment les assurances et les pressions des ligues pour lib\u00e9rer leurs joueurs. En-dessous, on se d\u00e9veloppe exponentiellement avec notamment plus d\u2019\u00e9quipes qui participent aux championnats du monde.<\/em><\/p>\n<p align=\"justify\"><em>On les aides pour les frais de d\u00e9placement, et parfois durant les p\u00e9riodes \u00e9lectorales, les petits veulent avoir plus de sous. Mais il faut avant tout garder un certain \u00e9quilibre dont je vais \u00eatre le garant. Avec <strong>le nouveau contrat marketing qui arrive en 2023<\/strong>, il va y avoir plus de moyens \u00e0 partager. Mais il est indispensable de conserver une bonne r\u00e9partition des ressources. C\u2019est comme une \u00e9quipe. Il peut y avoir des stars sans que cela ne marche pour autant, c\u2019est avec un ensemble coh\u00e9rent que tu fais des miracles tout en continuant \u00e0 progresser. Cela ne va pas \u00e0 l\u2019encontre de l\u2019ambition.<\/em><\/p>\n<p align=\"justify\"><em>Il ne faut pas tout jeter au sein du dernier conseil. J\u2019en fais partie comme les quatre autres candidats, et Ren\u00e9 Fasel a insuffl\u00e9 un esprit de famille. On garde en place le souvenir mais on veut \u00e9galement avancer. Par exemple, on croit beaucoup au <strong>hockey 3X3 comme nouvelle discipline aux Jeux Olympiques<\/strong>. C\u2019est un peu frustrant puisque le hockey a six m\u00e9dailles pour les Olympiades, trois pour les gar\u00e7ons, trois pour les filles, alors qu\u2019on est ceux qui animent la comp\u00e9tition du d\u00e9but \u00e0 la fin, et mettent le plus d\u2019argent dans l\u2019organisation. M\u00eame avec les qualifications, nous commen\u00e7ons un an et demi avant l\u2019\u00e9ch\u00e9ance. Je me dis que l\u2019on est en mesure d\u2019y arriver, d\u2019autant plus que le rugby l\u2019a fait avec le rugby \u00e0 sept, et il y a \u00e9galement le basket 3X3 depuis peu.<\/em><\/p>\n<p align=\"justify\"><em>On va se servir de la communication, on appris beaucoup durant le Covid. D\u2019habitude, les deux grands rendez-vous sont les congr\u00e8s semi-annuels de l\u2019IIHF. L\u00e0, on a fait des r\u00e9unions interm\u00e9diaires en prenant en compte les d\u00e9calages horaires, en faisant l\u2019Asie le matin, l\u2019Europe dans l\u2019apr\u00e8s-midi ou encore l\u2019Am\u00e9rique du Nord un peu plus tard. Entre les d\u00e9cisions du conseil, les nouvelles normes ou autres, il y a mati\u00e8re \u00e0 discuter. On est sur un bel \u00e9lan qu\u2019il faut entretenir. \u00bb<\/em><\/p>\n<p><span class=\"sUr2dWyiNvfKUgXwCbTqFC4hetnMmHGtmfAIQLiBk8QM60cpuzPqy4V39D55ge7GJxhPEDXYOpErjZcaSxlSLWoB\"><iframe loading=\"lazy\" title=\"Lausanne 2020 - Final Ice Hockey Man\u2019s Mixed NOC 3-on-3 Red vs Green\" width=\"740\" height=\"416\" src=\"https:\/\/www.youtube.com\/embed\/WGdbbpeMn8g?feature=oembed\" frameborder=\"0\" allow=\"accelerometer; autoplay; clipboard-write; encrypted-media; gyroscope; picture-in-picture; web-share\" allowfullscreen><\/iframe><\/span><\/p>\n<h2 align=\"justify\"><b>Prioriser le d\u00e9veloppement durable du hockey sur les territoires \u00ab\u00a0d\u00e9laiss\u00e9s\u00a0\u00bb<\/b><\/h2>\n<p align=\"justify\"><em>\u00ab C\u2019est mon avis personnel, mais notre f\u00e9d\u00e9ration est plus une organisatrice d\u2019\u00e9v\u00e8nements que les autres. Il se trouve que l\u2019on a un onglet d\u00e9veloppement \u00e0 travailler plus en profondeur. Il y a quelques ann\u00e9es, on avait tendance \u00e0 mettre de c\u00f4t\u00e9 les nations non traditionnelles. Le futur du hockey ne se trouve pas en <strong>Finlande<\/strong> o\u00f9 quand il y a une finale, 90 % de la population se retrouve devant la t\u00e9l\u00e9vision. Ce sont les nations dans lesquelles il y a un gros bassin de population o\u00f9 il faut se diriger, mais pas de n\u2019importe quelle mani\u00e8re.<\/em><\/p>\n<p align=\"justify\"><em>Quand je parlais de d\u00e9veloppement, il y avait un rendez-vous annuel \u00e0 <strong>Vierum\u00e4ki<\/strong> en Finlande o\u00f9 venaient des joueurs du monde entier. Vierum\u00e4ki est une sorte de Marcoussis, mais international. Ces joueurs, notamment deux n\u00e9o-z\u00e9landais, avaient une organisation top, professionnelle, puis ils retournaient au pays. Il y a de quoi faire une d\u00e9pression puisque tu ne peux pas appliquer ce que tu as vu, le hockey en \u00e9tant \u00e0 ses pr\u00e9mices. Je prends la Nouvelle-Z\u00e9lande en exemple mais \u00e7a aurait pu \u00eatre la France aussi. Donc j\u2019ai dit que ce n\u2019est pas ce que l\u2019on doit faire. Ce sont nous qui allons venir chez vous.<\/em><\/p>\n<p align=\"justify\"><em>On allait monter un projet qui a \u00e9t\u00e9 report\u00e9 en raison du Covid, mais qui est toujours dans les cartons, les <strong>\u00ab flying coachs \u00bb<\/strong>. Concr\u00e8tement, on va r\u00e9unir les diff\u00e9rents acteurs du hockey local qui vont \u00eatre form\u00e9s par un staff professionnel, envoy\u00e9 par la f\u00e9d\u00e9ration internationale. On a des pays tuteurs comme le <strong>Canada<\/strong> ou la Finlande. Les f\u00e9d\u00e9rations sont toujours partantes et on a parfois des coachs tr\u00e8s exp\u00e9riment\u00e9s ou \u00e0 la retraite qui sont impliqu\u00e9s. Il est important de parler de d\u00e9veloppement durable et non pas de rester dans l\u2019instant.<\/em><\/p>\n<p align=\"justify\"><em>J\u2019ai trop vu avec mon exp\u00e9rience d\u2019\u00e9toiles filantes, de gars qui d\u00e9cident dans leur coin de lancer le hockey pour participer aux championnats du monde, mais derri\u00e8re il n\u2019y a rien qui se construit. En Asie nous avons eu beaucoup de d\u00e9ceptions. Pendant plusieurs ann\u00e9es le <strong>Japon<\/strong> \u00e9tait prot\u00e9g\u00e9 dans le Groupe A, mais il ne s\u2019est rien pass\u00e9 derri\u00e8re. Puis il y a deux \u00e9ditions des <strong>Jeux Olympiques<\/strong> qui ont \u00e9t\u00e9 donn\u00e9es \u00e0 l\u2019Asie, <strong>Pyongchang<\/strong> et <strong>P\u00e9kin<\/strong>.<\/em><\/p>\n<p align=\"justify\"><em>Jusque l\u00e0, je n\u2019ai pas vu les promesses de construction de patinoire. C\u2019est pour cela qu\u2019il faut se concentrer sur le d\u00e9veloppement durable afin d\u2019avoir une organisation solide, un suivi. De loin, on ne peut pas voir ce qu\u2019il se passe alors qu\u2019avec des coachs qui se d\u00e9placent, on sait tout de suite si quelque chose ne va pas. A l\u2019inverse, il y en a qui se donnent beaucoup de mal, qui ne sont pas \u00e0 des endroits o\u00f9 le hockey est reconnu, et r\u00e9alisent des miracles. Il faut aider tout le monde, mais ces derniers en priorit\u00e9 parce qu\u2019ils ont une m\u00e9thode \u00e9tablie dans la dur\u00e9e. \u00bb<\/em><\/p>\n<p><span class=\"oAmrWcUuOD6xfy7s20bwPvNdqBCiL9nEFS\"><iframe loading=\"lazy\" title=\"Kazakhstan vs. Japan - 2015 IIHF Ice Hockey World Championship Division I Group A\" width=\"740\" height=\"416\" src=\"https:\/\/www.youtube.com\/embed\/NuMuUFBKPA0?feature=oembed\" frameborder=\"0\" allow=\"accelerometer; autoplay; clipboard-write; encrypted-media; gyroscope; picture-in-picture; web-share\" allowfullscreen><\/iframe><\/span><\/p>\n<h2 align=\"justify\"><b>L\u2019\u00e9cologie, un \u00e9l\u00e9ment important \u00e0 prendre en compte pour l\u2019avenir du hockey<\/b><\/h2>\n<p align=\"justify\"><em>\u00ab Le d\u00e9veloppement durable en terme d\u2019\u00e9cologie est un autre sujet avec les gaz \u00e0 effet de serre ou les nouvelles normes sur le gaz r\u00e9frig\u00e9rant pour les patinoires. On commence \u00e0 avoir des solutions afin de prouver que l\u2019on peut avoir des patinoires moins \u00e9nergivores, et vraiment faire en sorte de construire avec un minimum d\u2019\u00e9nergie tout en utilisant des gaz non nocifs. On a commenc\u00e9 en <strong>France<\/strong> par rapport \u00e0 l\u2019ammoniaque qui est un produit naturel. Dans les pays scandinaves ou en Suisse, tout est \u00e0 l\u2019ammoniaque. En France, des normes d\u00e9pass\u00e9es nous emp\u00eachent de l\u2019utiliser alors qu\u2019on la ma\u00eetrise d\u00e9sormais, pas comme il y a vingt ans. Les mod\u00e8les de r\u00e9frig\u00e9ration en Chine sont \u00e9galement \u00e0 suivre parce qu\u2019ils repr\u00e9sentent possiblement l\u2019avenir.<\/em><\/p>\n<p align=\"justify\"><em><strong>On se doit d\u2019aider dans la construction des \u00e9quipements<\/strong> puisqu\u2019il faut des patinoires, on ne peut pas jouer dans un parking ou un champ de patates. C\u2019est un outil technique. Dans les pays qui n\u2019ont pas l\u2019habitude d\u2019en construire, on fait des concours d\u2019architecte en privil\u00e9giant le design plut\u00f4t que la technique. Concr\u00e8tement, une patinoire est un frigo, avant d\u2019\u00eatre beau, il faut surtout qu\u2019il fasse du froid. Il faut donc leur venir en soutien afin de partager les bonnes pratiques pour que la r\u00e9alisation soit faites dans les r\u00e8gles. \u00bb<\/em><\/p>\n","protected":false},"excerpt":{"rendered":"<p>HOCKEY SUR GLACE &#8211; Pr\u00e9sident de la F\u00e9d\u00e9ration Fran\u00e7aise de Hockey sur Glace depuis sa cr\u00e9ation en 2006, Luc Tardif ne briguera pas un nouveau mandat \u00e0 l\u2019\u00e9ch\u00e9ance de celui en cours. Malgr\u00e9 tout, le Franco-Canadien de 68 ans est loin d\u2019en avoir fini avec le milieu du hockey sur glace. Ren\u00e9 Fasel sur le point de quitter son poste de pr\u00e9sident \u00e0 la f\u00e9d\u00e9ration internationale, des \u00e9lections ont lieu en septembre prochain pour d\u00e9terminer le successeur du Suisse. Luc Tardif sera donc l\u2019un des cinq candidats d\u00e9clar\u00e9s, et poss\u00e8de de r\u00e9elles chances de l\u2019emporter. Pour Dicodusport, l\u2019ancien joueur de haut niveau s\u2019est donc confi\u00e9 en longueur sur plusieurs sujets, et notamment ses projets, et sa vision pour l\u2019IIHF dans ce premier volet.<\/p>\n","protected":false},"author":55,"featured_media":154219,"comment_status":"open","ping_status":"closed","sticky":false,"template":"","format":"standard","meta":{"_acf_changed":false,"_daextam_enable_autolinks":"","footnotes":""},"categories":[10575],"tags":[18336,563,18335],"class_list":["post-152960","post","type-post","status-publish","format-standard","has-post-thumbnail","hentry","category-hockey-sur-glace","tag-ffhg","tag-hockey","tag-iihf"],"acf":[],"yoast_head":"<!-- This site is optimized with the Yoast SEO Premium plugin v26.7 (Yoast SEO v26.7) - https:\/\/yoast.com\/wordpress\/plugins\/seo\/ -->\n<title>Luc Tardif\u00a0: \u00ab\u00a0J\u2019ai pour but de rencontrer toutes les f\u00e9d\u00e9rations afin d\u2019\u00e9couter leurs besoins\u00a0\u00bb<\/title>\n<meta name=\"description\" content=\"Candidat \u00e0 l&#039;\u00e9lection pour le poste de pr\u00e9sident de l&#039;IHHF, Luc Tardif est revenu en longueur pour Dicodusport sur sa candidature.\" \/>\n<meta name=\"robots\" content=\"index, follow, max-snippet:-1, max-image-preview:large, max-video-preview:-1\" \/>\n<link rel=\"canonical\" href=\"https:\/\/dicodusport.fr\/blog\/luc-tardif-j-ai-pour-but-de-rencontrer-toutes-les-federations-afin-d-ecouter-leurs-besoins\/\" \/>\n<meta property=\"og:locale\" content=\"fr_FR\" \/>\n<meta property=\"og:type\" content=\"article\" \/>\n<meta property=\"og:title\" content=\"Luc Tardif\u00a0: \u00ab\u00a0J\u2019ai pour but de rencontrer toutes les f\u00e9d\u00e9rations afin d\u2019\u00e9couter leurs besoins\u00a0\u00bb\" \/>\n<meta property=\"og:description\" content=\"Candidat \u00e0 l&#039;\u00e9lection pour le poste de pr\u00e9sident de l&#039;IHHF, Luc Tardif est revenu en longueur pour Dicodusport sur sa candidature.\" \/>\n<meta property=\"og:url\" content=\"https:\/\/dicodusport.fr\/blog\/luc-tardif-j-ai-pour-but-de-rencontrer-toutes-les-federations-afin-d-ecouter-leurs-besoins\/\" \/>\n<meta property=\"og:site_name\" content=\"Dicodusport\" \/>\n<meta property=\"article:publisher\" content=\"https:\/\/www.facebook.com\/dicodusport\" \/>\n<meta property=\"article:published_time\" content=\"2021-08-02T10:01:12+00:00\" \/>\n<meta property=\"og:image\" content=\"https:\/\/dicodusport.fr\/blog\/wp-content\/uploads\/2021\/07\/Luc-Tardif-Jai-pour-but-de-rencontrer-toutes-les-federations-afin-decouter-leurs-besoins-.png\" \/>\n\t<meta property=\"og:image:width\" content=\"800\" \/>\n\t<meta property=\"og:image:height\" content=\"445\" \/>\n\t<meta property=\"og:image:type\" content=\"image\/png\" \/>\n<meta name=\"author\" content=\"Maxime Cazenave\" \/>\n<meta name=\"twitter:card\" content=\"summary_large_image\" \/>\n<meta name=\"twitter:title\" content=\"Luc Tardif\u00a0: \u00ab\u00a0J\u2019ai pour but de rencontrer toutes les f\u00e9d\u00e9rations afin d\u2019\u00e9couter leurs besoins\u00a0\u00bb\" \/>\n<meta name=\"twitter:creator\" content=\"@https:\/\/twitter.com\/Maxime_Caze\" \/>\n<meta name=\"twitter:site\" content=\"@dicodusport\" \/>\n<script type=\"application\/ld+json\" class=\"yoast-schema-graph\">{\"@context\":\"https:\/\/schema.org\",\"@graph\":[{\"@type\":\"NewsArticle\",\"@id\":\"https:\/\/dicodusport.fr\/blog\/luc-tardif-j-ai-pour-but-de-rencontrer-toutes-les-federations-afin-d-ecouter-leurs-besoins\/#article\",\"isPartOf\":{\"@id\":\"https:\/\/dicodusport.fr\/blog\/luc-tardif-j-ai-pour-but-de-rencontrer-toutes-les-federations-afin-d-ecouter-leurs-besoins\/\"},\"author\":{\"name\":\"Maxime Cazenave\",\"@id\":\"https:\/\/dicodusport.fr\/blog\/#\/schema\/person\/37def232098a7a5cbab3974a3690abb0\"},\"headline\":\"Luc Tardif\u00a0: \u00ab\u00a0J\u2019ai pour but de rencontrer toutes les f\u00e9d\u00e9rations afin d\u2019\u00e9couter leurs besoins\u00a0\u00bb\",\"datePublished\":\"2021-08-02T10:01:12+00:00\",\"mainEntityOfPage\":{\"@id\":\"https:\/\/dicodusport.fr\/blog\/luc-tardif-j-ai-pour-but-de-rencontrer-toutes-les-federations-afin-d-ecouter-leurs-besoins\/\"},\"wordCount\":2438,\"commentCount\":0,\"publisher\":{\"@id\":\"https:\/\/dicodusport.fr\/blog\/#organization\"},\"image\":{\"@id\":\"https:\/\/dicodusport.fr\/blog\/luc-tardif-j-ai-pour-but-de-rencontrer-toutes-les-federations-afin-d-ecouter-leurs-besoins\/#primaryimage\"},\"thumbnailUrl\":\"https:\/\/dicodusport.fr\/blog\/wp-content\/uploads\/2021\/07\/Luc-Tardif-Jai-pour-but-de-rencontrer-toutes-les-federations-afin-decouter-leurs-besoins-.png\",\"keywords\":[\"FFHG\",\"hockey\",\"IIHF\"],\"articleSection\":[\"Hockey sur glace\"],\"inLanguage\":\"fr-FR\",\"potentialAction\":[{\"@type\":\"CommentAction\",\"name\":\"Comment\",\"target\":[\"https:\/\/dicodusport.fr\/blog\/luc-tardif-j-ai-pour-but-de-rencontrer-toutes-les-federations-afin-d-ecouter-leurs-besoins\/#respond\"]}],\"copyrightYear\":\"2021\",\"copyrightHolder\":{\"@id\":\"https:\/\/dicodusport.fr\/blog\/#organization\"}},{\"@type\":\"WebPage\",\"@id\":\"https:\/\/dicodusport.fr\/blog\/luc-tardif-j-ai-pour-but-de-rencontrer-toutes-les-federations-afin-d-ecouter-leurs-besoins\/\",\"url\":\"https:\/\/dicodusport.fr\/blog\/luc-tardif-j-ai-pour-but-de-rencontrer-toutes-les-federations-afin-d-ecouter-leurs-besoins\/\",\"name\":\"Luc Tardif\u00a0: \u00ab\u00a0J\u2019ai pour but de rencontrer toutes les f\u00e9d\u00e9rations afin d\u2019\u00e9couter leurs besoins\u00a0\u00bb\",\"isPartOf\":{\"@id\":\"https:\/\/dicodusport.fr\/blog\/#website\"},\"primaryImageOfPage\":{\"@id\":\"https:\/\/dicodusport.fr\/blog\/luc-tardif-j-ai-pour-but-de-rencontrer-toutes-les-federations-afin-d-ecouter-leurs-besoins\/#primaryimage\"},\"image\":{\"@id\":\"https:\/\/dicodusport.fr\/blog\/luc-tardif-j-ai-pour-but-de-rencontrer-toutes-les-federations-afin-d-ecouter-leurs-besoins\/#primaryimage\"},\"thumbnailUrl\":\"https:\/\/dicodusport.fr\/blog\/wp-content\/uploads\/2021\/07\/Luc-Tardif-Jai-pour-but-de-rencontrer-toutes-les-federations-afin-decouter-leurs-besoins-.png\",\"datePublished\":\"2021-08-02T10:01:12+00:00\",\"description\":\"Candidat \u00e0 l'\u00e9lection pour le poste de pr\u00e9sident de l'IHHF, Luc Tardif est revenu en longueur pour Dicodusport sur sa candidature.\",\"breadcrumb\":{\"@id\":\"https:\/\/dicodusport.fr\/blog\/luc-tardif-j-ai-pour-but-de-rencontrer-toutes-les-federations-afin-d-ecouter-leurs-besoins\/#breadcrumb\"},\"inLanguage\":\"fr-FR\",\"potentialAction\":[{\"@type\":\"ReadAction\",\"target\":[\"https:\/\/dicodusport.fr\/blog\/luc-tardif-j-ai-pour-but-de-rencontrer-toutes-les-federations-afin-d-ecouter-leurs-besoins\/\"]}]},{\"@type\":\"ImageObject\",\"inLanguage\":\"fr-FR\",\"@id\":\"https:\/\/dicodusport.fr\/blog\/luc-tardif-j-ai-pour-but-de-rencontrer-toutes-les-federations-afin-d-ecouter-leurs-besoins\/#primaryimage\",\"url\":\"https:\/\/dicodusport.fr\/blog\/wp-content\/uploads\/2021\/07\/Luc-Tardif-Jai-pour-but-de-rencontrer-toutes-les-federations-afin-decouter-leurs-besoins-.png\",\"contentUrl\":\"https:\/\/dicodusport.fr\/blog\/wp-content\/uploads\/2021\/07\/Luc-Tardif-Jai-pour-but-de-rencontrer-toutes-les-federations-afin-decouter-leurs-besoins-.png\",\"width\":800,\"height\":445,\"caption\":\"Luc Tardif\u00a0 \u00ab\u00a0J\u2019ai pour but de rencontrer toutes les f\u00e9d\u00e9rations afin d\u2019\u00e9couter leurs besoins\u00a0\u00bb\"},{\"@type\":\"BreadcrumbList\",\"@id\":\"https:\/\/dicodusport.fr\/blog\/luc-tardif-j-ai-pour-but-de-rencontrer-toutes-les-federations-afin-d-ecouter-leurs-besoins\/#breadcrumb\",\"itemListElement\":[{\"@type\":\"ListItem\",\"position\":1,\"name\":\"Accueil\",\"item\":\"https:\/\/dicodusport.fr\/blog\/\"},{\"@type\":\"ListItem\",\"position\":2,\"name\":\"Luc Tardif\u00a0: \u00ab\u00a0J\u2019ai pour but de rencontrer toutes les f\u00e9d\u00e9rations afin d\u2019\u00e9couter leurs besoins\u00a0\u00bb\"}]},{\"@type\":\"WebSite\",\"@id\":\"https:\/\/dicodusport.fr\/blog\/#website\",\"url\":\"https:\/\/dicodusport.fr\/blog\/\",\"name\":\"Dicodusport\",\"description\":\"L&#039;encyclop\u00e9die de l&#039;actualit\u00e9 sportive\",\"publisher\":{\"@id\":\"https:\/\/dicodusport.fr\/blog\/#organization\"},\"potentialAction\":[{\"@type\":\"SearchAction\",\"target\":{\"@type\":\"EntryPoint\",\"urlTemplate\":\"https:\/\/dicodusport.fr\/blog\/?s={search_term_string}\"},\"query-input\":{\"@type\":\"PropertyValueSpecification\",\"valueRequired\":true,\"valueName\":\"search_term_string\"}}],\"inLanguage\":\"fr-FR\"},{\"@type\":\"NewsMediaOrganization\",\"@id\":\"https:\/\/dicodusport.fr\/blog\/#organization\",\"name\":\"Dicodusport\",\"url\":\"https:\/\/dicodusport.fr\/blog\/\",\"logo\":{\"@type\":\"ImageObject\",\"inLanguage\":\"fr-FR\",\"@id\":\"https:\/\/dicodusport.fr\/blog\/#\/schema\/logo\/image\/\",\"url\":\"https:\/\/dicodusport.fr\/blog\/wp-content\/uploads\/2020\/06\/cropped-LOGO-DICODUSPORT-2020-SANS-FOND-SANS-TEXTE.png\",\"contentUrl\":\"https:\/\/dicodusport.fr\/blog\/wp-content\/uploads\/2020\/06\/cropped-LOGO-DICODUSPORT-2020-SANS-FOND-SANS-TEXTE.png\",\"width\":512,\"height\":512,\"caption\":\"Dicodusport\"},\"image\":{\"@id\":\"https:\/\/dicodusport.fr\/blog\/#\/schema\/logo\/image\/\"},\"sameAs\":[\"https:\/\/www.facebook.com\/dicodusport\",\"https:\/\/x.com\/dicodusport\",\"https:\/\/www.instagram.com\/dicodusport\/\",\"https:\/\/www.youtube.com\/channel\/UC7V2KZ5sd3htJivAbA4ZG3w\"],\"description\":\"Dicodusport est l'encyclop\u00e9die de l'actualit\u00e9 sportive.\",\"email\":\"bonjour@dicodusport.fr\",\"legalName\":\"DICODUSPORT\",\"foundingDate\":\"2018-01-14\",\"vatID\":\"FR71834470973\",\"taxID\":\"83447097300043\",\"numberOfEmployees\":{\"@type\":\"QuantitativeValue\",\"minValue\":\"1\",\"maxValue\":\"10\"}},{\"@type\":\"Person\",\"@id\":\"https:\/\/dicodusport.fr\/blog\/#\/schema\/person\/37def232098a7a5cbab3974a3690abb0\",\"name\":\"Maxime Cazenave\",\"image\":{\"@type\":\"ImageObject\",\"inLanguage\":\"fr-FR\",\"@id\":\"https:\/\/dicodusport.fr\/blog\/#\/schema\/person\/image\/\",\"url\":\"https:\/\/dicodusport.fr\/blog\/wp-content\/uploads\/2021\/05\/Maxime-Cazenave-150x150.jpg\",\"contentUrl\":\"https:\/\/dicodusport.fr\/blog\/wp-content\/uploads\/2021\/05\/Maxime-Cazenave-150x150.jpg\",\"caption\":\"Maxime Cazenave\"},\"description\":\"Journaliste\/R\u00e9dacteur depuis 2012 - Berc\u00e9 par l\u2019amour des Girondins de Bordeaux, les \u00e9checs de Christophe Moreau sur le Tour de France sous l'\u00e8re Lance Armstrong et le fade-away l\u00e9tal de Dirk Nowitzki, ma passion d\u00e9vorante pour le sport a toujours \u00e9t\u00e9 un pan incontournable de ma vie. Transmettre ma passion \u00e0 l\u2019\u00e9crit a \u00e9t\u00e9 une transition naturelle. Suiveur assidu de basket et de hockey sur glace, je garde toujours un peu de place pour suivre le cyclisme, le football et le maximum de performances fran\u00e7aises.\",\"sameAs\":[\"https:\/\/x.com\/https:\/\/twitter.com\/Maxime_Caze\"],\"url\":\"https:\/\/dicodusport.fr\/blog\/author\/maximec\/\"}]}<\/script>\n<!-- \/ Yoast SEO Premium plugin. -->","yoast_head_json":{"title":"Luc Tardif\u00a0: \u00ab\u00a0J\u2019ai pour but de rencontrer toutes les f\u00e9d\u00e9rations afin d\u2019\u00e9couter leurs besoins\u00a0\u00bb","description":"Candidat \u00e0 l'\u00e9lection pour le poste de pr\u00e9sident de l'IHHF, Luc Tardif est revenu en longueur pour Dicodusport sur sa candidature.","robots":{"index":"index","follow":"follow","max-snippet":"max-snippet:-1","max-image-preview":"max-image-preview:large","max-video-preview":"max-video-preview:-1"},"canonical":"https:\/\/dicodusport.fr\/blog\/luc-tardif-j-ai-pour-but-de-rencontrer-toutes-les-federations-afin-d-ecouter-leurs-besoins\/","og_locale":"fr_FR","og_type":"article","og_title":"Luc Tardif\u00a0: \u00ab\u00a0J\u2019ai pour but de rencontrer toutes les f\u00e9d\u00e9rations afin d\u2019\u00e9couter leurs besoins\u00a0\u00bb","og_description":"Candidat \u00e0 l'\u00e9lection pour le poste de pr\u00e9sident de l'IHHF, Luc Tardif est revenu en longueur pour Dicodusport sur sa candidature.","og_url":"https:\/\/dicodusport.fr\/blog\/luc-tardif-j-ai-pour-but-de-rencontrer-toutes-les-federations-afin-d-ecouter-leurs-besoins\/","og_site_name":"Dicodusport","article_publisher":"https:\/\/www.facebook.com\/dicodusport","article_published_time":"2021-08-02T10:01:12+00:00","og_image":[{"width":800,"height":445,"url":"https:\/\/dicodusport.fr\/blog\/wp-content\/uploads\/2021\/07\/Luc-Tardif-Jai-pour-but-de-rencontrer-toutes-les-federations-afin-decouter-leurs-besoins-.png","type":"image\/png"}],"author":"Maxime Cazenave","twitter_card":"summary_large_image","twitter_title":"Luc Tardif\u00a0: \u00ab\u00a0J\u2019ai pour but de rencontrer toutes les f\u00e9d\u00e9rations afin d\u2019\u00e9couter leurs besoins\u00a0\u00bb","twitter_creator":"@https:\/\/twitter.com\/Maxime_Caze","twitter_site":"@dicodusport","schema":{"@context":"https:\/\/schema.org","@graph":[{"@type":"NewsArticle","@id":"https:\/\/dicodusport.fr\/blog\/luc-tardif-j-ai-pour-but-de-rencontrer-toutes-les-federations-afin-d-ecouter-leurs-besoins\/#article","isPartOf":{"@id":"https:\/\/dicodusport.fr\/blog\/luc-tardif-j-ai-pour-but-de-rencontrer-toutes-les-federations-afin-d-ecouter-leurs-besoins\/"},"author":{"name":"Maxime Cazenave","@id":"https:\/\/dicodusport.fr\/blog\/#\/schema\/person\/37def232098a7a5cbab3974a3690abb0"},"headline":"Luc Tardif\u00a0: \u00ab\u00a0J\u2019ai pour but de rencontrer toutes les f\u00e9d\u00e9rations afin d\u2019\u00e9couter leurs besoins\u00a0\u00bb","datePublished":"2021-08-02T10:01:12+00:00","mainEntityOfPage":{"@id":"https:\/\/dicodusport.fr\/blog\/luc-tardif-j-ai-pour-but-de-rencontrer-toutes-les-federations-afin-d-ecouter-leurs-besoins\/"},"wordCount":2438,"commentCount":0,"publisher":{"@id":"https:\/\/dicodusport.fr\/blog\/#organization"},"image":{"@id":"https:\/\/dicodusport.fr\/blog\/luc-tardif-j-ai-pour-but-de-rencontrer-toutes-les-federations-afin-d-ecouter-leurs-besoins\/#primaryimage"},"thumbnailUrl":"https:\/\/dicodusport.fr\/blog\/wp-content\/uploads\/2021\/07\/Luc-Tardif-Jai-pour-but-de-rencontrer-toutes-les-federations-afin-decouter-leurs-besoins-.png","keywords":["FFHG","hockey","IIHF"],"articleSection":["Hockey sur glace"],"inLanguage":"fr-FR","potentialAction":[{"@type":"CommentAction","name":"Comment","target":["https:\/\/dicodusport.fr\/blog\/luc-tardif-j-ai-pour-but-de-rencontrer-toutes-les-federations-afin-d-ecouter-leurs-besoins\/#respond"]}],"copyrightYear":"2021","copyrightHolder":{"@id":"https:\/\/dicodusport.fr\/blog\/#organization"}},{"@type":"WebPage","@id":"https:\/\/dicodusport.fr\/blog\/luc-tardif-j-ai-pour-but-de-rencontrer-toutes-les-federations-afin-d-ecouter-leurs-besoins\/","url":"https:\/\/dicodusport.fr\/blog\/luc-tardif-j-ai-pour-but-de-rencontrer-toutes-les-federations-afin-d-ecouter-leurs-besoins\/","name":"Luc Tardif\u00a0: \u00ab\u00a0J\u2019ai pour but de rencontrer toutes les f\u00e9d\u00e9rations afin d\u2019\u00e9couter leurs besoins\u00a0\u00bb","isPartOf":{"@id":"https:\/\/dicodusport.fr\/blog\/#website"},"primaryImageOfPage":{"@id":"https:\/\/dicodusport.fr\/blog\/luc-tardif-j-ai-pour-but-de-rencontrer-toutes-les-federations-afin-d-ecouter-leurs-besoins\/#primaryimage"},"image":{"@id":"https:\/\/dicodusport.fr\/blog\/luc-tardif-j-ai-pour-but-de-rencontrer-toutes-les-federations-afin-d-ecouter-leurs-besoins\/#primaryimage"},"thumbnailUrl":"https:\/\/dicodusport.fr\/blog\/wp-content\/uploads\/2021\/07\/Luc-Tardif-Jai-pour-but-de-rencontrer-toutes-les-federations-afin-decouter-leurs-besoins-.png","datePublished":"2021-08-02T10:01:12+00:00","description":"Candidat \u00e0 l'\u00e9lection pour le poste de pr\u00e9sident de l'IHHF, Luc Tardif est revenu en longueur pour Dicodusport sur sa candidature.","breadcrumb":{"@id":"https:\/\/dicodusport.fr\/blog\/luc-tardif-j-ai-pour-but-de-rencontrer-toutes-les-federations-afin-d-ecouter-leurs-besoins\/#breadcrumb"},"inLanguage":"fr-FR","potentialAction":[{"@type":"ReadAction","target":["https:\/\/dicodusport.fr\/blog\/luc-tardif-j-ai-pour-but-de-rencontrer-toutes-les-federations-afin-d-ecouter-leurs-besoins\/"]}]},{"@type":"ImageObject","inLanguage":"fr-FR","@id":"https:\/\/dicodusport.fr\/blog\/luc-tardif-j-ai-pour-but-de-rencontrer-toutes-les-federations-afin-d-ecouter-leurs-besoins\/#primaryimage","url":"https:\/\/dicodusport.fr\/blog\/wp-content\/uploads\/2021\/07\/Luc-Tardif-Jai-pour-but-de-rencontrer-toutes-les-federations-afin-decouter-leurs-besoins-.png","contentUrl":"https:\/\/dicodusport.fr\/blog\/wp-content\/uploads\/2021\/07\/Luc-Tardif-Jai-pour-but-de-rencontrer-toutes-les-federations-afin-decouter-leurs-besoins-.png","width":800,"height":445,"caption":"Luc Tardif\u00a0 \u00ab\u00a0J\u2019ai pour but de rencontrer toutes les f\u00e9d\u00e9rations afin d\u2019\u00e9couter leurs besoins\u00a0\u00bb"},{"@type":"BreadcrumbList","@id":"https:\/\/dicodusport.fr\/blog\/luc-tardif-j-ai-pour-but-de-rencontrer-toutes-les-federations-afin-d-ecouter-leurs-besoins\/#breadcrumb","itemListElement":[{"@type":"ListItem","position":1,"name":"Accueil","item":"https:\/\/dicodusport.fr\/blog\/"},{"@type":"ListItem","position":2,"name":"Luc Tardif\u00a0: \u00ab\u00a0J\u2019ai pour but de rencontrer toutes les f\u00e9d\u00e9rations afin d\u2019\u00e9couter leurs besoins\u00a0\u00bb"}]},{"@type":"WebSite","@id":"https:\/\/dicodusport.fr\/blog\/#website","url":"https:\/\/dicodusport.fr\/blog\/","name":"Dicodusport","description":"L&#039;encyclop\u00e9die de l&#039;actualit\u00e9 sportive","publisher":{"@id":"https:\/\/dicodusport.fr\/blog\/#organization"},"potentialAction":[{"@type":"SearchAction","target":{"@type":"EntryPoint","urlTemplate":"https:\/\/dicodusport.fr\/blog\/?s={search_term_string}"},"query-input":{"@type":"PropertyValueSpecification","valueRequired":true,"valueName":"search_term_string"}}],"inLanguage":"fr-FR"},{"@type":"NewsMediaOrganization","@id":"https:\/\/dicodusport.fr\/blog\/#organization","name":"Dicodusport","url":"https:\/\/dicodusport.fr\/blog\/","logo":{"@type":"ImageObject","inLanguage":"fr-FR","@id":"https:\/\/dicodusport.fr\/blog\/#\/schema\/logo\/image\/","url":"https:\/\/dicodusport.fr\/blog\/wp-content\/uploads\/2020\/06\/cropped-LOGO-DICODUSPORT-2020-SANS-FOND-SANS-TEXTE.png","contentUrl":"https:\/\/dicodusport.fr\/blog\/wp-content\/uploads\/2020\/06\/cropped-LOGO-DICODUSPORT-2020-SANS-FOND-SANS-TEXTE.png","width":512,"height":512,"caption":"Dicodusport"},"image":{"@id":"https:\/\/dicodusport.fr\/blog\/#\/schema\/logo\/image\/"},"sameAs":["https:\/\/www.facebook.com\/dicodusport","https:\/\/x.com\/dicodusport","https:\/\/www.instagram.com\/dicodusport\/","https:\/\/www.youtube.com\/channel\/UC7V2KZ5sd3htJivAbA4ZG3w"],"description":"Dicodusport est l'encyclop\u00e9die de l'actualit\u00e9 sportive.","email":"bonjour@dicodusport.fr","legalName":"DICODUSPORT","foundingDate":"2018-01-14","vatID":"FR71834470973","taxID":"83447097300043","numberOfEmployees":{"@type":"QuantitativeValue","minValue":"1","maxValue":"10"}},{"@type":"Person","@id":"https:\/\/dicodusport.fr\/blog\/#\/schema\/person\/37def232098a7a5cbab3974a3690abb0","name":"Maxime Cazenave","image":{"@type":"ImageObject","inLanguage":"fr-FR","@id":"https:\/\/dicodusport.fr\/blog\/#\/schema\/person\/image\/","url":"https:\/\/dicodusport.fr\/blog\/wp-content\/uploads\/2021\/05\/Maxime-Cazenave-150x150.jpg","contentUrl":"https:\/\/dicodusport.fr\/blog\/wp-content\/uploads\/2021\/05\/Maxime-Cazenave-150x150.jpg","caption":"Maxime Cazenave"},"description":"Journaliste\/R\u00e9dacteur depuis 2012 - Berc\u00e9 par l\u2019amour des Girondins de Bordeaux, les \u00e9checs de Christophe Moreau sur le Tour de France sous l'\u00e8re Lance Armstrong et le fade-away l\u00e9tal de Dirk Nowitzki, ma passion d\u00e9vorante pour le sport a toujours \u00e9t\u00e9 un pan incontournable de ma vie. Transmettre ma passion \u00e0 l\u2019\u00e9crit a \u00e9t\u00e9 une transition naturelle. Suiveur assidu de basket et de hockey sur glace, je garde toujours un peu de place pour suivre le cyclisme, le football et le maximum de performances fran\u00e7aises.","sameAs":["https:\/\/x.com\/https:\/\/twitter.com\/Maxime_Caze"],"url":"https:\/\/dicodusport.fr\/blog\/author\/maximec\/"}]}},"_links":{"self":[{"href":"https:\/\/dicodusport.fr\/blog\/wp-json\/wp\/v2\/posts\/152960","targetHints":{"allow":["GET"]}}],"collection":[{"href":"https:\/\/dicodusport.fr\/blog\/wp-json\/wp\/v2\/posts"}],"about":[{"href":"https:\/\/dicodusport.fr\/blog\/wp-json\/wp\/v2\/types\/post"}],"author":[{"embeddable":true,"href":"https:\/\/dicodusport.fr\/blog\/wp-json\/wp\/v2\/users\/55"}],"replies":[{"embeddable":true,"href":"https:\/\/dicodusport.fr\/blog\/wp-json\/wp\/v2\/comments?post=152960"}],"version-history":[{"count":0,"href":"https:\/\/dicodusport.fr\/blog\/wp-json\/wp\/v2\/posts\/152960\/revisions"}],"wp:featuredmedia":[{"embeddable":true,"href":"https:\/\/dicodusport.fr\/blog\/wp-json\/wp\/v2\/media\/154219"}],"wp:attachment":[{"href":"https:\/\/dicodusport.fr\/blog\/wp-json\/wp\/v2\/media?parent=152960"}],"wp:term":[{"taxonomy":"category","embeddable":true,"href":"https:\/\/dicodusport.fr\/blog\/wp-json\/wp\/v2\/categories?post=152960"},{"taxonomy":"post_tag","embeddable":true,"href":"https:\/\/dicodusport.fr\/blog\/wp-json\/wp\/v2\/tags?post=152960"}],"curies":[{"name":"wp","href":"https:\/\/api.w.org\/{rel}","templated":true}]}}