{"id":153438,"date":"2021-07-31T19:31:13","date_gmt":"2021-07-31T17:31:13","guid":{"rendered":"https:\/\/dicodusport.fr\/blog\/?p=153438&#038;preview=true&#038;preview_id=153438"},"modified":"2021-07-31T21:08:25","modified_gmt":"2021-07-31T19:08:25","slug":"circuit-de-getxo-2021-le-profil-de-la-course","status":"publish","type":"post","link":"https:\/\/dicodusport.fr\/blog\/circuit-de-getxo-2021-le-profil-de-la-course\/","title":{"rendered":"Circuit de Getxo 2021 : le profil de la course"},"content":{"rendered":"<p style=\"text-align: justify;\"><em><strong><a href=\"https:\/\/www.procyclingstats.com\/race\/circuito-de-getxo\/2021\/result\/overview\" target=\"_blank\" rel=\"noopener noreferrer\">CIRCUIT DE GETXO 2021<\/a> &#8211; La 76\u00e8me \u00e9dition du Circuit de Getxo 2021 se d\u00e9roule ce dimanche 1er ao\u00fbt. D\u00e9couvrez le profil de l&rsquo;\u00e9preuve.<\/strong><\/em><\/p>\n<div id=\"attachment_153439\" style=\"width: 1460px\" class=\"wp-caption alignnone\"><img loading=\"lazy\" decoding=\"async\" aria-describedby=\"caption-attachment-153439\" class=\"size-full wp-image-153439\" src=\"https:\/\/dicodusport.fr\/blog\/wp-content\/uploads\/2021\/07\/Profil-Circtuit-de-Gexto.jpeg\" alt=\"\" width=\"1450\" height=\"625\" srcset=\"https:\/\/dicodusport.fr\/blog\/wp-content\/uploads\/2021\/07\/Profil-Circtuit-de-Gexto.jpeg 1450w, https:\/\/dicodusport.fr\/blog\/wp-content\/uploads\/2021\/07\/Profil-Circtuit-de-Gexto-300x129.jpeg 300w, https:\/\/dicodusport.fr\/blog\/wp-content\/uploads\/2021\/07\/Profil-Circtuit-de-Gexto-1024x441.jpeg 1024w, https:\/\/dicodusport.fr\/blog\/wp-content\/uploads\/2021\/07\/Profil-Circtuit-de-Gexto-768x331.jpeg 768w\" sizes=\"auto, (max-width: 1450px) 100vw, 1450px\" \/><p id=\"caption-attachment-153439\" class=\"wp-caption-text\">\u00a9 ProCyclingStats<\/p><\/div>\n<ul>\n<li style=\"text-align: justify;\"><strong>\u00c0 lire aussi &#8211; <a href=\"https:\/\/dicodusport.fr\/blog\/circuit-de-getxo-2021-la-liste-des-engages\/\">Circuit de Getxo 2021 : la liste des engag\u00e9s<\/a><\/strong><\/li>\n<\/ul>\n<p>&nbsp;<\/p>\n","protected":false},"excerpt":{"rendered":"<p>CIRCUIT DE GETXO 2021 &#8211; La 76\u00e8me \u00e9dition du Circuit de Getxo 2021 se d\u00e9roule ce dimanche 1er ao\u00fbt. D\u00e9couvrez le profil de l&rsquo;\u00e9preuve.<\/p>\n","protected":false},"author":1,"featured_media":153441,"comment_status":"open","ping_status":"closed","sticky":false,"template":"","format":"standard","meta":{"_acf_changed":false,"_daextam_enable_autolinks":"","footnotes":""},"categories":[2307],"tags":[11219],"class_list":["post-153438","post","type-post","status-publish","format-standard","has-post-thumbnail","hentry","category-cyclisme","tag-circuit-de-getxo"],"acf":[],"yoast_head":"<!-- This site is optimized with the Yoast SEO Premium plugin v26.7 (Yoast SEO v26.7) - https:\/\/yoast.com\/wordpress\/plugins\/seo\/ -->\n<title>Circuit de Getxo 2021 : le profil de la course<\/title>\n<meta name=\"description\" content=\"CIRCUIT DE GETXO 2021 - La 76\u00e8me \u00e9dition du Circuit de Getxo 2021 se d\u00e9roule ce dimanche 1er ao\u00fbt. D\u00e9couvrez le profil de l&#039;\u00e9preuve.\" \/>\n<meta name=\"robots\" content=\"index, follow, max-snippet:-1, max-image-preview:large, max-video-preview:-1\" \/>\n<link rel=\"canonical\" href=\"https:\/\/dicodusport.fr\/blog\/circuit-de-getxo-2021-le-profil-de-la-course\/\" \/>\n<meta property=\"og:locale\" content=\"fr_FR\" \/>\n<meta property=\"og:type\" content=\"article\" \/>\n<meta property=\"og:title\" content=\"Mont Ventoux D\u00e9nivel\u00e9 Challenge 2020 : le profil de la course\" \/>\n<meta property=\"og:description\" content=\"CIRCUIT DE GETXO 2021 - La 76\u00e8me \u00e9dition du Circuit de Getxo 2021 se d\u00e9roule ce dimanche 1er ao\u00fbt. D\u00e9couvrez le profil de l&#039;\u00e9preuve.\" \/>\n<meta property=\"og:url\" content=\"https:\/\/dicodusport.fr\/blog\/circuit-de-getxo-2021-le-profil-de-la-course\/\" \/>\n<meta property=\"og:site_name\" content=\"Dicodusport\" \/>\n<meta property=\"article:publisher\" content=\"https:\/\/www.facebook.com\/dicodusport\" \/>\n<meta property=\"article:author\" content=\"https:\/\/www.facebook.com\/dicodusport\" \/>\n<meta property=\"article:published_time\" content=\"2021-07-31T17:31:13+00:00\" \/>\n<meta property=\"article:modified_time\" content=\"2021-07-31T19:08:25+00:00\" \/>\n<meta property=\"og:image\" content=\"https:\/\/dicodusport.fr\/blog\/wp-content\/uploads\/2021\/07\/Circuit-de-Getxo-2021-le-profil-de-la-course.png\" \/>\n\t<meta property=\"og:image:width\" content=\"800\" \/>\n\t<meta property=\"og:image:height\" content=\"445\" \/>\n\t<meta property=\"og:image:type\" content=\"image\/png\" \/>\n<meta name=\"author\" content=\"Nicolas Jacquemard\" \/>\n<meta name=\"twitter:card\" content=\"summary_large_image\" \/>\n<meta name=\"twitter:title\" content=\"Mont Ventoux D\u00e9nivel\u00e9 Challenge 2020 : le profil de la course\" \/>\n<meta name=\"twitter:creator\" content=\"@https:\/\/twitter.com\/Nico_Jacquemard\" \/>\n<meta name=\"twitter:site\" content=\"@dicodusport\" \/>\n<script type=\"application\/ld+json\" class=\"yoast-schema-graph\">{\"@context\":\"https:\/\/schema.org\",\"@graph\":[{\"@type\":\"NewsArticle\",\"@id\":\"https:\/\/dicodusport.fr\/blog\/circuit-de-getxo-2021-le-profil-de-la-course\/#article\",\"isPartOf\":{\"@id\":\"https:\/\/dicodusport.fr\/blog\/circuit-de-getxo-2021-le-profil-de-la-course\/\"},\"author\":{\"name\":\"Nicolas Jacquemard\",\"@id\":\"https:\/\/dicodusport.fr\/blog\/#\/schema\/person\/55dcb50ad410894e431ed812bbb70191\"},\"headline\":\"Circuit de Getxo 2021 : le profil de la course\",\"datePublished\":\"2021-07-31T17:31:13+00:00\",\"dateModified\":\"2021-07-31T19:08:25+00:00\",\"mainEntityOfPage\":{\"@id\":\"https:\/\/dicodusport.fr\/blog\/circuit-de-getxo-2021-le-profil-de-la-course\/\"},\"wordCount\":54,\"commentCount\":0,\"publisher\":{\"@id\":\"https:\/\/dicodusport.fr\/blog\/#organization\"},\"image\":{\"@id\":\"https:\/\/dicodusport.fr\/blog\/circuit-de-getxo-2021-le-profil-de-la-course\/#primaryimage\"},\"thumbnailUrl\":\"https:\/\/dicodusport.fr\/blog\/wp-content\/uploads\/2021\/07\/Circuit-de-Getxo-2021-le-profil-de-la-course.png\",\"keywords\":[\"Circuit de Getxo\"],\"articleSection\":[\"Cyclisme\"],\"inLanguage\":\"fr-FR\",\"potentialAction\":[{\"@type\":\"CommentAction\",\"name\":\"Comment\",\"target\":[\"https:\/\/dicodusport.fr\/blog\/circuit-de-getxo-2021-le-profil-de-la-course\/#respond\"]}],\"copyrightYear\":\"2021\",\"copyrightHolder\":{\"@id\":\"https:\/\/dicodusport.fr\/blog\/#organization\"}},{\"@type\":\"WebPage\",\"@id\":\"https:\/\/dicodusport.fr\/blog\/circuit-de-getxo-2021-le-profil-de-la-course\/\",\"url\":\"https:\/\/dicodusport.fr\/blog\/circuit-de-getxo-2021-le-profil-de-la-course\/\",\"name\":\"Circuit de Getxo 2021 : le profil de la course\",\"isPartOf\":{\"@id\":\"https:\/\/dicodusport.fr\/blog\/#website\"},\"primaryImageOfPage\":{\"@id\":\"https:\/\/dicodusport.fr\/blog\/circuit-de-getxo-2021-le-profil-de-la-course\/#primaryimage\"},\"image\":{\"@id\":\"https:\/\/dicodusport.fr\/blog\/circuit-de-getxo-2021-le-profil-de-la-course\/#primaryimage\"},\"thumbnailUrl\":\"https:\/\/dicodusport.fr\/blog\/wp-content\/uploads\/2021\/07\/Circuit-de-Getxo-2021-le-profil-de-la-course.png\",\"datePublished\":\"2021-07-31T17:31:13+00:00\",\"dateModified\":\"2021-07-31T19:08:25+00:00\",\"description\":\"CIRCUIT DE GETXO 2021 - La 76\u00e8me \u00e9dition du Circuit de Getxo 2021 se d\u00e9roule ce dimanche 1er ao\u00fbt. D\u00e9couvrez le profil de l'\u00e9preuve.\",\"breadcrumb\":{\"@id\":\"https:\/\/dicodusport.fr\/blog\/circuit-de-getxo-2021-le-profil-de-la-course\/#breadcrumb\"},\"inLanguage\":\"fr-FR\",\"potentialAction\":[{\"@type\":\"ReadAction\",\"target\":[\"https:\/\/dicodusport.fr\/blog\/circuit-de-getxo-2021-le-profil-de-la-course\/\"]}]},{\"@type\":\"ImageObject\",\"inLanguage\":\"fr-FR\",\"@id\":\"https:\/\/dicodusport.fr\/blog\/circuit-de-getxo-2021-le-profil-de-la-course\/#primaryimage\",\"url\":\"https:\/\/dicodusport.fr\/blog\/wp-content\/uploads\/2021\/07\/Circuit-de-Getxo-2021-le-profil-de-la-course.png\",\"contentUrl\":\"https:\/\/dicodusport.fr\/blog\/wp-content\/uploads\/2021\/07\/Circuit-de-Getxo-2021-le-profil-de-la-course.png\",\"width\":800,\"height\":445},{\"@type\":\"BreadcrumbList\",\"@id\":\"https:\/\/dicodusport.fr\/blog\/circuit-de-getxo-2021-le-profil-de-la-course\/#breadcrumb\",\"itemListElement\":[{\"@type\":\"ListItem\",\"position\":1,\"name\":\"Accueil\",\"item\":\"https:\/\/dicodusport.fr\/blog\/\"},{\"@type\":\"ListItem\",\"position\":2,\"name\":\"Circuit de Getxo 2021 : le profil de la course\"}]},{\"@type\":\"WebSite\",\"@id\":\"https:\/\/dicodusport.fr\/blog\/#website\",\"url\":\"https:\/\/dicodusport.fr\/blog\/\",\"name\":\"Dicodusport\",\"description\":\"L&#039;encyclop\u00e9die de l&#039;actualit\u00e9 sportive\",\"publisher\":{\"@id\":\"https:\/\/dicodusport.fr\/blog\/#organization\"},\"potentialAction\":[{\"@type\":\"SearchAction\",\"target\":{\"@type\":\"EntryPoint\",\"urlTemplate\":\"https:\/\/dicodusport.fr\/blog\/?s={search_term_string}\"},\"query-input\":{\"@type\":\"PropertyValueSpecification\",\"valueRequired\":true,\"valueName\":\"search_term_string\"}}],\"inLanguage\":\"fr-FR\"},{\"@type\":\"NewsMediaOrganization\",\"@id\":\"https:\/\/dicodusport.fr\/blog\/#organization\",\"name\":\"Dicodusport\",\"url\":\"https:\/\/dicodusport.fr\/blog\/\",\"logo\":{\"@type\":\"ImageObject\",\"inLanguage\":\"fr-FR\",\"@id\":\"https:\/\/dicodusport.fr\/blog\/#\/schema\/logo\/image\/\",\"url\":\"https:\/\/dicodusport.fr\/blog\/wp-content\/uploads\/2020\/06\/cropped-LOGO-DICODUSPORT-2020-SANS-FOND-SANS-TEXTE.png\",\"contentUrl\":\"https:\/\/dicodusport.fr\/blog\/wp-content\/uploads\/2020\/06\/cropped-LOGO-DICODUSPORT-2020-SANS-FOND-SANS-TEXTE.png\",\"width\":512,\"height\":512,\"caption\":\"Dicodusport\"},\"image\":{\"@id\":\"https:\/\/dicodusport.fr\/blog\/#\/schema\/logo\/image\/\"},\"sameAs\":[\"https:\/\/www.facebook.com\/dicodusport\",\"https:\/\/x.com\/dicodusport\",\"https:\/\/www.instagram.com\/dicodusport\/\",\"https:\/\/www.youtube.com\/channel\/UC7V2KZ5sd3htJivAbA4ZG3w\"],\"description\":\"Dicodusport est l'encyclop\u00e9die de l'actualit\u00e9 sportive.\",\"email\":\"bonjour@dicodusport.fr\",\"legalName\":\"DICODUSPORT\",\"foundingDate\":\"2018-01-14\",\"vatID\":\"FR71834470973\",\"taxID\":\"83447097300043\",\"numberOfEmployees\":{\"@type\":\"QuantitativeValue\",\"minValue\":\"1\",\"maxValue\":\"10\"}},{\"@type\":\"Person\",\"@id\":\"https:\/\/dicodusport.fr\/blog\/#\/schema\/person\/55dcb50ad410894e431ed812bbb70191\",\"name\":\"Nicolas Jacquemard\",\"image\":{\"@type\":\"ImageObject\",\"inLanguage\":\"fr-FR\",\"@id\":\"https:\/\/dicodusport.fr\/blog\/#\/schema\/person\/image\/\",\"url\":\"https:\/\/dicodusport.fr\/blog\/wp-content\/uploads\/2021\/05\/Nicolas-Jacquemard-150x150.jpeg\",\"contentUrl\":\"https:\/\/dicodusport.fr\/blog\/wp-content\/uploads\/2021\/05\/Nicolas-Jacquemard-150x150.jpeg\",\"caption\":\"Nicolas Jacquemard\"},\"description\":\"Passionn\u00e9 de sport et entrepreneur depuis mes 18 ans, la cr\u00e9ation de Dicodusport m'a sembl\u00e9 \u00e9vidente pour participer \u00e0 la m\u00e9diatisation d'un plus grand nombre de sports. Le chemin est long mais avec une \u00e9quipe des plus motiv\u00e9es et les Jeux Olympiques de Paris 2024 en point de mire, nous y arriverons ! Journaliste dans le monde du sport depuis plus de 5 ans, je traite aussi bien de football, de rugby, de biathlon que de cyclisme.\",\"sameAs\":[\"https:\/\/www.facebook.com\/dicodusport\",\"https:\/\/x.com\/https:\/\/twitter.com\/Nico_Jacquemard\"],\"url\":\"https:\/\/dicodusport.fr\/blog\/author\/dicodusport\/\"}]}<\/script>\n<!-- \/ Yoast SEO Premium plugin. -->","yoast_head_json":{"title":"Circuit de Getxo 2021 : le profil de la course","description":"CIRCUIT DE GETXO 2021 - La 76\u00e8me \u00e9dition du Circuit de Getxo 2021 se d\u00e9roule ce dimanche 1er ao\u00fbt. D\u00e9couvrez le profil de l'\u00e9preuve.","robots":{"index":"index","follow":"follow","max-snippet":"max-snippet:-1","max-image-preview":"max-image-preview:large","max-video-preview":"max-video-preview:-1"},"canonical":"https:\/\/dicodusport.fr\/blog\/circuit-de-getxo-2021-le-profil-de-la-course\/","og_locale":"fr_FR","og_type":"article","og_title":"Mont Ventoux D\u00e9nivel\u00e9 Challenge 2020 : le profil de la course","og_description":"CIRCUIT DE GETXO 2021 - La 76\u00e8me \u00e9dition du Circuit de Getxo 2021 se d\u00e9roule ce dimanche 1er ao\u00fbt. D\u00e9couvrez le profil de l'\u00e9preuve.","og_url":"https:\/\/dicodusport.fr\/blog\/circuit-de-getxo-2021-le-profil-de-la-course\/","og_site_name":"Dicodusport","article_publisher":"https:\/\/www.facebook.com\/dicodusport","article_author":"https:\/\/www.facebook.com\/dicodusport","article_published_time":"2021-07-31T17:31:13+00:00","article_modified_time":"2021-07-31T19:08:25+00:00","og_image":[{"width":800,"height":445,"url":"https:\/\/dicodusport.fr\/blog\/wp-content\/uploads\/2021\/07\/Circuit-de-Getxo-2021-le-profil-de-la-course.png","type":"image\/png"}],"author":"Nicolas Jacquemard","twitter_card":"summary_large_image","twitter_title":"Mont Ventoux D\u00e9nivel\u00e9 Challenge 2020 : le profil de la course","twitter_creator":"@https:\/\/twitter.com\/Nico_Jacquemard","twitter_site":"@dicodusport","schema":{"@context":"https:\/\/schema.org","@graph":[{"@type":"NewsArticle","@id":"https:\/\/dicodusport.fr\/blog\/circuit-de-getxo-2021-le-profil-de-la-course\/#article","isPartOf":{"@id":"https:\/\/dicodusport.fr\/blog\/circuit-de-getxo-2021-le-profil-de-la-course\/"},"author":{"name":"Nicolas Jacquemard","@id":"https:\/\/dicodusport.fr\/blog\/#\/schema\/person\/55dcb50ad410894e431ed812bbb70191"},"headline":"Circuit de Getxo 2021 : le profil de la course","datePublished":"2021-07-31T17:31:13+00:00","dateModified":"2021-07-31T19:08:25+00:00","mainEntityOfPage":{"@id":"https:\/\/dicodusport.fr\/blog\/circuit-de-getxo-2021-le-profil-de-la-course\/"},"wordCount":54,"commentCount":0,"publisher":{"@id":"https:\/\/dicodusport.fr\/blog\/#organization"},"image":{"@id":"https:\/\/dicodusport.fr\/blog\/circuit-de-getxo-2021-le-profil-de-la-course\/#primaryimage"},"thumbnailUrl":"https:\/\/dicodusport.fr\/blog\/wp-content\/uploads\/2021\/07\/Circuit-de-Getxo-2021-le-profil-de-la-course.png","keywords":["Circuit de Getxo"],"articleSection":["Cyclisme"],"inLanguage":"fr-FR","potentialAction":[{"@type":"CommentAction","name":"Comment","target":["https:\/\/dicodusport.fr\/blog\/circuit-de-getxo-2021-le-profil-de-la-course\/#respond"]}],"copyrightYear":"2021","copyrightHolder":{"@id":"https:\/\/dicodusport.fr\/blog\/#organization"}},{"@type":"WebPage","@id":"https:\/\/dicodusport.fr\/blog\/circuit-de-getxo-2021-le-profil-de-la-course\/","url":"https:\/\/dicodusport.fr\/blog\/circuit-de-getxo-2021-le-profil-de-la-course\/","name":"Circuit de Getxo 2021 : le profil de la course","isPartOf":{"@id":"https:\/\/dicodusport.fr\/blog\/#website"},"primaryImageOfPage":{"@id":"https:\/\/dicodusport.fr\/blog\/circuit-de-getxo-2021-le-profil-de-la-course\/#primaryimage"},"image":{"@id":"https:\/\/dicodusport.fr\/blog\/circuit-de-getxo-2021-le-profil-de-la-course\/#primaryimage"},"thumbnailUrl":"https:\/\/dicodusport.fr\/blog\/wp-content\/uploads\/2021\/07\/Circuit-de-Getxo-2021-le-profil-de-la-course.png","datePublished":"2021-07-31T17:31:13+00:00","dateModified":"2021-07-31T19:08:25+00:00","description":"CIRCUIT DE GETXO 2021 - La 76\u00e8me \u00e9dition du Circuit de Getxo 2021 se d\u00e9roule ce dimanche 1er ao\u00fbt. D\u00e9couvrez le profil de l'\u00e9preuve.","breadcrumb":{"@id":"https:\/\/dicodusport.fr\/blog\/circuit-de-getxo-2021-le-profil-de-la-course\/#breadcrumb"},"inLanguage":"fr-FR","potentialAction":[{"@type":"ReadAction","target":["https:\/\/dicodusport.fr\/blog\/circuit-de-getxo-2021-le-profil-de-la-course\/"]}]},{"@type":"ImageObject","inLanguage":"fr-FR","@id":"https:\/\/dicodusport.fr\/blog\/circuit-de-getxo-2021-le-profil-de-la-course\/#primaryimage","url":"https:\/\/dicodusport.fr\/blog\/wp-content\/uploads\/2021\/07\/Circuit-de-Getxo-2021-le-profil-de-la-course.png","contentUrl":"https:\/\/dicodusport.fr\/blog\/wp-content\/uploads\/2021\/07\/Circuit-de-Getxo-2021-le-profil-de-la-course.png","width":800,"height":445},{"@type":"BreadcrumbList","@id":"https:\/\/dicodusport.fr\/blog\/circuit-de-getxo-2021-le-profil-de-la-course\/#breadcrumb","itemListElement":[{"@type":"ListItem","position":1,"name":"Accueil","item":"https:\/\/dicodusport.fr\/blog\/"},{"@type":"ListItem","position":2,"name":"Circuit de Getxo 2021 : le profil de la course"}]},{"@type":"WebSite","@id":"https:\/\/dicodusport.fr\/blog\/#website","url":"https:\/\/dicodusport.fr\/blog\/","name":"Dicodusport","description":"L&#039;encyclop\u00e9die de l&#039;actualit\u00e9 sportive","publisher":{"@id":"https:\/\/dicodusport.fr\/blog\/#organization"},"potentialAction":[{"@type":"SearchAction","target":{"@type":"EntryPoint","urlTemplate":"https:\/\/dicodusport.fr\/blog\/?s={search_term_string}"},"query-input":{"@type":"PropertyValueSpecification","valueRequired":true,"valueName":"search_term_string"}}],"inLanguage":"fr-FR"},{"@type":"NewsMediaOrganization","@id":"https:\/\/dicodusport.fr\/blog\/#organization","name":"Dicodusport","url":"https:\/\/dicodusport.fr\/blog\/","logo":{"@type":"ImageObject","inLanguage":"fr-FR","@id":"https:\/\/dicodusport.fr\/blog\/#\/schema\/logo\/image\/","url":"https:\/\/dicodusport.fr\/blog\/wp-content\/uploads\/2020\/06\/cropped-LOGO-DICODUSPORT-2020-SANS-FOND-SANS-TEXTE.png","contentUrl":"https:\/\/dicodusport.fr\/blog\/wp-content\/uploads\/2020\/06\/cropped-LOGO-DICODUSPORT-2020-SANS-FOND-SANS-TEXTE.png","width":512,"height":512,"caption":"Dicodusport"},"image":{"@id":"https:\/\/dicodusport.fr\/blog\/#\/schema\/logo\/image\/"},"sameAs":["https:\/\/www.facebook.com\/dicodusport","https:\/\/x.com\/dicodusport","https:\/\/www.instagram.com\/dicodusport\/","https:\/\/www.youtube.com\/channel\/UC7V2KZ5sd3htJivAbA4ZG3w"],"description":"Dicodusport est l'encyclop\u00e9die de l'actualit\u00e9 sportive.","email":"bonjour@dicodusport.fr","legalName":"DICODUSPORT","foundingDate":"2018-01-14","vatID":"FR71834470973","taxID":"83447097300043","numberOfEmployees":{"@type":"QuantitativeValue","minValue":"1","maxValue":"10"}},{"@type":"Person","@id":"https:\/\/dicodusport.fr\/blog\/#\/schema\/person\/55dcb50ad410894e431ed812bbb70191","name":"Nicolas Jacquemard","image":{"@type":"ImageObject","inLanguage":"fr-FR","@id":"https:\/\/dicodusport.fr\/blog\/#\/schema\/person\/image\/","url":"https:\/\/dicodusport.fr\/blog\/wp-content\/uploads\/2021\/05\/Nicolas-Jacquemard-150x150.jpeg","contentUrl":"https:\/\/dicodusport.fr\/blog\/wp-content\/uploads\/2021\/05\/Nicolas-Jacquemard-150x150.jpeg","caption":"Nicolas Jacquemard"},"description":"Passionn\u00e9 de sport et entrepreneur depuis mes 18 ans, la cr\u00e9ation de Dicodusport m'a sembl\u00e9 \u00e9vidente pour participer \u00e0 la m\u00e9diatisation d'un plus grand nombre de sports. Le chemin est long mais avec une \u00e9quipe des plus motiv\u00e9es et les Jeux Olympiques de Paris 2024 en point de mire, nous y arriverons ! Journaliste dans le monde du sport depuis plus de 5 ans, je traite aussi bien de football, de rugby, de biathlon que de cyclisme.","sameAs":["https:\/\/www.facebook.com\/dicodusport","https:\/\/x.com\/https:\/\/twitter.com\/Nico_Jacquemard"],"url":"https:\/\/dicodusport.fr\/blog\/author\/dicodusport\/"}]}},"_links":{"self":[{"href":"https:\/\/dicodusport.fr\/blog\/wp-json\/wp\/v2\/posts\/153438","targetHints":{"allow":["GET"]}}],"collection":[{"href":"https:\/\/dicodusport.fr\/blog\/wp-json\/wp\/v2\/posts"}],"about":[{"href":"https:\/\/dicodusport.fr\/blog\/wp-json\/wp\/v2\/types\/post"}],"author":[{"embeddable":true,"href":"https:\/\/dicodusport.fr\/blog\/wp-json\/wp\/v2\/users\/1"}],"replies":[{"embeddable":true,"href":"https:\/\/dicodusport.fr\/blog\/wp-json\/wp\/v2\/comments?post=153438"}],"version-history":[{"count":0,"href":"https:\/\/dicodusport.fr\/blog\/wp-json\/wp\/v2\/posts\/153438\/revisions"}],"wp:featuredmedia":[{"embeddable":true,"href":"https:\/\/dicodusport.fr\/blog\/wp-json\/wp\/v2\/media\/153441"}],"wp:attachment":[{"href":"https:\/\/dicodusport.fr\/blog\/wp-json\/wp\/v2\/media?parent=153438"}],"wp:term":[{"taxonomy":"category","embeddable":true,"href":"https:\/\/dicodusport.fr\/blog\/wp-json\/wp\/v2\/categories?post=153438"},{"taxonomy":"post_tag","embeddable":true,"href":"https:\/\/dicodusport.fr\/blog\/wp-json\/wp\/v2\/tags?post=153438"}],"curies":[{"name":"wp","href":"https:\/\/api.w.org\/{rel}","templated":true}]}}