{"id":15352,"date":"2018-04-03T10:00:57","date_gmt":"2018-04-03T08:00:57","guid":{"rendered":"http:\/\/dicodusport.fr\/blog\/?p=15352"},"modified":"2018-04-03T10:22:23","modified_gmt":"2018-04-03T08:22:23","slug":"coupe-davis-presentation-des-joueurs-italiens","status":"publish","type":"post","link":"https:\/\/dicodusport.fr\/blog\/coupe-davis-presentation-des-joueurs-italiens\/","title":{"rendered":"Coupe Davis : pr\u00e9sentation des joueurs italiens"},"content":{"rendered":"<p style=\"text-align: justify;\"><strong><em>A trois jours du quart de finale de Coupe Davis entre l&rsquo;Italie et la France, pr\u00e9sentation des joueurs italiens qui affronteront les <a href=\"http:\/\/dicodusport.fr\/blog\/coupe-davis-la-liste-logique-de-yannick-noah\/\" target=\"_blank\" rel=\"noopener\">Fran\u00e7ais<\/a>.<\/em><\/strong><\/p>\n<p>&nbsp;<\/p>\n<div id=\"attachment_15380\" style=\"width: 670px\" class=\"wp-caption aligncenter\"><img loading=\"lazy\" decoding=\"async\" aria-describedby=\"caption-attachment-15380\" class=\"size-large wp-image-15380\" src=\"http:\/\/dicodusport.fr\/blog\/wp-content\/uploads\/2018\/03\/Fabio-Fognini-1024x683.jpg\" alt=\"\" width=\"660\" height=\"440\" srcset=\"https:\/\/dicodusport.fr\/blog\/wp-content\/uploads\/2018\/03\/Fabio-Fognini-1024x683.jpg 1024w, https:\/\/dicodusport.fr\/blog\/wp-content\/uploads\/2018\/03\/Fabio-Fognini-300x200.jpg 300w, https:\/\/dicodusport.fr\/blog\/wp-content\/uploads\/2018\/03\/Fabio-Fognini-768x512.jpg 768w, https:\/\/dicodusport.fr\/blog\/wp-content\/uploads\/2018\/03\/Fabio-Fognini.jpg 1200w\" sizes=\"auto, (max-width: 660px) 100vw, 660px\" \/><p id=\"caption-attachment-15380\" class=\"wp-caption-text\">\u00a9 Takeo Tanuma<\/p><\/div>\n<p style=\"text-align: justify;\">Fer de lance de l&rsquo;\u00e9quipe italienne, <strong>Fabio Fognini<\/strong> (ATP 20) sera bien s\u00fbr l&rsquo;adversaire le plus dangereux pour les Fran\u00e7ais. Il a particip\u00e9 \u00e0 au moins une rencontre de Coupe Davis les onze derni\u00e8res ann\u00e9es. Avec un bilan de 27 victoires pour 38 matchs (71%), simples et doubles confondus, Fognini a prouv\u00e9 qu&rsquo;il est un joueur de Coupe Davis. Et chez lui avec le soutien de la majorit\u00e9 des supporters, il est capable de se transcender. S&rsquo;il a eu des matchs accroch\u00e9s face aux Japonais Daniel et Sugita lors du premier tour, il est sorti vainqueur \u00e0 chaque fois. Tout comme en double.<br \/>\nCapable du meilleur comme du pire, cette saison, il a \u00e9t\u00e9 battu en huiti\u00e8mes de finale de l&rsquo;Open d&rsquo;Australie par Berdych, atteint les demi-finales du tournoi de Rio (Verdasco) et remport\u00e9 l&rsquo;Open du Br\u00e9sil. Pour le pire, en dehors de ses <a href=\"https:\/\/twitter.com\/PriseMarteau\/status\/972891782873845761\" target=\"_blank\" rel=\"noopener\">coups de sang habituels<\/a>, il s&rsquo;est r\u00e9cemment inclin\u00e9 face \u00e0 J\u00e9r\u00e9my Chardy d\u00e8s son entr\u00e9e au deuxi\u00e8me tour d&rsquo;Indian Wells. A Miami, il n&rsquo;a rien pu faire face \u00e0 Nick Kyrgios au troisi\u00e8me tour.<\/p>\n<p style=\"text-align: justify;\"><strong>Statistiques face aux joueurs fran\u00e7ais<\/strong><\/p>\n<table style=\"width: 100%;\">\n<tbody>\n<tr>\n<td style=\"text-align: center;\">Adversaire<\/td>\n<td style=\"text-align: center;\">R\u00e9sultats<\/td>\n<td style=\"text-align: center;\">Dernier match<\/td>\n<\/tr>\n<tr>\n<td style=\"text-align: center;\"><strong>Lucas Pouille<\/strong><\/td>\n<td style=\"text-align: center;\"><strong><span style=\"color: #339966;\">2 victoires<\/span><\/strong>,<br \/>\n<strong><span style=\"color: #ff0000;\">1 d\u00e9faite<\/span><\/strong><\/td>\n<td style=\"text-align: center;\">2017 : Shangha\u00ef (dur), 3e tour, victoire de <strong>Fognini<\/strong><\/td>\n<\/tr>\n<tr>\n<td style=\"text-align: center;\"><strong>J\u00e9r\u00e9my Chardy<\/strong><\/td>\n<td style=\"text-align: center;\"><strong><span style=\"color: #339966;\">3 victoires<\/span><\/strong>,<strong><br \/>\n<span style=\"color: #ff0000;\">1 d\u00e9faite<\/span><\/strong><\/td>\n<td style=\"text-align: center;\">2018 : Indian Wells (dur), 2e tour, victoire de <strong>Chardy<\/strong><\/td>\n<\/tr>\n<tr>\n<td style=\"text-align: center;\"><strong>Adrian Mannarino<\/strong><\/td>\n<td style=\"text-align: center;\"><strong><span style=\"color: #339966;\">2 victoires<\/span><\/strong>,<br \/>\n<span style=\"color: #ff0000;\"><strong>2 d\u00e9faites<\/strong><\/span><\/td>\n<td style=\"text-align: center;\">2018 : Sydney (dur), quarts de finale, victoire de <strong>Fognini<\/strong><\/td>\n<\/tr>\n<\/tbody>\n<\/table>\n<p>&nbsp;<\/p>\n<p style=\"text-align: justify;\"><img loading=\"lazy\" decoding=\"async\" class=\"aligncenter size-full wp-image-15379\" src=\"http:\/\/dicodusport.fr\/blog\/wp-content\/uploads\/2018\/03\/Paolo-Lorenzi.jpg\" alt=\"\" width=\"630\" height=\"415\" srcset=\"https:\/\/dicodusport.fr\/blog\/wp-content\/uploads\/2018\/03\/Paolo-Lorenzi.jpg 630w, https:\/\/dicodusport.fr\/blog\/wp-content\/uploads\/2018\/03\/Paolo-Lorenzi-300x198.jpg 300w\" sizes=\"auto, (max-width: 630px) 100vw, 630px\" \/><br \/>\n<strong>Paolo Lorenzi<\/strong> (ATP 57) a peu jou\u00e9 cette ann\u00e9e : 6 simples et 1 double. Il a gagn\u00e9 deux matchs \u00e0 Sydney en d\u00e9but d&rsquo;ann\u00e9e et n&rsquo;avait plus jou\u00e9 depuis la mi-f\u00e9vrier. La faute \u00e0 un probl\u00e8me au pied gauche. Il a d\u00fb d\u00e9clarer forfait \u00e0 Duba\u00ef, Indian Wells et Miami. Il \u00e9tait engag\u00e9 la semaine derni\u00e8re au Challenger San Luis Potosi au Mexique sur terre battue mais s&rsquo;est inclin\u00e9 d\u00e8s le premier tour face \u00e0 l&rsquo;Am\u00e9ricain Austin Krajicek 7-6[2] 1-6 3-6.<br \/>\nIl n&rsquo;a pas particip\u00e9 au premier tour face au Japon. Ses derniers matchs sont les deux simples disput\u00e9s l&rsquo;ann\u00e9e derni\u00e8re en quart de finale face \u00e0 la Belgique. Il s&rsquo;\u00e9tait inclin\u00e9 face \u00e0 Darcis et Goffin. 56% de victoires en simple dans la comp\u00e9tition, 1 d\u00e9faite en double, selon sa forme \u00e0 l&rsquo;entra\u00eenement, il apparait comme un troisi\u00e8me choix en simple.<\/p>\n<p style=\"text-align: justify;\"><strong>Statistiques face aux joueurs fran\u00e7ais<\/strong><\/p>\n<table style=\"width: 100%;\">\n<tbody>\n<tr>\n<td style=\"text-align: center;\">Adversaire<\/td>\n<td style=\"text-align: center;\">\u00a0R\u00e9sultats<\/td>\n<td style=\"text-align: center;\">Dernier match<\/td>\n<\/tr>\n<tr>\n<td style=\"text-align: center;\"><strong>\u00a0Lucas Pouille<\/strong><\/td>\n<td style=\"text-align: center;\"><span style=\"color: #ff0000;\"><strong>\u00a03 d\u00e9faites<\/strong><\/span><\/td>\n<td style=\"text-align: center;\">2017 :\u00a0Budapest (terre battue), demi-finale, victoire de <strong>Pouille<\/strong><\/td>\n<\/tr>\n<tr>\n<td style=\"text-align: center;\"><strong>\u00a0J\u00e9r\u00e9my Chardy<\/strong><\/td>\n<td style=\"text-align: center;\"><span style=\"color: #ff0000;\"><strong>\u00a02 d\u00e9faites<\/strong><\/span><\/td>\n<td style=\"text-align: center;\">2013 :\u00a0Barcelone (terre battue), 3e tour victoire de <strong>Chardy<\/strong><\/td>\n<\/tr>\n<tr>\n<td style=\"text-align: center;\"><strong>\u00a0Adrian Mannarino<\/strong><\/td>\n<td style=\"text-align: center;\"><span style=\"color: #ff0000;\"><strong>\u00a02 d\u00e9faites<\/strong><\/span><\/td>\n<td style=\"text-align: center;\">2017 :\u00a0Miami (dur), 2e tour, victoire de <strong>Mannarino<\/strong><\/td>\n<\/tr>\n<tr>\n<td style=\"text-align: center;\"><strong>\u00a0Nicolas Mahut<\/strong><\/td>\n<td style=\"text-align: center;\"><strong><span style=\"color: #339966;\">\u00a01 victoire<\/span>,<br \/>\n<span style=\"color: #ff0000;\">2 d\u00e9faites<\/span><\/strong><\/td>\n<td style=\"text-align: center;\">\u00a02016 : B\u00e2le (indoor), 3e tour, victoire de <strong>Lorenzi<\/strong><\/td>\n<\/tr>\n<\/tbody>\n<\/table>\n<p>&nbsp;<\/p>\n<div id=\"attachment_15382\" style=\"width: 670px\" class=\"wp-caption aligncenter\"><img loading=\"lazy\" decoding=\"async\" aria-describedby=\"caption-attachment-15382\" class=\"size-large wp-image-15382\" src=\"http:\/\/dicodusport.fr\/blog\/wp-content\/uploads\/2018\/03\/Andreas-Seppi-1024x576.jpg\" alt=\"\" width=\"660\" height=\"371\" srcset=\"https:\/\/dicodusport.fr\/blog\/wp-content\/uploads\/2018\/03\/Andreas-Seppi-1024x576.jpg 1024w, https:\/\/dicodusport.fr\/blog\/wp-content\/uploads\/2018\/03\/Andreas-Seppi-300x169.jpg 300w, https:\/\/dicodusport.fr\/blog\/wp-content\/uploads\/2018\/03\/Andreas-Seppi-768x432.jpg 768w, https:\/\/dicodusport.fr\/blog\/wp-content\/uploads\/2018\/03\/Andreas-Seppi.jpg 1920w\" sizes=\"auto, (max-width: 660px) 100vw, 660px\" \/><p id=\"caption-attachment-15382\" class=\"wp-caption-text\">\u00a9 ATP<\/p><\/div>\n<p style=\"text-align: justify;\"><strong>Andreas Seppi<\/strong> (ATP 62) a particip\u00e9 \u00e0 4 tournois cette ann\u00e9e. A cause de ses probl\u00e8mes de hanche habituels, il a d\u00e9cid\u00e9 de ne pas participer aux tournois am\u00e9ricains afin de r\u00e9cup\u00e9rer et d&rsquo;\u00eatre en forme pour d\u00e9fendre les couleurs italiennes. A l&rsquo;Open d&rsquo;Australie il avait atteint les huiti\u00e8mes de finale mais s&rsquo;\u00e9tait inclin\u00e9 face \u00e0 un Kyle Edmund en \u00e9tat de gr\u00e2ce. Au tour pr\u00e9c\u00e9dent, il \u00e9tait venu \u00e0 bout du \u00ab\u00a0G\u00e9ant croate\u00a0\u00bb Ivo Karlovic apr\u00e8s un combat de 3h51 : 6-3 7-6[4] 6-7[3] 6-7[5] 9-7. A Duba\u00ef, il a fait un bon tournoi : il a atteint les demi-finales face \u00e0 Federer et a battu la t\u00eate de s\u00e9rie n\u00b03 Alexander Zverev au deuxi\u00e8me tour et Daniil Medvedev en quarts de finale.<br \/>\nDans l&rsquo;\u00e9quipe depuis 2004, il a un bilan de 18 victoires et autant de d\u00e9faites en simple. Lors du premier tour face au Japon, il a perdu le deuxi\u00e8me simple face \u00e0 Sugita, dans un match accroch\u00e9 en 5 sets.<\/p>\n<p><strong>Statistiques face aux joueurs fran\u00e7ais<\/strong><\/p>\n<table style=\"width: 100%;\">\n<tbody>\n<tr>\n<td style=\"text-align: center;\">Adversaire<\/td>\n<td style=\"text-align: center;\">R\u00e9sultats<\/td>\n<td style=\"text-align: center;\">Dernier match<\/td>\n<\/tr>\n<tr>\n<td style=\"text-align: center;\"><strong>J\u00e9r\u00e9my Chardy<\/strong><\/td>\n<td style=\"text-align: center;\"><strong><span style=\"color: #339966;\">1 victoire<\/span>,<br \/>\n<span style=\"color: #ff0000;\">1 d\u00e9faite<\/span><\/strong><\/td>\n<td style=\"text-align: center;\">2014 : Open d&rsquo;Australie (dur), 2e tour, victoire de <strong>Seppi<\/strong><\/td>\n<\/tr>\n<tr>\n<td style=\"text-align: center;\"><strong>Adrian Mannarino<\/strong><\/td>\n<td style=\"text-align: center;\"><strong><span style=\"color: #339966;\">3 victoires<\/span>,<br \/>\n<span style=\"color: #ff0000;\">3 d\u00e9faites<\/span><\/strong><\/td>\n<td style=\"text-align: center;\">2017 : Antalya (gazon), demi-finale, victoire de <strong>Mannarino<\/strong><\/td>\n<\/tr>\n<tr>\n<td style=\"text-align: center;\"><strong>Nicolas Mahut<\/strong><\/td>\n<td style=\"text-align: center;\"><strong><span style=\"color: #339966;\">1 victoire<\/span>,<br \/>\n<span style=\"color: #ff0000;\">2 d\u00e9faites<\/span><\/strong><\/td>\n<td style=\"text-align: center;\">2016 : Sydney (dur), huiti\u00e8mes de finale, victoire de <strong>Mahut<\/strong><\/td>\n<\/tr>\n<\/tbody>\n<\/table>\n<p>&nbsp;<\/p>\n<div id=\"attachment_15381\" style=\"width: 670px\" class=\"wp-caption aligncenter\"><img loading=\"lazy\" decoding=\"async\" aria-describedby=\"caption-attachment-15381\" class=\"size-large wp-image-15381\" src=\"http:\/\/dicodusport.fr\/blog\/wp-content\/uploads\/2018\/03\/Simone-Bolleli-1024x683.jpg\" alt=\"\" width=\"660\" height=\"440\" srcset=\"https:\/\/dicodusport.fr\/blog\/wp-content\/uploads\/2018\/03\/Simone-Bolleli-1024x683.jpg 1024w, https:\/\/dicodusport.fr\/blog\/wp-content\/uploads\/2018\/03\/Simone-Bolleli-300x200.jpg 300w, https:\/\/dicodusport.fr\/blog\/wp-content\/uploads\/2018\/03\/Simone-Bolleli-768x512.jpg 768w, https:\/\/dicodusport.fr\/blog\/wp-content\/uploads\/2018\/03\/Simone-Bolleli.jpg 1200w\" sizes=\"auto, (max-width: 660px) 100vw, 660px\" \/><p id=\"caption-attachment-15381\" class=\"wp-caption-text\">\u00a9 Takeo Tanuma<\/p><\/div>\n<p style=\"text-align: justify;\">Cette ann\u00e9e, <strong>Simone Bolelli<\/strong> (ATP 163) a particip\u00e9 \u00e0 4 Challengers. A l&rsquo;Open de Rennes, il s&rsquo;est inclin\u00e9 au deuxi\u00e8me tour, au Punta Open, il a perdu en finale face \u00e0 Guldo Andreozzi et au Cachantun Cup, il s&rsquo;est inclin\u00e9 au premier tour. La semaine derni\u00e8re, il participait au tournoi de Marbella. Apr\u00e8s avoir battu Andrej Martin et Jozef Kovalik, il s&rsquo;est inclin\u00e9 6-3 0-6 3-6 en quarts de finale face \u00e0 Guido Andreozzi.<br \/>\nDans l&rsquo;\u00e9quipe italienne depuis 2007, il a remport\u00e9 7 simples sur 16 et 12 doubles sur 16. Il sera probablement align\u00e9 en double avec Fabio Fognini. Au premier tour, ils s&rsquo;\u00e9taient impos\u00e9s 7-5 6-7[4] 7-6[3] 7-5 face aux Japonais Ben McLachlan et<br \/>\nYasutaka Uchiyama. La derni\u00e8re fois que cette paire italienne avait affront\u00e9 Nicolas Mahut et Pierre-Hugues Herbert, c&rsquo;\u00e9tait en <strong>finale de l&rsquo;Open d&rsquo;Australie 2015<\/strong> et les Italiens s&rsquo;\u00e9taient impos\u00e9s 6-4 6-4&#8230;<\/p>\n<p style=\"text-align: justify;\"><strong>Statistiques face aux joueurs fran\u00e7ais<\/strong><\/p>\n<table style=\"width: 100%;\">\n<tbody>\n<tr>\n<td style=\"text-align: center;\">Adversaire<\/td>\n<td style=\"text-align: center;\">R\u00e9sultats<\/td>\n<td style=\"text-align: center;\">Dernier match<\/td>\n<\/tr>\n<tr>\n<td style=\"text-align: center;\"><strong>Lucas Pouille<\/strong><\/td>\n<td style=\"text-align: center;\"><strong><span style=\"color: #339966;\">1 victoire<\/span>,<span style=\"color: #ff0000;\"><br \/>\n1 d\u00e9faite<\/span><\/strong><\/td>\n<td style=\"text-align: center;\">2015 : Moscou (indoor), 3e tour, victoire de <strong>Pouille<\/strong><\/td>\n<\/tr>\n<tr>\n<td style=\"text-align: center;\"><strong>J\u00e9r\u00e9my Chardy<\/strong><\/td>\n<td style=\"text-align: center;\"><span style=\"color: #ff0000;\"><strong>1 d\u00e9faite<\/strong><\/span><\/td>\n<td style=\"text-align: center;\">2009 : Roland-Garros (terre battue), 2e tour, victoire de <strong>Chardy<\/strong><\/td>\n<\/tr>\n<tr>\n<td style=\"text-align: center;\"><strong>Adrian Mannarino<\/strong><\/td>\n<td style=\"text-align: center;\"><span style=\"color: #339966;\"><strong>1 victoire<\/strong><\/span><\/td>\n<td style=\"text-align: center;\">2015 : Nottingham (gazon), huiti\u00e8mes de finale, victoire de <strong>Bolelli<\/strong><\/td>\n<\/tr>\n<tr>\n<td style=\"text-align: center;\"><strong>Nicolas Mahut<\/strong><\/td>\n<td style=\"text-align: center;\"><span style=\"color: #339966;\"><strong>1 victoire<\/strong><\/span><\/td>\n<td style=\"text-align: center;\">2017 : Roland-Garros (terre battue), 1er tour, victoire de <strong>Bolelli<\/strong><\/td>\n<\/tr>\n<\/tbody>\n<\/table>\n<p>&nbsp;<\/p>\n<p style=\"text-align: justify;\"><img loading=\"lazy\" decoding=\"async\" class=\"aligncenter size-large wp-image-15378\" src=\"http:\/\/dicodusport.fr\/blog\/wp-content\/uploads\/2018\/03\/Matteo-Berrettini-1024x683.jpg\" alt=\"\" width=\"660\" height=\"440\" srcset=\"https:\/\/dicodusport.fr\/blog\/wp-content\/uploads\/2018\/03\/Matteo-Berrettini-1024x683.jpg 1024w, https:\/\/dicodusport.fr\/blog\/wp-content\/uploads\/2018\/03\/Matteo-Berrettini-300x200.jpg 300w, https:\/\/dicodusport.fr\/blog\/wp-content\/uploads\/2018\/03\/Matteo-Berrettini-768x512.jpg 768w\" sizes=\"auto, (max-width: 660px) 100vw, 660px\" \/><br \/>\nLe jeune joueur de 21 ans, <strong>Matteo Berrettini\u00a0<\/strong>(ATP 104) est r\u00e9compens\u00e9 de sa belle progression avec cette premi\u00e8re s\u00e9lection. En effet, il a fait son entr\u00e9e dans le top 100 pour la premi\u00e8re fois le 19 mars dernier (95e). Il alterne les tounrois du circuit principal et Challenger. A Doha, il a pass\u00e9 les deux tours de qualifications et le premier tour en battant Viktor Troicki. A l&rsquo;Open d&rsquo;Australie, il a pass\u00e9 les trois tours de qualifications et s&rsquo;est inclin\u00e9 face \u00e0 Adrian Mannarino au premier tour. Demi-finaliste au Challenger de Cherbourg, il a remport\u00e9 le Challenger de Bergamo et s&rsquo;est inclin\u00e9 en finale de clui d&rsquo;Irving, face \u00e0 Mikhail Kukushkin. A Indian Wells, il s&rsquo;est inclin\u00e9 au premier tour des qualifications face \u00e0 Filip Feliwo.<\/p>\n<p style=\"text-align: justify;\">Il n&rsquo;a affront\u00e9 qu&rsquo;Adrian Mannarino parmi les Fran\u00e7ais s\u00e9lectionn\u00e9s. C&rsquo;\u00e9tait cette ann\u00e9e au premier tour de l&rsquo;Open d&rsquo;Australie. Il s&rsquo;est inclin\u00e9 6-4 6-4 6-4.<\/p>\n<p><em><strong>Arlette<br \/>\n<a href=\"http:\/\/twitter.com\/Shiclette94\"><img loading=\"lazy\" decoding=\"async\" class=\"alignleft size-full wp-image-2908\" src=\"http:\/\/dicodusport.fr\/blog\/wp-content\/uploads\/2017\/07\/logo-twitter-e1516110106986.png\" alt=\"\" width=\"39\" height=\"39\" \/><\/a><br \/>\n<\/strong><\/em><\/p>\n<p>&nbsp;<\/p>\n","protected":false},"excerpt":{"rendered":"<p>A trois jours du quart de finale de Coupe Davis entre l&rsquo;Italie et la France, pr\u00e9sentation des joueurs italiens qui affronteront les Fran\u00e7ais.<\/p>\n","protected":false},"author":12,"featured_media":15632,"comment_status":"open","ping_status":"closed","sticky":false,"template":"","format":"standard","meta":{"_acf_changed":false,"_daextam_enable_autolinks":"","footnotes":""},"categories":[2,2365,2302],"tags":[2540,4301],"class_list":["post-15352","post","type-post","status-publish","format-standard","has-post-thumbnail","hentry","category-actualites","category-sports-de-raquette","category-tennis","tag-coupe-davis","tag-italie-france"],"acf":[],"yoast_head":"<!-- This site is optimized with the Yoast SEO Premium plugin v26.7 (Yoast SEO v26.7) - https:\/\/yoast.com\/wordpress\/plugins\/seo\/ -->\n<title>Coupe Davis : pr\u00e9sentation des joueurs italiens<\/title>\n<meta name=\"description\" content=\"A trois jours du quart de finale de Coupe Davis entre l&#039;Italie et la France, pr\u00e9sentation des joueurs italiens qui affronteront les Fran\u00e7ais.\" \/>\n<meta name=\"robots\" content=\"index, follow, max-snippet:-1, max-image-preview:large, max-video-preview:-1\" \/>\n<link rel=\"canonical\" href=\"https:\/\/dicodusport.fr\/blog\/coupe-davis-presentation-des-joueurs-italiens\/\" \/>\n<meta property=\"og:locale\" content=\"fr_FR\" \/>\n<meta property=\"og:type\" content=\"article\" \/>\n<meta property=\"og:title\" content=\"Coupe Davis : pr\u00e9sentation des joueurs italiens\" \/>\n<meta property=\"og:description\" content=\"A trois jours du quart de finale de Coupe Davis entre l&#039;Italie et la France, pr\u00e9sentation des joueurs italiens qui affronteront les Fran\u00e7ais.\" \/>\n<meta property=\"og:url\" content=\"https:\/\/dicodusport.fr\/blog\/coupe-davis-presentation-des-joueurs-italiens\/\" \/>\n<meta property=\"og:site_name\" content=\"Dicodusport\" \/>\n<meta property=\"article:publisher\" content=\"https:\/\/www.facebook.com\/dicodusport\" \/>\n<meta property=\"article:published_time\" content=\"2018-04-03T08:00:57+00:00\" \/>\n<meta property=\"article:modified_time\" content=\"2018-04-03T08:22:23+00:00\" \/>\n<meta property=\"og:image\" content=\"https:\/\/dicodusport.fr\/blog\/wp-content\/uploads\/2018\/04\/Coupe-Davis-Italie.png\" \/>\n\t<meta property=\"og:image:width\" content=\"800\" \/>\n\t<meta property=\"og:image:height\" content=\"445\" \/>\n\t<meta property=\"og:image:type\" content=\"image\/png\" \/>\n<meta name=\"author\" content=\"Arlette Yeye\" \/>\n<meta name=\"twitter:card\" content=\"summary_large_image\" \/>\n<meta name=\"twitter:creator\" content=\"@https:\/\/twitter.com\/Shiclette94\" \/>\n<meta name=\"twitter:site\" content=\"@dicodusport\" \/>\n<script type=\"application\/ld+json\" class=\"yoast-schema-graph\">{\"@context\":\"https:\/\/schema.org\",\"@graph\":[{\"@type\":\"NewsArticle\",\"@id\":\"https:\/\/dicodusport.fr\/blog\/coupe-davis-presentation-des-joueurs-italiens\/#article\",\"isPartOf\":{\"@id\":\"https:\/\/dicodusport.fr\/blog\/coupe-davis-presentation-des-joueurs-italiens\/\"},\"author\":{\"name\":\"Arlette Yeye\",\"@id\":\"https:\/\/dicodusport.fr\/blog\/#\/schema\/person\/cce96fa88785bd8573e3d43078ac8c79\"},\"headline\":\"Coupe Davis : pr\u00e9sentation des joueurs italiens\",\"datePublished\":\"2018-04-03T08:00:57+00:00\",\"dateModified\":\"2018-04-03T08:22:23+00:00\",\"mainEntityOfPage\":{\"@id\":\"https:\/\/dicodusport.fr\/blog\/coupe-davis-presentation-des-joueurs-italiens\/\"},\"wordCount\":1129,\"commentCount\":0,\"publisher\":{\"@id\":\"https:\/\/dicodusport.fr\/blog\/#organization\"},\"image\":{\"@id\":\"https:\/\/dicodusport.fr\/blog\/coupe-davis-presentation-des-joueurs-italiens\/#primaryimage\"},\"thumbnailUrl\":\"https:\/\/dicodusport.fr\/blog\/wp-content\/uploads\/2018\/04\/Coupe-Davis-Italie.png\",\"keywords\":[\"Coupe Davis\",\"Italie-France\"],\"articleSection\":[\"Actualit\u00e9s\",\"Sports de raquette\",\"Tennis\"],\"inLanguage\":\"fr-FR\",\"potentialAction\":[{\"@type\":\"CommentAction\",\"name\":\"Comment\",\"target\":[\"https:\/\/dicodusport.fr\/blog\/coupe-davis-presentation-des-joueurs-italiens\/#respond\"]}],\"copyrightYear\":\"2018\",\"copyrightHolder\":{\"@id\":\"https:\/\/dicodusport.fr\/blog\/#organization\"}},{\"@type\":\"WebPage\",\"@id\":\"https:\/\/dicodusport.fr\/blog\/coupe-davis-presentation-des-joueurs-italiens\/\",\"url\":\"https:\/\/dicodusport.fr\/blog\/coupe-davis-presentation-des-joueurs-italiens\/\",\"name\":\"Coupe Davis : pr\u00e9sentation des joueurs italiens\",\"isPartOf\":{\"@id\":\"https:\/\/dicodusport.fr\/blog\/#website\"},\"primaryImageOfPage\":{\"@id\":\"https:\/\/dicodusport.fr\/blog\/coupe-davis-presentation-des-joueurs-italiens\/#primaryimage\"},\"image\":{\"@id\":\"https:\/\/dicodusport.fr\/blog\/coupe-davis-presentation-des-joueurs-italiens\/#primaryimage\"},\"thumbnailUrl\":\"https:\/\/dicodusport.fr\/blog\/wp-content\/uploads\/2018\/04\/Coupe-Davis-Italie.png\",\"datePublished\":\"2018-04-03T08:00:57+00:00\",\"dateModified\":\"2018-04-03T08:22:23+00:00\",\"description\":\"A trois jours du quart de finale de Coupe Davis entre l'Italie et la France, pr\u00e9sentation des joueurs italiens qui affronteront les Fran\u00e7ais.\",\"breadcrumb\":{\"@id\":\"https:\/\/dicodusport.fr\/blog\/coupe-davis-presentation-des-joueurs-italiens\/#breadcrumb\"},\"inLanguage\":\"fr-FR\",\"potentialAction\":[{\"@type\":\"ReadAction\",\"target\":[\"https:\/\/dicodusport.fr\/blog\/coupe-davis-presentation-des-joueurs-italiens\/\"]}]},{\"@type\":\"ImageObject\",\"inLanguage\":\"fr-FR\",\"@id\":\"https:\/\/dicodusport.fr\/blog\/coupe-davis-presentation-des-joueurs-italiens\/#primaryimage\",\"url\":\"https:\/\/dicodusport.fr\/blog\/wp-content\/uploads\/2018\/04\/Coupe-Davis-Italie.png\",\"contentUrl\":\"https:\/\/dicodusport.fr\/blog\/wp-content\/uploads\/2018\/04\/Coupe-Davis-Italie.png\",\"width\":800,\"height\":445},{\"@type\":\"BreadcrumbList\",\"@id\":\"https:\/\/dicodusport.fr\/blog\/coupe-davis-presentation-des-joueurs-italiens\/#breadcrumb\",\"itemListElement\":[{\"@type\":\"ListItem\",\"position\":1,\"name\":\"Accueil\",\"item\":\"https:\/\/dicodusport.fr\/blog\/\"},{\"@type\":\"ListItem\",\"position\":2,\"name\":\"Coupe Davis : pr\u00e9sentation des joueurs italiens\"}]},{\"@type\":\"WebSite\",\"@id\":\"https:\/\/dicodusport.fr\/blog\/#website\",\"url\":\"https:\/\/dicodusport.fr\/blog\/\",\"name\":\"Dicodusport\",\"description\":\"L&#039;encyclop\u00e9die de l&#039;actualit\u00e9 sportive\",\"publisher\":{\"@id\":\"https:\/\/dicodusport.fr\/blog\/#organization\"},\"potentialAction\":[{\"@type\":\"SearchAction\",\"target\":{\"@type\":\"EntryPoint\",\"urlTemplate\":\"https:\/\/dicodusport.fr\/blog\/?s={search_term_string}\"},\"query-input\":{\"@type\":\"PropertyValueSpecification\",\"valueRequired\":true,\"valueName\":\"search_term_string\"}}],\"inLanguage\":\"fr-FR\"},{\"@type\":\"NewsMediaOrganization\",\"@id\":\"https:\/\/dicodusport.fr\/blog\/#organization\",\"name\":\"Dicodusport\",\"url\":\"https:\/\/dicodusport.fr\/blog\/\",\"logo\":{\"@type\":\"ImageObject\",\"inLanguage\":\"fr-FR\",\"@id\":\"https:\/\/dicodusport.fr\/blog\/#\/schema\/logo\/image\/\",\"url\":\"https:\/\/dicodusport.fr\/blog\/wp-content\/uploads\/2020\/06\/cropped-LOGO-DICODUSPORT-2020-SANS-FOND-SANS-TEXTE.png\",\"contentUrl\":\"https:\/\/dicodusport.fr\/blog\/wp-content\/uploads\/2020\/06\/cropped-LOGO-DICODUSPORT-2020-SANS-FOND-SANS-TEXTE.png\",\"width\":512,\"height\":512,\"caption\":\"Dicodusport\"},\"image\":{\"@id\":\"https:\/\/dicodusport.fr\/blog\/#\/schema\/logo\/image\/\"},\"sameAs\":[\"https:\/\/www.facebook.com\/dicodusport\",\"https:\/\/x.com\/dicodusport\",\"https:\/\/www.instagram.com\/dicodusport\/\",\"https:\/\/www.youtube.com\/channel\/UC7V2KZ5sd3htJivAbA4ZG3w\"],\"description\":\"Dicodusport est l'encyclop\u00e9die de l'actualit\u00e9 sportive.\",\"email\":\"bonjour@dicodusport.fr\",\"legalName\":\"DICODUSPORT\",\"foundingDate\":\"2018-01-14\",\"vatID\":\"FR71834470973\",\"taxID\":\"83447097300043\",\"numberOfEmployees\":{\"@type\":\"QuantitativeValue\",\"minValue\":\"1\",\"maxValue\":\"10\"}},{\"@type\":\"Person\",\"@id\":\"https:\/\/dicodusport.fr\/blog\/#\/schema\/person\/cce96fa88785bd8573e3d43078ac8c79\",\"name\":\"Arlette Yeye\",\"image\":{\"@type\":\"ImageObject\",\"inLanguage\":\"fr-FR\",\"@id\":\"https:\/\/dicodusport.fr\/blog\/#\/schema\/person\/image\/\",\"url\":\"https:\/\/secure.gravatar.com\/avatar\/dca4a6239e6d708e46c45d60e160de6c?s=96&d=wp_user_avatar&r=g\",\"contentUrl\":\"https:\/\/secure.gravatar.com\/avatar\/dca4a6239e6d708e46c45d60e160de6c?s=96&d=wp_user_avatar&r=g\",\"caption\":\"Arlette Yeye\"},\"description\":\"Journaliste\/r\u00e9dactrice depuis septembre 2015 - Supportrice de Chelsea, j'ai pour sports de pr\u00e9dilection le handball, l'athl\u00e9tisme et le tennis. Si je tweete plus vite que mon ombre, vous pouvez aussi me retrouver les week-ends sur les playgrounds de Bruxelles pour un petit foot ou basket entre potes. Parcourir la France, l'Europe et plus si affinit\u00e9s pour suivre mes sportifs pr\u00e9f\u00e9r\u00e9s ? Mon kif ! Et c'est avec plaisir que je partage les r\u00e9sultats des sports populaires mais \u00e9galement plus confidentiels pour Dicodusport.\",\"sameAs\":[\"https:\/\/x.com\/https:\/\/twitter.com\/Shiclette94\"],\"url\":\"https:\/\/dicodusport.fr\/blog\/author\/arlette\/\"}]}<\/script>\n<!-- \/ Yoast SEO Premium plugin. -->","yoast_head_json":{"title":"Coupe Davis : pr\u00e9sentation des joueurs italiens","description":"A trois jours du quart de finale de Coupe Davis entre l'Italie et la France, pr\u00e9sentation des joueurs italiens qui affronteront les Fran\u00e7ais.","robots":{"index":"index","follow":"follow","max-snippet":"max-snippet:-1","max-image-preview":"max-image-preview:large","max-video-preview":"max-video-preview:-1"},"canonical":"https:\/\/dicodusport.fr\/blog\/coupe-davis-presentation-des-joueurs-italiens\/","og_locale":"fr_FR","og_type":"article","og_title":"Coupe Davis : pr\u00e9sentation des joueurs italiens","og_description":"A trois jours du quart de finale de Coupe Davis entre l'Italie et la France, pr\u00e9sentation des joueurs italiens qui affronteront les Fran\u00e7ais.","og_url":"https:\/\/dicodusport.fr\/blog\/coupe-davis-presentation-des-joueurs-italiens\/","og_site_name":"Dicodusport","article_publisher":"https:\/\/www.facebook.com\/dicodusport","article_published_time":"2018-04-03T08:00:57+00:00","article_modified_time":"2018-04-03T08:22:23+00:00","og_image":[{"width":800,"height":445,"url":"https:\/\/dicodusport.fr\/blog\/wp-content\/uploads\/2018\/04\/Coupe-Davis-Italie.png","type":"image\/png"}],"author":"Arlette Yeye","twitter_card":"summary_large_image","twitter_creator":"@https:\/\/twitter.com\/Shiclette94","twitter_site":"@dicodusport","schema":{"@context":"https:\/\/schema.org","@graph":[{"@type":"NewsArticle","@id":"https:\/\/dicodusport.fr\/blog\/coupe-davis-presentation-des-joueurs-italiens\/#article","isPartOf":{"@id":"https:\/\/dicodusport.fr\/blog\/coupe-davis-presentation-des-joueurs-italiens\/"},"author":{"name":"Arlette Yeye","@id":"https:\/\/dicodusport.fr\/blog\/#\/schema\/person\/cce96fa88785bd8573e3d43078ac8c79"},"headline":"Coupe Davis : pr\u00e9sentation des joueurs italiens","datePublished":"2018-04-03T08:00:57+00:00","dateModified":"2018-04-03T08:22:23+00:00","mainEntityOfPage":{"@id":"https:\/\/dicodusport.fr\/blog\/coupe-davis-presentation-des-joueurs-italiens\/"},"wordCount":1129,"commentCount":0,"publisher":{"@id":"https:\/\/dicodusport.fr\/blog\/#organization"},"image":{"@id":"https:\/\/dicodusport.fr\/blog\/coupe-davis-presentation-des-joueurs-italiens\/#primaryimage"},"thumbnailUrl":"https:\/\/dicodusport.fr\/blog\/wp-content\/uploads\/2018\/04\/Coupe-Davis-Italie.png","keywords":["Coupe Davis","Italie-France"],"articleSection":["Actualit\u00e9s","Sports de raquette","Tennis"],"inLanguage":"fr-FR","potentialAction":[{"@type":"CommentAction","name":"Comment","target":["https:\/\/dicodusport.fr\/blog\/coupe-davis-presentation-des-joueurs-italiens\/#respond"]}],"copyrightYear":"2018","copyrightHolder":{"@id":"https:\/\/dicodusport.fr\/blog\/#organization"}},{"@type":"WebPage","@id":"https:\/\/dicodusport.fr\/blog\/coupe-davis-presentation-des-joueurs-italiens\/","url":"https:\/\/dicodusport.fr\/blog\/coupe-davis-presentation-des-joueurs-italiens\/","name":"Coupe Davis : pr\u00e9sentation des joueurs italiens","isPartOf":{"@id":"https:\/\/dicodusport.fr\/blog\/#website"},"primaryImageOfPage":{"@id":"https:\/\/dicodusport.fr\/blog\/coupe-davis-presentation-des-joueurs-italiens\/#primaryimage"},"image":{"@id":"https:\/\/dicodusport.fr\/blog\/coupe-davis-presentation-des-joueurs-italiens\/#primaryimage"},"thumbnailUrl":"https:\/\/dicodusport.fr\/blog\/wp-content\/uploads\/2018\/04\/Coupe-Davis-Italie.png","datePublished":"2018-04-03T08:00:57+00:00","dateModified":"2018-04-03T08:22:23+00:00","description":"A trois jours du quart de finale de Coupe Davis entre l'Italie et la France, pr\u00e9sentation des joueurs italiens qui affronteront les Fran\u00e7ais.","breadcrumb":{"@id":"https:\/\/dicodusport.fr\/blog\/coupe-davis-presentation-des-joueurs-italiens\/#breadcrumb"},"inLanguage":"fr-FR","potentialAction":[{"@type":"ReadAction","target":["https:\/\/dicodusport.fr\/blog\/coupe-davis-presentation-des-joueurs-italiens\/"]}]},{"@type":"ImageObject","inLanguage":"fr-FR","@id":"https:\/\/dicodusport.fr\/blog\/coupe-davis-presentation-des-joueurs-italiens\/#primaryimage","url":"https:\/\/dicodusport.fr\/blog\/wp-content\/uploads\/2018\/04\/Coupe-Davis-Italie.png","contentUrl":"https:\/\/dicodusport.fr\/blog\/wp-content\/uploads\/2018\/04\/Coupe-Davis-Italie.png","width":800,"height":445},{"@type":"BreadcrumbList","@id":"https:\/\/dicodusport.fr\/blog\/coupe-davis-presentation-des-joueurs-italiens\/#breadcrumb","itemListElement":[{"@type":"ListItem","position":1,"name":"Accueil","item":"https:\/\/dicodusport.fr\/blog\/"},{"@type":"ListItem","position":2,"name":"Coupe Davis : pr\u00e9sentation des joueurs italiens"}]},{"@type":"WebSite","@id":"https:\/\/dicodusport.fr\/blog\/#website","url":"https:\/\/dicodusport.fr\/blog\/","name":"Dicodusport","description":"L&#039;encyclop\u00e9die de l&#039;actualit\u00e9 sportive","publisher":{"@id":"https:\/\/dicodusport.fr\/blog\/#organization"},"potentialAction":[{"@type":"SearchAction","target":{"@type":"EntryPoint","urlTemplate":"https:\/\/dicodusport.fr\/blog\/?s={search_term_string}"},"query-input":{"@type":"PropertyValueSpecification","valueRequired":true,"valueName":"search_term_string"}}],"inLanguage":"fr-FR"},{"@type":"NewsMediaOrganization","@id":"https:\/\/dicodusport.fr\/blog\/#organization","name":"Dicodusport","url":"https:\/\/dicodusport.fr\/blog\/","logo":{"@type":"ImageObject","inLanguage":"fr-FR","@id":"https:\/\/dicodusport.fr\/blog\/#\/schema\/logo\/image\/","url":"https:\/\/dicodusport.fr\/blog\/wp-content\/uploads\/2020\/06\/cropped-LOGO-DICODUSPORT-2020-SANS-FOND-SANS-TEXTE.png","contentUrl":"https:\/\/dicodusport.fr\/blog\/wp-content\/uploads\/2020\/06\/cropped-LOGO-DICODUSPORT-2020-SANS-FOND-SANS-TEXTE.png","width":512,"height":512,"caption":"Dicodusport"},"image":{"@id":"https:\/\/dicodusport.fr\/blog\/#\/schema\/logo\/image\/"},"sameAs":["https:\/\/www.facebook.com\/dicodusport","https:\/\/x.com\/dicodusport","https:\/\/www.instagram.com\/dicodusport\/","https:\/\/www.youtube.com\/channel\/UC7V2KZ5sd3htJivAbA4ZG3w"],"description":"Dicodusport est l'encyclop\u00e9die de l'actualit\u00e9 sportive.","email":"bonjour@dicodusport.fr","legalName":"DICODUSPORT","foundingDate":"2018-01-14","vatID":"FR71834470973","taxID":"83447097300043","numberOfEmployees":{"@type":"QuantitativeValue","minValue":"1","maxValue":"10"}},{"@type":"Person","@id":"https:\/\/dicodusport.fr\/blog\/#\/schema\/person\/cce96fa88785bd8573e3d43078ac8c79","name":"Arlette Yeye","image":{"@type":"ImageObject","inLanguage":"fr-FR","@id":"https:\/\/dicodusport.fr\/blog\/#\/schema\/person\/image\/","url":"https:\/\/secure.gravatar.com\/avatar\/dca4a6239e6d708e46c45d60e160de6c?s=96&d=wp_user_avatar&r=g","contentUrl":"https:\/\/secure.gravatar.com\/avatar\/dca4a6239e6d708e46c45d60e160de6c?s=96&d=wp_user_avatar&r=g","caption":"Arlette Yeye"},"description":"Journaliste\/r\u00e9dactrice depuis septembre 2015 - Supportrice de Chelsea, j'ai pour sports de pr\u00e9dilection le handball, l'athl\u00e9tisme et le tennis. Si je tweete plus vite que mon ombre, vous pouvez aussi me retrouver les week-ends sur les playgrounds de Bruxelles pour un petit foot ou basket entre potes. Parcourir la France, l'Europe et plus si affinit\u00e9s pour suivre mes sportifs pr\u00e9f\u00e9r\u00e9s ? Mon kif ! Et c'est avec plaisir que je partage les r\u00e9sultats des sports populaires mais \u00e9galement plus confidentiels pour Dicodusport.","sameAs":["https:\/\/x.com\/https:\/\/twitter.com\/Shiclette94"],"url":"https:\/\/dicodusport.fr\/blog\/author\/arlette\/"}]}},"_links":{"self":[{"href":"https:\/\/dicodusport.fr\/blog\/wp-json\/wp\/v2\/posts\/15352","targetHints":{"allow":["GET"]}}],"collection":[{"href":"https:\/\/dicodusport.fr\/blog\/wp-json\/wp\/v2\/posts"}],"about":[{"href":"https:\/\/dicodusport.fr\/blog\/wp-json\/wp\/v2\/types\/post"}],"author":[{"embeddable":true,"href":"https:\/\/dicodusport.fr\/blog\/wp-json\/wp\/v2\/users\/12"}],"replies":[{"embeddable":true,"href":"https:\/\/dicodusport.fr\/blog\/wp-json\/wp\/v2\/comments?post=15352"}],"version-history":[{"count":0,"href":"https:\/\/dicodusport.fr\/blog\/wp-json\/wp\/v2\/posts\/15352\/revisions"}],"wp:featuredmedia":[{"embeddable":true,"href":"https:\/\/dicodusport.fr\/blog\/wp-json\/wp\/v2\/media\/15632"}],"wp:attachment":[{"href":"https:\/\/dicodusport.fr\/blog\/wp-json\/wp\/v2\/media?parent=15352"}],"wp:term":[{"taxonomy":"category","embeddable":true,"href":"https:\/\/dicodusport.fr\/blog\/wp-json\/wp\/v2\/categories?post=15352"},{"taxonomy":"post_tag","embeddable":true,"href":"https:\/\/dicodusport.fr\/blog\/wp-json\/wp\/v2\/tags?post=15352"}],"curies":[{"name":"wp","href":"https:\/\/api.w.org\/{rel}","templated":true}]}}