{"id":153672,"date":"2021-08-01T10:05:53","date_gmt":"2021-08-01T08:05:53","guid":{"rendered":"https:\/\/dicodusport.fr\/blog\/?p=153672&#038;preview=true&#038;preview_id=153672"},"modified":"2021-08-01T14:33:09","modified_gmt":"2021-08-01T12:33:09","slug":"mercato-mauro-icardi-clarifie-son-avenir","status":"publish","type":"post","link":"https:\/\/dicodusport.fr\/blog\/mercato-mauro-icardi-clarifie-son-avenir\/","title":{"rendered":"Mercato : Mauro Icardi clarifie son avenir"},"content":{"rendered":"<p style=\"text-align: justify;\"><strong><em>MERCATO FOOTBALL &#8211; Annonc\u00e9 en Italie depuis plusieurs semaines, Mauro Icardi a clarifi\u00e9 son avenir sur un post Instagram : il reste au PSG.\u00a0<\/em><\/strong><\/p>\n<p style=\"text-align: justify;\">La Juventus et m\u00eame l&rsquo;AS Rome discuteraient avec Wanda Icardi, \u00e9pouse et agent du joueur. Mais l&rsquo;avant-centre du PSG, <strong>Mauro Icardi<\/strong>, a coup\u00e9 court aux rumeurs avec un message simple sur ses r\u00e9seaux sociaux.<\/p>\n<blockquote>\n<p style=\"text-align: justify;\">Cette saison, la prochaine et la prochaine. Cela n&rsquo;a jamais fait de doute ! Allez PSG !<\/p>\n<\/blockquote>\n<p style=\"text-align: justify;\"><strong>Mauro Icardi<\/strong>, 33 buts et 10 passes d\u00e9cisives depuis son arriv\u00e9e, divise du c\u00f4t\u00e9 du PSG \u00e0 cause de son manque de r\u00e9gularit\u00e9. Cependant, il devrait bien rester au club et son contrat court jusqu&rsquo;\u00e0 la fin de la saison 2023-2024.<\/p>\n<p style=\"text-align: justify;\"><img loading=\"lazy\" decoding=\"async\" class=\"alignnone wp-image-153674\" src=\"https:\/\/dicodusport.fr\/blog\/wp-content\/uploads\/2021\/08\/Mauro-Icardi-PSG.png\" alt=\"\" width=\"714\" height=\"1229\" srcset=\"https:\/\/dicodusport.fr\/blog\/wp-content\/uploads\/2021\/08\/Mauro-Icardi-PSG.png 918w, https:\/\/dicodusport.fr\/blog\/wp-content\/uploads\/2021\/08\/Mauro-Icardi-PSG-174x300.png 174w, https:\/\/dicodusport.fr\/blog\/wp-content\/uploads\/2021\/08\/Mauro-Icardi-PSG-595x1024.png 595w, https:\/\/dicodusport.fr\/blog\/wp-content\/uploads\/2021\/08\/Mauro-Icardi-PSG-768x1322.png 768w, https:\/\/dicodusport.fr\/blog\/wp-content\/uploads\/2021\/08\/Mauro-Icardi-PSG-892x1536.png 892w\" sizes=\"auto, (max-width: 714px) 100vw, 714px\" \/><\/p>\n","protected":false},"excerpt":{"rendered":"<p>MERCATO FOOTBALL &#8211; Annonc\u00e9 en Italie depuis plusieurs semaines, Mauro Icardi a clarifi\u00e9 son avenir sur un post Instagram : il reste au PSG.\u00a0<\/p>\n","protected":false},"author":1,"featured_media":153679,"comment_status":"open","ping_status":"closed","sticky":false,"template":"","format":"standard","meta":{"_acf_changed":false,"_daextam_enable_autolinks":"","footnotes":""},"categories":[47045],"tags":[18114,9259,910],"class_list":["post-153672","post","type-post","status-publish","format-standard","has-post-thumbnail","hentry","category-ligue-1","tag-icardi","tag-mauro-icardi","tag-psg"],"acf":[],"yoast_head":"<!-- This site is optimized with the Yoast SEO Premium plugin v26.7 (Yoast SEO v26.7) - https:\/\/yoast.com\/wordpress\/plugins\/seo\/ -->\n<title>Mercato : Mauro Icardi clarifie son avenir<\/title>\n<meta name=\"description\" content=\"MERCATO FOOTBALL - Annonc\u00e9 en Italie depuis plusieurs semaines, Mauro Icardi a clarifi\u00e9 son avenir sur un post Instagram : il reste au PSG.\u00a0\" \/>\n<meta name=\"robots\" content=\"index, follow, max-snippet:-1, max-image-preview:large, max-video-preview:-1\" \/>\n<link rel=\"canonical\" href=\"https:\/\/dicodusport.fr\/blog\/mercato-mauro-icardi-clarifie-son-avenir\/\" \/>\n<meta property=\"og:locale\" content=\"fr_FR\" \/>\n<meta property=\"og:type\" content=\"article\" \/>\n<meta property=\"og:title\" content=\"Mercato : Mauro Icardi clarifie son avenir\" \/>\n<meta property=\"og:description\" content=\"MERCATO FOOTBALL - Annonc\u00e9 en Italie depuis plusieurs semaines, Mauro Icardi a clarifi\u00e9 son avenir sur un post Instagram : il reste au PSG.\u00a0\" \/>\n<meta property=\"og:url\" content=\"https:\/\/dicodusport.fr\/blog\/mercato-mauro-icardi-clarifie-son-avenir\/\" \/>\n<meta property=\"og:site_name\" content=\"Dicodusport\" \/>\n<meta property=\"article:publisher\" content=\"https:\/\/www.facebook.com\/dicodusport\" \/>\n<meta property=\"article:author\" content=\"https:\/\/www.facebook.com\/dicodusport\" \/>\n<meta property=\"article:published_time\" content=\"2021-08-01T08:05:53+00:00\" \/>\n<meta property=\"article:modified_time\" content=\"2021-08-01T12:33:09+00:00\" \/>\n<meta property=\"og:image\" content=\"https:\/\/dicodusport.fr\/blog\/wp-content\/uploads\/2021\/08\/Mercato-Mauro-Icardi-clarifie-son-avenir.png\" \/>\n\t<meta property=\"og:image:width\" content=\"800\" \/>\n\t<meta property=\"og:image:height\" content=\"445\" \/>\n\t<meta property=\"og:image:type\" content=\"image\/png\" \/>\n<meta name=\"author\" content=\"Nicolas Jacquemard\" \/>\n<meta name=\"twitter:card\" content=\"summary_large_image\" \/>\n<meta name=\"twitter:title\" content=\"Mercato : Mauro Icardi clarifie son avenir\" \/>\n<meta name=\"twitter:creator\" content=\"@https:\/\/twitter.com\/Nico_Jacquemard\" \/>\n<meta name=\"twitter:site\" content=\"@dicodusport\" \/>\n<script type=\"application\/ld+json\" class=\"yoast-schema-graph\">{\"@context\":\"https:\/\/schema.org\",\"@graph\":[{\"@type\":\"NewsArticle\",\"@id\":\"https:\/\/dicodusport.fr\/blog\/mercato-mauro-icardi-clarifie-son-avenir\/#article\",\"isPartOf\":{\"@id\":\"https:\/\/dicodusport.fr\/blog\/mercato-mauro-icardi-clarifie-son-avenir\/\"},\"author\":{\"name\":\"Nicolas Jacquemard\",\"@id\":\"https:\/\/dicodusport.fr\/blog\/#\/schema\/person\/55dcb50ad410894e431ed812bbb70191\"},\"headline\":\"Mercato : Mauro Icardi clarifie son avenir\",\"datePublished\":\"2021-08-01T08:05:53+00:00\",\"dateModified\":\"2021-08-01T12:33:09+00:00\",\"mainEntityOfPage\":{\"@id\":\"https:\/\/dicodusport.fr\/blog\/mercato-mauro-icardi-clarifie-son-avenir\/\"},\"wordCount\":125,\"commentCount\":0,\"publisher\":{\"@id\":\"https:\/\/dicodusport.fr\/blog\/#organization\"},\"image\":{\"@id\":\"https:\/\/dicodusport.fr\/blog\/mercato-mauro-icardi-clarifie-son-avenir\/#primaryimage\"},\"thumbnailUrl\":\"https:\/\/dicodusport.fr\/blog\/wp-content\/uploads\/2021\/08\/Mercato-Mauro-Icardi-clarifie-son-avenir.png\",\"keywords\":[\"Icardi\",\"Mauro Icardi\",\"PSG\"],\"articleSection\":[\"Ligue 1\"],\"inLanguage\":\"fr-FR\",\"potentialAction\":[{\"@type\":\"CommentAction\",\"name\":\"Comment\",\"target\":[\"https:\/\/dicodusport.fr\/blog\/mercato-mauro-icardi-clarifie-son-avenir\/#respond\"]}],\"copyrightYear\":\"2021\",\"copyrightHolder\":{\"@id\":\"https:\/\/dicodusport.fr\/blog\/#organization\"}},{\"@type\":\"WebPage\",\"@id\":\"https:\/\/dicodusport.fr\/blog\/mercato-mauro-icardi-clarifie-son-avenir\/\",\"url\":\"https:\/\/dicodusport.fr\/blog\/mercato-mauro-icardi-clarifie-son-avenir\/\",\"name\":\"Mercato : Mauro Icardi clarifie son avenir\",\"isPartOf\":{\"@id\":\"https:\/\/dicodusport.fr\/blog\/#website\"},\"primaryImageOfPage\":{\"@id\":\"https:\/\/dicodusport.fr\/blog\/mercato-mauro-icardi-clarifie-son-avenir\/#primaryimage\"},\"image\":{\"@id\":\"https:\/\/dicodusport.fr\/blog\/mercato-mauro-icardi-clarifie-son-avenir\/#primaryimage\"},\"thumbnailUrl\":\"https:\/\/dicodusport.fr\/blog\/wp-content\/uploads\/2021\/08\/Mercato-Mauro-Icardi-clarifie-son-avenir.png\",\"datePublished\":\"2021-08-01T08:05:53+00:00\",\"dateModified\":\"2021-08-01T12:33:09+00:00\",\"description\":\"MERCATO FOOTBALL - Annonc\u00e9 en Italie depuis plusieurs semaines, Mauro Icardi a clarifi\u00e9 son avenir sur un post Instagram : il reste au PSG.\u00a0\",\"breadcrumb\":{\"@id\":\"https:\/\/dicodusport.fr\/blog\/mercato-mauro-icardi-clarifie-son-avenir\/#breadcrumb\"},\"inLanguage\":\"fr-FR\",\"potentialAction\":[{\"@type\":\"ReadAction\",\"target\":[\"https:\/\/dicodusport.fr\/blog\/mercato-mauro-icardi-clarifie-son-avenir\/\"]}]},{\"@type\":\"ImageObject\",\"inLanguage\":\"fr-FR\",\"@id\":\"https:\/\/dicodusport.fr\/blog\/mercato-mauro-icardi-clarifie-son-avenir\/#primaryimage\",\"url\":\"https:\/\/dicodusport.fr\/blog\/wp-content\/uploads\/2021\/08\/Mercato-Mauro-Icardi-clarifie-son-avenir.png\",\"contentUrl\":\"https:\/\/dicodusport.fr\/blog\/wp-content\/uploads\/2021\/08\/Mercato-Mauro-Icardi-clarifie-son-avenir.png\",\"width\":800,\"height\":445},{\"@type\":\"BreadcrumbList\",\"@id\":\"https:\/\/dicodusport.fr\/blog\/mercato-mauro-icardi-clarifie-son-avenir\/#breadcrumb\",\"itemListElement\":[{\"@type\":\"ListItem\",\"position\":1,\"name\":\"Accueil\",\"item\":\"https:\/\/dicodusport.fr\/blog\/\"},{\"@type\":\"ListItem\",\"position\":2,\"name\":\"Mercato : Mauro Icardi clarifie son avenir\"}]},{\"@type\":\"WebSite\",\"@id\":\"https:\/\/dicodusport.fr\/blog\/#website\",\"url\":\"https:\/\/dicodusport.fr\/blog\/\",\"name\":\"Dicodusport\",\"description\":\"L&#039;encyclop\u00e9die de l&#039;actualit\u00e9 sportive\",\"publisher\":{\"@id\":\"https:\/\/dicodusport.fr\/blog\/#organization\"},\"potentialAction\":[{\"@type\":\"SearchAction\",\"target\":{\"@type\":\"EntryPoint\",\"urlTemplate\":\"https:\/\/dicodusport.fr\/blog\/?s={search_term_string}\"},\"query-input\":{\"@type\":\"PropertyValueSpecification\",\"valueRequired\":true,\"valueName\":\"search_term_string\"}}],\"inLanguage\":\"fr-FR\"},{\"@type\":\"NewsMediaOrganization\",\"@id\":\"https:\/\/dicodusport.fr\/blog\/#organization\",\"name\":\"Dicodusport\",\"url\":\"https:\/\/dicodusport.fr\/blog\/\",\"logo\":{\"@type\":\"ImageObject\",\"inLanguage\":\"fr-FR\",\"@id\":\"https:\/\/dicodusport.fr\/blog\/#\/schema\/logo\/image\/\",\"url\":\"https:\/\/dicodusport.fr\/blog\/wp-content\/uploads\/2020\/06\/cropped-LOGO-DICODUSPORT-2020-SANS-FOND-SANS-TEXTE.png\",\"contentUrl\":\"https:\/\/dicodusport.fr\/blog\/wp-content\/uploads\/2020\/06\/cropped-LOGO-DICODUSPORT-2020-SANS-FOND-SANS-TEXTE.png\",\"width\":512,\"height\":512,\"caption\":\"Dicodusport\"},\"image\":{\"@id\":\"https:\/\/dicodusport.fr\/blog\/#\/schema\/logo\/image\/\"},\"sameAs\":[\"https:\/\/www.facebook.com\/dicodusport\",\"https:\/\/x.com\/dicodusport\",\"https:\/\/www.instagram.com\/dicodusport\/\",\"https:\/\/www.youtube.com\/channel\/UC7V2KZ5sd3htJivAbA4ZG3w\"],\"description\":\"Dicodusport est l'encyclop\u00e9die de l'actualit\u00e9 sportive.\",\"email\":\"bonjour@dicodusport.fr\",\"legalName\":\"DICODUSPORT\",\"foundingDate\":\"2018-01-14\",\"vatID\":\"FR71834470973\",\"taxID\":\"83447097300043\",\"numberOfEmployees\":{\"@type\":\"QuantitativeValue\",\"minValue\":\"1\",\"maxValue\":\"10\"}},{\"@type\":\"Person\",\"@id\":\"https:\/\/dicodusport.fr\/blog\/#\/schema\/person\/55dcb50ad410894e431ed812bbb70191\",\"name\":\"Nicolas Jacquemard\",\"image\":{\"@type\":\"ImageObject\",\"inLanguage\":\"fr-FR\",\"@id\":\"https:\/\/dicodusport.fr\/blog\/#\/schema\/person\/image\/\",\"url\":\"https:\/\/dicodusport.fr\/blog\/wp-content\/uploads\/2021\/05\/Nicolas-Jacquemard-150x150.jpeg\",\"contentUrl\":\"https:\/\/dicodusport.fr\/blog\/wp-content\/uploads\/2021\/05\/Nicolas-Jacquemard-150x150.jpeg\",\"caption\":\"Nicolas Jacquemard\"},\"description\":\"Passionn\u00e9 de sport et entrepreneur depuis mes 18 ans, la cr\u00e9ation de Dicodusport m'a sembl\u00e9 \u00e9vidente pour participer \u00e0 la m\u00e9diatisation d'un plus grand nombre de sports. Le chemin est long mais avec une \u00e9quipe des plus motiv\u00e9es et les Jeux Olympiques de Paris 2024 en point de mire, nous y arriverons ! Journaliste dans le monde du sport depuis plus de 5 ans, je traite aussi bien de football, de rugby, de biathlon que de cyclisme.\",\"sameAs\":[\"https:\/\/www.facebook.com\/dicodusport\",\"https:\/\/x.com\/https:\/\/twitter.com\/Nico_Jacquemard\"],\"url\":\"https:\/\/dicodusport.fr\/blog\/author\/dicodusport\/\"}]}<\/script>\n<!-- \/ Yoast SEO Premium plugin. -->","yoast_head_json":{"title":"Mercato : Mauro Icardi clarifie son avenir","description":"MERCATO FOOTBALL - Annonc\u00e9 en Italie depuis plusieurs semaines, Mauro Icardi a clarifi\u00e9 son avenir sur un post Instagram : il reste au PSG.\u00a0","robots":{"index":"index","follow":"follow","max-snippet":"max-snippet:-1","max-image-preview":"max-image-preview:large","max-video-preview":"max-video-preview:-1"},"canonical":"https:\/\/dicodusport.fr\/blog\/mercato-mauro-icardi-clarifie-son-avenir\/","og_locale":"fr_FR","og_type":"article","og_title":"Mercato : Mauro Icardi clarifie son avenir","og_description":"MERCATO FOOTBALL - Annonc\u00e9 en Italie depuis plusieurs semaines, Mauro Icardi a clarifi\u00e9 son avenir sur un post Instagram : il reste au PSG.\u00a0","og_url":"https:\/\/dicodusport.fr\/blog\/mercato-mauro-icardi-clarifie-son-avenir\/","og_site_name":"Dicodusport","article_publisher":"https:\/\/www.facebook.com\/dicodusport","article_author":"https:\/\/www.facebook.com\/dicodusport","article_published_time":"2021-08-01T08:05:53+00:00","article_modified_time":"2021-08-01T12:33:09+00:00","og_image":[{"width":800,"height":445,"url":"https:\/\/dicodusport.fr\/blog\/wp-content\/uploads\/2021\/08\/Mercato-Mauro-Icardi-clarifie-son-avenir.png","type":"image\/png"}],"author":"Nicolas Jacquemard","twitter_card":"summary_large_image","twitter_title":"Mercato : Mauro Icardi clarifie son avenir","twitter_creator":"@https:\/\/twitter.com\/Nico_Jacquemard","twitter_site":"@dicodusport","schema":{"@context":"https:\/\/schema.org","@graph":[{"@type":"NewsArticle","@id":"https:\/\/dicodusport.fr\/blog\/mercato-mauro-icardi-clarifie-son-avenir\/#article","isPartOf":{"@id":"https:\/\/dicodusport.fr\/blog\/mercato-mauro-icardi-clarifie-son-avenir\/"},"author":{"name":"Nicolas Jacquemard","@id":"https:\/\/dicodusport.fr\/blog\/#\/schema\/person\/55dcb50ad410894e431ed812bbb70191"},"headline":"Mercato : Mauro Icardi clarifie son avenir","datePublished":"2021-08-01T08:05:53+00:00","dateModified":"2021-08-01T12:33:09+00:00","mainEntityOfPage":{"@id":"https:\/\/dicodusport.fr\/blog\/mercato-mauro-icardi-clarifie-son-avenir\/"},"wordCount":125,"commentCount":0,"publisher":{"@id":"https:\/\/dicodusport.fr\/blog\/#organization"},"image":{"@id":"https:\/\/dicodusport.fr\/blog\/mercato-mauro-icardi-clarifie-son-avenir\/#primaryimage"},"thumbnailUrl":"https:\/\/dicodusport.fr\/blog\/wp-content\/uploads\/2021\/08\/Mercato-Mauro-Icardi-clarifie-son-avenir.png","keywords":["Icardi","Mauro Icardi","PSG"],"articleSection":["Ligue 1"],"inLanguage":"fr-FR","potentialAction":[{"@type":"CommentAction","name":"Comment","target":["https:\/\/dicodusport.fr\/blog\/mercato-mauro-icardi-clarifie-son-avenir\/#respond"]}],"copyrightYear":"2021","copyrightHolder":{"@id":"https:\/\/dicodusport.fr\/blog\/#organization"}},{"@type":"WebPage","@id":"https:\/\/dicodusport.fr\/blog\/mercato-mauro-icardi-clarifie-son-avenir\/","url":"https:\/\/dicodusport.fr\/blog\/mercato-mauro-icardi-clarifie-son-avenir\/","name":"Mercato : Mauro Icardi clarifie son avenir","isPartOf":{"@id":"https:\/\/dicodusport.fr\/blog\/#website"},"primaryImageOfPage":{"@id":"https:\/\/dicodusport.fr\/blog\/mercato-mauro-icardi-clarifie-son-avenir\/#primaryimage"},"image":{"@id":"https:\/\/dicodusport.fr\/blog\/mercato-mauro-icardi-clarifie-son-avenir\/#primaryimage"},"thumbnailUrl":"https:\/\/dicodusport.fr\/blog\/wp-content\/uploads\/2021\/08\/Mercato-Mauro-Icardi-clarifie-son-avenir.png","datePublished":"2021-08-01T08:05:53+00:00","dateModified":"2021-08-01T12:33:09+00:00","description":"MERCATO FOOTBALL - Annonc\u00e9 en Italie depuis plusieurs semaines, Mauro Icardi a clarifi\u00e9 son avenir sur un post Instagram : il reste au PSG.\u00a0","breadcrumb":{"@id":"https:\/\/dicodusport.fr\/blog\/mercato-mauro-icardi-clarifie-son-avenir\/#breadcrumb"},"inLanguage":"fr-FR","potentialAction":[{"@type":"ReadAction","target":["https:\/\/dicodusport.fr\/blog\/mercato-mauro-icardi-clarifie-son-avenir\/"]}]},{"@type":"ImageObject","inLanguage":"fr-FR","@id":"https:\/\/dicodusport.fr\/blog\/mercato-mauro-icardi-clarifie-son-avenir\/#primaryimage","url":"https:\/\/dicodusport.fr\/blog\/wp-content\/uploads\/2021\/08\/Mercato-Mauro-Icardi-clarifie-son-avenir.png","contentUrl":"https:\/\/dicodusport.fr\/blog\/wp-content\/uploads\/2021\/08\/Mercato-Mauro-Icardi-clarifie-son-avenir.png","width":800,"height":445},{"@type":"BreadcrumbList","@id":"https:\/\/dicodusport.fr\/blog\/mercato-mauro-icardi-clarifie-son-avenir\/#breadcrumb","itemListElement":[{"@type":"ListItem","position":1,"name":"Accueil","item":"https:\/\/dicodusport.fr\/blog\/"},{"@type":"ListItem","position":2,"name":"Mercato : Mauro Icardi clarifie son avenir"}]},{"@type":"WebSite","@id":"https:\/\/dicodusport.fr\/blog\/#website","url":"https:\/\/dicodusport.fr\/blog\/","name":"Dicodusport","description":"L&#039;encyclop\u00e9die de l&#039;actualit\u00e9 sportive","publisher":{"@id":"https:\/\/dicodusport.fr\/blog\/#organization"},"potentialAction":[{"@type":"SearchAction","target":{"@type":"EntryPoint","urlTemplate":"https:\/\/dicodusport.fr\/blog\/?s={search_term_string}"},"query-input":{"@type":"PropertyValueSpecification","valueRequired":true,"valueName":"search_term_string"}}],"inLanguage":"fr-FR"},{"@type":"NewsMediaOrganization","@id":"https:\/\/dicodusport.fr\/blog\/#organization","name":"Dicodusport","url":"https:\/\/dicodusport.fr\/blog\/","logo":{"@type":"ImageObject","inLanguage":"fr-FR","@id":"https:\/\/dicodusport.fr\/blog\/#\/schema\/logo\/image\/","url":"https:\/\/dicodusport.fr\/blog\/wp-content\/uploads\/2020\/06\/cropped-LOGO-DICODUSPORT-2020-SANS-FOND-SANS-TEXTE.png","contentUrl":"https:\/\/dicodusport.fr\/blog\/wp-content\/uploads\/2020\/06\/cropped-LOGO-DICODUSPORT-2020-SANS-FOND-SANS-TEXTE.png","width":512,"height":512,"caption":"Dicodusport"},"image":{"@id":"https:\/\/dicodusport.fr\/blog\/#\/schema\/logo\/image\/"},"sameAs":["https:\/\/www.facebook.com\/dicodusport","https:\/\/x.com\/dicodusport","https:\/\/www.instagram.com\/dicodusport\/","https:\/\/www.youtube.com\/channel\/UC7V2KZ5sd3htJivAbA4ZG3w"],"description":"Dicodusport est l'encyclop\u00e9die de l'actualit\u00e9 sportive.","email":"bonjour@dicodusport.fr","legalName":"DICODUSPORT","foundingDate":"2018-01-14","vatID":"FR71834470973","taxID":"83447097300043","numberOfEmployees":{"@type":"QuantitativeValue","minValue":"1","maxValue":"10"}},{"@type":"Person","@id":"https:\/\/dicodusport.fr\/blog\/#\/schema\/person\/55dcb50ad410894e431ed812bbb70191","name":"Nicolas Jacquemard","image":{"@type":"ImageObject","inLanguage":"fr-FR","@id":"https:\/\/dicodusport.fr\/blog\/#\/schema\/person\/image\/","url":"https:\/\/dicodusport.fr\/blog\/wp-content\/uploads\/2021\/05\/Nicolas-Jacquemard-150x150.jpeg","contentUrl":"https:\/\/dicodusport.fr\/blog\/wp-content\/uploads\/2021\/05\/Nicolas-Jacquemard-150x150.jpeg","caption":"Nicolas Jacquemard"},"description":"Passionn\u00e9 de sport et entrepreneur depuis mes 18 ans, la cr\u00e9ation de Dicodusport m'a sembl\u00e9 \u00e9vidente pour participer \u00e0 la m\u00e9diatisation d'un plus grand nombre de sports. Le chemin est long mais avec une \u00e9quipe des plus motiv\u00e9es et les Jeux Olympiques de Paris 2024 en point de mire, nous y arriverons ! Journaliste dans le monde du sport depuis plus de 5 ans, je traite aussi bien de football, de rugby, de biathlon que de cyclisme.","sameAs":["https:\/\/www.facebook.com\/dicodusport","https:\/\/x.com\/https:\/\/twitter.com\/Nico_Jacquemard"],"url":"https:\/\/dicodusport.fr\/blog\/author\/dicodusport\/"}]}},"_links":{"self":[{"href":"https:\/\/dicodusport.fr\/blog\/wp-json\/wp\/v2\/posts\/153672","targetHints":{"allow":["GET"]}}],"collection":[{"href":"https:\/\/dicodusport.fr\/blog\/wp-json\/wp\/v2\/posts"}],"about":[{"href":"https:\/\/dicodusport.fr\/blog\/wp-json\/wp\/v2\/types\/post"}],"author":[{"embeddable":true,"href":"https:\/\/dicodusport.fr\/blog\/wp-json\/wp\/v2\/users\/1"}],"replies":[{"embeddable":true,"href":"https:\/\/dicodusport.fr\/blog\/wp-json\/wp\/v2\/comments?post=153672"}],"version-history":[{"count":0,"href":"https:\/\/dicodusport.fr\/blog\/wp-json\/wp\/v2\/posts\/153672\/revisions"}],"wp:featuredmedia":[{"embeddable":true,"href":"https:\/\/dicodusport.fr\/blog\/wp-json\/wp\/v2\/media\/153679"}],"wp:attachment":[{"href":"https:\/\/dicodusport.fr\/blog\/wp-json\/wp\/v2\/media?parent=153672"}],"wp:term":[{"taxonomy":"category","embeddable":true,"href":"https:\/\/dicodusport.fr\/blog\/wp-json\/wp\/v2\/categories?post=153672"},{"taxonomy":"post_tag","embeddable":true,"href":"https:\/\/dicodusport.fr\/blog\/wp-json\/wp\/v2\/tags?post=153672"}],"curies":[{"name":"wp","href":"https:\/\/api.w.org\/{rel}","templated":true}]}}