{"id":153717,"date":"2021-08-01T14:48:39","date_gmt":"2021-08-01T12:48:39","guid":{"rendered":"https:\/\/dicodusport.fr\/blog\/?p=153717"},"modified":"2021-08-01T19:48:15","modified_gmt":"2021-08-01T17:48:15","slug":"jo-tokyo-2020-athletisme-une-yulimar-rojas-championne-olympique-du-triple-saut","status":"publish","type":"post","link":"https:\/\/dicodusport.fr\/blog\/jo-tokyo-2020-athletisme-une-yulimar-rojas-championne-olympique-du-triple-saut\/","title":{"rendered":"JO Tokyo 2020 &#8211; Athl\u00e9tisme : Yulimar Rojas championne olympique du triple saut"},"content":{"rendered":"<p style=\"text-align: justify;\"><strong><em>JO TOKYO 2020 &#8211; ATHLETISME &#8211; Yulimar Rojas a \u00e9t\u00e9 sacr\u00e9e championne olympique avec un nouveau record du monde du triple saut. Elle a devanc\u00e9 Patr\u00edcia Mamona et Ana Peleteiro.<br \/>\n<\/em><\/strong><\/p>\n<h2 style=\"text-align: justify;\"><strong>Yulimar Rojas<\/strong> : HIS-TOR-IQUE<\/h2>\n<p style=\"text-align: justify;\"><strong>Yulimar Rojas<\/strong> a sorti d\u00e8s son premier saut une longueur de 15m41 m\u00e8tres, nouveau record olympique. L&rsquo;ancien record olympique \u00e9tait d\u00e9tenu par Fran\u00e7oise Mbango avec 15m39. Apr\u00e8s un deuxi\u00e8me saut \u00e0 14m53, la V\u00e9n\u00e9zu\u00e9lienne a mordu largement la planche. Malgr\u00e9 des erreurs techniques, elle a quand m\u00eame r\u00e9alis\u00e9 15m25 \u00e0 son quatri\u00e8me saut. Apr\u00e8s un nouvel essai mordu, Rojas a battu le record du monde \u00e0 son dernier essai avec 15m67 soit 17 cm de mieux que l&rsquo;ancien record vieux de 26 ans.<\/p>\n<p style=\"text-align: justify;\">Ensuite, la Portugaise <strong>Patr\u00edcia Mamona<\/strong> a battu son record personnel en 15m01 (record national et personnel) \u00e0 son quatri\u00e8me saut pour remporter la m\u00e9daille d&rsquo;argent. Elle a battu de 35 cm son ancien record. Apr\u00e8s un deuxi\u00e8me essai \u00e0 14m77, l&rsquo;Espagnole <strong>Ana Peleteiro<\/strong> a sorti un bond \u00e0 14m87 \u00e0 son cinqui\u00e8me essai pour expulser du podium la Jama\u00efcaine <strong>Shanieka Ricketts<\/strong> (14m84).<\/p>\n<blockquote class=\"twitter-tweet\">\n<p dir=\"ltr\" lang=\"fr\">&#x1f6a8; Apr\u00e8s le record olympique et l&rsquo;or &#x1f947;, c&rsquo;est maintenant le record du MONDE pour Yulimar Rojas &#x1f1fb;&#x1f1ea; !! Elle l\u00e8ve le nouveau record \u00e0 15,67 m, 26 ans apr\u00e8s le dernier &#x1f631;&#x1f631; (15.50 m)<br \/>\nTout \u00e7a le m\u00eame jour, hallucinant &#x1f44f;&#x1f44f;<\/p>\n<p>Suivez les J.O. en direct &#x25b6; <a href=\"https:\/\/t.co\/FQNUDtiQca\">https:\/\/t.co\/FQNUDtiQca<\/a> <a href=\"https:\/\/t.co\/eWb3tECr8a\">pic.twitter.com\/eWb3tECr8a<\/a><\/p>\n<p>\u2014 France tv sport (@francetvsport) <a href=\"https:\/\/twitter.com\/francetvsport\/status\/1421816403766677506?ref_src=twsrc%5Etfw\">August 1, 2021<\/a><\/p><\/blockquote>\n<p><script async src=\"https:\/\/platform.twitter.com\/widgets.js\" charset=\"utf-8\"><\/script><\/p>\n<h2 style=\"text-align: justify;\"><strong>Rouguy Diallo finit 9\u00e8me<br \/>\n<\/strong><\/h2>\n<p style=\"text-align: justify;\"><strong>Rouguy Diallo<\/strong>, 10\u00e8me des qualifications, a fait une bonne entr\u00e9e en mati\u00e8re avec 14m38. Mais la Fran\u00e7aise a fini 9\u00e8me de cette finale devant la championne olympique en titre <strong>Caterine Ibarg\u00fcen<\/strong> (14m25). <em><br \/>\n<\/em><\/p>\n<h2>\u00c0 lire aussi<\/h2>\n<ul>\n<li style=\"text-align: justify;\"><a href=\"https:\/\/dicodusport.fr\/blog\/jo-de-tokyo-2020-athletisme-le-classement-du-triple-saut-femmes\/\"><strong>Le classement de la finale du triple saut femmes<\/strong><\/a><\/li>\n<li><a href=\"https:\/\/dicodusport.fr\/blog\/toute-l-actualite-des-jeux-olympiques-de-tokyo-2020\/\"><strong>Toute l&rsquo;actualit\u00e9 des Jeux Olympiques de Tokyo<\/strong><\/a><\/li>\n<li><a href=\"https:\/\/dicodusport.fr\/blog\/jeux-olympiques-tokyo-2020-le-tableau-des-medailles\/\"><strong>Le tableau des m\u00e9dailles<\/strong><\/a><\/li>\n<\/ul>\n","protected":false},"excerpt":{"rendered":"<p>JO TOKYO 2020 &#8211; ATHLETISME &#8211; Yulimar Rojas a \u00e9t\u00e9 sacr\u00e9e championne olympique avec un nouveau record du monde. Elle a devanc\u00e9 Patr\u00edcia Mamona et Ana Peleteiro.<\/p>\n","protected":false},"author":48,"featured_media":153819,"comment_status":"open","ping_status":"closed","sticky":false,"template":"","format":"standard","meta":{"_acf_changed":false,"_daextam_enable_autolinks":"","footnotes":""},"categories":[2308,8433],"tags":[143,9915,8908],"class_list":["post-153717","post","type-post","status-publish","format-standard","has-post-thumbnail","hentry","category-athletisme","category-jo-tokyo-2020","tag-athletisme","tag-jeux-olympiques-de-tokyo","tag-triple-saut"],"acf":[],"yoast_head":"<!-- This site is optimized with the Yoast SEO Premium plugin v26.7 (Yoast SEO v26.7) - https:\/\/yoast.com\/wordpress\/plugins\/seo\/ -->\n<title>JO Tokyo 2020 - Athl\u00e9tisme : Yulimar Rojas championne olympique du triple saut<\/title>\n<meta name=\"description\" content=\"JO TOKYO 2020 - ATHLETISME - Yulimar Rojas a \u00e9t\u00e9 sacr\u00e9e championne olympique du triple saut avec un nouveau record du monde \u00e0 la cl\u00e9.\" \/>\n<meta name=\"robots\" content=\"index, follow, max-snippet:-1, max-image-preview:large, max-video-preview:-1\" \/>\n<link rel=\"canonical\" href=\"https:\/\/dicodusport.fr\/blog\/jo-tokyo-2020-athletisme-une-yulimar-rojas-championne-olympique-du-triple-saut\/\" \/>\n<meta property=\"og:locale\" content=\"fr_FR\" \/>\n<meta property=\"og:type\" content=\"article\" \/>\n<meta property=\"og:title\" content=\"JO Tokyo 2020 - Athl\u00e9tisme : Yulimar Rojas championne olympique du triple saut\" \/>\n<meta property=\"og:description\" content=\"JO TOKYO 2020 - ATHLETISME - Yulimar Rojas a \u00e9t\u00e9 sacr\u00e9e championne olympique du triple saut avec un nouveau record du monde \u00e0 la cl\u00e9.\" \/>\n<meta property=\"og:url\" content=\"https:\/\/dicodusport.fr\/blog\/jo-tokyo-2020-athletisme-une-yulimar-rojas-championne-olympique-du-triple-saut\/\" \/>\n<meta property=\"og:site_name\" content=\"Dicodusport\" \/>\n<meta property=\"article:publisher\" content=\"https:\/\/www.facebook.com\/dicodusport\" \/>\n<meta property=\"article:author\" content=\"https:\/\/www.facebook.com\/groups\/LesRoisDuPeloton\" \/>\n<meta property=\"article:published_time\" content=\"2021-08-01T12:48:39+00:00\" \/>\n<meta property=\"article:modified_time\" content=\"2021-08-01T17:48:15+00:00\" \/>\n<meta property=\"og:image\" content=\"https:\/\/dicodusport.fr\/blog\/wp-content\/uploads\/2021\/08\/JO-Tokyo-2020-Athletisme-Une-Yulimar-Rojas-championne-olympique-du-triple-saut.png\" \/>\n\t<meta property=\"og:image:width\" content=\"800\" \/>\n\t<meta property=\"og:image:height\" content=\"445\" \/>\n\t<meta property=\"og:image:type\" content=\"image\/png\" \/>\n<meta name=\"author\" content=\"Emilien Descampiaux\" \/>\n<meta name=\"twitter:card\" content=\"summary_large_image\" \/>\n<meta name=\"twitter:title\" content=\"JO Tokyo 2020 - Athl\u00e9tisme : Yulimar Rojas championne olympique du triple saut\" \/>\n<meta name=\"twitter:creator\" content=\"@https:\/\/twitter.com\/LRoisDuPeloton\" \/>\n<meta name=\"twitter:site\" content=\"@dicodusport\" \/>\n<script type=\"application\/ld+json\" class=\"yoast-schema-graph\">{\"@context\":\"https:\/\/schema.org\",\"@graph\":[{\"@type\":\"NewsArticle\",\"@id\":\"https:\/\/dicodusport.fr\/blog\/jo-tokyo-2020-athletisme-une-yulimar-rojas-championne-olympique-du-triple-saut\/#article\",\"isPartOf\":{\"@id\":\"https:\/\/dicodusport.fr\/blog\/jo-tokyo-2020-athletisme-une-yulimar-rojas-championne-olympique-du-triple-saut\/\"},\"author\":{\"name\":\"Emilien Descampiaux\",\"@id\":\"https:\/\/dicodusport.fr\/blog\/#\/schema\/person\/6db4bae06b171592211be385b32876a7\"},\"headline\":\"JO Tokyo 2020 &#8211; Athl\u00e9tisme : Yulimar Rojas championne olympique du triple saut\",\"datePublished\":\"2021-08-01T12:48:39+00:00\",\"dateModified\":\"2021-08-01T17:48:15+00:00\",\"mainEntityOfPage\":{\"@id\":\"https:\/\/dicodusport.fr\/blog\/jo-tokyo-2020-athletisme-une-yulimar-rojas-championne-olympique-du-triple-saut\/\"},\"wordCount\":351,\"commentCount\":0,\"publisher\":{\"@id\":\"https:\/\/dicodusport.fr\/blog\/#organization\"},\"image\":{\"@id\":\"https:\/\/dicodusport.fr\/blog\/jo-tokyo-2020-athletisme-une-yulimar-rojas-championne-olympique-du-triple-saut\/#primaryimage\"},\"thumbnailUrl\":\"https:\/\/dicodusport.fr\/blog\/wp-content\/uploads\/2021\/08\/JO-Tokyo-2020-Athletisme-Une-Yulimar-Rojas-championne-olympique-du-triple-saut.png\",\"keywords\":[\"Athl\u00e9tisme\",\"Jeux Olympiques de Tokyo\",\"triple saut\"],\"articleSection\":[\"Athl\u00e9tisme\",\"JO Tokyo 2020\"],\"inLanguage\":\"fr-FR\",\"potentialAction\":[{\"@type\":\"CommentAction\",\"name\":\"Comment\",\"target\":[\"https:\/\/dicodusport.fr\/blog\/jo-tokyo-2020-athletisme-une-yulimar-rojas-championne-olympique-du-triple-saut\/#respond\"]}],\"copyrightYear\":\"2021\",\"copyrightHolder\":{\"@id\":\"https:\/\/dicodusport.fr\/blog\/#organization\"}},{\"@type\":\"WebPage\",\"@id\":\"https:\/\/dicodusport.fr\/blog\/jo-tokyo-2020-athletisme-une-yulimar-rojas-championne-olympique-du-triple-saut\/\",\"url\":\"https:\/\/dicodusport.fr\/blog\/jo-tokyo-2020-athletisme-une-yulimar-rojas-championne-olympique-du-triple-saut\/\",\"name\":\"JO Tokyo 2020 - Athl\u00e9tisme : Yulimar Rojas championne olympique du triple saut\",\"isPartOf\":{\"@id\":\"https:\/\/dicodusport.fr\/blog\/#website\"},\"primaryImageOfPage\":{\"@id\":\"https:\/\/dicodusport.fr\/blog\/jo-tokyo-2020-athletisme-une-yulimar-rojas-championne-olympique-du-triple-saut\/#primaryimage\"},\"image\":{\"@id\":\"https:\/\/dicodusport.fr\/blog\/jo-tokyo-2020-athletisme-une-yulimar-rojas-championne-olympique-du-triple-saut\/#primaryimage\"},\"thumbnailUrl\":\"https:\/\/dicodusport.fr\/blog\/wp-content\/uploads\/2021\/08\/JO-Tokyo-2020-Athletisme-Une-Yulimar-Rojas-championne-olympique-du-triple-saut.png\",\"datePublished\":\"2021-08-01T12:48:39+00:00\",\"dateModified\":\"2021-08-01T17:48:15+00:00\",\"description\":\"JO TOKYO 2020 - ATHLETISME - Yulimar Rojas a \u00e9t\u00e9 sacr\u00e9e championne olympique du triple saut avec un nouveau record du monde \u00e0 la cl\u00e9.\",\"breadcrumb\":{\"@id\":\"https:\/\/dicodusport.fr\/blog\/jo-tokyo-2020-athletisme-une-yulimar-rojas-championne-olympique-du-triple-saut\/#breadcrumb\"},\"inLanguage\":\"fr-FR\",\"potentialAction\":[{\"@type\":\"ReadAction\",\"target\":[\"https:\/\/dicodusport.fr\/blog\/jo-tokyo-2020-athletisme-une-yulimar-rojas-championne-olympique-du-triple-saut\/\"]}]},{\"@type\":\"ImageObject\",\"inLanguage\":\"fr-FR\",\"@id\":\"https:\/\/dicodusport.fr\/blog\/jo-tokyo-2020-athletisme-une-yulimar-rojas-championne-olympique-du-triple-saut\/#primaryimage\",\"url\":\"https:\/\/dicodusport.fr\/blog\/wp-content\/uploads\/2021\/08\/JO-Tokyo-2020-Athletisme-Une-Yulimar-Rojas-championne-olympique-du-triple-saut.png\",\"contentUrl\":\"https:\/\/dicodusport.fr\/blog\/wp-content\/uploads\/2021\/08\/JO-Tokyo-2020-Athletisme-Une-Yulimar-Rojas-championne-olympique-du-triple-saut.png\",\"width\":800,\"height\":445,\"caption\":\"JO Tokyo 2020 - Athl\u00e9tisme Une Yulimar Rojas championne olympique du triple saut\"},{\"@type\":\"BreadcrumbList\",\"@id\":\"https:\/\/dicodusport.fr\/blog\/jo-tokyo-2020-athletisme-une-yulimar-rojas-championne-olympique-du-triple-saut\/#breadcrumb\",\"itemListElement\":[{\"@type\":\"ListItem\",\"position\":1,\"name\":\"Accueil\",\"item\":\"https:\/\/dicodusport.fr\/blog\/\"},{\"@type\":\"ListItem\",\"position\":2,\"name\":\"JO Tokyo 2020 &#8211; Athl\u00e9tisme : Yulimar Rojas championne olympique du triple saut\"}]},{\"@type\":\"WebSite\",\"@id\":\"https:\/\/dicodusport.fr\/blog\/#website\",\"url\":\"https:\/\/dicodusport.fr\/blog\/\",\"name\":\"Dicodusport\",\"description\":\"L&#039;encyclop\u00e9die de l&#039;actualit\u00e9 sportive\",\"publisher\":{\"@id\":\"https:\/\/dicodusport.fr\/blog\/#organization\"},\"potentialAction\":[{\"@type\":\"SearchAction\",\"target\":{\"@type\":\"EntryPoint\",\"urlTemplate\":\"https:\/\/dicodusport.fr\/blog\/?s={search_term_string}\"},\"query-input\":{\"@type\":\"PropertyValueSpecification\",\"valueRequired\":true,\"valueName\":\"search_term_string\"}}],\"inLanguage\":\"fr-FR\"},{\"@type\":\"NewsMediaOrganization\",\"@id\":\"https:\/\/dicodusport.fr\/blog\/#organization\",\"name\":\"Dicodusport\",\"url\":\"https:\/\/dicodusport.fr\/blog\/\",\"logo\":{\"@type\":\"ImageObject\",\"inLanguage\":\"fr-FR\",\"@id\":\"https:\/\/dicodusport.fr\/blog\/#\/schema\/logo\/image\/\",\"url\":\"https:\/\/dicodusport.fr\/blog\/wp-content\/uploads\/2020\/06\/cropped-LOGO-DICODUSPORT-2020-SANS-FOND-SANS-TEXTE.png\",\"contentUrl\":\"https:\/\/dicodusport.fr\/blog\/wp-content\/uploads\/2020\/06\/cropped-LOGO-DICODUSPORT-2020-SANS-FOND-SANS-TEXTE.png\",\"width\":512,\"height\":512,\"caption\":\"Dicodusport\"},\"image\":{\"@id\":\"https:\/\/dicodusport.fr\/blog\/#\/schema\/logo\/image\/\"},\"sameAs\":[\"https:\/\/www.facebook.com\/dicodusport\",\"https:\/\/x.com\/dicodusport\",\"https:\/\/www.instagram.com\/dicodusport\/\",\"https:\/\/www.youtube.com\/channel\/UC7V2KZ5sd3htJivAbA4ZG3w\"],\"description\":\"Dicodusport est l'encyclop\u00e9die de l'actualit\u00e9 sportive.\",\"email\":\"bonjour@dicodusport.fr\",\"legalName\":\"DICODUSPORT\",\"foundingDate\":\"2018-01-14\",\"vatID\":\"FR71834470973\",\"taxID\":\"83447097300043\",\"numberOfEmployees\":{\"@type\":\"QuantitativeValue\",\"minValue\":\"1\",\"maxValue\":\"10\"}},{\"@type\":\"Person\",\"@id\":\"https:\/\/dicodusport.fr\/blog\/#\/schema\/person\/6db4bae06b171592211be385b32876a7\",\"name\":\"Emilien Descampiaux\",\"image\":{\"@type\":\"ImageObject\",\"inLanguage\":\"fr-FR\",\"@id\":\"https:\/\/dicodusport.fr\/blog\/#\/schema\/person\/image\/\",\"url\":\"https:\/\/dicodusport.fr\/blog\/wp-content\/uploads\/2021\/05\/Emilien-Descampiaux-150x150.jpg\",\"contentUrl\":\"https:\/\/dicodusport.fr\/blog\/wp-content\/uploads\/2021\/05\/Emilien-Descampiaux-150x150.jpg\",\"caption\":\"Emilien Descampiaux\"},\"description\":\"Journaliste\/r\u00e9dacteur depuis 2014 - Fan de la classe de Frank Vandenbroucke, je vis cyclisme (et de ses paysages) depuis plus de 20 ans. Je suis tr\u00e8s impliqu\u00e9 sur mes diff\u00e9rents r\u00e9seaux sociaux pour partager ma passion sur le monde et l'Histoire de la bicyclette avec ma voix sur les images en noir et blanc du succ\u00e8s de Rik Van Steenbergen lors du Ronde sur le V\u00e9lodrome de Gand.\",\"sameAs\":[\"https:\/\/www.facebook.com\/groups\/LesRoisDuPeloton\",\"https:\/\/x.com\/https:\/\/twitter.com\/LRoisDuPeloton\"],\"url\":\"https:\/\/dicodusport.fr\/blog\/author\/emiliend\/\"}]}<\/script>\n<!-- \/ Yoast SEO Premium plugin. -->","yoast_head_json":{"title":"JO Tokyo 2020 - Athl\u00e9tisme : Yulimar Rojas championne olympique du triple saut","description":"JO TOKYO 2020 - ATHLETISME - Yulimar Rojas a \u00e9t\u00e9 sacr\u00e9e championne olympique du triple saut avec un nouveau record du monde \u00e0 la cl\u00e9.","robots":{"index":"index","follow":"follow","max-snippet":"max-snippet:-1","max-image-preview":"max-image-preview:large","max-video-preview":"max-video-preview:-1"},"canonical":"https:\/\/dicodusport.fr\/blog\/jo-tokyo-2020-athletisme-une-yulimar-rojas-championne-olympique-du-triple-saut\/","og_locale":"fr_FR","og_type":"article","og_title":"JO Tokyo 2020 - Athl\u00e9tisme : Yulimar Rojas championne olympique du triple saut","og_description":"JO TOKYO 2020 - ATHLETISME - Yulimar Rojas a \u00e9t\u00e9 sacr\u00e9e championne olympique du triple saut avec un nouveau record du monde \u00e0 la cl\u00e9.","og_url":"https:\/\/dicodusport.fr\/blog\/jo-tokyo-2020-athletisme-une-yulimar-rojas-championne-olympique-du-triple-saut\/","og_site_name":"Dicodusport","article_publisher":"https:\/\/www.facebook.com\/dicodusport","article_author":"https:\/\/www.facebook.com\/groups\/LesRoisDuPeloton","article_published_time":"2021-08-01T12:48:39+00:00","article_modified_time":"2021-08-01T17:48:15+00:00","og_image":[{"width":800,"height":445,"url":"https:\/\/dicodusport.fr\/blog\/wp-content\/uploads\/2021\/08\/JO-Tokyo-2020-Athletisme-Une-Yulimar-Rojas-championne-olympique-du-triple-saut.png","type":"image\/png"}],"author":"Emilien Descampiaux","twitter_card":"summary_large_image","twitter_title":"JO Tokyo 2020 - Athl\u00e9tisme : Yulimar Rojas championne olympique du triple saut","twitter_creator":"@https:\/\/twitter.com\/LRoisDuPeloton","twitter_site":"@dicodusport","schema":{"@context":"https:\/\/schema.org","@graph":[{"@type":"NewsArticle","@id":"https:\/\/dicodusport.fr\/blog\/jo-tokyo-2020-athletisme-une-yulimar-rojas-championne-olympique-du-triple-saut\/#article","isPartOf":{"@id":"https:\/\/dicodusport.fr\/blog\/jo-tokyo-2020-athletisme-une-yulimar-rojas-championne-olympique-du-triple-saut\/"},"author":{"name":"Emilien Descampiaux","@id":"https:\/\/dicodusport.fr\/blog\/#\/schema\/person\/6db4bae06b171592211be385b32876a7"},"headline":"JO Tokyo 2020 &#8211; Athl\u00e9tisme : Yulimar Rojas championne olympique du triple saut","datePublished":"2021-08-01T12:48:39+00:00","dateModified":"2021-08-01T17:48:15+00:00","mainEntityOfPage":{"@id":"https:\/\/dicodusport.fr\/blog\/jo-tokyo-2020-athletisme-une-yulimar-rojas-championne-olympique-du-triple-saut\/"},"wordCount":351,"commentCount":0,"publisher":{"@id":"https:\/\/dicodusport.fr\/blog\/#organization"},"image":{"@id":"https:\/\/dicodusport.fr\/blog\/jo-tokyo-2020-athletisme-une-yulimar-rojas-championne-olympique-du-triple-saut\/#primaryimage"},"thumbnailUrl":"https:\/\/dicodusport.fr\/blog\/wp-content\/uploads\/2021\/08\/JO-Tokyo-2020-Athletisme-Une-Yulimar-Rojas-championne-olympique-du-triple-saut.png","keywords":["Athl\u00e9tisme","Jeux Olympiques de Tokyo","triple saut"],"articleSection":["Athl\u00e9tisme","JO Tokyo 2020"],"inLanguage":"fr-FR","potentialAction":[{"@type":"CommentAction","name":"Comment","target":["https:\/\/dicodusport.fr\/blog\/jo-tokyo-2020-athletisme-une-yulimar-rojas-championne-olympique-du-triple-saut\/#respond"]}],"copyrightYear":"2021","copyrightHolder":{"@id":"https:\/\/dicodusport.fr\/blog\/#organization"}},{"@type":"WebPage","@id":"https:\/\/dicodusport.fr\/blog\/jo-tokyo-2020-athletisme-une-yulimar-rojas-championne-olympique-du-triple-saut\/","url":"https:\/\/dicodusport.fr\/blog\/jo-tokyo-2020-athletisme-une-yulimar-rojas-championne-olympique-du-triple-saut\/","name":"JO Tokyo 2020 - Athl\u00e9tisme : Yulimar Rojas championne olympique du triple saut","isPartOf":{"@id":"https:\/\/dicodusport.fr\/blog\/#website"},"primaryImageOfPage":{"@id":"https:\/\/dicodusport.fr\/blog\/jo-tokyo-2020-athletisme-une-yulimar-rojas-championne-olympique-du-triple-saut\/#primaryimage"},"image":{"@id":"https:\/\/dicodusport.fr\/blog\/jo-tokyo-2020-athletisme-une-yulimar-rojas-championne-olympique-du-triple-saut\/#primaryimage"},"thumbnailUrl":"https:\/\/dicodusport.fr\/blog\/wp-content\/uploads\/2021\/08\/JO-Tokyo-2020-Athletisme-Une-Yulimar-Rojas-championne-olympique-du-triple-saut.png","datePublished":"2021-08-01T12:48:39+00:00","dateModified":"2021-08-01T17:48:15+00:00","description":"JO TOKYO 2020 - ATHLETISME - Yulimar Rojas a \u00e9t\u00e9 sacr\u00e9e championne olympique du triple saut avec un nouveau record du monde \u00e0 la cl\u00e9.","breadcrumb":{"@id":"https:\/\/dicodusport.fr\/blog\/jo-tokyo-2020-athletisme-une-yulimar-rojas-championne-olympique-du-triple-saut\/#breadcrumb"},"inLanguage":"fr-FR","potentialAction":[{"@type":"ReadAction","target":["https:\/\/dicodusport.fr\/blog\/jo-tokyo-2020-athletisme-une-yulimar-rojas-championne-olympique-du-triple-saut\/"]}]},{"@type":"ImageObject","inLanguage":"fr-FR","@id":"https:\/\/dicodusport.fr\/blog\/jo-tokyo-2020-athletisme-une-yulimar-rojas-championne-olympique-du-triple-saut\/#primaryimage","url":"https:\/\/dicodusport.fr\/blog\/wp-content\/uploads\/2021\/08\/JO-Tokyo-2020-Athletisme-Une-Yulimar-Rojas-championne-olympique-du-triple-saut.png","contentUrl":"https:\/\/dicodusport.fr\/blog\/wp-content\/uploads\/2021\/08\/JO-Tokyo-2020-Athletisme-Une-Yulimar-Rojas-championne-olympique-du-triple-saut.png","width":800,"height":445,"caption":"JO Tokyo 2020 - Athl\u00e9tisme Une Yulimar Rojas championne olympique du triple saut"},{"@type":"BreadcrumbList","@id":"https:\/\/dicodusport.fr\/blog\/jo-tokyo-2020-athletisme-une-yulimar-rojas-championne-olympique-du-triple-saut\/#breadcrumb","itemListElement":[{"@type":"ListItem","position":1,"name":"Accueil","item":"https:\/\/dicodusport.fr\/blog\/"},{"@type":"ListItem","position":2,"name":"JO Tokyo 2020 &#8211; Athl\u00e9tisme : Yulimar Rojas championne olympique du triple saut"}]},{"@type":"WebSite","@id":"https:\/\/dicodusport.fr\/blog\/#website","url":"https:\/\/dicodusport.fr\/blog\/","name":"Dicodusport","description":"L&#039;encyclop\u00e9die de l&#039;actualit\u00e9 sportive","publisher":{"@id":"https:\/\/dicodusport.fr\/blog\/#organization"},"potentialAction":[{"@type":"SearchAction","target":{"@type":"EntryPoint","urlTemplate":"https:\/\/dicodusport.fr\/blog\/?s={search_term_string}"},"query-input":{"@type":"PropertyValueSpecification","valueRequired":true,"valueName":"search_term_string"}}],"inLanguage":"fr-FR"},{"@type":"NewsMediaOrganization","@id":"https:\/\/dicodusport.fr\/blog\/#organization","name":"Dicodusport","url":"https:\/\/dicodusport.fr\/blog\/","logo":{"@type":"ImageObject","inLanguage":"fr-FR","@id":"https:\/\/dicodusport.fr\/blog\/#\/schema\/logo\/image\/","url":"https:\/\/dicodusport.fr\/blog\/wp-content\/uploads\/2020\/06\/cropped-LOGO-DICODUSPORT-2020-SANS-FOND-SANS-TEXTE.png","contentUrl":"https:\/\/dicodusport.fr\/blog\/wp-content\/uploads\/2020\/06\/cropped-LOGO-DICODUSPORT-2020-SANS-FOND-SANS-TEXTE.png","width":512,"height":512,"caption":"Dicodusport"},"image":{"@id":"https:\/\/dicodusport.fr\/blog\/#\/schema\/logo\/image\/"},"sameAs":["https:\/\/www.facebook.com\/dicodusport","https:\/\/x.com\/dicodusport","https:\/\/www.instagram.com\/dicodusport\/","https:\/\/www.youtube.com\/channel\/UC7V2KZ5sd3htJivAbA4ZG3w"],"description":"Dicodusport est l'encyclop\u00e9die de l'actualit\u00e9 sportive.","email":"bonjour@dicodusport.fr","legalName":"DICODUSPORT","foundingDate":"2018-01-14","vatID":"FR71834470973","taxID":"83447097300043","numberOfEmployees":{"@type":"QuantitativeValue","minValue":"1","maxValue":"10"}},{"@type":"Person","@id":"https:\/\/dicodusport.fr\/blog\/#\/schema\/person\/6db4bae06b171592211be385b32876a7","name":"Emilien Descampiaux","image":{"@type":"ImageObject","inLanguage":"fr-FR","@id":"https:\/\/dicodusport.fr\/blog\/#\/schema\/person\/image\/","url":"https:\/\/dicodusport.fr\/blog\/wp-content\/uploads\/2021\/05\/Emilien-Descampiaux-150x150.jpg","contentUrl":"https:\/\/dicodusport.fr\/blog\/wp-content\/uploads\/2021\/05\/Emilien-Descampiaux-150x150.jpg","caption":"Emilien Descampiaux"},"description":"Journaliste\/r\u00e9dacteur depuis 2014 - Fan de la classe de Frank Vandenbroucke, je vis cyclisme (et de ses paysages) depuis plus de 20 ans. Je suis tr\u00e8s impliqu\u00e9 sur mes diff\u00e9rents r\u00e9seaux sociaux pour partager ma passion sur le monde et l'Histoire de la bicyclette avec ma voix sur les images en noir et blanc du succ\u00e8s de Rik Van Steenbergen lors du Ronde sur le V\u00e9lodrome de Gand.","sameAs":["https:\/\/www.facebook.com\/groups\/LesRoisDuPeloton","https:\/\/x.com\/https:\/\/twitter.com\/LRoisDuPeloton"],"url":"https:\/\/dicodusport.fr\/blog\/author\/emiliend\/"}]}},"_links":{"self":[{"href":"https:\/\/dicodusport.fr\/blog\/wp-json\/wp\/v2\/posts\/153717","targetHints":{"allow":["GET"]}}],"collection":[{"href":"https:\/\/dicodusport.fr\/blog\/wp-json\/wp\/v2\/posts"}],"about":[{"href":"https:\/\/dicodusport.fr\/blog\/wp-json\/wp\/v2\/types\/post"}],"author":[{"embeddable":true,"href":"https:\/\/dicodusport.fr\/blog\/wp-json\/wp\/v2\/users\/48"}],"replies":[{"embeddable":true,"href":"https:\/\/dicodusport.fr\/blog\/wp-json\/wp\/v2\/comments?post=153717"}],"version-history":[{"count":0,"href":"https:\/\/dicodusport.fr\/blog\/wp-json\/wp\/v2\/posts\/153717\/revisions"}],"wp:featuredmedia":[{"embeddable":true,"href":"https:\/\/dicodusport.fr\/blog\/wp-json\/wp\/v2\/media\/153819"}],"wp:attachment":[{"href":"https:\/\/dicodusport.fr\/blog\/wp-json\/wp\/v2\/media?parent=153717"}],"wp:term":[{"taxonomy":"category","embeddable":true,"href":"https:\/\/dicodusport.fr\/blog\/wp-json\/wp\/v2\/categories?post=153717"},{"taxonomy":"post_tag","embeddable":true,"href":"https:\/\/dicodusport.fr\/blog\/wp-json\/wp\/v2\/tags?post=153717"}],"curies":[{"name":"wp","href":"https:\/\/api.w.org\/{rel}","templated":true}]}}