{"id":153826,"date":"2021-08-01T17:14:20","date_gmt":"2021-08-01T15:14:20","guid":{"rendered":"https:\/\/dicodusport.fr\/blog\/?p=153826&#038;preview=true&#038;preview_id=153826"},"modified":"2021-08-02T12:13:10","modified_gmt":"2021-08-02T10:13:10","slug":"grand-prix-de-hongrie-premiere-victoire-d-esteban-ocon-en-f1","status":"publish","type":"post","link":"https:\/\/dicodusport.fr\/blog\/grand-prix-de-hongrie-premiere-victoire-d-esteban-ocon-en-f1\/","title":{"rendered":"Grand Prix de Hongrie : Premi\u00e8re victoire d&rsquo;Esteban Ocon en F1 !"},"content":{"rendered":"<p style=\"text-align: justify;\"><em><b><a href=\"https:\/\/dicodusport.fr\/blog\/f1-grand-prix-de-hongrie-2021-horaires-et-programme-tv-complet\/\">F1 &#8211; GRAND PRIX DE HONGRIE 2021<\/a> &#8211; Sur le circuit du Hungaroring et \u00e0 l&rsquo;occasion de la 11\u00e8me manche de la saison 2021, Esteban Ocon et son \u00e9curie Alpine l&rsquo;ont emport\u00e9 pour la premi\u00e8re fois en F1 ! Au terme d&rsquo;un d\u00e9part et d&rsquo;une course de folie, Sebastian Vettel (Aston Martin) et Lewis Hamilton (Mercedes) l&rsquo;accompagnent sur le podium. Max Verstappen (Red Bull) perd sa premi\u00e8re place au championnat en ne finissant que 10\u00e8me. L&rsquo;autre Fran\u00e7ais Pierre Gasly (Alpha Tauri) termine<\/b><strong> 6<sup>\u00e8me <\/sup><\/strong><\/em><em><b>de la course.<\/b><\/em><\/p>\n<h2 style=\"text-align: justify;\">Un d\u00e9part incroyable et destructeur<\/h2>\n<p style=\"text-align: justify;\">Sous une pluie et une chaleur intense en Hongrie, tous les pilotes ont pris le d\u00e9part de la course en pneus interm\u00e9diaires. Le d\u00e9part a \u00e9t\u00e9 tr\u00e8s mouvement\u00e9. De nombreux pilotes ont gliss\u00e9 d\u00e8s le premier virage, mais surtout <strong>Valtteri Bottas<\/strong> (Mercedes) qui a commis une grosse erreur en freinant trop tard et percutant <strong>Lando Norris<\/strong> (McLaren) qui a lui-m\u00eame percut\u00e9 les deux Red Bull et a entrain\u00e9 un effet domino.<\/p>\n<p style=\"text-align: justify;\">Le d\u00e9part a entra\u00een\u00e9 pas moins de 5 abandons et 1 drapeau rouge. <strong>Charles Leclerc<\/strong> (Ferrari), <strong>Sergio Perez<\/strong> (Red Bull), <strong>Lance Stroll<\/strong> (Aston Martin), <strong>Valtteri Bottas<\/strong> (Mercedes) et <strong>Lando Norris<\/strong> (McLaren) ne prennent pas part \u00e0 la relance de course. Le drapeau rouge permet aux pilotes qui ont des d\u00e9g\u00e2ts minimes de pouvoir les r\u00e9parer.<\/p>\n<p style=\"text-align: justify;\">Les Fran\u00e7ais s\u2019en sortent alors plus ou moins bien puisque <strong>Esteban Ocon<\/strong> (Alpine) repart en 2<sup>\u00e8me<\/sup> position alors qu\u2019il partait 8<sup>\u00e8me<\/sup> avant le crash. Au contraire, <strong>Pierre Gasly<\/strong> (Alpha Tauri) qui partait \u00e0 l\u2019origine en 5<sup>\u00e8me<\/sup> position sur la grille, a \u00e9t\u00e9 victime de l\u2019accrochage et se retrouve alors 11<sup>\u00e8me<\/sup>.<\/p>\n<blockquote class=\"twitter-tweet\">\n<p dir=\"ltr\" lang=\"fr\">Carnage au 1er virage ! &#x1f631;<a href=\"https:\/\/twitter.com\/hashtag\/HungarianGP?src=hash&amp;ref_src=twsrc%5Etfw\">#HungarianGP<\/a> &#x1f1ed;&#x1f1fa;<\/p>\n<p>&#x25b6;&#xfe0f; <a href=\"https:\/\/t.co\/7plkVVV12v\">https:\/\/t.co\/7plkVVV12v<\/a> <a href=\"https:\/\/t.co\/d4mp3U9NX8\">pic.twitter.com\/d4mp3U9NX8<\/a><\/p>\n<p>\u2014 CANAL+ F1\u00ae (@CanalplusF1) <a href=\"https:\/\/twitter.com\/CanalplusF1\/status\/1421819838155141130?ref_src=twsrc%5Etfw\">August 1, 2021<\/a><\/p><\/blockquote>\n<p><script async src=\"https:\/\/platform.twitter.com\/widgets.js\" charset=\"utf-8\"><\/script><\/p>\n<h2 style=\"text-align: justify;\">Un deuxi\u00e8me d\u00e9part ou un arr\u00eat au stand\u00a0?<\/h2>\n<p style=\"text-align: justify;\">Le soleil pointe le bout de son nez et tous les pilotes voyant une trajectoire s\u2019ass\u00e9cher, d\u00e9cident de passer au stand et chausser des pneus mediums au lieu de se positionner sur la grille. Seul <strong>Lewis Hamilton<\/strong> prend le d\u00e9part avec sa Mercedes et ses pneus pluie sur la grille. C\u2019est la premi\u00e8re fois de l\u2019histoire qu\u2019un pilote prend un d\u00e9part arr\u00eat\u00e9 tout seul. L&rsquo;image, peut-\u00eatre, de l&rsquo;ann\u00e9e !<\/p>\n<p style=\"text-align: justify;\">Bien \u00e9videmment, c\u2019\u00e9tait la mauvaise strat\u00e9gie de la part de Mercedes et du Britannique puisque ce dernier rentre au stand au tour d\u2019apr\u00e8s et repart en derni\u00e8re position. Incroyable ! C\u2019est alors le Fran\u00e7ais <strong>Esteban Ocon<\/strong> et son Alpine qui m\u00e8ne le Grand Prix. De son c\u00f4t\u00e9, <strong>Nikita Mazepin<\/strong> (Haas) est le 6<sup>\u00e8me<\/sup> pilote qui abandonne la course en raison d\u2019un accrochage dans la pit lane avec <strong>Kimi R\u00e4ikk\u00f6nen <\/strong>(Alfa Romeo).<\/p>\n<p style=\"text-align: justify;\">Au 10<sup>\u00e8me<\/sup> tour de course, le classement est in\u00e9dit. <strong>Esteban Ocon<\/strong> (Alpine) m\u00e8ne la course devant <strong>Sebastian Vettel<\/strong> (Aston Martin) et <strong>Nicholas Latifi<\/strong> (Williams). Rappelons que ce dernier n\u2019a jamais marqu\u00e9 de points en Formule 1. <strong>Max Verstappen<\/strong> (Red Bull) stagne en 9<sup>\u00e8me<\/sup> position devant <strong>Pierre Gasly<\/strong> (Alpha Tauri) et <strong>Lewis Hamilton<\/strong> (Mercedes)\u2026<\/p>\n<h2 style=\"text-align: justify;\">Des strat\u00e9gies diff\u00e9rentes<\/h2>\n<p style=\"text-align: justify;\">Au 20<sup>\u00e8me<\/sup> tour, <strong>Lewis Hamilton<\/strong> d\u00e9cide de rentrer au stand pour chausser des pneus durs. Cette strat\u00e9gie a permis au Britannique de r\u00e9aliser un undercut et de ressortir devant <strong>Max Verstappen<\/strong> et <strong>Daniel Ricciardo<\/strong> (McLaren) qui se sont arr\u00eat\u00e9 au tour d\u2019apr\u00e8s.<\/p>\n<p style=\"text-align: justify;\">Alors 3<sup>\u00e8me<\/sup> et 4<sup>\u00e8me<\/sup> \u00e0 ce moment-l\u00e0, <strong>Nicholas Latifi<\/strong> et <strong>Yuki Tsunoda<\/strong> d\u00e9cident de suivre cette strat\u00e9gie en s\u2019arr\u00eatant au 23<sup>\u00e8me<\/sup> tour. C\u2019\u00e9tait bien la bonne id\u00e9e d\u2019ailleurs, puisque <strong>Lewis Hamilton<\/strong> fait une impressionnante remont\u00e9e. Au 28<sup>\u00e8me<\/sup> tour de course, il est d\u00e9j\u00e0 7<sup>\u00e8me<\/sup>. Au contraire, <strong>Max Verstappen<\/strong> est bloqu\u00e9 en 12<sup>\u00e8me<\/sup> position, surement en raison des d\u00e9g\u00e2ts caus\u00e9s sur sa monoplace au 1<sup>er<\/sup> tour. Pendant ce temps, <strong>Esteban Ocon<\/strong> m\u00e8ne toujours la course.<\/p>\n<p style=\"text-align: justify;\">Le Fran\u00e7ais fait son arr\u00eat au stand lors du 37<sup>\u00e8me<\/sup> tour de course, juste apr\u00e8s <strong>Sebastian Vettel<\/strong> et l\u2019on assiste \u00e0 une bataille entre les deux pilotes tournant \u00e0 l&rsquo;avantage du Tricolore. Les positions se stabilisent pendant plusieurs tours mais <strong>Lewis Hamilton<\/strong> bloquant \u00e0 la 4<sup>\u00e8me<\/sup> place d\u00e9cide de s\u2019arr\u00eater une nouvelle fois au stand pour engager une nouvelle strat\u00e9gie. Il ressort en 5<sup>\u00e8me<\/sup> position derri\u00e8re une bataille entre les deux Espagnols <strong>Carlos Sainz<\/strong> (Ferrari) et <strong>Fernando Alonso<\/strong> (Alpine) pour la 3<sup>\u00e8me<\/sup> place.<\/p>\n<h2 style=\"text-align: justify;\">15 derniers tours irrespirables<\/h2>\n<p style=\"text-align: justify;\">Apr\u00e8s son passage au stand, <strong>Lewis Hamilton<\/strong> est plus rapide de 3 secondes par rapport \u00e0 la t\u00eate de la course. Cependant, les deux Espagnols font barrage, et notamment <strong>Fernando Alonso<\/strong> qui fait preuve d\u2019une d\u00e9fense impressionnante face au Britannique. Le double champion du monde en fait baver au septuple roi de la F1, qui coince. C\u2019est seulement \u00e0 5 tours de la fin que le Britannique d\u00e9passe le <em>Taureau des Asturies<\/em>. Il d\u00e9passe aussi <strong>Carlos Sainz<\/strong> deux tours apr\u00e8s pour prendre la 3<sup>\u00e8me<\/sup> place.<\/p>\n<h2 style=\"text-align: justify;\">Esteban Ocon sur le toit de la F1<\/h2>\n<p style=\"text-align: justify;\">Le Fran\u00e7ais <strong>Esteban Ocon<\/strong> a r\u00e9sist\u00e9 du 5<sup>\u00e8me<\/sup> au dernier tour de course pour d\u00e9crocher la premi\u00e8re victoire de sa carri\u00e8re, mais aussi le premier succ\u00e8s de son \u00e9curie fran\u00e7aise <strong>Alpine<\/strong>, devenant le 14\u00e8me pilote fran\u00e7ais \u00e0 s&rsquo;imposer en F1. L\u2019Allemand <strong>Sebastian Vettel<\/strong> prend la deuxi\u00e8me place et <strong>Lewis Hamilton<\/strong> l\u2019accompagnera \u00e9galement sur le podium. Quelle course incroyable ! <strong>Carlos Sainz<\/strong> finit 4<sup>\u00e8me<\/sup> devant son compatriote <strong>Fernando Alonso<\/strong>.<\/p>\n<p style=\"text-align: justify;\">Les deux Alpha Tauri de <strong>Pierre Gasly<\/strong> et <strong>Yuki Tsunoda<\/strong> finissent 6<sup>\u00e8me<\/sup> et 7<sup>\u00e8me<\/sup> \u00a0et le Fran\u00e7ais prend aussi le point du meilleur tour en course. Williams et ses deux pilotes <strong>Nicholas Latifi<\/strong> et <strong>Georges Russell <\/strong>marquent leur premiers points en carri\u00e8re avec leur \u00e9curie en terminant 8<sup>\u00e8me<\/sup> et 9<sup>\u00e8me.<\/sup> <strong>Max Verstappen<\/strong> prend seulement la 10<sup>\u00e8me<\/sup> place\u2026<\/p>\n<blockquote class=\"twitter-tweet\">\n<p dir=\"ltr\" lang=\"es\">&#x1f1eb;&#x1f1f7; <a href=\"https:\/\/twitter.com\/OconEsteban?ref_src=twsrc%5Etfw\">@OconEsteban<\/a> remporte le <a href=\"https:\/\/twitter.com\/hashtag\/HungarianGP?src=hash&amp;ref_src=twsrc%5Etfw\">#HungarianGP<\/a> ! &#x1f44f;<\/p>\n<p>&#x25b6;&#xfe0f; <a href=\"https:\/\/t.co\/7plkVVV12v\">https:\/\/t.co\/7plkVVV12v<\/a> <a href=\"https:\/\/t.co\/7PhZeXu2cJ\">pic.twitter.com\/7PhZeXu2cJ<\/a><\/p>\n<p>\u2014 CANAL+ F1\u00ae (@CanalplusF1) <a href=\"https:\/\/twitter.com\/CanalplusF1\/status\/1421851926191345667?ref_src=twsrc%5Etfw\">August 1, 2021<\/a><\/p><\/blockquote>\n<p><script async src=\"https:\/\/platform.twitter.com\/widgets.js\" charset=\"utf-8\"><\/script><\/p>\n<h2>Sebastian Vettel disqualifi\u00e9 du Grand Prix de Hongrie<\/h2>\n<p>Quelques heures apr\u00e8s la fin de cette course folle, Formula 1 a annonc\u00e9 la disqualification du 2\u00e8me de la course : <strong>Sebastian Vettel<\/strong>. En effet, la r\u00e9glementation impose aux \u00e9curies d&rsquo;avoir une quantit\u00e9 minimum d&rsquo;essence dans la monoplace \u00e0 l&rsquo;arriv\u00e9e de la course. Celle-ci n&rsquo;\u00e9tait pas pr\u00e9sente pour le pilote Aston Martin. Par cons\u00e9quent la FIA a d\u00e9cid\u00e9 logiquement de le disqualifier de la course. Une erreur qui coute cher \u00e0 l&rsquo;\u00e9curie de Lawrence Stroll mais qui profite \u00e0 tous les pilotes plac\u00e9s derri\u00e8re l&rsquo;allemand qui gagnent chacun une place et des points suppl\u00e9mentaires pour certains. <strong>Carlos Sainz<\/strong> prend alors la 3\u00e8me place derri\u00e8re <strong>Lewis Hamilton<\/strong> et r\u00e9alise son 4\u00e8me podium en Formule 1, le deuxi\u00e8me cette saison avec Ferrari.<\/p>\n<blockquote class=\"twitter-tweet\">\n<p dir=\"ltr\" lang=\"en\">Confirmed P3 &#x1f3c6;!! My second podium for <a href=\"https:\/\/twitter.com\/ScuderiaFerrari?ref_src=twsrc%5Etfw\">@ScuderiaFerrari<\/a> and super happy for the entire team after all the effort we have put into this first part of the season. It comes (again) in a non-typical way\u2026.but cheers &#x1f942;!! FORZA FERRARI<br \/>\n&#8211;<a href=\"https:\/\/twitter.com\/hashtag\/Carlossainz?src=hash&amp;ref_src=twsrc%5Etfw\">#Carlossainz<\/a> <a href=\"https:\/\/t.co\/fEcEisXDp6\">pic.twitter.com\/fEcEisXDp6<\/a><\/p>\n<p>\u2014 Carlos Sainz (@Carlossainz55) <a href=\"https:\/\/twitter.com\/Carlossainz55\/status\/1421937317040824322?ref_src=twsrc%5Etfw\">August 1, 2021<\/a><\/p><\/blockquote>\n<p><script async src=\"https:\/\/platform.twitter.com\/widgets.js\" charset=\"utf-8\"><\/script><\/p>\n<div class=\"mvp-post-soc-in\">\n<div id=\"mvp-content-body\" class=\"left relative\">\n<div id=\"mvp-content-body-top\" class=\"left relative\">\n<div id=\"mvp-content-main\" class=\"left relative\">\n<h2>\u00c0 lire aussi<\/h2>\n<ul>\n<li style=\"text-align: justify;\"><a href=\"https:\/\/dicodusport.fr\/blog\/f1-grand-prix-de-hongrie-2021-classement-course\/\"><strong>Le classement du Grand Prix de Hongrie 2021<\/strong><\/a><\/li>\n<li><a href=\"https:\/\/dicodusport.fr\/blog\/formule-1-le-classement-du-championnat-du-monde-des-pilotes-2021\/\"><strong>Le classement du championnat du monde des pilotes<\/strong><\/a><\/li>\n<li><a href=\"https:\/\/dicodusport.fr\/blog\/formule-1-le-classement-du-championnat-du-monde-des-constructeurs-2021\/\"><strong>Le classement du championnat du monde des constructeurs<\/strong><\/a><\/li>\n<li><strong><a href=\"https:\/\/dicodusport.fr\/blog\/f1-championnat-du-monde-2021-calendrier-complet\/\" target=\"_blank\" rel=\"noopener\">F1 \u2013 Championnat du monde 2021 : le calendrier complet<\/a><\/strong><\/li>\n<li><a href=\"https:\/\/dicodusport.fr\/blog\/f1-salaires-des-pilotes-en-2021\/\" target=\"_blank\" rel=\"noopener\"><strong>F1 : les salaires des pilotes en 2021<\/strong><\/a><\/li>\n<\/ul>\n<\/div>\n<\/div>\n<\/div>\n<\/div>\n<p style=\"text-align: justify;\">\n","protected":false},"excerpt":{"rendered":"<p>F1 &#8211; GRAND PRIX DE HONGRIE 2021 &#8211; Sur le circuit du Hungaroring et \u00e0 l&rsquo;occasion de la 11\u00e8me manche de la saison 2021, Esteban Ocon et son \u00e9curie Alpine l&rsquo;ont emport\u00e9 ! Au terme d&rsquo;un d\u00e9part et d&rsquo;une course de folie, Sebastian Vettel (Aston Martin) et Lewis Hamilton (Mercedes) l&rsquo;accompagnent sur le podium. Max Verstappen (Red Bull) perd sa premi\u00e8re place au championnat en ne finissant que 10\u00e8me. L&rsquo;autre Fran\u00e7ais Pierre Gasly (Alpha Tauri) termine 6\u00e8me de la course.<\/p>\n","protected":false},"author":54,"featured_media":154140,"comment_status":"open","ping_status":"closed","sticky":false,"template":"","format":"standard","meta":{"_acf_changed":false,"_daextam_enable_autolinks":"","footnotes":""},"categories":[8653],"tags":[4223,5595,24],"class_list":["post-153826","post","type-post","status-publish","format-standard","has-post-thumbnail","hentry","category-formule-1","tag-esteban-ocon","tag-grand-prix-de-hongrie","tag-sport"],"acf":[],"yoast_head":"<!-- This site is optimized with the Yoast SEO Premium plugin v26.7 (Yoast SEO v26.7) - https:\/\/yoast.com\/wordpress\/plugins\/seo\/ -->\n<title>Grand Prix de Hongrie : Premi\u00e8re victoire d&#039;Esteban Ocon en F1 !<\/title>\n<meta name=\"description\" content=\"F1 - GRAND PRIX DE HONGRIE 2021 - Premi\u00e8re victoire en carri\u00e8re du Fran\u00e7ais Esteban Ocon et de son \u00e9curie Alpine, en Hongrie.\" \/>\n<meta name=\"robots\" content=\"index, follow, max-snippet:-1, max-image-preview:large, max-video-preview:-1\" \/>\n<link rel=\"canonical\" href=\"https:\/\/dicodusport.fr\/blog\/grand-prix-de-hongrie-premiere-victoire-d-esteban-ocon-en-f1\/\" \/>\n<meta property=\"og:locale\" content=\"fr_FR\" \/>\n<meta property=\"og:type\" content=\"article\" \/>\n<meta property=\"og:title\" content=\"Grand Prix de Hongrie : Premi\u00e8re victoire d&#039;Esteban Ocon en F1 !\" \/>\n<meta property=\"og:description\" content=\"F1 - GRAND PRIX DE HONGRIE 2021 - Premi\u00e8re victoire en carri\u00e8re du Fran\u00e7ais Esteban Ocon et de son \u00e9curie Alpine, en Hongrie.\" \/>\n<meta property=\"og:url\" content=\"https:\/\/dicodusport.fr\/blog\/grand-prix-de-hongrie-premiere-victoire-d-esteban-ocon-en-f1\/\" \/>\n<meta property=\"og:site_name\" content=\"Dicodusport\" \/>\n<meta property=\"article:publisher\" content=\"https:\/\/www.facebook.com\/dicodusport\" \/>\n<meta property=\"article:author\" content=\"https:\/\/www.facebook.com\/roxane.lecacher\" \/>\n<meta property=\"article:published_time\" content=\"2021-08-01T15:14:20+00:00\" \/>\n<meta property=\"article:modified_time\" content=\"2021-08-02T10:13:10+00:00\" \/>\n<meta property=\"og:image\" content=\"https:\/\/dicodusport.fr\/blog\/wp-content\/uploads\/2021\/08\/Fomrule-1-Grand-Prix-de-Hongrie-Premiere-victoire-dEsteban-Ocon-en-F1-.png\" \/>\n\t<meta property=\"og:image:width\" content=\"800\" \/>\n\t<meta property=\"og:image:height\" content=\"445\" \/>\n\t<meta property=\"og:image:type\" content=\"image\/png\" \/>\n<meta name=\"author\" content=\"Roxane Lecacher\" \/>\n<meta name=\"twitter:card\" content=\"summary_large_image\" \/>\n<meta name=\"twitter:title\" content=\"Grand Prix de Hongrie : Premi\u00e8re victoire d&#039;Esteban Ocon en F1 !\" \/>\n<meta name=\"twitter:creator\" content=\"@dicodusport\" \/>\n<meta name=\"twitter:site\" content=\"@dicodusport\" \/>\n<script type=\"application\/ld+json\" class=\"yoast-schema-graph\">{\"@context\":\"https:\/\/schema.org\",\"@graph\":[{\"@type\":\"NewsArticle\",\"@id\":\"https:\/\/dicodusport.fr\/blog\/grand-prix-de-hongrie-premiere-victoire-d-esteban-ocon-en-f1\/#article\",\"isPartOf\":{\"@id\":\"https:\/\/dicodusport.fr\/blog\/grand-prix-de-hongrie-premiere-victoire-d-esteban-ocon-en-f1\/\"},\"author\":{\"name\":\"Roxane Lecacher\",\"@id\":\"https:\/\/dicodusport.fr\/blog\/#\/schema\/person\/819fb2545dd2715bd7c0580d6d4b411a\"},\"headline\":\"Grand Prix de Hongrie : Premi\u00e8re victoire d&rsquo;Esteban Ocon en F1 !\",\"datePublished\":\"2021-08-01T15:14:20+00:00\",\"dateModified\":\"2021-08-02T10:13:10+00:00\",\"mainEntityOfPage\":{\"@id\":\"https:\/\/dicodusport.fr\/blog\/grand-prix-de-hongrie-premiere-victoire-d-esteban-ocon-en-f1\/\"},\"wordCount\":1290,\"commentCount\":0,\"publisher\":{\"@id\":\"https:\/\/dicodusport.fr\/blog\/#organization\"},\"image\":{\"@id\":\"https:\/\/dicodusport.fr\/blog\/grand-prix-de-hongrie-premiere-victoire-d-esteban-ocon-en-f1\/#primaryimage\"},\"thumbnailUrl\":\"https:\/\/dicodusport.fr\/blog\/wp-content\/uploads\/2021\/08\/Fomrule-1-Grand-Prix-de-Hongrie-Premiere-victoire-dEsteban-Ocon-en-F1-.png\",\"keywords\":[\"Esteban Ocon\",\"Grand Prix de Hongrie\",\"sport\"],\"articleSection\":[\"Formule 1\"],\"inLanguage\":\"fr-FR\",\"potentialAction\":[{\"@type\":\"CommentAction\",\"name\":\"Comment\",\"target\":[\"https:\/\/dicodusport.fr\/blog\/grand-prix-de-hongrie-premiere-victoire-d-esteban-ocon-en-f1\/#respond\"]}],\"copyrightYear\":\"2021\",\"copyrightHolder\":{\"@id\":\"https:\/\/dicodusport.fr\/blog\/#organization\"}},{\"@type\":\"WebPage\",\"@id\":\"https:\/\/dicodusport.fr\/blog\/grand-prix-de-hongrie-premiere-victoire-d-esteban-ocon-en-f1\/\",\"url\":\"https:\/\/dicodusport.fr\/blog\/grand-prix-de-hongrie-premiere-victoire-d-esteban-ocon-en-f1\/\",\"name\":\"Grand Prix de Hongrie : Premi\u00e8re victoire d'Esteban Ocon en F1 !\",\"isPartOf\":{\"@id\":\"https:\/\/dicodusport.fr\/blog\/#website\"},\"primaryImageOfPage\":{\"@id\":\"https:\/\/dicodusport.fr\/blog\/grand-prix-de-hongrie-premiere-victoire-d-esteban-ocon-en-f1\/#primaryimage\"},\"image\":{\"@id\":\"https:\/\/dicodusport.fr\/blog\/grand-prix-de-hongrie-premiere-victoire-d-esteban-ocon-en-f1\/#primaryimage\"},\"thumbnailUrl\":\"https:\/\/dicodusport.fr\/blog\/wp-content\/uploads\/2021\/08\/Fomrule-1-Grand-Prix-de-Hongrie-Premiere-victoire-dEsteban-Ocon-en-F1-.png\",\"datePublished\":\"2021-08-01T15:14:20+00:00\",\"dateModified\":\"2021-08-02T10:13:10+00:00\",\"description\":\"F1 - GRAND PRIX DE HONGRIE 2021 - Premi\u00e8re victoire en carri\u00e8re du Fran\u00e7ais Esteban Ocon et de son \u00e9curie Alpine, en Hongrie.\",\"breadcrumb\":{\"@id\":\"https:\/\/dicodusport.fr\/blog\/grand-prix-de-hongrie-premiere-victoire-d-esteban-ocon-en-f1\/#breadcrumb\"},\"inLanguage\":\"fr-FR\",\"potentialAction\":[{\"@type\":\"ReadAction\",\"target\":[\"https:\/\/dicodusport.fr\/blog\/grand-prix-de-hongrie-premiere-victoire-d-esteban-ocon-en-f1\/\"]}]},{\"@type\":\"ImageObject\",\"inLanguage\":\"fr-FR\",\"@id\":\"https:\/\/dicodusport.fr\/blog\/grand-prix-de-hongrie-premiere-victoire-d-esteban-ocon-en-f1\/#primaryimage\",\"url\":\"https:\/\/dicodusport.fr\/blog\/wp-content\/uploads\/2021\/08\/Fomrule-1-Grand-Prix-de-Hongrie-Premiere-victoire-dEsteban-Ocon-en-F1-.png\",\"contentUrl\":\"https:\/\/dicodusport.fr\/blog\/wp-content\/uploads\/2021\/08\/Fomrule-1-Grand-Prix-de-Hongrie-Premiere-victoire-dEsteban-Ocon-en-F1-.png\",\"width\":800,\"height\":445,\"caption\":\"Esteban Ocon - Icon Sport\"},{\"@type\":\"BreadcrumbList\",\"@id\":\"https:\/\/dicodusport.fr\/blog\/grand-prix-de-hongrie-premiere-victoire-d-esteban-ocon-en-f1\/#breadcrumb\",\"itemListElement\":[{\"@type\":\"ListItem\",\"position\":1,\"name\":\"Accueil\",\"item\":\"https:\/\/dicodusport.fr\/blog\/\"},{\"@type\":\"ListItem\",\"position\":2,\"name\":\"Grand Prix de Hongrie : Premi\u00e8re victoire d&rsquo;Esteban Ocon en F1 !\"}]},{\"@type\":\"WebSite\",\"@id\":\"https:\/\/dicodusport.fr\/blog\/#website\",\"url\":\"https:\/\/dicodusport.fr\/blog\/\",\"name\":\"Dicodusport\",\"description\":\"L&#039;encyclop\u00e9die de l&#039;actualit\u00e9 sportive\",\"publisher\":{\"@id\":\"https:\/\/dicodusport.fr\/blog\/#organization\"},\"potentialAction\":[{\"@type\":\"SearchAction\",\"target\":{\"@type\":\"EntryPoint\",\"urlTemplate\":\"https:\/\/dicodusport.fr\/blog\/?s={search_term_string}\"},\"query-input\":{\"@type\":\"PropertyValueSpecification\",\"valueRequired\":true,\"valueName\":\"search_term_string\"}}],\"inLanguage\":\"fr-FR\"},{\"@type\":\"NewsMediaOrganization\",\"@id\":\"https:\/\/dicodusport.fr\/blog\/#organization\",\"name\":\"Dicodusport\",\"url\":\"https:\/\/dicodusport.fr\/blog\/\",\"logo\":{\"@type\":\"ImageObject\",\"inLanguage\":\"fr-FR\",\"@id\":\"https:\/\/dicodusport.fr\/blog\/#\/schema\/logo\/image\/\",\"url\":\"https:\/\/dicodusport.fr\/blog\/wp-content\/uploads\/2020\/06\/cropped-LOGO-DICODUSPORT-2020-SANS-FOND-SANS-TEXTE.png\",\"contentUrl\":\"https:\/\/dicodusport.fr\/blog\/wp-content\/uploads\/2020\/06\/cropped-LOGO-DICODUSPORT-2020-SANS-FOND-SANS-TEXTE.png\",\"width\":512,\"height\":512,\"caption\":\"Dicodusport\"},\"image\":{\"@id\":\"https:\/\/dicodusport.fr\/blog\/#\/schema\/logo\/image\/\"},\"sameAs\":[\"https:\/\/www.facebook.com\/dicodusport\",\"https:\/\/x.com\/dicodusport\",\"https:\/\/www.instagram.com\/dicodusport\/\",\"https:\/\/www.youtube.com\/channel\/UC7V2KZ5sd3htJivAbA4ZG3w\"],\"description\":\"Dicodusport est l'encyclop\u00e9die de l'actualit\u00e9 sportive.\",\"email\":\"bonjour@dicodusport.fr\",\"legalName\":\"DICODUSPORT\",\"foundingDate\":\"2018-01-14\",\"vatID\":\"FR71834470973\",\"taxID\":\"83447097300043\",\"numberOfEmployees\":{\"@type\":\"QuantitativeValue\",\"minValue\":\"1\",\"maxValue\":\"10\"}},{\"@type\":\"Person\",\"@id\":\"https:\/\/dicodusport.fr\/blog\/#\/schema\/person\/819fb2545dd2715bd7c0580d6d4b411a\",\"name\":\"Roxane Lecacher\",\"image\":{\"@type\":\"ImageObject\",\"inLanguage\":\"fr-FR\",\"@id\":\"https:\/\/dicodusport.fr\/blog\/#\/schema\/person\/image\/\",\"url\":\"https:\/\/dicodusport.fr\/blog\/wp-content\/uploads\/2021\/05\/Roxane-Lecacher-150x150.jpg\",\"contentUrl\":\"https:\/\/dicodusport.fr\/blog\/wp-content\/uploads\/2021\/05\/Roxane-Lecacher-150x150.jpg\",\"caption\":\"Roxane Lecacher\"},\"description\":\"Journaliste\/r\u00e9dactrice depuis janvier 2021 - N\u00e9e quelques jours avant la premi\u00e8re \u00e9toile des Bleus, je baigne dans une famille tr\u00e8s sportive. Je n\u2019ai eu d\u2019autres choix que de me passionner pour le sujet. Pratiquante de l\u2019athl\u00e9tisme depuis toute petite, j\u2019ai aussi un attrait tout particulier pour la Formule 1, le biathlon et le foot. Pendant les grands \u00e9v\u00e9nements, il est impossible de d\u00e9crocher de ma t\u00e9l\u00e9. C\u2019est \u00e0 travers Dicodusport que j\u2019aime d\u00e9sormais vous transmettre mes \u00e9motions et ma passion.\",\"sameAs\":[\"https:\/\/www.facebook.com\/roxane.lecacher\",\"https:\/\/fr.linkedin.com\/in\/roxane-lecacher-23368313b\"],\"url\":\"https:\/\/dicodusport.fr\/blog\/author\/roxanel\/\"}]}<\/script>\n<!-- \/ Yoast SEO Premium plugin. -->","yoast_head_json":{"title":"Grand Prix de Hongrie : Premi\u00e8re victoire d'Esteban Ocon en F1 !","description":"F1 - GRAND PRIX DE HONGRIE 2021 - Premi\u00e8re victoire en carri\u00e8re du Fran\u00e7ais Esteban Ocon et de son \u00e9curie Alpine, en Hongrie.","robots":{"index":"index","follow":"follow","max-snippet":"max-snippet:-1","max-image-preview":"max-image-preview:large","max-video-preview":"max-video-preview:-1"},"canonical":"https:\/\/dicodusport.fr\/blog\/grand-prix-de-hongrie-premiere-victoire-d-esteban-ocon-en-f1\/","og_locale":"fr_FR","og_type":"article","og_title":"Grand Prix de Hongrie : Premi\u00e8re victoire d'Esteban Ocon en F1 !","og_description":"F1 - GRAND PRIX DE HONGRIE 2021 - Premi\u00e8re victoire en carri\u00e8re du Fran\u00e7ais Esteban Ocon et de son \u00e9curie Alpine, en Hongrie.","og_url":"https:\/\/dicodusport.fr\/blog\/grand-prix-de-hongrie-premiere-victoire-d-esteban-ocon-en-f1\/","og_site_name":"Dicodusport","article_publisher":"https:\/\/www.facebook.com\/dicodusport","article_author":"https:\/\/www.facebook.com\/roxane.lecacher","article_published_time":"2021-08-01T15:14:20+00:00","article_modified_time":"2021-08-02T10:13:10+00:00","og_image":[{"width":800,"height":445,"url":"https:\/\/dicodusport.fr\/blog\/wp-content\/uploads\/2021\/08\/Fomrule-1-Grand-Prix-de-Hongrie-Premiere-victoire-dEsteban-Ocon-en-F1-.png","type":"image\/png"}],"author":"Roxane Lecacher","twitter_card":"summary_large_image","twitter_title":"Grand Prix de Hongrie : Premi\u00e8re victoire d'Esteban Ocon en F1 !","twitter_creator":"@dicodusport","twitter_site":"@dicodusport","schema":{"@context":"https:\/\/schema.org","@graph":[{"@type":"NewsArticle","@id":"https:\/\/dicodusport.fr\/blog\/grand-prix-de-hongrie-premiere-victoire-d-esteban-ocon-en-f1\/#article","isPartOf":{"@id":"https:\/\/dicodusport.fr\/blog\/grand-prix-de-hongrie-premiere-victoire-d-esteban-ocon-en-f1\/"},"author":{"name":"Roxane Lecacher","@id":"https:\/\/dicodusport.fr\/blog\/#\/schema\/person\/819fb2545dd2715bd7c0580d6d4b411a"},"headline":"Grand Prix de Hongrie : Premi\u00e8re victoire d&rsquo;Esteban Ocon en F1 !","datePublished":"2021-08-01T15:14:20+00:00","dateModified":"2021-08-02T10:13:10+00:00","mainEntityOfPage":{"@id":"https:\/\/dicodusport.fr\/blog\/grand-prix-de-hongrie-premiere-victoire-d-esteban-ocon-en-f1\/"},"wordCount":1290,"commentCount":0,"publisher":{"@id":"https:\/\/dicodusport.fr\/blog\/#organization"},"image":{"@id":"https:\/\/dicodusport.fr\/blog\/grand-prix-de-hongrie-premiere-victoire-d-esteban-ocon-en-f1\/#primaryimage"},"thumbnailUrl":"https:\/\/dicodusport.fr\/blog\/wp-content\/uploads\/2021\/08\/Fomrule-1-Grand-Prix-de-Hongrie-Premiere-victoire-dEsteban-Ocon-en-F1-.png","keywords":["Esteban Ocon","Grand Prix de Hongrie","sport"],"articleSection":["Formule 1"],"inLanguage":"fr-FR","potentialAction":[{"@type":"CommentAction","name":"Comment","target":["https:\/\/dicodusport.fr\/blog\/grand-prix-de-hongrie-premiere-victoire-d-esteban-ocon-en-f1\/#respond"]}],"copyrightYear":"2021","copyrightHolder":{"@id":"https:\/\/dicodusport.fr\/blog\/#organization"}},{"@type":"WebPage","@id":"https:\/\/dicodusport.fr\/blog\/grand-prix-de-hongrie-premiere-victoire-d-esteban-ocon-en-f1\/","url":"https:\/\/dicodusport.fr\/blog\/grand-prix-de-hongrie-premiere-victoire-d-esteban-ocon-en-f1\/","name":"Grand Prix de Hongrie : Premi\u00e8re victoire d'Esteban Ocon en F1 !","isPartOf":{"@id":"https:\/\/dicodusport.fr\/blog\/#website"},"primaryImageOfPage":{"@id":"https:\/\/dicodusport.fr\/blog\/grand-prix-de-hongrie-premiere-victoire-d-esteban-ocon-en-f1\/#primaryimage"},"image":{"@id":"https:\/\/dicodusport.fr\/blog\/grand-prix-de-hongrie-premiere-victoire-d-esteban-ocon-en-f1\/#primaryimage"},"thumbnailUrl":"https:\/\/dicodusport.fr\/blog\/wp-content\/uploads\/2021\/08\/Fomrule-1-Grand-Prix-de-Hongrie-Premiere-victoire-dEsteban-Ocon-en-F1-.png","datePublished":"2021-08-01T15:14:20+00:00","dateModified":"2021-08-02T10:13:10+00:00","description":"F1 - GRAND PRIX DE HONGRIE 2021 - Premi\u00e8re victoire en carri\u00e8re du Fran\u00e7ais Esteban Ocon et de son \u00e9curie Alpine, en Hongrie.","breadcrumb":{"@id":"https:\/\/dicodusport.fr\/blog\/grand-prix-de-hongrie-premiere-victoire-d-esteban-ocon-en-f1\/#breadcrumb"},"inLanguage":"fr-FR","potentialAction":[{"@type":"ReadAction","target":["https:\/\/dicodusport.fr\/blog\/grand-prix-de-hongrie-premiere-victoire-d-esteban-ocon-en-f1\/"]}]},{"@type":"ImageObject","inLanguage":"fr-FR","@id":"https:\/\/dicodusport.fr\/blog\/grand-prix-de-hongrie-premiere-victoire-d-esteban-ocon-en-f1\/#primaryimage","url":"https:\/\/dicodusport.fr\/blog\/wp-content\/uploads\/2021\/08\/Fomrule-1-Grand-Prix-de-Hongrie-Premiere-victoire-dEsteban-Ocon-en-F1-.png","contentUrl":"https:\/\/dicodusport.fr\/blog\/wp-content\/uploads\/2021\/08\/Fomrule-1-Grand-Prix-de-Hongrie-Premiere-victoire-dEsteban-Ocon-en-F1-.png","width":800,"height":445,"caption":"Esteban Ocon - Icon Sport"},{"@type":"BreadcrumbList","@id":"https:\/\/dicodusport.fr\/blog\/grand-prix-de-hongrie-premiere-victoire-d-esteban-ocon-en-f1\/#breadcrumb","itemListElement":[{"@type":"ListItem","position":1,"name":"Accueil","item":"https:\/\/dicodusport.fr\/blog\/"},{"@type":"ListItem","position":2,"name":"Grand Prix de Hongrie : Premi\u00e8re victoire d&rsquo;Esteban Ocon en F1 !"}]},{"@type":"WebSite","@id":"https:\/\/dicodusport.fr\/blog\/#website","url":"https:\/\/dicodusport.fr\/blog\/","name":"Dicodusport","description":"L&#039;encyclop\u00e9die de l&#039;actualit\u00e9 sportive","publisher":{"@id":"https:\/\/dicodusport.fr\/blog\/#organization"},"potentialAction":[{"@type":"SearchAction","target":{"@type":"EntryPoint","urlTemplate":"https:\/\/dicodusport.fr\/blog\/?s={search_term_string}"},"query-input":{"@type":"PropertyValueSpecification","valueRequired":true,"valueName":"search_term_string"}}],"inLanguage":"fr-FR"},{"@type":"NewsMediaOrganization","@id":"https:\/\/dicodusport.fr\/blog\/#organization","name":"Dicodusport","url":"https:\/\/dicodusport.fr\/blog\/","logo":{"@type":"ImageObject","inLanguage":"fr-FR","@id":"https:\/\/dicodusport.fr\/blog\/#\/schema\/logo\/image\/","url":"https:\/\/dicodusport.fr\/blog\/wp-content\/uploads\/2020\/06\/cropped-LOGO-DICODUSPORT-2020-SANS-FOND-SANS-TEXTE.png","contentUrl":"https:\/\/dicodusport.fr\/blog\/wp-content\/uploads\/2020\/06\/cropped-LOGO-DICODUSPORT-2020-SANS-FOND-SANS-TEXTE.png","width":512,"height":512,"caption":"Dicodusport"},"image":{"@id":"https:\/\/dicodusport.fr\/blog\/#\/schema\/logo\/image\/"},"sameAs":["https:\/\/www.facebook.com\/dicodusport","https:\/\/x.com\/dicodusport","https:\/\/www.instagram.com\/dicodusport\/","https:\/\/www.youtube.com\/channel\/UC7V2KZ5sd3htJivAbA4ZG3w"],"description":"Dicodusport est l'encyclop\u00e9die de l'actualit\u00e9 sportive.","email":"bonjour@dicodusport.fr","legalName":"DICODUSPORT","foundingDate":"2018-01-14","vatID":"FR71834470973","taxID":"83447097300043","numberOfEmployees":{"@type":"QuantitativeValue","minValue":"1","maxValue":"10"}},{"@type":"Person","@id":"https:\/\/dicodusport.fr\/blog\/#\/schema\/person\/819fb2545dd2715bd7c0580d6d4b411a","name":"Roxane Lecacher","image":{"@type":"ImageObject","inLanguage":"fr-FR","@id":"https:\/\/dicodusport.fr\/blog\/#\/schema\/person\/image\/","url":"https:\/\/dicodusport.fr\/blog\/wp-content\/uploads\/2021\/05\/Roxane-Lecacher-150x150.jpg","contentUrl":"https:\/\/dicodusport.fr\/blog\/wp-content\/uploads\/2021\/05\/Roxane-Lecacher-150x150.jpg","caption":"Roxane Lecacher"},"description":"Journaliste\/r\u00e9dactrice depuis janvier 2021 - N\u00e9e quelques jours avant la premi\u00e8re \u00e9toile des Bleus, je baigne dans une famille tr\u00e8s sportive. Je n\u2019ai eu d\u2019autres choix que de me passionner pour le sujet. Pratiquante de l\u2019athl\u00e9tisme depuis toute petite, j\u2019ai aussi un attrait tout particulier pour la Formule 1, le biathlon et le foot. Pendant les grands \u00e9v\u00e9nements, il est impossible de d\u00e9crocher de ma t\u00e9l\u00e9. C\u2019est \u00e0 travers Dicodusport que j\u2019aime d\u00e9sormais vous transmettre mes \u00e9motions et ma passion.","sameAs":["https:\/\/www.facebook.com\/roxane.lecacher","https:\/\/fr.linkedin.com\/in\/roxane-lecacher-23368313b"],"url":"https:\/\/dicodusport.fr\/blog\/author\/roxanel\/"}]}},"_links":{"self":[{"href":"https:\/\/dicodusport.fr\/blog\/wp-json\/wp\/v2\/posts\/153826","targetHints":{"allow":["GET"]}}],"collection":[{"href":"https:\/\/dicodusport.fr\/blog\/wp-json\/wp\/v2\/posts"}],"about":[{"href":"https:\/\/dicodusport.fr\/blog\/wp-json\/wp\/v2\/types\/post"}],"author":[{"embeddable":true,"href":"https:\/\/dicodusport.fr\/blog\/wp-json\/wp\/v2\/users\/54"}],"replies":[{"embeddable":true,"href":"https:\/\/dicodusport.fr\/blog\/wp-json\/wp\/v2\/comments?post=153826"}],"version-history":[{"count":0,"href":"https:\/\/dicodusport.fr\/blog\/wp-json\/wp\/v2\/posts\/153826\/revisions"}],"wp:featuredmedia":[{"embeddable":true,"href":"https:\/\/dicodusport.fr\/blog\/wp-json\/wp\/v2\/media\/154140"}],"wp:attachment":[{"href":"https:\/\/dicodusport.fr\/blog\/wp-json\/wp\/v2\/media?parent=153826"}],"wp:term":[{"taxonomy":"category","embeddable":true,"href":"https:\/\/dicodusport.fr\/blog\/wp-json\/wp\/v2\/categories?post=153826"},{"taxonomy":"post_tag","embeddable":true,"href":"https:\/\/dicodusport.fr\/blog\/wp-json\/wp\/v2\/tags?post=153826"}],"curies":[{"name":"wp","href":"https:\/\/api.w.org\/{rel}","templated":true}]}}