{"id":153917,"date":"2021-08-01T18:24:10","date_gmt":"2021-08-01T16:24:10","guid":{"rendered":"https:\/\/dicodusport.fr\/blog\/?p=153917&#038;preview=true&#038;preview_id=153917"},"modified":"2021-08-01T20:58:20","modified_gmt":"2021-08-01T18:58:20","slug":"esteban-ocon-on-a-connu-des-moments-difficiles-mais-on-a-reussi-a-depasser-ca","status":"publish","type":"post","link":"https:\/\/dicodusport.fr\/blog\/esteban-ocon-on-a-connu-des-moments-difficiles-mais-on-a-reussi-a-depasser-ca\/","title":{"rendered":"Esteban Ocon : \u00ab On a connu des moments difficiles mais on a r\u00e9ussi \u00e0 d\u00e9passer \u00e7a \u00bb"},"content":{"rendered":"<p style=\"text-align: justify;\"><strong><em>F1 2021 &#8211; <a href=\"https:\/\/dicodusport.fr\/blog\/grand-prix-de-hongrie-premiere-victoire-d-esteban-ocon-en-f1\/\">Vainqueur de son premier Grand Prix en Hongrie<\/a>, Esteban Ocon (Alpine) ne cachait pas sa joie apr\u00e8s la course, lui qui est devenu le 14\u00e8me pilote fran\u00e7ais \u00e0 s&rsquo;imposer en F1.<\/em><\/strong><\/p>\n<p style=\"text-align: justify;\">Pour sa 78\u00e8me victoire en Formule 1, <strong>Esteban Ocon<\/strong> a donc go\u00fbt\u00e9 \u00e0 la victoire. Et de quelle mani\u00e8re. En t\u00eate pendant quasiment toute la course, le Fran\u00e7ais de 24 ans a r\u00e9sist\u00e9 toute la course \u00e0 un certain Sebastian Vettel (Aston Martin), quadruple champion du monde. La joie \u00e9tait forc\u00e9ment de mise \u00e0 l&rsquo;arriv\u00e9e, lui qui a connu quelques Grands Prix difficiles au printemps et au d\u00e9but de l&rsquo;\u00e9t\u00e9. Il n&rsquo;a pas manqu\u00e9 non plus de f\u00e9liciter son co\u00e9quipier <strong>Fernando Alonso<\/strong>, qui a admirablement d\u00e9fendu devant Lewis Hamilton durant une dizaine de tours.<\/p>\n<blockquote>\n<p style=\"text-align: justify;\">Quel moment ! Je me sens tellement bien, c&rsquo;est incroyable ! Je suis tellement heureux pour l&rsquo;\u00e9quipe, avec cette premi\u00e8re victoire depuis le d\u00e9but de Renault en Formule 1. On a connu des moments difficiles mais on a r\u00e9ussi \u00e0 d\u00e9passer \u00e7a en tant qu&rsquo;\u00e9quipe. On avait du rythme \u00e0 Silverstone, et aujourd&rsquo;hui je gagne ! F\u00e9licitations aussi \u00e0 Fernando Alonso car cette victoire, c&rsquo;est aussi gr\u00e2ce \u00e0 lui ! C&rsquo;est un travail d&rsquo;\u00e9quipe, et \u00e7a a \u00e9t\u00e9 une journ\u00e9e fantastique ! [&#8230;] Un immense merci \u00e0 ceux qui ont eu confiance en moi.<\/p>\n<\/blockquote>\n<blockquote class=\"twitter-tweet\">\n<p dir=\"ltr\" lang=\"fr\">Esteban Ocon &#x1f1eb;&#x1f1f7; : \u00ab\u00a0On a connu des moments difficiles mais on a r\u00e9ussi \u00e0 d\u00e9passer \u00e7a en tant qu&rsquo;\u00e9quipe [&#8230;] Un immense merci \u00e0 ceux qui ont eu confiance en moi.\u00a0\u00bb &#x1f5e3;&#xfe0f;<a href=\"https:\/\/twitter.com\/hashtag\/HungarianGP?src=hash&amp;ref_src=twsrc%5Etfw\">#HungarianGP<\/a> &#x1f1ed;&#x1f1fa;<\/p>\n<p>&#x25b6;&#xfe0f; <a href=\"https:\/\/t.co\/7plkVVV12v\">https:\/\/t.co\/7plkVVV12v<\/a> <a href=\"https:\/\/t.co\/2TlwQlIIdA\">pic.twitter.com\/2TlwQlIIdA<\/a><\/p>\n<p>\u2014 CANAL+ F1\u00ae (@CanalplusF1) <a href=\"https:\/\/twitter.com\/CanalplusF1\/status\/1421854729504690183?ref_src=twsrc%5Etfw\">August 1, 2021<\/a><\/p><\/blockquote>\n<p><script async src=\"https:\/\/platform.twitter.com\/widgets.js\" charset=\"utf-8\"><\/script><\/p>\n","protected":false},"excerpt":{"rendered":"<p>F1 2021 &#8211; Vainqueur de son premier Grand Prix en Hongrie, Esteban Ocon (Alpine) ne cachait pas sa joie apr\u00e8s la course, lui qui est devenu le 14\u00e8me pilote fran\u00e7ais \u00e0 s&rsquo;imposer en F1.<\/p>\n","protected":false},"author":4,"featured_media":153923,"comment_status":"open","ping_status":"closed","sticky":false,"template":"","format":"standard","meta":{"_acf_changed":false,"_daextam_enable_autolinks":"","footnotes":""},"categories":[8653],"tags":[4223,18299],"class_list":["post-153917","post","type-post","status-publish","format-standard","has-post-thumbnail","hentry","category-formule-1","tag-esteban-ocon","tag-grand-prix-de-hongrie-f1"],"acf":[],"yoast_head":"<!-- This site is optimized with the Yoast SEO Premium plugin v26.7 (Yoast SEO v26.7) - https:\/\/yoast.com\/wordpress\/plugins\/seo\/ -->\n<title>Esteban Ocon : \u00ab On a connu des moments difficiles mais on a r\u00e9ussi \u00e0 d\u00e9passer \u00e7a \u00bb<\/title>\n<meta name=\"description\" content=\"F1 2021 - Vainqueur de son premier Grand Prix en Hongrie, Esteban Ocon (Alpine) ne cachait pas sa joie apr\u00e8s la course.\" \/>\n<meta name=\"robots\" content=\"index, follow, max-snippet:-1, max-image-preview:large, max-video-preview:-1\" \/>\n<link rel=\"canonical\" href=\"https:\/\/dicodusport.fr\/blog\/esteban-ocon-on-a-connu-des-moments-difficiles-mais-on-a-reussi-a-depasser-ca\/\" \/>\n<meta property=\"og:locale\" content=\"fr_FR\" \/>\n<meta property=\"og:type\" content=\"article\" \/>\n<meta property=\"og:title\" content=\"Esteban Ocon : \u00ab On a connu des moments difficiles mais on a r\u00e9ussi \u00e0 d\u00e9passer \u00e7a \u00bb\" \/>\n<meta property=\"og:description\" content=\"F1 2021 - Vainqueur de son premier Grand Prix en Hongrie, Esteban Ocon (Alpine) ne cachait pas sa joie apr\u00e8s la course.\" \/>\n<meta property=\"og:url\" content=\"https:\/\/dicodusport.fr\/blog\/esteban-ocon-on-a-connu-des-moments-difficiles-mais-on-a-reussi-a-depasser-ca\/\" \/>\n<meta property=\"og:site_name\" content=\"Dicodusport\" \/>\n<meta property=\"article:publisher\" content=\"https:\/\/www.facebook.com\/dicodusport\" \/>\n<meta property=\"article:author\" content=\"https:\/\/www.facebook.com\/florent.ostermann\" \/>\n<meta property=\"article:published_time\" content=\"2021-08-01T16:24:10+00:00\" \/>\n<meta property=\"article:modified_time\" content=\"2021-08-01T18:58:20+00:00\" \/>\n<meta property=\"og:image\" content=\"https:\/\/dicodusport.fr\/blog\/wp-content\/uploads\/2021\/08\/Esteban-Ocon-On-a-connu-des-moments-difficiles-mais-on-a-reussi-a-depasser-ca-.png\" \/>\n\t<meta property=\"og:image:width\" content=\"800\" \/>\n\t<meta property=\"og:image:height\" content=\"445\" \/>\n\t<meta property=\"og:image:type\" content=\"image\/png\" \/>\n<meta name=\"author\" content=\"Flo Ostermann\" \/>\n<meta name=\"twitter:card\" content=\"summary_large_image\" \/>\n<meta name=\"twitter:title\" content=\"Esteban Ocon : \u00ab On a connu des moments difficiles mais on a r\u00e9ussi \u00e0 d\u00e9passer \u00e7a \u00bb\" \/>\n<meta name=\"twitter:creator\" content=\"@https:\/\/twitter.com\/FlOstermann\" \/>\n<meta name=\"twitter:site\" content=\"@dicodusport\" \/>\n<script type=\"application\/ld+json\" class=\"yoast-schema-graph\">{\"@context\":\"https:\/\/schema.org\",\"@graph\":[{\"@type\":\"NewsArticle\",\"@id\":\"https:\/\/dicodusport.fr\/blog\/esteban-ocon-on-a-connu-des-moments-difficiles-mais-on-a-reussi-a-depasser-ca\/#article\",\"isPartOf\":{\"@id\":\"https:\/\/dicodusport.fr\/blog\/esteban-ocon-on-a-connu-des-moments-difficiles-mais-on-a-reussi-a-depasser-ca\/\"},\"author\":{\"name\":\"Flo Ostermann\",\"@id\":\"https:\/\/dicodusport.fr\/blog\/#\/schema\/person\/cb02af4c173ce4a653b55e9baf388d4a\"},\"headline\":\"Esteban Ocon : \u00ab On a connu des moments difficiles mais on a r\u00e9ussi \u00e0 d\u00e9passer \u00e7a \u00bb\",\"datePublished\":\"2021-08-01T16:24:10+00:00\",\"dateModified\":\"2021-08-01T18:58:20+00:00\",\"mainEntityOfPage\":{\"@id\":\"https:\/\/dicodusport.fr\/blog\/esteban-ocon-on-a-connu-des-moments-difficiles-mais-on-a-reussi-a-depasser-ca\/\"},\"wordCount\":315,\"commentCount\":0,\"publisher\":{\"@id\":\"https:\/\/dicodusport.fr\/blog\/#organization\"},\"image\":{\"@id\":\"https:\/\/dicodusport.fr\/blog\/esteban-ocon-on-a-connu-des-moments-difficiles-mais-on-a-reussi-a-depasser-ca\/#primaryimage\"},\"thumbnailUrl\":\"https:\/\/dicodusport.fr\/blog\/wp-content\/uploads\/2021\/08\/Esteban-Ocon-On-a-connu-des-moments-difficiles-mais-on-a-reussi-a-depasser-ca-.png\",\"keywords\":[\"Esteban Ocon\",\"Grand Prix de Hongrie F1\"],\"articleSection\":[\"Formule 1\"],\"inLanguage\":\"fr-FR\",\"potentialAction\":[{\"@type\":\"CommentAction\",\"name\":\"Comment\",\"target\":[\"https:\/\/dicodusport.fr\/blog\/esteban-ocon-on-a-connu-des-moments-difficiles-mais-on-a-reussi-a-depasser-ca\/#respond\"]}],\"copyrightYear\":\"2021\",\"copyrightHolder\":{\"@id\":\"https:\/\/dicodusport.fr\/blog\/#organization\"}},{\"@type\":\"WebPage\",\"@id\":\"https:\/\/dicodusport.fr\/blog\/esteban-ocon-on-a-connu-des-moments-difficiles-mais-on-a-reussi-a-depasser-ca\/\",\"url\":\"https:\/\/dicodusport.fr\/blog\/esteban-ocon-on-a-connu-des-moments-difficiles-mais-on-a-reussi-a-depasser-ca\/\",\"name\":\"Esteban Ocon : \u00ab On a connu des moments difficiles mais on a r\u00e9ussi \u00e0 d\u00e9passer \u00e7a \u00bb\",\"isPartOf\":{\"@id\":\"https:\/\/dicodusport.fr\/blog\/#website\"},\"primaryImageOfPage\":{\"@id\":\"https:\/\/dicodusport.fr\/blog\/esteban-ocon-on-a-connu-des-moments-difficiles-mais-on-a-reussi-a-depasser-ca\/#primaryimage\"},\"image\":{\"@id\":\"https:\/\/dicodusport.fr\/blog\/esteban-ocon-on-a-connu-des-moments-difficiles-mais-on-a-reussi-a-depasser-ca\/#primaryimage\"},\"thumbnailUrl\":\"https:\/\/dicodusport.fr\/blog\/wp-content\/uploads\/2021\/08\/Esteban-Ocon-On-a-connu-des-moments-difficiles-mais-on-a-reussi-a-depasser-ca-.png\",\"datePublished\":\"2021-08-01T16:24:10+00:00\",\"dateModified\":\"2021-08-01T18:58:20+00:00\",\"description\":\"F1 2021 - Vainqueur de son premier Grand Prix en Hongrie, Esteban Ocon (Alpine) ne cachait pas sa joie apr\u00e8s la course.\",\"breadcrumb\":{\"@id\":\"https:\/\/dicodusport.fr\/blog\/esteban-ocon-on-a-connu-des-moments-difficiles-mais-on-a-reussi-a-depasser-ca\/#breadcrumb\"},\"inLanguage\":\"fr-FR\",\"potentialAction\":[{\"@type\":\"ReadAction\",\"target\":[\"https:\/\/dicodusport.fr\/blog\/esteban-ocon-on-a-connu-des-moments-difficiles-mais-on-a-reussi-a-depasser-ca\/\"]}]},{\"@type\":\"ImageObject\",\"inLanguage\":\"fr-FR\",\"@id\":\"https:\/\/dicodusport.fr\/blog\/esteban-ocon-on-a-connu-des-moments-difficiles-mais-on-a-reussi-a-depasser-ca\/#primaryimage\",\"url\":\"https:\/\/dicodusport.fr\/blog\/wp-content\/uploads\/2021\/08\/Esteban-Ocon-On-a-connu-des-moments-difficiles-mais-on-a-reussi-a-depasser-ca-.png\",\"contentUrl\":\"https:\/\/dicodusport.fr\/blog\/wp-content\/uploads\/2021\/08\/Esteban-Ocon-On-a-connu-des-moments-difficiles-mais-on-a-reussi-a-depasser-ca-.png\",\"width\":800,\"height\":445,\"caption\":\"Esteban Ocon \u00ab On a connu des moments difficiles mais on a r\u00e9ussi \u00e0 d\u00e9passer \u00e7a \u00bb\"},{\"@type\":\"BreadcrumbList\",\"@id\":\"https:\/\/dicodusport.fr\/blog\/esteban-ocon-on-a-connu-des-moments-difficiles-mais-on-a-reussi-a-depasser-ca\/#breadcrumb\",\"itemListElement\":[{\"@type\":\"ListItem\",\"position\":1,\"name\":\"Accueil\",\"item\":\"https:\/\/dicodusport.fr\/blog\/\"},{\"@type\":\"ListItem\",\"position\":2,\"name\":\"Esteban Ocon : \u00ab On a connu des moments difficiles mais on a r\u00e9ussi \u00e0 d\u00e9passer \u00e7a \u00bb\"}]},{\"@type\":\"WebSite\",\"@id\":\"https:\/\/dicodusport.fr\/blog\/#website\",\"url\":\"https:\/\/dicodusport.fr\/blog\/\",\"name\":\"Dicodusport\",\"description\":\"L&#039;encyclop\u00e9die de l&#039;actualit\u00e9 sportive\",\"publisher\":{\"@id\":\"https:\/\/dicodusport.fr\/blog\/#organization\"},\"potentialAction\":[{\"@type\":\"SearchAction\",\"target\":{\"@type\":\"EntryPoint\",\"urlTemplate\":\"https:\/\/dicodusport.fr\/blog\/?s={search_term_string}\"},\"query-input\":{\"@type\":\"PropertyValueSpecification\",\"valueRequired\":true,\"valueName\":\"search_term_string\"}}],\"inLanguage\":\"fr-FR\"},{\"@type\":\"NewsMediaOrganization\",\"@id\":\"https:\/\/dicodusport.fr\/blog\/#organization\",\"name\":\"Dicodusport\",\"url\":\"https:\/\/dicodusport.fr\/blog\/\",\"logo\":{\"@type\":\"ImageObject\",\"inLanguage\":\"fr-FR\",\"@id\":\"https:\/\/dicodusport.fr\/blog\/#\/schema\/logo\/image\/\",\"url\":\"https:\/\/dicodusport.fr\/blog\/wp-content\/uploads\/2020\/06\/cropped-LOGO-DICODUSPORT-2020-SANS-FOND-SANS-TEXTE.png\",\"contentUrl\":\"https:\/\/dicodusport.fr\/blog\/wp-content\/uploads\/2020\/06\/cropped-LOGO-DICODUSPORT-2020-SANS-FOND-SANS-TEXTE.png\",\"width\":512,\"height\":512,\"caption\":\"Dicodusport\"},\"image\":{\"@id\":\"https:\/\/dicodusport.fr\/blog\/#\/schema\/logo\/image\/\"},\"sameAs\":[\"https:\/\/www.facebook.com\/dicodusport\",\"https:\/\/x.com\/dicodusport\",\"https:\/\/www.instagram.com\/dicodusport\/\",\"https:\/\/www.youtube.com\/channel\/UC7V2KZ5sd3htJivAbA4ZG3w\"],\"description\":\"Dicodusport est l'encyclop\u00e9die de l'actualit\u00e9 sportive.\",\"email\":\"bonjour@dicodusport.fr\",\"legalName\":\"DICODUSPORT\",\"foundingDate\":\"2018-01-14\",\"vatID\":\"FR71834470973\",\"taxID\":\"83447097300043\",\"numberOfEmployees\":{\"@type\":\"QuantitativeValue\",\"minValue\":\"1\",\"maxValue\":\"10\"}},{\"@type\":\"Person\",\"@id\":\"https:\/\/dicodusport.fr\/blog\/#\/schema\/person\/cb02af4c173ce4a653b55e9baf388d4a\",\"name\":\"Flo Ostermann\",\"image\":{\"@type\":\"ImageObject\",\"inLanguage\":\"fr-FR\",\"@id\":\"https:\/\/dicodusport.fr\/blog\/#\/schema\/person\/image\/\",\"url\":\"https:\/\/dicodusport.fr\/blog\/wp-content\/uploads\/2021\/05\/Flo-Ostermann-150x150.jpg\",\"contentUrl\":\"https:\/\/dicodusport.fr\/blog\/wp-content\/uploads\/2021\/05\/Flo-Ostermann-150x150.jpg\",\"caption\":\"Flo Ostermann\"},\"description\":\"Journaliste\/R\u00e9dacteur depuis septembre 2015 - Mes premiers souvenirs dans le sport ? Les envol\u00e9es du Stade Toulousain et les duels Villeneuve-Schumacher et H\u00e4kkinen-Schumacher \u00e0 la fin des ann\u00e9es 90, la Coupe du monde de football en 1998, l\u2019exploit du XV de France face aux All Blacks en 1999, mais aussi Richard C\u0153ur de Lion qui vole sur les montagnes du Tour de France. Bien parti pour devenir professeur d\u2019EPS, les \u00e9v\u00e9nements de la vie (et la flemme d\u2019animer des s\u00e9ances de 3x500 m\u00e8tres toute ma vie) m\u2019ont conduit \u00e0 revoir mes plans. Me voil\u00e0 depuis fin 2017 sur Dicodusport, m\u00e9dia gr\u00e2ce (et pour) lequel je partage ma passion : le sport dans tous ses \u00e9tats. Le tout accompagn\u00e9 par les fous furieux et folles furieuses cit\u00e9s sur cette page !\",\"sameAs\":[\"https:\/\/www.facebook.com\/florent.ostermann\",\"https:\/\/x.com\/https:\/\/twitter.com\/FlOstermann\",\"admin\"],\"url\":\"https:\/\/dicodusport.fr\/blog\/author\/flo\/\"}]}<\/script>\n<!-- \/ Yoast SEO Premium plugin. -->","yoast_head_json":{"title":"Esteban Ocon : \u00ab On a connu des moments difficiles mais on a r\u00e9ussi \u00e0 d\u00e9passer \u00e7a \u00bb","description":"F1 2021 - Vainqueur de son premier Grand Prix en Hongrie, Esteban Ocon (Alpine) ne cachait pas sa joie apr\u00e8s la course.","robots":{"index":"index","follow":"follow","max-snippet":"max-snippet:-1","max-image-preview":"max-image-preview:large","max-video-preview":"max-video-preview:-1"},"canonical":"https:\/\/dicodusport.fr\/blog\/esteban-ocon-on-a-connu-des-moments-difficiles-mais-on-a-reussi-a-depasser-ca\/","og_locale":"fr_FR","og_type":"article","og_title":"Esteban Ocon : \u00ab On a connu des moments difficiles mais on a r\u00e9ussi \u00e0 d\u00e9passer \u00e7a \u00bb","og_description":"F1 2021 - Vainqueur de son premier Grand Prix en Hongrie, Esteban Ocon (Alpine) ne cachait pas sa joie apr\u00e8s la course.","og_url":"https:\/\/dicodusport.fr\/blog\/esteban-ocon-on-a-connu-des-moments-difficiles-mais-on-a-reussi-a-depasser-ca\/","og_site_name":"Dicodusport","article_publisher":"https:\/\/www.facebook.com\/dicodusport","article_author":"https:\/\/www.facebook.com\/florent.ostermann","article_published_time":"2021-08-01T16:24:10+00:00","article_modified_time":"2021-08-01T18:58:20+00:00","og_image":[{"width":800,"height":445,"url":"https:\/\/dicodusport.fr\/blog\/wp-content\/uploads\/2021\/08\/Esteban-Ocon-On-a-connu-des-moments-difficiles-mais-on-a-reussi-a-depasser-ca-.png","type":"image\/png"}],"author":"Flo Ostermann","twitter_card":"summary_large_image","twitter_title":"Esteban Ocon : \u00ab On a connu des moments difficiles mais on a r\u00e9ussi \u00e0 d\u00e9passer \u00e7a \u00bb","twitter_creator":"@https:\/\/twitter.com\/FlOstermann","twitter_site":"@dicodusport","schema":{"@context":"https:\/\/schema.org","@graph":[{"@type":"NewsArticle","@id":"https:\/\/dicodusport.fr\/blog\/esteban-ocon-on-a-connu-des-moments-difficiles-mais-on-a-reussi-a-depasser-ca\/#article","isPartOf":{"@id":"https:\/\/dicodusport.fr\/blog\/esteban-ocon-on-a-connu-des-moments-difficiles-mais-on-a-reussi-a-depasser-ca\/"},"author":{"name":"Flo Ostermann","@id":"https:\/\/dicodusport.fr\/blog\/#\/schema\/person\/cb02af4c173ce4a653b55e9baf388d4a"},"headline":"Esteban Ocon : \u00ab On a connu des moments difficiles mais on a r\u00e9ussi \u00e0 d\u00e9passer \u00e7a \u00bb","datePublished":"2021-08-01T16:24:10+00:00","dateModified":"2021-08-01T18:58:20+00:00","mainEntityOfPage":{"@id":"https:\/\/dicodusport.fr\/blog\/esteban-ocon-on-a-connu-des-moments-difficiles-mais-on-a-reussi-a-depasser-ca\/"},"wordCount":315,"commentCount":0,"publisher":{"@id":"https:\/\/dicodusport.fr\/blog\/#organization"},"image":{"@id":"https:\/\/dicodusport.fr\/blog\/esteban-ocon-on-a-connu-des-moments-difficiles-mais-on-a-reussi-a-depasser-ca\/#primaryimage"},"thumbnailUrl":"https:\/\/dicodusport.fr\/blog\/wp-content\/uploads\/2021\/08\/Esteban-Ocon-On-a-connu-des-moments-difficiles-mais-on-a-reussi-a-depasser-ca-.png","keywords":["Esteban Ocon","Grand Prix de Hongrie F1"],"articleSection":["Formule 1"],"inLanguage":"fr-FR","potentialAction":[{"@type":"CommentAction","name":"Comment","target":["https:\/\/dicodusport.fr\/blog\/esteban-ocon-on-a-connu-des-moments-difficiles-mais-on-a-reussi-a-depasser-ca\/#respond"]}],"copyrightYear":"2021","copyrightHolder":{"@id":"https:\/\/dicodusport.fr\/blog\/#organization"}},{"@type":"WebPage","@id":"https:\/\/dicodusport.fr\/blog\/esteban-ocon-on-a-connu-des-moments-difficiles-mais-on-a-reussi-a-depasser-ca\/","url":"https:\/\/dicodusport.fr\/blog\/esteban-ocon-on-a-connu-des-moments-difficiles-mais-on-a-reussi-a-depasser-ca\/","name":"Esteban Ocon : \u00ab On a connu des moments difficiles mais on a r\u00e9ussi \u00e0 d\u00e9passer \u00e7a \u00bb","isPartOf":{"@id":"https:\/\/dicodusport.fr\/blog\/#website"},"primaryImageOfPage":{"@id":"https:\/\/dicodusport.fr\/blog\/esteban-ocon-on-a-connu-des-moments-difficiles-mais-on-a-reussi-a-depasser-ca\/#primaryimage"},"image":{"@id":"https:\/\/dicodusport.fr\/blog\/esteban-ocon-on-a-connu-des-moments-difficiles-mais-on-a-reussi-a-depasser-ca\/#primaryimage"},"thumbnailUrl":"https:\/\/dicodusport.fr\/blog\/wp-content\/uploads\/2021\/08\/Esteban-Ocon-On-a-connu-des-moments-difficiles-mais-on-a-reussi-a-depasser-ca-.png","datePublished":"2021-08-01T16:24:10+00:00","dateModified":"2021-08-01T18:58:20+00:00","description":"F1 2021 - Vainqueur de son premier Grand Prix en Hongrie, Esteban Ocon (Alpine) ne cachait pas sa joie apr\u00e8s la course.","breadcrumb":{"@id":"https:\/\/dicodusport.fr\/blog\/esteban-ocon-on-a-connu-des-moments-difficiles-mais-on-a-reussi-a-depasser-ca\/#breadcrumb"},"inLanguage":"fr-FR","potentialAction":[{"@type":"ReadAction","target":["https:\/\/dicodusport.fr\/blog\/esteban-ocon-on-a-connu-des-moments-difficiles-mais-on-a-reussi-a-depasser-ca\/"]}]},{"@type":"ImageObject","inLanguage":"fr-FR","@id":"https:\/\/dicodusport.fr\/blog\/esteban-ocon-on-a-connu-des-moments-difficiles-mais-on-a-reussi-a-depasser-ca\/#primaryimage","url":"https:\/\/dicodusport.fr\/blog\/wp-content\/uploads\/2021\/08\/Esteban-Ocon-On-a-connu-des-moments-difficiles-mais-on-a-reussi-a-depasser-ca-.png","contentUrl":"https:\/\/dicodusport.fr\/blog\/wp-content\/uploads\/2021\/08\/Esteban-Ocon-On-a-connu-des-moments-difficiles-mais-on-a-reussi-a-depasser-ca-.png","width":800,"height":445,"caption":"Esteban Ocon \u00ab On a connu des moments difficiles mais on a r\u00e9ussi \u00e0 d\u00e9passer \u00e7a \u00bb"},{"@type":"BreadcrumbList","@id":"https:\/\/dicodusport.fr\/blog\/esteban-ocon-on-a-connu-des-moments-difficiles-mais-on-a-reussi-a-depasser-ca\/#breadcrumb","itemListElement":[{"@type":"ListItem","position":1,"name":"Accueil","item":"https:\/\/dicodusport.fr\/blog\/"},{"@type":"ListItem","position":2,"name":"Esteban Ocon : \u00ab On a connu des moments difficiles mais on a r\u00e9ussi \u00e0 d\u00e9passer \u00e7a \u00bb"}]},{"@type":"WebSite","@id":"https:\/\/dicodusport.fr\/blog\/#website","url":"https:\/\/dicodusport.fr\/blog\/","name":"Dicodusport","description":"L&#039;encyclop\u00e9die de l&#039;actualit\u00e9 sportive","publisher":{"@id":"https:\/\/dicodusport.fr\/blog\/#organization"},"potentialAction":[{"@type":"SearchAction","target":{"@type":"EntryPoint","urlTemplate":"https:\/\/dicodusport.fr\/blog\/?s={search_term_string}"},"query-input":{"@type":"PropertyValueSpecification","valueRequired":true,"valueName":"search_term_string"}}],"inLanguage":"fr-FR"},{"@type":"NewsMediaOrganization","@id":"https:\/\/dicodusport.fr\/blog\/#organization","name":"Dicodusport","url":"https:\/\/dicodusport.fr\/blog\/","logo":{"@type":"ImageObject","inLanguage":"fr-FR","@id":"https:\/\/dicodusport.fr\/blog\/#\/schema\/logo\/image\/","url":"https:\/\/dicodusport.fr\/blog\/wp-content\/uploads\/2020\/06\/cropped-LOGO-DICODUSPORT-2020-SANS-FOND-SANS-TEXTE.png","contentUrl":"https:\/\/dicodusport.fr\/blog\/wp-content\/uploads\/2020\/06\/cropped-LOGO-DICODUSPORT-2020-SANS-FOND-SANS-TEXTE.png","width":512,"height":512,"caption":"Dicodusport"},"image":{"@id":"https:\/\/dicodusport.fr\/blog\/#\/schema\/logo\/image\/"},"sameAs":["https:\/\/www.facebook.com\/dicodusport","https:\/\/x.com\/dicodusport","https:\/\/www.instagram.com\/dicodusport\/","https:\/\/www.youtube.com\/channel\/UC7V2KZ5sd3htJivAbA4ZG3w"],"description":"Dicodusport est l'encyclop\u00e9die de l'actualit\u00e9 sportive.","email":"bonjour@dicodusport.fr","legalName":"DICODUSPORT","foundingDate":"2018-01-14","vatID":"FR71834470973","taxID":"83447097300043","numberOfEmployees":{"@type":"QuantitativeValue","minValue":"1","maxValue":"10"}},{"@type":"Person","@id":"https:\/\/dicodusport.fr\/blog\/#\/schema\/person\/cb02af4c173ce4a653b55e9baf388d4a","name":"Flo Ostermann","image":{"@type":"ImageObject","inLanguage":"fr-FR","@id":"https:\/\/dicodusport.fr\/blog\/#\/schema\/person\/image\/","url":"https:\/\/dicodusport.fr\/blog\/wp-content\/uploads\/2021\/05\/Flo-Ostermann-150x150.jpg","contentUrl":"https:\/\/dicodusport.fr\/blog\/wp-content\/uploads\/2021\/05\/Flo-Ostermann-150x150.jpg","caption":"Flo Ostermann"},"description":"Journaliste\/R\u00e9dacteur depuis septembre 2015 - Mes premiers souvenirs dans le sport ? Les envol\u00e9es du Stade Toulousain et les duels Villeneuve-Schumacher et H\u00e4kkinen-Schumacher \u00e0 la fin des ann\u00e9es 90, la Coupe du monde de football en 1998, l\u2019exploit du XV de France face aux All Blacks en 1999, mais aussi Richard C\u0153ur de Lion qui vole sur les montagnes du Tour de France. Bien parti pour devenir professeur d\u2019EPS, les \u00e9v\u00e9nements de la vie (et la flemme d\u2019animer des s\u00e9ances de 3x500 m\u00e8tres toute ma vie) m\u2019ont conduit \u00e0 revoir mes plans. Me voil\u00e0 depuis fin 2017 sur Dicodusport, m\u00e9dia gr\u00e2ce (et pour) lequel je partage ma passion : le sport dans tous ses \u00e9tats. Le tout accompagn\u00e9 par les fous furieux et folles furieuses cit\u00e9s sur cette page !","sameAs":["https:\/\/www.facebook.com\/florent.ostermann","https:\/\/x.com\/https:\/\/twitter.com\/FlOstermann","admin"],"url":"https:\/\/dicodusport.fr\/blog\/author\/flo\/"}]}},"_links":{"self":[{"href":"https:\/\/dicodusport.fr\/blog\/wp-json\/wp\/v2\/posts\/153917","targetHints":{"allow":["GET"]}}],"collection":[{"href":"https:\/\/dicodusport.fr\/blog\/wp-json\/wp\/v2\/posts"}],"about":[{"href":"https:\/\/dicodusport.fr\/blog\/wp-json\/wp\/v2\/types\/post"}],"author":[{"embeddable":true,"href":"https:\/\/dicodusport.fr\/blog\/wp-json\/wp\/v2\/users\/4"}],"replies":[{"embeddable":true,"href":"https:\/\/dicodusport.fr\/blog\/wp-json\/wp\/v2\/comments?post=153917"}],"version-history":[{"count":0,"href":"https:\/\/dicodusport.fr\/blog\/wp-json\/wp\/v2\/posts\/153917\/revisions"}],"wp:featuredmedia":[{"embeddable":true,"href":"https:\/\/dicodusport.fr\/blog\/wp-json\/wp\/v2\/media\/153923"}],"wp:attachment":[{"href":"https:\/\/dicodusport.fr\/blog\/wp-json\/wp\/v2\/media?parent=153917"}],"wp:term":[{"taxonomy":"category","embeddable":true,"href":"https:\/\/dicodusport.fr\/blog\/wp-json\/wp\/v2\/categories?post=153917"},{"taxonomy":"post_tag","embeddable":true,"href":"https:\/\/dicodusport.fr\/blog\/wp-json\/wp\/v2\/tags?post=153917"}],"curies":[{"name":"wp","href":"https:\/\/api.w.org\/{rel}","templated":true}]}}