{"id":153924,"date":"2021-08-01T18:45:40","date_gmt":"2021-08-01T16:45:40","guid":{"rendered":"https:\/\/dicodusport.fr\/blog\/?p=153924&#038;preview=true&#038;preview_id=153924"},"modified":"2021-08-01T21:00:10","modified_gmt":"2021-08-01T19:00:10","slug":"jo-tokyo-2020-athletisme-les-resultats-des-francais-de-ce-dimanche-1er-aout","status":"publish","type":"post","link":"https:\/\/dicodusport.fr\/blog\/jo-tokyo-2020-athletisme-les-resultats-des-francais-de-ce-dimanche-1er-aout\/","title":{"rendered":"JO Tokyo 2020 &#8211; Athl\u00e9tisme : Les r\u00e9sultats des Fran\u00e7ais de ce dimanche 1er ao\u00fbt"},"content":{"rendered":"<p style=\"text-align: justify;\"><em><b>JO TOKYO 2020 &#8211; ATHL\u00c9TISME &#8211; La troisi\u00e8me journ\u00e9e d&rsquo;athl\u00e9tisme de Tokyo 2020 a vu plusieurs athl\u00e8tes fran\u00e7ais concourir. D\u00e9couvrez les r\u00e9sultats de tous les Bleus qui concouraient aujourd&rsquo;hui.<\/b><\/em><\/p>\n<h2 style=\"text-align: justify;\">Qualifications du lancer de marteau (F)<\/h2>\n<p style=\"text-align: justify;\">La Fran\u00e7aise <strong>Alexandra Tavernier<\/strong> se trouvait dans le groupe A des qualifications du lancer de marteau. Elle n\u2019a pas trembl\u00e9, puisque d\u00e8s son deuxi\u00e8me essai, la m\u00e9daill\u00e9e mondiale a sign\u00e9 un jet \u00e0 73,51m, soit un cm sup\u00e9rieur \u00e0 la marque directement qualificative.<\/p>\n<h2 style=\"text-align: justify;\">Qualifications du saut en longueur (F)<\/h2>\n<p style=\"text-align: justify;\">La sauteuse en longueur <strong>Yanis Esmeralda David<\/strong> se trouvait elle dans le deuxi\u00e8me groupe des qualification de sa discipline. Au contraire, elle n\u2019a pas pu \u00e9lever son niveau plus haut que les 6,27m de son premier essai. Dommage, elle avait pourtant sign\u00e9 6,63m aux derniers championnats de France Elite qui auraient suffi \u00e0 se qualifier aujourd\u2019hui.<\/p>\n<h2 style=\"text-align: justify;\">Demi-finales du 100m (H)<\/h2>\n<p style=\"text-align: justify;\"><strong>Jimmy Vicaut<\/strong> n\u2019a malheureusement pas r\u00e9ussi \u00e0 se qualifier pour la finale du 100m. Apr\u00e8s un faux-d\u00e9part d\u2019un autre concurrent dans sa demi-finale, l\u2019attente avant le second d\u00e9part a \u00e9t\u00e9 tr\u00e8s longue. Cela n\u2019a pas profit\u00e9 au Fran\u00e7ais qui a termin\u00e9 6<sup>\u00e8me<\/sup> de la course en 10.11, malheureusement insuffisant. De plus, il a perdu son record d\u2019Europe de 9.86 au profit de l&rsquo;Italien Jacobs qui a r\u00e9alis\u00e9 9.84 lors de la derni\u00e8re demi-finale, puis 9.80 en finale.<\/p>\n<h2 style=\"text-align: justify;\">Finale du triple saut (F)<\/h2>\n<p style=\"text-align: justify;\"><strong>Rouguy Diallo<\/strong> n\u2019a rien pu faire en finale du triple saut. Le niveau \u00e9tait tr\u00e8s \u00e9lev\u00e9 avec un record du monde brillamment battu par Rojas. L\u2019athl\u00e8te de la Team Tamgho a r\u00e9alis\u00e9 14,38m comme meilleur performance du jour, mais cela lui permet s\u2019offrir seulement la 9<sup>\u00e8me<\/sup> place de cette finale.<\/p>\n<h2 style=\"text-align: justify;\">Demi-finales du 800m (H)<\/h2>\n<p style=\"text-align: justify;\">Nous avons assist\u00e9 \u00e0 des fortunes diverses pour les demi-fondeurs fran\u00e7ais du 800m. <strong>Gabriel Tual<\/strong> prenait part \u00e0 la deuxi\u00e8me demi-finale. Dans une course parfaitement g\u00e9r\u00e9e, il prend la 3<sup>\u00e8me<\/sup> place en 1:44.28. Il a d\u00fb attendre la fin des demi-finales pour esp\u00e9rer une qualification au temps. C\u2019est pass\u00e9 pour le licenci\u00e9 de l\u2019US Talence qui se qualifie en finale des Jeux Olympiques\u00a0!<\/p>\n<blockquote class=\"twitter-tweet\">\n<p dir=\"ltr\" lang=\"fr\">&#x1f44f; Quelle course !<\/p>\n<p>&#x1f1eb;&#x1f1f7; Gabriel Tual se classe 3e de sa demie du 800 m en 1&rsquo;44\u00a0\u00bb28, son nouveau record personnel !<\/p>\n<p>&#x1f91e; Il devra patienter pour savoir s&rsquo;il se qualifie au temps pour la finale !<a href=\"https:\/\/twitter.com\/hashtag\/Tokyo2020?src=hash&amp;ref_src=twsrc%5Etfw\">#Tokyo2020<\/a> <a href=\"https:\/\/twitter.com\/hashtag\/Athletics?src=hash&amp;ref_src=twsrc%5Etfw\">#Athletics<\/a><\/p>\n<p>\u2014 FFA (@FFAthletisme) <a href=\"https:\/\/twitter.com\/FFAthletisme\/status\/1421798161841115138?ref_src=twsrc%5Etfw\">August 1, 2021<\/a><\/p><\/blockquote>\n<p style=\"text-align: justify;\"><script async src=\"https:\/\/platform.twitter.com\/widgets.js\" charset=\"utf-8\"><\/script><\/p>\n<p style=\"text-align: justify;\">Au contraire, <strong>Pierre-Ambroise Bosse<\/strong> n\u2019a pas r\u00e9ussi la m\u00eame performance lors de la troisi\u00e8me demi-finale. Le Fran\u00e7ais a pris la 6<sup>\u00e8me<\/sup> place de sa course en 1:48.62. C\u2019est malheureusement insuffisant. La finale aura lieu ce mercredi 4 ao\u00fbt \u00e0 14h05 (heure fran\u00e7aise).<\/p>\n<h2 style=\"text-align: justify;\">Demi-finales du 400m haies (H)<\/h2>\n<p style=\"text-align: justify;\">Ce n\u2019est malheureusement pas non plus pass\u00e9 pour <strong>Ludvy Vaillant<\/strong> et <strong>Wilfried Happio<\/strong> en demi-finales du 400m haies. Tous les deux 7<sup>\u00e8me<\/sup> de leur course en 49.02 et 49.49, les deux Fran\u00e7ais n\u2019iront pas en finale.<\/p>\n<h2 style=\"text-align: justify;\">\u00c0 lire aussi<\/h2>\n<ul>\n<li style=\"text-align: justify;\"><a href=\"https:\/\/dicodusport.fr\/blog\/athletisme-jeux-olympiques-de-tokyo-calendrier-et-resultats\/\"><strong>Calendrier et r\u00e9sultats de l&rsquo;athl\u00e9tisme aux Jeux de Tokyo<\/strong><\/a><\/li>\n<li style=\"text-align: justify;\"><a href=\"https:\/\/dicodusport.fr\/blog\/toute-l-actualite-des-jeux-olympiques-de-tokyo-2020\/\"><strong>Toute l&rsquo;actualit\u00e9 des Jeux Olympiques de Tokyo<\/strong><\/a><\/li>\n<li style=\"text-align: justify;\"><a href=\"https:\/\/dicodusport.fr\/blog\/jeux-olympiques-tokyo-2020-le-tableau-des-medailles\/\"><strong>Le tableau des m\u00e9dailles<\/strong><\/a><\/li>\n<\/ul>\n","protected":false},"excerpt":{"rendered":"<p>JO TOKYO 2020 &#8211; ATHL\u00c9TISME &#8211; La troisi\u00e8me journ\u00e9e d&rsquo;athl\u00e9tisme de Tokyo 2020 a vu plusieurs athl\u00e8tes fran\u00e7ais concourir. D\u00e9couvrez les r\u00e9sultats de tous les Bleus qui concouraient aujourd&rsquo;hui.<\/p>\n","protected":false},"author":54,"featured_media":153929,"comment_status":"open","ping_status":"closed","sticky":false,"template":"","format":"standard","meta":{"_acf_changed":false,"_daextam_enable_autolinks":"","footnotes":""},"categories":[2308,8433],"tags":[143,9915],"class_list":["post-153924","post","type-post","status-publish","format-standard","has-post-thumbnail","hentry","category-athletisme","category-jo-tokyo-2020","tag-athletisme","tag-jeux-olympiques-de-tokyo"],"acf":[],"yoast_head":"<!-- This site is optimized with the Yoast SEO Premium plugin v26.7 (Yoast SEO v26.7) - https:\/\/yoast.com\/wordpress\/plugins\/seo\/ -->\n<title>JO Tokyo 2020 - Athl\u00e9tisme : Les r\u00e9sultats des Fran\u00e7ais de ce dimanche 1er ao\u00fbt<\/title>\n<meta name=\"description\" content=\"ATHLETISME - La troisi\u00e8me journ\u00e9e d&#039;athl\u00e9tisme de Tokyo 2020 a vu plusieurs Fran\u00e7ais engag\u00e9s, qui ont plus ou moins r\u00e9ussi leur \u00e9preuve.\" \/>\n<meta name=\"robots\" content=\"index, follow, max-snippet:-1, max-image-preview:large, max-video-preview:-1\" \/>\n<link rel=\"canonical\" href=\"https:\/\/dicodusport.fr\/blog\/jo-tokyo-2020-athletisme-les-resultats-des-francais-de-ce-dimanche-1er-aout\/\" \/>\n<meta property=\"og:locale\" content=\"fr_FR\" \/>\n<meta property=\"og:type\" content=\"article\" \/>\n<meta property=\"og:title\" content=\"JO Tokyo 2020 - Athl\u00e9tisme : Les r\u00e9sultats des Fran\u00e7ais de ce dimanche 1er ao\u00fbt\" \/>\n<meta property=\"og:description\" content=\"ATHLETISME - La troisi\u00e8me journ\u00e9e d&#039;athl\u00e9tisme de Tokyo 2020 a vu plusieurs Fran\u00e7ais engag\u00e9s, qui ont plus ou moins r\u00e9ussi leur \u00e9preuve.\" \/>\n<meta property=\"og:url\" content=\"https:\/\/dicodusport.fr\/blog\/jo-tokyo-2020-athletisme-les-resultats-des-francais-de-ce-dimanche-1er-aout\/\" \/>\n<meta property=\"og:site_name\" content=\"Dicodusport\" \/>\n<meta property=\"article:publisher\" content=\"https:\/\/www.facebook.com\/dicodusport\" \/>\n<meta property=\"article:author\" content=\"https:\/\/www.facebook.com\/roxane.lecacher\" \/>\n<meta property=\"article:published_time\" content=\"2021-08-01T16:45:40+00:00\" \/>\n<meta property=\"article:modified_time\" content=\"2021-08-01T19:00:10+00:00\" \/>\n<meta property=\"og:image\" content=\"https:\/\/dicodusport.fr\/blog\/wp-content\/uploads\/2021\/08\/JO-Tokyo-2020-Athletisme-Les-resultats-des-Francais-de-ce-dimanche-1er-aout.png\" \/>\n\t<meta property=\"og:image:width\" content=\"800\" \/>\n\t<meta property=\"og:image:height\" content=\"445\" \/>\n\t<meta property=\"og:image:type\" content=\"image\/png\" \/>\n<meta name=\"author\" content=\"Roxane Lecacher\" \/>\n<meta name=\"twitter:card\" content=\"summary_large_image\" \/>\n<meta name=\"twitter:title\" content=\"JO Tokyo 2020 - Athl\u00e9tisme : Les r\u00e9sultats des Fran\u00e7ais de ce dimanche 1er ao\u00fbt\" \/>\n<meta name=\"twitter:creator\" content=\"@dicodusport\" \/>\n<meta name=\"twitter:site\" content=\"@dicodusport\" \/>\n<script type=\"application\/ld+json\" class=\"yoast-schema-graph\">{\"@context\":\"https:\/\/schema.org\",\"@graph\":[{\"@type\":\"NewsArticle\",\"@id\":\"https:\/\/dicodusport.fr\/blog\/jo-tokyo-2020-athletisme-les-resultats-des-francais-de-ce-dimanche-1er-aout\/#article\",\"isPartOf\":{\"@id\":\"https:\/\/dicodusport.fr\/blog\/jo-tokyo-2020-athletisme-les-resultats-des-francais-de-ce-dimanche-1er-aout\/\"},\"author\":{\"name\":\"Roxane Lecacher\",\"@id\":\"https:\/\/dicodusport.fr\/blog\/#\/schema\/person\/819fb2545dd2715bd7c0580d6d4b411a\"},\"headline\":\"JO Tokyo 2020 &#8211; Athl\u00e9tisme : Les r\u00e9sultats des Fran\u00e7ais de ce dimanche 1er ao\u00fbt\",\"datePublished\":\"2021-08-01T16:45:40+00:00\",\"dateModified\":\"2021-08-01T19:00:10+00:00\",\"mainEntityOfPage\":{\"@id\":\"https:\/\/dicodusport.fr\/blog\/jo-tokyo-2020-athletisme-les-resultats-des-francais-de-ce-dimanche-1er-aout\/\"},\"wordCount\":558,\"commentCount\":0,\"publisher\":{\"@id\":\"https:\/\/dicodusport.fr\/blog\/#organization\"},\"image\":{\"@id\":\"https:\/\/dicodusport.fr\/blog\/jo-tokyo-2020-athletisme-les-resultats-des-francais-de-ce-dimanche-1er-aout\/#primaryimage\"},\"thumbnailUrl\":\"https:\/\/dicodusport.fr\/blog\/wp-content\/uploads\/2021\/08\/JO-Tokyo-2020-Athletisme-Les-resultats-des-Francais-de-ce-dimanche-1er-aout.png\",\"keywords\":[\"Athl\u00e9tisme\",\"Jeux Olympiques de Tokyo\"],\"articleSection\":[\"Athl\u00e9tisme\",\"JO Tokyo 2020\"],\"inLanguage\":\"fr-FR\",\"potentialAction\":[{\"@type\":\"CommentAction\",\"name\":\"Comment\",\"target\":[\"https:\/\/dicodusport.fr\/blog\/jo-tokyo-2020-athletisme-les-resultats-des-francais-de-ce-dimanche-1er-aout\/#respond\"]}],\"copyrightYear\":\"2021\",\"copyrightHolder\":{\"@id\":\"https:\/\/dicodusport.fr\/blog\/#organization\"}},{\"@type\":\"WebPage\",\"@id\":\"https:\/\/dicodusport.fr\/blog\/jo-tokyo-2020-athletisme-les-resultats-des-francais-de-ce-dimanche-1er-aout\/\",\"url\":\"https:\/\/dicodusport.fr\/blog\/jo-tokyo-2020-athletisme-les-resultats-des-francais-de-ce-dimanche-1er-aout\/\",\"name\":\"JO Tokyo 2020 - Athl\u00e9tisme : Les r\u00e9sultats des Fran\u00e7ais de ce dimanche 1er ao\u00fbt\",\"isPartOf\":{\"@id\":\"https:\/\/dicodusport.fr\/blog\/#website\"},\"primaryImageOfPage\":{\"@id\":\"https:\/\/dicodusport.fr\/blog\/jo-tokyo-2020-athletisme-les-resultats-des-francais-de-ce-dimanche-1er-aout\/#primaryimage\"},\"image\":{\"@id\":\"https:\/\/dicodusport.fr\/blog\/jo-tokyo-2020-athletisme-les-resultats-des-francais-de-ce-dimanche-1er-aout\/#primaryimage\"},\"thumbnailUrl\":\"https:\/\/dicodusport.fr\/blog\/wp-content\/uploads\/2021\/08\/JO-Tokyo-2020-Athletisme-Les-resultats-des-Francais-de-ce-dimanche-1er-aout.png\",\"datePublished\":\"2021-08-01T16:45:40+00:00\",\"dateModified\":\"2021-08-01T19:00:10+00:00\",\"description\":\"ATHLETISME - La troisi\u00e8me journ\u00e9e d'athl\u00e9tisme de Tokyo 2020 a vu plusieurs Fran\u00e7ais engag\u00e9s, qui ont plus ou moins r\u00e9ussi leur \u00e9preuve.\",\"breadcrumb\":{\"@id\":\"https:\/\/dicodusport.fr\/blog\/jo-tokyo-2020-athletisme-les-resultats-des-francais-de-ce-dimanche-1er-aout\/#breadcrumb\"},\"inLanguage\":\"fr-FR\",\"potentialAction\":[{\"@type\":\"ReadAction\",\"target\":[\"https:\/\/dicodusport.fr\/blog\/jo-tokyo-2020-athletisme-les-resultats-des-francais-de-ce-dimanche-1er-aout\/\"]}]},{\"@type\":\"ImageObject\",\"inLanguage\":\"fr-FR\",\"@id\":\"https:\/\/dicodusport.fr\/blog\/jo-tokyo-2020-athletisme-les-resultats-des-francais-de-ce-dimanche-1er-aout\/#primaryimage\",\"url\":\"https:\/\/dicodusport.fr\/blog\/wp-content\/uploads\/2021\/08\/JO-Tokyo-2020-Athletisme-Les-resultats-des-Francais-de-ce-dimanche-1er-aout.png\",\"contentUrl\":\"https:\/\/dicodusport.fr\/blog\/wp-content\/uploads\/2021\/08\/JO-Tokyo-2020-Athletisme-Les-resultats-des-Francais-de-ce-dimanche-1er-aout.png\",\"width\":800,\"height\":445,\"caption\":\"JO Tokyo 2020 - Athl\u00e9tisme Les r\u00e9sultats des Fran\u00e7ais de ce dimanche 1er ao\u00fbt\"},{\"@type\":\"BreadcrumbList\",\"@id\":\"https:\/\/dicodusport.fr\/blog\/jo-tokyo-2020-athletisme-les-resultats-des-francais-de-ce-dimanche-1er-aout\/#breadcrumb\",\"itemListElement\":[{\"@type\":\"ListItem\",\"position\":1,\"name\":\"Accueil\",\"item\":\"https:\/\/dicodusport.fr\/blog\/\"},{\"@type\":\"ListItem\",\"position\":2,\"name\":\"JO Tokyo 2020 &#8211; Athl\u00e9tisme : Les r\u00e9sultats des Fran\u00e7ais de ce dimanche 1er ao\u00fbt\"}]},{\"@type\":\"WebSite\",\"@id\":\"https:\/\/dicodusport.fr\/blog\/#website\",\"url\":\"https:\/\/dicodusport.fr\/blog\/\",\"name\":\"Dicodusport\",\"description\":\"L&#039;encyclop\u00e9die de l&#039;actualit\u00e9 sportive\",\"publisher\":{\"@id\":\"https:\/\/dicodusport.fr\/blog\/#organization\"},\"potentialAction\":[{\"@type\":\"SearchAction\",\"target\":{\"@type\":\"EntryPoint\",\"urlTemplate\":\"https:\/\/dicodusport.fr\/blog\/?s={search_term_string}\"},\"query-input\":{\"@type\":\"PropertyValueSpecification\",\"valueRequired\":true,\"valueName\":\"search_term_string\"}}],\"inLanguage\":\"fr-FR\"},{\"@type\":\"NewsMediaOrganization\",\"@id\":\"https:\/\/dicodusport.fr\/blog\/#organization\",\"name\":\"Dicodusport\",\"url\":\"https:\/\/dicodusport.fr\/blog\/\",\"logo\":{\"@type\":\"ImageObject\",\"inLanguage\":\"fr-FR\",\"@id\":\"https:\/\/dicodusport.fr\/blog\/#\/schema\/logo\/image\/\",\"url\":\"https:\/\/dicodusport.fr\/blog\/wp-content\/uploads\/2020\/06\/cropped-LOGO-DICODUSPORT-2020-SANS-FOND-SANS-TEXTE.png\",\"contentUrl\":\"https:\/\/dicodusport.fr\/blog\/wp-content\/uploads\/2020\/06\/cropped-LOGO-DICODUSPORT-2020-SANS-FOND-SANS-TEXTE.png\",\"width\":512,\"height\":512,\"caption\":\"Dicodusport\"},\"image\":{\"@id\":\"https:\/\/dicodusport.fr\/blog\/#\/schema\/logo\/image\/\"},\"sameAs\":[\"https:\/\/www.facebook.com\/dicodusport\",\"https:\/\/x.com\/dicodusport\",\"https:\/\/www.instagram.com\/dicodusport\/\",\"https:\/\/www.youtube.com\/channel\/UC7V2KZ5sd3htJivAbA4ZG3w\"],\"description\":\"Dicodusport est l'encyclop\u00e9die de l'actualit\u00e9 sportive.\",\"email\":\"bonjour@dicodusport.fr\",\"legalName\":\"DICODUSPORT\",\"foundingDate\":\"2018-01-14\",\"vatID\":\"FR71834470973\",\"taxID\":\"83447097300043\",\"numberOfEmployees\":{\"@type\":\"QuantitativeValue\",\"minValue\":\"1\",\"maxValue\":\"10\"}},{\"@type\":\"Person\",\"@id\":\"https:\/\/dicodusport.fr\/blog\/#\/schema\/person\/819fb2545dd2715bd7c0580d6d4b411a\",\"name\":\"Roxane Lecacher\",\"image\":{\"@type\":\"ImageObject\",\"inLanguage\":\"fr-FR\",\"@id\":\"https:\/\/dicodusport.fr\/blog\/#\/schema\/person\/image\/\",\"url\":\"https:\/\/dicodusport.fr\/blog\/wp-content\/uploads\/2021\/05\/Roxane-Lecacher-150x150.jpg\",\"contentUrl\":\"https:\/\/dicodusport.fr\/blog\/wp-content\/uploads\/2021\/05\/Roxane-Lecacher-150x150.jpg\",\"caption\":\"Roxane Lecacher\"},\"description\":\"Journaliste\/r\u00e9dactrice depuis janvier 2021 - N\u00e9e quelques jours avant la premi\u00e8re \u00e9toile des Bleus, je baigne dans une famille tr\u00e8s sportive. Je n\u2019ai eu d\u2019autres choix que de me passionner pour le sujet. Pratiquante de l\u2019athl\u00e9tisme depuis toute petite, j\u2019ai aussi un attrait tout particulier pour la Formule 1, le biathlon et le foot. Pendant les grands \u00e9v\u00e9nements, il est impossible de d\u00e9crocher de ma t\u00e9l\u00e9. C\u2019est \u00e0 travers Dicodusport que j\u2019aime d\u00e9sormais vous transmettre mes \u00e9motions et ma passion.\",\"sameAs\":[\"https:\/\/www.facebook.com\/roxane.lecacher\",\"https:\/\/fr.linkedin.com\/in\/roxane-lecacher-23368313b\"],\"url\":\"https:\/\/dicodusport.fr\/blog\/author\/roxanel\/\"}]}<\/script>\n<!-- \/ Yoast SEO Premium plugin. -->","yoast_head_json":{"title":"JO Tokyo 2020 - Athl\u00e9tisme : Les r\u00e9sultats des Fran\u00e7ais de ce dimanche 1er ao\u00fbt","description":"ATHLETISME - La troisi\u00e8me journ\u00e9e d'athl\u00e9tisme de Tokyo 2020 a vu plusieurs Fran\u00e7ais engag\u00e9s, qui ont plus ou moins r\u00e9ussi leur \u00e9preuve.","robots":{"index":"index","follow":"follow","max-snippet":"max-snippet:-1","max-image-preview":"max-image-preview:large","max-video-preview":"max-video-preview:-1"},"canonical":"https:\/\/dicodusport.fr\/blog\/jo-tokyo-2020-athletisme-les-resultats-des-francais-de-ce-dimanche-1er-aout\/","og_locale":"fr_FR","og_type":"article","og_title":"JO Tokyo 2020 - Athl\u00e9tisme : Les r\u00e9sultats des Fran\u00e7ais de ce dimanche 1er ao\u00fbt","og_description":"ATHLETISME - La troisi\u00e8me journ\u00e9e d'athl\u00e9tisme de Tokyo 2020 a vu plusieurs Fran\u00e7ais engag\u00e9s, qui ont plus ou moins r\u00e9ussi leur \u00e9preuve.","og_url":"https:\/\/dicodusport.fr\/blog\/jo-tokyo-2020-athletisme-les-resultats-des-francais-de-ce-dimanche-1er-aout\/","og_site_name":"Dicodusport","article_publisher":"https:\/\/www.facebook.com\/dicodusport","article_author":"https:\/\/www.facebook.com\/roxane.lecacher","article_published_time":"2021-08-01T16:45:40+00:00","article_modified_time":"2021-08-01T19:00:10+00:00","og_image":[{"width":800,"height":445,"url":"https:\/\/dicodusport.fr\/blog\/wp-content\/uploads\/2021\/08\/JO-Tokyo-2020-Athletisme-Les-resultats-des-Francais-de-ce-dimanche-1er-aout.png","type":"image\/png"}],"author":"Roxane Lecacher","twitter_card":"summary_large_image","twitter_title":"JO Tokyo 2020 - Athl\u00e9tisme : Les r\u00e9sultats des Fran\u00e7ais de ce dimanche 1er ao\u00fbt","twitter_creator":"@dicodusport","twitter_site":"@dicodusport","schema":{"@context":"https:\/\/schema.org","@graph":[{"@type":"NewsArticle","@id":"https:\/\/dicodusport.fr\/blog\/jo-tokyo-2020-athletisme-les-resultats-des-francais-de-ce-dimanche-1er-aout\/#article","isPartOf":{"@id":"https:\/\/dicodusport.fr\/blog\/jo-tokyo-2020-athletisme-les-resultats-des-francais-de-ce-dimanche-1er-aout\/"},"author":{"name":"Roxane Lecacher","@id":"https:\/\/dicodusport.fr\/blog\/#\/schema\/person\/819fb2545dd2715bd7c0580d6d4b411a"},"headline":"JO Tokyo 2020 &#8211; Athl\u00e9tisme : Les r\u00e9sultats des Fran\u00e7ais de ce dimanche 1er ao\u00fbt","datePublished":"2021-08-01T16:45:40+00:00","dateModified":"2021-08-01T19:00:10+00:00","mainEntityOfPage":{"@id":"https:\/\/dicodusport.fr\/blog\/jo-tokyo-2020-athletisme-les-resultats-des-francais-de-ce-dimanche-1er-aout\/"},"wordCount":558,"commentCount":0,"publisher":{"@id":"https:\/\/dicodusport.fr\/blog\/#organization"},"image":{"@id":"https:\/\/dicodusport.fr\/blog\/jo-tokyo-2020-athletisme-les-resultats-des-francais-de-ce-dimanche-1er-aout\/#primaryimage"},"thumbnailUrl":"https:\/\/dicodusport.fr\/blog\/wp-content\/uploads\/2021\/08\/JO-Tokyo-2020-Athletisme-Les-resultats-des-Francais-de-ce-dimanche-1er-aout.png","keywords":["Athl\u00e9tisme","Jeux Olympiques de Tokyo"],"articleSection":["Athl\u00e9tisme","JO Tokyo 2020"],"inLanguage":"fr-FR","potentialAction":[{"@type":"CommentAction","name":"Comment","target":["https:\/\/dicodusport.fr\/blog\/jo-tokyo-2020-athletisme-les-resultats-des-francais-de-ce-dimanche-1er-aout\/#respond"]}],"copyrightYear":"2021","copyrightHolder":{"@id":"https:\/\/dicodusport.fr\/blog\/#organization"}},{"@type":"WebPage","@id":"https:\/\/dicodusport.fr\/blog\/jo-tokyo-2020-athletisme-les-resultats-des-francais-de-ce-dimanche-1er-aout\/","url":"https:\/\/dicodusport.fr\/blog\/jo-tokyo-2020-athletisme-les-resultats-des-francais-de-ce-dimanche-1er-aout\/","name":"JO Tokyo 2020 - Athl\u00e9tisme : Les r\u00e9sultats des Fran\u00e7ais de ce dimanche 1er ao\u00fbt","isPartOf":{"@id":"https:\/\/dicodusport.fr\/blog\/#website"},"primaryImageOfPage":{"@id":"https:\/\/dicodusport.fr\/blog\/jo-tokyo-2020-athletisme-les-resultats-des-francais-de-ce-dimanche-1er-aout\/#primaryimage"},"image":{"@id":"https:\/\/dicodusport.fr\/blog\/jo-tokyo-2020-athletisme-les-resultats-des-francais-de-ce-dimanche-1er-aout\/#primaryimage"},"thumbnailUrl":"https:\/\/dicodusport.fr\/blog\/wp-content\/uploads\/2021\/08\/JO-Tokyo-2020-Athletisme-Les-resultats-des-Francais-de-ce-dimanche-1er-aout.png","datePublished":"2021-08-01T16:45:40+00:00","dateModified":"2021-08-01T19:00:10+00:00","description":"ATHLETISME - La troisi\u00e8me journ\u00e9e d'athl\u00e9tisme de Tokyo 2020 a vu plusieurs Fran\u00e7ais engag\u00e9s, qui ont plus ou moins r\u00e9ussi leur \u00e9preuve.","breadcrumb":{"@id":"https:\/\/dicodusport.fr\/blog\/jo-tokyo-2020-athletisme-les-resultats-des-francais-de-ce-dimanche-1er-aout\/#breadcrumb"},"inLanguage":"fr-FR","potentialAction":[{"@type":"ReadAction","target":["https:\/\/dicodusport.fr\/blog\/jo-tokyo-2020-athletisme-les-resultats-des-francais-de-ce-dimanche-1er-aout\/"]}]},{"@type":"ImageObject","inLanguage":"fr-FR","@id":"https:\/\/dicodusport.fr\/blog\/jo-tokyo-2020-athletisme-les-resultats-des-francais-de-ce-dimanche-1er-aout\/#primaryimage","url":"https:\/\/dicodusport.fr\/blog\/wp-content\/uploads\/2021\/08\/JO-Tokyo-2020-Athletisme-Les-resultats-des-Francais-de-ce-dimanche-1er-aout.png","contentUrl":"https:\/\/dicodusport.fr\/blog\/wp-content\/uploads\/2021\/08\/JO-Tokyo-2020-Athletisme-Les-resultats-des-Francais-de-ce-dimanche-1er-aout.png","width":800,"height":445,"caption":"JO Tokyo 2020 - Athl\u00e9tisme Les r\u00e9sultats des Fran\u00e7ais de ce dimanche 1er ao\u00fbt"},{"@type":"BreadcrumbList","@id":"https:\/\/dicodusport.fr\/blog\/jo-tokyo-2020-athletisme-les-resultats-des-francais-de-ce-dimanche-1er-aout\/#breadcrumb","itemListElement":[{"@type":"ListItem","position":1,"name":"Accueil","item":"https:\/\/dicodusport.fr\/blog\/"},{"@type":"ListItem","position":2,"name":"JO Tokyo 2020 &#8211; Athl\u00e9tisme : Les r\u00e9sultats des Fran\u00e7ais de ce dimanche 1er ao\u00fbt"}]},{"@type":"WebSite","@id":"https:\/\/dicodusport.fr\/blog\/#website","url":"https:\/\/dicodusport.fr\/blog\/","name":"Dicodusport","description":"L&#039;encyclop\u00e9die de l&#039;actualit\u00e9 sportive","publisher":{"@id":"https:\/\/dicodusport.fr\/blog\/#organization"},"potentialAction":[{"@type":"SearchAction","target":{"@type":"EntryPoint","urlTemplate":"https:\/\/dicodusport.fr\/blog\/?s={search_term_string}"},"query-input":{"@type":"PropertyValueSpecification","valueRequired":true,"valueName":"search_term_string"}}],"inLanguage":"fr-FR"},{"@type":"NewsMediaOrganization","@id":"https:\/\/dicodusport.fr\/blog\/#organization","name":"Dicodusport","url":"https:\/\/dicodusport.fr\/blog\/","logo":{"@type":"ImageObject","inLanguage":"fr-FR","@id":"https:\/\/dicodusport.fr\/blog\/#\/schema\/logo\/image\/","url":"https:\/\/dicodusport.fr\/blog\/wp-content\/uploads\/2020\/06\/cropped-LOGO-DICODUSPORT-2020-SANS-FOND-SANS-TEXTE.png","contentUrl":"https:\/\/dicodusport.fr\/blog\/wp-content\/uploads\/2020\/06\/cropped-LOGO-DICODUSPORT-2020-SANS-FOND-SANS-TEXTE.png","width":512,"height":512,"caption":"Dicodusport"},"image":{"@id":"https:\/\/dicodusport.fr\/blog\/#\/schema\/logo\/image\/"},"sameAs":["https:\/\/www.facebook.com\/dicodusport","https:\/\/x.com\/dicodusport","https:\/\/www.instagram.com\/dicodusport\/","https:\/\/www.youtube.com\/channel\/UC7V2KZ5sd3htJivAbA4ZG3w"],"description":"Dicodusport est l'encyclop\u00e9die de l'actualit\u00e9 sportive.","email":"bonjour@dicodusport.fr","legalName":"DICODUSPORT","foundingDate":"2018-01-14","vatID":"FR71834470973","taxID":"83447097300043","numberOfEmployees":{"@type":"QuantitativeValue","minValue":"1","maxValue":"10"}},{"@type":"Person","@id":"https:\/\/dicodusport.fr\/blog\/#\/schema\/person\/819fb2545dd2715bd7c0580d6d4b411a","name":"Roxane Lecacher","image":{"@type":"ImageObject","inLanguage":"fr-FR","@id":"https:\/\/dicodusport.fr\/blog\/#\/schema\/person\/image\/","url":"https:\/\/dicodusport.fr\/blog\/wp-content\/uploads\/2021\/05\/Roxane-Lecacher-150x150.jpg","contentUrl":"https:\/\/dicodusport.fr\/blog\/wp-content\/uploads\/2021\/05\/Roxane-Lecacher-150x150.jpg","caption":"Roxane Lecacher"},"description":"Journaliste\/r\u00e9dactrice depuis janvier 2021 - N\u00e9e quelques jours avant la premi\u00e8re \u00e9toile des Bleus, je baigne dans une famille tr\u00e8s sportive. Je n\u2019ai eu d\u2019autres choix que de me passionner pour le sujet. Pratiquante de l\u2019athl\u00e9tisme depuis toute petite, j\u2019ai aussi un attrait tout particulier pour la Formule 1, le biathlon et le foot. Pendant les grands \u00e9v\u00e9nements, il est impossible de d\u00e9crocher de ma t\u00e9l\u00e9. C\u2019est \u00e0 travers Dicodusport que j\u2019aime d\u00e9sormais vous transmettre mes \u00e9motions et ma passion.","sameAs":["https:\/\/www.facebook.com\/roxane.lecacher","https:\/\/fr.linkedin.com\/in\/roxane-lecacher-23368313b"],"url":"https:\/\/dicodusport.fr\/blog\/author\/roxanel\/"}]}},"_links":{"self":[{"href":"https:\/\/dicodusport.fr\/blog\/wp-json\/wp\/v2\/posts\/153924","targetHints":{"allow":["GET"]}}],"collection":[{"href":"https:\/\/dicodusport.fr\/blog\/wp-json\/wp\/v2\/posts"}],"about":[{"href":"https:\/\/dicodusport.fr\/blog\/wp-json\/wp\/v2\/types\/post"}],"author":[{"embeddable":true,"href":"https:\/\/dicodusport.fr\/blog\/wp-json\/wp\/v2\/users\/54"}],"replies":[{"embeddable":true,"href":"https:\/\/dicodusport.fr\/blog\/wp-json\/wp\/v2\/comments?post=153924"}],"version-history":[{"count":0,"href":"https:\/\/dicodusport.fr\/blog\/wp-json\/wp\/v2\/posts\/153924\/revisions"}],"wp:featuredmedia":[{"embeddable":true,"href":"https:\/\/dicodusport.fr\/blog\/wp-json\/wp\/v2\/media\/153929"}],"wp:attachment":[{"href":"https:\/\/dicodusport.fr\/blog\/wp-json\/wp\/v2\/media?parent=153924"}],"wp:term":[{"taxonomy":"category","embeddable":true,"href":"https:\/\/dicodusport.fr\/blog\/wp-json\/wp\/v2\/categories?post=153924"},{"taxonomy":"post_tag","embeddable":true,"href":"https:\/\/dicodusport.fr\/blog\/wp-json\/wp\/v2\/tags?post=153924"}],"curies":[{"name":"wp","href":"https:\/\/api.w.org\/{rel}","templated":true}]}}