{"id":154975,"date":"2021-08-06T19:31:35","date_gmt":"2021-08-06T17:31:35","guid":{"rendered":"https:\/\/dicodusport.fr\/blog\/?p=154975"},"modified":"2021-08-06T19:31:35","modified_gmt":"2021-08-06T17:31:35","slug":"ligue-1-clermont-foot-une-premiere-saison-dans-l-elite","status":"publish","type":"post","link":"https:\/\/dicodusport.fr\/blog\/ligue-1-clermont-foot-une-premiere-saison-dans-l-elite\/","title":{"rendered":"Ligue 1 &#8211; Clermont Foot : Une premi\u00e8re saison dans l&rsquo;\u00e9lite"},"content":{"rendered":"<p style=\"text-align: justify;\"><em><strong><a href=\"https:\/\/dicodusport.fr\/blog\/actualites\/football\/ligue-1-2021-2022\/\">LIGUE 1 2021-2022<\/a> &#8211; Dans quelques jours, notre bonne vieille Ligue 1 revient dans les stades. La r\u00e9daction de Dicodusport vous propose un tour d&rsquo;horizon des \u00e9quipes engag\u00e9es. Les Clermontois ont \u00e9t\u00e9 sacr\u00e9s vice-champion de Ligue 2 et acc\u00e8dent \u00e0 l\u2019\u00e9lite pour la premi\u00e8re fois de leur histoire.<\/strong><\/em><\/p>\n<h2 style=\"text-align: justify;\">L&rsquo;histoire du Clermont Foot en Ligue 1<\/h2>\n<p style=\"text-align: justify;\">Le livre est encore vierge mais l\u2019histoire m\u00e9rite d\u2019\u00eatre \u00e9crite. Apr\u00e8s l\u2019excellente derni\u00e8re saison en Ligue 2, les Clermontois vont avoir l\u2019occasion de r\u00e9diger les premi\u00e8res lignes de leur l\u00e9gende au sein de l\u2019\u00e9lite fran\u00e7aise. En effet, le Clermont Foot n\u2019a jamais atteint la premi\u00e8re division jusqu\u2019\u00e0 pr\u00e9sent. En dehors du championnat, les Clermontois ont atteint \u00e0 deux reprises les quarts de finale de la Coupe de France (1997, 2005). Ils ont \u00e9galement atteint ce stade lors de la Coupe de la Ligue en 2005.<\/p>\n<h2 style=\"text-align: justify;\">Les joueurs cl\u00e9s de Clermont cette saison<\/h2>\n<p style=\"text-align: justify;\">La grande question sera la suivante : les dirigeants pourront-ils retenir leurs meilleurs \u00e9l\u00e9ments jusqu\u2019\u00e0 la fin du mercato ? Pour le moment, ils n\u2019ont enregistr\u00e9 aucun gros d\u00e9part, mais, si la Ligue 1 reprend ce week-end, de nombreux mouvements sont encore \u00e0 pr\u00e9voir. Il faudra conserver <strong>Mohamed Bayo<\/strong>, meilleur buteur de deuxi\u00e8me division avec 22 unit\u00e9s la saison pass\u00e9e, mais aussi <strong>Akim Zedadka<\/strong>, <strong>C\u00e9dric Hountondji<\/strong> et <strong>Jim Allevinah<\/strong>.<\/p>\n<p style=\"text-align: justify;\">Les Clermontois compteront \u00e9galement sur leurs recrues et notamment sur <strong>Elbasan Rashani<\/strong>. L\u2019ailier gauche, arriv\u00e9 libre de Turquie, devra apporter sa qualit\u00e9 \u00e0 l\u2019effectif. <strong>Arial Mendy<\/strong> viendra renforcer le c\u00f4t\u00e9 gauche de la d\u00e9fense et <strong>Salis Abdul Samed<\/strong> apportera un nouveau profil au milieu de terrain.<\/p>\n<h2 style=\"text-align: justify;\">Pascal Gastien<\/h2>\n<p style=\"text-align: justify;\">Les dirigeants ont d\u00e9cid\u00e9 d\u2019instaurer un projet long terme avec le Rochefortais et grand bien leur en a fait. Arriv\u00e9 en ao\u00fbt 2017 suite au d\u00e9part de <strong>Corinne Diacre<\/strong> pour entra\u00eener l\u2019\u00e9quipe de France f\u00e9minine, <strong>Pascal Gastien<\/strong> m\u00e8ne ses hommes \u00e0 la sixi\u00e8me place de la Ligue 2. La saison suivante est plus compliqu\u00e9e avec des d\u00e9parts qui n\u2019ont rien arrang\u00e9. Pourtant, <strong>Pascal Gastien<\/strong> ne l\u00e2che rien et limite la casse en obtenant une dixi\u00e8me place.<\/p>\n<p style=\"text-align: justify;\">Il est confort\u00e9 par ses dirigeants et peut continuer \u00e0 travailler. En 2020, ses hommes terminent cinqui\u00e8mes et manquent de peu la mont\u00e9e. Mais le travail et l\u2019abn\u00e9gation finissent par payer et les Clermontois obtiennent une mont\u00e9e historique la saison pass\u00e9e.<strong> Pascal Gastien<\/strong> est la preuve que la valse des entra\u00eeneurs n\u2019est pas toujours n\u00e9cessaire pour atteindre de grands objectifs.<\/p>\n<blockquote class=\"twitter-tweet\">\n<p dir=\"ltr\" lang=\"fr\">&#x203c;&#xfe0f;| Le calendrier du Clermont Foot a fuit\u00e9 en avant premi\u00e8re &#x1f92f;&#x1f633;<\/p>\n<p>Merci <a href=\"https:\/\/twitter.com\/azizlemagicien?ref_src=twsrc%5Etfw\">@azizlemagicien<\/a> &#x1f4a5;<\/p>\n<p>Vos premi\u00e8res r\u00e9actions \u00e0 ce calendrier ? &#x1f30b;&#x1f30b;<a href=\"https:\/\/twitter.com\/hashtag\/CF63?src=hash&amp;ref_src=twsrc%5Etfw\">#CF63<\/a> <a href=\"https:\/\/twitter.com\/hashtag\/Ligue1?src=hash&amp;ref_src=twsrc%5Etfw\">#Ligue1<\/a> <a href=\"https:\/\/t.co\/Q6j2JPgzFg\">pic.twitter.com\/Q6j2JPgzFg<\/a><\/p>\n<p>\u2014 Clermont Newsblog (@Cf63Newsblog) <a href=\"https:\/\/twitter.com\/Cf63Newsblog\/status\/1408360769050320900?ref_src=twsrc%5Etfw\">June 25, 2021<\/a><\/p><\/blockquote>\n<p><script async src=\"https:\/\/platform.twitter.com\/widgets.js\" charset=\"utf-8\"><\/script><\/p>\n<h2 style=\"text-align: justify;\">Notre pronostic pour la saison 2021\/2022<\/h2>\n<p style=\"text-align: justify;\">Si l\u2019effectif clermontois fait partie des plus faibles de l\u2019\u00e9lite, nous avons envie de croire au maintien. Comme d\u2019autres promus ces derni\u00e8res ann\u00e9es, le Clermont Foot pourrait \u00eatre boost\u00e9 par cette mont\u00e9e &#8211; ici historique &#8211; pour r\u00e9aliser une grande saison. Cependant, il faudra \u00eatre tr\u00e8s s\u00e9rieux tout au long de l\u2019ann\u00e9e car chaque point pourrait compter pour rester en Ligue 1.<\/p>\n","protected":false},"excerpt":{"rendered":"<p>LIGUE 1 2021-2022 &#8211; Dans quelques jours, notre bonne vieille Ligue 1 revient dans les stades. La r\u00e9daction de Dicodusport vous propose un tour d&rsquo;horizon des \u00e9quipes engag\u00e9es. Les Clermontois ont \u00e9t\u00e9 sacr\u00e9s vice-champion de Ligue 2 et acc\u00e8dent \u00e0 l\u2019\u00e9lite pour la premi\u00e8re fois de leur histoire.<\/p>\n","protected":false},"author":57,"featured_media":156531,"comment_status":"open","ping_status":"closed","sticky":false,"template":"","format":"standard","meta":{"_acf_changed":false,"_daextam_enable_autolinks":"","footnotes":""},"categories":[47045],"tags":[5771,1554],"class_list":["post-154975","post","type-post","status-publish","format-standard","has-post-thumbnail","hentry","category-ligue-1","tag-clermont-foot","tag-ligue-1"],"acf":[],"yoast_head":"<!-- This site is optimized with the Yoast SEO Premium plugin v26.7 (Yoast SEO v26.7) - https:\/\/yoast.com\/wordpress\/plugins\/seo\/ -->\n<title>Ligue 1 - Clermont Foot : Une premi\u00e8re saison dans l&#039;\u00e9lite<\/title>\n<meta name=\"description\" content=\"LIGUE 1 - Dans quelques jours, notre bonne vieille Ligue 1 revient dans les stades. La r\u00e9daction de Dicodusport se penche sur Clermont Foot.\" \/>\n<meta name=\"robots\" content=\"index, follow, max-snippet:-1, max-image-preview:large, max-video-preview:-1\" \/>\n<link rel=\"canonical\" href=\"https:\/\/dicodusport.fr\/blog\/ligue-1-clermont-foot-une-premiere-saison-dans-l-elite\/\" \/>\n<meta property=\"og:locale\" content=\"fr_FR\" \/>\n<meta property=\"og:type\" content=\"article\" \/>\n<meta property=\"og:title\" content=\"Ligue 1 - Clermont Foot : Une premi\u00e8re saison dans l&#039;\u00e9lite\" \/>\n<meta property=\"og:description\" content=\"LIGUE 1 - Dans quelques jours, notre bonne vieille Ligue 1 revient dans les stades. La r\u00e9daction de Dicodusport se penche sur Clermont Foot.\" \/>\n<meta property=\"og:url\" content=\"https:\/\/dicodusport.fr\/blog\/ligue-1-clermont-foot-une-premiere-saison-dans-l-elite\/\" \/>\n<meta property=\"og:site_name\" content=\"Dicodusport\" \/>\n<meta property=\"article:publisher\" content=\"https:\/\/www.facebook.com\/dicodusport\" \/>\n<meta property=\"article:published_time\" content=\"2021-08-06T17:31:35+00:00\" \/>\n<meta property=\"og:image\" content=\"https:\/\/dicodusport.fr\/blog\/wp-content\/uploads\/2021\/08\/Ligue-1-Clermont-Foot-Une-premiere-saison-dans-lelite.png\" \/>\n\t<meta property=\"og:image:width\" content=\"800\" \/>\n\t<meta property=\"og:image:height\" content=\"445\" \/>\n\t<meta property=\"og:image:type\" content=\"image\/png\" \/>\n<meta name=\"author\" content=\"Vincent Soubab\u00e8re\" \/>\n<meta name=\"twitter:card\" content=\"summary_large_image\" \/>\n<meta name=\"twitter:creator\" content=\"@dicodusport\" \/>\n<meta name=\"twitter:site\" content=\"@dicodusport\" \/>\n<script type=\"application\/ld+json\" class=\"yoast-schema-graph\">{\"@context\":\"https:\/\/schema.org\",\"@graph\":[{\"@type\":\"NewsArticle\",\"@id\":\"https:\/\/dicodusport.fr\/blog\/ligue-1-clermont-foot-une-premiere-saison-dans-l-elite\/#article\",\"isPartOf\":{\"@id\":\"https:\/\/dicodusport.fr\/blog\/ligue-1-clermont-foot-une-premiere-saison-dans-l-elite\/\"},\"author\":{\"name\":\"Vincent Soubab\u00e8re\",\"@id\":\"https:\/\/dicodusport.fr\/blog\/#\/schema\/person\/ba9487b5b85f57eecfb00513e982c05b\"},\"headline\":\"Ligue 1 &#8211; Clermont Foot : Une premi\u00e8re saison dans l&rsquo;\u00e9lite\",\"datePublished\":\"2021-08-06T17:31:35+00:00\",\"mainEntityOfPage\":{\"@id\":\"https:\/\/dicodusport.fr\/blog\/ligue-1-clermont-foot-une-premiere-saison-dans-l-elite\/\"},\"wordCount\":577,\"commentCount\":0,\"publisher\":{\"@id\":\"https:\/\/dicodusport.fr\/blog\/#organization\"},\"image\":{\"@id\":\"https:\/\/dicodusport.fr\/blog\/ligue-1-clermont-foot-une-premiere-saison-dans-l-elite\/#primaryimage\"},\"thumbnailUrl\":\"https:\/\/dicodusport.fr\/blog\/wp-content\/uploads\/2021\/08\/Ligue-1-Clermont-Foot-Une-premiere-saison-dans-lelite.png\",\"keywords\":[\"Clermont Foot\",\"Ligue 1\"],\"articleSection\":[\"Ligue 1\"],\"inLanguage\":\"fr-FR\",\"potentialAction\":[{\"@type\":\"CommentAction\",\"name\":\"Comment\",\"target\":[\"https:\/\/dicodusport.fr\/blog\/ligue-1-clermont-foot-une-premiere-saison-dans-l-elite\/#respond\"]}],\"copyrightYear\":\"2021\",\"copyrightHolder\":{\"@id\":\"https:\/\/dicodusport.fr\/blog\/#organization\"}},{\"@type\":\"WebPage\",\"@id\":\"https:\/\/dicodusport.fr\/blog\/ligue-1-clermont-foot-une-premiere-saison-dans-l-elite\/\",\"url\":\"https:\/\/dicodusport.fr\/blog\/ligue-1-clermont-foot-une-premiere-saison-dans-l-elite\/\",\"name\":\"Ligue 1 - Clermont Foot : Une premi\u00e8re saison dans l'\u00e9lite\",\"isPartOf\":{\"@id\":\"https:\/\/dicodusport.fr\/blog\/#website\"},\"primaryImageOfPage\":{\"@id\":\"https:\/\/dicodusport.fr\/blog\/ligue-1-clermont-foot-une-premiere-saison-dans-l-elite\/#primaryimage\"},\"image\":{\"@id\":\"https:\/\/dicodusport.fr\/blog\/ligue-1-clermont-foot-une-premiere-saison-dans-l-elite\/#primaryimage\"},\"thumbnailUrl\":\"https:\/\/dicodusport.fr\/blog\/wp-content\/uploads\/2021\/08\/Ligue-1-Clermont-Foot-Une-premiere-saison-dans-lelite.png\",\"datePublished\":\"2021-08-06T17:31:35+00:00\",\"description\":\"LIGUE 1 - Dans quelques jours, notre bonne vieille Ligue 1 revient dans les stades. La r\u00e9daction de Dicodusport se penche sur Clermont Foot.\",\"breadcrumb\":{\"@id\":\"https:\/\/dicodusport.fr\/blog\/ligue-1-clermont-foot-une-premiere-saison-dans-l-elite\/#breadcrumb\"},\"inLanguage\":\"fr-FR\",\"potentialAction\":[{\"@type\":\"ReadAction\",\"target\":[\"https:\/\/dicodusport.fr\/blog\/ligue-1-clermont-foot-une-premiere-saison-dans-l-elite\/\"]}]},{\"@type\":\"ImageObject\",\"inLanguage\":\"fr-FR\",\"@id\":\"https:\/\/dicodusport.fr\/blog\/ligue-1-clermont-foot-une-premiere-saison-dans-l-elite\/#primaryimage\",\"url\":\"https:\/\/dicodusport.fr\/blog\/wp-content\/uploads\/2021\/08\/Ligue-1-Clermont-Foot-Une-premiere-saison-dans-lelite.png\",\"contentUrl\":\"https:\/\/dicodusport.fr\/blog\/wp-content\/uploads\/2021\/08\/Ligue-1-Clermont-Foot-Une-premiere-saison-dans-lelite.png\",\"width\":800,\"height\":445,\"caption\":\"Ligue 1 - Clermont Foot - Une premi\u00e8re saison dans l'\u00e9lite\"},{\"@type\":\"BreadcrumbList\",\"@id\":\"https:\/\/dicodusport.fr\/blog\/ligue-1-clermont-foot-une-premiere-saison-dans-l-elite\/#breadcrumb\",\"itemListElement\":[{\"@type\":\"ListItem\",\"position\":1,\"name\":\"Accueil\",\"item\":\"https:\/\/dicodusport.fr\/blog\/\"},{\"@type\":\"ListItem\",\"position\":2,\"name\":\"Ligue 1 &#8211; Clermont Foot : Une premi\u00e8re saison dans l&rsquo;\u00e9lite\"}]},{\"@type\":\"WebSite\",\"@id\":\"https:\/\/dicodusport.fr\/blog\/#website\",\"url\":\"https:\/\/dicodusport.fr\/blog\/\",\"name\":\"Dicodusport\",\"description\":\"L&#039;encyclop\u00e9die de l&#039;actualit\u00e9 sportive\",\"publisher\":{\"@id\":\"https:\/\/dicodusport.fr\/blog\/#organization\"},\"potentialAction\":[{\"@type\":\"SearchAction\",\"target\":{\"@type\":\"EntryPoint\",\"urlTemplate\":\"https:\/\/dicodusport.fr\/blog\/?s={search_term_string}\"},\"query-input\":{\"@type\":\"PropertyValueSpecification\",\"valueRequired\":true,\"valueName\":\"search_term_string\"}}],\"inLanguage\":\"fr-FR\"},{\"@type\":\"NewsMediaOrganization\",\"@id\":\"https:\/\/dicodusport.fr\/blog\/#organization\",\"name\":\"Dicodusport\",\"url\":\"https:\/\/dicodusport.fr\/blog\/\",\"logo\":{\"@type\":\"ImageObject\",\"inLanguage\":\"fr-FR\",\"@id\":\"https:\/\/dicodusport.fr\/blog\/#\/schema\/logo\/image\/\",\"url\":\"https:\/\/dicodusport.fr\/blog\/wp-content\/uploads\/2020\/06\/cropped-LOGO-DICODUSPORT-2020-SANS-FOND-SANS-TEXTE.png\",\"contentUrl\":\"https:\/\/dicodusport.fr\/blog\/wp-content\/uploads\/2020\/06\/cropped-LOGO-DICODUSPORT-2020-SANS-FOND-SANS-TEXTE.png\",\"width\":512,\"height\":512,\"caption\":\"Dicodusport\"},\"image\":{\"@id\":\"https:\/\/dicodusport.fr\/blog\/#\/schema\/logo\/image\/\"},\"sameAs\":[\"https:\/\/www.facebook.com\/dicodusport\",\"https:\/\/x.com\/dicodusport\",\"https:\/\/www.instagram.com\/dicodusport\/\",\"https:\/\/www.youtube.com\/channel\/UC7V2KZ5sd3htJivAbA4ZG3w\"],\"description\":\"Dicodusport est l'encyclop\u00e9die de l'actualit\u00e9 sportive.\",\"email\":\"bonjour@dicodusport.fr\",\"legalName\":\"DICODUSPORT\",\"foundingDate\":\"2018-01-14\",\"vatID\":\"FR71834470973\",\"taxID\":\"83447097300043\",\"numberOfEmployees\":{\"@type\":\"QuantitativeValue\",\"minValue\":\"1\",\"maxValue\":\"10\"}},{\"@type\":\"Person\",\"@id\":\"https:\/\/dicodusport.fr\/blog\/#\/schema\/person\/ba9487b5b85f57eecfb00513e982c05b\",\"name\":\"Vincent Soubab\u00e8re\",\"image\":{\"@type\":\"ImageObject\",\"inLanguage\":\"fr-FR\",\"@id\":\"https:\/\/dicodusport.fr\/blog\/#\/schema\/person\/image\/\",\"url\":\"https:\/\/dicodusport.fr\/blog\/wp-content\/uploads\/2021\/05\/Vincent-Soubabere-150x150.jpg\",\"contentUrl\":\"https:\/\/dicodusport.fr\/blog\/wp-content\/uploads\/2021\/05\/Vincent-Soubabere-150x150.jpg\",\"caption\":\"Vincent Soubab\u00e8re\"},\"description\":\"Journaliste\/r\u00e9dacteur depuis ao\u00fbt 2018 - Passionn\u00e9 de sport depuis tout petit, je me suis logiquement tourn\u00e9 vers le journalisme sportif depuis ao\u00fbt 2018. Grand supporter des Girondins, je suis aussi un fan de football. Je pratique le tennis et suis l'actualit\u00e9 de la petite balle jaune. En juillet, vous risquez de me croiser sur les routes du Tour.\",\"url\":\"https:\/\/dicodusport.fr\/blog\/author\/vincents\/\"}]}<\/script>\n<!-- \/ Yoast SEO Premium plugin. -->","yoast_head_json":{"title":"Ligue 1 - Clermont Foot : Une premi\u00e8re saison dans l'\u00e9lite","description":"LIGUE 1 - Dans quelques jours, notre bonne vieille Ligue 1 revient dans les stades. La r\u00e9daction de Dicodusport se penche sur Clermont Foot.","robots":{"index":"index","follow":"follow","max-snippet":"max-snippet:-1","max-image-preview":"max-image-preview:large","max-video-preview":"max-video-preview:-1"},"canonical":"https:\/\/dicodusport.fr\/blog\/ligue-1-clermont-foot-une-premiere-saison-dans-l-elite\/","og_locale":"fr_FR","og_type":"article","og_title":"Ligue 1 - Clermont Foot : Une premi\u00e8re saison dans l'\u00e9lite","og_description":"LIGUE 1 - Dans quelques jours, notre bonne vieille Ligue 1 revient dans les stades. La r\u00e9daction de Dicodusport se penche sur Clermont Foot.","og_url":"https:\/\/dicodusport.fr\/blog\/ligue-1-clermont-foot-une-premiere-saison-dans-l-elite\/","og_site_name":"Dicodusport","article_publisher":"https:\/\/www.facebook.com\/dicodusport","article_published_time":"2021-08-06T17:31:35+00:00","og_image":[{"width":800,"height":445,"url":"https:\/\/dicodusport.fr\/blog\/wp-content\/uploads\/2021\/08\/Ligue-1-Clermont-Foot-Une-premiere-saison-dans-lelite.png","type":"image\/png"}],"author":"Vincent Soubab\u00e8re","twitter_card":"summary_large_image","twitter_creator":"@dicodusport","twitter_site":"@dicodusport","schema":{"@context":"https:\/\/schema.org","@graph":[{"@type":"NewsArticle","@id":"https:\/\/dicodusport.fr\/blog\/ligue-1-clermont-foot-une-premiere-saison-dans-l-elite\/#article","isPartOf":{"@id":"https:\/\/dicodusport.fr\/blog\/ligue-1-clermont-foot-une-premiere-saison-dans-l-elite\/"},"author":{"name":"Vincent Soubab\u00e8re","@id":"https:\/\/dicodusport.fr\/blog\/#\/schema\/person\/ba9487b5b85f57eecfb00513e982c05b"},"headline":"Ligue 1 &#8211; Clermont Foot : Une premi\u00e8re saison dans l&rsquo;\u00e9lite","datePublished":"2021-08-06T17:31:35+00:00","mainEntityOfPage":{"@id":"https:\/\/dicodusport.fr\/blog\/ligue-1-clermont-foot-une-premiere-saison-dans-l-elite\/"},"wordCount":577,"commentCount":0,"publisher":{"@id":"https:\/\/dicodusport.fr\/blog\/#organization"},"image":{"@id":"https:\/\/dicodusport.fr\/blog\/ligue-1-clermont-foot-une-premiere-saison-dans-l-elite\/#primaryimage"},"thumbnailUrl":"https:\/\/dicodusport.fr\/blog\/wp-content\/uploads\/2021\/08\/Ligue-1-Clermont-Foot-Une-premiere-saison-dans-lelite.png","keywords":["Clermont Foot","Ligue 1"],"articleSection":["Ligue 1"],"inLanguage":"fr-FR","potentialAction":[{"@type":"CommentAction","name":"Comment","target":["https:\/\/dicodusport.fr\/blog\/ligue-1-clermont-foot-une-premiere-saison-dans-l-elite\/#respond"]}],"copyrightYear":"2021","copyrightHolder":{"@id":"https:\/\/dicodusport.fr\/blog\/#organization"}},{"@type":"WebPage","@id":"https:\/\/dicodusport.fr\/blog\/ligue-1-clermont-foot-une-premiere-saison-dans-l-elite\/","url":"https:\/\/dicodusport.fr\/blog\/ligue-1-clermont-foot-une-premiere-saison-dans-l-elite\/","name":"Ligue 1 - Clermont Foot : Une premi\u00e8re saison dans l'\u00e9lite","isPartOf":{"@id":"https:\/\/dicodusport.fr\/blog\/#website"},"primaryImageOfPage":{"@id":"https:\/\/dicodusport.fr\/blog\/ligue-1-clermont-foot-une-premiere-saison-dans-l-elite\/#primaryimage"},"image":{"@id":"https:\/\/dicodusport.fr\/blog\/ligue-1-clermont-foot-une-premiere-saison-dans-l-elite\/#primaryimage"},"thumbnailUrl":"https:\/\/dicodusport.fr\/blog\/wp-content\/uploads\/2021\/08\/Ligue-1-Clermont-Foot-Une-premiere-saison-dans-lelite.png","datePublished":"2021-08-06T17:31:35+00:00","description":"LIGUE 1 - Dans quelques jours, notre bonne vieille Ligue 1 revient dans les stades. La r\u00e9daction de Dicodusport se penche sur Clermont Foot.","breadcrumb":{"@id":"https:\/\/dicodusport.fr\/blog\/ligue-1-clermont-foot-une-premiere-saison-dans-l-elite\/#breadcrumb"},"inLanguage":"fr-FR","potentialAction":[{"@type":"ReadAction","target":["https:\/\/dicodusport.fr\/blog\/ligue-1-clermont-foot-une-premiere-saison-dans-l-elite\/"]}]},{"@type":"ImageObject","inLanguage":"fr-FR","@id":"https:\/\/dicodusport.fr\/blog\/ligue-1-clermont-foot-une-premiere-saison-dans-l-elite\/#primaryimage","url":"https:\/\/dicodusport.fr\/blog\/wp-content\/uploads\/2021\/08\/Ligue-1-Clermont-Foot-Une-premiere-saison-dans-lelite.png","contentUrl":"https:\/\/dicodusport.fr\/blog\/wp-content\/uploads\/2021\/08\/Ligue-1-Clermont-Foot-Une-premiere-saison-dans-lelite.png","width":800,"height":445,"caption":"Ligue 1 - Clermont Foot - Une premi\u00e8re saison dans l'\u00e9lite"},{"@type":"BreadcrumbList","@id":"https:\/\/dicodusport.fr\/blog\/ligue-1-clermont-foot-une-premiere-saison-dans-l-elite\/#breadcrumb","itemListElement":[{"@type":"ListItem","position":1,"name":"Accueil","item":"https:\/\/dicodusport.fr\/blog\/"},{"@type":"ListItem","position":2,"name":"Ligue 1 &#8211; Clermont Foot : Une premi\u00e8re saison dans l&rsquo;\u00e9lite"}]},{"@type":"WebSite","@id":"https:\/\/dicodusport.fr\/blog\/#website","url":"https:\/\/dicodusport.fr\/blog\/","name":"Dicodusport","description":"L&#039;encyclop\u00e9die de l&#039;actualit\u00e9 sportive","publisher":{"@id":"https:\/\/dicodusport.fr\/blog\/#organization"},"potentialAction":[{"@type":"SearchAction","target":{"@type":"EntryPoint","urlTemplate":"https:\/\/dicodusport.fr\/blog\/?s={search_term_string}"},"query-input":{"@type":"PropertyValueSpecification","valueRequired":true,"valueName":"search_term_string"}}],"inLanguage":"fr-FR"},{"@type":"NewsMediaOrganization","@id":"https:\/\/dicodusport.fr\/blog\/#organization","name":"Dicodusport","url":"https:\/\/dicodusport.fr\/blog\/","logo":{"@type":"ImageObject","inLanguage":"fr-FR","@id":"https:\/\/dicodusport.fr\/blog\/#\/schema\/logo\/image\/","url":"https:\/\/dicodusport.fr\/blog\/wp-content\/uploads\/2020\/06\/cropped-LOGO-DICODUSPORT-2020-SANS-FOND-SANS-TEXTE.png","contentUrl":"https:\/\/dicodusport.fr\/blog\/wp-content\/uploads\/2020\/06\/cropped-LOGO-DICODUSPORT-2020-SANS-FOND-SANS-TEXTE.png","width":512,"height":512,"caption":"Dicodusport"},"image":{"@id":"https:\/\/dicodusport.fr\/blog\/#\/schema\/logo\/image\/"},"sameAs":["https:\/\/www.facebook.com\/dicodusport","https:\/\/x.com\/dicodusport","https:\/\/www.instagram.com\/dicodusport\/","https:\/\/www.youtube.com\/channel\/UC7V2KZ5sd3htJivAbA4ZG3w"],"description":"Dicodusport est l'encyclop\u00e9die de l'actualit\u00e9 sportive.","email":"bonjour@dicodusport.fr","legalName":"DICODUSPORT","foundingDate":"2018-01-14","vatID":"FR71834470973","taxID":"83447097300043","numberOfEmployees":{"@type":"QuantitativeValue","minValue":"1","maxValue":"10"}},{"@type":"Person","@id":"https:\/\/dicodusport.fr\/blog\/#\/schema\/person\/ba9487b5b85f57eecfb00513e982c05b","name":"Vincent Soubab\u00e8re","image":{"@type":"ImageObject","inLanguage":"fr-FR","@id":"https:\/\/dicodusport.fr\/blog\/#\/schema\/person\/image\/","url":"https:\/\/dicodusport.fr\/blog\/wp-content\/uploads\/2021\/05\/Vincent-Soubabere-150x150.jpg","contentUrl":"https:\/\/dicodusport.fr\/blog\/wp-content\/uploads\/2021\/05\/Vincent-Soubabere-150x150.jpg","caption":"Vincent Soubab\u00e8re"},"description":"Journaliste\/r\u00e9dacteur depuis ao\u00fbt 2018 - Passionn\u00e9 de sport depuis tout petit, je me suis logiquement tourn\u00e9 vers le journalisme sportif depuis ao\u00fbt 2018. Grand supporter des Girondins, je suis aussi un fan de football. Je pratique le tennis et suis l'actualit\u00e9 de la petite balle jaune. En juillet, vous risquez de me croiser sur les routes du Tour.","url":"https:\/\/dicodusport.fr\/blog\/author\/vincents\/"}]}},"_links":{"self":[{"href":"https:\/\/dicodusport.fr\/blog\/wp-json\/wp\/v2\/posts\/154975","targetHints":{"allow":["GET"]}}],"collection":[{"href":"https:\/\/dicodusport.fr\/blog\/wp-json\/wp\/v2\/posts"}],"about":[{"href":"https:\/\/dicodusport.fr\/blog\/wp-json\/wp\/v2\/types\/post"}],"author":[{"embeddable":true,"href":"https:\/\/dicodusport.fr\/blog\/wp-json\/wp\/v2\/users\/57"}],"replies":[{"embeddable":true,"href":"https:\/\/dicodusport.fr\/blog\/wp-json\/wp\/v2\/comments?post=154975"}],"version-history":[{"count":0,"href":"https:\/\/dicodusport.fr\/blog\/wp-json\/wp\/v2\/posts\/154975\/revisions"}],"wp:featuredmedia":[{"embeddable":true,"href":"https:\/\/dicodusport.fr\/blog\/wp-json\/wp\/v2\/media\/156531"}],"wp:attachment":[{"href":"https:\/\/dicodusport.fr\/blog\/wp-json\/wp\/v2\/media?parent=154975"}],"wp:term":[{"taxonomy":"category","embeddable":true,"href":"https:\/\/dicodusport.fr\/blog\/wp-json\/wp\/v2\/categories?post=154975"},{"taxonomy":"post_tag","embeddable":true,"href":"https:\/\/dicodusport.fr\/blog\/wp-json\/wp\/v2\/tags?post=154975"}],"curies":[{"name":"wp","href":"https:\/\/api.w.org\/{rel}","templated":true}]}}