{"id":155024,"date":"2021-08-03T23:30:42","date_gmt":"2021-08-03T21:30:42","guid":{"rendered":"https:\/\/dicodusport.fr\/blog\/?p=155024&#038;preview=true&#038;preview_id=155024"},"modified":"2021-08-04T15:56:41","modified_gmt":"2021-08-04T13:56:41","slug":"jeux-olympiques-de-tokyo-2020-le-direct-commente-du-4-aout","status":"publish","type":"post","link":"https:\/\/dicodusport.fr\/blog\/jeux-olympiques-de-tokyo-2020-le-direct-commente-du-4-aout\/","title":{"rendered":"Jeux Olympiques de Tokyo 2020 : le direct comment\u00e9 du 4 ao\u00fbt"},"content":{"rendered":"<p style=\"text-align: justify;\"><em><strong><a href=\"https:\/\/dicodusport.fr\/blog\/jo-tokyo-2020\/\">JEUX OLYMPIQUES DE TOKYO 2020<\/a> &#8211; Bienvenue dans le direct comment\u00e9 du mercredi 4 ao\u00fbt, quinzi\u00e8me journ\u00e9e des Jeux Olympiques de Tokyo.<\/strong><\/em><\/p>\n<hr \/>\n<table style=\"width: 97%; border-color: #ffffff;\">\n<tbody>\n<tr style=\"height: 120px;\">\n<td style=\"border-color: #ffffff #ffffff #e0e0e0; background-color: #ffffff; width: 150px; border-bottom-style: solid; border-bottom-width: 1px; text-align: center; vertical-align: top;\">\n<p style=\"text-align: center;\"><strong>15:55<\/strong><\/p>\n<p><span style=\"font-size: 20px;\">&#x1f534;<\/span><\/td>\n<td style=\"border-color: #ffffff #ffffff #e0e0e0; background-color: #ffffff; text-align: justify; width: 650px; border-bottom-style: solid; border-bottom-width: 1px; vertical-align: top;\">\n<p style=\"text-align: justify;\"><b>FIN DE LA <strong>QUINZI\u00c8ME <\/strong>JOURN\u00c9E<\/b><\/p>\n<p style=\"text-align: justify;\">Rendez-vous \u00e0 23h30 pour la suite des JO avec de la natation en eau libre pour lancer la journ\u00e9e.<\/p>\n<\/td>\n<\/tr>\n<\/tbody>\n<\/table>\n<table style=\"width: 97%; border-color: #ffffff;\">\n<tbody>\n<tr style=\"height: 120px;\">\n<td style=\"border-color: #ffffff #ffffff #e0e0e0; background-color: #ffffff; width: 150px; border-bottom-style: solid; border-bottom-width: 1px; text-align: center; vertical-align: top;\">\n<p style=\"text-align: center;\"><strong>15:50<\/strong><\/p>\n<p>&#x1f9d7;<\/td>\n<td style=\"border-color: #ffffff #ffffff #e0e0e0; background-color: #ffffff; text-align: justify; width: 650px; border-bottom-style: solid; border-bottom-width: 1px; vertical-align: top;\">\n<p style=\"text-align: justify;\"><b>1\/2 POUR LES FRAN\u00c7AISES EN ESCALADE<\/b><\/p>\n<p style=\"text-align: justify;\">Anouck Jaubert se qualifie pour la finale en terminant 8\u00e8me des qualifications. C&rsquo;est en revanche termin\u00e9 pour Julia Chanourdie qui finit 13\u00e8me. Rendez-vous le vendredi 6 ao\u00fbt \u00e0 10h30 pour le d\u00e9but de la finale.<\/p>\n<\/td>\n<\/tr>\n<\/tbody>\n<\/table>\n<table style=\"width: 97%; border-color: #ffffff;\">\n<tbody>\n<tr style=\"height: 120px;\">\n<td style=\"border-color: #ffffff #ffffff #e0e0e0; background-color: #ffffff; width: 150px; border-bottom-style: solid; border-bottom-width: 1px; text-align: center; vertical-align: top;\">\n<p style=\"text-align: center;\"><strong>15:45<\/strong><\/p>\n<p>&#x1f3c0;<\/td>\n<td style=\"border-color: #ffffff #ffffff #e0e0e0; background-color: #ffffff; text-align: justify; width: 650px; border-bottom-style: solid; border-bottom-width: 1px; vertical-align: top;\">\n<p style=\"text-align: justify;\"><b>LES BASKETTEUSES AUSSI EN DEMIE<\/b><\/p>\n<p style=\"text-align: justify;\">L&rsquo;\u00e9quipe de France s&rsquo;est fait peur mais assure sa qualification pour les demi-finales en dominant l&rsquo;Espagne 67-64. Les Bleues joueront le Japon pour une place en finale.<\/p>\n<p><span class=\"DpwoqZAgCBIjYHWuGrF1sm0tk8RiOhKfQdP3XNa5JyUe62zcTvn9LxM4bVE7l\"><\/p>\n<blockquote class=\"wp-embedded-content\" data-secret=\"KHTEu2cXTA\"><p><a href=\"https:\/\/dicodusport.fr\/blog\/jo-tokyo-2020-basket-les-bleues-passent-l-obstacle-espagnol-et-filent-en-demi-finales\/\">JO Tokyo 2020 &#8211; Basket : Les Bleues passent l&rsquo;obstacle espagnol et filent en demi-finales !<\/a><\/p><\/blockquote>\n<p><iframe loading=\"lazy\" class=\"wp-embedded-content\" sandbox=\"allow-scripts\" security=\"restricted\" style=\"position: absolute; clip: rect(1px, 1px, 1px, 1px);\" title=\"\u00ab\u00a0JO Tokyo 2020 &#8211; Basket : Les Bleues passent l&rsquo;obstacle espagnol et filent en demi-finales !\u00a0\u00bb &#8212; Dicodusport\" src=\"https:\/\/dicodusport.fr\/blog\/jo-tokyo-2020-basket-les-bleues-passent-l-obstacle-espagnol-et-filent-en-demi-finales\/embed\/#?secret=KHTEu2cXTA\" data-secret=\"KHTEu2cXTA\" width=\"600\" height=\"338\" frameborder=\"0\" marginwidth=\"0\" marginheight=\"0\" scrolling=\"no\"><\/iframe><\/span><\/td>\n<\/tr>\n<\/tbody>\n<\/table>\n<table style=\"width: 97%; border-color: #ffffff;\">\n<tbody>\n<tr style=\"height: 120px;\">\n<td style=\"border-color: #ffffff #ffffff #e0e0e0; background-color: #ffffff; width: 150px; border-bottom-style: solid; border-bottom-width: 1px; text-align: center; vertical-align: top;\">\n<p style=\"text-align: center;\"><strong>15:10<\/strong><\/p>\n<p>&#x1f93e;&#x200d;&#x2640;<\/td>\n<td style=\"border-color: #ffffff #ffffff #e0e0e0; background-color: #ffffff; text-align: justify; width: 650px; border-bottom-style: solid; border-bottom-width: 1px; vertical-align: top;\">\n<p style=\"text-align: justify;\"><b>LES HANDBALLEUSES EN DEMIE AVEC LA MANI\u00c8RE<\/b><\/p>\n<p style=\"text-align: justify;\">Les Bleues ont survol\u00e9 ce quart de finale avec une victoire 32-22 contre les Pays-Bas. La France affrontera la Su\u00e8de en demi-finale.<\/p>\n<p><span class=\"Xy4N6SUVwGqPPH5BduxvvEJ1szAYBY4H1o2SrebFRKtqljflc7zcTN0RWigbQ0j29kdO\"><\/p>\n<blockquote class=\"wp-embedded-content\" data-secret=\"PtHQLyNo7R\"><p><a href=\"https:\/\/dicodusport.fr\/blog\/jo-tokyo-2020-handball-les-bleues-filent-en-demi-finales\/\">JO Tokyo 2020 &#8211; Handball : les Bleues filent en demi-finales !<\/a><\/p><\/blockquote>\n<p><iframe loading=\"lazy\" class=\"wp-embedded-content\" sandbox=\"allow-scripts\" security=\"restricted\" style=\"position: absolute; clip: rect(1px, 1px, 1px, 1px);\" title=\"\u00ab\u00a0JO Tokyo 2020 &#8211; Handball : les Bleues filent en demi-finales !\u00a0\u00bb &#8212; Dicodusport\" src=\"https:\/\/dicodusport.fr\/blog\/jo-tokyo-2020-handball-les-bleues-filent-en-demi-finales\/embed\/#?secret=PtHQLyNo7R\" data-secret=\"PtHQLyNo7R\" width=\"600\" height=\"338\" frameborder=\"0\" marginwidth=\"0\" marginheight=\"0\" scrolling=\"no\"><\/iframe><\/span><\/td>\n<\/tr>\n<\/tbody>\n<\/table>\n<table style=\"width: 97%; border-color: #ffffff;\">\n<tbody>\n<tr style=\"height: 120px;\">\n<td style=\"border-color: #ffffff #ffffff #e0e0e0; background-color: #ffffff; width: 150px; border-bottom-style: solid; border-bottom-width: 1px; text-align: center; vertical-align: top;\">\n<p style=\"text-align: center;\"><strong>14:58<\/strong><\/p>\n<p>&#x1f1e8;&#x1f1e6;&#x1f947;<\/td>\n<td style=\"border-color: #ffffff #ffffff #e0e0e0; background-color: #ffffff; text-align: justify; width: 650px; border-bottom-style: solid; border-bottom-width: 1px; vertical-align: top;\">\n<p style=\"text-align: justify;\"><b>ANDRE DE GRASSE CHAMPION OLYMPIQUE !<\/b><\/p>\n<p style=\"text-align: justify;\">Le Canadien succ\u00e8de \u00e0 Usain Bolt et devient champion olympique du 200 m\u00e8tres en 19&Prime;62.<\/p>\n<p><span class=\"0rVnFty5jjphE8U0Sw1rqLhe5V14nD3lRQZucTYg4zACFOwvsBuOUCvXiaKIPbcbMEePQpRoH9T\"><\/p>\n<blockquote class=\"wp-embedded-content\" data-secret=\"xBkA6Jggo0\"><p><a href=\"https:\/\/dicodusport.fr\/blog\/jo-tokyo-2020-athletisme-andre-de-grasse-titre-sur-200-metres\/\">JO Tokyo 2020 &#8211; Athl\u00e9tisme : Andre De Grasse titr\u00e9 sur 200 m\u00e8tres<\/a><\/p><\/blockquote>\n<p><iframe loading=\"lazy\" class=\"wp-embedded-content\" sandbox=\"allow-scripts\" security=\"restricted\" style=\"position: absolute; clip: rect(1px, 1px, 1px, 1px);\" title=\"\u00ab\u00a0JO Tokyo 2020 &#8211; Athl\u00e9tisme : Andre De Grasse titr\u00e9 sur 200 m\u00e8tres\u00a0\u00bb &#8212; Dicodusport\" src=\"https:\/\/dicodusport.fr\/blog\/jo-tokyo-2020-athletisme-andre-de-grasse-titre-sur-200-metres\/embed\/#?secret=xBkA6Jggo0\" data-secret=\"xBkA6Jggo0\" width=\"600\" height=\"338\" frameborder=\"0\" marginwidth=\"0\" marginheight=\"0\" scrolling=\"no\"><\/iframe><\/span><\/td>\n<\/tr>\n<\/tbody>\n<\/table>\n<table style=\"width: 97%; border-color: #ffffff;\">\n<tbody>\n<tr style=\"height: 120px;\">\n<td style=\"border-color: #ffffff #ffffff #e0e0e0; background-color: #ffffff; width: 150px; border-bottom-style: solid; border-bottom-width: 1px; text-align: center; vertical-align: top;\">\n<p style=\"text-align: center;\"><strong>14:52<\/strong><\/p>\n<p>&#x1f3c3;<\/td>\n<td style=\"border-color: #ffffff #ffffff #e0e0e0; background-color: #ffffff; text-align: justify; width: 650px; border-bottom-style: solid; border-bottom-width: 1px; vertical-align: top;\">\n<p style=\"text-align: justify;\"><b>KEVIN MAYER 5\u00c8ME APR\u00c8S LA PREMI\u00c8RE JOURN\u00c9E<\/b><\/p>\n<p style=\"text-align: justify;\">Bless\u00e9 au dos en arrivant \u00e0 Tokyo, Kevin Mayer n&rsquo;\u00e9tait pas \u00e0 100% ce matin mais a rassur\u00e9 au saut en hauteur. Malheureusement son 400 m\u00e8tres lui a fait perdre des points pr\u00e9cieux dans la course au podium. Il termine 5\u00e8me \u00e0 la moiti\u00e9 du d\u00e9cathlon et devra sortir le grand jeu pour accrocher une m\u00e9daille.<\/p>\n<p><span class=\"Z2gvqAOpTUFN\"><\/p>\n<blockquote class=\"wp-embedded-content\" data-secret=\"KFQiTxlAVm\"><p><a href=\"https:\/\/dicodusport.fr\/blog\/jo-tokyo-2020-decathlon-kevin-mayer-5e-apres-la-premiere-journee\/\">JO Tokyo 2020 &#8211; D\u00e9cathlon : Kevin Mayer 5e apr\u00e8s la premi\u00e8re journ\u00e9e<\/a><\/p><\/blockquote>\n<p><iframe loading=\"lazy\" class=\"wp-embedded-content\" sandbox=\"allow-scripts\" security=\"restricted\" style=\"position: absolute; clip: rect(1px, 1px, 1px, 1px);\" title=\"\u00ab\u00a0JO Tokyo 2020 &#8211; D\u00e9cathlon : Kevin Mayer 5e apr\u00e8s la premi\u00e8re journ\u00e9e\u00a0\u00bb &#8212; Dicodusport\" src=\"https:\/\/dicodusport.fr\/blog\/jo-tokyo-2020-decathlon-kevin-mayer-5e-apres-la-premiere-journee\/embed\/#?secret=KFQiTxlAVm\" data-secret=\"KFQiTxlAVm\" width=\"600\" height=\"338\" frameborder=\"0\" marginwidth=\"0\" marginheight=\"0\" scrolling=\"no\"><\/iframe><\/span><\/td>\n<\/tr>\n<\/tbody>\n<\/table>\n<table style=\"width: 97%; border-color: #ffffff;\">\n<tbody>\n<tr style=\"height: 120px;\">\n<td style=\"border-color: #ffffff #ffffff #e0e0e0; background-color: #ffffff; width: 150px; border-bottom-style: solid; border-bottom-width: 1px; text-align: center; vertical-align: top;\">\n<p style=\"text-align: center;\"><strong>14:30<\/strong><\/p>\n<p>&#x1f1f5;&#x1f1f1;&#x1f947;<\/td>\n<td style=\"border-color: #ffffff #ffffff #e0e0e0; background-color: #ffffff; text-align: justify; width: 650px; border-bottom-style: solid; border-bottom-width: 1px; vertical-align: top;\">\n<p style=\"text-align: justify;\"><b>PAS DE M\u00c9DAILLE POUR QUENTIN BIGOT<\/b><\/p>\n<p style=\"text-align: justify;\">Quentin Bigot termine \u00e0 la 5\u00e8me place de la finale du lancer de marteau. Le Polonais Nowicki remporte l&rsquo;or avec un jet \u00e0 82.52m.<\/p>\n<p><span class=\"qb19NLPOw\"><\/p>\n<blockquote class=\"wp-embedded-content\" data-secret=\"7peV5vFk0X\"><p><a href=\"https:\/\/dicodusport.fr\/blog\/jo-tokyo-2020-athletisme-wojciech-nowicki-decroche-l-or-au-marteau\/\">JO Tokyo 2020 &#8211; Athl\u00e9tisme : Wojciech Nowicki d\u00e9croche l&rsquo;or au marteau<\/a><\/p><\/blockquote>\n<p><iframe loading=\"lazy\" class=\"wp-embedded-content\" sandbox=\"allow-scripts\" security=\"restricted\" style=\"position: absolute; clip: rect(1px, 1px, 1px, 1px);\" title=\"\u00ab\u00a0JO Tokyo 2020 &#8211; Athl\u00e9tisme : Wojciech Nowicki d\u00e9croche l&rsquo;or au marteau\u00a0\u00bb &#8212; Dicodusport\" src=\"https:\/\/dicodusport.fr\/blog\/jo-tokyo-2020-athletisme-wojciech-nowicki-decroche-l-or-au-marteau\/embed\/#?secret=7peV5vFk0X\" data-secret=\"7peV5vFk0X\" width=\"600\" height=\"338\" frameborder=\"0\" marginwidth=\"0\" marginheight=\"0\" scrolling=\"no\"><\/iframe><\/span><\/td>\n<\/tr>\n<\/tbody>\n<\/table>\n<table style=\"width: 97%; border-color: #ffffff;\">\n<tbody>\n<tr style=\"height: 120px;\">\n<td style=\"border-color: #ffffff #ffffff #e0e0e0; background-color: #ffffff; width: 150px; border-bottom-style: solid; border-bottom-width: 1px; text-align: center; vertical-align: top;\">\n<p style=\"text-align: center;\"><strong>14:30<\/strong><\/p>\n<p>&#x1f3c3;<\/td>\n<td style=\"border-color: #ffffff #ffffff #e0e0e0; background-color: #ffffff; text-align: justify; width: 650px; border-bottom-style: solid; border-bottom-width: 1px; vertical-align: top;\">\n<p style=\"text-align: justify;\"><b>ANOUK VETTER M\u00c8NE LES D\u00c9BATS EN HEPTATHLON<\/b><\/p>\n<p style=\"text-align: justify;\">Apr\u00e8s quatre \u00e9preuves, Anouk Vetter a pris la t\u00eate de l\u2019heptathlon devant Noor Vidts et Nafissatou Thiam alors que Katarina Johnson-Thompson a d\u00fb abandonner.<\/p>\n<p><span class=\"fX03MiC\"><\/p>\n<blockquote class=\"wp-embedded-content\" data-secret=\"U3U1KYAf1s\"><p><a href=\"https:\/\/dicodusport.fr\/blog\/jo-tokyo-2020-heptathlon-anouk-vetter-en-tete-devant-noor-vidts-et-naffisatou-thiam-johnson-thompson-abandonne\/\">JO Tokyo 2020 &#8211; Heptathlon : Anouk Vetter en t\u00eate devant Noor Vidts et Naffisatou Thiam, Johnson-Thompson abandonne<\/a><\/p><\/blockquote>\n<p><iframe loading=\"lazy\" class=\"wp-embedded-content\" sandbox=\"allow-scripts\" security=\"restricted\" style=\"position: absolute; clip: rect(1px, 1px, 1px, 1px);\" title=\"\u00ab\u00a0JO Tokyo 2020 &#8211; Heptathlon : Anouk Vetter en t\u00eate devant Noor Vidts et Naffisatou Thiam, Johnson-Thompson abandonne\u00a0\u00bb &#8212; Dicodusport\" src=\"https:\/\/dicodusport.fr\/blog\/jo-tokyo-2020-heptathlon-anouk-vetter-en-tete-devant-noor-vidts-et-naffisatou-thiam-johnson-thompson-abandonne\/embed\/#?secret=U3U1KYAf1s\" data-secret=\"U3U1KYAf1s\" width=\"600\" height=\"338\" frameborder=\"0\" marginwidth=\"0\" marginheight=\"0\" scrolling=\"no\"><\/iframe><\/span><\/td>\n<\/tr>\n<\/tbody>\n<\/table>\n<table style=\"width: 97%; border-color: #ffffff;\">\n<tbody>\n<tr style=\"height: 120px;\">\n<td style=\"border-color: #ffffff #ffffff #e0e0e0; background-color: #ffffff; width: 150px; border-bottom-style: solid; border-bottom-width: 1px; text-align: center; vertical-align: top;\">\n<p style=\"text-align: center;\"><strong>14:10<\/strong><\/p>\n<p>&#x1f1f0;&#x1f1ea;&#x1f947;<\/td>\n<td style=\"border-color: #ffffff #ffffff #e0e0e0; background-color: #ffffff; text-align: justify; width: 650px; border-bottom-style: solid; border-bottom-width: 1px; vertical-align: top;\">\n<p style=\"text-align: justify;\"><b>GABRIEL TUAL 7\u00c8ME DU 800 M<\/b><\/p>\n<p style=\"text-align: justify;\">Gabriel Tual a pris la 7\u00e8me place de la finale du 800 m\u00e8tres, course remport\u00e9e par le Kenyan Emmanuel Korir.<\/p>\n<p><span class=\"5kbrCTh6R7XFQJZ0pO9a1KU4SyYxqD9Fc2rd3o32SQeinuY08w8KsCpqIudZIMNllwyNgoeB\"><\/p>\n<blockquote class=\"wp-embedded-content\" data-secret=\"sxVArESOpB\"><p><a href=\"https:\/\/dicodusport.fr\/blog\/jo-tokyo-2020-athletisme-emmanuel-korir-prend-lor-sur-le-800-metres\/\">JO Tokyo 2020 &#8211; Athl\u00e9tisme : Emmanuel Korir prend l&rsquo;or sur le 800 m\u00e8tres<\/a><\/p><\/blockquote>\n<p><iframe loading=\"lazy\" class=\"wp-embedded-content\" sandbox=\"allow-scripts\" security=\"restricted\" style=\"position: absolute; clip: rect(1px, 1px, 1px, 1px);\" title=\"\u00ab\u00a0JO Tokyo 2020 &#8211; Athl\u00e9tisme : Emmanuel Korir prend l&rsquo;or sur le 800 m\u00e8tres\u00a0\u00bb &#8212; Dicodusport\" src=\"https:\/\/dicodusport.fr\/blog\/jo-tokyo-2020-athletisme-emmanuel-korir-prend-lor-sur-le-800-metres\/embed\/#?secret=sxVArESOpB\" data-secret=\"sxVArESOpB\" width=\"600\" height=\"338\" frameborder=\"0\" marginwidth=\"0\" marginheight=\"0\" scrolling=\"no\"><\/iframe><\/span><\/td>\n<\/tr>\n<\/tbody>\n<\/table>\n<table style=\"width: 97%; border-color: #ffffff;\">\n<tbody>\n<tr style=\"height: 120px;\">\n<td style=\"border-color: #ffffff #ffffff #e0e0e0; background-color: #ffffff; width: 150px; border-bottom-style: solid; border-bottom-width: 1px; text-align: center; vertical-align: top;\">\n<p style=\"text-align: center;\"><strong>13:55<\/strong><\/p>\n<p>&#x1f3ca;&#x200d;&#x2640;<\/td>\n<td style=\"border-color: #ffffff #ffffff #e0e0e0; background-color: #ffffff; text-align: justify; width: 650px; border-bottom-style: solid; border-bottom-width: 1px; vertical-align: top;\">\n<p style=\"text-align: justify;\"><b>CHARLOTTE ET LAURA TREMBLE TERMINENT 8\u00c8MES<\/b><\/p>\n<p>Les Fran\u00e7aises ont r\u00e9alis\u00e9 une tr\u00e8s belle performance lors du programme libre avec 89.6333 points (nouveau record personnel) et se classent \u00e0 la 8\u00e8me place de la finale duos libres.<\/p>\n<blockquote class=\"twitter-tweet\">\n<p dir=\"ltr\" lang=\"fr\">&#x1f1eb;&#x1f1f7; En natation artistique, Charlotte et Laura Tremble terminent 8e de la finale du duo avec un total de 89.6333 points et nouveau record personnel ! &#x1f44f;<a href=\"https:\/\/twitter.com\/hashtag\/AllezLesBleus?src=hash&amp;ref_src=twsrc%5Etfw\">#AllezLesBleus<\/a> <a href=\"https:\/\/twitter.com\/hashtag\/Tokyo2020?src=hash&amp;ref_src=twsrc%5Etfw\">#Tokyo2020<\/a> <a href=\"https:\/\/t.co\/ROjlqDVpZ1\">pic.twitter.com\/ROjlqDVpZ1<\/a><\/p>\n<p>\u2014 Equipe France (@EquipeFRA) <a href=\"https:\/\/twitter.com\/EquipeFRA\/status\/1422888106282291203?ref_src=twsrc%5Etfw\">August 4, 2021<\/a><\/p><\/blockquote>\n<p><script async src=\"https:\/\/platform.twitter.com\/widgets.js\" charset=\"utf-8\"><\/script><\/td>\n<\/tr>\n<\/tbody>\n<\/table>\n<table style=\"width: 97%; border-color: #ffffff;\">\n<tbody>\n<tr style=\"height: 120px;\">\n<td style=\"border-color: #ffffff #ffffff #e0e0e0; background-color: #ffffff; width: 150px; border-bottom-style: solid; border-bottom-width: 1px; text-align: center; vertical-align: top;\">\n<p style=\"text-align: center;\"><strong>13:20<\/strong><\/p>\n<p>&#x1f1fa;&#x1f1ec;&#x1f947;<\/td>\n<td style=\"border-color: #ffffff #ffffff #e0e0e0; background-color: #ffffff; text-align: justify; width: 650px; border-bottom-style: solid; border-bottom-width: 1px; vertical-align: top;\">\n<p style=\"text-align: justify;\"><b>CHEMUTAI CHAMPIONNE OLYMPIQUE<\/b><\/p>\n<p style=\"text-align: justify;\">L\u2019Ougandaise Peruth Chemutai s\u2019est impos\u00e9e sur le 3000 m\u00e8tres steeple. Elle a pris le meilleur sur l\u2019Am\u00e9ricaine Courtney Frerichs, qui a termin\u00e9 deuxi\u00e8me. La K\u00e9nyane Hyvin Kiyeng compl\u00e8te ce podium.<\/p>\n<p><span class=\"vHWuYUb2cTpSzLGPVFsgCwkoLRfruqi4EoaTR63VlM4Jx01FY5eAOZD5KPr1XJBA7iUmHNdtkhXg\"><\/p>\n<blockquote class=\"wp-embedded-content\" data-secret=\"pjOnFzQLux\"><p><a href=\"https:\/\/dicodusport.fr\/blog\/jo-tokyo-2020-athletisme-peruth-chemutai-decroche-lor-sur-3000-metres-steeple\/\">JO Tokyo 2020 &#8211; Athl\u00e9tisme : Peruth Chemutai d\u00e9croche l&rsquo;or sur 3000 m\u00e8tres steeple<\/a><\/p><\/blockquote>\n<p><iframe loading=\"lazy\" class=\"wp-embedded-content\" sandbox=\"allow-scripts\" security=\"restricted\" style=\"position: absolute; clip: rect(1px, 1px, 1px, 1px);\" title=\"\u00ab\u00a0JO Tokyo 2020 &#8211; Athl\u00e9tisme : Peruth Chemutai d\u00e9croche l&rsquo;or sur 3000 m\u00e8tres steeple\u00a0\u00bb &#8212; Dicodusport\" src=\"https:\/\/dicodusport.fr\/blog\/jo-tokyo-2020-athletisme-peruth-chemutai-decroche-lor-sur-3000-metres-steeple\/embed\/#?secret=pjOnFzQLux\" data-secret=\"pjOnFzQLux\" width=\"600\" height=\"338\" frameborder=\"0\" marginwidth=\"0\" marginheight=\"0\" scrolling=\"no\"><\/iframe><\/span><\/td>\n<\/tr>\n<\/tbody>\n<\/table>\n<table style=\"width: 97%; border-color: #ffffff;\">\n<tbody>\n<tr style=\"height: 120px;\">\n<td style=\"border-color: #ffffff #ffffff #e0e0e0; background-color: #ffffff; width: 150px; border-bottom-style: solid; border-bottom-width: 1px; text-align: center; vertical-align: top;\">\n<p style=\"text-align: center;\"><strong>11:40<\/strong><\/p>\n<p>&#x1f9d7;<\/td>\n<td style=\"border-color: #ffffff #ffffff #e0e0e0; background-color: #ffffff; text-align: justify; width: 650px; border-bottom-style: solid; border-bottom-width: 1px; vertical-align: top;\">\n<p style=\"text-align: justify;\"><b>JAUBERT ET CHANOURDIE DANS LE TOP 8<\/b><\/p>\n<p style=\"text-align: justify;\">Anouck Jaubert se classe 2\u00e8me et Julia Chanourdie 8\u00e8me apr\u00e8s l&rsquo;\u00e9preuve de vitesse lors des qualifications de l&rsquo;escalade.<\/p>\n<blockquote class=\"twitter-tweet\">\n<p dir=\"ltr\" lang=\"fr\">&#x1f1eb;&#x1f1f7;&#x1f9d7; D\u00e9but de l&rsquo;\u00e9preuve d&rsquo;escalade combin\u00e9 femmes, Anouck Jaubert, notre Fran\u00e7aise, r\u00e9alise le deuxi\u00e8me meilleur temps en vitesse (7.12) &#x1f51d;<br \/>\nJulia Chanourdie est 8 \u00e8me avec 8.17 pour son meilleur temps !<\/p>\n<p>Suivez la suite des qualifications en direct &#x25b6; <a href=\"https:\/\/t.co\/KhtK42sqKk\">https:\/\/t.co\/KhtK42sqKk<\/a> <a href=\"https:\/\/t.co\/9hK8Hg7uox\">pic.twitter.com\/9hK8Hg7uox<\/a><\/p>\n<p>\u2014 francetvsport (@francetvsport) <a href=\"https:\/\/twitter.com\/francetvsport\/status\/1422842818578497536?ref_src=twsrc%5Etfw\">August 4, 2021<\/a><\/p><\/blockquote>\n<p><script async src=\"https:\/\/platform.twitter.com\/widgets.js\" charset=\"utf-8\"><\/script><\/td>\n<\/tr>\n<\/tbody>\n<\/table>\n<table style=\"width: 97%; border-color: #ffffff;\">\n<tbody>\n<tr style=\"height: 120px;\">\n<td style=\"border-color: #ffffff #ffffff #e0e0e0; background-color: #ffffff; width: 150px; border-bottom-style: solid; border-bottom-width: 1px; text-align: center; vertical-align: top;\">\n<p style=\"text-align: center;\"><strong>11:25<\/strong><\/p>\n<p>&#x1f1ee;&#x1f1f9;&#x1f947;<\/td>\n<td style=\"border-color: #ffffff #ffffff #e0e0e0; background-color: #ffffff; text-align: justify; width: 650px; border-bottom-style: solid; border-bottom-width: 1px; vertical-align: top;\">\n<p style=\"text-align: justify;\"><b>L&rsquo;ITALIE EN OR EN POURSUITE PAR \u00c9QUIPES<\/b><\/p>\n<p style=\"text-align: justify;\">Filippo Ganna a \u00e9t\u00e9 monstrueux une nouvelle fois et permet \u00e0 l&rsquo;Italie de devenir championne olympique de la poursuite avec le record du monde \u00e0 la cl\u00e9.<\/p>\n<p><span class=\"z3XTyWjSgkZwGUuVvIFPAR25KO4Dr6o8mqHeJhQCs1plLN\"><\/p>\n<blockquote class=\"wp-embedded-content\" data-secret=\"m642mL6mYF\"><p><a href=\"https:\/\/dicodusport.fr\/blog\/jo-tokyo-2020-cyclisme-sur-piste-italie-ganna-en-or-poursuite-par-equipe\/\">JO Tokyo 2020 &#8211; Cyclisme sur piste : L&rsquo;Italie de Ganna en or sur la poursuite par \u00e9quipe<\/a><\/p><\/blockquote>\n<p><iframe loading=\"lazy\" class=\"wp-embedded-content\" sandbox=\"allow-scripts\" security=\"restricted\" style=\"position: absolute; clip: rect(1px, 1px, 1px, 1px);\" title=\"\u00ab\u00a0JO Tokyo 2020 &#8211; Cyclisme sur piste : L&rsquo;Italie de Ganna en or sur la poursuite par \u00e9quipe\u00a0\u00bb &#8212; Dicodusport\" src=\"https:\/\/dicodusport.fr\/blog\/jo-tokyo-2020-cyclisme-sur-piste-italie-ganna-en-or-poursuite-par-equipe\/embed\/#?secret=m642mL6mYF\" data-secret=\"m642mL6mYF\" width=\"600\" height=\"338\" frameborder=\"0\" marginwidth=\"0\" marginheight=\"0\" scrolling=\"no\"><\/iframe><\/span><\/td>\n<\/tr>\n<\/tbody>\n<\/table>\n<table style=\"width: 97%; border-color: #ffffff;\">\n<tbody>\n<tr style=\"height: 120px;\">\n<td style=\"border-color: #ffffff #ffffff #e0e0e0; background-color: #ffffff; width: 150px; border-bottom-style: solid; border-bottom-width: 1px; text-align: center; vertical-align: top;\">\n<p style=\"text-align: center;\"><strong>10:40<\/strong><\/p>\n<p>&#x1f3ca;&#x200d;&#x2640;<\/td>\n<td style=\"border-color: #ffffff #ffffff #e0e0e0; background-color: #ffffff; text-align: justify; width: 650px; border-bottom-style: solid; border-bottom-width: 1px; vertical-align: top;\">\n<p style=\"text-align: justify;\"><b>ALA\u00cfS KALONJI FILE EN DEMI-FINALE<\/b><\/p>\n<p>Pour ces premiers JO, la Tricolore a pris la 14\u00e8me place des qualifications de haut vol et disputera la demi-finale pr\u00e9vue jeudi.<\/p>\n<blockquote class=\"twitter-tweet\">\n<p dir=\"ltr\" lang=\"fr\">&#x1f3ca; Apr\u00e8s une s\u00e9rie de 5 plongeons en haut-vol 10 m, Alais Kalonji &#x1f1eb;&#x1f1f7; est qualifi\u00e9e pour la demi-finale de demain. &#x1f44f; Elle se classe 14 \u00e8me<a href=\"https:\/\/twitter.com\/hashtag\/JeuxOlympiques?src=hash&amp;ref_src=twsrc%5Etfw\">#JeuxOlympiques<\/a> <a href=\"https:\/\/twitter.com\/hashtag\/Tokyo2020?src=hash&amp;ref_src=twsrc%5Etfw\">#Tokyo2020<\/a><\/p>\n<p>Suivez les JO en direct &#x25b6; <a href=\"https:\/\/t.co\/KhtK42sqKk\">https:\/\/t.co\/KhtK42sqKk<\/a> <a href=\"https:\/\/t.co\/6dM6knB828\">pic.twitter.com\/6dM6knB828<\/a><\/p>\n<p>\u2014 francetvsport (@francetvsport) <a href=\"https:\/\/twitter.com\/francetvsport\/status\/1422839796796383235?ref_src=twsrc%5Etfw\">August 4, 2021<\/a><\/p><\/blockquote>\n<p><script async src=\"https:\/\/platform.twitter.com\/widgets.js\" charset=\"utf-8\"><\/script><\/td>\n<\/tr>\n<\/tbody>\n<\/table>\n<table style=\"width: 97%; border-color: #ffffff;\">\n<tbody>\n<tr style=\"height: 120px;\">\n<td style=\"border-color: #ffffff #ffffff #e0e0e0; background-color: #ffffff; width: 150px; border-bottom-style: solid; border-bottom-width: 1px; text-align: center; vertical-align: top;\">\n<p style=\"text-align: center;\"><strong>10:25<\/strong><\/p>\n<p>&#x1f6b4;&#x200d;&#x2642;&#xfe0f;<\/td>\n<td style=\"border-color: #ffffff #ffffff #e0e0e0; background-color: #ffffff; text-align: justify; width: 650px; border-bottom-style: solid; border-bottom-width: 1px; vertical-align: top;\">\n<p style=\"text-align: justify;\"><b>MATHILDE GROS QUALIFI\u00c9E EN QUART, CORALIE DEMAY \u00c9LIMIN\u00c9E<\/b><\/p>\n<p>Mathilde Gros a eu chaud mais prend la deuxi\u00e8me place de son rep\u00eachage pour filer en quarts de finale. Coralie Demay n&rsquo;a rien pu faire dans une discipline qui n&rsquo;est pas la sienne et ne rejoint pas la deuxi\u00e8me tricolore en quarts.<\/p>\n<blockquote class=\"twitter-tweet\" data-conversation=\"none\">\n<p dir=\"ltr\" lang=\"fr\">Voil\u00e0\u00e0\u00e0\u00e0, Mathilde Gros qualifi\u00e9e en keirin &#x1f64c;&#x1f3fe; <a href=\"https:\/\/twitter.com\/hashtag\/Tokyo2020?src=hash&amp;ref_src=twsrc%5Etfw\">#Tokyo2020<\/a> <a href=\"https:\/\/t.co\/Pjlt9DAfKr\">pic.twitter.com\/Pjlt9DAfKr<\/a><\/p>\n<p>\u2014 Wolf Haley (@EricRatiarison) <a href=\"https:\/\/twitter.com\/EricRatiarison\/status\/1422837872634306562?ref_src=twsrc%5Etfw\">August 4, 2021<\/a><\/p><\/blockquote>\n<p><script async src=\"https:\/\/platform.twitter.com\/widgets.js\" charset=\"utf-8\"><\/script><\/td>\n<\/tr>\n<\/tbody>\n<\/table>\n<table style=\"width: 97%; border-color: #ffffff;\">\n<tbody>\n<tr style=\"height: 120px;\">\n<td style=\"border-color: #ffffff #ffffff #e0e0e0; background-color: #ffffff; width: 150px; border-bottom-style: solid; border-bottom-width: 1px; text-align: center; vertical-align: top;\">\n<p style=\"text-align: center;\"><strong>10:15<\/strong><\/p>\n<p>&#x1f6b4;&#x200d;&#x2642;&#xfe0f;<\/td>\n<td style=\"border-color: #ffffff #ffffff #e0e0e0; background-color: #ffffff; text-align: justify; width: 650px; border-bottom-style: solid; border-bottom-width: 1px; vertical-align: top;\">\n<p style=\"text-align: justify;\"><b>S\u00c9BASTIEN VIGIER EN 8\u00c8ME DE FINALE, RYAN HELAL EN REP\u00caCHAGES<\/b><\/p>\n<p>S\u00e9bastien Vigier s&rsquo;est qualifi\u00e9e pour les huiti\u00e8me de finale de l&rsquo;\u00e9preuve de vitesse individuelle alors que Ryan Helal devra passer par un rep\u00eachage.<\/p>\n<blockquote class=\"twitter-tweet\">\n<p dir=\"ltr\" lang=\"fr\">&#x1f6b4;&#x200d;&#x2642;&#xfe0f;&#x1f1e8;&#x1f1f5; En vitesse individuelle, S\u00e9bastien Vigier est qualifi\u00e9 pour les 16e de finale. Rayan Helal devra lui passer par les rep\u00eachages. <a href=\"https:\/\/twitter.com\/hashtag\/JeuxOlympiques?src=hash&amp;ref_src=twsrc%5Etfw\">#JeuxOlympiques<\/a> <a href=\"https:\/\/twitter.com\/hashtag\/Tokyo2020?src=hash&amp;ref_src=twsrc%5Etfw\">#Tokyo2020<\/a><\/p>\n<p>\u2014 Mikael Mazaleyrat (@MikaelMazal) <a href=\"https:\/\/twitter.com\/MikaelMazal\/status\/1422832625992052741?ref_src=twsrc%5Etfw\">August 4, 2021<\/a><\/p><\/blockquote>\n<p><script async src=\"https:\/\/platform.twitter.com\/widgets.js\" charset=\"utf-8\"><\/script><\/td>\n<\/tr>\n<\/tbody>\n<\/table>\n<table style=\"width: 97%; border-color: #ffffff;\">\n<tbody>\n<tr style=\"height: 120px;\">\n<td style=\"border-color: #ffffff #ffffff #e0e0e0; background-color: #ffffff; width: 150px; border-bottom-style: solid; border-bottom-width: 1px; text-align: center; vertical-align: top;\">\n<p style=\"text-align: center;\"><strong>10:00<\/strong><\/p>\n<p>&#x1f1eb;&#x1f1f7;<\/td>\n<td style=\"border-color: #ffffff #ffffff #e0e0e0; background-color: #ffffff; text-align: justify; width: 650px; border-bottom-style: solid; border-bottom-width: 1px; vertical-align: top;\">\n<p style=\"text-align: justify;\"><b>LECOINTRE\/RETORNAZ EN BRONZE<\/b><\/p>\n<p>La r\u00e9clamation des Tricolores n&rsquo;a pas \u00e9t\u00e9 retenue par le jury et c&rsquo;est donc bien du bronze pour le duo Camille Lecointre et Alo\u00efse Retornaz derri\u00e8re les Britanniques et les Polonaises.<\/p>\n<p><span class=\"RxL0KsAJEYXhmM3aWzod27nVyewScPr8CjZ6Gi1I5QTkguUDHlFOvNp9\"><\/p>\n<blockquote class=\"wp-embedded-content\" data-secret=\"d5eRaV0dj8\"><p><a href=\"https:\/\/dicodusport.fr\/blog\/jo-tokyo-2020-voile-bronze-pour-lecointre-retornaz-470-grande-bretagne-titree\/\">JO Tokyo 2020 &#8211; Voile : le bronze pour Lecointre\/Retornaz en 470, la Grande-Bretagne titr\u00e9e<\/a><\/p><\/blockquote>\n<p><iframe loading=\"lazy\" class=\"wp-embedded-content\" sandbox=\"allow-scripts\" security=\"restricted\" style=\"position: absolute; clip: rect(1px, 1px, 1px, 1px);\" title=\"\u00ab\u00a0JO Tokyo 2020 &#8211; Voile : le bronze pour Lecointre\/Retornaz en 470, la Grande-Bretagne titr\u00e9e\u00a0\u00bb &#8212; Dicodusport\" src=\"https:\/\/dicodusport.fr\/blog\/jo-tokyo-2020-voile-bronze-pour-lecointre-retornaz-470-grande-bretagne-titree\/embed\/#?secret=d5eRaV0dj8\" data-secret=\"d5eRaV0dj8\" width=\"600\" height=\"338\" frameborder=\"0\" marginwidth=\"0\" marginheight=\"0\" scrolling=\"no\"><\/iframe><\/span><\/td>\n<\/tr>\n<\/tbody>\n<\/table>\n<table style=\"width: 97%; border-color: #ffffff;\">\n<tbody>\n<tr style=\"height: 120px;\">\n<td style=\"border-color: #ffffff #ffffff #e0e0e0; background-color: #ffffff; width: 150px; border-bottom-style: solid; border-bottom-width: 1px; text-align: center; vertical-align: top;\">\n<p style=\"text-align: center;\"><strong>09:50<\/strong><\/p>\n<p>&#x1f6b4;&#x200d;&#x2642;&#xfe0f;<\/td>\n<td style=\"border-color: #ffffff #ffffff #e0e0e0; background-color: #ffffff; text-align: justify; width: 650px; border-bottom-style: solid; border-bottom-width: 1px; vertical-align: top;\">\n<p style=\"text-align: justify;\"><b>\u00c7A PASSE POUR LES BLEUS EN VITESSE, MATHILDE GROS EN REP\u00caCHAGES<\/b><\/p>\n<p>S\u00e9bastien Vigier et Rayan Helal se sont qualifi\u00e9s pour le tournoi principal de vitesse avec respectivement le 10\u00e8me et 20\u00e8me temps. Mathilde Gros ne s&rsquo;est pas qualifi\u00e9 directement en keirin et disputera un rep\u00eachage.<\/p>\n<blockquote class=\"twitter-tweet\">\n<p dir=\"ltr\" lang=\"fr\">&#x1f1eb;&#x1f1f7;&#x1f6a8; S\u00e9bastien Vigier et Rayan Helal qualifi\u00e9s pour la finale de la vitesse en individuel ! <a href=\"https:\/\/twitter.com\/hashtag\/AllezLesBleus?src=hash&amp;ref_src=twsrc%5Etfw\">#AllezLesBleus<\/a> <a href=\"https:\/\/twitter.com\/hashtag\/Tokyo2020?src=hash&amp;ref_src=twsrc%5Etfw\">#Tokyo2020<\/a><\/p>\n<p>\u2014 Equipe France (@EquipeFRA) <a href=\"https:\/\/twitter.com\/EquipeFRA\/status\/1422820535256317956?ref_src=twsrc%5Etfw\">August 4, 2021<\/a><\/p><\/blockquote>\n<p><script async src=\"https:\/\/platform.twitter.com\/widgets.js\" charset=\"utf-8\"><\/script><\/td>\n<\/tr>\n<\/tbody>\n<\/table>\n<table style=\"width: 97%; border-color: #ffffff;\">\n<tbody>\n<tr style=\"height: 120px;\">\n<td style=\"border-color: #ffffff #ffffff #e0e0e0; background-color: #ffffff; width: 150px; border-bottom-style: solid; border-bottom-width: 1px; text-align: center; vertical-align: top;\">\n<p style=\"text-align: center;\"><strong>07:30<\/strong><\/p>\n<p>&#x1f9d7;<\/td>\n<td style=\"border-color: #ffffff #ffffff #e0e0e0; background-color: #ffffff; text-align: justify; width: 650px; border-bottom-style: solid; border-bottom-width: 1px; vertical-align: top;\">\n<p style=\"text-align: justify;\"><b>COUP DUR POUR BASSA MAWEM<\/b><\/p>\n<p>Victime d&rsquo;une rupture totale du tendon inf\u00e9rieur du biceps gauche, Bassa Mawem a donc d\u00e9clar\u00e9 forfait pour la finale d&rsquo;escalade qui aura lieu jeudi. Son fr\u00e8re, Micka\u00ebl, qui a impressionn\u00e9 lors des qualifications, aura quant \u00e0 lui de grandes chances de m\u00e9daille.<\/p>\n<blockquote class=\"twitter-tweet\">\n<p dir=\"ltr\" lang=\"fr\">&#x1f9d7;&#x1f1eb;&#x1f1f7;&#x1f622; Mauvaise nouvelle pour Bassa Mawem, forfait pour la finale du concours d&rsquo;escalade. Rupture totale du tendon inf\u00e9rieur du biceps gauche. Son fr\u00e8re Micka\u00ebl, premier des qualifications sera lui bien pr\u00e9sent demain<\/p>\n<p>Suivez les JO en direct \u25ba <a href=\"https:\/\/t.co\/KhtK42sqKk\">https:\/\/t.co\/KhtK42sqKk<\/a> <a href=\"https:\/\/t.co\/Ypc3FnDQaK\">pic.twitter.com\/Ypc3FnDQaK<\/a><\/p>\n<p>\u2014 francetvsport (@francetvsport) <a href=\"https:\/\/twitter.com\/francetvsport\/status\/1422792446375780353?ref_src=twsrc%5Etfw\">August 4, 2021<\/a><\/p><\/blockquote>\n<p><script async src=\"https:\/\/platform.twitter.com\/widgets.js\" charset=\"utf-8\"><\/script><\/td>\n<\/tr>\n<\/tbody>\n<\/table>\n<table style=\"width: 97%; border-color: #ffffff;\">\n<tbody>\n<tr style=\"height: 120px;\">\n<td style=\"border-color: #ffffff #ffffff #e0e0e0; background-color: #ffffff; width: 150px; border-bottom-style: solid; border-bottom-width: 1px; text-align: center; vertical-align: top;\">\n<p style=\"text-align: center;\"><strong>05:05<\/strong><\/p>\n<p>&#x1f93c;&#x200d;&#x2640;&#xfe0f;<\/td>\n<td style=\"border-color: #ffffff #ffffff #e0e0e0; background-color: #ffffff; text-align: justify; width: 650px; border-bottom-style: solid; border-bottom-width: 1px; vertical-align: top;\">\n<p style=\"text-align: justify;\"><b>FIN DE PARCOURS DOULOUREUX POUR MATHILDE RIVI\u00c8RE<\/b><\/p>\n<p>Comme Koumba Larroque chez les &#8211; de 68 kg, Mathilde Rivi\u00e8re a \u00e9chou\u00e9 d\u00e8s son entr\u00e9e en lice chez les &#8211; de 57kg. La Fran\u00e7aise faisait pourtant un bon combat face \u00e0 la Mongole Boldsaikhan, mais a d\u00fb s&rsquo;incliner \u00e0 cause d&rsquo;une blessure \u00e0 l&rsquo;\u00e9paule.<\/p>\n<blockquote class=\"twitter-tweet\">\n<p dir=\"ltr\" lang=\"fr\">&#x1f93c; &#x1f1eb;&#x1f1f7; L&rsquo;image terrible de la Fran\u00e7aise Mathilde Rivi\u00e8re qui n&rsquo;a m\u00eame pas pu finir le combat face \u00e0 la Mongole Boldsaikhan. Bless\u00e9e \u00e0 l&rsquo;\u00e9paule, la Tricolore a quitt\u00e9 le tapis et s&rsquo;arr\u00eate en 1\/8 de finale <a href=\"https:\/\/twitter.com\/hashtag\/JeuxOlympiques?src=hash&amp;ref_src=twsrc%5Etfw\">#JeuxOlympiques<\/a><\/p>\n<p>&#x25b6; Suivez les J.O. en direct : <a href=\"https:\/\/t.co\/KhtK42sqKk\">https:\/\/t.co\/KhtK42sqKk<\/a> <a href=\"https:\/\/t.co\/2nZBFq76tv\">pic.twitter.com\/2nZBFq76tv<\/a><\/p>\n<p>\u2014 francetvsport (@francetvsport) <a href=\"https:\/\/twitter.com\/francetvsport\/status\/1422754238027927556?ref_src=twsrc%5Etfw\">August 4, 2021<\/a><\/p><\/blockquote>\n<p><script async src=\"https:\/\/platform.twitter.com\/widgets.js\" charset=\"utf-8\"><\/script><\/td>\n<\/tr>\n<\/tbody>\n<\/table>\n<table style=\"width: 97%; border-color: #ffffff;\">\n<tbody>\n<tr style=\"height: 120px;\">\n<td style=\"border-color: #ffffff #ffffff #e0e0e0; background-color: #ffffff; width: 150px; border-bottom-style: solid; border-bottom-width: 1px; text-align: center; vertical-align: top;\">\n<p style=\"text-align: center;\"><strong>04:50<\/strong><\/p>\n<p>&#x1f3c3;<\/td>\n<td style=\"border-color: #ffffff #ffffff #e0e0e0; background-color: #ffffff; text-align: justify; width: 650px; border-bottom-style: solid; border-bottom-width: 1px; vertical-align: top;\">\n<p style=\"text-align: justify;\"><b>ALERTE RECORD DU MONDE !\u00a0<\/b><\/p>\n<p>L\u2019Am\u00e9ricaine Sydney McLaughlin s\u2019est impos\u00e9e sur le 400 m haies, en am\u00e9liorant son propre record du monde en 51.46. Elle a remport\u00e9 la bataille \u00e0 trois en devan\u00e7ant sa compatriote Dalilah Mumammad et la Hollandaise Femke Bol.<\/p>\n<p><span class=\"9w9zfRsNkX2dI6zA3fv7ZBeqQwuDLYUOco4GBJSaMxmgDaq3ThVostCAJl6vKF2bK50cy1bFrpIHU8iEHWjxEZ\"><\/p>\n<blockquote class=\"wp-embedded-content\" data-secret=\"Yxz1yxPBHc\"><p><a href=\"https:\/\/dicodusport.fr\/blog\/jo-tokyo-2020-athletisme-sydney-mclaughlin-or-et-record-du-monde-sur-400m-haies\/\">JO Tokyo 2020 &#8211; Athl\u00e9tisme : Sydney McLaughlin, l&rsquo;or et le record du monde sur 400 m haies<\/a><\/p><\/blockquote>\n<p><iframe loading=\"lazy\" class=\"wp-embedded-content\" sandbox=\"allow-scripts\" security=\"restricted\" style=\"position: absolute; clip: rect(1px, 1px, 1px, 1px);\" title=\"\u00ab\u00a0JO Tokyo 2020 &#8211; Athl\u00e9tisme : Sydney McLaughlin, l&rsquo;or et le record du monde sur 400 m haies\u00a0\u00bb &#8212; Dicodusport\" src=\"https:\/\/dicodusport.fr\/blog\/jo-tokyo-2020-athletisme-sydney-mclaughlin-or-et-record-du-monde-sur-400m-haies\/embed\/#?secret=Yxz1yxPBHc\" data-secret=\"Yxz1yxPBHc\" width=\"600\" height=\"338\" frameborder=\"0\" marginwidth=\"0\" marginheight=\"0\" scrolling=\"no\"><\/iframe><\/span><\/td>\n<\/tr>\n<\/tbody>\n<\/table>\n<table style=\"width: 97%; border-color: #ffffff;\">\n<tbody>\n<tr style=\"height: 120px;\">\n<td style=\"border-color: #ffffff #ffffff #e0e0e0; background-color: #ffffff; width: 150px; border-bottom-style: solid; border-bottom-width: 1px; text-align: center; vertical-align: top;\">\n<p style=\"text-align: center;\"><strong>04:25<\/strong><\/p>\n<p>&#x1f3c3;<\/td>\n<td style=\"border-color: #ffffff #ffffff #e0e0e0; background-color: #ffffff; text-align: justify; width: 650px; border-bottom-style: solid; border-bottom-width: 1px; vertical-align: top;\">\n<p style=\"text-align: justify;\"><b>2\/2 POUR LES BLEUS SUR LE 110M HAIES<\/b><\/p>\n<p>Il y aura bien deux Fran\u00e7ais en finale du 110m haies ! Aurel Manga, deuxi\u00e8me de sa demi-finale en 13.24 et Pascal Martinot-Lagarde, \u00e9galement deuxi\u00e8me de sa demie en 13.25, offrent \u00e0 la France une chance de m\u00e9daille.<\/p>\n<blockquote class=\"twitter-tweet\">\n<p dir=\"ltr\" lang=\"fr\">&#x1f1eb;&#x1f1f7; Apr\u00e8s Pascal Martinot-Lagarde, Aurel Manga est le deuxi\u00e8me tricolore \u00e0 se hisser en finale du 110 m haies.<\/p>\n<p>Le Fran\u00e7ais \u00e9gale son record personnel en 13&rsquo;24\u00a0\u00bb et termine second de sa s\u00e9rie <a href=\"https:\/\/twitter.com\/hashtag\/Tokyo2020?src=hash&amp;ref_src=twsrc%5Etfw\">#Tokyo2020<\/a> <a href=\"https:\/\/twitter.com\/hashtag\/JeuxOlympiques?src=hash&amp;ref_src=twsrc%5Etfw\">#JeuxOlympiques<\/a><\/p>\n<p>&#x25b6;&#xfe0f; Suivez les J.O. en direct : <a href=\"https:\/\/t.co\/KhtK42sqKk\">https:\/\/t.co\/KhtK42sqKk<\/a> <a href=\"https:\/\/t.co\/i6wygfj3mp\">pic.twitter.com\/i6wygfj3mp<\/a><\/p>\n<p>\u2014 francetvsport (@francetvsport) <a href=\"https:\/\/twitter.com\/francetvsport\/status\/1422742934315745282?ref_src=twsrc%5Etfw\">August 4, 2021<\/a><\/p><\/blockquote>\n<p><script async src=\"https:\/\/platform.twitter.com\/widgets.js\" charset=\"utf-8\"><\/script><\/td>\n<\/tr>\n<\/tbody>\n<\/table>\n<table style=\"width: 97%; border-color: #ffffff;\">\n<tbody>\n<tr style=\"height: 120px;\">\n<td style=\"border-color: #ffffff #ffffff #e0e0e0; background-color: #ffffff; width: 150px; border-bottom-style: solid; border-bottom-width: 1px; text-align: center; vertical-align: top;\">\n<p style=\"text-align: center;\"><strong>04:00<\/strong><\/p>\n<p>&#x1f6f9;<\/td>\n<td style=\"border-color: #ffffff #ffffff #e0e0e0; background-color: #ffffff; text-align: justify; width: 650px; border-bottom-style: solid; border-bottom-width: 1px; vertical-align: top;\">\n<p style=\"text-align: justify;\"><b>MADELEINE LARCHERON NE VERRA PAS LA FINALE<\/b><\/p>\n<p>D\u00e9ception en skate park : la Fran\u00e7aise Madeleine Larcheron n&rsquo;ira pas en finale de la comp\u00e9tition f\u00e9minin, avec un score insuffisant pour aller jouer la m\u00e9daille (32.34).<\/p>\n<blockquote class=\"twitter-tweet\">\n<p dir=\"ltr\" lang=\"fr\">&#x1f1eb;&#x1f1f7; Apr\u00e8s ses trois passages et un score cumul\u00e9 de 32.34, la Fran\u00e7aise Madeleine Larcheron n&rsquo;ira pas en finale du skateboard Park <a href=\"https:\/\/twitter.com\/hashtag\/Tokyo2020?src=hash&amp;ref_src=twsrc%5Etfw\">#Tokyo2020<\/a><\/p>\n<p>&#x1f6f9; Seulement 9e au classement g\u00e9n\u00e9ral, elle \u00e9choue \u00e0 une place de la qualification.<\/p>\n<p>Suivez les JO en direct \u25ba <a href=\"https:\/\/t.co\/KhtK42sqKk\">https:\/\/t.co\/KhtK42sqKk<\/a> <a href=\"https:\/\/t.co\/whOmPFS0Zc\">pic.twitter.com\/whOmPFS0Zc<\/a><\/p>\n<p>\u2014 francetvsport (@francetvsport) <a href=\"https:\/\/twitter.com\/francetvsport\/status\/1422737833521991682?ref_src=twsrc%5Etfw\">August 4, 2021<\/a><\/p><\/blockquote>\n<p><script async src=\"https:\/\/platform.twitter.com\/widgets.js\" charset=\"utf-8\"><\/script><\/td>\n<\/tr>\n<\/tbody>\n<\/table>\n<table style=\"width: 97%; border-color: #ffffff;\">\n<tbody>\n<tr style=\"height: 120px;\">\n<td style=\"border-color: #ffffff #ffffff #e0e0e0; background-color: #ffffff; width: 150px; border-bottom-style: solid; border-bottom-width: 1px; text-align: center; vertical-align: top;\">\n<p style=\"text-align: center;\"><strong>03:00<\/strong><\/p>\n<p>&#x1f6f6;<\/td>\n<td style=\"border-color: #ffffff #ffffff #e0e0e0; background-color: #ffffff; text-align: justify; width: 650px; border-bottom-style: solid; border-bottom-width: 1px; vertical-align: top;\">\n<p style=\"text-align: justify;\"><b>MAXIME BEAUMONT TIENT SON RANG<\/b><\/p>\n<p>Vice-champion olympique en titre en kayak K2 200m, Maxime Beaumont s&rsquo;est facilement qualifi\u00e9 pour les demi-finales ce mercredi.<\/p>\n<blockquote class=\"twitter-tweet\">\n<p dir=\"ltr\" lang=\"fr\">&#x1f1eb;&#x1f1f7; Superbe course de Maxime Beaumont qui termine deuxi\u00e8me de sa s\u00e9rie. Le Fran\u00e7ais est donc directement qualifi\u00e9 pour les 1\/2 finales.<\/p>\n<p>Suivez les JO en direct \u25ba <a href=\"https:\/\/t.co\/KhtK42sqKk\">https:\/\/t.co\/KhtK42sqKk<\/a> <a href=\"https:\/\/t.co\/2uLoyfLH3T\">pic.twitter.com\/2uLoyfLH3T<\/a><\/p>\n<p>\u2014 francetvsport (@francetvsport) <a href=\"https:\/\/twitter.com\/francetvsport\/status\/1422723372912361478?ref_src=twsrc%5Etfw\">August 4, 2021<\/a><\/p><\/blockquote>\n<p><script async src=\"https:\/\/platform.twitter.com\/widgets.js\" charset=\"utf-8\"><\/script><\/td>\n<\/tr>\n<\/tbody>\n<\/table>\n<table style=\"width: 97%; border-color: #ffffff;\">\n<tbody>\n<tr style=\"height: 120px;\">\n<td style=\"border-color: #ffffff #ffffff #e0e0e0; background-color: #ffffff; width: 150px; border-bottom-style: solid; border-bottom-width: 1px; text-align: center; vertical-align: top;\">\n<p style=\"text-align: center;\"><strong>00:15<\/strong><\/p>\n<p>&#x1f3c3;<\/td>\n<td style=\"border-color: #ffffff #ffffff #e0e0e0; background-color: #ffffff; text-align: justify; width: 650px; border-bottom-style: solid; border-bottom-width: 1px; vertical-align: top;\">\n<p style=\"text-align: justify;\"><b>ENTR\u00c9E EN MATI\u00c8RE RASSURANTE POUR KEVIN MAYER<\/b><\/p>\n<p>Avec un temps de 10&rsquo;68 sur 100m, Kevin Mayer a r\u00e9ussi son entr\u00e9e en lice sur le d\u00e9cathlon. Il occupe la 9\u00e8me place apr\u00e8s la premi\u00e8re \u00e9preuve domin\u00e9e par son adversaire direct pour le titre, le Canadien Damian Warner, qui a \u00e9gal\u00e9 son record du monde sur la ligne droite (10.12 sur 100m).<\/p>\n<blockquote class=\"twitter-tweet\">\n<p dir=\"ltr\" lang=\"fr\">&#x1f1eb;&#x1f1f7; Bonne entr\u00e9e en mati\u00e8re pour Kevin Mayer lors de la premi\u00e8re \u00e9preuve du d\u00e9cathlon.<\/p>\n<p>Le Fran\u00e7ais termine deuxi\u00e8me de sa s\u00e9rie du 100 m en 10&rsquo;68\u00a0\u00bb derri\u00e8re Lindon Victor <a href=\"https:\/\/twitter.com\/hashtag\/Tokyo2020?src=hash&amp;ref_src=twsrc%5Etfw\">#Tokyo2020<\/a> <a href=\"https:\/\/twitter.com\/hashtag\/JeuxOlympiques?src=hash&amp;ref_src=twsrc%5Etfw\">#JeuxOlympiques<\/a><\/p>\n<p>&#x25b6;&#xfe0f; Suivez les J.O. en direct : <a href=\"https:\/\/t.co\/KhtK42sqKk\">https:\/\/t.co\/KhtK42sqKk<\/a> <a href=\"https:\/\/t.co\/xykIL4UBeF\">pic.twitter.com\/xykIL4UBeF<\/a><\/p>\n<p>\u2014 francetvsport (@francetvsport) <a href=\"https:\/\/twitter.com\/francetvsport\/status\/1422710448881811458?ref_src=twsrc%5Etfw\">August 4, 2021<\/a><\/p><\/blockquote>\n<p><script async src=\"https:\/\/platform.twitter.com\/widgets.js\" charset=\"utf-8\"><\/script><\/td>\n<\/tr>\n<\/tbody>\n<\/table>\n<table style=\"width: 97%; border-color: #ffffff;\">\n<tbody>\n<tr style=\"height: 120px;\">\n<td style=\"border-color: #ffffff #ffffff #e0e0e0; background-color: #ffffff; width: 150px; border-bottom-style: solid; border-bottom-width: 1px; text-align: center; vertical-align: top;\">\n<p style=\"text-align: center;\"><strong>23:30<\/strong><\/p>\n<p>&#x1f1eb;&#x1f1f7;<\/td>\n<td style=\"border-color: #ffffff #ffffff #e0e0e0; background-color: #ffffff; text-align: justify; width: 650px; border-bottom-style: solid; border-bottom-width: 1px; vertical-align: top;\">\n<p style=\"text-align: justify;\"><b>LE PROGRAMME DES FRAN\u00c7AIS DU JOUR<\/b><\/p>\n<p style=\"text-align: justify;\">Voici le programme des Tricolores de ce mercredi 4 ao\u00fbt :<\/p>\n<p><span class=\"w5yVjp7\"><\/p>\n<blockquote class=\"wp-embedded-content\" data-secret=\"YHu3a8b7NE\"><p><a href=\"https:\/\/dicodusport.fr\/blog\/jo-tokyo-2020-le-programme-des-francais-pour-le-4-aout\/\">JO Tokyo 2020 : le programme des Fran\u00e7ais pour le 4 ao\u00fbt<\/a><\/p><\/blockquote>\n<p><iframe loading=\"lazy\" class=\"wp-embedded-content\" sandbox=\"allow-scripts\" security=\"restricted\" style=\"position: absolute; clip: rect(1px, 1px, 1px, 1px);\" title=\"\u00ab\u00a0JO Tokyo 2020 : le programme des Fran\u00e7ais pour le 4 ao\u00fbt\u00a0\u00bb &#8212; Dicodusport\" src=\"https:\/\/dicodusport.fr\/blog\/jo-tokyo-2020-le-programme-des-francais-pour-le-4-aout\/embed\/#?secret=YHu3a8b7NE\" data-secret=\"YHu3a8b7NE\" width=\"600\" height=\"338\" frameborder=\"0\" marginwidth=\"0\" marginheight=\"0\" scrolling=\"no\"><\/iframe><\/span><\/td>\n<\/tr>\n<\/tbody>\n<\/table>\n<table style=\"width: 97%; border-color: #ffffff;\">\n<tbody>\n<tr style=\"height: 120px;\">\n<td style=\"border-color: #ffffff #ffffff #e0e0e0; background-color: #ffffff; width: 150px; border-bottom-style: solid; border-bottom-width: 1px; text-align: center; vertical-align: top;\">\n<p style=\"text-align: center;\"><strong>23:30<\/strong><\/p>\n<p>&#x1f3df;<\/td>\n<td style=\"border-color: #ffffff #ffffff #e0e0e0; background-color: #ffffff; text-align: justify; width: 650px; border-bottom-style: solid; border-bottom-width: 1px; vertical-align: top;\">\n<p style=\"text-align: justify;\"><strong>DEBUT DE LA QUINZI\u00c8ME JOURN\u00c9E !<\/strong><\/p>\n<p style=\"text-align: justify;\">Avant de commencer cette nouvelle journ\u00e9e, voici ce que vous avez loup\u00e9 hier.<\/p>\n<p><span class=\"iHDXlTBcCSfwUAWz3ux2KF6JerOtPbLG5jknda\"><\/p>\n<blockquote class=\"wp-embedded-content\" data-secret=\"ExA9sK0Ll7\"><p><a href=\"https:\/\/dicodusport.fr\/blog\/jeux-olympiques-de-tokyo-2020-le-direct-commente-du-3-aout\/\">Jeux Olympiques de Tokyo 2020 : le direct comment\u00e9 du 3 ao\u00fbt<\/a><\/p><\/blockquote>\n<p><iframe loading=\"lazy\" class=\"wp-embedded-content\" sandbox=\"allow-scripts\" security=\"restricted\" style=\"position: absolute; clip: rect(1px, 1px, 1px, 1px);\" title=\"\u00ab\u00a0Jeux Olympiques de Tokyo 2020 : le direct comment\u00e9 du 3 ao\u00fbt\u00a0\u00bb &#8212; Dicodusport\" src=\"https:\/\/dicodusport.fr\/blog\/jeux-olympiques-de-tokyo-2020-le-direct-commente-du-3-aout\/embed\/#?secret=ExA9sK0Ll7\" data-secret=\"ExA9sK0Ll7\" width=\"600\" height=\"338\" frameborder=\"0\" marginwidth=\"0\" marginheight=\"0\" scrolling=\"no\"><\/iframe><\/span><\/td>\n<\/tr>\n<\/tbody>\n<\/table>\n<h2 style=\"text-align: justify;\">\u00c0 lire aussi<\/h2>\n<ul>\n<li style=\"text-align: justify;\"><a href=\"https:\/\/dicodusport.fr\/blog\/toute-l-actualite-des-jeux-olympiques-de-tokyo-2020\/\"><strong>Toute l&rsquo;actualit\u00e9 des Jeux Olympiques de Tokyo<\/strong><\/a><\/li>\n<li style=\"text-align: justify;\"><a href=\"https:\/\/dicodusport.fr\/blog\/jeux-olympiques-tokyo-2020-le-tableau-des-medailles\/\"><strong>Le tableau des m\u00e9dailles<\/strong><\/a><\/li>\n<\/ul>\n","protected":false},"excerpt":{"rendered":"<p>JEUX OLYMPIQUES DE TOKYO 2020 &#8211; Bienvenue dans le direct comment\u00e9 du mercredi 4 ao\u00fbt, quinzi\u00e8me journ\u00e9e des Jeux Olympiques de Tokyo.<\/p>\n","protected":false},"author":1,"featured_media":155026,"comment_status":"open","ping_status":"closed","sticky":false,"template":"","format":"standard","meta":{"_acf_changed":false,"_daextam_enable_autolinks":"","footnotes":""},"categories":[8433],"tags":[18155],"class_list":["post-155024","post","type-post","status-publish","format-standard","has-post-thumbnail","hentry","category-jo-tokyo-2020","tag-direct-commente"],"acf":[],"yoast_head":"<!-- This site is optimized with the Yoast SEO Premium plugin v26.7 (Yoast SEO v26.7) - https:\/\/yoast.com\/wordpress\/plugins\/seo\/ -->\n<title>Jeux Olympiques de Tokyo 2020 : le direct comment\u00e9 du 4 ao\u00fbt<\/title>\n<meta name=\"description\" content=\"JEUX OLYMPIQUES DE TOKYO 2020 - Bienvenue dans le direct comment\u00e9 du mercredi 4 ao\u00fbt, quinzi\u00e8me journ\u00e9e des Jeux Olympiques de Tokyo.\" \/>\n<meta name=\"robots\" content=\"index, follow, max-snippet:-1, max-image-preview:large, max-video-preview:-1\" \/>\n<link rel=\"canonical\" href=\"https:\/\/dicodusport.fr\/blog\/jeux-olympiques-de-tokyo-2020-le-direct-commente-du-4-aout\/\" \/>\n<meta property=\"og:locale\" content=\"fr_FR\" \/>\n<meta property=\"og:type\" content=\"article\" \/>\n<meta property=\"og:title\" content=\"Jeux Olympiques de Tokyo 2020 : le direct comment\u00e9 du 4 ao\u00fbt\" \/>\n<meta property=\"og:description\" content=\"JEUX OLYMPIQUES DE TOKYO 2020 - Bienvenue dans le direct comment\u00e9 du mercredi 4 ao\u00fbt, quinzi\u00e8me journ\u00e9e des Jeux Olympiques de Tokyo.\" \/>\n<meta property=\"og:url\" content=\"https:\/\/dicodusport.fr\/blog\/jeux-olympiques-de-tokyo-2020-le-direct-commente-du-4-aout\/\" \/>\n<meta property=\"og:site_name\" content=\"Dicodusport\" \/>\n<meta property=\"article:publisher\" content=\"https:\/\/www.facebook.com\/dicodusport\" \/>\n<meta property=\"article:author\" content=\"https:\/\/www.facebook.com\/dicodusport\" \/>\n<meta property=\"article:published_time\" content=\"2021-08-03T21:30:42+00:00\" \/>\n<meta property=\"article:modified_time\" content=\"2021-08-04T13:56:41+00:00\" \/>\n<meta property=\"og:image\" content=\"https:\/\/dicodusport.fr\/blog\/wp-content\/uploads\/2021\/08\/Jeux-Olympiques-de-Tokyo-2020-le-direct-commente-du-4-aout.png\" \/>\n\t<meta property=\"og:image:width\" content=\"1200\" \/>\n\t<meta property=\"og:image:height\" content=\"670\" \/>\n\t<meta property=\"og:image:type\" content=\"image\/png\" \/>\n<meta name=\"author\" content=\"Nicolas Jacquemard\" \/>\n<meta name=\"twitter:card\" content=\"summary_large_image\" \/>\n<meta name=\"twitter:title\" content=\"Jeux Olympiques de Tokyo 2020 : le direct comment\u00e9 du 4 ao\u00fbt\" \/>\n<meta name=\"twitter:creator\" content=\"@https:\/\/twitter.com\/Nico_Jacquemard\" \/>\n<meta name=\"twitter:site\" content=\"@dicodusport\" \/>\n<script type=\"application\/ld+json\" class=\"yoast-schema-graph\">{\"@context\":\"https:\/\/schema.org\",\"@graph\":[{\"@type\":\"NewsArticle\",\"@id\":\"https:\/\/dicodusport.fr\/blog\/jeux-olympiques-de-tokyo-2020-le-direct-commente-du-4-aout\/#article\",\"isPartOf\":{\"@id\":\"https:\/\/dicodusport.fr\/blog\/jeux-olympiques-de-tokyo-2020-le-direct-commente-du-4-aout\/\"},\"author\":{\"name\":\"Nicolas Jacquemard\",\"@id\":\"https:\/\/dicodusport.fr\/blog\/#\/schema\/person\/55dcb50ad410894e431ed812bbb70191\"},\"headline\":\"Jeux Olympiques de Tokyo 2020 : le direct comment\u00e9 du 4 ao\u00fbt\",\"datePublished\":\"2021-08-03T21:30:42+00:00\",\"dateModified\":\"2021-08-04T13:56:41+00:00\",\"mainEntityOfPage\":{\"@id\":\"https:\/\/dicodusport.fr\/blog\/jeux-olympiques-de-tokyo-2020-le-direct-commente-du-4-aout\/\"},\"wordCount\":1974,\"commentCount\":0,\"publisher\":{\"@id\":\"https:\/\/dicodusport.fr\/blog\/#organization\"},\"image\":{\"@id\":\"https:\/\/dicodusport.fr\/blog\/jeux-olympiques-de-tokyo-2020-le-direct-commente-du-4-aout\/#primaryimage\"},\"thumbnailUrl\":\"https:\/\/dicodusport.fr\/blog\/wp-content\/uploads\/2021\/08\/Jeux-Olympiques-de-Tokyo-2020-le-direct-commente-du-4-aout.png\",\"keywords\":[\"Direct comment\u00e9\"],\"articleSection\":[\"JO Tokyo 2020\"],\"inLanguage\":\"fr-FR\",\"potentialAction\":[{\"@type\":\"CommentAction\",\"name\":\"Comment\",\"target\":[\"https:\/\/dicodusport.fr\/blog\/jeux-olympiques-de-tokyo-2020-le-direct-commente-du-4-aout\/#respond\"]}],\"copyrightYear\":\"2021\",\"copyrightHolder\":{\"@id\":\"https:\/\/dicodusport.fr\/blog\/#organization\"}},{\"@type\":\"WebPage\",\"@id\":\"https:\/\/dicodusport.fr\/blog\/jeux-olympiques-de-tokyo-2020-le-direct-commente-du-4-aout\/\",\"url\":\"https:\/\/dicodusport.fr\/blog\/jeux-olympiques-de-tokyo-2020-le-direct-commente-du-4-aout\/\",\"name\":\"Jeux Olympiques de Tokyo 2020 : le direct comment\u00e9 du 4 ao\u00fbt\",\"isPartOf\":{\"@id\":\"https:\/\/dicodusport.fr\/blog\/#website\"},\"primaryImageOfPage\":{\"@id\":\"https:\/\/dicodusport.fr\/blog\/jeux-olympiques-de-tokyo-2020-le-direct-commente-du-4-aout\/#primaryimage\"},\"image\":{\"@id\":\"https:\/\/dicodusport.fr\/blog\/jeux-olympiques-de-tokyo-2020-le-direct-commente-du-4-aout\/#primaryimage\"},\"thumbnailUrl\":\"https:\/\/dicodusport.fr\/blog\/wp-content\/uploads\/2021\/08\/Jeux-Olympiques-de-Tokyo-2020-le-direct-commente-du-4-aout.png\",\"datePublished\":\"2021-08-03T21:30:42+00:00\",\"dateModified\":\"2021-08-04T13:56:41+00:00\",\"description\":\"JEUX OLYMPIQUES DE TOKYO 2020 - Bienvenue dans le direct comment\u00e9 du mercredi 4 ao\u00fbt, quinzi\u00e8me journ\u00e9e des Jeux Olympiques de Tokyo.\",\"breadcrumb\":{\"@id\":\"https:\/\/dicodusport.fr\/blog\/jeux-olympiques-de-tokyo-2020-le-direct-commente-du-4-aout\/#breadcrumb\"},\"inLanguage\":\"fr-FR\",\"potentialAction\":[{\"@type\":\"ReadAction\",\"target\":[\"https:\/\/dicodusport.fr\/blog\/jeux-olympiques-de-tokyo-2020-le-direct-commente-du-4-aout\/\"]}]},{\"@type\":\"ImageObject\",\"inLanguage\":\"fr-FR\",\"@id\":\"https:\/\/dicodusport.fr\/blog\/jeux-olympiques-de-tokyo-2020-le-direct-commente-du-4-aout\/#primaryimage\",\"url\":\"https:\/\/dicodusport.fr\/blog\/wp-content\/uploads\/2021\/08\/Jeux-Olympiques-de-Tokyo-2020-le-direct-commente-du-4-aout.png\",\"contentUrl\":\"https:\/\/dicodusport.fr\/blog\/wp-content\/uploads\/2021\/08\/Jeux-Olympiques-de-Tokyo-2020-le-direct-commente-du-4-aout.png\",\"width\":1200,\"height\":670},{\"@type\":\"BreadcrumbList\",\"@id\":\"https:\/\/dicodusport.fr\/blog\/jeux-olympiques-de-tokyo-2020-le-direct-commente-du-4-aout\/#breadcrumb\",\"itemListElement\":[{\"@type\":\"ListItem\",\"position\":1,\"name\":\"Accueil\",\"item\":\"https:\/\/dicodusport.fr\/blog\/\"},{\"@type\":\"ListItem\",\"position\":2,\"name\":\"Jeux Olympiques de Tokyo 2020 : le direct comment\u00e9 du 4 ao\u00fbt\"}]},{\"@type\":\"WebSite\",\"@id\":\"https:\/\/dicodusport.fr\/blog\/#website\",\"url\":\"https:\/\/dicodusport.fr\/blog\/\",\"name\":\"Dicodusport\",\"description\":\"L&#039;encyclop\u00e9die de l&#039;actualit\u00e9 sportive\",\"publisher\":{\"@id\":\"https:\/\/dicodusport.fr\/blog\/#organization\"},\"potentialAction\":[{\"@type\":\"SearchAction\",\"target\":{\"@type\":\"EntryPoint\",\"urlTemplate\":\"https:\/\/dicodusport.fr\/blog\/?s={search_term_string}\"},\"query-input\":{\"@type\":\"PropertyValueSpecification\",\"valueRequired\":true,\"valueName\":\"search_term_string\"}}],\"inLanguage\":\"fr-FR\"},{\"@type\":\"NewsMediaOrganization\",\"@id\":\"https:\/\/dicodusport.fr\/blog\/#organization\",\"name\":\"Dicodusport\",\"url\":\"https:\/\/dicodusport.fr\/blog\/\",\"logo\":{\"@type\":\"ImageObject\",\"inLanguage\":\"fr-FR\",\"@id\":\"https:\/\/dicodusport.fr\/blog\/#\/schema\/logo\/image\/\",\"url\":\"https:\/\/dicodusport.fr\/blog\/wp-content\/uploads\/2020\/06\/cropped-LOGO-DICODUSPORT-2020-SANS-FOND-SANS-TEXTE.png\",\"contentUrl\":\"https:\/\/dicodusport.fr\/blog\/wp-content\/uploads\/2020\/06\/cropped-LOGO-DICODUSPORT-2020-SANS-FOND-SANS-TEXTE.png\",\"width\":512,\"height\":512,\"caption\":\"Dicodusport\"},\"image\":{\"@id\":\"https:\/\/dicodusport.fr\/blog\/#\/schema\/logo\/image\/\"},\"sameAs\":[\"https:\/\/www.facebook.com\/dicodusport\",\"https:\/\/x.com\/dicodusport\",\"https:\/\/www.instagram.com\/dicodusport\/\",\"https:\/\/www.youtube.com\/channel\/UC7V2KZ5sd3htJivAbA4ZG3w\"],\"description\":\"Dicodusport est l'encyclop\u00e9die de l'actualit\u00e9 sportive.\",\"email\":\"bonjour@dicodusport.fr\",\"legalName\":\"DICODUSPORT\",\"foundingDate\":\"2018-01-14\",\"vatID\":\"FR71834470973\",\"taxID\":\"83447097300043\",\"numberOfEmployees\":{\"@type\":\"QuantitativeValue\",\"minValue\":\"1\",\"maxValue\":\"10\"}},{\"@type\":\"Person\",\"@id\":\"https:\/\/dicodusport.fr\/blog\/#\/schema\/person\/55dcb50ad410894e431ed812bbb70191\",\"name\":\"Nicolas Jacquemard\",\"image\":{\"@type\":\"ImageObject\",\"inLanguage\":\"fr-FR\",\"@id\":\"https:\/\/dicodusport.fr\/blog\/#\/schema\/person\/image\/\",\"url\":\"https:\/\/dicodusport.fr\/blog\/wp-content\/uploads\/2021\/05\/Nicolas-Jacquemard-150x150.jpeg\",\"contentUrl\":\"https:\/\/dicodusport.fr\/blog\/wp-content\/uploads\/2021\/05\/Nicolas-Jacquemard-150x150.jpeg\",\"caption\":\"Nicolas Jacquemard\"},\"description\":\"Passionn\u00e9 de sport et entrepreneur depuis mes 18 ans, la cr\u00e9ation de Dicodusport m'a sembl\u00e9 \u00e9vidente pour participer \u00e0 la m\u00e9diatisation d'un plus grand nombre de sports. Le chemin est long mais avec une \u00e9quipe des plus motiv\u00e9es et les Jeux Olympiques de Paris 2024 en point de mire, nous y arriverons ! Journaliste dans le monde du sport depuis plus de 5 ans, je traite aussi bien de football, de rugby, de biathlon que de cyclisme.\",\"sameAs\":[\"https:\/\/www.facebook.com\/dicodusport\",\"https:\/\/x.com\/https:\/\/twitter.com\/Nico_Jacquemard\"],\"url\":\"https:\/\/dicodusport.fr\/blog\/author\/dicodusport\/\"}]}<\/script>\n<!-- \/ Yoast SEO Premium plugin. -->","yoast_head_json":{"title":"Jeux Olympiques de Tokyo 2020 : le direct comment\u00e9 du 4 ao\u00fbt","description":"JEUX OLYMPIQUES DE TOKYO 2020 - Bienvenue dans le direct comment\u00e9 du mercredi 4 ao\u00fbt, quinzi\u00e8me journ\u00e9e des Jeux Olympiques de Tokyo.","robots":{"index":"index","follow":"follow","max-snippet":"max-snippet:-1","max-image-preview":"max-image-preview:large","max-video-preview":"max-video-preview:-1"},"canonical":"https:\/\/dicodusport.fr\/blog\/jeux-olympiques-de-tokyo-2020-le-direct-commente-du-4-aout\/","og_locale":"fr_FR","og_type":"article","og_title":"Jeux Olympiques de Tokyo 2020 : le direct comment\u00e9 du 4 ao\u00fbt","og_description":"JEUX OLYMPIQUES DE TOKYO 2020 - Bienvenue dans le direct comment\u00e9 du mercredi 4 ao\u00fbt, quinzi\u00e8me journ\u00e9e des Jeux Olympiques de Tokyo.","og_url":"https:\/\/dicodusport.fr\/blog\/jeux-olympiques-de-tokyo-2020-le-direct-commente-du-4-aout\/","og_site_name":"Dicodusport","article_publisher":"https:\/\/www.facebook.com\/dicodusport","article_author":"https:\/\/www.facebook.com\/dicodusport","article_published_time":"2021-08-03T21:30:42+00:00","article_modified_time":"2021-08-04T13:56:41+00:00","og_image":[{"width":1200,"height":670,"url":"https:\/\/dicodusport.fr\/blog\/wp-content\/uploads\/2021\/08\/Jeux-Olympiques-de-Tokyo-2020-le-direct-commente-du-4-aout.png","type":"image\/png"}],"author":"Nicolas Jacquemard","twitter_card":"summary_large_image","twitter_title":"Jeux Olympiques de Tokyo 2020 : le direct comment\u00e9 du 4 ao\u00fbt","twitter_creator":"@https:\/\/twitter.com\/Nico_Jacquemard","twitter_site":"@dicodusport","schema":{"@context":"https:\/\/schema.org","@graph":[{"@type":"NewsArticle","@id":"https:\/\/dicodusport.fr\/blog\/jeux-olympiques-de-tokyo-2020-le-direct-commente-du-4-aout\/#article","isPartOf":{"@id":"https:\/\/dicodusport.fr\/blog\/jeux-olympiques-de-tokyo-2020-le-direct-commente-du-4-aout\/"},"author":{"name":"Nicolas Jacquemard","@id":"https:\/\/dicodusport.fr\/blog\/#\/schema\/person\/55dcb50ad410894e431ed812bbb70191"},"headline":"Jeux Olympiques de Tokyo 2020 : le direct comment\u00e9 du 4 ao\u00fbt","datePublished":"2021-08-03T21:30:42+00:00","dateModified":"2021-08-04T13:56:41+00:00","mainEntityOfPage":{"@id":"https:\/\/dicodusport.fr\/blog\/jeux-olympiques-de-tokyo-2020-le-direct-commente-du-4-aout\/"},"wordCount":1974,"commentCount":0,"publisher":{"@id":"https:\/\/dicodusport.fr\/blog\/#organization"},"image":{"@id":"https:\/\/dicodusport.fr\/blog\/jeux-olympiques-de-tokyo-2020-le-direct-commente-du-4-aout\/#primaryimage"},"thumbnailUrl":"https:\/\/dicodusport.fr\/blog\/wp-content\/uploads\/2021\/08\/Jeux-Olympiques-de-Tokyo-2020-le-direct-commente-du-4-aout.png","keywords":["Direct comment\u00e9"],"articleSection":["JO Tokyo 2020"],"inLanguage":"fr-FR","potentialAction":[{"@type":"CommentAction","name":"Comment","target":["https:\/\/dicodusport.fr\/blog\/jeux-olympiques-de-tokyo-2020-le-direct-commente-du-4-aout\/#respond"]}],"copyrightYear":"2021","copyrightHolder":{"@id":"https:\/\/dicodusport.fr\/blog\/#organization"}},{"@type":"WebPage","@id":"https:\/\/dicodusport.fr\/blog\/jeux-olympiques-de-tokyo-2020-le-direct-commente-du-4-aout\/","url":"https:\/\/dicodusport.fr\/blog\/jeux-olympiques-de-tokyo-2020-le-direct-commente-du-4-aout\/","name":"Jeux Olympiques de Tokyo 2020 : le direct comment\u00e9 du 4 ao\u00fbt","isPartOf":{"@id":"https:\/\/dicodusport.fr\/blog\/#website"},"primaryImageOfPage":{"@id":"https:\/\/dicodusport.fr\/blog\/jeux-olympiques-de-tokyo-2020-le-direct-commente-du-4-aout\/#primaryimage"},"image":{"@id":"https:\/\/dicodusport.fr\/blog\/jeux-olympiques-de-tokyo-2020-le-direct-commente-du-4-aout\/#primaryimage"},"thumbnailUrl":"https:\/\/dicodusport.fr\/blog\/wp-content\/uploads\/2021\/08\/Jeux-Olympiques-de-Tokyo-2020-le-direct-commente-du-4-aout.png","datePublished":"2021-08-03T21:30:42+00:00","dateModified":"2021-08-04T13:56:41+00:00","description":"JEUX OLYMPIQUES DE TOKYO 2020 - Bienvenue dans le direct comment\u00e9 du mercredi 4 ao\u00fbt, quinzi\u00e8me journ\u00e9e des Jeux Olympiques de Tokyo.","breadcrumb":{"@id":"https:\/\/dicodusport.fr\/blog\/jeux-olympiques-de-tokyo-2020-le-direct-commente-du-4-aout\/#breadcrumb"},"inLanguage":"fr-FR","potentialAction":[{"@type":"ReadAction","target":["https:\/\/dicodusport.fr\/blog\/jeux-olympiques-de-tokyo-2020-le-direct-commente-du-4-aout\/"]}]},{"@type":"ImageObject","inLanguage":"fr-FR","@id":"https:\/\/dicodusport.fr\/blog\/jeux-olympiques-de-tokyo-2020-le-direct-commente-du-4-aout\/#primaryimage","url":"https:\/\/dicodusport.fr\/blog\/wp-content\/uploads\/2021\/08\/Jeux-Olympiques-de-Tokyo-2020-le-direct-commente-du-4-aout.png","contentUrl":"https:\/\/dicodusport.fr\/blog\/wp-content\/uploads\/2021\/08\/Jeux-Olympiques-de-Tokyo-2020-le-direct-commente-du-4-aout.png","width":1200,"height":670},{"@type":"BreadcrumbList","@id":"https:\/\/dicodusport.fr\/blog\/jeux-olympiques-de-tokyo-2020-le-direct-commente-du-4-aout\/#breadcrumb","itemListElement":[{"@type":"ListItem","position":1,"name":"Accueil","item":"https:\/\/dicodusport.fr\/blog\/"},{"@type":"ListItem","position":2,"name":"Jeux Olympiques de Tokyo 2020 : le direct comment\u00e9 du 4 ao\u00fbt"}]},{"@type":"WebSite","@id":"https:\/\/dicodusport.fr\/blog\/#website","url":"https:\/\/dicodusport.fr\/blog\/","name":"Dicodusport","description":"L&#039;encyclop\u00e9die de l&#039;actualit\u00e9 sportive","publisher":{"@id":"https:\/\/dicodusport.fr\/blog\/#organization"},"potentialAction":[{"@type":"SearchAction","target":{"@type":"EntryPoint","urlTemplate":"https:\/\/dicodusport.fr\/blog\/?s={search_term_string}"},"query-input":{"@type":"PropertyValueSpecification","valueRequired":true,"valueName":"search_term_string"}}],"inLanguage":"fr-FR"},{"@type":"NewsMediaOrganization","@id":"https:\/\/dicodusport.fr\/blog\/#organization","name":"Dicodusport","url":"https:\/\/dicodusport.fr\/blog\/","logo":{"@type":"ImageObject","inLanguage":"fr-FR","@id":"https:\/\/dicodusport.fr\/blog\/#\/schema\/logo\/image\/","url":"https:\/\/dicodusport.fr\/blog\/wp-content\/uploads\/2020\/06\/cropped-LOGO-DICODUSPORT-2020-SANS-FOND-SANS-TEXTE.png","contentUrl":"https:\/\/dicodusport.fr\/blog\/wp-content\/uploads\/2020\/06\/cropped-LOGO-DICODUSPORT-2020-SANS-FOND-SANS-TEXTE.png","width":512,"height":512,"caption":"Dicodusport"},"image":{"@id":"https:\/\/dicodusport.fr\/blog\/#\/schema\/logo\/image\/"},"sameAs":["https:\/\/www.facebook.com\/dicodusport","https:\/\/x.com\/dicodusport","https:\/\/www.instagram.com\/dicodusport\/","https:\/\/www.youtube.com\/channel\/UC7V2KZ5sd3htJivAbA4ZG3w"],"description":"Dicodusport est l'encyclop\u00e9die de l'actualit\u00e9 sportive.","email":"bonjour@dicodusport.fr","legalName":"DICODUSPORT","foundingDate":"2018-01-14","vatID":"FR71834470973","taxID":"83447097300043","numberOfEmployees":{"@type":"QuantitativeValue","minValue":"1","maxValue":"10"}},{"@type":"Person","@id":"https:\/\/dicodusport.fr\/blog\/#\/schema\/person\/55dcb50ad410894e431ed812bbb70191","name":"Nicolas Jacquemard","image":{"@type":"ImageObject","inLanguage":"fr-FR","@id":"https:\/\/dicodusport.fr\/blog\/#\/schema\/person\/image\/","url":"https:\/\/dicodusport.fr\/blog\/wp-content\/uploads\/2021\/05\/Nicolas-Jacquemard-150x150.jpeg","contentUrl":"https:\/\/dicodusport.fr\/blog\/wp-content\/uploads\/2021\/05\/Nicolas-Jacquemard-150x150.jpeg","caption":"Nicolas Jacquemard"},"description":"Passionn\u00e9 de sport et entrepreneur depuis mes 18 ans, la cr\u00e9ation de Dicodusport m'a sembl\u00e9 \u00e9vidente pour participer \u00e0 la m\u00e9diatisation d'un plus grand nombre de sports. Le chemin est long mais avec une \u00e9quipe des plus motiv\u00e9es et les Jeux Olympiques de Paris 2024 en point de mire, nous y arriverons ! Journaliste dans le monde du sport depuis plus de 5 ans, je traite aussi bien de football, de rugby, de biathlon que de cyclisme.","sameAs":["https:\/\/www.facebook.com\/dicodusport","https:\/\/x.com\/https:\/\/twitter.com\/Nico_Jacquemard"],"url":"https:\/\/dicodusport.fr\/blog\/author\/dicodusport\/"}]}},"_links":{"self":[{"href":"https:\/\/dicodusport.fr\/blog\/wp-json\/wp\/v2\/posts\/155024","targetHints":{"allow":["GET"]}}],"collection":[{"href":"https:\/\/dicodusport.fr\/blog\/wp-json\/wp\/v2\/posts"}],"about":[{"href":"https:\/\/dicodusport.fr\/blog\/wp-json\/wp\/v2\/types\/post"}],"author":[{"embeddable":true,"href":"https:\/\/dicodusport.fr\/blog\/wp-json\/wp\/v2\/users\/1"}],"replies":[{"embeddable":true,"href":"https:\/\/dicodusport.fr\/blog\/wp-json\/wp\/v2\/comments?post=155024"}],"version-history":[{"count":0,"href":"https:\/\/dicodusport.fr\/blog\/wp-json\/wp\/v2\/posts\/155024\/revisions"}],"wp:featuredmedia":[{"embeddable":true,"href":"https:\/\/dicodusport.fr\/blog\/wp-json\/wp\/v2\/media\/155026"}],"wp:attachment":[{"href":"https:\/\/dicodusport.fr\/blog\/wp-json\/wp\/v2\/media?parent=155024"}],"wp:term":[{"taxonomy":"category","embeddable":true,"href":"https:\/\/dicodusport.fr\/blog\/wp-json\/wp\/v2\/categories?post=155024"},{"taxonomy":"post_tag","embeddable":true,"href":"https:\/\/dicodusport.fr\/blog\/wp-json\/wp\/v2\/tags?post=155024"}],"curies":[{"name":"wp","href":"https:\/\/api.w.org\/{rel}","templated":true}]}}