{"id":15522,"date":"2018-04-01T09:00:56","date_gmt":"2018-04-01T07:00:56","guid":{"rendered":"http:\/\/dicodusport.fr\/blog\/?p=15522"},"modified":"2018-04-01T22:52:15","modified_gmt":"2018-04-01T20:52:15","slug":"les-mordus-jaune-bleu-mobilises-avant-quart-finale-contre-racing-92","status":"publish","type":"post","link":"https:\/\/dicodusport.fr\/blog\/les-mordus-jaune-bleu-mobilises-avant-quart-finale-contre-racing-92\/","title":{"rendered":"Les Mordus Jaune et Bleu mobilis\u00e9s avant le quart de finale contre le Racing 92"},"content":{"rendered":"<p style=\"text-align: justify;\"><em><strong>Quelques heures avant le quart de finale de Champions Cup entre l&rsquo;ASM Clermont-Auvergne et le Racing 92, nous avons rencontr\u00e9 Alexis Rabier, fervent supporter de la Yellow Army.<\/strong><\/em><\/p>\n<h5 style=\"text-align: justify;\">Alexis, peux-tu nous dire quand ta passion pour le club auvergnat a commenc\u00e9 ?<\/h5>\n<p style=\"text-align: justify;\">Elle a commenc\u00e9 en 2007. Cette ann\u00e9e-l\u00e0, l&rsquo;ASM a gagn\u00e9 en Challenge Europ\u00e9en. L\u2019ambiance et la ferveur dans la ville mais aussi au stade m&rsquo;ont donn\u00e9 des frissons \u00e0 chaque rencontre, notamment avec la s\u00e9rie d&rsquo;invincibilit\u00e9 \u00e0 domicile. Ensuite, d\u00e8s 2009, j&rsquo;ai assist\u00e9 \u00e0 tous les matchs au stade Marcel Michelin et je suis devenu abonn\u00e9 depuis 2012. J&rsquo;ai \u00e9galement eu la chance de participer \u00e0 de nombreux d\u00e9placements, qui m&rsquo;ont permis de d\u00e9couvrir d&rsquo;autres ambiances.<\/p>\n<p style=\"text-align: justify;\">De 2013 \u00e0 2016, j&rsquo;ai \u00e9t\u00e9 membre des Arvernes de Lut\u00e8ce. J&rsquo;ai appris le fonctionnement d&rsquo;un club de supporters et j&rsquo;ai eu envie de cr\u00e9er ma propre association d\u00e8s le d\u00e9but de la saison actuelle.<\/p>\n<h5 style=\"text-align: justify;\">Quels \u00e9taient tes objectifs en cr\u00e9ant l&rsquo;association ?<\/h5>\n<p style=\"text-align: justify;\">L&rsquo;id\u00e9e de d\u00e9part \u00e9tait de\u00a0rassembler des supporters dynamiques, tout en compl\u00e9tant les animations actuelles lors des matchs \u00e0 domicile et \u00e0 l&rsquo;ext\u00e9rieur. Avec comme ma\u00eetres mots : l\u2019ambiance, la ferveur et la convivialit\u00e9.<\/p>\n<h5 style=\"text-align: justify;\">Combien de \u00ab\u00a0Mordus jaune et bleu\u00a0\u00bb ont rejoint ton projet ?<\/h5>\n<p style=\"text-align: justify;\">Nous comptons aujourd&rsquo;hui 62 membres. Depuis la cr\u00e9ation de l&rsquo;association, R\u00e9mi Lamerat a accept\u00e9 d&rsquo;\u00eatre notre parrain et fait son maximum pour participer \u00e0 nos \u00e9v\u00e9nements hors-match ou en apr\u00e8s-match.\u00a0Plus r\u00e9cemment, c&rsquo;est Paul Jedrasiak qui a accept\u00e9 de nous rejoindre. Ils sont tous les deux proches de leur public et avec un bon \u00e9tat d\u2019esprit.<\/p>\n<h5 style=\"text-align: justify;\">Depuis sa cr\u00e9ation il y a quelques mois, quelles actions ont \u00e9t\u00e9 mises en place ?<\/h5>\n<p style=\"text-align: justify;\">Avec l&rsquo;accord du club, nous avons pu installer des tambours au bord du terrain pour tous les matchs \u00e0 domicile. Le but \u00e9tait de compl\u00e9ter l\u2019ambiance actuelle, avec ceux d\u00e9j\u00e0 pr\u00e9sents en tribune. De plus, nous souhaitions accompagner notre \u00e9quipe lors des matchs \u00e0\u00a0l\u2019ext\u00e9rieur.<\/p>\n<p style=\"text-align: justify;\">Cette saison, cela repr\u00e9sente quatre d\u00e9placements en bus ou en avion : \u00e0 Oyonnax, aux Saracens, \u00e0 Lyon et \u00e0 Brive. Nous irons \u00e9galement \u00e0 Agen et esp\u00e9rons nous rendre \u00e0 Saint-\u00c9tienne et Bilbao en cas de qualification de l&rsquo;ASM cet apr\u00e8s-midi.<\/p>\n<h5 style=\"text-align: justify;\">Des animations sont-elles pr\u00e9vues pour le 1\/4 de finale contre le Racing ?<\/h5>\n<p style=\"text-align: justify;\">Il y aura bien entendu les tambours habituels. Nous avons \u00e9galement pr\u00e9par\u00e9 un tifo g\u00e9ant de 64m\u00b2 pour l&rsquo;occasion. Avec les 10\u00a0000 drapeaux mis \u00e0 disposition dans le stade par la ville de Clermont-Ferrand et l\u2019Interclubs, le stade sera enti\u00e8rement jaune et bleu !<\/p>\n<h5 style=\"text-align: justify;\">Pour conclure, le \u00ab\u00a0mot du pr\u00e9sident\u00a0\u00bb des Mordus jaune et bleu :<\/h5>\n<p style=\"text-align: justify;\">Je souhaite bonne chance \u00e0 notre \u00e9quipe pour la fin de saison, en esp\u00e9rant vivre de bons moments aux c\u00f4t\u00e9s des \u00ab\u00a0Mordus\u00a0\u00bb et la Yellow Army.\u00a0Je tiens \u00e9galement \u00e0 remercier le club de l&rsquo;ASM Clermont-Auvergne et l&rsquo;Interclubs pour leur soutien ainsi que les membres du bureau de l&rsquo;association qui m&rsquo;accompagnent au quotidien dans la gestion de l&rsquo;association. Un grand merci \u00e0 nos membres et deux parrains pour leur dynamisme et leur disponibilit\u00e9 lors des nombreuses actions mises en place jusqu&rsquo;\u00e0 pr\u00e9sent.<\/p>\n<p style=\"text-align: justify;\"><em>Photo de couverture : les Mordus jaune et bleu en d\u00e9placement avant le match LOU-ASM.<br \/>\n<\/em><\/p>\n<p style=\"text-align: justify;\"><em><strong>Baptiste Corvey-Biron<\/strong><\/em><em><br \/>\n<\/em><a href=\"https:\/\/www.facebook.com\/baptiste.corveybiron\" target=\"_blank\" rel=\"noopener\"><img loading=\"lazy\" decoding=\"async\" class=\"alignnone wp-image-2909\" src=\"http:\/\/dicodusport.fr\/blog\/wp-content\/uploads\/2017\/07\/logo-facebook-150x150.png\" alt=\"\" width=\"40\" height=\"40\" \/><\/a><a href=\"https:\/\/twitter.com\/CorveyBironBapt?lang=fr\" target=\"_blank\" rel=\"noopener\"><img loading=\"lazy\" decoding=\"async\" class=\"alignnone wp-image-2908\" src=\"http:\/\/dicodusport.fr\/blog\/wp-content\/uploads\/2017\/07\/logo-twitter-150x150.png\" alt=\"\" width=\"39\" height=\"39\" \/><\/a><\/p>\n","protected":false},"excerpt":{"rendered":"<p>Quelques heures avant le quart de finale de Champions Cup entre l&rsquo;ASM Clermont-Auvergne et le Racing 92, nous avons rencontr\u00e9 Alexis Rabier, fervent supporter de la Yellow Army.<\/p>\n","protected":false},"author":31,"featured_media":15534,"comment_status":"open","ping_status":"closed","sticky":false,"template":"","format":"standard","meta":{"_acf_changed":false,"_daextam_enable_autolinks":"","footnotes":""},"categories":[3,4,2303],"tags":[2823,1183,13],"class_list":["post-15522","post","type-post","status-publish","format-standard","has-post-thumbnail","hentry","category-lumiere-sur","category-portraits","category-rugby","tag-champions-cup","tag-clermont","tag-rugby"],"acf":[],"yoast_head":"<!-- This site is optimized with the Yoast SEO Premium plugin v26.7 (Yoast SEO v26.7) - https:\/\/yoast.com\/wordpress\/plugins\/seo\/ -->\n<title>Les Mordus Jaune et Bleu mobilis\u00e9s avant le quart de finale contre le Racing 92<\/title>\n<meta name=\"description\" content=\"Quelques heures avant le quart de finale de Champions Cup entre l&#039;ASM Clermont-Auvergne et le Racing 92, nous avons rencontr\u00e9 Alexis Rabier, fervent supporter de la Yellow Army.\" \/>\n<meta name=\"robots\" content=\"index, follow, max-snippet:-1, max-image-preview:large, max-video-preview:-1\" \/>\n<link rel=\"canonical\" href=\"https:\/\/dicodusport.fr\/blog\/les-mordus-jaune-bleu-mobilises-avant-quart-finale-contre-racing-92\/\" \/>\n<meta property=\"og:locale\" content=\"fr_FR\" \/>\n<meta property=\"og:type\" content=\"article\" \/>\n<meta property=\"og:title\" content=\"Les Mordus Jaune et Bleu mobilis\u00e9s avant le quart de finale contre le Racing 92\" \/>\n<meta property=\"og:description\" content=\"Quelques heures avant le quart de finale de Champions Cup entre l&#039;ASM Clermont-Auvergne et le Racing 92, nous avons rencontr\u00e9 Alexis Rabier, fervent supporter de la Yellow Army.\" \/>\n<meta property=\"og:url\" content=\"https:\/\/dicodusport.fr\/blog\/les-mordus-jaune-bleu-mobilises-avant-quart-finale-contre-racing-92\/\" \/>\n<meta property=\"og:site_name\" content=\"Dicodusport\" \/>\n<meta property=\"article:publisher\" content=\"https:\/\/www.facebook.com\/dicodusport\" \/>\n<meta property=\"article:published_time\" content=\"2018-04-01T07:00:56+00:00\" \/>\n<meta property=\"article:modified_time\" content=\"2018-04-01T20:52:15+00:00\" \/>\n<meta property=\"og:image\" content=\"https:\/\/dicodusport.fr\/blog\/wp-content\/uploads\/2018\/04\/Les-Mordus-Jaune-et-Bleu.png\" \/>\n\t<meta property=\"og:image:width\" content=\"800\" \/>\n\t<meta property=\"og:image:height\" content=\"445\" \/>\n\t<meta property=\"og:image:type\" content=\"image\/png\" \/>\n<meta name=\"author\" content=\"Baptiste Corvey-Biron\" \/>\n<meta name=\"twitter:card\" content=\"summary_large_image\" \/>\n<meta name=\"twitter:creator\" content=\"@dicodusport\" \/>\n<meta name=\"twitter:site\" content=\"@dicodusport\" \/>\n<script type=\"application\/ld+json\" class=\"yoast-schema-graph\">{\"@context\":\"https:\/\/schema.org\",\"@graph\":[{\"@type\":\"NewsArticle\",\"@id\":\"https:\/\/dicodusport.fr\/blog\/les-mordus-jaune-bleu-mobilises-avant-quart-finale-contre-racing-92\/#article\",\"isPartOf\":{\"@id\":\"https:\/\/dicodusport.fr\/blog\/les-mordus-jaune-bleu-mobilises-avant-quart-finale-contre-racing-92\/\"},\"author\":{\"name\":\"Baptiste Corvey-Biron\",\"@id\":\"https:\/\/dicodusport.fr\/blog\/#\/schema\/person\/60cd82984d572b0fc3b6948cb900b04f\"},\"headline\":\"Les Mordus Jaune et Bleu mobilis\u00e9s avant le quart de finale contre le Racing 92\",\"datePublished\":\"2018-04-01T07:00:56+00:00\",\"dateModified\":\"2018-04-01T20:52:15+00:00\",\"mainEntityOfPage\":{\"@id\":\"https:\/\/dicodusport.fr\/blog\/les-mordus-jaune-bleu-mobilises-avant-quart-finale-contre-racing-92\/\"},\"wordCount\":584,\"commentCount\":0,\"publisher\":{\"@id\":\"https:\/\/dicodusport.fr\/blog\/#organization\"},\"image\":{\"@id\":\"https:\/\/dicodusport.fr\/blog\/les-mordus-jaune-bleu-mobilises-avant-quart-finale-contre-racing-92\/#primaryimage\"},\"thumbnailUrl\":\"https:\/\/dicodusport.fr\/blog\/wp-content\/uploads\/2018\/04\/Les-Mordus-Jaune-et-Bleu.png\",\"keywords\":[\"Champions Cup\",\"clermont\",\"Rugby\"],\"articleSection\":[\"Lumi\u00e8re sur\",\"Portraits\",\"Rugby\"],\"inLanguage\":\"fr-FR\",\"potentialAction\":[{\"@type\":\"CommentAction\",\"name\":\"Comment\",\"target\":[\"https:\/\/dicodusport.fr\/blog\/les-mordus-jaune-bleu-mobilises-avant-quart-finale-contre-racing-92\/#respond\"]}],\"copyrightYear\":\"2018\",\"copyrightHolder\":{\"@id\":\"https:\/\/dicodusport.fr\/blog\/#organization\"}},{\"@type\":\"WebPage\",\"@id\":\"https:\/\/dicodusport.fr\/blog\/les-mordus-jaune-bleu-mobilises-avant-quart-finale-contre-racing-92\/\",\"url\":\"https:\/\/dicodusport.fr\/blog\/les-mordus-jaune-bleu-mobilises-avant-quart-finale-contre-racing-92\/\",\"name\":\"Les Mordus Jaune et Bleu mobilis\u00e9s avant le quart de finale contre le Racing 92\",\"isPartOf\":{\"@id\":\"https:\/\/dicodusport.fr\/blog\/#website\"},\"primaryImageOfPage\":{\"@id\":\"https:\/\/dicodusport.fr\/blog\/les-mordus-jaune-bleu-mobilises-avant-quart-finale-contre-racing-92\/#primaryimage\"},\"image\":{\"@id\":\"https:\/\/dicodusport.fr\/blog\/les-mordus-jaune-bleu-mobilises-avant-quart-finale-contre-racing-92\/#primaryimage\"},\"thumbnailUrl\":\"https:\/\/dicodusport.fr\/blog\/wp-content\/uploads\/2018\/04\/Les-Mordus-Jaune-et-Bleu.png\",\"datePublished\":\"2018-04-01T07:00:56+00:00\",\"dateModified\":\"2018-04-01T20:52:15+00:00\",\"description\":\"Quelques heures avant le quart de finale de Champions Cup entre l'ASM Clermont-Auvergne et le Racing 92, nous avons rencontr\u00e9 Alexis Rabier, fervent supporter de la Yellow Army.\",\"breadcrumb\":{\"@id\":\"https:\/\/dicodusport.fr\/blog\/les-mordus-jaune-bleu-mobilises-avant-quart-finale-contre-racing-92\/#breadcrumb\"},\"inLanguage\":\"fr-FR\",\"potentialAction\":[{\"@type\":\"ReadAction\",\"target\":[\"https:\/\/dicodusport.fr\/blog\/les-mordus-jaune-bleu-mobilises-avant-quart-finale-contre-racing-92\/\"]}]},{\"@type\":\"ImageObject\",\"inLanguage\":\"fr-FR\",\"@id\":\"https:\/\/dicodusport.fr\/blog\/les-mordus-jaune-bleu-mobilises-avant-quart-finale-contre-racing-92\/#primaryimage\",\"url\":\"https:\/\/dicodusport.fr\/blog\/wp-content\/uploads\/2018\/04\/Les-Mordus-Jaune-et-Bleu.png\",\"contentUrl\":\"https:\/\/dicodusport.fr\/blog\/wp-content\/uploads\/2018\/04\/Les-Mordus-Jaune-et-Bleu.png\",\"width\":800,\"height\":445},{\"@type\":\"BreadcrumbList\",\"@id\":\"https:\/\/dicodusport.fr\/blog\/les-mordus-jaune-bleu-mobilises-avant-quart-finale-contre-racing-92\/#breadcrumb\",\"itemListElement\":[{\"@type\":\"ListItem\",\"position\":1,\"name\":\"Accueil\",\"item\":\"https:\/\/dicodusport.fr\/blog\/\"},{\"@type\":\"ListItem\",\"position\":2,\"name\":\"Les Mordus Jaune et Bleu mobilis\u00e9s avant le quart de finale contre le Racing 92\"}]},{\"@type\":\"WebSite\",\"@id\":\"https:\/\/dicodusport.fr\/blog\/#website\",\"url\":\"https:\/\/dicodusport.fr\/blog\/\",\"name\":\"Dicodusport\",\"description\":\"L&#039;encyclop\u00e9die de l&#039;actualit\u00e9 sportive\",\"publisher\":{\"@id\":\"https:\/\/dicodusport.fr\/blog\/#organization\"},\"potentialAction\":[{\"@type\":\"SearchAction\",\"target\":{\"@type\":\"EntryPoint\",\"urlTemplate\":\"https:\/\/dicodusport.fr\/blog\/?s={search_term_string}\"},\"query-input\":{\"@type\":\"PropertyValueSpecification\",\"valueRequired\":true,\"valueName\":\"search_term_string\"}}],\"inLanguage\":\"fr-FR\"},{\"@type\":\"NewsMediaOrganization\",\"@id\":\"https:\/\/dicodusport.fr\/blog\/#organization\",\"name\":\"Dicodusport\",\"url\":\"https:\/\/dicodusport.fr\/blog\/\",\"logo\":{\"@type\":\"ImageObject\",\"inLanguage\":\"fr-FR\",\"@id\":\"https:\/\/dicodusport.fr\/blog\/#\/schema\/logo\/image\/\",\"url\":\"https:\/\/dicodusport.fr\/blog\/wp-content\/uploads\/2020\/06\/cropped-LOGO-DICODUSPORT-2020-SANS-FOND-SANS-TEXTE.png\",\"contentUrl\":\"https:\/\/dicodusport.fr\/blog\/wp-content\/uploads\/2020\/06\/cropped-LOGO-DICODUSPORT-2020-SANS-FOND-SANS-TEXTE.png\",\"width\":512,\"height\":512,\"caption\":\"Dicodusport\"},\"image\":{\"@id\":\"https:\/\/dicodusport.fr\/blog\/#\/schema\/logo\/image\/\"},\"sameAs\":[\"https:\/\/www.facebook.com\/dicodusport\",\"https:\/\/x.com\/dicodusport\",\"https:\/\/www.instagram.com\/dicodusport\/\",\"https:\/\/www.youtube.com\/channel\/UC7V2KZ5sd3htJivAbA4ZG3w\"],\"description\":\"Dicodusport est l'encyclop\u00e9die de l'actualit\u00e9 sportive.\",\"email\":\"bonjour@dicodusport.fr\",\"legalName\":\"DICODUSPORT\",\"foundingDate\":\"2018-01-14\",\"vatID\":\"FR71834470973\",\"taxID\":\"83447097300043\",\"numberOfEmployees\":{\"@type\":\"QuantitativeValue\",\"minValue\":\"1\",\"maxValue\":\"10\"}},{\"@type\":\"Person\",\"@id\":\"https:\/\/dicodusport.fr\/blog\/#\/schema\/person\/60cd82984d572b0fc3b6948cb900b04f\",\"name\":\"Baptiste Corvey-Biron\",\"image\":{\"@type\":\"ImageObject\",\"inLanguage\":\"fr-FR\",\"@id\":\"https:\/\/dicodusport.fr\/blog\/#\/schema\/person\/image\/\",\"url\":\"https:\/\/dicodusport.fr\/blog\/wp-content\/uploads\/2017\/01\/cropped-logo-dicodusport-sans-fond-150x150.png\",\"contentUrl\":\"https:\/\/dicodusport.fr\/blog\/wp-content\/uploads\/2017\/01\/cropped-logo-dicodusport-sans-fond-150x150.png\",\"caption\":\"Baptiste Corvey-Biron\"},\"url\":\"https:\/\/dicodusport.fr\/blog\/author\/baptiste\/\"}]}<\/script>\n<!-- \/ Yoast SEO Premium plugin. -->","yoast_head_json":{"title":"Les Mordus Jaune et Bleu mobilis\u00e9s avant le quart de finale contre le Racing 92","description":"Quelques heures avant le quart de finale de Champions Cup entre l'ASM Clermont-Auvergne et le Racing 92, nous avons rencontr\u00e9 Alexis Rabier, fervent supporter de la Yellow Army.","robots":{"index":"index","follow":"follow","max-snippet":"max-snippet:-1","max-image-preview":"max-image-preview:large","max-video-preview":"max-video-preview:-1"},"canonical":"https:\/\/dicodusport.fr\/blog\/les-mordus-jaune-bleu-mobilises-avant-quart-finale-contre-racing-92\/","og_locale":"fr_FR","og_type":"article","og_title":"Les Mordus Jaune et Bleu mobilis\u00e9s avant le quart de finale contre le Racing 92","og_description":"Quelques heures avant le quart de finale de Champions Cup entre l'ASM Clermont-Auvergne et le Racing 92, nous avons rencontr\u00e9 Alexis Rabier, fervent supporter de la Yellow Army.","og_url":"https:\/\/dicodusport.fr\/blog\/les-mordus-jaune-bleu-mobilises-avant-quart-finale-contre-racing-92\/","og_site_name":"Dicodusport","article_publisher":"https:\/\/www.facebook.com\/dicodusport","article_published_time":"2018-04-01T07:00:56+00:00","article_modified_time":"2018-04-01T20:52:15+00:00","og_image":[{"width":800,"height":445,"url":"https:\/\/dicodusport.fr\/blog\/wp-content\/uploads\/2018\/04\/Les-Mordus-Jaune-et-Bleu.png","type":"image\/png"}],"author":"Baptiste Corvey-Biron","twitter_card":"summary_large_image","twitter_creator":"@dicodusport","twitter_site":"@dicodusport","schema":{"@context":"https:\/\/schema.org","@graph":[{"@type":"NewsArticle","@id":"https:\/\/dicodusport.fr\/blog\/les-mordus-jaune-bleu-mobilises-avant-quart-finale-contre-racing-92\/#article","isPartOf":{"@id":"https:\/\/dicodusport.fr\/blog\/les-mordus-jaune-bleu-mobilises-avant-quart-finale-contre-racing-92\/"},"author":{"name":"Baptiste Corvey-Biron","@id":"https:\/\/dicodusport.fr\/blog\/#\/schema\/person\/60cd82984d572b0fc3b6948cb900b04f"},"headline":"Les Mordus Jaune et Bleu mobilis\u00e9s avant le quart de finale contre le Racing 92","datePublished":"2018-04-01T07:00:56+00:00","dateModified":"2018-04-01T20:52:15+00:00","mainEntityOfPage":{"@id":"https:\/\/dicodusport.fr\/blog\/les-mordus-jaune-bleu-mobilises-avant-quart-finale-contre-racing-92\/"},"wordCount":584,"commentCount":0,"publisher":{"@id":"https:\/\/dicodusport.fr\/blog\/#organization"},"image":{"@id":"https:\/\/dicodusport.fr\/blog\/les-mordus-jaune-bleu-mobilises-avant-quart-finale-contre-racing-92\/#primaryimage"},"thumbnailUrl":"https:\/\/dicodusport.fr\/blog\/wp-content\/uploads\/2018\/04\/Les-Mordus-Jaune-et-Bleu.png","keywords":["Champions Cup","clermont","Rugby"],"articleSection":["Lumi\u00e8re sur","Portraits","Rugby"],"inLanguage":"fr-FR","potentialAction":[{"@type":"CommentAction","name":"Comment","target":["https:\/\/dicodusport.fr\/blog\/les-mordus-jaune-bleu-mobilises-avant-quart-finale-contre-racing-92\/#respond"]}],"copyrightYear":"2018","copyrightHolder":{"@id":"https:\/\/dicodusport.fr\/blog\/#organization"}},{"@type":"WebPage","@id":"https:\/\/dicodusport.fr\/blog\/les-mordus-jaune-bleu-mobilises-avant-quart-finale-contre-racing-92\/","url":"https:\/\/dicodusport.fr\/blog\/les-mordus-jaune-bleu-mobilises-avant-quart-finale-contre-racing-92\/","name":"Les Mordus Jaune et Bleu mobilis\u00e9s avant le quart de finale contre le Racing 92","isPartOf":{"@id":"https:\/\/dicodusport.fr\/blog\/#website"},"primaryImageOfPage":{"@id":"https:\/\/dicodusport.fr\/blog\/les-mordus-jaune-bleu-mobilises-avant-quart-finale-contre-racing-92\/#primaryimage"},"image":{"@id":"https:\/\/dicodusport.fr\/blog\/les-mordus-jaune-bleu-mobilises-avant-quart-finale-contre-racing-92\/#primaryimage"},"thumbnailUrl":"https:\/\/dicodusport.fr\/blog\/wp-content\/uploads\/2018\/04\/Les-Mordus-Jaune-et-Bleu.png","datePublished":"2018-04-01T07:00:56+00:00","dateModified":"2018-04-01T20:52:15+00:00","description":"Quelques heures avant le quart de finale de Champions Cup entre l'ASM Clermont-Auvergne et le Racing 92, nous avons rencontr\u00e9 Alexis Rabier, fervent supporter de la Yellow Army.","breadcrumb":{"@id":"https:\/\/dicodusport.fr\/blog\/les-mordus-jaune-bleu-mobilises-avant-quart-finale-contre-racing-92\/#breadcrumb"},"inLanguage":"fr-FR","potentialAction":[{"@type":"ReadAction","target":["https:\/\/dicodusport.fr\/blog\/les-mordus-jaune-bleu-mobilises-avant-quart-finale-contre-racing-92\/"]}]},{"@type":"ImageObject","inLanguage":"fr-FR","@id":"https:\/\/dicodusport.fr\/blog\/les-mordus-jaune-bleu-mobilises-avant-quart-finale-contre-racing-92\/#primaryimage","url":"https:\/\/dicodusport.fr\/blog\/wp-content\/uploads\/2018\/04\/Les-Mordus-Jaune-et-Bleu.png","contentUrl":"https:\/\/dicodusport.fr\/blog\/wp-content\/uploads\/2018\/04\/Les-Mordus-Jaune-et-Bleu.png","width":800,"height":445},{"@type":"BreadcrumbList","@id":"https:\/\/dicodusport.fr\/blog\/les-mordus-jaune-bleu-mobilises-avant-quart-finale-contre-racing-92\/#breadcrumb","itemListElement":[{"@type":"ListItem","position":1,"name":"Accueil","item":"https:\/\/dicodusport.fr\/blog\/"},{"@type":"ListItem","position":2,"name":"Les Mordus Jaune et Bleu mobilis\u00e9s avant le quart de finale contre le Racing 92"}]},{"@type":"WebSite","@id":"https:\/\/dicodusport.fr\/blog\/#website","url":"https:\/\/dicodusport.fr\/blog\/","name":"Dicodusport","description":"L&#039;encyclop\u00e9die de l&#039;actualit\u00e9 sportive","publisher":{"@id":"https:\/\/dicodusport.fr\/blog\/#organization"},"potentialAction":[{"@type":"SearchAction","target":{"@type":"EntryPoint","urlTemplate":"https:\/\/dicodusport.fr\/blog\/?s={search_term_string}"},"query-input":{"@type":"PropertyValueSpecification","valueRequired":true,"valueName":"search_term_string"}}],"inLanguage":"fr-FR"},{"@type":"NewsMediaOrganization","@id":"https:\/\/dicodusport.fr\/blog\/#organization","name":"Dicodusport","url":"https:\/\/dicodusport.fr\/blog\/","logo":{"@type":"ImageObject","inLanguage":"fr-FR","@id":"https:\/\/dicodusport.fr\/blog\/#\/schema\/logo\/image\/","url":"https:\/\/dicodusport.fr\/blog\/wp-content\/uploads\/2020\/06\/cropped-LOGO-DICODUSPORT-2020-SANS-FOND-SANS-TEXTE.png","contentUrl":"https:\/\/dicodusport.fr\/blog\/wp-content\/uploads\/2020\/06\/cropped-LOGO-DICODUSPORT-2020-SANS-FOND-SANS-TEXTE.png","width":512,"height":512,"caption":"Dicodusport"},"image":{"@id":"https:\/\/dicodusport.fr\/blog\/#\/schema\/logo\/image\/"},"sameAs":["https:\/\/www.facebook.com\/dicodusport","https:\/\/x.com\/dicodusport","https:\/\/www.instagram.com\/dicodusport\/","https:\/\/www.youtube.com\/channel\/UC7V2KZ5sd3htJivAbA4ZG3w"],"description":"Dicodusport est l'encyclop\u00e9die de l'actualit\u00e9 sportive.","email":"bonjour@dicodusport.fr","legalName":"DICODUSPORT","foundingDate":"2018-01-14","vatID":"FR71834470973","taxID":"83447097300043","numberOfEmployees":{"@type":"QuantitativeValue","minValue":"1","maxValue":"10"}},{"@type":"Person","@id":"https:\/\/dicodusport.fr\/blog\/#\/schema\/person\/60cd82984d572b0fc3b6948cb900b04f","name":"Baptiste Corvey-Biron","image":{"@type":"ImageObject","inLanguage":"fr-FR","@id":"https:\/\/dicodusport.fr\/blog\/#\/schema\/person\/image\/","url":"https:\/\/dicodusport.fr\/blog\/wp-content\/uploads\/2017\/01\/cropped-logo-dicodusport-sans-fond-150x150.png","contentUrl":"https:\/\/dicodusport.fr\/blog\/wp-content\/uploads\/2017\/01\/cropped-logo-dicodusport-sans-fond-150x150.png","caption":"Baptiste Corvey-Biron"},"url":"https:\/\/dicodusport.fr\/blog\/author\/baptiste\/"}]}},"_links":{"self":[{"href":"https:\/\/dicodusport.fr\/blog\/wp-json\/wp\/v2\/posts\/15522","targetHints":{"allow":["GET"]}}],"collection":[{"href":"https:\/\/dicodusport.fr\/blog\/wp-json\/wp\/v2\/posts"}],"about":[{"href":"https:\/\/dicodusport.fr\/blog\/wp-json\/wp\/v2\/types\/post"}],"author":[{"embeddable":true,"href":"https:\/\/dicodusport.fr\/blog\/wp-json\/wp\/v2\/users\/31"}],"replies":[{"embeddable":true,"href":"https:\/\/dicodusport.fr\/blog\/wp-json\/wp\/v2\/comments?post=15522"}],"version-history":[{"count":0,"href":"https:\/\/dicodusport.fr\/blog\/wp-json\/wp\/v2\/posts\/15522\/revisions"}],"wp:featuredmedia":[{"embeddable":true,"href":"https:\/\/dicodusport.fr\/blog\/wp-json\/wp\/v2\/media\/15534"}],"wp:attachment":[{"href":"https:\/\/dicodusport.fr\/blog\/wp-json\/wp\/v2\/media?parent=15522"}],"wp:term":[{"taxonomy":"category","embeddable":true,"href":"https:\/\/dicodusport.fr\/blog\/wp-json\/wp\/v2\/categories?post=15522"},{"taxonomy":"post_tag","embeddable":true,"href":"https:\/\/dicodusport.fr\/blog\/wp-json\/wp\/v2\/tags?post=15522"}],"curies":[{"name":"wp","href":"https:\/\/api.w.org\/{rel}","templated":true}]}}