{"id":15561,"date":"2018-04-01T17:07:53","date_gmt":"2018-04-01T15:07:53","guid":{"rendered":"http:\/\/dicodusport.fr\/blog\/?p=15561"},"modified":"2018-04-01T23:10:40","modified_gmt":"2018-04-01T21:10:40","slug":"tour-des-flandres-terpstra-en-costaud","status":"publish","type":"post","link":"https:\/\/dicodusport.fr\/blog\/tour-des-flandres-terpstra-en-costaud\/","title":{"rendered":"Tour des Flandres : Terpstra en costaud"},"content":{"rendered":"<p style=\"text-align: justify;\"><em><strong>Au terme d&rsquo;une course durant laquelle les favoris se sont longtemps marqu\u00e9s, c&rsquo;est\u00a0Niki Terpstra qui remporte en solitaire ce Tour des Flandres 2018.<\/strong><\/em><\/p>\n<h4 style=\"text-align: justify;\">Une premi\u00e8re partie de course assez calme<\/h4>\n<p style=\"text-align: justify;\">C&rsquo;est lors de la deuxi\u00e8me heure de course que les choses se sont un peu (un peu) d\u00e9cant\u00e9es. Onze coureurs prennent la poudre d&rsquo;escampette, dont le Fran\u00e7ais Jimmy Turgis de l&rsquo;\u00e9quipe Cofidis. Derri\u00e8re, le peloton est alors men\u00e9 par les Quick-Step de Philippe Gilbert et les Bora-Hansgrohe du triple champion du monde, Peter Sagan. Premier outsider \u00e0 baisser pavillon, le Tricolore Christophe Laporte, 4\u00e8me de Gand-Wevelgem dimanche dernier ; le leader de la Cofidis, malade depuis quelques jours, mettait pied \u00e0 terre \u00e0 moins de 150km de l&rsquo;arriv\u00e9e.<\/p>\n<h4 style=\"text-align: justify;\">Oliver Naesen \u00e0 terre<\/h4>\n<p style=\"text-align: justify;\">Premier fait de course majeur, une chute collective \u00e0 100km de l&rsquo;arriv\u00e9e. A l&rsquo;approche du mythique Mur de Grammont, le premier gros morceau de la journ\u00e9e, le champion de Belgique Oliver Naesen chutait en compagnie d&rsquo;une quinzaine de coureurs, dont plusieurs de ses co\u00e9quipiers de l&rsquo;\u00e9quipe AG2R. Sixi\u00e8me de Gand-Wevelgem le week-end dernier, le natif d&rsquo;Ostende, d\u00e9j\u00e0 \u00e0 terre cette semaine sur A travers la Flandre, parvenait malgr\u00e9 tout \u00e0 rentrer dans le peloton par la suite. Grammont, v\u00e9ritable juge de paix il y a encore quelques ann\u00e9es, \u00e9tait alors l&rsquo;occasion pour les cadors de se montrer une premi\u00e8re fois. Au final, si le peloton explosait en plusieurs morceaux, aucun favori n&rsquo;\u00e9tait pi\u00e9g\u00e9. Et tout rentrait dans l&rsquo;ordre \u00e0 75km du terme.<\/p>\n<h4 style=\"text-align: justify;\">Trois hommes en t\u00eate<\/h4>\n<p style=\"text-align: justify;\">Dylan Van Baarle (Sky) et Sebastian Langeveld (EF Education First-Drapac) sont sortis en compagnie du Danois Mads Pedersen avant le Koppenberg, en r\u00e9ussissant \u00e0 faire la jonction avec les \u00e9chapp\u00e9s avant de les distancer.\u00a0Derri\u00e8re, Terpstra a acc\u00e9l\u00e9r\u00e9 en haut du Koppenberg mais sans pouvoir r\u00e9ussir \u00e0 faire de diff\u00e9rence, tous les favoris sont encore l\u00e0. C&rsquo;est ensuite Daniel Oss qui fait le plus gros du travail dans le groupe des cadors \u00e0 la demande de son leader, Peter Sagan. A 28km de l&rsquo;arriv\u00e9e, Vincenzo Nibali attaque et\u00a0Terpstra prend sa roue avant de d\u00e9poser l&rsquo;Italien, trop juste dans ce final.<\/p>\n<h4 style=\"text-align: justify;\">Terpstra, quel num\u00e9ro<\/h4>\n<p style=\"text-align: justify;\">A l&rsquo;approche du\u00a0Vieux Quaremont, les trois hommes de t\u00eate, qui ne faiblissent pas, poss\u00e8dent 15 secondes d&rsquo;avance sur Terpstra et 45 sur les favoris. Dans cette troisi\u00e8me ascension du Vieux Quaremont,\u00a0Terpstra r\u00e9alise un num\u00e9ro \u00e9norme pour revenir sur les trois \u00e9chapp\u00e9s et les d\u00e9poser sans m\u00eame les regarder. Derri\u00e8re, c&rsquo;est Benoot, vainqueur des Strade Bianche, qui m\u00e8ne le groupe des favoris qui s&rsquo;est r\u00e9duit \u00e0 quelques unit\u00e9s. Dans le Paterberg, Peter Sagan acc\u00e9l\u00e8re et distance les autres favoris mais cela semble trop tard pour revenir sur le N\u00e9erlandais. Le triple champion du monde en titre, apr\u00e8s quelques kilom\u00e8tres seul en chasse, se rel\u00e8ve,\u00a0Terpstra est trop fort et plus personne ne le reverra jusqu&rsquo;\u00e0 l&rsquo;arriv\u00e9e. Laur\u00e9at du Grand Prix E3 et du Samyn cette saison, le Hollandais s&rsquo;adjuge son deuxi\u00e8me monument apr\u00e8s Paris-Roubaix en 2014. Le Danois Mads Pedersen et Philippe Gilbert, vainqueur du Ronde l&rsquo;an pass\u00e9, compl\u00e8tent le podium.<\/p>\n<p style=\"text-align: justify;\"><em><strong>Flo Ostermann<\/strong><\/em><em><br \/>\n<\/em><a href=\"https:\/\/www.facebook.com\/florent.ostermann\"><img loading=\"lazy\" decoding=\"async\" class=\"alignnone wp-image-2909\" src=\"http:\/\/dicodusport.fr\/blog\/wp-content\/uploads\/2017\/07\/logo-facebook-150x150.png\" sizes=\"auto, (max-width: 40px) 100vw, 40px\" srcset=\"https:\/\/dicodusport.fr\/blog\/wp-content\/uploads\/2017\/07\/logo-facebook-150x150.png 150w, https:\/\/dicodusport.fr\/blog\/wp-content\/uploads\/2017\/07\/logo-facebook-300x300.png 300w, https:\/\/dicodusport.fr\/blog\/wp-content\/uploads\/2017\/07\/logo-facebook.png 400w\" alt=\"\" width=\"40\" height=\"40\" \/><\/a><a href=\"https:\/\/twitter.com\/SportInsideMag\"><img loading=\"lazy\" decoding=\"async\" class=\"alignnone wp-image-2908\" src=\"http:\/\/dicodusport.fr\/blog\/wp-content\/uploads\/2017\/07\/logo-twitter-150x150.png\" alt=\"\" width=\"39\" height=\"39\" \/><\/a><\/p>\n","protected":false},"excerpt":{"rendered":"<p>Au terme d&rsquo;une course dans laquelle les favoris se sont longtemps marqu\u00e9s, c&rsquo;est\u00a0Niki Terpstra qui remporte en solitaire ce Tour des Flandres 2018.<\/p>\n","protected":false},"author":4,"featured_media":15571,"comment_status":"open","ping_status":"closed","sticky":false,"template":"","format":"standard","meta":{"_acf_changed":false,"_daextam_enable_autolinks":"","footnotes":""},"categories":[2,2307],"tags":[574,4374,4372,4373,4325],"class_list":["post-15561","post","type-post","status-publish","format-standard","has-post-thumbnail","hentry","category-actualites","category-cyclisme","tag-cyclisme","tag-flandriennes","tag-niki-terpstra","tag-sagan","tag-tour-des-flandres"],"acf":[],"yoast_head":"<!-- This site is optimized with the Yoast SEO Premium plugin v26.7 (Yoast SEO v26.7) - https:\/\/yoast.com\/wordpress\/plugins\/seo\/ -->\n<title>Tour des Flandres : Terpstra en costaud<\/title>\n<meta name=\"description\" content=\"Au terme d&#039;une course dans laquelle les favoris se sont longtemps marqu\u00e9s, c&#039;est\u00a0Niki Terpstra qui remporte en solitaire ce Tour des Flandres 2018.\" \/>\n<meta name=\"robots\" content=\"index, follow, max-snippet:-1, max-image-preview:large, max-video-preview:-1\" \/>\n<link rel=\"canonical\" href=\"https:\/\/dicodusport.fr\/blog\/tour-des-flandres-terpstra-en-costaud\/\" \/>\n<meta property=\"og:locale\" content=\"fr_FR\" \/>\n<meta property=\"og:type\" content=\"article\" \/>\n<meta property=\"og:title\" content=\"Tour des Flandres : Terpstra en costaud\" \/>\n<meta property=\"og:description\" content=\"Au terme d&#039;une course dans laquelle les favoris se sont longtemps marqu\u00e9s, c&#039;est\u00a0Niki Terpstra qui remporte en solitaire ce Tour des Flandres 2018.\" \/>\n<meta property=\"og:url\" content=\"https:\/\/dicodusport.fr\/blog\/tour-des-flandres-terpstra-en-costaud\/\" \/>\n<meta property=\"og:site_name\" content=\"Dicodusport\" \/>\n<meta property=\"article:publisher\" content=\"https:\/\/www.facebook.com\/dicodusport\" \/>\n<meta property=\"article:author\" content=\"https:\/\/www.facebook.com\/florent.ostermann\" \/>\n<meta property=\"article:published_time\" content=\"2018-04-01T15:07:53+00:00\" \/>\n<meta property=\"article:modified_time\" content=\"2018-04-01T21:10:40+00:00\" \/>\n<meta property=\"og:image\" content=\"https:\/\/dicodusport.fr\/blog\/wp-content\/uploads\/2018\/04\/Niki-Terpstra-Tour-des-Flandres-2018.png\" \/>\n\t<meta property=\"og:image:width\" content=\"800\" \/>\n\t<meta property=\"og:image:height\" content=\"445\" \/>\n\t<meta property=\"og:image:type\" content=\"image\/png\" \/>\n<meta name=\"author\" content=\"Flo Ostermann\" \/>\n<meta name=\"twitter:card\" content=\"summary_large_image\" \/>\n<meta name=\"twitter:creator\" content=\"@https:\/\/twitter.com\/FlOstermann\" \/>\n<meta name=\"twitter:site\" content=\"@dicodusport\" \/>\n<script type=\"application\/ld+json\" class=\"yoast-schema-graph\">{\"@context\":\"https:\/\/schema.org\",\"@graph\":[{\"@type\":\"NewsArticle\",\"@id\":\"https:\/\/dicodusport.fr\/blog\/tour-des-flandres-terpstra-en-costaud\/#article\",\"isPartOf\":{\"@id\":\"https:\/\/dicodusport.fr\/blog\/tour-des-flandres-terpstra-en-costaud\/\"},\"author\":{\"name\":\"Flo Ostermann\",\"@id\":\"https:\/\/dicodusport.fr\/blog\/#\/schema\/person\/cb02af4c173ce4a653b55e9baf388d4a\"},\"headline\":\"Tour des Flandres : Terpstra en costaud\",\"datePublished\":\"2018-04-01T15:07:53+00:00\",\"dateModified\":\"2018-04-01T21:10:40+00:00\",\"mainEntityOfPage\":{\"@id\":\"https:\/\/dicodusport.fr\/blog\/tour-des-flandres-terpstra-en-costaud\/\"},\"wordCount\":572,\"commentCount\":0,\"publisher\":{\"@id\":\"https:\/\/dicodusport.fr\/blog\/#organization\"},\"image\":{\"@id\":\"https:\/\/dicodusport.fr\/blog\/tour-des-flandres-terpstra-en-costaud\/#primaryimage\"},\"thumbnailUrl\":\"https:\/\/dicodusport.fr\/blog\/wp-content\/uploads\/2018\/04\/Niki-Terpstra-Tour-des-Flandres-2018.png\",\"keywords\":[\"Cyclisme\",\"Flandriennes\",\"Niki Terpstra\",\"Sagan\",\"Tour des Flandres\"],\"articleSection\":[\"Actualit\u00e9s\",\"Cyclisme\"],\"inLanguage\":\"fr-FR\",\"potentialAction\":[{\"@type\":\"CommentAction\",\"name\":\"Comment\",\"target\":[\"https:\/\/dicodusport.fr\/blog\/tour-des-flandres-terpstra-en-costaud\/#respond\"]}],\"copyrightYear\":\"2018\",\"copyrightHolder\":{\"@id\":\"https:\/\/dicodusport.fr\/blog\/#organization\"}},{\"@type\":\"WebPage\",\"@id\":\"https:\/\/dicodusport.fr\/blog\/tour-des-flandres-terpstra-en-costaud\/\",\"url\":\"https:\/\/dicodusport.fr\/blog\/tour-des-flandres-terpstra-en-costaud\/\",\"name\":\"Tour des Flandres : Terpstra en costaud\",\"isPartOf\":{\"@id\":\"https:\/\/dicodusport.fr\/blog\/#website\"},\"primaryImageOfPage\":{\"@id\":\"https:\/\/dicodusport.fr\/blog\/tour-des-flandres-terpstra-en-costaud\/#primaryimage\"},\"image\":{\"@id\":\"https:\/\/dicodusport.fr\/blog\/tour-des-flandres-terpstra-en-costaud\/#primaryimage\"},\"thumbnailUrl\":\"https:\/\/dicodusport.fr\/blog\/wp-content\/uploads\/2018\/04\/Niki-Terpstra-Tour-des-Flandres-2018.png\",\"datePublished\":\"2018-04-01T15:07:53+00:00\",\"dateModified\":\"2018-04-01T21:10:40+00:00\",\"description\":\"Au terme d'une course dans laquelle les favoris se sont longtemps marqu\u00e9s, c'est\u00a0Niki Terpstra qui remporte en solitaire ce Tour des Flandres 2018.\",\"breadcrumb\":{\"@id\":\"https:\/\/dicodusport.fr\/blog\/tour-des-flandres-terpstra-en-costaud\/#breadcrumb\"},\"inLanguage\":\"fr-FR\",\"potentialAction\":[{\"@type\":\"ReadAction\",\"target\":[\"https:\/\/dicodusport.fr\/blog\/tour-des-flandres-terpstra-en-costaud\/\"]}]},{\"@type\":\"ImageObject\",\"inLanguage\":\"fr-FR\",\"@id\":\"https:\/\/dicodusport.fr\/blog\/tour-des-flandres-terpstra-en-costaud\/#primaryimage\",\"url\":\"https:\/\/dicodusport.fr\/blog\/wp-content\/uploads\/2018\/04\/Niki-Terpstra-Tour-des-Flandres-2018.png\",\"contentUrl\":\"https:\/\/dicodusport.fr\/blog\/wp-content\/uploads\/2018\/04\/Niki-Terpstra-Tour-des-Flandres-2018.png\",\"width\":800,\"height\":445,\"caption\":\"Niki Terpstra Tour des Flandres 2018\"},{\"@type\":\"BreadcrumbList\",\"@id\":\"https:\/\/dicodusport.fr\/blog\/tour-des-flandres-terpstra-en-costaud\/#breadcrumb\",\"itemListElement\":[{\"@type\":\"ListItem\",\"position\":1,\"name\":\"Accueil\",\"item\":\"https:\/\/dicodusport.fr\/blog\/\"},{\"@type\":\"ListItem\",\"position\":2,\"name\":\"Tour des Flandres : Terpstra en costaud\"}]},{\"@type\":\"WebSite\",\"@id\":\"https:\/\/dicodusport.fr\/blog\/#website\",\"url\":\"https:\/\/dicodusport.fr\/blog\/\",\"name\":\"Dicodusport\",\"description\":\"L&#039;encyclop\u00e9die de l&#039;actualit\u00e9 sportive\",\"publisher\":{\"@id\":\"https:\/\/dicodusport.fr\/blog\/#organization\"},\"potentialAction\":[{\"@type\":\"SearchAction\",\"target\":{\"@type\":\"EntryPoint\",\"urlTemplate\":\"https:\/\/dicodusport.fr\/blog\/?s={search_term_string}\"},\"query-input\":{\"@type\":\"PropertyValueSpecification\",\"valueRequired\":true,\"valueName\":\"search_term_string\"}}],\"inLanguage\":\"fr-FR\"},{\"@type\":\"NewsMediaOrganization\",\"@id\":\"https:\/\/dicodusport.fr\/blog\/#organization\",\"name\":\"Dicodusport\",\"url\":\"https:\/\/dicodusport.fr\/blog\/\",\"logo\":{\"@type\":\"ImageObject\",\"inLanguage\":\"fr-FR\",\"@id\":\"https:\/\/dicodusport.fr\/blog\/#\/schema\/logo\/image\/\",\"url\":\"https:\/\/dicodusport.fr\/blog\/wp-content\/uploads\/2020\/06\/cropped-LOGO-DICODUSPORT-2020-SANS-FOND-SANS-TEXTE.png\",\"contentUrl\":\"https:\/\/dicodusport.fr\/blog\/wp-content\/uploads\/2020\/06\/cropped-LOGO-DICODUSPORT-2020-SANS-FOND-SANS-TEXTE.png\",\"width\":512,\"height\":512,\"caption\":\"Dicodusport\"},\"image\":{\"@id\":\"https:\/\/dicodusport.fr\/blog\/#\/schema\/logo\/image\/\"},\"sameAs\":[\"https:\/\/www.facebook.com\/dicodusport\",\"https:\/\/x.com\/dicodusport\",\"https:\/\/www.instagram.com\/dicodusport\/\",\"https:\/\/www.youtube.com\/channel\/UC7V2KZ5sd3htJivAbA4ZG3w\"],\"description\":\"Dicodusport est l'encyclop\u00e9die de l'actualit\u00e9 sportive.\",\"email\":\"bonjour@dicodusport.fr\",\"legalName\":\"DICODUSPORT\",\"foundingDate\":\"2018-01-14\",\"vatID\":\"FR71834470973\",\"taxID\":\"83447097300043\",\"numberOfEmployees\":{\"@type\":\"QuantitativeValue\",\"minValue\":\"1\",\"maxValue\":\"10\"}},{\"@type\":\"Person\",\"@id\":\"https:\/\/dicodusport.fr\/blog\/#\/schema\/person\/cb02af4c173ce4a653b55e9baf388d4a\",\"name\":\"Flo Ostermann\",\"image\":{\"@type\":\"ImageObject\",\"inLanguage\":\"fr-FR\",\"@id\":\"https:\/\/dicodusport.fr\/blog\/#\/schema\/person\/image\/\",\"url\":\"https:\/\/dicodusport.fr\/blog\/wp-content\/uploads\/2021\/05\/Flo-Ostermann-150x150.jpg\",\"contentUrl\":\"https:\/\/dicodusport.fr\/blog\/wp-content\/uploads\/2021\/05\/Flo-Ostermann-150x150.jpg\",\"caption\":\"Flo Ostermann\"},\"description\":\"Journaliste\/R\u00e9dacteur depuis septembre 2015 - Mes premiers souvenirs dans le sport ? Les envol\u00e9es du Stade Toulousain et les duels Villeneuve-Schumacher et H\u00e4kkinen-Schumacher \u00e0 la fin des ann\u00e9es 90, la Coupe du monde de football en 1998, l\u2019exploit du XV de France face aux All Blacks en 1999, mais aussi Richard C\u0153ur de Lion qui vole sur les montagnes du Tour de France. Bien parti pour devenir professeur d\u2019EPS, les \u00e9v\u00e9nements de la vie (et la flemme d\u2019animer des s\u00e9ances de 3x500 m\u00e8tres toute ma vie) m\u2019ont conduit \u00e0 revoir mes plans. Me voil\u00e0 depuis fin 2017 sur Dicodusport, m\u00e9dia gr\u00e2ce (et pour) lequel je partage ma passion : le sport dans tous ses \u00e9tats. Le tout accompagn\u00e9 par les fous furieux et folles furieuses cit\u00e9s sur cette page !\",\"sameAs\":[\"https:\/\/www.facebook.com\/florent.ostermann\",\"https:\/\/x.com\/https:\/\/twitter.com\/FlOstermann\",\"admin\"],\"url\":\"https:\/\/dicodusport.fr\/blog\/author\/flo\/\"}]}<\/script>\n<!-- \/ Yoast SEO Premium plugin. -->","yoast_head_json":{"title":"Tour des Flandres : Terpstra en costaud","description":"Au terme d'une course dans laquelle les favoris se sont longtemps marqu\u00e9s, c'est\u00a0Niki Terpstra qui remporte en solitaire ce Tour des Flandres 2018.","robots":{"index":"index","follow":"follow","max-snippet":"max-snippet:-1","max-image-preview":"max-image-preview:large","max-video-preview":"max-video-preview:-1"},"canonical":"https:\/\/dicodusport.fr\/blog\/tour-des-flandres-terpstra-en-costaud\/","og_locale":"fr_FR","og_type":"article","og_title":"Tour des Flandres : Terpstra en costaud","og_description":"Au terme d'une course dans laquelle les favoris se sont longtemps marqu\u00e9s, c'est\u00a0Niki Terpstra qui remporte en solitaire ce Tour des Flandres 2018.","og_url":"https:\/\/dicodusport.fr\/blog\/tour-des-flandres-terpstra-en-costaud\/","og_site_name":"Dicodusport","article_publisher":"https:\/\/www.facebook.com\/dicodusport","article_author":"https:\/\/www.facebook.com\/florent.ostermann","article_published_time":"2018-04-01T15:07:53+00:00","article_modified_time":"2018-04-01T21:10:40+00:00","og_image":[{"width":800,"height":445,"url":"https:\/\/dicodusport.fr\/blog\/wp-content\/uploads\/2018\/04\/Niki-Terpstra-Tour-des-Flandres-2018.png","type":"image\/png"}],"author":"Flo Ostermann","twitter_card":"summary_large_image","twitter_creator":"@https:\/\/twitter.com\/FlOstermann","twitter_site":"@dicodusport","schema":{"@context":"https:\/\/schema.org","@graph":[{"@type":"NewsArticle","@id":"https:\/\/dicodusport.fr\/blog\/tour-des-flandres-terpstra-en-costaud\/#article","isPartOf":{"@id":"https:\/\/dicodusport.fr\/blog\/tour-des-flandres-terpstra-en-costaud\/"},"author":{"name":"Flo Ostermann","@id":"https:\/\/dicodusport.fr\/blog\/#\/schema\/person\/cb02af4c173ce4a653b55e9baf388d4a"},"headline":"Tour des Flandres : Terpstra en costaud","datePublished":"2018-04-01T15:07:53+00:00","dateModified":"2018-04-01T21:10:40+00:00","mainEntityOfPage":{"@id":"https:\/\/dicodusport.fr\/blog\/tour-des-flandres-terpstra-en-costaud\/"},"wordCount":572,"commentCount":0,"publisher":{"@id":"https:\/\/dicodusport.fr\/blog\/#organization"},"image":{"@id":"https:\/\/dicodusport.fr\/blog\/tour-des-flandres-terpstra-en-costaud\/#primaryimage"},"thumbnailUrl":"https:\/\/dicodusport.fr\/blog\/wp-content\/uploads\/2018\/04\/Niki-Terpstra-Tour-des-Flandres-2018.png","keywords":["Cyclisme","Flandriennes","Niki Terpstra","Sagan","Tour des Flandres"],"articleSection":["Actualit\u00e9s","Cyclisme"],"inLanguage":"fr-FR","potentialAction":[{"@type":"CommentAction","name":"Comment","target":["https:\/\/dicodusport.fr\/blog\/tour-des-flandres-terpstra-en-costaud\/#respond"]}],"copyrightYear":"2018","copyrightHolder":{"@id":"https:\/\/dicodusport.fr\/blog\/#organization"}},{"@type":"WebPage","@id":"https:\/\/dicodusport.fr\/blog\/tour-des-flandres-terpstra-en-costaud\/","url":"https:\/\/dicodusport.fr\/blog\/tour-des-flandres-terpstra-en-costaud\/","name":"Tour des Flandres : Terpstra en costaud","isPartOf":{"@id":"https:\/\/dicodusport.fr\/blog\/#website"},"primaryImageOfPage":{"@id":"https:\/\/dicodusport.fr\/blog\/tour-des-flandres-terpstra-en-costaud\/#primaryimage"},"image":{"@id":"https:\/\/dicodusport.fr\/blog\/tour-des-flandres-terpstra-en-costaud\/#primaryimage"},"thumbnailUrl":"https:\/\/dicodusport.fr\/blog\/wp-content\/uploads\/2018\/04\/Niki-Terpstra-Tour-des-Flandres-2018.png","datePublished":"2018-04-01T15:07:53+00:00","dateModified":"2018-04-01T21:10:40+00:00","description":"Au terme d'une course dans laquelle les favoris se sont longtemps marqu\u00e9s, c'est\u00a0Niki Terpstra qui remporte en solitaire ce Tour des Flandres 2018.","breadcrumb":{"@id":"https:\/\/dicodusport.fr\/blog\/tour-des-flandres-terpstra-en-costaud\/#breadcrumb"},"inLanguage":"fr-FR","potentialAction":[{"@type":"ReadAction","target":["https:\/\/dicodusport.fr\/blog\/tour-des-flandres-terpstra-en-costaud\/"]}]},{"@type":"ImageObject","inLanguage":"fr-FR","@id":"https:\/\/dicodusport.fr\/blog\/tour-des-flandres-terpstra-en-costaud\/#primaryimage","url":"https:\/\/dicodusport.fr\/blog\/wp-content\/uploads\/2018\/04\/Niki-Terpstra-Tour-des-Flandres-2018.png","contentUrl":"https:\/\/dicodusport.fr\/blog\/wp-content\/uploads\/2018\/04\/Niki-Terpstra-Tour-des-Flandres-2018.png","width":800,"height":445,"caption":"Niki Terpstra Tour des Flandres 2018"},{"@type":"BreadcrumbList","@id":"https:\/\/dicodusport.fr\/blog\/tour-des-flandres-terpstra-en-costaud\/#breadcrumb","itemListElement":[{"@type":"ListItem","position":1,"name":"Accueil","item":"https:\/\/dicodusport.fr\/blog\/"},{"@type":"ListItem","position":2,"name":"Tour des Flandres : Terpstra en costaud"}]},{"@type":"WebSite","@id":"https:\/\/dicodusport.fr\/blog\/#website","url":"https:\/\/dicodusport.fr\/blog\/","name":"Dicodusport","description":"L&#039;encyclop\u00e9die de l&#039;actualit\u00e9 sportive","publisher":{"@id":"https:\/\/dicodusport.fr\/blog\/#organization"},"potentialAction":[{"@type":"SearchAction","target":{"@type":"EntryPoint","urlTemplate":"https:\/\/dicodusport.fr\/blog\/?s={search_term_string}"},"query-input":{"@type":"PropertyValueSpecification","valueRequired":true,"valueName":"search_term_string"}}],"inLanguage":"fr-FR"},{"@type":"NewsMediaOrganization","@id":"https:\/\/dicodusport.fr\/blog\/#organization","name":"Dicodusport","url":"https:\/\/dicodusport.fr\/blog\/","logo":{"@type":"ImageObject","inLanguage":"fr-FR","@id":"https:\/\/dicodusport.fr\/blog\/#\/schema\/logo\/image\/","url":"https:\/\/dicodusport.fr\/blog\/wp-content\/uploads\/2020\/06\/cropped-LOGO-DICODUSPORT-2020-SANS-FOND-SANS-TEXTE.png","contentUrl":"https:\/\/dicodusport.fr\/blog\/wp-content\/uploads\/2020\/06\/cropped-LOGO-DICODUSPORT-2020-SANS-FOND-SANS-TEXTE.png","width":512,"height":512,"caption":"Dicodusport"},"image":{"@id":"https:\/\/dicodusport.fr\/blog\/#\/schema\/logo\/image\/"},"sameAs":["https:\/\/www.facebook.com\/dicodusport","https:\/\/x.com\/dicodusport","https:\/\/www.instagram.com\/dicodusport\/","https:\/\/www.youtube.com\/channel\/UC7V2KZ5sd3htJivAbA4ZG3w"],"description":"Dicodusport est l'encyclop\u00e9die de l'actualit\u00e9 sportive.","email":"bonjour@dicodusport.fr","legalName":"DICODUSPORT","foundingDate":"2018-01-14","vatID":"FR71834470973","taxID":"83447097300043","numberOfEmployees":{"@type":"QuantitativeValue","minValue":"1","maxValue":"10"}},{"@type":"Person","@id":"https:\/\/dicodusport.fr\/blog\/#\/schema\/person\/cb02af4c173ce4a653b55e9baf388d4a","name":"Flo Ostermann","image":{"@type":"ImageObject","inLanguage":"fr-FR","@id":"https:\/\/dicodusport.fr\/blog\/#\/schema\/person\/image\/","url":"https:\/\/dicodusport.fr\/blog\/wp-content\/uploads\/2021\/05\/Flo-Ostermann-150x150.jpg","contentUrl":"https:\/\/dicodusport.fr\/blog\/wp-content\/uploads\/2021\/05\/Flo-Ostermann-150x150.jpg","caption":"Flo Ostermann"},"description":"Journaliste\/R\u00e9dacteur depuis septembre 2015 - Mes premiers souvenirs dans le sport ? Les envol\u00e9es du Stade Toulousain et les duels Villeneuve-Schumacher et H\u00e4kkinen-Schumacher \u00e0 la fin des ann\u00e9es 90, la Coupe du monde de football en 1998, l\u2019exploit du XV de France face aux All Blacks en 1999, mais aussi Richard C\u0153ur de Lion qui vole sur les montagnes du Tour de France. Bien parti pour devenir professeur d\u2019EPS, les \u00e9v\u00e9nements de la vie (et la flemme d\u2019animer des s\u00e9ances de 3x500 m\u00e8tres toute ma vie) m\u2019ont conduit \u00e0 revoir mes plans. Me voil\u00e0 depuis fin 2017 sur Dicodusport, m\u00e9dia gr\u00e2ce (et pour) lequel je partage ma passion : le sport dans tous ses \u00e9tats. Le tout accompagn\u00e9 par les fous furieux et folles furieuses cit\u00e9s sur cette page !","sameAs":["https:\/\/www.facebook.com\/florent.ostermann","https:\/\/x.com\/https:\/\/twitter.com\/FlOstermann","admin"],"url":"https:\/\/dicodusport.fr\/blog\/author\/flo\/"}]}},"_links":{"self":[{"href":"https:\/\/dicodusport.fr\/blog\/wp-json\/wp\/v2\/posts\/15561","targetHints":{"allow":["GET"]}}],"collection":[{"href":"https:\/\/dicodusport.fr\/blog\/wp-json\/wp\/v2\/posts"}],"about":[{"href":"https:\/\/dicodusport.fr\/blog\/wp-json\/wp\/v2\/types\/post"}],"author":[{"embeddable":true,"href":"https:\/\/dicodusport.fr\/blog\/wp-json\/wp\/v2\/users\/4"}],"replies":[{"embeddable":true,"href":"https:\/\/dicodusport.fr\/blog\/wp-json\/wp\/v2\/comments?post=15561"}],"version-history":[{"count":0,"href":"https:\/\/dicodusport.fr\/blog\/wp-json\/wp\/v2\/posts\/15561\/revisions"}],"wp:featuredmedia":[{"embeddable":true,"href":"https:\/\/dicodusport.fr\/blog\/wp-json\/wp\/v2\/media\/15571"}],"wp:attachment":[{"href":"https:\/\/dicodusport.fr\/blog\/wp-json\/wp\/v2\/media?parent=15561"}],"wp:term":[{"taxonomy":"category","embeddable":true,"href":"https:\/\/dicodusport.fr\/blog\/wp-json\/wp\/v2\/categories?post=15561"},{"taxonomy":"post_tag","embeddable":true,"href":"https:\/\/dicodusport.fr\/blog\/wp-json\/wp\/v2\/tags?post=15561"}],"curies":[{"name":"wp","href":"https:\/\/api.w.org\/{rel}","templated":true}]}}