{"id":155881,"date":"2021-08-05T16:41:34","date_gmt":"2021-08-05T14:41:34","guid":{"rendered":"https:\/\/dicodusport.fr\/blog\/?p=155881&#038;preview=true&#038;preview_id=155881"},"modified":"2021-08-05T16:51:51","modified_gmt":"2021-08-05T14:51:51","slug":"jo-tokyo-2020-basket-ball-les-notes-des-bleus-face-a-la-slovenie","status":"publish","type":"post","link":"https:\/\/dicodusport.fr\/blog\/jo-tokyo-2020-basket-ball-les-notes-des-bleus-face-a-la-slovenie\/","title":{"rendered":"JO Tokyo 2020 &#8211; Basket-Ball : les notes des Bleus face \u00e0 la Slov\u00e9nie"},"content":{"rendered":"<p style=\"text-align: justify;\"><strong><em>JO TOKYO 2020 &#8211; BASKET-BALL &#8211; <\/em><\/strong><strong><em><a href=\"https:\/\/dicodusport.fr\/blog\/jo-tokyo-2020-basket-les-bleus-defieront-les-etats-unis-en-finale\/\">L\u2019\u00e9quipe de France a battu la Slov\u00e9nie 90-89<\/a>. Voici les notes des Bleus sur cette demi-finale des JO de Tokyo.<\/em><\/strong><\/p>\n<p style=\"text-align: justify;\"><strong>Nicolas Batum (6,5)<\/strong> : Un match assez d\u00e9cevant mais un money-time incroyable pour Batum. Avec son contre lebronesque au buzzer, \u00ab\u00a0<em>Nico a fait du Batman<\/em>\u00a0\u00bb comme l&rsquo;a dit Evan Fournier. Pourtant, l&rsquo;ailier des Clippers n&rsquo;a pas fait un match incroyable offensivement, avec seulement 3 points \u00e0 1\/5 au tir. Mais on se souviendra tous de ce contre mythique, qui restera dans la l\u00e9gende de l&rsquo;olympisme fran\u00e7ais, ainsi que de son travail tout-terrain sur Doncic durant le match.<\/p>\n<blockquote class=\"twitter-tweet\">\n<p dir=\"ltr\" lang=\"fr\">&#x1f3c0; &#x1f1eb;&#x1f1f7; &#x1f1f8;&#x1f1ee; La France bat la Slov\u00e9nie gr\u00e2ce \u00e0 un contre de son capitaine Nicolas Batum \u00e0 la derni\u00e8re seconde pour aller d\u00e9fier les \u00c9tats-Unis en finale (90-89). Magique ! <a href=\"https:\/\/twitter.com\/hashtag\/Tokyo2020?src=hash&amp;ref_src=twsrc%5Etfw\">#Tokyo2020<\/a> <a href=\"https:\/\/twitter.com\/hashtag\/JeuxOlympiques?src=hash&amp;ref_src=twsrc%5Etfw\">#JeuxOlympiques<\/a><\/p>\n<p>Suivez les J.O. en direct &#x27a1; <a href=\"https:\/\/t.co\/mYKmiZQKF7\">https:\/\/t.co\/mYKmiZQKF7<\/a> <a href=\"https:\/\/t.co\/PA8odAJIUQ\">pic.twitter.com\/PA8odAJIUQ<\/a><\/p>\n<p>\u2014 francetvsport (@francetvsport) <a href=\"https:\/\/twitter.com\/francetvsport\/status\/1423266450408620034?ref_src=twsrc%5Etfw\">August 5, 2021<\/a><\/p><\/blockquote>\n<p style=\"text-align: justify;\"><script async src=\"https:\/\/platform.twitter.com\/widgets.js\" charset=\"utf-8\"><\/script><\/p>\n<p style=\"text-align: justify;\"><strong>Nando De Colo (8)<\/strong> : 25 points, 7 rebonds, 5 passes, un match XXL de Nando de Colo face \u00e0 la Slov\u00e9nie. Agressif offensivement avec 9 fautes provoqu\u00e9es, il a su \u00eatre efficace au tir en finissant \u00e0 47% au tir. En d\u00e9fense ce fut plus compliqu\u00e9 \u00e0 l&rsquo;image de l&rsquo;ensemble de l&rsquo;\u00e9quipe, notamment quand il a fallu d\u00e9fendre sur Doncic.<\/p>\n<p style=\"text-align: justify;\"><strong>Evan Fournier (7,5)<\/strong> : Vavane a pr\u00e9venu, il ne faudra pas que France TV zappe sur de l&rsquo;\u00e9quitation pendant la finale des Bleus. Le d\u00e9garni de Charenton a de nouveau port\u00e9 les siens sur cette demi-finale avec 23 points dont 4 bombes derri\u00e8re l&rsquo;arc. Malgr\u00e9 un passage en force \u00e9vitable sur la derni\u00e8re possession fran\u00e7aise, Evan Fournier aura encore \u00e9t\u00e9 le taulier attendu pour l&rsquo;\u00c9quipe de France. On esp\u00e8re qu&rsquo;il fera encore mieux en finale face aux Am\u00e9ricains.<\/p>\n<p style=\"text-align: justify;\"><strong>Guerschon Yabusele (4)<\/strong> : On est toujours mitig\u00e9s sur les prestations de Guerschon. Sa contribution offensive est toujours aussi faible avec 9 points \u00e0 38% au tir et 33% a distance. Son +\/- est de &#8211; 5 sur ses 24 minutes sur le terrain, et il ne prend que 4 rebonds sur l&rsquo;ensemble de sa prestation. Alors il am\u00e8ne du muscle, de la d\u00e9fense et de l&rsquo;\u00e9nergie mais on le sent trop limit\u00e9 pour apporter plus que cela.<\/p>\n<p style=\"text-align: justify;\"><strong>Rudy Gobert (6)<\/strong> : \u00c0 son actif, 16 rebonds et 4 contres importants pour peser dans ce match. Si Rudy nous a excit\u00e9 avec ses beaux gestes d\u00e9fensifs, il nous a aussi frustr\u00e9s \u00e0 quelques reprises. Quelques rebonds offensifs laiss\u00e9s trop facilement aux Slov\u00e8nes, 50% de lancers r\u00e9ussis seulement et seulement 9 points marqu\u00e9s \u00e0 3\/8 au shoot. Allez, on retiendra le positif mais il faudra que Gobzilla soit \u00e0 un niveau sup\u00e9rieur pour pouvoir concurrencer la Team USA sur cette finale des JO de Tokyo.<\/p>\n<p style=\"text-align: justify;\"><strong>Timoth\u00e9 Luwawu-Cabarrot (7)<\/strong> : <em>\u00ab<\/em> <em>No, I don&rsquo;t want no scrubb \u00bb<\/em>. Sur ce match, TLC n&rsquo;aura clairement pas \u00e9t\u00e9 un boulet pour les Bleus, bien au contraire. Avec de grosses s\u00e9quences d\u00e9fensives en aide sur Luka et une tr\u00e8s belle prestation offensive, Timoth\u00e9 aura \u00e9t\u00e9 la belle surprise sortie du chapeau de Vincent Collet. En 21 minutes de jeu, il a scor\u00e9 15 points \u00e0 6\/10 au tir dont 3\/4 derri\u00e8re l&rsquo;arc.<\/p>\n<p style=\"text-align: justify;\"><strong>Thomas Heurtel (3)<\/strong> : Personne n&rsquo;a demand\u00e9 le short de Thomas Heurtel aujourd&rsquo;hui et on peut le comprendre vu le match d\u00e9cevant du fran\u00e7ais. Impr\u00e9cis offensivement (29% au tir) avec des choix offensifs discutables, Heurtel n&rsquo;aura pas \u00e9t\u00e9 au niveau attendu face aux Slov\u00e8nes. Vincent Collet l&rsquo;a compris et ne l&rsquo;a fait jouer que 14 petites minutes, signe du match moyen de l&rsquo;arri\u00e8re madril\u00e8ne.<\/p>\n<p style=\"text-align: justify;\"><strong>Moustapha Fall (5)<\/strong> : 9 petites minutes pour le pivot fran\u00e7ais qui ont permis \u00e0 Rudy Gobert de souffler. Pas vraiment \u00e9poustouflant mais il n&rsquo;\u00e9tait pas l\u00e0 pour faire le show, juste pour amener de la taille dans la raquette et choper quelques rebonds. Mission r\u00e9ussie.<\/p>\n<p style=\"text-align: justify;\"><strong>Franck Ntilikina (2)<\/strong> : 0\/4 au tir, 0\/2 \u00e0 3 points et donc un match fini avec un beau quintuple-double pour Frank Ntilikina : 0-0-0-0-0. Ok on est durs car Franky n&rsquo;a jou\u00e9 que 7 minutes mais ce n&rsquo;est pas ce genre de prestation qui lui assurera un contrat NBA l&rsquo;an prochain.<\/p>\n<p style=\"text-align: justify;\"><strong>Coach Vincent Collet (8)<\/strong> : Il a bien su adapter le temps de jeu de ses joueurs en fonction de leurs performances, en accordant notamment plus de temps de jeu \u00e0 Luwawu-Cabarrot qu&rsquo;\u00e0 Heurtel par exemple. Il a jou\u00e9 un peu plus small-ball qu&rsquo;\u00e0 l&rsquo;accoutum\u00e9e et a charg\u00e9 Nico Batum de d\u00e9fendre sur Doncic, ce qui a plut\u00f4t \u00e9t\u00e9 convaincant vu l&rsquo;efficacit\u00e9 moindre du Slov\u00e8ne au tir.<\/p>\n<blockquote class=\"twitter-tweet\">\n<p dir=\"ltr\" lang=\"fr\">3 &#8211; L&rsquo;\u00e9quipe de France de basket s&rsquo;est qualifi\u00e9e pour sa 3e finale aux Jeux Olympiques apr\u00e8s 1948 et 2000, \u00e0 chaque fois face aux \u00c9tats-Unis. Les Bleus ont \u00e9galement inflig\u00e9 \u00e0 Luka Doncic sa 1re d\u00e9faite en 18 matches sous le maillot de la Slov\u00e9nie. IMMENSE. <a href=\"https:\/\/twitter.com\/hashtag\/FRASLO?src=hash&amp;ref_src=twsrc%5Etfw\">#FRASLO<\/a> <a href=\"https:\/\/twitter.com\/hashtag\/Tokyo2020?src=hash&amp;ref_src=twsrc%5Etfw\">#Tokyo2020<\/a> <a href=\"https:\/\/t.co\/1lpe9HAcXY\">pic.twitter.com\/1lpe9HAcXY<\/a><\/p>\n<p>\u2014 OptaJean (@OptaJean) <a href=\"https:\/\/twitter.com\/OptaJean\/status\/1423264849153466369?ref_src=twsrc%5Etfw\">August 5, 2021<\/a><\/p><\/blockquote>\n<p style=\"text-align: justify;\"><script async src=\"https:\/\/platform.twitter.com\/widgets.js\" charset=\"utf-8\"><\/script><\/p>\n<h2 style=\"text-align: justify;\">\u00c0 lire aussi<\/h2>\n<ul>\n<li style=\"text-align: justify;\"><a href=\"https:\/\/dicodusport.fr\/blog\/toute-l-actualite-des-jeux-olympiques-de-tokyo-2020\/\"><strong>Toute l&rsquo;actualit\u00e9 des Jeux Olympiques de Tokyo<\/strong><\/a><\/li>\n<li style=\"text-align: justify;\"><a href=\"https:\/\/dicodusport.fr\/blog\/jeux-olympiques-tokyo-2020-le-tableau-des-medailles\/\"><strong>Le tableau des m\u00e9dailles<\/strong><\/a><\/li>\n<\/ul>\n","protected":false},"excerpt":{"rendered":"<p>JO TOKYO 2020 &#8211; BASKET-BALL &#8211; L\u2019\u00e9quipe de France a battu la Slov\u00e9nie 90-89. Voici les notes des Bleus sur cette demi-finale des JO de Tokyo.<\/p>\n","protected":false},"author":21,"featured_media":155991,"comment_status":"open","ping_status":"closed","sticky":false,"template":"","format":"standard","meta":{"_acf_changed":false,"_daextam_enable_autolinks":"","footnotes":""},"categories":[2305,8433],"tags":[18249,6546,9915],"class_list":["post-155881","post","type-post","status-publish","format-standard","has-post-thumbnail","hentry","category-basket-ball","category-jo-tokyo-2020","tag-equipe-de-france-basket","tag-evan-fournier","tag-jeux-olympiques-de-tokyo"],"acf":[],"yoast_head":"<!-- This site is optimized with the Yoast SEO Premium plugin v26.7 (Yoast SEO v26.7) - https:\/\/yoast.com\/wordpress\/plugins\/seo\/ -->\n<title>JO Tokyo 2020 - Basket-Ball : les notes des Bleus face \u00e0 la Slov\u00e9nie<\/title>\n<meta name=\"description\" content=\"JO TOKYO 2020 - BASKET-BALL - L\u2019\u00e9quipe de France a battu la Slov\u00e9nie 90-89. Voici les notes des Bleus sur cette demi-finale des JO.\" \/>\n<meta name=\"robots\" content=\"index, follow, max-snippet:-1, max-image-preview:large, max-video-preview:-1\" \/>\n<link rel=\"canonical\" href=\"https:\/\/dicodusport.fr\/blog\/jo-tokyo-2020-basket-ball-les-notes-des-bleus-face-a-la-slovenie\/\" \/>\n<meta property=\"og:locale\" content=\"fr_FR\" \/>\n<meta property=\"og:type\" content=\"article\" \/>\n<meta property=\"og:title\" content=\"JO Tokyo 2020 - Basket-Ball : les notes des Bleus face \u00e0 la Slov\u00e9nie\" \/>\n<meta property=\"og:description\" content=\"JO TOKYO 2020 - BASKET-BALL - L\u2019\u00e9quipe de France a battu la Slov\u00e9nie 90-89. Voici les notes des Bleus sur cette demi-finale des JO.\" \/>\n<meta property=\"og:url\" content=\"https:\/\/dicodusport.fr\/blog\/jo-tokyo-2020-basket-ball-les-notes-des-bleus-face-a-la-slovenie\/\" \/>\n<meta property=\"og:site_name\" content=\"Dicodusport\" \/>\n<meta property=\"article:publisher\" content=\"https:\/\/www.facebook.com\/dicodusport\" \/>\n<meta property=\"article:published_time\" content=\"2021-08-05T14:41:34+00:00\" \/>\n<meta property=\"article:modified_time\" content=\"2021-08-05T14:51:51+00:00\" \/>\n<meta property=\"og:image\" content=\"https:\/\/dicodusport.fr\/blog\/wp-content\/uploads\/2021\/08\/JO-Tokyo-2020-Basket-Ball-les-notes-des-Bleus-face-a-la-Slovenie-1.png\" \/>\n\t<meta property=\"og:image:width\" content=\"800\" \/>\n\t<meta property=\"og:image:height\" content=\"445\" \/>\n\t<meta property=\"og:image:type\" content=\"image\/png\" \/>\n<meta name=\"author\" content=\"Mathieu Veillon\" \/>\n<meta name=\"twitter:card\" content=\"summary_large_image\" \/>\n<meta name=\"twitter:title\" content=\"JO Tokyo 2020 - Basket-Ball : les notes des Bleus face \u00e0 la Slov\u00e9nie\" \/>\n<meta name=\"twitter:creator\" content=\"@https:\/\/twitter.com\/MathieuVeillon\" \/>\n<meta name=\"twitter:site\" content=\"@dicodusport\" \/>\n<script type=\"application\/ld+json\" class=\"yoast-schema-graph\">{\"@context\":\"https:\/\/schema.org\",\"@graph\":[{\"@type\":\"NewsArticle\",\"@id\":\"https:\/\/dicodusport.fr\/blog\/jo-tokyo-2020-basket-ball-les-notes-des-bleus-face-a-la-slovenie\/#article\",\"isPartOf\":{\"@id\":\"https:\/\/dicodusport.fr\/blog\/jo-tokyo-2020-basket-ball-les-notes-des-bleus-face-a-la-slovenie\/\"},\"author\":{\"name\":\"Mathieu Veillon\",\"@id\":\"https:\/\/dicodusport.fr\/blog\/#\/schema\/person\/9731cdc747db1ceb457a2bfa9180a806\"},\"headline\":\"JO Tokyo 2020 &#8211; Basket-Ball : les notes des Bleus face \u00e0 la Slov\u00e9nie\",\"datePublished\":\"2021-08-05T14:41:34+00:00\",\"dateModified\":\"2021-08-05T14:51:51+00:00\",\"mainEntityOfPage\":{\"@id\":\"https:\/\/dicodusport.fr\/blog\/jo-tokyo-2020-basket-ball-les-notes-des-bleus-face-a-la-slovenie\/\"},\"wordCount\":863,\"commentCount\":0,\"publisher\":{\"@id\":\"https:\/\/dicodusport.fr\/blog\/#organization\"},\"image\":{\"@id\":\"https:\/\/dicodusport.fr\/blog\/jo-tokyo-2020-basket-ball-les-notes-des-bleus-face-a-la-slovenie\/#primaryimage\"},\"thumbnailUrl\":\"https:\/\/dicodusport.fr\/blog\/wp-content\/uploads\/2021\/08\/JO-Tokyo-2020-Basket-Ball-les-notes-des-Bleus-face-a-la-Slovenie-1.png\",\"keywords\":[\"\u00c9quipe de France basket\",\"Evan Fournier\",\"Jeux Olympiques de Tokyo\"],\"articleSection\":[\"Basket-ball\",\"JO Tokyo 2020\"],\"inLanguage\":\"fr-FR\",\"potentialAction\":[{\"@type\":\"CommentAction\",\"name\":\"Comment\",\"target\":[\"https:\/\/dicodusport.fr\/blog\/jo-tokyo-2020-basket-ball-les-notes-des-bleus-face-a-la-slovenie\/#respond\"]}],\"copyrightYear\":\"2021\",\"copyrightHolder\":{\"@id\":\"https:\/\/dicodusport.fr\/blog\/#organization\"}},{\"@type\":\"WebPage\",\"@id\":\"https:\/\/dicodusport.fr\/blog\/jo-tokyo-2020-basket-ball-les-notes-des-bleus-face-a-la-slovenie\/\",\"url\":\"https:\/\/dicodusport.fr\/blog\/jo-tokyo-2020-basket-ball-les-notes-des-bleus-face-a-la-slovenie\/\",\"name\":\"JO Tokyo 2020 - Basket-Ball : les notes des Bleus face \u00e0 la Slov\u00e9nie\",\"isPartOf\":{\"@id\":\"https:\/\/dicodusport.fr\/blog\/#website\"},\"primaryImageOfPage\":{\"@id\":\"https:\/\/dicodusport.fr\/blog\/jo-tokyo-2020-basket-ball-les-notes-des-bleus-face-a-la-slovenie\/#primaryimage\"},\"image\":{\"@id\":\"https:\/\/dicodusport.fr\/blog\/jo-tokyo-2020-basket-ball-les-notes-des-bleus-face-a-la-slovenie\/#primaryimage\"},\"thumbnailUrl\":\"https:\/\/dicodusport.fr\/blog\/wp-content\/uploads\/2021\/08\/JO-Tokyo-2020-Basket-Ball-les-notes-des-Bleus-face-a-la-Slovenie-1.png\",\"datePublished\":\"2021-08-05T14:41:34+00:00\",\"dateModified\":\"2021-08-05T14:51:51+00:00\",\"description\":\"JO TOKYO 2020 - BASKET-BALL - L\u2019\u00e9quipe de France a battu la Slov\u00e9nie 90-89. Voici les notes des Bleus sur cette demi-finale des JO.\",\"breadcrumb\":{\"@id\":\"https:\/\/dicodusport.fr\/blog\/jo-tokyo-2020-basket-ball-les-notes-des-bleus-face-a-la-slovenie\/#breadcrumb\"},\"inLanguage\":\"fr-FR\",\"potentialAction\":[{\"@type\":\"ReadAction\",\"target\":[\"https:\/\/dicodusport.fr\/blog\/jo-tokyo-2020-basket-ball-les-notes-des-bleus-face-a-la-slovenie\/\"]}]},{\"@type\":\"ImageObject\",\"inLanguage\":\"fr-FR\",\"@id\":\"https:\/\/dicodusport.fr\/blog\/jo-tokyo-2020-basket-ball-les-notes-des-bleus-face-a-la-slovenie\/#primaryimage\",\"url\":\"https:\/\/dicodusport.fr\/blog\/wp-content\/uploads\/2021\/08\/JO-Tokyo-2020-Basket-Ball-les-notes-des-Bleus-face-a-la-Slovenie-1.png\",\"contentUrl\":\"https:\/\/dicodusport.fr\/blog\/wp-content\/uploads\/2021\/08\/JO-Tokyo-2020-Basket-Ball-les-notes-des-Bleus-face-a-la-Slovenie-1.png\",\"width\":800,\"height\":445,\"caption\":\"JO Tokyo 2020 - Basket-Ball : les notes des Bleus face \u00e0 la Slov\u00e9nie\"},{\"@type\":\"BreadcrumbList\",\"@id\":\"https:\/\/dicodusport.fr\/blog\/jo-tokyo-2020-basket-ball-les-notes-des-bleus-face-a-la-slovenie\/#breadcrumb\",\"itemListElement\":[{\"@type\":\"ListItem\",\"position\":1,\"name\":\"Accueil\",\"item\":\"https:\/\/dicodusport.fr\/blog\/\"},{\"@type\":\"ListItem\",\"position\":2,\"name\":\"JO Tokyo 2020 &#8211; Basket-Ball : les notes des Bleus face \u00e0 la Slov\u00e9nie\"}]},{\"@type\":\"WebSite\",\"@id\":\"https:\/\/dicodusport.fr\/blog\/#website\",\"url\":\"https:\/\/dicodusport.fr\/blog\/\",\"name\":\"Dicodusport\",\"description\":\"L&#039;encyclop\u00e9die de l&#039;actualit\u00e9 sportive\",\"publisher\":{\"@id\":\"https:\/\/dicodusport.fr\/blog\/#organization\"},\"potentialAction\":[{\"@type\":\"SearchAction\",\"target\":{\"@type\":\"EntryPoint\",\"urlTemplate\":\"https:\/\/dicodusport.fr\/blog\/?s={search_term_string}\"},\"query-input\":{\"@type\":\"PropertyValueSpecification\",\"valueRequired\":true,\"valueName\":\"search_term_string\"}}],\"inLanguage\":\"fr-FR\"},{\"@type\":\"NewsMediaOrganization\",\"@id\":\"https:\/\/dicodusport.fr\/blog\/#organization\",\"name\":\"Dicodusport\",\"url\":\"https:\/\/dicodusport.fr\/blog\/\",\"logo\":{\"@type\":\"ImageObject\",\"inLanguage\":\"fr-FR\",\"@id\":\"https:\/\/dicodusport.fr\/blog\/#\/schema\/logo\/image\/\",\"url\":\"https:\/\/dicodusport.fr\/blog\/wp-content\/uploads\/2020\/06\/cropped-LOGO-DICODUSPORT-2020-SANS-FOND-SANS-TEXTE.png\",\"contentUrl\":\"https:\/\/dicodusport.fr\/blog\/wp-content\/uploads\/2020\/06\/cropped-LOGO-DICODUSPORT-2020-SANS-FOND-SANS-TEXTE.png\",\"width\":512,\"height\":512,\"caption\":\"Dicodusport\"},\"image\":{\"@id\":\"https:\/\/dicodusport.fr\/blog\/#\/schema\/logo\/image\/\"},\"sameAs\":[\"https:\/\/www.facebook.com\/dicodusport\",\"https:\/\/x.com\/dicodusport\",\"https:\/\/www.instagram.com\/dicodusport\/\",\"https:\/\/www.youtube.com\/channel\/UC7V2KZ5sd3htJivAbA4ZG3w\"],\"description\":\"Dicodusport est l'encyclop\u00e9die de l'actualit\u00e9 sportive.\",\"email\":\"bonjour@dicodusport.fr\",\"legalName\":\"DICODUSPORT\",\"foundingDate\":\"2018-01-14\",\"vatID\":\"FR71834470973\",\"taxID\":\"83447097300043\",\"numberOfEmployees\":{\"@type\":\"QuantitativeValue\",\"minValue\":\"1\",\"maxValue\":\"10\"}},{\"@type\":\"Person\",\"@id\":\"https:\/\/dicodusport.fr\/blog\/#\/schema\/person\/9731cdc747db1ceb457a2bfa9180a806\",\"name\":\"Mathieu Veillon\",\"image\":{\"@type\":\"ImageObject\",\"inLanguage\":\"fr-FR\",\"@id\":\"https:\/\/dicodusport.fr\/blog\/#\/schema\/person\/image\/\",\"url\":\"https:\/\/dicodusport.fr\/blog\/wp-content\/uploads\/2021\/05\/Mathieu-Veillon-150x150.jpg\",\"contentUrl\":\"https:\/\/dicodusport.fr\/blog\/wp-content\/uploads\/2021\/05\/Mathieu-Veillon-150x150.jpg\",\"caption\":\"Mathieu Veillon\"},\"description\":\"Journaliste\/r\u00e9dacteur depuis septembre 2015 - Ma d\u00e9finition du bonheur ? Une galette-saucisse au Roazhon Park ou un caf\u00e9 devant un Lakers\/Celtics au petit matin. Fid\u00e8le membre de la team insomniaque de la r\u00e9dac, j\u2019ai le pouvoir de rester \u00e9veill\u00e9 jusqu\u2019\u00e0 l\u2019aube pour faire vivre aux lecteurs ma passion du sport. Ainsi, j\u2019\u00e9cris principalement sur la NBA, le biathlon, le cyclisme ou encore la F1. Comptez dans mes exploits sportifs le fait d\u2019avoir fait gagner le Tour de France 2018 \u00e0 Tony Gallopin sur Pro Cycling Manager, ou encore d\u2019avoir men\u00e9 l\u2019\u00e9quipe nationale de Bretagne en finale de Coupe du monde sur Football Manager.\",\"sameAs\":[\"https:\/\/x.com\/https:\/\/twitter.com\/MathieuVeillon\"],\"url\":\"https:\/\/dicodusport.fr\/blog\/author\/mathieu\/\"}]}<\/script>\n<!-- \/ Yoast SEO Premium plugin. -->","yoast_head_json":{"title":"JO Tokyo 2020 - Basket-Ball : les notes des Bleus face \u00e0 la Slov\u00e9nie","description":"JO TOKYO 2020 - BASKET-BALL - L\u2019\u00e9quipe de France a battu la Slov\u00e9nie 90-89. Voici les notes des Bleus sur cette demi-finale des JO.","robots":{"index":"index","follow":"follow","max-snippet":"max-snippet:-1","max-image-preview":"max-image-preview:large","max-video-preview":"max-video-preview:-1"},"canonical":"https:\/\/dicodusport.fr\/blog\/jo-tokyo-2020-basket-ball-les-notes-des-bleus-face-a-la-slovenie\/","og_locale":"fr_FR","og_type":"article","og_title":"JO Tokyo 2020 - Basket-Ball : les notes des Bleus face \u00e0 la Slov\u00e9nie","og_description":"JO TOKYO 2020 - BASKET-BALL - L\u2019\u00e9quipe de France a battu la Slov\u00e9nie 90-89. Voici les notes des Bleus sur cette demi-finale des JO.","og_url":"https:\/\/dicodusport.fr\/blog\/jo-tokyo-2020-basket-ball-les-notes-des-bleus-face-a-la-slovenie\/","og_site_name":"Dicodusport","article_publisher":"https:\/\/www.facebook.com\/dicodusport","article_published_time":"2021-08-05T14:41:34+00:00","article_modified_time":"2021-08-05T14:51:51+00:00","og_image":[{"width":800,"height":445,"url":"https:\/\/dicodusport.fr\/blog\/wp-content\/uploads\/2021\/08\/JO-Tokyo-2020-Basket-Ball-les-notes-des-Bleus-face-a-la-Slovenie-1.png","type":"image\/png"}],"author":"Mathieu Veillon","twitter_card":"summary_large_image","twitter_title":"JO Tokyo 2020 - Basket-Ball : les notes des Bleus face \u00e0 la Slov\u00e9nie","twitter_creator":"@https:\/\/twitter.com\/MathieuVeillon","twitter_site":"@dicodusport","schema":{"@context":"https:\/\/schema.org","@graph":[{"@type":"NewsArticle","@id":"https:\/\/dicodusport.fr\/blog\/jo-tokyo-2020-basket-ball-les-notes-des-bleus-face-a-la-slovenie\/#article","isPartOf":{"@id":"https:\/\/dicodusport.fr\/blog\/jo-tokyo-2020-basket-ball-les-notes-des-bleus-face-a-la-slovenie\/"},"author":{"name":"Mathieu Veillon","@id":"https:\/\/dicodusport.fr\/blog\/#\/schema\/person\/9731cdc747db1ceb457a2bfa9180a806"},"headline":"JO Tokyo 2020 &#8211; Basket-Ball : les notes des Bleus face \u00e0 la Slov\u00e9nie","datePublished":"2021-08-05T14:41:34+00:00","dateModified":"2021-08-05T14:51:51+00:00","mainEntityOfPage":{"@id":"https:\/\/dicodusport.fr\/blog\/jo-tokyo-2020-basket-ball-les-notes-des-bleus-face-a-la-slovenie\/"},"wordCount":863,"commentCount":0,"publisher":{"@id":"https:\/\/dicodusport.fr\/blog\/#organization"},"image":{"@id":"https:\/\/dicodusport.fr\/blog\/jo-tokyo-2020-basket-ball-les-notes-des-bleus-face-a-la-slovenie\/#primaryimage"},"thumbnailUrl":"https:\/\/dicodusport.fr\/blog\/wp-content\/uploads\/2021\/08\/JO-Tokyo-2020-Basket-Ball-les-notes-des-Bleus-face-a-la-Slovenie-1.png","keywords":["\u00c9quipe de France basket","Evan Fournier","Jeux Olympiques de Tokyo"],"articleSection":["Basket-ball","JO Tokyo 2020"],"inLanguage":"fr-FR","potentialAction":[{"@type":"CommentAction","name":"Comment","target":["https:\/\/dicodusport.fr\/blog\/jo-tokyo-2020-basket-ball-les-notes-des-bleus-face-a-la-slovenie\/#respond"]}],"copyrightYear":"2021","copyrightHolder":{"@id":"https:\/\/dicodusport.fr\/blog\/#organization"}},{"@type":"WebPage","@id":"https:\/\/dicodusport.fr\/blog\/jo-tokyo-2020-basket-ball-les-notes-des-bleus-face-a-la-slovenie\/","url":"https:\/\/dicodusport.fr\/blog\/jo-tokyo-2020-basket-ball-les-notes-des-bleus-face-a-la-slovenie\/","name":"JO Tokyo 2020 - Basket-Ball : les notes des Bleus face \u00e0 la Slov\u00e9nie","isPartOf":{"@id":"https:\/\/dicodusport.fr\/blog\/#website"},"primaryImageOfPage":{"@id":"https:\/\/dicodusport.fr\/blog\/jo-tokyo-2020-basket-ball-les-notes-des-bleus-face-a-la-slovenie\/#primaryimage"},"image":{"@id":"https:\/\/dicodusport.fr\/blog\/jo-tokyo-2020-basket-ball-les-notes-des-bleus-face-a-la-slovenie\/#primaryimage"},"thumbnailUrl":"https:\/\/dicodusport.fr\/blog\/wp-content\/uploads\/2021\/08\/JO-Tokyo-2020-Basket-Ball-les-notes-des-Bleus-face-a-la-Slovenie-1.png","datePublished":"2021-08-05T14:41:34+00:00","dateModified":"2021-08-05T14:51:51+00:00","description":"JO TOKYO 2020 - BASKET-BALL - L\u2019\u00e9quipe de France a battu la Slov\u00e9nie 90-89. Voici les notes des Bleus sur cette demi-finale des JO.","breadcrumb":{"@id":"https:\/\/dicodusport.fr\/blog\/jo-tokyo-2020-basket-ball-les-notes-des-bleus-face-a-la-slovenie\/#breadcrumb"},"inLanguage":"fr-FR","potentialAction":[{"@type":"ReadAction","target":["https:\/\/dicodusport.fr\/blog\/jo-tokyo-2020-basket-ball-les-notes-des-bleus-face-a-la-slovenie\/"]}]},{"@type":"ImageObject","inLanguage":"fr-FR","@id":"https:\/\/dicodusport.fr\/blog\/jo-tokyo-2020-basket-ball-les-notes-des-bleus-face-a-la-slovenie\/#primaryimage","url":"https:\/\/dicodusport.fr\/blog\/wp-content\/uploads\/2021\/08\/JO-Tokyo-2020-Basket-Ball-les-notes-des-Bleus-face-a-la-Slovenie-1.png","contentUrl":"https:\/\/dicodusport.fr\/blog\/wp-content\/uploads\/2021\/08\/JO-Tokyo-2020-Basket-Ball-les-notes-des-Bleus-face-a-la-Slovenie-1.png","width":800,"height":445,"caption":"JO Tokyo 2020 - Basket-Ball : les notes des Bleus face \u00e0 la Slov\u00e9nie"},{"@type":"BreadcrumbList","@id":"https:\/\/dicodusport.fr\/blog\/jo-tokyo-2020-basket-ball-les-notes-des-bleus-face-a-la-slovenie\/#breadcrumb","itemListElement":[{"@type":"ListItem","position":1,"name":"Accueil","item":"https:\/\/dicodusport.fr\/blog\/"},{"@type":"ListItem","position":2,"name":"JO Tokyo 2020 &#8211; Basket-Ball : les notes des Bleus face \u00e0 la Slov\u00e9nie"}]},{"@type":"WebSite","@id":"https:\/\/dicodusport.fr\/blog\/#website","url":"https:\/\/dicodusport.fr\/blog\/","name":"Dicodusport","description":"L&#039;encyclop\u00e9die de l&#039;actualit\u00e9 sportive","publisher":{"@id":"https:\/\/dicodusport.fr\/blog\/#organization"},"potentialAction":[{"@type":"SearchAction","target":{"@type":"EntryPoint","urlTemplate":"https:\/\/dicodusport.fr\/blog\/?s={search_term_string}"},"query-input":{"@type":"PropertyValueSpecification","valueRequired":true,"valueName":"search_term_string"}}],"inLanguage":"fr-FR"},{"@type":"NewsMediaOrganization","@id":"https:\/\/dicodusport.fr\/blog\/#organization","name":"Dicodusport","url":"https:\/\/dicodusport.fr\/blog\/","logo":{"@type":"ImageObject","inLanguage":"fr-FR","@id":"https:\/\/dicodusport.fr\/blog\/#\/schema\/logo\/image\/","url":"https:\/\/dicodusport.fr\/blog\/wp-content\/uploads\/2020\/06\/cropped-LOGO-DICODUSPORT-2020-SANS-FOND-SANS-TEXTE.png","contentUrl":"https:\/\/dicodusport.fr\/blog\/wp-content\/uploads\/2020\/06\/cropped-LOGO-DICODUSPORT-2020-SANS-FOND-SANS-TEXTE.png","width":512,"height":512,"caption":"Dicodusport"},"image":{"@id":"https:\/\/dicodusport.fr\/blog\/#\/schema\/logo\/image\/"},"sameAs":["https:\/\/www.facebook.com\/dicodusport","https:\/\/x.com\/dicodusport","https:\/\/www.instagram.com\/dicodusport\/","https:\/\/www.youtube.com\/channel\/UC7V2KZ5sd3htJivAbA4ZG3w"],"description":"Dicodusport est l'encyclop\u00e9die de l'actualit\u00e9 sportive.","email":"bonjour@dicodusport.fr","legalName":"DICODUSPORT","foundingDate":"2018-01-14","vatID":"FR71834470973","taxID":"83447097300043","numberOfEmployees":{"@type":"QuantitativeValue","minValue":"1","maxValue":"10"}},{"@type":"Person","@id":"https:\/\/dicodusport.fr\/blog\/#\/schema\/person\/9731cdc747db1ceb457a2bfa9180a806","name":"Mathieu Veillon","image":{"@type":"ImageObject","inLanguage":"fr-FR","@id":"https:\/\/dicodusport.fr\/blog\/#\/schema\/person\/image\/","url":"https:\/\/dicodusport.fr\/blog\/wp-content\/uploads\/2021\/05\/Mathieu-Veillon-150x150.jpg","contentUrl":"https:\/\/dicodusport.fr\/blog\/wp-content\/uploads\/2021\/05\/Mathieu-Veillon-150x150.jpg","caption":"Mathieu Veillon"},"description":"Journaliste\/r\u00e9dacteur depuis septembre 2015 - Ma d\u00e9finition du bonheur ? Une galette-saucisse au Roazhon Park ou un caf\u00e9 devant un Lakers\/Celtics au petit matin. Fid\u00e8le membre de la team insomniaque de la r\u00e9dac, j\u2019ai le pouvoir de rester \u00e9veill\u00e9 jusqu\u2019\u00e0 l\u2019aube pour faire vivre aux lecteurs ma passion du sport. Ainsi, j\u2019\u00e9cris principalement sur la NBA, le biathlon, le cyclisme ou encore la F1. Comptez dans mes exploits sportifs le fait d\u2019avoir fait gagner le Tour de France 2018 \u00e0 Tony Gallopin sur Pro Cycling Manager, ou encore d\u2019avoir men\u00e9 l\u2019\u00e9quipe nationale de Bretagne en finale de Coupe du monde sur Football Manager.","sameAs":["https:\/\/x.com\/https:\/\/twitter.com\/MathieuVeillon"],"url":"https:\/\/dicodusport.fr\/blog\/author\/mathieu\/"}]}},"_links":{"self":[{"href":"https:\/\/dicodusport.fr\/blog\/wp-json\/wp\/v2\/posts\/155881","targetHints":{"allow":["GET"]}}],"collection":[{"href":"https:\/\/dicodusport.fr\/blog\/wp-json\/wp\/v2\/posts"}],"about":[{"href":"https:\/\/dicodusport.fr\/blog\/wp-json\/wp\/v2\/types\/post"}],"author":[{"embeddable":true,"href":"https:\/\/dicodusport.fr\/blog\/wp-json\/wp\/v2\/users\/21"}],"replies":[{"embeddable":true,"href":"https:\/\/dicodusport.fr\/blog\/wp-json\/wp\/v2\/comments?post=155881"}],"version-history":[{"count":0,"href":"https:\/\/dicodusport.fr\/blog\/wp-json\/wp\/v2\/posts\/155881\/revisions"}],"wp:featuredmedia":[{"embeddable":true,"href":"https:\/\/dicodusport.fr\/blog\/wp-json\/wp\/v2\/media\/155991"}],"wp:attachment":[{"href":"https:\/\/dicodusport.fr\/blog\/wp-json\/wp\/v2\/media?parent=155881"}],"wp:term":[{"taxonomy":"category","embeddable":true,"href":"https:\/\/dicodusport.fr\/blog\/wp-json\/wp\/v2\/categories?post=155881"},{"taxonomy":"post_tag","embeddable":true,"href":"https:\/\/dicodusport.fr\/blog\/wp-json\/wp\/v2\/tags?post=155881"}],"curies":[{"name":"wp","href":"https:\/\/api.w.org\/{rel}","templated":true}]}}