{"id":15678,"date":"2018-04-04T12:00:22","date_gmt":"2018-04-04T10:00:22","guid":{"rendered":"http:\/\/dicodusport.fr\/blog\/?p=15678"},"modified":"2018-04-10T21:09:18","modified_gmt":"2018-04-10T19:09:18","slug":"thomas-tuchel-est-il-fait-pour-le-psg","status":"publish","type":"post","link":"https:\/\/dicodusport.fr\/blog\/thomas-tuchel-est-il-fait-pour-le-psg\/","title":{"rendered":"Face \u00e0 Face &#8211; Foot : Thomas Tuchel est-il fait pour le PSG ?"},"content":{"rendered":"<p style=\"text-align: justify;\"><em><b>Chaque mercredi, les r\u00e9dacteurs de Dicodusport\u00a0entrent sur le ring et s\u2019affrontent dans un Face \u00e0 Face autour d\u2019un sujet d\u2019actualit\u00e9. Dans ce un-contre-un engag\u00e9, chaque r\u00e9dacteur ou r\u00e9dactrice tentera de convaincre son adversaire ainsi que vous, cher lecteur, qu\u2019il m\u00e9rite de remporter ce Face \u00e0 Face. Un arbitre sera alors charg\u00e9 de les d\u00e9partager et de d\u00e9signer un vainqueur.\u00a0Aujourd&rsquo;hui, Romain et Nicolas vont d\u00e9battre du potentiel futur entra\u00eeneur\u00a0du PSG, Thomas Tuchel : l&rsquo;ex coach du Borussia Dortmund est-il fait pour le PSG ?<\/b><\/em><\/p>\n<div id=\"attachment_13554\" style=\"width: 310px\" class=\"wp-caption aligncenter\"><img loading=\"lazy\" decoding=\"async\" aria-describedby=\"caption-attachment-13554\" class=\"wp-image-13554 size-medium\" src=\"http:\/\/dicodusport.fr\/blog\/wp-content\/uploads\/2018\/02\/Romain-300x300.jpg\" alt=\"Tuchel\" width=\"300\" height=\"300\" srcset=\"https:\/\/dicodusport.fr\/blog\/wp-content\/uploads\/2018\/02\/Romain-300x300.jpg 300w, https:\/\/dicodusport.fr\/blog\/wp-content\/uploads\/2018\/02\/Romain-150x150.jpg 150w, https:\/\/dicodusport.fr\/blog\/wp-content\/uploads\/2018\/02\/Romain.jpg 600w\" sizes=\"auto, (max-width: 300px) 100vw, 300px\" \/><p id=\"caption-attachment-13554\" class=\"wp-caption-text\">Romain ne croit pas encore \u00e0 une arriv\u00e9e de Tuchel.<\/p><\/div>\n<h4 style=\"text-align: justify;\">&#x1f44e;\u00a0Romain : Non, Thomas Tuchel n\u2019est pas fait pour le PSG.<\/h4>\n<p style=\"text-align: justify;\">L\u2019analyse est toute simple. Que recherche le PSG\u00a0? Gagner au (plus grand) niveau europ\u00e9en. Thomas Tuchel a-t-il d\u00e9j\u00e0 remport\u00e9 quelque chose sur le plan continental\u00a0? Non. Une maigre Coupe d\u2019Allemagne en 2017 vient seulement \u00e0 son palmar\u00e8s. De plus, si le PSG veut passer un cap, il se doit de trouver un entra\u00eeneur aux grandes r\u00e9f\u00e9rences, capable de g\u00e9rer un vestiaire rempli de stars et d\u2019\u00e9gos. Quelqu\u2019un dont la carri\u00e8re et les r\u00e9sultats ne feront aucun doute dans un vestiaire qui d\u2019ext\u00e9rieur semble complexe. Tuchel, dont la carri\u00e8re est pour l\u2019instant pass\u00e9e par Augsbourg, Mayence et le Borussia Dortmund ne poss\u00e8de pas encore ce standing.<\/p>\n<p style=\"text-align: justify;\">Ce ne sont pas ses qualit\u00e9s de technicien qui sont remises en cause ici bien au contraire. Entra\u00eeneur tr\u00e8s bien c\u00f4t\u00e9 sur le march\u00e9, Thomas Tuchel m\u00e9rite une \u00e9tape avant d\u2019entrer dans un club sp\u00e9cifique aux attentes tr\u00e8s fortes comme le club de la capitale. Si l\u2019offre ne se refuse pas, je trouve \u00e9tonnant que Tuchel soit sup\u00e9rieur dans l\u2019esprit des dirigeants parisiens par rapport \u00e0 Una\u00ef Emery. Attendons que Tuchel remporte un troph\u00e9e europ\u00e9en avant de le voir \u00e0 Paris, aujourd\u2019hui, \u00e7a sent une nouvelle fois l\u2019erreur de casting.<\/p>\n<hr \/>\n<h4 style=\"text-align: justify;\"><\/h4>\n<div id=\"attachment_6561\" style=\"width: 310px\" class=\"wp-caption aligncenter\"><img loading=\"lazy\" decoding=\"async\" aria-describedby=\"caption-attachment-6561\" class=\"wp-image-6561 size-medium\" src=\"http:\/\/dicodusport.fr\/blog\/wp-content\/uploads\/2017\/11\/23377235_10155794906134402_1838242598_o-300x225.jpg\" alt=\"Tuchel\" width=\"300\" height=\"225\" srcset=\"https:\/\/dicodusport.fr\/blog\/wp-content\/uploads\/2017\/11\/23377235_10155794906134402_1838242598_o-300x225.jpg 300w, https:\/\/dicodusport.fr\/blog\/wp-content\/uploads\/2017\/11\/23377235_10155794906134402_1838242598_o-768x576.jpg 768w, https:\/\/dicodusport.fr\/blog\/wp-content\/uploads\/2017\/11\/23377235_10155794906134402_1838242598_o-1024x768.jpg 1024w, https:\/\/dicodusport.fr\/blog\/wp-content\/uploads\/2017\/11\/23377235_10155794906134402_1838242598_o.jpg 1200w\" sizes=\"auto, (max-width: 300px) 100vw, 300px\" \/><p id=\"caption-attachment-6561\" class=\"wp-caption-text\">Nicolas croit fort en Tuchel et le voit bien au PSG<\/p><\/div>\n<h4 style=\"text-align: justify;\">&#x1f44d; Nicolas :\u00a0Oui Thomas Tuchel est l\u2019entra\u00eeneur qu\u2019il faut au PSG et qui peut lui faire passer un cap.<\/h4>\n<p style=\"text-align: justify;\">Le principal argument des d\u00e9tracteurs sera de dire que Tuchel sera un Emery bis, et pas le grand nom qui pourrait cadenasser le vestiaire du PSG. Ces gens l\u00e0 ont-ils d\u00e9j\u00e0 regard\u00e9 un match de football\u00a0? La philosophie de l\u2019entra\u00eeneur allemand n\u2019a rien \u00e0 voir avec celle de l\u2019entra\u00eeneur actuel du PSG. Tuchel est reconnu pour \u00eatre un grand tacticien soucieux du moindre d\u00e9tail, quelque chose dont il s\u2019est inspir\u00e9 d\u2019un certain Pep Guardiola, rien que \u00e7a. Mais il n\u2019est pas ce genre de fin tacticien portugais \u00e0 baser son jeu sur un bloc et une d\u00e9fense solide. Bien au contraire, l\u2019Allemand base son jeu sur une philosophie offensive vari\u00e9e et spectaculaire\u00a0! Que demander de plus\u00a0?<\/p>\n<p style=\"text-align: justify;\">Et alors se poser la question du fait de savoir g\u00e9rer le vestiaire ou pas\u00a0? Qu\u2019est ce que cela veut dire\u00a0? Y\u2019a-t-il une r\u00e8gle\u00a0? Un entra\u00eeneur comme Ernesto Valverde n\u2019avait pas plus de bagages que lui avant de prendre le Bar\u00e7a et on constate le r\u00e9sultat, \u00e0 contrario, Jos\u00e9 Mourinho qui est cens\u00e9 savoir tenir son vestiaire n\u2019arrive \u00e0 rien (ou presque) avec son \u00e9quipe de Manchester depuis deux ans. Tuchel a l\u2019exigence allemande, la science tactique de Pep et une philosophie offensive \u00e0 en faire rougir certains Br\u00e9siliens. What else\u00a0?<\/p>\n<hr \/>\n<p style=\"text-align: justify;\"><em><strong>Verdict de l&rsquo;arbitre :<\/strong><\/em><\/p>\n<div id=\"attachment_11970\" style=\"width: 310px\" class=\"wp-caption aligncenter\"><img loading=\"lazy\" decoding=\"async\" aria-describedby=\"caption-attachment-11970\" class=\"wp-image-11970 size-medium\" src=\"http:\/\/dicodusport.fr\/blog\/wp-content\/uploads\/2018\/02\/Mathieu-300x300.jpg\" alt=\"Marcel Hirscher\" width=\"300\" height=\"300\" srcset=\"https:\/\/dicodusport.fr\/blog\/wp-content\/uploads\/2018\/02\/Mathieu-300x300.jpg 300w, https:\/\/dicodusport.fr\/blog\/wp-content\/uploads\/2018\/02\/Mathieu-150x150.jpg 150w, https:\/\/dicodusport.fr\/blog\/wp-content\/uploads\/2018\/02\/Mathieu.jpg 400w\" sizes=\"auto, (max-width: 300px) 100vw, 300px\" \/><p id=\"caption-attachment-11970\" class=\"wp-caption-text\">Qui aura-su employer le meilleur argumentaire pour me convaincre ?<\/p><\/div>\n<p style=\"text-align: justify;\">Si nos deux protagonistes sont d&rsquo;accord pour louer les qualit\u00e9s de technicien de Thomas Tuchel, le d\u00e9bat se situe plus sur la capacit\u00e9 de l&rsquo;Allemand \u00e0 s&rsquo;imposer au sein du vestiaire parisien et surtout d&#8217;emmener loin le club en Ligue des Champions. Et c&rsquo;est l\u00e0 o\u00f9 Romain a les arguments les plus convaincants pour moi : sans compter l&rsquo;exception Valverde au Barca mentionn\u00e9e par Nicolas, rares sont les entra\u00eeneurs quasi-novices au plus haut niveau qui arrivent \u00e0 transformer une \u00e9quipe pour la mener au sommet. On l&rsquo;a vu avec Emery, qui \u00e9tait plus exp\u00e9riment\u00e9 que Tuchel, il faut un meneur d&rsquo;hommes avec ces starlettes du PSG. Romain l&rsquo;affirme, et j&rsquo;aurais tendance \u00e0 suivre son avis, Tuchel n&rsquo;a pas encore ce standing !<\/p>\n<p style=\"text-align: justify;\"><strong>&#x1f3c6;\u00a0<\/strong><strong>Je d\u00e9clare donc Romain vainqueur<\/strong> !<\/p>\n<p style=\"text-align: justify;\"><em><strong>Mathieu Veillon<br \/>\n<a href=\"https:\/\/twitter.com\/MathieuVeillon\" target=\"_blank\" rel=\"noopener noreferrer\"><img loading=\"lazy\" decoding=\"async\" class=\"alignnone wp-image-2908\" src=\"http:\/\/dicodusport.fr\/blog\/wp-content\/uploads\/2017\/07\/logo-twitter-150x150.png\" alt=\"\" width=\"39\" height=\"39\" \/><\/a><\/strong><\/em><\/p>\n","protected":false},"excerpt":{"rendered":"<p>Chaque mercredi, les r\u00e9dacteurs de Dicodusport\u00a0entrent sur le ring et s\u2019affrontent dans un Face \u00e0 Face autour d\u2019un sujet d\u2019actualit\u00e9. Dans ce un-contre-un engag\u00e9, chaque r\u00e9dacteur ou r\u00e9dactrice tentera de convaincre son adversaire ainsi que vous, cher lecteur, qu\u2019il m\u00e9rite de remporter ce Face \u00e0 Face. Un arbitre sera alors charg\u00e9 de les d\u00e9partager et [&hellip;]<\/p>\n","protected":false},"author":21,"featured_media":15732,"comment_status":"open","ping_status":"closed","sticky":false,"template":"","format":"standard","meta":{"_acf_changed":false,"_daextam_enable_autolinks":"","footnotes":""},"categories":[2,2348,2301],"tags":[4085,75,910,4391],"class_list":["post-15678","post","type-post","status-publish","format-standard","has-post-thumbnail","hentry","category-actualites","category-face-a-face","category-football","tag-dortmund","tag-football","tag-psg","tag-thomas-tuchel"],"acf":[],"yoast_head":"<!-- This site is optimized with the Yoast SEO Premium plugin v26.7 (Yoast SEO v26.7) - https:\/\/yoast.com\/wordpress\/plugins\/seo\/ -->\n<title>Face \u00e0 Face - Foot : Thomas Tuchel est-il fait pour le PSG ?<\/title>\n<meta name=\"description\" content=\"Aujourd&#039;hui dans l&#039;habituel Face-\u00e0-Face du mercredi, nos deux experts Romain et Nicolas vont d\u00e9battre du potentiel futur-entra\u00eeneur\u00a0du PSG, Thomas Tuchel : l&#039;ex coach du Borussia Dortmund est-il fait pour le PSG ? Mathieu arbitrera ce d\u00e9bat.\" \/>\n<meta name=\"robots\" content=\"index, follow, max-snippet:-1, max-image-preview:large, max-video-preview:-1\" \/>\n<link rel=\"canonical\" href=\"https:\/\/dicodusport.fr\/blog\/thomas-tuchel-est-il-fait-pour-le-psg\/\" \/>\n<meta property=\"og:locale\" content=\"fr_FR\" \/>\n<meta property=\"og:type\" content=\"article\" \/>\n<meta property=\"og:title\" content=\"Face \u00e0 Face - Foot : Thomas Tuchel est-il fait pour le PSG ?\" \/>\n<meta property=\"og:description\" content=\"Aujourd&#039;hui dans l&#039;habituel Face-\u00e0-Face du mercredi, nos deux experts Romain et Nicolas vont d\u00e9battre du potentiel futur-entra\u00eeneur\u00a0du PSG, Thomas Tuchel : l&#039;ex coach du Borussia Dortmund est-il fait pour le PSG ? Mathieu arbitrera ce d\u00e9bat.\" \/>\n<meta property=\"og:url\" content=\"https:\/\/dicodusport.fr\/blog\/thomas-tuchel-est-il-fait-pour-le-psg\/\" \/>\n<meta property=\"og:site_name\" content=\"Dicodusport\" \/>\n<meta property=\"article:publisher\" content=\"https:\/\/www.facebook.com\/dicodusport\" \/>\n<meta property=\"article:published_time\" content=\"2018-04-04T10:00:22+00:00\" \/>\n<meta property=\"article:modified_time\" content=\"2018-04-10T19:09:18+00:00\" \/>\n<meta property=\"og:image\" content=\"https:\/\/dicodusport.fr\/blog\/wp-content\/uploads\/2018\/04\/Tuchel-1.png\" \/>\n\t<meta property=\"og:image:width\" content=\"800\" \/>\n\t<meta property=\"og:image:height\" content=\"445\" \/>\n\t<meta property=\"og:image:type\" content=\"image\/png\" \/>\n<meta name=\"author\" content=\"Mathieu Veillon\" \/>\n<meta name=\"twitter:card\" content=\"summary_large_image\" \/>\n<meta name=\"twitter:creator\" content=\"@https:\/\/twitter.com\/MathieuVeillon\" \/>\n<meta name=\"twitter:site\" content=\"@dicodusport\" \/>\n<script type=\"application\/ld+json\" class=\"yoast-schema-graph\">{\"@context\":\"https:\/\/schema.org\",\"@graph\":[{\"@type\":\"NewsArticle\",\"@id\":\"https:\/\/dicodusport.fr\/blog\/thomas-tuchel-est-il-fait-pour-le-psg\/#article\",\"isPartOf\":{\"@id\":\"https:\/\/dicodusport.fr\/blog\/thomas-tuchel-est-il-fait-pour-le-psg\/\"},\"author\":{\"name\":\"Mathieu Veillon\",\"@id\":\"https:\/\/dicodusport.fr\/blog\/#\/schema\/person\/9731cdc747db1ceb457a2bfa9180a806\"},\"headline\":\"Face \u00e0 Face &#8211; Foot : Thomas Tuchel est-il fait pour le PSG ?\",\"datePublished\":\"2018-04-04T10:00:22+00:00\",\"dateModified\":\"2018-04-10T19:09:18+00:00\",\"mainEntityOfPage\":{\"@id\":\"https:\/\/dicodusport.fr\/blog\/thomas-tuchel-est-il-fait-pour-le-psg\/\"},\"wordCount\":796,\"commentCount\":0,\"publisher\":{\"@id\":\"https:\/\/dicodusport.fr\/blog\/#organization\"},\"image\":{\"@id\":\"https:\/\/dicodusport.fr\/blog\/thomas-tuchel-est-il-fait-pour-le-psg\/#primaryimage\"},\"thumbnailUrl\":\"https:\/\/dicodusport.fr\/blog\/wp-content\/uploads\/2018\/04\/Tuchel-1.png\",\"keywords\":[\"Dortmund\",\"Football\",\"PSG\",\"Thomas Tuchel\"],\"articleSection\":[\"Actualit\u00e9s\",\"Face \u00e0 face\",\"Football\"],\"inLanguage\":\"fr-FR\",\"potentialAction\":[{\"@type\":\"CommentAction\",\"name\":\"Comment\",\"target\":[\"https:\/\/dicodusport.fr\/blog\/thomas-tuchel-est-il-fait-pour-le-psg\/#respond\"]}],\"copyrightYear\":\"2018\",\"copyrightHolder\":{\"@id\":\"https:\/\/dicodusport.fr\/blog\/#organization\"}},{\"@type\":\"WebPage\",\"@id\":\"https:\/\/dicodusport.fr\/blog\/thomas-tuchel-est-il-fait-pour-le-psg\/\",\"url\":\"https:\/\/dicodusport.fr\/blog\/thomas-tuchel-est-il-fait-pour-le-psg\/\",\"name\":\"Face \u00e0 Face - Foot : Thomas Tuchel est-il fait pour le PSG ?\",\"isPartOf\":{\"@id\":\"https:\/\/dicodusport.fr\/blog\/#website\"},\"primaryImageOfPage\":{\"@id\":\"https:\/\/dicodusport.fr\/blog\/thomas-tuchel-est-il-fait-pour-le-psg\/#primaryimage\"},\"image\":{\"@id\":\"https:\/\/dicodusport.fr\/blog\/thomas-tuchel-est-il-fait-pour-le-psg\/#primaryimage\"},\"thumbnailUrl\":\"https:\/\/dicodusport.fr\/blog\/wp-content\/uploads\/2018\/04\/Tuchel-1.png\",\"datePublished\":\"2018-04-04T10:00:22+00:00\",\"dateModified\":\"2018-04-10T19:09:18+00:00\",\"description\":\"Aujourd'hui dans l'habituel Face-\u00e0-Face du mercredi, nos deux experts Romain et Nicolas vont d\u00e9battre du potentiel futur-entra\u00eeneur\u00a0du PSG, Thomas Tuchel : l'ex coach du Borussia Dortmund est-il fait pour le PSG ? Mathieu arbitrera ce d\u00e9bat.\",\"breadcrumb\":{\"@id\":\"https:\/\/dicodusport.fr\/blog\/thomas-tuchel-est-il-fait-pour-le-psg\/#breadcrumb\"},\"inLanguage\":\"fr-FR\",\"potentialAction\":[{\"@type\":\"ReadAction\",\"target\":[\"https:\/\/dicodusport.fr\/blog\/thomas-tuchel-est-il-fait-pour-le-psg\/\"]}]},{\"@type\":\"ImageObject\",\"inLanguage\":\"fr-FR\",\"@id\":\"https:\/\/dicodusport.fr\/blog\/thomas-tuchel-est-il-fait-pour-le-psg\/#primaryimage\",\"url\":\"https:\/\/dicodusport.fr\/blog\/wp-content\/uploads\/2018\/04\/Tuchel-1.png\",\"contentUrl\":\"https:\/\/dicodusport.fr\/blog\/wp-content\/uploads\/2018\/04\/Tuchel-1.png\",\"width\":800,\"height\":445},{\"@type\":\"BreadcrumbList\",\"@id\":\"https:\/\/dicodusport.fr\/blog\/thomas-tuchel-est-il-fait-pour-le-psg\/#breadcrumb\",\"itemListElement\":[{\"@type\":\"ListItem\",\"position\":1,\"name\":\"Accueil\",\"item\":\"https:\/\/dicodusport.fr\/blog\/\"},{\"@type\":\"ListItem\",\"position\":2,\"name\":\"Face \u00e0 Face &#8211; Foot : Thomas Tuchel est-il fait pour le PSG ?\"}]},{\"@type\":\"WebSite\",\"@id\":\"https:\/\/dicodusport.fr\/blog\/#website\",\"url\":\"https:\/\/dicodusport.fr\/blog\/\",\"name\":\"Dicodusport\",\"description\":\"L&#039;encyclop\u00e9die de l&#039;actualit\u00e9 sportive\",\"publisher\":{\"@id\":\"https:\/\/dicodusport.fr\/blog\/#organization\"},\"potentialAction\":[{\"@type\":\"SearchAction\",\"target\":{\"@type\":\"EntryPoint\",\"urlTemplate\":\"https:\/\/dicodusport.fr\/blog\/?s={search_term_string}\"},\"query-input\":{\"@type\":\"PropertyValueSpecification\",\"valueRequired\":true,\"valueName\":\"search_term_string\"}}],\"inLanguage\":\"fr-FR\"},{\"@type\":\"NewsMediaOrganization\",\"@id\":\"https:\/\/dicodusport.fr\/blog\/#organization\",\"name\":\"Dicodusport\",\"url\":\"https:\/\/dicodusport.fr\/blog\/\",\"logo\":{\"@type\":\"ImageObject\",\"inLanguage\":\"fr-FR\",\"@id\":\"https:\/\/dicodusport.fr\/blog\/#\/schema\/logo\/image\/\",\"url\":\"https:\/\/dicodusport.fr\/blog\/wp-content\/uploads\/2020\/06\/cropped-LOGO-DICODUSPORT-2020-SANS-FOND-SANS-TEXTE.png\",\"contentUrl\":\"https:\/\/dicodusport.fr\/blog\/wp-content\/uploads\/2020\/06\/cropped-LOGO-DICODUSPORT-2020-SANS-FOND-SANS-TEXTE.png\",\"width\":512,\"height\":512,\"caption\":\"Dicodusport\"},\"image\":{\"@id\":\"https:\/\/dicodusport.fr\/blog\/#\/schema\/logo\/image\/\"},\"sameAs\":[\"https:\/\/www.facebook.com\/dicodusport\",\"https:\/\/x.com\/dicodusport\",\"https:\/\/www.instagram.com\/dicodusport\/\",\"https:\/\/www.youtube.com\/channel\/UC7V2KZ5sd3htJivAbA4ZG3w\"],\"description\":\"Dicodusport est l'encyclop\u00e9die de l'actualit\u00e9 sportive.\",\"email\":\"bonjour@dicodusport.fr\",\"legalName\":\"DICODUSPORT\",\"foundingDate\":\"2018-01-14\",\"vatID\":\"FR71834470973\",\"taxID\":\"83447097300043\",\"numberOfEmployees\":{\"@type\":\"QuantitativeValue\",\"minValue\":\"1\",\"maxValue\":\"10\"}},{\"@type\":\"Person\",\"@id\":\"https:\/\/dicodusport.fr\/blog\/#\/schema\/person\/9731cdc747db1ceb457a2bfa9180a806\",\"name\":\"Mathieu Veillon\",\"image\":{\"@type\":\"ImageObject\",\"inLanguage\":\"fr-FR\",\"@id\":\"https:\/\/dicodusport.fr\/blog\/#\/schema\/person\/image\/\",\"url\":\"https:\/\/dicodusport.fr\/blog\/wp-content\/uploads\/2021\/05\/Mathieu-Veillon-150x150.jpg\",\"contentUrl\":\"https:\/\/dicodusport.fr\/blog\/wp-content\/uploads\/2021\/05\/Mathieu-Veillon-150x150.jpg\",\"caption\":\"Mathieu Veillon\"},\"description\":\"Journaliste\/r\u00e9dacteur depuis septembre 2015 - Ma d\u00e9finition du bonheur ? Une galette-saucisse au Roazhon Park ou un caf\u00e9 devant un Lakers\/Celtics au petit matin. Fid\u00e8le membre de la team insomniaque de la r\u00e9dac, j\u2019ai le pouvoir de rester \u00e9veill\u00e9 jusqu\u2019\u00e0 l\u2019aube pour faire vivre aux lecteurs ma passion du sport. Ainsi, j\u2019\u00e9cris principalement sur la NBA, le biathlon, le cyclisme ou encore la F1. Comptez dans mes exploits sportifs le fait d\u2019avoir fait gagner le Tour de France 2018 \u00e0 Tony Gallopin sur Pro Cycling Manager, ou encore d\u2019avoir men\u00e9 l\u2019\u00e9quipe nationale de Bretagne en finale de Coupe du monde sur Football Manager.\",\"sameAs\":[\"https:\/\/x.com\/https:\/\/twitter.com\/MathieuVeillon\"],\"url\":\"https:\/\/dicodusport.fr\/blog\/author\/mathieu\/\"}]}<\/script>\n<!-- \/ Yoast SEO Premium plugin. -->","yoast_head_json":{"title":"Face \u00e0 Face - Foot : Thomas Tuchel est-il fait pour le PSG ?","description":"Aujourd'hui dans l'habituel Face-\u00e0-Face du mercredi, nos deux experts Romain et Nicolas vont d\u00e9battre du potentiel futur-entra\u00eeneur\u00a0du PSG, Thomas Tuchel : l'ex coach du Borussia Dortmund est-il fait pour le PSG ? Mathieu arbitrera ce d\u00e9bat.","robots":{"index":"index","follow":"follow","max-snippet":"max-snippet:-1","max-image-preview":"max-image-preview:large","max-video-preview":"max-video-preview:-1"},"canonical":"https:\/\/dicodusport.fr\/blog\/thomas-tuchel-est-il-fait-pour-le-psg\/","og_locale":"fr_FR","og_type":"article","og_title":"Face \u00e0 Face - Foot : Thomas Tuchel est-il fait pour le PSG ?","og_description":"Aujourd'hui dans l'habituel Face-\u00e0-Face du mercredi, nos deux experts Romain et Nicolas vont d\u00e9battre du potentiel futur-entra\u00eeneur\u00a0du PSG, Thomas Tuchel : l'ex coach du Borussia Dortmund est-il fait pour le PSG ? Mathieu arbitrera ce d\u00e9bat.","og_url":"https:\/\/dicodusport.fr\/blog\/thomas-tuchel-est-il-fait-pour-le-psg\/","og_site_name":"Dicodusport","article_publisher":"https:\/\/www.facebook.com\/dicodusport","article_published_time":"2018-04-04T10:00:22+00:00","article_modified_time":"2018-04-10T19:09:18+00:00","og_image":[{"width":800,"height":445,"url":"https:\/\/dicodusport.fr\/blog\/wp-content\/uploads\/2018\/04\/Tuchel-1.png","type":"image\/png"}],"author":"Mathieu Veillon","twitter_card":"summary_large_image","twitter_creator":"@https:\/\/twitter.com\/MathieuVeillon","twitter_site":"@dicodusport","schema":{"@context":"https:\/\/schema.org","@graph":[{"@type":"NewsArticle","@id":"https:\/\/dicodusport.fr\/blog\/thomas-tuchel-est-il-fait-pour-le-psg\/#article","isPartOf":{"@id":"https:\/\/dicodusport.fr\/blog\/thomas-tuchel-est-il-fait-pour-le-psg\/"},"author":{"name":"Mathieu Veillon","@id":"https:\/\/dicodusport.fr\/blog\/#\/schema\/person\/9731cdc747db1ceb457a2bfa9180a806"},"headline":"Face \u00e0 Face &#8211; Foot : Thomas Tuchel est-il fait pour le PSG ?","datePublished":"2018-04-04T10:00:22+00:00","dateModified":"2018-04-10T19:09:18+00:00","mainEntityOfPage":{"@id":"https:\/\/dicodusport.fr\/blog\/thomas-tuchel-est-il-fait-pour-le-psg\/"},"wordCount":796,"commentCount":0,"publisher":{"@id":"https:\/\/dicodusport.fr\/blog\/#organization"},"image":{"@id":"https:\/\/dicodusport.fr\/blog\/thomas-tuchel-est-il-fait-pour-le-psg\/#primaryimage"},"thumbnailUrl":"https:\/\/dicodusport.fr\/blog\/wp-content\/uploads\/2018\/04\/Tuchel-1.png","keywords":["Dortmund","Football","PSG","Thomas Tuchel"],"articleSection":["Actualit\u00e9s","Face \u00e0 face","Football"],"inLanguage":"fr-FR","potentialAction":[{"@type":"CommentAction","name":"Comment","target":["https:\/\/dicodusport.fr\/blog\/thomas-tuchel-est-il-fait-pour-le-psg\/#respond"]}],"copyrightYear":"2018","copyrightHolder":{"@id":"https:\/\/dicodusport.fr\/blog\/#organization"}},{"@type":"WebPage","@id":"https:\/\/dicodusport.fr\/blog\/thomas-tuchel-est-il-fait-pour-le-psg\/","url":"https:\/\/dicodusport.fr\/blog\/thomas-tuchel-est-il-fait-pour-le-psg\/","name":"Face \u00e0 Face - Foot : Thomas Tuchel est-il fait pour le PSG ?","isPartOf":{"@id":"https:\/\/dicodusport.fr\/blog\/#website"},"primaryImageOfPage":{"@id":"https:\/\/dicodusport.fr\/blog\/thomas-tuchel-est-il-fait-pour-le-psg\/#primaryimage"},"image":{"@id":"https:\/\/dicodusport.fr\/blog\/thomas-tuchel-est-il-fait-pour-le-psg\/#primaryimage"},"thumbnailUrl":"https:\/\/dicodusport.fr\/blog\/wp-content\/uploads\/2018\/04\/Tuchel-1.png","datePublished":"2018-04-04T10:00:22+00:00","dateModified":"2018-04-10T19:09:18+00:00","description":"Aujourd'hui dans l'habituel Face-\u00e0-Face du mercredi, nos deux experts Romain et Nicolas vont d\u00e9battre du potentiel futur-entra\u00eeneur\u00a0du PSG, Thomas Tuchel : l'ex coach du Borussia Dortmund est-il fait pour le PSG ? Mathieu arbitrera ce d\u00e9bat.","breadcrumb":{"@id":"https:\/\/dicodusport.fr\/blog\/thomas-tuchel-est-il-fait-pour-le-psg\/#breadcrumb"},"inLanguage":"fr-FR","potentialAction":[{"@type":"ReadAction","target":["https:\/\/dicodusport.fr\/blog\/thomas-tuchel-est-il-fait-pour-le-psg\/"]}]},{"@type":"ImageObject","inLanguage":"fr-FR","@id":"https:\/\/dicodusport.fr\/blog\/thomas-tuchel-est-il-fait-pour-le-psg\/#primaryimage","url":"https:\/\/dicodusport.fr\/blog\/wp-content\/uploads\/2018\/04\/Tuchel-1.png","contentUrl":"https:\/\/dicodusport.fr\/blog\/wp-content\/uploads\/2018\/04\/Tuchel-1.png","width":800,"height":445},{"@type":"BreadcrumbList","@id":"https:\/\/dicodusport.fr\/blog\/thomas-tuchel-est-il-fait-pour-le-psg\/#breadcrumb","itemListElement":[{"@type":"ListItem","position":1,"name":"Accueil","item":"https:\/\/dicodusport.fr\/blog\/"},{"@type":"ListItem","position":2,"name":"Face \u00e0 Face &#8211; Foot : Thomas Tuchel est-il fait pour le PSG ?"}]},{"@type":"WebSite","@id":"https:\/\/dicodusport.fr\/blog\/#website","url":"https:\/\/dicodusport.fr\/blog\/","name":"Dicodusport","description":"L&#039;encyclop\u00e9die de l&#039;actualit\u00e9 sportive","publisher":{"@id":"https:\/\/dicodusport.fr\/blog\/#organization"},"potentialAction":[{"@type":"SearchAction","target":{"@type":"EntryPoint","urlTemplate":"https:\/\/dicodusport.fr\/blog\/?s={search_term_string}"},"query-input":{"@type":"PropertyValueSpecification","valueRequired":true,"valueName":"search_term_string"}}],"inLanguage":"fr-FR"},{"@type":"NewsMediaOrganization","@id":"https:\/\/dicodusport.fr\/blog\/#organization","name":"Dicodusport","url":"https:\/\/dicodusport.fr\/blog\/","logo":{"@type":"ImageObject","inLanguage":"fr-FR","@id":"https:\/\/dicodusport.fr\/blog\/#\/schema\/logo\/image\/","url":"https:\/\/dicodusport.fr\/blog\/wp-content\/uploads\/2020\/06\/cropped-LOGO-DICODUSPORT-2020-SANS-FOND-SANS-TEXTE.png","contentUrl":"https:\/\/dicodusport.fr\/blog\/wp-content\/uploads\/2020\/06\/cropped-LOGO-DICODUSPORT-2020-SANS-FOND-SANS-TEXTE.png","width":512,"height":512,"caption":"Dicodusport"},"image":{"@id":"https:\/\/dicodusport.fr\/blog\/#\/schema\/logo\/image\/"},"sameAs":["https:\/\/www.facebook.com\/dicodusport","https:\/\/x.com\/dicodusport","https:\/\/www.instagram.com\/dicodusport\/","https:\/\/www.youtube.com\/channel\/UC7V2KZ5sd3htJivAbA4ZG3w"],"description":"Dicodusport est l'encyclop\u00e9die de l'actualit\u00e9 sportive.","email":"bonjour@dicodusport.fr","legalName":"DICODUSPORT","foundingDate":"2018-01-14","vatID":"FR71834470973","taxID":"83447097300043","numberOfEmployees":{"@type":"QuantitativeValue","minValue":"1","maxValue":"10"}},{"@type":"Person","@id":"https:\/\/dicodusport.fr\/blog\/#\/schema\/person\/9731cdc747db1ceb457a2bfa9180a806","name":"Mathieu Veillon","image":{"@type":"ImageObject","inLanguage":"fr-FR","@id":"https:\/\/dicodusport.fr\/blog\/#\/schema\/person\/image\/","url":"https:\/\/dicodusport.fr\/blog\/wp-content\/uploads\/2021\/05\/Mathieu-Veillon-150x150.jpg","contentUrl":"https:\/\/dicodusport.fr\/blog\/wp-content\/uploads\/2021\/05\/Mathieu-Veillon-150x150.jpg","caption":"Mathieu Veillon"},"description":"Journaliste\/r\u00e9dacteur depuis septembre 2015 - Ma d\u00e9finition du bonheur ? Une galette-saucisse au Roazhon Park ou un caf\u00e9 devant un Lakers\/Celtics au petit matin. Fid\u00e8le membre de la team insomniaque de la r\u00e9dac, j\u2019ai le pouvoir de rester \u00e9veill\u00e9 jusqu\u2019\u00e0 l\u2019aube pour faire vivre aux lecteurs ma passion du sport. Ainsi, j\u2019\u00e9cris principalement sur la NBA, le biathlon, le cyclisme ou encore la F1. Comptez dans mes exploits sportifs le fait d\u2019avoir fait gagner le Tour de France 2018 \u00e0 Tony Gallopin sur Pro Cycling Manager, ou encore d\u2019avoir men\u00e9 l\u2019\u00e9quipe nationale de Bretagne en finale de Coupe du monde sur Football Manager.","sameAs":["https:\/\/x.com\/https:\/\/twitter.com\/MathieuVeillon"],"url":"https:\/\/dicodusport.fr\/blog\/author\/mathieu\/"}]}},"_links":{"self":[{"href":"https:\/\/dicodusport.fr\/blog\/wp-json\/wp\/v2\/posts\/15678","targetHints":{"allow":["GET"]}}],"collection":[{"href":"https:\/\/dicodusport.fr\/blog\/wp-json\/wp\/v2\/posts"}],"about":[{"href":"https:\/\/dicodusport.fr\/blog\/wp-json\/wp\/v2\/types\/post"}],"author":[{"embeddable":true,"href":"https:\/\/dicodusport.fr\/blog\/wp-json\/wp\/v2\/users\/21"}],"replies":[{"embeddable":true,"href":"https:\/\/dicodusport.fr\/blog\/wp-json\/wp\/v2\/comments?post=15678"}],"version-history":[{"count":0,"href":"https:\/\/dicodusport.fr\/blog\/wp-json\/wp\/v2\/posts\/15678\/revisions"}],"wp:featuredmedia":[{"embeddable":true,"href":"https:\/\/dicodusport.fr\/blog\/wp-json\/wp\/v2\/media\/15732"}],"wp:attachment":[{"href":"https:\/\/dicodusport.fr\/blog\/wp-json\/wp\/v2\/media?parent=15678"}],"wp:term":[{"taxonomy":"category","embeddable":true,"href":"https:\/\/dicodusport.fr\/blog\/wp-json\/wp\/v2\/categories?post=15678"},{"taxonomy":"post_tag","embeddable":true,"href":"https:\/\/dicodusport.fr\/blog\/wp-json\/wp\/v2\/tags?post=15678"}],"curies":[{"name":"wp","href":"https:\/\/api.w.org\/{rel}","templated":true}]}}