{"id":15687,"date":"2018-04-07T12:00:00","date_gmt":"2018-04-07T10:00:00","guid":{"rendered":"http:\/\/dicodusport.fr\/blog\/?p=15687"},"modified":"2018-04-07T11:24:05","modified_gmt":"2018-04-07T09:24:05","slug":"paris-roubaix-2018-qui-levera-les-bras-sur-ligne-velodrome","status":"publish","type":"post","link":"https:\/\/dicodusport.fr\/blog\/paris-roubaix-2018-qui-levera-les-bras-sur-ligne-velodrome\/","title":{"rendered":"Paris-Roubaix 2018 : qui l\u00e8vera les bras sur la ligne du V\u00e9lodrome ?"},"content":{"rendered":"<p style=\"text-align: justify;\"><em><strong>Pour sa 115\u00e8me \u00e9dition, 54,5 kilom\u00e8tres de pav\u00e9s attendent les coureurs de Paris-Roubaix dimanche, dont les fameux secteurs habituels de la Trou\u00e9e d\u2019Arenberg, de Mons-en-P\u00e9v\u00e8le et du Carrefour de l\u2019Arbre. Au d\u00e9part de Compi\u00e8gne, qui seront les favoris pour gagner l&rsquo;Enfer du Nord ?<\/strong><\/em><\/p>\n<p style=\"text-align: justify;\"><em>\u00ab Dimanche, il restera quand m\u00eame des zones pi\u00e9geuses et c\u2019est vraiment ce genre de Paris-Roubaix qui est le plus d\u00e9licat, avec une succession d\u2019endroits secs et d\u2019endroits humides. Et c\u2019est l\u00e0 qu\u2019il y a le plus de risques de chutes en fait. Donc je pense que, pour dimanche, on va vers un Paris-Roubaix \u00e0 risques. \u00bb<\/em>\u00a0Thierry Gouvenou, le directeur de la course, a d\u00e9j\u00e0 pr\u00e9venu les coureurs : l&rsquo;Enfer du Nord portera bien son nom ce week-end, surtout avec un temps plut\u00f4t incertain. Et dans ces conditions, les al\u00e9as de la course pourraient rajouter du piment \u00e0 une \u00e9preuve dont il n&rsquo;y a cette ann\u00e9e aucun <strong>favori<\/strong> clair, mais beaucoup d&rsquo;outsiders :<\/p>\n<hr \/>\n<h4 style=\"text-align: center;\">Greg Van Avermaet<\/h4>\n<div id=\"attachment_15800\" style=\"width: 670px\" class=\"wp-caption aligncenter\"><img loading=\"lazy\" decoding=\"async\" aria-describedby=\"caption-attachment-15800\" class=\"wp-image-15800 size-large\" src=\"http:\/\/dicodusport.fr\/blog\/wp-content\/uploads\/2018\/04\/van-avermaet-1024x666.jpg\" alt=\"Paris-Roubaix\" width=\"660\" height=\"429\" srcset=\"https:\/\/dicodusport.fr\/blog\/wp-content\/uploads\/2018\/04\/van-avermaet-1024x666.jpg 1024w, https:\/\/dicodusport.fr\/blog\/wp-content\/uploads\/2018\/04\/van-avermaet-300x195.jpg 300w, https:\/\/dicodusport.fr\/blog\/wp-content\/uploads\/2018\/04\/van-avermaet-768x499.jpg 768w, https:\/\/dicodusport.fr\/blog\/wp-content\/uploads\/2018\/04\/van-avermaet.jpg 1100w\" sizes=\"auto, (max-width: 660px) 100vw, 660px\" \/><p id=\"caption-attachment-15800\" class=\"wp-caption-text\">Le tenant du titre est l&rsquo;un des nombreux <strong>favoris<\/strong> cette ann\u00e9e (Photo : Eric Lalmand)<\/p><\/div>\n<p style=\"text-align: justify;\">Peu \u00e0 son avantage sur le Tour des Flandres le week-end dernier, le Belge reste un des hommes \u00e0 surveiller attentivement. D\u00e9j\u00e0 vainqueur l&rsquo;an dernier, ce qui lui enl\u00e8ve la pression de la victoire, il pourra compter sur une \u00e9quipe forte derri\u00e8re lui : son lieutenant<strong> Jurgen Roelandts<\/strong> et les habitu\u00e9s des classiques <strong>Drucker<\/strong>, <strong>K\u00fcng<\/strong> ou encore <strong>Sch\u00e4r<\/strong>. Avec des r\u00e9sultats tr\u00e8s moyens cette saison (son meilleur classement reste sa 3\u00e8me place sur le GP E3) et des classiques o\u00f9 il s&rsquo;est montr\u00e9 tr\u00e8s discret, <strong>Van Avermaet<\/strong> s&rsquo;est un peu fait oublier. Saura-t-il en jouer pour surprendre ses adversaires ?<\/p>\n<hr \/>\n<h4 style=\"text-align: center;\">Peter Sagan<\/h4>\n<div id=\"attachment_15808\" style=\"width: 680px\" class=\"wp-caption aligncenter\"><img loading=\"lazy\" decoding=\"async\" aria-describedby=\"caption-attachment-15808\" class=\"wp-image-15808 size-full\" src=\"http:\/\/dicodusport.fr\/blog\/wp-content\/uploads\/2018\/04\/sagan.jpg\" alt=\"Paris-Roubaix\" width=\"670\" height=\"446\" srcset=\"https:\/\/dicodusport.fr\/blog\/wp-content\/uploads\/2018\/04\/sagan.jpg 670w, https:\/\/dicodusport.fr\/blog\/wp-content\/uploads\/2018\/04\/sagan-300x200.jpg 300w\" sizes=\"auto, (max-width: 670px) 100vw, 670px\" \/><p id=\"caption-attachment-15808\" class=\"wp-caption-text\">Est-ce enfin l&rsquo;ann\u00e9e de Sagan sur l&rsquo;Enfer du Nord ? (Photo : Tim de Waele)<\/p><\/div>\n<p style=\"text-align: justify;\">Nous en <a href=\"https:\/\/dicodusport.fr\/blog\/face-a-face-peter-sagan-est-il-meilleur-coureur-classiques-21-eme-siecle\/\">d\u00e9battions la semaine derni\u00e8re<\/a>, <strong>Peter\u00a0Sagan<\/strong> a les moyens de devenir un des meilleurs coureurs de classiques du 21\u00e8me si\u00e8cle. La condition pour qu&rsquo;il puisse pr\u00e9tendre \u00e0 ce titre, c&rsquo;est d&rsquo;enfin remporter Paris-Roubaix, une course qui lui \u00e9chappe depuis quelques ann\u00e9es. Avec son maillot arc-en-ciel, il aura encore les regards braqu\u00e9s sur lui pendant la course et surtout en cas d&rsquo;arriv\u00e9e au sprint o\u00f9 il sera l&rsquo;un des favoris avec des Kristoff, D\u00e9mare ou Degenkolb s&rsquo;ils sont encore pr\u00e9sent en t\u00eate de course. Pour l&rsquo;\u00e9pauler, <strong>Daniel Oss<\/strong> a fait le boulot sur le Tour des Flandres et il pourra aussi compter sur <strong>Burghardt<\/strong> et <strong>Bodnar<\/strong>.<\/p>\n<hr \/>\n<h4 style=\"text-align: center;\">La Team Quick-Step<\/h4>\n<div id=\"attachment_15812\" style=\"width: 671px\" class=\"wp-caption aligncenter\"><img loading=\"lazy\" decoding=\"async\" aria-describedby=\"caption-attachment-15812\" class=\"wp-image-15812 size-full\" src=\"http:\/\/dicodusport.fr\/blog\/wp-content\/uploads\/2018\/04\/Quick-Step.png\" alt=\"Paris-Roubaix\" width=\"661\" height=\"467\" srcset=\"https:\/\/dicodusport.fr\/blog\/wp-content\/uploads\/2018\/04\/Quick-Step.png 661w, https:\/\/dicodusport.fr\/blog\/wp-content\/uploads\/2018\/04\/Quick-Step-300x212.png 300w\" sizes=\"auto, (max-width: 661px) 100vw, 661px\" \/><p id=\"caption-attachment-15812\" class=\"wp-caption-text\">L&rsquo;\u00e9quipe la plus redoutable sur ce Paris-Roubaix (Photo : Belga)<\/p><\/div>\n<p style=\"text-align: justify;\">Avec plusieurs atouts dans sa manche, l&rsquo;\u00e9quipe Quick-Step aura plusieurs cartes \u00e0 jouer ce dimanche :<\/p>\n<ul>\n<li style=\"text-align: justify;\">D&rsquo;abord avec <strong>Niki Terpstra<\/strong>, impressionnant vainqueur du Tour des Flandres dimanche dernier, et qui a montr\u00e9 qu&rsquo;il est capable de r\u00e9sister \u00e0 tous les autres favoris avec ses qualit\u00e9s de rouleur.<\/li>\n<li><strong>Yves Lampaert<\/strong>, lui aussi vainqueur cette saison (\u00c0 travers la Flandres) aura un profil encore plus offensif : \u00e0 l&rsquo;attaque sur toute la campagne flandrienne, il renouvellera l&rsquo;exp\u00e9rience \u00e0 coup s\u00fbr dimanche.<\/li>\n<li><strong>Philippe Gilbert<\/strong> et <strong>Zdenek Stybar<\/strong> pourront \u00e9galement tenter leur chance ou servir d&rsquo;\u00e9quipiers de luxe, deux options qui laissent du choix \u00e0 la Quick-Step.<\/li>\n<li><strong>Florian S\u00e9n\u00e9chal<\/strong>, <strong>Tim Declercq<\/strong> et <strong>Iljo Keisse<\/strong> sauront rouler derri\u00e8re des \u00e9chapp\u00e9s dangereux ou des outsiders qui attaquent, les 3 \u00e9tant des habitu\u00e9s des routes pav\u00e9es.<\/li>\n<\/ul>\n<hr \/>\n<h4 style=\"text-align: center;\">Sep Vanmarcke<\/h4>\n<div id=\"attachment_15819\" style=\"width: 680px\" class=\"wp-caption aligncenter\"><img loading=\"lazy\" decoding=\"async\" aria-describedby=\"caption-attachment-15819\" class=\"wp-image-15819 size-full\" src=\"http:\/\/dicodusport.fr\/blog\/wp-content\/uploads\/2018\/04\/Vanmarcke.jpg\" alt=\"Paris-Roubaix\" width=\"670\" height=\"446\" srcset=\"https:\/\/dicodusport.fr\/blog\/wp-content\/uploads\/2018\/04\/Vanmarcke.jpg 670w, https:\/\/dicodusport.fr\/blog\/wp-content\/uploads\/2018\/04\/Vanmarcke-300x200.jpg 300w\" sizes=\"auto, (max-width: 670px) 100vw, 670px\" \/><p id=\"caption-attachment-15819\" class=\"wp-caption-text\">Le pur sp\u00e9cialiste des pav\u00e9s tentera de s&rsquo;imposer en costaud (Photo : Tim de Waele)<\/p><\/div>\n<p style=\"text-align: justify;\">Avec un palmar\u00e8s assez vierge au vu de ses qualit\u00e9s sur les classiques du Nord, Paris-Roubaix est la course id\u00e9ale pour que <strong>Sep Vanmarcke<\/strong> s&rsquo;affirme enfin. Malheureusement, ce qui joue souvent en d\u00e9faveur du coureur de chez\u00a0Education First-Drapac, c&rsquo;est sa faible pointe de vitesse qui l&rsquo;oblige \u00e0 jouer ses coups en solo. Malgr\u00e9 une \u00e9quipe un peu moins forte que celles des autres favoris, Vanmarcke reste un homme fort sur les pav\u00e9s et donc un adversaire \u00e0 ne pas sous-estimer cette ann\u00e9e.<\/p>\n<hr \/>\n<h4 style=\"text-align: center;\">Les surprises potentielles<\/h4>\n<div id=\"attachment_15829\" style=\"width: 660px\" class=\"wp-caption aligncenter\"><img loading=\"lazy\" decoding=\"async\" aria-describedby=\"caption-attachment-15829\" class=\"wp-image-15829\" src=\"http:\/\/dicodusport.fr\/blog\/wp-content\/uploads\/2018\/04\/Hayman.jpg\" alt=\"Paris-Roubaix\" width=\"650\" height=\"433\" srcset=\"https:\/\/dicodusport.fr\/blog\/wp-content\/uploads\/2018\/04\/Hayman.jpg 1000w, https:\/\/dicodusport.fr\/blog\/wp-content\/uploads\/2018\/04\/Hayman-300x200.jpg 300w, https:\/\/dicodusport.fr\/blog\/wp-content\/uploads\/2018\/04\/Hayman-768x511.jpg 768w\" sizes=\"auto, (max-width: 650px) 100vw, 650px\" \/><p id=\"caption-attachment-15829\" class=\"wp-caption-text\">\u00c0 l&rsquo;instar d&rsquo;Hayman en 2016, une surprise reste possible (Photo : ASO)<\/p><\/div>\n<p style=\"text-align: justify;\">Parti dans l&rsquo;\u00e9chapp\u00e9e initiale sur l&rsquo;\u00e9dition 2016 de Paris-Roubaix, <strong>Mathew Hayman<\/strong> avait cr\u00e9e la surprise en l&#8217;emportant au sprint devant la l\u00e9gende Tom Boonen. S&rsquo;il sera de la partie encore cette ann\u00e9e chez Mitchelton-Scott, d&rsquo;autres coureurs peuvent suivre sa voie et cr\u00e9er la surprise :<\/p>\n<ul>\n<li style=\"text-align: justify;\">En cas d&rsquo;arriv\u00e9e au sprint, attention \u00e0 <strong>Degenkolb<\/strong>, <strong>Boasson-Hagen<\/strong>, <strong>Groenewegen<\/strong> ou encore <strong>Kristoff<\/strong> si l&rsquo;un d&rsquo;entre-eux arrive \u00e0 rester dans le bon groupe jusqu&rsquo;\u00e0 la fin.<\/li>\n<li style=\"text-align: justify;\"><em>\u00ab Il reste 10km et le groupe de favoris se regarde : c&rsquo;est le moment que choisit <strong>Wout Van Aert<\/strong>, <strong>Tony Martin<\/strong>, <strong>Oliver Naessen<\/strong> ou <strong>Geraint Thomas<\/strong> pour attaquer. Les favoris se regardent et personne ne roule derri\u00e8re l&rsquo;homme de t\u00eate qui va s&rsquo;imposer en solitaire. \u00bb<\/em>\u00a0Voil\u00e0 un sc\u00e9nario qui pourrait correspondre \u00e0 l&rsquo;un des coureurs que nous venons de citer.<\/li>\n<li>Gliss\u00e9s dans une \u00e9chapp\u00e9e ou dans un contre, ces coureurs peuvent aussi tirer leur \u00e9pingle du jeu : c&rsquo;est le cas de\u00a0<strong>Theuns<\/strong>, <strong>Rowe<\/strong>, <strong>Moscon<\/strong>, <strong>Pedersen<\/strong>, <strong>Cort Nielsen<\/strong> ou encore <strong>Debusschere<\/strong>.<\/li>\n<\/ul>\n<hr \/>\n<h4 style=\"text-align: center;\">Les chances fran\u00e7aises sur Paris-Roubaix<\/h4>\n<div id=\"attachment_15825\" style=\"width: 610px\" class=\"wp-caption aligncenter\"><img loading=\"lazy\" decoding=\"async\" aria-describedby=\"caption-attachment-15825\" class=\"wp-image-15825 size-full\" src=\"http:\/\/dicodusport.fr\/blog\/wp-content\/uploads\/2018\/04\/Demare.jpg\" alt=\"\" width=\"600\" height=\"399\" srcset=\"https:\/\/dicodusport.fr\/blog\/wp-content\/uploads\/2018\/04\/Demare.jpg 600w, https:\/\/dicodusport.fr\/blog\/wp-content\/uploads\/2018\/04\/Demare-300x200.jpg 300w\" sizes=\"auto, (max-width: 600px) 100vw, 600px\" \/><p id=\"caption-attachment-15825\" class=\"wp-caption-text\">Un top 10 reste possible cette ann\u00e9e pour un Tricolore (Photo : Sirotti)<\/p><\/div>\n<p style=\"text-align: justify;\">On esp\u00e8re se tromper, mais \u00e0 nouveau, nous ne verrons pas de coureurs fran\u00e7ais sur la plus haute marche du podium cette ann\u00e9e \u00e0 Roubaix. Si <strong>Arnaud D\u00e9mare<\/strong> peut esp\u00e9rer un top 10 voire un top 5, il n&rsquo;a pas sembl\u00e9 assez costaud sur le Tour des Flandres pour concurrencer les grands favoris. N\u00e9anmoins, si personne ne se d\u00e9tache et qu&rsquo;il est capable de jouer le sprint, il sera clairement dans le coup pour gagner ce Paris-Roubaix.<\/p>\n<p style=\"text-align: justify;\">Dans le m\u00eame cas de figure que D\u00e9mare mais moins forts sur le papier, <strong>Christophe Laporte<\/strong> et <strong>Adrien Petit<\/strong> viseront sans doute un joli top 10 qui serait un bon r\u00e9sultat pour les sprinteurs de Cofidis et Direct \u00c9nergie.<\/p>\n<hr \/>\n<p style=\"text-align: justify;\"><strong>Les coureurs qui peuvent potentiellement gagner Paris-Roubaix sont donc nombreux, ce qui nous promet une course passionnante et riche en rebondissements. Si en plus le temps vient rajouter un facteur chance (ou malchance pour certains), le final n&rsquo;en sera que plus incertain !<\/strong><\/p>\n<div class=\"dem-poll-shortcode\">\n<style id=\"democracy-poll\">.democracy:after{content:'';display:table;clear:both}.democracy ul li,.democracy ul{background:0 0;padding:0;margin:0}.democracy ul li:before{display:none}.democracy input[type=radio],.democracy input[type=checkbox]{margin:0;vertical-align:middle}.democracy input[type=radio]:focus,.democracy input[type=checkbox]:focus{outline:none}.democracy ul{list-style:none !important;border:none !important}.democracy ul li{list-style:none !important}input[type=submit].dem-button,a.dem-button,.dem-button{position:relative;display:inline-block;text-decoration:none;line-height:1;border:0;margin:0;padding:0;cursor:pointer;white-space:nowrap;-webkit-user-select:none;-moz-user-select:none;-ms-user-select:none;user-select:none}input[type=submit].dem-button:focus,a.dem-button:focus,.dem-button:focus{outline:none}input[type=submit].dem-button:disabled,a.dem-button:disabled,.dem-button:disabled{opacity:.6;cursor:not-allowed}a.dem-button:hover{text-decoration:none !important}.democracy{position:relative;margin:0 auto}.democracy input[type=radio],.democracy input[type=checkbox]{margin-right:.2em}.dem-screen{position:relative;line-height:1.3}.democracy ul.dem-vote{margin-bottom:1em}.democracy ul.dem-vote li{padding-bottom:0;margin-bottom:0}.democracy ul.dem-vote li>*{margin-bottom:.6em}.democracy ul.dem-answers li{padding-bottom:1em}.dem-answers .dem-label{margin-bottom:.2em;line-height:1.2}.dem-graph{position:relative;color:#555;color:rgba(0,0,0,.6);box-sizing:content-box;width:100%;display:table;height:1.2em;line-height:1.2em}.dem-fill{position:absolute;top:0;left:0;height:100%;background-color:#7cb4dd}.dem-voted-this .dem-fill{background-color:#ffc45a}.dem-votes-txt,.dem-percent-txt{position:relative;display:table-cell;padding-left:.3em;vertical-align:middle;font-size:90%}.dem-poll-info{padding-bottom:1em}.dem-poll-info:after{content:'';display:table;clear:both}.dem-poll-info>*{font-size:85%;display:block;float:right;clear:both;text-align:right;opacity:.7;line-height:1.3}.dem-vote label{float:none;display:block}.dem-results-link{display:inline-block;line-height:1;margin:.8em 1em}.dem-vote .dem-disabled{opacity:.5}.democracy .dem-bottom{padding-bottom:1em}.dem-bottom{text-align:center}.dem-bottom:after{content:'';display:table;clear:both}.dem-poll-title{display:block;margin-bottom:1.5em;margin-top:1.2em;font-size:120%}.dem-notice{z-index:10;position:absolute;top:0;border-radius:2px;width:100%;padding:1.5em 2em;text-align:center;background:rgba(247,241,212,.8);color:#6d6214}.dem-notice-close{position:absolute;top:0;right:0;padding:5px;cursor:pointer;line-height:.6;font-size:150%}.dem-notice-close:hover{color:#d26616}.dem-star{font-size:90%;vertical-align:baseline;padding-left:.3em;color:#ff4e00}.dem-poll-note{font-size:90%;padding:.5em;opacity:.8;line-height:1.3}.democracy .dem-copyright{position:absolute;bottom:-1em;right:0;text-decoration:none;border-bottom:0;color:#b2b2b2;opacity:.5;line-height:1}.democracy .dem-copyright:hover{opacity:1}.dem-add-answer{position:relative}.dem-add-answer>*{display:block}.dem-add-answer a{display:inline-block}input.dem-add-answer-txt{width:100%;box-sizing:border-box}.dem-add-answer-close{position:absolute;right:0;padding:0 .7em;cursor:pointer;color:#333}.dem-add-answer-close:hover{color:#ff2700}.dem-edit-link{display:block;position:absolute;top:0;right:0;line-height:1;text-decoration:none !important;border:none !important}.dem-edit-link svg{width:1.2em!important;fill:#6c6c6c}.dem-edit-link:hover svg{fill:#35a91d}.dem-loader{display:none;position:absolute;top:0;left:0;width:100%;height:100%}.dem-loader>*{display:table-cell;vertical-align:middle;text-align:center}.dem-loader svg{width:20%;max-width:100px;min-width:80px;margin-bottom:15%}.dem-loader [class^=dem-]{margin-bottom:15%!important}.dem__collapser{display:block;cursor:pointer;text-align:center;font-size:150%;line-height:1}.dem__collapser:hover{color:#f31;background:rgba(255,255,255,.3)}.dem__collapser.expanded{position:relative;height:1em}.dem__collapser.collapsed{position:absolute;top:0;bottom:0;right:0;left:0}.dem__collapser .arr{display:block;position:absolute;bottom:0;width:100%}.dem__collapser.collapsed .arr:before{content:\"\u25be\"}.dem__collapser.expanded .arr:before{content:\"\u25b4\"}.dem-poll-shortcode{margin-bottom:1.5em}.dem-archives .dem-elem-wrap{margin-bottom:2em;padding-bottom:20px;border-bottom:1px dashed rgba(0,0,0,.1)}.dem-archives .dem-archive-link{display:none}.dem-paging{text-align:center;margin:1.5em auto}.dem-paging>*{display:inline-block;padding:.3em .8em;border-radius:.2em;background:#e2e2e2;color:#333;text-decoration:none;text-transform:lowercase;user-select:none}.dem-paging>a{color:#333}.dem-paging>a:hover{background:#ccc;color:#333;text-decoration:none}.dem-paging .current{background:#656565;color:#fff}.dem-paging .dots{background:0 0}.democracy{border-color:#ccc;border:1px solid rgba(0,0,0,.1);background-color:#eee;background-color:rgba(0,0,0,.1);background-image:-webkit-linear-gradient(bottom,rgba(0,0,0,.05),transparent);background-image:linear-gradient(to top,rgba(0,0,0,.05),transparent);padding:1em;padding-bottom:.5em;margin-bottom:1em}.dem-poll-title{margin:0;font-size:115%;margin:-.9em;margin-bottom:1em;text-align:center;padding:1em;border-bottom:1px solid rgba(0,0,0,.1)}.dem-percent-txt,.dem-label-percent-txt{display:none}.dem-votes-txt-percent:before{content:'- ';display:inline}.dem-revote-button:before{content:'\u25c2 '}.dem-graph{background-color:rgba(255,255,255,.8)}.dem-results-link{margin-bottom:0}.dem__checkbox,.dem__radio{display:none !important}.dem__checkbox_label,.dem__radio_label{position:relative;box-sizing:content-box}.dem__checkbox_label .dem__spot{border-radius:3px}.dem__radio_label .dem__spot{border-radius:50%}.dem__checkbox_label .dem__spot,.dem__radio_label .dem__spot{position:relative;display:inline-block;vertical-align:baseline;width:.9em;height:.9em;margin-right:.3em;cursor:pointer;background:#fff;border:1px solid #ccc}.dem__checkbox_label .dem__spot:after{width:.9em;height:.32em;top:-.1em;left:.145em;border:.17em solid #333;border-top:none;border-right:none;-webkit-transform:rotate(-45deg);transform:rotate(-45deg);background:0 0}.dem__radio_label .dem__spot:after{width:.5em;height:.5em;border-radius:50%;top:50%;left:50%;-webkit-transform:translate(-50%,-50%);transform:translate(-50%,-50%);background:#333}.dem__checkbox_label .dem__spot:after,.dem__radio_label .dem__spot:after{content:'';position:absolute;opacity:0}.dem__checkbox_label:hover .dem__spot:after,.dem__radio_label:hover .dem__spot:after{opacity:.2}.dem__checkbox:checked+.dem__spot,.dem__radio:checked+.dem__spot{border-color:#999}.dem__checkbox:checked+.dem__spot:after,.dem__radio:checked+.dem__spot:after{opacity:1}.dem__checkbox:disabled+.dem__spot,.dem__radio:disabled+.dem__spot{opacity:.5}.dem__checkbox:not(:checked):disabled+.dem__spot:after,.dem__radio:not(:checked):disabled+.dem__spot:after{opacity:0}input[type=submit].dem-button,a.dem-button,.dem-button{font-size:90%;font-family:tahoma,arial,sans-serif;padding:.8em 1.6em !important;color:#fff;background:#61a9de;text-transform:uppercase}input[type=submit].dem-button:hover,a.dem-button:hover,.dem-button:hover{color:#fff;background:#3b8bc6}a.dem-button:visited{color:#fff}.dem-loader .fill{fill:#0248ed !important}.dem-loader .css-fill{background-color:#0248ed !important}.dem-loader .stroke{stroke:#0248ed !important}.dem-graph{background:#a5a5a5 !important}.dem-fill{background-color:#1c62ed !important}.dem-voted-this .dem-fill{background-color:#30a82a !important}.dem-graph{height:25px;line-height:25px}.dem-button{background-color:#f71339 !important}.dem-button{color:#efefef !important}.democracy{background-color:#fff;color:#000}.dem-poll-info{color:#000}.dem-votes-txt,.dem-percent-txt{color:#fff}<\/style>\n<div id=\"democracy-28\" class=\"democracy\" data-opts='{\"ajax_url\":\"https:\\\/\\\/dicodusport.fr\\\/blog\\\/wp-admin\\\/admin-ajax.php\",\"pid\":28,\"max_answs\":0,\"answs_max_height\":\"-1\",\"anim_speed\":\"400\",\"line_anim_speed\":1500}' ><strong class=\"dem-poll-title\">Qui va remporter Paris-Roubaix 2018 ?<\/strong><div class=\"dem-screen voted\"><ul class=\"dem-answers\" data-voted-class=\"dem-voted-this\" data-voted-txt=\"(Votre vote)\">\n\t<li  class=\"dem-winner\" title=\"11 voix - 44% des votes\" data-aid=\"119\">\n\t<div class=\"dem-label\">Peter Sagan  <span class=\"dem-label-percent-txt\">44%, 11 <span class=\"votxt\">voix<\/span><\/span><\/div>\n\t<div class=\"dem-graph\">\n\t\t<div class=\"dem-fill\" data-width=\"100%\"><\/div>\n\t\t<div class=\"dem-votes-txt\">\n\t\t\t<span class=\"dem-votes-txt-votes\">11 <span class=\"votxt\">voix<\/span><\/span>\n\t\t\t<span class=\"dem-votes-txt-percent\">44%<\/span>\n\t\t<\/div>\n\t\t<div class=\"dem-percent-txt\">11 voix - 44% des votes<\/div>\n\t<\/div>\n<\/li><li  title=\"4 voix - 16% des votes\" data-aid=\"120\">\n\t<div class=\"dem-label\">Niki Terpstra  <span class=\"dem-label-percent-txt\">16%, 4 <span class=\"votxt\">voix<\/span><\/span><\/div>\n\t<div class=\"dem-graph\">\n\t\t<div class=\"dem-fill\" data-width=\"36%\"><\/div>\n\t\t<div class=\"dem-votes-txt\">\n\t\t\t<span class=\"dem-votes-txt-votes\">4 <span class=\"votxt\">voix<\/span><\/span>\n\t\t\t<span class=\"dem-votes-txt-percent\">16%<\/span>\n\t\t<\/div>\n\t\t<div class=\"dem-percent-txt\">4 voix - 16% des votes<\/div>\n\t<\/div>\n<\/li><li  title=\"4 voix - 16% des votes\" data-aid=\"122\">\n\t<div class=\"dem-label\">Philippe Gilbert  <span class=\"dem-label-percent-txt\">16%, 4 <span class=\"votxt\">voix<\/span><\/span><\/div>\n\t<div class=\"dem-graph\">\n\t\t<div class=\"dem-fill\" data-width=\"36%\"><\/div>\n\t\t<div class=\"dem-votes-txt\">\n\t\t\t<span class=\"dem-votes-txt-votes\">4 <span class=\"votxt\">voix<\/span><\/span>\n\t\t\t<span class=\"dem-votes-txt-percent\">16%<\/span>\n\t\t<\/div>\n\t\t<div class=\"dem-percent-txt\">4 voix - 16% des votes<\/div>\n\t<\/div>\n<\/li><li  title=\"4 voix - 16% des votes\" data-aid=\"123\">\n\t<div class=\"dem-label\">Autre  <span class=\"dem-label-percent-txt\">16%, 4 <span class=\"votxt\">voix<\/span><\/span><\/div>\n\t<div class=\"dem-graph\">\n\t\t<div class=\"dem-fill\" data-width=\"36%\"><\/div>\n\t\t<div class=\"dem-votes-txt\">\n\t\t\t<span class=\"dem-votes-txt-votes\">4 <span class=\"votxt\">voix<\/span><\/span>\n\t\t\t<span class=\"dem-votes-txt-percent\">16%<\/span>\n\t\t<\/div>\n\t\t<div class=\"dem-percent-txt\">4 voix - 16% des votes<\/div>\n\t<\/div>\n<\/li><li  title=\"2 voix - 8% des votes\" data-aid=\"121\">\n\t<div class=\"dem-label\">Greg Van Avermaet  <span class=\"dem-label-percent-txt\">8%, 2 <span class=\"votxt\">voix<\/span><\/span><\/div>\n\t<div class=\"dem-graph\">\n\t\t<div class=\"dem-fill\" data-width=\"18%\"><\/div>\n\t\t<div class=\"dem-votes-txt\">\n\t\t\t<span class=\"dem-votes-txt-votes\">2 <span class=\"votxt\">voix<\/span><\/span>\n\t\t\t<span class=\"dem-votes-txt-percent\">8%<\/span>\n\t\t<\/div>\n\t\t<div class=\"dem-percent-txt\">2 voix - 8% des votes<\/div>\n\t<\/div>\n<\/li>\n<\/ul>\n<div class=\"dem-bottom\">\n\t<div class=\"dem-poll-info\">\n\t\t<div class=\"dem-total-votes\">Total des votes : 25<\/div>\n\t\t\n\t\t<div class=\"dem-date\" title=\"D\u00e9but\">\n\t\t\t<span class=\"dem-begin-date\">7 avril 2018<\/span> - <span class=\"dem-end-date\" title=\"Fin\">12 ao\u00fbt 2021<\/span>\n\t\t<\/div>\n\t\t\n\t\t<div>Les votes sont clos<\/div>\n\t\t\n\t<\/div>\n\t\n<\/div><\/div><noscript>Poll Options are limited because JavaScript is disabled in your browser.<\/noscript><div class=\"dem-loader\"><div><style type=\"text\/css\">\n.dem-circle {\n  width:100%;\n  height:100%;\n  min-width:40px;\n  min-height:40px;\n  max-width:70px;\n  max-height:70px;\n\n  position: relative;\n  margin: 0 auto;\n}\n\n.double-bounce1, .double-bounce2 {\n  width: 100%;\n  height: 100%;\n  border-radius: 50%;\n  background-color: #226ec6;\n  opacity: 0.6;\n  position: absolute;\n  top: 0;\n  left: 0;\n  \n  -webkit-animation: bounce 2.0s infinite ease-in-out;\n  animation: bounce 2.0s infinite ease-in-out;\n}\n\n.double-bounce2 {\n  -webkit-animation-delay: -1.0s;\n  animation-delay: -1.0s;\n}\n\n@-webkit-keyframes bounce {\n  0%, 100% { -webkit-transform: scale(0.0) }\n  50% { -webkit-transform: scale(1.0) }\n}\n\n@keyframes bounce {\n  0%, 100% { \n    transform: scale(0.0);\n    -webkit-transform: scale(0.0);\n  } 50% { \n    transform: scale(1.0);\n    -webkit-transform: scale(1.0);\n  }\n}<\/style>\n\n<div class=\"dem-circle\">\n  <div class=\"double-bounce1 css-fill\"><\/div>\n  <div class=\"double-bounce2 css-fill\"><\/div>\n<\/div><\/div><\/div><\/div><!--democracy--><\/div>\n<p><em><strong>Mathieu Veillon<br \/>\n<a href=\"https:\/\/twitter.com\/MathieuVeillon\" target=\"_blank\" rel=\"noopener noreferrer\"><img loading=\"lazy\" decoding=\"async\" class=\"alignnone wp-image-2908\" src=\"http:\/\/dicodusport.fr\/blog\/wp-content\/uploads\/2017\/07\/logo-twitter-150x150.png\" alt=\"\" width=\"39\" height=\"39\" \/><\/a><\/strong><\/em><\/p>\n","protected":false},"excerpt":{"rendered":"<p>Pour sa 115\u00e8me \u00e9dition, 54,5 kilom\u00e8tres de pav\u00e9s attendent les coureurs de Paris-Roubaix dimanche, dont les fameux secteurs habituels de la Trou\u00e9e d\u2019Arenberg, de Mons-en-P\u00e9v\u00e8le et du Carrefour de l\u2019Arbre. Au d\u00e9part de Compi\u00e8gne, qui seront les favoris pour gagner l&rsquo;Enfer du Nord ? \u00ab Dimanche, il restera quand m\u00eame des zones pi\u00e9geuses et c\u2019est [&hellip;]<\/p>\n","protected":false},"author":21,"featured_media":15962,"comment_status":"open","ping_status":"closed","sticky":false,"template":"","format":"standard","meta":{"_acf_changed":false,"_daextam_enable_autolinks":"","footnotes":""},"categories":[2,2307],"tags":[4164,4373],"class_list":["post-15687","post","type-post","status-publish","format-standard","has-post-thumbnail","hentry","category-actualites","category-cyclisme","tag-paris-roubaix","tag-sagan"],"acf":[],"yoast_head":"<!-- This site is optimized with the Yoast SEO Premium plugin v26.7 (Yoast SEO v26.7) - https:\/\/yoast.com\/wordpress\/plugins\/seo\/ -->\n<title>Paris-Roubaix 2018, qui l\u00e8vera les bras sur la ligne du V\u00e9lodrome ?<\/title>\n<meta name=\"description\" content=\"Pour sa 115\u00e8me \u00e9dition, 54,5 kilom\u00e8tres de pav\u00e9s attendent les coureurs de Paris-Roubaix dimanche, dont les fameux secteurs habituels de la Trou\u00e9e d\u2019Arenberg, de Mons-en-P\u00e9v\u00e8le et du Carrefour de l\u2019Arbre. Au d\u00e9part de Compi\u00e8gne, qui seront les favoris pour gagner l&#039;Enfer du Nord ?\" \/>\n<meta name=\"robots\" content=\"index, follow, max-snippet:-1, max-image-preview:large, max-video-preview:-1\" \/>\n<link rel=\"canonical\" href=\"https:\/\/dicodusport.fr\/blog\/paris-roubaix-2018-qui-levera-les-bras-sur-ligne-velodrome\/\" \/>\n<meta property=\"og:locale\" content=\"fr_FR\" \/>\n<meta property=\"og:type\" content=\"article\" \/>\n<meta property=\"og:title\" content=\"Paris-Roubaix 2018 : qui l\u00e8vera les bras sur la ligne du V\u00e9lodrome ?\" \/>\n<meta property=\"og:description\" content=\"Pour sa 115\u00e8me \u00e9dition, 54,5 kilom\u00e8tres de pav\u00e9s attendent les coureurs de Paris-Roubaix dimanche, dont les fameux secteurs habituels de la Trou\u00e9e d\u2019Arenberg, de Mons-en-P\u00e9v\u00e8le et du Carrefour de l\u2019Arbre. Au d\u00e9part de Compi\u00e8gne, qui seront les favoris pour gagner l&#039;Enfer du Nord ?\" \/>\n<meta property=\"og:url\" content=\"https:\/\/dicodusport.fr\/blog\/paris-roubaix-2018-qui-levera-les-bras-sur-ligne-velodrome\/\" \/>\n<meta property=\"og:site_name\" content=\"Dicodusport\" \/>\n<meta property=\"article:publisher\" content=\"https:\/\/www.facebook.com\/dicodusport\" \/>\n<meta property=\"article:published_time\" content=\"2018-04-07T10:00:00+00:00\" \/>\n<meta property=\"og:image\" content=\"https:\/\/dicodusport.fr\/blog\/wp-content\/uploads\/2018\/04\/Paris-Roubaix.jpg\" \/>\n\t<meta property=\"og:image:width\" content=\"1200\" \/>\n\t<meta property=\"og:image:height\" content=\"669\" \/>\n\t<meta property=\"og:image:type\" content=\"image\/jpeg\" \/>\n<meta name=\"author\" content=\"Mathieu Veillon\" \/>\n<meta name=\"twitter:card\" content=\"summary_large_image\" \/>\n<meta name=\"twitter:creator\" content=\"@https:\/\/twitter.com\/MathieuVeillon\" \/>\n<meta name=\"twitter:site\" content=\"@dicodusport\" \/>\n<script type=\"application\/ld+json\" class=\"yoast-schema-graph\">{\"@context\":\"https:\/\/schema.org\",\"@graph\":[{\"@type\":\"NewsArticle\",\"@id\":\"https:\/\/dicodusport.fr\/blog\/paris-roubaix-2018-qui-levera-les-bras-sur-ligne-velodrome\/#article\",\"isPartOf\":{\"@id\":\"https:\/\/dicodusport.fr\/blog\/paris-roubaix-2018-qui-levera-les-bras-sur-ligne-velodrome\/\"},\"author\":{\"name\":\"Mathieu Veillon\",\"@id\":\"https:\/\/dicodusport.fr\/blog\/#\/schema\/person\/9731cdc747db1ceb457a2bfa9180a806\"},\"headline\":\"Paris-Roubaix 2018 : qui l\u00e8vera les bras sur la ligne du V\u00e9lodrome ?\",\"datePublished\":\"2018-04-07T10:00:00+00:00\",\"mainEntityOfPage\":{\"@id\":\"https:\/\/dicodusport.fr\/blog\/paris-roubaix-2018-qui-levera-les-bras-sur-ligne-velodrome\/\"},\"wordCount\":1137,\"commentCount\":0,\"publisher\":{\"@id\":\"https:\/\/dicodusport.fr\/blog\/#organization\"},\"image\":{\"@id\":\"https:\/\/dicodusport.fr\/blog\/paris-roubaix-2018-qui-levera-les-bras-sur-ligne-velodrome\/#primaryimage\"},\"thumbnailUrl\":\"https:\/\/dicodusport.fr\/blog\/wp-content\/uploads\/2018\/04\/Paris-Roubaix.jpg\",\"keywords\":[\"Paris-Roubaix\",\"Sagan\"],\"articleSection\":[\"Actualit\u00e9s\",\"Cyclisme\"],\"inLanguage\":\"fr-FR\",\"potentialAction\":[{\"@type\":\"CommentAction\",\"name\":\"Comment\",\"target\":[\"https:\/\/dicodusport.fr\/blog\/paris-roubaix-2018-qui-levera-les-bras-sur-ligne-velodrome\/#respond\"]}],\"copyrightYear\":\"2018\",\"copyrightHolder\":{\"@id\":\"https:\/\/dicodusport.fr\/blog\/#organization\"}},{\"@type\":\"WebPage\",\"@id\":\"https:\/\/dicodusport.fr\/blog\/paris-roubaix-2018-qui-levera-les-bras-sur-ligne-velodrome\/\",\"url\":\"https:\/\/dicodusport.fr\/blog\/paris-roubaix-2018-qui-levera-les-bras-sur-ligne-velodrome\/\",\"name\":\"Paris-Roubaix 2018, qui l\u00e8vera les bras sur la ligne du V\u00e9lodrome ?\",\"isPartOf\":{\"@id\":\"https:\/\/dicodusport.fr\/blog\/#website\"},\"primaryImageOfPage\":{\"@id\":\"https:\/\/dicodusport.fr\/blog\/paris-roubaix-2018-qui-levera-les-bras-sur-ligne-velodrome\/#primaryimage\"},\"image\":{\"@id\":\"https:\/\/dicodusport.fr\/blog\/paris-roubaix-2018-qui-levera-les-bras-sur-ligne-velodrome\/#primaryimage\"},\"thumbnailUrl\":\"https:\/\/dicodusport.fr\/blog\/wp-content\/uploads\/2018\/04\/Paris-Roubaix.jpg\",\"datePublished\":\"2018-04-07T10:00:00+00:00\",\"description\":\"Pour sa 115\u00e8me \u00e9dition, 54,5 kilom\u00e8tres de pav\u00e9s attendent les coureurs de Paris-Roubaix dimanche, dont les fameux secteurs habituels de la Trou\u00e9e d\u2019Arenberg, de Mons-en-P\u00e9v\u00e8le et du Carrefour de l\u2019Arbre. Au d\u00e9part de Compi\u00e8gne, qui seront les favoris pour gagner l'Enfer du Nord ?\",\"breadcrumb\":{\"@id\":\"https:\/\/dicodusport.fr\/blog\/paris-roubaix-2018-qui-levera-les-bras-sur-ligne-velodrome\/#breadcrumb\"},\"inLanguage\":\"fr-FR\",\"potentialAction\":[{\"@type\":\"ReadAction\",\"target\":[\"https:\/\/dicodusport.fr\/blog\/paris-roubaix-2018-qui-levera-les-bras-sur-ligne-velodrome\/\"]}]},{\"@type\":\"ImageObject\",\"inLanguage\":\"fr-FR\",\"@id\":\"https:\/\/dicodusport.fr\/blog\/paris-roubaix-2018-qui-levera-les-bras-sur-ligne-velodrome\/#primaryimage\",\"url\":\"https:\/\/dicodusport.fr\/blog\/wp-content\/uploads\/2018\/04\/Paris-Roubaix.jpg\",\"contentUrl\":\"https:\/\/dicodusport.fr\/blog\/wp-content\/uploads\/2018\/04\/Paris-Roubaix.jpg\",\"width\":1200,\"height\":669},{\"@type\":\"BreadcrumbList\",\"@id\":\"https:\/\/dicodusport.fr\/blog\/paris-roubaix-2018-qui-levera-les-bras-sur-ligne-velodrome\/#breadcrumb\",\"itemListElement\":[{\"@type\":\"ListItem\",\"position\":1,\"name\":\"Accueil\",\"item\":\"https:\/\/dicodusport.fr\/blog\/\"},{\"@type\":\"ListItem\",\"position\":2,\"name\":\"Paris-Roubaix 2018 : qui l\u00e8vera les bras sur la ligne du V\u00e9lodrome ?\"}]},{\"@type\":\"WebSite\",\"@id\":\"https:\/\/dicodusport.fr\/blog\/#website\",\"url\":\"https:\/\/dicodusport.fr\/blog\/\",\"name\":\"Dicodusport\",\"description\":\"L&#039;encyclop\u00e9die de l&#039;actualit\u00e9 sportive\",\"publisher\":{\"@id\":\"https:\/\/dicodusport.fr\/blog\/#organization\"},\"potentialAction\":[{\"@type\":\"SearchAction\",\"target\":{\"@type\":\"EntryPoint\",\"urlTemplate\":\"https:\/\/dicodusport.fr\/blog\/?s={search_term_string}\"},\"query-input\":{\"@type\":\"PropertyValueSpecification\",\"valueRequired\":true,\"valueName\":\"search_term_string\"}}],\"inLanguage\":\"fr-FR\"},{\"@type\":\"NewsMediaOrganization\",\"@id\":\"https:\/\/dicodusport.fr\/blog\/#organization\",\"name\":\"Dicodusport\",\"url\":\"https:\/\/dicodusport.fr\/blog\/\",\"logo\":{\"@type\":\"ImageObject\",\"inLanguage\":\"fr-FR\",\"@id\":\"https:\/\/dicodusport.fr\/blog\/#\/schema\/logo\/image\/\",\"url\":\"https:\/\/dicodusport.fr\/blog\/wp-content\/uploads\/2020\/06\/cropped-LOGO-DICODUSPORT-2020-SANS-FOND-SANS-TEXTE.png\",\"contentUrl\":\"https:\/\/dicodusport.fr\/blog\/wp-content\/uploads\/2020\/06\/cropped-LOGO-DICODUSPORT-2020-SANS-FOND-SANS-TEXTE.png\",\"width\":512,\"height\":512,\"caption\":\"Dicodusport\"},\"image\":{\"@id\":\"https:\/\/dicodusport.fr\/blog\/#\/schema\/logo\/image\/\"},\"sameAs\":[\"https:\/\/www.facebook.com\/dicodusport\",\"https:\/\/x.com\/dicodusport\",\"https:\/\/www.instagram.com\/dicodusport\/\",\"https:\/\/www.youtube.com\/channel\/UC7V2KZ5sd3htJivAbA4ZG3w\"],\"description\":\"Dicodusport est l'encyclop\u00e9die de l'actualit\u00e9 sportive.\",\"email\":\"bonjour@dicodusport.fr\",\"legalName\":\"DICODUSPORT\",\"foundingDate\":\"2018-01-14\",\"vatID\":\"FR71834470973\",\"taxID\":\"83447097300043\",\"numberOfEmployees\":{\"@type\":\"QuantitativeValue\",\"minValue\":\"1\",\"maxValue\":\"10\"}},{\"@type\":\"Person\",\"@id\":\"https:\/\/dicodusport.fr\/blog\/#\/schema\/person\/9731cdc747db1ceb457a2bfa9180a806\",\"name\":\"Mathieu Veillon\",\"image\":{\"@type\":\"ImageObject\",\"inLanguage\":\"fr-FR\",\"@id\":\"https:\/\/dicodusport.fr\/blog\/#\/schema\/person\/image\/\",\"url\":\"https:\/\/dicodusport.fr\/blog\/wp-content\/uploads\/2021\/05\/Mathieu-Veillon-150x150.jpg\",\"contentUrl\":\"https:\/\/dicodusport.fr\/blog\/wp-content\/uploads\/2021\/05\/Mathieu-Veillon-150x150.jpg\",\"caption\":\"Mathieu Veillon\"},\"description\":\"Journaliste\/r\u00e9dacteur depuis septembre 2015 - Ma d\u00e9finition du bonheur ? Une galette-saucisse au Roazhon Park ou un caf\u00e9 devant un Lakers\/Celtics au petit matin. Fid\u00e8le membre de la team insomniaque de la r\u00e9dac, j\u2019ai le pouvoir de rester \u00e9veill\u00e9 jusqu\u2019\u00e0 l\u2019aube pour faire vivre aux lecteurs ma passion du sport. Ainsi, j\u2019\u00e9cris principalement sur la NBA, le biathlon, le cyclisme ou encore la F1. Comptez dans mes exploits sportifs le fait d\u2019avoir fait gagner le Tour de France 2018 \u00e0 Tony Gallopin sur Pro Cycling Manager, ou encore d\u2019avoir men\u00e9 l\u2019\u00e9quipe nationale de Bretagne en finale de Coupe du monde sur Football Manager.\",\"sameAs\":[\"https:\/\/x.com\/https:\/\/twitter.com\/MathieuVeillon\"],\"url\":\"https:\/\/dicodusport.fr\/blog\/author\/mathieu\/\"}]}<\/script>\n<!-- \/ Yoast SEO Premium plugin. -->","yoast_head_json":{"title":"Paris-Roubaix 2018, qui l\u00e8vera les bras sur la ligne du V\u00e9lodrome ?","description":"Pour sa 115\u00e8me \u00e9dition, 54,5 kilom\u00e8tres de pav\u00e9s attendent les coureurs de Paris-Roubaix dimanche, dont les fameux secteurs habituels de la Trou\u00e9e d\u2019Arenberg, de Mons-en-P\u00e9v\u00e8le et du Carrefour de l\u2019Arbre. Au d\u00e9part de Compi\u00e8gne, qui seront les favoris pour gagner l'Enfer du Nord ?","robots":{"index":"index","follow":"follow","max-snippet":"max-snippet:-1","max-image-preview":"max-image-preview:large","max-video-preview":"max-video-preview:-1"},"canonical":"https:\/\/dicodusport.fr\/blog\/paris-roubaix-2018-qui-levera-les-bras-sur-ligne-velodrome\/","og_locale":"fr_FR","og_type":"article","og_title":"Paris-Roubaix 2018 : qui l\u00e8vera les bras sur la ligne du V\u00e9lodrome ?","og_description":"Pour sa 115\u00e8me \u00e9dition, 54,5 kilom\u00e8tres de pav\u00e9s attendent les coureurs de Paris-Roubaix dimanche, dont les fameux secteurs habituels de la Trou\u00e9e d\u2019Arenberg, de Mons-en-P\u00e9v\u00e8le et du Carrefour de l\u2019Arbre. Au d\u00e9part de Compi\u00e8gne, qui seront les favoris pour gagner l'Enfer du Nord ?","og_url":"https:\/\/dicodusport.fr\/blog\/paris-roubaix-2018-qui-levera-les-bras-sur-ligne-velodrome\/","og_site_name":"Dicodusport","article_publisher":"https:\/\/www.facebook.com\/dicodusport","article_published_time":"2018-04-07T10:00:00+00:00","og_image":[{"width":1200,"height":669,"url":"https:\/\/dicodusport.fr\/blog\/wp-content\/uploads\/2018\/04\/Paris-Roubaix.jpg","type":"image\/jpeg"}],"author":"Mathieu Veillon","twitter_card":"summary_large_image","twitter_creator":"@https:\/\/twitter.com\/MathieuVeillon","twitter_site":"@dicodusport","schema":{"@context":"https:\/\/schema.org","@graph":[{"@type":"NewsArticle","@id":"https:\/\/dicodusport.fr\/blog\/paris-roubaix-2018-qui-levera-les-bras-sur-ligne-velodrome\/#article","isPartOf":{"@id":"https:\/\/dicodusport.fr\/blog\/paris-roubaix-2018-qui-levera-les-bras-sur-ligne-velodrome\/"},"author":{"name":"Mathieu Veillon","@id":"https:\/\/dicodusport.fr\/blog\/#\/schema\/person\/9731cdc747db1ceb457a2bfa9180a806"},"headline":"Paris-Roubaix 2018 : qui l\u00e8vera les bras sur la ligne du V\u00e9lodrome ?","datePublished":"2018-04-07T10:00:00+00:00","mainEntityOfPage":{"@id":"https:\/\/dicodusport.fr\/blog\/paris-roubaix-2018-qui-levera-les-bras-sur-ligne-velodrome\/"},"wordCount":1137,"commentCount":0,"publisher":{"@id":"https:\/\/dicodusport.fr\/blog\/#organization"},"image":{"@id":"https:\/\/dicodusport.fr\/blog\/paris-roubaix-2018-qui-levera-les-bras-sur-ligne-velodrome\/#primaryimage"},"thumbnailUrl":"https:\/\/dicodusport.fr\/blog\/wp-content\/uploads\/2018\/04\/Paris-Roubaix.jpg","keywords":["Paris-Roubaix","Sagan"],"articleSection":["Actualit\u00e9s","Cyclisme"],"inLanguage":"fr-FR","potentialAction":[{"@type":"CommentAction","name":"Comment","target":["https:\/\/dicodusport.fr\/blog\/paris-roubaix-2018-qui-levera-les-bras-sur-ligne-velodrome\/#respond"]}],"copyrightYear":"2018","copyrightHolder":{"@id":"https:\/\/dicodusport.fr\/blog\/#organization"}},{"@type":"WebPage","@id":"https:\/\/dicodusport.fr\/blog\/paris-roubaix-2018-qui-levera-les-bras-sur-ligne-velodrome\/","url":"https:\/\/dicodusport.fr\/blog\/paris-roubaix-2018-qui-levera-les-bras-sur-ligne-velodrome\/","name":"Paris-Roubaix 2018, qui l\u00e8vera les bras sur la ligne du V\u00e9lodrome ?","isPartOf":{"@id":"https:\/\/dicodusport.fr\/blog\/#website"},"primaryImageOfPage":{"@id":"https:\/\/dicodusport.fr\/blog\/paris-roubaix-2018-qui-levera-les-bras-sur-ligne-velodrome\/#primaryimage"},"image":{"@id":"https:\/\/dicodusport.fr\/blog\/paris-roubaix-2018-qui-levera-les-bras-sur-ligne-velodrome\/#primaryimage"},"thumbnailUrl":"https:\/\/dicodusport.fr\/blog\/wp-content\/uploads\/2018\/04\/Paris-Roubaix.jpg","datePublished":"2018-04-07T10:00:00+00:00","description":"Pour sa 115\u00e8me \u00e9dition, 54,5 kilom\u00e8tres de pav\u00e9s attendent les coureurs de Paris-Roubaix dimanche, dont les fameux secteurs habituels de la Trou\u00e9e d\u2019Arenberg, de Mons-en-P\u00e9v\u00e8le et du Carrefour de l\u2019Arbre. Au d\u00e9part de Compi\u00e8gne, qui seront les favoris pour gagner l'Enfer du Nord ?","breadcrumb":{"@id":"https:\/\/dicodusport.fr\/blog\/paris-roubaix-2018-qui-levera-les-bras-sur-ligne-velodrome\/#breadcrumb"},"inLanguage":"fr-FR","potentialAction":[{"@type":"ReadAction","target":["https:\/\/dicodusport.fr\/blog\/paris-roubaix-2018-qui-levera-les-bras-sur-ligne-velodrome\/"]}]},{"@type":"ImageObject","inLanguage":"fr-FR","@id":"https:\/\/dicodusport.fr\/blog\/paris-roubaix-2018-qui-levera-les-bras-sur-ligne-velodrome\/#primaryimage","url":"https:\/\/dicodusport.fr\/blog\/wp-content\/uploads\/2018\/04\/Paris-Roubaix.jpg","contentUrl":"https:\/\/dicodusport.fr\/blog\/wp-content\/uploads\/2018\/04\/Paris-Roubaix.jpg","width":1200,"height":669},{"@type":"BreadcrumbList","@id":"https:\/\/dicodusport.fr\/blog\/paris-roubaix-2018-qui-levera-les-bras-sur-ligne-velodrome\/#breadcrumb","itemListElement":[{"@type":"ListItem","position":1,"name":"Accueil","item":"https:\/\/dicodusport.fr\/blog\/"},{"@type":"ListItem","position":2,"name":"Paris-Roubaix 2018 : qui l\u00e8vera les bras sur la ligne du V\u00e9lodrome ?"}]},{"@type":"WebSite","@id":"https:\/\/dicodusport.fr\/blog\/#website","url":"https:\/\/dicodusport.fr\/blog\/","name":"Dicodusport","description":"L&#039;encyclop\u00e9die de l&#039;actualit\u00e9 sportive","publisher":{"@id":"https:\/\/dicodusport.fr\/blog\/#organization"},"potentialAction":[{"@type":"SearchAction","target":{"@type":"EntryPoint","urlTemplate":"https:\/\/dicodusport.fr\/blog\/?s={search_term_string}"},"query-input":{"@type":"PropertyValueSpecification","valueRequired":true,"valueName":"search_term_string"}}],"inLanguage":"fr-FR"},{"@type":"NewsMediaOrganization","@id":"https:\/\/dicodusport.fr\/blog\/#organization","name":"Dicodusport","url":"https:\/\/dicodusport.fr\/blog\/","logo":{"@type":"ImageObject","inLanguage":"fr-FR","@id":"https:\/\/dicodusport.fr\/blog\/#\/schema\/logo\/image\/","url":"https:\/\/dicodusport.fr\/blog\/wp-content\/uploads\/2020\/06\/cropped-LOGO-DICODUSPORT-2020-SANS-FOND-SANS-TEXTE.png","contentUrl":"https:\/\/dicodusport.fr\/blog\/wp-content\/uploads\/2020\/06\/cropped-LOGO-DICODUSPORT-2020-SANS-FOND-SANS-TEXTE.png","width":512,"height":512,"caption":"Dicodusport"},"image":{"@id":"https:\/\/dicodusport.fr\/blog\/#\/schema\/logo\/image\/"},"sameAs":["https:\/\/www.facebook.com\/dicodusport","https:\/\/x.com\/dicodusport","https:\/\/www.instagram.com\/dicodusport\/","https:\/\/www.youtube.com\/channel\/UC7V2KZ5sd3htJivAbA4ZG3w"],"description":"Dicodusport est l'encyclop\u00e9die de l'actualit\u00e9 sportive.","email":"bonjour@dicodusport.fr","legalName":"DICODUSPORT","foundingDate":"2018-01-14","vatID":"FR71834470973","taxID":"83447097300043","numberOfEmployees":{"@type":"QuantitativeValue","minValue":"1","maxValue":"10"}},{"@type":"Person","@id":"https:\/\/dicodusport.fr\/blog\/#\/schema\/person\/9731cdc747db1ceb457a2bfa9180a806","name":"Mathieu Veillon","image":{"@type":"ImageObject","inLanguage":"fr-FR","@id":"https:\/\/dicodusport.fr\/blog\/#\/schema\/person\/image\/","url":"https:\/\/dicodusport.fr\/blog\/wp-content\/uploads\/2021\/05\/Mathieu-Veillon-150x150.jpg","contentUrl":"https:\/\/dicodusport.fr\/blog\/wp-content\/uploads\/2021\/05\/Mathieu-Veillon-150x150.jpg","caption":"Mathieu Veillon"},"description":"Journaliste\/r\u00e9dacteur depuis septembre 2015 - Ma d\u00e9finition du bonheur ? Une galette-saucisse au Roazhon Park ou un caf\u00e9 devant un Lakers\/Celtics au petit matin. Fid\u00e8le membre de la team insomniaque de la r\u00e9dac, j\u2019ai le pouvoir de rester \u00e9veill\u00e9 jusqu\u2019\u00e0 l\u2019aube pour faire vivre aux lecteurs ma passion du sport. Ainsi, j\u2019\u00e9cris principalement sur la NBA, le biathlon, le cyclisme ou encore la F1. Comptez dans mes exploits sportifs le fait d\u2019avoir fait gagner le Tour de France 2018 \u00e0 Tony Gallopin sur Pro Cycling Manager, ou encore d\u2019avoir men\u00e9 l\u2019\u00e9quipe nationale de Bretagne en finale de Coupe du monde sur Football Manager.","sameAs":["https:\/\/x.com\/https:\/\/twitter.com\/MathieuVeillon"],"url":"https:\/\/dicodusport.fr\/blog\/author\/mathieu\/"}]}},"_links":{"self":[{"href":"https:\/\/dicodusport.fr\/blog\/wp-json\/wp\/v2\/posts\/15687","targetHints":{"allow":["GET"]}}],"collection":[{"href":"https:\/\/dicodusport.fr\/blog\/wp-json\/wp\/v2\/posts"}],"about":[{"href":"https:\/\/dicodusport.fr\/blog\/wp-json\/wp\/v2\/types\/post"}],"author":[{"embeddable":true,"href":"https:\/\/dicodusport.fr\/blog\/wp-json\/wp\/v2\/users\/21"}],"replies":[{"embeddable":true,"href":"https:\/\/dicodusport.fr\/blog\/wp-json\/wp\/v2\/comments?post=15687"}],"version-history":[{"count":0,"href":"https:\/\/dicodusport.fr\/blog\/wp-json\/wp\/v2\/posts\/15687\/revisions"}],"wp:featuredmedia":[{"embeddable":true,"href":"https:\/\/dicodusport.fr\/blog\/wp-json\/wp\/v2\/media\/15962"}],"wp:attachment":[{"href":"https:\/\/dicodusport.fr\/blog\/wp-json\/wp\/v2\/media?parent=15687"}],"wp:term":[{"taxonomy":"category","embeddable":true,"href":"https:\/\/dicodusport.fr\/blog\/wp-json\/wp\/v2\/categories?post=15687"},{"taxonomy":"post_tag","embeddable":true,"href":"https:\/\/dicodusport.fr\/blog\/wp-json\/wp\/v2\/tags?post=15687"}],"curies":[{"name":"wp","href":"https:\/\/api.w.org\/{rel}","templated":true}]}}