{"id":157792,"date":"2021-08-11T08:25:54","date_gmt":"2021-08-11T06:25:54","guid":{"rendered":"https:\/\/dicodusport.fr\/blog\/?p=157792&#038;preview=true&#038;preview_id=157792"},"modified":"2021-08-11T09:30:36","modified_gmt":"2021-08-11T07:30:36","slug":"wta-montreal-deux-de-chute-pour-les-francaises","status":"publish","type":"post","link":"https:\/\/dicodusport.fr\/blog\/wta-montreal-deux-de-chute-pour-les-francaises\/","title":{"rendered":"WTA Montr\u00e9al : Deux de chute pour les Fran\u00e7aises"},"content":{"rendered":"<p style=\"text-align: justify;\"><strong><em>WTA Montr\u00e9al &#8211; Journ\u00e9e compliqu\u00e9e pour les Tricolores au Qu\u00e9bec avec l&rsquo;\u00e9limination des deux Fran\u00e7aises en lice. Caroline Garcia et Fiona Ferro quittent donc Montr\u00e9al avec une d\u00e9faite en 2 sets.<br \/>\n<\/em><\/strong><\/p>\n<p style=\"text-align: justify;\"><strong>Caroline Garcia<\/strong> \u00e9tait la premi\u00e8re \u00e0 entrer sur le court. Face \u00e0 la Russe <strong>Pavlyuchenkova<\/strong>, la Lyonnaise n&rsquo;avait tout simplement pas les armes sur l&rsquo;ensemble du match pour inqui\u00e9ter son adversaire. <a href=\"https:\/\/dicodusport.fr\/blog\/wta-montreal-la-marche-etait-trop-haute-pour-caroline-garcia-eliminee-par-pavlyuchenkova\/\">Une d\u00e9faite 6\/4 6\/4<\/a> apr\u00e8s 2 tours de qualification plus t\u00f4t dans le week-end. En conf\u00e9rence de presse, elle s&rsquo;est montr\u00e9e d\u00e9\u00e7ue de son match. Elle a reconnu que son adversaire a <em>\u00ab vraiment bien jou\u00e9 les points importants et avait un bon niveau dans le premier set \u00bb<\/em>.\u00a0 Concernant ses matchs de qualification et la chaleur du d\u00e9but d&rsquo;apr\u00e8s midi, la Fran\u00e7aise <em>\u00ab ne pense pas que cela a eu\u00a0une influence sur le r\u00e9sultat \u00bb<\/em>.<\/p>\n<h2 style=\"text-align: justify;\">Ferro out aussi<\/h2>\n<p style=\"text-align: justify;\">De son c\u00f4t\u00e9, <strong>Fiona Ferro<\/strong> a tenu la drag\u00e9e haute \u00e0 l&rsquo;exp\u00e9riment\u00e9e <strong>Petra Kvitova<\/strong> au point d&rsquo;entrevoir une 3\u00e8me manche. Elle conc\u00e8de le premier set 6\/4 suite \u00e0 la perte de son service en milieu de manche. Elle pourra nourrir des regrets dans le 2\u00e8me acte, car elle a men\u00e9 3-0 face \u00e0 la double laur\u00e9ate de Wimbledon. Las, la native de Libramont-Chevigny conc\u00e8de deux jeux blancs sur sa mise en jeu, r\u00e9dhibitoire face \u00e0 une joueuse de ce niveau. En conf\u00e9rence de presse, Fiona Ferro a d\u00e9clar\u00e9 que son adversaire <em>\u00ab jouait toute seule sur le court car elle imprimait le rythme de la rencontre et renvoyait une bonne partie des balles \u00bb<\/em>. Elle affirme ne pas avoir \u00e9t\u00e9 trop d\u00e9rang\u00e9e par la chaleur, <em>\u00ab moins pesante par rapport \u00e0 Tokyo lors des JO<\/em> <em>\u00bb<\/em>. Vis-\u00e0-vis du match de la veille, la Fran\u00e7aise trouvait le court <em>\u00ab diff\u00e9rent<\/em> <em>\u00bb<\/em>, notamment sur la hauteur de balle. Selon elle, c&rsquo;est, entre autres, <em>\u00ab un manque de rel\u00e2chement dans la deuxi\u00e8me manche qui lui co\u00fbte cher<\/em> <em>\u00bb<\/em>.<\/p>\n<p style=\"text-align: justify;\">La Fran\u00e7aise reste malgr\u00e9 tout satisfaite de ses deux matchs, car cela faisait longtemps qu&rsquo;elle n&rsquo;avait pas gagn\u00e9 sur le circuit. Mais cette rencontre lui permet \u00e9galement de voir o\u00f9 elle doit progresser. <strong>Petra Kvitova<\/strong>, de son c\u00f4t\u00e9, ne conna\u00eet pas encore son adversaire de 3\u00e8me tour (match mercredi entre <strong>Giorgi<\/strong> et <strong>Podoroska<\/strong>).<\/p>\n<blockquote class=\"twitter-tweet\">\n<p dir=\"ltr\" lang=\"en\">Third round bound &#x1f44b;<\/p>\n<p>In their first ever meeting, 2012 champion <a href=\"https:\/\/twitter.com\/Petra_Kvitova?ref_src=twsrc%5Etfw\">@Petra_Kvitova<\/a> survives a tricky test from Ferro 6-4, 6-4.<a href=\"https:\/\/twitter.com\/hashtag\/OBN21?src=hash&amp;ref_src=twsrc%5Etfw\">#OBN21<\/a> <a href=\"https:\/\/t.co\/xTbLMQN1go\">pic.twitter.com\/xTbLMQN1go<\/a><\/p>\n<p>\u2014 Omnium Banque Nationale (@OBNmontreal) <a href=\"https:\/\/twitter.com\/OBNmontreal\/status\/1425190779882979342?ref_src=twsrc%5Etfw\">August 10, 2021<\/a><\/p><\/blockquote>\n<p><script async src=\"https:\/\/platform.twitter.com\/widgets.js\" charset=\"utf-8\"><\/script><\/p>\n<p style=\"text-align: justify;\"><strong>Oc\u00e9ane Dodin<\/strong>, derni\u00e8re Tricolore en lice, disputera son match mercredi \u00e0 13h30 heure locale (19h30 en France) contre l&rsquo;Am\u00e9ricaine <strong>Anisimova<\/strong>. Dans le reste des matchs de la journ\u00e9e, <strong>Andreescu<\/strong>, <strong>Vekic<\/strong>, <strong>Konta<\/strong> et<strong> Gauff<\/strong> continuent leur route dans la tableau, \u00e0 la diff\u00e9rence de l&rsquo;Espagnole <strong>Muguruza<\/strong>, sortie en 3 manches par la Tch\u00e8que <strong>Siniakova<\/strong> (6\/2 0\/6 6\/3). La fin de journ\u00e9e a \u00e9t\u00e9 perturb\u00e9e par la pluie, faisant des souffleuses de terrain les stars de la nuit.<\/p>\n","protected":false},"excerpt":{"rendered":"<p>WTA Montr\u00e9al &#8211; Journ\u00e9e compliqu\u00e9e pour les tricolores au Qu\u00e9bec avec l&rsquo;\u00e9limination des 2 fran\u00e7aises en lice. Caroline Garcia et Fiona Ferro quittent donc Montr\u00e9al avec une d\u00e9faite en 2 sets.<\/p>\n","protected":false},"author":10,"featured_media":157801,"comment_status":"open","ping_status":"closed","sticky":false,"template":"","format":"standard","meta":{"_acf_changed":false,"_daextam_enable_autolinks":"","footnotes":""},"categories":[2302],"tags":[2000,7937,7921],"class_list":["post-157792","post","type-post","status-publish","format-standard","has-post-thumbnail","hentry","category-tennis","tag-caroline-garcia","tag-fiona-ferro","tag-oceane-dodin"],"acf":[],"yoast_head":"<!-- This site is optimized with the Yoast SEO Premium plugin v26.7 (Yoast SEO v26.7) - https:\/\/yoast.com\/wordpress\/plugins\/seo\/ -->\n<title>WTA Montr\u00e9al : Deux de chute pour les Fran\u00e7aises<\/title>\n<meta name=\"description\" content=\"WTA Montr\u00e9al - Journ\u00e9e compliqu\u00e9e pour les Tricolores au Qu\u00e9bec avec l&#039;\u00e9limination des deux Fran\u00e7aises en lice.\" \/>\n<meta name=\"robots\" content=\"index, follow, max-snippet:-1, max-image-preview:large, max-video-preview:-1\" \/>\n<link rel=\"canonical\" href=\"https:\/\/dicodusport.fr\/blog\/wta-montreal-deux-de-chute-pour-les-francaises\/\" \/>\n<meta property=\"og:locale\" content=\"fr_FR\" \/>\n<meta property=\"og:type\" content=\"article\" \/>\n<meta property=\"og:title\" content=\"WTA Montr\u00e9al : Deux de chute pour les Fran\u00e7aises\" \/>\n<meta property=\"og:description\" content=\"WTA Montr\u00e9al - Journ\u00e9e compliqu\u00e9e pour les Tricolores au Qu\u00e9bec avec l&#039;\u00e9limination des deux Fran\u00e7aises en lice.\" \/>\n<meta property=\"og:url\" content=\"https:\/\/dicodusport.fr\/blog\/wta-montreal-deux-de-chute-pour-les-francaises\/\" \/>\n<meta property=\"og:site_name\" content=\"Dicodusport\" \/>\n<meta property=\"article:publisher\" content=\"https:\/\/www.facebook.com\/dicodusport\" \/>\n<meta property=\"article:published_time\" content=\"2021-08-11T06:25:54+00:00\" \/>\n<meta property=\"article:modified_time\" content=\"2021-08-11T07:30:36+00:00\" \/>\n<meta property=\"og:image\" content=\"https:\/\/dicodusport.fr\/blog\/wp-content\/uploads\/2021\/08\/WTA-Montreal-Deux-de-chute-pour-les-Francaises.png\" \/>\n\t<meta property=\"og:image:width\" content=\"800\" \/>\n\t<meta property=\"og:image:height\" content=\"445\" \/>\n\t<meta property=\"og:image:type\" content=\"image\/png\" \/>\n<meta name=\"author\" content=\"Damien Meunier\" \/>\n<meta name=\"twitter:card\" content=\"summary_large_image\" \/>\n<meta name=\"twitter:title\" content=\"WTA Montr\u00e9al : Deux de chute pour les Fran\u00e7aises\" \/>\n<meta name=\"twitter:creator\" content=\"@https:\/\/x.com\/DamienMeunier69\" \/>\n<meta name=\"twitter:site\" content=\"@dicodusport\" \/>\n<script type=\"application\/ld+json\" class=\"yoast-schema-graph\">{\"@context\":\"https:\/\/schema.org\",\"@graph\":[{\"@type\":\"NewsArticle\",\"@id\":\"https:\/\/dicodusport.fr\/blog\/wta-montreal-deux-de-chute-pour-les-francaises\/#article\",\"isPartOf\":{\"@id\":\"https:\/\/dicodusport.fr\/blog\/wta-montreal-deux-de-chute-pour-les-francaises\/\"},\"author\":{\"name\":\"Damien Meunier\",\"@id\":\"https:\/\/dicodusport.fr\/blog\/#\/schema\/person\/7ce262eb34bbc1847cff5f60345d4735\"},\"headline\":\"WTA Montr\u00e9al : Deux de chute pour les Fran\u00e7aises\",\"datePublished\":\"2021-08-11T06:25:54+00:00\",\"dateModified\":\"2021-08-11T07:30:36+00:00\",\"mainEntityOfPage\":{\"@id\":\"https:\/\/dicodusport.fr\/blog\/wta-montreal-deux-de-chute-pour-les-francaises\/\"},\"wordCount\":519,\"commentCount\":0,\"publisher\":{\"@id\":\"https:\/\/dicodusport.fr\/blog\/#organization\"},\"image\":{\"@id\":\"https:\/\/dicodusport.fr\/blog\/wta-montreal-deux-de-chute-pour-les-francaises\/#primaryimage\"},\"thumbnailUrl\":\"https:\/\/dicodusport.fr\/blog\/wp-content\/uploads\/2021\/08\/WTA-Montreal-Deux-de-chute-pour-les-Francaises.png\",\"keywords\":[\"Caroline Garcia\",\"Fiona Ferro\",\"Oc\u00e9ane Dodin\"],\"articleSection\":[\"Tennis\"],\"inLanguage\":\"fr-FR\",\"potentialAction\":[{\"@type\":\"CommentAction\",\"name\":\"Comment\",\"target\":[\"https:\/\/dicodusport.fr\/blog\/wta-montreal-deux-de-chute-pour-les-francaises\/#respond\"]}],\"copyrightYear\":\"2021\",\"copyrightHolder\":{\"@id\":\"https:\/\/dicodusport.fr\/blog\/#organization\"}},{\"@type\":\"WebPage\",\"@id\":\"https:\/\/dicodusport.fr\/blog\/wta-montreal-deux-de-chute-pour-les-francaises\/\",\"url\":\"https:\/\/dicodusport.fr\/blog\/wta-montreal-deux-de-chute-pour-les-francaises\/\",\"name\":\"WTA Montr\u00e9al : Deux de chute pour les Fran\u00e7aises\",\"isPartOf\":{\"@id\":\"https:\/\/dicodusport.fr\/blog\/#website\"},\"primaryImageOfPage\":{\"@id\":\"https:\/\/dicodusport.fr\/blog\/wta-montreal-deux-de-chute-pour-les-francaises\/#primaryimage\"},\"image\":{\"@id\":\"https:\/\/dicodusport.fr\/blog\/wta-montreal-deux-de-chute-pour-les-francaises\/#primaryimage\"},\"thumbnailUrl\":\"https:\/\/dicodusport.fr\/blog\/wp-content\/uploads\/2021\/08\/WTA-Montreal-Deux-de-chute-pour-les-Francaises.png\",\"datePublished\":\"2021-08-11T06:25:54+00:00\",\"dateModified\":\"2021-08-11T07:30:36+00:00\",\"description\":\"WTA Montr\u00e9al - Journ\u00e9e compliqu\u00e9e pour les Tricolores au Qu\u00e9bec avec l'\u00e9limination des deux Fran\u00e7aises en lice.\",\"breadcrumb\":{\"@id\":\"https:\/\/dicodusport.fr\/blog\/wta-montreal-deux-de-chute-pour-les-francaises\/#breadcrumb\"},\"inLanguage\":\"fr-FR\",\"potentialAction\":[{\"@type\":\"ReadAction\",\"target\":[\"https:\/\/dicodusport.fr\/blog\/wta-montreal-deux-de-chute-pour-les-francaises\/\"]}]},{\"@type\":\"ImageObject\",\"inLanguage\":\"fr-FR\",\"@id\":\"https:\/\/dicodusport.fr\/blog\/wta-montreal-deux-de-chute-pour-les-francaises\/#primaryimage\",\"url\":\"https:\/\/dicodusport.fr\/blog\/wp-content\/uploads\/2021\/08\/WTA-Montreal-Deux-de-chute-pour-les-Francaises.png\",\"contentUrl\":\"https:\/\/dicodusport.fr\/blog\/wp-content\/uploads\/2021\/08\/WTA-Montreal-Deux-de-chute-pour-les-Francaises.png\",\"width\":800,\"height\":445,\"caption\":\"WTA Montr\u00e9al Deux de chute pour les Fran\u00e7aises\"},{\"@type\":\"BreadcrumbList\",\"@id\":\"https:\/\/dicodusport.fr\/blog\/wta-montreal-deux-de-chute-pour-les-francaises\/#breadcrumb\",\"itemListElement\":[{\"@type\":\"ListItem\",\"position\":1,\"name\":\"Accueil\",\"item\":\"https:\/\/dicodusport.fr\/blog\/\"},{\"@type\":\"ListItem\",\"position\":2,\"name\":\"WTA Montr\u00e9al : Deux de chute pour les Fran\u00e7aises\"}]},{\"@type\":\"WebSite\",\"@id\":\"https:\/\/dicodusport.fr\/blog\/#website\",\"url\":\"https:\/\/dicodusport.fr\/blog\/\",\"name\":\"Dicodusport\",\"description\":\"L&#039;encyclop\u00e9die de l&#039;actualit\u00e9 sportive\",\"publisher\":{\"@id\":\"https:\/\/dicodusport.fr\/blog\/#organization\"},\"potentialAction\":[{\"@type\":\"SearchAction\",\"target\":{\"@type\":\"EntryPoint\",\"urlTemplate\":\"https:\/\/dicodusport.fr\/blog\/?s={search_term_string}\"},\"query-input\":{\"@type\":\"PropertyValueSpecification\",\"valueRequired\":true,\"valueName\":\"search_term_string\"}}],\"inLanguage\":\"fr-FR\"},{\"@type\":\"NewsMediaOrganization\",\"@id\":\"https:\/\/dicodusport.fr\/blog\/#organization\",\"name\":\"Dicodusport\",\"url\":\"https:\/\/dicodusport.fr\/blog\/\",\"logo\":{\"@type\":\"ImageObject\",\"inLanguage\":\"fr-FR\",\"@id\":\"https:\/\/dicodusport.fr\/blog\/#\/schema\/logo\/image\/\",\"url\":\"https:\/\/dicodusport.fr\/blog\/wp-content\/uploads\/2020\/06\/cropped-LOGO-DICODUSPORT-2020-SANS-FOND-SANS-TEXTE.png\",\"contentUrl\":\"https:\/\/dicodusport.fr\/blog\/wp-content\/uploads\/2020\/06\/cropped-LOGO-DICODUSPORT-2020-SANS-FOND-SANS-TEXTE.png\",\"width\":512,\"height\":512,\"caption\":\"Dicodusport\"},\"image\":{\"@id\":\"https:\/\/dicodusport.fr\/blog\/#\/schema\/logo\/image\/\"},\"sameAs\":[\"https:\/\/www.facebook.com\/dicodusport\",\"https:\/\/x.com\/dicodusport\",\"https:\/\/www.instagram.com\/dicodusport\/\",\"https:\/\/www.youtube.com\/channel\/UC7V2KZ5sd3htJivAbA4ZG3w\"],\"description\":\"Dicodusport est l'encyclop\u00e9die de l'actualit\u00e9 sportive.\",\"email\":\"bonjour@dicodusport.fr\",\"legalName\":\"DICODUSPORT\",\"foundingDate\":\"2018-01-14\",\"vatID\":\"FR71834470973\",\"taxID\":\"83447097300043\",\"numberOfEmployees\":{\"@type\":\"QuantitativeValue\",\"minValue\":\"1\",\"maxValue\":\"10\"}},{\"@type\":\"Person\",\"@id\":\"https:\/\/dicodusport.fr\/blog\/#\/schema\/person\/7ce262eb34bbc1847cff5f60345d4735\",\"name\":\"Damien Meunier\",\"image\":{\"@type\":\"ImageObject\",\"inLanguage\":\"fr-FR\",\"@id\":\"https:\/\/dicodusport.fr\/blog\/#\/schema\/person\/image\/\",\"url\":\"https:\/\/secure.gravatar.com\/avatar\/dfe0549a73ac21bb20dfdf302b222ba2?s=96&d=wp_user_avatar&r=g\",\"contentUrl\":\"https:\/\/secure.gravatar.com\/avatar\/dfe0549a73ac21bb20dfdf302b222ba2?s=96&d=wp_user_avatar&r=g\",\"caption\":\"Damien Meunier\"},\"description\":\"Journaliste\/r\u00e9dacteur depuis d\u00e9cembre 2016 - Amateur professionnel de sport, d\u2019abord le football, j\u2019aurais pu en faire mon m\u00e9tier. Mais bon, vous savez les \u2026 non, pas les crois\u00e9s, ils vont bien eux. Juste un manque de talent, de technique et de niveau surtout. Mais cette passion est ancr\u00e9e en moi telle la pomme dans la tarte tatin. Le c\u00f4t\u00e9 suiveur\/supporter est \u00e9videmment important au quotidien, que ce soit un soir de juillet 1998 en banlieue lyonnaise ou de juillet 2018 \u00e0 Montr\u00e9al. Car oui, depuis ma France natale, j\u2019ai migr\u00e9 outre-Atlantique, au pays des caribous. L\u00e0, le football se joue \u00e0 la main et non au pied. Et surtout, la religion sportive est plut\u00f4t froide et se joue avec une crosse. Non, ce n\u2019est pas le curling ni le Lacrosse, encore que, mais le hockey sur glace. Une autre vision, une autre culture. On troque les crudit\u00e9s devant la t\u00e9l\u00e9 pour une poutine et on s\u2019installe avec notre chandail pour suivre cela. Et en moins de temps qu\u2019il ne faut pour le dire, ou la vitesse d\u2019un slap shot de McDavid ou un arr\u00eat de la mitaine de Price, j\u2019\u00e9cris sur de l\u2019actualit\u00e9 par ici mais aussi le sport f\u00e9minin, pas assez mis en avant.\",\"sameAs\":[\"https:\/\/x.com\/https:\/\/x.com\/DamienMeunier69\"],\"url\":\"https:\/\/dicodusport.fr\/blog\/author\/damien-m\/\"}]}<\/script>\n<!-- \/ Yoast SEO Premium plugin. -->","yoast_head_json":{"title":"WTA Montr\u00e9al : Deux de chute pour les Fran\u00e7aises","description":"WTA Montr\u00e9al - Journ\u00e9e compliqu\u00e9e pour les Tricolores au Qu\u00e9bec avec l'\u00e9limination des deux Fran\u00e7aises en lice.","robots":{"index":"index","follow":"follow","max-snippet":"max-snippet:-1","max-image-preview":"max-image-preview:large","max-video-preview":"max-video-preview:-1"},"canonical":"https:\/\/dicodusport.fr\/blog\/wta-montreal-deux-de-chute-pour-les-francaises\/","og_locale":"fr_FR","og_type":"article","og_title":"WTA Montr\u00e9al : Deux de chute pour les Fran\u00e7aises","og_description":"WTA Montr\u00e9al - Journ\u00e9e compliqu\u00e9e pour les Tricolores au Qu\u00e9bec avec l'\u00e9limination des deux Fran\u00e7aises en lice.","og_url":"https:\/\/dicodusport.fr\/blog\/wta-montreal-deux-de-chute-pour-les-francaises\/","og_site_name":"Dicodusport","article_publisher":"https:\/\/www.facebook.com\/dicodusport","article_published_time":"2021-08-11T06:25:54+00:00","article_modified_time":"2021-08-11T07:30:36+00:00","og_image":[{"width":800,"height":445,"url":"https:\/\/dicodusport.fr\/blog\/wp-content\/uploads\/2021\/08\/WTA-Montreal-Deux-de-chute-pour-les-Francaises.png","type":"image\/png"}],"author":"Damien Meunier","twitter_card":"summary_large_image","twitter_title":"WTA Montr\u00e9al : Deux de chute pour les Fran\u00e7aises","twitter_creator":"@https:\/\/x.com\/DamienMeunier69","twitter_site":"@dicodusport","schema":{"@context":"https:\/\/schema.org","@graph":[{"@type":"NewsArticle","@id":"https:\/\/dicodusport.fr\/blog\/wta-montreal-deux-de-chute-pour-les-francaises\/#article","isPartOf":{"@id":"https:\/\/dicodusport.fr\/blog\/wta-montreal-deux-de-chute-pour-les-francaises\/"},"author":{"name":"Damien Meunier","@id":"https:\/\/dicodusport.fr\/blog\/#\/schema\/person\/7ce262eb34bbc1847cff5f60345d4735"},"headline":"WTA Montr\u00e9al : Deux de chute pour les Fran\u00e7aises","datePublished":"2021-08-11T06:25:54+00:00","dateModified":"2021-08-11T07:30:36+00:00","mainEntityOfPage":{"@id":"https:\/\/dicodusport.fr\/blog\/wta-montreal-deux-de-chute-pour-les-francaises\/"},"wordCount":519,"commentCount":0,"publisher":{"@id":"https:\/\/dicodusport.fr\/blog\/#organization"},"image":{"@id":"https:\/\/dicodusport.fr\/blog\/wta-montreal-deux-de-chute-pour-les-francaises\/#primaryimage"},"thumbnailUrl":"https:\/\/dicodusport.fr\/blog\/wp-content\/uploads\/2021\/08\/WTA-Montreal-Deux-de-chute-pour-les-Francaises.png","keywords":["Caroline Garcia","Fiona Ferro","Oc\u00e9ane Dodin"],"articleSection":["Tennis"],"inLanguage":"fr-FR","potentialAction":[{"@type":"CommentAction","name":"Comment","target":["https:\/\/dicodusport.fr\/blog\/wta-montreal-deux-de-chute-pour-les-francaises\/#respond"]}],"copyrightYear":"2021","copyrightHolder":{"@id":"https:\/\/dicodusport.fr\/blog\/#organization"}},{"@type":"WebPage","@id":"https:\/\/dicodusport.fr\/blog\/wta-montreal-deux-de-chute-pour-les-francaises\/","url":"https:\/\/dicodusport.fr\/blog\/wta-montreal-deux-de-chute-pour-les-francaises\/","name":"WTA Montr\u00e9al : Deux de chute pour les Fran\u00e7aises","isPartOf":{"@id":"https:\/\/dicodusport.fr\/blog\/#website"},"primaryImageOfPage":{"@id":"https:\/\/dicodusport.fr\/blog\/wta-montreal-deux-de-chute-pour-les-francaises\/#primaryimage"},"image":{"@id":"https:\/\/dicodusport.fr\/blog\/wta-montreal-deux-de-chute-pour-les-francaises\/#primaryimage"},"thumbnailUrl":"https:\/\/dicodusport.fr\/blog\/wp-content\/uploads\/2021\/08\/WTA-Montreal-Deux-de-chute-pour-les-Francaises.png","datePublished":"2021-08-11T06:25:54+00:00","dateModified":"2021-08-11T07:30:36+00:00","description":"WTA Montr\u00e9al - Journ\u00e9e compliqu\u00e9e pour les Tricolores au Qu\u00e9bec avec l'\u00e9limination des deux Fran\u00e7aises en lice.","breadcrumb":{"@id":"https:\/\/dicodusport.fr\/blog\/wta-montreal-deux-de-chute-pour-les-francaises\/#breadcrumb"},"inLanguage":"fr-FR","potentialAction":[{"@type":"ReadAction","target":["https:\/\/dicodusport.fr\/blog\/wta-montreal-deux-de-chute-pour-les-francaises\/"]}]},{"@type":"ImageObject","inLanguage":"fr-FR","@id":"https:\/\/dicodusport.fr\/blog\/wta-montreal-deux-de-chute-pour-les-francaises\/#primaryimage","url":"https:\/\/dicodusport.fr\/blog\/wp-content\/uploads\/2021\/08\/WTA-Montreal-Deux-de-chute-pour-les-Francaises.png","contentUrl":"https:\/\/dicodusport.fr\/blog\/wp-content\/uploads\/2021\/08\/WTA-Montreal-Deux-de-chute-pour-les-Francaises.png","width":800,"height":445,"caption":"WTA Montr\u00e9al Deux de chute pour les Fran\u00e7aises"},{"@type":"BreadcrumbList","@id":"https:\/\/dicodusport.fr\/blog\/wta-montreal-deux-de-chute-pour-les-francaises\/#breadcrumb","itemListElement":[{"@type":"ListItem","position":1,"name":"Accueil","item":"https:\/\/dicodusport.fr\/blog\/"},{"@type":"ListItem","position":2,"name":"WTA Montr\u00e9al : Deux de chute pour les Fran\u00e7aises"}]},{"@type":"WebSite","@id":"https:\/\/dicodusport.fr\/blog\/#website","url":"https:\/\/dicodusport.fr\/blog\/","name":"Dicodusport","description":"L&#039;encyclop\u00e9die de l&#039;actualit\u00e9 sportive","publisher":{"@id":"https:\/\/dicodusport.fr\/blog\/#organization"},"potentialAction":[{"@type":"SearchAction","target":{"@type":"EntryPoint","urlTemplate":"https:\/\/dicodusport.fr\/blog\/?s={search_term_string}"},"query-input":{"@type":"PropertyValueSpecification","valueRequired":true,"valueName":"search_term_string"}}],"inLanguage":"fr-FR"},{"@type":"NewsMediaOrganization","@id":"https:\/\/dicodusport.fr\/blog\/#organization","name":"Dicodusport","url":"https:\/\/dicodusport.fr\/blog\/","logo":{"@type":"ImageObject","inLanguage":"fr-FR","@id":"https:\/\/dicodusport.fr\/blog\/#\/schema\/logo\/image\/","url":"https:\/\/dicodusport.fr\/blog\/wp-content\/uploads\/2020\/06\/cropped-LOGO-DICODUSPORT-2020-SANS-FOND-SANS-TEXTE.png","contentUrl":"https:\/\/dicodusport.fr\/blog\/wp-content\/uploads\/2020\/06\/cropped-LOGO-DICODUSPORT-2020-SANS-FOND-SANS-TEXTE.png","width":512,"height":512,"caption":"Dicodusport"},"image":{"@id":"https:\/\/dicodusport.fr\/blog\/#\/schema\/logo\/image\/"},"sameAs":["https:\/\/www.facebook.com\/dicodusport","https:\/\/x.com\/dicodusport","https:\/\/www.instagram.com\/dicodusport\/","https:\/\/www.youtube.com\/channel\/UC7V2KZ5sd3htJivAbA4ZG3w"],"description":"Dicodusport est l'encyclop\u00e9die de l'actualit\u00e9 sportive.","email":"bonjour@dicodusport.fr","legalName":"DICODUSPORT","foundingDate":"2018-01-14","vatID":"FR71834470973","taxID":"83447097300043","numberOfEmployees":{"@type":"QuantitativeValue","minValue":"1","maxValue":"10"}},{"@type":"Person","@id":"https:\/\/dicodusport.fr\/blog\/#\/schema\/person\/7ce262eb34bbc1847cff5f60345d4735","name":"Damien Meunier","image":{"@type":"ImageObject","inLanguage":"fr-FR","@id":"https:\/\/dicodusport.fr\/blog\/#\/schema\/person\/image\/","url":"https:\/\/secure.gravatar.com\/avatar\/dfe0549a73ac21bb20dfdf302b222ba2?s=96&d=wp_user_avatar&r=g","contentUrl":"https:\/\/secure.gravatar.com\/avatar\/dfe0549a73ac21bb20dfdf302b222ba2?s=96&d=wp_user_avatar&r=g","caption":"Damien Meunier"},"description":"Journaliste\/r\u00e9dacteur depuis d\u00e9cembre 2016 - Amateur professionnel de sport, d\u2019abord le football, j\u2019aurais pu en faire mon m\u00e9tier. Mais bon, vous savez les \u2026 non, pas les crois\u00e9s, ils vont bien eux. Juste un manque de talent, de technique et de niveau surtout. Mais cette passion est ancr\u00e9e en moi telle la pomme dans la tarte tatin. Le c\u00f4t\u00e9 suiveur\/supporter est \u00e9videmment important au quotidien, que ce soit un soir de juillet 1998 en banlieue lyonnaise ou de juillet 2018 \u00e0 Montr\u00e9al. Car oui, depuis ma France natale, j\u2019ai migr\u00e9 outre-Atlantique, au pays des caribous. L\u00e0, le football se joue \u00e0 la main et non au pied. Et surtout, la religion sportive est plut\u00f4t froide et se joue avec une crosse. Non, ce n\u2019est pas le curling ni le Lacrosse, encore que, mais le hockey sur glace. Une autre vision, une autre culture. On troque les crudit\u00e9s devant la t\u00e9l\u00e9 pour une poutine et on s\u2019installe avec notre chandail pour suivre cela. Et en moins de temps qu\u2019il ne faut pour le dire, ou la vitesse d\u2019un slap shot de McDavid ou un arr\u00eat de la mitaine de Price, j\u2019\u00e9cris sur de l\u2019actualit\u00e9 par ici mais aussi le sport f\u00e9minin, pas assez mis en avant.","sameAs":["https:\/\/x.com\/https:\/\/x.com\/DamienMeunier69"],"url":"https:\/\/dicodusport.fr\/blog\/author\/damien-m\/"}]}},"_links":{"self":[{"href":"https:\/\/dicodusport.fr\/blog\/wp-json\/wp\/v2\/posts\/157792","targetHints":{"allow":["GET"]}}],"collection":[{"href":"https:\/\/dicodusport.fr\/blog\/wp-json\/wp\/v2\/posts"}],"about":[{"href":"https:\/\/dicodusport.fr\/blog\/wp-json\/wp\/v2\/types\/post"}],"author":[{"embeddable":true,"href":"https:\/\/dicodusport.fr\/blog\/wp-json\/wp\/v2\/users\/10"}],"replies":[{"embeddable":true,"href":"https:\/\/dicodusport.fr\/blog\/wp-json\/wp\/v2\/comments?post=157792"}],"version-history":[{"count":0,"href":"https:\/\/dicodusport.fr\/blog\/wp-json\/wp\/v2\/posts\/157792\/revisions"}],"wp:featuredmedia":[{"embeddable":true,"href":"https:\/\/dicodusport.fr\/blog\/wp-json\/wp\/v2\/media\/157801"}],"wp:attachment":[{"href":"https:\/\/dicodusport.fr\/blog\/wp-json\/wp\/v2\/media?parent=157792"}],"wp:term":[{"taxonomy":"category","embeddable":true,"href":"https:\/\/dicodusport.fr\/blog\/wp-json\/wp\/v2\/categories?post=157792"},{"taxonomy":"post_tag","embeddable":true,"href":"https:\/\/dicodusport.fr\/blog\/wp-json\/wp\/v2\/tags?post=157792"}],"curies":[{"name":"wp","href":"https:\/\/api.w.org\/{rel}","templated":true}]}}