{"id":157887,"date":"2021-08-11T15:46:55","date_gmt":"2021-08-11T13:46:55","guid":{"rendered":"https:\/\/dicodusport.fr\/blog\/?p=157887&#038;preview=true&#038;preview_id=157887"},"modified":"2021-08-12T15:58:22","modified_gmt":"2021-08-12T13:58:22","slug":"vtt-xco-elite-8-tricolores-pour-les-championnats-d-europe-loana-lecomte-absente","status":"publish","type":"post","link":"https:\/\/dicodusport.fr\/blog\/vtt-xco-elite-8-tricolores-pour-les-championnats-d-europe-loana-lecomte-absente\/","title":{"rendered":"VTT XCO \u00c9lite : 8 Tricolores pour les Championnats d&rsquo;Europe, Loana Lecomte absente"},"content":{"rendered":"<p style=\"text-align: justify;\"><em><b>VTT &#8211; Au total, huit Tricolores seront au d\u00e9part des championnats d&rsquo;Europe \u00e0 Novi Sad (Serbie) ce week-end, en XCO \u00c9lite. Loana Lecomte fait quant \u00e0 elle l&rsquo;impasse.\u00a0<\/b><\/em><\/p>\n<p style=\"text-align: justify;\">La leader de la Coupe du monde, <strong>Loana Lecomte<\/strong>, <a href=\"https:\/\/dicodusport.fr\/blog\/jo-de-tokyo-2020-vtt-le-classement-de-la-course-femmes\/\">6\u00e8me des Jeux Olympiques \u00e0 Tokyo<\/a>, a d\u00e9cid\u00e9 de faire l&rsquo;impasse sur les Championnats d&rsquo;Europe. Seules <strong>Pauline Ferrand-Pr\u00e9vot<\/strong> et <strong>L\u00e9na G\u00e9rault<\/strong> seront pr\u00e9sentes chez les dames. Du c\u00f4t\u00e9 des hommes, <strong>Victor Koretzky<\/strong> et <strong>Jordan Sarrou<\/strong>, pr\u00e9sents \u00e0 Tokyo, sont absents. Mais ce sont tout de m\u00eame six hommes qui seront au d\u00e9part ce week-end : <strong>Titouan Carrod<\/strong>, m\u00e9daill\u00e9 d&rsquo;argent en 2020, sera accompagn\u00e9 de <strong>Joshua Dubau<\/strong>, <strong>Thomas Griot<\/strong>, <strong>Maxime Marotte<\/strong>, <strong>Antoine Philipp<\/strong> et <strong>St\u00e9phane Tempier<\/strong>.<\/p>\n<blockquote class=\"twitter-tweet\">\n<p dir=\"ltr\" lang=\"fr\">&#x2708; Direction la Serbie &#x1f1f7;&#x1f1f8; et les Championnats d&rsquo;Europe &#x1f1ea;&#x1f1fa; pour l&rsquo;\u00e9quipe de France VTT XCO ! <a href=\"https:\/\/twitter.com\/hashtag\/JeRouleAvecSKF?src=hash&amp;ref_src=twsrc%5Etfw\">#JeRouleAvecSKF<\/a><\/p>\n<p>&#x1f1eb;&#x1f1f7; La s\u00e9lection \u00c9lite &#x2935;<a href=\"https:\/\/twitter.com\/FERRANDPREVOT?ref_src=twsrc%5Etfw\">@FERRANDPREVOT<\/a> <a href=\"https:\/\/twitter.com\/lenagerault?ref_src=twsrc%5Etfw\">@lenagerault<\/a> <a href=\"https:\/\/twitter.com\/CARODTitouan?ref_src=twsrc%5Etfw\">@CARODTitouan<\/a> <a href=\"https:\/\/twitter.com\/JoshuaDubau?ref_src=twsrc%5Etfw\">@JoshuaDubau<\/a> <a href=\"https:\/\/twitter.com\/ThomasGriot?ref_src=twsrc%5Etfw\">@ThomasGriot<\/a> <a href=\"https:\/\/twitter.com\/MaximeMarotte?ref_src=twsrc%5Etfw\">@MaximeMarotte<\/a> <a href=\"https:\/\/twitter.com\/antoine_philipp?ref_src=twsrc%5Etfw\">@antoine_philipp<\/a> <a href=\"https:\/\/twitter.com\/StephaneTempier?ref_src=twsrc%5Etfw\">@StephaneTempier<\/a> <a href=\"https:\/\/t.co\/8czZ7jwYMd\">pic.twitter.com\/8czZ7jwYMd<\/a><\/p>\n<p>\u2014 FFC (@FFCyclisme) <a href=\"https:\/\/twitter.com\/FFCyclisme\/status\/1425429100748021763?ref_src=twsrc%5Etfw\">August 11, 2021<\/a><\/p><\/blockquote>\n<p style=\"text-align: justify;\"><script async src=\"https:\/\/platform.twitter.com\/widgets.js\" charset=\"utf-8\"><\/script><\/p>\n","protected":false},"excerpt":{"rendered":"<p>VTT &#8211; Au total, huit Tricolores seront au d\u00e9part des championnats d&rsquo;Europe \u00e0 Novi Sad (Serbie) ce week-end, en XCO \u00c9lite. Loana Lecomte fait quant \u00e0 elle l&rsquo;impasse.\u00a0<\/p>\n","protected":false},"author":1,"featured_media":157889,"comment_status":"open","ping_status":"closed","sticky":false,"template":"","format":"standard","meta":{"_acf_changed":false,"_daextam_enable_autolinks":"","footnotes":""},"categories":[10279],"tags":[1340,692],"class_list":["post-157887","post","type-post","status-publish","format-standard","has-post-thumbnail","hentry","category-vtt","tag-pauline-ferrand-prevot","tag-vtt"],"acf":[],"yoast_head":"<!-- This site is optimized with the Yoast SEO Premium plugin v26.7 (Yoast SEO v26.7) - https:\/\/yoast.com\/wordpress\/plugins\/seo\/ -->\n<title>VTT XCO \u00c9lite : 8 Tricolores pour les Championnats d&#039;Europe, Loana Lecomte absente<\/title>\n<meta name=\"description\" content=\"VTT - Au total, huit Tricolores seront au d\u00e9part des championnats d&#039;Europe \u00e0 Novi Sad (Serbie) ce week-end, en XCO \u00c9lite.\" \/>\n<meta name=\"robots\" content=\"index, follow, max-snippet:-1, max-image-preview:large, max-video-preview:-1\" \/>\n<link rel=\"canonical\" href=\"https:\/\/dicodusport.fr\/blog\/vtt-xco-elite-8-tricolores-pour-les-championnats-d-europe-loana-lecomte-absente\/\" \/>\n<meta property=\"og:locale\" content=\"fr_FR\" \/>\n<meta property=\"og:type\" content=\"article\" \/>\n<meta property=\"og:title\" content=\"VTT XCO \u00c9lite : 8 Tricolores pour les Championnats d&#039;Europe, Loana Lecomte absente\" \/>\n<meta property=\"og:description\" content=\"VTT - Au total, huit Tricolores seront au d\u00e9part des championnats d&#039;Europe \u00e0 Novi Sad (Serbie) ce week-end, en XCO \u00c9lite.\" \/>\n<meta property=\"og:url\" content=\"https:\/\/dicodusport.fr\/blog\/vtt-xco-elite-8-tricolores-pour-les-championnats-d-europe-loana-lecomte-absente\/\" \/>\n<meta property=\"og:site_name\" content=\"Dicodusport\" \/>\n<meta property=\"article:publisher\" content=\"https:\/\/www.facebook.com\/dicodusport\" \/>\n<meta property=\"article:author\" content=\"https:\/\/www.facebook.com\/dicodusport\" \/>\n<meta property=\"article:published_time\" content=\"2021-08-11T13:46:55+00:00\" \/>\n<meta property=\"article:modified_time\" content=\"2021-08-12T13:58:22+00:00\" \/>\n<meta property=\"og:image\" content=\"https:\/\/dicodusport.fr\/blog\/wp-content\/uploads\/2021\/08\/VTT-8-tricolores-pour-les-championnats-dEurope-Loana-Lecomte-absente.png\" \/>\n\t<meta property=\"og:image:width\" content=\"800\" \/>\n\t<meta property=\"og:image:height\" content=\"445\" \/>\n\t<meta property=\"og:image:type\" content=\"image\/png\" \/>\n<meta name=\"author\" content=\"Nicolas Jacquemard\" \/>\n<meta name=\"twitter:card\" content=\"summary_large_image\" \/>\n<meta name=\"twitter:title\" content=\"VTT XCO \u00c9lite : 8 Tricolores pour les Championnats d&#039;Europe, Loana Lecomte absente\" \/>\n<meta name=\"twitter:creator\" content=\"@https:\/\/twitter.com\/Nico_Jacquemard\" \/>\n<meta name=\"twitter:site\" content=\"@dicodusport\" \/>\n<script type=\"application\/ld+json\" class=\"yoast-schema-graph\">{\"@context\":\"https:\/\/schema.org\",\"@graph\":[{\"@type\":\"NewsArticle\",\"@id\":\"https:\/\/dicodusport.fr\/blog\/vtt-xco-elite-8-tricolores-pour-les-championnats-d-europe-loana-lecomte-absente\/#article\",\"isPartOf\":{\"@id\":\"https:\/\/dicodusport.fr\/blog\/vtt-xco-elite-8-tricolores-pour-les-championnats-d-europe-loana-lecomte-absente\/\"},\"author\":{\"name\":\"Nicolas Jacquemard\",\"@id\":\"https:\/\/dicodusport.fr\/blog\/#\/schema\/person\/55dcb50ad410894e431ed812bbb70191\"},\"headline\":\"VTT XCO \u00c9lite : 8 Tricolores pour les Championnats d&rsquo;Europe, Loana Lecomte absente\",\"datePublished\":\"2021-08-11T13:46:55+00:00\",\"dateModified\":\"2021-08-12T13:58:22+00:00\",\"mainEntityOfPage\":{\"@id\":\"https:\/\/dicodusport.fr\/blog\/vtt-xco-elite-8-tricolores-pour-les-championnats-d-europe-loana-lecomte-absente\/\"},\"wordCount\":192,\"commentCount\":0,\"publisher\":{\"@id\":\"https:\/\/dicodusport.fr\/blog\/#organization\"},\"image\":{\"@id\":\"https:\/\/dicodusport.fr\/blog\/vtt-xco-elite-8-tricolores-pour-les-championnats-d-europe-loana-lecomte-absente\/#primaryimage\"},\"thumbnailUrl\":\"https:\/\/dicodusport.fr\/blog\/wp-content\/uploads\/2021\/08\/VTT-8-tricolores-pour-les-championnats-dEurope-Loana-Lecomte-absente.png\",\"keywords\":[\"Pauline Ferrand-Pr\u00e9vot\",\"VTT\"],\"articleSection\":[\"VTT\"],\"inLanguage\":\"fr-FR\",\"potentialAction\":[{\"@type\":\"CommentAction\",\"name\":\"Comment\",\"target\":[\"https:\/\/dicodusport.fr\/blog\/vtt-xco-elite-8-tricolores-pour-les-championnats-d-europe-loana-lecomte-absente\/#respond\"]}],\"copyrightYear\":\"2021\",\"copyrightHolder\":{\"@id\":\"https:\/\/dicodusport.fr\/blog\/#organization\"}},{\"@type\":\"WebPage\",\"@id\":\"https:\/\/dicodusport.fr\/blog\/vtt-xco-elite-8-tricolores-pour-les-championnats-d-europe-loana-lecomte-absente\/\",\"url\":\"https:\/\/dicodusport.fr\/blog\/vtt-xco-elite-8-tricolores-pour-les-championnats-d-europe-loana-lecomte-absente\/\",\"name\":\"VTT XCO \u00c9lite : 8 Tricolores pour les Championnats d'Europe, Loana Lecomte absente\",\"isPartOf\":{\"@id\":\"https:\/\/dicodusport.fr\/blog\/#website\"},\"primaryImageOfPage\":{\"@id\":\"https:\/\/dicodusport.fr\/blog\/vtt-xco-elite-8-tricolores-pour-les-championnats-d-europe-loana-lecomte-absente\/#primaryimage\"},\"image\":{\"@id\":\"https:\/\/dicodusport.fr\/blog\/vtt-xco-elite-8-tricolores-pour-les-championnats-d-europe-loana-lecomte-absente\/#primaryimage\"},\"thumbnailUrl\":\"https:\/\/dicodusport.fr\/blog\/wp-content\/uploads\/2021\/08\/VTT-8-tricolores-pour-les-championnats-dEurope-Loana-Lecomte-absente.png\",\"datePublished\":\"2021-08-11T13:46:55+00:00\",\"dateModified\":\"2021-08-12T13:58:22+00:00\",\"description\":\"VTT - Au total, huit Tricolores seront au d\u00e9part des championnats d'Europe \u00e0 Novi Sad (Serbie) ce week-end, en XCO \u00c9lite.\",\"breadcrumb\":{\"@id\":\"https:\/\/dicodusport.fr\/blog\/vtt-xco-elite-8-tricolores-pour-les-championnats-d-europe-loana-lecomte-absente\/#breadcrumb\"},\"inLanguage\":\"fr-FR\",\"potentialAction\":[{\"@type\":\"ReadAction\",\"target\":[\"https:\/\/dicodusport.fr\/blog\/vtt-xco-elite-8-tricolores-pour-les-championnats-d-europe-loana-lecomte-absente\/\"]}]},{\"@type\":\"ImageObject\",\"inLanguage\":\"fr-FR\",\"@id\":\"https:\/\/dicodusport.fr\/blog\/vtt-xco-elite-8-tricolores-pour-les-championnats-d-europe-loana-lecomte-absente\/#primaryimage\",\"url\":\"https:\/\/dicodusport.fr\/blog\/wp-content\/uploads\/2021\/08\/VTT-8-tricolores-pour-les-championnats-dEurope-Loana-Lecomte-absente.png\",\"contentUrl\":\"https:\/\/dicodusport.fr\/blog\/wp-content\/uploads\/2021\/08\/VTT-8-tricolores-pour-les-championnats-dEurope-Loana-Lecomte-absente.png\",\"width\":800,\"height\":445},{\"@type\":\"BreadcrumbList\",\"@id\":\"https:\/\/dicodusport.fr\/blog\/vtt-xco-elite-8-tricolores-pour-les-championnats-d-europe-loana-lecomte-absente\/#breadcrumb\",\"itemListElement\":[{\"@type\":\"ListItem\",\"position\":1,\"name\":\"Accueil\",\"item\":\"https:\/\/dicodusport.fr\/blog\/\"},{\"@type\":\"ListItem\",\"position\":2,\"name\":\"VTT XCO \u00c9lite : 8 Tricolores pour les Championnats d&rsquo;Europe, Loana Lecomte absente\"}]},{\"@type\":\"WebSite\",\"@id\":\"https:\/\/dicodusport.fr\/blog\/#website\",\"url\":\"https:\/\/dicodusport.fr\/blog\/\",\"name\":\"Dicodusport\",\"description\":\"L&#039;encyclop\u00e9die de l&#039;actualit\u00e9 sportive\",\"publisher\":{\"@id\":\"https:\/\/dicodusport.fr\/blog\/#organization\"},\"potentialAction\":[{\"@type\":\"SearchAction\",\"target\":{\"@type\":\"EntryPoint\",\"urlTemplate\":\"https:\/\/dicodusport.fr\/blog\/?s={search_term_string}\"},\"query-input\":{\"@type\":\"PropertyValueSpecification\",\"valueRequired\":true,\"valueName\":\"search_term_string\"}}],\"inLanguage\":\"fr-FR\"},{\"@type\":\"NewsMediaOrganization\",\"@id\":\"https:\/\/dicodusport.fr\/blog\/#organization\",\"name\":\"Dicodusport\",\"url\":\"https:\/\/dicodusport.fr\/blog\/\",\"logo\":{\"@type\":\"ImageObject\",\"inLanguage\":\"fr-FR\",\"@id\":\"https:\/\/dicodusport.fr\/blog\/#\/schema\/logo\/image\/\",\"url\":\"https:\/\/dicodusport.fr\/blog\/wp-content\/uploads\/2020\/06\/cropped-LOGO-DICODUSPORT-2020-SANS-FOND-SANS-TEXTE.png\",\"contentUrl\":\"https:\/\/dicodusport.fr\/blog\/wp-content\/uploads\/2020\/06\/cropped-LOGO-DICODUSPORT-2020-SANS-FOND-SANS-TEXTE.png\",\"width\":512,\"height\":512,\"caption\":\"Dicodusport\"},\"image\":{\"@id\":\"https:\/\/dicodusport.fr\/blog\/#\/schema\/logo\/image\/\"},\"sameAs\":[\"https:\/\/www.facebook.com\/dicodusport\",\"https:\/\/x.com\/dicodusport\",\"https:\/\/www.instagram.com\/dicodusport\/\",\"https:\/\/www.youtube.com\/channel\/UC7V2KZ5sd3htJivAbA4ZG3w\"],\"description\":\"Dicodusport est l'encyclop\u00e9die de l'actualit\u00e9 sportive.\",\"email\":\"bonjour@dicodusport.fr\",\"legalName\":\"DICODUSPORT\",\"foundingDate\":\"2018-01-14\",\"vatID\":\"FR71834470973\",\"taxID\":\"83447097300043\",\"numberOfEmployees\":{\"@type\":\"QuantitativeValue\",\"minValue\":\"1\",\"maxValue\":\"10\"}},{\"@type\":\"Person\",\"@id\":\"https:\/\/dicodusport.fr\/blog\/#\/schema\/person\/55dcb50ad410894e431ed812bbb70191\",\"name\":\"Nicolas Jacquemard\",\"image\":{\"@type\":\"ImageObject\",\"inLanguage\":\"fr-FR\",\"@id\":\"https:\/\/dicodusport.fr\/blog\/#\/schema\/person\/image\/\",\"url\":\"https:\/\/dicodusport.fr\/blog\/wp-content\/uploads\/2021\/05\/Nicolas-Jacquemard-150x150.jpeg\",\"contentUrl\":\"https:\/\/dicodusport.fr\/blog\/wp-content\/uploads\/2021\/05\/Nicolas-Jacquemard-150x150.jpeg\",\"caption\":\"Nicolas Jacquemard\"},\"description\":\"Passionn\u00e9 de sport et entrepreneur depuis mes 18 ans, la cr\u00e9ation de Dicodusport m'a sembl\u00e9 \u00e9vidente pour participer \u00e0 la m\u00e9diatisation d'un plus grand nombre de sports. Le chemin est long mais avec une \u00e9quipe des plus motiv\u00e9es et les Jeux Olympiques de Paris 2024 en point de mire, nous y arriverons ! Journaliste dans le monde du sport depuis plus de 5 ans, je traite aussi bien de football, de rugby, de biathlon que de cyclisme.\",\"sameAs\":[\"https:\/\/www.facebook.com\/dicodusport\",\"https:\/\/x.com\/https:\/\/twitter.com\/Nico_Jacquemard\"],\"url\":\"https:\/\/dicodusport.fr\/blog\/author\/dicodusport\/\"}]}<\/script>\n<!-- \/ Yoast SEO Premium plugin. -->","yoast_head_json":{"title":"VTT XCO \u00c9lite : 8 Tricolores pour les Championnats d'Europe, Loana Lecomte absente","description":"VTT - Au total, huit Tricolores seront au d\u00e9part des championnats d'Europe \u00e0 Novi Sad (Serbie) ce week-end, en XCO \u00c9lite.","robots":{"index":"index","follow":"follow","max-snippet":"max-snippet:-1","max-image-preview":"max-image-preview:large","max-video-preview":"max-video-preview:-1"},"canonical":"https:\/\/dicodusport.fr\/blog\/vtt-xco-elite-8-tricolores-pour-les-championnats-d-europe-loana-lecomte-absente\/","og_locale":"fr_FR","og_type":"article","og_title":"VTT XCO \u00c9lite : 8 Tricolores pour les Championnats d'Europe, Loana Lecomte absente","og_description":"VTT - Au total, huit Tricolores seront au d\u00e9part des championnats d'Europe \u00e0 Novi Sad (Serbie) ce week-end, en XCO \u00c9lite.","og_url":"https:\/\/dicodusport.fr\/blog\/vtt-xco-elite-8-tricolores-pour-les-championnats-d-europe-loana-lecomte-absente\/","og_site_name":"Dicodusport","article_publisher":"https:\/\/www.facebook.com\/dicodusport","article_author":"https:\/\/www.facebook.com\/dicodusport","article_published_time":"2021-08-11T13:46:55+00:00","article_modified_time":"2021-08-12T13:58:22+00:00","og_image":[{"width":800,"height":445,"url":"https:\/\/dicodusport.fr\/blog\/wp-content\/uploads\/2021\/08\/VTT-8-tricolores-pour-les-championnats-dEurope-Loana-Lecomte-absente.png","type":"image\/png"}],"author":"Nicolas Jacquemard","twitter_card":"summary_large_image","twitter_title":"VTT XCO \u00c9lite : 8 Tricolores pour les Championnats d'Europe, Loana Lecomte absente","twitter_creator":"@https:\/\/twitter.com\/Nico_Jacquemard","twitter_site":"@dicodusport","schema":{"@context":"https:\/\/schema.org","@graph":[{"@type":"NewsArticle","@id":"https:\/\/dicodusport.fr\/blog\/vtt-xco-elite-8-tricolores-pour-les-championnats-d-europe-loana-lecomte-absente\/#article","isPartOf":{"@id":"https:\/\/dicodusport.fr\/blog\/vtt-xco-elite-8-tricolores-pour-les-championnats-d-europe-loana-lecomte-absente\/"},"author":{"name":"Nicolas Jacquemard","@id":"https:\/\/dicodusport.fr\/blog\/#\/schema\/person\/55dcb50ad410894e431ed812bbb70191"},"headline":"VTT XCO \u00c9lite : 8 Tricolores pour les Championnats d&rsquo;Europe, Loana Lecomte absente","datePublished":"2021-08-11T13:46:55+00:00","dateModified":"2021-08-12T13:58:22+00:00","mainEntityOfPage":{"@id":"https:\/\/dicodusport.fr\/blog\/vtt-xco-elite-8-tricolores-pour-les-championnats-d-europe-loana-lecomte-absente\/"},"wordCount":192,"commentCount":0,"publisher":{"@id":"https:\/\/dicodusport.fr\/blog\/#organization"},"image":{"@id":"https:\/\/dicodusport.fr\/blog\/vtt-xco-elite-8-tricolores-pour-les-championnats-d-europe-loana-lecomte-absente\/#primaryimage"},"thumbnailUrl":"https:\/\/dicodusport.fr\/blog\/wp-content\/uploads\/2021\/08\/VTT-8-tricolores-pour-les-championnats-dEurope-Loana-Lecomte-absente.png","keywords":["Pauline Ferrand-Pr\u00e9vot","VTT"],"articleSection":["VTT"],"inLanguage":"fr-FR","potentialAction":[{"@type":"CommentAction","name":"Comment","target":["https:\/\/dicodusport.fr\/blog\/vtt-xco-elite-8-tricolores-pour-les-championnats-d-europe-loana-lecomte-absente\/#respond"]}],"copyrightYear":"2021","copyrightHolder":{"@id":"https:\/\/dicodusport.fr\/blog\/#organization"}},{"@type":"WebPage","@id":"https:\/\/dicodusport.fr\/blog\/vtt-xco-elite-8-tricolores-pour-les-championnats-d-europe-loana-lecomte-absente\/","url":"https:\/\/dicodusport.fr\/blog\/vtt-xco-elite-8-tricolores-pour-les-championnats-d-europe-loana-lecomte-absente\/","name":"VTT XCO \u00c9lite : 8 Tricolores pour les Championnats d'Europe, Loana Lecomte absente","isPartOf":{"@id":"https:\/\/dicodusport.fr\/blog\/#website"},"primaryImageOfPage":{"@id":"https:\/\/dicodusport.fr\/blog\/vtt-xco-elite-8-tricolores-pour-les-championnats-d-europe-loana-lecomte-absente\/#primaryimage"},"image":{"@id":"https:\/\/dicodusport.fr\/blog\/vtt-xco-elite-8-tricolores-pour-les-championnats-d-europe-loana-lecomte-absente\/#primaryimage"},"thumbnailUrl":"https:\/\/dicodusport.fr\/blog\/wp-content\/uploads\/2021\/08\/VTT-8-tricolores-pour-les-championnats-dEurope-Loana-Lecomte-absente.png","datePublished":"2021-08-11T13:46:55+00:00","dateModified":"2021-08-12T13:58:22+00:00","description":"VTT - Au total, huit Tricolores seront au d\u00e9part des championnats d'Europe \u00e0 Novi Sad (Serbie) ce week-end, en XCO \u00c9lite.","breadcrumb":{"@id":"https:\/\/dicodusport.fr\/blog\/vtt-xco-elite-8-tricolores-pour-les-championnats-d-europe-loana-lecomte-absente\/#breadcrumb"},"inLanguage":"fr-FR","potentialAction":[{"@type":"ReadAction","target":["https:\/\/dicodusport.fr\/blog\/vtt-xco-elite-8-tricolores-pour-les-championnats-d-europe-loana-lecomte-absente\/"]}]},{"@type":"ImageObject","inLanguage":"fr-FR","@id":"https:\/\/dicodusport.fr\/blog\/vtt-xco-elite-8-tricolores-pour-les-championnats-d-europe-loana-lecomte-absente\/#primaryimage","url":"https:\/\/dicodusport.fr\/blog\/wp-content\/uploads\/2021\/08\/VTT-8-tricolores-pour-les-championnats-dEurope-Loana-Lecomte-absente.png","contentUrl":"https:\/\/dicodusport.fr\/blog\/wp-content\/uploads\/2021\/08\/VTT-8-tricolores-pour-les-championnats-dEurope-Loana-Lecomte-absente.png","width":800,"height":445},{"@type":"BreadcrumbList","@id":"https:\/\/dicodusport.fr\/blog\/vtt-xco-elite-8-tricolores-pour-les-championnats-d-europe-loana-lecomte-absente\/#breadcrumb","itemListElement":[{"@type":"ListItem","position":1,"name":"Accueil","item":"https:\/\/dicodusport.fr\/blog\/"},{"@type":"ListItem","position":2,"name":"VTT XCO \u00c9lite : 8 Tricolores pour les Championnats d&rsquo;Europe, Loana Lecomte absente"}]},{"@type":"WebSite","@id":"https:\/\/dicodusport.fr\/blog\/#website","url":"https:\/\/dicodusport.fr\/blog\/","name":"Dicodusport","description":"L&#039;encyclop\u00e9die de l&#039;actualit\u00e9 sportive","publisher":{"@id":"https:\/\/dicodusport.fr\/blog\/#organization"},"potentialAction":[{"@type":"SearchAction","target":{"@type":"EntryPoint","urlTemplate":"https:\/\/dicodusport.fr\/blog\/?s={search_term_string}"},"query-input":{"@type":"PropertyValueSpecification","valueRequired":true,"valueName":"search_term_string"}}],"inLanguage":"fr-FR"},{"@type":"NewsMediaOrganization","@id":"https:\/\/dicodusport.fr\/blog\/#organization","name":"Dicodusport","url":"https:\/\/dicodusport.fr\/blog\/","logo":{"@type":"ImageObject","inLanguage":"fr-FR","@id":"https:\/\/dicodusport.fr\/blog\/#\/schema\/logo\/image\/","url":"https:\/\/dicodusport.fr\/blog\/wp-content\/uploads\/2020\/06\/cropped-LOGO-DICODUSPORT-2020-SANS-FOND-SANS-TEXTE.png","contentUrl":"https:\/\/dicodusport.fr\/blog\/wp-content\/uploads\/2020\/06\/cropped-LOGO-DICODUSPORT-2020-SANS-FOND-SANS-TEXTE.png","width":512,"height":512,"caption":"Dicodusport"},"image":{"@id":"https:\/\/dicodusport.fr\/blog\/#\/schema\/logo\/image\/"},"sameAs":["https:\/\/www.facebook.com\/dicodusport","https:\/\/x.com\/dicodusport","https:\/\/www.instagram.com\/dicodusport\/","https:\/\/www.youtube.com\/channel\/UC7V2KZ5sd3htJivAbA4ZG3w"],"description":"Dicodusport est l'encyclop\u00e9die de l'actualit\u00e9 sportive.","email":"bonjour@dicodusport.fr","legalName":"DICODUSPORT","foundingDate":"2018-01-14","vatID":"FR71834470973","taxID":"83447097300043","numberOfEmployees":{"@type":"QuantitativeValue","minValue":"1","maxValue":"10"}},{"@type":"Person","@id":"https:\/\/dicodusport.fr\/blog\/#\/schema\/person\/55dcb50ad410894e431ed812bbb70191","name":"Nicolas Jacquemard","image":{"@type":"ImageObject","inLanguage":"fr-FR","@id":"https:\/\/dicodusport.fr\/blog\/#\/schema\/person\/image\/","url":"https:\/\/dicodusport.fr\/blog\/wp-content\/uploads\/2021\/05\/Nicolas-Jacquemard-150x150.jpeg","contentUrl":"https:\/\/dicodusport.fr\/blog\/wp-content\/uploads\/2021\/05\/Nicolas-Jacquemard-150x150.jpeg","caption":"Nicolas Jacquemard"},"description":"Passionn\u00e9 de sport et entrepreneur depuis mes 18 ans, la cr\u00e9ation de Dicodusport m'a sembl\u00e9 \u00e9vidente pour participer \u00e0 la m\u00e9diatisation d'un plus grand nombre de sports. Le chemin est long mais avec une \u00e9quipe des plus motiv\u00e9es et les Jeux Olympiques de Paris 2024 en point de mire, nous y arriverons ! Journaliste dans le monde du sport depuis plus de 5 ans, je traite aussi bien de football, de rugby, de biathlon que de cyclisme.","sameAs":["https:\/\/www.facebook.com\/dicodusport","https:\/\/x.com\/https:\/\/twitter.com\/Nico_Jacquemard"],"url":"https:\/\/dicodusport.fr\/blog\/author\/dicodusport\/"}]}},"_links":{"self":[{"href":"https:\/\/dicodusport.fr\/blog\/wp-json\/wp\/v2\/posts\/157887","targetHints":{"allow":["GET"]}}],"collection":[{"href":"https:\/\/dicodusport.fr\/blog\/wp-json\/wp\/v2\/posts"}],"about":[{"href":"https:\/\/dicodusport.fr\/blog\/wp-json\/wp\/v2\/types\/post"}],"author":[{"embeddable":true,"href":"https:\/\/dicodusport.fr\/blog\/wp-json\/wp\/v2\/users\/1"}],"replies":[{"embeddable":true,"href":"https:\/\/dicodusport.fr\/blog\/wp-json\/wp\/v2\/comments?post=157887"}],"version-history":[{"count":0,"href":"https:\/\/dicodusport.fr\/blog\/wp-json\/wp\/v2\/posts\/157887\/revisions"}],"wp:featuredmedia":[{"embeddable":true,"href":"https:\/\/dicodusport.fr\/blog\/wp-json\/wp\/v2\/media\/157889"}],"wp:attachment":[{"href":"https:\/\/dicodusport.fr\/blog\/wp-json\/wp\/v2\/media?parent=157887"}],"wp:term":[{"taxonomy":"category","embeddable":true,"href":"https:\/\/dicodusport.fr\/blog\/wp-json\/wp\/v2\/categories?post=157887"},{"taxonomy":"post_tag","embeddable":true,"href":"https:\/\/dicodusport.fr\/blog\/wp-json\/wp\/v2\/tags?post=157887"}],"curies":[{"name":"wp","href":"https:\/\/api.w.org\/{rel}","templated":true}]}}