{"id":157910,"date":"2021-08-13T15:16:29","date_gmt":"2021-08-13T13:16:29","guid":{"rendered":"https:\/\/dicodusport.fr\/blog\/?p=157910&#038;preview=true&#038;preview_id=157910"},"modified":"2021-08-14T15:11:55","modified_gmt":"2021-08-14T13:11:55","slug":"motogp-grand-prix-autriche-2021-horaires-programme-tv-et-enjeux","status":"publish","type":"post","link":"https:\/\/dicodusport.fr\/blog\/motogp-grand-prix-autriche-2021-horaires-programme-tv-et-enjeux\/","title":{"rendered":"MotoGP &#8211; Grand Prix d&rsquo;Autriche 2021 : Horaires, programme TV et enjeux"},"content":{"rendered":"<p style=\"text-align: justify;\"><em><strong>MOTOGP &#8211; Le Grand Prix d&rsquo;Autriche 2021 de <a href=\"https:\/\/dicodusport.fr\/blog\/actualites\/sports-mecaniques\/moto\/\">MotoGP<\/a> va se d\u00e9rouler ce week-end sur le circuit du Red Bull Ring, comme le week-end dernier. Apr\u00e8s le <a href=\"https:\/\/dicodusport.fr\/blog\/motogp-grand-prix-de-styrie-premiere-victoire-pour-jorge-martin-quartararo-3eme\/\">Grand Prix de Styrie<\/a>, les pilotes disputeront la seconde manche qui se dispute sur ce circuit cette saison. Histoire, enjeux, records, m\u00e9t\u00e9o, chiffres cl\u00e9s\u2026 Soyez incollables avant la 11<sup>\u00e8me<\/sup> manche du Championnat du monde de MotoGP 2021.<\/strong><\/em><\/p>\n<h2 style=\"text-align: justify;\">Histoire du Grand Prix<\/h2>\n<p style=\"text-align: justify;\">Le <strong>Grand Prix d&rsquo;Autriche<\/strong> est une \u00e9tape du Championnat du monde de MotoGP qui \u00e9tait au calendrier entre 1971 et 1997. Apr\u00e8s une pause de quelques ann\u00e9es, la manche est revenue \u00e0 partir de 2016 sur le circuit de Spielberg, aussi appel\u00e9 Red Bull Ring. Il est l&rsquo;un des rares \u00e0 avoir \u00e9t\u00e9 maintenu en 2020 ainsi qu&rsquo;\u00e0 appara\u00eetre deux fois la m\u00eame ann\u00e9e, sous diff\u00e9rentes appellations. En effet, la premi\u00e8re manche s&rsquo;est courue la semaine derni\u00e8re sous le nom de <strong>Grand Prix de Styrie<\/strong> et revient ce week-end en tant que <strong>Grand Prix d&rsquo;Autriche<\/strong>.<\/p>\n<p style=\"text-align: justify;\">Fait rare, aucun des pilotes pr\u00e9sents sur la grille cette ann\u00e9e n&rsquo;a gagn\u00e9 le Grand Prix d&rsquo;Autriche en MotoGP. N\u00e9anmoins, certains pilotes l&rsquo;ont gagn\u00e9 en Moto 2, comme <strong>Johann Zarco<\/strong> (Pramac Racing) en 2016, <strong>Franco<\/strong> <strong>Morbidelli<\/strong> (Petronas Yamaha SRT) en 2017, <strong>Francesco Bagnaia<\/strong> (Ducati Lenovo Team) en 2018, <strong>Brad Binder<\/strong> (Red Bull KTM Factory Racing) en 2019 et <strong>Jorge Martin<\/strong> (Pramac Racing) en 2020. <strong>Joan Mir<\/strong> (Team SUZUKI ECSTAR) l&rsquo;a \u00e9galement remport\u00e9 en Moto 3 lors des \u00e9ditions 2016 et 2017.<\/p>\n<p style=\"text-align: justify;\">La derni\u00e8re \u00e9dition en date de 2020 avait vu l\u2019Espagnol <strong>Maverick Vi\u00f1ales<\/strong><strong>\u00a0<\/strong>(Monster Energy Yamaha) d\u00e9crocher la pole position. Le jour de la course, l&rsquo;\u00e9norme crash entre <strong>Johann Zarco<\/strong> et <strong>Franco Morbidelli<\/strong> avait marqu\u00e9 les esprits, tant il \u00e9tait d&rsquo;une violence incroyable. Heureusement, les deux pilotes n&rsquo;avaient pas \u00e9t\u00e9 bless\u00e9s dans cet accident au 9\u00e8me tour de course. Apr\u00e8s un drapeau rouge et un deuxi\u00e8me d\u00e9part, c&rsquo;est<strong> Andrea Dovizioso<\/strong> et sa Ducati qui avaient remport\u00e9 la course devant <strong>Jack Miller<\/strong> (Ducati Lenovo Team) et <strong>Joan Mir<\/strong>. Le Fran\u00e7ais <strong>Fabio Quartararo<\/strong> avait d\u00e9croch\u00e9 la 8<sup>\u00e8me<\/sup> place de la course.<\/p>\n<p><iframe loading=\"lazy\" title=\"YouTube video player\" src=\"https:\/\/www.youtube.com\/embed\/pY0iI0jJ3Mg?list=PLFdFhj6CALXErFh8s6qvWP7zhJuEsdXEu\" width=\"853\" height=\"480\" frameborder=\"0\" allowfullscreen=\"allowfullscreen\"><\/iframe><\/p>\n<h2 style=\"text-align: justify;\">Les sp\u00e9cificit\u00e9s du circuit<\/h2>\n<p style=\"text-align: justify;\">Un tour de ce circuit, c&rsquo;est 4,318 km ! Le Red Bull Ring comporte 10 virages, dont 3 \u00e0 gauche et 7 \u00e0 droite. Il est tr\u00e8s appr\u00e9ci\u00e9 des pilotes pour ses pentes, son environnement naturel et la statue de taureau (embl\u00e8me de la marque Red Bull) plac\u00e9e en plein centre. La course se d\u00e9roulera sur 28 tours, soit environ 121 km. La plus longue ligne droite ne mesure que 626 m, o\u00f9 les pilotes atteignent g\u00e9n\u00e9ralement les 320 km\/h.<\/p>\n<p><a href=\"https:\/\/dicodusport.fr\/blog\/wp-content\/uploads\/2021\/08\/Circuit_A1_Ring.png\"><img loading=\"lazy\" decoding=\"async\" class=\"aligncenter wp-image-156062 size-full\" src=\"https:\/\/dicodusport.fr\/blog\/wp-content\/uploads\/2021\/08\/Circuit_A1_Ring.png\" alt=\"Red Bull Ring MotoGP\" width=\"470\" height=\"490\" srcset=\"https:\/\/dicodusport.fr\/blog\/wp-content\/uploads\/2021\/08\/Circuit_A1_Ring.png 470w, https:\/\/dicodusport.fr\/blog\/wp-content\/uploads\/2021\/08\/Circuit_A1_Ring-288x300.png 288w\" sizes=\"auto, (max-width: 470px) 100vw, 470px\" \/><\/a><\/p>\n<p style=\"text-align: justify;\">C\u00f4t\u00e9 m\u00e9t\u00e9o, les conditions s\u2019annoncent mitig\u00e9es \u00e0 Spielberg. Une temp\u00e9rature oscillant entre 28 et 30 degr\u00e9s est attendue ce week-end, quelques degr\u00e9s plus chauds que la semaine derni\u00e8re. Les pr\u00e9visions annoncent une forte probabilit\u00e9 d&rsquo;orage \u00e0 hauteur de 80%, pour les trois jours. Reste \u00e0 savoir si ces orages interviendront aux horaires o\u00f9 les pilotes courront, car cela semble \u00eatre assez al\u00e9atoire.<\/p>\n<h2 style=\"text-align: justify;\">Les records<\/h2>\n<p style=\"text-align: justify;\"><strong>Marc Marquez<\/strong> (Repsol Honda Team) poss\u00e8de le record du tour sur ce circuit, avec un temps de 1:23.027 r\u00e9alis\u00e9 lors de sa pole position en 2019. <strong>Andrea Dovizioso<\/strong> s&rsquo;\u00e9tait offert le record du tour en course en 2019 \u00e9galement, avec un temps de 1:23.827. La vitesse de pointe la plus \u00e9lev\u00e9e avait \u00e9t\u00e9 atteinte \u00e9galement par l\u2019Italien et sa Ducati, avec 316,7 km\/h en 2020.<\/p>\n<h2 style=\"text-align: justify;\">Les enjeux<\/h2>\n<p style=\"text-align: justify;\">Pour la premi\u00e8re ann\u00e9e dans l&rsquo;histoire de la MotoGP, deux Fran\u00e7ais m\u00e8nent le classement du championnat du monde. Apr\u00e8s la tr\u00eave estivale, <strong>Fabio Quartararo<\/strong> a encore gagn\u00e9 de pr\u00e9cieux points et en poss\u00e8de 172. C&rsquo;est 40 de plus que son premier poursuivant et compatriote tricolore <strong>Johann Zarco<\/strong> (132 points). Le premier a d\u00e9j\u00e0 gagn\u00e9 4 courses cette saison. Le second a fini deuxi\u00e8me \u00e0 5 reprises cette saison, et attend toujours de gagner sa premi\u00e8re course en carri\u00e8re dans la cat\u00e9gorie reine.<\/p>\n<p style=\"text-align: justify;\">Attention \u00e0 leurs poursuivants directs et notamment le champion du monde <strong>Joan Mir<\/strong> (Suzuki) qui remonte petit \u00e0 petit au classement gr\u00e2ce \u00e0 sa r\u00e9gularit\u00e9. Il compte 121 points et n&rsquo;a pas encore gagn\u00e9 cette saison. D&rsquo;autres pilotes n&rsquo;ont pas dit leur dernier mot. <strong>Jack Miller<\/strong> a d\u00e9j\u00e0 gagn\u00e9 deux courses et <strong>Francesco Bagnaia<\/strong> arrive r\u00e9guli\u00e8rement \u00e0 gagner de gros points. Enfin, le Portugais <strong>Miguel Oliveira<\/strong> (Red Bull KTM Factory Racing) \u00e9tait en tr\u00e8s grande forme avant la tr\u00eave et a fait forte impression au printemps, en d\u00e9crochant trois podiums dont une victoire. Va-t-il continuer sur sa lanc\u00e9e sachant qu\u2019il a d\u00e9j\u00e0 gagn\u00e9 ici l&rsquo;ann\u00e9e derni\u00e8re, lors du GP de Styrie ?<\/p>\n<p style=\"text-align: justify;\">Il ne faudra pas oublier <strong>Jorge Martin<\/strong> et sa Ducati Pramac qui a gagn\u00e9 sa toute premi\u00e8re course en MotoGP la semaine derni\u00e8re sur ce circuit. Le rookie avait \u00e9galement d\u00e9croch\u00e9 la pole position et a impressionn\u00e9 tout au long du week-end.<\/p>\n<blockquote class=\"twitter-tweet\">\n<p dir=\"ltr\" lang=\"en\">Winning in just your 6th <a href=\"https:\/\/twitter.com\/hashtag\/MotoGP?src=hash&amp;ref_src=twsrc%5Etfw\">#MotoGP<\/a> race, it&rsquo;s like a fine art! &#x1f60e;<a href=\"https:\/\/twitter.com\/88jorgemartin?ref_src=twsrc%5Etfw\">@88jorgemartin<\/a> showed the world that he&rsquo;s the real deal on Sunday! &#x1f3c6;<a href=\"https:\/\/twitter.com\/hashtag\/StyrianGP?src=hash&amp;ref_src=twsrc%5Etfw\">#StyrianGP<\/a> &#x1f3c1; <a href=\"https:\/\/t.co\/bD6Jt0zcmb\">pic.twitter.com\/bD6Jt0zcmb<\/a><\/p>\n<p>\u2014 MotoGP&#x2122;&#x1f3c1; (@MotoGP) <a href=\"https:\/\/twitter.com\/MotoGP\/status\/1425396580685803528?ref_src=twsrc%5Etfw\">August 11, 2021<\/a><\/p><\/blockquote>\n<p><script async src=\"https:\/\/platform.twitter.com\/widgets.js\" charset=\"utf-8\"><\/script><\/p>\n<p style=\"text-align: justify;\">Les \u00e9preuves de Moto 2 et Moto 3 seront \u00e9galement \u00e0 suivre ce week-end. A noter que le Fran\u00e7ais <strong>Lorenzo Fellon<\/strong> (SIC58 Squadra Corse) est encore pass\u00e9 tout pr\u00e8s de ses premiers points en Moto 3 la semaine derni\u00e8re. Ayant termin\u00e9 \u00e0 la 16\u00e8me position, il aura \u00e0 c\u0153ur de faire mieux ce week-end.<\/p>\n<h2 style=\"text-align: justify;\"><strong>Le programme TV du Grand Prix d&rsquo;Autriche de MotoGP 2021<\/strong><\/h2>\n<h3 style=\"text-align: justify;\">Vendredi 13 ao\u00fbt 2021<\/h3>\n<p style=\"text-align: justify;\"><strong>9h55 \u2013 10h40 :<\/strong> FP1 (Canal+ Sport) &#8211; <a href=\"https:\/\/dicodusport.fr\/blog\/motogp-grand-prix-autriche-2021-le-classement-des-essais-libres-1\/\"><strong>Classement<\/strong><\/a><br \/>\n<strong>14h10 \u2013 14h55 :<\/strong> FP2 (Canal+ Sport) &#8211; <strong><a href=\"https:\/\/dicodusport.fr\/blog\/motogp-grand-prix-autriche-2021-classement-essais-libres-2\/\">Classement<\/a><\/strong><\/p>\n<h3 style=\"text-align: justify;\">Samedi 14 ao\u00fbt 2021<\/h3>\n<p style=\"text-align: justify;\"><strong>9h55 \u2013 10h40 :<\/strong> FP3 (Canal+ Sport)<br \/>\n<strong>13h30 \u2013 14h00 :<\/strong>\u00a0FP4 (Canal+ Sport)<br \/>\n<strong>14h10 \u2013 14h50 :<\/strong> Qualifications 1 et Qualifications 2 (Canal+ Sport)<\/p>\n<h3 style=\"text-align: justify;\">Dimanche 15 ao\u00fbt 2021<\/h3>\n<p style=\"text-align: justify;\"><strong>9h40 \u2013 10h00 :<\/strong> Warm-up (Canal+ Sport)<br \/>\n<strong>14h00 :\u00a0<\/strong>Course (Canal+) &#8211; <a href=\"https:\/\/dicodusport.fr\/blog\/motogp-grand-prix-autriche-2021-grille-de-depart\/\"><strong>Grille de d\u00e9part<\/strong><\/a><\/p>\n<h2 style=\"text-align: justify;\"><strong>\u00c0 lire aussi<\/strong><\/h2>\n<ul>\n<li><a href=\"https:\/\/dicodusport.fr\/blog\/moto-gp-le-classement-du-championnat-du-monde-des-pilotes-2021\/\"><strong>Le classement du championnat du monde des pilotes 2021<\/strong><\/a><\/li>\n<\/ul>\n","protected":false},"excerpt":{"rendered":"<p>Histoire, enjeux, records, programme TV, chiffres cl\u00e9s\u2026 Soyez incollables avant l&rsquo;\u00e9dition du Grand Prix d&rsquo;Autriche 2021 de MotoGP.<\/p>\n","protected":false},"author":54,"featured_media":157994,"comment_status":"open","ping_status":"closed","sticky":false,"template":"","format":"standard","meta":{"_acf_changed":false,"_daextam_enable_autolinks":"","footnotes":""},"categories":[47087],"tags":[378,10938,18565,18462],"class_list":["post-157910","post","type-post","status-publish","format-standard","has-post-thumbnail","hentry","category-motogp","tag-autriche","tag-motogp","tag-motogp-autriche","tag-red-bull-ring"],"acf":[],"yoast_head":"<!-- This site is optimized with the Yoast SEO Premium plugin v26.7 (Yoast SEO v26.7) - https:\/\/yoast.com\/wordpress\/plugins\/seo\/ -->\n<title>MotoGP - Grand Prix d&#039;Autriche 2021 : Horaires, programme TV et enjeux<\/title>\n<meta name=\"description\" content=\"Histoire, enjeux, records, programme TV, chiffres cl\u00e9s\u2026 Soyez incollables avant l&#039;\u00e9dition du Grand Prix d&#039;Autriche 2021 de MotoGP.\" \/>\n<meta name=\"robots\" content=\"index, follow, max-snippet:-1, max-image-preview:large, max-video-preview:-1\" \/>\n<link rel=\"canonical\" href=\"https:\/\/dicodusport.fr\/blog\/motogp-grand-prix-autriche-2021-horaires-programme-tv-et-enjeux\/\" \/>\n<meta property=\"og:locale\" content=\"fr_FR\" \/>\n<meta property=\"og:type\" content=\"article\" \/>\n<meta property=\"og:title\" content=\"MotoGP - Grand Prix d&#039;Autriche 2021 : Horaires, programme TV et enjeux\" \/>\n<meta property=\"og:description\" content=\"Histoire, enjeux, records, programme TV, chiffres cl\u00e9s\u2026 Soyez incollables avant l&#039;\u00e9dition du Grand Prix d&#039;Autriche 2021 de MotoGP.\" \/>\n<meta property=\"og:url\" content=\"https:\/\/dicodusport.fr\/blog\/motogp-grand-prix-autriche-2021-horaires-programme-tv-et-enjeux\/\" \/>\n<meta property=\"og:site_name\" content=\"Dicodusport\" \/>\n<meta property=\"article:publisher\" content=\"https:\/\/www.facebook.com\/dicodusport\" \/>\n<meta property=\"article:author\" content=\"https:\/\/www.facebook.com\/roxane.lecacher\" \/>\n<meta property=\"article:published_time\" content=\"2021-08-13T13:16:29+00:00\" \/>\n<meta property=\"article:modified_time\" content=\"2021-08-14T13:11:55+00:00\" \/>\n<meta property=\"og:image\" content=\"https:\/\/dicodusport.fr\/blog\/wp-content\/uploads\/2021\/08\/MotoGP-Grand-Prix-dAutriche-2021-Horaires-programme-TV-et-enjeux.png\" \/>\n\t<meta property=\"og:image:width\" content=\"800\" \/>\n\t<meta property=\"og:image:height\" content=\"445\" \/>\n\t<meta property=\"og:image:type\" content=\"image\/png\" \/>\n<meta name=\"author\" content=\"Roxane Lecacher\" \/>\n<meta name=\"twitter:card\" content=\"summary_large_image\" \/>\n<meta name=\"twitter:title\" content=\"MotoGP - Grand Prix d&#039;Autriche 2021 : Horaires, programme TV et enjeux\" \/>\n<meta name=\"twitter:creator\" content=\"@dicodusport\" \/>\n<meta name=\"twitter:site\" content=\"@dicodusport\" \/>\n<script type=\"application\/ld+json\" class=\"yoast-schema-graph\">{\"@context\":\"https:\/\/schema.org\",\"@graph\":[{\"@type\":\"NewsArticle\",\"@id\":\"https:\/\/dicodusport.fr\/blog\/motogp-grand-prix-autriche-2021-horaires-programme-tv-et-enjeux\/#article\",\"isPartOf\":{\"@id\":\"https:\/\/dicodusport.fr\/blog\/motogp-grand-prix-autriche-2021-horaires-programme-tv-et-enjeux\/\"},\"author\":{\"name\":\"Roxane Lecacher\",\"@id\":\"https:\/\/dicodusport.fr\/blog\/#\/schema\/person\/819fb2545dd2715bd7c0580d6d4b411a\"},\"headline\":\"MotoGP &#8211; Grand Prix d&rsquo;Autriche 2021 : Horaires, programme TV et enjeux\",\"datePublished\":\"2021-08-13T13:16:29+00:00\",\"dateModified\":\"2021-08-14T13:11:55+00:00\",\"mainEntityOfPage\":{\"@id\":\"https:\/\/dicodusport.fr\/blog\/motogp-grand-prix-autriche-2021-horaires-programme-tv-et-enjeux\/\"},\"wordCount\":1027,\"commentCount\":0,\"publisher\":{\"@id\":\"https:\/\/dicodusport.fr\/blog\/#organization\"},\"image\":{\"@id\":\"https:\/\/dicodusport.fr\/blog\/motogp-grand-prix-autriche-2021-horaires-programme-tv-et-enjeux\/#primaryimage\"},\"thumbnailUrl\":\"https:\/\/dicodusport.fr\/blog\/wp-content\/uploads\/2021\/08\/MotoGP-Grand-Prix-dAutriche-2021-Horaires-programme-TV-et-enjeux.png\",\"keywords\":[\"Autriche\",\"MotoGP\",\"MotoGP Autriche\",\"Red Bull Ring\"],\"articleSection\":[\"MotoGP\"],\"inLanguage\":\"fr-FR\",\"potentialAction\":[{\"@type\":\"CommentAction\",\"name\":\"Comment\",\"target\":[\"https:\/\/dicodusport.fr\/blog\/motogp-grand-prix-autriche-2021-horaires-programme-tv-et-enjeux\/#respond\"]}],\"copyrightYear\":\"2021\",\"copyrightHolder\":{\"@id\":\"https:\/\/dicodusport.fr\/blog\/#organization\"}},{\"@type\":\"WebPage\",\"@id\":\"https:\/\/dicodusport.fr\/blog\/motogp-grand-prix-autriche-2021-horaires-programme-tv-et-enjeux\/\",\"url\":\"https:\/\/dicodusport.fr\/blog\/motogp-grand-prix-autriche-2021-horaires-programme-tv-et-enjeux\/\",\"name\":\"MotoGP - Grand Prix d'Autriche 2021 : Horaires, programme TV et enjeux\",\"isPartOf\":{\"@id\":\"https:\/\/dicodusport.fr\/blog\/#website\"},\"primaryImageOfPage\":{\"@id\":\"https:\/\/dicodusport.fr\/blog\/motogp-grand-prix-autriche-2021-horaires-programme-tv-et-enjeux\/#primaryimage\"},\"image\":{\"@id\":\"https:\/\/dicodusport.fr\/blog\/motogp-grand-prix-autriche-2021-horaires-programme-tv-et-enjeux\/#primaryimage\"},\"thumbnailUrl\":\"https:\/\/dicodusport.fr\/blog\/wp-content\/uploads\/2021\/08\/MotoGP-Grand-Prix-dAutriche-2021-Horaires-programme-TV-et-enjeux.png\",\"datePublished\":\"2021-08-13T13:16:29+00:00\",\"dateModified\":\"2021-08-14T13:11:55+00:00\",\"description\":\"Histoire, enjeux, records, programme TV, chiffres cl\u00e9s\u2026 Soyez incollables avant l'\u00e9dition du Grand Prix d'Autriche 2021 de MotoGP.\",\"breadcrumb\":{\"@id\":\"https:\/\/dicodusport.fr\/blog\/motogp-grand-prix-autriche-2021-horaires-programme-tv-et-enjeux\/#breadcrumb\"},\"inLanguage\":\"fr-FR\",\"potentialAction\":[{\"@type\":\"ReadAction\",\"target\":[\"https:\/\/dicodusport.fr\/blog\/motogp-grand-prix-autriche-2021-horaires-programme-tv-et-enjeux\/\"]}]},{\"@type\":\"ImageObject\",\"inLanguage\":\"fr-FR\",\"@id\":\"https:\/\/dicodusport.fr\/blog\/motogp-grand-prix-autriche-2021-horaires-programme-tv-et-enjeux\/#primaryimage\",\"url\":\"https:\/\/dicodusport.fr\/blog\/wp-content\/uploads\/2021\/08\/MotoGP-Grand-Prix-dAutriche-2021-Horaires-programme-TV-et-enjeux.png\",\"contentUrl\":\"https:\/\/dicodusport.fr\/blog\/wp-content\/uploads\/2021\/08\/MotoGP-Grand-Prix-dAutriche-2021-Horaires-programme-TV-et-enjeux.png\",\"width\":800,\"height\":445,\"caption\":\"MotoGP : Le calendrier pr\u00e9visionnel de la saison 2022\"},{\"@type\":\"BreadcrumbList\",\"@id\":\"https:\/\/dicodusport.fr\/blog\/motogp-grand-prix-autriche-2021-horaires-programme-tv-et-enjeux\/#breadcrumb\",\"itemListElement\":[{\"@type\":\"ListItem\",\"position\":1,\"name\":\"Accueil\",\"item\":\"https:\/\/dicodusport.fr\/blog\/\"},{\"@type\":\"ListItem\",\"position\":2,\"name\":\"MotoGP &#8211; Grand Prix d&rsquo;Autriche 2021 : Horaires, programme TV et enjeux\"}]},{\"@type\":\"WebSite\",\"@id\":\"https:\/\/dicodusport.fr\/blog\/#website\",\"url\":\"https:\/\/dicodusport.fr\/blog\/\",\"name\":\"Dicodusport\",\"description\":\"L&#039;encyclop\u00e9die de l&#039;actualit\u00e9 sportive\",\"publisher\":{\"@id\":\"https:\/\/dicodusport.fr\/blog\/#organization\"},\"potentialAction\":[{\"@type\":\"SearchAction\",\"target\":{\"@type\":\"EntryPoint\",\"urlTemplate\":\"https:\/\/dicodusport.fr\/blog\/?s={search_term_string}\"},\"query-input\":{\"@type\":\"PropertyValueSpecification\",\"valueRequired\":true,\"valueName\":\"search_term_string\"}}],\"inLanguage\":\"fr-FR\"},{\"@type\":\"NewsMediaOrganization\",\"@id\":\"https:\/\/dicodusport.fr\/blog\/#organization\",\"name\":\"Dicodusport\",\"url\":\"https:\/\/dicodusport.fr\/blog\/\",\"logo\":{\"@type\":\"ImageObject\",\"inLanguage\":\"fr-FR\",\"@id\":\"https:\/\/dicodusport.fr\/blog\/#\/schema\/logo\/image\/\",\"url\":\"https:\/\/dicodusport.fr\/blog\/wp-content\/uploads\/2020\/06\/cropped-LOGO-DICODUSPORT-2020-SANS-FOND-SANS-TEXTE.png\",\"contentUrl\":\"https:\/\/dicodusport.fr\/blog\/wp-content\/uploads\/2020\/06\/cropped-LOGO-DICODUSPORT-2020-SANS-FOND-SANS-TEXTE.png\",\"width\":512,\"height\":512,\"caption\":\"Dicodusport\"},\"image\":{\"@id\":\"https:\/\/dicodusport.fr\/blog\/#\/schema\/logo\/image\/\"},\"sameAs\":[\"https:\/\/www.facebook.com\/dicodusport\",\"https:\/\/x.com\/dicodusport\",\"https:\/\/www.instagram.com\/dicodusport\/\",\"https:\/\/www.youtube.com\/channel\/UC7V2KZ5sd3htJivAbA4ZG3w\"],\"description\":\"Dicodusport est l'encyclop\u00e9die de l'actualit\u00e9 sportive.\",\"email\":\"bonjour@dicodusport.fr\",\"legalName\":\"DICODUSPORT\",\"foundingDate\":\"2018-01-14\",\"vatID\":\"FR71834470973\",\"taxID\":\"83447097300043\",\"numberOfEmployees\":{\"@type\":\"QuantitativeValue\",\"minValue\":\"1\",\"maxValue\":\"10\"}},{\"@type\":\"Person\",\"@id\":\"https:\/\/dicodusport.fr\/blog\/#\/schema\/person\/819fb2545dd2715bd7c0580d6d4b411a\",\"name\":\"Roxane Lecacher\",\"image\":{\"@type\":\"ImageObject\",\"inLanguage\":\"fr-FR\",\"@id\":\"https:\/\/dicodusport.fr\/blog\/#\/schema\/person\/image\/\",\"url\":\"https:\/\/dicodusport.fr\/blog\/wp-content\/uploads\/2021\/05\/Roxane-Lecacher-150x150.jpg\",\"contentUrl\":\"https:\/\/dicodusport.fr\/blog\/wp-content\/uploads\/2021\/05\/Roxane-Lecacher-150x150.jpg\",\"caption\":\"Roxane Lecacher\"},\"description\":\"Journaliste\/r\u00e9dactrice depuis janvier 2021 - N\u00e9e quelques jours avant la premi\u00e8re \u00e9toile des Bleus, je baigne dans une famille tr\u00e8s sportive. Je n\u2019ai eu d\u2019autres choix que de me passionner pour le sujet. Pratiquante de l\u2019athl\u00e9tisme depuis toute petite, j\u2019ai aussi un attrait tout particulier pour la Formule 1, le biathlon et le foot. Pendant les grands \u00e9v\u00e9nements, il est impossible de d\u00e9crocher de ma t\u00e9l\u00e9. C\u2019est \u00e0 travers Dicodusport que j\u2019aime d\u00e9sormais vous transmettre mes \u00e9motions et ma passion.\",\"sameAs\":[\"https:\/\/www.facebook.com\/roxane.lecacher\",\"https:\/\/fr.linkedin.com\/in\/roxane-lecacher-23368313b\"],\"url\":\"https:\/\/dicodusport.fr\/blog\/author\/roxanel\/\"}]}<\/script>\n<!-- \/ Yoast SEO Premium plugin. -->","yoast_head_json":{"title":"MotoGP - Grand Prix d'Autriche 2021 : Horaires, programme TV et enjeux","description":"Histoire, enjeux, records, programme TV, chiffres cl\u00e9s\u2026 Soyez incollables avant l'\u00e9dition du Grand Prix d'Autriche 2021 de MotoGP.","robots":{"index":"index","follow":"follow","max-snippet":"max-snippet:-1","max-image-preview":"max-image-preview:large","max-video-preview":"max-video-preview:-1"},"canonical":"https:\/\/dicodusport.fr\/blog\/motogp-grand-prix-autriche-2021-horaires-programme-tv-et-enjeux\/","og_locale":"fr_FR","og_type":"article","og_title":"MotoGP - Grand Prix d'Autriche 2021 : Horaires, programme TV et enjeux","og_description":"Histoire, enjeux, records, programme TV, chiffres cl\u00e9s\u2026 Soyez incollables avant l'\u00e9dition du Grand Prix d'Autriche 2021 de MotoGP.","og_url":"https:\/\/dicodusport.fr\/blog\/motogp-grand-prix-autriche-2021-horaires-programme-tv-et-enjeux\/","og_site_name":"Dicodusport","article_publisher":"https:\/\/www.facebook.com\/dicodusport","article_author":"https:\/\/www.facebook.com\/roxane.lecacher","article_published_time":"2021-08-13T13:16:29+00:00","article_modified_time":"2021-08-14T13:11:55+00:00","og_image":[{"width":800,"height":445,"url":"https:\/\/dicodusport.fr\/blog\/wp-content\/uploads\/2021\/08\/MotoGP-Grand-Prix-dAutriche-2021-Horaires-programme-TV-et-enjeux.png","type":"image\/png"}],"author":"Roxane Lecacher","twitter_card":"summary_large_image","twitter_title":"MotoGP - Grand Prix d'Autriche 2021 : Horaires, programme TV et enjeux","twitter_creator":"@dicodusport","twitter_site":"@dicodusport","schema":{"@context":"https:\/\/schema.org","@graph":[{"@type":"NewsArticle","@id":"https:\/\/dicodusport.fr\/blog\/motogp-grand-prix-autriche-2021-horaires-programme-tv-et-enjeux\/#article","isPartOf":{"@id":"https:\/\/dicodusport.fr\/blog\/motogp-grand-prix-autriche-2021-horaires-programme-tv-et-enjeux\/"},"author":{"name":"Roxane Lecacher","@id":"https:\/\/dicodusport.fr\/blog\/#\/schema\/person\/819fb2545dd2715bd7c0580d6d4b411a"},"headline":"MotoGP &#8211; Grand Prix d&rsquo;Autriche 2021 : Horaires, programme TV et enjeux","datePublished":"2021-08-13T13:16:29+00:00","dateModified":"2021-08-14T13:11:55+00:00","mainEntityOfPage":{"@id":"https:\/\/dicodusport.fr\/blog\/motogp-grand-prix-autriche-2021-horaires-programme-tv-et-enjeux\/"},"wordCount":1027,"commentCount":0,"publisher":{"@id":"https:\/\/dicodusport.fr\/blog\/#organization"},"image":{"@id":"https:\/\/dicodusport.fr\/blog\/motogp-grand-prix-autriche-2021-horaires-programme-tv-et-enjeux\/#primaryimage"},"thumbnailUrl":"https:\/\/dicodusport.fr\/blog\/wp-content\/uploads\/2021\/08\/MotoGP-Grand-Prix-dAutriche-2021-Horaires-programme-TV-et-enjeux.png","keywords":["Autriche","MotoGP","MotoGP Autriche","Red Bull Ring"],"articleSection":["MotoGP"],"inLanguage":"fr-FR","potentialAction":[{"@type":"CommentAction","name":"Comment","target":["https:\/\/dicodusport.fr\/blog\/motogp-grand-prix-autriche-2021-horaires-programme-tv-et-enjeux\/#respond"]}],"copyrightYear":"2021","copyrightHolder":{"@id":"https:\/\/dicodusport.fr\/blog\/#organization"}},{"@type":"WebPage","@id":"https:\/\/dicodusport.fr\/blog\/motogp-grand-prix-autriche-2021-horaires-programme-tv-et-enjeux\/","url":"https:\/\/dicodusport.fr\/blog\/motogp-grand-prix-autriche-2021-horaires-programme-tv-et-enjeux\/","name":"MotoGP - Grand Prix d'Autriche 2021 : Horaires, programme TV et enjeux","isPartOf":{"@id":"https:\/\/dicodusport.fr\/blog\/#website"},"primaryImageOfPage":{"@id":"https:\/\/dicodusport.fr\/blog\/motogp-grand-prix-autriche-2021-horaires-programme-tv-et-enjeux\/#primaryimage"},"image":{"@id":"https:\/\/dicodusport.fr\/blog\/motogp-grand-prix-autriche-2021-horaires-programme-tv-et-enjeux\/#primaryimage"},"thumbnailUrl":"https:\/\/dicodusport.fr\/blog\/wp-content\/uploads\/2021\/08\/MotoGP-Grand-Prix-dAutriche-2021-Horaires-programme-TV-et-enjeux.png","datePublished":"2021-08-13T13:16:29+00:00","dateModified":"2021-08-14T13:11:55+00:00","description":"Histoire, enjeux, records, programme TV, chiffres cl\u00e9s\u2026 Soyez incollables avant l'\u00e9dition du Grand Prix d'Autriche 2021 de MotoGP.","breadcrumb":{"@id":"https:\/\/dicodusport.fr\/blog\/motogp-grand-prix-autriche-2021-horaires-programme-tv-et-enjeux\/#breadcrumb"},"inLanguage":"fr-FR","potentialAction":[{"@type":"ReadAction","target":["https:\/\/dicodusport.fr\/blog\/motogp-grand-prix-autriche-2021-horaires-programme-tv-et-enjeux\/"]}]},{"@type":"ImageObject","inLanguage":"fr-FR","@id":"https:\/\/dicodusport.fr\/blog\/motogp-grand-prix-autriche-2021-horaires-programme-tv-et-enjeux\/#primaryimage","url":"https:\/\/dicodusport.fr\/blog\/wp-content\/uploads\/2021\/08\/MotoGP-Grand-Prix-dAutriche-2021-Horaires-programme-TV-et-enjeux.png","contentUrl":"https:\/\/dicodusport.fr\/blog\/wp-content\/uploads\/2021\/08\/MotoGP-Grand-Prix-dAutriche-2021-Horaires-programme-TV-et-enjeux.png","width":800,"height":445,"caption":"MotoGP : Le calendrier pr\u00e9visionnel de la saison 2022"},{"@type":"BreadcrumbList","@id":"https:\/\/dicodusport.fr\/blog\/motogp-grand-prix-autriche-2021-horaires-programme-tv-et-enjeux\/#breadcrumb","itemListElement":[{"@type":"ListItem","position":1,"name":"Accueil","item":"https:\/\/dicodusport.fr\/blog\/"},{"@type":"ListItem","position":2,"name":"MotoGP &#8211; Grand Prix d&rsquo;Autriche 2021 : Horaires, programme TV et enjeux"}]},{"@type":"WebSite","@id":"https:\/\/dicodusport.fr\/blog\/#website","url":"https:\/\/dicodusport.fr\/blog\/","name":"Dicodusport","description":"L&#039;encyclop\u00e9die de l&#039;actualit\u00e9 sportive","publisher":{"@id":"https:\/\/dicodusport.fr\/blog\/#organization"},"potentialAction":[{"@type":"SearchAction","target":{"@type":"EntryPoint","urlTemplate":"https:\/\/dicodusport.fr\/blog\/?s={search_term_string}"},"query-input":{"@type":"PropertyValueSpecification","valueRequired":true,"valueName":"search_term_string"}}],"inLanguage":"fr-FR"},{"@type":"NewsMediaOrganization","@id":"https:\/\/dicodusport.fr\/blog\/#organization","name":"Dicodusport","url":"https:\/\/dicodusport.fr\/blog\/","logo":{"@type":"ImageObject","inLanguage":"fr-FR","@id":"https:\/\/dicodusport.fr\/blog\/#\/schema\/logo\/image\/","url":"https:\/\/dicodusport.fr\/blog\/wp-content\/uploads\/2020\/06\/cropped-LOGO-DICODUSPORT-2020-SANS-FOND-SANS-TEXTE.png","contentUrl":"https:\/\/dicodusport.fr\/blog\/wp-content\/uploads\/2020\/06\/cropped-LOGO-DICODUSPORT-2020-SANS-FOND-SANS-TEXTE.png","width":512,"height":512,"caption":"Dicodusport"},"image":{"@id":"https:\/\/dicodusport.fr\/blog\/#\/schema\/logo\/image\/"},"sameAs":["https:\/\/www.facebook.com\/dicodusport","https:\/\/x.com\/dicodusport","https:\/\/www.instagram.com\/dicodusport\/","https:\/\/www.youtube.com\/channel\/UC7V2KZ5sd3htJivAbA4ZG3w"],"description":"Dicodusport est l'encyclop\u00e9die de l'actualit\u00e9 sportive.","email":"bonjour@dicodusport.fr","legalName":"DICODUSPORT","foundingDate":"2018-01-14","vatID":"FR71834470973","taxID":"83447097300043","numberOfEmployees":{"@type":"QuantitativeValue","minValue":"1","maxValue":"10"}},{"@type":"Person","@id":"https:\/\/dicodusport.fr\/blog\/#\/schema\/person\/819fb2545dd2715bd7c0580d6d4b411a","name":"Roxane Lecacher","image":{"@type":"ImageObject","inLanguage":"fr-FR","@id":"https:\/\/dicodusport.fr\/blog\/#\/schema\/person\/image\/","url":"https:\/\/dicodusport.fr\/blog\/wp-content\/uploads\/2021\/05\/Roxane-Lecacher-150x150.jpg","contentUrl":"https:\/\/dicodusport.fr\/blog\/wp-content\/uploads\/2021\/05\/Roxane-Lecacher-150x150.jpg","caption":"Roxane Lecacher"},"description":"Journaliste\/r\u00e9dactrice depuis janvier 2021 - N\u00e9e quelques jours avant la premi\u00e8re \u00e9toile des Bleus, je baigne dans une famille tr\u00e8s sportive. Je n\u2019ai eu d\u2019autres choix que de me passionner pour le sujet. Pratiquante de l\u2019athl\u00e9tisme depuis toute petite, j\u2019ai aussi un attrait tout particulier pour la Formule 1, le biathlon et le foot. Pendant les grands \u00e9v\u00e9nements, il est impossible de d\u00e9crocher de ma t\u00e9l\u00e9. C\u2019est \u00e0 travers Dicodusport que j\u2019aime d\u00e9sormais vous transmettre mes \u00e9motions et ma passion.","sameAs":["https:\/\/www.facebook.com\/roxane.lecacher","https:\/\/fr.linkedin.com\/in\/roxane-lecacher-23368313b"],"url":"https:\/\/dicodusport.fr\/blog\/author\/roxanel\/"}]}},"_links":{"self":[{"href":"https:\/\/dicodusport.fr\/blog\/wp-json\/wp\/v2\/posts\/157910","targetHints":{"allow":["GET"]}}],"collection":[{"href":"https:\/\/dicodusport.fr\/blog\/wp-json\/wp\/v2\/posts"}],"about":[{"href":"https:\/\/dicodusport.fr\/blog\/wp-json\/wp\/v2\/types\/post"}],"author":[{"embeddable":true,"href":"https:\/\/dicodusport.fr\/blog\/wp-json\/wp\/v2\/users\/54"}],"replies":[{"embeddable":true,"href":"https:\/\/dicodusport.fr\/blog\/wp-json\/wp\/v2\/comments?post=157910"}],"version-history":[{"count":0,"href":"https:\/\/dicodusport.fr\/blog\/wp-json\/wp\/v2\/posts\/157910\/revisions"}],"wp:featuredmedia":[{"embeddable":true,"href":"https:\/\/dicodusport.fr\/blog\/wp-json\/wp\/v2\/media\/157994"}],"wp:attachment":[{"href":"https:\/\/dicodusport.fr\/blog\/wp-json\/wp\/v2\/media?parent=157910"}],"wp:term":[{"taxonomy":"category","embeddable":true,"href":"https:\/\/dicodusport.fr\/blog\/wp-json\/wp\/v2\/categories?post=157910"},{"taxonomy":"post_tag","embeddable":true,"href":"https:\/\/dicodusport.fr\/blog\/wp-json\/wp\/v2\/tags?post=157910"}],"curies":[{"name":"wp","href":"https:\/\/api.w.org\/{rel}","templated":true}]}}