{"id":158121,"date":"2021-08-21T19:29:30","date_gmt":"2021-08-21T17:29:30","guid":{"rendered":"https:\/\/dicodusport.fr\/blog\/?p=158121"},"modified":"2021-08-21T20:04:17","modified_gmt":"2021-08-21T18:04:17","slug":"tour-espagne-2021-9eme-etape-le-parcours-en-detail","status":"publish","type":"post","link":"https:\/\/dicodusport.fr\/blog\/tour-espagne-2021-9eme-etape-le-parcours-en-detail\/","title":{"rendered":"Tour d&rsquo;Espagne 2021 &#8211; 9\u00e8me \u00e9tape : le parcours en d\u00e9tail"},"content":{"rendered":"<p style=\"text-align: justify;\"><em><span class=\"tojvnm2t a6sixzi8 abs2jz4q a8s20v7p t1p8iaqh k5wvi7nf q3lfd5jv pk4s997a bipmatt0 cebpdrjk qowsmv63 owwhemhu dp1hu0rb dhp61c6y iyyx5f41\"><strong><a href=\"https:\/\/dicodusport.fr\/blog\/actualites\/cyclisme\/\">CYCLISME<\/a> &#8211; TOUR D&rsquo;ESPAGNE 2021 &#8211; 4500 m\u00e8tres de d\u00e9nivel\u00e9 seront au programme de la 9\u00e8me \u00e9tape du Tour d&rsquo;Espagne 2021, sur 188 kilom\u00e8tres jusqu&rsquo;\u00e0 l&rsquo;Alto de Velefique.<\/strong> <\/span><\/em><\/p>\n<p style=\"text-align: justify;\"><span class=\"tojvnm2t a6sixzi8 abs2jz4q a8s20v7p t1p8iaqh k5wvi7nf q3lfd5jv pk4s997a bipmatt0 cebpdrjk qowsmv63 owwhemhu dp1hu0rb dhp61c6y iyyx5f41\">D&rsquo;abord, les coureurs s&rsquo;\u00e9lanceront de <strong>Puerto Lumbreras<\/strong>, \u00e0 la fronti\u00e8re sud-ouest de la R\u00e9gion de Murcie et de l&rsquo;Andalousie. <\/span><\/p>\n<p style=\"text-align: justify;\"><span class=\"tojvnm2t a6sixzi8 abs2jz4q a8s20v7p t1p8iaqh k5wvi7nf q3lfd5jv pk4s997a bipmatt0 cebpdrjk qowsmv63 owwhemhu dp1hu0rb dhp61c6y iyyx5f41\">Puis, la premi\u00e8re partie de la course ne sera pas tr\u00e8s difficile en se d\u00e9pla\u00e7ant en direction sud-ouest avec 30 premiers kilom\u00e8tres en ligne droite jusqu&rsquo;\u00e0 <strong>Los Carasoles<\/strong>. La route deviendra plus sinueuse par <strong>Almanzona<\/strong> et jusqu&rsquo;\u00e0 <strong>Lijar<\/strong> sur pr\u00e8s de 35 kilom\u00e8tres. <\/span><\/p>\n<h2>Trois cols roulants en guise d&rsquo;\u00e9chauffement<\/h2>\n<p style=\"text-align: justify;\"><span class=\"tojvnm2t a6sixzi8 abs2jz4q a8s20v7p t1p8iaqh k5wvi7nf q3lfd5jv pk4s997a bipmatt0 cebpdrjk qowsmv63 owwhemhu dp1hu0rb dhp61c6y iyyx5f41\">Par la suite, les coureurs grimperont le long <strong>Alto de Cuatro Vientos<\/strong> qui marquera le d\u00e9part de la deuxi\u00e8me partie, bien plus montagneuse. La mont\u00e9e sera longue de 10,5 kilom\u00e8tres \u00e0 3,8 %. Ce col de deuxi\u00e8me cat\u00e9gorie sera tr\u00e8s roulant avec une portion difficile \u00e0 plus de 8 % apr\u00e8s un kilom\u00e8tre de mont\u00e9e. N\u00e9anmoins, les trois derniers kilom\u00e8tres pr\u00e9senteront des pentes un peu plus s\u00e9v\u00e8res entre 5 et 7 %. Apr\u00e8s une portion vallonn\u00e9e de 5 kilom\u00e8tres, les coureurs plongeront dans la descente. <\/span><\/p>\n<p style=\"text-align: justify;\"><span class=\"tojvnm2t a6sixzi8 abs2jz4q a8s20v7p t1p8iaqh k5wvi7nf q3lfd5jv pk4s997a bipmatt0 cebpdrjk qowsmv63 owwhemhu dp1hu0rb dhp61c6y iyyx5f41\"><span class=\"word menu-enabled\">Ensuite<\/span>, <span class=\"word menu-enabled\">les<\/span> <span class=\"word menu-enabled\">coureurs<\/span> <span class=\"word menu-enabled\">entreront<\/span> <span class=\"word menu-enabled\">dans<\/span> <span class=\"word menu-enabled\">l&rsquo;<strong>Alto<\/strong><\/span><strong> <span class=\"word menu-enabled\">Collado<\/span> <span class=\"word menu-enabled\">Venta<\/span> <span class=\"word menu-enabled\">Luisa<\/span><\/strong>, <span class=\"word menu-enabled\">une<\/span> <span class=\"word menu-enabled\">mont\u00e9e<\/span> <span class=\"word menu-enabled\">de<\/span> 29 <span class=\"word menu-enabled\">kilom\u00e8tres<\/span> <span class=\"word menu-enabled\">de<\/span> <span class=\"word menu-enabled\">long<\/span> <span class=\"word menu-enabled\">avec<\/span> <span class=\"word menu-enabled\">une<\/span> <span class=\"word menu-enabled\">pente<\/span> <span class=\"word menu-enabled\">moyenne<\/span> <span class=\"word menu-enabled\">de<\/span> 4,4%. <span class=\"word menu-enabled\">Les<\/span> 15 <span class=\"word menu-enabled\">premiers<\/span> <span class=\"word menu-enabled\">kilom\u00e8tres<\/span> <span class=\"word menu-enabled\">seront<\/span> <span class=\"word menu-enabled\">assez<\/span> <span class=\"correction ac\" data-start-index=\"173\" data-end-index=\"182\" data-type=\"Grammar\">irr\u00e9guliers<\/span> <span class=\"word menu-enabled\">mais<\/span> <span class=\"word menu-enabled\">majoritairement<\/span> <span class=\"word menu-enabled\">roulants<\/span> <span class=\"word menu-enabled\">avec<\/span> <span class=\"word menu-enabled\">quelques<\/span> <span class=\"word menu-enabled\">portions<\/span> <span class=\"word menu-enabled\">difficiles<\/span> <span class=\"word menu-enabled\">\u00e0<\/span> <span class=\"word menu-enabled\">pr\u00e8s<\/span> <span class=\"word menu-enabled\">de<\/span> 8 %. <span class=\"word menu-enabled\">La<\/span> <span class=\"word menu-enabled\">partie<\/span> <span class=\"word menu-enabled\">la<\/span> <span class=\"word menu-enabled\">plus<\/span> <span class=\"word menu-enabled\">difficile<\/span> <span class=\"word menu-enabled\">commencera<\/span> <span class=\"word menu-enabled\">apr\u00e8s<\/span> 16 <span class=\"word menu-enabled\">kilom\u00e8tres<\/span> <span class=\"word menu-enabled\">avec<\/span> <span class=\"word menu-enabled\">des<\/span> <span class=\"word menu-enabled\">rampes<\/span> <span class=\"word menu-enabled\">\u00e0<\/span> 10 % <span class=\"word menu-enabled\">et<\/span> <span class=\"word menu-enabled\">plus<\/span> <span class=\"word menu-enabled\">sur<\/span> 4 <span class=\"word menu-enabled\">kilom\u00e8tres<\/span> <span class=\"word menu-enabled\">avant<\/span> <span class=\"word menu-enabled\">de<\/span> <span class=\"word menu-enabled\">rejoindre<\/span> <span class=\"word menu-enabled\">des<\/span> <span class=\"word menu-enabled\">pourcentages<\/span> <span class=\"word menu-enabled\">de<\/span> <span class=\"word menu-enabled\">moins<\/span> <span class=\"word menu-enabled\">en<\/span> <span class=\"word menu-enabled\">moins<\/span> <span class=\"word menu-enabled\">s\u00e9v\u00e8res<\/span> <span class=\"word menu-enabled\">jusqu&rsquo;au<\/span> <span class=\"word menu-enabled\">sommet<\/span>. Les 6 derniers kilom\u00e8tres seront quasiment plats avec juste une partie \u00e0 5 % \u00e0 3 kilom\u00e8tres du sommet. <\/span><\/p>\n<p style=\"text-align: justify;\"><span class=\"tojvnm2t a6sixzi8 abs2jz4q a8s20v7p t1p8iaqh k5wvi7nf q3lfd5jv pk4s997a bipmatt0 cebpdrjk qowsmv63 owwhemhu dp1hu0rb dhp61c6y iyyx5f41\">Apr\u00e8s une descente de 14 kilom\u00e8tres et quelques c\u00f4tes avec de jolis pourcentages notamment \u00e0 <strong>Olula de Castro<\/strong> (1900 m\u00e8tres \u00e0 9,2 %), l&rsquo;<strong>Alto de Castro de Fiabres<\/strong> se dressera face aux coureurs. Une fois de plus, ce sera une ascension roulante de 7,1 kilom\u00e8tres \u00e0 3,9 %. Cependant, le pourcentage sera un peu trompeur puisque les deux premiers kilom\u00e8tres seront plut\u00f4t difficiles avec des rampes entre 6 et 8 % avant une descente d&rsquo;un kilom\u00e8tre. <\/span><\/p>\n<p style=\"text-align: justify;\"><span class=\"tojvnm2t a6sixzi8 abs2jz4q a8s20v7p t1p8iaqh k5wvi7nf q3lfd5jv pk4s997a bipmatt0 cebpdrjk qowsmv63 owwhemhu dp1hu0rb dhp61c6y iyyx5f41\">Une fois de plus, les coureurs plongeront dans une longue descente pour rejoindre <strong>Velefique<\/strong>, une ancienne ville mini\u00e8re de la Sierra de Filabres. <\/span><\/p>\n<h2><span class=\"tojvnm2t a6sixzi8 abs2jz4q a8s20v7p t1p8iaqh k5wvi7nf q3lfd5jv pk4s997a bipmatt0 cebpdrjk qowsmv63 owwhemhu dp1hu0rb dhp61c6y iyyx5f41\"><strong>L&rsquo;Alto de Velefique<\/strong><\/span>, le juge de paix du jour<\/h2>\n<p style=\"text-align: justify;\"><span class=\"tojvnm2t a6sixzi8 abs2jz4q a8s20v7p t1p8iaqh k5wvi7nf q3lfd5jv pk4s997a bipmatt0 cebpdrjk qowsmv63 owwhemhu dp1hu0rb dhp61c6y iyyx5f41\">Enfin, l&rsquo;\u00e9tape gardera le meilleur pour la fin avec la mont\u00e9e de l&rsquo;<strong>Alto de Velefique<\/strong> avec ses 13,2 kilom\u00e8tres avec une pente moyenne de 6,4 %. Les 5 premiers kilom\u00e8tres seront assez terribles avec des pentes entre 7 et 15 %. Le reste de l&rsquo;ascension sera r\u00e9gulier entre 5 et 7 %.<\/span><\/p>\n<h2 style=\"text-align: justify;\"><strong>Le profil de l&rsquo;Alto de Velefique<\/strong><\/h2>\n<div id=\"attachment_160054\" style=\"width: 510px\" class=\"wp-caption aligncenter\"><a href=\"https:\/\/dicodusport.fr\/blog\/wp-content\/uploads\/2021\/08\/Le-profil-de-lAlto-de-Velefique.jpg\"><img loading=\"lazy\" decoding=\"async\" aria-describedby=\"caption-attachment-160054\" class=\"size-full wp-image-160054\" src=\"https:\/\/dicodusport.fr\/blog\/wp-content\/uploads\/2021\/08\/Le-profil-de-lAlto-de-Velefique.jpg\" alt=\"Le profil de l'Alto de Velefique\" width=\"500\" height=\"546\" srcset=\"https:\/\/dicodusport.fr\/blog\/wp-content\/uploads\/2021\/08\/Le-profil-de-lAlto-de-Velefique.jpg 500w, https:\/\/dicodusport.fr\/blog\/wp-content\/uploads\/2021\/08\/Le-profil-de-lAlto-de-Velefique-275x300.jpg 275w\" sizes=\"auto, (max-width: 500px) 100vw, 500px\" \/><\/a><p id=\"caption-attachment-160054\" class=\"wp-caption-text\">Le profil de l&rsquo;Alto de Velefique &#8211; Via ASO<\/p><\/div>\n<h2 style=\"text-align: justify;\"><strong>\u00c0 lire aussi\u00a0<\/strong><\/h2>\n<ul>\n<li style=\"text-align: justify;\"><strong><a href=\"https:\/\/dicodusport.fr\/blog\/tour-espagne-2021-profil-9eme-etape\/\">Le profil de la 9\u00e8me \u00e9tape<\/a>\u00a0<\/strong><\/li>\n<li style=\"text-align: justify;\"><a href=\"https:\/\/dicodusport.fr\/blog\/tour-despagne-2021-nos-favoris-pour-la-9eme-etape\/\"><strong>Nos favoris pour la 9\u00e8me \u00e9tape<\/strong><\/a><\/li>\n<\/ul>\n","protected":false},"excerpt":{"rendered":"<p>CYCLISME &#8211; TOUR D&rsquo;ESPAGNE 2021 &#8211; 4500 m\u00e8tres de d\u00e9nivel\u00e9 seront au programme de la 9\u00e8me \u00e9tape du Tour d&rsquo;Espagne 2021, sur 188 kilom\u00e8tres jusqu&rsquo;\u00e0 l&rsquo;Alto de Velefique.<\/p>\n","protected":false},"author":48,"featured_media":160055,"comment_status":"open","ping_status":"closed","sticky":false,"template":"","format":"standard","meta":{"_acf_changed":false,"_daextam_enable_autolinks":"","footnotes":""},"categories":[47042],"tags":[3119],"class_list":["post-158121","post","type-post","status-publish","format-standard","has-post-thumbnail","hentry","category-tour-d-espagne","tag-actualite-cyclisme"],"acf":[],"yoast_head":"<!-- This site is optimized with the Yoast SEO Premium plugin v26.7 (Yoast SEO v26.7) - https:\/\/yoast.com\/wordpress\/plugins\/seo\/ -->\n<title>Tour d&#039;Espagne 2021 - 9\u00e8me \u00e9tape : le parcours en d\u00e9tail<\/title>\n<meta name=\"description\" content=\"CYCLISME - TOUR D&#039;ESPAGNE 2021 - 4500 m\u00e8tres de d\u00e9nivel\u00e9 seront au programme de la 9\u00e8me \u00e9tape. Le parcours en d\u00e9tail.\" \/>\n<meta name=\"robots\" content=\"index, follow, max-snippet:-1, max-image-preview:large, max-video-preview:-1\" \/>\n<link rel=\"canonical\" href=\"https:\/\/dicodusport.fr\/blog\/tour-espagne-2021-9eme-etape-le-parcours-en-detail\/\" \/>\n<meta property=\"og:locale\" content=\"fr_FR\" \/>\n<meta property=\"og:type\" content=\"article\" \/>\n<meta property=\"og:title\" content=\"Tour d&#039;Espagne 2021 - 9\u00e8me \u00e9tape : le parcours en d\u00e9tail\" \/>\n<meta property=\"og:description\" content=\"CYCLISME - TOUR D&#039;ESPAGNE 2021 - 4500 m\u00e8tres de d\u00e9nivel\u00e9 seront au programme de la 9\u00e8me \u00e9tape. Le parcours en d\u00e9tail.\" \/>\n<meta property=\"og:url\" content=\"https:\/\/dicodusport.fr\/blog\/tour-espagne-2021-9eme-etape-le-parcours-en-detail\/\" \/>\n<meta property=\"og:site_name\" content=\"Dicodusport\" \/>\n<meta property=\"article:publisher\" content=\"https:\/\/www.facebook.com\/dicodusport\" \/>\n<meta property=\"article:author\" content=\"https:\/\/www.facebook.com\/groups\/LesRoisDuPeloton\" \/>\n<meta property=\"article:published_time\" content=\"2021-08-21T17:29:30+00:00\" \/>\n<meta property=\"article:modified_time\" content=\"2021-08-21T18:04:17+00:00\" \/>\n<meta property=\"og:image\" content=\"https:\/\/dicodusport.fr\/blog\/wp-content\/uploads\/2021\/08\/Tour-dEspagne-2021-9eme-etape-le-parcours-en-detail.png\" \/>\n\t<meta property=\"og:image:width\" content=\"1200\" \/>\n\t<meta property=\"og:image:height\" content=\"670\" \/>\n\t<meta property=\"og:image:type\" content=\"image\/png\" \/>\n<meta name=\"author\" content=\"Emilien Descampiaux\" \/>\n<meta name=\"twitter:card\" content=\"summary_large_image\" \/>\n<meta name=\"twitter:title\" content=\"Tour d&#039;Espagne 2021 - 9\u00e8me \u00e9tape : le parcours en d\u00e9tail\" \/>\n<meta name=\"twitter:creator\" content=\"@https:\/\/twitter.com\/LRoisDuPeloton\" \/>\n<meta name=\"twitter:site\" content=\"@dicodusport\" \/>\n<script type=\"application\/ld+json\" class=\"yoast-schema-graph\">{\"@context\":\"https:\/\/schema.org\",\"@graph\":[{\"@type\":\"NewsArticle\",\"@id\":\"https:\/\/dicodusport.fr\/blog\/tour-espagne-2021-9eme-etape-le-parcours-en-detail\/#article\",\"isPartOf\":{\"@id\":\"https:\/\/dicodusport.fr\/blog\/tour-espagne-2021-9eme-etape-le-parcours-en-detail\/\"},\"author\":{\"name\":\"Emilien Descampiaux\",\"@id\":\"https:\/\/dicodusport.fr\/blog\/#\/schema\/person\/6db4bae06b171592211be385b32876a7\"},\"headline\":\"Tour d&rsquo;Espagne 2021 &#8211; 9\u00e8me \u00e9tape : le parcours en d\u00e9tail\",\"datePublished\":\"2021-08-21T17:29:30+00:00\",\"dateModified\":\"2021-08-21T18:04:17+00:00\",\"mainEntityOfPage\":{\"@id\":\"https:\/\/dicodusport.fr\/blog\/tour-espagne-2021-9eme-etape-le-parcours-en-detail\/\"},\"wordCount\":494,\"commentCount\":0,\"publisher\":{\"@id\":\"https:\/\/dicodusport.fr\/blog\/#organization\"},\"image\":{\"@id\":\"https:\/\/dicodusport.fr\/blog\/tour-espagne-2021-9eme-etape-le-parcours-en-detail\/#primaryimage\"},\"thumbnailUrl\":\"https:\/\/dicodusport.fr\/blog\/wp-content\/uploads\/2021\/08\/Tour-dEspagne-2021-9eme-etape-le-parcours-en-detail.png\",\"keywords\":[\"Actualit\u00e9 Cyclisme\"],\"articleSection\":[\"Tour d'Espagne\"],\"inLanguage\":\"fr-FR\",\"potentialAction\":[{\"@type\":\"CommentAction\",\"name\":\"Comment\",\"target\":[\"https:\/\/dicodusport.fr\/blog\/tour-espagne-2021-9eme-etape-le-parcours-en-detail\/#respond\"]}],\"copyrightYear\":\"2021\",\"copyrightHolder\":{\"@id\":\"https:\/\/dicodusport.fr\/blog\/#organization\"}},{\"@type\":\"WebPage\",\"@id\":\"https:\/\/dicodusport.fr\/blog\/tour-espagne-2021-9eme-etape-le-parcours-en-detail\/\",\"url\":\"https:\/\/dicodusport.fr\/blog\/tour-espagne-2021-9eme-etape-le-parcours-en-detail\/\",\"name\":\"Tour d'Espagne 2021 - 9\u00e8me \u00e9tape : le parcours en d\u00e9tail\",\"isPartOf\":{\"@id\":\"https:\/\/dicodusport.fr\/blog\/#website\"},\"primaryImageOfPage\":{\"@id\":\"https:\/\/dicodusport.fr\/blog\/tour-espagne-2021-9eme-etape-le-parcours-en-detail\/#primaryimage\"},\"image\":{\"@id\":\"https:\/\/dicodusport.fr\/blog\/tour-espagne-2021-9eme-etape-le-parcours-en-detail\/#primaryimage\"},\"thumbnailUrl\":\"https:\/\/dicodusport.fr\/blog\/wp-content\/uploads\/2021\/08\/Tour-dEspagne-2021-9eme-etape-le-parcours-en-detail.png\",\"datePublished\":\"2021-08-21T17:29:30+00:00\",\"dateModified\":\"2021-08-21T18:04:17+00:00\",\"description\":\"CYCLISME - TOUR D'ESPAGNE 2021 - 4500 m\u00e8tres de d\u00e9nivel\u00e9 seront au programme de la 9\u00e8me \u00e9tape. Le parcours en d\u00e9tail.\",\"breadcrumb\":{\"@id\":\"https:\/\/dicodusport.fr\/blog\/tour-espagne-2021-9eme-etape-le-parcours-en-detail\/#breadcrumb\"},\"inLanguage\":\"fr-FR\",\"potentialAction\":[{\"@type\":\"ReadAction\",\"target\":[\"https:\/\/dicodusport.fr\/blog\/tour-espagne-2021-9eme-etape-le-parcours-en-detail\/\"]}]},{\"@type\":\"ImageObject\",\"inLanguage\":\"fr-FR\",\"@id\":\"https:\/\/dicodusport.fr\/blog\/tour-espagne-2021-9eme-etape-le-parcours-en-detail\/#primaryimage\",\"url\":\"https:\/\/dicodusport.fr\/blog\/wp-content\/uploads\/2021\/08\/Tour-dEspagne-2021-9eme-etape-le-parcours-en-detail.png\",\"contentUrl\":\"https:\/\/dicodusport.fr\/blog\/wp-content\/uploads\/2021\/08\/Tour-dEspagne-2021-9eme-etape-le-parcours-en-detail.png\",\"width\":1200,\"height\":670,\"caption\":\"Tour d'Espagne 2021 - 9\u00e8me \u00e9tape le parcours en d\u00e9tail\"},{\"@type\":\"BreadcrumbList\",\"@id\":\"https:\/\/dicodusport.fr\/blog\/tour-espagne-2021-9eme-etape-le-parcours-en-detail\/#breadcrumb\",\"itemListElement\":[{\"@type\":\"ListItem\",\"position\":1,\"name\":\"Accueil\",\"item\":\"https:\/\/dicodusport.fr\/blog\/\"},{\"@type\":\"ListItem\",\"position\":2,\"name\":\"Tour d&rsquo;Espagne 2021 &#8211; 9\u00e8me \u00e9tape : le parcours en d\u00e9tail\"}]},{\"@type\":\"WebSite\",\"@id\":\"https:\/\/dicodusport.fr\/blog\/#website\",\"url\":\"https:\/\/dicodusport.fr\/blog\/\",\"name\":\"Dicodusport\",\"description\":\"L&#039;encyclop\u00e9die de l&#039;actualit\u00e9 sportive\",\"publisher\":{\"@id\":\"https:\/\/dicodusport.fr\/blog\/#organization\"},\"potentialAction\":[{\"@type\":\"SearchAction\",\"target\":{\"@type\":\"EntryPoint\",\"urlTemplate\":\"https:\/\/dicodusport.fr\/blog\/?s={search_term_string}\"},\"query-input\":{\"@type\":\"PropertyValueSpecification\",\"valueRequired\":true,\"valueName\":\"search_term_string\"}}],\"inLanguage\":\"fr-FR\"},{\"@type\":\"NewsMediaOrganization\",\"@id\":\"https:\/\/dicodusport.fr\/blog\/#organization\",\"name\":\"Dicodusport\",\"url\":\"https:\/\/dicodusport.fr\/blog\/\",\"logo\":{\"@type\":\"ImageObject\",\"inLanguage\":\"fr-FR\",\"@id\":\"https:\/\/dicodusport.fr\/blog\/#\/schema\/logo\/image\/\",\"url\":\"https:\/\/dicodusport.fr\/blog\/wp-content\/uploads\/2020\/06\/cropped-LOGO-DICODUSPORT-2020-SANS-FOND-SANS-TEXTE.png\",\"contentUrl\":\"https:\/\/dicodusport.fr\/blog\/wp-content\/uploads\/2020\/06\/cropped-LOGO-DICODUSPORT-2020-SANS-FOND-SANS-TEXTE.png\",\"width\":512,\"height\":512,\"caption\":\"Dicodusport\"},\"image\":{\"@id\":\"https:\/\/dicodusport.fr\/blog\/#\/schema\/logo\/image\/\"},\"sameAs\":[\"https:\/\/www.facebook.com\/dicodusport\",\"https:\/\/x.com\/dicodusport\",\"https:\/\/www.instagram.com\/dicodusport\/\",\"https:\/\/www.youtube.com\/channel\/UC7V2KZ5sd3htJivAbA4ZG3w\"],\"description\":\"Dicodusport est l'encyclop\u00e9die de l'actualit\u00e9 sportive.\",\"email\":\"bonjour@dicodusport.fr\",\"legalName\":\"DICODUSPORT\",\"foundingDate\":\"2018-01-14\",\"vatID\":\"FR71834470973\",\"taxID\":\"83447097300043\",\"numberOfEmployees\":{\"@type\":\"QuantitativeValue\",\"minValue\":\"1\",\"maxValue\":\"10\"}},{\"@type\":\"Person\",\"@id\":\"https:\/\/dicodusport.fr\/blog\/#\/schema\/person\/6db4bae06b171592211be385b32876a7\",\"name\":\"Emilien Descampiaux\",\"image\":{\"@type\":\"ImageObject\",\"inLanguage\":\"fr-FR\",\"@id\":\"https:\/\/dicodusport.fr\/blog\/#\/schema\/person\/image\/\",\"url\":\"https:\/\/dicodusport.fr\/blog\/wp-content\/uploads\/2021\/05\/Emilien-Descampiaux-150x150.jpg\",\"contentUrl\":\"https:\/\/dicodusport.fr\/blog\/wp-content\/uploads\/2021\/05\/Emilien-Descampiaux-150x150.jpg\",\"caption\":\"Emilien Descampiaux\"},\"description\":\"Journaliste\/r\u00e9dacteur depuis 2014 - Fan de la classe de Frank Vandenbroucke, je vis cyclisme (et de ses paysages) depuis plus de 20 ans. Je suis tr\u00e8s impliqu\u00e9 sur mes diff\u00e9rents r\u00e9seaux sociaux pour partager ma passion sur le monde et l'Histoire de la bicyclette avec ma voix sur les images en noir et blanc du succ\u00e8s de Rik Van Steenbergen lors du Ronde sur le V\u00e9lodrome de Gand.\",\"sameAs\":[\"https:\/\/www.facebook.com\/groups\/LesRoisDuPeloton\",\"https:\/\/x.com\/https:\/\/twitter.com\/LRoisDuPeloton\"],\"url\":\"https:\/\/dicodusport.fr\/blog\/author\/emiliend\/\"}]}<\/script>\n<!-- \/ Yoast SEO Premium plugin. -->","yoast_head_json":{"title":"Tour d'Espagne 2021 - 9\u00e8me \u00e9tape : le parcours en d\u00e9tail","description":"CYCLISME - TOUR D'ESPAGNE 2021 - 4500 m\u00e8tres de d\u00e9nivel\u00e9 seront au programme de la 9\u00e8me \u00e9tape. Le parcours en d\u00e9tail.","robots":{"index":"index","follow":"follow","max-snippet":"max-snippet:-1","max-image-preview":"max-image-preview:large","max-video-preview":"max-video-preview:-1"},"canonical":"https:\/\/dicodusport.fr\/blog\/tour-espagne-2021-9eme-etape-le-parcours-en-detail\/","og_locale":"fr_FR","og_type":"article","og_title":"Tour d'Espagne 2021 - 9\u00e8me \u00e9tape : le parcours en d\u00e9tail","og_description":"CYCLISME - TOUR D'ESPAGNE 2021 - 4500 m\u00e8tres de d\u00e9nivel\u00e9 seront au programme de la 9\u00e8me \u00e9tape. Le parcours en d\u00e9tail.","og_url":"https:\/\/dicodusport.fr\/blog\/tour-espagne-2021-9eme-etape-le-parcours-en-detail\/","og_site_name":"Dicodusport","article_publisher":"https:\/\/www.facebook.com\/dicodusport","article_author":"https:\/\/www.facebook.com\/groups\/LesRoisDuPeloton","article_published_time":"2021-08-21T17:29:30+00:00","article_modified_time":"2021-08-21T18:04:17+00:00","og_image":[{"width":1200,"height":670,"url":"https:\/\/dicodusport.fr\/blog\/wp-content\/uploads\/2021\/08\/Tour-dEspagne-2021-9eme-etape-le-parcours-en-detail.png","type":"image\/png"}],"author":"Emilien Descampiaux","twitter_card":"summary_large_image","twitter_title":"Tour d'Espagne 2021 - 9\u00e8me \u00e9tape : le parcours en d\u00e9tail","twitter_creator":"@https:\/\/twitter.com\/LRoisDuPeloton","twitter_site":"@dicodusport","schema":{"@context":"https:\/\/schema.org","@graph":[{"@type":"NewsArticle","@id":"https:\/\/dicodusport.fr\/blog\/tour-espagne-2021-9eme-etape-le-parcours-en-detail\/#article","isPartOf":{"@id":"https:\/\/dicodusport.fr\/blog\/tour-espagne-2021-9eme-etape-le-parcours-en-detail\/"},"author":{"name":"Emilien Descampiaux","@id":"https:\/\/dicodusport.fr\/blog\/#\/schema\/person\/6db4bae06b171592211be385b32876a7"},"headline":"Tour d&rsquo;Espagne 2021 &#8211; 9\u00e8me \u00e9tape : le parcours en d\u00e9tail","datePublished":"2021-08-21T17:29:30+00:00","dateModified":"2021-08-21T18:04:17+00:00","mainEntityOfPage":{"@id":"https:\/\/dicodusport.fr\/blog\/tour-espagne-2021-9eme-etape-le-parcours-en-detail\/"},"wordCount":494,"commentCount":0,"publisher":{"@id":"https:\/\/dicodusport.fr\/blog\/#organization"},"image":{"@id":"https:\/\/dicodusport.fr\/blog\/tour-espagne-2021-9eme-etape-le-parcours-en-detail\/#primaryimage"},"thumbnailUrl":"https:\/\/dicodusport.fr\/blog\/wp-content\/uploads\/2021\/08\/Tour-dEspagne-2021-9eme-etape-le-parcours-en-detail.png","keywords":["Actualit\u00e9 Cyclisme"],"articleSection":["Tour d'Espagne"],"inLanguage":"fr-FR","potentialAction":[{"@type":"CommentAction","name":"Comment","target":["https:\/\/dicodusport.fr\/blog\/tour-espagne-2021-9eme-etape-le-parcours-en-detail\/#respond"]}],"copyrightYear":"2021","copyrightHolder":{"@id":"https:\/\/dicodusport.fr\/blog\/#organization"}},{"@type":"WebPage","@id":"https:\/\/dicodusport.fr\/blog\/tour-espagne-2021-9eme-etape-le-parcours-en-detail\/","url":"https:\/\/dicodusport.fr\/blog\/tour-espagne-2021-9eme-etape-le-parcours-en-detail\/","name":"Tour d'Espagne 2021 - 9\u00e8me \u00e9tape : le parcours en d\u00e9tail","isPartOf":{"@id":"https:\/\/dicodusport.fr\/blog\/#website"},"primaryImageOfPage":{"@id":"https:\/\/dicodusport.fr\/blog\/tour-espagne-2021-9eme-etape-le-parcours-en-detail\/#primaryimage"},"image":{"@id":"https:\/\/dicodusport.fr\/blog\/tour-espagne-2021-9eme-etape-le-parcours-en-detail\/#primaryimage"},"thumbnailUrl":"https:\/\/dicodusport.fr\/blog\/wp-content\/uploads\/2021\/08\/Tour-dEspagne-2021-9eme-etape-le-parcours-en-detail.png","datePublished":"2021-08-21T17:29:30+00:00","dateModified":"2021-08-21T18:04:17+00:00","description":"CYCLISME - TOUR D'ESPAGNE 2021 - 4500 m\u00e8tres de d\u00e9nivel\u00e9 seront au programme de la 9\u00e8me \u00e9tape. Le parcours en d\u00e9tail.","breadcrumb":{"@id":"https:\/\/dicodusport.fr\/blog\/tour-espagne-2021-9eme-etape-le-parcours-en-detail\/#breadcrumb"},"inLanguage":"fr-FR","potentialAction":[{"@type":"ReadAction","target":["https:\/\/dicodusport.fr\/blog\/tour-espagne-2021-9eme-etape-le-parcours-en-detail\/"]}]},{"@type":"ImageObject","inLanguage":"fr-FR","@id":"https:\/\/dicodusport.fr\/blog\/tour-espagne-2021-9eme-etape-le-parcours-en-detail\/#primaryimage","url":"https:\/\/dicodusport.fr\/blog\/wp-content\/uploads\/2021\/08\/Tour-dEspagne-2021-9eme-etape-le-parcours-en-detail.png","contentUrl":"https:\/\/dicodusport.fr\/blog\/wp-content\/uploads\/2021\/08\/Tour-dEspagne-2021-9eme-etape-le-parcours-en-detail.png","width":1200,"height":670,"caption":"Tour d'Espagne 2021 - 9\u00e8me \u00e9tape le parcours en d\u00e9tail"},{"@type":"BreadcrumbList","@id":"https:\/\/dicodusport.fr\/blog\/tour-espagne-2021-9eme-etape-le-parcours-en-detail\/#breadcrumb","itemListElement":[{"@type":"ListItem","position":1,"name":"Accueil","item":"https:\/\/dicodusport.fr\/blog\/"},{"@type":"ListItem","position":2,"name":"Tour d&rsquo;Espagne 2021 &#8211; 9\u00e8me \u00e9tape : le parcours en d\u00e9tail"}]},{"@type":"WebSite","@id":"https:\/\/dicodusport.fr\/blog\/#website","url":"https:\/\/dicodusport.fr\/blog\/","name":"Dicodusport","description":"L&#039;encyclop\u00e9die de l&#039;actualit\u00e9 sportive","publisher":{"@id":"https:\/\/dicodusport.fr\/blog\/#organization"},"potentialAction":[{"@type":"SearchAction","target":{"@type":"EntryPoint","urlTemplate":"https:\/\/dicodusport.fr\/blog\/?s={search_term_string}"},"query-input":{"@type":"PropertyValueSpecification","valueRequired":true,"valueName":"search_term_string"}}],"inLanguage":"fr-FR"},{"@type":"NewsMediaOrganization","@id":"https:\/\/dicodusport.fr\/blog\/#organization","name":"Dicodusport","url":"https:\/\/dicodusport.fr\/blog\/","logo":{"@type":"ImageObject","inLanguage":"fr-FR","@id":"https:\/\/dicodusport.fr\/blog\/#\/schema\/logo\/image\/","url":"https:\/\/dicodusport.fr\/blog\/wp-content\/uploads\/2020\/06\/cropped-LOGO-DICODUSPORT-2020-SANS-FOND-SANS-TEXTE.png","contentUrl":"https:\/\/dicodusport.fr\/blog\/wp-content\/uploads\/2020\/06\/cropped-LOGO-DICODUSPORT-2020-SANS-FOND-SANS-TEXTE.png","width":512,"height":512,"caption":"Dicodusport"},"image":{"@id":"https:\/\/dicodusport.fr\/blog\/#\/schema\/logo\/image\/"},"sameAs":["https:\/\/www.facebook.com\/dicodusport","https:\/\/x.com\/dicodusport","https:\/\/www.instagram.com\/dicodusport\/","https:\/\/www.youtube.com\/channel\/UC7V2KZ5sd3htJivAbA4ZG3w"],"description":"Dicodusport est l'encyclop\u00e9die de l'actualit\u00e9 sportive.","email":"bonjour@dicodusport.fr","legalName":"DICODUSPORT","foundingDate":"2018-01-14","vatID":"FR71834470973","taxID":"83447097300043","numberOfEmployees":{"@type":"QuantitativeValue","minValue":"1","maxValue":"10"}},{"@type":"Person","@id":"https:\/\/dicodusport.fr\/blog\/#\/schema\/person\/6db4bae06b171592211be385b32876a7","name":"Emilien Descampiaux","image":{"@type":"ImageObject","inLanguage":"fr-FR","@id":"https:\/\/dicodusport.fr\/blog\/#\/schema\/person\/image\/","url":"https:\/\/dicodusport.fr\/blog\/wp-content\/uploads\/2021\/05\/Emilien-Descampiaux-150x150.jpg","contentUrl":"https:\/\/dicodusport.fr\/blog\/wp-content\/uploads\/2021\/05\/Emilien-Descampiaux-150x150.jpg","caption":"Emilien Descampiaux"},"description":"Journaliste\/r\u00e9dacteur depuis 2014 - Fan de la classe de Frank Vandenbroucke, je vis cyclisme (et de ses paysages) depuis plus de 20 ans. Je suis tr\u00e8s impliqu\u00e9 sur mes diff\u00e9rents r\u00e9seaux sociaux pour partager ma passion sur le monde et l'Histoire de la bicyclette avec ma voix sur les images en noir et blanc du succ\u00e8s de Rik Van Steenbergen lors du Ronde sur le V\u00e9lodrome de Gand.","sameAs":["https:\/\/www.facebook.com\/groups\/LesRoisDuPeloton","https:\/\/x.com\/https:\/\/twitter.com\/LRoisDuPeloton"],"url":"https:\/\/dicodusport.fr\/blog\/author\/emiliend\/"}]}},"_links":{"self":[{"href":"https:\/\/dicodusport.fr\/blog\/wp-json\/wp\/v2\/posts\/158121","targetHints":{"allow":["GET"]}}],"collection":[{"href":"https:\/\/dicodusport.fr\/blog\/wp-json\/wp\/v2\/posts"}],"about":[{"href":"https:\/\/dicodusport.fr\/blog\/wp-json\/wp\/v2\/types\/post"}],"author":[{"embeddable":true,"href":"https:\/\/dicodusport.fr\/blog\/wp-json\/wp\/v2\/users\/48"}],"replies":[{"embeddable":true,"href":"https:\/\/dicodusport.fr\/blog\/wp-json\/wp\/v2\/comments?post=158121"}],"version-history":[{"count":0,"href":"https:\/\/dicodusport.fr\/blog\/wp-json\/wp\/v2\/posts\/158121\/revisions"}],"wp:featuredmedia":[{"embeddable":true,"href":"https:\/\/dicodusport.fr\/blog\/wp-json\/wp\/v2\/media\/160055"}],"wp:attachment":[{"href":"https:\/\/dicodusport.fr\/blog\/wp-json\/wp\/v2\/media?parent=158121"}],"wp:term":[{"taxonomy":"category","embeddable":true,"href":"https:\/\/dicodusport.fr\/blog\/wp-json\/wp\/v2\/categories?post=158121"},{"taxonomy":"post_tag","embeddable":true,"href":"https:\/\/dicodusport.fr\/blog\/wp-json\/wp\/v2\/tags?post=158121"}],"curies":[{"name":"wp","href":"https:\/\/api.w.org\/{rel}","templated":true}]}}