{"id":158812,"date":"2021-08-16T09:02:27","date_gmt":"2021-08-16T07:02:27","guid":{"rendered":"https:\/\/dicodusport.fr\/blog\/?p=158812"},"modified":"2021-08-16T19:08:35","modified_gmt":"2021-08-16T17:08:35","slug":"hockey-sur-glace-tqo-equipe-de-france-entame-la-derniere-ligne-droite-avant-riga","status":"publish","type":"post","link":"https:\/\/dicodusport.fr\/blog\/hockey-sur-glace-tqo-equipe-de-france-entame-la-derniere-ligne-droite-avant-riga\/","title":{"rendered":"Hockey sur glace \u2013 TQO : L\u2019\u00e9quipe de France entame la derni\u00e8re ligne droite avant Riga"},"content":{"rendered":"<p align=\"justify\"><em><b>HOCKEY SUR GLACE &#8211; Alors que le TQO de Riga d\u00e9bute dans dix jours d\u00e9sormais, l\u2019\u00e9quipe de France de hockey sur glace effectue un dernier stage de pr\u00e9paration \u00e0 Cergy (14 ao\u00fbt au 18 ao\u00fbt) avant de jouer sa place aux Jeux Olympiques 2022. Depuis la r\u00e9gion parisienne, l\u2019attaquant des Bleus Anthony Rech se confie sur cette \u00e9ch\u00e9ance capitale, alors que les choses s\u00e9rieuses se rapprochent \u00e0 grands pas.<\/b><\/em><\/p>\n<p align=\"justify\">Cela fait bient\u00f4t vingt ans. Vingt longues ann\u00e9es que le hockey sur glace fran\u00e7ais attend de retrouver la joie de vivre un tournoi olympique. A l\u2019\u00e9poque, l\u2019\u00e9quipe men\u00e9e par <b>Cristobal Huet<\/b> et <b>Philippe Bozon<\/b> avait alors ralli\u00e9 les \u00c9tats-Unis et <b>Salt Lake City<\/b> pour vivre le r\u00eave de nombreux hockeyeurs. Entre le 26 et le 29 ao\u00fbt, ce m\u00eame Philippe Bozon a l\u2019occasion de faire de nouveau vibrer les nombreux aficionados fran\u00e7ais, depuis le banc de touche cette fois.<\/p>\n<h2 style=\"text-align: justify;\" align=\"justify\"><b>Un cadre de travail serein pour pr\u00e9parer l\u2019objectif d\u2019une carri\u00e8re<\/b><\/h2>\n<p align=\"justify\">En effet, les Bleus vont disputer un <b>TQO<\/b> crucial lors duquel la moindre erreur sera r\u00e9dhibitoire. Au sein d\u2019un groupe de quatre \u00e9quipes, l\u2019\u00e9quipe de France va affronter successivement la <b>Hongrie<\/b> (26 ao\u00fbt), l\u2019<b>Italie<\/b> (27 ao\u00fbt) et la <b>Lettonie<\/b> (29 ao\u00fbt). Au terme de ces \u00e9ch\u00e9ances, seul le premier de la poule obtiendra son billet pour <b>P\u00e9kin<\/b>. Actuellement \u00e0 <b>Cergy<\/b> depuis samedi, et ce jusqu\u2019\u00e0 mercredi, les Bleus pr\u00e9parent donc cette \u00e9ch\u00e9ance importante avec d\u00e9tachement, comme nous le confie l\u2019attaquant de <b>Wolfsbourg<\/b>, <b>Anthony Rech<\/b>\u00a0:<em> \u00ab\u00a0Pour le moment, nous ne ressentons pas trop de pression. Elle viendra d\u2019elle-m\u00eame directement avec les matchs. C\u2019est plus de l\u2019excitation qu\u2019autre chose. Nous aimons tous jouer ce genre de matchs \u00e0 enjeux.\u00a0\u00bb<\/em><\/p>\n<p align=\"justify\">Ce n\u2019est pas nouveau, ce groupe-l\u00e0 vit bien ensemble depuis de nombreuses ann\u00e9es malgr\u00e9 les nombreuses rotations de joueurs entre les diff\u00e9rents rassemblements. Ces derniers se connaissent bien, et s\u2019appr\u00e9cient, permettant de mettre en place un cadre de travail serein. <b>Tous partagent \u00e9galement la m\u00eame ambition, celle de pouvoir aller d\u00e9fendre le drapeau fran\u00e7ais dans une comp\u00e9tition olympique.<\/b> <em>\u00ab\u00a0L\u2019ambiance au sein du groupe est vraiment incroyable \u2013 ajoute Anthony Rech. \u00c7a fait toujours plaisir de retrouver cette \u00e9quipe\u00a0! On rigole beaucoup entre nous mais il y a aussi une excellente qualit\u00e9 de travail. Tout le monde a les yeux riv\u00e9s sur l\u2019objectif. On est d\u00e9termin\u00e9s \u00e0 mettre les ingr\u00e9dients afin de l\u2019atteindre. Il faut travailler, se pr\u00e9parer du mieux possible, et nous verrons le reste dans une dizaine de jours.\u00a0\u00bb<\/em><\/p>\n<blockquote class=\"twitter-tweet\">\n<p dir=\"ltr\" lang=\"fr\">\u0300<\/p>\n<p>Les Bleus d\u00e9butent leur ultime rassemblement avant le TQO aujourd\u2019hui<\/p>\n<p>Avec une seule id\u00e9e en t\u00eate : l\u2019<a href=\"https:\/\/twitter.com\/hashtag\/ObjectifJO?src=hash&amp;ref_src=twsrc%5Etfw\">#ObjectifJO<\/a> <a href=\"https:\/\/t.co\/IWynK6eL11\">pic.twitter.com\/IWynK6eL11<\/a><\/p>\n<p>\u2014 \u00c9quipes France Hockey (@Hockey_FRA) <a href=\"https:\/\/twitter.com\/Hockey_FRA\/status\/1426575314809991169?ref_src=twsrc%5Etfw\">August 14, 2021<\/a><\/p><\/blockquote>\n<p><script async src=\"https:\/\/platform.twitter.com\/widgets.js\" charset=\"utf-8\"><\/script><\/p>\n<h2 style=\"text-align: justify;\" align=\"justify\"><b>\u00ab\u00a0On insiste beaucoup sur le syst\u00e8me, les automatismes\u00a0\u00bb<\/b><\/h2>\n<p align=\"justify\">Avant de disputer son premier match du <b>TQO<\/b> le jeudi 26 ao\u00fbt face \u00e0 l\u2019Italie \u00e0 <b>Riga<\/b>, l\u2019\u00e9quipe de France effectuera un court arr\u00eat au <b>Danemark<\/b>. A cette occasion, elle disputera deux rencontres amicales successives face \u00e0 la <b>Cor\u00e9e du Sud<\/b> (vendredi 20 ao\u00fbt), puis face au <b>Danemark<\/b> (samedi 21 ao\u00fbt). Deux \u00e9ch\u00e9ances cruciales puisqu\u2019elles permettront de mettre en application le travail fourni jusqu\u2019alors. Comme le pr\u00e9cise <b>Anthony Rech<\/b>, c\u2019est <em>\u00ab\u00a0la premi\u00e8re fois depuis sa nomination que Philippe Bozon dispose d\u2019une \u00e9quipe au complet\u00a0\u00bb<\/em>.<\/p>\n<p align=\"justify\">Un luxe rare qui permet de compter sur les joueurs les plus chevronn\u00e9s de cette \u00e9quipe, tous surmotiv\u00e9s alors que cette fen\u00eatre olympique repr\u00e9sente possiblement la derni\u00e8re opportunit\u00e9 de leur carri\u00e8re. On pense notamment au capitaine <b>Damien Fleury<\/b>, ou encore \u00e0 <b>Pierre-Edouard Bellemare<\/b>.<\/p>\n<p align=\"justify\">Pour pr\u00e9parer son \u00e9quipe, le coach <b>Philippe Bozon<\/b> a pr\u00e9f\u00e9r\u00e9 adopter une approche souple en privil\u00e9giant les aspects sp\u00e9cifiques du jeu\u00a0: <em>\u00ab\u00a0Le programme est assez \u00ab\u00a0simple\u00a0\u00bb<\/em> &#8211; pr\u00e9cise Anthony Rech. <em>Nous avons entra\u00eenement sur et hors glace tous les jours, mais nous avons sur certaines journ\u00e9es une s\u00e9ance suppl\u00e9mentaire afin de travailler \u00e9galement les avantages num\u00e9riques. On va beaucoup insister sur le syst\u00e8me en lui-m\u00eame, sur les automatismes entre les lignes. On va travailler tout ce qui est forecheck, les positions en zone d\u00e9fensive, les power plays ou les inf\u00e9riorit\u00e9s num\u00e9riques, mais \u00e9galement bons nombres d\u2019autres d\u00e9tails. \u00bb<\/em><\/p>\n<blockquote class=\"twitter-tweet\">\n<p dir=\"ltr\" lang=\"fr\">&#xfe0f; &#xfe0f;<\/p>\n<p>Deux \u00e9quipes, un seul objectif : la qualification<\/p>\n<p>&#x2642;&#xfe0f; 26 au 29 ao\u00fbt \u00e0 Riga<br \/>\n&#x2640;&#xfe0f; 11 au 14 novembre \u00e0 Lule\u00e5<\/p>\n<p>Retrouvez le calendrier complet des Tricolores : <a href=\"https:\/\/t.co\/1p78vnKWDC\">https:\/\/t.co\/1p78vnKWDC<\/a> <a href=\"https:\/\/t.co\/KkZGYL2olu\">pic.twitter.com\/KkZGYL2olu<\/a><\/p>\n<p>\u2014 \u00c9quipes France Hockey (@Hockey_FRA) <a href=\"https:\/\/twitter.com\/Hockey_FRA\/status\/1407647118043410443?ref_src=twsrc%5Etfw\">June 23, 2021<\/a><\/p><\/blockquote>\n<p><script async src=\"https:\/\/platform.twitter.com\/widgets.js\" charset=\"utf-8\"><\/script><\/p>\n<h2 style=\"text-align: justify;\" align=\"justify\"><b>\u00ab\u00a0Nous devons avant tout nous concentrer sur notre jeu\u00a0\u00bb<\/b><\/h2>\n<p align=\"justify\">Et en ce qui concerne les futurs adversaires des Bleus\u00a0? La t\u00e2che ne sera pas \u00e9vidente. Si la <b>Hongrie<\/b> et l\u2019<b>Italie <\/b>semblent \u00eatre des adversaires abordables mais malgr\u00e9 tout pi\u00e9geux, le v\u00e9ritable \u00e9cueil de cette poule est le pays h\u00f4te du <b>TQO<\/b>, la <b>Lettonie<\/b>. \u00c9tonnante lors des derniers championnats du monde avec notamment une victoire historique sur le <b>Canada<\/b> (2-0), l\u2019\u00e9quipe balte sera un rival de premier choix. Pour le moment, les Bleus se concentrent sur eux-m\u00eames, et se pencheront sur leurs trois futurs adversaires en dehors du stage actuel \u00e0 <b>Cergy<\/b> comme le dit <b>Anthony Rech<\/b>.<\/p>\n<p align=\"justify\"><em>\u00ab\u00a0Nous sommes arriv\u00e9s r\u00e9cemment donc nous n\u2019avons pas encore parl\u00e9 des autres nations. \u00c9videmment, nous aurons toutes les informations n\u00e9cessaires avant le TQO. Nous allons notamment avoir des s\u00e9ances vid\u00e9os afin de tout mettre en place. Mais nous devons avant tout nous concentrer sur nous-m\u00eames, sur notre jeu.\u00a0\u00bb<\/em><\/p>\n<p align=\"justify\">Ce mercredi, l\u2019<strong>\u00e9<\/strong><b>quipe<\/b><b> de France<\/b> va donc quitter Cergy avant de d\u00e9coller de l\u2019Hexagone. D\u2019abord pour se mettre en jambes au <b>Danemark<\/b>, avant de rentrer dans le vif du sujet en <b>Lettonie<\/b>. Le calendrier se resserre, et ces \u00e9ch\u00e9ances d\u00e9cisives pour le hockey sur glace fran\u00e7ais d\u00e9butent d\u00e8s la fin de la semaine. <a href=\"https:\/\/dicodusport.fr\/blog\/luc-tardif-la-creation-de-la-federation-est-ce-qui-me-rend-le-plus-fier\/\">Comme Luc Tardif nous le confiait il y a une dizaine de jours<\/a>, une qualification olympique serait un aboutissement pour les efforts fournis dans le d\u00e9veloppement de la pratique. Les espoirs plac\u00e9s en cette \u00e9quipe sont donc grands. Il faudra r\u00e9pondre pr\u00e9sent d\u2019ici une dizaine de jours pour tenter de faire vivre <b>une campagne olympique tant attendue depuis pr\u00e8s de deux d\u00e9cennies<\/b>. C\u2019est tout ce que l\u2019on peut souhaiter \u00e0 cette \u00e9quipe.<\/p>\n<p><span class=\"D5h9bgvMvtGI6jyas0RMWOgPkn5Kt2uFCfwImTd8eqXklEWcn3sBfA8TOVPZELNU1Jdai2JSq3DYzBwLuSby4pjxYHAKXo7rxRFm\"><iframe loading=\"lazy\" title=\"Highlights | CANADA vs LATVIA | #IIHFWorlds 2021\" width=\"740\" height=\"416\" src=\"https:\/\/www.youtube.com\/embed\/XY3KKX2V2Ls?feature=oembed\" frameborder=\"0\" allow=\"accelerometer; autoplay; clipboard-write; encrypted-media; gyroscope; picture-in-picture; web-share\" allowfullscreen><\/iframe><\/span><\/p>\n","protected":false},"excerpt":{"rendered":"<p>HOCKEY SUR GLACE &#8211; Alors que le TQO de Riga d\u00e9bute dans dix jours d\u00e9sormais, l\u2019\u00e9quipe de France de hockey sur glace effectue un dernier stage de pr\u00e9paration \u00e0 Cergy (14 ao\u00fbt au 18 ao\u00fbt) avant de jouer sa place aux Jeux Olympiques 2022. Depuis la r\u00e9gion parisienne, l\u2019attaquant des Bleus Anthony Rech se confie sur cette \u00e9ch\u00e9ance capitale, alors que les choses s\u00e9rieuses se rapprochent \u00e0 grands pas.<\/p>\n","protected":false},"author":55,"featured_media":158837,"comment_status":"open","ping_status":"closed","sticky":false,"template":"","format":"standard","meta":{"_acf_changed":false,"_daextam_enable_autolinks":"","footnotes":""},"categories":[10575],"tags":[3058,30,838,18621],"class_list":["post-158812","post","type-post","status-publish","format-standard","has-post-thumbnail","hentry","category-hockey-sur-glace","tag-anthony-rech","tag-france","tag-hockey-sur-glace","tag-jo-pekin"],"acf":[],"yoast_head":"<!-- This site is optimized with the Yoast SEO Premium plugin v26.7 (Yoast SEO v26.7) - https:\/\/yoast.com\/wordpress\/plugins\/seo\/ -->\n<title>Hockey sur glace \u2013 TQO : L\u2019\u00e9quipe de France entame la derni\u00e8re ligne droite avant Riga<\/title>\n<meta name=\"description\" content=\"Anthony Rech se confie alors que L&#039;\u00e9quipe de France de hockey sur glace pr\u00e9pare son TQO en vue de P\u00e9kin 2022 lors d&#039;un stage \u00e0 Cergy.\" \/>\n<meta name=\"robots\" content=\"index, follow, max-snippet:-1, max-image-preview:large, max-video-preview:-1\" \/>\n<link rel=\"canonical\" href=\"https:\/\/dicodusport.fr\/blog\/hockey-sur-glace-tqo-equipe-de-france-entame-la-derniere-ligne-droite-avant-riga\/\" \/>\n<meta property=\"og:locale\" content=\"fr_FR\" \/>\n<meta property=\"og:type\" content=\"article\" \/>\n<meta property=\"og:title\" content=\"Hockey sur glace \u2013 TQO : L\u2019\u00e9quipe de France entame la derni\u00e8re ligne droite avant Riga\" \/>\n<meta property=\"og:description\" content=\"Anthony Rech se confie alors que L&#039;\u00e9quipe de France de hockey sur glace pr\u00e9pare son TQO en vue de P\u00e9kin 2022 lors d&#039;un stage \u00e0 Cergy.\" \/>\n<meta property=\"og:url\" content=\"https:\/\/dicodusport.fr\/blog\/hockey-sur-glace-tqo-equipe-de-france-entame-la-derniere-ligne-droite-avant-riga\/\" \/>\n<meta property=\"og:site_name\" content=\"Dicodusport\" \/>\n<meta property=\"article:publisher\" content=\"https:\/\/www.facebook.com\/dicodusport\" \/>\n<meta property=\"article:published_time\" content=\"2021-08-16T07:02:27+00:00\" \/>\n<meta property=\"article:modified_time\" content=\"2021-08-16T17:08:35+00:00\" \/>\n<meta property=\"og:image\" content=\"https:\/\/dicodusport.fr\/blog\/wp-content\/uploads\/2021\/08\/Hockey-sur-glace-\u2013-TQO-Lequipe-de-France-entame-la-derniere-ligne-droite-avant-Riga.png\" \/>\n\t<meta property=\"og:image:width\" content=\"800\" \/>\n\t<meta property=\"og:image:height\" content=\"445\" \/>\n\t<meta property=\"og:image:type\" content=\"image\/png\" \/>\n<meta name=\"author\" content=\"Maxime Cazenave\" \/>\n<meta name=\"twitter:card\" content=\"summary_large_image\" \/>\n<meta name=\"twitter:title\" content=\"Hockey sur glace \u2013 TQO : L\u2019\u00e9quipe de France entame la derni\u00e8re ligne droite avant Riga\" \/>\n<meta name=\"twitter:creator\" content=\"@https:\/\/twitter.com\/Maxime_Caze\" \/>\n<meta name=\"twitter:site\" content=\"@dicodusport\" \/>\n<script type=\"application\/ld+json\" class=\"yoast-schema-graph\">{\"@context\":\"https:\/\/schema.org\",\"@graph\":[{\"@type\":\"NewsArticle\",\"@id\":\"https:\/\/dicodusport.fr\/blog\/hockey-sur-glace-tqo-equipe-de-france-entame-la-derniere-ligne-droite-avant-riga\/#article\",\"isPartOf\":{\"@id\":\"https:\/\/dicodusport.fr\/blog\/hockey-sur-glace-tqo-equipe-de-france-entame-la-derniere-ligne-droite-avant-riga\/\"},\"author\":{\"name\":\"Maxime Cazenave\",\"@id\":\"https:\/\/dicodusport.fr\/blog\/#\/schema\/person\/37def232098a7a5cbab3974a3690abb0\"},\"headline\":\"Hockey sur glace \u2013 TQO : L\u2019\u00e9quipe de France entame la derni\u00e8re ligne droite avant Riga\",\"datePublished\":\"2021-08-16T07:02:27+00:00\",\"dateModified\":\"2021-08-16T17:08:35+00:00\",\"mainEntityOfPage\":{\"@id\":\"https:\/\/dicodusport.fr\/blog\/hockey-sur-glace-tqo-equipe-de-france-entame-la-derniere-ligne-droite-avant-riga\/\"},\"wordCount\":1134,\"commentCount\":0,\"publisher\":{\"@id\":\"https:\/\/dicodusport.fr\/blog\/#organization\"},\"image\":{\"@id\":\"https:\/\/dicodusport.fr\/blog\/hockey-sur-glace-tqo-equipe-de-france-entame-la-derniere-ligne-droite-avant-riga\/#primaryimage\"},\"thumbnailUrl\":\"https:\/\/dicodusport.fr\/blog\/wp-content\/uploads\/2021\/08\/Hockey-sur-glace-\u2013-TQO-Lequipe-de-France-entame-la-derniere-ligne-droite-avant-Riga.png\",\"keywords\":[\"Anthony Rech\",\"France\",\"hockey sur glace\",\"JO P\u00e9kin\"],\"articleSection\":[\"Hockey sur glace\"],\"inLanguage\":\"fr-FR\",\"potentialAction\":[{\"@type\":\"CommentAction\",\"name\":\"Comment\",\"target\":[\"https:\/\/dicodusport.fr\/blog\/hockey-sur-glace-tqo-equipe-de-france-entame-la-derniere-ligne-droite-avant-riga\/#respond\"]}],\"copyrightYear\":\"2021\",\"copyrightHolder\":{\"@id\":\"https:\/\/dicodusport.fr\/blog\/#organization\"}},{\"@type\":\"WebPage\",\"@id\":\"https:\/\/dicodusport.fr\/blog\/hockey-sur-glace-tqo-equipe-de-france-entame-la-derniere-ligne-droite-avant-riga\/\",\"url\":\"https:\/\/dicodusport.fr\/blog\/hockey-sur-glace-tqo-equipe-de-france-entame-la-derniere-ligne-droite-avant-riga\/\",\"name\":\"Hockey sur glace \u2013 TQO : L\u2019\u00e9quipe de France entame la derni\u00e8re ligne droite avant Riga\",\"isPartOf\":{\"@id\":\"https:\/\/dicodusport.fr\/blog\/#website\"},\"primaryImageOfPage\":{\"@id\":\"https:\/\/dicodusport.fr\/blog\/hockey-sur-glace-tqo-equipe-de-france-entame-la-derniere-ligne-droite-avant-riga\/#primaryimage\"},\"image\":{\"@id\":\"https:\/\/dicodusport.fr\/blog\/hockey-sur-glace-tqo-equipe-de-france-entame-la-derniere-ligne-droite-avant-riga\/#primaryimage\"},\"thumbnailUrl\":\"https:\/\/dicodusport.fr\/blog\/wp-content\/uploads\/2021\/08\/Hockey-sur-glace-\u2013-TQO-Lequipe-de-France-entame-la-derniere-ligne-droite-avant-Riga.png\",\"datePublished\":\"2021-08-16T07:02:27+00:00\",\"dateModified\":\"2021-08-16T17:08:35+00:00\",\"description\":\"Anthony Rech se confie alors que L'\u00e9quipe de France de hockey sur glace pr\u00e9pare son TQO en vue de P\u00e9kin 2022 lors d'un stage \u00e0 Cergy.\",\"breadcrumb\":{\"@id\":\"https:\/\/dicodusport.fr\/blog\/hockey-sur-glace-tqo-equipe-de-france-entame-la-derniere-ligne-droite-avant-riga\/#breadcrumb\"},\"inLanguage\":\"fr-FR\",\"potentialAction\":[{\"@type\":\"ReadAction\",\"target\":[\"https:\/\/dicodusport.fr\/blog\/hockey-sur-glace-tqo-equipe-de-france-entame-la-derniere-ligne-droite-avant-riga\/\"]}]},{\"@type\":\"ImageObject\",\"inLanguage\":\"fr-FR\",\"@id\":\"https:\/\/dicodusport.fr\/blog\/hockey-sur-glace-tqo-equipe-de-france-entame-la-derniere-ligne-droite-avant-riga\/#primaryimage\",\"url\":\"https:\/\/dicodusport.fr\/blog\/wp-content\/uploads\/2021\/08\/Hockey-sur-glace-\u2013-TQO-Lequipe-de-France-entame-la-derniere-ligne-droite-avant-Riga.png\",\"contentUrl\":\"https:\/\/dicodusport.fr\/blog\/wp-content\/uploads\/2021\/08\/Hockey-sur-glace-\u2013-TQO-Lequipe-de-France-entame-la-derniere-ligne-droite-avant-Riga.png\",\"width\":800,\"height\":445,\"caption\":\"Hockey sur glace \u2013 TQO L\u2019\u00e9quipe de France entame la derni\u00e8re ligne droite avant Riga\"},{\"@type\":\"BreadcrumbList\",\"@id\":\"https:\/\/dicodusport.fr\/blog\/hockey-sur-glace-tqo-equipe-de-france-entame-la-derniere-ligne-droite-avant-riga\/#breadcrumb\",\"itemListElement\":[{\"@type\":\"ListItem\",\"position\":1,\"name\":\"Accueil\",\"item\":\"https:\/\/dicodusport.fr\/blog\/\"},{\"@type\":\"ListItem\",\"position\":2,\"name\":\"Hockey sur glace \u2013 TQO : L\u2019\u00e9quipe de France entame la derni\u00e8re ligne droite avant Riga\"}]},{\"@type\":\"WebSite\",\"@id\":\"https:\/\/dicodusport.fr\/blog\/#website\",\"url\":\"https:\/\/dicodusport.fr\/blog\/\",\"name\":\"Dicodusport\",\"description\":\"L&#039;encyclop\u00e9die de l&#039;actualit\u00e9 sportive\",\"publisher\":{\"@id\":\"https:\/\/dicodusport.fr\/blog\/#organization\"},\"potentialAction\":[{\"@type\":\"SearchAction\",\"target\":{\"@type\":\"EntryPoint\",\"urlTemplate\":\"https:\/\/dicodusport.fr\/blog\/?s={search_term_string}\"},\"query-input\":{\"@type\":\"PropertyValueSpecification\",\"valueRequired\":true,\"valueName\":\"search_term_string\"}}],\"inLanguage\":\"fr-FR\"},{\"@type\":\"NewsMediaOrganization\",\"@id\":\"https:\/\/dicodusport.fr\/blog\/#organization\",\"name\":\"Dicodusport\",\"url\":\"https:\/\/dicodusport.fr\/blog\/\",\"logo\":{\"@type\":\"ImageObject\",\"inLanguage\":\"fr-FR\",\"@id\":\"https:\/\/dicodusport.fr\/blog\/#\/schema\/logo\/image\/\",\"url\":\"https:\/\/dicodusport.fr\/blog\/wp-content\/uploads\/2020\/06\/cropped-LOGO-DICODUSPORT-2020-SANS-FOND-SANS-TEXTE.png\",\"contentUrl\":\"https:\/\/dicodusport.fr\/blog\/wp-content\/uploads\/2020\/06\/cropped-LOGO-DICODUSPORT-2020-SANS-FOND-SANS-TEXTE.png\",\"width\":512,\"height\":512,\"caption\":\"Dicodusport\"},\"image\":{\"@id\":\"https:\/\/dicodusport.fr\/blog\/#\/schema\/logo\/image\/\"},\"sameAs\":[\"https:\/\/www.facebook.com\/dicodusport\",\"https:\/\/x.com\/dicodusport\",\"https:\/\/www.instagram.com\/dicodusport\/\",\"https:\/\/www.youtube.com\/channel\/UC7V2KZ5sd3htJivAbA4ZG3w\"],\"description\":\"Dicodusport est l'encyclop\u00e9die de l'actualit\u00e9 sportive.\",\"email\":\"bonjour@dicodusport.fr\",\"legalName\":\"DICODUSPORT\",\"foundingDate\":\"2018-01-14\",\"vatID\":\"FR71834470973\",\"taxID\":\"83447097300043\",\"numberOfEmployees\":{\"@type\":\"QuantitativeValue\",\"minValue\":\"1\",\"maxValue\":\"10\"}},{\"@type\":\"Person\",\"@id\":\"https:\/\/dicodusport.fr\/blog\/#\/schema\/person\/37def232098a7a5cbab3974a3690abb0\",\"name\":\"Maxime Cazenave\",\"image\":{\"@type\":\"ImageObject\",\"inLanguage\":\"fr-FR\",\"@id\":\"https:\/\/dicodusport.fr\/blog\/#\/schema\/person\/image\/\",\"url\":\"https:\/\/dicodusport.fr\/blog\/wp-content\/uploads\/2021\/05\/Maxime-Cazenave-150x150.jpg\",\"contentUrl\":\"https:\/\/dicodusport.fr\/blog\/wp-content\/uploads\/2021\/05\/Maxime-Cazenave-150x150.jpg\",\"caption\":\"Maxime Cazenave\"},\"description\":\"Journaliste\/R\u00e9dacteur depuis 2012 - Berc\u00e9 par l\u2019amour des Girondins de Bordeaux, les \u00e9checs de Christophe Moreau sur le Tour de France sous l'\u00e8re Lance Armstrong et le fade-away l\u00e9tal de Dirk Nowitzki, ma passion d\u00e9vorante pour le sport a toujours \u00e9t\u00e9 un pan incontournable de ma vie. Transmettre ma passion \u00e0 l\u2019\u00e9crit a \u00e9t\u00e9 une transition naturelle. Suiveur assidu de basket et de hockey sur glace, je garde toujours un peu de place pour suivre le cyclisme, le football et le maximum de performances fran\u00e7aises.\",\"sameAs\":[\"https:\/\/x.com\/https:\/\/twitter.com\/Maxime_Caze\"],\"url\":\"https:\/\/dicodusport.fr\/blog\/author\/maximec\/\"}]}<\/script>\n<!-- \/ Yoast SEO Premium plugin. -->","yoast_head_json":{"title":"Hockey sur glace \u2013 TQO : L\u2019\u00e9quipe de France entame la derni\u00e8re ligne droite avant Riga","description":"Anthony Rech se confie alors que L'\u00e9quipe de France de hockey sur glace pr\u00e9pare son TQO en vue de P\u00e9kin 2022 lors d'un stage \u00e0 Cergy.","robots":{"index":"index","follow":"follow","max-snippet":"max-snippet:-1","max-image-preview":"max-image-preview:large","max-video-preview":"max-video-preview:-1"},"canonical":"https:\/\/dicodusport.fr\/blog\/hockey-sur-glace-tqo-equipe-de-france-entame-la-derniere-ligne-droite-avant-riga\/","og_locale":"fr_FR","og_type":"article","og_title":"Hockey sur glace \u2013 TQO : L\u2019\u00e9quipe de France entame la derni\u00e8re ligne droite avant Riga","og_description":"Anthony Rech se confie alors que L'\u00e9quipe de France de hockey sur glace pr\u00e9pare son TQO en vue de P\u00e9kin 2022 lors d'un stage \u00e0 Cergy.","og_url":"https:\/\/dicodusport.fr\/blog\/hockey-sur-glace-tqo-equipe-de-france-entame-la-derniere-ligne-droite-avant-riga\/","og_site_name":"Dicodusport","article_publisher":"https:\/\/www.facebook.com\/dicodusport","article_published_time":"2021-08-16T07:02:27+00:00","article_modified_time":"2021-08-16T17:08:35+00:00","og_image":[{"width":800,"height":445,"url":"https:\/\/dicodusport.fr\/blog\/wp-content\/uploads\/2021\/08\/Hockey-sur-glace-\u2013-TQO-Lequipe-de-France-entame-la-derniere-ligne-droite-avant-Riga.png","type":"image\/png"}],"author":"Maxime Cazenave","twitter_card":"summary_large_image","twitter_title":"Hockey sur glace \u2013 TQO : L\u2019\u00e9quipe de France entame la derni\u00e8re ligne droite avant Riga","twitter_creator":"@https:\/\/twitter.com\/Maxime_Caze","twitter_site":"@dicodusport","schema":{"@context":"https:\/\/schema.org","@graph":[{"@type":"NewsArticle","@id":"https:\/\/dicodusport.fr\/blog\/hockey-sur-glace-tqo-equipe-de-france-entame-la-derniere-ligne-droite-avant-riga\/#article","isPartOf":{"@id":"https:\/\/dicodusport.fr\/blog\/hockey-sur-glace-tqo-equipe-de-france-entame-la-derniere-ligne-droite-avant-riga\/"},"author":{"name":"Maxime Cazenave","@id":"https:\/\/dicodusport.fr\/blog\/#\/schema\/person\/37def232098a7a5cbab3974a3690abb0"},"headline":"Hockey sur glace \u2013 TQO : L\u2019\u00e9quipe de France entame la derni\u00e8re ligne droite avant Riga","datePublished":"2021-08-16T07:02:27+00:00","dateModified":"2021-08-16T17:08:35+00:00","mainEntityOfPage":{"@id":"https:\/\/dicodusport.fr\/blog\/hockey-sur-glace-tqo-equipe-de-france-entame-la-derniere-ligne-droite-avant-riga\/"},"wordCount":1134,"commentCount":0,"publisher":{"@id":"https:\/\/dicodusport.fr\/blog\/#organization"},"image":{"@id":"https:\/\/dicodusport.fr\/blog\/hockey-sur-glace-tqo-equipe-de-france-entame-la-derniere-ligne-droite-avant-riga\/#primaryimage"},"thumbnailUrl":"https:\/\/dicodusport.fr\/blog\/wp-content\/uploads\/2021\/08\/Hockey-sur-glace-\u2013-TQO-Lequipe-de-France-entame-la-derniere-ligne-droite-avant-Riga.png","keywords":["Anthony Rech","France","hockey sur glace","JO P\u00e9kin"],"articleSection":["Hockey sur glace"],"inLanguage":"fr-FR","potentialAction":[{"@type":"CommentAction","name":"Comment","target":["https:\/\/dicodusport.fr\/blog\/hockey-sur-glace-tqo-equipe-de-france-entame-la-derniere-ligne-droite-avant-riga\/#respond"]}],"copyrightYear":"2021","copyrightHolder":{"@id":"https:\/\/dicodusport.fr\/blog\/#organization"}},{"@type":"WebPage","@id":"https:\/\/dicodusport.fr\/blog\/hockey-sur-glace-tqo-equipe-de-france-entame-la-derniere-ligne-droite-avant-riga\/","url":"https:\/\/dicodusport.fr\/blog\/hockey-sur-glace-tqo-equipe-de-france-entame-la-derniere-ligne-droite-avant-riga\/","name":"Hockey sur glace \u2013 TQO : L\u2019\u00e9quipe de France entame la derni\u00e8re ligne droite avant Riga","isPartOf":{"@id":"https:\/\/dicodusport.fr\/blog\/#website"},"primaryImageOfPage":{"@id":"https:\/\/dicodusport.fr\/blog\/hockey-sur-glace-tqo-equipe-de-france-entame-la-derniere-ligne-droite-avant-riga\/#primaryimage"},"image":{"@id":"https:\/\/dicodusport.fr\/blog\/hockey-sur-glace-tqo-equipe-de-france-entame-la-derniere-ligne-droite-avant-riga\/#primaryimage"},"thumbnailUrl":"https:\/\/dicodusport.fr\/blog\/wp-content\/uploads\/2021\/08\/Hockey-sur-glace-\u2013-TQO-Lequipe-de-France-entame-la-derniere-ligne-droite-avant-Riga.png","datePublished":"2021-08-16T07:02:27+00:00","dateModified":"2021-08-16T17:08:35+00:00","description":"Anthony Rech se confie alors que L'\u00e9quipe de France de hockey sur glace pr\u00e9pare son TQO en vue de P\u00e9kin 2022 lors d'un stage \u00e0 Cergy.","breadcrumb":{"@id":"https:\/\/dicodusport.fr\/blog\/hockey-sur-glace-tqo-equipe-de-france-entame-la-derniere-ligne-droite-avant-riga\/#breadcrumb"},"inLanguage":"fr-FR","potentialAction":[{"@type":"ReadAction","target":["https:\/\/dicodusport.fr\/blog\/hockey-sur-glace-tqo-equipe-de-france-entame-la-derniere-ligne-droite-avant-riga\/"]}]},{"@type":"ImageObject","inLanguage":"fr-FR","@id":"https:\/\/dicodusport.fr\/blog\/hockey-sur-glace-tqo-equipe-de-france-entame-la-derniere-ligne-droite-avant-riga\/#primaryimage","url":"https:\/\/dicodusport.fr\/blog\/wp-content\/uploads\/2021\/08\/Hockey-sur-glace-\u2013-TQO-Lequipe-de-France-entame-la-derniere-ligne-droite-avant-Riga.png","contentUrl":"https:\/\/dicodusport.fr\/blog\/wp-content\/uploads\/2021\/08\/Hockey-sur-glace-\u2013-TQO-Lequipe-de-France-entame-la-derniere-ligne-droite-avant-Riga.png","width":800,"height":445,"caption":"Hockey sur glace \u2013 TQO L\u2019\u00e9quipe de France entame la derni\u00e8re ligne droite avant Riga"},{"@type":"BreadcrumbList","@id":"https:\/\/dicodusport.fr\/blog\/hockey-sur-glace-tqo-equipe-de-france-entame-la-derniere-ligne-droite-avant-riga\/#breadcrumb","itemListElement":[{"@type":"ListItem","position":1,"name":"Accueil","item":"https:\/\/dicodusport.fr\/blog\/"},{"@type":"ListItem","position":2,"name":"Hockey sur glace \u2013 TQO : L\u2019\u00e9quipe de France entame la derni\u00e8re ligne droite avant Riga"}]},{"@type":"WebSite","@id":"https:\/\/dicodusport.fr\/blog\/#website","url":"https:\/\/dicodusport.fr\/blog\/","name":"Dicodusport","description":"L&#039;encyclop\u00e9die de l&#039;actualit\u00e9 sportive","publisher":{"@id":"https:\/\/dicodusport.fr\/blog\/#organization"},"potentialAction":[{"@type":"SearchAction","target":{"@type":"EntryPoint","urlTemplate":"https:\/\/dicodusport.fr\/blog\/?s={search_term_string}"},"query-input":{"@type":"PropertyValueSpecification","valueRequired":true,"valueName":"search_term_string"}}],"inLanguage":"fr-FR"},{"@type":"NewsMediaOrganization","@id":"https:\/\/dicodusport.fr\/blog\/#organization","name":"Dicodusport","url":"https:\/\/dicodusport.fr\/blog\/","logo":{"@type":"ImageObject","inLanguage":"fr-FR","@id":"https:\/\/dicodusport.fr\/blog\/#\/schema\/logo\/image\/","url":"https:\/\/dicodusport.fr\/blog\/wp-content\/uploads\/2020\/06\/cropped-LOGO-DICODUSPORT-2020-SANS-FOND-SANS-TEXTE.png","contentUrl":"https:\/\/dicodusport.fr\/blog\/wp-content\/uploads\/2020\/06\/cropped-LOGO-DICODUSPORT-2020-SANS-FOND-SANS-TEXTE.png","width":512,"height":512,"caption":"Dicodusport"},"image":{"@id":"https:\/\/dicodusport.fr\/blog\/#\/schema\/logo\/image\/"},"sameAs":["https:\/\/www.facebook.com\/dicodusport","https:\/\/x.com\/dicodusport","https:\/\/www.instagram.com\/dicodusport\/","https:\/\/www.youtube.com\/channel\/UC7V2KZ5sd3htJivAbA4ZG3w"],"description":"Dicodusport est l'encyclop\u00e9die de l'actualit\u00e9 sportive.","email":"bonjour@dicodusport.fr","legalName":"DICODUSPORT","foundingDate":"2018-01-14","vatID":"FR71834470973","taxID":"83447097300043","numberOfEmployees":{"@type":"QuantitativeValue","minValue":"1","maxValue":"10"}},{"@type":"Person","@id":"https:\/\/dicodusport.fr\/blog\/#\/schema\/person\/37def232098a7a5cbab3974a3690abb0","name":"Maxime Cazenave","image":{"@type":"ImageObject","inLanguage":"fr-FR","@id":"https:\/\/dicodusport.fr\/blog\/#\/schema\/person\/image\/","url":"https:\/\/dicodusport.fr\/blog\/wp-content\/uploads\/2021\/05\/Maxime-Cazenave-150x150.jpg","contentUrl":"https:\/\/dicodusport.fr\/blog\/wp-content\/uploads\/2021\/05\/Maxime-Cazenave-150x150.jpg","caption":"Maxime Cazenave"},"description":"Journaliste\/R\u00e9dacteur depuis 2012 - Berc\u00e9 par l\u2019amour des Girondins de Bordeaux, les \u00e9checs de Christophe Moreau sur le Tour de France sous l'\u00e8re Lance Armstrong et le fade-away l\u00e9tal de Dirk Nowitzki, ma passion d\u00e9vorante pour le sport a toujours \u00e9t\u00e9 un pan incontournable de ma vie. Transmettre ma passion \u00e0 l\u2019\u00e9crit a \u00e9t\u00e9 une transition naturelle. Suiveur assidu de basket et de hockey sur glace, je garde toujours un peu de place pour suivre le cyclisme, le football et le maximum de performances fran\u00e7aises.","sameAs":["https:\/\/x.com\/https:\/\/twitter.com\/Maxime_Caze"],"url":"https:\/\/dicodusport.fr\/blog\/author\/maximec\/"}]}},"_links":{"self":[{"href":"https:\/\/dicodusport.fr\/blog\/wp-json\/wp\/v2\/posts\/158812","targetHints":{"allow":["GET"]}}],"collection":[{"href":"https:\/\/dicodusport.fr\/blog\/wp-json\/wp\/v2\/posts"}],"about":[{"href":"https:\/\/dicodusport.fr\/blog\/wp-json\/wp\/v2\/types\/post"}],"author":[{"embeddable":true,"href":"https:\/\/dicodusport.fr\/blog\/wp-json\/wp\/v2\/users\/55"}],"replies":[{"embeddable":true,"href":"https:\/\/dicodusport.fr\/blog\/wp-json\/wp\/v2\/comments?post=158812"}],"version-history":[{"count":0,"href":"https:\/\/dicodusport.fr\/blog\/wp-json\/wp\/v2\/posts\/158812\/revisions"}],"wp:featuredmedia":[{"embeddable":true,"href":"https:\/\/dicodusport.fr\/blog\/wp-json\/wp\/v2\/media\/158837"}],"wp:attachment":[{"href":"https:\/\/dicodusport.fr\/blog\/wp-json\/wp\/v2\/media?parent=158812"}],"wp:term":[{"taxonomy":"category","embeddable":true,"href":"https:\/\/dicodusport.fr\/blog\/wp-json\/wp\/v2\/categories?post=158812"},{"taxonomy":"post_tag","embeddable":true,"href":"https:\/\/dicodusport.fr\/blog\/wp-json\/wp\/v2\/tags?post=158812"}],"curies":[{"name":"wp","href":"https:\/\/api.w.org\/{rel}","templated":true}]}}