{"id":158834,"date":"2021-08-16T09:26:53","date_gmt":"2021-08-16T07:26:53","guid":{"rendered":"https:\/\/dicodusport.fr\/blog\/?p=158834&#038;preview=true&#038;preview_id=158834"},"modified":"2021-08-16T09:52:32","modified_gmt":"2021-08-16T07:52:32","slug":"jean-pierre-papin-je-suis-tres-admiratif-mais-il-est-anormal-que-ce-soit-un-pays-qui-dirige-un-club","status":"publish","type":"post","link":"https:\/\/dicodusport.fr\/blog\/jean-pierre-papin-je-suis-tres-admiratif-mais-il-est-anormal-que-ce-soit-un-pays-qui-dirige-un-club\/","title":{"rendered":"Jean-Pierre Papin : \u00ab\u00a0Je suis tr\u00e8s admiratif mais il est anormal que ce soit un pays qui dirige un club\u00a0\u00bb"},"content":{"rendered":"<p style=\"text-align: justify;\"><strong><em>FOOTBALL &#8211; Jean-Pierre Papin, qui a donn\u00e9 le coup d&rsquo;envoi du match entre l&rsquo;OM et Bordeaux, a livr\u00e9 un long entretien dans les colonnes de La Provence dimanche.\u00a0<\/em><\/strong><\/p>\n<p style=\"text-align: justify;\">Ancien Ballon d&rsquo;or, <strong>Jean-Pierre Papin<\/strong> a expliqu\u00e9 qu&rsquo;il aime le jeu propos\u00e9 par Jorge Sampaoli, avant de se r\u00e9jouir de la venue de Lionel Messi :<\/p>\n<blockquote>\n<p style=\"text-align: justify;\">Pour le Championnat de France, c\u2019est magnifique, ce sera l\u2019un des plus suivis au monde et le coup de projecteur est parfait. Apr\u00e8s pour les emp\u00eacher de tout gagner, ce sera dur, mais Lille l\u2019a fait. Les surprises peuvent arriver. Mais ce sera un casse-t\u00eate que de contrecarrer \u00e0 la fois Messi, Neymar et Mbapp\u00e9.<\/p>\n<\/blockquote>\n<p style=\"text-align: justify;\">Mais <strong>Jean-Pierre Papin<\/strong> reste malgr\u00e9 tout partag\u00e9, et pointe du doigt les dirigeants parisiens sans les citer.<\/p>\n<blockquote>\n<p style=\"text-align: justify;\">Je suis tr\u00e8s admiratif mais il est anormal que ce soit un pays qui dirige un club. Quand tu as des moyens illimit\u00e9s, ce qui est le cas, tout est possible.<\/p>\n<\/blockquote>\n<blockquote class=\"twitter-tweet\">\n<p dir=\"ltr\" lang=\"fr\">Il donnera le coup d&rsquo;envoi pour les 30 ans de son Ballon d&rsquo;Or. Avec un plaisir accru par le jeu de l&rsquo;OM actuel &#x1f499; <a href=\"https:\/\/twitter.com\/hashtag\/OM?src=hash&amp;ref_src=twsrc%5Etfw\">#OM<\/a> <a href=\"https:\/\/twitter.com\/hashtag\/TeamOM?src=hash&amp;ref_src=twsrc%5Etfw\">#TeamOM<\/a> <a href=\"https:\/\/twitter.com\/hashtag\/OMFCGB?src=hash&amp;ref_src=twsrc%5Etfw\">#OMFCGB<\/a> <a href=\"https:\/\/t.co\/O48Xc9iTQO\">https:\/\/t.co\/O48Xc9iTQO<\/a><\/p>\n<p>\u2014 La Provence OM (@OMLaProvence) <a href=\"https:\/\/twitter.com\/OMLaProvence\/status\/1426856225099161607?ref_src=twsrc%5Etfw\">August 15, 2021<\/a><\/p><\/blockquote>\n<p style=\"text-align: justify;\"><script async src=\"https:\/\/platform.twitter.com\/widgets.js\" charset=\"utf-8\"><\/script><\/p>\n","protected":false},"excerpt":{"rendered":"<p>FOOTBALL &#8211; Jean-Pierre Papin, qui a donn\u00e9 le coup d&rsquo;envoi du match entre l&rsquo;OM et Bordeaux, a livr\u00e9 un long entretien dans les colonnes de La Provence dimanche.\u00a0<\/p>\n","protected":false},"author":1,"featured_media":158835,"comment_status":"open","ping_status":"closed","sticky":false,"template":"","format":"standard","meta":{"_acf_changed":false,"_daextam_enable_autolinks":"","footnotes":""},"categories":[47045],"tags":[1889],"class_list":["post-158834","post","type-post","status-publish","format-standard","has-post-thumbnail","hentry","category-ligue-1","tag-om"],"acf":[],"yoast_head":"<!-- This site is optimized with the Yoast SEO Premium plugin v26.7 (Yoast SEO v26.7) - https:\/\/yoast.com\/wordpress\/plugins\/seo\/ -->\n<title>Jean-Pierre Papin : &quot;Je suis tr\u00e8s admiratif mais il est anormal que ce soit un pays qui dirige un club&quot;<\/title>\n<meta name=\"description\" content=\"FOOTBALL - Jean-Pierre Papin, qui a donn\u00e9 le coup d&#039;envoi du match entre l&#039;OM et Bordeaux, a livr\u00e9 un long entretien dans les colonnes de La Provence dimanche.\u00a0\" \/>\n<meta name=\"robots\" content=\"index, follow, max-snippet:-1, max-image-preview:large, max-video-preview:-1\" \/>\n<link rel=\"canonical\" href=\"https:\/\/dicodusport.fr\/blog\/jean-pierre-papin-je-suis-tres-admiratif-mais-il-est-anormal-que-ce-soit-un-pays-qui-dirige-un-club\/\" \/>\n<meta property=\"og:locale\" content=\"fr_FR\" \/>\n<meta property=\"og:type\" content=\"article\" \/>\n<meta property=\"og:title\" content=\"Jean-Pierre Papin : &quot;Je suis tr\u00e8s admiratif mais il est anormal que ce soit un pays qui dirige un club&quot;\" \/>\n<meta property=\"og:description\" content=\"FOOTBALL - Jean-Pierre Papin, qui a donn\u00e9 le coup d&#039;envoi du match entre l&#039;OM et Bordeaux, a livr\u00e9 un long entretien dans les colonnes de La Provence dimanche.\u00a0\" \/>\n<meta property=\"og:url\" content=\"https:\/\/dicodusport.fr\/blog\/jean-pierre-papin-je-suis-tres-admiratif-mais-il-est-anormal-que-ce-soit-un-pays-qui-dirige-un-club\/\" \/>\n<meta property=\"og:site_name\" content=\"Dicodusport\" \/>\n<meta property=\"article:publisher\" content=\"https:\/\/www.facebook.com\/dicodusport\" \/>\n<meta property=\"article:author\" content=\"https:\/\/www.facebook.com\/dicodusport\" \/>\n<meta property=\"article:published_time\" content=\"2021-08-16T07:26:53+00:00\" \/>\n<meta property=\"article:modified_time\" content=\"2021-08-16T07:52:32+00:00\" \/>\n<meta property=\"og:image\" content=\"https:\/\/dicodusport.fr\/blog\/wp-content\/uploads\/2021\/08\/Jean-Pierre-Papin-Je-suis-tre\u0300s-admiratif-mais-il-est-anormal-que-ce-soit-un-pays-qui-dirige-un-club.png\" \/>\n\t<meta property=\"og:image:width\" content=\"800\" \/>\n\t<meta property=\"og:image:height\" content=\"445\" \/>\n\t<meta property=\"og:image:type\" content=\"image\/png\" \/>\n<meta name=\"author\" content=\"Nicolas Jacquemard\" \/>\n<meta name=\"twitter:card\" content=\"summary_large_image\" \/>\n<meta name=\"twitter:title\" content=\"Jean-Pierre Papin : &quot;Je suis tr\u00e8s admiratif mais il est anormal que ce soit un pays qui dirige un club&quot;\" \/>\n<meta name=\"twitter:creator\" content=\"@https:\/\/twitter.com\/Nico_Jacquemard\" \/>\n<meta name=\"twitter:site\" content=\"@dicodusport\" \/>\n<script type=\"application\/ld+json\" class=\"yoast-schema-graph\">{\"@context\":\"https:\/\/schema.org\",\"@graph\":[{\"@type\":\"NewsArticle\",\"@id\":\"https:\/\/dicodusport.fr\/blog\/jean-pierre-papin-je-suis-tres-admiratif-mais-il-est-anormal-que-ce-soit-un-pays-qui-dirige-un-club\/#article\",\"isPartOf\":{\"@id\":\"https:\/\/dicodusport.fr\/blog\/jean-pierre-papin-je-suis-tres-admiratif-mais-il-est-anormal-que-ce-soit-un-pays-qui-dirige-un-club\/\"},\"author\":{\"name\":\"Nicolas Jacquemard\",\"@id\":\"https:\/\/dicodusport.fr\/blog\/#\/schema\/person\/55dcb50ad410894e431ed812bbb70191\"},\"headline\":\"Jean-Pierre Papin : \u00ab\u00a0Je suis tr\u00e8s admiratif mais il est anormal que ce soit un pays qui dirige un club\u00a0\u00bb\",\"datePublished\":\"2021-08-16T07:26:53+00:00\",\"dateModified\":\"2021-08-16T07:52:32+00:00\",\"mainEntityOfPage\":{\"@id\":\"https:\/\/dicodusport.fr\/blog\/jean-pierre-papin-je-suis-tres-admiratif-mais-il-est-anormal-que-ce-soit-un-pays-qui-dirige-un-club\/\"},\"wordCount\":229,\"commentCount\":0,\"publisher\":{\"@id\":\"https:\/\/dicodusport.fr\/blog\/#organization\"},\"image\":{\"@id\":\"https:\/\/dicodusport.fr\/blog\/jean-pierre-papin-je-suis-tres-admiratif-mais-il-est-anormal-que-ce-soit-un-pays-qui-dirige-un-club\/#primaryimage\"},\"thumbnailUrl\":\"https:\/\/dicodusport.fr\/blog\/wp-content\/uploads\/2021\/08\/Jean-Pierre-Papin-Je-suis-tre\u0300s-admiratif-mais-il-est-anormal-que-ce-soit-un-pays-qui-dirige-un-club.png\",\"keywords\":[\"OM\"],\"articleSection\":[\"Ligue 1\"],\"inLanguage\":\"fr-FR\",\"potentialAction\":[{\"@type\":\"CommentAction\",\"name\":\"Comment\",\"target\":[\"https:\/\/dicodusport.fr\/blog\/jean-pierre-papin-je-suis-tres-admiratif-mais-il-est-anormal-que-ce-soit-un-pays-qui-dirige-un-club\/#respond\"]}],\"copyrightYear\":\"2021\",\"copyrightHolder\":{\"@id\":\"https:\/\/dicodusport.fr\/blog\/#organization\"}},{\"@type\":\"WebPage\",\"@id\":\"https:\/\/dicodusport.fr\/blog\/jean-pierre-papin-je-suis-tres-admiratif-mais-il-est-anormal-que-ce-soit-un-pays-qui-dirige-un-club\/\",\"url\":\"https:\/\/dicodusport.fr\/blog\/jean-pierre-papin-je-suis-tres-admiratif-mais-il-est-anormal-que-ce-soit-un-pays-qui-dirige-un-club\/\",\"name\":\"Jean-Pierre Papin : \\\"Je suis tr\u00e8s admiratif mais il est anormal que ce soit un pays qui dirige un club\\\"\",\"isPartOf\":{\"@id\":\"https:\/\/dicodusport.fr\/blog\/#website\"},\"primaryImageOfPage\":{\"@id\":\"https:\/\/dicodusport.fr\/blog\/jean-pierre-papin-je-suis-tres-admiratif-mais-il-est-anormal-que-ce-soit-un-pays-qui-dirige-un-club\/#primaryimage\"},\"image\":{\"@id\":\"https:\/\/dicodusport.fr\/blog\/jean-pierre-papin-je-suis-tres-admiratif-mais-il-est-anormal-que-ce-soit-un-pays-qui-dirige-un-club\/#primaryimage\"},\"thumbnailUrl\":\"https:\/\/dicodusport.fr\/blog\/wp-content\/uploads\/2021\/08\/Jean-Pierre-Papin-Je-suis-tre\u0300s-admiratif-mais-il-est-anormal-que-ce-soit-un-pays-qui-dirige-un-club.png\",\"datePublished\":\"2021-08-16T07:26:53+00:00\",\"dateModified\":\"2021-08-16T07:52:32+00:00\",\"description\":\"FOOTBALL - Jean-Pierre Papin, qui a donn\u00e9 le coup d'envoi du match entre l'OM et Bordeaux, a livr\u00e9 un long entretien dans les colonnes de La Provence dimanche.\u00a0\",\"breadcrumb\":{\"@id\":\"https:\/\/dicodusport.fr\/blog\/jean-pierre-papin-je-suis-tres-admiratif-mais-il-est-anormal-que-ce-soit-un-pays-qui-dirige-un-club\/#breadcrumb\"},\"inLanguage\":\"fr-FR\",\"potentialAction\":[{\"@type\":\"ReadAction\",\"target\":[\"https:\/\/dicodusport.fr\/blog\/jean-pierre-papin-je-suis-tres-admiratif-mais-il-est-anormal-que-ce-soit-un-pays-qui-dirige-un-club\/\"]}]},{\"@type\":\"ImageObject\",\"inLanguage\":\"fr-FR\",\"@id\":\"https:\/\/dicodusport.fr\/blog\/jean-pierre-papin-je-suis-tres-admiratif-mais-il-est-anormal-que-ce-soit-un-pays-qui-dirige-un-club\/#primaryimage\",\"url\":\"https:\/\/dicodusport.fr\/blog\/wp-content\/uploads\/2021\/08\/Jean-Pierre-Papin-Je-suis-tre\u0300s-admiratif-mais-il-est-anormal-que-ce-soit-un-pays-qui-dirige-un-club.png\",\"contentUrl\":\"https:\/\/dicodusport.fr\/blog\/wp-content\/uploads\/2021\/08\/Jean-Pierre-Papin-Je-suis-tre\u0300s-admiratif-mais-il-est-anormal-que-ce-soit-un-pays-qui-dirige-un-club.png\",\"width\":800,\"height\":445},{\"@type\":\"BreadcrumbList\",\"@id\":\"https:\/\/dicodusport.fr\/blog\/jean-pierre-papin-je-suis-tres-admiratif-mais-il-est-anormal-que-ce-soit-un-pays-qui-dirige-un-club\/#breadcrumb\",\"itemListElement\":[{\"@type\":\"ListItem\",\"position\":1,\"name\":\"Accueil\",\"item\":\"https:\/\/dicodusport.fr\/blog\/\"},{\"@type\":\"ListItem\",\"position\":2,\"name\":\"Jean-Pierre Papin : \u00ab\u00a0Je suis tr\u00e8s admiratif mais il est anormal que ce soit un pays qui dirige un club\u00a0\u00bb\"}]},{\"@type\":\"WebSite\",\"@id\":\"https:\/\/dicodusport.fr\/blog\/#website\",\"url\":\"https:\/\/dicodusport.fr\/blog\/\",\"name\":\"Dicodusport\",\"description\":\"L&#039;encyclop\u00e9die de l&#039;actualit\u00e9 sportive\",\"publisher\":{\"@id\":\"https:\/\/dicodusport.fr\/blog\/#organization\"},\"potentialAction\":[{\"@type\":\"SearchAction\",\"target\":{\"@type\":\"EntryPoint\",\"urlTemplate\":\"https:\/\/dicodusport.fr\/blog\/?s={search_term_string}\"},\"query-input\":{\"@type\":\"PropertyValueSpecification\",\"valueRequired\":true,\"valueName\":\"search_term_string\"}}],\"inLanguage\":\"fr-FR\"},{\"@type\":\"NewsMediaOrganization\",\"@id\":\"https:\/\/dicodusport.fr\/blog\/#organization\",\"name\":\"Dicodusport\",\"url\":\"https:\/\/dicodusport.fr\/blog\/\",\"logo\":{\"@type\":\"ImageObject\",\"inLanguage\":\"fr-FR\",\"@id\":\"https:\/\/dicodusport.fr\/blog\/#\/schema\/logo\/image\/\",\"url\":\"https:\/\/dicodusport.fr\/blog\/wp-content\/uploads\/2020\/06\/cropped-LOGO-DICODUSPORT-2020-SANS-FOND-SANS-TEXTE.png\",\"contentUrl\":\"https:\/\/dicodusport.fr\/blog\/wp-content\/uploads\/2020\/06\/cropped-LOGO-DICODUSPORT-2020-SANS-FOND-SANS-TEXTE.png\",\"width\":512,\"height\":512,\"caption\":\"Dicodusport\"},\"image\":{\"@id\":\"https:\/\/dicodusport.fr\/blog\/#\/schema\/logo\/image\/\"},\"sameAs\":[\"https:\/\/www.facebook.com\/dicodusport\",\"https:\/\/x.com\/dicodusport\",\"https:\/\/www.instagram.com\/dicodusport\/\",\"https:\/\/www.youtube.com\/channel\/UC7V2KZ5sd3htJivAbA4ZG3w\"],\"description\":\"Dicodusport est l'encyclop\u00e9die de l'actualit\u00e9 sportive.\",\"email\":\"bonjour@dicodusport.fr\",\"legalName\":\"DICODUSPORT\",\"foundingDate\":\"2018-01-14\",\"vatID\":\"FR71834470973\",\"taxID\":\"83447097300043\",\"numberOfEmployees\":{\"@type\":\"QuantitativeValue\",\"minValue\":\"1\",\"maxValue\":\"10\"}},{\"@type\":\"Person\",\"@id\":\"https:\/\/dicodusport.fr\/blog\/#\/schema\/person\/55dcb50ad410894e431ed812bbb70191\",\"name\":\"Nicolas Jacquemard\",\"image\":{\"@type\":\"ImageObject\",\"inLanguage\":\"fr-FR\",\"@id\":\"https:\/\/dicodusport.fr\/blog\/#\/schema\/person\/image\/\",\"url\":\"https:\/\/dicodusport.fr\/blog\/wp-content\/uploads\/2021\/05\/Nicolas-Jacquemard-150x150.jpeg\",\"contentUrl\":\"https:\/\/dicodusport.fr\/blog\/wp-content\/uploads\/2021\/05\/Nicolas-Jacquemard-150x150.jpeg\",\"caption\":\"Nicolas Jacquemard\"},\"description\":\"Passionn\u00e9 de sport et entrepreneur depuis mes 18 ans, la cr\u00e9ation de Dicodusport m'a sembl\u00e9 \u00e9vidente pour participer \u00e0 la m\u00e9diatisation d'un plus grand nombre de sports. Le chemin est long mais avec une \u00e9quipe des plus motiv\u00e9es et les Jeux Olympiques de Paris 2024 en point de mire, nous y arriverons ! Journaliste dans le monde du sport depuis plus de 5 ans, je traite aussi bien de football, de rugby, de biathlon que de cyclisme.\",\"sameAs\":[\"https:\/\/www.facebook.com\/dicodusport\",\"https:\/\/x.com\/https:\/\/twitter.com\/Nico_Jacquemard\"],\"url\":\"https:\/\/dicodusport.fr\/blog\/author\/dicodusport\/\"}]}<\/script>\n<!-- \/ Yoast SEO Premium plugin. -->","yoast_head_json":{"title":"Jean-Pierre Papin : \"Je suis tr\u00e8s admiratif mais il est anormal que ce soit un pays qui dirige un club\"","description":"FOOTBALL - Jean-Pierre Papin, qui a donn\u00e9 le coup d'envoi du match entre l'OM et Bordeaux, a livr\u00e9 un long entretien dans les colonnes de La Provence dimanche.\u00a0","robots":{"index":"index","follow":"follow","max-snippet":"max-snippet:-1","max-image-preview":"max-image-preview:large","max-video-preview":"max-video-preview:-1"},"canonical":"https:\/\/dicodusport.fr\/blog\/jean-pierre-papin-je-suis-tres-admiratif-mais-il-est-anormal-que-ce-soit-un-pays-qui-dirige-un-club\/","og_locale":"fr_FR","og_type":"article","og_title":"Jean-Pierre Papin : \"Je suis tr\u00e8s admiratif mais il est anormal que ce soit un pays qui dirige un club\"","og_description":"FOOTBALL - Jean-Pierre Papin, qui a donn\u00e9 le coup d'envoi du match entre l'OM et Bordeaux, a livr\u00e9 un long entretien dans les colonnes de La Provence dimanche.\u00a0","og_url":"https:\/\/dicodusport.fr\/blog\/jean-pierre-papin-je-suis-tres-admiratif-mais-il-est-anormal-que-ce-soit-un-pays-qui-dirige-un-club\/","og_site_name":"Dicodusport","article_publisher":"https:\/\/www.facebook.com\/dicodusport","article_author":"https:\/\/www.facebook.com\/dicodusport","article_published_time":"2021-08-16T07:26:53+00:00","article_modified_time":"2021-08-16T07:52:32+00:00","og_image":[{"width":800,"height":445,"url":"https:\/\/dicodusport.fr\/blog\/wp-content\/uploads\/2021\/08\/Jean-Pierre-Papin-Je-suis-tre\u0300s-admiratif-mais-il-est-anormal-que-ce-soit-un-pays-qui-dirige-un-club.png","type":"image\/png"}],"author":"Nicolas Jacquemard","twitter_card":"summary_large_image","twitter_title":"Jean-Pierre Papin : \"Je suis tr\u00e8s admiratif mais il est anormal que ce soit un pays qui dirige un club\"","twitter_creator":"@https:\/\/twitter.com\/Nico_Jacquemard","twitter_site":"@dicodusport","schema":{"@context":"https:\/\/schema.org","@graph":[{"@type":"NewsArticle","@id":"https:\/\/dicodusport.fr\/blog\/jean-pierre-papin-je-suis-tres-admiratif-mais-il-est-anormal-que-ce-soit-un-pays-qui-dirige-un-club\/#article","isPartOf":{"@id":"https:\/\/dicodusport.fr\/blog\/jean-pierre-papin-je-suis-tres-admiratif-mais-il-est-anormal-que-ce-soit-un-pays-qui-dirige-un-club\/"},"author":{"name":"Nicolas Jacquemard","@id":"https:\/\/dicodusport.fr\/blog\/#\/schema\/person\/55dcb50ad410894e431ed812bbb70191"},"headline":"Jean-Pierre Papin : \u00ab\u00a0Je suis tr\u00e8s admiratif mais il est anormal que ce soit un pays qui dirige un club\u00a0\u00bb","datePublished":"2021-08-16T07:26:53+00:00","dateModified":"2021-08-16T07:52:32+00:00","mainEntityOfPage":{"@id":"https:\/\/dicodusport.fr\/blog\/jean-pierre-papin-je-suis-tres-admiratif-mais-il-est-anormal-que-ce-soit-un-pays-qui-dirige-un-club\/"},"wordCount":229,"commentCount":0,"publisher":{"@id":"https:\/\/dicodusport.fr\/blog\/#organization"},"image":{"@id":"https:\/\/dicodusport.fr\/blog\/jean-pierre-papin-je-suis-tres-admiratif-mais-il-est-anormal-que-ce-soit-un-pays-qui-dirige-un-club\/#primaryimage"},"thumbnailUrl":"https:\/\/dicodusport.fr\/blog\/wp-content\/uploads\/2021\/08\/Jean-Pierre-Papin-Je-suis-tre\u0300s-admiratif-mais-il-est-anormal-que-ce-soit-un-pays-qui-dirige-un-club.png","keywords":["OM"],"articleSection":["Ligue 1"],"inLanguage":"fr-FR","potentialAction":[{"@type":"CommentAction","name":"Comment","target":["https:\/\/dicodusport.fr\/blog\/jean-pierre-papin-je-suis-tres-admiratif-mais-il-est-anormal-que-ce-soit-un-pays-qui-dirige-un-club\/#respond"]}],"copyrightYear":"2021","copyrightHolder":{"@id":"https:\/\/dicodusport.fr\/blog\/#organization"}},{"@type":"WebPage","@id":"https:\/\/dicodusport.fr\/blog\/jean-pierre-papin-je-suis-tres-admiratif-mais-il-est-anormal-que-ce-soit-un-pays-qui-dirige-un-club\/","url":"https:\/\/dicodusport.fr\/blog\/jean-pierre-papin-je-suis-tres-admiratif-mais-il-est-anormal-que-ce-soit-un-pays-qui-dirige-un-club\/","name":"Jean-Pierre Papin : \"Je suis tr\u00e8s admiratif mais il est anormal que ce soit un pays qui dirige un club\"","isPartOf":{"@id":"https:\/\/dicodusport.fr\/blog\/#website"},"primaryImageOfPage":{"@id":"https:\/\/dicodusport.fr\/blog\/jean-pierre-papin-je-suis-tres-admiratif-mais-il-est-anormal-que-ce-soit-un-pays-qui-dirige-un-club\/#primaryimage"},"image":{"@id":"https:\/\/dicodusport.fr\/blog\/jean-pierre-papin-je-suis-tres-admiratif-mais-il-est-anormal-que-ce-soit-un-pays-qui-dirige-un-club\/#primaryimage"},"thumbnailUrl":"https:\/\/dicodusport.fr\/blog\/wp-content\/uploads\/2021\/08\/Jean-Pierre-Papin-Je-suis-tre\u0300s-admiratif-mais-il-est-anormal-que-ce-soit-un-pays-qui-dirige-un-club.png","datePublished":"2021-08-16T07:26:53+00:00","dateModified":"2021-08-16T07:52:32+00:00","description":"FOOTBALL - Jean-Pierre Papin, qui a donn\u00e9 le coup d'envoi du match entre l'OM et Bordeaux, a livr\u00e9 un long entretien dans les colonnes de La Provence dimanche.\u00a0","breadcrumb":{"@id":"https:\/\/dicodusport.fr\/blog\/jean-pierre-papin-je-suis-tres-admiratif-mais-il-est-anormal-que-ce-soit-un-pays-qui-dirige-un-club\/#breadcrumb"},"inLanguage":"fr-FR","potentialAction":[{"@type":"ReadAction","target":["https:\/\/dicodusport.fr\/blog\/jean-pierre-papin-je-suis-tres-admiratif-mais-il-est-anormal-que-ce-soit-un-pays-qui-dirige-un-club\/"]}]},{"@type":"ImageObject","inLanguage":"fr-FR","@id":"https:\/\/dicodusport.fr\/blog\/jean-pierre-papin-je-suis-tres-admiratif-mais-il-est-anormal-que-ce-soit-un-pays-qui-dirige-un-club\/#primaryimage","url":"https:\/\/dicodusport.fr\/blog\/wp-content\/uploads\/2021\/08\/Jean-Pierre-Papin-Je-suis-tre\u0300s-admiratif-mais-il-est-anormal-que-ce-soit-un-pays-qui-dirige-un-club.png","contentUrl":"https:\/\/dicodusport.fr\/blog\/wp-content\/uploads\/2021\/08\/Jean-Pierre-Papin-Je-suis-tre\u0300s-admiratif-mais-il-est-anormal-que-ce-soit-un-pays-qui-dirige-un-club.png","width":800,"height":445},{"@type":"BreadcrumbList","@id":"https:\/\/dicodusport.fr\/blog\/jean-pierre-papin-je-suis-tres-admiratif-mais-il-est-anormal-que-ce-soit-un-pays-qui-dirige-un-club\/#breadcrumb","itemListElement":[{"@type":"ListItem","position":1,"name":"Accueil","item":"https:\/\/dicodusport.fr\/blog\/"},{"@type":"ListItem","position":2,"name":"Jean-Pierre Papin : \u00ab\u00a0Je suis tr\u00e8s admiratif mais il est anormal que ce soit un pays qui dirige un club\u00a0\u00bb"}]},{"@type":"WebSite","@id":"https:\/\/dicodusport.fr\/blog\/#website","url":"https:\/\/dicodusport.fr\/blog\/","name":"Dicodusport","description":"L&#039;encyclop\u00e9die de l&#039;actualit\u00e9 sportive","publisher":{"@id":"https:\/\/dicodusport.fr\/blog\/#organization"},"potentialAction":[{"@type":"SearchAction","target":{"@type":"EntryPoint","urlTemplate":"https:\/\/dicodusport.fr\/blog\/?s={search_term_string}"},"query-input":{"@type":"PropertyValueSpecification","valueRequired":true,"valueName":"search_term_string"}}],"inLanguage":"fr-FR"},{"@type":"NewsMediaOrganization","@id":"https:\/\/dicodusport.fr\/blog\/#organization","name":"Dicodusport","url":"https:\/\/dicodusport.fr\/blog\/","logo":{"@type":"ImageObject","inLanguage":"fr-FR","@id":"https:\/\/dicodusport.fr\/blog\/#\/schema\/logo\/image\/","url":"https:\/\/dicodusport.fr\/blog\/wp-content\/uploads\/2020\/06\/cropped-LOGO-DICODUSPORT-2020-SANS-FOND-SANS-TEXTE.png","contentUrl":"https:\/\/dicodusport.fr\/blog\/wp-content\/uploads\/2020\/06\/cropped-LOGO-DICODUSPORT-2020-SANS-FOND-SANS-TEXTE.png","width":512,"height":512,"caption":"Dicodusport"},"image":{"@id":"https:\/\/dicodusport.fr\/blog\/#\/schema\/logo\/image\/"},"sameAs":["https:\/\/www.facebook.com\/dicodusport","https:\/\/x.com\/dicodusport","https:\/\/www.instagram.com\/dicodusport\/","https:\/\/www.youtube.com\/channel\/UC7V2KZ5sd3htJivAbA4ZG3w"],"description":"Dicodusport est l'encyclop\u00e9die de l'actualit\u00e9 sportive.","email":"bonjour@dicodusport.fr","legalName":"DICODUSPORT","foundingDate":"2018-01-14","vatID":"FR71834470973","taxID":"83447097300043","numberOfEmployees":{"@type":"QuantitativeValue","minValue":"1","maxValue":"10"}},{"@type":"Person","@id":"https:\/\/dicodusport.fr\/blog\/#\/schema\/person\/55dcb50ad410894e431ed812bbb70191","name":"Nicolas Jacquemard","image":{"@type":"ImageObject","inLanguage":"fr-FR","@id":"https:\/\/dicodusport.fr\/blog\/#\/schema\/person\/image\/","url":"https:\/\/dicodusport.fr\/blog\/wp-content\/uploads\/2021\/05\/Nicolas-Jacquemard-150x150.jpeg","contentUrl":"https:\/\/dicodusport.fr\/blog\/wp-content\/uploads\/2021\/05\/Nicolas-Jacquemard-150x150.jpeg","caption":"Nicolas Jacquemard"},"description":"Passionn\u00e9 de sport et entrepreneur depuis mes 18 ans, la cr\u00e9ation de Dicodusport m'a sembl\u00e9 \u00e9vidente pour participer \u00e0 la m\u00e9diatisation d'un plus grand nombre de sports. Le chemin est long mais avec une \u00e9quipe des plus motiv\u00e9es et les Jeux Olympiques de Paris 2024 en point de mire, nous y arriverons ! Journaliste dans le monde du sport depuis plus de 5 ans, je traite aussi bien de football, de rugby, de biathlon que de cyclisme.","sameAs":["https:\/\/www.facebook.com\/dicodusport","https:\/\/x.com\/https:\/\/twitter.com\/Nico_Jacquemard"],"url":"https:\/\/dicodusport.fr\/blog\/author\/dicodusport\/"}]}},"_links":{"self":[{"href":"https:\/\/dicodusport.fr\/blog\/wp-json\/wp\/v2\/posts\/158834","targetHints":{"allow":["GET"]}}],"collection":[{"href":"https:\/\/dicodusport.fr\/blog\/wp-json\/wp\/v2\/posts"}],"about":[{"href":"https:\/\/dicodusport.fr\/blog\/wp-json\/wp\/v2\/types\/post"}],"author":[{"embeddable":true,"href":"https:\/\/dicodusport.fr\/blog\/wp-json\/wp\/v2\/users\/1"}],"replies":[{"embeddable":true,"href":"https:\/\/dicodusport.fr\/blog\/wp-json\/wp\/v2\/comments?post=158834"}],"version-history":[{"count":0,"href":"https:\/\/dicodusport.fr\/blog\/wp-json\/wp\/v2\/posts\/158834\/revisions"}],"wp:featuredmedia":[{"embeddable":true,"href":"https:\/\/dicodusport.fr\/blog\/wp-json\/wp\/v2\/media\/158835"}],"wp:attachment":[{"href":"https:\/\/dicodusport.fr\/blog\/wp-json\/wp\/v2\/media?parent=158834"}],"wp:term":[{"taxonomy":"category","embeddable":true,"href":"https:\/\/dicodusport.fr\/blog\/wp-json\/wp\/v2\/categories?post=158834"},{"taxonomy":"post_tag","embeddable":true,"href":"https:\/\/dicodusport.fr\/blog\/wp-json\/wp\/v2\/tags?post=158834"}],"curies":[{"name":"wp","href":"https:\/\/api.w.org\/{rel}","templated":true}]}}