{"id":158898,"date":"2021-08-16T14:45:04","date_gmt":"2021-08-16T12:45:04","guid":{"rendered":"https:\/\/dicodusport.fr\/blog\/?p=158898&#038;preview=true&#038;preview_id=158898"},"modified":"2021-08-16T19:15:08","modified_gmt":"2021-08-16T17:15:08","slug":"les-declarations-chocs-de-joan-laporta-sur-la-situation-catastrophique-du-barca","status":"publish","type":"post","link":"https:\/\/dicodusport.fr\/blog\/les-declarations-chocs-de-joan-laporta-sur-la-situation-catastrophique-du-barca\/","title":{"rendered":"Les d\u00e9clarations chocs de Joan Laporta sur la situation catastrophique du Bar\u00e7a"},"content":{"rendered":"<p style=\"text-align: justify;\"><em><b>FOOTBALL &#8211; LIGA &#8211; Joan Laporta a tenu une conf\u00e9rence de presse pour faire le point sur la situation du FC Barcelone. \u00c9chantillon des meilleurs moments de cette sortie m\u00e9diatique.<\/b><\/em><\/p>\n<h2 style=\"text-align: justify;\">Sur la situation financi\u00e8re du club<\/h2>\n<blockquote>\n<p style=\"text-align: justify;\">On est arriv\u00e9 au club, on a d\u00fb utiliser un pr\u00eat pour payer les salaires.<\/p>\n<p style=\"text-align: justify;\">Notre dette est de 1350M d&rsquo;euros. La situation \u00e9conomique est dramatique par leur faute.<\/p>\n<p style=\"text-align: justify;\">Par exemple, il y a eu une personne qui a \u00e9t\u00e9 pay\u00e9e 8 millions d&rsquo;euros pour d\u00e9tecter des talents en Am\u00e9rique du Sud, un montant inappropri\u00e9 et qui a produit des effets calamiteux sur l&rsquo;\u00e9conomie de l&rsquo;entit\u00e9.<\/p>\n<p style=\"text-align: justify;\">Il y a eu des paiements excessifs \u00e0 des agents.<\/p>\n<\/blockquote>\n<h2 style=\"text-align: justify;\">Sur Josep Maria Bartomeu son pr\u00e9d\u00e9cesseur<\/h2>\n<blockquote>\n<p style=\"text-align: justify;\">La lettre de Bartomeu est remplie de mensonges.<\/p>\n<p style=\"text-align: justify;\">Bartomeu a eu le culot d&rsquo;essayer de justifier quelque chose d&rsquo;injustifiable.<\/p>\n<p style=\"text-align: justify;\">On a fait voter le budget pr\u00e9c\u00e9dent pour ne pas paralyser le club, et non pour confirmer ce qui a \u00e9t\u00e9 fait par Bartomeu.<\/p>\n<p style=\"text-align: justify;\">Ils ont pi\u00e9g\u00e9 les socios de fa\u00e7on syst\u00e9matique.<\/p>\n<p style=\"text-align: justify;\">Dans la lettre de Bartomeu, il parlait d&rsquo;une nouvelle baisse de salaires de 90M d&rsquo;euros. Mais les joueurs ne voulaient pas lui parler. De plus, les salaires qui ont \u00e9t\u00e9 baiss\u00e9s \u00e9taient juste des reports.<\/p>\n<\/blockquote>\n<h2 style=\"text-align: justify;\">Sur Lionel Messi<\/h2>\n<blockquote>\n<p style=\"text-align: justify;\">Nous avons une gratitude \u00e9ternelle envers Messi, c&rsquo;est une histoire d&rsquo;amour depuis de nombreuses ann\u00e9es. Malheureusement, elle s&rsquo;est d\u00e9t\u00e9rior\u00e9e et c&rsquo;est la loi de la vie. Nous avons avanc\u00e9 le post Messi de deux ans, Messi est le meilleur et il a aussi ses aspirations.<\/p>\n<p style=\"text-align: justify;\">J&rsquo;aurais aim\u00e9 voir Messi au Bar\u00e7a et pas au PSG, mais l&rsquo;institution passe avant tout et on a pris la bonne d\u00e9cision. En le renouvelant, on aurait tout mis en danger, la situation \u00e9conomique est dramatique.<\/p>\n<p style=\"text-align: justify;\">Nous avons fait tout notre possible avec Messi dans la limite des possibilit\u00e9s financi\u00e8res du club, et c&rsquo;est ce que je referais, car c&rsquo;est ce que j&rsquo;ai toujours dit. Les petits d\u00e9tails de la n\u00e9gociation je les garde pour moi, par respect.<\/p>\n<p style=\"text-align: justify;\">Messi consid\u00e9rait qu&rsquo;ils avaient d\u00e9j\u00e0 fait beaucoup d&rsquo;efforts, et c&rsquo;est vrai, pour rentrer dans la masse salariale que pouvait avoir le Bar\u00e7a. On priorise le club et maintenant, on le voit heureux \u00e0 Paris.<\/p>\n<\/blockquote>\n<blockquote class=\"twitter-tweet\">\n<p dir=\"ltr\" lang=\"fr\">Laporta: \u00ab\u00a0Notre dette est de 1350M. La situation \u00e9conomique est dramatique par leur faute.\u00a0\u00bb<\/p>\n<p>\u2014 Actualit\u00e9 &#8211; Bar\u00e7a (@ActualiteBarca) <a href=\"https:\/\/twitter.com\/ActualiteBarca\/status\/1427215201087201280?ref_src=twsrc%5Etfw\">August 16, 2021<\/a><\/p><\/blockquote>\n<p><script async src=\"https:\/\/platform.twitter.com\/widgets.js\" charset=\"utf-8\"><\/script><\/p>\n","protected":false},"excerpt":{"rendered":"<p>FOOTBALL &#8211; LIGA &#8211; Joan Laporta a tenu une conf\u00e9rence de presse pour faire le point sur la situation du FC Barcelone. \u00c9chantillon des meilleurs moments\u00a0de cette sortie m\u00e9diatique.<\/p>\n","protected":false},"author":1,"featured_media":158903,"comment_status":"open","ping_status":"closed","sticky":false,"template":"","format":"standard","meta":{"_acf_changed":false,"_daextam_enable_autolinks":"","footnotes":""},"categories":[2301],"tags":[912,75,4204],"class_list":["post-158898","post","type-post","status-publish","format-standard","has-post-thumbnail","hentry","category-football","tag-barca","tag-football","tag-liga"],"acf":[],"yoast_head":"<!-- This site is optimized with the Yoast SEO Premium plugin v26.7 (Yoast SEO v26.7) - https:\/\/yoast.com\/wordpress\/plugins\/seo\/ -->\n<title>Les d\u00e9clarations chocs de Joan Laporta sur la situation catastrophique du Bar\u00e7a<\/title>\n<meta name=\"description\" content=\"FOOTBALL - LIGA - Joan Laporta a tenu une conf\u00e9rence de presse pour faire le point sur la situation du FC Barcelone. \u00c9chantillon des meilleurs moments.\" \/>\n<meta name=\"robots\" content=\"index, follow, max-snippet:-1, max-image-preview:large, max-video-preview:-1\" \/>\n<link rel=\"canonical\" href=\"https:\/\/dicodusport.fr\/blog\/les-declarations-chocs-de-joan-laporta-sur-la-situation-catastrophique-du-barca\/\" \/>\n<meta property=\"og:locale\" content=\"fr_FR\" \/>\n<meta property=\"og:type\" content=\"article\" \/>\n<meta property=\"og:title\" content=\"Les d\u00e9clarations chocs de Joan Laporta sur la situation catastrophique du Bar\u00e7a\" \/>\n<meta property=\"og:description\" content=\"FOOTBALL - LIGA - Joan Laporta a tenu une conf\u00e9rence de presse pour faire le point sur la situation du FC Barcelone. \u00c9chantillon des meilleurs moments.\" \/>\n<meta property=\"og:url\" content=\"https:\/\/dicodusport.fr\/blog\/les-declarations-chocs-de-joan-laporta-sur-la-situation-catastrophique-du-barca\/\" \/>\n<meta property=\"og:site_name\" content=\"Dicodusport\" \/>\n<meta property=\"article:publisher\" content=\"https:\/\/www.facebook.com\/dicodusport\" \/>\n<meta property=\"article:author\" content=\"https:\/\/www.facebook.com\/dicodusport\" \/>\n<meta property=\"article:published_time\" content=\"2021-08-16T12:45:04+00:00\" \/>\n<meta property=\"article:modified_time\" content=\"2021-08-16T17:15:08+00:00\" \/>\n<meta property=\"og:image\" content=\"https:\/\/dicodusport.fr\/blog\/wp-content\/uploads\/2021\/08\/Les-de\u0301clarations-chocs-de-Joan-Laporta-sur-la-situation-catastrophique-du-Barc\u0327a.png\" \/>\n\t<meta property=\"og:image:width\" content=\"800\" \/>\n\t<meta property=\"og:image:height\" content=\"445\" \/>\n\t<meta property=\"og:image:type\" content=\"image\/png\" \/>\n<meta name=\"author\" content=\"Nicolas Jacquemard\" \/>\n<meta name=\"twitter:card\" content=\"summary_large_image\" \/>\n<meta name=\"twitter:title\" content=\"Les d\u00e9clarations chocs de Joan Laporta sur la situation catastrophique du Bar\u00e7a\" \/>\n<meta name=\"twitter:creator\" content=\"@https:\/\/twitter.com\/Nico_Jacquemard\" \/>\n<meta name=\"twitter:site\" content=\"@dicodusport\" \/>\n<script type=\"application\/ld+json\" class=\"yoast-schema-graph\">{\"@context\":\"https:\/\/schema.org\",\"@graph\":[{\"@type\":\"NewsArticle\",\"@id\":\"https:\/\/dicodusport.fr\/blog\/les-declarations-chocs-de-joan-laporta-sur-la-situation-catastrophique-du-barca\/#article\",\"isPartOf\":{\"@id\":\"https:\/\/dicodusport.fr\/blog\/les-declarations-chocs-de-joan-laporta-sur-la-situation-catastrophique-du-barca\/\"},\"author\":{\"name\":\"Nicolas Jacquemard\",\"@id\":\"https:\/\/dicodusport.fr\/blog\/#\/schema\/person\/55dcb50ad410894e431ed812bbb70191\"},\"headline\":\"Les d\u00e9clarations chocs de Joan Laporta sur la situation catastrophique du Bar\u00e7a\",\"datePublished\":\"2021-08-16T12:45:04+00:00\",\"dateModified\":\"2021-08-16T17:15:08+00:00\",\"mainEntityOfPage\":{\"@id\":\"https:\/\/dicodusport.fr\/blog\/les-declarations-chocs-de-joan-laporta-sur-la-situation-catastrophique-du-barca\/\"},\"wordCount\":443,\"commentCount\":0,\"publisher\":{\"@id\":\"https:\/\/dicodusport.fr\/blog\/#organization\"},\"image\":{\"@id\":\"https:\/\/dicodusport.fr\/blog\/les-declarations-chocs-de-joan-laporta-sur-la-situation-catastrophique-du-barca\/#primaryimage\"},\"thumbnailUrl\":\"https:\/\/dicodusport.fr\/blog\/wp-content\/uploads\/2021\/08\/Les-de\u0301clarations-chocs-de-Joan-Laporta-sur-la-situation-catastrophique-du-Barc\u0327a.png\",\"keywords\":[\"bar\u00e7a\",\"Football\",\"Liga\"],\"articleSection\":[\"Football\"],\"inLanguage\":\"fr-FR\",\"potentialAction\":[{\"@type\":\"CommentAction\",\"name\":\"Comment\",\"target\":[\"https:\/\/dicodusport.fr\/blog\/les-declarations-chocs-de-joan-laporta-sur-la-situation-catastrophique-du-barca\/#respond\"]}],\"copyrightYear\":\"2021\",\"copyrightHolder\":{\"@id\":\"https:\/\/dicodusport.fr\/blog\/#organization\"}},{\"@type\":\"WebPage\",\"@id\":\"https:\/\/dicodusport.fr\/blog\/les-declarations-chocs-de-joan-laporta-sur-la-situation-catastrophique-du-barca\/\",\"url\":\"https:\/\/dicodusport.fr\/blog\/les-declarations-chocs-de-joan-laporta-sur-la-situation-catastrophique-du-barca\/\",\"name\":\"Les d\u00e9clarations chocs de Joan Laporta sur la situation catastrophique du Bar\u00e7a\",\"isPartOf\":{\"@id\":\"https:\/\/dicodusport.fr\/blog\/#website\"},\"primaryImageOfPage\":{\"@id\":\"https:\/\/dicodusport.fr\/blog\/les-declarations-chocs-de-joan-laporta-sur-la-situation-catastrophique-du-barca\/#primaryimage\"},\"image\":{\"@id\":\"https:\/\/dicodusport.fr\/blog\/les-declarations-chocs-de-joan-laporta-sur-la-situation-catastrophique-du-barca\/#primaryimage\"},\"thumbnailUrl\":\"https:\/\/dicodusport.fr\/blog\/wp-content\/uploads\/2021\/08\/Les-de\u0301clarations-chocs-de-Joan-Laporta-sur-la-situation-catastrophique-du-Barc\u0327a.png\",\"datePublished\":\"2021-08-16T12:45:04+00:00\",\"dateModified\":\"2021-08-16T17:15:08+00:00\",\"description\":\"FOOTBALL - LIGA - Joan Laporta a tenu une conf\u00e9rence de presse pour faire le point sur la situation du FC Barcelone. \u00c9chantillon des meilleurs moments.\",\"breadcrumb\":{\"@id\":\"https:\/\/dicodusport.fr\/blog\/les-declarations-chocs-de-joan-laporta-sur-la-situation-catastrophique-du-barca\/#breadcrumb\"},\"inLanguage\":\"fr-FR\",\"potentialAction\":[{\"@type\":\"ReadAction\",\"target\":[\"https:\/\/dicodusport.fr\/blog\/les-declarations-chocs-de-joan-laporta-sur-la-situation-catastrophique-du-barca\/\"]}]},{\"@type\":\"ImageObject\",\"inLanguage\":\"fr-FR\",\"@id\":\"https:\/\/dicodusport.fr\/blog\/les-declarations-chocs-de-joan-laporta-sur-la-situation-catastrophique-du-barca\/#primaryimage\",\"url\":\"https:\/\/dicodusport.fr\/blog\/wp-content\/uploads\/2021\/08\/Les-de\u0301clarations-chocs-de-Joan-Laporta-sur-la-situation-catastrophique-du-Barc\u0327a.png\",\"contentUrl\":\"https:\/\/dicodusport.fr\/blog\/wp-content\/uploads\/2021\/08\/Les-de\u0301clarations-chocs-de-Joan-Laporta-sur-la-situation-catastrophique-du-Barc\u0327a.png\",\"width\":800,\"height\":445},{\"@type\":\"BreadcrumbList\",\"@id\":\"https:\/\/dicodusport.fr\/blog\/les-declarations-chocs-de-joan-laporta-sur-la-situation-catastrophique-du-barca\/#breadcrumb\",\"itemListElement\":[{\"@type\":\"ListItem\",\"position\":1,\"name\":\"Accueil\",\"item\":\"https:\/\/dicodusport.fr\/blog\/\"},{\"@type\":\"ListItem\",\"position\":2,\"name\":\"Les d\u00e9clarations chocs de Joan Laporta sur la situation catastrophique du Bar\u00e7a\"}]},{\"@type\":\"WebSite\",\"@id\":\"https:\/\/dicodusport.fr\/blog\/#website\",\"url\":\"https:\/\/dicodusport.fr\/blog\/\",\"name\":\"Dicodusport\",\"description\":\"L&#039;encyclop\u00e9die de l&#039;actualit\u00e9 sportive\",\"publisher\":{\"@id\":\"https:\/\/dicodusport.fr\/blog\/#organization\"},\"potentialAction\":[{\"@type\":\"SearchAction\",\"target\":{\"@type\":\"EntryPoint\",\"urlTemplate\":\"https:\/\/dicodusport.fr\/blog\/?s={search_term_string}\"},\"query-input\":{\"@type\":\"PropertyValueSpecification\",\"valueRequired\":true,\"valueName\":\"search_term_string\"}}],\"inLanguage\":\"fr-FR\"},{\"@type\":\"NewsMediaOrganization\",\"@id\":\"https:\/\/dicodusport.fr\/blog\/#organization\",\"name\":\"Dicodusport\",\"url\":\"https:\/\/dicodusport.fr\/blog\/\",\"logo\":{\"@type\":\"ImageObject\",\"inLanguage\":\"fr-FR\",\"@id\":\"https:\/\/dicodusport.fr\/blog\/#\/schema\/logo\/image\/\",\"url\":\"https:\/\/dicodusport.fr\/blog\/wp-content\/uploads\/2020\/06\/cropped-LOGO-DICODUSPORT-2020-SANS-FOND-SANS-TEXTE.png\",\"contentUrl\":\"https:\/\/dicodusport.fr\/blog\/wp-content\/uploads\/2020\/06\/cropped-LOGO-DICODUSPORT-2020-SANS-FOND-SANS-TEXTE.png\",\"width\":512,\"height\":512,\"caption\":\"Dicodusport\"},\"image\":{\"@id\":\"https:\/\/dicodusport.fr\/blog\/#\/schema\/logo\/image\/\"},\"sameAs\":[\"https:\/\/www.facebook.com\/dicodusport\",\"https:\/\/x.com\/dicodusport\",\"https:\/\/www.instagram.com\/dicodusport\/\",\"https:\/\/www.youtube.com\/channel\/UC7V2KZ5sd3htJivAbA4ZG3w\"],\"description\":\"Dicodusport est l'encyclop\u00e9die de l'actualit\u00e9 sportive.\",\"email\":\"bonjour@dicodusport.fr\",\"legalName\":\"DICODUSPORT\",\"foundingDate\":\"2018-01-14\",\"vatID\":\"FR71834470973\",\"taxID\":\"83447097300043\",\"numberOfEmployees\":{\"@type\":\"QuantitativeValue\",\"minValue\":\"1\",\"maxValue\":\"10\"}},{\"@type\":\"Person\",\"@id\":\"https:\/\/dicodusport.fr\/blog\/#\/schema\/person\/55dcb50ad410894e431ed812bbb70191\",\"name\":\"Nicolas Jacquemard\",\"image\":{\"@type\":\"ImageObject\",\"inLanguage\":\"fr-FR\",\"@id\":\"https:\/\/dicodusport.fr\/blog\/#\/schema\/person\/image\/\",\"url\":\"https:\/\/dicodusport.fr\/blog\/wp-content\/uploads\/2021\/05\/Nicolas-Jacquemard-150x150.jpeg\",\"contentUrl\":\"https:\/\/dicodusport.fr\/blog\/wp-content\/uploads\/2021\/05\/Nicolas-Jacquemard-150x150.jpeg\",\"caption\":\"Nicolas Jacquemard\"},\"description\":\"Passionn\u00e9 de sport et entrepreneur depuis mes 18 ans, la cr\u00e9ation de Dicodusport m'a sembl\u00e9 \u00e9vidente pour participer \u00e0 la m\u00e9diatisation d'un plus grand nombre de sports. Le chemin est long mais avec une \u00e9quipe des plus motiv\u00e9es et les Jeux Olympiques de Paris 2024 en point de mire, nous y arriverons ! Journaliste dans le monde du sport depuis plus de 5 ans, je traite aussi bien de football, de rugby, de biathlon que de cyclisme.\",\"sameAs\":[\"https:\/\/www.facebook.com\/dicodusport\",\"https:\/\/x.com\/https:\/\/twitter.com\/Nico_Jacquemard\"],\"url\":\"https:\/\/dicodusport.fr\/blog\/author\/dicodusport\/\"}]}<\/script>\n<!-- \/ Yoast SEO Premium plugin. -->","yoast_head_json":{"title":"Les d\u00e9clarations chocs de Joan Laporta sur la situation catastrophique du Bar\u00e7a","description":"FOOTBALL - LIGA - Joan Laporta a tenu une conf\u00e9rence de presse pour faire le point sur la situation du FC Barcelone. \u00c9chantillon des meilleurs moments.","robots":{"index":"index","follow":"follow","max-snippet":"max-snippet:-1","max-image-preview":"max-image-preview:large","max-video-preview":"max-video-preview:-1"},"canonical":"https:\/\/dicodusport.fr\/blog\/les-declarations-chocs-de-joan-laporta-sur-la-situation-catastrophique-du-barca\/","og_locale":"fr_FR","og_type":"article","og_title":"Les d\u00e9clarations chocs de Joan Laporta sur la situation catastrophique du Bar\u00e7a","og_description":"FOOTBALL - LIGA - Joan Laporta a tenu une conf\u00e9rence de presse pour faire le point sur la situation du FC Barcelone. \u00c9chantillon des meilleurs moments.","og_url":"https:\/\/dicodusport.fr\/blog\/les-declarations-chocs-de-joan-laporta-sur-la-situation-catastrophique-du-barca\/","og_site_name":"Dicodusport","article_publisher":"https:\/\/www.facebook.com\/dicodusport","article_author":"https:\/\/www.facebook.com\/dicodusport","article_published_time":"2021-08-16T12:45:04+00:00","article_modified_time":"2021-08-16T17:15:08+00:00","og_image":[{"width":800,"height":445,"url":"https:\/\/dicodusport.fr\/blog\/wp-content\/uploads\/2021\/08\/Les-de\u0301clarations-chocs-de-Joan-Laporta-sur-la-situation-catastrophique-du-Barc\u0327a.png","type":"image\/png"}],"author":"Nicolas Jacquemard","twitter_card":"summary_large_image","twitter_title":"Les d\u00e9clarations chocs de Joan Laporta sur la situation catastrophique du Bar\u00e7a","twitter_creator":"@https:\/\/twitter.com\/Nico_Jacquemard","twitter_site":"@dicodusport","schema":{"@context":"https:\/\/schema.org","@graph":[{"@type":"NewsArticle","@id":"https:\/\/dicodusport.fr\/blog\/les-declarations-chocs-de-joan-laporta-sur-la-situation-catastrophique-du-barca\/#article","isPartOf":{"@id":"https:\/\/dicodusport.fr\/blog\/les-declarations-chocs-de-joan-laporta-sur-la-situation-catastrophique-du-barca\/"},"author":{"name":"Nicolas Jacquemard","@id":"https:\/\/dicodusport.fr\/blog\/#\/schema\/person\/55dcb50ad410894e431ed812bbb70191"},"headline":"Les d\u00e9clarations chocs de Joan Laporta sur la situation catastrophique du Bar\u00e7a","datePublished":"2021-08-16T12:45:04+00:00","dateModified":"2021-08-16T17:15:08+00:00","mainEntityOfPage":{"@id":"https:\/\/dicodusport.fr\/blog\/les-declarations-chocs-de-joan-laporta-sur-la-situation-catastrophique-du-barca\/"},"wordCount":443,"commentCount":0,"publisher":{"@id":"https:\/\/dicodusport.fr\/blog\/#organization"},"image":{"@id":"https:\/\/dicodusport.fr\/blog\/les-declarations-chocs-de-joan-laporta-sur-la-situation-catastrophique-du-barca\/#primaryimage"},"thumbnailUrl":"https:\/\/dicodusport.fr\/blog\/wp-content\/uploads\/2021\/08\/Les-de\u0301clarations-chocs-de-Joan-Laporta-sur-la-situation-catastrophique-du-Barc\u0327a.png","keywords":["bar\u00e7a","Football","Liga"],"articleSection":["Football"],"inLanguage":"fr-FR","potentialAction":[{"@type":"CommentAction","name":"Comment","target":["https:\/\/dicodusport.fr\/blog\/les-declarations-chocs-de-joan-laporta-sur-la-situation-catastrophique-du-barca\/#respond"]}],"copyrightYear":"2021","copyrightHolder":{"@id":"https:\/\/dicodusport.fr\/blog\/#organization"}},{"@type":"WebPage","@id":"https:\/\/dicodusport.fr\/blog\/les-declarations-chocs-de-joan-laporta-sur-la-situation-catastrophique-du-barca\/","url":"https:\/\/dicodusport.fr\/blog\/les-declarations-chocs-de-joan-laporta-sur-la-situation-catastrophique-du-barca\/","name":"Les d\u00e9clarations chocs de Joan Laporta sur la situation catastrophique du Bar\u00e7a","isPartOf":{"@id":"https:\/\/dicodusport.fr\/blog\/#website"},"primaryImageOfPage":{"@id":"https:\/\/dicodusport.fr\/blog\/les-declarations-chocs-de-joan-laporta-sur-la-situation-catastrophique-du-barca\/#primaryimage"},"image":{"@id":"https:\/\/dicodusport.fr\/blog\/les-declarations-chocs-de-joan-laporta-sur-la-situation-catastrophique-du-barca\/#primaryimage"},"thumbnailUrl":"https:\/\/dicodusport.fr\/blog\/wp-content\/uploads\/2021\/08\/Les-de\u0301clarations-chocs-de-Joan-Laporta-sur-la-situation-catastrophique-du-Barc\u0327a.png","datePublished":"2021-08-16T12:45:04+00:00","dateModified":"2021-08-16T17:15:08+00:00","description":"FOOTBALL - LIGA - Joan Laporta a tenu une conf\u00e9rence de presse pour faire le point sur la situation du FC Barcelone. \u00c9chantillon des meilleurs moments.","breadcrumb":{"@id":"https:\/\/dicodusport.fr\/blog\/les-declarations-chocs-de-joan-laporta-sur-la-situation-catastrophique-du-barca\/#breadcrumb"},"inLanguage":"fr-FR","potentialAction":[{"@type":"ReadAction","target":["https:\/\/dicodusport.fr\/blog\/les-declarations-chocs-de-joan-laporta-sur-la-situation-catastrophique-du-barca\/"]}]},{"@type":"ImageObject","inLanguage":"fr-FR","@id":"https:\/\/dicodusport.fr\/blog\/les-declarations-chocs-de-joan-laporta-sur-la-situation-catastrophique-du-barca\/#primaryimage","url":"https:\/\/dicodusport.fr\/blog\/wp-content\/uploads\/2021\/08\/Les-de\u0301clarations-chocs-de-Joan-Laporta-sur-la-situation-catastrophique-du-Barc\u0327a.png","contentUrl":"https:\/\/dicodusport.fr\/blog\/wp-content\/uploads\/2021\/08\/Les-de\u0301clarations-chocs-de-Joan-Laporta-sur-la-situation-catastrophique-du-Barc\u0327a.png","width":800,"height":445},{"@type":"BreadcrumbList","@id":"https:\/\/dicodusport.fr\/blog\/les-declarations-chocs-de-joan-laporta-sur-la-situation-catastrophique-du-barca\/#breadcrumb","itemListElement":[{"@type":"ListItem","position":1,"name":"Accueil","item":"https:\/\/dicodusport.fr\/blog\/"},{"@type":"ListItem","position":2,"name":"Les d\u00e9clarations chocs de Joan Laporta sur la situation catastrophique du Bar\u00e7a"}]},{"@type":"WebSite","@id":"https:\/\/dicodusport.fr\/blog\/#website","url":"https:\/\/dicodusport.fr\/blog\/","name":"Dicodusport","description":"L&#039;encyclop\u00e9die de l&#039;actualit\u00e9 sportive","publisher":{"@id":"https:\/\/dicodusport.fr\/blog\/#organization"},"potentialAction":[{"@type":"SearchAction","target":{"@type":"EntryPoint","urlTemplate":"https:\/\/dicodusport.fr\/blog\/?s={search_term_string}"},"query-input":{"@type":"PropertyValueSpecification","valueRequired":true,"valueName":"search_term_string"}}],"inLanguage":"fr-FR"},{"@type":"NewsMediaOrganization","@id":"https:\/\/dicodusport.fr\/blog\/#organization","name":"Dicodusport","url":"https:\/\/dicodusport.fr\/blog\/","logo":{"@type":"ImageObject","inLanguage":"fr-FR","@id":"https:\/\/dicodusport.fr\/blog\/#\/schema\/logo\/image\/","url":"https:\/\/dicodusport.fr\/blog\/wp-content\/uploads\/2020\/06\/cropped-LOGO-DICODUSPORT-2020-SANS-FOND-SANS-TEXTE.png","contentUrl":"https:\/\/dicodusport.fr\/blog\/wp-content\/uploads\/2020\/06\/cropped-LOGO-DICODUSPORT-2020-SANS-FOND-SANS-TEXTE.png","width":512,"height":512,"caption":"Dicodusport"},"image":{"@id":"https:\/\/dicodusport.fr\/blog\/#\/schema\/logo\/image\/"},"sameAs":["https:\/\/www.facebook.com\/dicodusport","https:\/\/x.com\/dicodusport","https:\/\/www.instagram.com\/dicodusport\/","https:\/\/www.youtube.com\/channel\/UC7V2KZ5sd3htJivAbA4ZG3w"],"description":"Dicodusport est l'encyclop\u00e9die de l'actualit\u00e9 sportive.","email":"bonjour@dicodusport.fr","legalName":"DICODUSPORT","foundingDate":"2018-01-14","vatID":"FR71834470973","taxID":"83447097300043","numberOfEmployees":{"@type":"QuantitativeValue","minValue":"1","maxValue":"10"}},{"@type":"Person","@id":"https:\/\/dicodusport.fr\/blog\/#\/schema\/person\/55dcb50ad410894e431ed812bbb70191","name":"Nicolas Jacquemard","image":{"@type":"ImageObject","inLanguage":"fr-FR","@id":"https:\/\/dicodusport.fr\/blog\/#\/schema\/person\/image\/","url":"https:\/\/dicodusport.fr\/blog\/wp-content\/uploads\/2021\/05\/Nicolas-Jacquemard-150x150.jpeg","contentUrl":"https:\/\/dicodusport.fr\/blog\/wp-content\/uploads\/2021\/05\/Nicolas-Jacquemard-150x150.jpeg","caption":"Nicolas Jacquemard"},"description":"Passionn\u00e9 de sport et entrepreneur depuis mes 18 ans, la cr\u00e9ation de Dicodusport m'a sembl\u00e9 \u00e9vidente pour participer \u00e0 la m\u00e9diatisation d'un plus grand nombre de sports. Le chemin est long mais avec une \u00e9quipe des plus motiv\u00e9es et les Jeux Olympiques de Paris 2024 en point de mire, nous y arriverons ! Journaliste dans le monde du sport depuis plus de 5 ans, je traite aussi bien de football, de rugby, de biathlon que de cyclisme.","sameAs":["https:\/\/www.facebook.com\/dicodusport","https:\/\/x.com\/https:\/\/twitter.com\/Nico_Jacquemard"],"url":"https:\/\/dicodusport.fr\/blog\/author\/dicodusport\/"}]}},"_links":{"self":[{"href":"https:\/\/dicodusport.fr\/blog\/wp-json\/wp\/v2\/posts\/158898","targetHints":{"allow":["GET"]}}],"collection":[{"href":"https:\/\/dicodusport.fr\/blog\/wp-json\/wp\/v2\/posts"}],"about":[{"href":"https:\/\/dicodusport.fr\/blog\/wp-json\/wp\/v2\/types\/post"}],"author":[{"embeddable":true,"href":"https:\/\/dicodusport.fr\/blog\/wp-json\/wp\/v2\/users\/1"}],"replies":[{"embeddable":true,"href":"https:\/\/dicodusport.fr\/blog\/wp-json\/wp\/v2\/comments?post=158898"}],"version-history":[{"count":0,"href":"https:\/\/dicodusport.fr\/blog\/wp-json\/wp\/v2\/posts\/158898\/revisions"}],"wp:featuredmedia":[{"embeddable":true,"href":"https:\/\/dicodusport.fr\/blog\/wp-json\/wp\/v2\/media\/158903"}],"wp:attachment":[{"href":"https:\/\/dicodusport.fr\/blog\/wp-json\/wp\/v2\/media?parent=158898"}],"wp:term":[{"taxonomy":"category","embeddable":true,"href":"https:\/\/dicodusport.fr\/blog\/wp-json\/wp\/v2\/categories?post=158898"},{"taxonomy":"post_tag","embeddable":true,"href":"https:\/\/dicodusport.fr\/blog\/wp-json\/wp\/v2\/tags?post=158898"}],"curies":[{"name":"wp","href":"https:\/\/api.w.org\/{rel}","templated":true}]}}