{"id":15891,"date":"2018-04-08T10:00:00","date_gmt":"2018-04-08T08:00:00","guid":{"rendered":"http:\/\/dicodusport.fr\/blog\/?p=15891"},"modified":"2018-12-29T22:31:53","modified_gmt":"2018-12-29T21:31:53","slug":"le-placard-a-balais-9-ce-sont-les-enfants-qui-vont-constituer-la-releve-de-ce-sport-m-a-schmetterling-secretaire-generale-de-la-fqf","status":"publish","type":"post","link":"https:\/\/dicodusport.fr\/blog\/le-placard-a-balais-9-ce-sont-les-enfants-qui-vont-constituer-la-releve-de-ce-sport-m-a-schmetterling-secretaire-generale-de-la-fqf\/","title":{"rendered":"Le Placard \u00e0 Balais #9 : \u00ab\u00a0Ce sont les enfants qui vont constituer la rel\u00e8ve de ce sport\u00a0\u00bb &#8211; M.A. Schmetterling, Secr\u00e9taire G\u00e9n\u00e9rale de la FQF"},"content":{"rendered":"<p style=\"text-align: justify;\"><b><i>Le mois dernier, le pr\u00e9sident de la F\u00e9d\u00e9ration du Quidditch Fran\u00e7ais (FQF), David Mohamed, a annonc\u00e9 sa d\u00e9mission<sup>[1]<\/sup>. Par cette d\u00e9claration, qui prendra effet dans les prochains mois, le leadership du quidditch fran\u00e7ais est vou\u00e9 \u00e0 se renouveler. Avec une Coupe de France devenue p\u00e9renne depuis des ann\u00e9es et l&rsquo;\u00e9mergence des ligues r\u00e9gionales, ce d\u00e9part s&rsquo;effectue dans une p\u00e9riode o\u00f9 le quidditch fran\u00e7ais cherche encore ses appuis. Cela marquera-t-il l&rsquo;arr\u00eat des progr\u00e8s effectu\u00e9s depuis plusieurs ann\u00e9es, ou une s\u00e9rie de nouvelles opportunit\u00e9s pour l&rsquo;essor du quidditch en France ?\u00a0<\/i><\/b><\/p>\n<p style=\"text-align: justify;\">Pour y voir plus clair, la Secr\u00e9taire G\u00e9n\u00e9rale de la F\u00e9d\u00e9ration du Quidditch Fran\u00e7ais, Marine-Alexandre Schmetterling, a accept\u00e9 de r\u00e9pondre \u00e0 quelques questions.<\/p>\n<h5 style=\"text-align: justify;\"><b>Bonjour Marine, merci pour le temps que tu consacres \u00e0 Dicodusport. Tu as \u00e9t\u00e9 \u00e9lue Secr\u00e9taire G\u00e9n\u00e9rale de la F\u00e9d\u00e9ration du Quidditch Fran\u00e7ais en d\u00e9cembre 2016, pour un mandat de 2 ans<sup>[2]<\/sup>. Tu as fait ton entr\u00e9e dans le bureau de la f\u00e9d\u00e9ration en m\u00eame temps que David Mohamed. Toi qui as pu piloter la FQF \u00e0 ses c\u00f4t\u00e9s, qu&rsquo;attends-tu du prochain pr\u00e9sident ?\u00a0<\/b><\/h5>\n<p style=\"text-align: justify;\">Le\/la pr\u00e9sident(e) id\u00e9al(e) est quelqu\u2019un de dynamique pour entra\u00eener les joueurs et faire bouger les choses. Mais avec de la fermet\u00e9 afin d\u2019\u00e9viter des d\u00e9bordements et pouvoir avancer. Une personne\u00a0 disponible, organis\u00e9e, ouverte d\u2019esprit et qui ne rechigne \u00e0 rien. Etre pr\u00e9sident ce n\u2019est pas avoir les pleins pouvoir. C\u2019est \u00eatre le moteur d\u2019un bureau qui est lui-m\u00eame le moteur de Quidditch Fran\u00e7ais. Le bureau travaille ensemble mais aussi avec le congr\u00e8s f\u00e9d\u00e9ral (une assembl\u00e9e constitu\u00e9e des repr\u00e9sentants des joueurs pour un r\u00f4le de porte-parole de ces derniers) pour une plus grande transparence face aux \u00e9quipes. Et tr\u00e8s important, quelqu\u2019un en qui on peut avoir confiance.<\/p>\n<p style=\"text-align: justify;\">Nous pr\u00e9parons actuellement les fiches de postes pour les candidatures, qui seront ouvertes d\u00e8s mi-avril. Les licenci\u00e9s FQF pourront de ce fait \u00e9lire leur bureau \u00e0 la fin mai via un lien Google qui leur sera transmis sur leur bo\u00eete mail. Les candidatures pourront se faire individuellement ou par groupe de personnes d\u00e9j\u00e0 constitu\u00e9.<\/p>\n<h5 style=\"text-align: justify;\">Si je comprends bien, ce n&rsquo;est pas seulement le poste de pr\u00e9sident qui sera ouvert, mais chacun de ceux du Bureau ?<\/h5>\n<p style=\"text-align: justify;\">Oui, nous \u00e9lisons un bureau entier, suite \u00e0 la d\u00e9mission du pr\u00e9sident. Il est encore trop t\u00f4t pour dire si je me repr\u00e9senterai ou non \u00e0 mon poste actuel.<\/p>\n<h5 style=\"text-align: justify;\"><b>Aujourd&rsquo;hui, que\u00a0<\/b><b>t\u2019apporte ton exp\u00e9rience \u00e0 la F\u00e9d\u00e9ration du Quidditch Fran\u00e7ais ?<\/b><\/h5>\n<p style=\"text-align: justify;\">De la patience\u2026Beaucoup de patience\u00a0! Plus s\u00e9rieusement, c\u2019est une exp\u00e9rience enrichissante, qui permet vraiment de voir l\u2019envers du d\u00e9cor. \u00catre acteur du d\u00e9veloppement d\u2019un sport \u00e0 \u00e9chelle nationale et internationale , ce n\u2019est pas quelque chose que l\u2019on peut vivre tous les jours. C\u2019est parfois un sacr\u00e9 casse-t\u00eate mais \u00e7a vaut vraiment le coup quand on voit ce que l\u2019on arrive \u00e0 mettre en place. Que ce soit des choses comme la Coupe de France, plus r\u00e9cemment les ligues, ou m\u00eame parfois simplement pouvoir \u00e9pauler une jeune \u00e9quipe dans son d\u00e9veloppement.<\/p>\n<h5 style=\"text-align: justify;\"><b>Tu parles de la Coupe de France, des ligues, &#8230; Le week-end dernier a eu lieu la premi\u00e8re rencontre Fran\u00e7aise d&rsquo;\u00e9quipes juniors<\/b><b><sup>[3]\u00a0<\/sup><\/b><b>et, r\u00e9cemment, vous avez publi\u00e9 des ressources d&rsquo;arbitrage sur votre site<\/b><b><sup>[4]\u00a0<\/sup><\/b><b>pour les mettre \u00e0 disposition de la communaut\u00e9. Quels sont vos autres projets ?<\/b><\/h5>\n<p style=\"text-align: justify;\">Avoir les \u00e9quipes fran\u00e7aises sur le podium de Pfaffenhoffen et \u00eatre Champions du Monde en juin \u00e0 Florence\u00a0pour commencer. Sur la saison prochaine voir les ligues bien se mettre en place et que l\u2019on ait quelque chose de vraiment organis\u00e9 au niveau national et sur une saison compl\u00e8te et des play off en fin de saison .Cela offrirait \u00e0 toutes les \u00e9quipes fran\u00e7aises des possibilit\u00e9s de matches et du temps de jeu. La mise en place d\u2019un calendrier fixe va permettre \u00e9galement au public de pouvoir se d\u00e9placer en ayant les infos en amont. Ce sera donc b\u00e9n\u00e9fique \u00e0 la fois pour les joueurs et les \u00e9quipes elles-m\u00eames mais aussi pour une bonne visibilit\u00e9 du sport.<\/p>\n<p style=\"text-align: justify;\">Sur un tout autre plan, un projet qui me tient plut\u00f4t \u00e0 c\u0153ur serait l\u2019implantation du Quidditch sur des structures scolaires et non scolaires. On a d\u00e9j\u00e0 quelques \u00e9quipes enfants ,mais j\u2019aimerais vraiment que d\u2019autres voient le jour. Ce sont les enfants qui vont constituer la rel\u00e8ve de ce sport. Ils m\u00e9ritent donc \u00e0 mon sens un attention particuli\u00e8re.<\/p>\n<div id=\"attachment_15997\" style=\"width: 421px\" class=\"wp-caption aligncenter\"><img loading=\"lazy\" decoding=\"async\" aria-describedby=\"caption-attachment-15997\" class=\"wp-image-15997 size-full\" src=\"http:\/\/dicodusport.fr\/blog\/wp-content\/uploads\/2018\/04\/Marine-Alexandre-1.jpg\" alt=\"\" width=\"411\" height=\"459\" srcset=\"https:\/\/dicodusport.fr\/blog\/wp-content\/uploads\/2018\/04\/Marine-Alexandre-1.jpg 411w, https:\/\/dicodusport.fr\/blog\/wp-content\/uploads\/2018\/04\/Marine-Alexandre-1-269x300.jpg 269w\" sizes=\"auto, (max-width: 411px) 100vw, 411px\" \/><p id=\"caption-attachment-15997\" class=\"wp-caption-text\">\u00a9 RJR : Radio Jeune Reims<\/p><\/div>\n<h5 style=\"text-align: justify;\"><b>O\u00f9 vois-tu le quidditch fran\u00e7ais dans 5 ans\u00a0?<\/b><\/h5>\n<p style=\"text-align: justify;\">J\u2019aimerais que d\u2019ici 5 ans, le d\u00e9veloppement continue de fa\u00e7on constante. Des cr\u00e9ations de nouvelles \u00e9quipes qui faciliteraient les rencontres qui seraient plus fr\u00e9quentes et avec moins de temps de d\u00e9placement. Comme dit plus pr\u00e9c\u00e9demment, une extension de la partie enfants. Avec pourquoi pas d\u2019ici 5 ans, une mise en place d\u2019une ligue enfants \u00e9galement. Je souhaite par ailleurs que l\u2019arbitrage \u00e9volue, avec des arbitres certifi\u00e9s pr\u00e9sents dans chaque \u00e9quipe. Et qui sait, pourquoi pas avoir du Quidditch aux Jeux Olympiques ? Et que ce soit un sport reconnu officiellement par l\u2019\u00c9tat\u00a0!<\/p>\n<h5 style=\"text-align: justify;\"><b>Nous avons beaucoup parl\u00e9 du Bureau. Quels sont les autres postes pour lesquels vous recrutez\u00a0?<\/b><\/h5>\n<p style=\"text-align: justify;\">Nous souhaiterions pallier notre manquement de cette ann\u00e9e en instaurant de vraies commissions qui impliqueraient une participation active des joueurs de Quidditch au sein de la FQF. Il y\u00a0 a d\u00e9j\u00e0 une petite \u00e9quipe de volontaires en place qui a de tr\u00e8s bons r\u00e9sultats, ais nous voudrions renforcer cela et aller plus loin. Nous recrutons bien s\u00fbr le bureau avec un ou une tr\u00e9sorier(e) , un ou une secr\u00e9taire et un ou une pr\u00e9sident (e) . Pour les commissions nous souhaiterions avoir des gens motiv\u00e9s qui se partageraient le travail afin de r\u00e9pondre au mieux aux besoins et surtout all\u00e9ger le temps d\u2019implication.<\/p>\n<p style=\"text-align: justify;\">Les diff\u00e9rentes commissions mises en place seraient\u00a0:<\/p>\n<p style=\"text-align: justify;\">Equipes adultes\u00a0\/Equipes enfants\/ Comp\u00e9tition\/ Equipe de France\u00a0\/ Arbitrage\/ Communication.<\/p>\n<p style=\"text-align: justify;\">Et nous avons toujours besoin de volontaires tout au long de l\u2019ann\u00e9e que ce soit pour des \u00e9v\u00e8nements, festivals, animations sportives pour de l\u2019aide plus ou moins ponctuelle. Nous allons constituer ces groupes de travail juste apr\u00e8s l\u2019\u00e9lection du bureau. Les commissions sont bas\u00e9es sur le volontariat de chacun sur un ou plusieurs sujets (Une m\u00eame personne peut participer \u00e0 diff\u00e9rentes commissions dans la limite du raisonnable bien s\u00fbr). Sur l\u2019organisation, c\u2019est en autonomie totale, avec quelques points retours faits avec le bureau. Les r\u00e9unions mensuelles se font sur un logiciel de Chat vocal de groupe (type Skype ou Discord) .<\/p>\n<p style=\"text-align: justify;\">L\u2019implication dans les \u00e9quipes est important mais prendre part \u00e0 la FQF c\u2019est vraiment passionnant et c\u2019est aussi permettre de participer \u00e0 la vie du sport au niveau national et international ce qui entra\u00eene forc\u00e9ment des r\u00e9percussions au niveau local.Et surtout pouvoir \u00eatre au c\u0153ur de la prise de d\u00e9cisions qui concernent les \u00e9quipes directement ou indirectement.<\/p>\n<h5 style=\"text-align: justify;\">Et si nous souhaitons prendre contact avec la F\u00e9d\u00e9ration du Quidditch Fran\u00e7ais, pour postuler ou avoir de plus amples informations, comment vous joindre ?<\/h5>\n<p style=\"text-align: justify;\">Pour tout renseignement ou pour postuler :\u00a0<a href=\"mailto:bureau@quidditch.fr\">bureau@quidditch.fr<\/a><\/p>\n<p style=\"text-align: justify;\">Pour tout renseignement relatif aux \u00e9quipes enfants :\u00a0<a href=\"mailto:marine.alexandre@quidditch.fr\">marine.alexandre@quidditch.fr<\/a> ou <a href=\"https:\/\/www.facebook.com\/minine.schmetterling\" target=\"_blank\" rel=\"noopener\">Minine Schmetterling<\/a> sur Facebook.<\/p>\n<p style=\"text-align: justify;\"><strong>Propos recueillis par Armand Cosseron<br \/>\n<\/strong><b><strong><a href=\"https:\/\/www.linkedin.com\/in\/armand-cosseron-92a45a62\/\" target=\"_blank\" rel=\"noopener noreferrer\"><img loading=\"lazy\" decoding=\"async\" class=\"alignnone wp-image-3711\" src=\"http:\/\/dicodusport.fr\/blog\/wp-content\/uploads\/2017\/08\/signature-linkedin-150x150.png\" alt=\"\" width=\"40\" height=\"40\" srcset=\"https:\/\/dicodusport.fr\/blog\/wp-content\/uploads\/2017\/08\/signature-linkedin-150x150.png 150w, https:\/\/dicodusport.fr\/blog\/wp-content\/uploads\/2017\/08\/signature-linkedin.png 295w\" sizes=\"auto, (max-width: 40px) 100vw, 40px\" \/><\/a><a style=\"color: #000000;\" href=\"https:\/\/twitter.com\/_ChArmand\" target=\"_blank\" rel=\"noopener noreferrer\"><img loading=\"lazy\" decoding=\"async\" class=\"alignnone wp-image-2908\" src=\"http:\/\/dicodusport.fr\/blog\/wp-content\/uploads\/2017\/07\/logo-twitter-150x150.png\" alt=\"\" width=\"39\" height=\"39\" \/><\/a><\/strong><\/b><\/p>\n<p style=\"text-align: justify;\">[1] <a href=\"http:\/\/catchisgood.fr\/david-mohamed-retour-mandat\/\" target=\"_blank\" rel=\"noopener\">\u00ab\u00a0David Mohamed, retour sur son mandat\u00a0\u00bb<\/a> &#8211; <em>Catch is good<\/em> &#8211; 16\/03\/2018 (consult\u00e9 le 05\/04\/2018)<\/p>\n<p style=\"text-align: justify;\">[2] En d\u00e9cembre 2016, les repr\u00e9sentants des clubs et des joueurs du quidditch fran\u00e7ais ont \u00e9lu le bureau de la F\u00e9d\u00e9ration du Quidditch Fran\u00e7ais. Compos\u00e9 a minima de trois membres, le bureau actuel est constitu\u00e9 d&rsquo;un pr\u00e9sident (David Mohamed) et deux secr\u00e9taires g\u00e9n\u00e9raux (Marine Alexandre et Lilian Souchet). Pour la premi\u00e8re fois, il s&rsquo;agit de mandats couvrant une p\u00e9riode de deux ans (et non plus un an). Vous trouverez plus d&rsquo;informations dans le <a href=\"https:\/\/docs.google.com\/document\/d\/1gqvbb9vQP4dbqzXLBQzP_L5bDmejTabFGzGHjHduIg8\/edit\" target=\"_blank\" rel=\"noopener\">compte-rendu du Congr\u00e8s F\u00e9d\u00e9ral de d\u00e9cembre 2016<\/a>.<\/p>\n<p style=\"text-align: justify;\">[3] Pour la premi\u00e8re fois en France, <a href=\"https:\/\/www.facebook.com\/events\/128341584588552\/\" target=\"_blank\" rel=\"noopener\">des \u00e9quipes de quidditch de moins de 16 ans se sont affront\u00e9es<\/a>. Deux matchs amicaux ont eu lieu \u00e0 Vincennes et ont vu s&rsquo;opposer les jeunes des Titans Paris face aux Griffons de Nantes (la section jeune des \u00c9l\u00e9phants de Nantes). Chaque \u00e9quipe a remport\u00e9 un match 90* &#8211; 20 (*l&rsquo;\u00e9quipe ayant attrap\u00e9 le vif d&rsquo;or, mettant fin au match et rapportant 30 points \u00e0 son \u00e9quipe).<\/p>\n<p style=\"text-align: justify;\">[4] Visitez <a href=\"http:\/\/www.quidditch.fr\" target=\"_blank\" rel=\"noopener\">quidditch.fr<\/a> pour retrouver des <a href=\"http:\/\/www.quidditch.fr\/supports-pour-la-formation-serie-a\/\" target=\"_blank\" rel=\"noopener\">supports de formations \u00e0 l&rsquo;arbitrage<\/a>, ainsi qu&rsquo;un <a href=\"http:\/\/www.quidditch.fr\/vocabulaire-de-larbitrage\/\" target=\"_blank\" rel=\"noopener\">lexique de vocabulaire Fran\u00e7ais-Anglais<\/a>.<\/p>\n","protected":false},"excerpt":{"rendered":"<p>Pour y voir plus clair, la Secr\u00e9taire G\u00e9n\u00e9rale de la F\u00e9d\u00e9ration du Quidditch Fran\u00e7ais, Marine-Alexandre Schmetterling, a accept\u00e9 de r\u00e9pondre \u00e0 quelques questions.<\/p>\n","protected":false},"author":5,"featured_media":15999,"comment_status":"open","ping_status":"closed","sticky":false,"template":"","format":"standard","meta":{"_acf_changed":false,"_daextam_enable_autolinks":"","footnotes":""},"categories":[2,3296],"tags":[814,1502,1246,24],"class_list":["post-15891","post","type-post","status-publish","format-standard","has-post-thumbnail","hentry","category-actualites","category-quidditch","tag-federation-du-quidditch-francais","tag-france-quidditch","tag-placard-balais-quidditch","tag-sport"],"acf":[],"yoast_head":"<!-- This site is optimized with the Yoast SEO Premium plugin v26.7 (Yoast SEO v26.7) - https:\/\/yoast.com\/wordpress\/plugins\/seo\/ -->\n<title>Le Placard \u00e0 Balais #9 : &quot;Ce sont les enfants qui vont constituer la rel\u00e8ve de ce sport&quot; - M.A. Schmetterling, Secr\u00e9taire G\u00e9n\u00e9rale de la FQF<\/title>\n<meta name=\"description\" content=\"Pour y voir plus clair, la Secr\u00e9taire G\u00e9n\u00e9rale de la F\u00e9d\u00e9ration du Quidditch Fran\u00e7ais, Marine-Alexandre Schmetterling, a accept\u00e9 de r\u00e9pondre \u00e0 quelques questions.\" \/>\n<meta name=\"robots\" content=\"index, follow, max-snippet:-1, max-image-preview:large, max-video-preview:-1\" \/>\n<link rel=\"canonical\" href=\"https:\/\/dicodusport.fr\/blog\/le-placard-a-balais-9-ce-sont-les-enfants-qui-vont-constituer-la-releve-de-ce-sport-m-a-schmetterling-secretaire-generale-de-la-fqf\/\" \/>\n<meta property=\"og:locale\" content=\"fr_FR\" \/>\n<meta property=\"og:type\" content=\"article\" \/>\n<meta property=\"og:title\" content=\"Le Placard \u00e0 Balais #9 : &quot;Ce sont les enfants qui vont constituer la rel\u00e8ve de ce sport&quot; - M.A. Schmetterling, Secr\u00e9taire G\u00e9n\u00e9rale de la FQF\" \/>\n<meta property=\"og:description\" content=\"Pour y voir plus clair, la Secr\u00e9taire G\u00e9n\u00e9rale de la F\u00e9d\u00e9ration du Quidditch Fran\u00e7ais, Marine-Alexandre Schmetterling, a accept\u00e9 de r\u00e9pondre \u00e0 quelques questions.\" \/>\n<meta property=\"og:url\" content=\"https:\/\/dicodusport.fr\/blog\/le-placard-a-balais-9-ce-sont-les-enfants-qui-vont-constituer-la-releve-de-ce-sport-m-a-schmetterling-secretaire-generale-de-la-fqf\/\" \/>\n<meta property=\"og:site_name\" content=\"Dicodusport\" \/>\n<meta property=\"article:publisher\" content=\"https:\/\/www.facebook.com\/dicodusport\" \/>\n<meta property=\"article:published_time\" content=\"2018-04-08T08:00:00+00:00\" \/>\n<meta property=\"article:modified_time\" content=\"2018-12-29T21:31:53+00:00\" \/>\n<meta property=\"og:image\" content=\"https:\/\/dicodusport.fr\/blog\/wp-content\/uploads\/2018\/04\/Marine-Alexandre.png\" \/>\n\t<meta property=\"og:image:width\" content=\"1200\" \/>\n\t<meta property=\"og:image:height\" content=\"670\" \/>\n\t<meta property=\"og:image:type\" content=\"image\/png\" \/>\n<meta name=\"author\" content=\"Armand\" \/>\n<meta name=\"twitter:card\" content=\"summary_large_image\" \/>\n<meta name=\"twitter:creator\" content=\"@dicodusport\" \/>\n<meta name=\"twitter:site\" content=\"@dicodusport\" \/>\n<script type=\"application\/ld+json\" class=\"yoast-schema-graph\">{\"@context\":\"https:\/\/schema.org\",\"@graph\":[{\"@type\":\"NewsArticle\",\"@id\":\"https:\/\/dicodusport.fr\/blog\/le-placard-a-balais-9-ce-sont-les-enfants-qui-vont-constituer-la-releve-de-ce-sport-m-a-schmetterling-secretaire-generale-de-la-fqf\/#article\",\"isPartOf\":{\"@id\":\"https:\/\/dicodusport.fr\/blog\/le-placard-a-balais-9-ce-sont-les-enfants-qui-vont-constituer-la-releve-de-ce-sport-m-a-schmetterling-secretaire-generale-de-la-fqf\/\"},\"author\":{\"name\":\"Armand\",\"@id\":\"https:\/\/dicodusport.fr\/blog\/#\/schema\/person\/4b6e7c89780247585d1e844a2a43e8ef\"},\"headline\":\"Le Placard \u00e0 Balais #9 : \u00ab\u00a0Ce sont les enfants qui vont constituer la rel\u00e8ve de ce sport\u00a0\u00bb &#8211; M.A. Schmetterling, Secr\u00e9taire G\u00e9n\u00e9rale de la FQF\",\"datePublished\":\"2018-04-08T08:00:00+00:00\",\"dateModified\":\"2018-12-29T21:31:53+00:00\",\"mainEntityOfPage\":{\"@id\":\"https:\/\/dicodusport.fr\/blog\/le-placard-a-balais-9-ce-sont-les-enfants-qui-vont-constituer-la-releve-de-ce-sport-m-a-schmetterling-secretaire-generale-de-la-fqf\/\"},\"wordCount\":1547,\"commentCount\":0,\"publisher\":{\"@id\":\"https:\/\/dicodusport.fr\/blog\/#organization\"},\"image\":{\"@id\":\"https:\/\/dicodusport.fr\/blog\/le-placard-a-balais-9-ce-sont-les-enfants-qui-vont-constituer-la-releve-de-ce-sport-m-a-schmetterling-secretaire-generale-de-la-fqf\/#primaryimage\"},\"thumbnailUrl\":\"https:\/\/dicodusport.fr\/blog\/wp-content\/uploads\/2018\/04\/Marine-Alexandre.png\",\"keywords\":[\"F\u00e9d\u00e9ration du Quidditch Fran\u00e7ais\",\"France quidditch\",\"placard balais quidditch\",\"sport\"],\"articleSection\":[\"Actualit\u00e9s\",\"Quidditch\"],\"inLanguage\":\"fr-FR\",\"potentialAction\":[{\"@type\":\"CommentAction\",\"name\":\"Comment\",\"target\":[\"https:\/\/dicodusport.fr\/blog\/le-placard-a-balais-9-ce-sont-les-enfants-qui-vont-constituer-la-releve-de-ce-sport-m-a-schmetterling-secretaire-generale-de-la-fqf\/#respond\"]}],\"copyrightYear\":\"2018\",\"copyrightHolder\":{\"@id\":\"https:\/\/dicodusport.fr\/blog\/#organization\"}},{\"@type\":\"WebPage\",\"@id\":\"https:\/\/dicodusport.fr\/blog\/le-placard-a-balais-9-ce-sont-les-enfants-qui-vont-constituer-la-releve-de-ce-sport-m-a-schmetterling-secretaire-generale-de-la-fqf\/\",\"url\":\"https:\/\/dicodusport.fr\/blog\/le-placard-a-balais-9-ce-sont-les-enfants-qui-vont-constituer-la-releve-de-ce-sport-m-a-schmetterling-secretaire-generale-de-la-fqf\/\",\"name\":\"Le Placard \u00e0 Balais #9 : \\\"Ce sont les enfants qui vont constituer la rel\u00e8ve de ce sport\\\" - M.A. Schmetterling, Secr\u00e9taire G\u00e9n\u00e9rale de la FQF\",\"isPartOf\":{\"@id\":\"https:\/\/dicodusport.fr\/blog\/#website\"},\"primaryImageOfPage\":{\"@id\":\"https:\/\/dicodusport.fr\/blog\/le-placard-a-balais-9-ce-sont-les-enfants-qui-vont-constituer-la-releve-de-ce-sport-m-a-schmetterling-secretaire-generale-de-la-fqf\/#primaryimage\"},\"image\":{\"@id\":\"https:\/\/dicodusport.fr\/blog\/le-placard-a-balais-9-ce-sont-les-enfants-qui-vont-constituer-la-releve-de-ce-sport-m-a-schmetterling-secretaire-generale-de-la-fqf\/#primaryimage\"},\"thumbnailUrl\":\"https:\/\/dicodusport.fr\/blog\/wp-content\/uploads\/2018\/04\/Marine-Alexandre.png\",\"datePublished\":\"2018-04-08T08:00:00+00:00\",\"dateModified\":\"2018-12-29T21:31:53+00:00\",\"description\":\"Pour y voir plus clair, la Secr\u00e9taire G\u00e9n\u00e9rale de la F\u00e9d\u00e9ration du Quidditch Fran\u00e7ais, Marine-Alexandre Schmetterling, a accept\u00e9 de r\u00e9pondre \u00e0 quelques questions.\",\"breadcrumb\":{\"@id\":\"https:\/\/dicodusport.fr\/blog\/le-placard-a-balais-9-ce-sont-les-enfants-qui-vont-constituer-la-releve-de-ce-sport-m-a-schmetterling-secretaire-generale-de-la-fqf\/#breadcrumb\"},\"inLanguage\":\"fr-FR\",\"potentialAction\":[{\"@type\":\"ReadAction\",\"target\":[\"https:\/\/dicodusport.fr\/blog\/le-placard-a-balais-9-ce-sont-les-enfants-qui-vont-constituer-la-releve-de-ce-sport-m-a-schmetterling-secretaire-generale-de-la-fqf\/\"]}]},{\"@type\":\"ImageObject\",\"inLanguage\":\"fr-FR\",\"@id\":\"https:\/\/dicodusport.fr\/blog\/le-placard-a-balais-9-ce-sont-les-enfants-qui-vont-constituer-la-releve-de-ce-sport-m-a-schmetterling-secretaire-generale-de-la-fqf\/#primaryimage\",\"url\":\"https:\/\/dicodusport.fr\/blog\/wp-content\/uploads\/2018\/04\/Marine-Alexandre.png\",\"contentUrl\":\"https:\/\/dicodusport.fr\/blog\/wp-content\/uploads\/2018\/04\/Marine-Alexandre.png\",\"width\":1200,\"height\":670,\"caption\":\"Marine Alexandre\"},{\"@type\":\"BreadcrumbList\",\"@id\":\"https:\/\/dicodusport.fr\/blog\/le-placard-a-balais-9-ce-sont-les-enfants-qui-vont-constituer-la-releve-de-ce-sport-m-a-schmetterling-secretaire-generale-de-la-fqf\/#breadcrumb\",\"itemListElement\":[{\"@type\":\"ListItem\",\"position\":1,\"name\":\"Accueil\",\"item\":\"https:\/\/dicodusport.fr\/blog\/\"},{\"@type\":\"ListItem\",\"position\":2,\"name\":\"Le Placard \u00e0 Balais #9 : \u00ab\u00a0Ce sont les enfants qui vont constituer la rel\u00e8ve de ce sport\u00a0\u00bb &#8211; M.A. Schmetterling, Secr\u00e9taire G\u00e9n\u00e9rale de la FQF\"}]},{\"@type\":\"WebSite\",\"@id\":\"https:\/\/dicodusport.fr\/blog\/#website\",\"url\":\"https:\/\/dicodusport.fr\/blog\/\",\"name\":\"Dicodusport\",\"description\":\"L&#039;encyclop\u00e9die de l&#039;actualit\u00e9 sportive\",\"publisher\":{\"@id\":\"https:\/\/dicodusport.fr\/blog\/#organization\"},\"potentialAction\":[{\"@type\":\"SearchAction\",\"target\":{\"@type\":\"EntryPoint\",\"urlTemplate\":\"https:\/\/dicodusport.fr\/blog\/?s={search_term_string}\"},\"query-input\":{\"@type\":\"PropertyValueSpecification\",\"valueRequired\":true,\"valueName\":\"search_term_string\"}}],\"inLanguage\":\"fr-FR\"},{\"@type\":\"NewsMediaOrganization\",\"@id\":\"https:\/\/dicodusport.fr\/blog\/#organization\",\"name\":\"Dicodusport\",\"url\":\"https:\/\/dicodusport.fr\/blog\/\",\"logo\":{\"@type\":\"ImageObject\",\"inLanguage\":\"fr-FR\",\"@id\":\"https:\/\/dicodusport.fr\/blog\/#\/schema\/logo\/image\/\",\"url\":\"https:\/\/dicodusport.fr\/blog\/wp-content\/uploads\/2020\/06\/cropped-LOGO-DICODUSPORT-2020-SANS-FOND-SANS-TEXTE.png\",\"contentUrl\":\"https:\/\/dicodusport.fr\/blog\/wp-content\/uploads\/2020\/06\/cropped-LOGO-DICODUSPORT-2020-SANS-FOND-SANS-TEXTE.png\",\"width\":512,\"height\":512,\"caption\":\"Dicodusport\"},\"image\":{\"@id\":\"https:\/\/dicodusport.fr\/blog\/#\/schema\/logo\/image\/\"},\"sameAs\":[\"https:\/\/www.facebook.com\/dicodusport\",\"https:\/\/x.com\/dicodusport\",\"https:\/\/www.instagram.com\/dicodusport\/\",\"https:\/\/www.youtube.com\/channel\/UC7V2KZ5sd3htJivAbA4ZG3w\"],\"description\":\"Dicodusport est l'encyclop\u00e9die de l'actualit\u00e9 sportive.\",\"email\":\"bonjour@dicodusport.fr\",\"legalName\":\"DICODUSPORT\",\"foundingDate\":\"2018-01-14\",\"vatID\":\"FR71834470973\",\"taxID\":\"83447097300043\",\"numberOfEmployees\":{\"@type\":\"QuantitativeValue\",\"minValue\":\"1\",\"maxValue\":\"10\"}},{\"@type\":\"Person\",\"@id\":\"https:\/\/dicodusport.fr\/blog\/#\/schema\/person\/4b6e7c89780247585d1e844a2a43e8ef\",\"name\":\"Armand\",\"image\":{\"@type\":\"ImageObject\",\"inLanguage\":\"fr-FR\",\"@id\":\"https:\/\/dicodusport.fr\/blog\/#\/schema\/person\/image\/\",\"url\":\"https:\/\/dicodusport.fr\/blog\/wp-content\/uploads\/2020\/06\/cropped-LOGO-DICODUSPORT-2020-SANS-FOND-SANS-TEXTE-150x150.png\",\"contentUrl\":\"https:\/\/dicodusport.fr\/blog\/wp-content\/uploads\/2020\/06\/cropped-LOGO-DICODUSPORT-2020-SANS-FOND-SANS-TEXTE-150x150.png\",\"caption\":\"Armand\"},\"url\":\"https:\/\/dicodusport.fr\/blog\/author\/armand\/\"}]}<\/script>\n<!-- \/ Yoast SEO Premium plugin. -->","yoast_head_json":{"title":"Le Placard \u00e0 Balais #9 : \"Ce sont les enfants qui vont constituer la rel\u00e8ve de ce sport\" - M.A. Schmetterling, Secr\u00e9taire G\u00e9n\u00e9rale de la FQF","description":"Pour y voir plus clair, la Secr\u00e9taire G\u00e9n\u00e9rale de la F\u00e9d\u00e9ration du Quidditch Fran\u00e7ais, Marine-Alexandre Schmetterling, a accept\u00e9 de r\u00e9pondre \u00e0 quelques questions.","robots":{"index":"index","follow":"follow","max-snippet":"max-snippet:-1","max-image-preview":"max-image-preview:large","max-video-preview":"max-video-preview:-1"},"canonical":"https:\/\/dicodusport.fr\/blog\/le-placard-a-balais-9-ce-sont-les-enfants-qui-vont-constituer-la-releve-de-ce-sport-m-a-schmetterling-secretaire-generale-de-la-fqf\/","og_locale":"fr_FR","og_type":"article","og_title":"Le Placard \u00e0 Balais #9 : \"Ce sont les enfants qui vont constituer la rel\u00e8ve de ce sport\" - M.A. Schmetterling, Secr\u00e9taire G\u00e9n\u00e9rale de la FQF","og_description":"Pour y voir plus clair, la Secr\u00e9taire G\u00e9n\u00e9rale de la F\u00e9d\u00e9ration du Quidditch Fran\u00e7ais, Marine-Alexandre Schmetterling, a accept\u00e9 de r\u00e9pondre \u00e0 quelques questions.","og_url":"https:\/\/dicodusport.fr\/blog\/le-placard-a-balais-9-ce-sont-les-enfants-qui-vont-constituer-la-releve-de-ce-sport-m-a-schmetterling-secretaire-generale-de-la-fqf\/","og_site_name":"Dicodusport","article_publisher":"https:\/\/www.facebook.com\/dicodusport","article_published_time":"2018-04-08T08:00:00+00:00","article_modified_time":"2018-12-29T21:31:53+00:00","og_image":[{"width":1200,"height":670,"url":"https:\/\/dicodusport.fr\/blog\/wp-content\/uploads\/2018\/04\/Marine-Alexandre.png","type":"image\/png"}],"author":"Armand","twitter_card":"summary_large_image","twitter_creator":"@dicodusport","twitter_site":"@dicodusport","schema":{"@context":"https:\/\/schema.org","@graph":[{"@type":"NewsArticle","@id":"https:\/\/dicodusport.fr\/blog\/le-placard-a-balais-9-ce-sont-les-enfants-qui-vont-constituer-la-releve-de-ce-sport-m-a-schmetterling-secretaire-generale-de-la-fqf\/#article","isPartOf":{"@id":"https:\/\/dicodusport.fr\/blog\/le-placard-a-balais-9-ce-sont-les-enfants-qui-vont-constituer-la-releve-de-ce-sport-m-a-schmetterling-secretaire-generale-de-la-fqf\/"},"author":{"name":"Armand","@id":"https:\/\/dicodusport.fr\/blog\/#\/schema\/person\/4b6e7c89780247585d1e844a2a43e8ef"},"headline":"Le Placard \u00e0 Balais #9 : \u00ab\u00a0Ce sont les enfants qui vont constituer la rel\u00e8ve de ce sport\u00a0\u00bb &#8211; M.A. Schmetterling, Secr\u00e9taire G\u00e9n\u00e9rale de la FQF","datePublished":"2018-04-08T08:00:00+00:00","dateModified":"2018-12-29T21:31:53+00:00","mainEntityOfPage":{"@id":"https:\/\/dicodusport.fr\/blog\/le-placard-a-balais-9-ce-sont-les-enfants-qui-vont-constituer-la-releve-de-ce-sport-m-a-schmetterling-secretaire-generale-de-la-fqf\/"},"wordCount":1547,"commentCount":0,"publisher":{"@id":"https:\/\/dicodusport.fr\/blog\/#organization"},"image":{"@id":"https:\/\/dicodusport.fr\/blog\/le-placard-a-balais-9-ce-sont-les-enfants-qui-vont-constituer-la-releve-de-ce-sport-m-a-schmetterling-secretaire-generale-de-la-fqf\/#primaryimage"},"thumbnailUrl":"https:\/\/dicodusport.fr\/blog\/wp-content\/uploads\/2018\/04\/Marine-Alexandre.png","keywords":["F\u00e9d\u00e9ration du Quidditch Fran\u00e7ais","France quidditch","placard balais quidditch","sport"],"articleSection":["Actualit\u00e9s","Quidditch"],"inLanguage":"fr-FR","potentialAction":[{"@type":"CommentAction","name":"Comment","target":["https:\/\/dicodusport.fr\/blog\/le-placard-a-balais-9-ce-sont-les-enfants-qui-vont-constituer-la-releve-de-ce-sport-m-a-schmetterling-secretaire-generale-de-la-fqf\/#respond"]}],"copyrightYear":"2018","copyrightHolder":{"@id":"https:\/\/dicodusport.fr\/blog\/#organization"}},{"@type":"WebPage","@id":"https:\/\/dicodusport.fr\/blog\/le-placard-a-balais-9-ce-sont-les-enfants-qui-vont-constituer-la-releve-de-ce-sport-m-a-schmetterling-secretaire-generale-de-la-fqf\/","url":"https:\/\/dicodusport.fr\/blog\/le-placard-a-balais-9-ce-sont-les-enfants-qui-vont-constituer-la-releve-de-ce-sport-m-a-schmetterling-secretaire-generale-de-la-fqf\/","name":"Le Placard \u00e0 Balais #9 : \"Ce sont les enfants qui vont constituer la rel\u00e8ve de ce sport\" - M.A. Schmetterling, Secr\u00e9taire G\u00e9n\u00e9rale de la FQF","isPartOf":{"@id":"https:\/\/dicodusport.fr\/blog\/#website"},"primaryImageOfPage":{"@id":"https:\/\/dicodusport.fr\/blog\/le-placard-a-balais-9-ce-sont-les-enfants-qui-vont-constituer-la-releve-de-ce-sport-m-a-schmetterling-secretaire-generale-de-la-fqf\/#primaryimage"},"image":{"@id":"https:\/\/dicodusport.fr\/blog\/le-placard-a-balais-9-ce-sont-les-enfants-qui-vont-constituer-la-releve-de-ce-sport-m-a-schmetterling-secretaire-generale-de-la-fqf\/#primaryimage"},"thumbnailUrl":"https:\/\/dicodusport.fr\/blog\/wp-content\/uploads\/2018\/04\/Marine-Alexandre.png","datePublished":"2018-04-08T08:00:00+00:00","dateModified":"2018-12-29T21:31:53+00:00","description":"Pour y voir plus clair, la Secr\u00e9taire G\u00e9n\u00e9rale de la F\u00e9d\u00e9ration du Quidditch Fran\u00e7ais, Marine-Alexandre Schmetterling, a accept\u00e9 de r\u00e9pondre \u00e0 quelques questions.","breadcrumb":{"@id":"https:\/\/dicodusport.fr\/blog\/le-placard-a-balais-9-ce-sont-les-enfants-qui-vont-constituer-la-releve-de-ce-sport-m-a-schmetterling-secretaire-generale-de-la-fqf\/#breadcrumb"},"inLanguage":"fr-FR","potentialAction":[{"@type":"ReadAction","target":["https:\/\/dicodusport.fr\/blog\/le-placard-a-balais-9-ce-sont-les-enfants-qui-vont-constituer-la-releve-de-ce-sport-m-a-schmetterling-secretaire-generale-de-la-fqf\/"]}]},{"@type":"ImageObject","inLanguage":"fr-FR","@id":"https:\/\/dicodusport.fr\/blog\/le-placard-a-balais-9-ce-sont-les-enfants-qui-vont-constituer-la-releve-de-ce-sport-m-a-schmetterling-secretaire-generale-de-la-fqf\/#primaryimage","url":"https:\/\/dicodusport.fr\/blog\/wp-content\/uploads\/2018\/04\/Marine-Alexandre.png","contentUrl":"https:\/\/dicodusport.fr\/blog\/wp-content\/uploads\/2018\/04\/Marine-Alexandre.png","width":1200,"height":670,"caption":"Marine Alexandre"},{"@type":"BreadcrumbList","@id":"https:\/\/dicodusport.fr\/blog\/le-placard-a-balais-9-ce-sont-les-enfants-qui-vont-constituer-la-releve-de-ce-sport-m-a-schmetterling-secretaire-generale-de-la-fqf\/#breadcrumb","itemListElement":[{"@type":"ListItem","position":1,"name":"Accueil","item":"https:\/\/dicodusport.fr\/blog\/"},{"@type":"ListItem","position":2,"name":"Le Placard \u00e0 Balais #9 : \u00ab\u00a0Ce sont les enfants qui vont constituer la rel\u00e8ve de ce sport\u00a0\u00bb &#8211; M.A. Schmetterling, Secr\u00e9taire G\u00e9n\u00e9rale de la FQF"}]},{"@type":"WebSite","@id":"https:\/\/dicodusport.fr\/blog\/#website","url":"https:\/\/dicodusport.fr\/blog\/","name":"Dicodusport","description":"L&#039;encyclop\u00e9die de l&#039;actualit\u00e9 sportive","publisher":{"@id":"https:\/\/dicodusport.fr\/blog\/#organization"},"potentialAction":[{"@type":"SearchAction","target":{"@type":"EntryPoint","urlTemplate":"https:\/\/dicodusport.fr\/blog\/?s={search_term_string}"},"query-input":{"@type":"PropertyValueSpecification","valueRequired":true,"valueName":"search_term_string"}}],"inLanguage":"fr-FR"},{"@type":"NewsMediaOrganization","@id":"https:\/\/dicodusport.fr\/blog\/#organization","name":"Dicodusport","url":"https:\/\/dicodusport.fr\/blog\/","logo":{"@type":"ImageObject","inLanguage":"fr-FR","@id":"https:\/\/dicodusport.fr\/blog\/#\/schema\/logo\/image\/","url":"https:\/\/dicodusport.fr\/blog\/wp-content\/uploads\/2020\/06\/cropped-LOGO-DICODUSPORT-2020-SANS-FOND-SANS-TEXTE.png","contentUrl":"https:\/\/dicodusport.fr\/blog\/wp-content\/uploads\/2020\/06\/cropped-LOGO-DICODUSPORT-2020-SANS-FOND-SANS-TEXTE.png","width":512,"height":512,"caption":"Dicodusport"},"image":{"@id":"https:\/\/dicodusport.fr\/blog\/#\/schema\/logo\/image\/"},"sameAs":["https:\/\/www.facebook.com\/dicodusport","https:\/\/x.com\/dicodusport","https:\/\/www.instagram.com\/dicodusport\/","https:\/\/www.youtube.com\/channel\/UC7V2KZ5sd3htJivAbA4ZG3w"],"description":"Dicodusport est l'encyclop\u00e9die de l'actualit\u00e9 sportive.","email":"bonjour@dicodusport.fr","legalName":"DICODUSPORT","foundingDate":"2018-01-14","vatID":"FR71834470973","taxID":"83447097300043","numberOfEmployees":{"@type":"QuantitativeValue","minValue":"1","maxValue":"10"}},{"@type":"Person","@id":"https:\/\/dicodusport.fr\/blog\/#\/schema\/person\/4b6e7c89780247585d1e844a2a43e8ef","name":"Armand","image":{"@type":"ImageObject","inLanguage":"fr-FR","@id":"https:\/\/dicodusport.fr\/blog\/#\/schema\/person\/image\/","url":"https:\/\/dicodusport.fr\/blog\/wp-content\/uploads\/2020\/06\/cropped-LOGO-DICODUSPORT-2020-SANS-FOND-SANS-TEXTE-150x150.png","contentUrl":"https:\/\/dicodusport.fr\/blog\/wp-content\/uploads\/2020\/06\/cropped-LOGO-DICODUSPORT-2020-SANS-FOND-SANS-TEXTE-150x150.png","caption":"Armand"},"url":"https:\/\/dicodusport.fr\/blog\/author\/armand\/"}]}},"_links":{"self":[{"href":"https:\/\/dicodusport.fr\/blog\/wp-json\/wp\/v2\/posts\/15891","targetHints":{"allow":["GET"]}}],"collection":[{"href":"https:\/\/dicodusport.fr\/blog\/wp-json\/wp\/v2\/posts"}],"about":[{"href":"https:\/\/dicodusport.fr\/blog\/wp-json\/wp\/v2\/types\/post"}],"author":[{"embeddable":true,"href":"https:\/\/dicodusport.fr\/blog\/wp-json\/wp\/v2\/users\/5"}],"replies":[{"embeddable":true,"href":"https:\/\/dicodusport.fr\/blog\/wp-json\/wp\/v2\/comments?post=15891"}],"version-history":[{"count":0,"href":"https:\/\/dicodusport.fr\/blog\/wp-json\/wp\/v2\/posts\/15891\/revisions"}],"wp:featuredmedia":[{"embeddable":true,"href":"https:\/\/dicodusport.fr\/blog\/wp-json\/wp\/v2\/media\/15999"}],"wp:attachment":[{"href":"https:\/\/dicodusport.fr\/blog\/wp-json\/wp\/v2\/media?parent=15891"}],"wp:term":[{"taxonomy":"category","embeddable":true,"href":"https:\/\/dicodusport.fr\/blog\/wp-json\/wp\/v2\/categories?post=15891"},{"taxonomy":"post_tag","embeddable":true,"href":"https:\/\/dicodusport.fr\/blog\/wp-json\/wp\/v2\/tags?post=15891"}],"curies":[{"name":"wp","href":"https:\/\/api.w.org\/{rel}","templated":true}]}}