{"id":158913,"date":"2021-08-25T15:37:45","date_gmt":"2021-08-25T13:37:45","guid":{"rendered":"https:\/\/dicodusport.fr\/blog\/?p=158913&#038;preview=true&#038;preview_id=158913"},"modified":"2021-08-28T11:32:54","modified_gmt":"2021-08-28T09:32:54","slug":"cyclisme-sur-piste-jeux-paralympiques-tokyo-calendrier-et-resultats","status":"publish","type":"post","link":"https:\/\/dicodusport.fr\/blog\/cyclisme-sur-piste-jeux-paralympiques-tokyo-calendrier-et-resultats\/","title":{"rendered":"Cyclisme sur piste &#8211; Jeux Paralympiques de Tokyo : calendrier et r\u00e9sultats"},"content":{"rendered":"<p style=\"text-align: justify;\"><strong><em><a href=\"https:\/\/dicodusport.fr\/blog\/actualites\/jeux-paralympiques-tokyo-2020\/\">JEUX PARALYMPIQUES DE TOKYO 2020<\/a> \u2013 Les \u00e9preuves de cyclisme sur piste aux Jeux Paralympiques de Tokyo ont lieu du 25 au 28 ao\u00fbt. Voici le calendrier et les r\u00e9sultats des \u00e9preuves.<\/em><\/strong><\/p>\n<h2 style=\"text-align: justify;\">Mercredi 25 ao\u00fbt<\/h2>\n<p style=\"text-align: justify;\"><span style=\"text-decoration: underline;\"><em><strong>De 3h \u00e0 8h25<\/strong><\/em><\/span><\/p>\n<p style=\"text-align: justify;\"><strong>Femmes &#8211; C1-3 :<\/strong> 3 000 m Poursuite individuelle : Qualification &#8211; <strong><a href=\"https:\/\/olympics.com\/tokyo-2020\/paralympic-games\/resPG2020-\/pdf\/PG2020-\/CTR\/PG2020-_CTR_C73A1_CTRWPURSUIT-03030-----QUAL--------.pdf\" target=\"_blank\" rel=\"nofollow noopener\">R\u00e9sultats<\/a><\/strong><br \/>\n<strong>Femmes &#8211; C4 :<\/strong> 3 000 m Poursuite individuelle : Qualification &#8211; <strong><a href=\"https:\/\/olympics.com\/tokyo-2020\/paralympic-games\/resPG2020-\/pdf\/PG2020-\/CTR\/PG2020-_CTR_C73A1_CTRWPURSUIT-04010-----QUAL--------.pdf\" target=\"_blank\" rel=\"nofollow noopener\">R\u00e9sultats<\/a><\/strong><br \/>\n<strong>Femmes &#8211; C5 :<\/strong> 3 000 m Poursuite individuelle : Qualification &#8211; <a href=\"https:\/\/olympics.com\/tokyo-2020\/paralympic-games\/resPG2020-\/pdf\/PG2020-\/CTR\/PG2020-_CTR_C73A1_CTRWPURSUIT-05010-----QUAL--------.pdf\" target=\"_blank\" rel=\"nofollow noopener\"><strong>R\u00e9sultats<\/strong><\/a><br \/>\n<strong>Hommes &#8211; B :<\/strong> 4 000 m Poursuite individuelle : Qualification &#8211; <a href=\"https:\/\/olympics.com\/tokyo-2020\/paralympic-games\/resPG2020-\/pdf\/PG2020-\/CTR\/PG2020-_CTR_C73A1_CTRMPURSUIT-03031-----QUAL--------.pdf\" target=\"_blank\" rel=\"nofollow noopener\"><strong>R\u00e9sultats<\/strong><\/a><br \/>\n<strong>Femmes &#8211; C1-3 :<\/strong> <strong>3 000 m Poursuite individuelle : Finale &#8211; <a href=\"https:\/\/olympics.com\/tokyo-2020\/paralympic-games\/resPG2020-\/pdf\/PG2020-\/CTR\/PG2020-_CTR_C74A_CTRWPURSUIT-03030-----------------.pdf\">R\u00e9sultats<\/a><\/strong><br \/>\n<strong>Femmes &#8211; C4 :<\/strong> <strong>3 000 m Poursuite individuelle : Finale &#8211; <a href=\"https:\/\/olympics.com\/tokyo-2020\/paralympic-games\/resPG2020-\/pdf\/PG2020-\/CTR\/PG2020-_CTR_C74A_CTRWPURSUIT-04010-----------------.pdf\">R\u00e9sultats<\/a><\/strong><br \/>\n<strong>Femmes &#8211; C5 :<\/strong> <strong>3 000 m Poursuite individuelle : Finale &#8211; <a href=\"https:\/\/dicodusport.fr\/blog\/jeux-paralympiques-de-tokyo-cyclisme-sur-piste-marie-patouillet-remporte-la-premiere-medaille-francaise\/\">R\u00e9sum\u00e9<\/a><\/strong><br \/>\n<strong>Hommes &#8211; B :<\/strong> <strong>4 000 m Poursuite individuelle : Finale &#8211; <a href=\"https:\/\/dicodusport.fr\/blog\/jeux-paralympiques-de-tokyo-cyclisme-sur-piste-le-tandem-lloveras-ermenault-au-pied-du-podium\/\">R\u00e9sum\u00e9<\/a><\/strong><\/p>\n<h2 style=\"text-align: justify;\">Jeudi 26 ao\u00fbt<\/h2>\n<p style=\"text-align: justify;\"><span style=\"text-decoration: underline;\"><em><strong>De 3h \u00e0 9h40<\/strong><\/em><\/span><\/p>\n<p style=\"text-align: justify;\"><strong>Femmes &#8211; B :<\/strong> <strong>1 000 m Contre-la-montre : Finale &#8211; <a href=\"https:\/\/olympics.com\/tokyo-2020\/paralympic-games\/en\/results\/cycling-track\/results-women-s-b-1000m-time-trial-fnl-000100-.htm\">R\u00e9sultats<\/a><\/strong><br \/>\n<strong>Hommes &#8211; C1 :<\/strong> 3 000 m Poursuite individuelle : Qualification &#8211; <a href=\"https:\/\/olympics.com\/tokyo-2020\/paralympic-games\/en\/results\/cycling-track\/results-men-s-c1-3000m-individual-pursuit-qual-000100-.htm\">R\u00e9sultats<\/a><br \/>\n<strong>Hommes &#8211; C2 :<\/strong> 3 000 m Poursuite individuelle : Qualification &#8211; <a href=\"https:\/\/olympics.com\/tokyo-2020\/paralympic-games\/en\/results\/cycling-track\/results-men-s-c2-3000m-individual-pursuit-qual-000100-.htm\">R\u00e9sultats<\/a><br \/>\n<strong>Hommes &#8211; C3 :<\/strong> 3 000 m Poursuite individuelle : Qualification &#8211; <a href=\"https:\/\/olympics.com\/tokyo-2020\/paralympic-games\/en\/results\/cycling-track\/results-men-s-c3-3000m-individual-pursuit-qual-000100-.htm\">R\u00e9sultats<\/a><br \/>\n<strong>Hommes &#8211; C4-5 : 1 000 m Contre-la-montre : Finale &#8211; <a href=\"https:\/\/olympics.com\/tokyo-2020\/paralympic-games\/en\/results\/cycling-track\/results-men-s-c4-5-1000m-time-trial-fnl-000100-.htm\">R\u00e9sultats<\/a><\/strong><br \/>\n<strong>Hommes &#8211; C1 : 3 000 m Poursuite individuelle : Finale &#8211; <a href=\"https:\/\/olympics.com\/tokyo-2020\/paralympic-games\/en\/results\/cycling-track\/results-men-s-c1-3000m-individual-pursuit-fnl-000100-.htm\">R\u00e9sultats<\/a><\/strong><br \/>\n<strong>Hommes &#8211; C2 : 3 000 m Poursuite individuelle : Finale &#8211; <a href=\"https:\/\/olympics.com\/tokyo-2020\/paralympic-games\/en\/results\/cycling-track\/results-men-s-c2-3000m-individual-pursuit-fnl-000100-.htm\">R\u00e9sultats<\/a><\/strong><br \/>\n<strong>Hommes &#8211; C3 : 3 000 m Poursuite individuelle : Finale &#8211; <a href=\"https:\/\/olympics.com\/tokyo-2020\/paralympic-games\/en\/results\/cycling-track\/results-men-s-c3-3000m-individual-pursuit-fnl-000100-.htm\">R\u00e9sultats<\/a><\/strong><\/p>\n<h2 style=\"text-align: justify;\">Vendredi 27 ao\u00fbt<\/h2>\n<p style=\"text-align: justify;\"><span style=\"text-decoration: underline;\"><em><strong>De 3h \u00e0 9h30<\/strong><\/em><\/span><\/p>\n<p style=\"text-align: justify;\"><strong>Femmes &#8211; C1-3 :<\/strong> <strong>500 m Contre-la-montre : <a href=\"https:\/\/olympics.com\/tokyo-2020\/paralympic-games\/en\/results\/cycling-track\/results-women-s-c1-3-500m-time-trial-fnl-000100-.htm\">Finale<\/a><\/strong><br \/>\n<strong>Hommes &#8211; C4 :<\/strong> 4 000 m Poursuite individuelle : <a href=\"https:\/\/olympics.com\/tokyo-2020\/paralympic-games\/en\/results\/cycling-track\/results-men-s-c4-4000m-individual-pursuit-qual-000100-.htm\">Qualification<\/a><br \/>\n<strong>Hommes &#8211; C5 :<\/strong> 4 000 m Poursuite individuelle : <a href=\"https:\/\/olympics.com\/tokyo-2020\/paralympic-games\/en\/results\/cycling-track\/results-men-s-c5-4000m-individual-pursuit-qual-000100-.htm\">Qualification<\/a><br \/>\n<strong>Hommes &#8211; C1-3 : 1 000 m Contre-la-montre : <a href=\"https:\/\/olympics.com\/tokyo-2020\/paralympic-games\/en\/results\/cycling-track\/results-men-s-c1-3-1000m-time-trial-fnl-000100-.htm\">Finale<\/a><\/strong><br \/>\n<strong>Femmes &#8211; C4-5 : 500 m Contre-la-montre : <a href=\"https:\/\/olympics.com\/tokyo-2020\/paralympic-games\/en\/results\/cycling-track\/results-women-s-c4-5-500m-time-trial-fnl-000100-.htm\">Finale<\/a><\/strong><br \/>\n<strong>Hommes &#8211; C4 : 4 000 m Poursuite individuelle : <a href=\"https:\/\/olympics.com\/tokyo-2020\/paralympic-games\/en\/results\/cycling-track\/results-men-s-c4-4000m-individual-pursuit-fnl-000100-.htm\">Finale<\/a><\/strong><br \/>\n<strong>Hommes &#8211; C5 : 4 000 m Poursuite individuelle : <a href=\"https:\/\/olympics.com\/tokyo-2020\/paralympic-games\/en\/results\/cycling-track\/results-men-s-c5-4000m-individual-pursuit-fnl-000100-.htm\">Finale<\/a><\/strong><\/p>\n<h2 style=\"text-align: justify;\">Samedi 28 ao\u00fbt<\/h2>\n<p style=\"text-align: justify;\"><span style=\"text-decoration: underline;\"><em><strong>De 3h \u00e0 6h15<\/strong><\/em><\/span><\/p>\n<p style=\"text-align: justify;\"><strong>Femmes &#8211; B :<\/strong> 3 000 m Poursuite individuelle : <a href=\"https:\/\/olympics.com\/tokyo-2020\/paralympic-games\/en\/results\/cycling-track\/results-women-s-b-3000m-individual-pursuit-qual-000100-.htm\">Qualification<\/a><br \/>\n<strong>Mixtes &#8211; C1-5 :<\/strong> 750 m Vitesse par \u00e9quipe : <a href=\"https:\/\/olympics.com\/tokyo-2020\/paralympic-games\/en\/results\/cycling-track\/results-mixed-c1-5-750m-team-sprint-qual-000100-.htm\">Qualification<\/a><br \/>\n<strong>Hommes &#8211; B :<\/strong> <strong>1 000 m Contre-la-montre : <a href=\"https:\/\/olympics.com\/tokyo-2020\/paralympic-games\/en\/results\/cycling-track\/results-men-s-b-1000m-time-trial-fnl-000100-.htm\">Finale<\/a><\/strong><br \/>\n<strong>Femmes &#8211; B :<\/strong> <strong>3 000 m Poursuite individuelle : <a href=\"https:\/\/olympics.com\/tokyo-2020\/paralympic-games\/en\/results\/cycling-track\/results-women-s-b-3000m-individual-pursuit-fnl-000100-.htm\">Finale<\/a><\/strong><br \/>\n<strong>Mixtes &#8211; C1-5 : 750 m Vitesse par \u00e9quipe : <a href=\"https:\/\/olympics.com\/tokyo-2020\/paralympic-games\/en\/results\/cycling-track\/results-mixed-c1-5-750m-team-sprint-fnl-000100-.htm\">Finale<\/a><\/strong><\/p>\n<hr \/>\n<h2 style=\"text-align: justify;\">Les m\u00e9dailles<\/h2>\n<h3 style=\"text-align: justify;\">Femmes<\/h3>\n<div class=\"su-table su-table-alternate\">\n<table style=\"width: 800px;border-collapse: collapse\">\n<tbody>\n<tr>\n<td style=\"text-align: center;width: 200px\"><strong>\u00c9preuves<\/strong><\/td>\n<td style=\"background-color: #fff242;text-align: center;width: 200px\"><strong>&#x1f947; Or<\/strong><\/td>\n<td style=\"background-color: #a8a8a8;text-align: center;width: 200px\"><strong>&#x1f948; Argent<\/strong><\/td>\n<td style=\"background-color: #c97159;text-align: center;width: 200px\"><strong>&#x1f949; Bronze<\/strong><\/td>\n<\/tr>\n<tr>\n<td style=\"text-align: center;width: 200px\"><strong>C1-3 &#8211;<\/strong>\u00a0<strong>3 000 m Poursuite individuelle<\/strong><\/td>\n<td style=\"text-align: center;width: 200px\">&#x1f1e6;&#x1f1fa; Paige Greco<br \/>\n3\u203250\u2033815 <strong>WR<\/strong><\/td>\n<td style=\"text-align: center;width: 200px\">&#x1f1e8;&#x1f1f3; Wang Xiaomei<br \/>\n3\u203254\u2033975<\/td>\n<td style=\"text-align: center;width: 200px\">&#x1f1e9;&#x1f1ea; Denise Schindler<br \/>\n3\u203255\u2033120<\/td>\n<\/tr>\n<tr>\n<td style=\"text-align: center;width: 200px\"><strong>C4 &#8211;<\/strong>\u00a0<strong>3 000 m Poursuite individuelle<\/strong><\/td>\n<td style=\"text-align: center;width: 200px\">&#x1f1e6;&#x1f1fa; Emily Petricola<\/td>\n<td style=\"text-align: center;width: 200px\">&#x1f1fa;&#x1f1f8; Shawn Morelli (OVL)<\/td>\n<td style=\"text-align: center;width: 200px\">&#x1f1e8;&#x1f1e6; Keely Shaw<br \/>\n3\u203248\u2033342<\/td>\n<\/tr>\n<tr>\n<td style=\"text-align: center;width: 200px\"><strong>C5 &#8211;<\/strong> <strong>3 000 m Poursuite individuelle<\/strong><\/td>\n<td style=\"text-align: center;width: 200px\">&#x1f1ec;&#x1f1e7; Sarah Dame Storey<\/td>\n<td style=\"text-align: center;width: 200px\">&#x1f1ec;&#x1f1e7; Crystal Lane-Wright (OVL)<\/td>\n<td style=\"text-align: center;width: 200px\">&#x1f1eb;&#x1f1f7; Marie Patouillet<br \/>\n3\u203239\u2033233<\/td>\n<\/tr>\n<tr>\n<td style=\"text-align: center;width: 200px\"><strong>B &#8211;<\/strong>\u00a0<strong>1 000 m Contre-la-montre<\/strong><\/td>\n<td style=\"text-align: center;width: 200px\">&#x1f1f3;&#x1f1f1; Larissa Klaassen et Imke Brommer<br \/>\n1\u203205\u2033291 <strong>PR<\/strong><\/td>\n<td style=\"text-align: center;width: 200px\">&#x1f1ec;&#x1f1e7; Aileen McGlynn Obe et Helen Scott<br \/>\n1\u203206\u2033743<\/td>\n<td style=\"text-align: center;width: 200px\">&#x1f1e7;&#x1f1ea; Griet Hoet et Anneleen Monsieur<br \/>\n1\u203207\u2033943<\/td>\n<\/tr>\n<tr>\n<td style=\"text-align: center;width: 200px\"><strong>C1-3 &#8211;<\/strong>\u00a0<strong>500 m Contre-la-montre<\/strong><\/td>\n<td style=\"text-align: center;width: 200px\">&#x1f1e6;&#x1f1fa; Amanda Reid<br \/>\n38\u2033487<strong> WR C2<\/strong><\/td>\n<td style=\"text-align: center;width: 200px\">&#x1f1f3;&#x1f1f1; Alyda Norbruis<br \/>\n38\u2033002<\/td>\n<td style=\"text-align: center;width: 200px\">&#x1f1e8;&#x1f1f3; Wangwei Qian<br \/>\n41\u2033403 <strong>WR C1<\/strong><\/td>\n<\/tr>\n<tr>\n<td style=\"text-align: center;width: 200px\"><strong>C4-5 &#8211; 500 m Contre-la-montre<\/strong><\/td>\n<td style=\"text-align: center;width: 200px\">&#x1f1ec;&#x1f1e7; Kadeena Cox<br \/>\n34\u2033812 <strong>WR C4<\/strong><\/td>\n<td style=\"text-align: center;width: 200px\">&#x1f1e8;&#x1f1e6; Kate O&rsquo;Brien<br \/>\n35\u2033830<\/td>\n<td style=\"text-align: center;width: 200px\">&#x1f1f3;&#x1f1f1; Caroline Groot<br \/>\n35\u2033599 <strong>WR C5<\/strong><\/td>\n<\/tr>\n<tr>\n<td style=\"text-align: center;width: 200px\"><strong>B &#8211;\u00a03 000 m Poursuite individuelle<\/strong><\/td>\n<td style=\"text-align: center;width: 200px\">&#x1f1ec;&#x1f1e7; Lora Fachie<br \/>\n3\u203219\u2033560<\/td>\n<td style=\"text-align: center;width: 200px\">&#x1f1ee;&#x1f1ea; Katie-George Dunlevy<br \/>\n3\u203221\u2033505<\/td>\n<td style=\"text-align: center;width: 200px\">&#x1f1ec;&#x1f1e7; Sophie Unwin<br \/>\n3\u203223\u2033446<\/td>\n<\/tr>\n<\/tbody>\n<\/table>\n<\/div>\n<h3 style=\"text-align: justify;\">Hommes<\/h3>\n<div class=\"su-table su-table-alternate\">\n<table style=\"width: 800px;border-collapse: collapse\">\n<tbody>\n<tr>\n<td style=\"text-align: center;width: 200px\"><strong>\u00c9preuves<\/strong><\/td>\n<td style=\"background-color: #fff242;text-align: center;width: 200px\"><strong>&#x1f947; Or<\/strong><\/td>\n<td style=\"background-color: #a8a8a8;text-align: center;width: 200px\"><strong>&#x1f948; Argent<\/strong><\/td>\n<td style=\"background-color: #c97159;text-align: center;width: 200px\"><strong>&#x1f949; Bronze<\/strong><\/td>\n<\/tr>\n<tr>\n<td style=\"text-align: center;width: 200px\"><strong>B &#8211;<\/strong>\u00a0<strong>4 000 m Poursuite individuelle<\/strong><\/td>\n<td style=\"text-align: center;width: 200px\">&#x1f1f3;&#x1f1f1; Tristan Bangma et Patrick Bos<\/td>\n<td style=\"text-align: center;width: 200px\">&#x1f1ec;&#x1f1e7; Stephen Bate et Adam Duggleby (OVL)<\/td>\n<td style=\"text-align: center;width: 200px\">&#x1f1f5;&#x1f1f1; Marcin Polak et Michal Ladosz<br \/>\n4\u203207\u2033850<\/td>\n<\/tr>\n<tr>\n<td style=\"text-align: center;width: 200px\"><strong>C4-5 &#8211; 1 000 m Contre-la-montre<\/strong><\/td>\n<td style=\"text-align: center;width: 200px\">&#x1f1ea;&#x1f1f8; Alfonso Cabello Llamas<br \/>\n1\u203201\u2033557 <strong>WR<\/strong><\/td>\n<td style=\"text-align: center;width: 200px\">&#x1f1ec;&#x1f1e7; Jody Cundy<br \/>\n1\u203202\u2033529 <strong>PR<\/strong><\/td>\n<td style=\"text-align: center;width: 200px\">&#x1f1f8;&#x1f1f0; Jozef Metelka<br \/>\n1\u203205\u2033500<\/td>\n<\/tr>\n<tr>\n<td style=\"text-align: center;width: 200px\"><strong>C1 &#8211; 3 000 m Poursuite individuelle<\/strong><\/td>\n<td style=\"text-align: center;width: 200px\"><strong><span style=\"font-size: 0.9em\"><img loading=\"lazy\" decoding=\"async\" class=\"alignnone wp-image-143866\" src=\"https:\/\/dicodusport.fr\/blog\/wp-content\/uploads\/2021\/07\/Comite-olympique-russe-591x1024.png\" alt=\"\" width=\"9\" height=\"15\" srcset=\"https:\/\/dicodusport.fr\/blog\/wp-content\/uploads\/2021\/07\/Comite-olympique-russe-591x1024.png 591w, https:\/\/dicodusport.fr\/blog\/wp-content\/uploads\/2021\/07\/Comite-olympique-russe-173x300.png 173w, https:\/\/dicodusport.fr\/blog\/wp-content\/uploads\/2021\/07\/Comite-olympique-russe-768x1331.png 768w, https:\/\/dicodusport.fr\/blog\/wp-content\/uploads\/2021\/07\/Comite-olympique-russe-887x1536.png 887w, https:\/\/dicodusport.fr\/blog\/wp-content\/uploads\/2021\/07\/Comite-olympique-russe-1182x2048.png 1182w, https:\/\/dicodusport.fr\/blog\/wp-content\/uploads\/2021\/07\/Comite-olympique-russe.png 2001w\" sizes=\"auto, (max-width: 9px) 100vw, 9px\" \/> <\/span><\/strong>Mikhail Astashov<\/td>\n<td style=\"text-align: center;width: 200px\">&#x1f1e8;&#x1f1e6; Tristen Chernove (OVL)<\/td>\n<td style=\"text-align: center;width: 200px\">&#x1f1e8;&#x1f1f3; Zhangyu Li<br \/>\n3\u203239\u2033273<\/td>\n<\/tr>\n<tr>\n<td style=\"text-align: center;width: 200px\"><strong>C2 &#8211; 3 000 m Poursuite individuelle<\/strong><\/td>\n<td style=\"text-align: center;width: 200px\">&#x1f1eb;&#x1f1f7; Alexandre L\u00e9aut\u00e9<br \/>\n3\u203231\u2033478 <strong>WR<\/strong><\/td>\n<td style=\"text-align: center;width: 200px\">&#x1f1e6;&#x1f1fa; Darren Hicks<br \/>\n3\u203235\u2033064<\/td>\n<td style=\"text-align: center;width: 200px\">&#x1f1e8;&#x1f1f3; Guihua Liang<br \/>\n3\u203234\u2033781<\/td>\n<\/tr>\n<tr>\n<td style=\"text-align: center;width: 200px\"><strong>C3 &#8211; 3 000 m Poursuite individuelle<\/strong><\/td>\n<td style=\"text-align: center;width: 200px\">&#x1f1ec;&#x1f1e7; Jaco van Gass<br \/>\n3\u203220\u2033987<\/td>\n<td style=\"text-align: center;width: 200px\">&#x1f1ec;&#x1f1e7; Finlay Graham<br \/>\n3\u203222\u2033000<\/td>\n<td style=\"text-align: center;width: 200px\">&#x1f1e6;&#x1f1fa; David Nicholas<br \/>\n3\u203225\u2033877<\/td>\n<\/tr>\n<tr>\n<td style=\"text-align: center;width: 200px\"><strong>C1-3 &#8211; 1 000 m Contre-la-montre<\/strong><\/td>\n<td style=\"text-align: center;width: 200px\">&#x1f1e8;&#x1f1f3; Zhangyu Li<br \/>\n1\u203208\u2033347 <strong>WR C1<\/strong><\/td>\n<td style=\"text-align: center;width: 200px\">&#x1f1eb;&#x1f1f7; Alexandre L\u00e9aut\u00e9<br \/>\n1\u203209\u2033211 <strong>WR C2<\/strong><\/td>\n<td style=\"text-align: center;width: 200px\">&#x1f1ec;&#x1f1e7; Jaco van Gass<br \/>\n1\u203205\u2033569 <strong>WR C3<\/strong><\/td>\n<\/tr>\n<tr>\n<td style=\"text-align: center;width: 200px\"><strong>C4 &#8211; 4 000 m Poursuite individuelle<\/strong><\/td>\n<td style=\"text-align: center;width: 200px\">&#x1f1f8;&#x1f1f0; Jozef Metelka<\/td>\n<td style=\"text-align: center;width: 200px\">&#x1f1f7;&#x1f1f4; Carol-Eduard Novak (OVL)<\/td>\n<td style=\"text-align: center;width: 200px\">&#x1f1e8;&#x1f1f4; Diego German Duenas<br \/>\n4\u203235\u2033607<\/td>\n<\/tr>\n<tr>\n<td style=\"text-align: center;width: 200px\"><strong>C5 &#8211; 4 000 m Poursuite individuelle<\/strong><\/td>\n<td style=\"text-align: center;width: 200px\">&#x1f1eb;&#x1f1f7; Dorian Foulon<br \/>\n4\u203220\u2033757<\/td>\n<td style=\"text-align: center;width: 200px\">&#x1f1e6;&#x1f1fa; Alistair Donohoe<br \/>\n4\u203224\u2033095<\/td>\n<td style=\"text-align: center;width: 200px\">&#x1f1fa;&#x1f1e6; Yehor Dementyev<br \/>\n4\u203222\u2033746<\/td>\n<\/tr>\n<tr>\n<td style=\"text-align: center;width: 200px\"><strong>B : 1 000 m Contre-la-montre<\/strong><\/td>\n<td style=\"text-align: center;width: 200px\">&#x1f1ec;&#x1f1e7; Neil Fachie<br \/>\n58\u2033038 <strong>WR<\/strong><\/td>\n<td style=\"text-align: center;width: 200px\">&#x1f1ec;&#x1f1e7; James Ball<br \/>\n59\u2033503<\/td>\n<td style=\"text-align: center;width: 200px\">&#x1f1eb;&#x1f1f7; Rapha\u00ebl Beaugillet<br \/>\n1\u203200\u2033472<\/td>\n<\/tr>\n<\/tbody>\n<\/table>\n<\/div>\n<h3><strong>Mixtes<\/strong><\/h3>\n<div class=\"su-table su-table-alternate\">\n<table style=\"width: 800px;border-collapse: collapse\">\n<tbody>\n<tr>\n<td style=\"text-align: center;width: 200px\"><strong>\u00c9preuves<\/strong><\/td>\n<td style=\"background-color: #fff242;text-align: center;width: 200px\"><strong>&#x1f947; Or<\/strong><\/td>\n<td style=\"background-color: #a8a8a8;text-align: center;width: 200px\"><strong>&#x1f948; Argent<\/strong><\/td>\n<td style=\"background-color: #c97159;text-align: center;width: 200px\"><strong>&#x1f949; Bronze<\/strong><\/td>\n<\/tr>\n<tr>\n<td style=\"text-align: center;width: 200px\"><strong>C1-5 &#8211; 750 m Vitesse par \u00e9quipe<\/strong><\/td>\n<td style=\"text-align: center;width: 200px\">&#x1f1ec;&#x1f1e7; Grande-Bretagne<br \/>\n47\u2033579 <strong>WR<\/strong><\/td>\n<td style=\"text-align: center;width: 200px\">&#x1f1e8;&#x1f1f3; Chine<br \/>\n47\u2033685<\/td>\n<td style=\"text-align: center;width: 200px\">&#x1f1ea;&#x1f1f8; Espagne<br \/>\n49\u2033209<\/td>\n<\/tr>\n<\/tbody>\n<\/table>\n<\/div>\n<p><span style=\"font-size: 14px;\"><em>PR : Record paralympique<br \/>\nWR : Record du monde<br \/>\n(OVL) : Un tour de retard = course non termin\u00e9e, sans temps<\/em><\/span><\/p>\n","protected":false},"excerpt":{"rendered":"<p>JEUX PARALYMPIQUES DE TOKYO 2020 \u2013 Les \u00e9preuves de cyclisme sur piste aux Jeux Paralympiques de Tokyo ont lieu du 25 au 28 ao\u00fbt. Voici le calendrier et les r\u00e9sultats des \u00e9preuves.<\/p>\n","protected":false},"author":12,"featured_media":159453,"comment_status":"open","ping_status":"closed","sticky":false,"template":"","format":"standard","meta":{"_acf_changed":false,"_daextam_enable_autolinks":"","footnotes":""},"categories":[14089,14180],"tags":[1664,1964,13396],"class_list":["post-158913","post","type-post","status-publish","format-standard","has-post-thumbnail","hentry","category-cyclisme-sur-piste","category-jeux-paralympiques-tokyo-2020","tag-cyclisme-sur-piste","tag-jeux-paralympiques","tag-jeux-paralympiques-de-tokyo"],"acf":[],"yoast_head":"<!-- This site is optimized with the Yoast SEO Premium plugin v26.7 (Yoast SEO v26.7) - https:\/\/yoast.com\/wordpress\/plugins\/seo\/ -->\n<title>Cyclisme sur piste - Jeux Paralympiques de Tokyo : calendrier et r\u00e9sultats<\/title>\n<meta name=\"description\" content=\"JEUX PARALYMPIQUES DE TOKYO 2020 \u2013 D\u00e9couvrez le calendrier et les r\u00e9sultats des \u00e9preuves de cyclisme sur piste aux Jeux Paralympiques.\" \/>\n<meta name=\"robots\" content=\"index, follow, max-snippet:-1, max-image-preview:large, max-video-preview:-1\" \/>\n<link rel=\"canonical\" href=\"https:\/\/dicodusport.fr\/blog\/cyclisme-sur-piste-jeux-paralympiques-tokyo-calendrier-et-resultats\/\" \/>\n<meta property=\"og:locale\" content=\"fr_FR\" \/>\n<meta property=\"og:type\" content=\"article\" \/>\n<meta property=\"og:title\" content=\"Cyclisme sur piste - Jeux Paralympiques de Tokyo : calendrier et r\u00e9sultats\" \/>\n<meta property=\"og:description\" content=\"JEUX PARALYMPIQUES DE TOKYO 2020 \u2013 D\u00e9couvrez le calendrier et les r\u00e9sultats des \u00e9preuves de cyclisme sur piste aux Jeux Paralympiques.\" \/>\n<meta property=\"og:url\" content=\"https:\/\/dicodusport.fr\/blog\/cyclisme-sur-piste-jeux-paralympiques-tokyo-calendrier-et-resultats\/\" \/>\n<meta property=\"og:site_name\" content=\"Dicodusport\" \/>\n<meta property=\"article:publisher\" content=\"https:\/\/www.facebook.com\/dicodusport\" \/>\n<meta property=\"article:published_time\" content=\"2021-08-25T13:37:45+00:00\" \/>\n<meta property=\"article:modified_time\" content=\"2021-08-28T09:32:54+00:00\" \/>\n<meta property=\"og:image\" content=\"https:\/\/dicodusport.fr\/blog\/wp-content\/uploads\/2021\/07\/Cyclisme-sur-piste-Jeux-Paralympiques-de-Tokyo-calendrier-et-resultats.png\" \/>\n\t<meta property=\"og:image:width\" content=\"1200\" \/>\n\t<meta property=\"og:image:height\" content=\"670\" \/>\n\t<meta property=\"og:image:type\" content=\"image\/png\" \/>\n<meta name=\"author\" content=\"Arlette Yeye\" \/>\n<meta name=\"twitter:card\" content=\"summary_large_image\" \/>\n<meta name=\"twitter:title\" content=\"Cyclisme sur piste - Jeux Paralympiques de Tokyo : calendrier et r\u00e9sultats\" \/>\n<meta name=\"twitter:creator\" content=\"@https:\/\/twitter.com\/Shiclette94\" \/>\n<meta name=\"twitter:site\" content=\"@dicodusport\" \/>\n<script type=\"application\/ld+json\" class=\"yoast-schema-graph\">{\"@context\":\"https:\/\/schema.org\",\"@graph\":[{\"@type\":\"NewsArticle\",\"@id\":\"https:\/\/dicodusport.fr\/blog\/cyclisme-sur-piste-jeux-paralympiques-tokyo-calendrier-et-resultats\/#article\",\"isPartOf\":{\"@id\":\"https:\/\/dicodusport.fr\/blog\/cyclisme-sur-piste-jeux-paralympiques-tokyo-calendrier-et-resultats\/\"},\"author\":{\"name\":\"Arlette Yeye\",\"@id\":\"https:\/\/dicodusport.fr\/blog\/#\/schema\/person\/cce96fa88785bd8573e3d43078ac8c79\"},\"headline\":\"Cyclisme sur piste &#8211; Jeux Paralympiques de Tokyo : calendrier et r\u00e9sultats\",\"datePublished\":\"2021-08-25T13:37:45+00:00\",\"dateModified\":\"2021-08-28T09:32:54+00:00\",\"mainEntityOfPage\":{\"@id\":\"https:\/\/dicodusport.fr\/blog\/cyclisme-sur-piste-jeux-paralympiques-tokyo-calendrier-et-resultats\/\"},\"wordCount\":918,\"commentCount\":0,\"publisher\":{\"@id\":\"https:\/\/dicodusport.fr\/blog\/#organization\"},\"image\":{\"@id\":\"https:\/\/dicodusport.fr\/blog\/cyclisme-sur-piste-jeux-paralympiques-tokyo-calendrier-et-resultats\/#primaryimage\"},\"thumbnailUrl\":\"https:\/\/dicodusport.fr\/blog\/wp-content\/uploads\/2021\/07\/Cyclisme-sur-piste-Jeux-Paralympiques-de-Tokyo-calendrier-et-resultats.png\",\"keywords\":[\"cyclisme sur piste\",\"jeux paralympiques\",\"Jeux Paralympiques de Tokyo\"],\"articleSection\":[\"Cyclisme sur piste\",\"Jeux Paralympiques de Tokyo 2020\"],\"inLanguage\":\"fr-FR\",\"potentialAction\":[{\"@type\":\"CommentAction\",\"name\":\"Comment\",\"target\":[\"https:\/\/dicodusport.fr\/blog\/cyclisme-sur-piste-jeux-paralympiques-tokyo-calendrier-et-resultats\/#respond\"]}],\"copyrightYear\":\"2021\",\"copyrightHolder\":{\"@id\":\"https:\/\/dicodusport.fr\/blog\/#organization\"}},{\"@type\":\"WebPage\",\"@id\":\"https:\/\/dicodusport.fr\/blog\/cyclisme-sur-piste-jeux-paralympiques-tokyo-calendrier-et-resultats\/\",\"url\":\"https:\/\/dicodusport.fr\/blog\/cyclisme-sur-piste-jeux-paralympiques-tokyo-calendrier-et-resultats\/\",\"name\":\"Cyclisme sur piste - Jeux Paralympiques de Tokyo : calendrier et r\u00e9sultats\",\"isPartOf\":{\"@id\":\"https:\/\/dicodusport.fr\/blog\/#website\"},\"primaryImageOfPage\":{\"@id\":\"https:\/\/dicodusport.fr\/blog\/cyclisme-sur-piste-jeux-paralympiques-tokyo-calendrier-et-resultats\/#primaryimage\"},\"image\":{\"@id\":\"https:\/\/dicodusport.fr\/blog\/cyclisme-sur-piste-jeux-paralympiques-tokyo-calendrier-et-resultats\/#primaryimage\"},\"thumbnailUrl\":\"https:\/\/dicodusport.fr\/blog\/wp-content\/uploads\/2021\/07\/Cyclisme-sur-piste-Jeux-Paralympiques-de-Tokyo-calendrier-et-resultats.png\",\"datePublished\":\"2021-08-25T13:37:45+00:00\",\"dateModified\":\"2021-08-28T09:32:54+00:00\",\"description\":\"JEUX PARALYMPIQUES DE TOKYO 2020 \u2013 D\u00e9couvrez le calendrier et les r\u00e9sultats des \u00e9preuves de cyclisme sur piste aux Jeux Paralympiques.\",\"breadcrumb\":{\"@id\":\"https:\/\/dicodusport.fr\/blog\/cyclisme-sur-piste-jeux-paralympiques-tokyo-calendrier-et-resultats\/#breadcrumb\"},\"inLanguage\":\"fr-FR\",\"potentialAction\":[{\"@type\":\"ReadAction\",\"target\":[\"https:\/\/dicodusport.fr\/blog\/cyclisme-sur-piste-jeux-paralympiques-tokyo-calendrier-et-resultats\/\"]}]},{\"@type\":\"ImageObject\",\"inLanguage\":\"fr-FR\",\"@id\":\"https:\/\/dicodusport.fr\/blog\/cyclisme-sur-piste-jeux-paralympiques-tokyo-calendrier-et-resultats\/#primaryimage\",\"url\":\"https:\/\/dicodusport.fr\/blog\/wp-content\/uploads\/2021\/07\/Cyclisme-sur-piste-Jeux-Paralympiques-de-Tokyo-calendrier-et-resultats.png\",\"contentUrl\":\"https:\/\/dicodusport.fr\/blog\/wp-content\/uploads\/2021\/07\/Cyclisme-sur-piste-Jeux-Paralympiques-de-Tokyo-calendrier-et-resultats.png\",\"width\":1200,\"height\":670,\"caption\":\"Cyclisme sur piste - Jeux Paralympiques de Tokyo calendrier et r\u00e9sultats\"},{\"@type\":\"BreadcrumbList\",\"@id\":\"https:\/\/dicodusport.fr\/blog\/cyclisme-sur-piste-jeux-paralympiques-tokyo-calendrier-et-resultats\/#breadcrumb\",\"itemListElement\":[{\"@type\":\"ListItem\",\"position\":1,\"name\":\"Accueil\",\"item\":\"https:\/\/dicodusport.fr\/blog\/\"},{\"@type\":\"ListItem\",\"position\":2,\"name\":\"Cyclisme sur piste &#8211; Jeux Paralympiques de Tokyo : calendrier et r\u00e9sultats\"}]},{\"@type\":\"WebSite\",\"@id\":\"https:\/\/dicodusport.fr\/blog\/#website\",\"url\":\"https:\/\/dicodusport.fr\/blog\/\",\"name\":\"Dicodusport\",\"description\":\"L&#039;encyclop\u00e9die de l&#039;actualit\u00e9 sportive\",\"publisher\":{\"@id\":\"https:\/\/dicodusport.fr\/blog\/#organization\"},\"potentialAction\":[{\"@type\":\"SearchAction\",\"target\":{\"@type\":\"EntryPoint\",\"urlTemplate\":\"https:\/\/dicodusport.fr\/blog\/?s={search_term_string}\"},\"query-input\":{\"@type\":\"PropertyValueSpecification\",\"valueRequired\":true,\"valueName\":\"search_term_string\"}}],\"inLanguage\":\"fr-FR\"},{\"@type\":\"NewsMediaOrganization\",\"@id\":\"https:\/\/dicodusport.fr\/blog\/#organization\",\"name\":\"Dicodusport\",\"url\":\"https:\/\/dicodusport.fr\/blog\/\",\"logo\":{\"@type\":\"ImageObject\",\"inLanguage\":\"fr-FR\",\"@id\":\"https:\/\/dicodusport.fr\/blog\/#\/schema\/logo\/image\/\",\"url\":\"https:\/\/dicodusport.fr\/blog\/wp-content\/uploads\/2020\/06\/cropped-LOGO-DICODUSPORT-2020-SANS-FOND-SANS-TEXTE.png\",\"contentUrl\":\"https:\/\/dicodusport.fr\/blog\/wp-content\/uploads\/2020\/06\/cropped-LOGO-DICODUSPORT-2020-SANS-FOND-SANS-TEXTE.png\",\"width\":512,\"height\":512,\"caption\":\"Dicodusport\"},\"image\":{\"@id\":\"https:\/\/dicodusport.fr\/blog\/#\/schema\/logo\/image\/\"},\"sameAs\":[\"https:\/\/www.facebook.com\/dicodusport\",\"https:\/\/x.com\/dicodusport\",\"https:\/\/www.instagram.com\/dicodusport\/\",\"https:\/\/www.youtube.com\/channel\/UC7V2KZ5sd3htJivAbA4ZG3w\"],\"description\":\"Dicodusport est l'encyclop\u00e9die de l'actualit\u00e9 sportive.\",\"email\":\"bonjour@dicodusport.fr\",\"legalName\":\"DICODUSPORT\",\"foundingDate\":\"2018-01-14\",\"vatID\":\"FR71834470973\",\"taxID\":\"83447097300043\",\"numberOfEmployees\":{\"@type\":\"QuantitativeValue\",\"minValue\":\"1\",\"maxValue\":\"10\"}},{\"@type\":\"Person\",\"@id\":\"https:\/\/dicodusport.fr\/blog\/#\/schema\/person\/cce96fa88785bd8573e3d43078ac8c79\",\"name\":\"Arlette Yeye\",\"image\":{\"@type\":\"ImageObject\",\"inLanguage\":\"fr-FR\",\"@id\":\"https:\/\/dicodusport.fr\/blog\/#\/schema\/person\/image\/\",\"url\":\"https:\/\/secure.gravatar.com\/avatar\/dca4a6239e6d708e46c45d60e160de6c?s=96&d=wp_user_avatar&r=g\",\"contentUrl\":\"https:\/\/secure.gravatar.com\/avatar\/dca4a6239e6d708e46c45d60e160de6c?s=96&d=wp_user_avatar&r=g\",\"caption\":\"Arlette Yeye\"},\"description\":\"Journaliste\/r\u00e9dactrice depuis septembre 2015 - Supportrice de Chelsea, j'ai pour sports de pr\u00e9dilection le handball, l'athl\u00e9tisme et le tennis. Si je tweete plus vite que mon ombre, vous pouvez aussi me retrouver les week-ends sur les playgrounds de Bruxelles pour un petit foot ou basket entre potes. Parcourir la France, l'Europe et plus si affinit\u00e9s pour suivre mes sportifs pr\u00e9f\u00e9r\u00e9s ? Mon kif ! Et c'est avec plaisir que je partage les r\u00e9sultats des sports populaires mais \u00e9galement plus confidentiels pour Dicodusport.\",\"sameAs\":[\"https:\/\/x.com\/https:\/\/twitter.com\/Shiclette94\"],\"url\":\"https:\/\/dicodusport.fr\/blog\/author\/arlette\/\"}]}<\/script>\n<!-- \/ Yoast SEO Premium plugin. -->","yoast_head_json":{"title":"Cyclisme sur piste - Jeux Paralympiques de Tokyo : calendrier et r\u00e9sultats","description":"JEUX PARALYMPIQUES DE TOKYO 2020 \u2013 D\u00e9couvrez le calendrier et les r\u00e9sultats des \u00e9preuves de cyclisme sur piste aux Jeux Paralympiques.","robots":{"index":"index","follow":"follow","max-snippet":"max-snippet:-1","max-image-preview":"max-image-preview:large","max-video-preview":"max-video-preview:-1"},"canonical":"https:\/\/dicodusport.fr\/blog\/cyclisme-sur-piste-jeux-paralympiques-tokyo-calendrier-et-resultats\/","og_locale":"fr_FR","og_type":"article","og_title":"Cyclisme sur piste - Jeux Paralympiques de Tokyo : calendrier et r\u00e9sultats","og_description":"JEUX PARALYMPIQUES DE TOKYO 2020 \u2013 D\u00e9couvrez le calendrier et les r\u00e9sultats des \u00e9preuves de cyclisme sur piste aux Jeux Paralympiques.","og_url":"https:\/\/dicodusport.fr\/blog\/cyclisme-sur-piste-jeux-paralympiques-tokyo-calendrier-et-resultats\/","og_site_name":"Dicodusport","article_publisher":"https:\/\/www.facebook.com\/dicodusport","article_published_time":"2021-08-25T13:37:45+00:00","article_modified_time":"2021-08-28T09:32:54+00:00","og_image":[{"width":1200,"height":670,"url":"https:\/\/dicodusport.fr\/blog\/wp-content\/uploads\/2021\/07\/Cyclisme-sur-piste-Jeux-Paralympiques-de-Tokyo-calendrier-et-resultats.png","type":"image\/png"}],"author":"Arlette Yeye","twitter_card":"summary_large_image","twitter_title":"Cyclisme sur piste - Jeux Paralympiques de Tokyo : calendrier et r\u00e9sultats","twitter_creator":"@https:\/\/twitter.com\/Shiclette94","twitter_site":"@dicodusport","schema":{"@context":"https:\/\/schema.org","@graph":[{"@type":"NewsArticle","@id":"https:\/\/dicodusport.fr\/blog\/cyclisme-sur-piste-jeux-paralympiques-tokyo-calendrier-et-resultats\/#article","isPartOf":{"@id":"https:\/\/dicodusport.fr\/blog\/cyclisme-sur-piste-jeux-paralympiques-tokyo-calendrier-et-resultats\/"},"author":{"name":"Arlette Yeye","@id":"https:\/\/dicodusport.fr\/blog\/#\/schema\/person\/cce96fa88785bd8573e3d43078ac8c79"},"headline":"Cyclisme sur piste &#8211; Jeux Paralympiques de Tokyo : calendrier et r\u00e9sultats","datePublished":"2021-08-25T13:37:45+00:00","dateModified":"2021-08-28T09:32:54+00:00","mainEntityOfPage":{"@id":"https:\/\/dicodusport.fr\/blog\/cyclisme-sur-piste-jeux-paralympiques-tokyo-calendrier-et-resultats\/"},"wordCount":918,"commentCount":0,"publisher":{"@id":"https:\/\/dicodusport.fr\/blog\/#organization"},"image":{"@id":"https:\/\/dicodusport.fr\/blog\/cyclisme-sur-piste-jeux-paralympiques-tokyo-calendrier-et-resultats\/#primaryimage"},"thumbnailUrl":"https:\/\/dicodusport.fr\/blog\/wp-content\/uploads\/2021\/07\/Cyclisme-sur-piste-Jeux-Paralympiques-de-Tokyo-calendrier-et-resultats.png","keywords":["cyclisme sur piste","jeux paralympiques","Jeux Paralympiques de Tokyo"],"articleSection":["Cyclisme sur piste","Jeux Paralympiques de Tokyo 2020"],"inLanguage":"fr-FR","potentialAction":[{"@type":"CommentAction","name":"Comment","target":["https:\/\/dicodusport.fr\/blog\/cyclisme-sur-piste-jeux-paralympiques-tokyo-calendrier-et-resultats\/#respond"]}],"copyrightYear":"2021","copyrightHolder":{"@id":"https:\/\/dicodusport.fr\/blog\/#organization"}},{"@type":"WebPage","@id":"https:\/\/dicodusport.fr\/blog\/cyclisme-sur-piste-jeux-paralympiques-tokyo-calendrier-et-resultats\/","url":"https:\/\/dicodusport.fr\/blog\/cyclisme-sur-piste-jeux-paralympiques-tokyo-calendrier-et-resultats\/","name":"Cyclisme sur piste - Jeux Paralympiques de Tokyo : calendrier et r\u00e9sultats","isPartOf":{"@id":"https:\/\/dicodusport.fr\/blog\/#website"},"primaryImageOfPage":{"@id":"https:\/\/dicodusport.fr\/blog\/cyclisme-sur-piste-jeux-paralympiques-tokyo-calendrier-et-resultats\/#primaryimage"},"image":{"@id":"https:\/\/dicodusport.fr\/blog\/cyclisme-sur-piste-jeux-paralympiques-tokyo-calendrier-et-resultats\/#primaryimage"},"thumbnailUrl":"https:\/\/dicodusport.fr\/blog\/wp-content\/uploads\/2021\/07\/Cyclisme-sur-piste-Jeux-Paralympiques-de-Tokyo-calendrier-et-resultats.png","datePublished":"2021-08-25T13:37:45+00:00","dateModified":"2021-08-28T09:32:54+00:00","description":"JEUX PARALYMPIQUES DE TOKYO 2020 \u2013 D\u00e9couvrez le calendrier et les r\u00e9sultats des \u00e9preuves de cyclisme sur piste aux Jeux Paralympiques.","breadcrumb":{"@id":"https:\/\/dicodusport.fr\/blog\/cyclisme-sur-piste-jeux-paralympiques-tokyo-calendrier-et-resultats\/#breadcrumb"},"inLanguage":"fr-FR","potentialAction":[{"@type":"ReadAction","target":["https:\/\/dicodusport.fr\/blog\/cyclisme-sur-piste-jeux-paralympiques-tokyo-calendrier-et-resultats\/"]}]},{"@type":"ImageObject","inLanguage":"fr-FR","@id":"https:\/\/dicodusport.fr\/blog\/cyclisme-sur-piste-jeux-paralympiques-tokyo-calendrier-et-resultats\/#primaryimage","url":"https:\/\/dicodusport.fr\/blog\/wp-content\/uploads\/2021\/07\/Cyclisme-sur-piste-Jeux-Paralympiques-de-Tokyo-calendrier-et-resultats.png","contentUrl":"https:\/\/dicodusport.fr\/blog\/wp-content\/uploads\/2021\/07\/Cyclisme-sur-piste-Jeux-Paralympiques-de-Tokyo-calendrier-et-resultats.png","width":1200,"height":670,"caption":"Cyclisme sur piste - Jeux Paralympiques de Tokyo calendrier et r\u00e9sultats"},{"@type":"BreadcrumbList","@id":"https:\/\/dicodusport.fr\/blog\/cyclisme-sur-piste-jeux-paralympiques-tokyo-calendrier-et-resultats\/#breadcrumb","itemListElement":[{"@type":"ListItem","position":1,"name":"Accueil","item":"https:\/\/dicodusport.fr\/blog\/"},{"@type":"ListItem","position":2,"name":"Cyclisme sur piste &#8211; Jeux Paralympiques de Tokyo : calendrier et r\u00e9sultats"}]},{"@type":"WebSite","@id":"https:\/\/dicodusport.fr\/blog\/#website","url":"https:\/\/dicodusport.fr\/blog\/","name":"Dicodusport","description":"L&#039;encyclop\u00e9die de l&#039;actualit\u00e9 sportive","publisher":{"@id":"https:\/\/dicodusport.fr\/blog\/#organization"},"potentialAction":[{"@type":"SearchAction","target":{"@type":"EntryPoint","urlTemplate":"https:\/\/dicodusport.fr\/blog\/?s={search_term_string}"},"query-input":{"@type":"PropertyValueSpecification","valueRequired":true,"valueName":"search_term_string"}}],"inLanguage":"fr-FR"},{"@type":"NewsMediaOrganization","@id":"https:\/\/dicodusport.fr\/blog\/#organization","name":"Dicodusport","url":"https:\/\/dicodusport.fr\/blog\/","logo":{"@type":"ImageObject","inLanguage":"fr-FR","@id":"https:\/\/dicodusport.fr\/blog\/#\/schema\/logo\/image\/","url":"https:\/\/dicodusport.fr\/blog\/wp-content\/uploads\/2020\/06\/cropped-LOGO-DICODUSPORT-2020-SANS-FOND-SANS-TEXTE.png","contentUrl":"https:\/\/dicodusport.fr\/blog\/wp-content\/uploads\/2020\/06\/cropped-LOGO-DICODUSPORT-2020-SANS-FOND-SANS-TEXTE.png","width":512,"height":512,"caption":"Dicodusport"},"image":{"@id":"https:\/\/dicodusport.fr\/blog\/#\/schema\/logo\/image\/"},"sameAs":["https:\/\/www.facebook.com\/dicodusport","https:\/\/x.com\/dicodusport","https:\/\/www.instagram.com\/dicodusport\/","https:\/\/www.youtube.com\/channel\/UC7V2KZ5sd3htJivAbA4ZG3w"],"description":"Dicodusport est l'encyclop\u00e9die de l'actualit\u00e9 sportive.","email":"bonjour@dicodusport.fr","legalName":"DICODUSPORT","foundingDate":"2018-01-14","vatID":"FR71834470973","taxID":"83447097300043","numberOfEmployees":{"@type":"QuantitativeValue","minValue":"1","maxValue":"10"}},{"@type":"Person","@id":"https:\/\/dicodusport.fr\/blog\/#\/schema\/person\/cce96fa88785bd8573e3d43078ac8c79","name":"Arlette Yeye","image":{"@type":"ImageObject","inLanguage":"fr-FR","@id":"https:\/\/dicodusport.fr\/blog\/#\/schema\/person\/image\/","url":"https:\/\/secure.gravatar.com\/avatar\/dca4a6239e6d708e46c45d60e160de6c?s=96&d=wp_user_avatar&r=g","contentUrl":"https:\/\/secure.gravatar.com\/avatar\/dca4a6239e6d708e46c45d60e160de6c?s=96&d=wp_user_avatar&r=g","caption":"Arlette Yeye"},"description":"Journaliste\/r\u00e9dactrice depuis septembre 2015 - Supportrice de Chelsea, j'ai pour sports de pr\u00e9dilection le handball, l'athl\u00e9tisme et le tennis. Si je tweete plus vite que mon ombre, vous pouvez aussi me retrouver les week-ends sur les playgrounds de Bruxelles pour un petit foot ou basket entre potes. Parcourir la France, l'Europe et plus si affinit\u00e9s pour suivre mes sportifs pr\u00e9f\u00e9r\u00e9s ? Mon kif ! Et c'est avec plaisir que je partage les r\u00e9sultats des sports populaires mais \u00e9galement plus confidentiels pour Dicodusport.","sameAs":["https:\/\/x.com\/https:\/\/twitter.com\/Shiclette94"],"url":"https:\/\/dicodusport.fr\/blog\/author\/arlette\/"}]}},"_links":{"self":[{"href":"https:\/\/dicodusport.fr\/blog\/wp-json\/wp\/v2\/posts\/158913","targetHints":{"allow":["GET"]}}],"collection":[{"href":"https:\/\/dicodusport.fr\/blog\/wp-json\/wp\/v2\/posts"}],"about":[{"href":"https:\/\/dicodusport.fr\/blog\/wp-json\/wp\/v2\/types\/post"}],"author":[{"embeddable":true,"href":"https:\/\/dicodusport.fr\/blog\/wp-json\/wp\/v2\/users\/12"}],"replies":[{"embeddable":true,"href":"https:\/\/dicodusport.fr\/blog\/wp-json\/wp\/v2\/comments?post=158913"}],"version-history":[{"count":0,"href":"https:\/\/dicodusport.fr\/blog\/wp-json\/wp\/v2\/posts\/158913\/revisions"}],"wp:featuredmedia":[{"embeddable":true,"href":"https:\/\/dicodusport.fr\/blog\/wp-json\/wp\/v2\/media\/159453"}],"wp:attachment":[{"href":"https:\/\/dicodusport.fr\/blog\/wp-json\/wp\/v2\/media?parent=158913"}],"wp:term":[{"taxonomy":"category","embeddable":true,"href":"https:\/\/dicodusport.fr\/blog\/wp-json\/wp\/v2\/categories?post=158913"},{"taxonomy":"post_tag","embeddable":true,"href":"https:\/\/dicodusport.fr\/blog\/wp-json\/wp\/v2\/tags?post=158913"}],"curies":[{"name":"wp","href":"https:\/\/api.w.org\/{rel}","templated":true}]}}