{"id":158919,"date":"2021-08-19T10:24:22","date_gmt":"2021-08-19T08:24:22","guid":{"rendered":"https:\/\/dicodusport.fr\/blog\/?p=158919&#038;preview=true&#038;preview_id=158919"},"modified":"2021-09-05T07:51:24","modified_gmt":"2021-09-05T05:51:24","slug":"basket-fauteuil-masculin-jeux-paralympiques-de-tokyo-calendrier-et-resultats","status":"publish","type":"post","link":"https:\/\/dicodusport.fr\/blog\/basket-fauteuil-masculin-jeux-paralympiques-de-tokyo-calendrier-et-resultats\/","title":{"rendered":"Basket fauteuil masculin &#8211; Jeux Paralympiques de Tokyo : calendrier et r\u00e9sultats"},"content":{"rendered":"<p style=\"text-align: justify;\"><em><strong><a href=\"https:\/\/dicodusport.fr\/blog\/actualites\/jeux-paralympiques-tokyo-2020\/\">JEUX PARALYMPIQUES DE TOKYO 2020<\/a> &#8211; Les \u00e9preuves de basket fauteuil masculin aux Jeux Paralympiques se d\u00e9roulent du 25 ao\u00fbt au 5 septembre. Voici le calendrier et les r\u00e9sultats de la comp\u00e9tition.<\/strong><\/em><\/p>\n<h2>Tour pr\u00e9liminaire<\/h2>\n<p style=\"text-align: justify;\">Les quatre premi\u00e8res \u00e9quipes de chaque groupe se qualifient pour les quarts de finale.<\/p>\n<h3>Groupe A<\/h3>\n<div class=\"su-table su-table-alternate\">\n<table class=\"table-style-2\" style=\"width: 100%\">\n<tbody>\n<tr>\n<td style=\"width: 8px\"><strong>#<\/strong><\/td>\n<td style=\"width: 400px\"><strong>\u00c9quipe<\/strong><\/td>\n<td style=\"text-align: center;width: 40px\"><strong><abbr title=\"Points\">Pts<\/abbr><\/strong><\/td>\n<td style=\"text-align: center;width: 40px\"><strong><abbr title=\"Jou\u00e9s\">J<\/abbr><\/strong><\/td>\n<td style=\"text-align: center;width: 40px\"><strong><abbr title=\"Gagn\u00e9s\">G<\/abbr><\/strong><\/td>\n<td style=\"text-align: center;width: 40px\"><strong><abbr title=\"Perdus\">P<\/abbr><\/strong><\/td>\n<td style=\"text-align: center;width: 40px\"><strong><abbr title=\"Pourcentage de victoire\">%<\/abbr><\/strong><\/td>\n<td style=\"text-align: center;width: 40px\"><strong><abbr title=\"Pour\">p.<\/abbr><\/strong><\/td>\n<td style=\"text-align: center;width: 40px\"><strong><abbr title=\"Contre\">c.<\/abbr><\/strong><\/td>\n<td style=\"text-align: center;width: 40px\"><strong><abbr title=\"Diff\u00e9rence\">diff<\/abbr><\/strong><\/td>\n<\/tr>\n<tr>\n<td class=\"tdcol-5\" style=\"width: 8px\">1<\/td>\n<td class=\"tdcol-30\" style=\"width: 294px\"><strong>&#x1f1ea;&#x1f1f8; <\/strong>Espagne<\/td>\n<td class=\"tdcol-10\" style=\"text-align: center;width: 40px\">10<\/td>\n<td class=\"tdcol-5\" style=\"text-align: center;width: 40px\">5<\/td>\n<td class=\"tdcol-5\" style=\"text-align: center;width: 40px\">5<\/td>\n<td class=\"tdcol-5\" style=\"text-align: center;width: 40px\">0<\/td>\n<td class=\"tdcol-5\" style=\"text-align: center;width: 40px\">100<\/td>\n<td class=\"tdcol-5\" style=\"text-align: center;width: 40px\">375<\/td>\n<td class=\"tdcol-5\" style=\"text-align: center;width: 40px\">272<\/td>\n<td class=\"tdcol-10\" style=\"text-align: center;width: 40px\">+103<\/td>\n<\/tr>\n<tr>\n<td style=\"width: 8px\">2<\/td>\n<td style=\"width: 294px\">&#x1f1ef;&#x1f1f5; Japon<\/td>\n<td style=\"text-align: center;width: 40px\">9<\/td>\n<td style=\"text-align: center;width: 40px\">5<\/td>\n<td style=\"text-align: center;width: 40px\">4<\/td>\n<td style=\"text-align: center;width: 40px\">1<\/td>\n<td style=\"text-align: center;width: 40px\">80<\/td>\n<td style=\"text-align: center;width: 40px\">312<\/td>\n<td style=\"text-align: center;width: 40px\">298<\/td>\n<td style=\"text-align: center;width: 40px\">+14<\/td>\n<\/tr>\n<tr class=\"promu1\">\n<td class=\"tdcol-5\" style=\"width: 8px\">3<\/td>\n<td class=\"tdcol-30\" style=\"width: 294px\"><span style=\"font-size: 16px\"><b><strong><span class=\"_3gl1 _5zz4\" data-offset-key=\"14iq-0-0\"><span class=\"_ncl\">&#x1f1f9;&#x1f1f7; <\/span><\/span><\/strong><\/b><\/span>Turquie<\/td>\n<td class=\"tdcol-10\" style=\"text-align: center;width: 40px\">8<\/td>\n<td class=\"tdcol-5\" style=\"text-align: center;width: 40px\">5<\/td>\n<td class=\"tdcol-5\" style=\"text-align: center;width: 40px\">3<\/td>\n<td class=\"tdcol-5\" style=\"text-align: center;width: 40px\">2<\/td>\n<td class=\"tdcol-5\" style=\"text-align: center;width: 40px\">60<\/td>\n<td class=\"tdcol-5\" style=\"text-align: center;width: 40px\">353<\/td>\n<td class=\"tdcol-5\" style=\"text-align: center;width: 40px\">327<\/td>\n<td class=\"tdcol-10\" style=\"text-align: center;width: 40px\">+26<\/td>\n<\/tr>\n<tr class=\"promu2\">\n<td class=\"tdcol-5\" style=\"width: 8px\">4<\/td>\n<td class=\"tdcol-30\" style=\"width: 294px\"><strong><img decoding=\"async\" class=\"emoji\" role=\"img\" src=\"https:\/\/s.w.org\/images\/core\/emoji\/13.0.1\/svg\/1f1e8-1f1e6.svg\" alt=\"&#x1f1e8;&#x1f1e6;\" \/> <\/strong>Canada<\/td>\n<td class=\"tdcol-10\" style=\"text-align: center;width: 40px\">7<\/td>\n<td class=\"tdcol-5\" style=\"text-align: center;width: 40px\">5<\/td>\n<td class=\"tdcol-5\" style=\"text-align: center;width: 40px\">2<\/td>\n<td class=\"tdcol-5\" style=\"text-align: center;width: 40px\">3<\/td>\n<td class=\"tdcol-5\" style=\"text-align: center;width: 40px\">40<\/td>\n<td class=\"tdcol-5\" style=\"text-align: center;width: 40px\">307<\/td>\n<td class=\"tdcol-5\" style=\"text-align: center;width: 40px\">333<\/td>\n<td class=\"tdcol-10\" style=\"text-align: center;width: 40px\">-26<\/td>\n<\/tr>\n<tr class=\"promu2\">\n<td class=\"tdcol-5\" style=\"width: 8px\">5<\/td>\n<td class=\"tdcol-30\" style=\"width: 294px\"><strong><img decoding=\"async\" class=\"emoji\" role=\"img\" src=\"https:\/\/s.w.org\/images\/core\/emoji\/13.0.1\/svg\/1f1f0-1f1f7.svg\" alt=\"&#x1f1f0;&#x1f1f7;\" \/> <\/strong>Cor\u00e9e du Sud<\/td>\n<td class=\"tdcol-10\" style=\"text-align: center;width: 40px\">6<\/td>\n<td class=\"tdcol-5\" style=\"text-align: center;width: 40px\">5<\/td>\n<td class=\"tdcol-5\" style=\"text-align: center;width: 40px\">1<\/td>\n<td class=\"tdcol-5\" style=\"text-align: center;width: 40px\">4<\/td>\n<td class=\"tdcol-5\" style=\"text-align: center;width: 40px\">25<\/td>\n<td class=\"tdcol-5\" style=\"text-align: center;width: 40px\">305<\/td>\n<td class=\"tdcol-5\" style=\"text-align: center;width: 40px\">332<\/td>\n<td class=\"tdcol-10\" style=\"text-align: center;width: 40px\">-27<\/td>\n<\/tr>\n<tr>\n<td style=\"width: 8px\">6<\/td>\n<td style=\"width: 294px\"><strong><span style=\"font-size: 0.9em\"><span style=\"font-size: 16px\">&#x1f1e8;&#x1f1f4;<\/span> <\/span><\/strong>Colombie<\/td>\n<td style=\"text-align: center;width: 40px\">5<\/td>\n<td style=\"text-align: center;width: 40px\">5<\/td>\n<td style=\"text-align: center;width: 40px\">0<\/td>\n<td style=\"text-align: center;width: 40px\">5<\/td>\n<td style=\"text-align: center;width: 40px\">0<\/td>\n<td style=\"text-align: center;width: 40px\">256<\/td>\n<td style=\"text-align: center;width: 40px\">346<\/td>\n<td style=\"text-align: center;width: 40px\">-90<\/td>\n<\/tr>\n<\/tbody>\n<\/table>\n<\/div>\n<div class=\"su-spoiler su-spoiler-style-default su-spoiler-icon-plus-square-1 su-spoiler-closed\" data-scroll-offset=\"0\" data-anchor-in-url=\"no\"><div class=\"su-spoiler-title\" tabindex=\"0\" role=\"button\"><span class=\"su-spoiler-icon\"><\/span>D\u00e9tail des matchs<\/div><div class=\"su-spoiler-content su-u-clearfix su-u-trim\">\n<p><span style=\"text-decoration: underline;\"><strong>Mercredi 25 ao\u00fbt<\/strong><\/span><\/p>\n<p><strong>13h30 :<\/strong> <strong>Espagne<\/strong> 65-53 Cor\u00e9e du Sud<\/p>\n<p>&nbsp;<\/p>\n<p><span style=\"text-decoration: underline;\"><strong>Jeudi 26 ao\u00fbt<\/strong><\/span><\/p>\n<p><strong>4h15 :<\/strong> Canada 41-78<strong> Espagne<\/strong><\/p>\n<p><strong>10h :<\/strong> Cor\u00e9e du Sud 70-80<strong> Turquie<\/strong><\/p>\n<p><strong>13h30 :<\/strong> Colombie 56-63<strong> Japon<\/strong><\/p>\n<p>&nbsp;<\/p>\n<p><span style=\"text-decoration: underline;\"><strong>Vendredi 27 ao\u00fbt<\/strong><\/span><\/p>\n<p><strong>4h15 :<\/strong> <strong>Turquie<\/strong> 77-73 Canada<\/p>\n<p><strong>13h30 :<\/strong> <strong>Japon<\/strong> 59-52 Cor\u00e9e du Sud<\/p>\n<p>&nbsp;<\/p>\n<p><span style=\"text-decoration: underline;\"><strong>Samedi 28 ao\u00fbt<\/strong><\/span><\/p>\n<p><strong>2h :<\/strong> Turquie 61-79<strong> Espagne<\/strong><\/p>\n<p><strong>7h45 :<\/strong> <strong>Japon<\/strong> 62-45 Canada<\/p>\n<p><strong>13h30 :<\/strong> <strong>Cor\u00e9e du Sud<\/strong> 66-54 Colombie<\/p>\n<p>&nbsp;<\/p>\n<p><span style=\"text-decoration: underline;\"><strong>Dimanche 29 ao\u00fbt<\/strong><\/span><\/p>\n<p><strong>4h15 :<\/strong> Colombie 38-80<strong> Turquie<\/strong><\/p>\n<p><strong>10h :<\/strong> <strong>Canada<\/strong> 74-64 Cor\u00e9e du Sud<\/p>\n<p><strong>13h30 :<\/strong> <strong>Espagne<\/strong> 79-61 Japon<\/p>\n<p>&nbsp;<\/p>\n<p><span style=\"text-decoration: underline;\"><strong>Lundi 30 ao\u00fbt<\/strong><\/span><\/p>\n<p><strong>2h :<\/strong> Colombie 52-63<strong> Canada<\/strong><\/p>\n<p><strong>7h45 :<\/strong> Turquie 55-67<strong> Japon<\/strong><\/p>\n<\/div><\/div>\n<h3>Groupe B<\/h3>\n<div class=\"su-table su-table-alternate\">\n<table class=\"table-style-2\" style=\"width: 100%\">\n<tbody>\n<tr>\n<td style=\"width: 8px\"><strong>#<\/strong><\/td>\n<td style=\"width: 283px\"><strong>\u00c9quipe<\/strong><\/td>\n<td style=\"text-align: center;width: 40px\"><strong><abbr title=\"Points\">Pts<\/abbr><\/strong><\/td>\n<td style=\"text-align: center;width: 40px\"><strong><abbr title=\"Jou\u00e9s\">J<\/abbr><\/strong><\/td>\n<td style=\"text-align: center;width: 40px\"><strong><abbr title=\"Gagn\u00e9s\">G<\/abbr><\/strong><\/td>\n<td style=\"text-align: center;width: 40px\"><strong><abbr title=\"Perdus\">P<\/abbr><\/strong><\/td>\n<td style=\"text-align: center;width: 40px\"><strong><abbr title=\"Pourcentage de victoire\">%<\/abbr><\/strong><\/td>\n<td style=\"text-align: center;width: 40px\"><strong><abbr title=\"Pour\">p.<\/abbr><\/strong><\/td>\n<td style=\"text-align: center;width: 40px\"><strong><abbr title=\"Contre\">c.<\/abbr><\/strong><\/td>\n<td style=\"text-align: center;width: 40px\"><strong><abbr title=\"Diff\u00e9rence\">diff<\/abbr><\/strong><\/td>\n<\/tr>\n<tr class=\"promu2\">\n<td class=\"tdcol-5\" style=\"width: 8px\">1<\/td>\n<td class=\"tdcol-30\" style=\"width: 283px\"><span style=\"font-size: 16px\">&#x1f1ec;&#x1f1e7; <\/span>Grande-Bretagne<\/td>\n<td class=\"tdcol-10\" style=\"text-align: center;width: 40px\">7<\/td>\n<td class=\"tdcol-5\" style=\"text-align: center;width: 40px\">5<\/td>\n<td class=\"tdcol-5\" style=\"text-align: center;width: 40px\">4<\/td>\n<td class=\"tdcol-5\" style=\"text-align: center;width: 40px\">1<\/td>\n<td class=\"tdcol-5\" style=\"text-align: center;width: 40px\">80<\/td>\n<td class=\"tdcol-5\" style=\"text-align: center;width: 40px\">332<\/td>\n<td class=\"tdcol-5\" style=\"text-align: center;width: 40px\">303<\/td>\n<td class=\"tdcol-10\" style=\"text-align: center;width: 40px\">+29<\/td>\n<\/tr>\n<tr class=\"promu2\">\n<td class=\"tdcol-5\" style=\"width: 8px\">2<\/td>\n<td class=\"tdcol-30\" style=\"width: 283px\"><strong><img decoding=\"async\" class=\"emoji\" role=\"img\" src=\"https:\/\/s.w.org\/images\/core\/emoji\/13.0.1\/svg\/1f1fa-1f1f8.svg\" alt=\"&#x1f1fa;&#x1f1f8;\" \/><\/strong> \u00c9tats-Unis<\/td>\n<td class=\"tdcol-10\" style=\"text-align: center;width: 40px\">7<\/td>\n<td class=\"tdcol-5\" style=\"text-align: center;width: 40px\">5<\/td>\n<td class=\"tdcol-5\" style=\"text-align: center;width: 40px\">4<\/td>\n<td class=\"tdcol-5\" style=\"text-align: center;width: 40px\">1<\/td>\n<td class=\"tdcol-5\" style=\"text-align: center;width: 40px\">80<\/td>\n<td class=\"tdcol-5\" style=\"text-align: center;width: 40px\">338<\/td>\n<td class=\"tdcol-5\" style=\"text-align: center;width: 40px\">223<\/td>\n<td class=\"tdcol-10\" style=\"text-align: center;width: 40px\">+115<\/td>\n<\/tr>\n<tr>\n<td class=\"tdcol-5\" style=\"width: 8px\">3<\/td>\n<td class=\"tdcol-30\" style=\"width: 400px\"><img decoding=\"async\" class=\"emoji\" role=\"img\" src=\"https:\/\/s.w.org\/images\/core\/emoji\/13.0.1\/svg\/1f1e6-1f1fa.svg\" alt=\"&#x1f1e6;&#x1f1fa;\" \/> Australie<\/td>\n<td class=\"tdcol-10\" style=\"text-align: center;width: 40px\">7<\/td>\n<td class=\"tdcol-5\" style=\"text-align: center;width: 40px\">5<\/td>\n<td class=\"tdcol-5\" style=\"text-align: center;width: 40px\">3<\/td>\n<td class=\"tdcol-5\" style=\"text-align: center;width: 40px\">2<\/td>\n<td class=\"tdcol-5\" style=\"text-align: center;width: 40px\">60<\/td>\n<td class=\"tdcol-5\" style=\"text-align: center;width: 40px\">335<\/td>\n<td class=\"tdcol-5\" style=\"text-align: center;width: 40px\">265<\/td>\n<td class=\"tdcol-10\" style=\"text-align: center;width: 40px\">+70<\/td>\n<\/tr>\n<tr class=\"promu1\">\n<td class=\"tdcol-5\" style=\"width: 8px\">4<\/td>\n<td class=\"tdcol-30\" style=\"width: 283px\"><img decoding=\"async\" class=\"emoji\" role=\"img\" src=\"https:\/\/s.w.org\/images\/core\/emoji\/13.0.1\/svg\/1f1e9-1f1ea.svg\" alt=\"&#x1f1e9;&#x1f1ea;\" \/> Allemagne<\/td>\n<td class=\"tdcol-10\" style=\"text-align: center;width: 40px\">6<\/td>\n<td class=\"tdcol-5\" style=\"text-align: center;width: 40px\">5<\/td>\n<td class=\"tdcol-5\" style=\"text-align: center;width: 40px\">3<\/td>\n<td class=\"tdcol-5\" style=\"text-align: center;width: 40px\">2<\/td>\n<td class=\"tdcol-5\" style=\"text-align: center;width: 40px\">60<\/td>\n<td class=\"tdcol-5\" style=\"text-align: center;width: 40px\">306<\/td>\n<td class=\"tdcol-5\" style=\"text-align: center;width: 40px\">284<\/td>\n<td class=\"tdcol-10\" style=\"text-align: center;width: 40px\">+22<\/td>\n<\/tr>\n<tr>\n<td style=\"width: 8px\">5<\/td>\n<td style=\"width: 283px\">&#x1f1ee;&#x1f1f7; Iran<\/td>\n<td style=\"text-align: center;width: 40px\">5<\/td>\n<td style=\"text-align: center;width: 40px\">5<\/td>\n<td style=\"text-align: center;width: 40px\">1<\/td>\n<td style=\"text-align: center;width: 40px\">4<\/td>\n<td style=\"text-align: center;width: 40px\">25<\/td>\n<td style=\"text-align: center;width: 40px\">271<\/td>\n<td style=\"text-align: center;width: 40px\">318<\/td>\n<td style=\"text-align: center;width: 40px\">-47<\/td>\n<\/tr>\n<tr>\n<td style=\"width: 8px\">6<\/td>\n<td style=\"width: 283px\">&#x1f1e9;&#x1f1ff; Alg\u00e9rie<\/td>\n<td style=\"text-align: center;width: 40px\">4<\/td>\n<td style=\"text-align: center;width: 40px\">5<\/td>\n<td style=\"text-align: center;width: 40px\">0<\/td>\n<td style=\"text-align: center;width: 40px\">5<\/td>\n<td style=\"text-align: center;width: 40px\">0<\/td>\n<td style=\"text-align: center;width: 40px\">202<\/td>\n<td style=\"text-align: center;width: 40px\">391<\/td>\n<td style=\"text-align: center;width: 40px\">-189<\/td>\n<\/tr>\n<\/tbody>\n<\/table>\n<\/div>\n<div class=\"su-spoiler su-spoiler-style-default su-spoiler-icon-plus-square-1 su-spoiler-closed\" data-scroll-offset=\"0\" data-anchor-in-url=\"no\"><div class=\"su-spoiler-title\" tabindex=\"0\" role=\"button\"><span class=\"su-spoiler-icon\"><\/span>D\u00e9tail des matchs<\/div><div class=\"su-spoiler-content su-u-clearfix su-u-trim\">\n<p><span style=\"text-decoration: underline;\"><strong>Jeudi 26 ao\u00fbt<\/strong><\/span><\/p>\n<p><strong>2h :<\/strong> <strong>\u00c9tats-Unis<\/strong> 58-55 Allemagne<\/p>\n<p><strong>7h45 :<\/strong> <strong>Australie<\/strong> 81-39 Iran<\/p>\n<p><strong>7h45 :<\/strong> <strong>Grande-Bretagne<\/strong> 70-43 Alg\u00e9rie<\/p>\n<p>&nbsp;<\/p>\n<p><span style=\"text-decoration: underline;\"><strong>Vendredi 27 ao\u00fbt<\/strong><\/span><\/p>\n<p><strong>2h :<\/strong> Alg\u00e9rie 37-83<strong> Australie<\/strong><\/p>\n<p><strong>7h45 :<\/strong> <strong>Allemagne<\/strong> 71-59 Grande-Bretagne<\/p>\n<p><strong>7h45 :<\/strong> <strong>Espagne<\/strong> 74-56 Colombie<\/p>\n<p><strong>10h :<\/strong> Iran 41-65<strong> \u00c9tats-Unis<\/strong><\/p>\n<p>&nbsp;<\/p>\n<p><span style=\"text-decoration: underline;\"><strong>Samedi 28 ao\u00fbt<\/strong><\/span><\/p>\n<p><strong>4h15 :<\/strong> <strong>Australie<\/strong> 64-53 Allemagne<\/p>\n<p><strong>7h45 :<\/strong> Alg\u00e9rie 47-81<strong> Iran<\/strong><\/p>\n<p><strong>10h :<\/strong> <strong>Grande-Bretagne<\/strong> 64-63 \u00c9tats-Unis<\/p>\n<p>&nbsp;<\/p>\n<p><span style=\"text-decoration: underline;\"><strong>Dimanche 29 ao\u00fbt<\/strong><\/span><\/p>\n<p><strong>2h :<\/strong> Iran 57-69<strong> Grande-Bretagne<\/strong><\/p>\n<p><strong>7h45 :<\/strong> <strong>\u00c9tats-Unis<\/strong> 66-38 Australie<\/p>\n<p><strong>7h45 :<\/strong> <strong>Allemagne<\/strong> 71-50 Alg\u00e9rie<\/p>\n<p>&nbsp;<\/p>\n<p><span style=\"text-decoration: underline;\"><strong>Lundi 30 ao\u00fbt<\/strong><\/span><\/p>\n<p><strong>4h15 :<\/strong> <strong>Allemagne<\/strong> 56-53 Iran<\/p>\n<p><strong>10h :<\/strong> Australie 69-70<strong> Grande-Bretagne<\/strong><\/p>\n<p><strong>13h30 :<\/strong> Alg\u00e9rie 25-86<strong> \u00c9tats-Unis<\/strong><\/p>\n<\/div><\/div>\n<hr \/>\n<h2>Phase finale<\/h2>\n<h3>Quarts de finale : mercredi 1er septembre<\/h3>\n<p><strong>5h30 :<\/strong> <strong>\u00c9tats-Unis<\/strong> 52-45 Turquie<\/p>\n<p><strong>8h :<\/strong> <strong>Espagne<\/strong> 71-68 Allemagne<\/p>\n<p><strong>11h15 :<\/strong> <strong>Grande-Bretagne<\/strong> 66-52 Canada<\/p>\n<p><strong>13h45 :<\/strong> <strong>Japon<\/strong> 61-55 Australie<\/p>\n<p>&nbsp;<\/p>\n<h3>Match de classement 11\/12<\/h3>\n<p><strong>2h :<\/strong> <strong>Colombie<\/strong> 70-47 Alg\u00e9rie<\/p>\n<hr \/>\n<h3>Match de classement : jeudi 2 septembre<\/h3>\n<p><strong>5h30 :<\/strong> Cor\u00e9e du Sud 54-64<strong> Iran<\/strong><\/p>\n<h3>Match de classement : vendredi 3 septembre<\/h3>\n<p><strong>5h30 :<\/strong> <strong>Allemagne<\/strong> 68-56 Canada<\/p>\n<hr \/>\n<h3>Demi-finales : vendredi 3 septembre<\/h3>\n<p><strong>11h15 :<\/strong> Espagne 52-66<strong> \u00c9tats-Unis<\/strong><\/p>\n<p><strong>13h45 :<\/strong> <strong>Japon<\/strong> 79-68 Grande-Bretagne<\/p>\n<h3>Match de classement : samedi 4 septembre<\/h3>\n<p><strong>7h15 :<\/strong> Turquie 58-74<strong> Australie<\/strong><\/p>\n<hr \/>\n<h3>Match pour la m\u00e9daille de bronze : dimanche 5 septembre \u00e0 3h<\/h3>\n<p>Espagne 58-68<strong> Grande-Bretagne<\/strong><\/p>\n<h3>Finale : dimanche 5 septembre \u00e0 5h30<\/h3>\n<p><strong>\u00c9tats-Unis<\/strong> 64-60 Japon<\/p>\n<p>&nbsp;<\/p>\n<div class=\"su-spoiler su-spoiler-style-fancy su-spoiler-icon-chevron su-spoiler-closed\" data-scroll-offset=\"0\" data-anchor-in-url=\"no\"><div class=\"su-spoiler-title\" tabindex=\"0\" role=\"button\"><span class=\"su-spoiler-icon\"><\/span>Classement final<\/div><div class=\"su-spoiler-content su-u-clearfix su-u-trim\">\n<ol>\n<li><strong>&#x1f947; \u00c9tats-Unis <img decoding=\"async\" class=\"emoji\" role=\"img\" draggable=\"false\" src=\"https:\/\/s.w.org\/images\/core\/emoji\/13.0.1\/svg\/1f1fa-1f1f8.svg\" alt=\"&#x1f1fa;&#x1f1f8;\" \/><\/strong><\/li>\n<li><strong>&#x1f948; Japon &#x1f1ef;&#x1f1f5;<\/strong><\/li>\n<li><strong>&#x1f949; Grande-Bretagne <span style=\"font-size: 16px;\">&#x1f1ec;&#x1f1e7;<\/span><\/strong><\/li>\n<li>Espagne <strong>&#x1f1ea;&#x1f1f8;<\/strong><\/li>\n<li>Australie <img decoding=\"async\" class=\"emoji\" role=\"img\" draggable=\"false\" src=\"https:\/\/s.w.org\/images\/core\/emoji\/13.0.1\/svg\/1f1e6-1f1fa.svg\" alt=\"&#x1f1e6;&#x1f1fa;\" \/><\/li>\n<li>Turquie <span style=\"font-size: 16px;\"><b><strong><span class=\"_3gl1 _5zz4\" data-offset-key=\"14iq-0-0\"><span class=\"_ncl\">&#x1f1f9;&#x1f1f7;<\/span><\/span><\/strong><\/b><\/span><\/li>\n<li>Allemagne <img decoding=\"async\" class=\"emoji\" role=\"img\" draggable=\"false\" src=\"https:\/\/s.w.org\/images\/core\/emoji\/13.0.1\/svg\/1f1e9-1f1ea.svg\" alt=\"&#x1f1e9;&#x1f1ea;\" \/><\/li>\n<li>Canada <strong><img decoding=\"async\" class=\"emoji\" role=\"img\" draggable=\"false\" src=\"https:\/\/s.w.org\/images\/core\/emoji\/13.0.1\/svg\/1f1e8-1f1e6.svg\" alt=\"&#x1f1e8;&#x1f1e6;\" \/><\/strong><\/li>\n<li>Iran &#x1f1ee;&#x1f1f7;<\/li>\n<li>Cor\u00e9e du Sud <strong><img decoding=\"async\" class=\"emoji\" role=\"img\" draggable=\"false\" src=\"https:\/\/s.w.org\/images\/core\/emoji\/13.0.1\/svg\/1f1f0-1f1f7.svg\" alt=\"&#x1f1f0;&#x1f1f7;\" \/><\/strong><\/li>\n<li>Colombie <strong><span style=\"font-size: 0.9em;\"><span style=\"font-size: 16px;\">&#x1f1e8;&#x1f1f4;<\/span><\/span><\/strong><\/li>\n<li>Alg\u00e9rie &#x1f1e9;&#x1f1ff;<\/li>\n<\/ol>\n<\/div><\/div>\n<h2 style=\"text-align: justify;\"><strong>\u00c0 lire aussi<\/strong><\/h2>\n<ul>\n<li style=\"text-align: justify;\"><a href=\"https:\/\/dicodusport.fr\/blog\/mieux-comprendre-le-handisport-le-basket-fauteuil\/\"><strong>Tout savoir sur le basket fauteuil<\/strong><\/a><\/li>\n<li style=\"text-align: justify;\"><strong><a href=\"https:\/\/dicodusport.fr\/blog\/jeux-paralympiques-de-tokyo-2020-le-tableau-des-medailles\/\">Le tableau des m\u00e9dailles des Jeux Paralympiques de Tokyo<\/a><\/strong><\/li>\n<li style=\"text-align: justify;\"><strong><a href=\"https:\/\/dicodusport.fr\/blog\/toute-l-actualite-des-jeux-paralympiques-de-tokyo-2020\/\">Toute l&rsquo;actualit\u00e9 des Jeux Paralympiques de Tokyo<\/a><\/strong><\/li>\n<\/ul>\n","protected":false},"excerpt":{"rendered":"<p>JP DE TOKYO 2020 &#8211; Les \u00e9preuves de basket masculin aux Jeux Paralympiques se d\u00e9roulent du 25 ao\u00fbt au 5 septembre. Voici le calendrier et les r\u00e9sultats de la comp\u00e9tition.<\/p>\n","protected":false},"author":12,"featured_media":159456,"comment_status":"open","ping_status":"closed","sticky":false,"template":"","format":"standard","meta":{"_acf_changed":false,"_daextam_enable_autolinks":"","footnotes":""},"categories":[2305,14180],"tags":[],"class_list":["post-158919","post","type-post","status-publish","format-standard","has-post-thumbnail","hentry","category-basket-ball","category-jeux-paralympiques-tokyo-2020"],"acf":[],"yoast_head":"<!-- This site is optimized with the Yoast SEO Premium plugin v26.7 (Yoast SEO v26.7) - https:\/\/yoast.com\/wordpress\/plugins\/seo\/ -->\n<title>Basket fauteuil masculin - Jeux Paralympiques de Tokyo : calendrier et r\u00e9sultats<\/title>\n<meta name=\"description\" content=\"Les \u00e9preuves de basket masculin aux Jeux Paralympiques de Tokyo se d\u00e9roulent du 25 ao\u00fbt au 5 septembre. Calendrier et r\u00e9sultats.\" \/>\n<meta name=\"robots\" content=\"index, follow, max-snippet:-1, max-image-preview:large, max-video-preview:-1\" \/>\n<link rel=\"canonical\" href=\"https:\/\/dicodusport.fr\/blog\/basket-fauteuil-masculin-jeux-paralympiques-de-tokyo-calendrier-et-resultats\/\" \/>\n<meta property=\"og:locale\" content=\"fr_FR\" \/>\n<meta property=\"og:type\" content=\"article\" \/>\n<meta property=\"og:title\" content=\"Basket fauteuil masculin - Jeux Paralympiques de Tokyo : calendrier et r\u00e9sultats\" \/>\n<meta property=\"og:description\" content=\"Les \u00e9preuves de basket masculin aux Jeux Paralympiques de Tokyo se d\u00e9roulent du 25 ao\u00fbt au 5 septembre. Calendrier et r\u00e9sultats.\" \/>\n<meta property=\"og:url\" content=\"https:\/\/dicodusport.fr\/blog\/basket-fauteuil-masculin-jeux-paralympiques-de-tokyo-calendrier-et-resultats\/\" \/>\n<meta property=\"og:site_name\" content=\"Dicodusport\" \/>\n<meta property=\"article:publisher\" content=\"https:\/\/www.facebook.com\/dicodusport\" \/>\n<meta property=\"article:published_time\" content=\"2021-08-19T08:24:22+00:00\" \/>\n<meta property=\"article:modified_time\" content=\"2021-09-05T05:51:24+00:00\" \/>\n<meta property=\"og:image\" content=\"https:\/\/dicodusport.fr\/blog\/wp-content\/uploads\/2021\/07\/Basket-fauteuil-masculin-Jeux-Paralympiques-de-Tokyo-calendrier-et-resultats.png\" \/>\n\t<meta property=\"og:image:width\" content=\"1200\" \/>\n\t<meta property=\"og:image:height\" content=\"670\" \/>\n\t<meta property=\"og:image:type\" content=\"image\/png\" \/>\n<meta name=\"author\" content=\"Arlette Yeye\" \/>\n<meta name=\"twitter:card\" content=\"summary_large_image\" \/>\n<meta name=\"twitter:title\" content=\"Basket fauteuil masculin - Jeux Paralympiques de Tokyo : calendrier et r\u00e9sultats\" \/>\n<meta name=\"twitter:creator\" content=\"@https:\/\/twitter.com\/Shiclette94\" \/>\n<meta name=\"twitter:site\" content=\"@dicodusport\" \/>\n<script type=\"application\/ld+json\" class=\"yoast-schema-graph\">{\"@context\":\"https:\/\/schema.org\",\"@graph\":[{\"@type\":\"NewsArticle\",\"@id\":\"https:\/\/dicodusport.fr\/blog\/basket-fauteuil-masculin-jeux-paralympiques-de-tokyo-calendrier-et-resultats\/#article\",\"isPartOf\":{\"@id\":\"https:\/\/dicodusport.fr\/blog\/basket-fauteuil-masculin-jeux-paralympiques-de-tokyo-calendrier-et-resultats\/\"},\"author\":{\"name\":\"Arlette Yeye\",\"@id\":\"https:\/\/dicodusport.fr\/blog\/#\/schema\/person\/cce96fa88785bd8573e3d43078ac8c79\"},\"headline\":\"Basket fauteuil masculin &#8211; Jeux Paralympiques de Tokyo : calendrier et r\u00e9sultats\",\"datePublished\":\"2021-08-19T08:24:22+00:00\",\"dateModified\":\"2021-09-05T05:51:24+00:00\",\"mainEntityOfPage\":{\"@id\":\"https:\/\/dicodusport.fr\/blog\/basket-fauteuil-masculin-jeux-paralympiques-de-tokyo-calendrier-et-resultats\/\"},\"wordCount\":566,\"commentCount\":0,\"publisher\":{\"@id\":\"https:\/\/dicodusport.fr\/blog\/#organization\"},\"image\":{\"@id\":\"https:\/\/dicodusport.fr\/blog\/basket-fauteuil-masculin-jeux-paralympiques-de-tokyo-calendrier-et-resultats\/#primaryimage\"},\"thumbnailUrl\":\"https:\/\/dicodusport.fr\/blog\/wp-content\/uploads\/2021\/07\/Basket-fauteuil-masculin-Jeux-Paralympiques-de-Tokyo-calendrier-et-resultats.png\",\"articleSection\":[\"Basket-ball\",\"Jeux Paralympiques de Tokyo 2020\"],\"inLanguage\":\"fr-FR\",\"potentialAction\":[{\"@type\":\"CommentAction\",\"name\":\"Comment\",\"target\":[\"https:\/\/dicodusport.fr\/blog\/basket-fauteuil-masculin-jeux-paralympiques-de-tokyo-calendrier-et-resultats\/#respond\"]}],\"copyrightYear\":\"2021\",\"copyrightHolder\":{\"@id\":\"https:\/\/dicodusport.fr\/blog\/#organization\"}},{\"@type\":\"WebPage\",\"@id\":\"https:\/\/dicodusport.fr\/blog\/basket-fauteuil-masculin-jeux-paralympiques-de-tokyo-calendrier-et-resultats\/\",\"url\":\"https:\/\/dicodusport.fr\/blog\/basket-fauteuil-masculin-jeux-paralympiques-de-tokyo-calendrier-et-resultats\/\",\"name\":\"Basket fauteuil masculin - Jeux Paralympiques de Tokyo : calendrier et r\u00e9sultats\",\"isPartOf\":{\"@id\":\"https:\/\/dicodusport.fr\/blog\/#website\"},\"primaryImageOfPage\":{\"@id\":\"https:\/\/dicodusport.fr\/blog\/basket-fauteuil-masculin-jeux-paralympiques-de-tokyo-calendrier-et-resultats\/#primaryimage\"},\"image\":{\"@id\":\"https:\/\/dicodusport.fr\/blog\/basket-fauteuil-masculin-jeux-paralympiques-de-tokyo-calendrier-et-resultats\/#primaryimage\"},\"thumbnailUrl\":\"https:\/\/dicodusport.fr\/blog\/wp-content\/uploads\/2021\/07\/Basket-fauteuil-masculin-Jeux-Paralympiques-de-Tokyo-calendrier-et-resultats.png\",\"datePublished\":\"2021-08-19T08:24:22+00:00\",\"dateModified\":\"2021-09-05T05:51:24+00:00\",\"description\":\"Les \u00e9preuves de basket masculin aux Jeux Paralympiques de Tokyo se d\u00e9roulent du 25 ao\u00fbt au 5 septembre. Calendrier et r\u00e9sultats.\",\"breadcrumb\":{\"@id\":\"https:\/\/dicodusport.fr\/blog\/basket-fauteuil-masculin-jeux-paralympiques-de-tokyo-calendrier-et-resultats\/#breadcrumb\"},\"inLanguage\":\"fr-FR\",\"potentialAction\":[{\"@type\":\"ReadAction\",\"target\":[\"https:\/\/dicodusport.fr\/blog\/basket-fauteuil-masculin-jeux-paralympiques-de-tokyo-calendrier-et-resultats\/\"]}]},{\"@type\":\"ImageObject\",\"inLanguage\":\"fr-FR\",\"@id\":\"https:\/\/dicodusport.fr\/blog\/basket-fauteuil-masculin-jeux-paralympiques-de-tokyo-calendrier-et-resultats\/#primaryimage\",\"url\":\"https:\/\/dicodusport.fr\/blog\/wp-content\/uploads\/2021\/07\/Basket-fauteuil-masculin-Jeux-Paralympiques-de-Tokyo-calendrier-et-resultats.png\",\"contentUrl\":\"https:\/\/dicodusport.fr\/blog\/wp-content\/uploads\/2021\/07\/Basket-fauteuil-masculin-Jeux-Paralympiques-de-Tokyo-calendrier-et-resultats.png\",\"width\":1200,\"height\":670,\"caption\":\"Basket fauteuil masculin - Jeux Paralympiques de Tokyo calendrier et r\u00e9sultats\"},{\"@type\":\"BreadcrumbList\",\"@id\":\"https:\/\/dicodusport.fr\/blog\/basket-fauteuil-masculin-jeux-paralympiques-de-tokyo-calendrier-et-resultats\/#breadcrumb\",\"itemListElement\":[{\"@type\":\"ListItem\",\"position\":1,\"name\":\"Accueil\",\"item\":\"https:\/\/dicodusport.fr\/blog\/\"},{\"@type\":\"ListItem\",\"position\":2,\"name\":\"Basket fauteuil masculin &#8211; Jeux Paralympiques de Tokyo : calendrier et r\u00e9sultats\"}]},{\"@type\":\"WebSite\",\"@id\":\"https:\/\/dicodusport.fr\/blog\/#website\",\"url\":\"https:\/\/dicodusport.fr\/blog\/\",\"name\":\"Dicodusport\",\"description\":\"L&#039;encyclop\u00e9die de l&#039;actualit\u00e9 sportive\",\"publisher\":{\"@id\":\"https:\/\/dicodusport.fr\/blog\/#organization\"},\"potentialAction\":[{\"@type\":\"SearchAction\",\"target\":{\"@type\":\"EntryPoint\",\"urlTemplate\":\"https:\/\/dicodusport.fr\/blog\/?s={search_term_string}\"},\"query-input\":{\"@type\":\"PropertyValueSpecification\",\"valueRequired\":true,\"valueName\":\"search_term_string\"}}],\"inLanguage\":\"fr-FR\"},{\"@type\":\"NewsMediaOrganization\",\"@id\":\"https:\/\/dicodusport.fr\/blog\/#organization\",\"name\":\"Dicodusport\",\"url\":\"https:\/\/dicodusport.fr\/blog\/\",\"logo\":{\"@type\":\"ImageObject\",\"inLanguage\":\"fr-FR\",\"@id\":\"https:\/\/dicodusport.fr\/blog\/#\/schema\/logo\/image\/\",\"url\":\"https:\/\/dicodusport.fr\/blog\/wp-content\/uploads\/2020\/06\/cropped-LOGO-DICODUSPORT-2020-SANS-FOND-SANS-TEXTE.png\",\"contentUrl\":\"https:\/\/dicodusport.fr\/blog\/wp-content\/uploads\/2020\/06\/cropped-LOGO-DICODUSPORT-2020-SANS-FOND-SANS-TEXTE.png\",\"width\":512,\"height\":512,\"caption\":\"Dicodusport\"},\"image\":{\"@id\":\"https:\/\/dicodusport.fr\/blog\/#\/schema\/logo\/image\/\"},\"sameAs\":[\"https:\/\/www.facebook.com\/dicodusport\",\"https:\/\/x.com\/dicodusport\",\"https:\/\/www.instagram.com\/dicodusport\/\",\"https:\/\/www.youtube.com\/channel\/UC7V2KZ5sd3htJivAbA4ZG3w\"],\"description\":\"Dicodusport est l'encyclop\u00e9die de l'actualit\u00e9 sportive.\",\"email\":\"bonjour@dicodusport.fr\",\"legalName\":\"DICODUSPORT\",\"foundingDate\":\"2018-01-14\",\"vatID\":\"FR71834470973\",\"taxID\":\"83447097300043\",\"numberOfEmployees\":{\"@type\":\"QuantitativeValue\",\"minValue\":\"1\",\"maxValue\":\"10\"}},{\"@type\":\"Person\",\"@id\":\"https:\/\/dicodusport.fr\/blog\/#\/schema\/person\/cce96fa88785bd8573e3d43078ac8c79\",\"name\":\"Arlette Yeye\",\"image\":{\"@type\":\"ImageObject\",\"inLanguage\":\"fr-FR\",\"@id\":\"https:\/\/dicodusport.fr\/blog\/#\/schema\/person\/image\/\",\"url\":\"https:\/\/secure.gravatar.com\/avatar\/dca4a6239e6d708e46c45d60e160de6c?s=96&d=wp_user_avatar&r=g\",\"contentUrl\":\"https:\/\/secure.gravatar.com\/avatar\/dca4a6239e6d708e46c45d60e160de6c?s=96&d=wp_user_avatar&r=g\",\"caption\":\"Arlette Yeye\"},\"description\":\"Journaliste\/r\u00e9dactrice depuis septembre 2015 - Supportrice de Chelsea, j'ai pour sports de pr\u00e9dilection le handball, l'athl\u00e9tisme et le tennis. Si je tweete plus vite que mon ombre, vous pouvez aussi me retrouver les week-ends sur les playgrounds de Bruxelles pour un petit foot ou basket entre potes. Parcourir la France, l'Europe et plus si affinit\u00e9s pour suivre mes sportifs pr\u00e9f\u00e9r\u00e9s ? Mon kif ! Et c'est avec plaisir que je partage les r\u00e9sultats des sports populaires mais \u00e9galement plus confidentiels pour Dicodusport.\",\"sameAs\":[\"https:\/\/x.com\/https:\/\/twitter.com\/Shiclette94\"],\"url\":\"https:\/\/dicodusport.fr\/blog\/author\/arlette\/\"}]}<\/script>\n<!-- \/ Yoast SEO Premium plugin. -->","yoast_head_json":{"title":"Basket fauteuil masculin - Jeux Paralympiques de Tokyo : calendrier et r\u00e9sultats","description":"Les \u00e9preuves de basket masculin aux Jeux Paralympiques de Tokyo se d\u00e9roulent du 25 ao\u00fbt au 5 septembre. Calendrier et r\u00e9sultats.","robots":{"index":"index","follow":"follow","max-snippet":"max-snippet:-1","max-image-preview":"max-image-preview:large","max-video-preview":"max-video-preview:-1"},"canonical":"https:\/\/dicodusport.fr\/blog\/basket-fauteuil-masculin-jeux-paralympiques-de-tokyo-calendrier-et-resultats\/","og_locale":"fr_FR","og_type":"article","og_title":"Basket fauteuil masculin - Jeux Paralympiques de Tokyo : calendrier et r\u00e9sultats","og_description":"Les \u00e9preuves de basket masculin aux Jeux Paralympiques de Tokyo se d\u00e9roulent du 25 ao\u00fbt au 5 septembre. Calendrier et r\u00e9sultats.","og_url":"https:\/\/dicodusport.fr\/blog\/basket-fauteuil-masculin-jeux-paralympiques-de-tokyo-calendrier-et-resultats\/","og_site_name":"Dicodusport","article_publisher":"https:\/\/www.facebook.com\/dicodusport","article_published_time":"2021-08-19T08:24:22+00:00","article_modified_time":"2021-09-05T05:51:24+00:00","og_image":[{"width":1200,"height":670,"url":"https:\/\/dicodusport.fr\/blog\/wp-content\/uploads\/2021\/07\/Basket-fauteuil-masculin-Jeux-Paralympiques-de-Tokyo-calendrier-et-resultats.png","type":"image\/png"}],"author":"Arlette Yeye","twitter_card":"summary_large_image","twitter_title":"Basket fauteuil masculin - Jeux Paralympiques de Tokyo : calendrier et r\u00e9sultats","twitter_creator":"@https:\/\/twitter.com\/Shiclette94","twitter_site":"@dicodusport","schema":{"@context":"https:\/\/schema.org","@graph":[{"@type":"NewsArticle","@id":"https:\/\/dicodusport.fr\/blog\/basket-fauteuil-masculin-jeux-paralympiques-de-tokyo-calendrier-et-resultats\/#article","isPartOf":{"@id":"https:\/\/dicodusport.fr\/blog\/basket-fauteuil-masculin-jeux-paralympiques-de-tokyo-calendrier-et-resultats\/"},"author":{"name":"Arlette Yeye","@id":"https:\/\/dicodusport.fr\/blog\/#\/schema\/person\/cce96fa88785bd8573e3d43078ac8c79"},"headline":"Basket fauteuil masculin &#8211; Jeux Paralympiques de Tokyo : calendrier et r\u00e9sultats","datePublished":"2021-08-19T08:24:22+00:00","dateModified":"2021-09-05T05:51:24+00:00","mainEntityOfPage":{"@id":"https:\/\/dicodusport.fr\/blog\/basket-fauteuil-masculin-jeux-paralympiques-de-tokyo-calendrier-et-resultats\/"},"wordCount":566,"commentCount":0,"publisher":{"@id":"https:\/\/dicodusport.fr\/blog\/#organization"},"image":{"@id":"https:\/\/dicodusport.fr\/blog\/basket-fauteuil-masculin-jeux-paralympiques-de-tokyo-calendrier-et-resultats\/#primaryimage"},"thumbnailUrl":"https:\/\/dicodusport.fr\/blog\/wp-content\/uploads\/2021\/07\/Basket-fauteuil-masculin-Jeux-Paralympiques-de-Tokyo-calendrier-et-resultats.png","articleSection":["Basket-ball","Jeux Paralympiques de Tokyo 2020"],"inLanguage":"fr-FR","potentialAction":[{"@type":"CommentAction","name":"Comment","target":["https:\/\/dicodusport.fr\/blog\/basket-fauteuil-masculin-jeux-paralympiques-de-tokyo-calendrier-et-resultats\/#respond"]}],"copyrightYear":"2021","copyrightHolder":{"@id":"https:\/\/dicodusport.fr\/blog\/#organization"}},{"@type":"WebPage","@id":"https:\/\/dicodusport.fr\/blog\/basket-fauteuil-masculin-jeux-paralympiques-de-tokyo-calendrier-et-resultats\/","url":"https:\/\/dicodusport.fr\/blog\/basket-fauteuil-masculin-jeux-paralympiques-de-tokyo-calendrier-et-resultats\/","name":"Basket fauteuil masculin - Jeux Paralympiques de Tokyo : calendrier et r\u00e9sultats","isPartOf":{"@id":"https:\/\/dicodusport.fr\/blog\/#website"},"primaryImageOfPage":{"@id":"https:\/\/dicodusport.fr\/blog\/basket-fauteuil-masculin-jeux-paralympiques-de-tokyo-calendrier-et-resultats\/#primaryimage"},"image":{"@id":"https:\/\/dicodusport.fr\/blog\/basket-fauteuil-masculin-jeux-paralympiques-de-tokyo-calendrier-et-resultats\/#primaryimage"},"thumbnailUrl":"https:\/\/dicodusport.fr\/blog\/wp-content\/uploads\/2021\/07\/Basket-fauteuil-masculin-Jeux-Paralympiques-de-Tokyo-calendrier-et-resultats.png","datePublished":"2021-08-19T08:24:22+00:00","dateModified":"2021-09-05T05:51:24+00:00","description":"Les \u00e9preuves de basket masculin aux Jeux Paralympiques de Tokyo se d\u00e9roulent du 25 ao\u00fbt au 5 septembre. Calendrier et r\u00e9sultats.","breadcrumb":{"@id":"https:\/\/dicodusport.fr\/blog\/basket-fauteuil-masculin-jeux-paralympiques-de-tokyo-calendrier-et-resultats\/#breadcrumb"},"inLanguage":"fr-FR","potentialAction":[{"@type":"ReadAction","target":["https:\/\/dicodusport.fr\/blog\/basket-fauteuil-masculin-jeux-paralympiques-de-tokyo-calendrier-et-resultats\/"]}]},{"@type":"ImageObject","inLanguage":"fr-FR","@id":"https:\/\/dicodusport.fr\/blog\/basket-fauteuil-masculin-jeux-paralympiques-de-tokyo-calendrier-et-resultats\/#primaryimage","url":"https:\/\/dicodusport.fr\/blog\/wp-content\/uploads\/2021\/07\/Basket-fauteuil-masculin-Jeux-Paralympiques-de-Tokyo-calendrier-et-resultats.png","contentUrl":"https:\/\/dicodusport.fr\/blog\/wp-content\/uploads\/2021\/07\/Basket-fauteuil-masculin-Jeux-Paralympiques-de-Tokyo-calendrier-et-resultats.png","width":1200,"height":670,"caption":"Basket fauteuil masculin - Jeux Paralympiques de Tokyo calendrier et r\u00e9sultats"},{"@type":"BreadcrumbList","@id":"https:\/\/dicodusport.fr\/blog\/basket-fauteuil-masculin-jeux-paralympiques-de-tokyo-calendrier-et-resultats\/#breadcrumb","itemListElement":[{"@type":"ListItem","position":1,"name":"Accueil","item":"https:\/\/dicodusport.fr\/blog\/"},{"@type":"ListItem","position":2,"name":"Basket fauteuil masculin &#8211; Jeux Paralympiques de Tokyo : calendrier et r\u00e9sultats"}]},{"@type":"WebSite","@id":"https:\/\/dicodusport.fr\/blog\/#website","url":"https:\/\/dicodusport.fr\/blog\/","name":"Dicodusport","description":"L&#039;encyclop\u00e9die de l&#039;actualit\u00e9 sportive","publisher":{"@id":"https:\/\/dicodusport.fr\/blog\/#organization"},"potentialAction":[{"@type":"SearchAction","target":{"@type":"EntryPoint","urlTemplate":"https:\/\/dicodusport.fr\/blog\/?s={search_term_string}"},"query-input":{"@type":"PropertyValueSpecification","valueRequired":true,"valueName":"search_term_string"}}],"inLanguage":"fr-FR"},{"@type":"NewsMediaOrganization","@id":"https:\/\/dicodusport.fr\/blog\/#organization","name":"Dicodusport","url":"https:\/\/dicodusport.fr\/blog\/","logo":{"@type":"ImageObject","inLanguage":"fr-FR","@id":"https:\/\/dicodusport.fr\/blog\/#\/schema\/logo\/image\/","url":"https:\/\/dicodusport.fr\/blog\/wp-content\/uploads\/2020\/06\/cropped-LOGO-DICODUSPORT-2020-SANS-FOND-SANS-TEXTE.png","contentUrl":"https:\/\/dicodusport.fr\/blog\/wp-content\/uploads\/2020\/06\/cropped-LOGO-DICODUSPORT-2020-SANS-FOND-SANS-TEXTE.png","width":512,"height":512,"caption":"Dicodusport"},"image":{"@id":"https:\/\/dicodusport.fr\/blog\/#\/schema\/logo\/image\/"},"sameAs":["https:\/\/www.facebook.com\/dicodusport","https:\/\/x.com\/dicodusport","https:\/\/www.instagram.com\/dicodusport\/","https:\/\/www.youtube.com\/channel\/UC7V2KZ5sd3htJivAbA4ZG3w"],"description":"Dicodusport est l'encyclop\u00e9die de l'actualit\u00e9 sportive.","email":"bonjour@dicodusport.fr","legalName":"DICODUSPORT","foundingDate":"2018-01-14","vatID":"FR71834470973","taxID":"83447097300043","numberOfEmployees":{"@type":"QuantitativeValue","minValue":"1","maxValue":"10"}},{"@type":"Person","@id":"https:\/\/dicodusport.fr\/blog\/#\/schema\/person\/cce96fa88785bd8573e3d43078ac8c79","name":"Arlette Yeye","image":{"@type":"ImageObject","inLanguage":"fr-FR","@id":"https:\/\/dicodusport.fr\/blog\/#\/schema\/person\/image\/","url":"https:\/\/secure.gravatar.com\/avatar\/dca4a6239e6d708e46c45d60e160de6c?s=96&d=wp_user_avatar&r=g","contentUrl":"https:\/\/secure.gravatar.com\/avatar\/dca4a6239e6d708e46c45d60e160de6c?s=96&d=wp_user_avatar&r=g","caption":"Arlette Yeye"},"description":"Journaliste\/r\u00e9dactrice depuis septembre 2015 - Supportrice de Chelsea, j'ai pour sports de pr\u00e9dilection le handball, l'athl\u00e9tisme et le tennis. Si je tweete plus vite que mon ombre, vous pouvez aussi me retrouver les week-ends sur les playgrounds de Bruxelles pour un petit foot ou basket entre potes. Parcourir la France, l'Europe et plus si affinit\u00e9s pour suivre mes sportifs pr\u00e9f\u00e9r\u00e9s ? Mon kif ! Et c'est avec plaisir que je partage les r\u00e9sultats des sports populaires mais \u00e9galement plus confidentiels pour Dicodusport.","sameAs":["https:\/\/x.com\/https:\/\/twitter.com\/Shiclette94"],"url":"https:\/\/dicodusport.fr\/blog\/author\/arlette\/"}]}},"_links":{"self":[{"href":"https:\/\/dicodusport.fr\/blog\/wp-json\/wp\/v2\/posts\/158919","targetHints":{"allow":["GET"]}}],"collection":[{"href":"https:\/\/dicodusport.fr\/blog\/wp-json\/wp\/v2\/posts"}],"about":[{"href":"https:\/\/dicodusport.fr\/blog\/wp-json\/wp\/v2\/types\/post"}],"author":[{"embeddable":true,"href":"https:\/\/dicodusport.fr\/blog\/wp-json\/wp\/v2\/users\/12"}],"replies":[{"embeddable":true,"href":"https:\/\/dicodusport.fr\/blog\/wp-json\/wp\/v2\/comments?post=158919"}],"version-history":[{"count":0,"href":"https:\/\/dicodusport.fr\/blog\/wp-json\/wp\/v2\/posts\/158919\/revisions"}],"wp:featuredmedia":[{"embeddable":true,"href":"https:\/\/dicodusport.fr\/blog\/wp-json\/wp\/v2\/media\/159456"}],"wp:attachment":[{"href":"https:\/\/dicodusport.fr\/blog\/wp-json\/wp\/v2\/media?parent=158919"}],"wp:term":[{"taxonomy":"category","embeddable":true,"href":"https:\/\/dicodusport.fr\/blog\/wp-json\/wp\/v2\/categories?post=158919"},{"taxonomy":"post_tag","embeddable":true,"href":"https:\/\/dicodusport.fr\/blog\/wp-json\/wp\/v2\/tags?post=158919"}],"curies":[{"name":"wp","href":"https:\/\/api.w.org\/{rel}","templated":true}]}}