{"id":158920,"date":"2021-08-24T22:21:25","date_gmt":"2021-08-24T20:21:25","guid":{"rendered":"https:\/\/dicodusport.fr\/blog\/?p=158920&#038;preview=true&#038;preview_id=158920"},"modified":"2021-09-03T12:15:20","modified_gmt":"2021-09-03T10:15:20","slug":"tennis-de-table-jeux-paralympiques-de-tokyo-calendrier-et-resultats","status":"publish","type":"post","link":"https:\/\/dicodusport.fr\/blog\/tennis-de-table-jeux-paralympiques-de-tokyo-calendrier-et-resultats\/","title":{"rendered":"Tennis de table &#8211; Jeux Paralympiques de Tokyo : calendrier et r\u00e9sultats"},"content":{"rendered":"<p style=\"text-align: justify;\"><span style=\"font-size: 16px;\"><strong><em><a href=\"https:\/\/dicodusport.fr\/blog\/actualites\/jeux-paralympiques-tokyo-2020\/\">JEUX PARALYMPIQUES DE TOKYO 2020<\/a> &#8211; Les \u00e9preuves de tennis de table aux Jeux Paralympiques se d\u00e9roulent du 25 ao\u00fbt au 3 septembre. Voici le calendrier et les r\u00e9sultats de la comp\u00e9tition.<\/em><\/strong><\/span><\/p>\n<h2>Femmes<\/h2>\n<div class=\"su-tabs su-tabs-style-default su-tabs-mobile-stack\" data-active=\"10\" data-scroll-offset=\"0\" data-anchor-in-url=\"no\"><div class=\"su-tabs-nav\"><span class=\"\" data-url=\"\" data-target=\"blank\" tabindex=\"0\" role=\"button\">Mercredi 25 ao\u00fbt<\/span><span class=\"\" data-url=\"\" data-target=\"blank\" tabindex=\"0\" role=\"button\">Jeudi 26 ao\u00fbt<\/span><span class=\"\" data-url=\"\" data-target=\"blank\" tabindex=\"0\" role=\"button\">Vendredi 27 ao\u00fbt<\/span><span class=\"\" data-url=\"\" data-target=\"blank\" tabindex=\"0\" role=\"button\">Samedi 28 ao\u00fbt<\/span><span class=\"\" data-url=\"\" data-target=\"blank\" tabindex=\"0\" role=\"button\">Dimanche 29 ao\u00fbt<\/span><span class=\"\" data-url=\"\" data-target=\"blank\" tabindex=\"0\" role=\"button\">Lundi 30 ao\u00fbt<\/span><span class=\"\" data-url=\"\" data-target=\"blank\" tabindex=\"0\" role=\"button\">Mardi 31 ao\u00fbt<\/span><span class=\"\" data-url=\"\" data-target=\"blank\" tabindex=\"0\" role=\"button\">Mercredi 1er septembre<\/span><span class=\"\" data-url=\"\" data-target=\"blank\" tabindex=\"0\" role=\"button\">Jeudi 2 septembre<\/span><span class=\"\" data-url=\"\" data-target=\"blank\" tabindex=\"0\" role=\"button\">Vendredi 3 septembre<\/span><\/div><div class=\"su-tabs-panes\"><div class=\"su-tabs-pane su-u-clearfix su-u-trim\" data-title=\"Mercredi 25 ao\u00fbt\">\n<p><strong>2h &#8211; 7h20 :<\/strong> <strong>tour pr\u00e9liminaire\u00a0<\/strong><\/p>\n<p><a href=\"https:\/\/olympics.com\/tokyo-2020\/paralympic-games\/resPG2020-\/pdf\/PG2020-\/TTE\/PG2020-_TTE_C75A_TTEWSINGLES-02020-----------------.pdf\">Classe 1-2<\/a><\/p>\n<p><a href=\"https:\/\/olympics.com\/tokyo-2020\/paralympic-games\/resPG2020-\/pdf\/PG2020-\/TTE\/PG2020-_TTE_C75A_TTEWSINGLES-03010-----------------.pdf\">Classe 3<\/a><\/p>\n<p><a href=\"https:\/\/olympics.com\/tokyo-2020\/paralympic-games\/resPG2020-\/pdf\/PG2020-\/TTE\/PG2020-_TTE_C75A_TTEWSINGLES-04010-----------------.pdf\">Classe 4<\/a><\/p>\n<p><a href=\"https:\/\/olympics.com\/tokyo-2020\/paralympic-games\/resPG2020-\/pdf\/PG2020-\/TTE\/PG2020-_TTE_C75A_TTEWSINGLES-06010-----------------.pdf\">Classe 6<\/a><\/p>\n<p><a href=\"https:\/\/olympics.com\/tokyo-2020\/paralympic-games\/resPG2020-\/pdf\/PG2020-\/TTE\/PG2020-_TTE_C75A_TTEWSINGLES-08010-----------------.pdf\">Classe 8<\/a><\/p>\n<p><a href=\"https:\/\/olympics.com\/tokyo-2020\/paralympic-games\/resPG2020-\/pdf\/PG2020-\/TTE\/PG2020-_TTE_C75A_TTEWSINGLES-09010-----------------.pdf\">Classe 9<\/a><\/p>\n<p><a href=\"https:\/\/olympics.com\/tokyo-2020\/paralympic-games\/resPG2020-\/pdf\/PG2020-\/TTE\/PG2020-_TTE_C75A_TTEWSINGLES-11010-----------------.pdf\">Classe 11<\/a><\/p>\n<p><strong>9h &#8211; 14h20 : tour pr\u00e9liminaire<\/strong><\/p>\n<p><a href=\"https:\/\/olympics.com\/tokyo-2020\/paralympic-games\/resPG2020-\/pdf\/PG2020-\/TTE\/PG2020-_TTE_C75A_TTEWSINGLES-03010-----------------.pdf\">Classe 3<\/a><\/p>\n<p><a href=\"https:\/\/olympics.com\/tokyo-2020\/paralympic-games\/resPG2020-\/pdf\/PG2020-\/TTE\/PG2020-_TTE_C75A_TTEWSINGLES-04010-----------------.pdf\">Classe 4<\/a><\/p>\n<p><a href=\"https:\/\/olympics.com\/tokyo-2020\/paralympic-games\/resPG2020-\/pdf\/PG2020-\/TTE\/PG2020-_TTE_C75A_TTEWSINGLES-05010-----GP----------.pdf\">Classe 5<\/a><\/p>\n<p><a href=\"https:\/\/olympics.com\/tokyo-2020\/paralympic-games\/resPG2020-\/pdf\/PG2020-\/TTE\/PG2020-_TTE_C75A_TTEWSINGLES-07010-----GP----------.pdf\">Classe 7<\/a><\/p>\n<p><a href=\"https:\/\/olympics.com\/tokyo-2020\/paralympic-games\/resPG2020-\/pdf\/PG2020-\/TTE\/PG2020-_TTE_C75A_TTEWSINGLES-08010-----------------.pdf\">Classe 8<\/a><\/p>\n<p><a href=\"https:\/\/olympics.com\/tokyo-2020\/paralympic-games\/resPG2020-\/pdf\/PG2020-\/TTE\/PG2020-_TTE_C75A_TTEWSINGLES-09010-----------------.pdf\">Classe 9<\/a><\/p>\n<p><a href=\"https:\/\/olympics.com\/tokyo-2020\/paralympic-games\/resPG2020-\/pdf\/PG2020-\/TTE\/PG2020-_TTE_C75A_TTEWSINGLES-10010-----GP----------.pdf\">Classe 10<\/a><\/p>\n<p><a href=\"https:\/\/olympics.com\/tokyo-2020\/paralympic-games\/resPG2020-\/pdf\/PG2020-\/TTE\/PG2020-_TTE_C75A_TTEWSINGLES-11010-----------------.pdf\">Classe 11<\/a><\/p>\n<\/div>\n<div class=\"su-tabs-pane su-u-clearfix su-u-trim\" data-title=\"Jeudi 26 ao\u00fbt\">\n<p><strong>2h &#8211; 7h20 : tour pr\u00e9liminaire<\/strong><\/p>\n<p><a href=\"https:\/\/olympics.com\/tokyo-2020\/paralympic-games\/resPG2020-\/pdf\/PG2020-\/TTE\/PG2020-_TTE_C75A_TTEWSINGLES-06010-----------------.pdf\">Classe 6<\/a><\/p>\n<p><a href=\"https:\/\/olympics.com\/tokyo-2020\/paralympic-games\/resPG2020-\/pdf\/PG2020-\/TTE\/PG2020-_TTE_C75A_TTEWSINGLES-04010-----------------.pdf\">Classe 4<\/a><\/p>\n<p><a href=\"https:\/\/olympics.com\/tokyo-2020\/paralympic-games\/resPG2020-\/pdf\/PG2020-\/TTE\/PG2020-_TTE_C75A_TTEWSINGLES-05010-----GP----------.pdf\">Classe 5<\/a><\/p>\n<p><a href=\"https:\/\/olympics.com\/tokyo-2020\/paralympic-games\/resPG2020-\/pdf\/PG2020-\/TTE\/PG2020-_TTE_C75A_TTEWSINGLES-06010-----------------.pdf\">Classe 6<\/a><\/p>\n<p><strong>9h &#8211; 15h : tour pr\u00e9liminaire<\/strong><\/p>\n<p><a href=\"https:\/\/olympics.com\/tokyo-2020\/paralympic-games\/resPG2020-\/pdf\/PG2020-\/TTE\/PG2020-_TTE_C75A_TTEWSINGLES-06010-----------------.pdf\">Classe 6<\/a><\/p>\n<p><a href=\"https:\/\/olympics.com\/tokyo-2020\/paralympic-games\/resPG2020-\/pdf\/PG2020-\/TTE\/PG2020-_TTE_C75A_TTEWSINGLES-03010-----------------.pdf\">Classe 3<\/a><\/p>\n<p><a href=\"https:\/\/olympics.com\/tokyo-2020\/paralympic-games\/resPG2020-\/pdf\/PG2020-\/TTE\/PG2020-_TTE_C75A_TTEWSINGLES-06010-----------------.pdf\">Classe 6<\/a><\/p>\n<p><a href=\"https:\/\/olympics.com\/tokyo-2020\/paralympic-games\/resPG2020-\/pdf\/PG2020-\/TTE\/PG2020-_TTE_C75A_TTEWSINGLES-07010-----GP----------.pdf\">Classe 7<\/a><\/p>\n<p><a href=\"https:\/\/olympics.com\/tokyo-2020\/paralympic-games\/resPG2020-\/pdf\/PG2020-\/TTE\/PG2020-_TTE_C75A_TTEWSINGLES-09010-----------------.pdf\">Classe 9<\/a><\/p>\n<p><a href=\"https:\/\/olympics.com\/tokyo-2020\/paralympic-games\/resPG2020-\/pdf\/PG2020-\/TTE\/PG2020-_TTE_C75A_TTEWSINGLES-10010-----GP----------.pdf\">Classe 10<\/a><\/p>\n<\/div>\n<div class=\"su-tabs-pane su-u-clearfix su-u-trim\" data-title=\"Vendredi 27 ao\u00fbt\">\n<p><strong>2h &#8211; 7h20 :<\/strong> <strong>tour pr\u00e9liminaire<\/strong><\/p>\n<p><a href=\"https:\/\/olympics.com\/tokyo-2020\/paralympic-games\/resPG2020-\/pdf\/PG2020-\/TTE\/PG2020-_TTE_C75A_TTEWSINGLES-05010-----GP----------.pdf\">Classe 5<\/a><\/p>\n<p><a href=\"https:\/\/olympics.com\/tokyo-2020\/paralympic-games\/resPG2020-\/pdf\/PG2020-\/TTE\/PG2020-_TTE_C75A_TTEWSINGLES-07010-----GP----------.pdf\">Classe 7<\/a><\/p>\n<p><a href=\"https:\/\/olympics.com\/tokyo-2020\/paralympic-games\/resPG2020-\/pdf\/PG2020-\/TTE\/PG2020-_TTE_C75A_TTEWSINGLES-08010-----------------.pdf\">Classe 8<\/a><\/p>\n<p><a href=\"https:\/\/olympics.com\/tokyo-2020\/paralympic-games\/resPG2020-\/pdf\/PG2020-\/TTE\/PG2020-_TTE_C75A_TTEWSINGLES-11010-----------------.pdf\">Classe 11<\/a><\/p>\n<p><strong>Huiti\u00e8mes de finale<\/strong><\/p>\n<p><a href=\"https:\/\/olympics.com\/tokyo-2020\/paralympic-games\/resPG2020-\/pdf\/PG2020-\/TTE\/PG2020-_TTE_C75C_TTEWSINGLES-03010-----------------.pdf\">Classe 3<\/a><\/p>\n<p><a href=\"https:\/\/olympics.com\/tokyo-2020\/paralympic-games\/resPG2020-\/pdf\/PG2020-\/TTE\/PG2020-_TTE_C75C_TTEWSINGLES-04010-----------------.pdf\">Classe 4<\/a><\/p>\n<p><strong>Quarts de finale<\/strong><\/p>\n<p><a href=\"https:\/\/olympics.com\/tokyo-2020\/paralympic-games\/resPG2020-\/pdf\/PG2020-\/TTE\/PG2020-_TTE_C75C_TTEWSINGLES-02020-----------------.pdf\">Classe 1-2<\/a><\/p>\n<p><strong>9h &#8211; 15h : tour pr\u00e9liminaire<\/strong><\/p>\n<p><a href=\"https:\/\/olympics.com\/tokyo-2020\/paralympic-games\/resPG2020-\/pdf\/PG2020-\/TTE\/PG2020-_TTE_C75A_TTEWSINGLES-10010-----GP----------.pdf\">Classe 10<\/a><\/p>\n<p><strong>Quarts de finale<\/strong><\/p>\n<p><a href=\"https:\/\/olympics.com\/tokyo-2020\/paralympic-games\/resPG2020-\/pdf\/PG2020-\/TTE\/PG2020-_TTE_C75C_TTEWSINGLES-03010-----------------.pdf\">Classe 3<\/a><\/p>\n<p><a href=\"https:\/\/olympics.com\/tokyo-2020\/paralympic-games\/resPG2020-\/pdf\/PG2020-\/TTE\/PG2020-_TTE_C75C_TTEWSINGLES-04010-----------------.pdf\">Classe 4<\/a><\/p>\n<p><a href=\"https:\/\/olympics.com\/tokyo-2020\/paralympic-games\/resPG2020-\/pdf\/PG2020-\/TTE\/PG2020-_TTE_C75C_TTEWSINGLES-05010-----------------.pdf\">Classe 5<\/a><\/p>\n<p><a href=\"https:\/\/olympics.com\/tokyo-2020\/paralympic-games\/resPG2020-\/pdf\/PG2020-\/TTE\/PG2020-_TTE_C75C_TTEWSINGLES-06010-----------------.pdf\">Classe 6<\/a><\/p>\n<p><a href=\"https:\/\/olympics.com\/tokyo-2020\/paralympic-games\/resPG2020-\/pdf\/PG2020-\/TTE\/PG2020-_TTE_C75C_TTEWSINGLES-08010-----------------.pdf\">Classe 8<\/a><\/p>\n<\/div>\n<div class=\"su-tabs-pane su-u-clearfix su-u-trim\" data-title=\"Samedi 28 ao\u00fbt\">\n<p><strong>2h40 :<\/strong> <a href=\"https:\/\/olympics.com\/tokyo-2020\/paralympic-games\/resPG2020-\/pdf\/PG2020-\/TTE\/PG2020-_TTE_C75C_TTEWSINGLES-07010-----------------.pdf\">Quarts de finale classe 7<\/a><\/p>\n<p><strong>2h40 :<\/strong> <a href=\"https:\/\/olympics.com\/tokyo-2020\/paralympic-games\/resPG2020-\/pdf\/PG2020-\/TTE\/PG2020-_TTE_C75C_TTEWSINGLES-10010-----------------.pdf\">Quarts de finale classe 10<\/a><\/p>\n<p><strong>2h40 :<\/strong> <a href=\"https:\/\/olympics.com\/tokyo-2020\/paralympic-games\/resPG2020-\/pdf\/PG2020-\/TTE\/PG2020-_TTE_C75C_TTEWSINGLES-04010-----------------.pdf\">Demi-finales classe 4<\/a><\/p>\n<p><strong>4h :<\/strong> <a href=\"https:\/\/olympics.com\/tokyo-2020\/paralympic-games\/resPG2020-\/pdf\/PG2020-\/TTE\/PG2020-_TTE_C75C_TTEWSINGLES-11010-----------------.pdf\">Demi-finales classe 11<\/a><\/p>\n<p><strong>4h :<\/strong> <a href=\"https:\/\/olympics.com\/tokyo-2020\/paralympic-games\/resPG2020-\/pdf\/PG2020-\/TTE\/PG2020-_TTE_C75C_TTEWSINGLES-03010-----------------.pdf\">Demi-finales classe 3<\/a><\/p>\n<p><strong>4h40 :<\/strong> <a href=\"https:\/\/olympics.com\/tokyo-2020\/paralympic-games\/resPG2020-\/pdf\/PG2020-\/TTE\/PG2020-_TTE_C75C_TTEWSINGLES-08010-----------------.pdf\">Demi-finales classe 8<\/a><\/p>\n<p><strong>5h20 :<\/strong> <a href=\"https:\/\/olympics.com\/tokyo-2020\/paralympic-games\/resPG2020-\/pdf\/PG2020-\/TTE\/PG2020-_TTE_C75C_TTEWSINGLES-09010-----------------.pdf\">Demi-finales classe 9<\/a><\/p>\n<p><strong>5h20 :<\/strong> <a href=\"https:\/\/olympics.com\/tokyo-2020\/paralympic-games\/resPG2020-\/pdf\/PG2020-\/TTE\/PG2020-_TTE_C75C_TTEWSINGLES-02020-----------------.pdf\">Demi-finales classe 1-2<\/a><\/p>\n<p><strong>6h :<\/strong> <a href=\"https:\/\/olympics.com\/tokyo-2020\/paralympic-games\/resPG2020-\/pdf\/PG2020-\/TTE\/PG2020-_TTE_C75C_TTEWSINGLES-06010-----------------.pdf\">Demi-finales classe 6<\/a><\/p>\n<p><strong>6h40 :<\/strong> <a href=\"https:\/\/olympics.com\/tokyo-2020\/paralympic-games\/resPG2020-\/pdf\/PG2020-\/TTE\/PG2020-_TTE_C75C_TTEWSINGLES-10010-----------------.pdf\">Demi-finales classe 10<\/a><\/p>\n<p><strong>6h40 :<\/strong> <a href=\"https:\/\/olympics.com\/tokyo-2020\/paralympic-games\/resPG2020-\/pdf\/PG2020-\/TTE\/PG2020-_TTE_C75C_TTEWSINGLES-05010-----------------.pdf\">Demi-finales classe 5<\/a><\/p>\n<p><strong>7h20 :<\/strong> <a href=\"https:\/\/olympics.com\/tokyo-2020\/paralympic-games\/resPG2020-\/pdf\/PG2020-\/TTE\/PG2020-_TTE_C75C_TTEWSINGLES-07010-----------------.pdf\">Demi-finales classe 7<\/a><\/p>\n<p><strong>9h30 : <a href=\"https:\/\/olympics.com\/tokyo-2020\/paralympic-games\/resPG2020-\/pdf\/PG2020-\/TTE\/PG2020-_TTE_C75C_TTEWSINGLES-11010-----------------.pdf\">finale classe 11<\/a><\/strong><\/p>\n<p><strong>12h15 : <a href=\"https:\/\/olympics.com\/tokyo-2020\/paralympic-games\/resPG2020-\/pdf\/PG2020-\/TTE\/PG2020-_TTE_C75C_TTEWSINGLES-02020-----------------.pdf\">finale classe 1-2<\/a><\/strong><\/p>\n<\/div>\n<div class=\"su-tabs-pane su-u-clearfix su-u-trim\" data-title=\"Dimanche 29 ao\u00fbt\">\n<p><strong>3h45 : <a href=\"https:\/\/olympics.com\/tokyo-2020\/paralympic-games\/resPG2020-\/pdf\/PG2020-\/TTE\/PG2020-_TTE_C75C_TTEWSINGLES-04010-----------------.pdf\">finale classe 4<\/a><\/strong><\/p>\n<p><strong>5h45 : <a href=\"https:\/\/olympics.com\/tokyo-2020\/paralympic-games\/resPG2020-\/pdf\/PG2020-\/TTE\/PG2020-_TTE_C75C_TTEWSINGLES-08010-----------------.pdf\">finale classe 8<\/a><\/strong><\/p>\n<p><strong>9h : <a href=\"https:\/\/olympics.com\/tokyo-2020\/paralympic-games\/resPG2020-\/pdf\/PG2020-\/TTE\/PG2020-_TTE_C75C_TTEWSINGLES-05010-----------------.pdf\">finale classe 5<\/a><\/strong><\/p>\n<p><strong>9h45 : <a href=\"https:\/\/olympics.com\/tokyo-2020\/paralympic-games\/resPG2020-\/pdf\/PG2020-\/TTE\/PG2020-_TTE_C75C_TTEWSINGLES-03010-----------------.pdf\">finale classe 3<\/a><\/strong><\/p>\n<\/div>\n<div class=\"su-tabs-pane su-u-clearfix su-u-trim\" data-title=\"Lundi 30 ao\u00fbt\">\n<p><strong>3h : <a href=\"https:\/\/olympics.com\/tokyo-2020\/paralympic-games\/resPG2020-\/pdf\/PG2020-\/TTE\/PG2020-_TTE_C75C_TTEWSINGLES-06010-----------------.pdf\">finale classe 6<\/a><\/strong><\/p>\n<p><strong>4h45 : <a href=\"https:\/\/olympics.com\/tokyo-2020\/paralympic-games\/resPG2020-\/pdf\/PG2020-\/TTE\/PG2020-_TTE_C75C_TTEWSINGLES-07010-----------------.pdf\">finale classe 7<\/a><\/strong><\/p>\n<p><strong>10h45 : <a href=\"https:\/\/olympics.com\/tokyo-2020\/paralympic-games\/resPG2020-\/pdf\/PG2020-\/TTE\/PG2020-_TTE_C75C_TTEWSINGLES-09010-----------------.pdf\">finale classe 9<\/a><\/strong><\/p>\n<p><strong>11h45 : <a href=\"https:\/\/olympics.com\/tokyo-2020\/paralympic-games\/resPG2020-\/pdf\/PG2020-\/TTE\/PG2020-_TTE_C75C_TTEWSINGLES-10010-----------------.pdf\">finale classe 10<\/a><\/strong><\/p>\n<\/div>\n<div class=\"su-tabs-pane su-u-clearfix su-u-trim\" data-title=\"Mardi 31 ao\u00fbt\">\n<p><strong>4h30 :<\/strong> <a href=\"https:\/\/olympics.com\/tokyo-2020\/paralympic-games\/resPG2020-\/pdf\/PG2020-\/TTE\/PG2020-_TTE_C75E_TTEWTEAM----05020-----------------.pdf\">quarts de finale par \u00e9quipes classe 4-5<\/a><\/p>\n<p><strong>6h :<\/strong> <a href=\"https:\/\/olympics.com\/tokyo-2020\/paralympic-games\/resPG2020-\/pdf\/PG2020-\/TTE\/PG2020-_TTE_C75E_TTEWTEAM----08030-----------------.pdf\">quarts de finale par \u00e9quipes classe 6-8<\/a><\/p>\n<p><strong>9h30 :<\/strong> <a href=\"https:\/\/olympics.com\/tokyo-2020\/paralympic-games\/resPG2020-\/pdf\/PG2020-\/TTE\/PG2020-_TTE_C75E_TTEWTEAM----03030-----------------.pdf\">quarts de finale par \u00e9quipes classe 1-3<\/a><\/p>\n<\/div>\n<div class=\"su-tabs-pane su-u-clearfix su-u-trim\" data-title=\"Mercredi 1er septembre\">\n<p><strong>3h :<\/strong> <a href=\"https:\/\/olympics.com\/tokyo-2020\/paralympic-games\/resPG2020-\/pdf\/PG2020-\/TTE\/PG2020-_TTE_C75E_TTEWTEAM----10020-----------------.pdf\">quarts de finale par \u00e9quipes classe 9-10<\/a><\/p>\n<p><strong>5h :<\/strong> <a href=\"https:\/\/olympics.com\/tokyo-2020\/paralympic-games\/resPG2020-\/pdf\/PG2020-\/TTE\/PG2020-_TTE_C75E_TTEWTEAM----03030-----------------.pdf\">demi-finales par \u00e9quipes classe 1-3<\/a><\/p>\n<p><strong>7h :<\/strong> <a href=\"https:\/\/olympics.com\/tokyo-2020\/paralympic-games\/resPG2020-\/pdf\/PG2020-\/TTE\/PG2020-_TTE_C75E_TTEWTEAM----08030-----------------.pdf\">demi-finales par \u00e9quipes classe 6-8<\/a><\/p>\n<p><strong>12h30 :<\/strong> <a href=\"https:\/\/olympics.com\/tokyo-2020\/paralympic-games\/resPG2020-\/pdf\/PG2020-\/TTE\/PG2020-_TTE_C75E_TTEWTEAM----10020-----------------.pdf\">demi-finales par \u00e9quipes classe 9-10<\/a><\/p>\n<p><strong>12h30 :<\/strong> <a href=\"https:\/\/olympics.com\/tokyo-2020\/paralympic-games\/resPG2020-\/pdf\/PG2020-\/TTE\/PG2020-_TTE_C75E_TTEWTEAM----05020-----------------.pdf\">demi-finales par \u00e9quipes classe 4-5<\/a><\/p>\n<\/div>\n<div class=\"su-tabs-pane su-u-clearfix su-u-trim\" data-title=\"Jeudi 2 septembre\">\n<p><strong>4h30 : <a href=\"https:\/\/olympics.com\/tokyo-2020\/paralympic-games\/resPG2020-\/pdf\/PG2020-\/TTE\/PG2020-_TTE_C75E_TTEWTEAM----08030-----------------.pdf\">finale par \u00e9quipes classe 6-8<\/a><\/strong><\/p>\n<p><strong>6h : <a href=\"https:\/\/olympics.com\/tokyo-2020\/paralympic-games\/resPG2020-\/pdf\/PG2020-\/TTE\/PG2020-_TTE_C75E_TTEWTEAM----03030-----------------.pdf\">finale par \u00e9quipes classe 1-3<\/a><\/strong><\/p>\n<\/div>\n<div class=\"su-tabs-pane su-u-clearfix su-u-trim\" data-title=\"Vendredi 3 septembre\">\n<p><strong>3h : <a href=\"https:\/\/olympics.com\/tokyo-2020\/paralympic-games\/resPG2020-\/pdf\/PG2020-\/TTE\/PG2020-_TTE_C75E_TTEWTEAM----10020-----------------.pdf\" target=\"_blank\" rel=\"noopener\">finale par \u00e9quipes classe 9-10<\/a><\/strong><\/p>\n<p><strong>4h30 : <a href=\"https:\/\/olympics.com\/tokyo-2020\/paralympic-games\/resPG2020-\/pdf\/PG2020-\/TTE\/PG2020-_TTE_C75E_TTEWTEAM----05020-----------------.pdf\">finale par \u00e9quipes classe 4-5<\/a><\/strong><\/p>\n<\/div><\/div><\/div>\n<h2>Hommes<\/h2>\n<div class=\"su-tabs su-tabs-style-default su-tabs-mobile-stack\" data-active=\"9\" data-scroll-offset=\"0\" data-anchor-in-url=\"no\"><div class=\"su-tabs-nav\"><span class=\"\" data-url=\"\" data-target=\"blank\" tabindex=\"0\" role=\"button\">Mercredi 25 ao\u00fbt<\/span><span class=\"\" data-url=\"\" data-target=\"blank\" tabindex=\"0\" role=\"button\">Jeudi 26 ao\u00fbt<\/span><span class=\"\" data-url=\"\" data-target=\"blank\" tabindex=\"0\" role=\"button\">Vendredi 27 ao\u00fbt<\/span><span class=\"\" data-url=\"\" data-target=\"blank\" tabindex=\"0\" role=\"button\">Samedi 28 ao\u00fbt<\/span><span class=\"\" data-url=\"\" data-target=\"blank\" tabindex=\"0\" role=\"button\">Dimanche 29 ao\u00fbt<\/span><span class=\"\" data-url=\"\" data-target=\"blank\" tabindex=\"0\" role=\"button\">Lundi 30 ao\u00fbt<\/span><span class=\"\" data-url=\"\" data-target=\"blank\" tabindex=\"0\" role=\"button\">Mardi 31 ao\u00fbt<\/span><span class=\"\" data-url=\"\" data-target=\"blank\" tabindex=\"0\" role=\"button\">Mercredi 1er septembre<\/span><span class=\"\" data-url=\"\" data-target=\"blank\" tabindex=\"0\" role=\"button\">Jeudi 2 septembre<\/span><span class=\"\" data-url=\"\" data-target=\"blank\" tabindex=\"0\" role=\"button\">Vendredi 3 septembre<\/span><\/div><div class=\"su-tabs-panes\"><div class=\"su-tabs-pane su-u-clearfix su-u-trim\" data-title=\"Mercredi 25 ao\u00fbt\">\n<p><strong>2h &#8211; 7h20 :<\/strong> <strong>tour pr\u00e9liminaire\u00a0<\/strong><\/p>\n<p><a href=\"https:\/\/olympics.com\/tokyo-2020\/paralympic-games\/resPG2020-\/pdf\/PG2020-\/TTE\/PG2020-_TTE_C75A_TTEMSINGLES-02010-----------------.pdf\">Classe 2<\/a><\/p>\n<p><a href=\"https:\/\/olympics.com\/tokyo-2020\/paralympic-games\/resPG2020-\/pdf\/PG2020-\/TTE\/PG2020-_TTE_C75A_TTEMSINGLES-03010-----------------.pdf\">Classe 3<\/a><\/p>\n<p><a href=\"https:\/\/olympics.com\/tokyo-2020\/paralympic-games\/resPG2020-\/pdf\/PG2020-\/TTE\/PG2020-_TTE_C75A_TTEMSINGLES-05010-----------------.pdf\">Classe 5<\/a><\/p>\n<p><a href=\"https:\/\/olympics.com\/tokyo-2020\/paralympic-games\/resPG2020-\/pdf\/PG2020-\/TTE\/PG2020-_TTE_C75A_TTEMSINGLES-06010-----------------.pdf\">Classe 6<\/a><\/p>\n<p><a href=\"https:\/\/olympics.com\/tokyo-2020\/paralympic-games\/resPG2020-\/pdf\/PG2020-\/TTE\/PG2020-_TTE_C75A_TTEMSINGLES-08010-----------------.pdf\">Classe 8<\/a><\/p>\n<p><a href=\"https:\/\/olympics.com\/tokyo-2020\/paralympic-games\/resPG2020-\/pdf\/PG2020-\/TTE\/PG2020-_TTE_C75A_TTEMSINGLES-09010-----------------.pdf\">Classe 9<\/a><\/p>\n<p><strong>9h &#8211; 14h20 : tour pr\u00e9liminaire<\/strong><\/p>\n<p><a href=\"https:\/\/olympics.com\/tokyo-2020\/paralympic-games\/resPG2020-\/pdf\/PG2020-\/TTE\/PG2020-_TTE_C75A_TTEMSINGLES-01010-----GP----------.pdf\">Classe 1<\/a><\/p>\n<p><a href=\"https:\/\/olympics.com\/tokyo-2020\/paralympic-games\/resPG2020-\/pdf\/PG2020-\/TTE\/PG2020-_TTE_C75A_TTEMSINGLES-03010-----------------.pdf\">Classe 3<\/a><\/p>\n<p><a href=\"https:\/\/olympics.com\/tokyo-2020\/paralympic-games\/resPG2020-\/pdf\/PG2020-\/TTE\/PG2020-_TTE_C75A_TTEMSINGLES-04010-----GP----------.pdf\">Classe 4<\/a><\/p>\n<p><a href=\"https:\/\/olympics.com\/tokyo-2020\/paralympic-games\/resPG2020-\/pdf\/PG2020-\/TTE\/PG2020-_TTE_C75A_TTEMSINGLES-07010-----GP----------.pdf\">Classe 7<\/a><\/p>\n<p><a href=\"https:\/\/olympics.com\/tokyo-2020\/paralympic-games\/resPG2020-\/pdf\/PG2020-\/TTE\/PG2020-_TTE_C75A_TTEMSINGLES-10010-----GP----------.pdf\">Classe 10<\/a><\/p>\n<p><a href=\"https:\/\/olympics.com\/tokyo-2020\/paralympic-games\/resPG2020-\/pdf\/PG2020-\/TTE\/PG2020-_TTE_C75A_TTEMSINGLES-11010-----GP----------.pdf\">Classe 11<\/a><\/p>\n<\/div>\n<div class=\"su-tabs-pane su-u-clearfix su-u-trim\" data-title=\"Jeudi 26 ao\u00fbt\">\n<p><strong>2h &#8211; 7h20 : tour pr\u00e9liminaire<\/strong><\/p>\n<p><a href=\"https:\/\/olympics.com\/tokyo-2020\/paralympic-games\/resPG2020-\/pdf\/PG2020-\/TTE\/PG2020-_TTE_C75A_TTEMSINGLES-01010-----GP----------.pdf\">Classe 1<\/a><\/p>\n<p><a href=\"https:\/\/olympics.com\/tokyo-2020\/paralympic-games\/resPG2020-\/pdf\/PG2020-\/TTE\/PG2020-_TTE_C75A_TTEMSINGLES-02010-----------------.pdf\">Classe 2<\/a><\/p>\n<p><a href=\"https:\/\/olympics.com\/tokyo-2020\/paralympic-games\/resPG2020-\/pdf\/PG2020-\/TTE\/PG2020-_TTE_C75A_TTEMSINGLES-04010-----GP----------.pdf\">Classe 4<\/a><\/p>\n<p><a href=\"https:\/\/olympics.com\/tokyo-2020\/paralympic-games\/resPG2020-\/pdf\/PG2020-\/TTE\/PG2020-_TTE_C75A_TTEMSINGLES-05010-----------------.pdf\">Classe 5<\/a><\/p>\n<p><a href=\"https:\/\/olympics.com\/tokyo-2020\/paralympic-games\/resPG2020-\/pdf\/PG2020-\/TTE\/PG2020-_TTE_C75A_TTEMSINGLES-06010-----------------.pdf\">Classe 6<\/a><\/p>\n<p><a href=\"https:\/\/olympics.com\/tokyo-2020\/paralympic-games\/resPG2020-\/pdf\/PG2020-\/TTE\/PG2020-_TTE_C75A_TTEMSINGLES-08010-----------------.pdf\">Classe 8<\/a><\/p>\n<p><a href=\"https:\/\/olympics.com\/tokyo-2020\/paralympic-games\/resPG2020-\/pdf\/PG2020-\/TTE\/PG2020-_TTE_C75A_TTEMSINGLES-09010-----------------.pdf\">Classe 9<\/a><\/p>\n<p><a href=\"https:\/\/olympics.com\/tokyo-2020\/paralympic-games\/resPG2020-\/pdf\/PG2020-\/TTE\/PG2020-_TTE_C75A_TTEMSINGLES-10010-----GP----------.pdf\">Classe 10<\/a><\/p>\n<p><a href=\"https:\/\/olympics.com\/tokyo-2020\/paralympic-games\/resPG2020-\/pdf\/PG2020-\/TTE\/PG2020-_TTE_C75A_TTEMSINGLES-11010-----GP----------.pdf\">Classe 11<\/a><\/p>\n<p><strong>9h &#8211; 15h : tour pr\u00e9liminaire<\/strong><\/p>\n<p><a href=\"https:\/\/olympics.com\/tokyo-2020\/paralympic-games\/resPG2020-\/pdf\/PG2020-\/TTE\/PG2020-_TTE_C75A_TTEMSINGLES-02010-----------------.pdf\">Classe 2<\/a><\/p>\n<p><a href=\"https:\/\/olympics.com\/tokyo-2020\/paralympic-games\/resPG2020-\/pdf\/PG2020-\/TTE\/PG2020-_TTE_C75A_TTEMSINGLES-03010-----------------.pdf\">Classe 3<\/a><\/p>\n<p><a href=\"https:\/\/olympics.com\/tokyo-2020\/paralympic-games\/resPG2020-\/pdf\/PG2020-\/TTE\/PG2020-_TTE_C75A_TTEMSINGLES-04010-----GP----------.pdf\">Classe 4<\/a><\/p>\n<p><a href=\"https:\/\/olympics.com\/tokyo-2020\/paralympic-games\/resPG2020-\/pdf\/PG2020-\/TTE\/PG2020-_TTE_C75A_TTEMSINGLES-05010-----------------.pdf\">Classe 5<\/a><\/p>\n<p><a href=\"https:\/\/olympics.com\/tokyo-2020\/paralympic-games\/resPG2020-\/pdf\/PG2020-\/TTE\/PG2020-_TTE_C75A_TTEMSINGLES-07010-----GP----------.pdf\">Classe 7<\/a><\/p>\n<p><a href=\"https:\/\/olympics.com\/tokyo-2020\/paralympic-games\/resPG2020-\/pdf\/PG2020-\/TTE\/PG2020-_TTE_C75A_TTEMSINGLES-08010-----------------.pdf\">Classe 8<\/a><\/p>\n<p><a href=\"https:\/\/olympics.com\/tokyo-2020\/paralympic-games\/resPG2020-\/pdf\/PG2020-\/TTE\/PG2020-_TTE_C75A_TTEMSINGLES-09010-----------------.pdf\">Classe 9<\/a><\/p>\n<p><a href=\"https:\/\/olympics.com\/tokyo-2020\/paralympic-games\/resPG2020-\/pdf\/PG2020-\/TTE\/PG2020-_TTE_C75A_TTEMSINGLES-10010-----GP----------.pdf\">Classe 10<\/a><\/p>\n<\/div>\n<div class=\"su-tabs-pane su-u-clearfix su-u-trim\" data-title=\"Vendredi 27 ao\u00fbt\">\n<p><strong>2h &#8211; 7h20 :<\/strong> <strong>tour pr\u00e9liminaire<\/strong><\/p>\n<p><a href=\"https:\/\/olympics.com\/tokyo-2020\/paralympic-games\/resPG2020-\/pdf\/PG2020-\/TTE\/PG2020-_TTE_C75A_TTEMSINGLES-01010-----GP----------.pdf\">Classe 1<\/a><\/p>\n<p><a href=\"https:\/\/olympics.com\/tokyo-2020\/paralympic-games\/resPG2020-\/pdf\/PG2020-\/TTE\/PG2020-_TTE_C75A_TTEMSINGLES-06010-----------------.pdf\">Classe 6<\/a><\/p>\n<p><a href=\"https:\/\/olympics.com\/tokyo-2020\/paralympic-games\/resPG2020-\/pdf\/PG2020-\/TTE\/PG2020-_TTE_C75A_TTEMSINGLES-07010-----GP----------.pdf\">Classe 7<\/a><\/p>\n<p><a href=\"https:\/\/olympics.com\/tokyo-2020\/paralympic-games\/resPG2020-\/pdf\/PG2020-\/TTE\/PG2020-_TTE_C75A_TTEMSINGLES-10010-----GP----------.pdf\">Classe 10<\/a><\/p>\n<p><a href=\"https:\/\/olympics.com\/tokyo-2020\/paralympic-games\/resPG2020-\/pdf\/PG2020-\/TTE\/PG2020-_TTE_C75A_TTEMSINGLES-11010-----GP----------.pdf\">Classe 11<\/a><\/p>\n<p><strong>Huiti\u00e8mes de finale<\/strong><\/p>\n<p><a href=\"https:\/\/olympics.com\/tokyo-2020\/paralympic-games\/resPG2020-\/pdf\/PG2020-\/TTE\/PG2020-_TTE_C75C_TTEMSINGLES-02010-----------------.pdf\">Classe 2<\/a><\/p>\n<p><a href=\"https:\/\/olympics.com\/tokyo-2020\/paralympic-games\/resPG2020-\/pdf\/PG2020-\/TTE\/PG2020-_TTE_C75C_TTEMSINGLES-03010-----------------.pdf\">Classe 3<\/a><\/p>\n<p><a href=\"https:\/\/olympics.com\/tokyo-2020\/paralympic-games\/resPG2020-\/pdf\/PG2020-\/TTE\/PG2020-_TTE_C75C_TTEMSINGLES-04010-----------------.pdf\">Classe 4<\/a><\/p>\n<p><strong>9h &#8211; 15h : tour pr\u00e9liminaire<\/strong><\/p>\n<p><a href=\"https:\/\/olympics.com\/tokyo-2020\/paralympic-games\/resPG2020-\/pdf\/PG2020-\/TTE\/PG2020-_TTE_C75A_TTEMSINGLES-10010-----GP----------.pdf\">Classe 10<\/a><\/p>\n<p><strong>Huiti\u00e8mes de finale<\/strong><\/p>\n<p><a href=\"https:\/\/olympics.com\/tokyo-2020\/paralympic-games\/resPG2020-\/pdf\/PG2020-\/TTE\/PG2020-_TTE_C75C_TTEMSINGLES-06010-----------------.pdf\">Classe 6<\/a><\/p>\n<p><a href=\"https:\/\/olympics.com\/tokyo-2020\/paralympic-games\/resPG2020-\/pdf\/PG2020-\/TTE\/PG2020-_TTE_C75C_TTEMSINGLES-07010-----------------.pdf\">Classe 7<\/a><\/p>\n<p><a href=\"https:\/\/olympics.com\/tokyo-2020\/paralympic-games\/resPG2020-\/pdf\/PG2020-\/TTE\/PG2020-_TTE_C75C_TTEMSINGLES-08010-----------------.pdf\">Classe 8<\/a><\/p>\n<p><strong>Quarts de finale<\/strong><\/p>\n<p><a href=\"https:\/\/olympics.com\/tokyo-2020\/paralympic-games\/resPG2020-\/pdf\/PG2020-\/TTE\/PG2020-_TTE_C75C_TTEMSINGLES-01010-----------------.pdf\">Classe 1<\/a><\/p>\n<p><a href=\"https:\/\/olympics.com\/tokyo-2020\/paralympic-games\/resPG2020-\/pdf\/PG2020-\/TTE\/PG2020-_TTE_C75C_TTEMSINGLES-02010-----------------.pdf\">Classe 2<\/a><\/p>\n<p><a href=\"https:\/\/olympics.com\/tokyo-2020\/paralympic-games\/resPG2020-\/pdf\/PG2020-\/TTE\/PG2020-_TTE_C75C_TTEMSINGLES-03010-----------------.pdf\">Classe 3<\/a><\/p>\n<p><a href=\"https:\/\/olympics.com\/tokyo-2020\/paralympic-games\/resPG2020-\/pdf\/PG2020-\/TTE\/PG2020-_TTE_C75C_TTEMSINGLES-04010-----------------.pdf\">Classe 4<\/a><\/p>\n<p><a href=\"https:\/\/olympics.com\/tokyo-2020\/paralympic-games\/resPG2020-\/pdf\/PG2020-\/TTE\/PG2020-_TTE_C75C_TTEMSINGLES-06010-----------------.pdf\">Classe 6<\/a><\/p>\n<p><a href=\"https:\/\/olympics.com\/tokyo-2020\/paralympic-games\/resPG2020-\/pdf\/PG2020-\/TTE\/PG2020-_TTE_C75C_TTEMSINGLES-07010-----------------.pdf\">Classe 7<\/a><\/p>\n<p><a href=\"https:\/\/olympics.com\/tokyo-2020\/paralympic-games\/resPG2020-\/pdf\/PG2020-\/TTE\/PG2020-_TTE_C75C_TTEMSINGLES-09010-----------------.pdf\">Classe 9<\/a><\/p>\n<p><a href=\"https:\/\/olympics.com\/tokyo-2020\/paralympic-games\/resPG2020-\/pdf\/PG2020-\/TTE\/PG2020-_TTE_C75C_TTEMSINGLES-11010-----------------.pdf\">Classe 11<\/a><\/p>\n<\/div>\n<div class=\"su-tabs-pane su-u-clearfix su-u-trim\" data-title=\"Samedi 28 ao\u00fbt\">\n<p><strong>2h :<\/strong> <a href=\"https:\/\/olympics.com\/tokyo-2020\/paralympic-games\/resPG2020-\/pdf\/PG2020-\/TTE\/PG2020-_TTE_C75C_TTEMSINGLES-08010-----------------.pdf\">Quarts de finale classe 8<\/a><\/p>\n<p><strong>2h :<\/strong> <a href=\"https:\/\/olympics.com\/tokyo-2020\/paralympic-games\/resPG2020-\/pdf\/PG2020-\/TTE\/PG2020-_TTE_C75C_TTEMSINGLES-04010-----------------.pdf\">Demi-finales classe 4<\/a><\/p>\n<p><strong>3h20 :<\/strong> <a href=\"https:\/\/olympics.com\/tokyo-2020\/paralympic-games\/resPG2020-\/pdf\/PG2020-\/TTE\/PG2020-_TTE_C75C_TTEMSINGLES-10010-----------------.pdf\">Quarts de finale classe 10<\/a><\/p>\n<p><strong>3h20 :<\/strong> <a href=\"https:\/\/olympics.com\/tokyo-2020\/paralympic-games\/resPG2020-\/pdf\/PG2020-\/TTE\/PG2020-_TTE_C75C_TTEMSINGLES-03010-----------------.pdf\">Demi-finales classe 3<\/a><\/p>\n<p><strong>4h :<\/strong> <a href=\"https:\/\/olympics.com\/tokyo-2020\/paralympic-games\/resPG2020-\/pdf\/PG2020-\/TTE\/PG2020-_TTE_C75C_TTEMSINGLES-06010-----------------.pdf\">Demi-finales classe 6<\/a><\/p>\n<p><strong>4h40 :<\/strong> <a href=\"https:\/\/olympics.com\/tokyo-2020\/paralympic-games\/resPG2020-\/pdf\/PG2020-\/TTE\/PG2020-_TTE_C75C_TTEMSINGLES-07010-----------------.pdf\">Demi-finales classe 7<\/a><\/p>\n<p><strong>4h40 :<\/strong> <a href=\"https:\/\/olympics.com\/tokyo-2020\/paralympic-games\/resPG2020-\/pdf\/PG2020-\/TTE\/PG2020-_TTE_C75C_TTEMSINGLES-02010-----------------.pdf\">Demi-finales classe 2<\/a><\/p>\n<p><strong>5h20 :<\/strong> <a href=\"https:\/\/olympics.com\/tokyo-2020\/paralympic-games\/resPG2020-\/pdf\/PG2020-\/TTE\/PG2020-_TTE_C75C_TTEMSINGLES-09010-----------------.pdf\">Demi-finales classe 9<\/a><\/p>\n<p><strong>6h :<\/strong> <a href=\"https:\/\/olympics.com\/tokyo-2020\/paralympic-games\/resPG2020-\/pdf\/PG2020-\/TTE\/PG2020-_TTE_C75C_TTEMSINGLES-11010-----------------.pdf\">Demi-finales classe 11<\/a><\/p>\n<p><strong>6h :<\/strong> <a href=\"https:\/\/olympics.com\/tokyo-2020\/paralympic-games\/resPG2020-\/pdf\/PG2020-\/TTE\/PG2020-_TTE_C75C_TTEMSINGLES-01010-----------------.pdf\">Demi-finales classe 1<\/a><\/p>\n<p><strong>6h40 :<\/strong> <a href=\"https:\/\/olympics.com\/tokyo-2020\/paralympic-games\/resPG2020-\/pdf\/PG2020-\/TTE\/PG2020-_TTE_C75C_TTEMSINGLES-08010-----------------.pdf\">Demi-finales classe 8<\/a><\/p>\n<p><strong>7h20 :<\/strong> <a href=\"https:\/\/olympics.com\/tokyo-2020\/paralympic-games\/resPG2020-\/pdf\/PG2020-\/TTE\/PG2020-_TTE_C75C_TTEMSINGLES-10010-----------------.pdf\">Demi-finales classe 10<\/a><\/p>\n<p><strong>7h20 :<\/strong> <a href=\"https:\/\/olympics.com\/tokyo-2020\/paralympic-games\/resPG2020-\/pdf\/PG2020-\/TTE\/PG2020-_TTE_C75C_TTEMSINGLES-05010-----------------.pdf\">Demi-finales classe 5<\/a><\/p>\n<p><strong>10h15 : <a href=\"https:\/\/olympics.com\/tokyo-2020\/paralympic-games\/resPG2020-\/pdf\/PG2020-\/TTE\/PG2020-_TTE_C75C_TTEMSINGLES-06010-----------------.pdf\">finale classe 6<\/a><\/strong><\/p>\n<p><strong>11h15 : <a href=\"https:\/\/olympics.com\/tokyo-2020\/paralympic-games\/resPG2020-\/pdf\/PG2020-\/TTE\/PG2020-_TTE_C75C_TTEMSINGLES-03010-----------------.pdf\">finale classe 3<\/a><\/strong><\/p>\n<p><strong>13h15 : <a href=\"https:\/\/olympics.com\/tokyo-2020\/paralympic-games\/resPG2020-\/pdf\/PG2020-\/TTE\/PG2020-_TTE_C75C_TTEMSINGLES-09010-----------------.pdf\">finale classe 9<\/a><\/strong><\/p>\n<\/div>\n<div class=\"su-tabs-pane su-u-clearfix su-u-trim\" data-title=\"Dimanche 29 ao\u00fbt\">\n<p><strong>3h : <a href=\"https:\/\/olympics.com\/tokyo-2020\/paralympic-games\/resPG2020-\/pdf\/PG2020-\/TTE\/PG2020-_TTE_C75C_TTEMSINGLES-05010-----------------.pdf\">finale classe 5<\/a><\/strong><\/p>\n<p><strong>4h45 : <a href=\"https:\/\/olympics.com\/tokyo-2020\/paralympic-games\/resPG2020-\/pdf\/PG2020-\/TTE\/PG2020-_TTE_C75C_TTEMSINGLES-07010-----------------.pdf\">finale classe 7<\/a><\/strong><\/p>\n<p><strong>10h45 : <a href=\"https:\/\/olympics.com\/tokyo-2020\/paralympic-games\/resPG2020-\/pdf\/PG2020-\/TTE\/PG2020-_TTE_C75C_TTEMSINGLES-11010-----------------.pdf\">finale classe 11<\/a><\/strong><\/p>\n<p><strong>11h45 : <a href=\"https:\/\/olympics.com\/tokyo-2020\/paralympic-games\/resPG2020-\/pdf\/PG2020-\/TTE\/PG2020-_TTE_C75C_TTEMSINGLES-10010-----------------.pdf\">finale classe 10<\/a><\/strong><\/p>\n<\/div>\n<div class=\"su-tabs-pane su-u-clearfix su-u-trim\" data-title=\"Lundi 30 ao\u00fbt\">\n<p><strong>3h45 : <a href=\"https:\/\/olympics.com\/tokyo-2020\/paralympic-games\/resPG2020-\/pdf\/PG2020-\/TTE\/PG2020-_TTE_C75C_TTEMSINGLES-08010-----------------.pdf\">finale classe 8<\/a><\/strong><\/p>\n<p><strong>5h45 : <a href=\"https:\/\/olympics.com\/tokyo-2020\/paralympic-games\/resPG2020-\/pdf\/PG2020-\/TTE\/PG2020-_TTE_C75C_TTEMSINGLES-01010-----------------.pdf\">finale classe 1<\/a><\/strong><\/p>\n<p><strong>9h : <a href=\"https:\/\/olympics.com\/tokyo-2020\/paralympic-games\/resPG2020-\/pdf\/PG2020-\/TTE\/PG2020-_TTE_C75C_TTEMSINGLES-02010-----------------.pdf\">finale classe 2<\/a><\/strong><\/p>\n<p><strong>9h45 : <a href=\"https:\/\/olympics.com\/tokyo-2020\/paralympic-games\/resPG2020-\/pdf\/PG2020-\/TTE\/PG2020-_TTE_C75C_TTEMSINGLES-04010-----------------.pdf\">finale classe 4<\/a><\/strong><\/p>\n<\/div>\n<div class=\"su-tabs-pane su-u-clearfix su-u-trim\" data-title=\"Mardi 31 ao\u00fbt\">\n<p><strong>3h :<\/strong> <a href=\"https:\/\/olympics.com\/tokyo-2020\/paralympic-games\/resPG2020-\/pdf\/PG2020-\/TTE\/PG2020-_TTE_C75E_TTEMTEAM----10020-----------------.pdf\">huiti\u00e8mes de finale par \u00e9quipes classe 9-10<\/a><\/p>\n<p><strong>3h :<\/strong> <a href=\"https:\/\/olympics.com\/tokyo-2020\/paralympic-games\/resPG2020-\/pdf\/PG2020-\/TTE\/PG2020-_TTE_C75E_TTEMTEAM----05020-----------------.pdf\">huiti\u00e8mes de finale par \u00e9quipes classe 4-5<\/a><\/p>\n<p><strong>4h30 :<\/strong> <a href=\"https:\/\/olympics.com\/tokyo-2020\/paralympic-games\/resPG2020-\/pdf\/PG2020-\/TTE\/PG2020-_TTE_C75E_TTEMTEAM----10020-----------------.pdf\">huiti\u00e8mes de finale par \u00e9quipes classe 9-10<\/a><\/p>\n<p><strong>4h30 :<\/strong> <a href=\"https:\/\/olympics.com\/tokyo-2020\/paralympic-games\/resPG2020-\/pdf\/PG2020-\/TTE\/PG2020-_TTE_C75E_TTEMTEAM----07020-----------------.pdf\">huiti\u00e8mes de finale par \u00e9quipes classe 6-7<\/a><\/p>\n<p><strong>6h :<\/strong> <a href=\"https:\/\/olympics.com\/tokyo-2020\/paralympic-games\/resPG2020-\/pdf\/PG2020-\/TTE\/PG2020-_TTE_C75E_TTEMTEAM----02020-----------------.pdf\">quarts de finale par \u00e9quipes classe 1-2<\/a><\/p>\n<p><strong>9h30 :<\/strong> <a href=\"https:\/\/olympics.com\/tokyo-2020\/paralympic-games\/resPG2020-\/pdf\/PG2020-\/TTE\/PG2020-_TTE_C75E_TTEMTEAM----08010-----------------.pdf\">quarts de finale par \u00e9quipes classe 8<\/a><\/p>\n<p><strong>11h :<\/strong> <a href=\"https:\/\/olympics.com\/tokyo-2020\/paralympic-games\/resPG2020-\/pdf\/PG2020-\/TTE\/PG2020-_TTE_C75E_TTEMTEAM----10020-----------------.pdf\">quarts de finale par \u00e9quipes classe 9-10<\/a><\/p>\n<p><strong>11h :<\/strong> <a href=\"https:\/\/olympics.com\/tokyo-2020\/paralympic-games\/resPG2020-\/pdf\/PG2020-\/TTE\/PG2020-_TTE_C75E_TTEMTEAM----05020-----------------.pdf\">quarts de finale par \u00e9quipes classe 4-5<\/a><\/p>\n<p><strong>12h30 :<\/strong> <a href=\"https:\/\/olympics.com\/tokyo-2020\/paralympic-games\/resPG2020-\/pdf\/PG2020-\/TTE\/PG2020-_TTE_C75E_TTEMTEAM----07020-----------------.pdf\">quarts de finale par \u00e9quipes classe 6-7<\/a><\/p>\n<p><strong>12h30 :<\/strong> <a href=\"https:\/\/olympics.com\/tokyo-2020\/paralympic-games\/resPG2020-\/pdf\/PG2020-\/TTE\/PG2020-_TTE_C75E_TTEMTEAM----03010-----------------.pdf\">quarts de finale par \u00e9quipes classe 3<\/a><\/p>\n<\/div>\n<div class=\"su-tabs-pane su-u-clearfix su-u-trim\" data-title=\"Mercredi 1er septembre\">\n<p><strong>3h :<\/strong> <a href=\"https:\/\/olympics.com\/tokyo-2020\/paralympic-games\/resPG2020-\/pdf\/PG2020-\/TTE\/PG2020-_TTE_C75E_TTEMTEAM----05020-----------------.pdf\">demi-finales par \u00e9quipes classe 4-5<\/a><\/p>\n<p><strong>5h :<\/strong> <a href=\"https:\/\/olympics.com\/tokyo-2020\/paralympic-games\/resPG2020-\/pdf\/PG2020-\/TTE\/PG2020-_TTE_C75E_TTEMTEAM----08010-----------------.pdf\">demi-finales par \u00e9quipes classe 8<\/a><\/p>\n<p><strong>7h :<\/strong> <a href=\"https:\/\/olympics.com\/tokyo-2020\/paralympic-games\/resPG2020-\/pdf\/PG2020-\/TTE\/PG2020-_TTE_C75E_TTEMTEAM----10020-----------------.pdf\">demi-finales par \u00e9quipes classe 9-10<\/a><\/p>\n<p><strong>7h :<\/strong> <a href=\"https:\/\/olympics.com\/tokyo-2020\/paralympic-games\/resPG2020-\/pdf\/PG2020-\/TTE\/PG2020-_TTE_C75E_TTEMTEAM----03010-----------------.pdf\" target=\"_blank\" rel=\"noopener\">demi-finales par \u00e9quipes classe 3<\/a><\/p>\n<p><strong>10h30 :<\/strong> <a href=\"https:\/\/olympics.com\/tokyo-2020\/paralympic-games\/resPG2020-\/pdf\/PG2020-\/TTE\/PG2020-_TTE_C75E_TTEMTEAM----07020-----------------.pdf\">demi-finales par \u00e9quipes classe 6-7<\/a><\/p>\n<p><strong>10h30 :<\/strong> <a href=\"https:\/\/olympics.com\/tokyo-2020\/paralympic-games\/resPG2020-\/pdf\/PG2020-\/TTE\/PG2020-_TTE_C75E_TTEMTEAM----02020-----------------.pdf\">demi-finales par \u00e9quipes classe 1-2<\/a><\/p>\n<\/div>\n<div class=\"su-tabs-pane su-u-clearfix su-u-trim\" data-title=\"Jeudi 2 septembre\">\n<p><strong>3h : <a href=\"https:\/\/olympics.com\/tokyo-2020\/paralympic-games\/resPG2020-\/pdf\/PG2020-\/TTE\/PG2020-_TTE_C75E_TTEMTEAM----05020-----------------.pdf\" target=\"_blank\" rel=\"noopener\">finale par \u00e9quipes classe 4-5<\/a><\/strong><\/p>\n<p><strong>10h : <a href=\"https:\/\/olympics.com\/tokyo-2020\/paralympic-games\/resPG2020-\/pdf\/PG2020-\/TTE\/PG2020-_TTE_C75E_TTEMTEAM----08010-----------------.pdf\" target=\"_blank\" rel=\"noopener\">finale par \u00e9quipes classe 8<\/a><\/strong><\/p>\n<p><strong>11h30 : <a href=\"https:\/\/olympics.com\/tokyo-2020\/paralympic-games\/resPG2020-\/pdf\/PG2020-\/TTE\/PG2020-_TTE_C75E_TTEMTEAM----03010-----------------.pdf\" target=\"_blank\" rel=\"noopener\">finale par \u00e9quipes classe 3<\/a><\/strong><\/p>\n<\/div>\n<div class=\"su-tabs-pane su-u-clearfix su-u-trim\" data-title=\"Vendredi 3 septembre\">\n<p><strong>6h : <a href=\"https:\/\/olympics.com\/tokyo-2020\/paralympic-games\/resPG2020-\/pdf\/PG2020-\/TTE\/PG2020-_TTE_C75E_TTEMTEAM----07020-----------------.pdf\">finale par \u00e9quipes classe 6-7<\/a><\/strong><\/p>\n<p><strong>10h : <a href=\"https:\/\/olympics.com\/tokyo-2020\/paralympic-games\/resPG2020-\/pdf\/PG2020-\/TTE\/PG2020-_TTE_C75E_TTEMTEAM----02020-----------------.pdf\">finale par \u00e9quipes classe 1-2<\/a><\/strong><\/p>\n<p><strong>11h30 : <a href=\"https:\/\/olympics.com\/tokyo-2020\/paralympic-games\/resPG2020-\/pdf\/PG2020-\/TTE\/PG2020-_TTE_C75E_TTEMTEAM----10020-----------------.pdf\">finale par \u00e9quipes classe 9-10<\/a><\/strong><\/p>\n<\/div><\/div><\/div>\n<hr \/>\n<h2>Les m\u00e9dailles<\/h2>\n<h3 style=\"text-align: justify;\">Femmes<\/h3>\n<div class=\"su-table su-table-alternate\">\n<table style=\"width: 800px;border-collapse: collapse\">\n<tbody>\n<tr>\n<td style=\"text-align: center;width: 200px;vertical-align: middle\"><span style=\"font-size: 16px\"><strong>\u00c9preuves<\/strong><\/span><\/td>\n<td style=\"background-color: #fff242;text-align: center;width: 200px;vertical-align: middle\"><span style=\"font-size: 16px\"><strong>&#x1f947; Or<\/strong><\/span><\/td>\n<td style=\"background-color: #a8a8a8;text-align: center;width: 200px;vertical-align: middle\"><span style=\"font-size: 16px\"><strong>&#x1f948; Argent<\/strong><\/span><\/td>\n<td style=\"background-color: #c97159;text-align: center;width: 200px;vertical-align: middle\"><span style=\"font-size: 16px\"><strong>&#x1f949; Bronze<\/strong><\/span><\/td>\n<\/tr>\n<tr>\n<td style=\"text-align: center;width: 200px;vertical-align: middle\"><span style=\"font-size: 16px\"><strong>Simple classe 1-2<\/strong><\/span><\/td>\n<td style=\"text-align: center;width: 200px;vertical-align: middle\"><span style=\"font-size: 16px\">&#x1f1e8;&#x1f1f3; Jing Liu<\/span><\/td>\n<td style=\"text-align: center;width: 200px;vertical-align: middle\"><span style=\"font-size: 16px\">&#x1f1f0;&#x1f1f7; Su Yeon\u00a0 Seo<\/span><\/td>\n<td style=\"text-align: center;width: 200px;vertical-align: middle\"><span style=\"font-size: 16px\"><strong><img loading=\"lazy\" decoding=\"async\" class=\"alignnone wp-image-143866\" src=\"https:\/\/dicodusport.fr\/blog\/wp-content\/uploads\/2021\/07\/Comite-olympique-russe-591x1024.png\" alt=\"\" width=\"9\" height=\"15\" srcset=\"https:\/\/dicodusport.fr\/blog\/wp-content\/uploads\/2021\/07\/Comite-olympique-russe-591x1024.png 591w, https:\/\/dicodusport.fr\/blog\/wp-content\/uploads\/2021\/07\/Comite-olympique-russe-173x300.png 173w, https:\/\/dicodusport.fr\/blog\/wp-content\/uploads\/2021\/07\/Comite-olympique-russe-768x1331.png 768w, https:\/\/dicodusport.fr\/blog\/wp-content\/uploads\/2021\/07\/Comite-olympique-russe-887x1536.png 887w, https:\/\/dicodusport.fr\/blog\/wp-content\/uploads\/2021\/07\/Comite-olympique-russe-1182x2048.png 1182w, https:\/\/dicodusport.fr\/blog\/wp-content\/uploads\/2021\/07\/Comite-olympique-russe.png 2001w\" sizes=\"auto, (max-width: 9px) 100vw, 9px\" \/><\/strong> Nadezhda Pushpasheva<\/span><br \/>\n<span style=\"font-size: 16px\">&#x1f1e7;&#x1f1f7; Catia da Silva Oliveira<\/span><\/td>\n<\/tr>\n<tr>\n<td style=\"text-align: center;width: 200px;vertical-align: middle\"><span style=\"font-size: 16px\"><strong>Simple classe 3<\/strong><\/span><\/td>\n<td style=\"text-align: center;width: 200px;vertical-align: middle\"><span style=\"font-size: 16px\">&#x1f1e8;&#x1f1f3; Juan Xue<\/span><\/td>\n<td style=\"text-align: center;width: 200px;vertical-align: middle\"><span style=\"font-size: 16px\">&#x1f1f8;&#x1f1f0; Alena Kanova<\/span><\/td>\n<td style=\"text-align: center;width: 200px;vertical-align: middle\"><span style=\"font-size: 16px\">&#x1f1f0;&#x1f1f7; Mi Gyu Lee<\/span><br \/>\n<span style=\"font-size: 16px\">&#x1f1f0;&#x1f1f7; Jiyu Yoon<\/span><\/td>\n<\/tr>\n<tr>\n<td style=\"text-align: center;width: 200px;vertical-align: middle\"><span style=\"font-size: 16px\"><strong>Simple classe 4<\/strong><\/span><\/td>\n<td style=\"text-align: center;width: 200px;vertical-align: middle\"><span style=\"font-size: 16px\">&#x1f1e8;&#x1f1f3; Ying Zhou<\/span><\/td>\n<td style=\"text-align: center;width: 200px;vertical-align: middle\"><span style=\"font-size: 16px\">&#x1f1ee;&#x1f1f3; Hasmukhbhai Bhavinaben<\/span><\/td>\n<td style=\"text-align: center;width: 200px;vertical-align: middle\"><span style=\"font-size: 16px\">&#x1f1e8;&#x1f1f3; Miao Zhang<\/span><br \/>\n<span style=\"font-size: 16px\">&#x1f1e8;&#x1f1f3; Xiaodan Gu<\/span><\/td>\n<\/tr>\n<tr>\n<td style=\"text-align: center;width: 200px;vertical-align: middle\"><span style=\"font-size: 16px\"><strong>Simple classe 5<\/strong><\/span><\/td>\n<td style=\"text-align: center;width: 200px;vertical-align: middle\"><span style=\"font-size: 16px\">&#x1f1e8;&#x1f1f3; Bian Zhang<\/span><\/td>\n<td style=\"text-align: center;width: 200px;vertical-align: middle\"><span style=\"font-size: 16px\">&#x1f1e8;&#x1f1f3; Jiamin Pan<\/span><\/td>\n<td style=\"text-align: center;width: 200px;vertical-align: middle\"><span style=\"font-size: 16px\">&#x1f1f0;&#x1f1f7; Young Jung<\/span><br \/>\n<span style=\"font-size: 16px\">&#x1f1ef;&#x1f1f4; Khetam Abu Awad<\/span><\/td>\n<\/tr>\n<tr>\n<td style=\"text-align: center;width: 200px;vertical-align: middle\"><span style=\"font-size: 16px\"><strong>Simple classe 6<\/strong><\/span><\/td>\n<td style=\"text-align: center;width: 200px;vertical-align: middle\"><span style=\"font-size: 16px\">&#x1f1fa;&#x1f1e6; Maryna Lytovchenko<\/span><\/td>\n<td style=\"text-align: center;width: 200px;vertical-align: middle\"><span style=\"font-size: 16px\"><strong><img loading=\"lazy\" decoding=\"async\" class=\"alignnone wp-image-143866\" src=\"https:\/\/dicodusport.fr\/blog\/wp-content\/uploads\/2021\/07\/Comite-olympique-russe-591x1024.png\" alt=\"\" width=\"9\" height=\"15\" srcset=\"https:\/\/dicodusport.fr\/blog\/wp-content\/uploads\/2021\/07\/Comite-olympique-russe-591x1024.png 591w, https:\/\/dicodusport.fr\/blog\/wp-content\/uploads\/2021\/07\/Comite-olympique-russe-173x300.png 173w, https:\/\/dicodusport.fr\/blog\/wp-content\/uploads\/2021\/07\/Comite-olympique-russe-768x1331.png 768w, https:\/\/dicodusport.fr\/blog\/wp-content\/uploads\/2021\/07\/Comite-olympique-russe-887x1536.png 887w, https:\/\/dicodusport.fr\/blog\/wp-content\/uploads\/2021\/07\/Comite-olympique-russe-1182x2048.png 1182w, https:\/\/dicodusport.fr\/blog\/wp-content\/uploads\/2021\/07\/Comite-olympique-russe.png 2001w\" sizes=\"auto, (max-width: 9px) 100vw, 9px\" \/> <\/strong>Maliak Alieva<\/span><\/td>\n<td style=\"text-align: center;width: 200px;vertical-align: middle\"><span style=\"font-size: 16px\">&#x1f1e9;&#x1f1ea; Stephanie Grebe<\/span><br \/>\n<span style=\"font-size: 16px\"><strong><img loading=\"lazy\" decoding=\"async\" class=\"alignnone wp-image-143866\" src=\"https:\/\/dicodusport.fr\/blog\/wp-content\/uploads\/2021\/07\/Comite-olympique-russe-591x1024.png\" alt=\"\" width=\"9\" height=\"15\" srcset=\"https:\/\/dicodusport.fr\/blog\/wp-content\/uploads\/2021\/07\/Comite-olympique-russe-591x1024.png 591w, https:\/\/dicodusport.fr\/blog\/wp-content\/uploads\/2021\/07\/Comite-olympique-russe-173x300.png 173w, https:\/\/dicodusport.fr\/blog\/wp-content\/uploads\/2021\/07\/Comite-olympique-russe-768x1331.png 768w, https:\/\/dicodusport.fr\/blog\/wp-content\/uploads\/2021\/07\/Comite-olympique-russe-887x1536.png 887w, https:\/\/dicodusport.fr\/blog\/wp-content\/uploads\/2021\/07\/Comite-olympique-russe-1182x2048.png 1182w, https:\/\/dicodusport.fr\/blog\/wp-content\/uploads\/2021\/07\/Comite-olympique-russe.png 2001w\" sizes=\"auto, (max-width: 9px) 100vw, 9px\" \/><\/strong> Raisa Chebanika<\/span><\/td>\n<\/tr>\n<tr>\n<td style=\"text-align: center;width: 200px;vertical-align: middle\"><span style=\"font-size: 16px\"><strong>Simple classe 7<\/strong><\/span><\/td>\n<td style=\"text-align: center;width: 200px;vertical-align: middle\"><span style=\"font-size: 16px\">&#x1f1f3;&#x1f1f1; Kelly van Zon<\/span><\/td>\n<td style=\"text-align: center;width: 200px;vertical-align: middle\"><span style=\"font-size: 16px\"><strong><img loading=\"lazy\" decoding=\"async\" class=\"alignnone wp-image-143866\" src=\"https:\/\/dicodusport.fr\/blog\/wp-content\/uploads\/2021\/07\/Comite-olympique-russe-591x1024.png\" alt=\"\" width=\"9\" height=\"15\" srcset=\"https:\/\/dicodusport.fr\/blog\/wp-content\/uploads\/2021\/07\/Comite-olympique-russe-591x1024.png 591w, https:\/\/dicodusport.fr\/blog\/wp-content\/uploads\/2021\/07\/Comite-olympique-russe-173x300.png 173w, https:\/\/dicodusport.fr\/blog\/wp-content\/uploads\/2021\/07\/Comite-olympique-russe-768x1331.png 768w, https:\/\/dicodusport.fr\/blog\/wp-content\/uploads\/2021\/07\/Comite-olympique-russe-887x1536.png 887w, https:\/\/dicodusport.fr\/blog\/wp-content\/uploads\/2021\/07\/Comite-olympique-russe-1182x2048.png 1182w, https:\/\/dicodusport.fr\/blog\/wp-content\/uploads\/2021\/07\/Comite-olympique-russe.png 2001w\" sizes=\"auto, (max-width: 9px) 100vw, 9px\" \/> <\/strong>Viktoriia Safonava<\/span><\/td>\n<td style=\"text-align: center;width: 200px;vertical-align: middle\"><span style=\"font-size: 16px\">&#x1f1eb;&#x1f1f7; Anne Barn\u00e9oud<\/span><br \/>\n<span style=\"font-size: 16px\">&#x1f1f9;&#x1f1f7; Kubra Korkut<\/span><\/td>\n<\/tr>\n<tr>\n<td style=\"text-align: center;width: 200px;vertical-align: middle\"><span style=\"font-size: 16px\"><strong>Simple classe 8<\/strong><\/span><\/td>\n<td style=\"text-align: center;width: 200px;vertical-align: middle\"><span style=\"font-size: 16px\">&#x1f1e8;&#x1f1f3; Jingdian Mao<\/span><\/td>\n<td style=\"text-align: center;width: 200px;vertical-align: middle\"><span style=\"font-size: 16px\">&#x1f1e8;&#x1f1f3; Wenjuan Huang<\/span><\/td>\n<td style=\"text-align: center;width: 200px;vertical-align: middle\"><span style=\"font-size: 16px\">&#x1f1f3;&#x1f1f4; Aida Dahlen<\/span><br \/>\n<span style=\"font-size: 16px\">&#x1f1eb;&#x1f1f7; Thu Kamkasomphou<\/span><\/td>\n<\/tr>\n<tr>\n<td style=\"text-align: center;width: 200px;vertical-align: middle\"><span style=\"font-size: 16px\"><strong>Simple classe 9<\/strong><\/span><\/td>\n<td style=\"text-align: center;width: 200px;vertical-align: middle\"><span style=\"font-size: 16px\">&#x1f1e6;&#x1f1fa; <\/span>Li Na Lei<\/td>\n<td style=\"text-align: center;width: 200px;vertical-align: middle\"><span style=\"font-size: 16px\">&#x1f1e8;&#x1f1f3; Guiyan Xiong<\/span><\/td>\n<td style=\"text-align: center;width: 200px;vertical-align: middle\"><span style=\"font-size: 16px\">&#x1f1f5;&#x1f1f1; Karolina Pek<\/span><br \/>\n<span style=\"font-size: 16px\">&#x1f1ed;&#x1f1fa; Alexa Szvitacs<\/span><\/td>\n<\/tr>\n<tr>\n<td style=\"text-align: center;width: 200px;vertical-align: middle\"><span style=\"font-size: 16px\"><strong>Simple classe 10<\/strong><\/span><\/td>\n<td style=\"text-align: center;width: 200px;vertical-align: middle\"><span style=\"font-size: 16px\">&#x1f1e6;&#x1f1fa; Qian Yang<\/span><\/td>\n<td style=\"text-align: center;width: 200px;vertical-align: middle\">&#x1f1e7;&#x1f1f7; Bruna Costa Alexandre<\/td>\n<td style=\"text-align: center;width: 200px;vertical-align: middle\"><span style=\"font-size: 16px\">&#x1f1f5;&#x1f1f1; Natalia Partyka<\/span><br \/>\n<span style=\"font-size: 16px\"><strong><a href=\"https:\/\/dicodusport.fr\/blog\/wp-content\/uploads\/2021\/07\/Drapeau-Taipei-Chinois.png\"><img loading=\"lazy\" decoding=\"async\" class=\"alignnone wp-image-149317\" src=\"https:\/\/dicodusport.fr\/blog\/wp-content\/uploads\/2021\/07\/Drapeau-Taipei-Chinois.png\" alt=\"\" width=\"13\" height=\"13\" srcset=\"https:\/\/dicodusport.fr\/blog\/wp-content\/uploads\/2021\/07\/Drapeau-Taipei-Chinois.png 1598w, https:\/\/dicodusport.fr\/blog\/wp-content\/uploads\/2021\/07\/Drapeau-Taipei-Chinois-300x296.png 300w, https:\/\/dicodusport.fr\/blog\/wp-content\/uploads\/2021\/07\/Drapeau-Taipei-Chinois-1024x1011.png 1024w, https:\/\/dicodusport.fr\/blog\/wp-content\/uploads\/2021\/07\/Drapeau-Taipei-Chinois-150x150.png 150w, https:\/\/dicodusport.fr\/blog\/wp-content\/uploads\/2021\/07\/Drapeau-Taipei-Chinois-768x758.png 768w, https:\/\/dicodusport.fr\/blog\/wp-content\/uploads\/2021\/07\/Drapeau-Taipei-Chinois-1536x1517.png 1536w, https:\/\/dicodusport.fr\/blog\/wp-content\/uploads\/2021\/07\/Drapeau-Taipei-Chinois-560x600.png 560w, https:\/\/dicodusport.fr\/blog\/wp-content\/uploads\/2021\/07\/Drapeau-Taipei-Chinois-80x80.png 80w\" sizes=\"auto, (max-width: 13px) 100vw, 13px\" \/><\/a><\/strong> Shiau Wen Tien<\/span><\/td>\n<\/tr>\n<tr>\n<td style=\"text-align: center;width: 200px;vertical-align: middle\"><span style=\"font-size: 16px\"><strong>Simple classe 11<\/strong><\/span><\/td>\n<td style=\"text-align: center;width: 200px;vertical-align: middle\"><span style=\"font-size: 16px\"><strong><img loading=\"lazy\" decoding=\"async\" class=\"alignnone wp-image-143866\" src=\"https:\/\/dicodusport.fr\/blog\/wp-content\/uploads\/2021\/07\/Comite-olympique-russe-591x1024.png\" alt=\"\" width=\"9\" height=\"15\" srcset=\"https:\/\/dicodusport.fr\/blog\/wp-content\/uploads\/2021\/07\/Comite-olympique-russe-591x1024.png 591w, https:\/\/dicodusport.fr\/blog\/wp-content\/uploads\/2021\/07\/Comite-olympique-russe-173x300.png 173w, https:\/\/dicodusport.fr\/blog\/wp-content\/uploads\/2021\/07\/Comite-olympique-russe-768x1331.png 768w, https:\/\/dicodusport.fr\/blog\/wp-content\/uploads\/2021\/07\/Comite-olympique-russe-887x1536.png 887w, https:\/\/dicodusport.fr\/blog\/wp-content\/uploads\/2021\/07\/Comite-olympique-russe-1182x2048.png 1182w, https:\/\/dicodusport.fr\/blog\/wp-content\/uploads\/2021\/07\/Comite-olympique-russe.png 2001w\" sizes=\"auto, (max-width: 9px) 100vw, 9px\" \/><\/strong> Elena Prokofeva<\/span><\/td>\n<td style=\"text-align: center;width: 200px;vertical-align: middle\"><span style=\"font-size: 16px\">&#x1f1eb;&#x1f1f7; L\u00e9a Ferney<\/span><\/td>\n<td style=\"text-align: center;width: 200px;vertical-align: middle\"><span style=\"font-size: 16px\">&#x1f1ef;&#x1f1f5; Maki Ito<\/span><br \/>\n<span style=\"font-size: 16px\">&#x1f1ed;&#x1f1f0; Ting Ting Wong<\/span><\/td>\n<\/tr>\n<tr>\n<td style=\"text-align: center;width: 200px;vertical-align: middle\"><span style=\"font-size: 16px\"><strong>Par \u00e9quipes<br \/>\nclasse 1-3<\/strong><\/span><\/td>\n<td style=\"text-align: center;width: 200px;vertical-align: middle\"><span style=\"font-size: 16px\">&#x1f1e8;&#x1f1f3; <\/span>Chine<\/td>\n<td style=\"text-align: center;width: 200px;vertical-align: middle\"><span style=\"font-size: 16px\">&#x1f1f0;&#x1f1f7; <\/span>Cor\u00e9e du Sud<\/td>\n<td style=\"text-align: center;width: 200px;vertical-align: middle\">&#x1f1ee;&#x1f1f9; Italie<br \/>\n&#x1f1ed;&#x1f1f7; Croatie<\/td>\n<\/tr>\n<tr>\n<td style=\"text-align: center;width: 200px;vertical-align: middle\"><span style=\"font-size: 16px\"><strong>Par \u00e9quipes<br \/>\nclasse 4-5<\/strong><\/span><\/td>\n<td style=\"text-align: center;width: 200px;vertical-align: middle\"><span style=\"font-size: 16px\">&#x1f1e8;&#x1f1f3; <\/span>Chine<\/td>\n<td style=\"text-align: center;width: 200px;vertical-align: middle\">&#x1f1f8;&#x1f1ea; Su\u00e8de<\/td>\n<td style=\"text-align: center;width: 200px;vertical-align: middle\">&#x1f1f7;&#x1f1f8; Serbie<br \/>\n<span style=\"font-size: 16px\">&#x1f1ec;&#x1f1e7; <\/span>Grande-Bretagne<\/td>\n<\/tr>\n<tr>\n<td style=\"text-align: center;width: 200px;vertical-align: middle\"><span style=\"font-size: 16px\"><strong>Par \u00e9quipes<br \/>\nclasse 6-8<\/strong><\/span><\/td>\n<td style=\"text-align: center;width: 200px;vertical-align: middle\"><span style=\"font-size: 16px\">&#x1f1e8;&#x1f1f3; <\/span>Chine<\/td>\n<td style=\"text-align: center;width: 200px;vertical-align: middle\">&#x1f1f3;&#x1f1f1; Pays-Bas<\/td>\n<td style=\"text-align: center;width: 200px;vertical-align: middle\"><span style=\"font-size: 16px\">&#x1f1eb;&#x1f1f7; <\/span>France<br \/>\n<span style=\"font-size: 16px\"><strong><img loading=\"lazy\" decoding=\"async\" class=\"alignnone wp-image-143866\" src=\"https:\/\/dicodusport.fr\/blog\/wp-content\/uploads\/2021\/07\/Comite-olympique-russe-591x1024.png\" alt=\"\" width=\"9\" height=\"15\" srcset=\"https:\/\/dicodusport.fr\/blog\/wp-content\/uploads\/2021\/07\/Comite-olympique-russe-591x1024.png 591w, https:\/\/dicodusport.fr\/blog\/wp-content\/uploads\/2021\/07\/Comite-olympique-russe-173x300.png 173w, https:\/\/dicodusport.fr\/blog\/wp-content\/uploads\/2021\/07\/Comite-olympique-russe-768x1331.png 768w, https:\/\/dicodusport.fr\/blog\/wp-content\/uploads\/2021\/07\/Comite-olympique-russe-887x1536.png 887w, https:\/\/dicodusport.fr\/blog\/wp-content\/uploads\/2021\/07\/Comite-olympique-russe-1182x2048.png 1182w, https:\/\/dicodusport.fr\/blog\/wp-content\/uploads\/2021\/07\/Comite-olympique-russe.png 2001w\" sizes=\"auto, (max-width: 9px) 100vw, 9px\" \/> <\/strong><\/span>Comit\u00e9 Paralympique Russe<\/td>\n<\/tr>\n<tr>\n<td style=\"text-align: center;width: 200px;vertical-align: middle\"><span style=\"font-size: 16px\"><strong>Par \u00e9quipes<br \/>\nclasse 9-10<\/strong><\/span><\/td>\n<td style=\"text-align: center;width: 200px;vertical-align: middle\">&#x1f1f5;&#x1f1f1; Pologne<\/td>\n<td style=\"text-align: center;width: 200px;vertical-align: middle\"><span style=\"font-size: 16px\">&#x1f1e6;&#x1f1fa; <\/span>Australie<\/td>\n<td style=\"text-align: center;width: 200px;vertical-align: middle\"><span style=\"font-size: 16px\">&#x1f1e8;&#x1f1f3; <\/span>Chine<br \/>\n&#x1f1e7;&#x1f1f7; Br\u00e9sil<\/td>\n<\/tr>\n<\/tbody>\n<\/table>\n<\/div>\n<h3 style=\"text-align: justify;\">Hommes<\/h3>\n<p><span style=\"font-size: 16px;\"><div class=\"su-table su-table-alternate\"><\/span><\/p>\n<table style=\"width: 800px;border-collapse: collapse\">\n<tbody>\n<tr>\n<td style=\"text-align: center;width: 200px;vertical-align: middle\"><span style=\"font-size: 16px\"><strong>\u00c9preuves<\/strong><\/span><\/td>\n<td style=\"background-color: #fff242;text-align: center;width: 200px;vertical-align: middle\"><span style=\"font-size: 16px\"><strong>&#x1f947; Or<\/strong><\/span><\/td>\n<td style=\"background-color: #a8a8a8;text-align: center;width: 200px;vertical-align: middle\"><span style=\"font-size: 16px\"><strong>&#x1f948; Argent<\/strong><\/span><\/td>\n<td style=\"background-color: #c97159;text-align: center;width: 200px;vertical-align: middle\"><span style=\"font-size: 16px\"><strong>&#x1f949; Bronze<\/strong><\/span><\/td>\n<\/tr>\n<tr>\n<td style=\"text-align: center;width: 200px;vertical-align: middle\"><span style=\"font-size: 16px\"><strong>Simple classe 1<\/strong><\/span><\/td>\n<td style=\"text-align: center;width: 200px;vertical-align: middle\"><span style=\"font-size: 16px\">&#x1f1f0;&#x1f1f7; Young Dae Joo<\/span><\/td>\n<td style=\"text-align: center;width: 200px;vertical-align: middle\"><span style=\"font-size: 16px\">&#x1f1f0;&#x1f1f7; Hyeon Uk Kim<\/span><\/td>\n<td style=\"text-align: center;width: 200px;vertical-align: middle\"><span style=\"font-size: 16px\">&#x1f1f0;&#x1f1f7; Ki Won Nam<\/span><br \/>\n<span style=\"font-size: 16px\">&#x1f1ec;&#x1f1e7;\u00a0Thomas Matthews<\/span><\/td>\n<\/tr>\n<tr>\n<td style=\"text-align: center;width: 200px;vertical-align: middle\"><span style=\"font-size: 16px\"><strong>Simple classe 2<\/strong><\/span><\/td>\n<td style=\"text-align: center;width: 200px;vertical-align: middle\"><span style=\"font-size: 16px\">&#x1f1eb;&#x1f1f7; <\/span>Fabien Lamirault<\/td>\n<td style=\"text-align: center;width: 200px;vertical-align: middle\"><span style=\"font-size: 16px\">&#x1f1f5;&#x1f1f1; <\/span>Rafal Czuper<\/td>\n<td style=\"text-align: center;width: 200px;vertical-align: middle\"><span style=\"font-size: 16px\">&#x1f1f0;&#x1f1f7; Jin Cheol Park<\/span><br \/>\n<span style=\"font-size: 16px\">&#x1f1f0;&#x1f1f7; Soo Yong Cha<\/span><\/td>\n<\/tr>\n<tr>\n<td style=\"text-align: center;width: 200px;vertical-align: middle\"><span style=\"font-size: 16px\"><strong>Simple classe 3<\/strong><\/span><\/td>\n<td style=\"text-align: center;width: 200px;vertical-align: middle\"><span style=\"font-size: 16px\">&#x1f1e8;&#x1f1f3; Panfeng Feng<\/span><\/td>\n<td style=\"text-align: center;width: 200px;vertical-align: middle\"><span style=\"font-size: 16px\">&#x1f1e9;&#x1f1ea; Thomas Schmidberger<\/span><\/td>\n<td style=\"text-align: center;width: 200px;vertical-align: middle\"><span style=\"font-size: 16px\">&#x1f1fa;&#x1f1f8; Jenson van Emburgh<\/span><br \/>\n<span style=\"font-size: 16px\">&#x1f1e8;&#x1f1f3; Xiang Zhai<\/span><\/td>\n<\/tr>\n<tr>\n<td style=\"text-align: center;width: 200px;vertical-align: middle\"><span style=\"font-size: 16px\"><strong>Simple classe 4<\/strong><\/span><\/td>\n<td style=\"text-align: center;width: 200px;vertical-align: middle\"><span style=\"font-size: 16px\">&#x1f1f9;&#x1f1f7; <\/span>Abdulah Ozturk<\/td>\n<td style=\"text-align: center;width: 200px;vertical-align: middle\"><span style=\"font-size: 16px\">&#x1f1f0;&#x1f1f7; <\/span>Young-Gun Kim<\/td>\n<td style=\"text-align: center;width: 200px;vertical-align: middle\"><span style=\"font-size: 16px\">&#x1f1f9;&#x1f1f7; Nessim Turan<\/span><br \/>\n<span style=\"font-size: 16px\">&#x1f1eb;&#x1f1f7; Maxime Thomas<\/span><\/td>\n<\/tr>\n<tr>\n<td style=\"text-align: center;width: 200px;vertical-align: middle\"><span style=\"font-size: 16px\"><strong>Simple classe 5<\/strong><\/span><\/td>\n<td style=\"text-align: center;width: 200px;vertical-align: middle\"><span style=\"font-size: 16px\">&#x1f1e9;&#x1f1ea; Valentin Baus<\/span><\/td>\n<td style=\"text-align: center;width: 200px;vertical-align: middle\"><span style=\"font-size: 16px\">&#x1f1e8;&#x1f1f3; Ningning Cao<\/span><\/td>\n<td style=\"text-align: center;width: 200px;vertical-align: middle\"><span style=\"font-size: 16px\">&#x1f1f9;&#x1f1f7; Ali Ozturk<\/span><br \/>\n<span style=\"font-size: 16px\">&#x1f1ec;&#x1f1e7; Jack Hunter Spivey<\/span><\/td>\n<\/tr>\n<tr>\n<td style=\"text-align: center;width: 200px;vertical-align: middle\"><span style=\"font-size: 16px\"><strong>Simple classe 6<\/strong><\/span><\/td>\n<td style=\"text-align: center;width: 200px;vertical-align: middle\"><span style=\"font-size: 16px\">&#x1f1fa;&#x1f1f8; Ian Seidenfel<\/span><\/td>\n<td style=\"text-align: center;width: 200px;vertical-align: middle\"><span style=\"font-size: 16px\">&#x1f1e9;&#x1f1f0; Peter Rosenmeier<\/span><\/td>\n<td style=\"text-align: center;width: 200px;vertical-align: middle\"><span style=\"font-size: 16px\">&#x1f1ec;&#x1f1e7; Paul Karabardak<\/span><br \/>\n<span style=\"font-size: 16px\">&#x1f1f9;&#x1f1ed; Rungroj Thainiyom<\/span><\/td>\n<\/tr>\n<tr>\n<td style=\"text-align: center;width: 200px;vertical-align: middle\"><span style=\"font-size: 16px\"><strong>Simple classe 7<\/strong><\/span><\/td>\n<td style=\"text-align: center;width: 200px;vertical-align: middle\"><span style=\"font-size: 16px\">&#x1f1e8;&#x1f1f3; Shuo Yan<\/span><\/td>\n<td style=\"text-align: center;width: 200px;vertical-align: middle\"><span style=\"font-size: 16px\">&#x1f1ec;&#x1f1e7; William Bayley<\/span><\/td>\n<td style=\"text-align: center;width: 200px;vertical-align: middle\"><span style=\"font-size: 16px\">&#x1f1f5;&#x1f1f1; Maksym Chudzicki<\/span><br \/>\n<span style=\"font-size: 16px\">&#x1f1e8;&#x1f1f3; Keli Liao<\/span><\/td>\n<\/tr>\n<tr>\n<td style=\"text-align: center;width: 200px;vertical-align: middle\"><span style=\"font-size: 16px\"><strong>Simple classe 8<\/strong><\/span><\/td>\n<td style=\"text-align: center;width: 200px;vertical-align: middle\"><span style=\"font-size: 16px\">&#x1f1e8;&#x1f1f3; <\/span>Shuai Zhao<\/td>\n<td style=\"text-align: center;width: 200px;vertical-align: middle\"><span style=\"font-size: 16px\">&#x1f1fa;&#x1f1e6; <\/span>Viktor Didukh<\/td>\n<td style=\"text-align: center;width: 200px;vertical-align: middle\"><span style=\"font-size: 16px\">&#x1f1e8;&#x1f1f3; Weinan Peng<\/span><br \/>\n<span style=\"font-size: 16px\">&#x1f1fa;&#x1f1e6; Maksym Nikoklenko<\/span><\/td>\n<\/tr>\n<tr>\n<td style=\"text-align: center;width: 200px;vertical-align: middle\"><span style=\"font-size: 16px\"><strong>Simple classe 9<\/strong><\/span><\/td>\n<td style=\"text-align: center;width: 200px;vertical-align: middle\"><span style=\"font-size: 16px\">&#x1f1e7;&#x1f1ea; Laurens Devos<\/span><\/td>\n<td style=\"text-align: center;width: 200px;vertical-align: middle\"><span style=\"font-size: 16px\">&#x1f1e6;&#x1f1fa; Lin Ma<\/span><\/td>\n<td style=\"text-align: center;width: 200px;vertical-align: middle\"><span style=\"font-size: 16px\">&#x1f1fa;&#x1f1e6; Ivan Mai<\/span><br \/>\n<span style=\"font-size: 16px\"><strong><img loading=\"lazy\" decoding=\"async\" class=\"alignnone wp-image-143866\" src=\"https:\/\/dicodusport.fr\/blog\/wp-content\/uploads\/2021\/07\/Comite-olympique-russe-591x1024.png\" alt=\"\" width=\"9\" height=\"15\" srcset=\"https:\/\/dicodusport.fr\/blog\/wp-content\/uploads\/2021\/07\/Comite-olympique-russe-591x1024.png 591w, https:\/\/dicodusport.fr\/blog\/wp-content\/uploads\/2021\/07\/Comite-olympique-russe-173x300.png 173w, https:\/\/dicodusport.fr\/blog\/wp-content\/uploads\/2021\/07\/Comite-olympique-russe-768x1331.png 768w, https:\/\/dicodusport.fr\/blog\/wp-content\/uploads\/2021\/07\/Comite-olympique-russe-887x1536.png 887w, https:\/\/dicodusport.fr\/blog\/wp-content\/uploads\/2021\/07\/Comite-olympique-russe-1182x2048.png 1182w, https:\/\/dicodusport.fr\/blog\/wp-content\/uploads\/2021\/07\/Comite-olympique-russe.png 2001w\" sizes=\"auto, (max-width: 9px) 100vw, 9px\" \/><\/strong> Iurii Nozdrunov<\/span><\/td>\n<\/tr>\n<tr>\n<td style=\"text-align: center;width: 200px;vertical-align: middle\"><span style=\"font-size: 16px\"><strong>Simple classe 10<\/strong><\/span><\/td>\n<td style=\"text-align: center;width: 200px;vertical-align: middle\"><span style=\"font-size: 16px\">&#x1f1f5;&#x1f1f1; Patryk Chojnowski<\/span><\/td>\n<td style=\"text-align: center;width: 200px;vertical-align: middle\"><span style=\"font-size: 16px\">&#x1f1eb;&#x1f1f7; Mat\u00e9o Boh\u00e9as<\/span><\/td>\n<td style=\"text-align: center;width: 200px;vertical-align: middle\"><span style=\"font-size: 16px\">&#x1f1f2;&#x1f1ea; Filip Radovic<\/span><br \/>\n<span style=\"font-size: 16px\">&#x1f1ee;&#x1f1e9; David Jacobs<\/span><\/td>\n<\/tr>\n<tr>\n<td style=\"text-align: center;width: 200px;vertical-align: middle\"><span style=\"font-size: 16px\"><strong>Simple classe 11<\/strong><\/span><\/td>\n<td style=\"text-align: center;width: 200px;vertical-align: middle\"><span style=\"font-size: 16px\">&#x1f1ed;&#x1f1fa; Peter Palos<\/span><\/td>\n<td style=\"text-align: center;width: 200px;vertical-align: middle\"><span style=\"font-size: 16px\">&#x1f1e6;&#x1f1fa; Samuel von Einem<\/span><\/td>\n<td style=\"text-align: center;width: 200px;vertical-align: middle\"><span style=\"font-size: 16px\">&#x1f1eb;&#x1f1f7; Lucas Creange<\/span><br \/>\n<span style=\"font-size: 16px\">&#x1f1e7;&#x1f1ea; Florian van Acker<\/span><\/td>\n<\/tr>\n<tr>\n<td style=\"text-align: center;width: 200px;vertical-align: middle\"><span style=\"font-size: 16px\"><strong>Par \u00e9quipes<br \/>\nclasse 1-2<\/strong><\/span><\/td>\n<td style=\"text-align: center;width: 200px;vertical-align: middle\"><span style=\"font-size: 16px\">&#x1f1eb;&#x1f1f7; <\/span>France<\/td>\n<td style=\"text-align: center;width: 200px;vertical-align: middle\"><span style=\"font-size: 16px\">&#x1f1f0;&#x1f1f7; <\/span>Cor\u00e9e du Sud<\/td>\n<td style=\"text-align: center;width: 200px;vertical-align: middle\"><span style=\"font-size: 16px\">&#x1f1f8;&#x1f1f0; <\/span>Slovaquie<br \/>\n<span style=\"font-size: 16px\">&#x1f1f5;&#x1f1f1; <\/span>Pologne<\/td>\n<\/tr>\n<tr>\n<td style=\"text-align: center;width: 200px;vertical-align: middle\"><span style=\"font-size: 16px\"><strong>Par \u00e9quipes<br \/>\nclasse 3<\/strong><\/span><\/td>\n<td style=\"text-align: center;width: 200px;vertical-align: middle\"><span style=\"font-size: 16px\">&#x1f1e8;&#x1f1f3; Chine<\/span><\/td>\n<td style=\"text-align: center;width: 200px;vertical-align: middle\"><span style=\"font-size: 16px\">&#x1f1e9;&#x1f1ea; Allemagne<\/span><\/td>\n<td style=\"text-align: center;width: 200px;vertical-align: middle\">&#x1f1e8;&#x1f1ff; R\u00e9publique tch\u00e8que<br \/>\n&#x1f1f9;&#x1f1ed; Tha\u00eflande<\/td>\n<\/tr>\n<tr>\n<td style=\"text-align: center;width: 200px;vertical-align: middle\"><span style=\"font-size: 16px\"><strong>Par \u00e9quipes<br \/>\nclasse 4-5<\/strong><\/span><\/td>\n<td style=\"text-align: center;width: 200px;vertical-align: middle\"><span style=\"font-size: 16px\">&#x1f1e8;&#x1f1f3; Chine<\/span><\/td>\n<td style=\"text-align: center;width: 200px;vertical-align: middle\"><span style=\"font-size: 16px\">&#x1f1f0;&#x1f1f7; <\/span>Cor\u00e9e du Sud<\/td>\n<td style=\"text-align: center;width: 200px;vertical-align: middle\"><span style=\"font-size: 16px\">&#x1f1f8;&#x1f1f0; <\/span>Slovaquie<br \/>\n<span style=\"font-size: 16px\">&#x1f1eb;&#x1f1f7; <\/span>France<\/td>\n<\/tr>\n<tr>\n<td style=\"text-align: center;width: 200px;vertical-align: middle\"><span style=\"font-size: 16px\"><strong>Par \u00e9quipes<br \/>\nclasse 6-7<\/strong><\/span><\/td>\n<td style=\"text-align: center;width: 200px;vertical-align: middle\"><span style=\"font-size: 16px\">&#x1f1e8;&#x1f1f3; <\/span>Chine<\/td>\n<td style=\"text-align: center;width: 200px;vertical-align: middle\"><span style=\"font-size: 16px\">&#x1f1ec;&#x1f1e7; <\/span>Grande-Bretagne<\/td>\n<td style=\"text-align: center;width: 200px;vertical-align: middle\"><span style=\"font-size: 16px\">&#x1f1e9;&#x1f1ea; <\/span>Allemagne<br \/>\n&#x1f1ea;&#x1f1f8; Espagne<\/td>\n<\/tr>\n<tr>\n<td style=\"text-align: center;width: 200px;vertical-align: middle\"><span style=\"font-size: 16px\"><strong>Par \u00e9quipes<br \/>\nclasse 8<\/strong><\/span><\/td>\n<td style=\"text-align: center;width: 200px;vertical-align: middle\"><span style=\"font-size: 16px\">&#x1f1e8;&#x1f1f3; Chine<\/span><\/td>\n<td style=\"text-align: center;width: 200px;vertical-align: middle\"><strong>&#x1f1fa;&#x1f1e6; <\/strong>Ukraine<\/td>\n<td style=\"text-align: center;width: 200px;vertical-align: middle\"><span style=\"font-size: 16px\">&#x1f1eb;&#x1f1f7; <\/span>France<br \/>\n<span style=\"font-size: 16px\">&#x1f1ec;&#x1f1e7; <\/span>Grande-Bretagne<\/td>\n<\/tr>\n<tr>\n<td style=\"text-align: center;width: 200px;vertical-align: middle\"><span style=\"font-size: 16px\"><strong>Par \u00e9quipes<br \/>\nclasse 9-10<\/strong><\/span><\/td>\n<td style=\"text-align: center;width: 200px;vertical-align: middle\"><span style=\"font-size: 16px\">&#x1f1e8;&#x1f1f3; <\/span>Chine<\/td>\n<td style=\"text-align: center;width: 200px;vertical-align: middle\"><span style=\"font-size: 16px\">&#x1f1e6;&#x1f1fa; <\/span>Australie<\/td>\n<td style=\"text-align: center;width: 200px;vertical-align: middle\"><strong>&#x1f1fa;&#x1f1e6; <\/strong>Ukraine<br \/>\n&#x1f1f3;&#x1f1ec; Nigeria<\/td>\n<\/tr>\n<\/tbody>\n<\/table>\n<p><span style=\"font-size: 16px\"><\/div><\/span><\/p>\n","protected":false},"excerpt":{"rendered":"<p>JEUX PARALYMPIQUES DE TOKYO 2020 &#8211; Les \u00e9preuves de tennis de table aux Jeux Paralympiques se d\u00e9roulent du 25 ao\u00fbt au 3 septembre. Voici le calendrier et les r\u00e9sultats de la comp\u00e9tition.<\/p>\n","protected":false},"author":12,"featured_media":160730,"comment_status":"open","ping_status":"closed","sticky":false,"template":"","format":"standard","meta":{"_acf_changed":false,"_daextam_enable_autolinks":"","footnotes":""},"categories":[14180,9663],"tags":[1964,1197],"class_list":["post-158920","post","type-post","status-publish","format-standard","has-post-thumbnail","hentry","category-jeux-paralympiques-tokyo-2020","category-tennis-de-table","tag-jeux-paralympiques","tag-tennis-de-table"],"acf":[],"yoast_head":"<!-- This site is optimized with the Yoast SEO Premium plugin v26.7 (Yoast SEO v26.7) - https:\/\/yoast.com\/wordpress\/plugins\/seo\/ -->\n<title>Tennis de table - Jeux Paralympiques de Tokyo : calendrier et r\u00e9sultats<\/title>\n<meta name=\"description\" content=\"Les \u00e9preuves de tennis de table aux Jeux Paralympiques se d\u00e9roulent du 25 ao\u00fbt au 3 septembre. Voici le calendrier et les r\u00e9sultats.\" \/>\n<meta name=\"robots\" content=\"index, follow, max-snippet:-1, max-image-preview:large, max-video-preview:-1\" \/>\n<link rel=\"canonical\" href=\"https:\/\/dicodusport.fr\/blog\/tennis-de-table-jeux-paralympiques-de-tokyo-calendrier-et-resultats\/\" \/>\n<meta property=\"og:locale\" content=\"fr_FR\" \/>\n<meta property=\"og:type\" content=\"article\" \/>\n<meta property=\"og:title\" content=\"Tennis de table - Jeux Paralympiques de Tokyo : calendrier et r\u00e9sultats\" \/>\n<meta property=\"og:description\" content=\"Les \u00e9preuves de tennis de table aux Jeux Paralympiques se d\u00e9roulent du 25 ao\u00fbt au 3 septembre. Voici le calendrier et les r\u00e9sultats.\" \/>\n<meta property=\"og:url\" content=\"https:\/\/dicodusport.fr\/blog\/tennis-de-table-jeux-paralympiques-de-tokyo-calendrier-et-resultats\/\" \/>\n<meta property=\"og:site_name\" content=\"Dicodusport\" \/>\n<meta property=\"article:publisher\" content=\"https:\/\/www.facebook.com\/dicodusport\" \/>\n<meta property=\"article:published_time\" content=\"2021-08-24T20:21:25+00:00\" \/>\n<meta property=\"article:modified_time\" content=\"2021-09-03T10:15:20+00:00\" \/>\n<meta property=\"og:image\" content=\"https:\/\/dicodusport.fr\/blog\/wp-content\/uploads\/2021\/08\/Tennis-de-table-Jeux-Paralympiques-de-Tokyo-calendrier-et-resultats.png\" \/>\n\t<meta property=\"og:image:width\" content=\"1200\" \/>\n\t<meta property=\"og:image:height\" content=\"670\" \/>\n\t<meta property=\"og:image:type\" content=\"image\/png\" \/>\n<meta name=\"author\" content=\"Arlette Yeye\" \/>\n<meta name=\"twitter:card\" content=\"summary_large_image\" \/>\n<meta name=\"twitter:title\" content=\"Tennis de table - Jeux Paralympiques de Tokyo : calendrier et r\u00e9sultats\" \/>\n<meta name=\"twitter:creator\" content=\"@https:\/\/twitter.com\/Shiclette94\" \/>\n<meta name=\"twitter:site\" content=\"@dicodusport\" \/>\n<script type=\"application\/ld+json\" class=\"yoast-schema-graph\">{\"@context\":\"https:\/\/schema.org\",\"@graph\":[{\"@type\":\"NewsArticle\",\"@id\":\"https:\/\/dicodusport.fr\/blog\/tennis-de-table-jeux-paralympiques-de-tokyo-calendrier-et-resultats\/#article\",\"isPartOf\":{\"@id\":\"https:\/\/dicodusport.fr\/blog\/tennis-de-table-jeux-paralympiques-de-tokyo-calendrier-et-resultats\/\"},\"author\":{\"name\":\"Arlette Yeye\",\"@id\":\"https:\/\/dicodusport.fr\/blog\/#\/schema\/person\/cce96fa88785bd8573e3d43078ac8c79\"},\"headline\":\"Tennis de table &#8211; Jeux Paralympiques de Tokyo : calendrier et r\u00e9sultats\",\"datePublished\":\"2021-08-24T20:21:25+00:00\",\"dateModified\":\"2021-09-03T10:15:20+00:00\",\"mainEntityOfPage\":{\"@id\":\"https:\/\/dicodusport.fr\/blog\/tennis-de-table-jeux-paralympiques-de-tokyo-calendrier-et-resultats\/\"},\"wordCount\":1981,\"commentCount\":0,\"publisher\":{\"@id\":\"https:\/\/dicodusport.fr\/blog\/#organization\"},\"image\":{\"@id\":\"https:\/\/dicodusport.fr\/blog\/tennis-de-table-jeux-paralympiques-de-tokyo-calendrier-et-resultats\/#primaryimage\"},\"thumbnailUrl\":\"https:\/\/dicodusport.fr\/blog\/wp-content\/uploads\/2021\/08\/Tennis-de-table-Jeux-Paralympiques-de-Tokyo-calendrier-et-resultats.png\",\"keywords\":[\"jeux paralympiques\",\"tennis de table\"],\"articleSection\":[\"Jeux Paralympiques de Tokyo 2020\",\"Tennis de table\"],\"inLanguage\":\"fr-FR\",\"potentialAction\":[{\"@type\":\"CommentAction\",\"name\":\"Comment\",\"target\":[\"https:\/\/dicodusport.fr\/blog\/tennis-de-table-jeux-paralympiques-de-tokyo-calendrier-et-resultats\/#respond\"]}],\"copyrightYear\":\"2021\",\"copyrightHolder\":{\"@id\":\"https:\/\/dicodusport.fr\/blog\/#organization\"}},{\"@type\":\"WebPage\",\"@id\":\"https:\/\/dicodusport.fr\/blog\/tennis-de-table-jeux-paralympiques-de-tokyo-calendrier-et-resultats\/\",\"url\":\"https:\/\/dicodusport.fr\/blog\/tennis-de-table-jeux-paralympiques-de-tokyo-calendrier-et-resultats\/\",\"name\":\"Tennis de table - Jeux Paralympiques de Tokyo : calendrier et r\u00e9sultats\",\"isPartOf\":{\"@id\":\"https:\/\/dicodusport.fr\/blog\/#website\"},\"primaryImageOfPage\":{\"@id\":\"https:\/\/dicodusport.fr\/blog\/tennis-de-table-jeux-paralympiques-de-tokyo-calendrier-et-resultats\/#primaryimage\"},\"image\":{\"@id\":\"https:\/\/dicodusport.fr\/blog\/tennis-de-table-jeux-paralympiques-de-tokyo-calendrier-et-resultats\/#primaryimage\"},\"thumbnailUrl\":\"https:\/\/dicodusport.fr\/blog\/wp-content\/uploads\/2021\/08\/Tennis-de-table-Jeux-Paralympiques-de-Tokyo-calendrier-et-resultats.png\",\"datePublished\":\"2021-08-24T20:21:25+00:00\",\"dateModified\":\"2021-09-03T10:15:20+00:00\",\"description\":\"Les \u00e9preuves de tennis de table aux Jeux Paralympiques se d\u00e9roulent du 25 ao\u00fbt au 3 septembre. Voici le calendrier et les r\u00e9sultats.\",\"breadcrumb\":{\"@id\":\"https:\/\/dicodusport.fr\/blog\/tennis-de-table-jeux-paralympiques-de-tokyo-calendrier-et-resultats\/#breadcrumb\"},\"inLanguage\":\"fr-FR\",\"potentialAction\":[{\"@type\":\"ReadAction\",\"target\":[\"https:\/\/dicodusport.fr\/blog\/tennis-de-table-jeux-paralympiques-de-tokyo-calendrier-et-resultats\/\"]}]},{\"@type\":\"ImageObject\",\"inLanguage\":\"fr-FR\",\"@id\":\"https:\/\/dicodusport.fr\/blog\/tennis-de-table-jeux-paralympiques-de-tokyo-calendrier-et-resultats\/#primaryimage\",\"url\":\"https:\/\/dicodusport.fr\/blog\/wp-content\/uploads\/2021\/08\/Tennis-de-table-Jeux-Paralympiques-de-Tokyo-calendrier-et-resultats.png\",\"contentUrl\":\"https:\/\/dicodusport.fr\/blog\/wp-content\/uploads\/2021\/08\/Tennis-de-table-Jeux-Paralympiques-de-Tokyo-calendrier-et-resultats.png\",\"width\":1200,\"height\":670,\"caption\":\"Tennis de table - Jeux Paralympiques de Tokyo : calendrier et r\u00e9sultats\"},{\"@type\":\"BreadcrumbList\",\"@id\":\"https:\/\/dicodusport.fr\/blog\/tennis-de-table-jeux-paralympiques-de-tokyo-calendrier-et-resultats\/#breadcrumb\",\"itemListElement\":[{\"@type\":\"ListItem\",\"position\":1,\"name\":\"Accueil\",\"item\":\"https:\/\/dicodusport.fr\/blog\/\"},{\"@type\":\"ListItem\",\"position\":2,\"name\":\"Tennis de table &#8211; Jeux Paralympiques de Tokyo : calendrier et r\u00e9sultats\"}]},{\"@type\":\"WebSite\",\"@id\":\"https:\/\/dicodusport.fr\/blog\/#website\",\"url\":\"https:\/\/dicodusport.fr\/blog\/\",\"name\":\"Dicodusport\",\"description\":\"L&#039;encyclop\u00e9die de l&#039;actualit\u00e9 sportive\",\"publisher\":{\"@id\":\"https:\/\/dicodusport.fr\/blog\/#organization\"},\"potentialAction\":[{\"@type\":\"SearchAction\",\"target\":{\"@type\":\"EntryPoint\",\"urlTemplate\":\"https:\/\/dicodusport.fr\/blog\/?s={search_term_string}\"},\"query-input\":{\"@type\":\"PropertyValueSpecification\",\"valueRequired\":true,\"valueName\":\"search_term_string\"}}],\"inLanguage\":\"fr-FR\"},{\"@type\":\"NewsMediaOrganization\",\"@id\":\"https:\/\/dicodusport.fr\/blog\/#organization\",\"name\":\"Dicodusport\",\"url\":\"https:\/\/dicodusport.fr\/blog\/\",\"logo\":{\"@type\":\"ImageObject\",\"inLanguage\":\"fr-FR\",\"@id\":\"https:\/\/dicodusport.fr\/blog\/#\/schema\/logo\/image\/\",\"url\":\"https:\/\/dicodusport.fr\/blog\/wp-content\/uploads\/2020\/06\/cropped-LOGO-DICODUSPORT-2020-SANS-FOND-SANS-TEXTE.png\",\"contentUrl\":\"https:\/\/dicodusport.fr\/blog\/wp-content\/uploads\/2020\/06\/cropped-LOGO-DICODUSPORT-2020-SANS-FOND-SANS-TEXTE.png\",\"width\":512,\"height\":512,\"caption\":\"Dicodusport\"},\"image\":{\"@id\":\"https:\/\/dicodusport.fr\/blog\/#\/schema\/logo\/image\/\"},\"sameAs\":[\"https:\/\/www.facebook.com\/dicodusport\",\"https:\/\/x.com\/dicodusport\",\"https:\/\/www.instagram.com\/dicodusport\/\",\"https:\/\/www.youtube.com\/channel\/UC7V2KZ5sd3htJivAbA4ZG3w\"],\"description\":\"Dicodusport est l'encyclop\u00e9die de l'actualit\u00e9 sportive.\",\"email\":\"bonjour@dicodusport.fr\",\"legalName\":\"DICODUSPORT\",\"foundingDate\":\"2018-01-14\",\"vatID\":\"FR71834470973\",\"taxID\":\"83447097300043\",\"numberOfEmployees\":{\"@type\":\"QuantitativeValue\",\"minValue\":\"1\",\"maxValue\":\"10\"}},{\"@type\":\"Person\",\"@id\":\"https:\/\/dicodusport.fr\/blog\/#\/schema\/person\/cce96fa88785bd8573e3d43078ac8c79\",\"name\":\"Arlette Yeye\",\"image\":{\"@type\":\"ImageObject\",\"inLanguage\":\"fr-FR\",\"@id\":\"https:\/\/dicodusport.fr\/blog\/#\/schema\/person\/image\/\",\"url\":\"https:\/\/secure.gravatar.com\/avatar\/dca4a6239e6d708e46c45d60e160de6c?s=96&d=wp_user_avatar&r=g\",\"contentUrl\":\"https:\/\/secure.gravatar.com\/avatar\/dca4a6239e6d708e46c45d60e160de6c?s=96&d=wp_user_avatar&r=g\",\"caption\":\"Arlette Yeye\"},\"description\":\"Journaliste\/r\u00e9dactrice depuis septembre 2015 - Supportrice de Chelsea, j'ai pour sports de pr\u00e9dilection le handball, l'athl\u00e9tisme et le tennis. Si je tweete plus vite que mon ombre, vous pouvez aussi me retrouver les week-ends sur les playgrounds de Bruxelles pour un petit foot ou basket entre potes. Parcourir la France, l'Europe et plus si affinit\u00e9s pour suivre mes sportifs pr\u00e9f\u00e9r\u00e9s ? Mon kif ! Et c'est avec plaisir que je partage les r\u00e9sultats des sports populaires mais \u00e9galement plus confidentiels pour Dicodusport.\",\"sameAs\":[\"https:\/\/x.com\/https:\/\/twitter.com\/Shiclette94\"],\"url\":\"https:\/\/dicodusport.fr\/blog\/author\/arlette\/\"}]}<\/script>\n<!-- \/ Yoast SEO Premium plugin. -->","yoast_head_json":{"title":"Tennis de table - Jeux Paralympiques de Tokyo : calendrier et r\u00e9sultats","description":"Les \u00e9preuves de tennis de table aux Jeux Paralympiques se d\u00e9roulent du 25 ao\u00fbt au 3 septembre. Voici le calendrier et les r\u00e9sultats.","robots":{"index":"index","follow":"follow","max-snippet":"max-snippet:-1","max-image-preview":"max-image-preview:large","max-video-preview":"max-video-preview:-1"},"canonical":"https:\/\/dicodusport.fr\/blog\/tennis-de-table-jeux-paralympiques-de-tokyo-calendrier-et-resultats\/","og_locale":"fr_FR","og_type":"article","og_title":"Tennis de table - Jeux Paralympiques de Tokyo : calendrier et r\u00e9sultats","og_description":"Les \u00e9preuves de tennis de table aux Jeux Paralympiques se d\u00e9roulent du 25 ao\u00fbt au 3 septembre. Voici le calendrier et les r\u00e9sultats.","og_url":"https:\/\/dicodusport.fr\/blog\/tennis-de-table-jeux-paralympiques-de-tokyo-calendrier-et-resultats\/","og_site_name":"Dicodusport","article_publisher":"https:\/\/www.facebook.com\/dicodusport","article_published_time":"2021-08-24T20:21:25+00:00","article_modified_time":"2021-09-03T10:15:20+00:00","og_image":[{"width":1200,"height":670,"url":"https:\/\/dicodusport.fr\/blog\/wp-content\/uploads\/2021\/08\/Tennis-de-table-Jeux-Paralympiques-de-Tokyo-calendrier-et-resultats.png","type":"image\/png"}],"author":"Arlette Yeye","twitter_card":"summary_large_image","twitter_title":"Tennis de table - Jeux Paralympiques de Tokyo : calendrier et r\u00e9sultats","twitter_creator":"@https:\/\/twitter.com\/Shiclette94","twitter_site":"@dicodusport","schema":{"@context":"https:\/\/schema.org","@graph":[{"@type":"NewsArticle","@id":"https:\/\/dicodusport.fr\/blog\/tennis-de-table-jeux-paralympiques-de-tokyo-calendrier-et-resultats\/#article","isPartOf":{"@id":"https:\/\/dicodusport.fr\/blog\/tennis-de-table-jeux-paralympiques-de-tokyo-calendrier-et-resultats\/"},"author":{"name":"Arlette Yeye","@id":"https:\/\/dicodusport.fr\/blog\/#\/schema\/person\/cce96fa88785bd8573e3d43078ac8c79"},"headline":"Tennis de table &#8211; Jeux Paralympiques de Tokyo : calendrier et r\u00e9sultats","datePublished":"2021-08-24T20:21:25+00:00","dateModified":"2021-09-03T10:15:20+00:00","mainEntityOfPage":{"@id":"https:\/\/dicodusport.fr\/blog\/tennis-de-table-jeux-paralympiques-de-tokyo-calendrier-et-resultats\/"},"wordCount":1981,"commentCount":0,"publisher":{"@id":"https:\/\/dicodusport.fr\/blog\/#organization"},"image":{"@id":"https:\/\/dicodusport.fr\/blog\/tennis-de-table-jeux-paralympiques-de-tokyo-calendrier-et-resultats\/#primaryimage"},"thumbnailUrl":"https:\/\/dicodusport.fr\/blog\/wp-content\/uploads\/2021\/08\/Tennis-de-table-Jeux-Paralympiques-de-Tokyo-calendrier-et-resultats.png","keywords":["jeux paralympiques","tennis de table"],"articleSection":["Jeux Paralympiques de Tokyo 2020","Tennis de table"],"inLanguage":"fr-FR","potentialAction":[{"@type":"CommentAction","name":"Comment","target":["https:\/\/dicodusport.fr\/blog\/tennis-de-table-jeux-paralympiques-de-tokyo-calendrier-et-resultats\/#respond"]}],"copyrightYear":"2021","copyrightHolder":{"@id":"https:\/\/dicodusport.fr\/blog\/#organization"}},{"@type":"WebPage","@id":"https:\/\/dicodusport.fr\/blog\/tennis-de-table-jeux-paralympiques-de-tokyo-calendrier-et-resultats\/","url":"https:\/\/dicodusport.fr\/blog\/tennis-de-table-jeux-paralympiques-de-tokyo-calendrier-et-resultats\/","name":"Tennis de table - Jeux Paralympiques de Tokyo : calendrier et r\u00e9sultats","isPartOf":{"@id":"https:\/\/dicodusport.fr\/blog\/#website"},"primaryImageOfPage":{"@id":"https:\/\/dicodusport.fr\/blog\/tennis-de-table-jeux-paralympiques-de-tokyo-calendrier-et-resultats\/#primaryimage"},"image":{"@id":"https:\/\/dicodusport.fr\/blog\/tennis-de-table-jeux-paralympiques-de-tokyo-calendrier-et-resultats\/#primaryimage"},"thumbnailUrl":"https:\/\/dicodusport.fr\/blog\/wp-content\/uploads\/2021\/08\/Tennis-de-table-Jeux-Paralympiques-de-Tokyo-calendrier-et-resultats.png","datePublished":"2021-08-24T20:21:25+00:00","dateModified":"2021-09-03T10:15:20+00:00","description":"Les \u00e9preuves de tennis de table aux Jeux Paralympiques se d\u00e9roulent du 25 ao\u00fbt au 3 septembre. Voici le calendrier et les r\u00e9sultats.","breadcrumb":{"@id":"https:\/\/dicodusport.fr\/blog\/tennis-de-table-jeux-paralympiques-de-tokyo-calendrier-et-resultats\/#breadcrumb"},"inLanguage":"fr-FR","potentialAction":[{"@type":"ReadAction","target":["https:\/\/dicodusport.fr\/blog\/tennis-de-table-jeux-paralympiques-de-tokyo-calendrier-et-resultats\/"]}]},{"@type":"ImageObject","inLanguage":"fr-FR","@id":"https:\/\/dicodusport.fr\/blog\/tennis-de-table-jeux-paralympiques-de-tokyo-calendrier-et-resultats\/#primaryimage","url":"https:\/\/dicodusport.fr\/blog\/wp-content\/uploads\/2021\/08\/Tennis-de-table-Jeux-Paralympiques-de-Tokyo-calendrier-et-resultats.png","contentUrl":"https:\/\/dicodusport.fr\/blog\/wp-content\/uploads\/2021\/08\/Tennis-de-table-Jeux-Paralympiques-de-Tokyo-calendrier-et-resultats.png","width":1200,"height":670,"caption":"Tennis de table - Jeux Paralympiques de Tokyo : calendrier et r\u00e9sultats"},{"@type":"BreadcrumbList","@id":"https:\/\/dicodusport.fr\/blog\/tennis-de-table-jeux-paralympiques-de-tokyo-calendrier-et-resultats\/#breadcrumb","itemListElement":[{"@type":"ListItem","position":1,"name":"Accueil","item":"https:\/\/dicodusport.fr\/blog\/"},{"@type":"ListItem","position":2,"name":"Tennis de table &#8211; Jeux Paralympiques de Tokyo : calendrier et r\u00e9sultats"}]},{"@type":"WebSite","@id":"https:\/\/dicodusport.fr\/blog\/#website","url":"https:\/\/dicodusport.fr\/blog\/","name":"Dicodusport","description":"L&#039;encyclop\u00e9die de l&#039;actualit\u00e9 sportive","publisher":{"@id":"https:\/\/dicodusport.fr\/blog\/#organization"},"potentialAction":[{"@type":"SearchAction","target":{"@type":"EntryPoint","urlTemplate":"https:\/\/dicodusport.fr\/blog\/?s={search_term_string}"},"query-input":{"@type":"PropertyValueSpecification","valueRequired":true,"valueName":"search_term_string"}}],"inLanguage":"fr-FR"},{"@type":"NewsMediaOrganization","@id":"https:\/\/dicodusport.fr\/blog\/#organization","name":"Dicodusport","url":"https:\/\/dicodusport.fr\/blog\/","logo":{"@type":"ImageObject","inLanguage":"fr-FR","@id":"https:\/\/dicodusport.fr\/blog\/#\/schema\/logo\/image\/","url":"https:\/\/dicodusport.fr\/blog\/wp-content\/uploads\/2020\/06\/cropped-LOGO-DICODUSPORT-2020-SANS-FOND-SANS-TEXTE.png","contentUrl":"https:\/\/dicodusport.fr\/blog\/wp-content\/uploads\/2020\/06\/cropped-LOGO-DICODUSPORT-2020-SANS-FOND-SANS-TEXTE.png","width":512,"height":512,"caption":"Dicodusport"},"image":{"@id":"https:\/\/dicodusport.fr\/blog\/#\/schema\/logo\/image\/"},"sameAs":["https:\/\/www.facebook.com\/dicodusport","https:\/\/x.com\/dicodusport","https:\/\/www.instagram.com\/dicodusport\/","https:\/\/www.youtube.com\/channel\/UC7V2KZ5sd3htJivAbA4ZG3w"],"description":"Dicodusport est l'encyclop\u00e9die de l'actualit\u00e9 sportive.","email":"bonjour@dicodusport.fr","legalName":"DICODUSPORT","foundingDate":"2018-01-14","vatID":"FR71834470973","taxID":"83447097300043","numberOfEmployees":{"@type":"QuantitativeValue","minValue":"1","maxValue":"10"}},{"@type":"Person","@id":"https:\/\/dicodusport.fr\/blog\/#\/schema\/person\/cce96fa88785bd8573e3d43078ac8c79","name":"Arlette Yeye","image":{"@type":"ImageObject","inLanguage":"fr-FR","@id":"https:\/\/dicodusport.fr\/blog\/#\/schema\/person\/image\/","url":"https:\/\/secure.gravatar.com\/avatar\/dca4a6239e6d708e46c45d60e160de6c?s=96&d=wp_user_avatar&r=g","contentUrl":"https:\/\/secure.gravatar.com\/avatar\/dca4a6239e6d708e46c45d60e160de6c?s=96&d=wp_user_avatar&r=g","caption":"Arlette Yeye"},"description":"Journaliste\/r\u00e9dactrice depuis septembre 2015 - Supportrice de Chelsea, j'ai pour sports de pr\u00e9dilection le handball, l'athl\u00e9tisme et le tennis. Si je tweete plus vite que mon ombre, vous pouvez aussi me retrouver les week-ends sur les playgrounds de Bruxelles pour un petit foot ou basket entre potes. Parcourir la France, l'Europe et plus si affinit\u00e9s pour suivre mes sportifs pr\u00e9f\u00e9r\u00e9s ? Mon kif ! Et c'est avec plaisir que je partage les r\u00e9sultats des sports populaires mais \u00e9galement plus confidentiels pour Dicodusport.","sameAs":["https:\/\/x.com\/https:\/\/twitter.com\/Shiclette94"],"url":"https:\/\/dicodusport.fr\/blog\/author\/arlette\/"}]}},"_links":{"self":[{"href":"https:\/\/dicodusport.fr\/blog\/wp-json\/wp\/v2\/posts\/158920","targetHints":{"allow":["GET"]}}],"collection":[{"href":"https:\/\/dicodusport.fr\/blog\/wp-json\/wp\/v2\/posts"}],"about":[{"href":"https:\/\/dicodusport.fr\/blog\/wp-json\/wp\/v2\/types\/post"}],"author":[{"embeddable":true,"href":"https:\/\/dicodusport.fr\/blog\/wp-json\/wp\/v2\/users\/12"}],"replies":[{"embeddable":true,"href":"https:\/\/dicodusport.fr\/blog\/wp-json\/wp\/v2\/comments?post=158920"}],"version-history":[{"count":0,"href":"https:\/\/dicodusport.fr\/blog\/wp-json\/wp\/v2\/posts\/158920\/revisions"}],"wp:featuredmedia":[{"embeddable":true,"href":"https:\/\/dicodusport.fr\/blog\/wp-json\/wp\/v2\/media\/160730"}],"wp:attachment":[{"href":"https:\/\/dicodusport.fr\/blog\/wp-json\/wp\/v2\/media?parent=158920"}],"wp:term":[{"taxonomy":"category","embeddable":true,"href":"https:\/\/dicodusport.fr\/blog\/wp-json\/wp\/v2\/categories?post=158920"},{"taxonomy":"post_tag","embeddable":true,"href":"https:\/\/dicodusport.fr\/blog\/wp-json\/wp\/v2\/tags?post=158920"}],"curies":[{"name":"wp","href":"https:\/\/api.w.org\/{rel}","templated":true}]}}