{"id":158925,"date":"2021-08-29T12:19:52","date_gmt":"2021-08-29T10:19:52","guid":{"rendered":"https:\/\/dicodusport.fr\/blog\/?p=158925&#038;preview=true&#038;preview_id=158925"},"modified":"2021-08-29T12:19:23","modified_gmt":"2021-08-29T10:19:23","slug":"judo-jeux-paralympiques-de-tokyo-calendrier-et-resultats","status":"publish","type":"post","link":"https:\/\/dicodusport.fr\/blog\/judo-jeux-paralympiques-de-tokyo-calendrier-et-resultats\/","title":{"rendered":"Judo &#8211; Jeux Paralympiques de Tokyo : calendrier et r\u00e9sultats"},"content":{"rendered":"<p style=\"text-align: justify;\"><strong><em><a href=\"https:\/\/dicodusport.fr\/blog\/actualites\/jeux-paralympiques-tokyo-2020\/\">JEUX PARALYMPIQUES DE TOKYO 2020<\/a> \u2013 Les \u00e9preuves de judo aux Jeux Paralympiques se d\u00e9roulent du 27 au 29 ao\u00fbt. Voici le calendrier et les r\u00e9sultats de la comp\u00e9tition.<\/em><\/strong><\/p>\n<h2 style=\"text-align: justify;\">Vendredi 27 ao\u00fbt<\/h2>\n<p style=\"text-align: justify;\"><strong><b>3h30 &#8211; 6h30<\/b> : <\/strong>8e de finale, quarts de finale, combats de rep\u00eachages et demi-finales<br \/>\n<strong>9h &#8211; 11h40 : <\/strong>\u00a0m\u00e9dailles de bronze et finale<\/p>\n<p style=\"text-align: justify;\"><strong>Femmes<\/strong><br \/>\n-48 kg<\/p>\n<p><a href=\"https:\/\/olympics.com\/tokyo-2020\/paralympic-games\/resPG2020-\/pdf\/PG2020-\/JUD\/PG2020-_JUD_C75I_JUDW48KG----03030-----------------.pdf\" target=\"_blank\" rel=\"noopener\"><strong>Le tableau<\/strong><\/a><\/p>\n<p><strong>&#x1f947; Shahana Hajiyeva &#x1f1e6;&#x1f1ff;<br \/>\n<\/strong><strong>&#x1f948; Sandrine Martinet &#x1f1eb;&#x1f1f7;<br \/>\n&#x1f949; Viktoriia Potapova <img loading=\"lazy\" decoding=\"async\" class=\"alignnone wp-image-143866\" src=\"https:\/\/dicodusport.fr\/blog\/wp-content\/uploads\/2021\/07\/Comite-olympique-russe-591x1024.png\" alt=\"\" width=\"12\" height=\"20\" srcset=\"https:\/\/dicodusport.fr\/blog\/wp-content\/uploads\/2021\/07\/Comite-olympique-russe-591x1024.png 591w, https:\/\/dicodusport.fr\/blog\/wp-content\/uploads\/2021\/07\/Comite-olympique-russe-173x300.png 173w, https:\/\/dicodusport.fr\/blog\/wp-content\/uploads\/2021\/07\/Comite-olympique-russe-768x1331.png 768w, https:\/\/dicodusport.fr\/blog\/wp-content\/uploads\/2021\/07\/Comite-olympique-russe-887x1536.png 887w, https:\/\/dicodusport.fr\/blog\/wp-content\/uploads\/2021\/07\/Comite-olympique-russe-1182x2048.png 1182w, https:\/\/dicodusport.fr\/blog\/wp-content\/uploads\/2021\/07\/Comite-olympique-russe.png 2001w\" sizes=\"auto, (max-width: 12px) 100vw, 12px\" \/><br \/>\n&#x1f949; Yuliia Ivanytska &#x1f1fa;&#x1f1e6;<\/strong><\/p>\n<p>-52 kg<\/p>\n<p><a href=\"https:\/\/olympics.com\/tokyo-2020\/paralympic-games\/resPG2020-\/pdf\/PG2020-\/JUD\/PG2020-_JUD_C75I_JUDW52KG----03030-----------------.pdf\" target=\"_blank\" rel=\"noopener\"><strong>Le tableau<\/strong><\/a><\/p>\n<p><strong>&#x1f947; Cherine Abdellaoui &#x1f1e9;&#x1f1ff;<br \/>\n<\/strong><strong>&#x1f948; Priscilla Gagne &#x1f1e8;&#x1f1e6;<br \/>\n&#x1f949; Alesia Stepaniuk <img loading=\"lazy\" decoding=\"async\" class=\"alignnone wp-image-143866\" src=\"https:\/\/dicodusport.fr\/blog\/wp-content\/uploads\/2021\/07\/Comite-olympique-russe-591x1024.png\" alt=\"\" width=\"12\" height=\"20\" srcset=\"https:\/\/dicodusport.fr\/blog\/wp-content\/uploads\/2021\/07\/Comite-olympique-russe-591x1024.png 591w, https:\/\/dicodusport.fr\/blog\/wp-content\/uploads\/2021\/07\/Comite-olympique-russe-173x300.png 173w, https:\/\/dicodusport.fr\/blog\/wp-content\/uploads\/2021\/07\/Comite-olympique-russe-768x1331.png 768w, https:\/\/dicodusport.fr\/blog\/wp-content\/uploads\/2021\/07\/Comite-olympique-russe-887x1536.png 887w, https:\/\/dicodusport.fr\/blog\/wp-content\/uploads\/2021\/07\/Comite-olympique-russe-1182x2048.png 1182w, https:\/\/dicodusport.fr\/blog\/wp-content\/uploads\/2021\/07\/Comite-olympique-russe.png 2001w\" sizes=\"auto, (max-width: 12px) 100vw, 12px\" \/><br \/>\n&#x1f949; Nataliya Nikolaychyk &#x1f1fa;&#x1f1e6;<\/strong><\/p>\n<p style=\"text-align: justify;\"><strong>Hommes<\/strong><br \/>\n-60 kg<\/p>\n<p><a href=\"https:\/\/olympics.com\/tokyo-2020\/paralympic-games\/resPG2020-\/pdf\/PG2020-\/JUD\/PG2020-_JUD_C75I_JUDM60KG----03030-----------------.pdf\" target=\"_blank\" rel=\"noopener\"><strong>Le tableau<\/strong><\/a><\/p>\n<p><strong>&#x1f947; Vugar Shirinli &#x1f1e6;&#x1f1ff;<br \/>\n<\/strong><strong>&#x1f948; Anuar Sariyev &#x1f1f0;&#x1f1ff;<br \/>\n&#x1f949; Recep Ciftci &#x1f1f9;&#x1f1f7;<br \/>\n&#x1f949; Alex Bologa &#x1f1f7;&#x1f1f4;<\/strong><\/p>\n<p style=\"text-align: justify;\">-66 kg<\/p>\n<p><a href=\"https:\/\/olympics.com\/tokyo-2020\/paralympic-games\/resPG2020-\/pdf\/PG2020-\/JUD\/PG2020-_JUD_C75I_JUDM66KG----03030-----------------.pdf\" target=\"_blank\" rel=\"noopener\"><strong>Le tableau<\/strong><\/a><\/p>\n<p><strong>&#x1f947; Uchkun Kuranbaev &#x1f1fa;&#x1f1ff;<br \/>\n<\/strong><strong>&#x1f948; Sergio Ibanez Banon &#x1f1ea;&#x1f1f8;<br \/>\n&#x1f949; Yujiro Seto &#x1f1ef;&#x1f1f5;<br \/>\n&#x1f949; Namig Abasli &#x1f1e6;&#x1f1ff;<\/strong><\/p>\n<hr \/>\n<h2 style=\"text-align: justify;\">Samedi 28 ao\u00fbt<\/h2>\n<p style=\"text-align: justify;\"><strong><b>3h30 &#8211; 6h30<\/b> : <\/strong>8e de finale, quarts de finale, combats de rep\u00eachages et demi-finales<br \/>\n<strong>9h &#8211; 11h40 : <\/strong>\u00a0m\u00e9dailles de bronze et finale<\/p>\n<p style=\"text-align: justify;\"><strong>Femmes<\/strong><\/p>\n<p style=\"text-align: justify;\">-57 kg<\/p>\n<p><a href=\"https:\/\/olympics.com\/tokyo-2020\/paralympic-games\/resPG2020-\/pdf\/PG2020-\/JUD\/PG2020-_JUD_C75I_JUDW57KG----03030-----------------.pdf\" target=\"_blank\" rel=\"noopener\"><strong>Le tableau<\/strong><\/a><\/p>\n<p><strong>&#x1f947; Sevda Valiyeva &#x1f1e6;&#x1f1ff;<br \/>\n<\/strong><strong>&#x1f948; Parvina Samandarova &#x1f1fa;&#x1f1ff;<br \/>\n&#x1f949; Lucia Araujo &#x1f1e7;&#x1f1f7;<br \/>\n&#x1f949; Zeynep Celik &#x1f1f9;&#x1f1f7;<\/strong><\/p>\n<p style=\"text-align: justify;\">-63 kg<\/p>\n<p><a href=\"https:\/\/olympics.com\/tokyo-2020\/paralympic-games\/resPG2020-\/pdf\/PG2020-\/JUD\/PG2020-_JUD_C75I_JUDW63KG----03030-----------------.pdf\" target=\"_blank\" rel=\"noopener\"><strong>Le tableau<\/strong><\/a><\/p>\n<p><strong>&#x1f947; Khanim Huseynova &#x1f1e6;&#x1f1ff;<br \/>\n<\/strong><strong>&#x1f948; Iryna Husieva &#x1f1fa;&#x1f1e6;<br \/>\n&#x1f949; Yue Wang &#x1f1e8;&#x1f1f3;<br \/>\n&#x1f949; Nafisa Sheripboeva &#x1f1fa;&#x1f1ff;<\/strong><\/p>\n<p style=\"text-align: justify;\"><strong>Hommes<\/strong><\/p>\n<p style=\"text-align: justify;\">-73 kg<\/p>\n<p><a href=\"https:\/\/olympics.com\/tokyo-2020\/paralympic-games\/resPG2020-\/pdf\/PG2020-\/JUD\/PG2020-_JUD_C75I_JUDM73KG----03030-----------------.pdf\" target=\"_blank\" rel=\"noopener\"><strong>Le tableau<\/strong><\/a><\/p>\n<p><strong>&#x1f947; Feruz Sayidov &#x1f1fa;&#x1f1ff;<br \/>\n<\/strong><strong>&#x1f948; Temirzhan Daulet &#x1f1f0;&#x1f1ff;<br \/>\n&#x1f949; Rufat Mahomedov &#x1f1fa;&#x1f1e6;<br \/>\n&#x1f949; Osvaldas Bareikis &#x1f1f1;&#x1f1f9;<\/strong><\/p>\n<p style=\"text-align: justify;\">-81 kg<\/p>\n<p><a href=\"https:\/\/olympics.com\/tokyo-2020\/paralympic-games\/resPG2020-\/pdf\/PG2020-\/JUD\/PG2020-_JUD_C75I_JUDM81KG----03030-----------------.pdf\" target=\"_blank\" rel=\"noopener\"><strong>Le tableau<\/strong><\/a><\/p>\n<p><strong>&#x1f947; Huseyn Rahimli &#x1f1e6;&#x1f1ff;<br \/>\n<\/strong><strong>&#x1f948; Davurkhon Karomatov &#x1f1fa;&#x1f1ff;<br \/>\n&#x1f949; Eduardo Avila Sanchez &#x1f1f2;&#x1f1fd;<br \/>\n&#x1f949; Jung Min Lee &#x1f1f0;&#x1f1f7;<br \/>\n<\/strong><\/p>\n<hr \/>\n<h2 style=\"text-align: justify;\">Dimanche 29 ao\u00fbt<\/h2>\n<p style=\"text-align: justify;\"><strong><b>3h30 &#8211; 7h<\/b>\u00a0: <\/strong>8e de finale, quarts de finale, combats de rep\u00eachages et demi-finales<br \/>\n<strong>9h30 &#8211; 12h50 : <\/strong>\u00a0m\u00e9dailles de bronze et finale<\/p>\n<p style=\"text-align: justify;\"><strong>Femmes<\/strong><\/p>\n<p style=\"text-align: justify;\">-70 kg<\/p>\n<p><a href=\"https:\/\/olympics.com\/tokyo-2020\/paralympic-games\/resPG2020-\/pdf\/PG2020-\/JUD\/PG2020-_JUD_C75I_JUDW70KG----03030-----------------.pdf\" target=\"_blank\" rel=\"noopener\"><strong>Le tableau<\/strong><\/a><\/p>\n<p><strong>&#x1f947; Alana Maldonado &#x1f1e7;&#x1f1f7;<br \/>\n<\/strong><strong>&#x1f948; Ina Kaldani &#x1f1ec;&#x1f1ea;<br \/>\n&#x1f949; Kazusa Ogawa &#x1f1ef;&#x1f1f5;<br \/>\n&#x1f949; Lenia Ruvalcaba Alvarez &#x1f1f2;&#x1f1fd;\u00a0<\/strong><\/p>\n<p style=\"text-align: justify;\">+70 kg<\/p>\n<p><a href=\"https:\/\/olympics.com\/tokyo-2020\/paralympic-games\/resPG2020-\/pdf\/PG2020-\/JUD\/PG2020-_JUD_C75I_JUDWO70KG---03030-----------------.pdf\" target=\"_blank\" rel=\"noopener\"><strong>Le tableau<\/strong><\/a><\/p>\n<p><strong>&#x1f947; Dursadaf Karimova &#x1f1e6;&#x1f1ff;<br \/>\n<\/strong><strong>&#x1f948; Zarina Baibatina &#x1f1f0;&#x1f1ff;<br \/>\n&#x1f949; Meg Emmerich &#x1f1e7;&#x1f1f7;<br \/>\n&#x1f949; Carolina Costa &#x1f1ee;&#x1f1f9;<\/strong><\/p>\n<p style=\"text-align: justify;\"><strong>Hommes<\/strong><br \/>\n-90 kg<\/p>\n<p><a href=\"https:\/\/olympics.com\/tokyo-2020\/paralympic-games\/resPG2020-\/pdf\/PG2020-\/JUD\/PG2020-_JUD_C75I_JUDM90KG----03030-----------------.pdf\" target=\"_blank\" rel=\"noopener\"><strong>Le tableau<\/strong><\/a><\/p>\n<p><strong>&#x1f947; Vahid Nouri &#x1f1ee;&#x1f1f7;<br \/>\n<\/strong><strong>&#x1f948; Elliot Stewart &#x1f1ec;&#x1f1e7;<br \/>\n&#x1f949; Helios Latchoumanaya &#x1f1eb;&#x1f1f7;<br \/>\n&#x1f949; Oleksandr Nazarenko &#x1f1fa;&#x1f1e6;<\/strong><\/p>\n<p>&nbsp;<\/p>\n<p>-100 kg<\/p>\n<p><a href=\"https:\/\/olympics.com\/tokyo-2020\/paralympic-games\/resPG2020-\/pdf\/PG2020-\/JUD\/PG2020-_JUD_C75I_JUDM100KG---03030-----------------.pdf\" target=\"_blank\" rel=\"noopener\"><strong>Le tableau<\/strong><\/a><\/p>\n<p><strong>&#x1f947; Christopher Skelley &#x1f1ec;&#x1f1e7;<br \/>\n<\/strong><strong>&#x1f948; Ben Goodrich &#x1f1fa;&#x1f1f8;<br \/>\n&#x1f949; Sharif Khalilov &#x1f1fa;&#x1f1ff;<br \/>\n&#x1f949; Anatolii Shevchenko <img loading=\"lazy\" decoding=\"async\" class=\"alignnone wp-image-143866\" src=\"https:\/\/dicodusport.fr\/blog\/wp-content\/uploads\/2021\/07\/Comite-olympique-russe-591x1024.png\" alt=\"\" width=\"12\" height=\"20\" srcset=\"https:\/\/dicodusport.fr\/blog\/wp-content\/uploads\/2021\/07\/Comite-olympique-russe-591x1024.png 591w, https:\/\/dicodusport.fr\/blog\/wp-content\/uploads\/2021\/07\/Comite-olympique-russe-173x300.png 173w, https:\/\/dicodusport.fr\/blog\/wp-content\/uploads\/2021\/07\/Comite-olympique-russe-768x1331.png 768w, https:\/\/dicodusport.fr\/blog\/wp-content\/uploads\/2021\/07\/Comite-olympique-russe-887x1536.png 887w, https:\/\/dicodusport.fr\/blog\/wp-content\/uploads\/2021\/07\/Comite-olympique-russe-1182x2048.png 1182w, https:\/\/dicodusport.fr\/blog\/wp-content\/uploads\/2021\/07\/Comite-olympique-russe.png 2001w\" sizes=\"auto, (max-width: 12px) 100vw, 12px\" \/><br \/>\n<\/strong><\/p>\n<p style=\"text-align: justify;\">+100 kg<\/p>\n<p><a href=\"https:\/\/olympics.com\/tokyo-2020\/paralympic-games\/resPG2020-\/pdf\/PG2020-\/JUD\/PG2020-_JUD_C75I_JUDMO100KG--03030-----------------.pdf\" target=\"_blank\" rel=\"noopener\"><strong>Le tableau<\/strong><\/a><\/p>\n<p><strong>&#x1f947; Mohammadreza Kheirollahzadeh &#x1f1ee;&#x1f1f7;<br \/>\n<\/strong><strong>&#x1f948; Revaz Chikoidze &#x1f1ec;&#x1f1ea;<br \/>\n&#x1f949; Ilham Zakiyev &#x1f1e6;&#x1f1ff;<br \/>\n&#x1f949; Gwang Geun Choi &#x1f1f0;&#x1f1f7;<\/strong><\/p>\n<h2 style=\"text-align: justify;\"><strong>\u00c0 lire aussi<\/strong><\/h2>\n<ul>\n<li style=\"text-align: justify;\"><a href=\"https:\/\/dicodusport.fr\/blog\/mieux-comprendre-le-handisport-le-judo\/\"><strong>Tout savoir sur le judo handisport<\/strong><\/a><\/li>\n<li style=\"text-align: justify;\"><strong><a href=\"https:\/\/dicodusport.fr\/blog\/jeux-paralympiques-de-tokyo-2020-le-tableau-des-medailles\/\">Le tableau des m\u00e9dailles des Jeux Paralympiques de Tokyo<\/a><\/strong><\/li>\n<li style=\"text-align: justify;\"><strong><a href=\"https:\/\/dicodusport.fr\/blog\/toute-l-actualite-des-jeux-paralympiques-de-tokyo-2020\/\">Toute l&rsquo;actualit\u00e9 des Jeux Paralympiques de Tokyo<\/a><\/strong><\/li>\n<\/ul>\n","protected":false},"excerpt":{"rendered":"<p>JEUX PARALYMPIQUES DE TOKYO 2020 \u2013 Les \u00e9preuves de judo aux Jeux Paralympiques se d\u00e9roulent du 27 au 29 ao\u00fbt. Voici le calendrier et les r\u00e9sultats de la comp\u00e9tition.<\/p>\n","protected":false},"author":12,"featured_media":161067,"comment_status":"open","ping_status":"closed","sticky":false,"template":"","format":"standard","meta":{"_acf_changed":false,"_daextam_enable_autolinks":"","footnotes":""},"categories":[14180,8651],"tags":[13396],"class_list":["post-158925","post","type-post","status-publish","format-standard","has-post-thumbnail","hentry","category-jeux-paralympiques-tokyo-2020","category-judo","tag-jeux-paralympiques-de-tokyo"],"acf":[],"yoast_head":"<!-- This site is optimized with the Yoast SEO Premium plugin v26.7 (Yoast SEO v26.7) - https:\/\/yoast.com\/wordpress\/plugins\/seo\/ -->\n<title>Judo - Jeux Paralympiques de Tokyo : calendrier et r\u00e9sultats<\/title>\n<meta name=\"description\" content=\"Les \u00e9preuves de judo aux Jeux Paralympiques se d\u00e9roulent du 27 au 29 ao\u00fbt. Voici le calendrier et les r\u00e9sultats de la comp\u00e9tition.\" \/>\n<meta name=\"robots\" content=\"index, follow, max-snippet:-1, max-image-preview:large, max-video-preview:-1\" \/>\n<link rel=\"canonical\" href=\"https:\/\/dicodusport.fr\/blog\/judo-jeux-paralympiques-de-tokyo-calendrier-et-resultats\/\" \/>\n<meta property=\"og:locale\" content=\"fr_FR\" \/>\n<meta property=\"og:type\" content=\"article\" \/>\n<meta property=\"og:title\" content=\"Judo - Jeux Paralympiques de Tokyo : calendrier et r\u00e9sultats\" \/>\n<meta property=\"og:description\" content=\"Les \u00e9preuves de judo aux Jeux Paralympiques se d\u00e9roulent du 27 au 29 ao\u00fbt. Voici le calendrier et les r\u00e9sultats de la comp\u00e9tition.\" \/>\n<meta property=\"og:url\" content=\"https:\/\/dicodusport.fr\/blog\/judo-jeux-paralympiques-de-tokyo-calendrier-et-resultats\/\" \/>\n<meta property=\"og:site_name\" content=\"Dicodusport\" \/>\n<meta property=\"article:publisher\" content=\"https:\/\/www.facebook.com\/dicodusport\" \/>\n<meta property=\"article:published_time\" content=\"2021-08-29T10:19:52+00:00\" \/>\n<meta property=\"og:image\" content=\"https:\/\/dicodusport.fr\/blog\/wp-content\/uploads\/2021\/08\/Judo-Jeux-Paralympiques-de-Tokyo-calendrier-et-resultats.png\" \/>\n\t<meta property=\"og:image:width\" content=\"1200\" \/>\n\t<meta property=\"og:image:height\" content=\"670\" \/>\n\t<meta property=\"og:image:type\" content=\"image\/png\" \/>\n<meta name=\"author\" content=\"Arlette Yeye\" \/>\n<meta name=\"twitter:card\" content=\"summary_large_image\" \/>\n<meta name=\"twitter:title\" content=\"Judo - Jeux Paralympiques de Tokyo : calendrier et r\u00e9sultats\" \/>\n<meta name=\"twitter:creator\" content=\"@https:\/\/twitter.com\/Shiclette94\" \/>\n<meta name=\"twitter:site\" content=\"@dicodusport\" \/>\n<script type=\"application\/ld+json\" class=\"yoast-schema-graph\">{\"@context\":\"https:\/\/schema.org\",\"@graph\":[{\"@type\":\"NewsArticle\",\"@id\":\"https:\/\/dicodusport.fr\/blog\/judo-jeux-paralympiques-de-tokyo-calendrier-et-resultats\/#article\",\"isPartOf\":{\"@id\":\"https:\/\/dicodusport.fr\/blog\/judo-jeux-paralympiques-de-tokyo-calendrier-et-resultats\/\"},\"author\":{\"name\":\"Arlette Yeye\",\"@id\":\"https:\/\/dicodusport.fr\/blog\/#\/schema\/person\/cce96fa88785bd8573e3d43078ac8c79\"},\"headline\":\"Judo &#8211; Jeux Paralympiques de Tokyo : calendrier et r\u00e9sultats\",\"datePublished\":\"2021-08-29T10:19:52+00:00\",\"mainEntityOfPage\":{\"@id\":\"https:\/\/dicodusport.fr\/blog\/judo-jeux-paralympiques-de-tokyo-calendrier-et-resultats\/\"},\"wordCount\":710,\"commentCount\":0,\"publisher\":{\"@id\":\"https:\/\/dicodusport.fr\/blog\/#organization\"},\"image\":{\"@id\":\"https:\/\/dicodusport.fr\/blog\/judo-jeux-paralympiques-de-tokyo-calendrier-et-resultats\/#primaryimage\"},\"thumbnailUrl\":\"https:\/\/dicodusport.fr\/blog\/wp-content\/uploads\/2021\/08\/Judo-Jeux-Paralympiques-de-Tokyo-calendrier-et-resultats.png\",\"keywords\":[\"Jeux Paralympiques de Tokyo\"],\"articleSection\":[\"Jeux Paralympiques de Tokyo 2020\",\"Judo\"],\"inLanguage\":\"fr-FR\",\"potentialAction\":[{\"@type\":\"CommentAction\",\"name\":\"Comment\",\"target\":[\"https:\/\/dicodusport.fr\/blog\/judo-jeux-paralympiques-de-tokyo-calendrier-et-resultats\/#respond\"]}],\"copyrightYear\":\"2021\",\"copyrightHolder\":{\"@id\":\"https:\/\/dicodusport.fr\/blog\/#organization\"}},{\"@type\":\"WebPage\",\"@id\":\"https:\/\/dicodusport.fr\/blog\/judo-jeux-paralympiques-de-tokyo-calendrier-et-resultats\/\",\"url\":\"https:\/\/dicodusport.fr\/blog\/judo-jeux-paralympiques-de-tokyo-calendrier-et-resultats\/\",\"name\":\"Judo - Jeux Paralympiques de Tokyo : calendrier et r\u00e9sultats\",\"isPartOf\":{\"@id\":\"https:\/\/dicodusport.fr\/blog\/#website\"},\"primaryImageOfPage\":{\"@id\":\"https:\/\/dicodusport.fr\/blog\/judo-jeux-paralympiques-de-tokyo-calendrier-et-resultats\/#primaryimage\"},\"image\":{\"@id\":\"https:\/\/dicodusport.fr\/blog\/judo-jeux-paralympiques-de-tokyo-calendrier-et-resultats\/#primaryimage\"},\"thumbnailUrl\":\"https:\/\/dicodusport.fr\/blog\/wp-content\/uploads\/2021\/08\/Judo-Jeux-Paralympiques-de-Tokyo-calendrier-et-resultats.png\",\"datePublished\":\"2021-08-29T10:19:52+00:00\",\"description\":\"Les \u00e9preuves de judo aux Jeux Paralympiques se d\u00e9roulent du 27 au 29 ao\u00fbt. Voici le calendrier et les r\u00e9sultats de la comp\u00e9tition.\",\"breadcrumb\":{\"@id\":\"https:\/\/dicodusport.fr\/blog\/judo-jeux-paralympiques-de-tokyo-calendrier-et-resultats\/#breadcrumb\"},\"inLanguage\":\"fr-FR\",\"potentialAction\":[{\"@type\":\"ReadAction\",\"target\":[\"https:\/\/dicodusport.fr\/blog\/judo-jeux-paralympiques-de-tokyo-calendrier-et-resultats\/\"]}]},{\"@type\":\"ImageObject\",\"inLanguage\":\"fr-FR\",\"@id\":\"https:\/\/dicodusport.fr\/blog\/judo-jeux-paralympiques-de-tokyo-calendrier-et-resultats\/#primaryimage\",\"url\":\"https:\/\/dicodusport.fr\/blog\/wp-content\/uploads\/2021\/08\/Judo-Jeux-Paralympiques-de-Tokyo-calendrier-et-resultats.png\",\"contentUrl\":\"https:\/\/dicodusport.fr\/blog\/wp-content\/uploads\/2021\/08\/Judo-Jeux-Paralympiques-de-Tokyo-calendrier-et-resultats.png\",\"width\":1200,\"height\":670,\"caption\":\"Judo - Jeux Paralympiques de Tokyo calendrier et r\u00e9sultats\"},{\"@type\":\"BreadcrumbList\",\"@id\":\"https:\/\/dicodusport.fr\/blog\/judo-jeux-paralympiques-de-tokyo-calendrier-et-resultats\/#breadcrumb\",\"itemListElement\":[{\"@type\":\"ListItem\",\"position\":1,\"name\":\"Accueil\",\"item\":\"https:\/\/dicodusport.fr\/blog\/\"},{\"@type\":\"ListItem\",\"position\":2,\"name\":\"Judo &#8211; Jeux Paralympiques de Tokyo : calendrier et r\u00e9sultats\"}]},{\"@type\":\"WebSite\",\"@id\":\"https:\/\/dicodusport.fr\/blog\/#website\",\"url\":\"https:\/\/dicodusport.fr\/blog\/\",\"name\":\"Dicodusport\",\"description\":\"L&#039;encyclop\u00e9die de l&#039;actualit\u00e9 sportive\",\"publisher\":{\"@id\":\"https:\/\/dicodusport.fr\/blog\/#organization\"},\"potentialAction\":[{\"@type\":\"SearchAction\",\"target\":{\"@type\":\"EntryPoint\",\"urlTemplate\":\"https:\/\/dicodusport.fr\/blog\/?s={search_term_string}\"},\"query-input\":{\"@type\":\"PropertyValueSpecification\",\"valueRequired\":true,\"valueName\":\"search_term_string\"}}],\"inLanguage\":\"fr-FR\"},{\"@type\":\"NewsMediaOrganization\",\"@id\":\"https:\/\/dicodusport.fr\/blog\/#organization\",\"name\":\"Dicodusport\",\"url\":\"https:\/\/dicodusport.fr\/blog\/\",\"logo\":{\"@type\":\"ImageObject\",\"inLanguage\":\"fr-FR\",\"@id\":\"https:\/\/dicodusport.fr\/blog\/#\/schema\/logo\/image\/\",\"url\":\"https:\/\/dicodusport.fr\/blog\/wp-content\/uploads\/2020\/06\/cropped-LOGO-DICODUSPORT-2020-SANS-FOND-SANS-TEXTE.png\",\"contentUrl\":\"https:\/\/dicodusport.fr\/blog\/wp-content\/uploads\/2020\/06\/cropped-LOGO-DICODUSPORT-2020-SANS-FOND-SANS-TEXTE.png\",\"width\":512,\"height\":512,\"caption\":\"Dicodusport\"},\"image\":{\"@id\":\"https:\/\/dicodusport.fr\/blog\/#\/schema\/logo\/image\/\"},\"sameAs\":[\"https:\/\/www.facebook.com\/dicodusport\",\"https:\/\/x.com\/dicodusport\",\"https:\/\/www.instagram.com\/dicodusport\/\",\"https:\/\/www.youtube.com\/channel\/UC7V2KZ5sd3htJivAbA4ZG3w\"],\"description\":\"Dicodusport est l'encyclop\u00e9die de l'actualit\u00e9 sportive.\",\"email\":\"bonjour@dicodusport.fr\",\"legalName\":\"DICODUSPORT\",\"foundingDate\":\"2018-01-14\",\"vatID\":\"FR71834470973\",\"taxID\":\"83447097300043\",\"numberOfEmployees\":{\"@type\":\"QuantitativeValue\",\"minValue\":\"1\",\"maxValue\":\"10\"}},{\"@type\":\"Person\",\"@id\":\"https:\/\/dicodusport.fr\/blog\/#\/schema\/person\/cce96fa88785bd8573e3d43078ac8c79\",\"name\":\"Arlette Yeye\",\"image\":{\"@type\":\"ImageObject\",\"inLanguage\":\"fr-FR\",\"@id\":\"https:\/\/dicodusport.fr\/blog\/#\/schema\/person\/image\/\",\"url\":\"https:\/\/secure.gravatar.com\/avatar\/dca4a6239e6d708e46c45d60e160de6c?s=96&d=wp_user_avatar&r=g\",\"contentUrl\":\"https:\/\/secure.gravatar.com\/avatar\/dca4a6239e6d708e46c45d60e160de6c?s=96&d=wp_user_avatar&r=g\",\"caption\":\"Arlette Yeye\"},\"description\":\"Journaliste\/r\u00e9dactrice depuis septembre 2015 - Supportrice de Chelsea, j'ai pour sports de pr\u00e9dilection le handball, l'athl\u00e9tisme et le tennis. Si je tweete plus vite que mon ombre, vous pouvez aussi me retrouver les week-ends sur les playgrounds de Bruxelles pour un petit foot ou basket entre potes. Parcourir la France, l'Europe et plus si affinit\u00e9s pour suivre mes sportifs pr\u00e9f\u00e9r\u00e9s ? Mon kif ! Et c'est avec plaisir que je partage les r\u00e9sultats des sports populaires mais \u00e9galement plus confidentiels pour Dicodusport.\",\"sameAs\":[\"https:\/\/x.com\/https:\/\/twitter.com\/Shiclette94\"],\"url\":\"https:\/\/dicodusport.fr\/blog\/author\/arlette\/\"}]}<\/script>\n<!-- \/ Yoast SEO Premium plugin. -->","yoast_head_json":{"title":"Judo - Jeux Paralympiques de Tokyo : calendrier et r\u00e9sultats","description":"Les \u00e9preuves de judo aux Jeux Paralympiques se d\u00e9roulent du 27 au 29 ao\u00fbt. Voici le calendrier et les r\u00e9sultats de la comp\u00e9tition.","robots":{"index":"index","follow":"follow","max-snippet":"max-snippet:-1","max-image-preview":"max-image-preview:large","max-video-preview":"max-video-preview:-1"},"canonical":"https:\/\/dicodusport.fr\/blog\/judo-jeux-paralympiques-de-tokyo-calendrier-et-resultats\/","og_locale":"fr_FR","og_type":"article","og_title":"Judo - Jeux Paralympiques de Tokyo : calendrier et r\u00e9sultats","og_description":"Les \u00e9preuves de judo aux Jeux Paralympiques se d\u00e9roulent du 27 au 29 ao\u00fbt. Voici le calendrier et les r\u00e9sultats de la comp\u00e9tition.","og_url":"https:\/\/dicodusport.fr\/blog\/judo-jeux-paralympiques-de-tokyo-calendrier-et-resultats\/","og_site_name":"Dicodusport","article_publisher":"https:\/\/www.facebook.com\/dicodusport","article_published_time":"2021-08-29T10:19:52+00:00","og_image":[{"width":1200,"height":670,"url":"https:\/\/dicodusport.fr\/blog\/wp-content\/uploads\/2021\/08\/Judo-Jeux-Paralympiques-de-Tokyo-calendrier-et-resultats.png","type":"image\/png"}],"author":"Arlette Yeye","twitter_card":"summary_large_image","twitter_title":"Judo - Jeux Paralympiques de Tokyo : calendrier et r\u00e9sultats","twitter_creator":"@https:\/\/twitter.com\/Shiclette94","twitter_site":"@dicodusport","schema":{"@context":"https:\/\/schema.org","@graph":[{"@type":"NewsArticle","@id":"https:\/\/dicodusport.fr\/blog\/judo-jeux-paralympiques-de-tokyo-calendrier-et-resultats\/#article","isPartOf":{"@id":"https:\/\/dicodusport.fr\/blog\/judo-jeux-paralympiques-de-tokyo-calendrier-et-resultats\/"},"author":{"name":"Arlette Yeye","@id":"https:\/\/dicodusport.fr\/blog\/#\/schema\/person\/cce96fa88785bd8573e3d43078ac8c79"},"headline":"Judo &#8211; Jeux Paralympiques de Tokyo : calendrier et r\u00e9sultats","datePublished":"2021-08-29T10:19:52+00:00","mainEntityOfPage":{"@id":"https:\/\/dicodusport.fr\/blog\/judo-jeux-paralympiques-de-tokyo-calendrier-et-resultats\/"},"wordCount":710,"commentCount":0,"publisher":{"@id":"https:\/\/dicodusport.fr\/blog\/#organization"},"image":{"@id":"https:\/\/dicodusport.fr\/blog\/judo-jeux-paralympiques-de-tokyo-calendrier-et-resultats\/#primaryimage"},"thumbnailUrl":"https:\/\/dicodusport.fr\/blog\/wp-content\/uploads\/2021\/08\/Judo-Jeux-Paralympiques-de-Tokyo-calendrier-et-resultats.png","keywords":["Jeux Paralympiques de Tokyo"],"articleSection":["Jeux Paralympiques de Tokyo 2020","Judo"],"inLanguage":"fr-FR","potentialAction":[{"@type":"CommentAction","name":"Comment","target":["https:\/\/dicodusport.fr\/blog\/judo-jeux-paralympiques-de-tokyo-calendrier-et-resultats\/#respond"]}],"copyrightYear":"2021","copyrightHolder":{"@id":"https:\/\/dicodusport.fr\/blog\/#organization"}},{"@type":"WebPage","@id":"https:\/\/dicodusport.fr\/blog\/judo-jeux-paralympiques-de-tokyo-calendrier-et-resultats\/","url":"https:\/\/dicodusport.fr\/blog\/judo-jeux-paralympiques-de-tokyo-calendrier-et-resultats\/","name":"Judo - Jeux Paralympiques de Tokyo : calendrier et r\u00e9sultats","isPartOf":{"@id":"https:\/\/dicodusport.fr\/blog\/#website"},"primaryImageOfPage":{"@id":"https:\/\/dicodusport.fr\/blog\/judo-jeux-paralympiques-de-tokyo-calendrier-et-resultats\/#primaryimage"},"image":{"@id":"https:\/\/dicodusport.fr\/blog\/judo-jeux-paralympiques-de-tokyo-calendrier-et-resultats\/#primaryimage"},"thumbnailUrl":"https:\/\/dicodusport.fr\/blog\/wp-content\/uploads\/2021\/08\/Judo-Jeux-Paralympiques-de-Tokyo-calendrier-et-resultats.png","datePublished":"2021-08-29T10:19:52+00:00","description":"Les \u00e9preuves de judo aux Jeux Paralympiques se d\u00e9roulent du 27 au 29 ao\u00fbt. Voici le calendrier et les r\u00e9sultats de la comp\u00e9tition.","breadcrumb":{"@id":"https:\/\/dicodusport.fr\/blog\/judo-jeux-paralympiques-de-tokyo-calendrier-et-resultats\/#breadcrumb"},"inLanguage":"fr-FR","potentialAction":[{"@type":"ReadAction","target":["https:\/\/dicodusport.fr\/blog\/judo-jeux-paralympiques-de-tokyo-calendrier-et-resultats\/"]}]},{"@type":"ImageObject","inLanguage":"fr-FR","@id":"https:\/\/dicodusport.fr\/blog\/judo-jeux-paralympiques-de-tokyo-calendrier-et-resultats\/#primaryimage","url":"https:\/\/dicodusport.fr\/blog\/wp-content\/uploads\/2021\/08\/Judo-Jeux-Paralympiques-de-Tokyo-calendrier-et-resultats.png","contentUrl":"https:\/\/dicodusport.fr\/blog\/wp-content\/uploads\/2021\/08\/Judo-Jeux-Paralympiques-de-Tokyo-calendrier-et-resultats.png","width":1200,"height":670,"caption":"Judo - Jeux Paralympiques de Tokyo calendrier et r\u00e9sultats"},{"@type":"BreadcrumbList","@id":"https:\/\/dicodusport.fr\/blog\/judo-jeux-paralympiques-de-tokyo-calendrier-et-resultats\/#breadcrumb","itemListElement":[{"@type":"ListItem","position":1,"name":"Accueil","item":"https:\/\/dicodusport.fr\/blog\/"},{"@type":"ListItem","position":2,"name":"Judo &#8211; Jeux Paralympiques de Tokyo : calendrier et r\u00e9sultats"}]},{"@type":"WebSite","@id":"https:\/\/dicodusport.fr\/blog\/#website","url":"https:\/\/dicodusport.fr\/blog\/","name":"Dicodusport","description":"L&#039;encyclop\u00e9die de l&#039;actualit\u00e9 sportive","publisher":{"@id":"https:\/\/dicodusport.fr\/blog\/#organization"},"potentialAction":[{"@type":"SearchAction","target":{"@type":"EntryPoint","urlTemplate":"https:\/\/dicodusport.fr\/blog\/?s={search_term_string}"},"query-input":{"@type":"PropertyValueSpecification","valueRequired":true,"valueName":"search_term_string"}}],"inLanguage":"fr-FR"},{"@type":"NewsMediaOrganization","@id":"https:\/\/dicodusport.fr\/blog\/#organization","name":"Dicodusport","url":"https:\/\/dicodusport.fr\/blog\/","logo":{"@type":"ImageObject","inLanguage":"fr-FR","@id":"https:\/\/dicodusport.fr\/blog\/#\/schema\/logo\/image\/","url":"https:\/\/dicodusport.fr\/blog\/wp-content\/uploads\/2020\/06\/cropped-LOGO-DICODUSPORT-2020-SANS-FOND-SANS-TEXTE.png","contentUrl":"https:\/\/dicodusport.fr\/blog\/wp-content\/uploads\/2020\/06\/cropped-LOGO-DICODUSPORT-2020-SANS-FOND-SANS-TEXTE.png","width":512,"height":512,"caption":"Dicodusport"},"image":{"@id":"https:\/\/dicodusport.fr\/blog\/#\/schema\/logo\/image\/"},"sameAs":["https:\/\/www.facebook.com\/dicodusport","https:\/\/x.com\/dicodusport","https:\/\/www.instagram.com\/dicodusport\/","https:\/\/www.youtube.com\/channel\/UC7V2KZ5sd3htJivAbA4ZG3w"],"description":"Dicodusport est l'encyclop\u00e9die de l'actualit\u00e9 sportive.","email":"bonjour@dicodusport.fr","legalName":"DICODUSPORT","foundingDate":"2018-01-14","vatID":"FR71834470973","taxID":"83447097300043","numberOfEmployees":{"@type":"QuantitativeValue","minValue":"1","maxValue":"10"}},{"@type":"Person","@id":"https:\/\/dicodusport.fr\/blog\/#\/schema\/person\/cce96fa88785bd8573e3d43078ac8c79","name":"Arlette Yeye","image":{"@type":"ImageObject","inLanguage":"fr-FR","@id":"https:\/\/dicodusport.fr\/blog\/#\/schema\/person\/image\/","url":"https:\/\/secure.gravatar.com\/avatar\/dca4a6239e6d708e46c45d60e160de6c?s=96&d=wp_user_avatar&r=g","contentUrl":"https:\/\/secure.gravatar.com\/avatar\/dca4a6239e6d708e46c45d60e160de6c?s=96&d=wp_user_avatar&r=g","caption":"Arlette Yeye"},"description":"Journaliste\/r\u00e9dactrice depuis septembre 2015 - Supportrice de Chelsea, j'ai pour sports de pr\u00e9dilection le handball, l'athl\u00e9tisme et le tennis. Si je tweete plus vite que mon ombre, vous pouvez aussi me retrouver les week-ends sur les playgrounds de Bruxelles pour un petit foot ou basket entre potes. Parcourir la France, l'Europe et plus si affinit\u00e9s pour suivre mes sportifs pr\u00e9f\u00e9r\u00e9s ? Mon kif ! Et c'est avec plaisir que je partage les r\u00e9sultats des sports populaires mais \u00e9galement plus confidentiels pour Dicodusport.","sameAs":["https:\/\/x.com\/https:\/\/twitter.com\/Shiclette94"],"url":"https:\/\/dicodusport.fr\/blog\/author\/arlette\/"}]}},"_links":{"self":[{"href":"https:\/\/dicodusport.fr\/blog\/wp-json\/wp\/v2\/posts\/158925","targetHints":{"allow":["GET"]}}],"collection":[{"href":"https:\/\/dicodusport.fr\/blog\/wp-json\/wp\/v2\/posts"}],"about":[{"href":"https:\/\/dicodusport.fr\/blog\/wp-json\/wp\/v2\/types\/post"}],"author":[{"embeddable":true,"href":"https:\/\/dicodusport.fr\/blog\/wp-json\/wp\/v2\/users\/12"}],"replies":[{"embeddable":true,"href":"https:\/\/dicodusport.fr\/blog\/wp-json\/wp\/v2\/comments?post=158925"}],"version-history":[{"count":0,"href":"https:\/\/dicodusport.fr\/blog\/wp-json\/wp\/v2\/posts\/158925\/revisions"}],"wp:featuredmedia":[{"embeddable":true,"href":"https:\/\/dicodusport.fr\/blog\/wp-json\/wp\/v2\/media\/161067"}],"wp:attachment":[{"href":"https:\/\/dicodusport.fr\/blog\/wp-json\/wp\/v2\/media?parent=158925"}],"wp:term":[{"taxonomy":"category","embeddable":true,"href":"https:\/\/dicodusport.fr\/blog\/wp-json\/wp\/v2\/categories?post=158925"},{"taxonomy":"post_tag","embeddable":true,"href":"https:\/\/dicodusport.fr\/blog\/wp-json\/wp\/v2\/tags?post=158925"}],"curies":[{"name":"wp","href":"https:\/\/api.w.org\/{rel}","templated":true}]}}