{"id":159303,"date":"2021-08-18T18:47:32","date_gmt":"2021-08-18T16:47:32","guid":{"rendered":"https:\/\/dicodusport.fr\/blog\/?p=159303&#038;preview=true&#038;preview_id=159303"},"modified":"2021-08-18T19:38:05","modified_gmt":"2021-08-18T17:38:05","slug":"mercato-samuel-umtiti-de-retour-a-l-ol","status":"publish","type":"post","link":"https:\/\/dicodusport.fr\/blog\/mercato-samuel-umtiti-de-retour-a-l-ol\/","title":{"rendered":"Mercato : Samuel Umtiti de retour \u00e0 l&rsquo;OL ?"},"content":{"rendered":"<p style=\"text-align: justify;\"><strong><em>MERCATO FOOTBALL &#8211; Selon plusieurs sources en Espagne dont Adrian Sanchez (M\u00e1s que Pelotas), l&rsquo;Olympique Lyonnais travaillerait au retour de Samuel Umtiti pour remplacer Marcelo.<\/em><\/strong><\/p>\n<p style=\"text-align: justify;\">Le d\u00e9fenseur br\u00e9silien <strong>Marcelo<\/strong> ne rejouera plus avec l&rsquo;OL apr\u00e8s avoir \u00e9t\u00e9 \u00e9cart\u00e9 du groupe professionnel. De son c\u00f4t\u00e9, <strong>Sinaly Diomand\u00e9<\/strong> pourrait aussi quitter le club rhodanien, ce qui pousse les dirigeants lyonnais \u00e0 chercher un nouveau d\u00e9fenseur central. Le FC Barcelone veut se d\u00e9barrasser de <strong>Samuel Umtiti<\/strong> malgr\u00e9 un contrat qui court jusqu&rsquo;\u00e0 l&rsquo;\u00e9t\u00e9 2023. Le club catalan ne devrait pas demander d&rsquo;indemnit\u00e9 de transfert, car son souhait est de se d\u00e9faire du gros salaire du joueur. C&rsquo;est d&rsquo;ailleurs ce point qui risque de faire tra\u00eener les n\u00e9gociations pour un retour \u00e0 Lyon, car l&rsquo;OL ne peut pas assumer les \u00e9moluments actuels du joueur, soit \u00e0 peu pr\u00e8s 9 millions d&rsquo;euros par an.<\/p>\n<blockquote class=\"twitter-tweet\">\n<p dir=\"ltr\" lang=\"en\">Umtiti is close to a Lyon return.<\/p>\n<p>\u2014 <a href=\"https:\/\/twitter.com\/_AdrianSnchz?ref_src=twsrc%5Etfw\">@_AdrianSnchz<\/a> <a href=\"https:\/\/t.co\/TvRRANPrTq\">pic.twitter.com\/TvRRANPrTq<\/a><\/p>\n<p>\u2014 Bar\u00e7a Universal (@BarcaUniversal) <a href=\"https:\/\/twitter.com\/BarcaUniversal\/status\/1427948879308365832?ref_src=twsrc%5Etfw\">August 18, 2021<\/a><\/p><\/blockquote>\n<p style=\"text-align: justify;\"><script async src=\"https:\/\/platform.twitter.com\/widgets.js\" charset=\"utf-8\"><\/script><\/p>\n","protected":false},"excerpt":{"rendered":"<p>MERCATO FOOTBALL &#8211; Selon plusieurs sources en Espagne dont Adrian Sanchez (M\u00e1s que Pelotas), l&rsquo;Olympique Lyonnais travaillerait au retour de Samuel Umtiti pour remplacer Marcelo.<\/p>\n","protected":false},"author":1,"featured_media":159308,"comment_status":"open","ping_status":"closed","sticky":false,"template":"","format":"standard","meta":{"_acf_changed":false,"_daextam_enable_autolinks":"","footnotes":""},"categories":[47045],"tags":[449,1145,6673],"class_list":["post-159303","post","type-post","status-publish","format-standard","has-post-thumbnail","hentry","category-ligue-1","tag-lyon","tag-ol","tag-samuel-umtiti"],"acf":[],"yoast_head":"<!-- This site is optimized with the Yoast SEO Premium plugin v26.7 (Yoast SEO v26.7) - https:\/\/yoast.com\/wordpress\/plugins\/seo\/ -->\n<title>Mercato : Samuel Umtiti de retour \u00e0 l&#039;OL ?<\/title>\n<meta name=\"description\" content=\"MERCATO FOOTBALL - Selon plusieurs sources en Espagne, l&#039;Olympique Lyonnais travaillerait au retour de Samuel Umtiti pour remplacer Marcelo.\" \/>\n<meta name=\"robots\" content=\"index, follow, max-snippet:-1, max-image-preview:large, max-video-preview:-1\" \/>\n<link rel=\"canonical\" href=\"https:\/\/dicodusport.fr\/blog\/mercato-samuel-umtiti-de-retour-a-l-ol\/\" \/>\n<meta property=\"og:locale\" content=\"fr_FR\" \/>\n<meta property=\"og:type\" content=\"article\" \/>\n<meta property=\"og:title\" content=\"Mercato : Samuel Umtiti de retour \u00e0 l&#039;OL ?\" \/>\n<meta property=\"og:description\" content=\"MERCATO FOOTBALL - Selon plusieurs sources en Espagne, l&#039;Olympique Lyonnais travaillerait au retour de Samuel Umtiti pour remplacer Marcelo.\" \/>\n<meta property=\"og:url\" content=\"https:\/\/dicodusport.fr\/blog\/mercato-samuel-umtiti-de-retour-a-l-ol\/\" \/>\n<meta property=\"og:site_name\" content=\"Dicodusport\" \/>\n<meta property=\"article:publisher\" content=\"https:\/\/www.facebook.com\/dicodusport\" \/>\n<meta property=\"article:author\" content=\"https:\/\/www.facebook.com\/dicodusport\" \/>\n<meta property=\"article:published_time\" content=\"2021-08-18T16:47:32+00:00\" \/>\n<meta property=\"article:modified_time\" content=\"2021-08-18T17:38:05+00:00\" \/>\n<meta property=\"og:image\" content=\"https:\/\/dicodusport.fr\/blog\/wp-content\/uploads\/2021\/08\/Mercato-Samuel-Umtiti-de-retour-a\u0300-lOL-.png\" \/>\n\t<meta property=\"og:image:width\" content=\"800\" \/>\n\t<meta property=\"og:image:height\" content=\"445\" \/>\n\t<meta property=\"og:image:type\" content=\"image\/png\" \/>\n<meta name=\"author\" content=\"Nicolas Jacquemard\" \/>\n<meta name=\"twitter:card\" content=\"summary_large_image\" \/>\n<meta name=\"twitter:title\" content=\"Mercato : Samuel Umtiti de retour \u00e0 l&#039;OL ?\" \/>\n<meta name=\"twitter:creator\" content=\"@https:\/\/twitter.com\/Nico_Jacquemard\" \/>\n<meta name=\"twitter:site\" content=\"@dicodusport\" \/>\n<script type=\"application\/ld+json\" class=\"yoast-schema-graph\">{\"@context\":\"https:\/\/schema.org\",\"@graph\":[{\"@type\":\"NewsArticle\",\"@id\":\"https:\/\/dicodusport.fr\/blog\/mercato-samuel-umtiti-de-retour-a-l-ol\/#article\",\"isPartOf\":{\"@id\":\"https:\/\/dicodusport.fr\/blog\/mercato-samuel-umtiti-de-retour-a-l-ol\/\"},\"author\":{\"name\":\"Nicolas Jacquemard\",\"@id\":\"https:\/\/dicodusport.fr\/blog\/#\/schema\/person\/55dcb50ad410894e431ed812bbb70191\"},\"headline\":\"Mercato : Samuel Umtiti de retour \u00e0 l&rsquo;OL ?\",\"datePublished\":\"2021-08-18T16:47:32+00:00\",\"dateModified\":\"2021-08-18T17:38:05+00:00\",\"mainEntityOfPage\":{\"@id\":\"https:\/\/dicodusport.fr\/blog\/mercato-samuel-umtiti-de-retour-a-l-ol\/\"},\"wordCount\":177,\"commentCount\":2,\"publisher\":{\"@id\":\"https:\/\/dicodusport.fr\/blog\/#organization\"},\"image\":{\"@id\":\"https:\/\/dicodusport.fr\/blog\/mercato-samuel-umtiti-de-retour-a-l-ol\/#primaryimage\"},\"thumbnailUrl\":\"https:\/\/dicodusport.fr\/blog\/wp-content\/uploads\/2021\/08\/Mercato-Samuel-Umtiti-de-retour-a\u0300-lOL-.png\",\"keywords\":[\"Lyon\",\"OL\",\"Samuel Umtiti\"],\"articleSection\":[\"Ligue 1\"],\"inLanguage\":\"fr-FR\",\"potentialAction\":[{\"@type\":\"CommentAction\",\"name\":\"Comment\",\"target\":[\"https:\/\/dicodusport.fr\/blog\/mercato-samuel-umtiti-de-retour-a-l-ol\/#respond\"]}],\"copyrightYear\":\"2021\",\"copyrightHolder\":{\"@id\":\"https:\/\/dicodusport.fr\/blog\/#organization\"}},{\"@type\":\"WebPage\",\"@id\":\"https:\/\/dicodusport.fr\/blog\/mercato-samuel-umtiti-de-retour-a-l-ol\/\",\"url\":\"https:\/\/dicodusport.fr\/blog\/mercato-samuel-umtiti-de-retour-a-l-ol\/\",\"name\":\"Mercato : Samuel Umtiti de retour \u00e0 l'OL ?\",\"isPartOf\":{\"@id\":\"https:\/\/dicodusport.fr\/blog\/#website\"},\"primaryImageOfPage\":{\"@id\":\"https:\/\/dicodusport.fr\/blog\/mercato-samuel-umtiti-de-retour-a-l-ol\/#primaryimage\"},\"image\":{\"@id\":\"https:\/\/dicodusport.fr\/blog\/mercato-samuel-umtiti-de-retour-a-l-ol\/#primaryimage\"},\"thumbnailUrl\":\"https:\/\/dicodusport.fr\/blog\/wp-content\/uploads\/2021\/08\/Mercato-Samuel-Umtiti-de-retour-a\u0300-lOL-.png\",\"datePublished\":\"2021-08-18T16:47:32+00:00\",\"dateModified\":\"2021-08-18T17:38:05+00:00\",\"description\":\"MERCATO FOOTBALL - Selon plusieurs sources en Espagne, l'Olympique Lyonnais travaillerait au retour de Samuel Umtiti pour remplacer Marcelo.\",\"breadcrumb\":{\"@id\":\"https:\/\/dicodusport.fr\/blog\/mercato-samuel-umtiti-de-retour-a-l-ol\/#breadcrumb\"},\"inLanguage\":\"fr-FR\",\"potentialAction\":[{\"@type\":\"ReadAction\",\"target\":[\"https:\/\/dicodusport.fr\/blog\/mercato-samuel-umtiti-de-retour-a-l-ol\/\"]}]},{\"@type\":\"ImageObject\",\"inLanguage\":\"fr-FR\",\"@id\":\"https:\/\/dicodusport.fr\/blog\/mercato-samuel-umtiti-de-retour-a-l-ol\/#primaryimage\",\"url\":\"https:\/\/dicodusport.fr\/blog\/wp-content\/uploads\/2021\/08\/Mercato-Samuel-Umtiti-de-retour-a\u0300-lOL-.png\",\"contentUrl\":\"https:\/\/dicodusport.fr\/blog\/wp-content\/uploads\/2021\/08\/Mercato-Samuel-Umtiti-de-retour-a\u0300-lOL-.png\",\"width\":800,\"height\":445},{\"@type\":\"BreadcrumbList\",\"@id\":\"https:\/\/dicodusport.fr\/blog\/mercato-samuel-umtiti-de-retour-a-l-ol\/#breadcrumb\",\"itemListElement\":[{\"@type\":\"ListItem\",\"position\":1,\"name\":\"Accueil\",\"item\":\"https:\/\/dicodusport.fr\/blog\/\"},{\"@type\":\"ListItem\",\"position\":2,\"name\":\"Mercato : Samuel Umtiti de retour \u00e0 l&rsquo;OL ?\"}]},{\"@type\":\"WebSite\",\"@id\":\"https:\/\/dicodusport.fr\/blog\/#website\",\"url\":\"https:\/\/dicodusport.fr\/blog\/\",\"name\":\"Dicodusport\",\"description\":\"L&#039;encyclop\u00e9die de l&#039;actualit\u00e9 sportive\",\"publisher\":{\"@id\":\"https:\/\/dicodusport.fr\/blog\/#organization\"},\"potentialAction\":[{\"@type\":\"SearchAction\",\"target\":{\"@type\":\"EntryPoint\",\"urlTemplate\":\"https:\/\/dicodusport.fr\/blog\/?s={search_term_string}\"},\"query-input\":{\"@type\":\"PropertyValueSpecification\",\"valueRequired\":true,\"valueName\":\"search_term_string\"}}],\"inLanguage\":\"fr-FR\"},{\"@type\":\"NewsMediaOrganization\",\"@id\":\"https:\/\/dicodusport.fr\/blog\/#organization\",\"name\":\"Dicodusport\",\"url\":\"https:\/\/dicodusport.fr\/blog\/\",\"logo\":{\"@type\":\"ImageObject\",\"inLanguage\":\"fr-FR\",\"@id\":\"https:\/\/dicodusport.fr\/blog\/#\/schema\/logo\/image\/\",\"url\":\"https:\/\/dicodusport.fr\/blog\/wp-content\/uploads\/2020\/06\/cropped-LOGO-DICODUSPORT-2020-SANS-FOND-SANS-TEXTE.png\",\"contentUrl\":\"https:\/\/dicodusport.fr\/blog\/wp-content\/uploads\/2020\/06\/cropped-LOGO-DICODUSPORT-2020-SANS-FOND-SANS-TEXTE.png\",\"width\":512,\"height\":512,\"caption\":\"Dicodusport\"},\"image\":{\"@id\":\"https:\/\/dicodusport.fr\/blog\/#\/schema\/logo\/image\/\"},\"sameAs\":[\"https:\/\/www.facebook.com\/dicodusport\",\"https:\/\/x.com\/dicodusport\",\"https:\/\/www.instagram.com\/dicodusport\/\",\"https:\/\/www.youtube.com\/channel\/UC7V2KZ5sd3htJivAbA4ZG3w\"],\"description\":\"Dicodusport est l'encyclop\u00e9die de l'actualit\u00e9 sportive.\",\"email\":\"bonjour@dicodusport.fr\",\"legalName\":\"DICODUSPORT\",\"foundingDate\":\"2018-01-14\",\"vatID\":\"FR71834470973\",\"taxID\":\"83447097300043\",\"numberOfEmployees\":{\"@type\":\"QuantitativeValue\",\"minValue\":\"1\",\"maxValue\":\"10\"}},{\"@type\":\"Person\",\"@id\":\"https:\/\/dicodusport.fr\/blog\/#\/schema\/person\/55dcb50ad410894e431ed812bbb70191\",\"name\":\"Nicolas Jacquemard\",\"image\":{\"@type\":\"ImageObject\",\"inLanguage\":\"fr-FR\",\"@id\":\"https:\/\/dicodusport.fr\/blog\/#\/schema\/person\/image\/\",\"url\":\"https:\/\/dicodusport.fr\/blog\/wp-content\/uploads\/2021\/05\/Nicolas-Jacquemard-150x150.jpeg\",\"contentUrl\":\"https:\/\/dicodusport.fr\/blog\/wp-content\/uploads\/2021\/05\/Nicolas-Jacquemard-150x150.jpeg\",\"caption\":\"Nicolas Jacquemard\"},\"description\":\"Passionn\u00e9 de sport et entrepreneur depuis mes 18 ans, la cr\u00e9ation de Dicodusport m'a sembl\u00e9 \u00e9vidente pour participer \u00e0 la m\u00e9diatisation d'un plus grand nombre de sports. Le chemin est long mais avec une \u00e9quipe des plus motiv\u00e9es et les Jeux Olympiques de Paris 2024 en point de mire, nous y arriverons ! Journaliste dans le monde du sport depuis plus de 5 ans, je traite aussi bien de football, de rugby, de biathlon que de cyclisme.\",\"sameAs\":[\"https:\/\/www.facebook.com\/dicodusport\",\"https:\/\/x.com\/https:\/\/twitter.com\/Nico_Jacquemard\"],\"url\":\"https:\/\/dicodusport.fr\/blog\/author\/dicodusport\/\"}]}<\/script>\n<!-- \/ Yoast SEO Premium plugin. -->","yoast_head_json":{"title":"Mercato : Samuel Umtiti de retour \u00e0 l'OL ?","description":"MERCATO FOOTBALL - Selon plusieurs sources en Espagne, l'Olympique Lyonnais travaillerait au retour de Samuel Umtiti pour remplacer Marcelo.","robots":{"index":"index","follow":"follow","max-snippet":"max-snippet:-1","max-image-preview":"max-image-preview:large","max-video-preview":"max-video-preview:-1"},"canonical":"https:\/\/dicodusport.fr\/blog\/mercato-samuel-umtiti-de-retour-a-l-ol\/","og_locale":"fr_FR","og_type":"article","og_title":"Mercato : Samuel Umtiti de retour \u00e0 l'OL ?","og_description":"MERCATO FOOTBALL - Selon plusieurs sources en Espagne, l'Olympique Lyonnais travaillerait au retour de Samuel Umtiti pour remplacer Marcelo.","og_url":"https:\/\/dicodusport.fr\/blog\/mercato-samuel-umtiti-de-retour-a-l-ol\/","og_site_name":"Dicodusport","article_publisher":"https:\/\/www.facebook.com\/dicodusport","article_author":"https:\/\/www.facebook.com\/dicodusport","article_published_time":"2021-08-18T16:47:32+00:00","article_modified_time":"2021-08-18T17:38:05+00:00","og_image":[{"width":800,"height":445,"url":"https:\/\/dicodusport.fr\/blog\/wp-content\/uploads\/2021\/08\/Mercato-Samuel-Umtiti-de-retour-a\u0300-lOL-.png","type":"image\/png"}],"author":"Nicolas Jacquemard","twitter_card":"summary_large_image","twitter_title":"Mercato : Samuel Umtiti de retour \u00e0 l'OL ?","twitter_creator":"@https:\/\/twitter.com\/Nico_Jacquemard","twitter_site":"@dicodusport","schema":{"@context":"https:\/\/schema.org","@graph":[{"@type":"NewsArticle","@id":"https:\/\/dicodusport.fr\/blog\/mercato-samuel-umtiti-de-retour-a-l-ol\/#article","isPartOf":{"@id":"https:\/\/dicodusport.fr\/blog\/mercato-samuel-umtiti-de-retour-a-l-ol\/"},"author":{"name":"Nicolas Jacquemard","@id":"https:\/\/dicodusport.fr\/blog\/#\/schema\/person\/55dcb50ad410894e431ed812bbb70191"},"headline":"Mercato : Samuel Umtiti de retour \u00e0 l&rsquo;OL ?","datePublished":"2021-08-18T16:47:32+00:00","dateModified":"2021-08-18T17:38:05+00:00","mainEntityOfPage":{"@id":"https:\/\/dicodusport.fr\/blog\/mercato-samuel-umtiti-de-retour-a-l-ol\/"},"wordCount":177,"commentCount":2,"publisher":{"@id":"https:\/\/dicodusport.fr\/blog\/#organization"},"image":{"@id":"https:\/\/dicodusport.fr\/blog\/mercato-samuel-umtiti-de-retour-a-l-ol\/#primaryimage"},"thumbnailUrl":"https:\/\/dicodusport.fr\/blog\/wp-content\/uploads\/2021\/08\/Mercato-Samuel-Umtiti-de-retour-a\u0300-lOL-.png","keywords":["Lyon","OL","Samuel Umtiti"],"articleSection":["Ligue 1"],"inLanguage":"fr-FR","potentialAction":[{"@type":"CommentAction","name":"Comment","target":["https:\/\/dicodusport.fr\/blog\/mercato-samuel-umtiti-de-retour-a-l-ol\/#respond"]}],"copyrightYear":"2021","copyrightHolder":{"@id":"https:\/\/dicodusport.fr\/blog\/#organization"}},{"@type":"WebPage","@id":"https:\/\/dicodusport.fr\/blog\/mercato-samuel-umtiti-de-retour-a-l-ol\/","url":"https:\/\/dicodusport.fr\/blog\/mercato-samuel-umtiti-de-retour-a-l-ol\/","name":"Mercato : Samuel Umtiti de retour \u00e0 l'OL ?","isPartOf":{"@id":"https:\/\/dicodusport.fr\/blog\/#website"},"primaryImageOfPage":{"@id":"https:\/\/dicodusport.fr\/blog\/mercato-samuel-umtiti-de-retour-a-l-ol\/#primaryimage"},"image":{"@id":"https:\/\/dicodusport.fr\/blog\/mercato-samuel-umtiti-de-retour-a-l-ol\/#primaryimage"},"thumbnailUrl":"https:\/\/dicodusport.fr\/blog\/wp-content\/uploads\/2021\/08\/Mercato-Samuel-Umtiti-de-retour-a\u0300-lOL-.png","datePublished":"2021-08-18T16:47:32+00:00","dateModified":"2021-08-18T17:38:05+00:00","description":"MERCATO FOOTBALL - Selon plusieurs sources en Espagne, l'Olympique Lyonnais travaillerait au retour de Samuel Umtiti pour remplacer Marcelo.","breadcrumb":{"@id":"https:\/\/dicodusport.fr\/blog\/mercato-samuel-umtiti-de-retour-a-l-ol\/#breadcrumb"},"inLanguage":"fr-FR","potentialAction":[{"@type":"ReadAction","target":["https:\/\/dicodusport.fr\/blog\/mercato-samuel-umtiti-de-retour-a-l-ol\/"]}]},{"@type":"ImageObject","inLanguage":"fr-FR","@id":"https:\/\/dicodusport.fr\/blog\/mercato-samuel-umtiti-de-retour-a-l-ol\/#primaryimage","url":"https:\/\/dicodusport.fr\/blog\/wp-content\/uploads\/2021\/08\/Mercato-Samuel-Umtiti-de-retour-a\u0300-lOL-.png","contentUrl":"https:\/\/dicodusport.fr\/blog\/wp-content\/uploads\/2021\/08\/Mercato-Samuel-Umtiti-de-retour-a\u0300-lOL-.png","width":800,"height":445},{"@type":"BreadcrumbList","@id":"https:\/\/dicodusport.fr\/blog\/mercato-samuel-umtiti-de-retour-a-l-ol\/#breadcrumb","itemListElement":[{"@type":"ListItem","position":1,"name":"Accueil","item":"https:\/\/dicodusport.fr\/blog\/"},{"@type":"ListItem","position":2,"name":"Mercato : Samuel Umtiti de retour \u00e0 l&rsquo;OL ?"}]},{"@type":"WebSite","@id":"https:\/\/dicodusport.fr\/blog\/#website","url":"https:\/\/dicodusport.fr\/blog\/","name":"Dicodusport","description":"L&#039;encyclop\u00e9die de l&#039;actualit\u00e9 sportive","publisher":{"@id":"https:\/\/dicodusport.fr\/blog\/#organization"},"potentialAction":[{"@type":"SearchAction","target":{"@type":"EntryPoint","urlTemplate":"https:\/\/dicodusport.fr\/blog\/?s={search_term_string}"},"query-input":{"@type":"PropertyValueSpecification","valueRequired":true,"valueName":"search_term_string"}}],"inLanguage":"fr-FR"},{"@type":"NewsMediaOrganization","@id":"https:\/\/dicodusport.fr\/blog\/#organization","name":"Dicodusport","url":"https:\/\/dicodusport.fr\/blog\/","logo":{"@type":"ImageObject","inLanguage":"fr-FR","@id":"https:\/\/dicodusport.fr\/blog\/#\/schema\/logo\/image\/","url":"https:\/\/dicodusport.fr\/blog\/wp-content\/uploads\/2020\/06\/cropped-LOGO-DICODUSPORT-2020-SANS-FOND-SANS-TEXTE.png","contentUrl":"https:\/\/dicodusport.fr\/blog\/wp-content\/uploads\/2020\/06\/cropped-LOGO-DICODUSPORT-2020-SANS-FOND-SANS-TEXTE.png","width":512,"height":512,"caption":"Dicodusport"},"image":{"@id":"https:\/\/dicodusport.fr\/blog\/#\/schema\/logo\/image\/"},"sameAs":["https:\/\/www.facebook.com\/dicodusport","https:\/\/x.com\/dicodusport","https:\/\/www.instagram.com\/dicodusport\/","https:\/\/www.youtube.com\/channel\/UC7V2KZ5sd3htJivAbA4ZG3w"],"description":"Dicodusport est l'encyclop\u00e9die de l'actualit\u00e9 sportive.","email":"bonjour@dicodusport.fr","legalName":"DICODUSPORT","foundingDate":"2018-01-14","vatID":"FR71834470973","taxID":"83447097300043","numberOfEmployees":{"@type":"QuantitativeValue","minValue":"1","maxValue":"10"}},{"@type":"Person","@id":"https:\/\/dicodusport.fr\/blog\/#\/schema\/person\/55dcb50ad410894e431ed812bbb70191","name":"Nicolas Jacquemard","image":{"@type":"ImageObject","inLanguage":"fr-FR","@id":"https:\/\/dicodusport.fr\/blog\/#\/schema\/person\/image\/","url":"https:\/\/dicodusport.fr\/blog\/wp-content\/uploads\/2021\/05\/Nicolas-Jacquemard-150x150.jpeg","contentUrl":"https:\/\/dicodusport.fr\/blog\/wp-content\/uploads\/2021\/05\/Nicolas-Jacquemard-150x150.jpeg","caption":"Nicolas Jacquemard"},"description":"Passionn\u00e9 de sport et entrepreneur depuis mes 18 ans, la cr\u00e9ation de Dicodusport m'a sembl\u00e9 \u00e9vidente pour participer \u00e0 la m\u00e9diatisation d'un plus grand nombre de sports. Le chemin est long mais avec une \u00e9quipe des plus motiv\u00e9es et les Jeux Olympiques de Paris 2024 en point de mire, nous y arriverons ! Journaliste dans le monde du sport depuis plus de 5 ans, je traite aussi bien de football, de rugby, de biathlon que de cyclisme.","sameAs":["https:\/\/www.facebook.com\/dicodusport","https:\/\/x.com\/https:\/\/twitter.com\/Nico_Jacquemard"],"url":"https:\/\/dicodusport.fr\/blog\/author\/dicodusport\/"}]}},"_links":{"self":[{"href":"https:\/\/dicodusport.fr\/blog\/wp-json\/wp\/v2\/posts\/159303","targetHints":{"allow":["GET"]}}],"collection":[{"href":"https:\/\/dicodusport.fr\/blog\/wp-json\/wp\/v2\/posts"}],"about":[{"href":"https:\/\/dicodusport.fr\/blog\/wp-json\/wp\/v2\/types\/post"}],"author":[{"embeddable":true,"href":"https:\/\/dicodusport.fr\/blog\/wp-json\/wp\/v2\/users\/1"}],"replies":[{"embeddable":true,"href":"https:\/\/dicodusport.fr\/blog\/wp-json\/wp\/v2\/comments?post=159303"}],"version-history":[{"count":0,"href":"https:\/\/dicodusport.fr\/blog\/wp-json\/wp\/v2\/posts\/159303\/revisions"}],"wp:featuredmedia":[{"embeddable":true,"href":"https:\/\/dicodusport.fr\/blog\/wp-json\/wp\/v2\/media\/159308"}],"wp:attachment":[{"href":"https:\/\/dicodusport.fr\/blog\/wp-json\/wp\/v2\/media?parent=159303"}],"wp:term":[{"taxonomy":"category","embeddable":true,"href":"https:\/\/dicodusport.fr\/blog\/wp-json\/wp\/v2\/categories?post=159303"},{"taxonomy":"post_tag","embeddable":true,"href":"https:\/\/dicodusport.fr\/blog\/wp-json\/wp\/v2\/tags?post=159303"}],"curies":[{"name":"wp","href":"https:\/\/api.w.org\/{rel}","templated":true}]}}