{"id":159310,"date":"2021-08-18T17:11:55","date_gmt":"2021-08-18T15:11:55","guid":{"rendered":"https:\/\/dicodusport.fr\/blog\/?p=159310&#038;preview=true&#038;preview_id=159310"},"modified":"2021-08-18T19:30:02","modified_gmt":"2021-08-18T17:30:02","slug":"tour-du-limousin-2021-dorian-godon-rafle-tout-2eme-etape-payzac","status":"publish","type":"post","link":"https:\/\/dicodusport.fr\/blog\/tour-du-limousin-2021-dorian-godon-rafle-tout-2eme-etape-payzac\/","title":{"rendered":"Tour du Limousin 2021 : Dorian Godon rafle tout sur la 2\u00e8me \u00e9tape \u00e0 Payzac"},"content":{"rendered":"<p style=\"text-align: justify;\"><strong><em>TOUR DU LIMOUSIN 2021 &#8211; En costaud et le plus v\u00e9loce parmi les hommes forts du jour, Dorian Godon (AG2R Citro\u00ebn) a remport\u00e9 la 2\u00e8me \u00e9tape du Tour du Limousin.<\/em><\/strong><\/p>\n<p style=\"text-align: justify;\">D\u00e9but de course tr\u00e8s rapide et il faut attendre une heure pour voir l&rsquo;\u00e9chapp\u00e9e se former avec quatre coureurs, <strong>Daniel Savini<\/strong>, d\u00e9j\u00e0 \u00e0 l&rsquo;attaque mardi, <strong>Unai Iribar<\/strong>, <strong>Miguel Eduardo Florez<\/strong> et <strong>Kinfe Hailemichael<\/strong>. Ces hommes vont avoir jusqu&rsquo;\u00e0 trois minutes d&rsquo;avance mais un homme, St\u00e9phane Rossetto (Saint Michel-Auber 93) va profiter de la c\u00f4te du Moulin pour sortir du peloton et revenir quelques kilom\u00e8tres plus loin sur les fuyards.<\/p>\n<p style=\"text-align: justify;\">Le rouleur fran\u00e7ais va collaborer quelques minutes avant de partir en solitaire \u00e0 pr\u00e8s de 80 kilom\u00e8tres de la ligne d&rsquo;arriv\u00e9e. Les quatre autres \u00e9chapp\u00e9s vont rester intercal\u00e9s un moment avant de se faire avaler par le peloton \u00e0 50 kilom\u00e8tres du terme de cette deuxi\u00e8me \u00e9tape. Sous l&rsquo;impulsion de la Cofidis puis de la Groupama-FDJ, le num\u00e9ro de St\u00e9phane Rossetto prend fin dans la c\u00f4te du Pervendoux.<\/p>\n<h2 style=\"text-align: justify;\"><strong>Anthony Perez met le feu, Dorian Godon le plus fort<\/strong><\/h2>\n<p style=\"text-align: justify;\">A 20 bornes de l&rsquo;arriv\u00e9e, dans la c\u00f4te de Charoncle, Anthony Perez, co\u00e9quipier du maillot jaune <strong>Christophe Laporte<\/strong>, met le feu aux poudres et est rejoint par <strong>Franck Bonnamour<\/strong> et <strong>Beno\u00eet Cosnefroy<\/strong>, mais ce sera de courte dur\u00e9e, car un regroupement se fait sous l&rsquo;impulsion de <strong>Thibaut Pinot<\/strong>. <strong>Anthony Perez<\/strong> retente sa chance mais la Groupama-FDJ ne le laisse pas filer. Des attaques r\u00e9p\u00e9t\u00e9es ont lieu jusqu&rsquo;\u00e0 ce qu&rsquo;un groupe se d\u00e9tache enfin pour aller au bout. Apr\u00e8s avoir ma\u00eetris\u00e9 tous les attaquants jusqu&rsquo;aux 500 m\u00e8tres, <strong>Dorian Godon<\/strong> a r\u00e9sist\u00e9 \u00e0 <strong>Warren Barguil<\/strong> pour s&rsquo;imposer.<\/p>\n<blockquote class=\"twitter-tweet\">\n<p dir=\"ltr\" lang=\"fr\">Dorian Godon remporte la deuxi\u00e8me \u00e9tape du Tour du Limousin devant Warren Barguil ! Le coureur d&rsquo;AG2R Citro\u00ebn prend la t\u00eate du g\u00e9n\u00e9ral.<br \/>\nA suivre en direct sur la cha\u00eene L&rsquo;\u00c9quipe &gt; <a href=\"https:\/\/t.co\/3zK0bntVpk\">https:\/\/t.co\/3zK0bntVpk<\/a><a href=\"https:\/\/twitter.com\/hashtag\/TDL2021?src=hash&amp;ref_src=twsrc%5Etfw\">#TDL2021<\/a> <a href=\"https:\/\/twitter.com\/hashtag\/lequipeVELO?src=hash&amp;ref_src=twsrc%5Etfw\">#lequipeVELO<\/a> <a href=\"https:\/\/t.co\/oSCvG6bKIv\">pic.twitter.com\/oSCvG6bKIv<\/a><\/p>\n<p>\u2014 la chaine L&rsquo;\u00c9quipe (@lachainelequipe) <a href=\"https:\/\/twitter.com\/lachainelequipe\/status\/1428009754996224011?ref_src=twsrc%5Etfw\">August 18, 2021<\/a><\/p><\/blockquote>\n<p><script async src=\"https:\/\/platform.twitter.com\/widgets.js\" charset=\"utf-8\"><\/script><\/p>\n<h2 style=\"text-align: justify;\"><strong>\u00c0 lire aussi<\/strong><\/h2>\n<ul>\n<li style=\"text-align: justify;\"><a href=\"https:\/\/dicodusport.fr\/blog\/tour-du-limousin-2021-classement-2eme-etape\/\"><strong>Le classement de la 2\u00e8me \u00e9tape<\/strong><\/a><\/li>\n<li style=\"text-align: justify;\"><a href=\"https:\/\/dicodusport.fr\/blog\/tour-du-limousin-2021-classement-general\/\"><strong>Le classement g\u00e9n\u00e9ral<\/strong><\/a><\/li>\n<\/ul>\n<p>&nbsp;<\/p>\n","protected":false},"excerpt":{"rendered":"<p>TOUR DU LIMOUSIN 2021 &#8211; En costaud et le plus v\u00e9loce parmi les hommes forts du jour, Dorian Godon (AG2R Citro\u00ebn) a remport\u00e9 la 2\u00e8me \u00e9tape du Tour du Limousin.<\/p>\n","protected":false},"author":1,"featured_media":159343,"comment_status":"open","ping_status":"closed","sticky":false,"template":"","format":"standard","meta":{"_acf_changed":false,"_daextam_enable_autolinks":"","footnotes":""},"categories":[2307],"tags":[5778],"class_list":["post-159310","post","type-post","status-publish","format-standard","has-post-thumbnail","hentry","category-cyclisme","tag-tour-du-limousin"],"acf":[],"yoast_head":"<!-- This site is optimized with the Yoast SEO Premium plugin v26.7 (Yoast SEO v26.7) - https:\/\/yoast.com\/wordpress\/plugins\/seo\/ -->\n<title>Tour du Limousin 2021 : Dorian Godon rafle tout sur la 2\u00e8me \u00e9tape \u00e0 Payzac<\/title>\n<meta name=\"description\" content=\"TOUR DU LIMOUSIN 2021 - En costaud et le plus v\u00e9loce parmi les hommes forts du jour, Dorian Godon (AG2R Citro\u00ebn) a remport\u00e9 la 2\u00e8me \u00e9tape.\" \/>\n<meta name=\"robots\" content=\"index, follow, max-snippet:-1, max-image-preview:large, max-video-preview:-1\" \/>\n<link rel=\"canonical\" href=\"https:\/\/dicodusport.fr\/blog\/tour-du-limousin-2021-dorian-godon-rafle-tout-2eme-etape-payzac\/\" \/>\n<meta property=\"og:locale\" content=\"fr_FR\" \/>\n<meta property=\"og:type\" content=\"article\" \/>\n<meta property=\"og:title\" content=\"Tour du Limousin 2021 : Dorian Godon rafle tout sur la 2\u00e8me \u00e9tape \u00e0 Payzac\" \/>\n<meta property=\"og:description\" content=\"TOUR DU LIMOUSIN 2021 - En costaud et le plus v\u00e9loce parmi les hommes forts du jour, Dorian Godon (AG2R Citro\u00ebn) a remport\u00e9 la 2\u00e8me \u00e9tape.\" \/>\n<meta property=\"og:url\" content=\"https:\/\/dicodusport.fr\/blog\/tour-du-limousin-2021-dorian-godon-rafle-tout-2eme-etape-payzac\/\" \/>\n<meta property=\"og:site_name\" content=\"Dicodusport\" \/>\n<meta property=\"article:publisher\" content=\"https:\/\/www.facebook.com\/dicodusport\" \/>\n<meta property=\"article:author\" content=\"https:\/\/www.facebook.com\/dicodusport\" \/>\n<meta property=\"article:published_time\" content=\"2021-08-18T15:11:55+00:00\" \/>\n<meta property=\"article:modified_time\" content=\"2021-08-18T17:30:02+00:00\" \/>\n<meta property=\"og:image\" content=\"https:\/\/dicodusport.fr\/blog\/wp-content\/uploads\/2021\/08\/Tour-du-Limousin-2021-Dorian-Godon-rafle-tout-sur-la-2eme-etape-a-Payzac.png\" \/>\n\t<meta property=\"og:image:width\" content=\"800\" \/>\n\t<meta property=\"og:image:height\" content=\"445\" \/>\n\t<meta property=\"og:image:type\" content=\"image\/png\" \/>\n<meta name=\"author\" content=\"Nicolas Jacquemard\" \/>\n<meta name=\"twitter:card\" content=\"summary_large_image\" \/>\n<meta name=\"twitter:title\" content=\"Tour du Limousin 2021 : Dorian Godon rafle tout sur la 2\u00e8me \u00e9tape \u00e0 Payzac\" \/>\n<meta name=\"twitter:creator\" content=\"@https:\/\/twitter.com\/Nico_Jacquemard\" \/>\n<meta name=\"twitter:site\" content=\"@dicodusport\" \/>\n<script type=\"application\/ld+json\" class=\"yoast-schema-graph\">{\"@context\":\"https:\/\/schema.org\",\"@graph\":[{\"@type\":\"NewsArticle\",\"@id\":\"https:\/\/dicodusport.fr\/blog\/tour-du-limousin-2021-dorian-godon-rafle-tout-2eme-etape-payzac\/#article\",\"isPartOf\":{\"@id\":\"https:\/\/dicodusport.fr\/blog\/tour-du-limousin-2021-dorian-godon-rafle-tout-2eme-etape-payzac\/\"},\"author\":{\"name\":\"Nicolas Jacquemard\",\"@id\":\"https:\/\/dicodusport.fr\/blog\/#\/schema\/person\/55dcb50ad410894e431ed812bbb70191\"},\"headline\":\"Tour du Limousin 2021 : Dorian Godon rafle tout sur la 2\u00e8me \u00e9tape \u00e0 Payzac\",\"datePublished\":\"2021-08-18T15:11:55+00:00\",\"dateModified\":\"2021-08-18T17:30:02+00:00\",\"mainEntityOfPage\":{\"@id\":\"https:\/\/dicodusport.fr\/blog\/tour-du-limousin-2021-dorian-godon-rafle-tout-2eme-etape-payzac\/\"},\"wordCount\":390,\"commentCount\":0,\"publisher\":{\"@id\":\"https:\/\/dicodusport.fr\/blog\/#organization\"},\"image\":{\"@id\":\"https:\/\/dicodusport.fr\/blog\/tour-du-limousin-2021-dorian-godon-rafle-tout-2eme-etape-payzac\/#primaryimage\"},\"thumbnailUrl\":\"https:\/\/dicodusport.fr\/blog\/wp-content\/uploads\/2021\/08\/Tour-du-Limousin-2021-Dorian-Godon-rafle-tout-sur-la-2eme-etape-a-Payzac.png\",\"keywords\":[\"Tour du Limousin\"],\"articleSection\":[\"Cyclisme\"],\"inLanguage\":\"fr-FR\",\"potentialAction\":[{\"@type\":\"CommentAction\",\"name\":\"Comment\",\"target\":[\"https:\/\/dicodusport.fr\/blog\/tour-du-limousin-2021-dorian-godon-rafle-tout-2eme-etape-payzac\/#respond\"]}],\"copyrightYear\":\"2021\",\"copyrightHolder\":{\"@id\":\"https:\/\/dicodusport.fr\/blog\/#organization\"}},{\"@type\":\"WebPage\",\"@id\":\"https:\/\/dicodusport.fr\/blog\/tour-du-limousin-2021-dorian-godon-rafle-tout-2eme-etape-payzac\/\",\"url\":\"https:\/\/dicodusport.fr\/blog\/tour-du-limousin-2021-dorian-godon-rafle-tout-2eme-etape-payzac\/\",\"name\":\"Tour du Limousin 2021 : Dorian Godon rafle tout sur la 2\u00e8me \u00e9tape \u00e0 Payzac\",\"isPartOf\":{\"@id\":\"https:\/\/dicodusport.fr\/blog\/#website\"},\"primaryImageOfPage\":{\"@id\":\"https:\/\/dicodusport.fr\/blog\/tour-du-limousin-2021-dorian-godon-rafle-tout-2eme-etape-payzac\/#primaryimage\"},\"image\":{\"@id\":\"https:\/\/dicodusport.fr\/blog\/tour-du-limousin-2021-dorian-godon-rafle-tout-2eme-etape-payzac\/#primaryimage\"},\"thumbnailUrl\":\"https:\/\/dicodusport.fr\/blog\/wp-content\/uploads\/2021\/08\/Tour-du-Limousin-2021-Dorian-Godon-rafle-tout-sur-la-2eme-etape-a-Payzac.png\",\"datePublished\":\"2021-08-18T15:11:55+00:00\",\"dateModified\":\"2021-08-18T17:30:02+00:00\",\"description\":\"TOUR DU LIMOUSIN 2021 - En costaud et le plus v\u00e9loce parmi les hommes forts du jour, Dorian Godon (AG2R Citro\u00ebn) a remport\u00e9 la 2\u00e8me \u00e9tape.\",\"breadcrumb\":{\"@id\":\"https:\/\/dicodusport.fr\/blog\/tour-du-limousin-2021-dorian-godon-rafle-tout-2eme-etape-payzac\/#breadcrumb\"},\"inLanguage\":\"fr-FR\",\"potentialAction\":[{\"@type\":\"ReadAction\",\"target\":[\"https:\/\/dicodusport.fr\/blog\/tour-du-limousin-2021-dorian-godon-rafle-tout-2eme-etape-payzac\/\"]}]},{\"@type\":\"ImageObject\",\"inLanguage\":\"fr-FR\",\"@id\":\"https:\/\/dicodusport.fr\/blog\/tour-du-limousin-2021-dorian-godon-rafle-tout-2eme-etape-payzac\/#primaryimage\",\"url\":\"https:\/\/dicodusport.fr\/blog\/wp-content\/uploads\/2021\/08\/Tour-du-Limousin-2021-Dorian-Godon-rafle-tout-sur-la-2eme-etape-a-Payzac.png\",\"contentUrl\":\"https:\/\/dicodusport.fr\/blog\/wp-content\/uploads\/2021\/08\/Tour-du-Limousin-2021-Dorian-Godon-rafle-tout-sur-la-2eme-etape-a-Payzac.png\",\"width\":800,\"height\":445,\"caption\":\"Tour du Limousin 2021 Dorian Godon rafle tout sur la 2\u00e8me \u00e9tape \u00e0 Payzac\"},{\"@type\":\"BreadcrumbList\",\"@id\":\"https:\/\/dicodusport.fr\/blog\/tour-du-limousin-2021-dorian-godon-rafle-tout-2eme-etape-payzac\/#breadcrumb\",\"itemListElement\":[{\"@type\":\"ListItem\",\"position\":1,\"name\":\"Accueil\",\"item\":\"https:\/\/dicodusport.fr\/blog\/\"},{\"@type\":\"ListItem\",\"position\":2,\"name\":\"Tour du Limousin 2021 : Dorian Godon rafle tout sur la 2\u00e8me \u00e9tape \u00e0 Payzac\"}]},{\"@type\":\"WebSite\",\"@id\":\"https:\/\/dicodusport.fr\/blog\/#website\",\"url\":\"https:\/\/dicodusport.fr\/blog\/\",\"name\":\"Dicodusport\",\"description\":\"L&#039;encyclop\u00e9die de l&#039;actualit\u00e9 sportive\",\"publisher\":{\"@id\":\"https:\/\/dicodusport.fr\/blog\/#organization\"},\"potentialAction\":[{\"@type\":\"SearchAction\",\"target\":{\"@type\":\"EntryPoint\",\"urlTemplate\":\"https:\/\/dicodusport.fr\/blog\/?s={search_term_string}\"},\"query-input\":{\"@type\":\"PropertyValueSpecification\",\"valueRequired\":true,\"valueName\":\"search_term_string\"}}],\"inLanguage\":\"fr-FR\"},{\"@type\":\"NewsMediaOrganization\",\"@id\":\"https:\/\/dicodusport.fr\/blog\/#organization\",\"name\":\"Dicodusport\",\"url\":\"https:\/\/dicodusport.fr\/blog\/\",\"logo\":{\"@type\":\"ImageObject\",\"inLanguage\":\"fr-FR\",\"@id\":\"https:\/\/dicodusport.fr\/blog\/#\/schema\/logo\/image\/\",\"url\":\"https:\/\/dicodusport.fr\/blog\/wp-content\/uploads\/2020\/06\/cropped-LOGO-DICODUSPORT-2020-SANS-FOND-SANS-TEXTE.png\",\"contentUrl\":\"https:\/\/dicodusport.fr\/blog\/wp-content\/uploads\/2020\/06\/cropped-LOGO-DICODUSPORT-2020-SANS-FOND-SANS-TEXTE.png\",\"width\":512,\"height\":512,\"caption\":\"Dicodusport\"},\"image\":{\"@id\":\"https:\/\/dicodusport.fr\/blog\/#\/schema\/logo\/image\/\"},\"sameAs\":[\"https:\/\/www.facebook.com\/dicodusport\",\"https:\/\/x.com\/dicodusport\",\"https:\/\/www.instagram.com\/dicodusport\/\",\"https:\/\/www.youtube.com\/channel\/UC7V2KZ5sd3htJivAbA4ZG3w\"],\"description\":\"Dicodusport est l'encyclop\u00e9die de l'actualit\u00e9 sportive.\",\"email\":\"bonjour@dicodusport.fr\",\"legalName\":\"DICODUSPORT\",\"foundingDate\":\"2018-01-14\",\"vatID\":\"FR71834470973\",\"taxID\":\"83447097300043\",\"numberOfEmployees\":{\"@type\":\"QuantitativeValue\",\"minValue\":\"1\",\"maxValue\":\"10\"}},{\"@type\":\"Person\",\"@id\":\"https:\/\/dicodusport.fr\/blog\/#\/schema\/person\/55dcb50ad410894e431ed812bbb70191\",\"name\":\"Nicolas Jacquemard\",\"image\":{\"@type\":\"ImageObject\",\"inLanguage\":\"fr-FR\",\"@id\":\"https:\/\/dicodusport.fr\/blog\/#\/schema\/person\/image\/\",\"url\":\"https:\/\/dicodusport.fr\/blog\/wp-content\/uploads\/2021\/05\/Nicolas-Jacquemard-150x150.jpeg\",\"contentUrl\":\"https:\/\/dicodusport.fr\/blog\/wp-content\/uploads\/2021\/05\/Nicolas-Jacquemard-150x150.jpeg\",\"caption\":\"Nicolas Jacquemard\"},\"description\":\"Passionn\u00e9 de sport et entrepreneur depuis mes 18 ans, la cr\u00e9ation de Dicodusport m'a sembl\u00e9 \u00e9vidente pour participer \u00e0 la m\u00e9diatisation d'un plus grand nombre de sports. Le chemin est long mais avec une \u00e9quipe des plus motiv\u00e9es et les Jeux Olympiques de Paris 2024 en point de mire, nous y arriverons ! Journaliste dans le monde du sport depuis plus de 5 ans, je traite aussi bien de football, de rugby, de biathlon que de cyclisme.\",\"sameAs\":[\"https:\/\/www.facebook.com\/dicodusport\",\"https:\/\/x.com\/https:\/\/twitter.com\/Nico_Jacquemard\"],\"url\":\"https:\/\/dicodusport.fr\/blog\/author\/dicodusport\/\"}]}<\/script>\n<!-- \/ Yoast SEO Premium plugin. -->","yoast_head_json":{"title":"Tour du Limousin 2021 : Dorian Godon rafle tout sur la 2\u00e8me \u00e9tape \u00e0 Payzac","description":"TOUR DU LIMOUSIN 2021 - En costaud et le plus v\u00e9loce parmi les hommes forts du jour, Dorian Godon (AG2R Citro\u00ebn) a remport\u00e9 la 2\u00e8me \u00e9tape.","robots":{"index":"index","follow":"follow","max-snippet":"max-snippet:-1","max-image-preview":"max-image-preview:large","max-video-preview":"max-video-preview:-1"},"canonical":"https:\/\/dicodusport.fr\/blog\/tour-du-limousin-2021-dorian-godon-rafle-tout-2eme-etape-payzac\/","og_locale":"fr_FR","og_type":"article","og_title":"Tour du Limousin 2021 : Dorian Godon rafle tout sur la 2\u00e8me \u00e9tape \u00e0 Payzac","og_description":"TOUR DU LIMOUSIN 2021 - En costaud et le plus v\u00e9loce parmi les hommes forts du jour, Dorian Godon (AG2R Citro\u00ebn) a remport\u00e9 la 2\u00e8me \u00e9tape.","og_url":"https:\/\/dicodusport.fr\/blog\/tour-du-limousin-2021-dorian-godon-rafle-tout-2eme-etape-payzac\/","og_site_name":"Dicodusport","article_publisher":"https:\/\/www.facebook.com\/dicodusport","article_author":"https:\/\/www.facebook.com\/dicodusport","article_published_time":"2021-08-18T15:11:55+00:00","article_modified_time":"2021-08-18T17:30:02+00:00","og_image":[{"width":800,"height":445,"url":"https:\/\/dicodusport.fr\/blog\/wp-content\/uploads\/2021\/08\/Tour-du-Limousin-2021-Dorian-Godon-rafle-tout-sur-la-2eme-etape-a-Payzac.png","type":"image\/png"}],"author":"Nicolas Jacquemard","twitter_card":"summary_large_image","twitter_title":"Tour du Limousin 2021 : Dorian Godon rafle tout sur la 2\u00e8me \u00e9tape \u00e0 Payzac","twitter_creator":"@https:\/\/twitter.com\/Nico_Jacquemard","twitter_site":"@dicodusport","schema":{"@context":"https:\/\/schema.org","@graph":[{"@type":"NewsArticle","@id":"https:\/\/dicodusport.fr\/blog\/tour-du-limousin-2021-dorian-godon-rafle-tout-2eme-etape-payzac\/#article","isPartOf":{"@id":"https:\/\/dicodusport.fr\/blog\/tour-du-limousin-2021-dorian-godon-rafle-tout-2eme-etape-payzac\/"},"author":{"name":"Nicolas Jacquemard","@id":"https:\/\/dicodusport.fr\/blog\/#\/schema\/person\/55dcb50ad410894e431ed812bbb70191"},"headline":"Tour du Limousin 2021 : Dorian Godon rafle tout sur la 2\u00e8me \u00e9tape \u00e0 Payzac","datePublished":"2021-08-18T15:11:55+00:00","dateModified":"2021-08-18T17:30:02+00:00","mainEntityOfPage":{"@id":"https:\/\/dicodusport.fr\/blog\/tour-du-limousin-2021-dorian-godon-rafle-tout-2eme-etape-payzac\/"},"wordCount":390,"commentCount":0,"publisher":{"@id":"https:\/\/dicodusport.fr\/blog\/#organization"},"image":{"@id":"https:\/\/dicodusport.fr\/blog\/tour-du-limousin-2021-dorian-godon-rafle-tout-2eme-etape-payzac\/#primaryimage"},"thumbnailUrl":"https:\/\/dicodusport.fr\/blog\/wp-content\/uploads\/2021\/08\/Tour-du-Limousin-2021-Dorian-Godon-rafle-tout-sur-la-2eme-etape-a-Payzac.png","keywords":["Tour du Limousin"],"articleSection":["Cyclisme"],"inLanguage":"fr-FR","potentialAction":[{"@type":"CommentAction","name":"Comment","target":["https:\/\/dicodusport.fr\/blog\/tour-du-limousin-2021-dorian-godon-rafle-tout-2eme-etape-payzac\/#respond"]}],"copyrightYear":"2021","copyrightHolder":{"@id":"https:\/\/dicodusport.fr\/blog\/#organization"}},{"@type":"WebPage","@id":"https:\/\/dicodusport.fr\/blog\/tour-du-limousin-2021-dorian-godon-rafle-tout-2eme-etape-payzac\/","url":"https:\/\/dicodusport.fr\/blog\/tour-du-limousin-2021-dorian-godon-rafle-tout-2eme-etape-payzac\/","name":"Tour du Limousin 2021 : Dorian Godon rafle tout sur la 2\u00e8me \u00e9tape \u00e0 Payzac","isPartOf":{"@id":"https:\/\/dicodusport.fr\/blog\/#website"},"primaryImageOfPage":{"@id":"https:\/\/dicodusport.fr\/blog\/tour-du-limousin-2021-dorian-godon-rafle-tout-2eme-etape-payzac\/#primaryimage"},"image":{"@id":"https:\/\/dicodusport.fr\/blog\/tour-du-limousin-2021-dorian-godon-rafle-tout-2eme-etape-payzac\/#primaryimage"},"thumbnailUrl":"https:\/\/dicodusport.fr\/blog\/wp-content\/uploads\/2021\/08\/Tour-du-Limousin-2021-Dorian-Godon-rafle-tout-sur-la-2eme-etape-a-Payzac.png","datePublished":"2021-08-18T15:11:55+00:00","dateModified":"2021-08-18T17:30:02+00:00","description":"TOUR DU LIMOUSIN 2021 - En costaud et le plus v\u00e9loce parmi les hommes forts du jour, Dorian Godon (AG2R Citro\u00ebn) a remport\u00e9 la 2\u00e8me \u00e9tape.","breadcrumb":{"@id":"https:\/\/dicodusport.fr\/blog\/tour-du-limousin-2021-dorian-godon-rafle-tout-2eme-etape-payzac\/#breadcrumb"},"inLanguage":"fr-FR","potentialAction":[{"@type":"ReadAction","target":["https:\/\/dicodusport.fr\/blog\/tour-du-limousin-2021-dorian-godon-rafle-tout-2eme-etape-payzac\/"]}]},{"@type":"ImageObject","inLanguage":"fr-FR","@id":"https:\/\/dicodusport.fr\/blog\/tour-du-limousin-2021-dorian-godon-rafle-tout-2eme-etape-payzac\/#primaryimage","url":"https:\/\/dicodusport.fr\/blog\/wp-content\/uploads\/2021\/08\/Tour-du-Limousin-2021-Dorian-Godon-rafle-tout-sur-la-2eme-etape-a-Payzac.png","contentUrl":"https:\/\/dicodusport.fr\/blog\/wp-content\/uploads\/2021\/08\/Tour-du-Limousin-2021-Dorian-Godon-rafle-tout-sur-la-2eme-etape-a-Payzac.png","width":800,"height":445,"caption":"Tour du Limousin 2021 Dorian Godon rafle tout sur la 2\u00e8me \u00e9tape \u00e0 Payzac"},{"@type":"BreadcrumbList","@id":"https:\/\/dicodusport.fr\/blog\/tour-du-limousin-2021-dorian-godon-rafle-tout-2eme-etape-payzac\/#breadcrumb","itemListElement":[{"@type":"ListItem","position":1,"name":"Accueil","item":"https:\/\/dicodusport.fr\/blog\/"},{"@type":"ListItem","position":2,"name":"Tour du Limousin 2021 : Dorian Godon rafle tout sur la 2\u00e8me \u00e9tape \u00e0 Payzac"}]},{"@type":"WebSite","@id":"https:\/\/dicodusport.fr\/blog\/#website","url":"https:\/\/dicodusport.fr\/blog\/","name":"Dicodusport","description":"L&#039;encyclop\u00e9die de l&#039;actualit\u00e9 sportive","publisher":{"@id":"https:\/\/dicodusport.fr\/blog\/#organization"},"potentialAction":[{"@type":"SearchAction","target":{"@type":"EntryPoint","urlTemplate":"https:\/\/dicodusport.fr\/blog\/?s={search_term_string}"},"query-input":{"@type":"PropertyValueSpecification","valueRequired":true,"valueName":"search_term_string"}}],"inLanguage":"fr-FR"},{"@type":"NewsMediaOrganization","@id":"https:\/\/dicodusport.fr\/blog\/#organization","name":"Dicodusport","url":"https:\/\/dicodusport.fr\/blog\/","logo":{"@type":"ImageObject","inLanguage":"fr-FR","@id":"https:\/\/dicodusport.fr\/blog\/#\/schema\/logo\/image\/","url":"https:\/\/dicodusport.fr\/blog\/wp-content\/uploads\/2020\/06\/cropped-LOGO-DICODUSPORT-2020-SANS-FOND-SANS-TEXTE.png","contentUrl":"https:\/\/dicodusport.fr\/blog\/wp-content\/uploads\/2020\/06\/cropped-LOGO-DICODUSPORT-2020-SANS-FOND-SANS-TEXTE.png","width":512,"height":512,"caption":"Dicodusport"},"image":{"@id":"https:\/\/dicodusport.fr\/blog\/#\/schema\/logo\/image\/"},"sameAs":["https:\/\/www.facebook.com\/dicodusport","https:\/\/x.com\/dicodusport","https:\/\/www.instagram.com\/dicodusport\/","https:\/\/www.youtube.com\/channel\/UC7V2KZ5sd3htJivAbA4ZG3w"],"description":"Dicodusport est l'encyclop\u00e9die de l'actualit\u00e9 sportive.","email":"bonjour@dicodusport.fr","legalName":"DICODUSPORT","foundingDate":"2018-01-14","vatID":"FR71834470973","taxID":"83447097300043","numberOfEmployees":{"@type":"QuantitativeValue","minValue":"1","maxValue":"10"}},{"@type":"Person","@id":"https:\/\/dicodusport.fr\/blog\/#\/schema\/person\/55dcb50ad410894e431ed812bbb70191","name":"Nicolas Jacquemard","image":{"@type":"ImageObject","inLanguage":"fr-FR","@id":"https:\/\/dicodusport.fr\/blog\/#\/schema\/person\/image\/","url":"https:\/\/dicodusport.fr\/blog\/wp-content\/uploads\/2021\/05\/Nicolas-Jacquemard-150x150.jpeg","contentUrl":"https:\/\/dicodusport.fr\/blog\/wp-content\/uploads\/2021\/05\/Nicolas-Jacquemard-150x150.jpeg","caption":"Nicolas Jacquemard"},"description":"Passionn\u00e9 de sport et entrepreneur depuis mes 18 ans, la cr\u00e9ation de Dicodusport m'a sembl\u00e9 \u00e9vidente pour participer \u00e0 la m\u00e9diatisation d'un plus grand nombre de sports. Le chemin est long mais avec une \u00e9quipe des plus motiv\u00e9es et les Jeux Olympiques de Paris 2024 en point de mire, nous y arriverons ! Journaliste dans le monde du sport depuis plus de 5 ans, je traite aussi bien de football, de rugby, de biathlon que de cyclisme.","sameAs":["https:\/\/www.facebook.com\/dicodusport","https:\/\/x.com\/https:\/\/twitter.com\/Nico_Jacquemard"],"url":"https:\/\/dicodusport.fr\/blog\/author\/dicodusport\/"}]}},"_links":{"self":[{"href":"https:\/\/dicodusport.fr\/blog\/wp-json\/wp\/v2\/posts\/159310","targetHints":{"allow":["GET"]}}],"collection":[{"href":"https:\/\/dicodusport.fr\/blog\/wp-json\/wp\/v2\/posts"}],"about":[{"href":"https:\/\/dicodusport.fr\/blog\/wp-json\/wp\/v2\/types\/post"}],"author":[{"embeddable":true,"href":"https:\/\/dicodusport.fr\/blog\/wp-json\/wp\/v2\/users\/1"}],"replies":[{"embeddable":true,"href":"https:\/\/dicodusport.fr\/blog\/wp-json\/wp\/v2\/comments?post=159310"}],"version-history":[{"count":0,"href":"https:\/\/dicodusport.fr\/blog\/wp-json\/wp\/v2\/posts\/159310\/revisions"}],"wp:featuredmedia":[{"embeddable":true,"href":"https:\/\/dicodusport.fr\/blog\/wp-json\/wp\/v2\/media\/159343"}],"wp:attachment":[{"href":"https:\/\/dicodusport.fr\/blog\/wp-json\/wp\/v2\/media?parent=159310"}],"wp:term":[{"taxonomy":"category","embeddable":true,"href":"https:\/\/dicodusport.fr\/blog\/wp-json\/wp\/v2\/categories?post=159310"},{"taxonomy":"post_tag","embeddable":true,"href":"https:\/\/dicodusport.fr\/blog\/wp-json\/wp\/v2\/tags?post=159310"}],"curies":[{"name":"wp","href":"https:\/\/api.w.org\/{rel}","templated":true}]}}