{"id":159471,"date":"2021-08-19T02:00:10","date_gmt":"2021-08-19T00:00:10","guid":{"rendered":"https:\/\/dicodusport.fr\/blog\/?p=159471&#038;preview=true&#038;preview_id=159471"},"modified":"2021-09-05T10:58:43","modified_gmt":"2021-09-05T08:58:43","slug":"toute-l-actualite-des-jeux-paralympiques-de-tokyo-2020","status":"publish","type":"post","link":"https:\/\/dicodusport.fr\/blog\/toute-l-actualite-des-jeux-paralympiques-de-tokyo-2020\/","title":{"rendered":"Toute l&rsquo;actualit\u00e9 des Jeux Paralympiques de Tokyo 2020"},"content":{"rendered":"<p style=\"text-align: center;\"><a href=\"#actu\" class=\"su-button su-button-style-default\" style=\"color:#ffffff;background-color:#002361;border-color:#001c4e;border-radius:6px\" target=\"_self\"><span style=\"color:#ffffff;padding:0px 18px;font-size:14px;line-height:28px;border-color:#4d6591;border-radius:6px;text-shadow:none\"> <strong>Actus<\/strong><\/span><\/a>\u00a0 <a href=\"#calendriers\" class=\"su-button su-button-style-default\" style=\"color:#ffffff;background-color:#002361;border-color:#001c4e;border-radius:6px\" target=\"_self\"><span style=\"color:#ffffff;padding:0px 18px;font-size:14px;line-height:28px;border-color:#4d6591;border-radius:6px;text-shadow:none\"> <strong>Calendriers et r\u00e9sultats<\/strong><\/span><\/a>\u00a0 <a href=\"#medailles\" class=\"su-button su-button-style-default\" style=\"color:#ffffff;background-color:#002361;border-color:#001c4e;border-radius:6px\" target=\"_self\"><span style=\"color:#ffffff;padding:0px 18px;font-size:14px;line-height:28px;border-color:#4d6591;border-radius:6px;text-shadow:none\"> <strong>Tableau des m\u00e9dailles<\/strong><\/span><\/a>\n<p style=\"text-align: justify;\"><strong><em>Toute l&rsquo;actualit\u00e9 des Jeux Paralympiques de Tokyo qui se d\u00e9roulent du 24 ao\u00fbt au 5 septembre 2021.<\/em><\/strong><\/p>\n<hr \/>\n<h2 style=\"text-align: center;\"><a id=\"actu\"><\/a>Actualit\u00e9s<\/h2>\n<hr \/>\n<div class=\"su-custom-gallery su-custom-gallery-align-left su-custom-gallery-title-always\"><div class=\"su-custom-gallery-slide\" style=\"width:350px;height:195px\"><a href=\"https:\/\/dicodusport.fr\/blog\/jeux-paralympiques-de-tokyo-badminton-lucas-mazur-arrache-le-titre-paralympique\/\" title=\"Jeux Paralympiques de Tokyo &#8211; Badminton : Lucas Mazur arrache le titre paralympique\"><img loading=\"lazy\" decoding=\"async\" src=\"https:\/\/dicodusport.fr\/blog\/wp-content\/uploads\/2021\/09\/Jeux-Paralympiques-de-Tokyo-Badminton-Lucas-Mazur-arrache-le-titre-paralympique-350x195.png\" alt=\"Jeux Paralympiques de Tokyo &#8211; Badminton : Lucas Mazur arrache le titre paralympique\" width=\"350\" height=\"195\" \/><span class=\"su-custom-gallery-title\">Jeux Paralympiques de Tokyo &#8211; Badminton : Lucas Mazur arrache le titre paralympique<\/span><\/a><\/div><div class=\"su-custom-gallery-slide\" style=\"width:350px;height:195px\"><a href=\"https:\/\/dicodusport.fr\/blog\/jeux-paralympiques-de-tokyo-badminton-lucas-mazur-en-finale-du-tournoi-sl4\/\" title=\"Jeux Paralympiques de Tokyo &#8211; Badminton Lucas Mazur en finale du tournoi SL4\"><img loading=\"lazy\" decoding=\"async\" src=\"https:\/\/dicodusport.fr\/blog\/wp-content\/uploads\/2021\/09\/Jeux-Paralympiques-de-Tokyo-Badminton-Lucas-Mazur-en-finale-du-tournoi-SL4-350x195.png\" alt=\"Jeux Paralympiques de Tokyo &#8211; Badminton Lucas Mazur en finale du tournoi SL4\" width=\"350\" height=\"195\" \/><span class=\"su-custom-gallery-title\">Jeux Paralympiques de Tokyo &#8211; Badminton Lucas Mazur en finale du tournoi SL4<\/span><\/a><\/div><div class=\"su-custom-gallery-slide\" style=\"width:350px;height:195px\"><a href=\"https:\/\/dicodusport.fr\/blog\/jeux-paralympiques-de-tokyo-canoe-kayak-nelia-barbosa-vice-championne-paralympique\/\" title=\"Jeux Paralympiques de Tokyo &#8211; Cano\u00eb-Kayak : N\u00e9lia Barbosa vice-championne paralympique\"><img loading=\"lazy\" decoding=\"async\" src=\"https:\/\/dicodusport.fr\/blog\/wp-content\/uploads\/2021\/09\/Jeux-Paralympiques-de-Tokyo-Canoe-Kayak-Nelia-Barbosa-vice-championne-paralympique-350x195.png\" alt=\"Jeux Paralympiques de Tokyo &#8211; Cano\u00eb-Kayak : N\u00e9lia Barbosa vice-championne paralympique\" width=\"350\" height=\"195\" \/><span class=\"su-custom-gallery-title\">Jeux Paralympiques de Tokyo &#8211; Cano\u00eb-Kayak : N\u00e9lia Barbosa vice-championne paralympique<\/span><\/a><\/div><div class=\"su-custom-gallery-slide\" style=\"width:350px;height:195px\"><a href=\"https:\/\/dicodusport.fr\/blog\/jeux-paralympiques-de-tokyo-tennis-de-table-molliens-et-lamirault-une-nouvelle-fois-champions-paralympiques\/\" title=\"Jeux Paralympiques de Tokyo &#8211; Tennis de table : Molliens et Lamirault une nouvelle fois champions paralympiques\"><img loading=\"lazy\" decoding=\"async\" src=\"https:\/\/dicodusport.fr\/blog\/wp-content\/uploads\/2021\/09\/JP-de-Tokyo-Tennis-de-table-Molliens-et-Lamirault-une-nouvelle-fois-champions-paralympiques-350x195.jpg\" alt=\"Jeux Paralympiques de Tokyo &#8211; Tennis de table : Molliens et Lamirault une nouvelle fois champions paralympiques\" width=\"350\" height=\"195\" \/><span class=\"su-custom-gallery-title\">Jeux Paralympiques de Tokyo &#8211; Tennis de table : Molliens et Lamirault une nouvelle fois champions paralympiques<\/span><\/a><\/div><div class=\"su-custom-gallery-slide\" style=\"width:350px;height:195px\"><a href=\"https:\/\/dicodusport.fr\/blog\/jeux-paralympiques-de-tokyo-tennis-en-fauteuil-stephane-houdet-et-nicolas-peifer-conservent-leur-titre-paralympique\/\" title=\"Jeux Paralympiques de Tokyo \u2013 Tennis en fauteuil : St\u00e9phane Houdet et Nicolas Peifer conservent leur titre paralympique !\"><img loading=\"lazy\" decoding=\"async\" src=\"https:\/\/dicodusport.fr\/blog\/wp-content\/uploads\/2021\/09\/JP-Tokyo-\u2013-Tennis-en-fauteuil-Stephane-Houdet-et-Nicolas-Peifer-conservent-leur-titre-paralympique-350x195.png\" alt=\"Jeux Paralympiques de Tokyo \u2013 Tennis en fauteuil : St\u00e9phane Houdet et Nicolas Peifer conservent leur titre paralympique !\" width=\"350\" height=\"195\" \/><span class=\"su-custom-gallery-title\">Jeux Paralympiques de Tokyo \u2013 Tennis en fauteuil : St\u00e9phane Houdet et Nicolas Peifer conservent leur titre paralympique !<\/span><\/a><\/div><div class=\"su-custom-gallery-slide\" style=\"width:350px;height:195px\"><a href=\"https:\/\/dicodusport.fr\/blog\/jeux-paralympiques-de-tokyo-kayak-remy-boulle-troisieme-du-200m-kl1\/\" title=\"Jeux Paralympiques de Tokyo &#8211; Kayak : R\u00e9my Boull\u00e9 troisi\u00e8me du 200m KL1\"><img loading=\"lazy\" decoding=\"async\" src=\"https:\/\/dicodusport.fr\/blog\/wp-content\/uploads\/2021\/09\/Jeux-Paralympiques-de-Tokyo-Kayak-Remy-Boulle-troisieme-du-200m-KL1-350x195.png\" alt=\"Jeux Paralympiques de Tokyo &#8211; Kayak : R\u00e9my Boull\u00e9 troisi\u00e8me du 200m KL1\" width=\"350\" height=\"195\" \/><span class=\"su-custom-gallery-title\">Jeux Paralympiques de Tokyo &#8211; Kayak : R\u00e9my Boull\u00e9 troisi\u00e8me du 200m KL1<\/span><\/a><\/div><div class=\"su-custom-gallery-slide\" style=\"width:350px;height:195px\"><a href=\"https:\/\/dicodusport.fr\/blog\/jeux-paralympiques-de-tokyo-cyclisme-sur-route-or-pour-kevin-le-cunff-en-course-en-ligne\/\" title=\"Jeux Paralympiques de Tokyo &#8211; Cyclisme sur route : l&rsquo;or pour K\u00e9vin Le Cunff en course en ligne\"><img loading=\"lazy\" decoding=\"async\" src=\"https:\/\/dicodusport.fr\/blog\/wp-content\/uploads\/2021\/09\/JP-de-Tokyo-Cyclisme-sur-route-lor-pour-Kevin-Le-Cunff-en-course-en-ligne-350x195.png\" alt=\"Jeux Paralympiques de Tokyo &#8211; Cyclisme sur route : l&rsquo;or pour K\u00e9vin Le Cunff en course en ligne\" width=\"350\" height=\"195\" \/><span class=\"su-custom-gallery-title\">Jeux Paralympiques de Tokyo &#8211; Cyclisme sur route : l&rsquo;or pour K\u00e9vin Le Cunff en course en ligne<\/span><\/a><\/div><div class=\"su-custom-gallery-slide\" style=\"width:350px;height:195px\"><a href=\"https:\/\/dicodusport.fr\/blog\/jeux-paralympiques-de-tokyo-athletisme-timothee-adolphe-en-argent-sur-100m\/\" title=\"Jeux Paralympiques de Tokyo &#8211; Athle\u0301tisme : Timothe\u0301e Adolphe en argent sur 100m\"><img loading=\"lazy\" decoding=\"async\" src=\"https:\/\/dicodusport.fr\/blog\/wp-content\/uploads\/2021\/09\/Jeux-Paralympiques-de-Tokyo-Athle\u0301tisme-Timothe\u0301e-Adolphe-en-argent-sur-100m-350x195.png\" alt=\"Jeux Paralympiques de Tokyo &#8211; Athle\u0301tisme : Timothe\u0301e Adolphe en argent sur 100m\" width=\"350\" height=\"195\" \/><span class=\"su-custom-gallery-title\">Jeux Paralympiques de Tokyo &#8211; Athle\u0301tisme : Timothe\u0301e Adolphe en argent sur 100m<\/span><\/a><\/div><div class=\"su-clear\"><\/div><\/div>\n<p style=\"text-align: center;\"><a href=\"https:\/\/dicodusport.fr\/blog\/actualites\/jeux-paralympiques-tokyo-2020\/\" class=\"su-button su-button-style-default\" style=\"color:#ffffff;background-color:#002361;border-color:#001c4e;border-radius:8px\" target=\"_self\"><span style=\"color:#ffffff;padding:0px 22px;font-size:17px;line-height:34px;border-color:#4d6591;border-radius:8px;text-shadow:none\"> <strong>Plus d&rsquo;actualit\u00e9s<\/strong><\/span><\/a>\n<hr \/>\n<h2 style=\"text-align: center;\"><a id=\"calendriers\"><\/a>Calendriers et r\u00e9sultats<\/h2>\n<hr \/>\n<div class=\"su-custom-gallery su-custom-gallery-align-left su-custom-gallery-title-never\"><div class=\"su-custom-gallery-slide\" style=\"width:350px;height:195px\"><a href=\"https:\/\/dicodusport.fr\/blog\/athletisme-jeux-paralympiques-de-tokyo-calendrier-et-resultats\/\" title=\"Athl\u00e9tisme &#8211; Jeux Paralympiques de Tokyo calendrier et r\u00e9sultats\"><img loading=\"lazy\" decoding=\"async\" src=\"https:\/\/dicodusport.fr\/blog\/wp-content\/uploads\/2021\/08\/Athletisme-Jeux-Paralympiques-de-Tokyo-calendrier-et-resultats-350x195.png\" alt=\"Athl\u00e9tisme &#8211; Jeux Paralympiques de Tokyo calendrier et r\u00e9sultats\" width=\"350\" height=\"195\" \/><span class=\"su-custom-gallery-title\">Athl\u00e9tisme &#8211; Jeux Paralympiques de Tokyo calendrier et r\u00e9sultats<\/span><\/a><\/div><div class=\"su-custom-gallery-slide\" style=\"width:350px;height:195px\"><a href=\"https:\/\/dicodusport.fr\/blog\/aviron-jeux-paralympiques-de-tokyo-calendrier-et-resultats\/\" title=\"Aviron &#8211; Jeux Paralympiques de Tokyo calendrier et r\u00e9sultats\"><img loading=\"lazy\" decoding=\"async\" src=\"https:\/\/dicodusport.fr\/blog\/wp-content\/uploads\/2021\/08\/Aviron-Jeux-Paralympiques-de-Tokyo-calendrier-et-resultats-350x195.png\" alt=\"Aviron &#8211; Jeux Paralympiques de Tokyo calendrier et r\u00e9sultats\" width=\"350\" height=\"195\" \/><span class=\"su-custom-gallery-title\">Aviron &#8211; Jeux Paralympiques de Tokyo calendrier et r\u00e9sultats<\/span><\/a><\/div><div class=\"su-custom-gallery-slide\" style=\"width:350px;height:195px\"><a href=\"https:\/\/dicodusport.fr\/blog\/badminton-jeux-paralympiques-de-tokyo-calendrier-et-resultats\/\" title=\"Badminton &#8211; Jeux Paralympiques de Tokyo calendrier et r\u00e9sultats\"><img loading=\"lazy\" decoding=\"async\" src=\"https:\/\/dicodusport.fr\/blog\/wp-content\/uploads\/2021\/08\/Badminton-Jeux-Paralympiques-de-Tokyo-calendrier-et-resultats-350x195.png\" alt=\"Badminton &#8211; Jeux Paralympiques de Tokyo calendrier et r\u00e9sultats\" width=\"350\" height=\"195\" \/><span class=\"su-custom-gallery-title\">Badminton &#8211; Jeux Paralympiques de Tokyo calendrier et r\u00e9sultats<\/span><\/a><\/div><div class=\"su-custom-gallery-slide\" style=\"width:350px;height:195px\"><a href=\"https:\/\/dicodusport.fr\/blog\/basket-fauteuil-feminin-jeux-olympiques-de-tokyo-calendrier-et-resultats\/\" title=\"Basket fauteuil f\u00e9minin &#8211; Jeux Olympiques de Tokyo calendrier et r\u00e9sultats\"><img loading=\"lazy\" decoding=\"async\" src=\"https:\/\/dicodusport.fr\/blog\/wp-content\/uploads\/2021\/08\/Basket-fauteuil-feminin-Jeux-Olympiques-de-Tokyo-calendrier-et-resultats-350x195.png\" alt=\"Basket fauteuil f\u00e9minin &#8211; Jeux Olympiques de Tokyo calendrier et r\u00e9sultats\" width=\"350\" height=\"195\" \/><span class=\"su-custom-gallery-title\">Basket fauteuil f\u00e9minin &#8211; Jeux Olympiques de Tokyo calendrier et r\u00e9sultats<\/span><\/a><\/div><div class=\"su-custom-gallery-slide\" style=\"width:350px;height:195px\"><a href=\"https:\/\/dicodusport.fr\/blog\/basket-fauteuil-masculin-jeux-paralympiques-de-tokyo-calendrier-et-resultats\/\" title=\"Basket fauteuil masculin &#8211; Jeux Paralympiques de Tokyo : calendrier et r\u00e9sultats\"><img loading=\"lazy\" decoding=\"async\" src=\"https:\/\/dicodusport.fr\/blog\/wp-content\/uploads\/2021\/07\/Basket-fauteuil-masculin-Jeux-Paralympiques-de-Tokyo-calendrier-et-resultats-350x195.png\" alt=\"Basket fauteuil masculin &#8211; Jeux Paralympiques de Tokyo : calendrier et r\u00e9sultats\" width=\"350\" height=\"195\" \/><span class=\"su-custom-gallery-title\">Basket fauteuil masculin &#8211; Jeux Paralympiques de Tokyo : calendrier et r\u00e9sultats<\/span><\/a><\/div><div class=\"su-custom-gallery-slide\" style=\"width:350px;height:195px\"><a href=\"https:\/\/dicodusport.fr\/blog\/boccia-jeux-paralympiques-de-tokyo-calendrier-et-resultats\/\" title=\"Boccia &#8211; Jeux Paralympiques de Tokyo calendrier et r\u00e9sultats\"><img loading=\"lazy\" decoding=\"async\" src=\"https:\/\/dicodusport.fr\/blog\/wp-content\/uploads\/2021\/08\/Boccia-Jeux-Paralympiques-de-Tokyo-calendrier-et-resultats-350x195.png\" alt=\"Boccia &#8211; Jeux Paralympiques de Tokyo calendrier et r\u00e9sultats\" width=\"350\" height=\"195\" \/><span class=\"su-custom-gallery-title\">Boccia &#8211; Jeux Paralympiques de Tokyo calendrier et r\u00e9sultats<\/span><\/a><\/div><div class=\"su-custom-gallery-slide\" style=\"width:350px;height:195px\"><a href=\"https:\/\/dicodusport.fr\/blog\/canoe-sprint-jeux-paralympiques-de-tokyo-calendrier-et-resultats\/\" title=\"Cano\u00eb sprint &#8211; Jeux Paralympiques de Tokyo calendrier et r\u00e9sultats\"><img loading=\"lazy\" decoding=\"async\" src=\"https:\/\/dicodusport.fr\/blog\/wp-content\/uploads\/2021\/09\/Canoe-sprint-Jeux-Paralympiques-de-Tokyo-calendrier-et-resultats-350x195.png\" alt=\"Cano\u00eb sprint &#8211; Jeux Paralympiques de Tokyo calendrier et r\u00e9sultats\" width=\"350\" height=\"195\" \/><span class=\"su-custom-gallery-title\">Cano\u00eb sprint &#8211; Jeux Paralympiques de Tokyo calendrier et r\u00e9sultats<\/span><\/a><\/div><div class=\"su-custom-gallery-slide\" style=\"width:350px;height:195px\"><a href=\"https:\/\/dicodusport.fr\/blog\/cyclisme-sur-piste-jeux-paralympiques-tokyo-calendrier-et-resultats\/\" title=\"Cyclisme sur piste &#8211; Jeux Paralympiques de Tokyo calendrier et r\u00e9sultats\"><img loading=\"lazy\" decoding=\"async\" src=\"https:\/\/dicodusport.fr\/blog\/wp-content\/uploads\/2021\/07\/Cyclisme-sur-piste-Jeux-Paralympiques-de-Tokyo-calendrier-et-resultats-350x195.png\" alt=\"Cyclisme sur piste &#8211; Jeux Paralympiques de Tokyo calendrier et r\u00e9sultats\" width=\"350\" height=\"195\" \/><span class=\"su-custom-gallery-title\">Cyclisme sur piste &#8211; Jeux Paralympiques de Tokyo calendrier et r\u00e9sultats<\/span><\/a><\/div><div class=\"su-custom-gallery-slide\" style=\"width:350px;height:195px\"><a><img loading=\"lazy\" decoding=\"async\" src=\"https:\/\/dicodusport.fr\/blog\/wp-content\/uploads\/2021\/08\/Cyclisme-sur-route-Jeux-Paralympiques-de-Tokyo-calendrier-et-resultats-350x195.png\" alt=\"Cyclisme sur route &#8211; Jeux Paralympiques de Tokyo calendrier et r\u00e9sultats\" width=\"350\" height=\"195\" \/><span class=\"su-custom-gallery-title\">Cyclisme sur route &#8211; Jeux Paralympiques de Tokyo calendrier et r\u00e9sultats<\/span><\/a><\/div><div class=\"su-custom-gallery-slide\" style=\"width:350px;height:195px\"><a href=\"https:\/\/dicodusport.fr\/blog\/equitation-jeux-paralympiques-de-tokyo-calendrier-et-resultats\/\" title=\"\u00c9quitation &#8211; Jeux Paralympiques de Tokyo calendrier et r\u00e9sultats\"><img loading=\"lazy\" decoding=\"async\" src=\"https:\/\/dicodusport.fr\/blog\/wp-content\/uploads\/2021\/08\/Equitation-Jeux-Paralympiques-de-Tokyo-calendrier-et-resultats-350x195.png\" alt=\"\u00c9quitation &#8211; Jeux Paralympiques de Tokyo calendrier et r\u00e9sultats\" width=\"350\" height=\"195\" \/><span class=\"su-custom-gallery-title\">\u00c9quitation &#8211; Jeux Paralympiques de Tokyo calendrier et r\u00e9sultats<\/span><\/a><\/div><div class=\"su-custom-gallery-slide\" style=\"width:350px;height:195px\"><a href=\"https:\/\/dicodusport.fr\/blog\/escrime-fauteuil-jeux-paralympiques-de-tokyo-calendrier-et-resultats\/\" title=\"Escrime fauteuil &#8211; Jeux Paralympiques de Tokyo calendrier et r\u00e9sultats\"><img loading=\"lazy\" decoding=\"async\" src=\"https:\/\/dicodusport.fr\/blog\/wp-content\/uploads\/2021\/08\/Escrime-fauteuil-Jeux-Paralympiques-de-Tokyo-calendrier-et-resultats-350x195.png\" alt=\"Escrime fauteuil &#8211; Jeux Paralympiques de Tokyo calendrier et r\u00e9sultats\" width=\"350\" height=\"195\" \/><span class=\"su-custom-gallery-title\">Escrime fauteuil &#8211; Jeux Paralympiques de Tokyo calendrier et r\u00e9sultats<\/span><\/a><\/div><div class=\"su-custom-gallery-slide\" style=\"width:350px;height:195px\"><a href=\"https:\/\/dicodusport.fr\/blog\/football-a-5-cecifoot-jeux-paralympiques-de-tokyo-calendrier-et-resultats\/\" title=\"Football \u00e0 5 &#8211; Jeux Paralympiques de Tokyo calendrier et r\u00e9sultats\"><img loading=\"lazy\" decoding=\"async\" src=\"https:\/\/dicodusport.fr\/blog\/wp-content\/uploads\/2021\/08\/Football-a-5-Jeux-Paralympiques-de-Tokyo-calendrier-et-resultats-350x195.png\" alt=\"Football \u00e0 5 &#8211; Jeux Paralympiques de Tokyo calendrier et r\u00e9sultats\" width=\"350\" height=\"195\" \/><span class=\"su-custom-gallery-title\">Football \u00e0 5 &#8211; Jeux Paralympiques de Tokyo calendrier et r\u00e9sultats<\/span><\/a><\/div><div class=\"su-custom-gallery-slide\" style=\"width:350px;height:195px\"><a href=\"https:\/\/dicodusport.fr\/blog\/goalball-feminin-jeux-paralympiques-de-tokyo-calendrier-et-resultats\/\" title=\"Goalball f\u00e9minin &#8211; Jeux Paralympiques de Tokyo calendrier et r\u00e9sultats\"><img loading=\"lazy\" decoding=\"async\" src=\"https:\/\/dicodusport.fr\/blog\/wp-content\/uploads\/2021\/08\/Goalball-feminin-Jeux-Paralympiques-de-Tokyo-calendrier-et-resultats-350x195.png\" alt=\"Goalball f\u00e9minin &#8211; Jeux Paralympiques de Tokyo calendrier et r\u00e9sultats\" width=\"350\" height=\"195\" \/><span class=\"su-custom-gallery-title\">Goalball f\u00e9minin &#8211; Jeux Paralympiques de Tokyo calendrier et r\u00e9sultats<\/span><\/a><\/div><div class=\"su-custom-gallery-slide\" style=\"width:350px;height:195px\"><a href=\"https:\/\/dicodusport.fr\/blog\/goalball-masculin-jeux-paralympiques-de-tokyo-calendrier-et-resultats\/\" title=\"Goalball masculin &#8211; Jeux Paralympiques de Tokyo calendrier et r\u00e9sultats\"><img loading=\"lazy\" decoding=\"async\" src=\"https:\/\/dicodusport.fr\/blog\/wp-content\/uploads\/2021\/08\/Goalball-masculin-Jeux-Paralympiques-de-Tokyo-calendrier-et-resultats-350x195.png\" alt=\"Goalball masculin &#8211; Jeux Paralympiques de Tokyo calendrier et r\u00e9sultats\" width=\"350\" height=\"195\" \/><span class=\"su-custom-gallery-title\">Goalball masculin &#8211; Jeux Paralympiques de Tokyo calendrier et r\u00e9sultats<\/span><\/a><\/div><div class=\"su-custom-gallery-slide\" style=\"width:350px;height:195px\"><a href=\"https:\/\/dicodusport.fr\/blog\/halterophilie-jeux-paralympiques-de-tokyo-calendrier-et-resultats\/\" title=\"Halt\u00e9rophilie &#8211; Jeux Paralympiques de Tokyo calendrier et r\u00e9sultats\"><img loading=\"lazy\" decoding=\"async\" src=\"https:\/\/dicodusport.fr\/blog\/wp-content\/uploads\/2021\/08\/Halterophilie-Jeux-Paralympiques-de-Tokyo-calendrier-et-resultats-350x195.png\" alt=\"Halt\u00e9rophilie &#8211; Jeux Paralympiques de Tokyo calendrier et r\u00e9sultats\" width=\"350\" height=\"195\" \/><span class=\"su-custom-gallery-title\">Halt\u00e9rophilie &#8211; Jeux Paralympiques de Tokyo calendrier et r\u00e9sultats<\/span><\/a><\/div><div class=\"su-custom-gallery-slide\" style=\"width:350px;height:195px\"><a href=\"https:\/\/dicodusport.fr\/blog\/judo-jeux-paralympiques-de-tokyo-calendrier-et-resultats\/\" title=\"Judo &#8211; Jeux Paralympiques de Tokyo calendrier et r\u00e9sultats\"><img loading=\"lazy\" decoding=\"async\" src=\"https:\/\/dicodusport.fr\/blog\/wp-content\/uploads\/2021\/08\/Judo-Jeux-Paralympiques-de-Tokyo-calendrier-et-resultats-350x195.png\" alt=\"Judo &#8211; Jeux Paralympiques de Tokyo calendrier et r\u00e9sultats\" width=\"350\" height=\"195\" \/><span class=\"su-custom-gallery-title\">Judo &#8211; Jeux Paralympiques de Tokyo calendrier et r\u00e9sultats<\/span><\/a><\/div><div class=\"su-custom-gallery-slide\" style=\"width:350px;height:195px\"><a href=\"https:\/\/dicodusport.fr\/blog\/natation-jeux-paralympiques-de-tokyo-calendrier-et-resultats\/\" title=\"Natation &#8211; Jeux Paralympiques de Tokyo calendrier et r\u00e9sultats\"><img loading=\"lazy\" decoding=\"async\" src=\"https:\/\/dicodusport.fr\/blog\/wp-content\/uploads\/2021\/08\/Natation-Jeux-Paralympiques-de-Tokyo-calendrier-et-resultats-350x195.png\" alt=\"Natation &#8211; Jeux Paralympiques de Tokyo calendrier et r\u00e9sultats\" width=\"350\" height=\"195\" \/><span class=\"su-custom-gallery-title\">Natation &#8211; Jeux Paralympiques de Tokyo calendrier et r\u00e9sultats<\/span><\/a><\/div><div class=\"su-custom-gallery-slide\" style=\"width:350px;height:195px\"><a href=\"https:\/\/dicodusport.fr\/blog\/taekwondo-jeux-paralympiques-de-tokyo-calendrier-et-resultats\/\" title=\"Taekwondo &#8211; Jeux Paralympiques de Tokyo calendrier et r\u00e9sultats\"><img loading=\"lazy\" decoding=\"async\" src=\"https:\/\/dicodusport.fr\/blog\/wp-content\/uploads\/2021\/08\/Taekwondo-Jeux-Paralympiques-de-Tokyo-calendrier-et-resultats-350x195.png\" alt=\"Taekwondo &#8211; Jeux Paralympiques de Tokyo calendrier et r\u00e9sultats\" width=\"350\" height=\"195\" \/><span class=\"su-custom-gallery-title\">Taekwondo &#8211; Jeux Paralympiques de Tokyo calendrier et r\u00e9sultats<\/span><\/a><\/div><div class=\"su-custom-gallery-slide\" style=\"width:350px;height:195px\"><a href=\"https:\/\/dicodusport.fr\/blog\/tennis-fauteuil-jeux-paralympiques-de-tokyo-calendrier-et-resultats\/\" title=\"Tennis fauteuil &#8211; Jeux Paralympiques de Tokyo calendrier et r\u00e9sultats\"><img loading=\"lazy\" decoding=\"async\" src=\"https:\/\/dicodusport.fr\/blog\/wp-content\/uploads\/2021\/08\/Tennis-fauteuil-Jeux-Paralympiques-de-Tokyo-calendrier-et-resultats-350x195.png\" alt=\"Tennis fauteuil &#8211; Jeux Paralympiques de Tokyo calendrier et r\u00e9sultats\" width=\"350\" height=\"195\" \/><span class=\"su-custom-gallery-title\">Tennis fauteuil &#8211; Jeux Paralympiques de Tokyo calendrier et r\u00e9sultats<\/span><\/a><\/div><div class=\"su-custom-gallery-slide\" style=\"width:350px;height:195px\"><a href=\"https:\/\/dicodusport.fr\/blog\/tennis-de-table-jeux-paralympiques-de-tokyo-calendrier-et-resultats\/\" title=\"Tennis de table &#8211; Jeux Paralympiques de Tokyo calendrier et r\u00e9sultats\"><img loading=\"lazy\" decoding=\"async\" src=\"https:\/\/dicodusport.fr\/blog\/wp-content\/uploads\/2021\/08\/Tennis-de-table-Jeux-Paralympiques-de-Tokyo-calendrier-et-resultats-350x195.png\" alt=\"Tennis de table &#8211; Jeux Paralympiques de Tokyo calendrier et r\u00e9sultats\" width=\"350\" height=\"195\" \/><span class=\"su-custom-gallery-title\">Tennis de table &#8211; Jeux Paralympiques de Tokyo calendrier et r\u00e9sultats<\/span><\/a><\/div><div class=\"su-custom-gallery-slide\" style=\"width:350px;height:195px\"><a href=\"https:\/\/dicodusport.fr\/blog\/tir-jeux-paralympiques-de-tokyo-calendrier-et-resultats\/\" title=\"Tir &#8211; Jeux Paralympiques de Tokyo calendrier et r\u00e9sultats\"><img loading=\"lazy\" decoding=\"async\" src=\"https:\/\/dicodusport.fr\/blog\/wp-content\/uploads\/2021\/08\/Tir-Jeux-Paralympiques-de-Tokyo-calendrier-et-resultats-350x195.png\" alt=\"Tir &#8211; Jeux Paralympiques de Tokyo calendrier et r\u00e9sultats\" width=\"350\" height=\"195\" \/><span class=\"su-custom-gallery-title\">Tir &#8211; Jeux Paralympiques de Tokyo calendrier et r\u00e9sultats<\/span><\/a><\/div><div class=\"su-custom-gallery-slide\" style=\"width:350px;height:195px\"><a href=\"https:\/\/dicodusport.fr\/blog\/triathlon-jeux-paralympiques-de-tokyo-calendrier-et-resultats\/\" title=\"Triathlon &#8211; Jeux Paralympiques de Tokyo calendrier et r\u00e9sultats\"><img loading=\"lazy\" decoding=\"async\" src=\"https:\/\/dicodusport.fr\/blog\/wp-content\/uploads\/2021\/08\/Triathlon-Jeux-Paralympiques-de-Tokyo-calendrier-et-resultats-350x195.png\" alt=\"Triathlon &#8211; Jeux Paralympiques de Tokyo calendrier et r\u00e9sultats\" width=\"350\" height=\"195\" \/><span class=\"su-custom-gallery-title\">Triathlon &#8211; Jeux Paralympiques de Tokyo calendrier et r\u00e9sultats<\/span><\/a><\/div><div class=\"su-custom-gallery-slide\" style=\"width:350px;height:195px\"><a href=\"https:\/\/dicodusport.fr\/blog\/volley-assis-feminin-jeux-paralympiques-de-tokyo-calendrier-et-resultats\/\" title=\"Volley assis f\u00e9minin &#8211; Jeux Paralympiques de Tokyo calendrier et r\u00e9sultats\"><img loading=\"lazy\" decoding=\"async\" src=\"https:\/\/dicodusport.fr\/blog\/wp-content\/uploads\/2021\/08\/Volley-assis-feminin-Jeux-Paralympiques-de-Tokyo-calendrier-et-resultats-350x195.png\" alt=\"Volley assis f\u00e9minin &#8211; Jeux Paralympiques de Tokyo calendrier et r\u00e9sultats\" width=\"350\" height=\"195\" \/><span class=\"su-custom-gallery-title\">Volley assis f\u00e9minin &#8211; Jeux Paralympiques de Tokyo calendrier et r\u00e9sultats<\/span><\/a><\/div><div class=\"su-custom-gallery-slide\" style=\"width:350px;height:195px\"><a href=\"https:\/\/dicodusport.fr\/blog\/volley-assis-masculin-jeux-paralympiques-de-tokyo-calendrier-et-resultats\/\" title=\"Volley assis masculin &#8211; Jeux Paralympiques de Tokyo calendrier et r\u00e9sultats\"><img loading=\"lazy\" decoding=\"async\" src=\"https:\/\/dicodusport.fr\/blog\/wp-content\/uploads\/2021\/08\/Volley-assis-masculin-Jeux-Paralympiques-de-Tokyo-calendrier-et-resultats-350x195.png\" alt=\"Volley assis masculin &#8211; Jeux Paralympiques de Tokyo calendrier et r\u00e9sultats\" width=\"350\" height=\"195\" \/><span class=\"su-custom-gallery-title\">Volley assis masculin &#8211; Jeux Paralympiques de Tokyo calendrier et r\u00e9sultats<\/span><\/a><\/div><div class=\"su-clear\"><\/div><\/div>\n<hr \/>\n<h2 style=\"text-align: center;\"><a id=\"medailles\"><\/a>Tableau des m\u00e9dailles<\/h2>\n<hr \/>\n<p style=\"text-align: justify;\"><div class=\"su-custom-gallery su-custom-gallery-align-left su-custom-gallery-title-never\"><div class=\"su-custom-gallery-slide\" style=\"width:800px;height:445px\"><a href=\"https:\/\/dicodusport.fr\/blog\/jeux-paralympiques-de-tokyo-2020-le-tableau-des-medailles\/\" title=\"Jeux Paralympiques de Tokyo 2020 &#8211; le tableau des m\u00e9dailles\"><img loading=\"lazy\" decoding=\"async\" src=\"https:\/\/dicodusport.fr\/blog\/wp-content\/uploads\/2021\/08\/Jeux-Paralympiques-de-Tokyo-2020-le-tableau-des-medailles-800x445.png\" alt=\"Jeux Paralympiques de Tokyo 2020 &#8211; le tableau des m\u00e9dailles\" width=\"800\" height=\"445\" \/><span class=\"su-custom-gallery-title\">Jeux Paralympiques de Tokyo 2020 &#8211; le tableau des m\u00e9dailles<\/span><\/a><\/div><div class=\"su-clear\"><\/div><\/div>\n","protected":false},"excerpt":{"rendered":"<p>JP TOKYO 2020 &#8211; Toute l&rsquo;actualit\u00e9 des Jeux Paralympiques de Tokyo qui se d\u00e9roulent du 24 ao\u00fbt au 5 septembre 2021.<\/p>\n","protected":false},"author":1,"featured_media":159470,"comment_status":"open","ping_status":"closed","sticky":false,"template":"","format":"standard","meta":{"_acf_changed":false,"_daextam_enable_autolinks":"","footnotes":""},"categories":[14180],"tags":[2868,16002],"class_list":["post-159471","post","type-post","status-publish","format-standard","has-post-thumbnail","hentry","category-jeux-paralympiques-tokyo-2020","tag-medailles","tag-tableau-des-medailles"],"acf":[],"yoast_head":"<!-- This site is optimized with the Yoast SEO Premium plugin v26.7 (Yoast SEO v26.7) - https:\/\/yoast.com\/wordpress\/plugins\/seo\/ -->\n<title>Toute l&#039;actualit\u00e9 des Jeux Paralympiques de Tokyo 2020<\/title>\n<meta name=\"description\" content=\"JP TOKYO 2020 - Toute l&#039;actualit\u00e9 des Jeux Paralympiques de Tokyo qui se d\u00e9roulent du 24 ao\u00fbt au 5 septembre 2021.\" \/>\n<meta name=\"robots\" content=\"index, follow, max-snippet:-1, max-image-preview:large, max-video-preview:-1\" \/>\n<link rel=\"canonical\" href=\"https:\/\/dicodusport.fr\/blog\/toute-l-actualite-des-jeux-paralympiques-de-tokyo-2020\/\" \/>\n<meta property=\"og:locale\" content=\"fr_FR\" \/>\n<meta property=\"og:type\" content=\"article\" \/>\n<meta property=\"og:title\" content=\"Toute l&#039;actualit\u00e9 des Jeux Paralympiques de Tokyo 2020\" \/>\n<meta property=\"og:description\" content=\"JP TOKYO 2020 - Toute l&#039;actualit\u00e9 des Jeux Paralympiques de Tokyo qui se d\u00e9roulent du 24 ao\u00fbt au 5 septembre 2021.\" \/>\n<meta property=\"og:url\" content=\"https:\/\/dicodusport.fr\/blog\/toute-l-actualite-des-jeux-paralympiques-de-tokyo-2020\/\" \/>\n<meta property=\"og:site_name\" content=\"Dicodusport\" \/>\n<meta property=\"article:publisher\" content=\"https:\/\/www.facebook.com\/dicodusport\" \/>\n<meta property=\"article:author\" content=\"https:\/\/www.facebook.com\/dicodusport\" \/>\n<meta property=\"article:published_time\" content=\"2021-08-19T00:00:10+00:00\" \/>\n<meta property=\"article:modified_time\" content=\"2021-09-05T08:58:43+00:00\" \/>\n<meta property=\"og:image\" content=\"https:\/\/dicodusport.fr\/blog\/wp-content\/uploads\/2021\/08\/Jeux-Paralympiques-de-Tokyo-2020.png\" \/>\n\t<meta property=\"og:image:width\" content=\"1200\" \/>\n\t<meta property=\"og:image:height\" content=\"670\" \/>\n\t<meta property=\"og:image:type\" content=\"image\/png\" \/>\n<meta name=\"author\" content=\"Nicolas Jacquemard\" \/>\n<meta name=\"twitter:card\" content=\"summary_large_image\" \/>\n<meta name=\"twitter:title\" content=\"Toute l&#039;actualit\u00e9 des Jeux Paralympiques de Tokyo 2020\" \/>\n<meta name=\"twitter:creator\" content=\"@https:\/\/twitter.com\/Nico_Jacquemard\" \/>\n<meta name=\"twitter:site\" content=\"@dicodusport\" \/>\n<script type=\"application\/ld+json\" class=\"yoast-schema-graph\">{\"@context\":\"https:\/\/schema.org\",\"@graph\":[{\"@type\":\"NewsArticle\",\"@id\":\"https:\/\/dicodusport.fr\/blog\/toute-l-actualite-des-jeux-paralympiques-de-tokyo-2020\/#article\",\"isPartOf\":{\"@id\":\"https:\/\/dicodusport.fr\/blog\/toute-l-actualite-des-jeux-paralympiques-de-tokyo-2020\/\"},\"author\":{\"name\":\"Nicolas Jacquemard\",\"@id\":\"https:\/\/dicodusport.fr\/blog\/#\/schema\/person\/55dcb50ad410894e431ed812bbb70191\"},\"headline\":\"Toute l&rsquo;actualit\u00e9 des Jeux Paralympiques de Tokyo 2020\",\"datePublished\":\"2021-08-19T00:00:10+00:00\",\"dateModified\":\"2021-09-05T08:58:43+00:00\",\"mainEntityOfPage\":{\"@id\":\"https:\/\/dicodusport.fr\/blog\/toute-l-actualite-des-jeux-paralympiques-de-tokyo-2020\/\"},\"wordCount\":129,\"commentCount\":0,\"publisher\":{\"@id\":\"https:\/\/dicodusport.fr\/blog\/#organization\"},\"image\":{\"@id\":\"https:\/\/dicodusport.fr\/blog\/toute-l-actualite-des-jeux-paralympiques-de-tokyo-2020\/#primaryimage\"},\"thumbnailUrl\":\"https:\/\/dicodusport.fr\/blog\/wp-content\/uploads\/2021\/08\/Jeux-Paralympiques-de-Tokyo-2020.png\",\"keywords\":[\"m\u00e9dailles\",\"Tableau des m\u00e9dailles\"],\"articleSection\":[\"Jeux Paralympiques de Tokyo 2020\"],\"inLanguage\":\"fr-FR\",\"potentialAction\":[{\"@type\":\"CommentAction\",\"name\":\"Comment\",\"target\":[\"https:\/\/dicodusport.fr\/blog\/toute-l-actualite-des-jeux-paralympiques-de-tokyo-2020\/#respond\"]}],\"copyrightYear\":\"2021\",\"copyrightHolder\":{\"@id\":\"https:\/\/dicodusport.fr\/blog\/#organization\"}},{\"@type\":\"WebPage\",\"@id\":\"https:\/\/dicodusport.fr\/blog\/toute-l-actualite-des-jeux-paralympiques-de-tokyo-2020\/\",\"url\":\"https:\/\/dicodusport.fr\/blog\/toute-l-actualite-des-jeux-paralympiques-de-tokyo-2020\/\",\"name\":\"Toute l'actualit\u00e9 des Jeux Paralympiques de Tokyo 2020\",\"isPartOf\":{\"@id\":\"https:\/\/dicodusport.fr\/blog\/#website\"},\"primaryImageOfPage\":{\"@id\":\"https:\/\/dicodusport.fr\/blog\/toute-l-actualite-des-jeux-paralympiques-de-tokyo-2020\/#primaryimage\"},\"image\":{\"@id\":\"https:\/\/dicodusport.fr\/blog\/toute-l-actualite-des-jeux-paralympiques-de-tokyo-2020\/#primaryimage\"},\"thumbnailUrl\":\"https:\/\/dicodusport.fr\/blog\/wp-content\/uploads\/2021\/08\/Jeux-Paralympiques-de-Tokyo-2020.png\",\"datePublished\":\"2021-08-19T00:00:10+00:00\",\"dateModified\":\"2021-09-05T08:58:43+00:00\",\"description\":\"JP TOKYO 2020 - Toute l'actualit\u00e9 des Jeux Paralympiques de Tokyo qui se d\u00e9roulent du 24 ao\u00fbt au 5 septembre 2021.\",\"breadcrumb\":{\"@id\":\"https:\/\/dicodusport.fr\/blog\/toute-l-actualite-des-jeux-paralympiques-de-tokyo-2020\/#breadcrumb\"},\"inLanguage\":\"fr-FR\",\"potentialAction\":[{\"@type\":\"ReadAction\",\"target\":[\"https:\/\/dicodusport.fr\/blog\/toute-l-actualite-des-jeux-paralympiques-de-tokyo-2020\/\"]}]},{\"@type\":\"ImageObject\",\"inLanguage\":\"fr-FR\",\"@id\":\"https:\/\/dicodusport.fr\/blog\/toute-l-actualite-des-jeux-paralympiques-de-tokyo-2020\/#primaryimage\",\"url\":\"https:\/\/dicodusport.fr\/blog\/wp-content\/uploads\/2021\/08\/Jeux-Paralympiques-de-Tokyo-2020.png\",\"contentUrl\":\"https:\/\/dicodusport.fr\/blog\/wp-content\/uploads\/2021\/08\/Jeux-Paralympiques-de-Tokyo-2020.png\",\"width\":1200,\"height\":670},{\"@type\":\"BreadcrumbList\",\"@id\":\"https:\/\/dicodusport.fr\/blog\/toute-l-actualite-des-jeux-paralympiques-de-tokyo-2020\/#breadcrumb\",\"itemListElement\":[{\"@type\":\"ListItem\",\"position\":1,\"name\":\"Accueil\",\"item\":\"https:\/\/dicodusport.fr\/blog\/\"},{\"@type\":\"ListItem\",\"position\":2,\"name\":\"Toute l&rsquo;actualit\u00e9 des Jeux Paralympiques de Tokyo 2020\"}]},{\"@type\":\"WebSite\",\"@id\":\"https:\/\/dicodusport.fr\/blog\/#website\",\"url\":\"https:\/\/dicodusport.fr\/blog\/\",\"name\":\"Dicodusport\",\"description\":\"L&#039;encyclop\u00e9die de l&#039;actualit\u00e9 sportive\",\"publisher\":{\"@id\":\"https:\/\/dicodusport.fr\/blog\/#organization\"},\"potentialAction\":[{\"@type\":\"SearchAction\",\"target\":{\"@type\":\"EntryPoint\",\"urlTemplate\":\"https:\/\/dicodusport.fr\/blog\/?s={search_term_string}\"},\"query-input\":{\"@type\":\"PropertyValueSpecification\",\"valueRequired\":true,\"valueName\":\"search_term_string\"}}],\"inLanguage\":\"fr-FR\"},{\"@type\":\"NewsMediaOrganization\",\"@id\":\"https:\/\/dicodusport.fr\/blog\/#organization\",\"name\":\"Dicodusport\",\"url\":\"https:\/\/dicodusport.fr\/blog\/\",\"logo\":{\"@type\":\"ImageObject\",\"inLanguage\":\"fr-FR\",\"@id\":\"https:\/\/dicodusport.fr\/blog\/#\/schema\/logo\/image\/\",\"url\":\"https:\/\/dicodusport.fr\/blog\/wp-content\/uploads\/2020\/06\/cropped-LOGO-DICODUSPORT-2020-SANS-FOND-SANS-TEXTE.png\",\"contentUrl\":\"https:\/\/dicodusport.fr\/blog\/wp-content\/uploads\/2020\/06\/cropped-LOGO-DICODUSPORT-2020-SANS-FOND-SANS-TEXTE.png\",\"width\":512,\"height\":512,\"caption\":\"Dicodusport\"},\"image\":{\"@id\":\"https:\/\/dicodusport.fr\/blog\/#\/schema\/logo\/image\/\"},\"sameAs\":[\"https:\/\/www.facebook.com\/dicodusport\",\"https:\/\/x.com\/dicodusport\",\"https:\/\/www.instagram.com\/dicodusport\/\",\"https:\/\/www.youtube.com\/channel\/UC7V2KZ5sd3htJivAbA4ZG3w\"],\"description\":\"Dicodusport est l'encyclop\u00e9die de l'actualit\u00e9 sportive.\",\"email\":\"bonjour@dicodusport.fr\",\"legalName\":\"DICODUSPORT\",\"foundingDate\":\"2018-01-14\",\"vatID\":\"FR71834470973\",\"taxID\":\"83447097300043\",\"numberOfEmployees\":{\"@type\":\"QuantitativeValue\",\"minValue\":\"1\",\"maxValue\":\"10\"}},{\"@type\":\"Person\",\"@id\":\"https:\/\/dicodusport.fr\/blog\/#\/schema\/person\/55dcb50ad410894e431ed812bbb70191\",\"name\":\"Nicolas Jacquemard\",\"image\":{\"@type\":\"ImageObject\",\"inLanguage\":\"fr-FR\",\"@id\":\"https:\/\/dicodusport.fr\/blog\/#\/schema\/person\/image\/\",\"url\":\"https:\/\/dicodusport.fr\/blog\/wp-content\/uploads\/2021\/05\/Nicolas-Jacquemard-150x150.jpeg\",\"contentUrl\":\"https:\/\/dicodusport.fr\/blog\/wp-content\/uploads\/2021\/05\/Nicolas-Jacquemard-150x150.jpeg\",\"caption\":\"Nicolas Jacquemard\"},\"description\":\"Passionn\u00e9 de sport et entrepreneur depuis mes 18 ans, la cr\u00e9ation de Dicodusport m'a sembl\u00e9 \u00e9vidente pour participer \u00e0 la m\u00e9diatisation d'un plus grand nombre de sports. Le chemin est long mais avec une \u00e9quipe des plus motiv\u00e9es et les Jeux Olympiques de Paris 2024 en point de mire, nous y arriverons ! Journaliste dans le monde du sport depuis plus de 5 ans, je traite aussi bien de football, de rugby, de biathlon que de cyclisme.\",\"sameAs\":[\"https:\/\/www.facebook.com\/dicodusport\",\"https:\/\/x.com\/https:\/\/twitter.com\/Nico_Jacquemard\"],\"url\":\"https:\/\/dicodusport.fr\/blog\/author\/dicodusport\/\"}]}<\/script>\n<!-- \/ Yoast SEO Premium plugin. -->","yoast_head_json":{"title":"Toute l'actualit\u00e9 des Jeux Paralympiques de Tokyo 2020","description":"JP TOKYO 2020 - Toute l'actualit\u00e9 des Jeux Paralympiques de Tokyo qui se d\u00e9roulent du 24 ao\u00fbt au 5 septembre 2021.","robots":{"index":"index","follow":"follow","max-snippet":"max-snippet:-1","max-image-preview":"max-image-preview:large","max-video-preview":"max-video-preview:-1"},"canonical":"https:\/\/dicodusport.fr\/blog\/toute-l-actualite-des-jeux-paralympiques-de-tokyo-2020\/","og_locale":"fr_FR","og_type":"article","og_title":"Toute l'actualit\u00e9 des Jeux Paralympiques de Tokyo 2020","og_description":"JP TOKYO 2020 - Toute l'actualit\u00e9 des Jeux Paralympiques de Tokyo qui se d\u00e9roulent du 24 ao\u00fbt au 5 septembre 2021.","og_url":"https:\/\/dicodusport.fr\/blog\/toute-l-actualite-des-jeux-paralympiques-de-tokyo-2020\/","og_site_name":"Dicodusport","article_publisher":"https:\/\/www.facebook.com\/dicodusport","article_author":"https:\/\/www.facebook.com\/dicodusport","article_published_time":"2021-08-19T00:00:10+00:00","article_modified_time":"2021-09-05T08:58:43+00:00","og_image":[{"width":1200,"height":670,"url":"https:\/\/dicodusport.fr\/blog\/wp-content\/uploads\/2021\/08\/Jeux-Paralympiques-de-Tokyo-2020.png","type":"image\/png"}],"author":"Nicolas Jacquemard","twitter_card":"summary_large_image","twitter_title":"Toute l'actualit\u00e9 des Jeux Paralympiques de Tokyo 2020","twitter_creator":"@https:\/\/twitter.com\/Nico_Jacquemard","twitter_site":"@dicodusport","schema":{"@context":"https:\/\/schema.org","@graph":[{"@type":"NewsArticle","@id":"https:\/\/dicodusport.fr\/blog\/toute-l-actualite-des-jeux-paralympiques-de-tokyo-2020\/#article","isPartOf":{"@id":"https:\/\/dicodusport.fr\/blog\/toute-l-actualite-des-jeux-paralympiques-de-tokyo-2020\/"},"author":{"name":"Nicolas Jacquemard","@id":"https:\/\/dicodusport.fr\/blog\/#\/schema\/person\/55dcb50ad410894e431ed812bbb70191"},"headline":"Toute l&rsquo;actualit\u00e9 des Jeux Paralympiques de Tokyo 2020","datePublished":"2021-08-19T00:00:10+00:00","dateModified":"2021-09-05T08:58:43+00:00","mainEntityOfPage":{"@id":"https:\/\/dicodusport.fr\/blog\/toute-l-actualite-des-jeux-paralympiques-de-tokyo-2020\/"},"wordCount":129,"commentCount":0,"publisher":{"@id":"https:\/\/dicodusport.fr\/blog\/#organization"},"image":{"@id":"https:\/\/dicodusport.fr\/blog\/toute-l-actualite-des-jeux-paralympiques-de-tokyo-2020\/#primaryimage"},"thumbnailUrl":"https:\/\/dicodusport.fr\/blog\/wp-content\/uploads\/2021\/08\/Jeux-Paralympiques-de-Tokyo-2020.png","keywords":["m\u00e9dailles","Tableau des m\u00e9dailles"],"articleSection":["Jeux Paralympiques de Tokyo 2020"],"inLanguage":"fr-FR","potentialAction":[{"@type":"CommentAction","name":"Comment","target":["https:\/\/dicodusport.fr\/blog\/toute-l-actualite-des-jeux-paralympiques-de-tokyo-2020\/#respond"]}],"copyrightYear":"2021","copyrightHolder":{"@id":"https:\/\/dicodusport.fr\/blog\/#organization"}},{"@type":"WebPage","@id":"https:\/\/dicodusport.fr\/blog\/toute-l-actualite-des-jeux-paralympiques-de-tokyo-2020\/","url":"https:\/\/dicodusport.fr\/blog\/toute-l-actualite-des-jeux-paralympiques-de-tokyo-2020\/","name":"Toute l'actualit\u00e9 des Jeux Paralympiques de Tokyo 2020","isPartOf":{"@id":"https:\/\/dicodusport.fr\/blog\/#website"},"primaryImageOfPage":{"@id":"https:\/\/dicodusport.fr\/blog\/toute-l-actualite-des-jeux-paralympiques-de-tokyo-2020\/#primaryimage"},"image":{"@id":"https:\/\/dicodusport.fr\/blog\/toute-l-actualite-des-jeux-paralympiques-de-tokyo-2020\/#primaryimage"},"thumbnailUrl":"https:\/\/dicodusport.fr\/blog\/wp-content\/uploads\/2021\/08\/Jeux-Paralympiques-de-Tokyo-2020.png","datePublished":"2021-08-19T00:00:10+00:00","dateModified":"2021-09-05T08:58:43+00:00","description":"JP TOKYO 2020 - Toute l'actualit\u00e9 des Jeux Paralympiques de Tokyo qui se d\u00e9roulent du 24 ao\u00fbt au 5 septembre 2021.","breadcrumb":{"@id":"https:\/\/dicodusport.fr\/blog\/toute-l-actualite-des-jeux-paralympiques-de-tokyo-2020\/#breadcrumb"},"inLanguage":"fr-FR","potentialAction":[{"@type":"ReadAction","target":["https:\/\/dicodusport.fr\/blog\/toute-l-actualite-des-jeux-paralympiques-de-tokyo-2020\/"]}]},{"@type":"ImageObject","inLanguage":"fr-FR","@id":"https:\/\/dicodusport.fr\/blog\/toute-l-actualite-des-jeux-paralympiques-de-tokyo-2020\/#primaryimage","url":"https:\/\/dicodusport.fr\/blog\/wp-content\/uploads\/2021\/08\/Jeux-Paralympiques-de-Tokyo-2020.png","contentUrl":"https:\/\/dicodusport.fr\/blog\/wp-content\/uploads\/2021\/08\/Jeux-Paralympiques-de-Tokyo-2020.png","width":1200,"height":670},{"@type":"BreadcrumbList","@id":"https:\/\/dicodusport.fr\/blog\/toute-l-actualite-des-jeux-paralympiques-de-tokyo-2020\/#breadcrumb","itemListElement":[{"@type":"ListItem","position":1,"name":"Accueil","item":"https:\/\/dicodusport.fr\/blog\/"},{"@type":"ListItem","position":2,"name":"Toute l&rsquo;actualit\u00e9 des Jeux Paralympiques de Tokyo 2020"}]},{"@type":"WebSite","@id":"https:\/\/dicodusport.fr\/blog\/#website","url":"https:\/\/dicodusport.fr\/blog\/","name":"Dicodusport","description":"L&#039;encyclop\u00e9die de l&#039;actualit\u00e9 sportive","publisher":{"@id":"https:\/\/dicodusport.fr\/blog\/#organization"},"potentialAction":[{"@type":"SearchAction","target":{"@type":"EntryPoint","urlTemplate":"https:\/\/dicodusport.fr\/blog\/?s={search_term_string}"},"query-input":{"@type":"PropertyValueSpecification","valueRequired":true,"valueName":"search_term_string"}}],"inLanguage":"fr-FR"},{"@type":"NewsMediaOrganization","@id":"https:\/\/dicodusport.fr\/blog\/#organization","name":"Dicodusport","url":"https:\/\/dicodusport.fr\/blog\/","logo":{"@type":"ImageObject","inLanguage":"fr-FR","@id":"https:\/\/dicodusport.fr\/blog\/#\/schema\/logo\/image\/","url":"https:\/\/dicodusport.fr\/blog\/wp-content\/uploads\/2020\/06\/cropped-LOGO-DICODUSPORT-2020-SANS-FOND-SANS-TEXTE.png","contentUrl":"https:\/\/dicodusport.fr\/blog\/wp-content\/uploads\/2020\/06\/cropped-LOGO-DICODUSPORT-2020-SANS-FOND-SANS-TEXTE.png","width":512,"height":512,"caption":"Dicodusport"},"image":{"@id":"https:\/\/dicodusport.fr\/blog\/#\/schema\/logo\/image\/"},"sameAs":["https:\/\/www.facebook.com\/dicodusport","https:\/\/x.com\/dicodusport","https:\/\/www.instagram.com\/dicodusport\/","https:\/\/www.youtube.com\/channel\/UC7V2KZ5sd3htJivAbA4ZG3w"],"description":"Dicodusport est l'encyclop\u00e9die de l'actualit\u00e9 sportive.","email":"bonjour@dicodusport.fr","legalName":"DICODUSPORT","foundingDate":"2018-01-14","vatID":"FR71834470973","taxID":"83447097300043","numberOfEmployees":{"@type":"QuantitativeValue","minValue":"1","maxValue":"10"}},{"@type":"Person","@id":"https:\/\/dicodusport.fr\/blog\/#\/schema\/person\/55dcb50ad410894e431ed812bbb70191","name":"Nicolas Jacquemard","image":{"@type":"ImageObject","inLanguage":"fr-FR","@id":"https:\/\/dicodusport.fr\/blog\/#\/schema\/person\/image\/","url":"https:\/\/dicodusport.fr\/blog\/wp-content\/uploads\/2021\/05\/Nicolas-Jacquemard-150x150.jpeg","contentUrl":"https:\/\/dicodusport.fr\/blog\/wp-content\/uploads\/2021\/05\/Nicolas-Jacquemard-150x150.jpeg","caption":"Nicolas Jacquemard"},"description":"Passionn\u00e9 de sport et entrepreneur depuis mes 18 ans, la cr\u00e9ation de Dicodusport m'a sembl\u00e9 \u00e9vidente pour participer \u00e0 la m\u00e9diatisation d'un plus grand nombre de sports. Le chemin est long mais avec une \u00e9quipe des plus motiv\u00e9es et les Jeux Olympiques de Paris 2024 en point de mire, nous y arriverons ! Journaliste dans le monde du sport depuis plus de 5 ans, je traite aussi bien de football, de rugby, de biathlon que de cyclisme.","sameAs":["https:\/\/www.facebook.com\/dicodusport","https:\/\/x.com\/https:\/\/twitter.com\/Nico_Jacquemard"],"url":"https:\/\/dicodusport.fr\/blog\/author\/dicodusport\/"}]}},"_links":{"self":[{"href":"https:\/\/dicodusport.fr\/blog\/wp-json\/wp\/v2\/posts\/159471","targetHints":{"allow":["GET"]}}],"collection":[{"href":"https:\/\/dicodusport.fr\/blog\/wp-json\/wp\/v2\/posts"}],"about":[{"href":"https:\/\/dicodusport.fr\/blog\/wp-json\/wp\/v2\/types\/post"}],"author":[{"embeddable":true,"href":"https:\/\/dicodusport.fr\/blog\/wp-json\/wp\/v2\/users\/1"}],"replies":[{"embeddable":true,"href":"https:\/\/dicodusport.fr\/blog\/wp-json\/wp\/v2\/comments?post=159471"}],"version-history":[{"count":0,"href":"https:\/\/dicodusport.fr\/blog\/wp-json\/wp\/v2\/posts\/159471\/revisions"}],"wp:featuredmedia":[{"embeddable":true,"href":"https:\/\/dicodusport.fr\/blog\/wp-json\/wp\/v2\/media\/159470"}],"wp:attachment":[{"href":"https:\/\/dicodusport.fr\/blog\/wp-json\/wp\/v2\/media?parent=159471"}],"wp:term":[{"taxonomy":"category","embeddable":true,"href":"https:\/\/dicodusport.fr\/blog\/wp-json\/wp\/v2\/categories?post=159471"},{"taxonomy":"post_tag","embeddable":true,"href":"https:\/\/dicodusport.fr\/blog\/wp-json\/wp\/v2\/tags?post=159471"}],"curies":[{"name":"wp","href":"https:\/\/api.w.org\/{rel}","templated":true}]}}