{"id":159517,"date":"2021-12-29T16:15:21","date_gmt":"2021-12-29T15:15:21","guid":{"rendered":"https:\/\/dicodusport.fr\/blog\/?p=159517&#038;preview=true&#038;preview_id=159517"},"modified":"2022-01-06T11:03:15","modified_gmt":"2022-01-06T10:03:15","slug":"pogacar-sagan-van-aert-5-plus-gros-salaires-du-peloton-en-2022","status":"publish","type":"post","link":"https:\/\/dicodusport.fr\/blog\/pogacar-sagan-van-aert-5-plus-gros-salaires-du-peloton-en-2022\/","title":{"rendered":"Pogacar, Sagan, Van Aert&#8230; les 5 plus gros salaires du peloton en 2022"},"content":{"rendered":"<p style=\"text-align: justify;\"><em><strong><a href=\"https:\/\/dicodusport.fr\/blog\/actualites\/cyclisme\/\" target=\"_blank\" rel=\"noopener\">CYCLISME<\/a> &#8211; Mardi, la Gazzetta dello Sport a d\u00e9voil\u00e9 les salaires que percevront en 2022 les cinq coureurs les mieux pay\u00e9s du peloton. Certains gagneront ainsi beaucoup plus qu&rsquo;en 2021.<\/strong><\/em><\/p>\n<p style=\"text-align: justify;\"><strong><span style=\"font-size: 24px;\">5 &#8211; Primoz Roglic (Jumbo-Visma) &#8211; <span style=\"color: #ff0000;\">2,9 millions d&rsquo;euros<\/span><\/span><\/strong><\/p>\n<p style=\"text-align: justify;\">Li\u00e9 \u00e0 la formation Jumbo-Visma jusqu&rsquo;en 2023, <strong>Primoz Roglic<\/strong> a vu son salaire revaloris\u00e9 : le Slov\u00e8ne, qui \u00e9margeait \u00e0 2 millions d&rsquo;euros en 2021, fera donc son entr\u00e9e dans le top 5 des coureurs les mieux pay\u00e9s en 2022.<\/p>\n<div id=\"attachment_144367\" style=\"width: 810px\" class=\"wp-caption aligncenter\"><img loading=\"lazy\" decoding=\"async\" aria-describedby=\"caption-attachment-144367\" class=\"wp-image-144367 size-full\" src=\"https:\/\/dicodusport.fr\/blog\/wp-content\/uploads\/2021\/07\/Tour-de-France-2021-Primoz-Roglic-quitte-la-course.png\" alt=\"Tour de France 2021 - Primoz Roglic quitte la course\" width=\"800\" height=\"445\" srcset=\"https:\/\/dicodusport.fr\/blog\/wp-content\/uploads\/2021\/07\/Tour-de-France-2021-Primoz-Roglic-quitte-la-course.png 800w, https:\/\/dicodusport.fr\/blog\/wp-content\/uploads\/2021\/07\/Tour-de-France-2021-Primoz-Roglic-quitte-la-course-300x167.png 300w, https:\/\/dicodusport.fr\/blog\/wp-content\/uploads\/2021\/07\/Tour-de-France-2021-Primoz-Roglic-quitte-la-course-768x427.png 768w\" sizes=\"auto, (max-width: 800px) 100vw, 800px\" \/><p id=\"caption-attachment-144367\" class=\"wp-caption-text\">Primoz Roglic &#8211; Photo Icon Sport<\/p><\/div>\n<p style=\"text-align: center;\"><a href=\"https:\/\/dicodusport.fr\/blog\/pogacar-sagan-van-aert-5-plus-gros-salaires-du-peloton-en-2022\/2\/#quatre\" class=\"su-button su-button-style-flat\" style=\"color:#FFFFFF;background-color:#0057ae;border-color:#00468c;border-radius:4px\" target=\"_self\"><span style=\"color:#FFFFFF;padding:0px 22px;font-size:17px;line-height:34px;border-color:#4d8ac7;border-radius:4px;text-shadow:none\"> <strong>Quatri\u00e8me<\/strong><\/span><\/a>\n<p><!--nextpage--><\/p>\n<p style=\"text-align: justify;\"><a id=\"quatre\"><\/a><strong><span style=\"font-size: 24px;\">4 &#8211; Egan Bernal (Ineos Grenadiers) &#8211; <span style=\"color: #ff0000;\">3 millions d&rsquo;euros<\/span><\/span><\/strong><\/p>\n<p style=\"text-align: justify;\">2,8 millions d&rsquo;euros en 2021, 3 millions d&rsquo;euros en 2022. <strong>Egan Bernal<\/strong>, laur\u00e9at de son deuxi\u00e8me Grand Tour \u00e0 l&rsquo;occasion du Giro en mai dernier, va voir son salaire l\u00e9g\u00e8rement augmenter. Ce dernier pourrait de nouveau \u00eatre r\u00e9\u00e9valu\u00e9 en 2023, ann\u00e9e de sa derni\u00e8re ann\u00e9e de contrat, \u00e0 date, avec la formation Ineos Grenadiers.<\/p>\n<div id=\"attachment_132444\" style=\"width: 810px\" class=\"wp-caption aligncenter\"><img loading=\"lazy\" decoding=\"async\" aria-describedby=\"caption-attachment-132444\" class=\"wp-image-132444 size-full\" src=\"https:\/\/dicodusport.fr\/blog\/wp-content\/uploads\/2021\/05\/Cyclisme-Tour-dItalie-2021-Egan-Bernal-assomme-le-Giro-sur-la-16eme-etape.png\" alt=\"Cyclisme - Tour d'Italie 2021 - Egan Bernal assomme le Giro sur la 16\u00e8me \u00e9tape\" width=\"800\" height=\"445\" srcset=\"https:\/\/dicodusport.fr\/blog\/wp-content\/uploads\/2021\/05\/Cyclisme-Tour-dItalie-2021-Egan-Bernal-assomme-le-Giro-sur-la-16eme-etape.png 800w, https:\/\/dicodusport.fr\/blog\/wp-content\/uploads\/2021\/05\/Cyclisme-Tour-dItalie-2021-Egan-Bernal-assomme-le-Giro-sur-la-16eme-etape-300x167.png 300w, https:\/\/dicodusport.fr\/blog\/wp-content\/uploads\/2021\/05\/Cyclisme-Tour-dItalie-2021-Egan-Bernal-assomme-le-Giro-sur-la-16eme-etape-768x427.png 768w\" sizes=\"auto, (max-width: 800px) 100vw, 800px\" \/><p id=\"caption-attachment-132444\" class=\"wp-caption-text\">Egan Bernal &#8211; Photo Icon Sport<\/p><\/div>\n<p style=\"text-align: center;\"><a href=\"https:\/\/dicodusport.fr\/blog\/pogacar-sagan-van-aert-5-plus-gros-salaires-du-peloton-en-2022\/3\/#trois\" class=\"su-button su-button-style-flat\" style=\"color:#FFFFFF;background-color:#0057ae;border-color:#00468c;border-radius:4px\" target=\"_self\"><span style=\"color:#FFFFFF;padding:0px 22px;font-size:17px;line-height:34px;border-color:#4d8ac7;border-radius:4px;text-shadow:none\"> <strong>Troisi\u00e8me<\/strong><\/span><\/a>\n<p><!--nextpage--><\/p>\n<p style=\"text-align: justify;\"><a id=\"trois\"><\/a><strong><span style=\"font-size: 24px;\">3 &#8211; Wout Van Aert (Jumbo-Visma) &#8211; <span style=\"color: #ff0000;\">3,2 millions d&rsquo;euros<\/span><\/span><\/strong><\/p>\n<p style=\"text-align: justify;\">Prolong\u00e9 pour trois saisons de plus (jusqu&rsquo;en 2024), <strong>Wout Van Aert<\/strong> a profit\u00e9 d&rsquo;\u00e9tendre son bail pour b\u00e9n\u00e9ficier d&rsquo;une belle augmentation : de 2,2 millions d&rsquo;euros annuel, le Belge, vainqueur de trois \u00e9tapes sur la Grande Boucle au mois de juillet, passera \u00e0 un salaire avoisinant les 3,2 millions d&rsquo;euros en 2022.<\/p>\n<div id=\"attachment_147667\" style=\"width: 810px\" class=\"wp-caption aligncenter\"><img loading=\"lazy\" decoding=\"async\" aria-describedby=\"caption-attachment-147667\" class=\"wp-image-147667 size-full\" src=\"https:\/\/dicodusport.fr\/blog\/wp-content\/uploads\/2021\/07\/TDF-Tour-de-France-2021-Wout-van-Aert-simpose-sur-les-Champs-Elysees.png\" alt=\"Tour de France 2021 : Wout van Aert s'impose sur les Champs-\u00c9lys\u00e9es\" width=\"800\" height=\"445\" srcset=\"https:\/\/dicodusport.fr\/blog\/wp-content\/uploads\/2021\/07\/TDF-Tour-de-France-2021-Wout-van-Aert-simpose-sur-les-Champs-Elysees.png 800w, https:\/\/dicodusport.fr\/blog\/wp-content\/uploads\/2021\/07\/TDF-Tour-de-France-2021-Wout-van-Aert-simpose-sur-les-Champs-Elysees-300x167.png 300w, https:\/\/dicodusport.fr\/blog\/wp-content\/uploads\/2021\/07\/TDF-Tour-de-France-2021-Wout-van-Aert-simpose-sur-les-Champs-Elysees-768x427.png 768w\" sizes=\"auto, (max-width: 800px) 100vw, 800px\" \/><p id=\"caption-attachment-147667\" class=\"wp-caption-text\">Wout Van Aert &#8211; Photo Icon Sport<\/p><\/div>\n<p style=\"text-align: center;\"><a href=\"https:\/\/dicodusport.fr\/blog\/pogacar-sagan-van-aert-5-plus-gros-salaires-du-peloton-en-2022\/4\/#deux\" class=\"su-button su-button-style-flat\" style=\"color:#FFFFFF;background-color:#0057ae;border-color:#00468c;border-radius:4px\" target=\"_self\"><span style=\"color:#FFFFFF;padding:0px 22px;font-size:17px;line-height:34px;border-color:#4d8ac7;border-radius:4px;text-shadow:none\"> <strong>Deuxi\u00e8me<\/strong><\/span><\/a>\n<p><!--nextpage--><\/p>\n<p style=\"text-align: justify;\"><a id=\"deux\"><\/a><strong><span style=\"font-size: 24px;\">2 &#8211; Peter Sagan (TotalEnergies en 2022) &#8211; <span style=\"color: #ff0000;\">4 millions d&rsquo;euros<\/span><\/span><\/strong><\/p>\n<p style=\"text-align: justify;\">C&rsquo;est LE transfert de l&rsquo;ann\u00e9e, pour le moment. <strong>Peter Sagan<\/strong> va quitter la Bora-Hansgrohe pour rejoindre la formation fran\u00e7aise TotalEnergies. Celui qui \u00e9margeait \u00e0 5 millions d&rsquo;euros annuel dans l&rsquo;\u00e9quipe allemande, a fait un effort financier pour signer au sein de la structure vend\u00e9enne, avec un salaire de 4 millions d&rsquo;euros en 2022. Toujours suffisant pour rester le deuxi\u00e8me coureur le mieux pay\u00e9 du peloton.<\/p>\n<div id=\"attachment_154969\" style=\"width: 810px\" class=\"wp-caption aligncenter\"><img loading=\"lazy\" decoding=\"async\" aria-describedby=\"caption-attachment-154969\" class=\"wp-image-154969 size-full\" src=\"https:\/\/dicodusport.fr\/blog\/wp-content\/uploads\/2021\/08\/TotalEnergies-confirme-la-signature-de-Peter-Sagan.png\" alt=\"\" width=\"800\" height=\"445\" srcset=\"https:\/\/dicodusport.fr\/blog\/wp-content\/uploads\/2021\/08\/TotalEnergies-confirme-la-signature-de-Peter-Sagan.png 800w, https:\/\/dicodusport.fr\/blog\/wp-content\/uploads\/2021\/08\/TotalEnergies-confirme-la-signature-de-Peter-Sagan-300x167.png 300w, https:\/\/dicodusport.fr\/blog\/wp-content\/uploads\/2021\/08\/TotalEnergies-confirme-la-signature-de-Peter-Sagan-768x427.png 768w\" sizes=\"auto, (max-width: 800px) 100vw, 800px\" \/><p id=\"caption-attachment-154969\" class=\"wp-caption-text\">Peter Sagan &#8211; Photo Icon Sport<\/p><\/div>\n<p style=\"text-align: center;\"><a href=\"https:\/\/dicodusport.fr\/blog\/pogacar-sagan-van-aert-5-plus-gros-salaires-du-peloton-en-2022\/5\/#un\" class=\"su-button su-button-style-flat\" style=\"color:#FFFFFF;background-color:#0057ae;border-color:#00468c;border-radius:4px\" target=\"_self\"><span style=\"color:#FFFFFF;padding:0px 22px;font-size:17px;line-height:34px;border-color:#4d8ac7;border-radius:4px;text-shadow:none\"> <strong>Premier<\/strong><\/span><\/a>\n<p><!--nextpage--><\/p>\n<p style=\"text-align: justify;\"><a id=\"un\"><\/a><strong><span style=\"font-size: 24px;\">1 &#8211; Tadej Pogacar (UAE Team Emirates) &#8211; <span style=\"color: #ff0000;\">6 millions d&rsquo;euros<\/span><\/span><\/strong><\/p>\n<p style=\"text-align: justify;\">Vainqueur d&rsquo;un deuxi\u00e8me Tour de France d&rsquo;affil\u00e9 mais aussi de Li\u00e8ge-Bastogne-Li\u00e8ge, <strong>Tadej Pogacar<\/strong>, \u00e9galement m\u00e9daill\u00e9 de bronze au JO, a \u00e9t\u00e9 prolong\u00e9 jusqu&rsquo;en&#8230; 2027 au sein de la formation UAE Team Emirates. Une \u00e9norme prolongation accompagn\u00e9e d&rsquo;une tr\u00e8s jolie revalorisation salariale, puisque le Slov\u00e8ne passera d&rsquo;un salaire d\u00e9j\u00e0 cons\u00e9quent de 5 millions d&rsquo;euros en 2021, \u00e0 6 en 2022.<\/p>\n<div id=\"attachment_146940\" style=\"width: 810px\" class=\"wp-caption aligncenter\"><img loading=\"lazy\" decoding=\"async\" aria-describedby=\"caption-attachment-146940\" class=\"wp-image-146940 size-full\" src=\"https:\/\/dicodusport.fr\/blog\/wp-content\/uploads\/2021\/07\/Tour-de-France-2021-Tadej-Pogacar-gagne-a-Luz-Ardiden-et-rafle-tout.png\" alt=\"Tour de France 2021 Tadej Pogacar gagne \u00e0 Luz Ardiden et rafle tout\" width=\"800\" height=\"445\" srcset=\"https:\/\/dicodusport.fr\/blog\/wp-content\/uploads\/2021\/07\/Tour-de-France-2021-Tadej-Pogacar-gagne-a-Luz-Ardiden-et-rafle-tout.png 800w, https:\/\/dicodusport.fr\/blog\/wp-content\/uploads\/2021\/07\/Tour-de-France-2021-Tadej-Pogacar-gagne-a-Luz-Ardiden-et-rafle-tout-300x167.png 300w, https:\/\/dicodusport.fr\/blog\/wp-content\/uploads\/2021\/07\/Tour-de-France-2021-Tadej-Pogacar-gagne-a-Luz-Ardiden-et-rafle-tout-768x427.png 768w\" sizes=\"auto, (max-width: 800px) 100vw, 800px\" \/><p id=\"caption-attachment-146940\" class=\"wp-caption-text\">Tadej Pogacar &#8211; Photo Icon Sport<\/p><\/div>\n<p style=\"text-align: center;\"><a href=\"https:\/\/dicodusport.fr\/blog\/pogacar-sagan-van-aert-5-plus-gros-salaires-du-peloton-en-2022\/\" class=\"su-button su-button-style-flat\" style=\"color:#FFFFFF;background-color:#0057ae;border-color:#00468c;border-radius:4px\" target=\"_self\"><span style=\"color:#FFFFFF;padding:0px 22px;font-size:17px;line-height:34px;border-color:#4d8ac7;border-radius:4px;text-shadow:none\"> <strong>Revenir au d\u00e9but<\/strong><\/span><\/a>\n","protected":false},"excerpt":{"rendered":"<p>CYCLISME &#8211; Mardi, la Gazzetta dello Sport a d\u00e9voil\u00e9 les salaires que percevront en 2022 les cinq coureurs les mieux pay\u00e9s du peloton. Certains gagneront ainsi beaucoup plus qu&rsquo;en 2021.<\/p>\n","protected":false},"author":4,"featured_media":159530,"comment_status":"open","ping_status":"closed","sticky":false,"template":"","format":"standard","meta":{"_acf_changed":false,"_daextam_enable_autolinks":"","footnotes":""},"categories":[2307,46994],"tags":[7072],"class_list":["post-159517","post","type-post","status-publish","format-standard","has-post-thumbnail","hentry","category-cyclisme","category-cyclisme-sur-route","tag-salaires-cyclisme"],"acf":[],"yoast_head":"<!-- This site is optimized with the Yoast SEO Premium plugin v26.7 (Yoast SEO v26.7) - https:\/\/yoast.com\/wordpress\/plugins\/seo\/ -->\n<title>Pogacar, Sagan, Van Aert... les 5 plus gros salaires du peloton en 2022<\/title>\n<meta name=\"description\" content=\"CYCLISME - Mardi, la Gazzetta dello Sport a d\u00e9voil\u00e9 les salaires que percevront en 2022 les cinq coureurs les mieux pay\u00e9s du peloton.\" \/>\n<meta name=\"robots\" content=\"index, follow, max-snippet:-1, max-image-preview:large, max-video-preview:-1\" \/>\n<link rel=\"canonical\" href=\"https:\/\/dicodusport.fr\/blog\/pogacar-sagan-van-aert-5-plus-gros-salaires-du-peloton-en-2022\/\" \/>\n<link rel=\"next\" href=\"https:\/\/dicodusport.fr\/blog\/pogacar-sagan-van-aert-5-plus-gros-salaires-du-peloton-en-2022\/2\/\" \/>\n<meta property=\"og:locale\" content=\"fr_FR\" \/>\n<meta property=\"og:type\" content=\"article\" \/>\n<meta property=\"og:title\" content=\"Pogacar, Sagan, Van Aert... les 5 plus gros salaires du peloton en 2022\" \/>\n<meta property=\"og:description\" content=\"CYCLISME - Mardi, la Gazzetta dello Sport a d\u00e9voil\u00e9 les salaires que percevront en 2022 les cinq coureurs les mieux pay\u00e9s du peloton.\" \/>\n<meta property=\"og:url\" content=\"https:\/\/dicodusport.fr\/blog\/pogacar-sagan-van-aert-5-plus-gros-salaires-du-peloton-en-2022\/\" \/>\n<meta property=\"og:site_name\" content=\"Dicodusport\" \/>\n<meta property=\"article:publisher\" content=\"https:\/\/www.facebook.com\/dicodusport\" \/>\n<meta property=\"article:author\" content=\"https:\/\/www.facebook.com\/florent.ostermann\" \/>\n<meta property=\"article:published_time\" content=\"2021-12-29T15:15:21+00:00\" \/>\n<meta property=\"article:modified_time\" content=\"2022-01-06T10:03:15+00:00\" \/>\n<meta property=\"og:image\" content=\"https:\/\/dicodusport.fr\/blog\/wp-content\/uploads\/2021\/08\/Pogacar-Sagan-Van-Aert...-les-5-plus-gros-salaires-du-peloton-en-2022.png\" \/>\n\t<meta property=\"og:image:width\" content=\"800\" \/>\n\t<meta property=\"og:image:height\" content=\"445\" \/>\n\t<meta property=\"og:image:type\" content=\"image\/png\" \/>\n<meta name=\"author\" content=\"Flo Ostermann\" \/>\n<meta name=\"twitter:card\" content=\"summary_large_image\" \/>\n<meta name=\"twitter:title\" content=\"Pogacar, Sagan, Van Aert... les 5 plus gros salaires du peloton en 2022\" \/>\n<meta name=\"twitter:creator\" content=\"@https:\/\/twitter.com\/FlOstermann\" \/>\n<meta name=\"twitter:site\" content=\"@dicodusport\" \/>\n<script type=\"application\/ld+json\" class=\"yoast-schema-graph\">{\"@context\":\"https:\/\/schema.org\",\"@graph\":[{\"@type\":\"NewsArticle\",\"@id\":\"https:\/\/dicodusport.fr\/blog\/pogacar-sagan-van-aert-5-plus-gros-salaires-du-peloton-en-2022\/#article\",\"isPartOf\":{\"@id\":\"https:\/\/dicodusport.fr\/blog\/pogacar-sagan-van-aert-5-plus-gros-salaires-du-peloton-en-2022\/\"},\"author\":{\"name\":\"Flo Ostermann\",\"@id\":\"https:\/\/dicodusport.fr\/blog\/#\/schema\/person\/cb02af4c173ce4a653b55e9baf388d4a\"},\"headline\":\"Pogacar, Sagan, Van Aert&#8230; les 5 plus gros salaires du peloton en 2022\",\"datePublished\":\"2021-12-29T15:15:21+00:00\",\"dateModified\":\"2022-01-06T10:03:15+00:00\",\"mainEntityOfPage\":{\"@id\":\"https:\/\/dicodusport.fr\/blog\/pogacar-sagan-van-aert-5-plus-gros-salaires-du-peloton-en-2022\/\"},\"wordCount\":539,\"commentCount\":4,\"publisher\":{\"@id\":\"https:\/\/dicodusport.fr\/blog\/#organization\"},\"image\":{\"@id\":\"https:\/\/dicodusport.fr\/blog\/pogacar-sagan-van-aert-5-plus-gros-salaires-du-peloton-en-2022\/#primaryimage\"},\"thumbnailUrl\":\"https:\/\/dicodusport.fr\/blog\/wp-content\/uploads\/2021\/08\/Pogacar-Sagan-Van-Aert...-les-5-plus-gros-salaires-du-peloton-en-2022.png\",\"keywords\":[\"Salaires Cyclisme\"],\"articleSection\":[\"Cyclisme\",\"Cyclisme sur route\"],\"inLanguage\":\"fr-FR\",\"potentialAction\":[{\"@type\":\"CommentAction\",\"name\":\"Comment\",\"target\":[\"https:\/\/dicodusport.fr\/blog\/pogacar-sagan-van-aert-5-plus-gros-salaires-du-peloton-en-2022\/#respond\"]}],\"copyrightYear\":\"2021\",\"copyrightHolder\":{\"@id\":\"https:\/\/dicodusport.fr\/blog\/#organization\"}},{\"@type\":\"WebPage\",\"@id\":\"https:\/\/dicodusport.fr\/blog\/pogacar-sagan-van-aert-5-plus-gros-salaires-du-peloton-en-2022\/\",\"url\":\"https:\/\/dicodusport.fr\/blog\/pogacar-sagan-van-aert-5-plus-gros-salaires-du-peloton-en-2022\/\",\"name\":\"Pogacar, Sagan, Van Aert... les 5 plus gros salaires du peloton en 2022\",\"isPartOf\":{\"@id\":\"https:\/\/dicodusport.fr\/blog\/#website\"},\"primaryImageOfPage\":{\"@id\":\"https:\/\/dicodusport.fr\/blog\/pogacar-sagan-van-aert-5-plus-gros-salaires-du-peloton-en-2022\/#primaryimage\"},\"image\":{\"@id\":\"https:\/\/dicodusport.fr\/blog\/pogacar-sagan-van-aert-5-plus-gros-salaires-du-peloton-en-2022\/#primaryimage\"},\"thumbnailUrl\":\"https:\/\/dicodusport.fr\/blog\/wp-content\/uploads\/2021\/08\/Pogacar-Sagan-Van-Aert...-les-5-plus-gros-salaires-du-peloton-en-2022.png\",\"datePublished\":\"2021-12-29T15:15:21+00:00\",\"dateModified\":\"2022-01-06T10:03:15+00:00\",\"description\":\"CYCLISME - Mardi, la Gazzetta dello Sport a d\u00e9voil\u00e9 les salaires que percevront en 2022 les cinq coureurs les mieux pay\u00e9s du peloton.\",\"inLanguage\":\"fr-FR\",\"potentialAction\":[{\"@type\":\"ReadAction\",\"target\":[\"https:\/\/dicodusport.fr\/blog\/pogacar-sagan-van-aert-5-plus-gros-salaires-du-peloton-en-2022\/\"]}]},{\"@type\":\"ImageObject\",\"inLanguage\":\"fr-FR\",\"@id\":\"https:\/\/dicodusport.fr\/blog\/pogacar-sagan-van-aert-5-plus-gros-salaires-du-peloton-en-2022\/#primaryimage\",\"url\":\"https:\/\/dicodusport.fr\/blog\/wp-content\/uploads\/2021\/08\/Pogacar-Sagan-Van-Aert...-les-5-plus-gros-salaires-du-peloton-en-2022.png\",\"contentUrl\":\"https:\/\/dicodusport.fr\/blog\/wp-content\/uploads\/2021\/08\/Pogacar-Sagan-Van-Aert...-les-5-plus-gros-salaires-du-peloton-en-2022.png\",\"width\":800,\"height\":445,\"caption\":\"Pogacar, Sagan, Van Aert... les 5 plus gros salaires du peloton en 2022\"},{\"@type\":\"WebSite\",\"@id\":\"https:\/\/dicodusport.fr\/blog\/#website\",\"url\":\"https:\/\/dicodusport.fr\/blog\/\",\"name\":\"Dicodusport\",\"description\":\"L&#039;encyclop\u00e9die de l&#039;actualit\u00e9 sportive\",\"publisher\":{\"@id\":\"https:\/\/dicodusport.fr\/blog\/#organization\"},\"potentialAction\":[{\"@type\":\"SearchAction\",\"target\":{\"@type\":\"EntryPoint\",\"urlTemplate\":\"https:\/\/dicodusport.fr\/blog\/?s={search_term_string}\"},\"query-input\":{\"@type\":\"PropertyValueSpecification\",\"valueRequired\":true,\"valueName\":\"search_term_string\"}}],\"inLanguage\":\"fr-FR\"},{\"@type\":\"NewsMediaOrganization\",\"@id\":\"https:\/\/dicodusport.fr\/blog\/#organization\",\"name\":\"Dicodusport\",\"url\":\"https:\/\/dicodusport.fr\/blog\/\",\"logo\":{\"@type\":\"ImageObject\",\"inLanguage\":\"fr-FR\",\"@id\":\"https:\/\/dicodusport.fr\/blog\/#\/schema\/logo\/image\/\",\"url\":\"https:\/\/dicodusport.fr\/blog\/wp-content\/uploads\/2020\/06\/cropped-LOGO-DICODUSPORT-2020-SANS-FOND-SANS-TEXTE.png\",\"contentUrl\":\"https:\/\/dicodusport.fr\/blog\/wp-content\/uploads\/2020\/06\/cropped-LOGO-DICODUSPORT-2020-SANS-FOND-SANS-TEXTE.png\",\"width\":512,\"height\":512,\"caption\":\"Dicodusport\"},\"image\":{\"@id\":\"https:\/\/dicodusport.fr\/blog\/#\/schema\/logo\/image\/\"},\"sameAs\":[\"https:\/\/www.facebook.com\/dicodusport\",\"https:\/\/x.com\/dicodusport\",\"https:\/\/www.instagram.com\/dicodusport\/\",\"https:\/\/www.youtube.com\/channel\/UC7V2KZ5sd3htJivAbA4ZG3w\"],\"description\":\"Dicodusport est l'encyclop\u00e9die de l'actualit\u00e9 sportive.\",\"email\":\"bonjour@dicodusport.fr\",\"legalName\":\"DICODUSPORT\",\"foundingDate\":\"2018-01-14\",\"vatID\":\"FR71834470973\",\"taxID\":\"83447097300043\",\"numberOfEmployees\":{\"@type\":\"QuantitativeValue\",\"minValue\":\"1\",\"maxValue\":\"10\"}},{\"@type\":\"Person\",\"@id\":\"https:\/\/dicodusport.fr\/blog\/#\/schema\/person\/cb02af4c173ce4a653b55e9baf388d4a\",\"name\":\"Flo Ostermann\",\"image\":{\"@type\":\"ImageObject\",\"inLanguage\":\"fr-FR\",\"@id\":\"https:\/\/dicodusport.fr\/blog\/#\/schema\/person\/image\/\",\"url\":\"https:\/\/dicodusport.fr\/blog\/wp-content\/uploads\/2021\/05\/Flo-Ostermann-150x150.jpg\",\"contentUrl\":\"https:\/\/dicodusport.fr\/blog\/wp-content\/uploads\/2021\/05\/Flo-Ostermann-150x150.jpg\",\"caption\":\"Flo Ostermann\"},\"description\":\"Journaliste\/R\u00e9dacteur depuis septembre 2015 - Mes premiers souvenirs dans le sport ? Les envol\u00e9es du Stade Toulousain et les duels Villeneuve-Schumacher et H\u00e4kkinen-Schumacher \u00e0 la fin des ann\u00e9es 90, la Coupe du monde de football en 1998, l\u2019exploit du XV de France face aux All Blacks en 1999, mais aussi Richard C\u0153ur de Lion qui vole sur les montagnes du Tour de France. Bien parti pour devenir professeur d\u2019EPS, les \u00e9v\u00e9nements de la vie (et la flemme d\u2019animer des s\u00e9ances de 3x500 m\u00e8tres toute ma vie) m\u2019ont conduit \u00e0 revoir mes plans. Me voil\u00e0 depuis fin 2017 sur Dicodusport, m\u00e9dia gr\u00e2ce (et pour) lequel je partage ma passion : le sport dans tous ses \u00e9tats. Le tout accompagn\u00e9 par les fous furieux et folles furieuses cit\u00e9s sur cette page !\",\"sameAs\":[\"https:\/\/www.facebook.com\/florent.ostermann\",\"https:\/\/x.com\/https:\/\/twitter.com\/FlOstermann\",\"admin\"],\"url\":\"https:\/\/dicodusport.fr\/blog\/author\/flo\/\"}]}<\/script>\n<!-- \/ Yoast SEO Premium plugin. -->","yoast_head_json":{"title":"Pogacar, Sagan, Van Aert... les 5 plus gros salaires du peloton en 2022","description":"CYCLISME - Mardi, la Gazzetta dello Sport a d\u00e9voil\u00e9 les salaires que percevront en 2022 les cinq coureurs les mieux pay\u00e9s du peloton.","robots":{"index":"index","follow":"follow","max-snippet":"max-snippet:-1","max-image-preview":"max-image-preview:large","max-video-preview":"max-video-preview:-1"},"canonical":"https:\/\/dicodusport.fr\/blog\/pogacar-sagan-van-aert-5-plus-gros-salaires-du-peloton-en-2022\/","next":"https:\/\/dicodusport.fr\/blog\/pogacar-sagan-van-aert-5-plus-gros-salaires-du-peloton-en-2022\/2\/","og_locale":"fr_FR","og_type":"article","og_title":"Pogacar, Sagan, Van Aert... les 5 plus gros salaires du peloton en 2022","og_description":"CYCLISME - Mardi, la Gazzetta dello Sport a d\u00e9voil\u00e9 les salaires que percevront en 2022 les cinq coureurs les mieux pay\u00e9s du peloton.","og_url":"https:\/\/dicodusport.fr\/blog\/pogacar-sagan-van-aert-5-plus-gros-salaires-du-peloton-en-2022\/","og_site_name":"Dicodusport","article_publisher":"https:\/\/www.facebook.com\/dicodusport","article_author":"https:\/\/www.facebook.com\/florent.ostermann","article_published_time":"2021-12-29T15:15:21+00:00","article_modified_time":"2022-01-06T10:03:15+00:00","og_image":[{"width":800,"height":445,"url":"https:\/\/dicodusport.fr\/blog\/wp-content\/uploads\/2021\/08\/Pogacar-Sagan-Van-Aert...-les-5-plus-gros-salaires-du-peloton-en-2022.png","type":"image\/png"}],"author":"Flo Ostermann","twitter_card":"summary_large_image","twitter_title":"Pogacar, Sagan, Van Aert... les 5 plus gros salaires du peloton en 2022","twitter_creator":"@https:\/\/twitter.com\/FlOstermann","twitter_site":"@dicodusport","schema":{"@context":"https:\/\/schema.org","@graph":[{"@type":"NewsArticle","@id":"https:\/\/dicodusport.fr\/blog\/pogacar-sagan-van-aert-5-plus-gros-salaires-du-peloton-en-2022\/#article","isPartOf":{"@id":"https:\/\/dicodusport.fr\/blog\/pogacar-sagan-van-aert-5-plus-gros-salaires-du-peloton-en-2022\/"},"author":{"name":"Flo Ostermann","@id":"https:\/\/dicodusport.fr\/blog\/#\/schema\/person\/cb02af4c173ce4a653b55e9baf388d4a"},"headline":"Pogacar, Sagan, Van Aert&#8230; les 5 plus gros salaires du peloton en 2022","datePublished":"2021-12-29T15:15:21+00:00","dateModified":"2022-01-06T10:03:15+00:00","mainEntityOfPage":{"@id":"https:\/\/dicodusport.fr\/blog\/pogacar-sagan-van-aert-5-plus-gros-salaires-du-peloton-en-2022\/"},"wordCount":539,"commentCount":4,"publisher":{"@id":"https:\/\/dicodusport.fr\/blog\/#organization"},"image":{"@id":"https:\/\/dicodusport.fr\/blog\/pogacar-sagan-van-aert-5-plus-gros-salaires-du-peloton-en-2022\/#primaryimage"},"thumbnailUrl":"https:\/\/dicodusport.fr\/blog\/wp-content\/uploads\/2021\/08\/Pogacar-Sagan-Van-Aert...-les-5-plus-gros-salaires-du-peloton-en-2022.png","keywords":["Salaires Cyclisme"],"articleSection":["Cyclisme","Cyclisme sur route"],"inLanguage":"fr-FR","potentialAction":[{"@type":"CommentAction","name":"Comment","target":["https:\/\/dicodusport.fr\/blog\/pogacar-sagan-van-aert-5-plus-gros-salaires-du-peloton-en-2022\/#respond"]}],"copyrightYear":"2021","copyrightHolder":{"@id":"https:\/\/dicodusport.fr\/blog\/#organization"}},{"@type":"WebPage","@id":"https:\/\/dicodusport.fr\/blog\/pogacar-sagan-van-aert-5-plus-gros-salaires-du-peloton-en-2022\/","url":"https:\/\/dicodusport.fr\/blog\/pogacar-sagan-van-aert-5-plus-gros-salaires-du-peloton-en-2022\/","name":"Pogacar, Sagan, Van Aert... les 5 plus gros salaires du peloton en 2022","isPartOf":{"@id":"https:\/\/dicodusport.fr\/blog\/#website"},"primaryImageOfPage":{"@id":"https:\/\/dicodusport.fr\/blog\/pogacar-sagan-van-aert-5-plus-gros-salaires-du-peloton-en-2022\/#primaryimage"},"image":{"@id":"https:\/\/dicodusport.fr\/blog\/pogacar-sagan-van-aert-5-plus-gros-salaires-du-peloton-en-2022\/#primaryimage"},"thumbnailUrl":"https:\/\/dicodusport.fr\/blog\/wp-content\/uploads\/2021\/08\/Pogacar-Sagan-Van-Aert...-les-5-plus-gros-salaires-du-peloton-en-2022.png","datePublished":"2021-12-29T15:15:21+00:00","dateModified":"2022-01-06T10:03:15+00:00","description":"CYCLISME - Mardi, la Gazzetta dello Sport a d\u00e9voil\u00e9 les salaires que percevront en 2022 les cinq coureurs les mieux pay\u00e9s du peloton.","inLanguage":"fr-FR","potentialAction":[{"@type":"ReadAction","target":["https:\/\/dicodusport.fr\/blog\/pogacar-sagan-van-aert-5-plus-gros-salaires-du-peloton-en-2022\/"]}]},{"@type":"ImageObject","inLanguage":"fr-FR","@id":"https:\/\/dicodusport.fr\/blog\/pogacar-sagan-van-aert-5-plus-gros-salaires-du-peloton-en-2022\/#primaryimage","url":"https:\/\/dicodusport.fr\/blog\/wp-content\/uploads\/2021\/08\/Pogacar-Sagan-Van-Aert...-les-5-plus-gros-salaires-du-peloton-en-2022.png","contentUrl":"https:\/\/dicodusport.fr\/blog\/wp-content\/uploads\/2021\/08\/Pogacar-Sagan-Van-Aert...-les-5-plus-gros-salaires-du-peloton-en-2022.png","width":800,"height":445,"caption":"Pogacar, Sagan, Van Aert... les 5 plus gros salaires du peloton en 2022"},{"@type":"WebSite","@id":"https:\/\/dicodusport.fr\/blog\/#website","url":"https:\/\/dicodusport.fr\/blog\/","name":"Dicodusport","description":"L&#039;encyclop\u00e9die de l&#039;actualit\u00e9 sportive","publisher":{"@id":"https:\/\/dicodusport.fr\/blog\/#organization"},"potentialAction":[{"@type":"SearchAction","target":{"@type":"EntryPoint","urlTemplate":"https:\/\/dicodusport.fr\/blog\/?s={search_term_string}"},"query-input":{"@type":"PropertyValueSpecification","valueRequired":true,"valueName":"search_term_string"}}],"inLanguage":"fr-FR"},{"@type":"NewsMediaOrganization","@id":"https:\/\/dicodusport.fr\/blog\/#organization","name":"Dicodusport","url":"https:\/\/dicodusport.fr\/blog\/","logo":{"@type":"ImageObject","inLanguage":"fr-FR","@id":"https:\/\/dicodusport.fr\/blog\/#\/schema\/logo\/image\/","url":"https:\/\/dicodusport.fr\/blog\/wp-content\/uploads\/2020\/06\/cropped-LOGO-DICODUSPORT-2020-SANS-FOND-SANS-TEXTE.png","contentUrl":"https:\/\/dicodusport.fr\/blog\/wp-content\/uploads\/2020\/06\/cropped-LOGO-DICODUSPORT-2020-SANS-FOND-SANS-TEXTE.png","width":512,"height":512,"caption":"Dicodusport"},"image":{"@id":"https:\/\/dicodusport.fr\/blog\/#\/schema\/logo\/image\/"},"sameAs":["https:\/\/www.facebook.com\/dicodusport","https:\/\/x.com\/dicodusport","https:\/\/www.instagram.com\/dicodusport\/","https:\/\/www.youtube.com\/channel\/UC7V2KZ5sd3htJivAbA4ZG3w"],"description":"Dicodusport est l'encyclop\u00e9die de l'actualit\u00e9 sportive.","email":"bonjour@dicodusport.fr","legalName":"DICODUSPORT","foundingDate":"2018-01-14","vatID":"FR71834470973","taxID":"83447097300043","numberOfEmployees":{"@type":"QuantitativeValue","minValue":"1","maxValue":"10"}},{"@type":"Person","@id":"https:\/\/dicodusport.fr\/blog\/#\/schema\/person\/cb02af4c173ce4a653b55e9baf388d4a","name":"Flo Ostermann","image":{"@type":"ImageObject","inLanguage":"fr-FR","@id":"https:\/\/dicodusport.fr\/blog\/#\/schema\/person\/image\/","url":"https:\/\/dicodusport.fr\/blog\/wp-content\/uploads\/2021\/05\/Flo-Ostermann-150x150.jpg","contentUrl":"https:\/\/dicodusport.fr\/blog\/wp-content\/uploads\/2021\/05\/Flo-Ostermann-150x150.jpg","caption":"Flo Ostermann"},"description":"Journaliste\/R\u00e9dacteur depuis septembre 2015 - Mes premiers souvenirs dans le sport ? Les envol\u00e9es du Stade Toulousain et les duels Villeneuve-Schumacher et H\u00e4kkinen-Schumacher \u00e0 la fin des ann\u00e9es 90, la Coupe du monde de football en 1998, l\u2019exploit du XV de France face aux All Blacks en 1999, mais aussi Richard C\u0153ur de Lion qui vole sur les montagnes du Tour de France. Bien parti pour devenir professeur d\u2019EPS, les \u00e9v\u00e9nements de la vie (et la flemme d\u2019animer des s\u00e9ances de 3x500 m\u00e8tres toute ma vie) m\u2019ont conduit \u00e0 revoir mes plans. Me voil\u00e0 depuis fin 2017 sur Dicodusport, m\u00e9dia gr\u00e2ce (et pour) lequel je partage ma passion : le sport dans tous ses \u00e9tats. Le tout accompagn\u00e9 par les fous furieux et folles furieuses cit\u00e9s sur cette page !","sameAs":["https:\/\/www.facebook.com\/florent.ostermann","https:\/\/x.com\/https:\/\/twitter.com\/FlOstermann","admin"],"url":"https:\/\/dicodusport.fr\/blog\/author\/flo\/"}]}},"_links":{"self":[{"href":"https:\/\/dicodusport.fr\/blog\/wp-json\/wp\/v2\/posts\/159517","targetHints":{"allow":["GET"]}}],"collection":[{"href":"https:\/\/dicodusport.fr\/blog\/wp-json\/wp\/v2\/posts"}],"about":[{"href":"https:\/\/dicodusport.fr\/blog\/wp-json\/wp\/v2\/types\/post"}],"author":[{"embeddable":true,"href":"https:\/\/dicodusport.fr\/blog\/wp-json\/wp\/v2\/users\/4"}],"replies":[{"embeddable":true,"href":"https:\/\/dicodusport.fr\/blog\/wp-json\/wp\/v2\/comments?post=159517"}],"version-history":[{"count":0,"href":"https:\/\/dicodusport.fr\/blog\/wp-json\/wp\/v2\/posts\/159517\/revisions"}],"wp:featuredmedia":[{"embeddable":true,"href":"https:\/\/dicodusport.fr\/blog\/wp-json\/wp\/v2\/media\/159530"}],"wp:attachment":[{"href":"https:\/\/dicodusport.fr\/blog\/wp-json\/wp\/v2\/media?parent=159517"}],"wp:term":[{"taxonomy":"category","embeddable":true,"href":"https:\/\/dicodusport.fr\/blog\/wp-json\/wp\/v2\/categories?post=159517"},{"taxonomy":"post_tag","embeddable":true,"href":"https:\/\/dicodusport.fr\/blog\/wp-json\/wp\/v2\/tags?post=159517"}],"curies":[{"name":"wp","href":"https:\/\/api.w.org\/{rel}","templated":true}]}}