{"id":159688,"date":"2021-08-22T11:42:57","date_gmt":"2021-08-22T09:42:57","guid":{"rendered":"https:\/\/dicodusport.fr\/blog\/?p=159688"},"modified":"2021-08-22T11:50:50","modified_gmt":"2021-08-22T09:50:50","slug":"top-14-quelle-saison-pour-la-section-paloise","status":"publish","type":"post","link":"https:\/\/dicodusport.fr\/blog\/top-14-quelle-saison-pour-la-section-paloise\/","title":{"rendered":"Top 14 : Quelle saison pour la Section Paloise ?"},"content":{"rendered":"<p style=\"text-align: justify;\"><em><strong><a href=\"https:\/\/dicodusport.fr\/blog\/actualites\/rugby\/rugby-a-xv\/top-14-2021-2022\/\">TOP 14 2021-2022<\/a> &#8211; Sauv\u00e9e in extremis de la descente en Pro D2 la saison pass\u00e9e, la Section Paloise n&rsquo;aura plus le droit \u00e0 l&rsquo;erreur en 2022. Afin d&rsquo;\u00e9viter une nouvelle saison gal\u00e8re, le club a choisi d&rsquo;effectuer des changements \u00e0 tous les niveaux. O\u00f9 retrouvera-t-on les Palois en fin de saison ?<\/strong><\/em><\/p>\n<p style=\"text-align: justify;\">Jusqu&rsquo;au bout, on croyait que la <strong>Section Paloise<\/strong> jouerait le barrage d&rsquo;accession. En effet, avant la derni\u00e8re journ\u00e9e, on ne pouvait miser gros sur le maintien de Pau, qui l&rsquo;a finalement acquis dans les tous derniers instants de cette ultime journ\u00e9e. Avec seulement neuf matchs gagn\u00e9s, Pau a eu beaucoup de difficult\u00e9s \u00e0 obtenir des victoires et notamment face aux grosses \u00e9curies du championnat. Cette saison, la donne devra changer pour \u00e9viter la lutte pour le maintien.<\/p>\n<h2 style=\"text-align: justify;\">Pau peut-il vraiment jouer la qualification ?<\/h2>\n<p style=\"text-align: justify;\">C&rsquo;est une question que l&rsquo;on se pose souvent avec cette \u00e9quipe. Toujours dot\u00e9e d&rsquo;un bel effectif, la Section fait souvent office de pr\u00e9tendants au top 6, avant que la saison ne d\u00e9bute. Malheureusement, cette \u00e9quipe a tendance \u00e0 d\u00e9cevoir, notamment ses derni\u00e8res saisons. Remont\u00e9 en 2015 dans l&rsquo;\u00e9lite, Pau avait r\u00e9alis\u00e9 sa meilleure saison en 2018. Mais depuis, les saisons moyennes voire m\u00e9diocres se sont enchain\u00e9es. Le coup de chaud de la saison pass\u00e9e pourra-t-il faire r\u00e9agir cette \u00e9quipe ?<\/p>\n<p style=\"text-align: justify;\">Pau l&rsquo;a bien montr\u00e9 la saison pass\u00e9e, c&rsquo;est une \u00e9quipe qui sait envoyer du jeu. D&rsquo;ailleurs, ses stats offensives \u00e9taient meilleures que celles de certains pr\u00e9tendants au top 6. En contrepartie, le club du B\u00e9arn n&rsquo;a pas vraiment brill\u00e9 en d\u00e9fense. <strong>S\u00e9bastien Piqueronies<\/strong>, nouvel entraineur du club, a expliqu\u00e9 \u00e0 quel point la d\u00e9fense sera importante cette saison. \u00ab<em> L&rsquo;ambition de cette saison est de mettre autant de rigueur d\u00e9fensivement que nous sommes capables d&rsquo;en mettre offensivement pour essayer d&rsquo;avoir de la constance sur 80 minutes dans la balance entre notre euphorie et notre maitrise<\/em> \u00bb, expliquait-il au <em>Midi Olympique<\/em>. Tout est dit, la Section a besoin de trouver un meilleur \u00e9quilibre.<\/p>\n<ul>\n<li style=\"text-align: justify;\"><strong>\u00c0 lire aussi &#8211; <a href=\"https:\/\/www.allrugby.com\/clubs\/pau\/effectif\" target=\"_blank\" rel=\"nofollow noopener\">L&rsquo;effectif de la Section Paloise pour la saison 2021-2022<\/a><\/strong><\/li>\n<\/ul>\n<h2 style=\"text-align: justify;\">Staff et effectif : Du changement \u00e0 tous les \u00e9tages<\/h2>\n<p style=\"text-align: justify;\">Pour lui faire franchir ce cap, le club a mis\u00e9 sur plusieurs changements. En effet, au sein du staff, on notera l&rsquo;arriv\u00e9e de <strong>S\u00e9bastien Piqueronies<\/strong> comme manager. Ce dernier avait d\u00e9j\u00e0 int\u00e9gr\u00e9 le staff en fin de saison derni\u00e8re. Celui qui a men\u00e9 les U20 Fran\u00e7ais aux deux titres de champions du monde b\u00e9n\u00e9ficiera d&rsquo;un staff \u00e9toff\u00e9. En effet, <strong>Thomas Choveau<\/strong>\u00a0et <strong>Antoine Nicoud<\/strong> sont venus agrandir le staff et accompagner <strong>Thomas Domingo<\/strong> et <strong>Geoffrey Lanne-Petit<\/strong>, d\u00e9j\u00e0 pr\u00e9sents l&rsquo;ann\u00e9e pass\u00e9e.<\/p>\n<blockquote class=\"twitter-tweet\">\n<p dir=\"ltr\" lang=\"fr\">\u0301<\/p>\n<p>R\u00e9sum\u00e9 et r\u00e9actions <a href=\"https:\/\/t.co\/M15kTuDvq8\">https:\/\/t.co\/M15kTuDvq8<\/a><a href=\"https:\/\/twitter.com\/hashtag\/ABSP?src=hash&amp;ref_src=twsrc%5Etfw\">#ABSP<\/a> <a href=\"https:\/\/twitter.com\/hashtag\/EnVertEtContreTous?src=hash&amp;ref_src=twsrc%5Etfw\">#EnVertEtContreTous<\/a> <a href=\"https:\/\/twitter.com\/hashtag\/GreenTeamSection?src=hash&amp;ref_src=twsrc%5Etfw\">#GreenTeamSection<\/a> <a href=\"https:\/\/t.co\/sfvDIpgmun\">pic.twitter.com\/sfvDIpgmun<\/a><\/p>\n<p>\u2014 SectionPaloise (@SectionPaloise) <a href=\"https:\/\/twitter.com\/SectionPaloise\/status\/1428727675586293765?ref_src=twsrc%5Etfw\">August 20, 2021<\/a><\/p><\/blockquote>\n<p><script async src=\"https:\/\/platform.twitter.com\/widgets.js\" charset=\"utf-8\"><\/script><\/p>\n<p style=\"text-align: justify;\">Du c\u00f4t\u00e9 de l&rsquo;effectif pro, \u00e7a a pas mal boug\u00e9 \u00e9galement. Devant, la Section enregistre la perte de deux seconde-ligne importants, \u00e0 savoir <strong>Baptiste Pesenti<\/strong> et l&rsquo;Australien <strong>Matt Philip<\/strong>. Le club a donc mis\u00e9 sur <strong>Guillaume Ducat<\/strong> et l&rsquo;Australien<strong> Steven Cummins<\/strong> pour les remplacer. Derri\u00e8re, le v\u00e9t\u00e9ran <strong>Watisoni Votu<\/strong> a finalement pris sa retraite et <strong>Jesse Mogg<\/strong> est retourn\u00e9 en Australie. Les arriv\u00e9es de <strong>Daniel Ikpefan<\/strong> et de <strong>Jack Maddocks<\/strong> vont servir \u00e0 combler ces d\u00e9parts. Pour le reste, le pack sera toujours men\u00e9 par des leaders comme <strong>Lucas Rey<\/strong> ou <strong>Martin Puech<\/strong>, ainsi que le All Black <strong>Luke Whitelock<\/strong>. La charni\u00e8re compos\u00e9e de <strong>Clovis Le Bail<\/strong> et <strong>Antoine Hastoy<\/strong>, qui a r\u00e9alis\u00e9 une belle saison en 2021, sera bien pr\u00e9sente. M\u00eame s&rsquo;il y a eu plus de d\u00e9parts que d&rsquo;arriv\u00e9es, l&rsquo;effectif de la Section reste comp\u00e9titif.<\/p>\n<h2 style=\"text-align: justify;\">Les joueurs \u00e0 suivre : Jack Maddocks et Rayne Barka<\/h2>\n<p style=\"text-align: justify;\">Ce sera l&rsquo;une des attractions du Top 14. A 24 ans, l&rsquo;Australien <strong>Jack Maddocks<\/strong> d\u00e9barque dans le B\u00e9arn. Ce dernier a d\u00e9but\u00e9 tr\u00e8s jeune dans le Super Rugby, ainsi que chez les Wallabies. Entre 2018 et 2019, l&rsquo;Australien a jou\u00e9 sept fois pour son \u00e9quipe nationale. Pour un arri\u00e8re\/ailier polyvalent, Maddocks dispose d&rsquo;un physique assez impressionnant. En effet, il mesure 1.94 m pour 96 kg. Grand et costaud, il est \u00e9galement rapide.<\/p>\n<div id=\"attachment_160159\" style=\"width: 810px\" class=\"wp-caption aligncenter\"><img loading=\"lazy\" decoding=\"async\" aria-describedby=\"caption-attachment-160159\" class=\"wp-image-160159 size-full\" src=\"https:\/\/dicodusport.fr\/blog\/wp-content\/uploads\/2021\/08\/Jack-Maddocks-latout-majeur-des-Bearnais-.png\" alt=\"Jack Maddocks, l'atout majeur des B\u00e9arnais ?\" width=\"800\" height=\"445\" srcset=\"https:\/\/dicodusport.fr\/blog\/wp-content\/uploads\/2021\/08\/Jack-Maddocks-latout-majeur-des-Bearnais-.png 800w, https:\/\/dicodusport.fr\/blog\/wp-content\/uploads\/2021\/08\/Jack-Maddocks-latout-majeur-des-Bearnais--300x167.png 300w, https:\/\/dicodusport.fr\/blog\/wp-content\/uploads\/2021\/08\/Jack-Maddocks-latout-majeur-des-Bearnais--768x427.png 768w\" sizes=\"auto, (max-width: 800px) 100vw, 800px\" \/><p id=\"caption-attachment-160159\" class=\"wp-caption-text\">Jack Maddocks, l&rsquo;atout majeur des B\u00e9arnais ? &#8211; Photo Icon Sport<\/p><\/div>\n<p style=\"text-align: justify;\">Le deuxi\u00e8me joueur \u00e0 suivre est d\u00e9j\u00e0 champion du monde. En effet, \u00e0 22 ans, <strong>Rayne Barka<\/strong> a d\u00e9j\u00e0 remport\u00e9 la Coupe du monde des U20 en 2019 avec les Bleuets. Avec son m\u00e8tre 80, Rayne Barka a, \u00e0 priori, le physique pour jouer talonneur. C&rsquo;est d&rsquo;ailleurs son poste de pr\u00e9dilection. N\u00e9anmoins, il peut \u00e9galement \u00eatre utilis\u00e9 en troisi\u00e8me-ligne. Ses qualit\u00e9s physiques sont ind\u00e9niables. En effet, le joueur a notamment brill\u00e9 lors des derniers tournois de Superseven organis\u00e9 pour les clubs du Top 14. Il a d\u00e9j\u00e0 fait admirer sa puissance et sa pointe vitesse. Les adversaires de la Section devront se m\u00e9fier de ce jeune joueur talentueux.<\/p>\n<h2 style=\"text-align: justify;\">Notre pronostic : Pau finira dans la deuxi\u00e8me partie du tableau<\/h2>\n<p style=\"text-align: justify;\">Il est tr\u00e8s difficile de faire un pronostic pour cette \u00e9quipe de la <strong>Section Paloise<\/strong>. D&rsquo;un c\u00f4t\u00e9, il va falloir lutter face \u00e0 des \u00e9quipes mieux arm\u00e9es. De plus, Pau joue plut\u00f4t le bas de tableau lors des derni\u00e8res saisons. Cependant, le chamboulement dans le staff pourrait apporter un nouveau souffle \u00e0 cette \u00e9quipe. Malgr\u00e9 cela, nous pensons que Pau peinera \u00e0 sortir du ventre mou du championnat et se retrouvera dans la deuxi\u00e8me partie de tableau en fin de championnat (entre la 10\u00e8me et la 12\u00e8me place).<\/p>\n<blockquote class=\"twitter-tweet\">\n<p dir=\"ltr\" lang=\"fr\">&#8211;<\/p>\n<p>&#x26aa;&#xfe0f; Nos Vert et Blanc d\u00e9buteront \u00e0 l&rsquo;ext\u00e9rieur par un d\u00e9placement \u00e0 <a href=\"https:\/\/twitter.com\/CastresRugby?ref_src=twsrc%5Etfw\">@CastresRugby<\/a> avant de recevoir <a href=\"https:\/\/twitter.com\/LeLOURugby?ref_src=twsrc%5Etfw\">@LeLOURugby<\/a> !<a href=\"https:\/\/twitter.com\/hashtag\/TOP14?src=hash&amp;ref_src=twsrc%5Etfw\">#TOP14<\/a> <a href=\"https:\/\/twitter.com\/hashtag\/EnVertEtContreTous?src=hash&amp;ref_src=twsrc%5Etfw\">#EnVertEtContreTous<\/a> <a href=\"https:\/\/twitter.com\/hashtag\/GreenTeamSection?src=hash&amp;ref_src=twsrc%5Etfw\">#GreenTeamSection<\/a> <a href=\"https:\/\/t.co\/Bbkm0fCkI7\">pic.twitter.com\/Bbkm0fCkI7<\/a><\/p>\n<p>\u2014 SectionPaloise (@SectionPaloise) <a href=\"https:\/\/twitter.com\/SectionPaloise\/status\/1413112617405718528?ref_src=twsrc%5Etfw\">July 8, 2021<\/a><\/p><\/blockquote>\n<p><script async src=\"https:\/\/platform.twitter.com\/widgets.js\" charset=\"utf-8\"><\/script><\/p>\n","protected":false},"excerpt":{"rendered":"<p>TOP 14 2021-2022 &#8211; Sauv\u00e9e in extremis de la descente en Pro D2 la saison pass\u00e9e, la Section Paloise n&rsquo;aura plus le droit \u00e0 l&rsquo;erreur en 2022. Afin d&rsquo;\u00e9viter une nouvelle saison gal\u00e8re, le club a choisi d&rsquo;effectuer des changements \u00e0 tous les niveaux. O\u00f9 retrouvera-t-on les Palois en fin de saison ?<\/p>\n","protected":false},"author":45,"featured_media":160160,"comment_status":"open","ping_status":"closed","sticky":false,"template":"","format":"standard","meta":{"_acf_changed":false,"_daextam_enable_autolinks":"","footnotes":""},"categories":[47050],"tags":[13,1092],"class_list":["post-159688","post","type-post","status-publish","format-standard","has-post-thumbnail","hentry","category-top-14","tag-rugby","tag-section-paloise"],"acf":[],"yoast_head":"<!-- This site is optimized with the Yoast SEO Premium plugin v26.7 (Yoast SEO v26.7) - https:\/\/yoast.com\/wordpress\/plugins\/seo\/ -->\n<title>Top 14 : Quelle saison pour la Section Paloise ?<\/title>\n<meta name=\"description\" content=\"RUGBY - TOP 14 - Sauv\u00e9e in extremis de la descente en Pro D2 la saison pass\u00e9e, la Section Paloise n&#039;aura plus le droit \u00e0 l&#039;erreur en 2022.\" \/>\n<meta name=\"robots\" content=\"index, follow, max-snippet:-1, max-image-preview:large, max-video-preview:-1\" \/>\n<link rel=\"canonical\" href=\"https:\/\/dicodusport.fr\/blog\/top-14-quelle-saison-pour-la-section-paloise\/\" \/>\n<meta property=\"og:locale\" content=\"fr_FR\" \/>\n<meta property=\"og:type\" content=\"article\" \/>\n<meta property=\"og:title\" content=\"Top 14 : Quelle saison pour la Section Paloise ?\" \/>\n<meta property=\"og:description\" content=\"RUGBY - TOP 14 - Sauv\u00e9e in extremis de la descente en Pro D2 la saison pass\u00e9e, la Section Paloise n&#039;aura plus le droit \u00e0 l&#039;erreur en 2022.\" \/>\n<meta property=\"og:url\" content=\"https:\/\/dicodusport.fr\/blog\/top-14-quelle-saison-pour-la-section-paloise\/\" \/>\n<meta property=\"og:site_name\" content=\"Dicodusport\" \/>\n<meta property=\"article:publisher\" content=\"https:\/\/www.facebook.com\/dicodusport\" \/>\n<meta property=\"article:author\" content=\"https:\/\/www.facebook.com\/alexandre.jeffroy.3\/\" \/>\n<meta property=\"article:published_time\" content=\"2021-08-22T09:42:57+00:00\" \/>\n<meta property=\"article:modified_time\" content=\"2021-08-22T09:50:50+00:00\" \/>\n<meta property=\"og:image\" content=\"https:\/\/dicodusport.fr\/blog\/wp-content\/uploads\/2021\/08\/Top-14-Quelle-saison-pour-la-Section-Paloise.png\" \/>\n\t<meta property=\"og:image:width\" content=\"800\" \/>\n\t<meta property=\"og:image:height\" content=\"445\" \/>\n\t<meta property=\"og:image:type\" content=\"image\/png\" \/>\n<meta name=\"author\" content=\"Alexandre Jeffroy\" \/>\n<meta name=\"twitter:card\" content=\"summary_large_image\" \/>\n<meta name=\"twitter:title\" content=\"Top 14 : Quelle saison pour la Section Paloise ?\" \/>\n<meta name=\"twitter:creator\" content=\"@https:\/\/twitter.com\/smokinalexjoe\" \/>\n<meta name=\"twitter:site\" content=\"@dicodusport\" \/>\n<script type=\"application\/ld+json\" class=\"yoast-schema-graph\">{\"@context\":\"https:\/\/schema.org\",\"@graph\":[{\"@type\":\"NewsArticle\",\"@id\":\"https:\/\/dicodusport.fr\/blog\/top-14-quelle-saison-pour-la-section-paloise\/#article\",\"isPartOf\":{\"@id\":\"https:\/\/dicodusport.fr\/blog\/top-14-quelle-saison-pour-la-section-paloise\/\"},\"author\":{\"name\":\"Alexandre Jeffroy\",\"@id\":\"https:\/\/dicodusport.fr\/blog\/#\/schema\/person\/0e50be5ee9a0e6705846ac950257c4a0\"},\"headline\":\"Top 14 : Quelle saison pour la Section Paloise ?\",\"datePublished\":\"2021-08-22T09:42:57+00:00\",\"dateModified\":\"2021-08-22T09:50:50+00:00\",\"mainEntityOfPage\":{\"@id\":\"https:\/\/dicodusport.fr\/blog\/top-14-quelle-saison-pour-la-section-paloise\/\"},\"wordCount\":1006,\"commentCount\":0,\"publisher\":{\"@id\":\"https:\/\/dicodusport.fr\/blog\/#organization\"},\"image\":{\"@id\":\"https:\/\/dicodusport.fr\/blog\/top-14-quelle-saison-pour-la-section-paloise\/#primaryimage\"},\"thumbnailUrl\":\"https:\/\/dicodusport.fr\/blog\/wp-content\/uploads\/2021\/08\/Top-14-Quelle-saison-pour-la-Section-Paloise.png\",\"keywords\":[\"Rugby\",\"section paloise\"],\"articleSection\":[\"Top 14\"],\"inLanguage\":\"fr-FR\",\"potentialAction\":[{\"@type\":\"CommentAction\",\"name\":\"Comment\",\"target\":[\"https:\/\/dicodusport.fr\/blog\/top-14-quelle-saison-pour-la-section-paloise\/#respond\"]}],\"copyrightYear\":\"2021\",\"copyrightHolder\":{\"@id\":\"https:\/\/dicodusport.fr\/blog\/#organization\"}},{\"@type\":\"WebPage\",\"@id\":\"https:\/\/dicodusport.fr\/blog\/top-14-quelle-saison-pour-la-section-paloise\/\",\"url\":\"https:\/\/dicodusport.fr\/blog\/top-14-quelle-saison-pour-la-section-paloise\/\",\"name\":\"Top 14 : Quelle saison pour la Section Paloise ?\",\"isPartOf\":{\"@id\":\"https:\/\/dicodusport.fr\/blog\/#website\"},\"primaryImageOfPage\":{\"@id\":\"https:\/\/dicodusport.fr\/blog\/top-14-quelle-saison-pour-la-section-paloise\/#primaryimage\"},\"image\":{\"@id\":\"https:\/\/dicodusport.fr\/blog\/top-14-quelle-saison-pour-la-section-paloise\/#primaryimage\"},\"thumbnailUrl\":\"https:\/\/dicodusport.fr\/blog\/wp-content\/uploads\/2021\/08\/Top-14-Quelle-saison-pour-la-Section-Paloise.png\",\"datePublished\":\"2021-08-22T09:42:57+00:00\",\"dateModified\":\"2021-08-22T09:50:50+00:00\",\"description\":\"RUGBY - TOP 14 - Sauv\u00e9e in extremis de la descente en Pro D2 la saison pass\u00e9e, la Section Paloise n'aura plus le droit \u00e0 l'erreur en 2022.\",\"breadcrumb\":{\"@id\":\"https:\/\/dicodusport.fr\/blog\/top-14-quelle-saison-pour-la-section-paloise\/#breadcrumb\"},\"inLanguage\":\"fr-FR\",\"potentialAction\":[{\"@type\":\"ReadAction\",\"target\":[\"https:\/\/dicodusport.fr\/blog\/top-14-quelle-saison-pour-la-section-paloise\/\"]}]},{\"@type\":\"ImageObject\",\"inLanguage\":\"fr-FR\",\"@id\":\"https:\/\/dicodusport.fr\/blog\/top-14-quelle-saison-pour-la-section-paloise\/#primaryimage\",\"url\":\"https:\/\/dicodusport.fr\/blog\/wp-content\/uploads\/2021\/08\/Top-14-Quelle-saison-pour-la-Section-Paloise.png\",\"contentUrl\":\"https:\/\/dicodusport.fr\/blog\/wp-content\/uploads\/2021\/08\/Top-14-Quelle-saison-pour-la-Section-Paloise.png\",\"width\":800,\"height\":445,\"caption\":\"Top 14 : Quelle saison pour la Section Paloise ?\"},{\"@type\":\"BreadcrumbList\",\"@id\":\"https:\/\/dicodusport.fr\/blog\/top-14-quelle-saison-pour-la-section-paloise\/#breadcrumb\",\"itemListElement\":[{\"@type\":\"ListItem\",\"position\":1,\"name\":\"Accueil\",\"item\":\"https:\/\/dicodusport.fr\/blog\/\"},{\"@type\":\"ListItem\",\"position\":2,\"name\":\"Top 14 : Quelle saison pour la Section Paloise ?\"}]},{\"@type\":\"WebSite\",\"@id\":\"https:\/\/dicodusport.fr\/blog\/#website\",\"url\":\"https:\/\/dicodusport.fr\/blog\/\",\"name\":\"Dicodusport\",\"description\":\"L&#039;encyclop\u00e9die de l&#039;actualit\u00e9 sportive\",\"publisher\":{\"@id\":\"https:\/\/dicodusport.fr\/blog\/#organization\"},\"potentialAction\":[{\"@type\":\"SearchAction\",\"target\":{\"@type\":\"EntryPoint\",\"urlTemplate\":\"https:\/\/dicodusport.fr\/blog\/?s={search_term_string}\"},\"query-input\":{\"@type\":\"PropertyValueSpecification\",\"valueRequired\":true,\"valueName\":\"search_term_string\"}}],\"inLanguage\":\"fr-FR\"},{\"@type\":\"NewsMediaOrganization\",\"@id\":\"https:\/\/dicodusport.fr\/blog\/#organization\",\"name\":\"Dicodusport\",\"url\":\"https:\/\/dicodusport.fr\/blog\/\",\"logo\":{\"@type\":\"ImageObject\",\"inLanguage\":\"fr-FR\",\"@id\":\"https:\/\/dicodusport.fr\/blog\/#\/schema\/logo\/image\/\",\"url\":\"https:\/\/dicodusport.fr\/blog\/wp-content\/uploads\/2020\/06\/cropped-LOGO-DICODUSPORT-2020-SANS-FOND-SANS-TEXTE.png\",\"contentUrl\":\"https:\/\/dicodusport.fr\/blog\/wp-content\/uploads\/2020\/06\/cropped-LOGO-DICODUSPORT-2020-SANS-FOND-SANS-TEXTE.png\",\"width\":512,\"height\":512,\"caption\":\"Dicodusport\"},\"image\":{\"@id\":\"https:\/\/dicodusport.fr\/blog\/#\/schema\/logo\/image\/\"},\"sameAs\":[\"https:\/\/www.facebook.com\/dicodusport\",\"https:\/\/x.com\/dicodusport\",\"https:\/\/www.instagram.com\/dicodusport\/\",\"https:\/\/www.youtube.com\/channel\/UC7V2KZ5sd3htJivAbA4ZG3w\"],\"description\":\"Dicodusport est l'encyclop\u00e9die de l'actualit\u00e9 sportive.\",\"email\":\"bonjour@dicodusport.fr\",\"legalName\":\"DICODUSPORT\",\"foundingDate\":\"2018-01-14\",\"vatID\":\"FR71834470973\",\"taxID\":\"83447097300043\",\"numberOfEmployees\":{\"@type\":\"QuantitativeValue\",\"minValue\":\"1\",\"maxValue\":\"10\"}},{\"@type\":\"Person\",\"@id\":\"https:\/\/dicodusport.fr\/blog\/#\/schema\/person\/0e50be5ee9a0e6705846ac950257c4a0\",\"name\":\"Alexandre Jeffroy\",\"image\":{\"@type\":\"ImageObject\",\"inLanguage\":\"fr-FR\",\"@id\":\"https:\/\/dicodusport.fr\/blog\/#\/schema\/person\/image\/\",\"url\":\"https:\/\/dicodusport.fr\/blog\/wp-content\/uploads\/2021\/05\/Alexandre-Jeffroy-150x150.jpg\",\"contentUrl\":\"https:\/\/dicodusport.fr\/blog\/wp-content\/uploads\/2021\/05\/Alexandre-Jeffroy-150x150.jpg\",\"caption\":\"Alexandre Jeffroy\"},\"description\":\"Journaliste\/R\u00e9dacteur depuis octobre 2020 - Bolt qui foudroie le record du monde du 100 m\u00e8tres, les derniers essais de Dominici, les premi\u00e8res charges d\u00e9vastatrices de Bastarocket... de beaux souvenirs pour une grande passion, celle du sport. L\u2019histoire du sport aussi. Comprendre le r\u00f4le qu\u2019il a eu, celui qu\u2019il a et celui qu\u2019il aura dans notre soci\u00e9t\u00e9. Le sport au pass\u00e9, au pr\u00e9sent, au futur. Le sport tous les jours, matin, midi et soir. A d\u00e9faut d\u2019\u00eatre un grand sportif, je suis et je raconte l\u2019actualit\u00e9 et l\u2019histoire des championnes et des champions qui savent se d\u00e9passer pour accomplir des merveilles.\",\"sameAs\":[\"https:\/\/www.facebook.com\/alexandre.jeffroy.3\/\",\"https:\/\/x.com\/https:\/\/twitter.com\/smokinalexjoe\"],\"url\":\"https:\/\/dicodusport.fr\/blog\/author\/alexandrejeffroy\/\"}]}<\/script>\n<!-- \/ Yoast SEO Premium plugin. -->","yoast_head_json":{"title":"Top 14 : Quelle saison pour la Section Paloise ?","description":"RUGBY - TOP 14 - Sauv\u00e9e in extremis de la descente en Pro D2 la saison pass\u00e9e, la Section Paloise n'aura plus le droit \u00e0 l'erreur en 2022.","robots":{"index":"index","follow":"follow","max-snippet":"max-snippet:-1","max-image-preview":"max-image-preview:large","max-video-preview":"max-video-preview:-1"},"canonical":"https:\/\/dicodusport.fr\/blog\/top-14-quelle-saison-pour-la-section-paloise\/","og_locale":"fr_FR","og_type":"article","og_title":"Top 14 : Quelle saison pour la Section Paloise ?","og_description":"RUGBY - TOP 14 - Sauv\u00e9e in extremis de la descente en Pro D2 la saison pass\u00e9e, la Section Paloise n'aura plus le droit \u00e0 l'erreur en 2022.","og_url":"https:\/\/dicodusport.fr\/blog\/top-14-quelle-saison-pour-la-section-paloise\/","og_site_name":"Dicodusport","article_publisher":"https:\/\/www.facebook.com\/dicodusport","article_author":"https:\/\/www.facebook.com\/alexandre.jeffroy.3\/","article_published_time":"2021-08-22T09:42:57+00:00","article_modified_time":"2021-08-22T09:50:50+00:00","og_image":[{"width":800,"height":445,"url":"https:\/\/dicodusport.fr\/blog\/wp-content\/uploads\/2021\/08\/Top-14-Quelle-saison-pour-la-Section-Paloise.png","type":"image\/png"}],"author":"Alexandre Jeffroy","twitter_card":"summary_large_image","twitter_title":"Top 14 : Quelle saison pour la Section Paloise ?","twitter_creator":"@https:\/\/twitter.com\/smokinalexjoe","twitter_site":"@dicodusport","schema":{"@context":"https:\/\/schema.org","@graph":[{"@type":"NewsArticle","@id":"https:\/\/dicodusport.fr\/blog\/top-14-quelle-saison-pour-la-section-paloise\/#article","isPartOf":{"@id":"https:\/\/dicodusport.fr\/blog\/top-14-quelle-saison-pour-la-section-paloise\/"},"author":{"name":"Alexandre Jeffroy","@id":"https:\/\/dicodusport.fr\/blog\/#\/schema\/person\/0e50be5ee9a0e6705846ac950257c4a0"},"headline":"Top 14 : Quelle saison pour la Section Paloise ?","datePublished":"2021-08-22T09:42:57+00:00","dateModified":"2021-08-22T09:50:50+00:00","mainEntityOfPage":{"@id":"https:\/\/dicodusport.fr\/blog\/top-14-quelle-saison-pour-la-section-paloise\/"},"wordCount":1006,"commentCount":0,"publisher":{"@id":"https:\/\/dicodusport.fr\/blog\/#organization"},"image":{"@id":"https:\/\/dicodusport.fr\/blog\/top-14-quelle-saison-pour-la-section-paloise\/#primaryimage"},"thumbnailUrl":"https:\/\/dicodusport.fr\/blog\/wp-content\/uploads\/2021\/08\/Top-14-Quelle-saison-pour-la-Section-Paloise.png","keywords":["Rugby","section paloise"],"articleSection":["Top 14"],"inLanguage":"fr-FR","potentialAction":[{"@type":"CommentAction","name":"Comment","target":["https:\/\/dicodusport.fr\/blog\/top-14-quelle-saison-pour-la-section-paloise\/#respond"]}],"copyrightYear":"2021","copyrightHolder":{"@id":"https:\/\/dicodusport.fr\/blog\/#organization"}},{"@type":"WebPage","@id":"https:\/\/dicodusport.fr\/blog\/top-14-quelle-saison-pour-la-section-paloise\/","url":"https:\/\/dicodusport.fr\/blog\/top-14-quelle-saison-pour-la-section-paloise\/","name":"Top 14 : Quelle saison pour la Section Paloise ?","isPartOf":{"@id":"https:\/\/dicodusport.fr\/blog\/#website"},"primaryImageOfPage":{"@id":"https:\/\/dicodusport.fr\/blog\/top-14-quelle-saison-pour-la-section-paloise\/#primaryimage"},"image":{"@id":"https:\/\/dicodusport.fr\/blog\/top-14-quelle-saison-pour-la-section-paloise\/#primaryimage"},"thumbnailUrl":"https:\/\/dicodusport.fr\/blog\/wp-content\/uploads\/2021\/08\/Top-14-Quelle-saison-pour-la-Section-Paloise.png","datePublished":"2021-08-22T09:42:57+00:00","dateModified":"2021-08-22T09:50:50+00:00","description":"RUGBY - TOP 14 - Sauv\u00e9e in extremis de la descente en Pro D2 la saison pass\u00e9e, la Section Paloise n'aura plus le droit \u00e0 l'erreur en 2022.","breadcrumb":{"@id":"https:\/\/dicodusport.fr\/blog\/top-14-quelle-saison-pour-la-section-paloise\/#breadcrumb"},"inLanguage":"fr-FR","potentialAction":[{"@type":"ReadAction","target":["https:\/\/dicodusport.fr\/blog\/top-14-quelle-saison-pour-la-section-paloise\/"]}]},{"@type":"ImageObject","inLanguage":"fr-FR","@id":"https:\/\/dicodusport.fr\/blog\/top-14-quelle-saison-pour-la-section-paloise\/#primaryimage","url":"https:\/\/dicodusport.fr\/blog\/wp-content\/uploads\/2021\/08\/Top-14-Quelle-saison-pour-la-Section-Paloise.png","contentUrl":"https:\/\/dicodusport.fr\/blog\/wp-content\/uploads\/2021\/08\/Top-14-Quelle-saison-pour-la-Section-Paloise.png","width":800,"height":445,"caption":"Top 14 : Quelle saison pour la Section Paloise ?"},{"@type":"BreadcrumbList","@id":"https:\/\/dicodusport.fr\/blog\/top-14-quelle-saison-pour-la-section-paloise\/#breadcrumb","itemListElement":[{"@type":"ListItem","position":1,"name":"Accueil","item":"https:\/\/dicodusport.fr\/blog\/"},{"@type":"ListItem","position":2,"name":"Top 14 : Quelle saison pour la Section Paloise ?"}]},{"@type":"WebSite","@id":"https:\/\/dicodusport.fr\/blog\/#website","url":"https:\/\/dicodusport.fr\/blog\/","name":"Dicodusport","description":"L&#039;encyclop\u00e9die de l&#039;actualit\u00e9 sportive","publisher":{"@id":"https:\/\/dicodusport.fr\/blog\/#organization"},"potentialAction":[{"@type":"SearchAction","target":{"@type":"EntryPoint","urlTemplate":"https:\/\/dicodusport.fr\/blog\/?s={search_term_string}"},"query-input":{"@type":"PropertyValueSpecification","valueRequired":true,"valueName":"search_term_string"}}],"inLanguage":"fr-FR"},{"@type":"NewsMediaOrganization","@id":"https:\/\/dicodusport.fr\/blog\/#organization","name":"Dicodusport","url":"https:\/\/dicodusport.fr\/blog\/","logo":{"@type":"ImageObject","inLanguage":"fr-FR","@id":"https:\/\/dicodusport.fr\/blog\/#\/schema\/logo\/image\/","url":"https:\/\/dicodusport.fr\/blog\/wp-content\/uploads\/2020\/06\/cropped-LOGO-DICODUSPORT-2020-SANS-FOND-SANS-TEXTE.png","contentUrl":"https:\/\/dicodusport.fr\/blog\/wp-content\/uploads\/2020\/06\/cropped-LOGO-DICODUSPORT-2020-SANS-FOND-SANS-TEXTE.png","width":512,"height":512,"caption":"Dicodusport"},"image":{"@id":"https:\/\/dicodusport.fr\/blog\/#\/schema\/logo\/image\/"},"sameAs":["https:\/\/www.facebook.com\/dicodusport","https:\/\/x.com\/dicodusport","https:\/\/www.instagram.com\/dicodusport\/","https:\/\/www.youtube.com\/channel\/UC7V2KZ5sd3htJivAbA4ZG3w"],"description":"Dicodusport est l'encyclop\u00e9die de l'actualit\u00e9 sportive.","email":"bonjour@dicodusport.fr","legalName":"DICODUSPORT","foundingDate":"2018-01-14","vatID":"FR71834470973","taxID":"83447097300043","numberOfEmployees":{"@type":"QuantitativeValue","minValue":"1","maxValue":"10"}},{"@type":"Person","@id":"https:\/\/dicodusport.fr\/blog\/#\/schema\/person\/0e50be5ee9a0e6705846ac950257c4a0","name":"Alexandre Jeffroy","image":{"@type":"ImageObject","inLanguage":"fr-FR","@id":"https:\/\/dicodusport.fr\/blog\/#\/schema\/person\/image\/","url":"https:\/\/dicodusport.fr\/blog\/wp-content\/uploads\/2021\/05\/Alexandre-Jeffroy-150x150.jpg","contentUrl":"https:\/\/dicodusport.fr\/blog\/wp-content\/uploads\/2021\/05\/Alexandre-Jeffroy-150x150.jpg","caption":"Alexandre Jeffroy"},"description":"Journaliste\/R\u00e9dacteur depuis octobre 2020 - Bolt qui foudroie le record du monde du 100 m\u00e8tres, les derniers essais de Dominici, les premi\u00e8res charges d\u00e9vastatrices de Bastarocket... de beaux souvenirs pour une grande passion, celle du sport. L\u2019histoire du sport aussi. Comprendre le r\u00f4le qu\u2019il a eu, celui qu\u2019il a et celui qu\u2019il aura dans notre soci\u00e9t\u00e9. Le sport au pass\u00e9, au pr\u00e9sent, au futur. Le sport tous les jours, matin, midi et soir. A d\u00e9faut d\u2019\u00eatre un grand sportif, je suis et je raconte l\u2019actualit\u00e9 et l\u2019histoire des championnes et des champions qui savent se d\u00e9passer pour accomplir des merveilles.","sameAs":["https:\/\/www.facebook.com\/alexandre.jeffroy.3\/","https:\/\/x.com\/https:\/\/twitter.com\/smokinalexjoe"],"url":"https:\/\/dicodusport.fr\/blog\/author\/alexandrejeffroy\/"}]}},"_links":{"self":[{"href":"https:\/\/dicodusport.fr\/blog\/wp-json\/wp\/v2\/posts\/159688","targetHints":{"allow":["GET"]}}],"collection":[{"href":"https:\/\/dicodusport.fr\/blog\/wp-json\/wp\/v2\/posts"}],"about":[{"href":"https:\/\/dicodusport.fr\/blog\/wp-json\/wp\/v2\/types\/post"}],"author":[{"embeddable":true,"href":"https:\/\/dicodusport.fr\/blog\/wp-json\/wp\/v2\/users\/45"}],"replies":[{"embeddable":true,"href":"https:\/\/dicodusport.fr\/blog\/wp-json\/wp\/v2\/comments?post=159688"}],"version-history":[{"count":0,"href":"https:\/\/dicodusport.fr\/blog\/wp-json\/wp\/v2\/posts\/159688\/revisions"}],"wp:featuredmedia":[{"embeddable":true,"href":"https:\/\/dicodusport.fr\/blog\/wp-json\/wp\/v2\/media\/160160"}],"wp:attachment":[{"href":"https:\/\/dicodusport.fr\/blog\/wp-json\/wp\/v2\/media?parent=159688"}],"wp:term":[{"taxonomy":"category","embeddable":true,"href":"https:\/\/dicodusport.fr\/blog\/wp-json\/wp\/v2\/categories?post=159688"},{"taxonomy":"post_tag","embeddable":true,"href":"https:\/\/dicodusport.fr\/blog\/wp-json\/wp\/v2\/tags?post=159688"}],"curies":[{"name":"wp","href":"https:\/\/api.w.org\/{rel}","templated":true}]}}