{"id":159698,"date":"2021-08-20T10:32:39","date_gmt":"2021-08-20T08:32:39","guid":{"rendered":"https:\/\/dicodusport.fr\/blog\/?p=159698&#038;preview=true&#038;preview_id=159698"},"modified":"2021-08-20T10:32:39","modified_gmt":"2021-08-20T08:32:39","slug":"une-banderole-et-un-communique-les-supporters-de-l-ol-sont-en-colere","status":"publish","type":"post","link":"https:\/\/dicodusport.fr\/blog\/une-banderole-et-un-communique-les-supporters-de-l-ol-sont-en-colere\/","title":{"rendered":"Une banderole et un communiqu\u00e9 : les supporters de l&rsquo;OL sont en col\u00e8re"},"content":{"rendered":"<p style=\"text-align: justify;\"><strong><em>FOOTBALL &#8211; La col\u00e8re gronde \u00e0 Lyon, apr\u00e8s les deux premi\u00e8res journ\u00e9es de Ligue 1 inqui\u00e9tantes. Les supporters de l&rsquo;Olympique Lyonnais veulent, par cons\u00e9quent, se faire entendre.\u00a0<\/em><\/strong><\/p>\n<p style=\"text-align: justify;\">Ce vendredi matin, les supporters lyonnais ont d\u00e9ploy\u00e9 une banderole tr\u00e8s explicite au centre d&rsquo;entra\u00eenement de l&rsquo;OL. <em>\u00ab Bougez-vous ou cassez-vous \u00bb<\/em>, ont-ils ainsi inscrit sur cette banderole, apr\u00e8s que le comportement de plusieurs joueurs ont \u00e9t\u00e9 point\u00e9s du doigt sur ce d\u00e9but de saison. Dans la foul\u00e9e, un communiqu\u00e9 qui d\u00e9veloppe cette id\u00e9e a \u00e9t\u00e9 relay\u00e9 sur les r\u00e9seaux sociaux. Avec seulement un point en deux matchs, l&rsquo;<strong>OL<\/strong> n&rsquo;a d\u00e9j\u00e0 plus de temps, et le match face \u00e0 Clermont dimanche pour le compte de la <a href=\"https:\/\/dicodusport.fr\/blog\/calendrier-ligue-1-2021-2022-3eme-journee-programme-tv-et-resultats\/\">3\u00e8me journ\u00e9e de Ligue 1<\/a> est d\u00e9j\u00e0 tr\u00e8s important.<\/p>\n<h2 style=\"text-align: justify;\">La banderole<\/h2>\n<blockquote class=\"twitter-tweet\">\n<p dir=\"ltr\" lang=\"fr\">&#x1f535;&#x1f534; Un groupe de supporters de l&rsquo;OL a d\u00e9ploy\u00e9 une banderole au message explicite au centre d&rsquo;entra\u00eenement des Gones, \u00e0 deux jours d&rsquo;accueillir Clermont pour le compte de la troisi\u00e8me journ\u00e9e de Ligue 1 : \u00ab\u00a0Bougez-vous ou cassez-vous\u00a0\u00bb, peut-on lire.<\/p>\n<p>\u2014 RMC Sport (@RMCsport) <a href=\"https:\/\/twitter.com\/RMCsport\/status\/1428615225922707459?ref_src=twsrc%5Etfw\">August 20, 2021<\/a><\/p><\/blockquote>\n<p style=\"text-align: justify;\"><script async src=\"https:\/\/platform.twitter.com\/widgets.js\" charset=\"utf-8\"><\/script><\/p>\n<h2 style=\"text-align: justify;\">Le communiqu\u00e9<\/h2>\n<blockquote class=\"twitter-tweet\">\n<p dir=\"ltr\" lang=\"fr\">En compl\u00e9ment de la banderole matinale <a href=\"https:\/\/t.co\/14vdQgFxWu\">pic.twitter.com\/14vdQgFxWu<\/a><\/p>\n<p>\u2014 BFL! (@Nuggets1987) <a href=\"https:\/\/twitter.com\/Nuggets1987\/status\/1428616252088627200?ref_src=twsrc%5Etfw\">August 20, 2021<\/a><\/p><\/blockquote>\n<p style=\"text-align: justify;\"><script async src=\"https:\/\/platform.twitter.com\/widgets.js\" charset=\"utf-8\"><\/script><\/p>\n","protected":false},"excerpt":{"rendered":"<p>FOOTBALL &#8211; La col\u00e8re gronde \u00e0 Lyon, apr\u00e8s les deux premi\u00e8res journ\u00e9es de Ligue 1 inqui\u00e9tantes. Les supporters de l&rsquo;Olympique Lyonnais veulent, par cons\u00e9quent, se faire entendre.\u00a0<\/p>\n","protected":false},"author":1,"featured_media":159706,"comment_status":"open","ping_status":"closed","sticky":false,"template":"","format":"standard","meta":{"_acf_changed":false,"_daextam_enable_autolinks":"","footnotes":""},"categories":[47045],"tags":[1145,1146,2355],"class_list":["post-159698","post","type-post","status-publish","format-standard","has-post-thumbnail","hentry","category-ligue-1","tag-ol","tag-olympique-lyonnais","tag-supporters"],"acf":[],"yoast_head":"<!-- This site is optimized with the Yoast SEO Premium plugin v26.7 (Yoast SEO v26.7) - https:\/\/yoast.com\/wordpress\/plugins\/seo\/ -->\n<title>Une banderole et un communiqu\u00e9 : les supporters de l&#039;OL sont en col\u00e8re<\/title>\n<meta name=\"description\" content=\"FOOTBALL - La col\u00e8re gronde \u00e0 Lyon, apr\u00e8s les deux premi\u00e8res journ\u00e9es de Ligue 1 inqui\u00e9tantes. Les supporters de l&#039;OL veulent se faire entendre.\u00a0\" \/>\n<meta name=\"robots\" content=\"index, follow, max-snippet:-1, max-image-preview:large, max-video-preview:-1\" \/>\n<link rel=\"canonical\" href=\"https:\/\/dicodusport.fr\/blog\/une-banderole-et-un-communique-les-supporters-de-l-ol-sont-en-colere\/\" \/>\n<meta property=\"og:locale\" content=\"fr_FR\" \/>\n<meta property=\"og:type\" content=\"article\" \/>\n<meta property=\"og:title\" content=\"Une banderole et un communiqu\u00e9 : les supporters de l&#039;OL sont en col\u00e8re\" \/>\n<meta property=\"og:description\" content=\"FOOTBALL - La col\u00e8re gronde \u00e0 Lyon, apr\u00e8s les deux premi\u00e8res journ\u00e9es de Ligue 1 inqui\u00e9tantes. Les supporters de l&#039;OL veulent se faire entendre.\u00a0\" \/>\n<meta property=\"og:url\" content=\"https:\/\/dicodusport.fr\/blog\/une-banderole-et-un-communique-les-supporters-de-l-ol-sont-en-colere\/\" \/>\n<meta property=\"og:site_name\" content=\"Dicodusport\" \/>\n<meta property=\"article:publisher\" content=\"https:\/\/www.facebook.com\/dicodusport\" \/>\n<meta property=\"article:author\" content=\"https:\/\/www.facebook.com\/dicodusport\" \/>\n<meta property=\"article:published_time\" content=\"2021-08-20T08:32:39+00:00\" \/>\n<meta property=\"og:image\" content=\"https:\/\/dicodusport.fr\/blog\/wp-content\/uploads\/2021\/08\/Une-banderole-et-un-communique\u0301-les-supporters-de-lOL-sont-en-cole\u0300re.png\" \/>\n\t<meta property=\"og:image:width\" content=\"800\" \/>\n\t<meta property=\"og:image:height\" content=\"445\" \/>\n\t<meta property=\"og:image:type\" content=\"image\/png\" \/>\n<meta name=\"author\" content=\"Nicolas Jacquemard\" \/>\n<meta name=\"twitter:card\" content=\"summary_large_image\" \/>\n<meta name=\"twitter:title\" content=\"Une banderole et un communiqu\u00e9 : les supporters de l&#039;OL sont en col\u00e8re\" \/>\n<meta name=\"twitter:creator\" content=\"@https:\/\/twitter.com\/Nico_Jacquemard\" \/>\n<meta name=\"twitter:site\" content=\"@dicodusport\" \/>\n<script type=\"application\/ld+json\" class=\"yoast-schema-graph\">{\"@context\":\"https:\/\/schema.org\",\"@graph\":[{\"@type\":\"NewsArticle\",\"@id\":\"https:\/\/dicodusport.fr\/blog\/une-banderole-et-un-communique-les-supporters-de-l-ol-sont-en-colere\/#article\",\"isPartOf\":{\"@id\":\"https:\/\/dicodusport.fr\/blog\/une-banderole-et-un-communique-les-supporters-de-l-ol-sont-en-colere\/\"},\"author\":{\"name\":\"Nicolas Jacquemard\",\"@id\":\"https:\/\/dicodusport.fr\/blog\/#\/schema\/person\/55dcb50ad410894e431ed812bbb70191\"},\"headline\":\"Une banderole et un communiqu\u00e9 : les supporters de l&rsquo;OL sont en col\u00e8re\",\"datePublished\":\"2021-08-20T08:32:39+00:00\",\"mainEntityOfPage\":{\"@id\":\"https:\/\/dicodusport.fr\/blog\/une-banderole-et-un-communique-les-supporters-de-l-ol-sont-en-colere\/\"},\"wordCount\":224,\"commentCount\":0,\"publisher\":{\"@id\":\"https:\/\/dicodusport.fr\/blog\/#organization\"},\"image\":{\"@id\":\"https:\/\/dicodusport.fr\/blog\/une-banderole-et-un-communique-les-supporters-de-l-ol-sont-en-colere\/#primaryimage\"},\"thumbnailUrl\":\"https:\/\/dicodusport.fr\/blog\/wp-content\/uploads\/2021\/08\/Une-banderole-et-un-communique\u0301-les-supporters-de-lOL-sont-en-cole\u0300re.png\",\"keywords\":[\"OL\",\"Olympique lyonnais\",\"supporters\"],\"articleSection\":[\"Ligue 1\"],\"inLanguage\":\"fr-FR\",\"potentialAction\":[{\"@type\":\"CommentAction\",\"name\":\"Comment\",\"target\":[\"https:\/\/dicodusport.fr\/blog\/une-banderole-et-un-communique-les-supporters-de-l-ol-sont-en-colere\/#respond\"]}],\"copyrightYear\":\"2021\",\"copyrightHolder\":{\"@id\":\"https:\/\/dicodusport.fr\/blog\/#organization\"}},{\"@type\":\"WebPage\",\"@id\":\"https:\/\/dicodusport.fr\/blog\/une-banderole-et-un-communique-les-supporters-de-l-ol-sont-en-colere\/\",\"url\":\"https:\/\/dicodusport.fr\/blog\/une-banderole-et-un-communique-les-supporters-de-l-ol-sont-en-colere\/\",\"name\":\"Une banderole et un communiqu\u00e9 : les supporters de l'OL sont en col\u00e8re\",\"isPartOf\":{\"@id\":\"https:\/\/dicodusport.fr\/blog\/#website\"},\"primaryImageOfPage\":{\"@id\":\"https:\/\/dicodusport.fr\/blog\/une-banderole-et-un-communique-les-supporters-de-l-ol-sont-en-colere\/#primaryimage\"},\"image\":{\"@id\":\"https:\/\/dicodusport.fr\/blog\/une-banderole-et-un-communique-les-supporters-de-l-ol-sont-en-colere\/#primaryimage\"},\"thumbnailUrl\":\"https:\/\/dicodusport.fr\/blog\/wp-content\/uploads\/2021\/08\/Une-banderole-et-un-communique\u0301-les-supporters-de-lOL-sont-en-cole\u0300re.png\",\"datePublished\":\"2021-08-20T08:32:39+00:00\",\"description\":\"FOOTBALL - La col\u00e8re gronde \u00e0 Lyon, apr\u00e8s les deux premi\u00e8res journ\u00e9es de Ligue 1 inqui\u00e9tantes. Les supporters de l'OL veulent se faire entendre.\u00a0\",\"breadcrumb\":{\"@id\":\"https:\/\/dicodusport.fr\/blog\/une-banderole-et-un-communique-les-supporters-de-l-ol-sont-en-colere\/#breadcrumb\"},\"inLanguage\":\"fr-FR\",\"potentialAction\":[{\"@type\":\"ReadAction\",\"target\":[\"https:\/\/dicodusport.fr\/blog\/une-banderole-et-un-communique-les-supporters-de-l-ol-sont-en-colere\/\"]}]},{\"@type\":\"ImageObject\",\"inLanguage\":\"fr-FR\",\"@id\":\"https:\/\/dicodusport.fr\/blog\/une-banderole-et-un-communique-les-supporters-de-l-ol-sont-en-colere\/#primaryimage\",\"url\":\"https:\/\/dicodusport.fr\/blog\/wp-content\/uploads\/2021\/08\/Une-banderole-et-un-communique\u0301-les-supporters-de-lOL-sont-en-cole\u0300re.png\",\"contentUrl\":\"https:\/\/dicodusport.fr\/blog\/wp-content\/uploads\/2021\/08\/Une-banderole-et-un-communique\u0301-les-supporters-de-lOL-sont-en-cole\u0300re.png\",\"width\":800,\"height\":445},{\"@type\":\"BreadcrumbList\",\"@id\":\"https:\/\/dicodusport.fr\/blog\/une-banderole-et-un-communique-les-supporters-de-l-ol-sont-en-colere\/#breadcrumb\",\"itemListElement\":[{\"@type\":\"ListItem\",\"position\":1,\"name\":\"Accueil\",\"item\":\"https:\/\/dicodusport.fr\/blog\/\"},{\"@type\":\"ListItem\",\"position\":2,\"name\":\"Une banderole et un communiqu\u00e9 : les supporters de l&rsquo;OL sont en col\u00e8re\"}]},{\"@type\":\"WebSite\",\"@id\":\"https:\/\/dicodusport.fr\/blog\/#website\",\"url\":\"https:\/\/dicodusport.fr\/blog\/\",\"name\":\"Dicodusport\",\"description\":\"L&#039;encyclop\u00e9die de l&#039;actualit\u00e9 sportive\",\"publisher\":{\"@id\":\"https:\/\/dicodusport.fr\/blog\/#organization\"},\"potentialAction\":[{\"@type\":\"SearchAction\",\"target\":{\"@type\":\"EntryPoint\",\"urlTemplate\":\"https:\/\/dicodusport.fr\/blog\/?s={search_term_string}\"},\"query-input\":{\"@type\":\"PropertyValueSpecification\",\"valueRequired\":true,\"valueName\":\"search_term_string\"}}],\"inLanguage\":\"fr-FR\"},{\"@type\":\"NewsMediaOrganization\",\"@id\":\"https:\/\/dicodusport.fr\/blog\/#organization\",\"name\":\"Dicodusport\",\"url\":\"https:\/\/dicodusport.fr\/blog\/\",\"logo\":{\"@type\":\"ImageObject\",\"inLanguage\":\"fr-FR\",\"@id\":\"https:\/\/dicodusport.fr\/blog\/#\/schema\/logo\/image\/\",\"url\":\"https:\/\/dicodusport.fr\/blog\/wp-content\/uploads\/2020\/06\/cropped-LOGO-DICODUSPORT-2020-SANS-FOND-SANS-TEXTE.png\",\"contentUrl\":\"https:\/\/dicodusport.fr\/blog\/wp-content\/uploads\/2020\/06\/cropped-LOGO-DICODUSPORT-2020-SANS-FOND-SANS-TEXTE.png\",\"width\":512,\"height\":512,\"caption\":\"Dicodusport\"},\"image\":{\"@id\":\"https:\/\/dicodusport.fr\/blog\/#\/schema\/logo\/image\/\"},\"sameAs\":[\"https:\/\/www.facebook.com\/dicodusport\",\"https:\/\/x.com\/dicodusport\",\"https:\/\/www.instagram.com\/dicodusport\/\",\"https:\/\/www.youtube.com\/channel\/UC7V2KZ5sd3htJivAbA4ZG3w\"],\"description\":\"Dicodusport est l'encyclop\u00e9die de l'actualit\u00e9 sportive.\",\"email\":\"bonjour@dicodusport.fr\",\"legalName\":\"DICODUSPORT\",\"foundingDate\":\"2018-01-14\",\"vatID\":\"FR71834470973\",\"taxID\":\"83447097300043\",\"numberOfEmployees\":{\"@type\":\"QuantitativeValue\",\"minValue\":\"1\",\"maxValue\":\"10\"}},{\"@type\":\"Person\",\"@id\":\"https:\/\/dicodusport.fr\/blog\/#\/schema\/person\/55dcb50ad410894e431ed812bbb70191\",\"name\":\"Nicolas Jacquemard\",\"image\":{\"@type\":\"ImageObject\",\"inLanguage\":\"fr-FR\",\"@id\":\"https:\/\/dicodusport.fr\/blog\/#\/schema\/person\/image\/\",\"url\":\"https:\/\/dicodusport.fr\/blog\/wp-content\/uploads\/2021\/05\/Nicolas-Jacquemard-150x150.jpeg\",\"contentUrl\":\"https:\/\/dicodusport.fr\/blog\/wp-content\/uploads\/2021\/05\/Nicolas-Jacquemard-150x150.jpeg\",\"caption\":\"Nicolas Jacquemard\"},\"description\":\"Passionn\u00e9 de sport et entrepreneur depuis mes 18 ans, la cr\u00e9ation de Dicodusport m'a sembl\u00e9 \u00e9vidente pour participer \u00e0 la m\u00e9diatisation d'un plus grand nombre de sports. Le chemin est long mais avec une \u00e9quipe des plus motiv\u00e9es et les Jeux Olympiques de Paris 2024 en point de mire, nous y arriverons ! Journaliste dans le monde du sport depuis plus de 5 ans, je traite aussi bien de football, de rugby, de biathlon que de cyclisme.\",\"sameAs\":[\"https:\/\/www.facebook.com\/dicodusport\",\"https:\/\/x.com\/https:\/\/twitter.com\/Nico_Jacquemard\"],\"url\":\"https:\/\/dicodusport.fr\/blog\/author\/dicodusport\/\"}]}<\/script>\n<!-- \/ Yoast SEO Premium plugin. -->","yoast_head_json":{"title":"Une banderole et un communiqu\u00e9 : les supporters de l'OL sont en col\u00e8re","description":"FOOTBALL - La col\u00e8re gronde \u00e0 Lyon, apr\u00e8s les deux premi\u00e8res journ\u00e9es de Ligue 1 inqui\u00e9tantes. Les supporters de l'OL veulent se faire entendre.\u00a0","robots":{"index":"index","follow":"follow","max-snippet":"max-snippet:-1","max-image-preview":"max-image-preview:large","max-video-preview":"max-video-preview:-1"},"canonical":"https:\/\/dicodusport.fr\/blog\/une-banderole-et-un-communique-les-supporters-de-l-ol-sont-en-colere\/","og_locale":"fr_FR","og_type":"article","og_title":"Une banderole et un communiqu\u00e9 : les supporters de l'OL sont en col\u00e8re","og_description":"FOOTBALL - La col\u00e8re gronde \u00e0 Lyon, apr\u00e8s les deux premi\u00e8res journ\u00e9es de Ligue 1 inqui\u00e9tantes. Les supporters de l'OL veulent se faire entendre.\u00a0","og_url":"https:\/\/dicodusport.fr\/blog\/une-banderole-et-un-communique-les-supporters-de-l-ol-sont-en-colere\/","og_site_name":"Dicodusport","article_publisher":"https:\/\/www.facebook.com\/dicodusport","article_author":"https:\/\/www.facebook.com\/dicodusport","article_published_time":"2021-08-20T08:32:39+00:00","og_image":[{"width":800,"height":445,"url":"https:\/\/dicodusport.fr\/blog\/wp-content\/uploads\/2021\/08\/Une-banderole-et-un-communique\u0301-les-supporters-de-lOL-sont-en-cole\u0300re.png","type":"image\/png"}],"author":"Nicolas Jacquemard","twitter_card":"summary_large_image","twitter_title":"Une banderole et un communiqu\u00e9 : les supporters de l'OL sont en col\u00e8re","twitter_creator":"@https:\/\/twitter.com\/Nico_Jacquemard","twitter_site":"@dicodusport","schema":{"@context":"https:\/\/schema.org","@graph":[{"@type":"NewsArticle","@id":"https:\/\/dicodusport.fr\/blog\/une-banderole-et-un-communique-les-supporters-de-l-ol-sont-en-colere\/#article","isPartOf":{"@id":"https:\/\/dicodusport.fr\/blog\/une-banderole-et-un-communique-les-supporters-de-l-ol-sont-en-colere\/"},"author":{"name":"Nicolas Jacquemard","@id":"https:\/\/dicodusport.fr\/blog\/#\/schema\/person\/55dcb50ad410894e431ed812bbb70191"},"headline":"Une banderole et un communiqu\u00e9 : les supporters de l&rsquo;OL sont en col\u00e8re","datePublished":"2021-08-20T08:32:39+00:00","mainEntityOfPage":{"@id":"https:\/\/dicodusport.fr\/blog\/une-banderole-et-un-communique-les-supporters-de-l-ol-sont-en-colere\/"},"wordCount":224,"commentCount":0,"publisher":{"@id":"https:\/\/dicodusport.fr\/blog\/#organization"},"image":{"@id":"https:\/\/dicodusport.fr\/blog\/une-banderole-et-un-communique-les-supporters-de-l-ol-sont-en-colere\/#primaryimage"},"thumbnailUrl":"https:\/\/dicodusport.fr\/blog\/wp-content\/uploads\/2021\/08\/Une-banderole-et-un-communique\u0301-les-supporters-de-lOL-sont-en-cole\u0300re.png","keywords":["OL","Olympique lyonnais","supporters"],"articleSection":["Ligue 1"],"inLanguage":"fr-FR","potentialAction":[{"@type":"CommentAction","name":"Comment","target":["https:\/\/dicodusport.fr\/blog\/une-banderole-et-un-communique-les-supporters-de-l-ol-sont-en-colere\/#respond"]}],"copyrightYear":"2021","copyrightHolder":{"@id":"https:\/\/dicodusport.fr\/blog\/#organization"}},{"@type":"WebPage","@id":"https:\/\/dicodusport.fr\/blog\/une-banderole-et-un-communique-les-supporters-de-l-ol-sont-en-colere\/","url":"https:\/\/dicodusport.fr\/blog\/une-banderole-et-un-communique-les-supporters-de-l-ol-sont-en-colere\/","name":"Une banderole et un communiqu\u00e9 : les supporters de l'OL sont en col\u00e8re","isPartOf":{"@id":"https:\/\/dicodusport.fr\/blog\/#website"},"primaryImageOfPage":{"@id":"https:\/\/dicodusport.fr\/blog\/une-banderole-et-un-communique-les-supporters-de-l-ol-sont-en-colere\/#primaryimage"},"image":{"@id":"https:\/\/dicodusport.fr\/blog\/une-banderole-et-un-communique-les-supporters-de-l-ol-sont-en-colere\/#primaryimage"},"thumbnailUrl":"https:\/\/dicodusport.fr\/blog\/wp-content\/uploads\/2021\/08\/Une-banderole-et-un-communique\u0301-les-supporters-de-lOL-sont-en-cole\u0300re.png","datePublished":"2021-08-20T08:32:39+00:00","description":"FOOTBALL - La col\u00e8re gronde \u00e0 Lyon, apr\u00e8s les deux premi\u00e8res journ\u00e9es de Ligue 1 inqui\u00e9tantes. Les supporters de l'OL veulent se faire entendre.\u00a0","breadcrumb":{"@id":"https:\/\/dicodusport.fr\/blog\/une-banderole-et-un-communique-les-supporters-de-l-ol-sont-en-colere\/#breadcrumb"},"inLanguage":"fr-FR","potentialAction":[{"@type":"ReadAction","target":["https:\/\/dicodusport.fr\/blog\/une-banderole-et-un-communique-les-supporters-de-l-ol-sont-en-colere\/"]}]},{"@type":"ImageObject","inLanguage":"fr-FR","@id":"https:\/\/dicodusport.fr\/blog\/une-banderole-et-un-communique-les-supporters-de-l-ol-sont-en-colere\/#primaryimage","url":"https:\/\/dicodusport.fr\/blog\/wp-content\/uploads\/2021\/08\/Une-banderole-et-un-communique\u0301-les-supporters-de-lOL-sont-en-cole\u0300re.png","contentUrl":"https:\/\/dicodusport.fr\/blog\/wp-content\/uploads\/2021\/08\/Une-banderole-et-un-communique\u0301-les-supporters-de-lOL-sont-en-cole\u0300re.png","width":800,"height":445},{"@type":"BreadcrumbList","@id":"https:\/\/dicodusport.fr\/blog\/une-banderole-et-un-communique-les-supporters-de-l-ol-sont-en-colere\/#breadcrumb","itemListElement":[{"@type":"ListItem","position":1,"name":"Accueil","item":"https:\/\/dicodusport.fr\/blog\/"},{"@type":"ListItem","position":2,"name":"Une banderole et un communiqu\u00e9 : les supporters de l&rsquo;OL sont en col\u00e8re"}]},{"@type":"WebSite","@id":"https:\/\/dicodusport.fr\/blog\/#website","url":"https:\/\/dicodusport.fr\/blog\/","name":"Dicodusport","description":"L&#039;encyclop\u00e9die de l&#039;actualit\u00e9 sportive","publisher":{"@id":"https:\/\/dicodusport.fr\/blog\/#organization"},"potentialAction":[{"@type":"SearchAction","target":{"@type":"EntryPoint","urlTemplate":"https:\/\/dicodusport.fr\/blog\/?s={search_term_string}"},"query-input":{"@type":"PropertyValueSpecification","valueRequired":true,"valueName":"search_term_string"}}],"inLanguage":"fr-FR"},{"@type":"NewsMediaOrganization","@id":"https:\/\/dicodusport.fr\/blog\/#organization","name":"Dicodusport","url":"https:\/\/dicodusport.fr\/blog\/","logo":{"@type":"ImageObject","inLanguage":"fr-FR","@id":"https:\/\/dicodusport.fr\/blog\/#\/schema\/logo\/image\/","url":"https:\/\/dicodusport.fr\/blog\/wp-content\/uploads\/2020\/06\/cropped-LOGO-DICODUSPORT-2020-SANS-FOND-SANS-TEXTE.png","contentUrl":"https:\/\/dicodusport.fr\/blog\/wp-content\/uploads\/2020\/06\/cropped-LOGO-DICODUSPORT-2020-SANS-FOND-SANS-TEXTE.png","width":512,"height":512,"caption":"Dicodusport"},"image":{"@id":"https:\/\/dicodusport.fr\/blog\/#\/schema\/logo\/image\/"},"sameAs":["https:\/\/www.facebook.com\/dicodusport","https:\/\/x.com\/dicodusport","https:\/\/www.instagram.com\/dicodusport\/","https:\/\/www.youtube.com\/channel\/UC7V2KZ5sd3htJivAbA4ZG3w"],"description":"Dicodusport est l'encyclop\u00e9die de l'actualit\u00e9 sportive.","email":"bonjour@dicodusport.fr","legalName":"DICODUSPORT","foundingDate":"2018-01-14","vatID":"FR71834470973","taxID":"83447097300043","numberOfEmployees":{"@type":"QuantitativeValue","minValue":"1","maxValue":"10"}},{"@type":"Person","@id":"https:\/\/dicodusport.fr\/blog\/#\/schema\/person\/55dcb50ad410894e431ed812bbb70191","name":"Nicolas Jacquemard","image":{"@type":"ImageObject","inLanguage":"fr-FR","@id":"https:\/\/dicodusport.fr\/blog\/#\/schema\/person\/image\/","url":"https:\/\/dicodusport.fr\/blog\/wp-content\/uploads\/2021\/05\/Nicolas-Jacquemard-150x150.jpeg","contentUrl":"https:\/\/dicodusport.fr\/blog\/wp-content\/uploads\/2021\/05\/Nicolas-Jacquemard-150x150.jpeg","caption":"Nicolas Jacquemard"},"description":"Passionn\u00e9 de sport et entrepreneur depuis mes 18 ans, la cr\u00e9ation de Dicodusport m'a sembl\u00e9 \u00e9vidente pour participer \u00e0 la m\u00e9diatisation d'un plus grand nombre de sports. Le chemin est long mais avec une \u00e9quipe des plus motiv\u00e9es et les Jeux Olympiques de Paris 2024 en point de mire, nous y arriverons ! Journaliste dans le monde du sport depuis plus de 5 ans, je traite aussi bien de football, de rugby, de biathlon que de cyclisme.","sameAs":["https:\/\/www.facebook.com\/dicodusport","https:\/\/x.com\/https:\/\/twitter.com\/Nico_Jacquemard"],"url":"https:\/\/dicodusport.fr\/blog\/author\/dicodusport\/"}]}},"_links":{"self":[{"href":"https:\/\/dicodusport.fr\/blog\/wp-json\/wp\/v2\/posts\/159698","targetHints":{"allow":["GET"]}}],"collection":[{"href":"https:\/\/dicodusport.fr\/blog\/wp-json\/wp\/v2\/posts"}],"about":[{"href":"https:\/\/dicodusport.fr\/blog\/wp-json\/wp\/v2\/types\/post"}],"author":[{"embeddable":true,"href":"https:\/\/dicodusport.fr\/blog\/wp-json\/wp\/v2\/users\/1"}],"replies":[{"embeddable":true,"href":"https:\/\/dicodusport.fr\/blog\/wp-json\/wp\/v2\/comments?post=159698"}],"version-history":[{"count":0,"href":"https:\/\/dicodusport.fr\/blog\/wp-json\/wp\/v2\/posts\/159698\/revisions"}],"wp:featuredmedia":[{"embeddable":true,"href":"https:\/\/dicodusport.fr\/blog\/wp-json\/wp\/v2\/media\/159706"}],"wp:attachment":[{"href":"https:\/\/dicodusport.fr\/blog\/wp-json\/wp\/v2\/media?parent=159698"}],"wp:term":[{"taxonomy":"category","embeddable":true,"href":"https:\/\/dicodusport.fr\/blog\/wp-json\/wp\/v2\/categories?post=159698"},{"taxonomy":"post_tag","embeddable":true,"href":"https:\/\/dicodusport.fr\/blog\/wp-json\/wp\/v2\/tags?post=159698"}],"curies":[{"name":"wp","href":"https:\/\/api.w.org\/{rel}","templated":true}]}}