{"id":160136,"date":"2021-08-22T09:39:49","date_gmt":"2021-08-22T07:39:49","guid":{"rendered":"https:\/\/dicodusport.fr\/blog\/?p=160136&#038;preview=true&#038;preview_id=160136"},"modified":"2021-08-22T09:41:07","modified_gmt":"2021-08-22T07:41:07","slug":"vtt-loana-lecomte-chute-et-abandonne-pour-son-retour-a-la-competition","status":"publish","type":"post","link":"https:\/\/dicodusport.fr\/blog\/vtt-loana-lecomte-chute-et-abandonne-pour-son-retour-a-la-competition\/","title":{"rendered":"VTT : Loana Lecomte chute et abandonne pour son retour \u00e0 la comp\u00e9tition"},"content":{"rendered":"<p style=\"text-align: justify;\"><strong><em>VTT &#8211; COUPE DE FRANCE &#8211; Grosse frayeur pour la leader de la Coupe du monde, Loana Lecomte (Team Massi), \u00e0 une semaine des Mondiaux, avec une lourde chute et un abandon lors de la Coupe de France des M\u00e9nuires.\u00a0<\/em><\/strong><\/p>\n<p style=\"text-align: justify;\">Alors qu&rsquo;elle avait d\u00e9j\u00e0 pris une large avance sur ses principales concurrentes samedi aux M\u00e9nuires, <strong>Loana Lecomte<\/strong> est tomb\u00e9e sur un pont \u00e0 la fin du premier tour. La championne de France, qui souffre d&rsquo;une grosse b\u00e9quille \u00e0 la cuisse, a pr\u00e9f\u00e9r\u00e9 abandonner la course qui a finalement \u00e9t\u00e9 remport\u00e9e par <strong>L\u00e9na G\u00e9rault<\/strong>, devant <strong>Julie Bresset<\/strong>. <strong>Loana Lecomte<\/strong> est rest\u00e9e de longues minutes en larmes dans l&rsquo;aire d&rsquo;arriv\u00e9e, mais a finalement pu faire une sortie de r\u00e9cup\u00e9ration l&rsquo;apr\u00e8s-midi. Sa participation aux championnats du monde U23 n&rsquo;est pour le moment pas remise en cause.<\/p>\n<p style=\"text-align: justify;\">Chez les hommes, <strong>Joshua Dubau<\/strong> a remport\u00e9 la course devant <strong>Thomas Griot <\/strong>: les deux hommes seront au d\u00e9part des Mondiaux en Italie la semaine prochaine.<\/p>\n<blockquote class=\"twitter-tweet\">\n<p dir=\"ltr\" lang=\"fr\">VTT . Loana Lecomte chute lourdement et abandonne la Coupe de France de cross-country <a href=\"https:\/\/twitter.com\/hashtag\/DauphineLibere?src=hash&amp;ref_src=twsrc%5Etfw\">#DauphineLibere<\/a> <a href=\"https:\/\/t.co\/Xq2K0a1xfj\">https:\/\/t.co\/Xq2K0a1xfj<\/a><\/p>\n<p>\u2014 ledauphine 74\/73\/01 (@LeDL737401) <a href=\"https:\/\/twitter.com\/LeDL737401\/status\/1429044769582370818?ref_src=twsrc%5Etfw\">August 21, 2021<\/a><\/p><\/blockquote>\n<p style=\"text-align: justify;\"><script async src=\"https:\/\/platform.twitter.com\/widgets.js\" charset=\"utf-8\"><\/script><\/p>\n","protected":false},"excerpt":{"rendered":"<p>VTT &#8211; COUPE DE FRANCE &#8211; Grosse frayeur pour la leader de la Coupe du monde, Loana Lecomte (Team Massi), \u00e0 une semaine des Mondiaux, avec une lourde chute et un abandon lors de la Coupe de France des M\u00e9nuires.\u00a0<\/p>\n","protected":false},"author":1,"featured_media":160140,"comment_status":"open","ping_status":"closed","sticky":false,"template":"","format":"standard","meta":{"_acf_changed":false,"_daextam_enable_autolinks":"","footnotes":""},"categories":[10279],"tags":[10994,692],"class_list":["post-160136","post","type-post","status-publish","format-standard","has-post-thumbnail","hentry","category-vtt","tag-loana-lecomte","tag-vtt"],"acf":[],"yoast_head":"<!-- This site is optimized with the Yoast SEO Premium plugin v26.7 (Yoast SEO v26.7) - https:\/\/yoast.com\/wordpress\/plugins\/seo\/ -->\n<title>VTT : Loana Lecomte chute et abandonne pour son retour \u00e0 la comp\u00e9tition<\/title>\n<meta name=\"description\" content=\"VTT - COUPE DE FRANCE - Grosse frayeur pour la leader de la Coupe du monde, Loana Lecomte (Team Massi).\" \/>\n<meta name=\"robots\" content=\"index, follow, max-snippet:-1, max-image-preview:large, max-video-preview:-1\" \/>\n<link rel=\"canonical\" href=\"https:\/\/dicodusport.fr\/blog\/vtt-loana-lecomte-chute-et-abandonne-pour-son-retour-a-la-competition\/\" \/>\n<meta property=\"og:locale\" content=\"fr_FR\" \/>\n<meta property=\"og:type\" content=\"article\" \/>\n<meta property=\"og:title\" content=\"VTT : Loana Lecomte chute et abandonne pour son retour \u00e0 la comp\u00e9tition\" \/>\n<meta property=\"og:description\" content=\"VTT - COUPE DE FRANCE - Grosse frayeur pour la leader de la Coupe du monde, Loana Lecomte (Team Massi).\" \/>\n<meta property=\"og:url\" content=\"https:\/\/dicodusport.fr\/blog\/vtt-loana-lecomte-chute-et-abandonne-pour-son-retour-a-la-competition\/\" \/>\n<meta property=\"og:site_name\" content=\"Dicodusport\" \/>\n<meta property=\"article:publisher\" content=\"https:\/\/www.facebook.com\/dicodusport\" \/>\n<meta property=\"article:author\" content=\"https:\/\/www.facebook.com\/dicodusport\" \/>\n<meta property=\"article:published_time\" content=\"2021-08-22T07:39:49+00:00\" \/>\n<meta property=\"article:modified_time\" content=\"2021-08-22T07:41:07+00:00\" \/>\n<meta property=\"og:image\" content=\"https:\/\/dicodusport.fr\/blog\/wp-content\/uploads\/2021\/08\/VTT-Loana-Lecomte-chute-et-abandonne-pour-son-retour-a\u0300-la-compe\u0301tition.png\" \/>\n\t<meta property=\"og:image:width\" content=\"800\" \/>\n\t<meta property=\"og:image:height\" content=\"445\" \/>\n\t<meta property=\"og:image:type\" content=\"image\/png\" \/>\n<meta name=\"author\" content=\"Nicolas Jacquemard\" \/>\n<meta name=\"twitter:card\" content=\"summary_large_image\" \/>\n<meta name=\"twitter:title\" content=\"VTT : Loana Lecomte chute et abandonne pour son retour \u00e0 la comp\u00e9tition\" \/>\n<meta name=\"twitter:creator\" content=\"@https:\/\/twitter.com\/Nico_Jacquemard\" \/>\n<meta name=\"twitter:site\" content=\"@dicodusport\" \/>\n<script type=\"application\/ld+json\" class=\"yoast-schema-graph\">{\"@context\":\"https:\/\/schema.org\",\"@graph\":[{\"@type\":\"NewsArticle\",\"@id\":\"https:\/\/dicodusport.fr\/blog\/vtt-loana-lecomte-chute-et-abandonne-pour-son-retour-a-la-competition\/#article\",\"isPartOf\":{\"@id\":\"https:\/\/dicodusport.fr\/blog\/vtt-loana-lecomte-chute-et-abandonne-pour-son-retour-a-la-competition\/\"},\"author\":{\"name\":\"Nicolas Jacquemard\",\"@id\":\"https:\/\/dicodusport.fr\/blog\/#\/schema\/person\/55dcb50ad410894e431ed812bbb70191\"},\"headline\":\"VTT : Loana Lecomte chute et abandonne pour son retour \u00e0 la comp\u00e9tition\",\"datePublished\":\"2021-08-22T07:39:49+00:00\",\"dateModified\":\"2021-08-22T07:41:07+00:00\",\"mainEntityOfPage\":{\"@id\":\"https:\/\/dicodusport.fr\/blog\/vtt-loana-lecomte-chute-et-abandonne-pour-son-retour-a-la-competition\/\"},\"wordCount\":213,\"commentCount\":0,\"publisher\":{\"@id\":\"https:\/\/dicodusport.fr\/blog\/#organization\"},\"image\":{\"@id\":\"https:\/\/dicodusport.fr\/blog\/vtt-loana-lecomte-chute-et-abandonne-pour-son-retour-a-la-competition\/#primaryimage\"},\"thumbnailUrl\":\"https:\/\/dicodusport.fr\/blog\/wp-content\/uploads\/2021\/08\/VTT-Loana-Lecomte-chute-et-abandonne-pour-son-retour-a\u0300-la-compe\u0301tition.png\",\"keywords\":[\"Loana Lecomte\",\"VTT\"],\"articleSection\":[\"VTT\"],\"inLanguage\":\"fr-FR\",\"potentialAction\":[{\"@type\":\"CommentAction\",\"name\":\"Comment\",\"target\":[\"https:\/\/dicodusport.fr\/blog\/vtt-loana-lecomte-chute-et-abandonne-pour-son-retour-a-la-competition\/#respond\"]}],\"copyrightYear\":\"2021\",\"copyrightHolder\":{\"@id\":\"https:\/\/dicodusport.fr\/blog\/#organization\"}},{\"@type\":\"WebPage\",\"@id\":\"https:\/\/dicodusport.fr\/blog\/vtt-loana-lecomte-chute-et-abandonne-pour-son-retour-a-la-competition\/\",\"url\":\"https:\/\/dicodusport.fr\/blog\/vtt-loana-lecomte-chute-et-abandonne-pour-son-retour-a-la-competition\/\",\"name\":\"VTT : Loana Lecomte chute et abandonne pour son retour \u00e0 la comp\u00e9tition\",\"isPartOf\":{\"@id\":\"https:\/\/dicodusport.fr\/blog\/#website\"},\"primaryImageOfPage\":{\"@id\":\"https:\/\/dicodusport.fr\/blog\/vtt-loana-lecomte-chute-et-abandonne-pour-son-retour-a-la-competition\/#primaryimage\"},\"image\":{\"@id\":\"https:\/\/dicodusport.fr\/blog\/vtt-loana-lecomte-chute-et-abandonne-pour-son-retour-a-la-competition\/#primaryimage\"},\"thumbnailUrl\":\"https:\/\/dicodusport.fr\/blog\/wp-content\/uploads\/2021\/08\/VTT-Loana-Lecomte-chute-et-abandonne-pour-son-retour-a\u0300-la-compe\u0301tition.png\",\"datePublished\":\"2021-08-22T07:39:49+00:00\",\"dateModified\":\"2021-08-22T07:41:07+00:00\",\"description\":\"VTT - COUPE DE FRANCE - Grosse frayeur pour la leader de la Coupe du monde, Loana Lecomte (Team Massi).\",\"breadcrumb\":{\"@id\":\"https:\/\/dicodusport.fr\/blog\/vtt-loana-lecomte-chute-et-abandonne-pour-son-retour-a-la-competition\/#breadcrumb\"},\"inLanguage\":\"fr-FR\",\"potentialAction\":[{\"@type\":\"ReadAction\",\"target\":[\"https:\/\/dicodusport.fr\/blog\/vtt-loana-lecomte-chute-et-abandonne-pour-son-retour-a-la-competition\/\"]}]},{\"@type\":\"ImageObject\",\"inLanguage\":\"fr-FR\",\"@id\":\"https:\/\/dicodusport.fr\/blog\/vtt-loana-lecomte-chute-et-abandonne-pour-son-retour-a-la-competition\/#primaryimage\",\"url\":\"https:\/\/dicodusport.fr\/blog\/wp-content\/uploads\/2021\/08\/VTT-Loana-Lecomte-chute-et-abandonne-pour-son-retour-a\u0300-la-compe\u0301tition.png\",\"contentUrl\":\"https:\/\/dicodusport.fr\/blog\/wp-content\/uploads\/2021\/08\/VTT-Loana-Lecomte-chute-et-abandonne-pour-son-retour-a\u0300-la-compe\u0301tition.png\",\"width\":800,\"height\":445},{\"@type\":\"BreadcrumbList\",\"@id\":\"https:\/\/dicodusport.fr\/blog\/vtt-loana-lecomte-chute-et-abandonne-pour-son-retour-a-la-competition\/#breadcrumb\",\"itemListElement\":[{\"@type\":\"ListItem\",\"position\":1,\"name\":\"Accueil\",\"item\":\"https:\/\/dicodusport.fr\/blog\/\"},{\"@type\":\"ListItem\",\"position\":2,\"name\":\"VTT : Loana Lecomte chute et abandonne pour son retour \u00e0 la comp\u00e9tition\"}]},{\"@type\":\"WebSite\",\"@id\":\"https:\/\/dicodusport.fr\/blog\/#website\",\"url\":\"https:\/\/dicodusport.fr\/blog\/\",\"name\":\"Dicodusport\",\"description\":\"L&#039;encyclop\u00e9die de l&#039;actualit\u00e9 sportive\",\"publisher\":{\"@id\":\"https:\/\/dicodusport.fr\/blog\/#organization\"},\"potentialAction\":[{\"@type\":\"SearchAction\",\"target\":{\"@type\":\"EntryPoint\",\"urlTemplate\":\"https:\/\/dicodusport.fr\/blog\/?s={search_term_string}\"},\"query-input\":{\"@type\":\"PropertyValueSpecification\",\"valueRequired\":true,\"valueName\":\"search_term_string\"}}],\"inLanguage\":\"fr-FR\"},{\"@type\":\"NewsMediaOrganization\",\"@id\":\"https:\/\/dicodusport.fr\/blog\/#organization\",\"name\":\"Dicodusport\",\"url\":\"https:\/\/dicodusport.fr\/blog\/\",\"logo\":{\"@type\":\"ImageObject\",\"inLanguage\":\"fr-FR\",\"@id\":\"https:\/\/dicodusport.fr\/blog\/#\/schema\/logo\/image\/\",\"url\":\"https:\/\/dicodusport.fr\/blog\/wp-content\/uploads\/2020\/06\/cropped-LOGO-DICODUSPORT-2020-SANS-FOND-SANS-TEXTE.png\",\"contentUrl\":\"https:\/\/dicodusport.fr\/blog\/wp-content\/uploads\/2020\/06\/cropped-LOGO-DICODUSPORT-2020-SANS-FOND-SANS-TEXTE.png\",\"width\":512,\"height\":512,\"caption\":\"Dicodusport\"},\"image\":{\"@id\":\"https:\/\/dicodusport.fr\/blog\/#\/schema\/logo\/image\/\"},\"sameAs\":[\"https:\/\/www.facebook.com\/dicodusport\",\"https:\/\/x.com\/dicodusport\",\"https:\/\/www.instagram.com\/dicodusport\/\",\"https:\/\/www.youtube.com\/channel\/UC7V2KZ5sd3htJivAbA4ZG3w\"],\"description\":\"Dicodusport est l'encyclop\u00e9die de l'actualit\u00e9 sportive.\",\"email\":\"bonjour@dicodusport.fr\",\"legalName\":\"DICODUSPORT\",\"foundingDate\":\"2018-01-14\",\"vatID\":\"FR71834470973\",\"taxID\":\"83447097300043\",\"numberOfEmployees\":{\"@type\":\"QuantitativeValue\",\"minValue\":\"1\",\"maxValue\":\"10\"}},{\"@type\":\"Person\",\"@id\":\"https:\/\/dicodusport.fr\/blog\/#\/schema\/person\/55dcb50ad410894e431ed812bbb70191\",\"name\":\"Nicolas Jacquemard\",\"image\":{\"@type\":\"ImageObject\",\"inLanguage\":\"fr-FR\",\"@id\":\"https:\/\/dicodusport.fr\/blog\/#\/schema\/person\/image\/\",\"url\":\"https:\/\/dicodusport.fr\/blog\/wp-content\/uploads\/2021\/05\/Nicolas-Jacquemard-150x150.jpeg\",\"contentUrl\":\"https:\/\/dicodusport.fr\/blog\/wp-content\/uploads\/2021\/05\/Nicolas-Jacquemard-150x150.jpeg\",\"caption\":\"Nicolas Jacquemard\"},\"description\":\"Passionn\u00e9 de sport et entrepreneur depuis mes 18 ans, la cr\u00e9ation de Dicodusport m'a sembl\u00e9 \u00e9vidente pour participer \u00e0 la m\u00e9diatisation d'un plus grand nombre de sports. Le chemin est long mais avec une \u00e9quipe des plus motiv\u00e9es et les Jeux Olympiques de Paris 2024 en point de mire, nous y arriverons ! Journaliste dans le monde du sport depuis plus de 5 ans, je traite aussi bien de football, de rugby, de biathlon que de cyclisme.\",\"sameAs\":[\"https:\/\/www.facebook.com\/dicodusport\",\"https:\/\/x.com\/https:\/\/twitter.com\/Nico_Jacquemard\"],\"url\":\"https:\/\/dicodusport.fr\/blog\/author\/dicodusport\/\"}]}<\/script>\n<!-- \/ Yoast SEO Premium plugin. -->","yoast_head_json":{"title":"VTT : Loana Lecomte chute et abandonne pour son retour \u00e0 la comp\u00e9tition","description":"VTT - COUPE DE FRANCE - Grosse frayeur pour la leader de la Coupe du monde, Loana Lecomte (Team Massi).","robots":{"index":"index","follow":"follow","max-snippet":"max-snippet:-1","max-image-preview":"max-image-preview:large","max-video-preview":"max-video-preview:-1"},"canonical":"https:\/\/dicodusport.fr\/blog\/vtt-loana-lecomte-chute-et-abandonne-pour-son-retour-a-la-competition\/","og_locale":"fr_FR","og_type":"article","og_title":"VTT : Loana Lecomte chute et abandonne pour son retour \u00e0 la comp\u00e9tition","og_description":"VTT - COUPE DE FRANCE - Grosse frayeur pour la leader de la Coupe du monde, Loana Lecomte (Team Massi).","og_url":"https:\/\/dicodusport.fr\/blog\/vtt-loana-lecomte-chute-et-abandonne-pour-son-retour-a-la-competition\/","og_site_name":"Dicodusport","article_publisher":"https:\/\/www.facebook.com\/dicodusport","article_author":"https:\/\/www.facebook.com\/dicodusport","article_published_time":"2021-08-22T07:39:49+00:00","article_modified_time":"2021-08-22T07:41:07+00:00","og_image":[{"width":800,"height":445,"url":"https:\/\/dicodusport.fr\/blog\/wp-content\/uploads\/2021\/08\/VTT-Loana-Lecomte-chute-et-abandonne-pour-son-retour-a\u0300-la-compe\u0301tition.png","type":"image\/png"}],"author":"Nicolas Jacquemard","twitter_card":"summary_large_image","twitter_title":"VTT : Loana Lecomte chute et abandonne pour son retour \u00e0 la comp\u00e9tition","twitter_creator":"@https:\/\/twitter.com\/Nico_Jacquemard","twitter_site":"@dicodusport","schema":{"@context":"https:\/\/schema.org","@graph":[{"@type":"NewsArticle","@id":"https:\/\/dicodusport.fr\/blog\/vtt-loana-lecomte-chute-et-abandonne-pour-son-retour-a-la-competition\/#article","isPartOf":{"@id":"https:\/\/dicodusport.fr\/blog\/vtt-loana-lecomte-chute-et-abandonne-pour-son-retour-a-la-competition\/"},"author":{"name":"Nicolas Jacquemard","@id":"https:\/\/dicodusport.fr\/blog\/#\/schema\/person\/55dcb50ad410894e431ed812bbb70191"},"headline":"VTT : Loana Lecomte chute et abandonne pour son retour \u00e0 la comp\u00e9tition","datePublished":"2021-08-22T07:39:49+00:00","dateModified":"2021-08-22T07:41:07+00:00","mainEntityOfPage":{"@id":"https:\/\/dicodusport.fr\/blog\/vtt-loana-lecomte-chute-et-abandonne-pour-son-retour-a-la-competition\/"},"wordCount":213,"commentCount":0,"publisher":{"@id":"https:\/\/dicodusport.fr\/blog\/#organization"},"image":{"@id":"https:\/\/dicodusport.fr\/blog\/vtt-loana-lecomte-chute-et-abandonne-pour-son-retour-a-la-competition\/#primaryimage"},"thumbnailUrl":"https:\/\/dicodusport.fr\/blog\/wp-content\/uploads\/2021\/08\/VTT-Loana-Lecomte-chute-et-abandonne-pour-son-retour-a\u0300-la-compe\u0301tition.png","keywords":["Loana Lecomte","VTT"],"articleSection":["VTT"],"inLanguage":"fr-FR","potentialAction":[{"@type":"CommentAction","name":"Comment","target":["https:\/\/dicodusport.fr\/blog\/vtt-loana-lecomte-chute-et-abandonne-pour-son-retour-a-la-competition\/#respond"]}],"copyrightYear":"2021","copyrightHolder":{"@id":"https:\/\/dicodusport.fr\/blog\/#organization"}},{"@type":"WebPage","@id":"https:\/\/dicodusport.fr\/blog\/vtt-loana-lecomte-chute-et-abandonne-pour-son-retour-a-la-competition\/","url":"https:\/\/dicodusport.fr\/blog\/vtt-loana-lecomte-chute-et-abandonne-pour-son-retour-a-la-competition\/","name":"VTT : Loana Lecomte chute et abandonne pour son retour \u00e0 la comp\u00e9tition","isPartOf":{"@id":"https:\/\/dicodusport.fr\/blog\/#website"},"primaryImageOfPage":{"@id":"https:\/\/dicodusport.fr\/blog\/vtt-loana-lecomte-chute-et-abandonne-pour-son-retour-a-la-competition\/#primaryimage"},"image":{"@id":"https:\/\/dicodusport.fr\/blog\/vtt-loana-lecomte-chute-et-abandonne-pour-son-retour-a-la-competition\/#primaryimage"},"thumbnailUrl":"https:\/\/dicodusport.fr\/blog\/wp-content\/uploads\/2021\/08\/VTT-Loana-Lecomte-chute-et-abandonne-pour-son-retour-a\u0300-la-compe\u0301tition.png","datePublished":"2021-08-22T07:39:49+00:00","dateModified":"2021-08-22T07:41:07+00:00","description":"VTT - COUPE DE FRANCE - Grosse frayeur pour la leader de la Coupe du monde, Loana Lecomte (Team Massi).","breadcrumb":{"@id":"https:\/\/dicodusport.fr\/blog\/vtt-loana-lecomte-chute-et-abandonne-pour-son-retour-a-la-competition\/#breadcrumb"},"inLanguage":"fr-FR","potentialAction":[{"@type":"ReadAction","target":["https:\/\/dicodusport.fr\/blog\/vtt-loana-lecomte-chute-et-abandonne-pour-son-retour-a-la-competition\/"]}]},{"@type":"ImageObject","inLanguage":"fr-FR","@id":"https:\/\/dicodusport.fr\/blog\/vtt-loana-lecomte-chute-et-abandonne-pour-son-retour-a-la-competition\/#primaryimage","url":"https:\/\/dicodusport.fr\/blog\/wp-content\/uploads\/2021\/08\/VTT-Loana-Lecomte-chute-et-abandonne-pour-son-retour-a\u0300-la-compe\u0301tition.png","contentUrl":"https:\/\/dicodusport.fr\/blog\/wp-content\/uploads\/2021\/08\/VTT-Loana-Lecomte-chute-et-abandonne-pour-son-retour-a\u0300-la-compe\u0301tition.png","width":800,"height":445},{"@type":"BreadcrumbList","@id":"https:\/\/dicodusport.fr\/blog\/vtt-loana-lecomte-chute-et-abandonne-pour-son-retour-a-la-competition\/#breadcrumb","itemListElement":[{"@type":"ListItem","position":1,"name":"Accueil","item":"https:\/\/dicodusport.fr\/blog\/"},{"@type":"ListItem","position":2,"name":"VTT : Loana Lecomte chute et abandonne pour son retour \u00e0 la comp\u00e9tition"}]},{"@type":"WebSite","@id":"https:\/\/dicodusport.fr\/blog\/#website","url":"https:\/\/dicodusport.fr\/blog\/","name":"Dicodusport","description":"L&#039;encyclop\u00e9die de l&#039;actualit\u00e9 sportive","publisher":{"@id":"https:\/\/dicodusport.fr\/blog\/#organization"},"potentialAction":[{"@type":"SearchAction","target":{"@type":"EntryPoint","urlTemplate":"https:\/\/dicodusport.fr\/blog\/?s={search_term_string}"},"query-input":{"@type":"PropertyValueSpecification","valueRequired":true,"valueName":"search_term_string"}}],"inLanguage":"fr-FR"},{"@type":"NewsMediaOrganization","@id":"https:\/\/dicodusport.fr\/blog\/#organization","name":"Dicodusport","url":"https:\/\/dicodusport.fr\/blog\/","logo":{"@type":"ImageObject","inLanguage":"fr-FR","@id":"https:\/\/dicodusport.fr\/blog\/#\/schema\/logo\/image\/","url":"https:\/\/dicodusport.fr\/blog\/wp-content\/uploads\/2020\/06\/cropped-LOGO-DICODUSPORT-2020-SANS-FOND-SANS-TEXTE.png","contentUrl":"https:\/\/dicodusport.fr\/blog\/wp-content\/uploads\/2020\/06\/cropped-LOGO-DICODUSPORT-2020-SANS-FOND-SANS-TEXTE.png","width":512,"height":512,"caption":"Dicodusport"},"image":{"@id":"https:\/\/dicodusport.fr\/blog\/#\/schema\/logo\/image\/"},"sameAs":["https:\/\/www.facebook.com\/dicodusport","https:\/\/x.com\/dicodusport","https:\/\/www.instagram.com\/dicodusport\/","https:\/\/www.youtube.com\/channel\/UC7V2KZ5sd3htJivAbA4ZG3w"],"description":"Dicodusport est l'encyclop\u00e9die de l'actualit\u00e9 sportive.","email":"bonjour@dicodusport.fr","legalName":"DICODUSPORT","foundingDate":"2018-01-14","vatID":"FR71834470973","taxID":"83447097300043","numberOfEmployees":{"@type":"QuantitativeValue","minValue":"1","maxValue":"10"}},{"@type":"Person","@id":"https:\/\/dicodusport.fr\/blog\/#\/schema\/person\/55dcb50ad410894e431ed812bbb70191","name":"Nicolas Jacquemard","image":{"@type":"ImageObject","inLanguage":"fr-FR","@id":"https:\/\/dicodusport.fr\/blog\/#\/schema\/person\/image\/","url":"https:\/\/dicodusport.fr\/blog\/wp-content\/uploads\/2021\/05\/Nicolas-Jacquemard-150x150.jpeg","contentUrl":"https:\/\/dicodusport.fr\/blog\/wp-content\/uploads\/2021\/05\/Nicolas-Jacquemard-150x150.jpeg","caption":"Nicolas Jacquemard"},"description":"Passionn\u00e9 de sport et entrepreneur depuis mes 18 ans, la cr\u00e9ation de Dicodusport m'a sembl\u00e9 \u00e9vidente pour participer \u00e0 la m\u00e9diatisation d'un plus grand nombre de sports. Le chemin est long mais avec une \u00e9quipe des plus motiv\u00e9es et les Jeux Olympiques de Paris 2024 en point de mire, nous y arriverons ! Journaliste dans le monde du sport depuis plus de 5 ans, je traite aussi bien de football, de rugby, de biathlon que de cyclisme.","sameAs":["https:\/\/www.facebook.com\/dicodusport","https:\/\/x.com\/https:\/\/twitter.com\/Nico_Jacquemard"],"url":"https:\/\/dicodusport.fr\/blog\/author\/dicodusport\/"}]}},"_links":{"self":[{"href":"https:\/\/dicodusport.fr\/blog\/wp-json\/wp\/v2\/posts\/160136","targetHints":{"allow":["GET"]}}],"collection":[{"href":"https:\/\/dicodusport.fr\/blog\/wp-json\/wp\/v2\/posts"}],"about":[{"href":"https:\/\/dicodusport.fr\/blog\/wp-json\/wp\/v2\/types\/post"}],"author":[{"embeddable":true,"href":"https:\/\/dicodusport.fr\/blog\/wp-json\/wp\/v2\/users\/1"}],"replies":[{"embeddable":true,"href":"https:\/\/dicodusport.fr\/blog\/wp-json\/wp\/v2\/comments?post=160136"}],"version-history":[{"count":0,"href":"https:\/\/dicodusport.fr\/blog\/wp-json\/wp\/v2\/posts\/160136\/revisions"}],"wp:featuredmedia":[{"embeddable":true,"href":"https:\/\/dicodusport.fr\/blog\/wp-json\/wp\/v2\/media\/160140"}],"wp:attachment":[{"href":"https:\/\/dicodusport.fr\/blog\/wp-json\/wp\/v2\/media?parent=160136"}],"wp:term":[{"taxonomy":"category","embeddable":true,"href":"https:\/\/dicodusport.fr\/blog\/wp-json\/wp\/v2\/categories?post=160136"},{"taxonomy":"post_tag","embeddable":true,"href":"https:\/\/dicodusport.fr\/blog\/wp-json\/wp\/v2\/tags?post=160136"}],"curies":[{"name":"wp","href":"https:\/\/api.w.org\/{rel}","templated":true}]}}