{"id":160389,"date":"2021-08-26T18:33:03","date_gmt":"2021-08-26T16:33:03","guid":{"rendered":"https:\/\/dicodusport.fr\/blog\/?p=160389&#038;preview=true&#038;preview_id=160389"},"modified":"2021-08-28T10:31:37","modified_gmt":"2021-08-28T08:31:37","slug":"championnats-du-monde-vtt-2021-programme-complet","status":"publish","type":"post","link":"https:\/\/dicodusport.fr\/blog\/championnats-du-monde-vtt-2021-programme-complet\/","title":{"rendered":"Championnats du monde de VTT 2021 : le programme complet"},"content":{"rendered":"<p style=\"text-align: justify;\"><strong><em>VTT &#8211; D\u00e9couvrez le programme complet des championnats du monde de VTT 2021 qui se d\u00e9roulent du 25 au 29 ao\u00fbt \u00e0 Val di Sole, en Italie.<\/em><\/strong><\/p>\n<p style=\"text-align: justify;\">En 2020, \u00e0 Leogang (Autriche), l&rsquo;\u00e9quipe de France avait survol\u00e9 les championnats du monde de VTT, en d\u00e9crochant 12 m\u00e9dailles, dont 6 en or, et 5 titres en cross-country. \u00c0 Val di Sole, <a href=\"https:\/\/dicodusport.fr\/blog\/vtt-xco-pauline-ferrand-prevot-loana-lecomte-et-jordan-sarrou-defendront-leur-titre-mondial\/\"><strong>Pauline Ferrand-Pr\u00e9vot<\/strong>, <strong>Loana Lecomte<\/strong> et <strong>Jordan Sarrou<\/strong> d\u00e9fendront leur titre<\/a> acquis l&rsquo;an dernier. Les Bleus de VTT peuvent r\u00eaver, une nouvelle fois, d&rsquo;une grande performance d&rsquo;ensemble en Italie.<\/p>\n<h2 style=\"text-align: justify;\">Mercredi 25 ao\u00fbt<\/h2>\n<p style=\"text-align: justify;\"><strong>12h30 :<\/strong> Relais cross-country &#8211;<strong> <a href=\"https:\/\/dicodusport.fr\/blog\/vtt-equipe-de-france-conserve-titre-mondial-relais-cross-country\/\">R\u00e9sum\u00e9<\/a> &#8211; <a href=\"https:\/\/dicodusport.fr\/blog\/championnats-du-monde-vtt-classement-relais-cross-country\/\">Classement<\/a><\/strong><\/p>\n<hr \/>\n<h2 style=\"text-align: justify;\">Jeudi 26 ao\u00fbt<\/h2>\n<p style=\"text-align: justify;\"><strong>11h30 :<\/strong> Cross-country juniors femmes &#8211; <strong><a href=\"https:\/\/dicodusport.fr\/blog\/vtt-cross-country-line-burquier-championne-du-monde-juniors-devant-olivia-onesti\/\">R\u00e9sum\u00e9<\/a> &#8211; <a href=\"https:\/\/dicodusport.fr\/blog\/championnats-du-monde-vtt-2021-classement-cross-country-juiniors-femmes\/\">Classement<\/a><\/strong><\/p>\n<p style=\"text-align: justify;\"><strong>13h30 :<\/strong> Cross-country juniors hommes &#8211; <strong><a href=\"https:\/\/dicodusport.fr\/blog\/vtt-cross-country-adrien-boichis-champion-du-monde-chez-juniors\/\">R\u00e9sum\u00e9<\/a> &#8211; <a href=\"https:\/\/dicodusport.fr\/blog\/championnats-du-monde-de-vtt-2021-le-classement-du-cross-country-juniors-hommes\/\">Classement<\/a><\/strong><\/p>\n<p style=\"text-align: justify;\"><strong>17h, en direct sur Eurosport :<\/strong> Cross-country short-track femmes &#8211; <strong><a href=\"https:\/\/dicodusport.fr\/blog\/vtt-cross-country-pauline-ferrand-prevot-bronze-sina-frei-titree\/\">R\u00e9sum\u00e9<\/a> &#8211; <a href=\"https:\/\/dicodusport.fr\/blog\/championnats-du-monde-de-vtt-2021-classement-short-track-femmes\/\">Classement<\/a><\/strong><\/p>\n<p style=\"text-align: justify;\"><strong>17h45, en direct sur Eurosport :<\/strong> Cross-country short-track hommes &#8211; <strong><a href=\"https:\/\/dicodusport.fr\/blog\/vtt-cross-country-christopher-blevins-en-or-sur-short-track\/\">R\u00e9sum\u00e9<\/a> &#8211; <a href=\"https:\/\/dicodusport.fr\/blog\/championnats-du-monde-de-vtt-2021-classement-short-track-hommes\/\">Classement<\/a><\/strong><\/p>\n<hr \/>\n<h2 style=\"text-align: justify;\"><strong>Vendredi 27 ao\u00fbt<\/strong><\/h2>\n<p style=\"text-align: justify;\"><strong>15h :<\/strong> E-MTB Cross-country femmes &#8211; <strong><a href=\"https:\/\/dicodusport.fr\/blog\/vtt-assistance-electrique-laura-charles-vice-championne-du-monde-nicole-goeldi-sacree\/\">R\u00e9sum\u00e9<\/a> &#8211; <a href=\"https:\/\/www.tissottiming.com\/File\/0003130000020301FFFFFFFFFFFFFF04#classementvttaefemmes\" target=\"_blank\" rel=\"nofollow noopener\">Classement<\/a><\/strong><\/p>\n<p style=\"text-align: justify;\"><strong>16h45 :<\/strong> E-MTB Cross-country hommes &#8211; <b><a href=\"https:\/\/dicodusport.fr\/blog\/vtt-a-assistance-electrique-jerome-gilloux-champion-du-monde-devant-hugo-pigeon\/\">R\u00e9sum\u00e9<\/a> &#8211; <a href=\"https:\/\/www.tissottiming.com\/File\/0003130000010301FFFFFFFFFFFFFF04#classementvttae\" target=\"_blank\" rel=\"nofollow noopener\">Classement<\/a><\/b><\/p>\n<p style=\"text-align: justify;\"><strong>20h45 :<\/strong> Four Cross femmes et hommes &#8211; <strong><a href=\"https:\/\/www.tissottiming.com\/File\/0003130000020802FFFFFFFFFFFFFF04\" target=\"_blank\" rel=\"nofollow noopener\">Classement finale femmes<\/a> &#8211; <a href=\"https:\/\/www.tissottiming.com\/File\/0003130000010802FFFFFFFFFFFFFF04#fourcrosshommes\" target=\"_blank\" rel=\"nofollow noopener\">Classement finale hommes<\/a><\/strong><\/p>\n<hr \/>\n<h2 style=\"text-align: justify;\"><strong>Samedi 28 ao\u00fbt<\/strong><\/h2>\n<p style=\"text-align: justify;\"><strong>9h :<\/strong> Cross-country U23 femmes &#8211; <b><a href=\"https:\/\/dicodusport.fr\/blog\/vtt-cross-country-mona-mitterwallner-championne-du-monde-espoirs\/\">R\u00e9sum\u00e9<\/a> &#8211; <a href=\"https:\/\/dicodusport.fr\/blog\/championnats-du-monde-de-vtt-2021-classement-course-espoirs-femmes\/\">Classement<\/a><\/b><\/p>\n<p style=\"text-align: justify;\"><strong>10h45 :<\/strong> Cross-country U23 hommes<\/p>\n<p style=\"text-align: justify;\"><strong>13h, en direct sur La Cha\u00eene L&rsquo;\u00c9quipe et Eurosport :<\/strong> Cross-country \u00e9lites femmes<\/p>\n<p style=\"text-align: justify;\"><strong>15h45, en direct sur La Cha\u00eene L&rsquo;\u00c9quipe et Eurosport :<\/strong> Cross-country \u00e9lites hommes<\/p>\n<hr \/>\n<h2 style=\"text-align: justify;\"><strong>Dimanche 29 ao\u00fbt<\/strong><\/h2>\n<p style=\"text-align: justify;\"><strong>9h25 :<\/strong> VTT Descente juniors femmes et hommes<\/p>\n<p style=\"text-align: justify;\"><strong>12h50, en direct sur La Cha\u00eene L&rsquo;\u00c9quipe et Eurosport :<\/strong> VTT Descente \u00e9lites femmes<\/p>\n<p style=\"text-align: justify;\"><strong>14h10, en direct sur La Cha\u00eene L&rsquo;\u00c9quipe et Eurosport :<\/strong> VTT Descente \u00e9lites hommes<\/p>\n<p style=\"text-align: justify;\"><span style=\"font-size: 14px;\"><strong><em>PS : Les horaires indiqu\u00e9s correspondent aux heures de d\u00e9part des diff\u00e9rentes courses. Les programmations TV sont susceptibles d&rsquo;\u00e9voluer au cours de la semaine.<\/em><\/strong><\/span><\/p>\n<h2 style=\"text-align: justify;\"><strong>\u00c0 lire aussi<\/strong><\/h2>\n<ul>\n<li style=\"text-align: justify;\"><a href=\"https:\/\/dicodusport.fr\/blog\/championnats-du-monde-de-vtt-2021-le-tableau-des-medailles\/\"><strong>Le tableau des m\u00e9dailles<\/strong><\/a><\/li>\n<\/ul>\n","protected":false},"excerpt":{"rendered":"<p>VTT &#8211; D\u00e9couvrez le programme complet des championnats du monde de VTT 2021 qui se d\u00e9roulent du 25 au 29 ao\u00fbt \u00e0 Val di Sole, en Italie.<\/p>\n","protected":false},"author":4,"featured_media":160391,"comment_status":"open","ping_status":"closed","sticky":false,"template":"","format":"standard","meta":{"_acf_changed":false,"_daextam_enable_autolinks":"","footnotes":""},"categories":[10279],"tags":[18758,692],"class_list":["post-160389","post","type-post","status-publish","format-standard","has-post-thumbnail","hentry","category-vtt","tag-championnats-du-monde-de-vtt","tag-vtt"],"acf":[],"yoast_head":"<!-- This site is optimized with the Yoast SEO Premium plugin v26.7 (Yoast SEO v26.7) - https:\/\/yoast.com\/wordpress\/plugins\/seo\/ -->\n<title>Championnats du monde de VTT 2021 : le programme complet<\/title>\n<meta name=\"description\" content=\"VTT - D\u00e9couvrez le programme complet des championnats du monde de VTT 2021 qui se d\u00e9roulent du 25 au 29 ao\u00fbt \u00e0 Val di Sole, en Italie.\" \/>\n<meta name=\"robots\" content=\"index, follow, max-snippet:-1, max-image-preview:large, max-video-preview:-1\" \/>\n<link rel=\"canonical\" href=\"https:\/\/dicodusport.fr\/blog\/championnats-du-monde-vtt-2021-programme-complet\/\" \/>\n<meta property=\"og:locale\" content=\"fr_FR\" \/>\n<meta property=\"og:type\" content=\"article\" \/>\n<meta property=\"og:title\" content=\"Championnats du monde de VTT 2021 : le programme complet\" \/>\n<meta property=\"og:description\" content=\"VTT - D\u00e9couvrez le programme complet des championnats du monde de VTT 2021 qui se d\u00e9roulent du 25 au 29 ao\u00fbt \u00e0 Val di Sole, en Italie.\" \/>\n<meta property=\"og:url\" content=\"https:\/\/dicodusport.fr\/blog\/championnats-du-monde-vtt-2021-programme-complet\/\" \/>\n<meta property=\"og:site_name\" content=\"Dicodusport\" \/>\n<meta property=\"article:publisher\" content=\"https:\/\/www.facebook.com\/dicodusport\" \/>\n<meta property=\"article:author\" content=\"https:\/\/www.facebook.com\/florent.ostermann\" \/>\n<meta property=\"article:published_time\" content=\"2021-08-26T16:33:03+00:00\" \/>\n<meta property=\"article:modified_time\" content=\"2021-08-28T08:31:37+00:00\" \/>\n<meta property=\"og:image\" content=\"https:\/\/dicodusport.fr\/blog\/wp-content\/uploads\/2021\/08\/Championnats-du-monde-de-VTT-2021-le-programme-complet.png\" \/>\n\t<meta property=\"og:image:width\" content=\"800\" \/>\n\t<meta property=\"og:image:height\" content=\"445\" \/>\n\t<meta property=\"og:image:type\" content=\"image\/png\" \/>\n<meta name=\"author\" content=\"Flo Ostermann\" \/>\n<meta name=\"twitter:card\" content=\"summary_large_image\" \/>\n<meta name=\"twitter:title\" content=\"Championnats du monde de VTT 2021 : le programme complet\" \/>\n<meta name=\"twitter:creator\" content=\"@https:\/\/twitter.com\/FlOstermann\" \/>\n<meta name=\"twitter:site\" content=\"@dicodusport\" \/>\n<script type=\"application\/ld+json\" class=\"yoast-schema-graph\">{\"@context\":\"https:\/\/schema.org\",\"@graph\":[{\"@type\":\"NewsArticle\",\"@id\":\"https:\/\/dicodusport.fr\/blog\/championnats-du-monde-vtt-2021-programme-complet\/#article\",\"isPartOf\":{\"@id\":\"https:\/\/dicodusport.fr\/blog\/championnats-du-monde-vtt-2021-programme-complet\/\"},\"author\":{\"name\":\"Flo Ostermann\",\"@id\":\"https:\/\/dicodusport.fr\/blog\/#\/schema\/person\/cb02af4c173ce4a653b55e9baf388d4a\"},\"headline\":\"Championnats du monde de VTT 2021 : le programme complet\",\"datePublished\":\"2021-08-26T16:33:03+00:00\",\"dateModified\":\"2021-08-28T08:31:37+00:00\",\"mainEntityOfPage\":{\"@id\":\"https:\/\/dicodusport.fr\/blog\/championnats-du-monde-vtt-2021-programme-complet\/\"},\"wordCount\":309,\"commentCount\":0,\"publisher\":{\"@id\":\"https:\/\/dicodusport.fr\/blog\/#organization\"},\"image\":{\"@id\":\"https:\/\/dicodusport.fr\/blog\/championnats-du-monde-vtt-2021-programme-complet\/#primaryimage\"},\"thumbnailUrl\":\"https:\/\/dicodusport.fr\/blog\/wp-content\/uploads\/2021\/08\/Championnats-du-monde-de-VTT-2021-le-programme-complet.png\",\"keywords\":[\"Championnats du monde de VTT\",\"VTT\"],\"articleSection\":[\"VTT\"],\"inLanguage\":\"fr-FR\",\"potentialAction\":[{\"@type\":\"CommentAction\",\"name\":\"Comment\",\"target\":[\"https:\/\/dicodusport.fr\/blog\/championnats-du-monde-vtt-2021-programme-complet\/#respond\"]}],\"copyrightYear\":\"2021\",\"copyrightHolder\":{\"@id\":\"https:\/\/dicodusport.fr\/blog\/#organization\"}},{\"@type\":\"WebPage\",\"@id\":\"https:\/\/dicodusport.fr\/blog\/championnats-du-monde-vtt-2021-programme-complet\/\",\"url\":\"https:\/\/dicodusport.fr\/blog\/championnats-du-monde-vtt-2021-programme-complet\/\",\"name\":\"Championnats du monde de VTT 2021 : le programme complet\",\"isPartOf\":{\"@id\":\"https:\/\/dicodusport.fr\/blog\/#website\"},\"primaryImageOfPage\":{\"@id\":\"https:\/\/dicodusport.fr\/blog\/championnats-du-monde-vtt-2021-programme-complet\/#primaryimage\"},\"image\":{\"@id\":\"https:\/\/dicodusport.fr\/blog\/championnats-du-monde-vtt-2021-programme-complet\/#primaryimage\"},\"thumbnailUrl\":\"https:\/\/dicodusport.fr\/blog\/wp-content\/uploads\/2021\/08\/Championnats-du-monde-de-VTT-2021-le-programme-complet.png\",\"datePublished\":\"2021-08-26T16:33:03+00:00\",\"dateModified\":\"2021-08-28T08:31:37+00:00\",\"description\":\"VTT - D\u00e9couvrez le programme complet des championnats du monde de VTT 2021 qui se d\u00e9roulent du 25 au 29 ao\u00fbt \u00e0 Val di Sole, en Italie.\",\"breadcrumb\":{\"@id\":\"https:\/\/dicodusport.fr\/blog\/championnats-du-monde-vtt-2021-programme-complet\/#breadcrumb\"},\"inLanguage\":\"fr-FR\",\"potentialAction\":[{\"@type\":\"ReadAction\",\"target\":[\"https:\/\/dicodusport.fr\/blog\/championnats-du-monde-vtt-2021-programme-complet\/\"]}]},{\"@type\":\"ImageObject\",\"inLanguage\":\"fr-FR\",\"@id\":\"https:\/\/dicodusport.fr\/blog\/championnats-du-monde-vtt-2021-programme-complet\/#primaryimage\",\"url\":\"https:\/\/dicodusport.fr\/blog\/wp-content\/uploads\/2021\/08\/Championnats-du-monde-de-VTT-2021-le-programme-complet.png\",\"contentUrl\":\"https:\/\/dicodusport.fr\/blog\/wp-content\/uploads\/2021\/08\/Championnats-du-monde-de-VTT-2021-le-programme-complet.png\",\"width\":800,\"height\":445,\"caption\":\"Championnats du monde de VTT 2021 le programme complet\"},{\"@type\":\"BreadcrumbList\",\"@id\":\"https:\/\/dicodusport.fr\/blog\/championnats-du-monde-vtt-2021-programme-complet\/#breadcrumb\",\"itemListElement\":[{\"@type\":\"ListItem\",\"position\":1,\"name\":\"Accueil\",\"item\":\"https:\/\/dicodusport.fr\/blog\/\"},{\"@type\":\"ListItem\",\"position\":2,\"name\":\"Championnats du monde de VTT 2021 : le programme complet\"}]},{\"@type\":\"WebSite\",\"@id\":\"https:\/\/dicodusport.fr\/blog\/#website\",\"url\":\"https:\/\/dicodusport.fr\/blog\/\",\"name\":\"Dicodusport\",\"description\":\"L&#039;encyclop\u00e9die de l&#039;actualit\u00e9 sportive\",\"publisher\":{\"@id\":\"https:\/\/dicodusport.fr\/blog\/#organization\"},\"potentialAction\":[{\"@type\":\"SearchAction\",\"target\":{\"@type\":\"EntryPoint\",\"urlTemplate\":\"https:\/\/dicodusport.fr\/blog\/?s={search_term_string}\"},\"query-input\":{\"@type\":\"PropertyValueSpecification\",\"valueRequired\":true,\"valueName\":\"search_term_string\"}}],\"inLanguage\":\"fr-FR\"},{\"@type\":\"NewsMediaOrganization\",\"@id\":\"https:\/\/dicodusport.fr\/blog\/#organization\",\"name\":\"Dicodusport\",\"url\":\"https:\/\/dicodusport.fr\/blog\/\",\"logo\":{\"@type\":\"ImageObject\",\"inLanguage\":\"fr-FR\",\"@id\":\"https:\/\/dicodusport.fr\/blog\/#\/schema\/logo\/image\/\",\"url\":\"https:\/\/dicodusport.fr\/blog\/wp-content\/uploads\/2020\/06\/cropped-LOGO-DICODUSPORT-2020-SANS-FOND-SANS-TEXTE.png\",\"contentUrl\":\"https:\/\/dicodusport.fr\/blog\/wp-content\/uploads\/2020\/06\/cropped-LOGO-DICODUSPORT-2020-SANS-FOND-SANS-TEXTE.png\",\"width\":512,\"height\":512,\"caption\":\"Dicodusport\"},\"image\":{\"@id\":\"https:\/\/dicodusport.fr\/blog\/#\/schema\/logo\/image\/\"},\"sameAs\":[\"https:\/\/www.facebook.com\/dicodusport\",\"https:\/\/x.com\/dicodusport\",\"https:\/\/www.instagram.com\/dicodusport\/\",\"https:\/\/www.youtube.com\/channel\/UC7V2KZ5sd3htJivAbA4ZG3w\"],\"description\":\"Dicodusport est l'encyclop\u00e9die de l'actualit\u00e9 sportive.\",\"email\":\"bonjour@dicodusport.fr\",\"legalName\":\"DICODUSPORT\",\"foundingDate\":\"2018-01-14\",\"vatID\":\"FR71834470973\",\"taxID\":\"83447097300043\",\"numberOfEmployees\":{\"@type\":\"QuantitativeValue\",\"minValue\":\"1\",\"maxValue\":\"10\"}},{\"@type\":\"Person\",\"@id\":\"https:\/\/dicodusport.fr\/blog\/#\/schema\/person\/cb02af4c173ce4a653b55e9baf388d4a\",\"name\":\"Flo Ostermann\",\"image\":{\"@type\":\"ImageObject\",\"inLanguage\":\"fr-FR\",\"@id\":\"https:\/\/dicodusport.fr\/blog\/#\/schema\/person\/image\/\",\"url\":\"https:\/\/dicodusport.fr\/blog\/wp-content\/uploads\/2021\/05\/Flo-Ostermann-150x150.jpg\",\"contentUrl\":\"https:\/\/dicodusport.fr\/blog\/wp-content\/uploads\/2021\/05\/Flo-Ostermann-150x150.jpg\",\"caption\":\"Flo Ostermann\"},\"description\":\"Journaliste\/R\u00e9dacteur depuis septembre 2015 - Mes premiers souvenirs dans le sport ? Les envol\u00e9es du Stade Toulousain et les duels Villeneuve-Schumacher et H\u00e4kkinen-Schumacher \u00e0 la fin des ann\u00e9es 90, la Coupe du monde de football en 1998, l\u2019exploit du XV de France face aux All Blacks en 1999, mais aussi Richard C\u0153ur de Lion qui vole sur les montagnes du Tour de France. Bien parti pour devenir professeur d\u2019EPS, les \u00e9v\u00e9nements de la vie (et la flemme d\u2019animer des s\u00e9ances de 3x500 m\u00e8tres toute ma vie) m\u2019ont conduit \u00e0 revoir mes plans. Me voil\u00e0 depuis fin 2017 sur Dicodusport, m\u00e9dia gr\u00e2ce (et pour) lequel je partage ma passion : le sport dans tous ses \u00e9tats. Le tout accompagn\u00e9 par les fous furieux et folles furieuses cit\u00e9s sur cette page !\",\"sameAs\":[\"https:\/\/www.facebook.com\/florent.ostermann\",\"https:\/\/x.com\/https:\/\/twitter.com\/FlOstermann\",\"admin\"],\"url\":\"https:\/\/dicodusport.fr\/blog\/author\/flo\/\"}]}<\/script>\n<!-- \/ Yoast SEO Premium plugin. -->","yoast_head_json":{"title":"Championnats du monde de VTT 2021 : le programme complet","description":"VTT - D\u00e9couvrez le programme complet des championnats du monde de VTT 2021 qui se d\u00e9roulent du 25 au 29 ao\u00fbt \u00e0 Val di Sole, en Italie.","robots":{"index":"index","follow":"follow","max-snippet":"max-snippet:-1","max-image-preview":"max-image-preview:large","max-video-preview":"max-video-preview:-1"},"canonical":"https:\/\/dicodusport.fr\/blog\/championnats-du-monde-vtt-2021-programme-complet\/","og_locale":"fr_FR","og_type":"article","og_title":"Championnats du monde de VTT 2021 : le programme complet","og_description":"VTT - D\u00e9couvrez le programme complet des championnats du monde de VTT 2021 qui se d\u00e9roulent du 25 au 29 ao\u00fbt \u00e0 Val di Sole, en Italie.","og_url":"https:\/\/dicodusport.fr\/blog\/championnats-du-monde-vtt-2021-programme-complet\/","og_site_name":"Dicodusport","article_publisher":"https:\/\/www.facebook.com\/dicodusport","article_author":"https:\/\/www.facebook.com\/florent.ostermann","article_published_time":"2021-08-26T16:33:03+00:00","article_modified_time":"2021-08-28T08:31:37+00:00","og_image":[{"width":800,"height":445,"url":"https:\/\/dicodusport.fr\/blog\/wp-content\/uploads\/2021\/08\/Championnats-du-monde-de-VTT-2021-le-programme-complet.png","type":"image\/png"}],"author":"Flo Ostermann","twitter_card":"summary_large_image","twitter_title":"Championnats du monde de VTT 2021 : le programme complet","twitter_creator":"@https:\/\/twitter.com\/FlOstermann","twitter_site":"@dicodusport","schema":{"@context":"https:\/\/schema.org","@graph":[{"@type":"NewsArticle","@id":"https:\/\/dicodusport.fr\/blog\/championnats-du-monde-vtt-2021-programme-complet\/#article","isPartOf":{"@id":"https:\/\/dicodusport.fr\/blog\/championnats-du-monde-vtt-2021-programme-complet\/"},"author":{"name":"Flo Ostermann","@id":"https:\/\/dicodusport.fr\/blog\/#\/schema\/person\/cb02af4c173ce4a653b55e9baf388d4a"},"headline":"Championnats du monde de VTT 2021 : le programme complet","datePublished":"2021-08-26T16:33:03+00:00","dateModified":"2021-08-28T08:31:37+00:00","mainEntityOfPage":{"@id":"https:\/\/dicodusport.fr\/blog\/championnats-du-monde-vtt-2021-programme-complet\/"},"wordCount":309,"commentCount":0,"publisher":{"@id":"https:\/\/dicodusport.fr\/blog\/#organization"},"image":{"@id":"https:\/\/dicodusport.fr\/blog\/championnats-du-monde-vtt-2021-programme-complet\/#primaryimage"},"thumbnailUrl":"https:\/\/dicodusport.fr\/blog\/wp-content\/uploads\/2021\/08\/Championnats-du-monde-de-VTT-2021-le-programme-complet.png","keywords":["Championnats du monde de VTT","VTT"],"articleSection":["VTT"],"inLanguage":"fr-FR","potentialAction":[{"@type":"CommentAction","name":"Comment","target":["https:\/\/dicodusport.fr\/blog\/championnats-du-monde-vtt-2021-programme-complet\/#respond"]}],"copyrightYear":"2021","copyrightHolder":{"@id":"https:\/\/dicodusport.fr\/blog\/#organization"}},{"@type":"WebPage","@id":"https:\/\/dicodusport.fr\/blog\/championnats-du-monde-vtt-2021-programme-complet\/","url":"https:\/\/dicodusport.fr\/blog\/championnats-du-monde-vtt-2021-programme-complet\/","name":"Championnats du monde de VTT 2021 : le programme complet","isPartOf":{"@id":"https:\/\/dicodusport.fr\/blog\/#website"},"primaryImageOfPage":{"@id":"https:\/\/dicodusport.fr\/blog\/championnats-du-monde-vtt-2021-programme-complet\/#primaryimage"},"image":{"@id":"https:\/\/dicodusport.fr\/blog\/championnats-du-monde-vtt-2021-programme-complet\/#primaryimage"},"thumbnailUrl":"https:\/\/dicodusport.fr\/blog\/wp-content\/uploads\/2021\/08\/Championnats-du-monde-de-VTT-2021-le-programme-complet.png","datePublished":"2021-08-26T16:33:03+00:00","dateModified":"2021-08-28T08:31:37+00:00","description":"VTT - D\u00e9couvrez le programme complet des championnats du monde de VTT 2021 qui se d\u00e9roulent du 25 au 29 ao\u00fbt \u00e0 Val di Sole, en Italie.","breadcrumb":{"@id":"https:\/\/dicodusport.fr\/blog\/championnats-du-monde-vtt-2021-programme-complet\/#breadcrumb"},"inLanguage":"fr-FR","potentialAction":[{"@type":"ReadAction","target":["https:\/\/dicodusport.fr\/blog\/championnats-du-monde-vtt-2021-programme-complet\/"]}]},{"@type":"ImageObject","inLanguage":"fr-FR","@id":"https:\/\/dicodusport.fr\/blog\/championnats-du-monde-vtt-2021-programme-complet\/#primaryimage","url":"https:\/\/dicodusport.fr\/blog\/wp-content\/uploads\/2021\/08\/Championnats-du-monde-de-VTT-2021-le-programme-complet.png","contentUrl":"https:\/\/dicodusport.fr\/blog\/wp-content\/uploads\/2021\/08\/Championnats-du-monde-de-VTT-2021-le-programme-complet.png","width":800,"height":445,"caption":"Championnats du monde de VTT 2021 le programme complet"},{"@type":"BreadcrumbList","@id":"https:\/\/dicodusport.fr\/blog\/championnats-du-monde-vtt-2021-programme-complet\/#breadcrumb","itemListElement":[{"@type":"ListItem","position":1,"name":"Accueil","item":"https:\/\/dicodusport.fr\/blog\/"},{"@type":"ListItem","position":2,"name":"Championnats du monde de VTT 2021 : le programme complet"}]},{"@type":"WebSite","@id":"https:\/\/dicodusport.fr\/blog\/#website","url":"https:\/\/dicodusport.fr\/blog\/","name":"Dicodusport","description":"L&#039;encyclop\u00e9die de l&#039;actualit\u00e9 sportive","publisher":{"@id":"https:\/\/dicodusport.fr\/blog\/#organization"},"potentialAction":[{"@type":"SearchAction","target":{"@type":"EntryPoint","urlTemplate":"https:\/\/dicodusport.fr\/blog\/?s={search_term_string}"},"query-input":{"@type":"PropertyValueSpecification","valueRequired":true,"valueName":"search_term_string"}}],"inLanguage":"fr-FR"},{"@type":"NewsMediaOrganization","@id":"https:\/\/dicodusport.fr\/blog\/#organization","name":"Dicodusport","url":"https:\/\/dicodusport.fr\/blog\/","logo":{"@type":"ImageObject","inLanguage":"fr-FR","@id":"https:\/\/dicodusport.fr\/blog\/#\/schema\/logo\/image\/","url":"https:\/\/dicodusport.fr\/blog\/wp-content\/uploads\/2020\/06\/cropped-LOGO-DICODUSPORT-2020-SANS-FOND-SANS-TEXTE.png","contentUrl":"https:\/\/dicodusport.fr\/blog\/wp-content\/uploads\/2020\/06\/cropped-LOGO-DICODUSPORT-2020-SANS-FOND-SANS-TEXTE.png","width":512,"height":512,"caption":"Dicodusport"},"image":{"@id":"https:\/\/dicodusport.fr\/blog\/#\/schema\/logo\/image\/"},"sameAs":["https:\/\/www.facebook.com\/dicodusport","https:\/\/x.com\/dicodusport","https:\/\/www.instagram.com\/dicodusport\/","https:\/\/www.youtube.com\/channel\/UC7V2KZ5sd3htJivAbA4ZG3w"],"description":"Dicodusport est l'encyclop\u00e9die de l'actualit\u00e9 sportive.","email":"bonjour@dicodusport.fr","legalName":"DICODUSPORT","foundingDate":"2018-01-14","vatID":"FR71834470973","taxID":"83447097300043","numberOfEmployees":{"@type":"QuantitativeValue","minValue":"1","maxValue":"10"}},{"@type":"Person","@id":"https:\/\/dicodusport.fr\/blog\/#\/schema\/person\/cb02af4c173ce4a653b55e9baf388d4a","name":"Flo Ostermann","image":{"@type":"ImageObject","inLanguage":"fr-FR","@id":"https:\/\/dicodusport.fr\/blog\/#\/schema\/person\/image\/","url":"https:\/\/dicodusport.fr\/blog\/wp-content\/uploads\/2021\/05\/Flo-Ostermann-150x150.jpg","contentUrl":"https:\/\/dicodusport.fr\/blog\/wp-content\/uploads\/2021\/05\/Flo-Ostermann-150x150.jpg","caption":"Flo Ostermann"},"description":"Journaliste\/R\u00e9dacteur depuis septembre 2015 - Mes premiers souvenirs dans le sport ? Les envol\u00e9es du Stade Toulousain et les duels Villeneuve-Schumacher et H\u00e4kkinen-Schumacher \u00e0 la fin des ann\u00e9es 90, la Coupe du monde de football en 1998, l\u2019exploit du XV de France face aux All Blacks en 1999, mais aussi Richard C\u0153ur de Lion qui vole sur les montagnes du Tour de France. Bien parti pour devenir professeur d\u2019EPS, les \u00e9v\u00e9nements de la vie (et la flemme d\u2019animer des s\u00e9ances de 3x500 m\u00e8tres toute ma vie) m\u2019ont conduit \u00e0 revoir mes plans. Me voil\u00e0 depuis fin 2017 sur Dicodusport, m\u00e9dia gr\u00e2ce (et pour) lequel je partage ma passion : le sport dans tous ses \u00e9tats. Le tout accompagn\u00e9 par les fous furieux et folles furieuses cit\u00e9s sur cette page !","sameAs":["https:\/\/www.facebook.com\/florent.ostermann","https:\/\/x.com\/https:\/\/twitter.com\/FlOstermann","admin"],"url":"https:\/\/dicodusport.fr\/blog\/author\/flo\/"}]}},"_links":{"self":[{"href":"https:\/\/dicodusport.fr\/blog\/wp-json\/wp\/v2\/posts\/160389","targetHints":{"allow":["GET"]}}],"collection":[{"href":"https:\/\/dicodusport.fr\/blog\/wp-json\/wp\/v2\/posts"}],"about":[{"href":"https:\/\/dicodusport.fr\/blog\/wp-json\/wp\/v2\/types\/post"}],"author":[{"embeddable":true,"href":"https:\/\/dicodusport.fr\/blog\/wp-json\/wp\/v2\/users\/4"}],"replies":[{"embeddable":true,"href":"https:\/\/dicodusport.fr\/blog\/wp-json\/wp\/v2\/comments?post=160389"}],"version-history":[{"count":0,"href":"https:\/\/dicodusport.fr\/blog\/wp-json\/wp\/v2\/posts\/160389\/revisions"}],"wp:featuredmedia":[{"embeddable":true,"href":"https:\/\/dicodusport.fr\/blog\/wp-json\/wp\/v2\/media\/160391"}],"wp:attachment":[{"href":"https:\/\/dicodusport.fr\/blog\/wp-json\/wp\/v2\/media?parent=160389"}],"wp:term":[{"taxonomy":"category","embeddable":true,"href":"https:\/\/dicodusport.fr\/blog\/wp-json\/wp\/v2\/categories?post=160389"},{"taxonomy":"post_tag","embeddable":true,"href":"https:\/\/dicodusport.fr\/blog\/wp-json\/wp\/v2\/tags?post=160389"}],"curies":[{"name":"wp","href":"https:\/\/api.w.org\/{rel}","templated":true}]}}