{"id":160437,"date":"2021-08-23T17:58:17","date_gmt":"2021-08-23T15:58:17","guid":{"rendered":"https:\/\/dicodusport.fr\/blog\/?p=160437&#038;preview=true&#038;preview_id=160437"},"modified":"2021-08-23T17:58:17","modified_gmt":"2021-08-23T15:58:17","slug":"etienne-green-angleterre-plutot-que-la-france-en-selection","status":"publish","type":"post","link":"https:\/\/dicodusport.fr\/blog\/etienne-green-angleterre-plutot-que-la-france-en-selection\/","title":{"rendered":"\u00c9tienne Green, l&rsquo;Angleterre plut\u00f4t que la France en s\u00e9lection"},"content":{"rendered":"<p style=\"text-align: justify;\"><em><b>FOOTBALL &#8211; Selon nos confr\u00e8res de Ouest-France, \u00c9tienne Green, le jeune gardien de l&rsquo;ASSE, a choisi de repr\u00e9senter l&rsquo;Angleterre plut\u00f4t que la France.\u00a0<\/b><\/em><\/p>\n<p style=\"text-align: justify;\">Il fait partie des jeunes gardiens talentueux qui auraient pu pr\u00e9tendre un jour \u00e0 l&rsquo;\u00e9quipe de France, mais il n&rsquo;en sera rien. Appel\u00e9 par Sylvain Ripoll avec les Espoirs il y a quelques mois, <strong>\u00c9tienne Green<\/strong> n&rsquo;avait pas disput\u00e9 la moindre minute. D\u00e9sormais, il ne devrait jamais porter le maillot des Bleus. Le portier de 21 ans aurait choisi de repr\u00e9senter l&rsquo;Angleterre, le pays de son p\u00e8re et la o\u00f9 il est n\u00e9, plut\u00f4t que la France o\u00f9 il est arriv\u00e9 \u00e0 l&rsquo;\u00e2ge de 4 ans. <strong>\u00c9tienne Green<\/strong> aurait fait savoir sa d\u00e9cision au staff de l&rsquo;\u00e9quipe de France espoirs, et attend maintenant de voir s&rsquo;il sera convoqu\u00e9 par Lee Carsley, coach des espoirs anglais.<\/p>\n<blockquote class=\"twitter-tweet\">\n<p dir=\"ltr\" lang=\"fr\">[<a href=\"https:\/\/twitter.com\/hashtag\/L1?src=hash&amp;ref_src=twsrc%5Etfw\">#L1<\/a>&#x1f1eb;&#x1f1f7;] \u00c9tienne Green (21 ans), le gardien de l&rsquo;AS Saint-\u00c9tienne, a d\u00e9cid\u00e9 de repr\u00e9senter l&rsquo;Angleterre et non les Bleus pour sa carri\u00e8re en s\u00e9lection nationale !<\/p>\n<p>(Ouest France) <a href=\"https:\/\/t.co\/y9fTmobOiN\">pic.twitter.com\/y9fTmobOiN<\/a><\/p>\n<p>\u2014 Footballogue&#x2b50;&#xfe0f;&#x2b50;&#xfe0f; (@Footballogue) <a href=\"https:\/\/twitter.com\/Footballogue\/status\/1429783971622277124?ref_src=twsrc%5Etfw\">August 23, 2021<\/a><\/p><\/blockquote>\n<p style=\"text-align: justify;\"><script async src=\"https:\/\/platform.twitter.com\/widgets.js\" charset=\"utf-8\"><\/script><\/p>\n","protected":false},"excerpt":{"rendered":"<p>FOOTBALL &#8211; Selon nos confr\u00e8res de Ouest-France, \u00c9tienne Green, le jeune gardien de l&rsquo;ASSE, a choisi de repr\u00e9senter l&rsquo;Angleterre plut\u00f4t que la France.\u00a0<\/p>\n","protected":false},"author":1,"featured_media":160440,"comment_status":"open","ping_status":"closed","sticky":false,"template":"","format":"standard","meta":{"_acf_changed":false,"_daextam_enable_autolinks":"","footnotes":""},"categories":[47045],"tags":[1206,1554],"class_list":["post-160437","post","type-post","status-publish","format-standard","has-post-thumbnail","hentry","category-ligue-1","tag-asse","tag-ligue-1"],"acf":[],"yoast_head":"<!-- This site is optimized with the Yoast SEO Premium plugin v26.7 (Yoast SEO v26.7) - https:\/\/yoast.com\/wordpress\/plugins\/seo\/ -->\n<title>\u00c9tienne Green, l&#039;Angleterre plut\u00f4t que la France en s\u00e9lection<\/title>\n<meta name=\"description\" content=\"FOOTBALL - Selon nos confr\u00e8res de Ouest-France, \u00c9tienne Green, le jeune gardien de l&#039;ASSE, a choisi de repr\u00e9senter l&#039;Angleterre plut\u00f4t que la France.\u00a0\" \/>\n<meta name=\"robots\" content=\"index, follow, max-snippet:-1, max-image-preview:large, max-video-preview:-1\" \/>\n<link rel=\"canonical\" href=\"https:\/\/dicodusport.fr\/blog\/etienne-green-angleterre-plutot-que-la-france-en-selection\/\" \/>\n<meta property=\"og:locale\" content=\"fr_FR\" \/>\n<meta property=\"og:type\" content=\"article\" \/>\n<meta property=\"og:title\" content=\"\u00c9tienne Green, l&#039;Angleterre plut\u00f4t que la France en s\u00e9lection\" \/>\n<meta property=\"og:description\" content=\"FOOTBALL - Selon nos confr\u00e8res de Ouest-France, \u00c9tienne Green, le jeune gardien de l&#039;ASSE, a choisi de repr\u00e9senter l&#039;Angleterre plut\u00f4t que la France.\u00a0\" \/>\n<meta property=\"og:url\" content=\"https:\/\/dicodusport.fr\/blog\/etienne-green-angleterre-plutot-que-la-france-en-selection\/\" \/>\n<meta property=\"og:site_name\" content=\"Dicodusport\" \/>\n<meta property=\"article:publisher\" content=\"https:\/\/www.facebook.com\/dicodusport\" \/>\n<meta property=\"article:author\" content=\"https:\/\/www.facebook.com\/dicodusport\" \/>\n<meta property=\"article:published_time\" content=\"2021-08-23T15:58:17+00:00\" \/>\n<meta property=\"og:image\" content=\"https:\/\/dicodusport.fr\/blog\/wp-content\/uploads\/2021\/08\/E\u0301tienne-Green-lAngleterre-pluto\u0302t-que-la-France-en-se\u0301lection.png\" \/>\n\t<meta property=\"og:image:width\" content=\"800\" \/>\n\t<meta property=\"og:image:height\" content=\"445\" \/>\n\t<meta property=\"og:image:type\" content=\"image\/png\" \/>\n<meta name=\"author\" content=\"Nicolas Jacquemard\" \/>\n<meta name=\"twitter:card\" content=\"summary_large_image\" \/>\n<meta name=\"twitter:title\" content=\"\u00c9tienne Green, l&#039;Angleterre plut\u00f4t que la France en s\u00e9lection\" \/>\n<meta name=\"twitter:creator\" content=\"@https:\/\/twitter.com\/Nico_Jacquemard\" \/>\n<meta name=\"twitter:site\" content=\"@dicodusport\" \/>\n<script type=\"application\/ld+json\" class=\"yoast-schema-graph\">{\"@context\":\"https:\/\/schema.org\",\"@graph\":[{\"@type\":\"NewsArticle\",\"@id\":\"https:\/\/dicodusport.fr\/blog\/etienne-green-angleterre-plutot-que-la-france-en-selection\/#article\",\"isPartOf\":{\"@id\":\"https:\/\/dicodusport.fr\/blog\/etienne-green-angleterre-plutot-que-la-france-en-selection\/\"},\"author\":{\"name\":\"Nicolas Jacquemard\",\"@id\":\"https:\/\/dicodusport.fr\/blog\/#\/schema\/person\/55dcb50ad410894e431ed812bbb70191\"},\"headline\":\"\u00c9tienne Green, l&rsquo;Angleterre plut\u00f4t que la France en s\u00e9lection\",\"datePublished\":\"2021-08-23T15:58:17+00:00\",\"mainEntityOfPage\":{\"@id\":\"https:\/\/dicodusport.fr\/blog\/etienne-green-angleterre-plutot-que-la-france-en-selection\/\"},\"wordCount\":219,\"commentCount\":0,\"publisher\":{\"@id\":\"https:\/\/dicodusport.fr\/blog\/#organization\"},\"image\":{\"@id\":\"https:\/\/dicodusport.fr\/blog\/etienne-green-angleterre-plutot-que-la-france-en-selection\/#primaryimage\"},\"thumbnailUrl\":\"https:\/\/dicodusport.fr\/blog\/wp-content\/uploads\/2021\/08\/E\u0301tienne-Green-lAngleterre-pluto\u0302t-que-la-France-en-se\u0301lection.png\",\"keywords\":[\"ASSE\",\"Ligue 1\"],\"articleSection\":[\"Ligue 1\"],\"inLanguage\":\"fr-FR\",\"potentialAction\":[{\"@type\":\"CommentAction\",\"name\":\"Comment\",\"target\":[\"https:\/\/dicodusport.fr\/blog\/etienne-green-angleterre-plutot-que-la-france-en-selection\/#respond\"]}],\"copyrightYear\":\"2021\",\"copyrightHolder\":{\"@id\":\"https:\/\/dicodusport.fr\/blog\/#organization\"}},{\"@type\":\"WebPage\",\"@id\":\"https:\/\/dicodusport.fr\/blog\/etienne-green-angleterre-plutot-que-la-france-en-selection\/\",\"url\":\"https:\/\/dicodusport.fr\/blog\/etienne-green-angleterre-plutot-que-la-france-en-selection\/\",\"name\":\"\u00c9tienne Green, l'Angleterre plut\u00f4t que la France en s\u00e9lection\",\"isPartOf\":{\"@id\":\"https:\/\/dicodusport.fr\/blog\/#website\"},\"primaryImageOfPage\":{\"@id\":\"https:\/\/dicodusport.fr\/blog\/etienne-green-angleterre-plutot-que-la-france-en-selection\/#primaryimage\"},\"image\":{\"@id\":\"https:\/\/dicodusport.fr\/blog\/etienne-green-angleterre-plutot-que-la-france-en-selection\/#primaryimage\"},\"thumbnailUrl\":\"https:\/\/dicodusport.fr\/blog\/wp-content\/uploads\/2021\/08\/E\u0301tienne-Green-lAngleterre-pluto\u0302t-que-la-France-en-se\u0301lection.png\",\"datePublished\":\"2021-08-23T15:58:17+00:00\",\"description\":\"FOOTBALL - Selon nos confr\u00e8res de Ouest-France, \u00c9tienne Green, le jeune gardien de l'ASSE, a choisi de repr\u00e9senter l'Angleterre plut\u00f4t que la France.\u00a0\",\"breadcrumb\":{\"@id\":\"https:\/\/dicodusport.fr\/blog\/etienne-green-angleterre-plutot-que-la-france-en-selection\/#breadcrumb\"},\"inLanguage\":\"fr-FR\",\"potentialAction\":[{\"@type\":\"ReadAction\",\"target\":[\"https:\/\/dicodusport.fr\/blog\/etienne-green-angleterre-plutot-que-la-france-en-selection\/\"]}]},{\"@type\":\"ImageObject\",\"inLanguage\":\"fr-FR\",\"@id\":\"https:\/\/dicodusport.fr\/blog\/etienne-green-angleterre-plutot-que-la-france-en-selection\/#primaryimage\",\"url\":\"https:\/\/dicodusport.fr\/blog\/wp-content\/uploads\/2021\/08\/E\u0301tienne-Green-lAngleterre-pluto\u0302t-que-la-France-en-se\u0301lection.png\",\"contentUrl\":\"https:\/\/dicodusport.fr\/blog\/wp-content\/uploads\/2021\/08\/E\u0301tienne-Green-lAngleterre-pluto\u0302t-que-la-France-en-se\u0301lection.png\",\"width\":800,\"height\":445},{\"@type\":\"BreadcrumbList\",\"@id\":\"https:\/\/dicodusport.fr\/blog\/etienne-green-angleterre-plutot-que-la-france-en-selection\/#breadcrumb\",\"itemListElement\":[{\"@type\":\"ListItem\",\"position\":1,\"name\":\"Accueil\",\"item\":\"https:\/\/dicodusport.fr\/blog\/\"},{\"@type\":\"ListItem\",\"position\":2,\"name\":\"\u00c9tienne Green, l&rsquo;Angleterre plut\u00f4t que la France en s\u00e9lection\"}]},{\"@type\":\"WebSite\",\"@id\":\"https:\/\/dicodusport.fr\/blog\/#website\",\"url\":\"https:\/\/dicodusport.fr\/blog\/\",\"name\":\"Dicodusport\",\"description\":\"L&#039;encyclop\u00e9die de l&#039;actualit\u00e9 sportive\",\"publisher\":{\"@id\":\"https:\/\/dicodusport.fr\/blog\/#organization\"},\"potentialAction\":[{\"@type\":\"SearchAction\",\"target\":{\"@type\":\"EntryPoint\",\"urlTemplate\":\"https:\/\/dicodusport.fr\/blog\/?s={search_term_string}\"},\"query-input\":{\"@type\":\"PropertyValueSpecification\",\"valueRequired\":true,\"valueName\":\"search_term_string\"}}],\"inLanguage\":\"fr-FR\"},{\"@type\":\"NewsMediaOrganization\",\"@id\":\"https:\/\/dicodusport.fr\/blog\/#organization\",\"name\":\"Dicodusport\",\"url\":\"https:\/\/dicodusport.fr\/blog\/\",\"logo\":{\"@type\":\"ImageObject\",\"inLanguage\":\"fr-FR\",\"@id\":\"https:\/\/dicodusport.fr\/blog\/#\/schema\/logo\/image\/\",\"url\":\"https:\/\/dicodusport.fr\/blog\/wp-content\/uploads\/2020\/06\/cropped-LOGO-DICODUSPORT-2020-SANS-FOND-SANS-TEXTE.png\",\"contentUrl\":\"https:\/\/dicodusport.fr\/blog\/wp-content\/uploads\/2020\/06\/cropped-LOGO-DICODUSPORT-2020-SANS-FOND-SANS-TEXTE.png\",\"width\":512,\"height\":512,\"caption\":\"Dicodusport\"},\"image\":{\"@id\":\"https:\/\/dicodusport.fr\/blog\/#\/schema\/logo\/image\/\"},\"sameAs\":[\"https:\/\/www.facebook.com\/dicodusport\",\"https:\/\/x.com\/dicodusport\",\"https:\/\/www.instagram.com\/dicodusport\/\",\"https:\/\/www.youtube.com\/channel\/UC7V2KZ5sd3htJivAbA4ZG3w\"],\"description\":\"Dicodusport est l'encyclop\u00e9die de l'actualit\u00e9 sportive.\",\"email\":\"bonjour@dicodusport.fr\",\"legalName\":\"DICODUSPORT\",\"foundingDate\":\"2018-01-14\",\"vatID\":\"FR71834470973\",\"taxID\":\"83447097300043\",\"numberOfEmployees\":{\"@type\":\"QuantitativeValue\",\"minValue\":\"1\",\"maxValue\":\"10\"}},{\"@type\":\"Person\",\"@id\":\"https:\/\/dicodusport.fr\/blog\/#\/schema\/person\/55dcb50ad410894e431ed812bbb70191\",\"name\":\"Nicolas Jacquemard\",\"image\":{\"@type\":\"ImageObject\",\"inLanguage\":\"fr-FR\",\"@id\":\"https:\/\/dicodusport.fr\/blog\/#\/schema\/person\/image\/\",\"url\":\"https:\/\/dicodusport.fr\/blog\/wp-content\/uploads\/2021\/05\/Nicolas-Jacquemard-150x150.jpeg\",\"contentUrl\":\"https:\/\/dicodusport.fr\/blog\/wp-content\/uploads\/2021\/05\/Nicolas-Jacquemard-150x150.jpeg\",\"caption\":\"Nicolas Jacquemard\"},\"description\":\"Passionn\u00e9 de sport et entrepreneur depuis mes 18 ans, la cr\u00e9ation de Dicodusport m'a sembl\u00e9 \u00e9vidente pour participer \u00e0 la m\u00e9diatisation d'un plus grand nombre de sports. Le chemin est long mais avec une \u00e9quipe des plus motiv\u00e9es et les Jeux Olympiques de Paris 2024 en point de mire, nous y arriverons ! Journaliste dans le monde du sport depuis plus de 5 ans, je traite aussi bien de football, de rugby, de biathlon que de cyclisme.\",\"sameAs\":[\"https:\/\/www.facebook.com\/dicodusport\",\"https:\/\/x.com\/https:\/\/twitter.com\/Nico_Jacquemard\"],\"url\":\"https:\/\/dicodusport.fr\/blog\/author\/dicodusport\/\"}]}<\/script>\n<!-- \/ Yoast SEO Premium plugin. -->","yoast_head_json":{"title":"\u00c9tienne Green, l'Angleterre plut\u00f4t que la France en s\u00e9lection","description":"FOOTBALL - Selon nos confr\u00e8res de Ouest-France, \u00c9tienne Green, le jeune gardien de l'ASSE, a choisi de repr\u00e9senter l'Angleterre plut\u00f4t que la France.\u00a0","robots":{"index":"index","follow":"follow","max-snippet":"max-snippet:-1","max-image-preview":"max-image-preview:large","max-video-preview":"max-video-preview:-1"},"canonical":"https:\/\/dicodusport.fr\/blog\/etienne-green-angleterre-plutot-que-la-france-en-selection\/","og_locale":"fr_FR","og_type":"article","og_title":"\u00c9tienne Green, l'Angleterre plut\u00f4t que la France en s\u00e9lection","og_description":"FOOTBALL - Selon nos confr\u00e8res de Ouest-France, \u00c9tienne Green, le jeune gardien de l'ASSE, a choisi de repr\u00e9senter l'Angleterre plut\u00f4t que la France.\u00a0","og_url":"https:\/\/dicodusport.fr\/blog\/etienne-green-angleterre-plutot-que-la-france-en-selection\/","og_site_name":"Dicodusport","article_publisher":"https:\/\/www.facebook.com\/dicodusport","article_author":"https:\/\/www.facebook.com\/dicodusport","article_published_time":"2021-08-23T15:58:17+00:00","og_image":[{"width":800,"height":445,"url":"https:\/\/dicodusport.fr\/blog\/wp-content\/uploads\/2021\/08\/E\u0301tienne-Green-lAngleterre-pluto\u0302t-que-la-France-en-se\u0301lection.png","type":"image\/png"}],"author":"Nicolas Jacquemard","twitter_card":"summary_large_image","twitter_title":"\u00c9tienne Green, l'Angleterre plut\u00f4t que la France en s\u00e9lection","twitter_creator":"@https:\/\/twitter.com\/Nico_Jacquemard","twitter_site":"@dicodusport","schema":{"@context":"https:\/\/schema.org","@graph":[{"@type":"NewsArticle","@id":"https:\/\/dicodusport.fr\/blog\/etienne-green-angleterre-plutot-que-la-france-en-selection\/#article","isPartOf":{"@id":"https:\/\/dicodusport.fr\/blog\/etienne-green-angleterre-plutot-que-la-france-en-selection\/"},"author":{"name":"Nicolas Jacquemard","@id":"https:\/\/dicodusport.fr\/blog\/#\/schema\/person\/55dcb50ad410894e431ed812bbb70191"},"headline":"\u00c9tienne Green, l&rsquo;Angleterre plut\u00f4t que la France en s\u00e9lection","datePublished":"2021-08-23T15:58:17+00:00","mainEntityOfPage":{"@id":"https:\/\/dicodusport.fr\/blog\/etienne-green-angleterre-plutot-que-la-france-en-selection\/"},"wordCount":219,"commentCount":0,"publisher":{"@id":"https:\/\/dicodusport.fr\/blog\/#organization"},"image":{"@id":"https:\/\/dicodusport.fr\/blog\/etienne-green-angleterre-plutot-que-la-france-en-selection\/#primaryimage"},"thumbnailUrl":"https:\/\/dicodusport.fr\/blog\/wp-content\/uploads\/2021\/08\/E\u0301tienne-Green-lAngleterre-pluto\u0302t-que-la-France-en-se\u0301lection.png","keywords":["ASSE","Ligue 1"],"articleSection":["Ligue 1"],"inLanguage":"fr-FR","potentialAction":[{"@type":"CommentAction","name":"Comment","target":["https:\/\/dicodusport.fr\/blog\/etienne-green-angleterre-plutot-que-la-france-en-selection\/#respond"]}],"copyrightYear":"2021","copyrightHolder":{"@id":"https:\/\/dicodusport.fr\/blog\/#organization"}},{"@type":"WebPage","@id":"https:\/\/dicodusport.fr\/blog\/etienne-green-angleterre-plutot-que-la-france-en-selection\/","url":"https:\/\/dicodusport.fr\/blog\/etienne-green-angleterre-plutot-que-la-france-en-selection\/","name":"\u00c9tienne Green, l'Angleterre plut\u00f4t que la France en s\u00e9lection","isPartOf":{"@id":"https:\/\/dicodusport.fr\/blog\/#website"},"primaryImageOfPage":{"@id":"https:\/\/dicodusport.fr\/blog\/etienne-green-angleterre-plutot-que-la-france-en-selection\/#primaryimage"},"image":{"@id":"https:\/\/dicodusport.fr\/blog\/etienne-green-angleterre-plutot-que-la-france-en-selection\/#primaryimage"},"thumbnailUrl":"https:\/\/dicodusport.fr\/blog\/wp-content\/uploads\/2021\/08\/E\u0301tienne-Green-lAngleterre-pluto\u0302t-que-la-France-en-se\u0301lection.png","datePublished":"2021-08-23T15:58:17+00:00","description":"FOOTBALL - Selon nos confr\u00e8res de Ouest-France, \u00c9tienne Green, le jeune gardien de l'ASSE, a choisi de repr\u00e9senter l'Angleterre plut\u00f4t que la France.\u00a0","breadcrumb":{"@id":"https:\/\/dicodusport.fr\/blog\/etienne-green-angleterre-plutot-que-la-france-en-selection\/#breadcrumb"},"inLanguage":"fr-FR","potentialAction":[{"@type":"ReadAction","target":["https:\/\/dicodusport.fr\/blog\/etienne-green-angleterre-plutot-que-la-france-en-selection\/"]}]},{"@type":"ImageObject","inLanguage":"fr-FR","@id":"https:\/\/dicodusport.fr\/blog\/etienne-green-angleterre-plutot-que-la-france-en-selection\/#primaryimage","url":"https:\/\/dicodusport.fr\/blog\/wp-content\/uploads\/2021\/08\/E\u0301tienne-Green-lAngleterre-pluto\u0302t-que-la-France-en-se\u0301lection.png","contentUrl":"https:\/\/dicodusport.fr\/blog\/wp-content\/uploads\/2021\/08\/E\u0301tienne-Green-lAngleterre-pluto\u0302t-que-la-France-en-se\u0301lection.png","width":800,"height":445},{"@type":"BreadcrumbList","@id":"https:\/\/dicodusport.fr\/blog\/etienne-green-angleterre-plutot-que-la-france-en-selection\/#breadcrumb","itemListElement":[{"@type":"ListItem","position":1,"name":"Accueil","item":"https:\/\/dicodusport.fr\/blog\/"},{"@type":"ListItem","position":2,"name":"\u00c9tienne Green, l&rsquo;Angleterre plut\u00f4t que la France en s\u00e9lection"}]},{"@type":"WebSite","@id":"https:\/\/dicodusport.fr\/blog\/#website","url":"https:\/\/dicodusport.fr\/blog\/","name":"Dicodusport","description":"L&#039;encyclop\u00e9die de l&#039;actualit\u00e9 sportive","publisher":{"@id":"https:\/\/dicodusport.fr\/blog\/#organization"},"potentialAction":[{"@type":"SearchAction","target":{"@type":"EntryPoint","urlTemplate":"https:\/\/dicodusport.fr\/blog\/?s={search_term_string}"},"query-input":{"@type":"PropertyValueSpecification","valueRequired":true,"valueName":"search_term_string"}}],"inLanguage":"fr-FR"},{"@type":"NewsMediaOrganization","@id":"https:\/\/dicodusport.fr\/blog\/#organization","name":"Dicodusport","url":"https:\/\/dicodusport.fr\/blog\/","logo":{"@type":"ImageObject","inLanguage":"fr-FR","@id":"https:\/\/dicodusport.fr\/blog\/#\/schema\/logo\/image\/","url":"https:\/\/dicodusport.fr\/blog\/wp-content\/uploads\/2020\/06\/cropped-LOGO-DICODUSPORT-2020-SANS-FOND-SANS-TEXTE.png","contentUrl":"https:\/\/dicodusport.fr\/blog\/wp-content\/uploads\/2020\/06\/cropped-LOGO-DICODUSPORT-2020-SANS-FOND-SANS-TEXTE.png","width":512,"height":512,"caption":"Dicodusport"},"image":{"@id":"https:\/\/dicodusport.fr\/blog\/#\/schema\/logo\/image\/"},"sameAs":["https:\/\/www.facebook.com\/dicodusport","https:\/\/x.com\/dicodusport","https:\/\/www.instagram.com\/dicodusport\/","https:\/\/www.youtube.com\/channel\/UC7V2KZ5sd3htJivAbA4ZG3w"],"description":"Dicodusport est l'encyclop\u00e9die de l'actualit\u00e9 sportive.","email":"bonjour@dicodusport.fr","legalName":"DICODUSPORT","foundingDate":"2018-01-14","vatID":"FR71834470973","taxID":"83447097300043","numberOfEmployees":{"@type":"QuantitativeValue","minValue":"1","maxValue":"10"}},{"@type":"Person","@id":"https:\/\/dicodusport.fr\/blog\/#\/schema\/person\/55dcb50ad410894e431ed812bbb70191","name":"Nicolas Jacquemard","image":{"@type":"ImageObject","inLanguage":"fr-FR","@id":"https:\/\/dicodusport.fr\/blog\/#\/schema\/person\/image\/","url":"https:\/\/dicodusport.fr\/blog\/wp-content\/uploads\/2021\/05\/Nicolas-Jacquemard-150x150.jpeg","contentUrl":"https:\/\/dicodusport.fr\/blog\/wp-content\/uploads\/2021\/05\/Nicolas-Jacquemard-150x150.jpeg","caption":"Nicolas Jacquemard"},"description":"Passionn\u00e9 de sport et entrepreneur depuis mes 18 ans, la cr\u00e9ation de Dicodusport m'a sembl\u00e9 \u00e9vidente pour participer \u00e0 la m\u00e9diatisation d'un plus grand nombre de sports. Le chemin est long mais avec une \u00e9quipe des plus motiv\u00e9es et les Jeux Olympiques de Paris 2024 en point de mire, nous y arriverons ! Journaliste dans le monde du sport depuis plus de 5 ans, je traite aussi bien de football, de rugby, de biathlon que de cyclisme.","sameAs":["https:\/\/www.facebook.com\/dicodusport","https:\/\/x.com\/https:\/\/twitter.com\/Nico_Jacquemard"],"url":"https:\/\/dicodusport.fr\/blog\/author\/dicodusport\/"}]}},"_links":{"self":[{"href":"https:\/\/dicodusport.fr\/blog\/wp-json\/wp\/v2\/posts\/160437","targetHints":{"allow":["GET"]}}],"collection":[{"href":"https:\/\/dicodusport.fr\/blog\/wp-json\/wp\/v2\/posts"}],"about":[{"href":"https:\/\/dicodusport.fr\/blog\/wp-json\/wp\/v2\/types\/post"}],"author":[{"embeddable":true,"href":"https:\/\/dicodusport.fr\/blog\/wp-json\/wp\/v2\/users\/1"}],"replies":[{"embeddable":true,"href":"https:\/\/dicodusport.fr\/blog\/wp-json\/wp\/v2\/comments?post=160437"}],"version-history":[{"count":0,"href":"https:\/\/dicodusport.fr\/blog\/wp-json\/wp\/v2\/posts\/160437\/revisions"}],"wp:featuredmedia":[{"embeddable":true,"href":"https:\/\/dicodusport.fr\/blog\/wp-json\/wp\/v2\/media\/160440"}],"wp:attachment":[{"href":"https:\/\/dicodusport.fr\/blog\/wp-json\/wp\/v2\/media?parent=160437"}],"wp:term":[{"taxonomy":"category","embeddable":true,"href":"https:\/\/dicodusport.fr\/blog\/wp-json\/wp\/v2\/categories?post=160437"},{"taxonomy":"post_tag","embeddable":true,"href":"https:\/\/dicodusport.fr\/blog\/wp-json\/wp\/v2\/tags?post=160437"}],"curies":[{"name":"wp","href":"https:\/\/api.w.org\/{rel}","templated":true}]}}