{"id":160509,"date":"2021-08-23T22:19:24","date_gmt":"2021-08-23T20:19:24","guid":{"rendered":"https:\/\/dicodusport.fr\/blog\/?p=160509&#038;preview=true&#038;preview_id=160509"},"modified":"2021-08-30T12:35:38","modified_gmt":"2021-08-30T10:35:38","slug":"halterophilie-jeux-paralympiques-de-tokyo-calendrier-et-resultats","status":"publish","type":"post","link":"https:\/\/dicodusport.fr\/blog\/halterophilie-jeux-paralympiques-de-tokyo-calendrier-et-resultats\/","title":{"rendered":"Halt\u00e9rophilie &#8211; Jeux Paralympiques de Tokyo : calendrier et r\u00e9sultats"},"content":{"rendered":"<p style=\"text-align: justify;\"><strong><em><a href=\"https:\/\/dicodusport.fr\/blog\/actualites\/jeux-paralympiques-tokyo-2020\/\">JEUX PARALYMPIQUES DE TOKYO 2020<\/a> \u2013 Les \u00e9preuves d&rsquo;halt\u00e9rophilie aux Jeux Paralympiques de Tokyo ont lieu du 26 au 30 ao\u00fbt. Voici le calendrier et les r\u00e9sultats des \u00e9preuves.<\/em><\/strong><\/p>\n<h2 style=\"text-align: justify;\">Jeudi 26 ao\u00fbt<\/h2>\n<p style=\"text-align: justify;\"><strong>4h00 :<\/strong> <a href=\"https:\/\/olympics.com\/tokyo-2020\/paralympic-games\/en\/results\/powerlifting\/results-men-s-49-kg-fnl-000100-.htm\">Finale &#8211; de 49 kg hommes<\/a><br \/>\n<strong>6h00 :<\/strong> <a href=\"https:\/\/olympics.com\/tokyo-2020\/paralympic-games\/en\/results\/powerlifting\/results-women-s-41-kg-fnl-000100-.htm\">Finale &#8211; de 41 kg femmes<\/a><br \/>\n<strong>9h30 :<\/strong> <a href=\"https:\/\/olympics.com\/tokyo-2020\/paralympic-games\/en\/results\/powerlifting\/results-women-s-45-kg-fnl-000100-.htm\">Finale &#8211; de 45 kg femmes<\/a><br \/>\n<strong>11h30 :<\/strong> <a href=\"https:\/\/olympics.com\/tokyo-2020\/paralympic-games\/en\/results\/powerlifting\/results-men-s-54-kg-fnl-000100-.htm\">Finale &#8211; de 54 kg hommes<\/a><\/p>\n<h2 style=\"text-align: justify;\">Vendredi 27 ao\u00fbt<\/h2>\n<p style=\"text-align: justify;\"><strong>4h00 :<\/strong> <a href=\"https:\/\/olympics.com\/tokyo-2020\/paralympic-games\/en\/results\/powerlifting\/results-men-s-59-kg-fnl-000100-.htm\">Finale &#8211; de 59 kg hommes<\/a><br \/>\n<strong>6h00 :<\/strong> <a href=\"https:\/\/olympics.com\/tokyo-2020\/paralympic-games\/en\/results\/powerlifting\/results-women-s-50-kg-fnl-000100-.htm\">Finale &#8211; de 50 kg femmes<\/a><br \/>\n<strong>9h30 :<\/strong> <a href=\"https:\/\/olympics.com\/tokyo-2020\/paralympic-games\/en\/results\/powerlifting\/results-women-s-55-kg-fnl-000100-.htm\">Finale &#8211; de 55 kg femmes<\/a><br \/>\n<strong>11h30 :<\/strong> <a href=\"https:\/\/olympics.com\/tokyo-2020\/paralympic-games\/en\/results\/powerlifting\/results-men-s-65-kg-fnl-000100-.htm\">Finale &#8211; de 65 kg hommes<\/a><\/p>\n<h2 style=\"text-align: justify;\">Samedi 28 ao\u00fbt<\/h2>\n<p style=\"text-align: justify;\"><strong>4h00 :<\/strong> <a href=\"https:\/\/olympics.com\/tokyo-2020\/paralympic-games\/en\/results\/powerlifting\/results-men-s-72-kg-fnl-000100-.htm\">Finale &#8211; de 72 kg hommes<\/a><br \/>\n<strong>6h00 :<\/strong> <a href=\"https:\/\/olympics.com\/tokyo-2020\/paralympic-games\/en\/results\/powerlifting\/results-women-s-61-kg-fnl-000100-.htm\">Finale &#8211; de 61 kg femmes<\/a><br \/>\n<strong>9h30 :<\/strong> <a href=\"https:\/\/olympics.com\/tokyo-2020\/paralympic-games\/en\/results\/powerlifting\/results-women-s-67-kg-fnl-000100-.htm\">Finale &#8211; de 67 kg femmes<\/a><br \/>\n<strong>11h30 :<\/strong> <a href=\"https:\/\/olympics.com\/tokyo-2020\/paralympic-games\/en\/results\/powerlifting\/results-men-s-80-kg-fnl-000100-.htm\">Finale &#8211; de 80 kg hommes<\/a><\/p>\n<h2 style=\"text-align: justify;\">Dimanche 29 ao\u00fbt<\/h2>\n<p style=\"text-align: justify;\"><strong>4h00 :<\/strong> <a href=\"https:\/\/olympics.com\/tokyo-2020\/paralympic-games\/en\/results\/powerlifting\/results-men-s-88-kg-fnl-000100-.htm\">Finale &#8211; de 88 kg hommes<\/a><br \/>\n<strong>6h00 :<\/strong> <a href=\"https:\/\/olympics.com\/tokyo-2020\/paralympic-games\/en\/results\/powerlifting\/results-women-s-73-kg-fnl-000100-.htm\">Finale &#8211; de 73 kg femmes<\/a><br \/>\n<strong>9h30 :<\/strong> <a href=\"https:\/\/olympics.com\/tokyo-2020\/paralympic-games\/en\/results\/powerlifting\/results-women-s-79-kg-fnl-000100-.htm\">Finale &#8211; de 79 kg femmes<\/a><br \/>\n<strong>11h30 :<\/strong> <a href=\"https:\/\/olympics.com\/tokyo-2020\/paralympic-games\/en\/results\/powerlifting\/results-men-s-97-kg-fnl-000100-.htm\">Finale &#8211; de 97 kg hommes<\/a><\/p>\n<h2 style=\"text-align: justify;\">Lundi 30 ao\u00fbt<\/h2>\n<p style=\"text-align: justify;\"><strong>4h00 :<\/strong> <a href=\"https:\/\/olympics.com\/tokyo-2020\/paralympic-games\/en\/results\/powerlifting\/results-men-s-107-kg-fnl-000100-.htm\">Finale &#8211; de 107 kg hommes<\/a><br \/>\n<strong>6h00 :<\/strong> <a href=\"https:\/\/olympics.com\/tokyo-2020\/paralympic-games\/en\/results\/powerlifting\/results-women-s-86-kg-fnl-000100-.htm\">Finale &#8211; de 86 kg femmes<\/a><br \/>\n<strong>9h30 :<\/strong> <a href=\"https:\/\/olympics.com\/tokyo-2020\/paralympic-games\/en\/results\/powerlifting\/results-women-s--plus-86-kg-fnl-000100-.htm\">Finale + de 86 kg femmes<\/a><br \/>\n<strong>11h30 :<\/strong> <a href=\"https:\/\/olympics.com\/tokyo-2020\/paralympic-games\/en\/results\/powerlifting\/results-men-s--plus-107-kg-fnl-000100-.htm\" target=\"_blank\" rel=\"noopener\">Finale + de 107 kg hommes<\/a><\/p>\n<hr \/>\n<h2 style=\"text-align: justify;\">Les m\u00e9dailles<\/h2>\n<h3 style=\"text-align: justify;\">Femmes<\/h3>\n<div class=\"su-table su-table-alternate\">\n<table style=\"width: 800px;border-collapse: collapse\">\n<tbody>\n<tr>\n<td style=\"text-align: center;width: 200px\"><strong>\u00c9preuves<\/strong><\/td>\n<td style=\"background-color: #fff242;text-align: center;width: 200px\"><strong>&#x1f947; Or<\/strong><\/td>\n<td style=\"background-color: #a8a8a8;text-align: center;width: 200px\"><strong>&#x1f948; Argent<\/strong><\/td>\n<td style=\"background-color: #c97159;text-align: center;width: 200px\"><strong>&#x1f949; Bronze<\/strong><\/td>\n<\/tr>\n<tr>\n<td style=\"width: 200px;text-align: center\"><strong>&#8211; 41 kg<\/strong><\/td>\n<td style=\"width: 200px;text-align: center\">&#x1f1e8;&#x1f1f3; Lingling Guo<\/td>\n<td style=\"width: 200px;text-align: center\">&#x1f1ee;&#x1f1e9; Ni Nengah Widiasih<\/td>\n<td style=\"width: 200px;text-align: center\">&#x1f1fb;&#x1f1ea; Clara Fuentes Monasterio<\/td>\n<\/tr>\n<tr>\n<td style=\"width: 200px;text-align: center\"><strong>&#8211; 45 kg<\/strong><\/td>\n<td style=\"width: 200px;text-align: center\">&#x1f1f3;&#x1f1ec; Latifat Tijani<\/td>\n<td style=\"width: 200px;text-align: center\">&#x1f1e8;&#x1f1f3; Zhe Cui<\/td>\n<td style=\"width: 200px;text-align: center\">&#x1f1f5;&#x1f1f1; Justyna Kozdryk<\/td>\n<\/tr>\n<tr>\n<td style=\"width: 200px;text-align: center\"><strong>&#8211; 50 kg<\/strong><\/td>\n<td style=\"width: 200px;text-align: center\">&#x1f1e8;&#x1f1f3; Dandan Hu<\/td>\n<td style=\"width: 200px;text-align: center\">&#x1f1ea;&#x1f1ec; Rehab Ahmed<\/td>\n<td style=\"width: 200px;text-align: center\">&#x1f1ec;&#x1f1e7; Olivia Broome<\/td>\n<\/tr>\n<tr>\n<td style=\"width: 200px;text-align: center\"><strong>&#8211; 55 kg<\/strong><\/td>\n<td style=\"width: 200px;text-align: center\"><strong>&#x1f1fa;&#x1f1e6; <\/strong>Mariana Shevchuk<\/td>\n<td style=\"width: 200px;text-align: center\">&#x1f1e8;&#x1f1f3; Cuijuan Xiao<\/td>\n<td style=\"width: 200px;text-align: center\"><strong>&#x1f1f9;&#x1f1f7; <\/strong>Besra Duman<\/td>\n<\/tr>\n<tr>\n<td style=\"width: 200px;text-align: center\"><strong>&#8211; 61 kg<\/strong><\/td>\n<td style=\"width: 200px;text-align: center\">&#x1f1f2;&#x1f1fd; Amalia Perez<\/td>\n<td style=\"width: 200px;text-align: center\">&#x1f1fa;&#x1f1ff; Ruza Kuzieva<\/td>\n<td style=\"width: 200px;text-align: center\">&#x1f1f3;&#x1f1ec; Lucy Ejike<\/td>\n<\/tr>\n<tr>\n<td style=\"width: 200px;text-align: center\"><strong>&#8211; 67 kg<\/strong><\/td>\n<td style=\"width: 200px;text-align: center\">&#x1f1e8;&#x1f1f3; Yujiao Tan<\/td>\n<td style=\"width: 200px;text-align: center\">&#x1f1ea;&#x1f1ec; Fatma Omar<\/td>\n<td style=\"width: 200px;text-align: center\">&#x1f1f3;&#x1f1ec; Olaitan Ibrahim<\/td>\n<\/tr>\n<tr>\n<td style=\"width: 200px;text-align: center\"><strong>&#8211; 73 kg<\/strong><\/td>\n<td style=\"width: 200px;text-align: center\">&#x1f1e7;&#x1f1f7; Mariana D&rsquo;Andrea<\/td>\n<td style=\"width: 200px;text-align: center\">&#x1f1e8;&#x1f1f3; Lili Xu<\/td>\n<td style=\"width: 200px;text-align: center\">&#x1f1eb;&#x1f1f7; Souhad Ghazouani<\/td>\n<\/tr>\n<tr>\n<td style=\"width: 200px;text-align: center\"><strong>&#8211; 79 kg<\/strong><\/td>\n<td style=\"width: 200px;text-align: center\">&#x1f1f3;&#x1f1ec; Bose Omolayo<\/td>\n<td style=\"width: 200px;text-align: center\"><strong>&#x1f1fa;&#x1f1e6; <\/strong>Nataliia Oliinyk<\/td>\n<td style=\"width: 200px;text-align: center\"><strong><span style=\"font-size: 0.9em\"><img loading=\"lazy\" decoding=\"async\" class=\"alignnone wp-image-143866\" src=\"https:\/\/dicodusport.fr\/blog\/wp-content\/uploads\/2021\/07\/Comite-olympique-russe-591x1024.png\" alt=\"\" width=\"9\" height=\"15\" srcset=\"https:\/\/dicodusport.fr\/blog\/wp-content\/uploads\/2021\/07\/Comite-olympique-russe-591x1024.png 591w, https:\/\/dicodusport.fr\/blog\/wp-content\/uploads\/2021\/07\/Comite-olympique-russe-173x300.png 173w, https:\/\/dicodusport.fr\/blog\/wp-content\/uploads\/2021\/07\/Comite-olympique-russe-768x1331.png 768w, https:\/\/dicodusport.fr\/blog\/wp-content\/uploads\/2021\/07\/Comite-olympique-russe-887x1536.png 887w, https:\/\/dicodusport.fr\/blog\/wp-content\/uploads\/2021\/07\/Comite-olympique-russe-1182x2048.png 1182w, https:\/\/dicodusport.fr\/blog\/wp-content\/uploads\/2021\/07\/Comite-olympique-russe.png 2001w\" sizes=\"auto, (max-width: 9px) 100vw, 9px\" \/> <\/span><\/strong>Vera Muratova<\/td>\n<\/tr>\n<tr>\n<td style=\"width: 200px;text-align: center\"><strong>&#8211; 86 kg<\/strong><\/td>\n<td style=\"width: 200px;text-align: center\">&#x1f1f3;&#x1f1ec; Folashade Oluwafemiayo<\/td>\n<td style=\"width: 200px;text-align: center\">&#x1f1e8;&#x1f1f3; Feifei Zheng<\/td>\n<td style=\"width: 200px;text-align: center\">&#x1f1ec;&#x1f1e7; Louise Sugden<\/td>\n<\/tr>\n<tr>\n<td style=\"width: 200px;text-align: center\"><strong>+ 86 kg<\/strong><\/td>\n<td style=\"width: 200px;text-align: center\">&#x1f1e8;&#x1f1f3; Xuemei Deng<\/td>\n<td style=\"width: 200px;text-align: center\">&#x1f1f3;&#x1f1ec;Loveline Obiji<\/td>\n<td style=\"width: 200px;text-align: center\">&#x1f1f5;&#x1f1f1; Marzena Zieba<\/td>\n<\/tr>\n<\/tbody>\n<\/table>\n<\/div>\n<h3 style=\"text-align: justify;\">Hommes<\/h3>\n<div class=\"su-table su-table-alternate\">\n<table style=\"width: 800px;border-collapse: collapse\">\n<tbody>\n<tr>\n<td style=\"text-align: center;width: 200px\"><strong>\u00c9preuves<\/strong><\/td>\n<td style=\"background-color: #fff242;text-align: center;width: 200px\"><strong>&#x1f947; Or<\/strong><\/td>\n<td style=\"background-color: #a8a8a8;text-align: center;width: 200px\"><strong>&#x1f948; Argent<\/strong><\/td>\n<td style=\"background-color: #c97159;text-align: center;width: 200px\"><strong>&#x1f949; Bronze<\/strong><\/td>\n<\/tr>\n<tr>\n<td style=\"width: 200px;text-align: center\"><strong>&#8211; 49 kg<\/strong><\/td>\n<td style=\"width: 200px;text-align: center\">&#x1f1ef;&#x1f1f4; Omar Qarada<\/td>\n<td style=\"width: 200px;text-align: center\">&#x1f1fb;&#x1f1f3; Van Cong le<\/td>\n<td style=\"width: 200px;text-align: center\">&#x1f1e6;&#x1f1ff; Parvin Mammadov<\/td>\n<\/tr>\n<tr>\n<td style=\"width: 200px;text-align: center\"><strong>&#8211; 54 kg<\/strong><\/td>\n<td style=\"width: 200px;text-align: center\">&#x1f1f0;&#x1f1ff; David Degtyarev<\/td>\n<td style=\"width: 200px;text-align: center\">&#x1f1eb;&#x1f1f7; Axel Bourlon<\/td>\n<td style=\"width: 200px;text-align: center\">&#x1f1ec;&#x1f1f7; Dimitros Bakochristos<\/td>\n<\/tr>\n<tr>\n<td style=\"width: 200px;text-align: center\"><strong>&#8211; 59 kg<\/strong><\/td>\n<td style=\"width: 200px;text-align: center\">&#x1f1e8;&#x1f1f3; Yongkai<\/td>\n<td style=\"width: 200px;text-align: center\">&#x1f1ea;&#x1f1ec; Sherif Osman<\/td>\n<td style=\"width: 200px;text-align: center\">&#x1f1f8;&#x1f1fb; Herbert Aceituno<\/td>\n<\/tr>\n<tr>\n<td style=\"width: 200px;text-align: center\"><strong>&#8211; 65 kg<\/strong><\/td>\n<td style=\"width: 200px;text-align: center\">&#x1f1e8;&#x1f1f3; Lei Liu<\/td>\n<td style=\"width: 200px;text-align: center\">&#x1f1ee;&#x1f1f7; Amir Jafari<\/td>\n<td style=\"width: 200px;text-align: center\">&#x1f1e9;&#x1f1ff; Hocine Bettir<\/td>\n<\/tr>\n<tr>\n<td style=\"width: 200px;text-align: center\"><strong>&#8211; 72 kg<\/strong><\/td>\n<td style=\"width: 200px;text-align: center\">&#x1f1f2;&#x1f1fe; Bonnie Gustin<\/td>\n<td style=\"width: 200px;text-align: center\">&#x1f1ea;&#x1f1ec; Mahmoud Attia<\/td>\n<td style=\"width: 200px;text-align: center\">&#x1f1ec;&#x1f1e7; Micky Yule<\/td>\n<\/tr>\n<tr>\n<td style=\"width: 200px;text-align: center\"><strong>&#8211; 80 kg<\/strong><\/td>\n<td style=\"width: 200px;text-align: center\">&#x1f1ee;&#x1f1f7; Roohallah Rostami<\/td>\n<td style=\"width: 200px;text-align: center\">&#x1f1e8;&#x1f1f3; Xiaofei Gu<\/td>\n<td style=\"width: 200px;text-align: center\">&#x1f1ea;&#x1f1ec; Mohamed Elefat<\/td>\n<\/tr>\n<tr>\n<td style=\"width: 200px;text-align: center\"><strong>&#8211; 88 kg<\/strong><\/td>\n<td style=\"width: 200px;text-align: center\">&#x1f1ef;&#x1f1f4; Abdelkareem Khattab<\/td>\n<td style=\"width: 200px;text-align: center\">&#x1f1e8;&#x1f1f3; Jixiong Ye<\/td>\n<td style=\"width: 200px;text-align: center\">&#x1f1ea;&#x1f1ec; Hany Abdelhady<\/td>\n<\/tr>\n<tr>\n<td style=\"width: 200px;text-align: center\"><strong>&#8211; 97 kg<\/strong><\/td>\n<td style=\"width: 200px;text-align: center\">&#x1f1e8;&#x1f1f3; Panpan Yan<\/td>\n<td style=\"width: 200px;text-align: center\">&#x1f1ee;&#x1f1f7; Seyedhamed Solhipouravanji<\/td>\n<td style=\"width: 200px;text-align: center\">&#x1f1e8;&#x1f1f4; Fabio Torres<\/td>\n<\/tr>\n<tr>\n<td style=\"width: 200px;text-align: center\"><strong>&#8211; 107 kg<\/strong><\/td>\n<td style=\"width: 200px;text-align: center\">&#x1f1f2;&#x1f1f3; Sodnompiljee Enkhbayar<\/td>\n<td style=\"width: 200px;text-align: center\">&#x1f1f2;&#x1f1fe; Yee Khie Jong<\/td>\n<td style=\"width: 200px;text-align: center\">&#x1f1ee;&#x1f1f7; Saman Razi<\/td>\n<\/tr>\n<tr>\n<td style=\"width: 200px;text-align: center\"><strong>+107\u00a0kg<\/strong><\/td>\n<td style=\"width: 200px;text-align: center\">&#x1f1ef;&#x1f1f4; Jamil Elshebli<\/td>\n<td style=\"width: 200px;text-align: center\">&#x1f1ee;&#x1f1f7; Mansour Pourmirzaei<\/td>\n<td style=\"width: 200px;text-align: center\">&#x1f1ee;&#x1f1f6; Faris Al-Ageeli<\/td>\n<\/tr>\n<\/tbody>\n<\/table>\n<\/div>\n<p><span style=\"font-size: 14px;\"><em>PR : Record olympique<br \/>\nWR : Record du monde<\/em><\/span><\/p>\n","protected":false},"excerpt":{"rendered":"<p>JEUX PARALYMPIQUES DE TOKYO 2020 \u2013 Les \u00e9preuves d&rsquo;halt\u00e9rophilie aux Jeux Paralympiques de Tokyo ont lieu du 26 au 30 ao\u00fbt. Voici le calendrier et les r\u00e9sultats des \u00e9preuves.<\/p>\n","protected":false},"author":4,"featured_media":160512,"comment_status":"open","ping_status":"closed","sticky":false,"template":"","format":"standard","meta":{"_acf_changed":false,"_daextam_enable_autolinks":"","footnotes":""},"categories":[15701,14180],"tags":[13396],"class_list":["post-160509","post","type-post","status-publish","format-standard","has-post-thumbnail","hentry","category-halterophilie","category-jeux-paralympiques-tokyo-2020","tag-jeux-paralympiques-de-tokyo"],"acf":[],"yoast_head":"<!-- This site is optimized with the Yoast SEO Premium plugin v26.7 (Yoast SEO v26.7) - https:\/\/yoast.com\/wordpress\/plugins\/seo\/ -->\n<title>Halt\u00e9rophilie - Jeux Paralympiques de Tokyo : calendrier et r\u00e9sultats<\/title>\n<meta name=\"description\" content=\"JEUX PARALYMPIQUES DE TOKYO 2020 \u2013 D\u00e9couvrez le calendrier des \u00e9preuves d&#039;halt\u00e9rophilie aux Jeux Paralympiques de Tokyo.\" \/>\n<meta name=\"robots\" content=\"index, follow, max-snippet:-1, max-image-preview:large, max-video-preview:-1\" \/>\n<link rel=\"canonical\" href=\"https:\/\/dicodusport.fr\/blog\/halterophilie-jeux-paralympiques-de-tokyo-calendrier-et-resultats\/\" \/>\n<meta property=\"og:locale\" content=\"fr_FR\" \/>\n<meta property=\"og:type\" content=\"article\" \/>\n<meta property=\"og:title\" content=\"Halt\u00e9rophilie - Jeux Paralympiques de Tokyo : calendrier et r\u00e9sultats\" \/>\n<meta property=\"og:description\" content=\"JEUX PARALYMPIQUES DE TOKYO 2020 \u2013 D\u00e9couvrez le calendrier des \u00e9preuves d&#039;halt\u00e9rophilie aux Jeux Paralympiques de Tokyo.\" \/>\n<meta property=\"og:url\" content=\"https:\/\/dicodusport.fr\/blog\/halterophilie-jeux-paralympiques-de-tokyo-calendrier-et-resultats\/\" \/>\n<meta property=\"og:site_name\" content=\"Dicodusport\" \/>\n<meta property=\"article:publisher\" content=\"https:\/\/www.facebook.com\/dicodusport\" \/>\n<meta property=\"article:author\" content=\"https:\/\/www.facebook.com\/florent.ostermann\" \/>\n<meta property=\"article:published_time\" content=\"2021-08-23T20:19:24+00:00\" \/>\n<meta property=\"article:modified_time\" content=\"2021-08-30T10:35:38+00:00\" \/>\n<meta property=\"og:image\" content=\"https:\/\/dicodusport.fr\/blog\/wp-content\/uploads\/2021\/08\/Halterophilie-Jeux-Paralympiques-de-Tokyo-calendrier-et-resultats.png\" \/>\n\t<meta property=\"og:image:width\" content=\"1200\" \/>\n\t<meta property=\"og:image:height\" content=\"670\" \/>\n\t<meta property=\"og:image:type\" content=\"image\/png\" \/>\n<meta name=\"author\" content=\"Flo Ostermann\" \/>\n<meta name=\"twitter:card\" content=\"summary_large_image\" \/>\n<meta name=\"twitter:title\" content=\"Halt\u00e9rophilie - Jeux Paralympiques de Tokyo : calendrier et r\u00e9sultats\" \/>\n<meta name=\"twitter:creator\" content=\"@https:\/\/twitter.com\/FlOstermann\" \/>\n<meta name=\"twitter:site\" content=\"@dicodusport\" \/>\n<script type=\"application\/ld+json\" class=\"yoast-schema-graph\">{\"@context\":\"https:\/\/schema.org\",\"@graph\":[{\"@type\":\"NewsArticle\",\"@id\":\"https:\/\/dicodusport.fr\/blog\/halterophilie-jeux-paralympiques-de-tokyo-calendrier-et-resultats\/#article\",\"isPartOf\":{\"@id\":\"https:\/\/dicodusport.fr\/blog\/halterophilie-jeux-paralympiques-de-tokyo-calendrier-et-resultats\/\"},\"author\":{\"name\":\"Flo Ostermann\",\"@id\":\"https:\/\/dicodusport.fr\/blog\/#\/schema\/person\/cb02af4c173ce4a653b55e9baf388d4a\"},\"headline\":\"Halt\u00e9rophilie &#8211; Jeux Paralympiques de Tokyo : calendrier et r\u00e9sultats\",\"datePublished\":\"2021-08-23T20:19:24+00:00\",\"dateModified\":\"2021-08-30T10:35:38+00:00\",\"mainEntityOfPage\":{\"@id\":\"https:\/\/dicodusport.fr\/blog\/halterophilie-jeux-paralympiques-de-tokyo-calendrier-et-resultats\/\"},\"wordCount\":729,\"commentCount\":0,\"publisher\":{\"@id\":\"https:\/\/dicodusport.fr\/blog\/#organization\"},\"image\":{\"@id\":\"https:\/\/dicodusport.fr\/blog\/halterophilie-jeux-paralympiques-de-tokyo-calendrier-et-resultats\/#primaryimage\"},\"thumbnailUrl\":\"https:\/\/dicodusport.fr\/blog\/wp-content\/uploads\/2021\/08\/Halterophilie-Jeux-Paralympiques-de-Tokyo-calendrier-et-resultats.png\",\"keywords\":[\"Jeux Paralympiques de Tokyo\"],\"articleSection\":[\"Halt\u00e9rophilie\",\"Jeux Paralympiques de Tokyo 2020\"],\"inLanguage\":\"fr-FR\",\"potentialAction\":[{\"@type\":\"CommentAction\",\"name\":\"Comment\",\"target\":[\"https:\/\/dicodusport.fr\/blog\/halterophilie-jeux-paralympiques-de-tokyo-calendrier-et-resultats\/#respond\"]}],\"copyrightYear\":\"2021\",\"copyrightHolder\":{\"@id\":\"https:\/\/dicodusport.fr\/blog\/#organization\"}},{\"@type\":\"WebPage\",\"@id\":\"https:\/\/dicodusport.fr\/blog\/halterophilie-jeux-paralympiques-de-tokyo-calendrier-et-resultats\/\",\"url\":\"https:\/\/dicodusport.fr\/blog\/halterophilie-jeux-paralympiques-de-tokyo-calendrier-et-resultats\/\",\"name\":\"Halt\u00e9rophilie - Jeux Paralympiques de Tokyo : calendrier et r\u00e9sultats\",\"isPartOf\":{\"@id\":\"https:\/\/dicodusport.fr\/blog\/#website\"},\"primaryImageOfPage\":{\"@id\":\"https:\/\/dicodusport.fr\/blog\/halterophilie-jeux-paralympiques-de-tokyo-calendrier-et-resultats\/#primaryimage\"},\"image\":{\"@id\":\"https:\/\/dicodusport.fr\/blog\/halterophilie-jeux-paralympiques-de-tokyo-calendrier-et-resultats\/#primaryimage\"},\"thumbnailUrl\":\"https:\/\/dicodusport.fr\/blog\/wp-content\/uploads\/2021\/08\/Halterophilie-Jeux-Paralympiques-de-Tokyo-calendrier-et-resultats.png\",\"datePublished\":\"2021-08-23T20:19:24+00:00\",\"dateModified\":\"2021-08-30T10:35:38+00:00\",\"description\":\"JEUX PARALYMPIQUES DE TOKYO 2020 \u2013 D\u00e9couvrez le calendrier des \u00e9preuves d'halt\u00e9rophilie aux Jeux Paralympiques de Tokyo.\",\"breadcrumb\":{\"@id\":\"https:\/\/dicodusport.fr\/blog\/halterophilie-jeux-paralympiques-de-tokyo-calendrier-et-resultats\/#breadcrumb\"},\"inLanguage\":\"fr-FR\",\"potentialAction\":[{\"@type\":\"ReadAction\",\"target\":[\"https:\/\/dicodusport.fr\/blog\/halterophilie-jeux-paralympiques-de-tokyo-calendrier-et-resultats\/\"]}]},{\"@type\":\"ImageObject\",\"inLanguage\":\"fr-FR\",\"@id\":\"https:\/\/dicodusport.fr\/blog\/halterophilie-jeux-paralympiques-de-tokyo-calendrier-et-resultats\/#primaryimage\",\"url\":\"https:\/\/dicodusport.fr\/blog\/wp-content\/uploads\/2021\/08\/Halterophilie-Jeux-Paralympiques-de-Tokyo-calendrier-et-resultats.png\",\"contentUrl\":\"https:\/\/dicodusport.fr\/blog\/wp-content\/uploads\/2021\/08\/Halterophilie-Jeux-Paralympiques-de-Tokyo-calendrier-et-resultats.png\",\"width\":1200,\"height\":670,\"caption\":\"Halt\u00e9rophilie - Jeux Paralympiques de Tokyo calendrier et r\u00e9sultats\"},{\"@type\":\"BreadcrumbList\",\"@id\":\"https:\/\/dicodusport.fr\/blog\/halterophilie-jeux-paralympiques-de-tokyo-calendrier-et-resultats\/#breadcrumb\",\"itemListElement\":[{\"@type\":\"ListItem\",\"position\":1,\"name\":\"Accueil\",\"item\":\"https:\/\/dicodusport.fr\/blog\/\"},{\"@type\":\"ListItem\",\"position\":2,\"name\":\"Halt\u00e9rophilie &#8211; Jeux Paralympiques de Tokyo : calendrier et r\u00e9sultats\"}]},{\"@type\":\"WebSite\",\"@id\":\"https:\/\/dicodusport.fr\/blog\/#website\",\"url\":\"https:\/\/dicodusport.fr\/blog\/\",\"name\":\"Dicodusport\",\"description\":\"L&#039;encyclop\u00e9die de l&#039;actualit\u00e9 sportive\",\"publisher\":{\"@id\":\"https:\/\/dicodusport.fr\/blog\/#organization\"},\"potentialAction\":[{\"@type\":\"SearchAction\",\"target\":{\"@type\":\"EntryPoint\",\"urlTemplate\":\"https:\/\/dicodusport.fr\/blog\/?s={search_term_string}\"},\"query-input\":{\"@type\":\"PropertyValueSpecification\",\"valueRequired\":true,\"valueName\":\"search_term_string\"}}],\"inLanguage\":\"fr-FR\"},{\"@type\":\"NewsMediaOrganization\",\"@id\":\"https:\/\/dicodusport.fr\/blog\/#organization\",\"name\":\"Dicodusport\",\"url\":\"https:\/\/dicodusport.fr\/blog\/\",\"logo\":{\"@type\":\"ImageObject\",\"inLanguage\":\"fr-FR\",\"@id\":\"https:\/\/dicodusport.fr\/blog\/#\/schema\/logo\/image\/\",\"url\":\"https:\/\/dicodusport.fr\/blog\/wp-content\/uploads\/2020\/06\/cropped-LOGO-DICODUSPORT-2020-SANS-FOND-SANS-TEXTE.png\",\"contentUrl\":\"https:\/\/dicodusport.fr\/blog\/wp-content\/uploads\/2020\/06\/cropped-LOGO-DICODUSPORT-2020-SANS-FOND-SANS-TEXTE.png\",\"width\":512,\"height\":512,\"caption\":\"Dicodusport\"},\"image\":{\"@id\":\"https:\/\/dicodusport.fr\/blog\/#\/schema\/logo\/image\/\"},\"sameAs\":[\"https:\/\/www.facebook.com\/dicodusport\",\"https:\/\/x.com\/dicodusport\",\"https:\/\/www.instagram.com\/dicodusport\/\",\"https:\/\/www.youtube.com\/channel\/UC7V2KZ5sd3htJivAbA4ZG3w\"],\"description\":\"Dicodusport est l'encyclop\u00e9die de l'actualit\u00e9 sportive.\",\"email\":\"bonjour@dicodusport.fr\",\"legalName\":\"DICODUSPORT\",\"foundingDate\":\"2018-01-14\",\"vatID\":\"FR71834470973\",\"taxID\":\"83447097300043\",\"numberOfEmployees\":{\"@type\":\"QuantitativeValue\",\"minValue\":\"1\",\"maxValue\":\"10\"}},{\"@type\":\"Person\",\"@id\":\"https:\/\/dicodusport.fr\/blog\/#\/schema\/person\/cb02af4c173ce4a653b55e9baf388d4a\",\"name\":\"Flo Ostermann\",\"image\":{\"@type\":\"ImageObject\",\"inLanguage\":\"fr-FR\",\"@id\":\"https:\/\/dicodusport.fr\/blog\/#\/schema\/person\/image\/\",\"url\":\"https:\/\/dicodusport.fr\/blog\/wp-content\/uploads\/2021\/05\/Flo-Ostermann-150x150.jpg\",\"contentUrl\":\"https:\/\/dicodusport.fr\/blog\/wp-content\/uploads\/2021\/05\/Flo-Ostermann-150x150.jpg\",\"caption\":\"Flo Ostermann\"},\"description\":\"Journaliste\/R\u00e9dacteur depuis septembre 2015 - Mes premiers souvenirs dans le sport ? Les envol\u00e9es du Stade Toulousain et les duels Villeneuve-Schumacher et H\u00e4kkinen-Schumacher \u00e0 la fin des ann\u00e9es 90, la Coupe du monde de football en 1998, l\u2019exploit du XV de France face aux All Blacks en 1999, mais aussi Richard C\u0153ur de Lion qui vole sur les montagnes du Tour de France. Bien parti pour devenir professeur d\u2019EPS, les \u00e9v\u00e9nements de la vie (et la flemme d\u2019animer des s\u00e9ances de 3x500 m\u00e8tres toute ma vie) m\u2019ont conduit \u00e0 revoir mes plans. Me voil\u00e0 depuis fin 2017 sur Dicodusport, m\u00e9dia gr\u00e2ce (et pour) lequel je partage ma passion : le sport dans tous ses \u00e9tats. Le tout accompagn\u00e9 par les fous furieux et folles furieuses cit\u00e9s sur cette page !\",\"sameAs\":[\"https:\/\/www.facebook.com\/florent.ostermann\",\"https:\/\/x.com\/https:\/\/twitter.com\/FlOstermann\",\"admin\"],\"url\":\"https:\/\/dicodusport.fr\/blog\/author\/flo\/\"}]}<\/script>\n<!-- \/ Yoast SEO Premium plugin. -->","yoast_head_json":{"title":"Halt\u00e9rophilie - Jeux Paralympiques de Tokyo : calendrier et r\u00e9sultats","description":"JEUX PARALYMPIQUES DE TOKYO 2020 \u2013 D\u00e9couvrez le calendrier des \u00e9preuves d'halt\u00e9rophilie aux Jeux Paralympiques de Tokyo.","robots":{"index":"index","follow":"follow","max-snippet":"max-snippet:-1","max-image-preview":"max-image-preview:large","max-video-preview":"max-video-preview:-1"},"canonical":"https:\/\/dicodusport.fr\/blog\/halterophilie-jeux-paralympiques-de-tokyo-calendrier-et-resultats\/","og_locale":"fr_FR","og_type":"article","og_title":"Halt\u00e9rophilie - Jeux Paralympiques de Tokyo : calendrier et r\u00e9sultats","og_description":"JEUX PARALYMPIQUES DE TOKYO 2020 \u2013 D\u00e9couvrez le calendrier des \u00e9preuves d'halt\u00e9rophilie aux Jeux Paralympiques de Tokyo.","og_url":"https:\/\/dicodusport.fr\/blog\/halterophilie-jeux-paralympiques-de-tokyo-calendrier-et-resultats\/","og_site_name":"Dicodusport","article_publisher":"https:\/\/www.facebook.com\/dicodusport","article_author":"https:\/\/www.facebook.com\/florent.ostermann","article_published_time":"2021-08-23T20:19:24+00:00","article_modified_time":"2021-08-30T10:35:38+00:00","og_image":[{"width":1200,"height":670,"url":"https:\/\/dicodusport.fr\/blog\/wp-content\/uploads\/2021\/08\/Halterophilie-Jeux-Paralympiques-de-Tokyo-calendrier-et-resultats.png","type":"image\/png"}],"author":"Flo Ostermann","twitter_card":"summary_large_image","twitter_title":"Halt\u00e9rophilie - Jeux Paralympiques de Tokyo : calendrier et r\u00e9sultats","twitter_creator":"@https:\/\/twitter.com\/FlOstermann","twitter_site":"@dicodusport","schema":{"@context":"https:\/\/schema.org","@graph":[{"@type":"NewsArticle","@id":"https:\/\/dicodusport.fr\/blog\/halterophilie-jeux-paralympiques-de-tokyo-calendrier-et-resultats\/#article","isPartOf":{"@id":"https:\/\/dicodusport.fr\/blog\/halterophilie-jeux-paralympiques-de-tokyo-calendrier-et-resultats\/"},"author":{"name":"Flo Ostermann","@id":"https:\/\/dicodusport.fr\/blog\/#\/schema\/person\/cb02af4c173ce4a653b55e9baf388d4a"},"headline":"Halt\u00e9rophilie &#8211; Jeux Paralympiques de Tokyo : calendrier et r\u00e9sultats","datePublished":"2021-08-23T20:19:24+00:00","dateModified":"2021-08-30T10:35:38+00:00","mainEntityOfPage":{"@id":"https:\/\/dicodusport.fr\/blog\/halterophilie-jeux-paralympiques-de-tokyo-calendrier-et-resultats\/"},"wordCount":729,"commentCount":0,"publisher":{"@id":"https:\/\/dicodusport.fr\/blog\/#organization"},"image":{"@id":"https:\/\/dicodusport.fr\/blog\/halterophilie-jeux-paralympiques-de-tokyo-calendrier-et-resultats\/#primaryimage"},"thumbnailUrl":"https:\/\/dicodusport.fr\/blog\/wp-content\/uploads\/2021\/08\/Halterophilie-Jeux-Paralympiques-de-Tokyo-calendrier-et-resultats.png","keywords":["Jeux Paralympiques de Tokyo"],"articleSection":["Halt\u00e9rophilie","Jeux Paralympiques de Tokyo 2020"],"inLanguage":"fr-FR","potentialAction":[{"@type":"CommentAction","name":"Comment","target":["https:\/\/dicodusport.fr\/blog\/halterophilie-jeux-paralympiques-de-tokyo-calendrier-et-resultats\/#respond"]}],"copyrightYear":"2021","copyrightHolder":{"@id":"https:\/\/dicodusport.fr\/blog\/#organization"}},{"@type":"WebPage","@id":"https:\/\/dicodusport.fr\/blog\/halterophilie-jeux-paralympiques-de-tokyo-calendrier-et-resultats\/","url":"https:\/\/dicodusport.fr\/blog\/halterophilie-jeux-paralympiques-de-tokyo-calendrier-et-resultats\/","name":"Halt\u00e9rophilie - Jeux Paralympiques de Tokyo : calendrier et r\u00e9sultats","isPartOf":{"@id":"https:\/\/dicodusport.fr\/blog\/#website"},"primaryImageOfPage":{"@id":"https:\/\/dicodusport.fr\/blog\/halterophilie-jeux-paralympiques-de-tokyo-calendrier-et-resultats\/#primaryimage"},"image":{"@id":"https:\/\/dicodusport.fr\/blog\/halterophilie-jeux-paralympiques-de-tokyo-calendrier-et-resultats\/#primaryimage"},"thumbnailUrl":"https:\/\/dicodusport.fr\/blog\/wp-content\/uploads\/2021\/08\/Halterophilie-Jeux-Paralympiques-de-Tokyo-calendrier-et-resultats.png","datePublished":"2021-08-23T20:19:24+00:00","dateModified":"2021-08-30T10:35:38+00:00","description":"JEUX PARALYMPIQUES DE TOKYO 2020 \u2013 D\u00e9couvrez le calendrier des \u00e9preuves d'halt\u00e9rophilie aux Jeux Paralympiques de Tokyo.","breadcrumb":{"@id":"https:\/\/dicodusport.fr\/blog\/halterophilie-jeux-paralympiques-de-tokyo-calendrier-et-resultats\/#breadcrumb"},"inLanguage":"fr-FR","potentialAction":[{"@type":"ReadAction","target":["https:\/\/dicodusport.fr\/blog\/halterophilie-jeux-paralympiques-de-tokyo-calendrier-et-resultats\/"]}]},{"@type":"ImageObject","inLanguage":"fr-FR","@id":"https:\/\/dicodusport.fr\/blog\/halterophilie-jeux-paralympiques-de-tokyo-calendrier-et-resultats\/#primaryimage","url":"https:\/\/dicodusport.fr\/blog\/wp-content\/uploads\/2021\/08\/Halterophilie-Jeux-Paralympiques-de-Tokyo-calendrier-et-resultats.png","contentUrl":"https:\/\/dicodusport.fr\/blog\/wp-content\/uploads\/2021\/08\/Halterophilie-Jeux-Paralympiques-de-Tokyo-calendrier-et-resultats.png","width":1200,"height":670,"caption":"Halt\u00e9rophilie - Jeux Paralympiques de Tokyo calendrier et r\u00e9sultats"},{"@type":"BreadcrumbList","@id":"https:\/\/dicodusport.fr\/blog\/halterophilie-jeux-paralympiques-de-tokyo-calendrier-et-resultats\/#breadcrumb","itemListElement":[{"@type":"ListItem","position":1,"name":"Accueil","item":"https:\/\/dicodusport.fr\/blog\/"},{"@type":"ListItem","position":2,"name":"Halt\u00e9rophilie &#8211; Jeux Paralympiques de Tokyo : calendrier et r\u00e9sultats"}]},{"@type":"WebSite","@id":"https:\/\/dicodusport.fr\/blog\/#website","url":"https:\/\/dicodusport.fr\/blog\/","name":"Dicodusport","description":"L&#039;encyclop\u00e9die de l&#039;actualit\u00e9 sportive","publisher":{"@id":"https:\/\/dicodusport.fr\/blog\/#organization"},"potentialAction":[{"@type":"SearchAction","target":{"@type":"EntryPoint","urlTemplate":"https:\/\/dicodusport.fr\/blog\/?s={search_term_string}"},"query-input":{"@type":"PropertyValueSpecification","valueRequired":true,"valueName":"search_term_string"}}],"inLanguage":"fr-FR"},{"@type":"NewsMediaOrganization","@id":"https:\/\/dicodusport.fr\/blog\/#organization","name":"Dicodusport","url":"https:\/\/dicodusport.fr\/blog\/","logo":{"@type":"ImageObject","inLanguage":"fr-FR","@id":"https:\/\/dicodusport.fr\/blog\/#\/schema\/logo\/image\/","url":"https:\/\/dicodusport.fr\/blog\/wp-content\/uploads\/2020\/06\/cropped-LOGO-DICODUSPORT-2020-SANS-FOND-SANS-TEXTE.png","contentUrl":"https:\/\/dicodusport.fr\/blog\/wp-content\/uploads\/2020\/06\/cropped-LOGO-DICODUSPORT-2020-SANS-FOND-SANS-TEXTE.png","width":512,"height":512,"caption":"Dicodusport"},"image":{"@id":"https:\/\/dicodusport.fr\/blog\/#\/schema\/logo\/image\/"},"sameAs":["https:\/\/www.facebook.com\/dicodusport","https:\/\/x.com\/dicodusport","https:\/\/www.instagram.com\/dicodusport\/","https:\/\/www.youtube.com\/channel\/UC7V2KZ5sd3htJivAbA4ZG3w"],"description":"Dicodusport est l'encyclop\u00e9die de l'actualit\u00e9 sportive.","email":"bonjour@dicodusport.fr","legalName":"DICODUSPORT","foundingDate":"2018-01-14","vatID":"FR71834470973","taxID":"83447097300043","numberOfEmployees":{"@type":"QuantitativeValue","minValue":"1","maxValue":"10"}},{"@type":"Person","@id":"https:\/\/dicodusport.fr\/blog\/#\/schema\/person\/cb02af4c173ce4a653b55e9baf388d4a","name":"Flo Ostermann","image":{"@type":"ImageObject","inLanguage":"fr-FR","@id":"https:\/\/dicodusport.fr\/blog\/#\/schema\/person\/image\/","url":"https:\/\/dicodusport.fr\/blog\/wp-content\/uploads\/2021\/05\/Flo-Ostermann-150x150.jpg","contentUrl":"https:\/\/dicodusport.fr\/blog\/wp-content\/uploads\/2021\/05\/Flo-Ostermann-150x150.jpg","caption":"Flo Ostermann"},"description":"Journaliste\/R\u00e9dacteur depuis septembre 2015 - Mes premiers souvenirs dans le sport ? Les envol\u00e9es du Stade Toulousain et les duels Villeneuve-Schumacher et H\u00e4kkinen-Schumacher \u00e0 la fin des ann\u00e9es 90, la Coupe du monde de football en 1998, l\u2019exploit du XV de France face aux All Blacks en 1999, mais aussi Richard C\u0153ur de Lion qui vole sur les montagnes du Tour de France. Bien parti pour devenir professeur d\u2019EPS, les \u00e9v\u00e9nements de la vie (et la flemme d\u2019animer des s\u00e9ances de 3x500 m\u00e8tres toute ma vie) m\u2019ont conduit \u00e0 revoir mes plans. Me voil\u00e0 depuis fin 2017 sur Dicodusport, m\u00e9dia gr\u00e2ce (et pour) lequel je partage ma passion : le sport dans tous ses \u00e9tats. Le tout accompagn\u00e9 par les fous furieux et folles furieuses cit\u00e9s sur cette page !","sameAs":["https:\/\/www.facebook.com\/florent.ostermann","https:\/\/x.com\/https:\/\/twitter.com\/FlOstermann","admin"],"url":"https:\/\/dicodusport.fr\/blog\/author\/flo\/"}]}},"_links":{"self":[{"href":"https:\/\/dicodusport.fr\/blog\/wp-json\/wp\/v2\/posts\/160509","targetHints":{"allow":["GET"]}}],"collection":[{"href":"https:\/\/dicodusport.fr\/blog\/wp-json\/wp\/v2\/posts"}],"about":[{"href":"https:\/\/dicodusport.fr\/blog\/wp-json\/wp\/v2\/types\/post"}],"author":[{"embeddable":true,"href":"https:\/\/dicodusport.fr\/blog\/wp-json\/wp\/v2\/users\/4"}],"replies":[{"embeddable":true,"href":"https:\/\/dicodusport.fr\/blog\/wp-json\/wp\/v2\/comments?post=160509"}],"version-history":[{"count":0,"href":"https:\/\/dicodusport.fr\/blog\/wp-json\/wp\/v2\/posts\/160509\/revisions"}],"wp:featuredmedia":[{"embeddable":true,"href":"https:\/\/dicodusport.fr\/blog\/wp-json\/wp\/v2\/media\/160512"}],"wp:attachment":[{"href":"https:\/\/dicodusport.fr\/blog\/wp-json\/wp\/v2\/media?parent=160509"}],"wp:term":[{"taxonomy":"category","embeddable":true,"href":"https:\/\/dicodusport.fr\/blog\/wp-json\/wp\/v2\/categories?post=160509"},{"taxonomy":"post_tag","embeddable":true,"href":"https:\/\/dicodusport.fr\/blog\/wp-json\/wp\/v2\/tags?post=160509"}],"curies":[{"name":"wp","href":"https:\/\/api.w.org\/{rel}","templated":true}]}}