{"id":160877,"date":"2021-08-25T13:56:10","date_gmt":"2021-08-25T11:56:10","guid":{"rendered":"https:\/\/dicodusport.fr\/blog\/?p=160877&#038;preview=true&#038;preview_id=160877"},"modified":"2021-08-25T15:55:37","modified_gmt":"2021-08-25T13:55:37","slug":"vtt-equipe-de-france-conserve-titre-mondial-relais-cross-country","status":"publish","type":"post","link":"https:\/\/dicodusport.fr\/blog\/vtt-equipe-de-france-conserve-titre-mondial-relais-cross-country\/","title":{"rendered":"VTT : L&rsquo;\u00e9quipe de France conserve son titre mondial sur le relais cross-country"},"content":{"rendered":"<p style=\"text-align: justify;\"><strong><em><a href=\"https:\/\/dicodusport.fr\/blog\/championnats-du-monde-vtt-2021-programme-complet\/\">VTT &#8211; CHAMPIONNATS DU MONDE 2021<\/a> &#8211; Irr\u00e9sistible, l&rsquo;\u00e9quipe de France de VTT, compos\u00e9e de Mathis Azzaro, Adrien Boichis, L\u00e9na G\u00e9rault, Tatiana Tournut, Line Burquier et Jordan Sarrou est all\u00e9e d\u00e9crocher le titre mondial sur le relais cross-country, \u00e0 Val di Sole (Italie). C&rsquo;est le sixi\u00e8me titre plan\u00e9taire pour le Bleus sur ce format, le deuxi\u00e8me cons\u00e9cutif.<\/em><\/strong><\/p>\n<p style=\"text-align: justify;\">Rien ne pouvait arriver \u00e0 l&rsquo;\u00e9quipe de France ce mercredi. Pas m\u00eame le forfait de sa leader, <strong>Loana Lecomte<\/strong>, malade. Sur le circuit italien de Val di Sole, les Bleus ont conserv\u00e9 leur titre mondial, et de quelle mani\u00e8re. Sur ce format o\u00f9 six pilotes sont en course, deux juniors, U23 et \u00e9lites, avec un(e) athl\u00e8te f\u00e9minin et masculin pour chaque cat\u00e9gorie, la France a montr\u00e9 qu&rsquo;elle \u00e9tait tr\u00e8s forte.<\/p>\n<p style=\"text-align: justify;\">Et malgr\u00e9 un d\u00e9part d\u00e9licat de son premier relayeur, <strong>Mathis Azzaro<\/strong> (U23), les Fran\u00e7ais occupaient tr\u00e8s vite la troisi\u00e8me place de la course, \u00e0 l&rsquo;issue du second relais r\u00e9alis\u00e9 par <strong>Adrien Boichis<\/strong> (Juniors). La suite ? C&rsquo;est une parfaite gestion de course de <strong>L\u00e9na G\u00e9rault<\/strong> (\u00c9lite), qui donnait le relais \u00e0 <strong>Tatiana Tournut<\/strong> (Juniors) en troisi\u00e8me position, dans les roues des Tch\u00e8ques et des Am\u00e9ricains.<\/p>\n<h2 style=\"text-align: justify;\">Line Burquier en boulet de canon, Jordan Sarrou en m\u00e9tronome<\/h2>\n<p style=\"text-align: justify;\">Championne d&rsquo;Europe juniors il y a 10 jours \u00e0 Novi Sad (Serbie), <strong>Line Burquier<\/strong> prenait le cinqui\u00e8me relais en t\u00eate, quelques secondes la Su\u00e8de et la Suisse. La Fran\u00e7aise ne mettait pas longtemps \u00e0 montrer toute l&rsquo;\u00e9tendue de son talent, en rel\u00e9guant \u00e0 une minute la Suissesse <strong>No\u00eblle Ruetschi<\/strong>, \u00e9galement juniors. La pilote de 18 ans a ensuite g\u00e9r\u00e9 la deuxi\u00e8me partie du circuit, pour lancer <strong>Jordan Sarrou<\/strong> vers la victoire. Champion du monde en titre, le pilote de 28 ans ne se faisait pas prier pour lever les bras sur la ligne. Sans <strong>Loana Lecomte<\/strong>, et m\u00eame sans <strong>Pauline Ferrand-Pr\u00e9vot<\/strong>, non pr\u00e9vue au d\u00e9part de la course, l&rsquo;\u00e9quipe de France a montr\u00e9 qu&rsquo;elle avait de la ressource.<\/p>\n<blockquote class=\"twitter-tweet\">\n<p dir=\"ltr\" lang=\"en\">Rolling out onto the podium in style &#x1f91f;&#x1f3fb;<\/p>\n<p>&#x1f308; &#x1f308; &#x1f308; <a href=\"https:\/\/twitter.com\/hashtag\/ValdiSole2021?src=hash&amp;ref_src=twsrc%5Etfw\">#ValdiSole2021<\/a> <a href=\"https:\/\/t.co\/kOXEXvIsI0\">pic.twitter.com\/kOXEXvIsI0<\/a><\/p>\n<p>\u2014 UCI MTB (@UCI_MTB) <a href=\"https:\/\/twitter.com\/UCI_MTB\/status\/1430505148640542723?ref_src=twsrc%5Etfw\">August 25, 2021<\/a><\/p><\/blockquote>\n<p><script async src=\"https:\/\/platform.twitter.com\/widgets.js\" charset=\"utf-8\"><\/script><\/p>\n<p style=\"text-align: justify;\">Deuxi\u00e8mes, les <strong>\u00c9tats-Unis<\/strong> de <strong>Kate Courtney<\/strong> n&rsquo;ont rien pu faire face \u00e0 la puissance tricolore. Troisi\u00e8me, l&rsquo;<strong>Allemagne<\/strong> monte quant \u00e0 elle sur son premier podium mondial en relais depuis 2018. D\u00e9ception pour la Suisse, cinqui\u00e8me seulement. La Nati, priv\u00e9e de <strong>Jolanda Neff<\/strong>, <strong>Sina Frei<\/strong>, <strong>Linda Indergand<\/strong>, <strong>Nino Schurter<\/strong> et <strong>Mathias Fl\u00fcckiger<\/strong>, n&rsquo;a pas pu lutter pour le podium.<\/p>\n<h2 style=\"text-align: justify;\"><strong>\u00c0 lire aussi\u00a0<\/strong><\/h2>\n<ul>\n<li style=\"text-align: justify;\"><a href=\"https:\/\/dicodusport.fr\/blog\/championnats-du-monde-vtt-classement-relais-cross-country\/\"><strong>Le classement du relais cross-country des championnats du monde\u00a0<\/strong><\/a><\/li>\n<\/ul>\n","protected":false},"excerpt":{"rendered":"<p>VTT &#8211; CHAMPIONNATS DU MONDE 2021 &#8211; Irr\u00e9sistible, l&rsquo;\u00e9quipe de France de VTT, compos\u00e9e de Mathis Azzaro, Adrien Boichis, L\u00e9na G\u00e9rault, Tatiana Tournut, Line Burquier et Jordan Sarrou est all\u00e9e d\u00e9crocher le titre mondial sur le relais cross-country. C&rsquo;est le sixi\u00e8me plan\u00e9taire pour le Bleus sur ce format, le deuxi\u00e8me cons\u00e9cutif.<\/p>\n","protected":false},"author":4,"featured_media":160918,"comment_status":"open","ping_status":"closed","sticky":false,"template":"","format":"standard","meta":{"_acf_changed":false,"_daextam_enable_autolinks":"","footnotes":""},"categories":[10279],"tags":[24],"class_list":["post-160877","post","type-post","status-publish","format-standard","has-post-thumbnail","hentry","category-vtt","tag-sport"],"acf":[],"yoast_head":"<!-- This site is optimized with the Yoast SEO Premium plugin v26.7 (Yoast SEO v26.7) - https:\/\/yoast.com\/wordpress\/plugins\/seo\/ -->\n<title>VTT : L&#039;\u00e9quipe de France conserve son titre mondial sur le relais cross-country<\/title>\n<meta name=\"description\" content=\"VTT - CHAMPIONNATS DU MONDE 2021 - Irr\u00e9sistible, l&#039;\u00e9quipe de France de VTT est all\u00e9e d\u00e9crocher le titre mondial sur le relais cross-country.\" \/>\n<meta name=\"robots\" content=\"index, follow, max-snippet:-1, max-image-preview:large, max-video-preview:-1\" \/>\n<link rel=\"canonical\" href=\"https:\/\/dicodusport.fr\/blog\/vtt-equipe-de-france-conserve-titre-mondial-relais-cross-country\/\" \/>\n<meta property=\"og:locale\" content=\"fr_FR\" \/>\n<meta property=\"og:type\" content=\"article\" \/>\n<meta property=\"og:title\" content=\"VTT : L&#039;\u00e9quipe de France conserve son titre mondial sur le relais cross-country\" \/>\n<meta property=\"og:description\" content=\"VTT - CHAMPIONNATS DU MONDE 2021 - Irr\u00e9sistible, l&#039;\u00e9quipe de France de VTT est all\u00e9e d\u00e9crocher le titre mondial sur le relais cross-country.\" \/>\n<meta property=\"og:url\" content=\"https:\/\/dicodusport.fr\/blog\/vtt-equipe-de-france-conserve-titre-mondial-relais-cross-country\/\" \/>\n<meta property=\"og:site_name\" content=\"Dicodusport\" \/>\n<meta property=\"article:publisher\" content=\"https:\/\/www.facebook.com\/dicodusport\" \/>\n<meta property=\"article:author\" content=\"https:\/\/www.facebook.com\/florent.ostermann\" \/>\n<meta property=\"article:published_time\" content=\"2021-08-25T11:56:10+00:00\" \/>\n<meta property=\"article:modified_time\" content=\"2021-08-25T13:55:37+00:00\" \/>\n<meta property=\"og:image\" content=\"https:\/\/dicodusport.fr\/blog\/wp-content\/uploads\/2021\/08\/Val-di-Sole-VTT-Lequipe-de-France-conserve-son-titre-mondial-sur-le-relais-cross-country.png\" \/>\n\t<meta property=\"og:image:width\" content=\"800\" \/>\n\t<meta property=\"og:image:height\" content=\"445\" \/>\n\t<meta property=\"og:image:type\" content=\"image\/png\" \/>\n<meta name=\"author\" content=\"Flo Ostermann\" \/>\n<meta name=\"twitter:card\" content=\"summary_large_image\" \/>\n<meta name=\"twitter:title\" content=\"VTT : L&#039;\u00e9quipe de France conserve son titre mondial sur le relais cross-country\" \/>\n<meta name=\"twitter:creator\" content=\"@https:\/\/twitter.com\/FlOstermann\" \/>\n<meta name=\"twitter:site\" content=\"@dicodusport\" \/>\n<script type=\"application\/ld+json\" class=\"yoast-schema-graph\">{\"@context\":\"https:\/\/schema.org\",\"@graph\":[{\"@type\":\"NewsArticle\",\"@id\":\"https:\/\/dicodusport.fr\/blog\/vtt-equipe-de-france-conserve-titre-mondial-relais-cross-country\/#article\",\"isPartOf\":{\"@id\":\"https:\/\/dicodusport.fr\/blog\/vtt-equipe-de-france-conserve-titre-mondial-relais-cross-country\/\"},\"author\":{\"name\":\"Flo Ostermann\",\"@id\":\"https:\/\/dicodusport.fr\/blog\/#\/schema\/person\/cb02af4c173ce4a653b55e9baf388d4a\"},\"headline\":\"VTT : L&rsquo;\u00e9quipe de France conserve son titre mondial sur le relais cross-country\",\"datePublished\":\"2021-08-25T11:56:10+00:00\",\"dateModified\":\"2021-08-25T13:55:37+00:00\",\"mainEntityOfPage\":{\"@id\":\"https:\/\/dicodusport.fr\/blog\/vtt-equipe-de-france-conserve-titre-mondial-relais-cross-country\/\"},\"wordCount\":476,\"commentCount\":0,\"publisher\":{\"@id\":\"https:\/\/dicodusport.fr\/blog\/#organization\"},\"image\":{\"@id\":\"https:\/\/dicodusport.fr\/blog\/vtt-equipe-de-france-conserve-titre-mondial-relais-cross-country\/#primaryimage\"},\"thumbnailUrl\":\"https:\/\/dicodusport.fr\/blog\/wp-content\/uploads\/2021\/08\/Val-di-Sole-VTT-Lequipe-de-France-conserve-son-titre-mondial-sur-le-relais-cross-country.png\",\"keywords\":[\"sport\"],\"articleSection\":[\"VTT\"],\"inLanguage\":\"fr-FR\",\"potentialAction\":[{\"@type\":\"CommentAction\",\"name\":\"Comment\",\"target\":[\"https:\/\/dicodusport.fr\/blog\/vtt-equipe-de-france-conserve-titre-mondial-relais-cross-country\/#respond\"]}],\"copyrightYear\":\"2021\",\"copyrightHolder\":{\"@id\":\"https:\/\/dicodusport.fr\/blog\/#organization\"}},{\"@type\":\"WebPage\",\"@id\":\"https:\/\/dicodusport.fr\/blog\/vtt-equipe-de-france-conserve-titre-mondial-relais-cross-country\/\",\"url\":\"https:\/\/dicodusport.fr\/blog\/vtt-equipe-de-france-conserve-titre-mondial-relais-cross-country\/\",\"name\":\"VTT : L'\u00e9quipe de France conserve son titre mondial sur le relais cross-country\",\"isPartOf\":{\"@id\":\"https:\/\/dicodusport.fr\/blog\/#website\"},\"primaryImageOfPage\":{\"@id\":\"https:\/\/dicodusport.fr\/blog\/vtt-equipe-de-france-conserve-titre-mondial-relais-cross-country\/#primaryimage\"},\"image\":{\"@id\":\"https:\/\/dicodusport.fr\/blog\/vtt-equipe-de-france-conserve-titre-mondial-relais-cross-country\/#primaryimage\"},\"thumbnailUrl\":\"https:\/\/dicodusport.fr\/blog\/wp-content\/uploads\/2021\/08\/Val-di-Sole-VTT-Lequipe-de-France-conserve-son-titre-mondial-sur-le-relais-cross-country.png\",\"datePublished\":\"2021-08-25T11:56:10+00:00\",\"dateModified\":\"2021-08-25T13:55:37+00:00\",\"description\":\"VTT - CHAMPIONNATS DU MONDE 2021 - Irr\u00e9sistible, l'\u00e9quipe de France de VTT est all\u00e9e d\u00e9crocher le titre mondial sur le relais cross-country.\",\"breadcrumb\":{\"@id\":\"https:\/\/dicodusport.fr\/blog\/vtt-equipe-de-france-conserve-titre-mondial-relais-cross-country\/#breadcrumb\"},\"inLanguage\":\"fr-FR\",\"potentialAction\":[{\"@type\":\"ReadAction\",\"target\":[\"https:\/\/dicodusport.fr\/blog\/vtt-equipe-de-france-conserve-titre-mondial-relais-cross-country\/\"]}]},{\"@type\":\"ImageObject\",\"inLanguage\":\"fr-FR\",\"@id\":\"https:\/\/dicodusport.fr\/blog\/vtt-equipe-de-france-conserve-titre-mondial-relais-cross-country\/#primaryimage\",\"url\":\"https:\/\/dicodusport.fr\/blog\/wp-content\/uploads\/2021\/08\/Val-di-Sole-VTT-Lequipe-de-France-conserve-son-titre-mondial-sur-le-relais-cross-country.png\",\"contentUrl\":\"https:\/\/dicodusport.fr\/blog\/wp-content\/uploads\/2021\/08\/Val-di-Sole-VTT-Lequipe-de-France-conserve-son-titre-mondial-sur-le-relais-cross-country.png\",\"width\":800,\"height\":445,\"caption\":\"Val di Sole - VTT L'\u00e9quipe de France conserve son titre mondial sur le relais cross-country\"},{\"@type\":\"BreadcrumbList\",\"@id\":\"https:\/\/dicodusport.fr\/blog\/vtt-equipe-de-france-conserve-titre-mondial-relais-cross-country\/#breadcrumb\",\"itemListElement\":[{\"@type\":\"ListItem\",\"position\":1,\"name\":\"Accueil\",\"item\":\"https:\/\/dicodusport.fr\/blog\/\"},{\"@type\":\"ListItem\",\"position\":2,\"name\":\"VTT : L&rsquo;\u00e9quipe de France conserve son titre mondial sur le relais cross-country\"}]},{\"@type\":\"WebSite\",\"@id\":\"https:\/\/dicodusport.fr\/blog\/#website\",\"url\":\"https:\/\/dicodusport.fr\/blog\/\",\"name\":\"Dicodusport\",\"description\":\"L&#039;encyclop\u00e9die de l&#039;actualit\u00e9 sportive\",\"publisher\":{\"@id\":\"https:\/\/dicodusport.fr\/blog\/#organization\"},\"potentialAction\":[{\"@type\":\"SearchAction\",\"target\":{\"@type\":\"EntryPoint\",\"urlTemplate\":\"https:\/\/dicodusport.fr\/blog\/?s={search_term_string}\"},\"query-input\":{\"@type\":\"PropertyValueSpecification\",\"valueRequired\":true,\"valueName\":\"search_term_string\"}}],\"inLanguage\":\"fr-FR\"},{\"@type\":\"NewsMediaOrganization\",\"@id\":\"https:\/\/dicodusport.fr\/blog\/#organization\",\"name\":\"Dicodusport\",\"url\":\"https:\/\/dicodusport.fr\/blog\/\",\"logo\":{\"@type\":\"ImageObject\",\"inLanguage\":\"fr-FR\",\"@id\":\"https:\/\/dicodusport.fr\/blog\/#\/schema\/logo\/image\/\",\"url\":\"https:\/\/dicodusport.fr\/blog\/wp-content\/uploads\/2020\/06\/cropped-LOGO-DICODUSPORT-2020-SANS-FOND-SANS-TEXTE.png\",\"contentUrl\":\"https:\/\/dicodusport.fr\/blog\/wp-content\/uploads\/2020\/06\/cropped-LOGO-DICODUSPORT-2020-SANS-FOND-SANS-TEXTE.png\",\"width\":512,\"height\":512,\"caption\":\"Dicodusport\"},\"image\":{\"@id\":\"https:\/\/dicodusport.fr\/blog\/#\/schema\/logo\/image\/\"},\"sameAs\":[\"https:\/\/www.facebook.com\/dicodusport\",\"https:\/\/x.com\/dicodusport\",\"https:\/\/www.instagram.com\/dicodusport\/\",\"https:\/\/www.youtube.com\/channel\/UC7V2KZ5sd3htJivAbA4ZG3w\"],\"description\":\"Dicodusport est l'encyclop\u00e9die de l'actualit\u00e9 sportive.\",\"email\":\"bonjour@dicodusport.fr\",\"legalName\":\"DICODUSPORT\",\"foundingDate\":\"2018-01-14\",\"vatID\":\"FR71834470973\",\"taxID\":\"83447097300043\",\"numberOfEmployees\":{\"@type\":\"QuantitativeValue\",\"minValue\":\"1\",\"maxValue\":\"10\"}},{\"@type\":\"Person\",\"@id\":\"https:\/\/dicodusport.fr\/blog\/#\/schema\/person\/cb02af4c173ce4a653b55e9baf388d4a\",\"name\":\"Flo Ostermann\",\"image\":{\"@type\":\"ImageObject\",\"inLanguage\":\"fr-FR\",\"@id\":\"https:\/\/dicodusport.fr\/blog\/#\/schema\/person\/image\/\",\"url\":\"https:\/\/dicodusport.fr\/blog\/wp-content\/uploads\/2021\/05\/Flo-Ostermann-150x150.jpg\",\"contentUrl\":\"https:\/\/dicodusport.fr\/blog\/wp-content\/uploads\/2021\/05\/Flo-Ostermann-150x150.jpg\",\"caption\":\"Flo Ostermann\"},\"description\":\"Journaliste\/R\u00e9dacteur depuis septembre 2015 - Mes premiers souvenirs dans le sport ? Les envol\u00e9es du Stade Toulousain et les duels Villeneuve-Schumacher et H\u00e4kkinen-Schumacher \u00e0 la fin des ann\u00e9es 90, la Coupe du monde de football en 1998, l\u2019exploit du XV de France face aux All Blacks en 1999, mais aussi Richard C\u0153ur de Lion qui vole sur les montagnes du Tour de France. Bien parti pour devenir professeur d\u2019EPS, les \u00e9v\u00e9nements de la vie (et la flemme d\u2019animer des s\u00e9ances de 3x500 m\u00e8tres toute ma vie) m\u2019ont conduit \u00e0 revoir mes plans. Me voil\u00e0 depuis fin 2017 sur Dicodusport, m\u00e9dia gr\u00e2ce (et pour) lequel je partage ma passion : le sport dans tous ses \u00e9tats. Le tout accompagn\u00e9 par les fous furieux et folles furieuses cit\u00e9s sur cette page !\",\"sameAs\":[\"https:\/\/www.facebook.com\/florent.ostermann\",\"https:\/\/x.com\/https:\/\/twitter.com\/FlOstermann\",\"admin\"],\"url\":\"https:\/\/dicodusport.fr\/blog\/author\/flo\/\"}]}<\/script>\n<!-- \/ Yoast SEO Premium plugin. -->","yoast_head_json":{"title":"VTT : L'\u00e9quipe de France conserve son titre mondial sur le relais cross-country","description":"VTT - CHAMPIONNATS DU MONDE 2021 - Irr\u00e9sistible, l'\u00e9quipe de France de VTT est all\u00e9e d\u00e9crocher le titre mondial sur le relais cross-country.","robots":{"index":"index","follow":"follow","max-snippet":"max-snippet:-1","max-image-preview":"max-image-preview:large","max-video-preview":"max-video-preview:-1"},"canonical":"https:\/\/dicodusport.fr\/blog\/vtt-equipe-de-france-conserve-titre-mondial-relais-cross-country\/","og_locale":"fr_FR","og_type":"article","og_title":"VTT : L'\u00e9quipe de France conserve son titre mondial sur le relais cross-country","og_description":"VTT - CHAMPIONNATS DU MONDE 2021 - Irr\u00e9sistible, l'\u00e9quipe de France de VTT est all\u00e9e d\u00e9crocher le titre mondial sur le relais cross-country.","og_url":"https:\/\/dicodusport.fr\/blog\/vtt-equipe-de-france-conserve-titre-mondial-relais-cross-country\/","og_site_name":"Dicodusport","article_publisher":"https:\/\/www.facebook.com\/dicodusport","article_author":"https:\/\/www.facebook.com\/florent.ostermann","article_published_time":"2021-08-25T11:56:10+00:00","article_modified_time":"2021-08-25T13:55:37+00:00","og_image":[{"width":800,"height":445,"url":"https:\/\/dicodusport.fr\/blog\/wp-content\/uploads\/2021\/08\/Val-di-Sole-VTT-Lequipe-de-France-conserve-son-titre-mondial-sur-le-relais-cross-country.png","type":"image\/png"}],"author":"Flo Ostermann","twitter_card":"summary_large_image","twitter_title":"VTT : L'\u00e9quipe de France conserve son titre mondial sur le relais cross-country","twitter_creator":"@https:\/\/twitter.com\/FlOstermann","twitter_site":"@dicodusport","schema":{"@context":"https:\/\/schema.org","@graph":[{"@type":"NewsArticle","@id":"https:\/\/dicodusport.fr\/blog\/vtt-equipe-de-france-conserve-titre-mondial-relais-cross-country\/#article","isPartOf":{"@id":"https:\/\/dicodusport.fr\/blog\/vtt-equipe-de-france-conserve-titre-mondial-relais-cross-country\/"},"author":{"name":"Flo Ostermann","@id":"https:\/\/dicodusport.fr\/blog\/#\/schema\/person\/cb02af4c173ce4a653b55e9baf388d4a"},"headline":"VTT : L&rsquo;\u00e9quipe de France conserve son titre mondial sur le relais cross-country","datePublished":"2021-08-25T11:56:10+00:00","dateModified":"2021-08-25T13:55:37+00:00","mainEntityOfPage":{"@id":"https:\/\/dicodusport.fr\/blog\/vtt-equipe-de-france-conserve-titre-mondial-relais-cross-country\/"},"wordCount":476,"commentCount":0,"publisher":{"@id":"https:\/\/dicodusport.fr\/blog\/#organization"},"image":{"@id":"https:\/\/dicodusport.fr\/blog\/vtt-equipe-de-france-conserve-titre-mondial-relais-cross-country\/#primaryimage"},"thumbnailUrl":"https:\/\/dicodusport.fr\/blog\/wp-content\/uploads\/2021\/08\/Val-di-Sole-VTT-Lequipe-de-France-conserve-son-titre-mondial-sur-le-relais-cross-country.png","keywords":["sport"],"articleSection":["VTT"],"inLanguage":"fr-FR","potentialAction":[{"@type":"CommentAction","name":"Comment","target":["https:\/\/dicodusport.fr\/blog\/vtt-equipe-de-france-conserve-titre-mondial-relais-cross-country\/#respond"]}],"copyrightYear":"2021","copyrightHolder":{"@id":"https:\/\/dicodusport.fr\/blog\/#organization"}},{"@type":"WebPage","@id":"https:\/\/dicodusport.fr\/blog\/vtt-equipe-de-france-conserve-titre-mondial-relais-cross-country\/","url":"https:\/\/dicodusport.fr\/blog\/vtt-equipe-de-france-conserve-titre-mondial-relais-cross-country\/","name":"VTT : L'\u00e9quipe de France conserve son titre mondial sur le relais cross-country","isPartOf":{"@id":"https:\/\/dicodusport.fr\/blog\/#website"},"primaryImageOfPage":{"@id":"https:\/\/dicodusport.fr\/blog\/vtt-equipe-de-france-conserve-titre-mondial-relais-cross-country\/#primaryimage"},"image":{"@id":"https:\/\/dicodusport.fr\/blog\/vtt-equipe-de-france-conserve-titre-mondial-relais-cross-country\/#primaryimage"},"thumbnailUrl":"https:\/\/dicodusport.fr\/blog\/wp-content\/uploads\/2021\/08\/Val-di-Sole-VTT-Lequipe-de-France-conserve-son-titre-mondial-sur-le-relais-cross-country.png","datePublished":"2021-08-25T11:56:10+00:00","dateModified":"2021-08-25T13:55:37+00:00","description":"VTT - CHAMPIONNATS DU MONDE 2021 - Irr\u00e9sistible, l'\u00e9quipe de France de VTT est all\u00e9e d\u00e9crocher le titre mondial sur le relais cross-country.","breadcrumb":{"@id":"https:\/\/dicodusport.fr\/blog\/vtt-equipe-de-france-conserve-titre-mondial-relais-cross-country\/#breadcrumb"},"inLanguage":"fr-FR","potentialAction":[{"@type":"ReadAction","target":["https:\/\/dicodusport.fr\/blog\/vtt-equipe-de-france-conserve-titre-mondial-relais-cross-country\/"]}]},{"@type":"ImageObject","inLanguage":"fr-FR","@id":"https:\/\/dicodusport.fr\/blog\/vtt-equipe-de-france-conserve-titre-mondial-relais-cross-country\/#primaryimage","url":"https:\/\/dicodusport.fr\/blog\/wp-content\/uploads\/2021\/08\/Val-di-Sole-VTT-Lequipe-de-France-conserve-son-titre-mondial-sur-le-relais-cross-country.png","contentUrl":"https:\/\/dicodusport.fr\/blog\/wp-content\/uploads\/2021\/08\/Val-di-Sole-VTT-Lequipe-de-France-conserve-son-titre-mondial-sur-le-relais-cross-country.png","width":800,"height":445,"caption":"Val di Sole - VTT L'\u00e9quipe de France conserve son titre mondial sur le relais cross-country"},{"@type":"BreadcrumbList","@id":"https:\/\/dicodusport.fr\/blog\/vtt-equipe-de-france-conserve-titre-mondial-relais-cross-country\/#breadcrumb","itemListElement":[{"@type":"ListItem","position":1,"name":"Accueil","item":"https:\/\/dicodusport.fr\/blog\/"},{"@type":"ListItem","position":2,"name":"VTT : L&rsquo;\u00e9quipe de France conserve son titre mondial sur le relais cross-country"}]},{"@type":"WebSite","@id":"https:\/\/dicodusport.fr\/blog\/#website","url":"https:\/\/dicodusport.fr\/blog\/","name":"Dicodusport","description":"L&#039;encyclop\u00e9die de l&#039;actualit\u00e9 sportive","publisher":{"@id":"https:\/\/dicodusport.fr\/blog\/#organization"},"potentialAction":[{"@type":"SearchAction","target":{"@type":"EntryPoint","urlTemplate":"https:\/\/dicodusport.fr\/blog\/?s={search_term_string}"},"query-input":{"@type":"PropertyValueSpecification","valueRequired":true,"valueName":"search_term_string"}}],"inLanguage":"fr-FR"},{"@type":"NewsMediaOrganization","@id":"https:\/\/dicodusport.fr\/blog\/#organization","name":"Dicodusport","url":"https:\/\/dicodusport.fr\/blog\/","logo":{"@type":"ImageObject","inLanguage":"fr-FR","@id":"https:\/\/dicodusport.fr\/blog\/#\/schema\/logo\/image\/","url":"https:\/\/dicodusport.fr\/blog\/wp-content\/uploads\/2020\/06\/cropped-LOGO-DICODUSPORT-2020-SANS-FOND-SANS-TEXTE.png","contentUrl":"https:\/\/dicodusport.fr\/blog\/wp-content\/uploads\/2020\/06\/cropped-LOGO-DICODUSPORT-2020-SANS-FOND-SANS-TEXTE.png","width":512,"height":512,"caption":"Dicodusport"},"image":{"@id":"https:\/\/dicodusport.fr\/blog\/#\/schema\/logo\/image\/"},"sameAs":["https:\/\/www.facebook.com\/dicodusport","https:\/\/x.com\/dicodusport","https:\/\/www.instagram.com\/dicodusport\/","https:\/\/www.youtube.com\/channel\/UC7V2KZ5sd3htJivAbA4ZG3w"],"description":"Dicodusport est l'encyclop\u00e9die de l'actualit\u00e9 sportive.","email":"bonjour@dicodusport.fr","legalName":"DICODUSPORT","foundingDate":"2018-01-14","vatID":"FR71834470973","taxID":"83447097300043","numberOfEmployees":{"@type":"QuantitativeValue","minValue":"1","maxValue":"10"}},{"@type":"Person","@id":"https:\/\/dicodusport.fr\/blog\/#\/schema\/person\/cb02af4c173ce4a653b55e9baf388d4a","name":"Flo Ostermann","image":{"@type":"ImageObject","inLanguage":"fr-FR","@id":"https:\/\/dicodusport.fr\/blog\/#\/schema\/person\/image\/","url":"https:\/\/dicodusport.fr\/blog\/wp-content\/uploads\/2021\/05\/Flo-Ostermann-150x150.jpg","contentUrl":"https:\/\/dicodusport.fr\/blog\/wp-content\/uploads\/2021\/05\/Flo-Ostermann-150x150.jpg","caption":"Flo Ostermann"},"description":"Journaliste\/R\u00e9dacteur depuis septembre 2015 - Mes premiers souvenirs dans le sport ? Les envol\u00e9es du Stade Toulousain et les duels Villeneuve-Schumacher et H\u00e4kkinen-Schumacher \u00e0 la fin des ann\u00e9es 90, la Coupe du monde de football en 1998, l\u2019exploit du XV de France face aux All Blacks en 1999, mais aussi Richard C\u0153ur de Lion qui vole sur les montagnes du Tour de France. Bien parti pour devenir professeur d\u2019EPS, les \u00e9v\u00e9nements de la vie (et la flemme d\u2019animer des s\u00e9ances de 3x500 m\u00e8tres toute ma vie) m\u2019ont conduit \u00e0 revoir mes plans. Me voil\u00e0 depuis fin 2017 sur Dicodusport, m\u00e9dia gr\u00e2ce (et pour) lequel je partage ma passion : le sport dans tous ses \u00e9tats. Le tout accompagn\u00e9 par les fous furieux et folles furieuses cit\u00e9s sur cette page !","sameAs":["https:\/\/www.facebook.com\/florent.ostermann","https:\/\/x.com\/https:\/\/twitter.com\/FlOstermann","admin"],"url":"https:\/\/dicodusport.fr\/blog\/author\/flo\/"}]}},"_links":{"self":[{"href":"https:\/\/dicodusport.fr\/blog\/wp-json\/wp\/v2\/posts\/160877","targetHints":{"allow":["GET"]}}],"collection":[{"href":"https:\/\/dicodusport.fr\/blog\/wp-json\/wp\/v2\/posts"}],"about":[{"href":"https:\/\/dicodusport.fr\/blog\/wp-json\/wp\/v2\/types\/post"}],"author":[{"embeddable":true,"href":"https:\/\/dicodusport.fr\/blog\/wp-json\/wp\/v2\/users\/4"}],"replies":[{"embeddable":true,"href":"https:\/\/dicodusport.fr\/blog\/wp-json\/wp\/v2\/comments?post=160877"}],"version-history":[{"count":0,"href":"https:\/\/dicodusport.fr\/blog\/wp-json\/wp\/v2\/posts\/160877\/revisions"}],"wp:featuredmedia":[{"embeddable":true,"href":"https:\/\/dicodusport.fr\/blog\/wp-json\/wp\/v2\/media\/160918"}],"wp:attachment":[{"href":"https:\/\/dicodusport.fr\/blog\/wp-json\/wp\/v2\/media?parent=160877"}],"wp:term":[{"taxonomy":"category","embeddable":true,"href":"https:\/\/dicodusport.fr\/blog\/wp-json\/wp\/v2\/categories?post=160877"},{"taxonomy":"post_tag","embeddable":true,"href":"https:\/\/dicodusport.fr\/blog\/wp-json\/wp\/v2\/tags?post=160877"}],"curies":[{"name":"wp","href":"https:\/\/api.w.org\/{rel}","templated":true}]}}