{"id":161088,"date":"2021-08-26T09:28:59","date_gmt":"2021-08-26T07:28:59","guid":{"rendered":"https:\/\/dicodusport.fr\/blog\/?p=161088&#038;preview=true&#038;preview_id=161088"},"modified":"2021-08-26T10:13:55","modified_gmt":"2021-08-26T08:13:55","slug":"le-psg-fixe-le-prix-de-kylian-mbappe","status":"publish","type":"post","link":"https:\/\/dicodusport.fr\/blog\/le-psg-fixe-le-prix-de-kylian-mbappe\/","title":{"rendered":"Le PSG fixe le prix de Kylian Mbapp\u00e9"},"content":{"rendered":"<p style=\"text-align: justify;\"><em><b>MERCATO &#8211; Apr\u00e8s le refus de la premi\u00e8re offre formul\u00e9e par le Real Madrid, le PSG a fix\u00e9 le prix pour Kylian Mbapp\u00e9 selon Le Parisien.<\/b><\/em><\/p>\n<p style=\"text-align: justify;\"><a href=\"https:\/\/dicodusport.fr\/blog\/le-real-madrid-offre-160-millions-deuros-pour-kylian-mbappe-le-psg-en-veut-plus\/\">L&rsquo;offre de 160 millions a \u00e9t\u00e9 repouss\u00e9e<\/a> d&rsquo;un revers de main par les dirigeants du <strong>PSG<\/strong> et cela confirme clairement qu&rsquo;ils sont pr\u00eats \u00e0 laisser filer l&rsquo;international parisien gratuitement en juin 2022. Le club de la capitale, qui va devoir verser 35 millions \u00e0 l&rsquo;AS Monaco en cas de transfert, veut 220 millions d&rsquo;euros pour laisser partir <strong>Kylian Mbapp\u00e9<\/strong> cet \u00e9t\u00e9. Un prix colossal quand on sait qu&rsquo;il sera libre de s&rsquo;engager avec le club de son choix \u00e0 partir du 1er janvier 2022.<\/p>\n<p style=\"text-align: justify;\">Les m\u00e9dias espagnols expliquent que le <strong>Real Madrid<\/strong> ne serait pas dispos\u00e9 \u00e0 aller jusqu&rsquo;\u00e0 220 millions d&rsquo;euros et que le club espagnol esp\u00e8re qu&rsquo;un accord pourra \u00eatre trouv\u00e9 autour de 160 million d&rsquo;euros.<\/p>\n<blockquote class=\"twitter-tweet\">\n<p dir=\"ltr\" lang=\"fr\">&#x1f534; Le PSG veut 220 M\u20ac pour c\u00e9der Kylian Mbapp\u00e9 au Real Madrid.<\/p>\n<p>(<a href=\"https:\/\/twitter.com\/le_Parisien_PSG?ref_src=twsrc%5Etfw\">@le_Parisien_PSG<\/a>) <a href=\"https:\/\/t.co\/fzr0fFSdjQ\">pic.twitter.com\/fzr0fFSdjQ<\/a><\/p>\n<p>\u2014 Actu Foot (@ActuFoot_) <a href=\"https:\/\/twitter.com\/ActuFoot_\/status\/1430599552952934402?ref_src=twsrc%5Etfw\">August 25, 2021<\/a><\/p><\/blockquote>\n<p><script async src=\"https:\/\/platform.twitter.com\/widgets.js\" charset=\"utf-8\"><\/script><\/p>\n","protected":false},"excerpt":{"rendered":"<p>MERCATO &#8211; Apr\u00e8s le refus de la premi\u00e8re offre formul\u00e9e par le Real Madrid, le PSG a fix\u00e9 le prix pour Kylian Mbapp\u00e9 selon Le Parisien.<\/p>\n","protected":false},"author":1,"featured_media":161106,"comment_status":"open","ping_status":"closed","sticky":false,"template":"","format":"standard","meta":{"_acf_changed":false,"_daextam_enable_autolinks":"","footnotes":""},"categories":[47045],"tags":[75,2236,5183,1555,910,521],"class_list":["post-161088","post","type-post","status-publish","format-standard","has-post-thumbnail","hentry","category-ligue-1","tag-football","tag-kylian-mbappe","tag-mbappe","tag-mercato","tag-psg","tag-real-madrid"],"acf":[],"yoast_head":"<!-- This site is optimized with the Yoast SEO Premium plugin v26.7 (Yoast SEO v26.7) - https:\/\/yoast.com\/wordpress\/plugins\/seo\/ -->\n<title>Le PSG fixe le prix de Kylian Mbapp\u00e9<\/title>\n<meta name=\"description\" content=\"MERCATO - Apr\u00e8s le refus de la premi\u00e8re offre formul\u00e9e par le Real Madrid, le PSG a fix\u00e9 le prix pour Kylian Mbapp\u00e9 selon Le Parisien.\" \/>\n<meta name=\"robots\" content=\"index, follow, max-snippet:-1, max-image-preview:large, max-video-preview:-1\" \/>\n<link rel=\"canonical\" href=\"https:\/\/dicodusport.fr\/blog\/le-psg-fixe-le-prix-de-kylian-mbappe\/\" \/>\n<meta property=\"og:locale\" content=\"fr_FR\" \/>\n<meta property=\"og:type\" content=\"article\" \/>\n<meta property=\"og:title\" content=\"Le PSG fixe le prix de Kylian Mbapp\u00e9\" \/>\n<meta property=\"og:description\" content=\"MERCATO - Apr\u00e8s le refus de la premi\u00e8re offre formul\u00e9e par le Real Madrid, le PSG a fix\u00e9 le prix pour Kylian Mbapp\u00e9 selon Le Parisien.\" \/>\n<meta property=\"og:url\" content=\"https:\/\/dicodusport.fr\/blog\/le-psg-fixe-le-prix-de-kylian-mbappe\/\" \/>\n<meta property=\"og:site_name\" content=\"Dicodusport\" \/>\n<meta property=\"article:publisher\" content=\"https:\/\/www.facebook.com\/dicodusport\" \/>\n<meta property=\"article:author\" content=\"https:\/\/www.facebook.com\/dicodusport\" \/>\n<meta property=\"article:published_time\" content=\"2021-08-26T07:28:59+00:00\" \/>\n<meta property=\"article:modified_time\" content=\"2021-08-26T08:13:55+00:00\" \/>\n<meta property=\"og:image\" content=\"https:\/\/dicodusport.fr\/blog\/wp-content\/uploads\/2021\/08\/Le-PSG-fixe-le-prix-de-Kylian-Mbappe\u0301-.png\" \/>\n\t<meta property=\"og:image:width\" content=\"800\" \/>\n\t<meta property=\"og:image:height\" content=\"445\" \/>\n\t<meta property=\"og:image:type\" content=\"image\/png\" \/>\n<meta name=\"author\" content=\"Nicolas Jacquemard\" \/>\n<meta name=\"twitter:card\" content=\"summary_large_image\" \/>\n<meta name=\"twitter:title\" content=\"Le PSG fixe le prix de Kylian Mbapp\u00e9\" \/>\n<meta name=\"twitter:creator\" content=\"@https:\/\/twitter.com\/Nico_Jacquemard\" \/>\n<meta name=\"twitter:site\" content=\"@dicodusport\" \/>\n<script type=\"application\/ld+json\" class=\"yoast-schema-graph\">{\"@context\":\"https:\/\/schema.org\",\"@graph\":[{\"@type\":\"NewsArticle\",\"@id\":\"https:\/\/dicodusport.fr\/blog\/le-psg-fixe-le-prix-de-kylian-mbappe\/#article\",\"isPartOf\":{\"@id\":\"https:\/\/dicodusport.fr\/blog\/le-psg-fixe-le-prix-de-kylian-mbappe\/\"},\"author\":{\"name\":\"Nicolas Jacquemard\",\"@id\":\"https:\/\/dicodusport.fr\/blog\/#\/schema\/person\/55dcb50ad410894e431ed812bbb70191\"},\"headline\":\"Le PSG fixe le prix de Kylian Mbapp\u00e9\",\"datePublished\":\"2021-08-26T07:28:59+00:00\",\"dateModified\":\"2021-08-26T08:13:55+00:00\",\"mainEntityOfPage\":{\"@id\":\"https:\/\/dicodusport.fr\/blog\/le-psg-fixe-le-prix-de-kylian-mbappe\/\"},\"wordCount\":185,\"commentCount\":0,\"publisher\":{\"@id\":\"https:\/\/dicodusport.fr\/blog\/#organization\"},\"image\":{\"@id\":\"https:\/\/dicodusport.fr\/blog\/le-psg-fixe-le-prix-de-kylian-mbappe\/#primaryimage\"},\"thumbnailUrl\":\"https:\/\/dicodusport.fr\/blog\/wp-content\/uploads\/2021\/08\/Le-PSG-fixe-le-prix-de-Kylian-Mbappe\u0301-.png\",\"keywords\":[\"Football\",\"Kylian Mbapp\u00e9\",\"Mbappe\",\"Mercato\",\"PSG\",\"Real Madrid\"],\"articleSection\":[\"Ligue 1\"],\"inLanguage\":\"fr-FR\",\"potentialAction\":[{\"@type\":\"CommentAction\",\"name\":\"Comment\",\"target\":[\"https:\/\/dicodusport.fr\/blog\/le-psg-fixe-le-prix-de-kylian-mbappe\/#respond\"]}],\"copyrightYear\":\"2021\",\"copyrightHolder\":{\"@id\":\"https:\/\/dicodusport.fr\/blog\/#organization\"}},{\"@type\":\"WebPage\",\"@id\":\"https:\/\/dicodusport.fr\/blog\/le-psg-fixe-le-prix-de-kylian-mbappe\/\",\"url\":\"https:\/\/dicodusport.fr\/blog\/le-psg-fixe-le-prix-de-kylian-mbappe\/\",\"name\":\"Le PSG fixe le prix de Kylian Mbapp\u00e9\",\"isPartOf\":{\"@id\":\"https:\/\/dicodusport.fr\/blog\/#website\"},\"primaryImageOfPage\":{\"@id\":\"https:\/\/dicodusport.fr\/blog\/le-psg-fixe-le-prix-de-kylian-mbappe\/#primaryimage\"},\"image\":{\"@id\":\"https:\/\/dicodusport.fr\/blog\/le-psg-fixe-le-prix-de-kylian-mbappe\/#primaryimage\"},\"thumbnailUrl\":\"https:\/\/dicodusport.fr\/blog\/wp-content\/uploads\/2021\/08\/Le-PSG-fixe-le-prix-de-Kylian-Mbappe\u0301-.png\",\"datePublished\":\"2021-08-26T07:28:59+00:00\",\"dateModified\":\"2021-08-26T08:13:55+00:00\",\"description\":\"MERCATO - Apr\u00e8s le refus de la premi\u00e8re offre formul\u00e9e par le Real Madrid, le PSG a fix\u00e9 le prix pour Kylian Mbapp\u00e9 selon Le Parisien.\",\"breadcrumb\":{\"@id\":\"https:\/\/dicodusport.fr\/blog\/le-psg-fixe-le-prix-de-kylian-mbappe\/#breadcrumb\"},\"inLanguage\":\"fr-FR\",\"potentialAction\":[{\"@type\":\"ReadAction\",\"target\":[\"https:\/\/dicodusport.fr\/blog\/le-psg-fixe-le-prix-de-kylian-mbappe\/\"]}]},{\"@type\":\"ImageObject\",\"inLanguage\":\"fr-FR\",\"@id\":\"https:\/\/dicodusport.fr\/blog\/le-psg-fixe-le-prix-de-kylian-mbappe\/#primaryimage\",\"url\":\"https:\/\/dicodusport.fr\/blog\/wp-content\/uploads\/2021\/08\/Le-PSG-fixe-le-prix-de-Kylian-Mbappe\u0301-.png\",\"contentUrl\":\"https:\/\/dicodusport.fr\/blog\/wp-content\/uploads\/2021\/08\/Le-PSG-fixe-le-prix-de-Kylian-Mbappe\u0301-.png\",\"width\":800,\"height\":445},{\"@type\":\"BreadcrumbList\",\"@id\":\"https:\/\/dicodusport.fr\/blog\/le-psg-fixe-le-prix-de-kylian-mbappe\/#breadcrumb\",\"itemListElement\":[{\"@type\":\"ListItem\",\"position\":1,\"name\":\"Accueil\",\"item\":\"https:\/\/dicodusport.fr\/blog\/\"},{\"@type\":\"ListItem\",\"position\":2,\"name\":\"Le PSG fixe le prix de Kylian Mbapp\u00e9\"}]},{\"@type\":\"WebSite\",\"@id\":\"https:\/\/dicodusport.fr\/blog\/#website\",\"url\":\"https:\/\/dicodusport.fr\/blog\/\",\"name\":\"Dicodusport\",\"description\":\"L&#039;encyclop\u00e9die de l&#039;actualit\u00e9 sportive\",\"publisher\":{\"@id\":\"https:\/\/dicodusport.fr\/blog\/#organization\"},\"potentialAction\":[{\"@type\":\"SearchAction\",\"target\":{\"@type\":\"EntryPoint\",\"urlTemplate\":\"https:\/\/dicodusport.fr\/blog\/?s={search_term_string}\"},\"query-input\":{\"@type\":\"PropertyValueSpecification\",\"valueRequired\":true,\"valueName\":\"search_term_string\"}}],\"inLanguage\":\"fr-FR\"},{\"@type\":\"NewsMediaOrganization\",\"@id\":\"https:\/\/dicodusport.fr\/blog\/#organization\",\"name\":\"Dicodusport\",\"url\":\"https:\/\/dicodusport.fr\/blog\/\",\"logo\":{\"@type\":\"ImageObject\",\"inLanguage\":\"fr-FR\",\"@id\":\"https:\/\/dicodusport.fr\/blog\/#\/schema\/logo\/image\/\",\"url\":\"https:\/\/dicodusport.fr\/blog\/wp-content\/uploads\/2020\/06\/cropped-LOGO-DICODUSPORT-2020-SANS-FOND-SANS-TEXTE.png\",\"contentUrl\":\"https:\/\/dicodusport.fr\/blog\/wp-content\/uploads\/2020\/06\/cropped-LOGO-DICODUSPORT-2020-SANS-FOND-SANS-TEXTE.png\",\"width\":512,\"height\":512,\"caption\":\"Dicodusport\"},\"image\":{\"@id\":\"https:\/\/dicodusport.fr\/blog\/#\/schema\/logo\/image\/\"},\"sameAs\":[\"https:\/\/www.facebook.com\/dicodusport\",\"https:\/\/x.com\/dicodusport\",\"https:\/\/www.instagram.com\/dicodusport\/\",\"https:\/\/www.youtube.com\/channel\/UC7V2KZ5sd3htJivAbA4ZG3w\"],\"description\":\"Dicodusport est l'encyclop\u00e9die de l'actualit\u00e9 sportive.\",\"email\":\"bonjour@dicodusport.fr\",\"legalName\":\"DICODUSPORT\",\"foundingDate\":\"2018-01-14\",\"vatID\":\"FR71834470973\",\"taxID\":\"83447097300043\",\"numberOfEmployees\":{\"@type\":\"QuantitativeValue\",\"minValue\":\"1\",\"maxValue\":\"10\"}},{\"@type\":\"Person\",\"@id\":\"https:\/\/dicodusport.fr\/blog\/#\/schema\/person\/55dcb50ad410894e431ed812bbb70191\",\"name\":\"Nicolas Jacquemard\",\"image\":{\"@type\":\"ImageObject\",\"inLanguage\":\"fr-FR\",\"@id\":\"https:\/\/dicodusport.fr\/blog\/#\/schema\/person\/image\/\",\"url\":\"https:\/\/dicodusport.fr\/blog\/wp-content\/uploads\/2021\/05\/Nicolas-Jacquemard-150x150.jpeg\",\"contentUrl\":\"https:\/\/dicodusport.fr\/blog\/wp-content\/uploads\/2021\/05\/Nicolas-Jacquemard-150x150.jpeg\",\"caption\":\"Nicolas Jacquemard\"},\"description\":\"Passionn\u00e9 de sport et entrepreneur depuis mes 18 ans, la cr\u00e9ation de Dicodusport m'a sembl\u00e9 \u00e9vidente pour participer \u00e0 la m\u00e9diatisation d'un plus grand nombre de sports. Le chemin est long mais avec une \u00e9quipe des plus motiv\u00e9es et les Jeux Olympiques de Paris 2024 en point de mire, nous y arriverons ! Journaliste dans le monde du sport depuis plus de 5 ans, je traite aussi bien de football, de rugby, de biathlon que de cyclisme.\",\"sameAs\":[\"https:\/\/www.facebook.com\/dicodusport\",\"https:\/\/x.com\/https:\/\/twitter.com\/Nico_Jacquemard\"],\"url\":\"https:\/\/dicodusport.fr\/blog\/author\/dicodusport\/\"}]}<\/script>\n<!-- \/ Yoast SEO Premium plugin. -->","yoast_head_json":{"title":"Le PSG fixe le prix de Kylian Mbapp\u00e9","description":"MERCATO - Apr\u00e8s le refus de la premi\u00e8re offre formul\u00e9e par le Real Madrid, le PSG a fix\u00e9 le prix pour Kylian Mbapp\u00e9 selon Le Parisien.","robots":{"index":"index","follow":"follow","max-snippet":"max-snippet:-1","max-image-preview":"max-image-preview:large","max-video-preview":"max-video-preview:-1"},"canonical":"https:\/\/dicodusport.fr\/blog\/le-psg-fixe-le-prix-de-kylian-mbappe\/","og_locale":"fr_FR","og_type":"article","og_title":"Le PSG fixe le prix de Kylian Mbapp\u00e9","og_description":"MERCATO - Apr\u00e8s le refus de la premi\u00e8re offre formul\u00e9e par le Real Madrid, le PSG a fix\u00e9 le prix pour Kylian Mbapp\u00e9 selon Le Parisien.","og_url":"https:\/\/dicodusport.fr\/blog\/le-psg-fixe-le-prix-de-kylian-mbappe\/","og_site_name":"Dicodusport","article_publisher":"https:\/\/www.facebook.com\/dicodusport","article_author":"https:\/\/www.facebook.com\/dicodusport","article_published_time":"2021-08-26T07:28:59+00:00","article_modified_time":"2021-08-26T08:13:55+00:00","og_image":[{"width":800,"height":445,"url":"https:\/\/dicodusport.fr\/blog\/wp-content\/uploads\/2021\/08\/Le-PSG-fixe-le-prix-de-Kylian-Mbappe\u0301-.png","type":"image\/png"}],"author":"Nicolas Jacquemard","twitter_card":"summary_large_image","twitter_title":"Le PSG fixe le prix de Kylian Mbapp\u00e9","twitter_creator":"@https:\/\/twitter.com\/Nico_Jacquemard","twitter_site":"@dicodusport","schema":{"@context":"https:\/\/schema.org","@graph":[{"@type":"NewsArticle","@id":"https:\/\/dicodusport.fr\/blog\/le-psg-fixe-le-prix-de-kylian-mbappe\/#article","isPartOf":{"@id":"https:\/\/dicodusport.fr\/blog\/le-psg-fixe-le-prix-de-kylian-mbappe\/"},"author":{"name":"Nicolas Jacquemard","@id":"https:\/\/dicodusport.fr\/blog\/#\/schema\/person\/55dcb50ad410894e431ed812bbb70191"},"headline":"Le PSG fixe le prix de Kylian Mbapp\u00e9","datePublished":"2021-08-26T07:28:59+00:00","dateModified":"2021-08-26T08:13:55+00:00","mainEntityOfPage":{"@id":"https:\/\/dicodusport.fr\/blog\/le-psg-fixe-le-prix-de-kylian-mbappe\/"},"wordCount":185,"commentCount":0,"publisher":{"@id":"https:\/\/dicodusport.fr\/blog\/#organization"},"image":{"@id":"https:\/\/dicodusport.fr\/blog\/le-psg-fixe-le-prix-de-kylian-mbappe\/#primaryimage"},"thumbnailUrl":"https:\/\/dicodusport.fr\/blog\/wp-content\/uploads\/2021\/08\/Le-PSG-fixe-le-prix-de-Kylian-Mbappe\u0301-.png","keywords":["Football","Kylian Mbapp\u00e9","Mbappe","Mercato","PSG","Real Madrid"],"articleSection":["Ligue 1"],"inLanguage":"fr-FR","potentialAction":[{"@type":"CommentAction","name":"Comment","target":["https:\/\/dicodusport.fr\/blog\/le-psg-fixe-le-prix-de-kylian-mbappe\/#respond"]}],"copyrightYear":"2021","copyrightHolder":{"@id":"https:\/\/dicodusport.fr\/blog\/#organization"}},{"@type":"WebPage","@id":"https:\/\/dicodusport.fr\/blog\/le-psg-fixe-le-prix-de-kylian-mbappe\/","url":"https:\/\/dicodusport.fr\/blog\/le-psg-fixe-le-prix-de-kylian-mbappe\/","name":"Le PSG fixe le prix de Kylian Mbapp\u00e9","isPartOf":{"@id":"https:\/\/dicodusport.fr\/blog\/#website"},"primaryImageOfPage":{"@id":"https:\/\/dicodusport.fr\/blog\/le-psg-fixe-le-prix-de-kylian-mbappe\/#primaryimage"},"image":{"@id":"https:\/\/dicodusport.fr\/blog\/le-psg-fixe-le-prix-de-kylian-mbappe\/#primaryimage"},"thumbnailUrl":"https:\/\/dicodusport.fr\/blog\/wp-content\/uploads\/2021\/08\/Le-PSG-fixe-le-prix-de-Kylian-Mbappe\u0301-.png","datePublished":"2021-08-26T07:28:59+00:00","dateModified":"2021-08-26T08:13:55+00:00","description":"MERCATO - Apr\u00e8s le refus de la premi\u00e8re offre formul\u00e9e par le Real Madrid, le PSG a fix\u00e9 le prix pour Kylian Mbapp\u00e9 selon Le Parisien.","breadcrumb":{"@id":"https:\/\/dicodusport.fr\/blog\/le-psg-fixe-le-prix-de-kylian-mbappe\/#breadcrumb"},"inLanguage":"fr-FR","potentialAction":[{"@type":"ReadAction","target":["https:\/\/dicodusport.fr\/blog\/le-psg-fixe-le-prix-de-kylian-mbappe\/"]}]},{"@type":"ImageObject","inLanguage":"fr-FR","@id":"https:\/\/dicodusport.fr\/blog\/le-psg-fixe-le-prix-de-kylian-mbappe\/#primaryimage","url":"https:\/\/dicodusport.fr\/blog\/wp-content\/uploads\/2021\/08\/Le-PSG-fixe-le-prix-de-Kylian-Mbappe\u0301-.png","contentUrl":"https:\/\/dicodusport.fr\/blog\/wp-content\/uploads\/2021\/08\/Le-PSG-fixe-le-prix-de-Kylian-Mbappe\u0301-.png","width":800,"height":445},{"@type":"BreadcrumbList","@id":"https:\/\/dicodusport.fr\/blog\/le-psg-fixe-le-prix-de-kylian-mbappe\/#breadcrumb","itemListElement":[{"@type":"ListItem","position":1,"name":"Accueil","item":"https:\/\/dicodusport.fr\/blog\/"},{"@type":"ListItem","position":2,"name":"Le PSG fixe le prix de Kylian Mbapp\u00e9"}]},{"@type":"WebSite","@id":"https:\/\/dicodusport.fr\/blog\/#website","url":"https:\/\/dicodusport.fr\/blog\/","name":"Dicodusport","description":"L&#039;encyclop\u00e9die de l&#039;actualit\u00e9 sportive","publisher":{"@id":"https:\/\/dicodusport.fr\/blog\/#organization"},"potentialAction":[{"@type":"SearchAction","target":{"@type":"EntryPoint","urlTemplate":"https:\/\/dicodusport.fr\/blog\/?s={search_term_string}"},"query-input":{"@type":"PropertyValueSpecification","valueRequired":true,"valueName":"search_term_string"}}],"inLanguage":"fr-FR"},{"@type":"NewsMediaOrganization","@id":"https:\/\/dicodusport.fr\/blog\/#organization","name":"Dicodusport","url":"https:\/\/dicodusport.fr\/blog\/","logo":{"@type":"ImageObject","inLanguage":"fr-FR","@id":"https:\/\/dicodusport.fr\/blog\/#\/schema\/logo\/image\/","url":"https:\/\/dicodusport.fr\/blog\/wp-content\/uploads\/2020\/06\/cropped-LOGO-DICODUSPORT-2020-SANS-FOND-SANS-TEXTE.png","contentUrl":"https:\/\/dicodusport.fr\/blog\/wp-content\/uploads\/2020\/06\/cropped-LOGO-DICODUSPORT-2020-SANS-FOND-SANS-TEXTE.png","width":512,"height":512,"caption":"Dicodusport"},"image":{"@id":"https:\/\/dicodusport.fr\/blog\/#\/schema\/logo\/image\/"},"sameAs":["https:\/\/www.facebook.com\/dicodusport","https:\/\/x.com\/dicodusport","https:\/\/www.instagram.com\/dicodusport\/","https:\/\/www.youtube.com\/channel\/UC7V2KZ5sd3htJivAbA4ZG3w"],"description":"Dicodusport est l'encyclop\u00e9die de l'actualit\u00e9 sportive.","email":"bonjour@dicodusport.fr","legalName":"DICODUSPORT","foundingDate":"2018-01-14","vatID":"FR71834470973","taxID":"83447097300043","numberOfEmployees":{"@type":"QuantitativeValue","minValue":"1","maxValue":"10"}},{"@type":"Person","@id":"https:\/\/dicodusport.fr\/blog\/#\/schema\/person\/55dcb50ad410894e431ed812bbb70191","name":"Nicolas Jacquemard","image":{"@type":"ImageObject","inLanguage":"fr-FR","@id":"https:\/\/dicodusport.fr\/blog\/#\/schema\/person\/image\/","url":"https:\/\/dicodusport.fr\/blog\/wp-content\/uploads\/2021\/05\/Nicolas-Jacquemard-150x150.jpeg","contentUrl":"https:\/\/dicodusport.fr\/blog\/wp-content\/uploads\/2021\/05\/Nicolas-Jacquemard-150x150.jpeg","caption":"Nicolas Jacquemard"},"description":"Passionn\u00e9 de sport et entrepreneur depuis mes 18 ans, la cr\u00e9ation de Dicodusport m'a sembl\u00e9 \u00e9vidente pour participer \u00e0 la m\u00e9diatisation d'un plus grand nombre de sports. Le chemin est long mais avec une \u00e9quipe des plus motiv\u00e9es et les Jeux Olympiques de Paris 2024 en point de mire, nous y arriverons ! Journaliste dans le monde du sport depuis plus de 5 ans, je traite aussi bien de football, de rugby, de biathlon que de cyclisme.","sameAs":["https:\/\/www.facebook.com\/dicodusport","https:\/\/x.com\/https:\/\/twitter.com\/Nico_Jacquemard"],"url":"https:\/\/dicodusport.fr\/blog\/author\/dicodusport\/"}]}},"_links":{"self":[{"href":"https:\/\/dicodusport.fr\/blog\/wp-json\/wp\/v2\/posts\/161088","targetHints":{"allow":["GET"]}}],"collection":[{"href":"https:\/\/dicodusport.fr\/blog\/wp-json\/wp\/v2\/posts"}],"about":[{"href":"https:\/\/dicodusport.fr\/blog\/wp-json\/wp\/v2\/types\/post"}],"author":[{"embeddable":true,"href":"https:\/\/dicodusport.fr\/blog\/wp-json\/wp\/v2\/users\/1"}],"replies":[{"embeddable":true,"href":"https:\/\/dicodusport.fr\/blog\/wp-json\/wp\/v2\/comments?post=161088"}],"version-history":[{"count":0,"href":"https:\/\/dicodusport.fr\/blog\/wp-json\/wp\/v2\/posts\/161088\/revisions"}],"wp:featuredmedia":[{"embeddable":true,"href":"https:\/\/dicodusport.fr\/blog\/wp-json\/wp\/v2\/media\/161106"}],"wp:attachment":[{"href":"https:\/\/dicodusport.fr\/blog\/wp-json\/wp\/v2\/media?parent=161088"}],"wp:term":[{"taxonomy":"category","embeddable":true,"href":"https:\/\/dicodusport.fr\/blog\/wp-json\/wp\/v2\/categories?post=161088"},{"taxonomy":"post_tag","embeddable":true,"href":"https:\/\/dicodusport.fr\/blog\/wp-json\/wp\/v2\/tags?post=161088"}],"curies":[{"name":"wp","href":"https:\/\/api.w.org\/{rel}","templated":true}]}}