{"id":161146,"date":"2021-08-26T21:05:26","date_gmt":"2021-08-26T19:05:26","guid":{"rendered":"https:\/\/dicodusport.fr\/blog\/?p=161146&#038;preview=true&#038;preview_id=161146"},"modified":"2021-09-04T17:33:53","modified_gmt":"2021-09-04T15:33:53","slug":"tennis-fauteuil-jeux-paralympiques-de-tokyo-calendrier-et-resultats","status":"publish","type":"post","link":"https:\/\/dicodusport.fr\/blog\/tennis-fauteuil-jeux-paralympiques-de-tokyo-calendrier-et-resultats\/","title":{"rendered":"Tennis fauteuil &#8211; Jeux Paralympiques de Tokyo : calendrier et r\u00e9sultats"},"content":{"rendered":"<p style=\"text-align: justify;\"><strong><em><a href=\"https:\/\/dicodusport.fr\/blog\/actualites\/jeux-paralympiques-tokyo-2020\/\">JEUX PARALYMPIQUES DE TOKYO 2020<\/a> \u2013 Les \u00e9preuves de tennis fauteuil aux Jeux Paralympiques de Tokyo ont lieu du 27 ao\u00fbt au 4 septembre. Voici le calendrier et les r\u00e9sultats des \u00e9preuves.<\/em><\/strong><\/p>\n<h2 style=\"text-align: justify;\">Vendredi 27 ao\u00fbt<\/h2>\n<p style=\"text-align: justify;\"><strong><span style=\"text-decoration: underline;\">A partir de 4h<\/span><\/strong><\/p>\n<ul>\n<li style=\"text-align: justify;\"><a href=\"https:\/\/olympics.com\/tokyo-2020\/paralympic-games\/resPG2020-\/pdf\/PG2020-\/WTE\/PG2020-_WTE_C75_WTEMSINGLES-00000-----------------.pdf\" target=\"_blank\" rel=\"noopener\">1er tour simple messieurs<\/a><\/li>\n<li style=\"text-align: justify;\"><a href=\"https:\/\/olympics.com\/tokyo-2020\/paralympic-games\/resPG2020-\/pdf\/PG2020-\/WTE\/PG2020-_WTE_C75_WTEWDOUBLES-00000-----------------.pdf\" target=\"_blank\" rel=\"noopener\">1er tour double dames<\/a><\/li>\n<li style=\"text-align: justify;\"><a href=\"https:\/\/olympics.com\/tokyo-2020\/paralympic-games\/resPG2020-\/pdf\/PG2020-\/WTE\/PG2020-_WTE_C75_WTEODOUBLES-01010-----------------.pdf\" target=\"_blank\" rel=\"noopener\">1\/4 double quad<\/a><\/li>\n<\/ul>\n<h2 style=\"text-align: justify;\">Samedi 28 ao\u00fbt<\/h2>\n<ul>\n<li style=\"text-align: justify;\"><a href=\"https:\/\/olympics.com\/tokyo-2020\/paralympic-games\/resPG2020-\/pdf\/PG2020-\/WTE\/PG2020-_WTE_C75_WTEMSINGLES-00000-----------------.pdf\" target=\"_blank\" rel=\"noopener\">2\u00e8me tour simple messieurs<\/a><\/li>\n<li><a href=\"https:\/\/olympics.com\/tokyo-2020\/paralympic-games\/resPG2020-\/pdf\/PG2020-\/WTE\/PG2020-_WTE_C75_WTEMDOUBLES-00000-----------------.pdf\" target=\"_blank\" rel=\"noopener\">1er tour double messieurs<\/a><\/li>\n<li><a href=\"https:\/\/olympics.com\/tokyo-2020\/paralympic-games\/resPG2020-\/pdf\/PG2020-\/WTE\/PG2020-_WTE_C75_WTEWSINGLES-00000-----------------.pdf\" target=\"_blank\" rel=\"noopener\">1er tour simple dames<\/a><\/li>\n<li><a href=\"https:\/\/olympics.com\/tokyo-2020\/paralympic-games\/resPG2020-\/pdf\/PG2020-\/WTE\/PG2020-_WTE_C75_WTEOSINGLES-01010-----------------.pdf\" target=\"_blank\" rel=\"noopener\">1er tour simple quad<\/a><\/li>\n<\/ul>\n<h2 style=\"text-align: justify;\">Dimanche 29 ao\u00fbt<\/h2>\n<ul>\n<li style=\"text-align: justify;\"><a href=\"https:\/\/olympics.com\/tokyo-2020\/paralympic-games\/resPG2020-\/pdf\/PG2020-\/WTE\/PG2020-_WTE_C75_WTEMSINGLES-00000-----------------.pdf\" target=\"_blank\" rel=\"noopener\">2\u00e8me tour simple messieurs<\/a><\/li>\n<li><a href=\"https:\/\/olympics.com\/tokyo-2020\/paralympic-games\/resPG2020-\/pdf\/PG2020-\/WTE\/PG2020-_WTE_C75_WTEMDOUBLES-00000-----------------.pdf\" target=\"_blank\" rel=\"noopener\">2\u00e8me tour double messieurs<\/a><\/li>\n<li><a href=\"https:\/\/olympics.com\/tokyo-2020\/paralympic-games\/resPG2020-\/pdf\/PG2020-\/WTE\/PG2020-_WTE_C75_WTEWDOUBLES-00000-----------------.pdf\" target=\"_blank\" rel=\"noopener\">1\/4 double dames<\/a><\/li>\n<li><a href=\"https:\/\/olympics.com\/tokyo-2020\/paralympic-games\/resPG2020-\/pdf\/PG2020-\/WTE\/PG2020-_WTE_C75_WTEODOUBLES-01010-----------------.pdf\" target=\"_blank\" rel=\"noopener\">1\/2 double quad<\/a><\/li>\n<\/ul>\n<h2 style=\"text-align: justify;\">Lundi 30 ao\u00fbt<\/h2>\n<ul>\n<li style=\"text-align: justify;\"><a href=\"https:\/\/olympics.com\/tokyo-2020\/paralympic-games\/resPG2020-\/pdf\/PG2020-\/WTE\/PG2020-_WTE_C75_WTEMSINGLES-00000-----------------.pdf\" target=\"_blank\" rel=\"noopener\">3\u00e8me tour simple messieurs<\/a><\/li>\n<li><a href=\"https:\/\/olympics.com\/tokyo-2020\/paralympic-games\/resPG2020-\/pdf\/PG2020-\/WTE\/PG2020-_WTE_C75_WTEWSINGLES-00000-----------------.pdf\" target=\"_blank\" rel=\"noopener\">2\u00e8me tour simple dames<\/a><\/li>\n<li><a href=\"https:\/\/olympics.com\/tokyo-2020\/paralympic-games\/resPG2020-\/pdf\/PG2020-\/WTE\/PG2020-_WTE_C75_WTEMDOUBLES-00000-----------------.pdf\" target=\"_blank\" rel=\"noopener\">1\/4 double messieurs<\/a><\/li>\n<li><a href=\"https:\/\/olympics.com\/tokyo-2020\/paralympic-games\/resPG2020-\/pdf\/PG2020-\/WTE\/PG2020-_WTE_C75_WTEOSINGLES-01010-----------------.pdf\" target=\"_blank\" rel=\"noopener\">1\/4 simple quad<\/a><\/li>\n<\/ul>\n<h2 style=\"text-align: justify;\">Mardi 31 ao\u00fbt<\/h2>\n<ul>\n<li style=\"text-align: justify;\"><a href=\"https:\/\/olympics.com\/tokyo-2020\/paralympic-games\/resPG2020-\/pdf\/PG2020-\/WTE\/PG2020-_WTE_C75_WTEWSINGLES-00000-----------------.pdf\" target=\"_blank\" rel=\"noopener\">1\/4 simple dames<\/a><\/li>\n<li><a href=\"https:\/\/olympics.com\/tokyo-2020\/paralympic-games\/resPG2020-\/pdf\/PG2020-\/WTE\/PG2020-_WTE_C75_WTEWDOUBLES-00000-----------------.pdf\" target=\"_blank\" rel=\"noopener\">1\/2 double dames<\/a><\/li>\n<li><a href=\"https:\/\/olympics.com\/tokyo-2020\/paralympic-games\/resPG2020-\/pdf\/PG2020-\/WTE\/PG2020-_WTE_C75_WTEOSINGLES-01010-----------------.pdf\" target=\"_blank\" rel=\"noopener\">1\/2 simple quad<\/a><\/li>\n<\/ul>\n<h2>Mercredi 1<sup>er<\/sup> septembre<\/h2>\n<ul>\n<li><a href=\"https:\/\/olympics.com\/tokyo-2020\/paralympic-games\/resPG2020-\/pdf\/PG2020-\/WTE\/PG2020-_WTE_C75_WTEMSINGLES-00000-----------------.pdf\" target=\"_blank\" rel=\"noopener\">1\/4 simple messieurs<\/a><\/li>\n<li><a href=\"https:\/\/olympics.com\/tokyo-2020\/paralympic-games\/resPG2020-\/pdf\/PG2020-\/WTE\/PG2020-_WTE_C75_WTEWDOUBLES-00000-----------------.pdf\" target=\"_blank\" rel=\"noopener\">1\/2 double dames<\/a><\/li>\n<li><a href=\"https:\/\/olympics.com\/tokyo-2020\/paralympic-games\/resPG2020-\/pdf\/PG2020-\/WTE\/PG2020-_WTE_C75_WTEODOUBLES-01010-----------------.pdf\" target=\"_blank\" rel=\"noopener\">Match pour la 3\u00e8me place double quad<\/a> : <strong>Moroishi\/Sugeno<\/strong> battent Cotterill\/Lapthorne 7-5 3-6 7-5<\/li>\n<li><a href=\"https:\/\/olympics.com\/tokyo-2020\/paralympic-games\/resPG2020-\/pdf\/PG2020-\/WTE\/PG2020-_WTE_C75_WTEODOUBLES-01010-----------------.pdf\" target=\"_blank\" rel=\"noopener\">Finale double quad<\/a> : <strong>Schr\u00f6der\/Vink<\/strong> battent Alcott\/Davidson 6-4 6-3<\/li>\n<\/ul>\n<h2>Jeudi 2 septembre<\/h2>\n<ul>\n<li><a href=\"https:\/\/olympics.com\/tokyo-2020\/paralympic-games\/resPG2020-\/pdf\/PG2020-\/WTE\/PG2020-_WTE_C75_WTEMSINGLES-00000-----------------.pdf\" target=\"_blank\" rel=\"noopener\">1\/2 simple messieurs<\/a><\/li>\n<li><a href=\"https:\/\/olympics.com\/tokyo-2020\/paralympic-games\/resPG2020-\/pdf\/PG2020-\/WTE\/PG2020-_WTE_C75_WTEWSINGLES-00000-----------------.pdf\" target=\"_blank\" rel=\"noopener\">1\/2 simple dames<\/a><\/li>\n<\/ul>\n<h2>Vendredi 3 septembre<\/h2>\n<ul>\n<li><a href=\"https:\/\/olympics.com\/tokyo-2020\/paralympic-games\/resPG2020-\/pdf\/PG2020-\/WTE\/PG2020-_WTE_C75_WTEOSINGLES-01010-----------------.pdf\" target=\"_blank\" rel=\"noopener\">Match pour la 3\u00e8me place simple quad<\/a> : <strong>Niels Vink<\/strong> bat Koji Sugeno 6-1 6-4<\/li>\n<li><a href=\"https:\/\/olympics.com\/tokyo-2020\/paralympic-games\/resPG2020-\/pdf\/PG2020-\/WTE\/PG2020-_WTE_C75_WTEMDOUBLES-00000-----------------.pdf\" target=\"_blank\" rel=\"noopener\">Match pour la 3\u00e8me place double messieurs<\/a> : <strong>Egberink\/Scheffers<\/strong> bat Kunieda\/Sanada 6-3 6-2<\/li>\n<li><a href=\"https:\/\/olympics.com\/tokyo-2020\/paralympic-games\/resPG2020-\/pdf\/PG2020-\/WTE\/PG2020-_WTE_C75_WTEMDOUBLES-00000-----------------.pdf\" target=\"_blank\" rel=\"noopener\">Finale double messieurs :<\/a> <strong>Houdet\/Peifer<\/strong> battent Hewett\/Reid 7-5 0-6 7-6[3]<\/li>\n<li><a href=\"https:\/\/olympics.com\/tokyo-2020\/paralympic-games\/resPG2020-\/pdf\/PG2020-\/WTE\/PG2020-_WTE_C75_WTEWSINGLES-00000-----------------.pdf\" target=\"_blank\" rel=\"noopener\">Match pour la 3\u00e8me place simple dames<\/a> : <strong>Jordanne Whiley<\/strong> bat Aniek van Koot 6-4 6-7[7] 6-4<\/li>\n<li><a href=\"https:\/\/olympics.com\/tokyo-2020\/paralympic-games\/resPG2020-\/pdf\/PG2020-\/WTE\/PG2020-_WTE_C75_WTEWSINGLES-00000-----------------.pdf\" target=\"_blank\" rel=\"noopener\">Finale simple dames<\/a> : <strong>Diede de Groot<\/strong> bat Yui Kamiji 6-3 7-6[1]<\/li>\n<li><\/li>\n<\/ul>\n<h2>Samedi 4 septembre<\/h2>\n<ul>\n<li><a href=\"https:\/\/olympics.com\/tokyo-2020\/paralympic-games\/resPG2020-\/pdf\/PG2020-\/WTE\/PG2020-_WTE_C75_WTEOSINGLES-01010-----------------.pdf\" target=\"_blank\" rel=\"noopener\">Finale simple quad<\/a> : <strong>Dylan Alcott<\/strong> bat Sam Schr\u00f6der 7-6[2] 6-1<\/li>\n<li><a href=\"https:\/\/olympics.com\/tokyo-2020\/paralympic-games\/resPG2020-\/pdf\/PG2020-\/WTE\/PG2020-_WTE_C75_WTEWDOUBLES-00000-----------------.pdf\" target=\"_blank\" rel=\"noopener\">Match pour la 3\u00e8me place double dames<\/a> : <strong>Kamiji\/Ohtani<\/strong> battent Wang\/Zhu 6-2 7-6[3]<\/li>\n<li><a href=\"https:\/\/olympics.com\/tokyo-2020\/paralympic-games\/resPG2020-\/pdf\/PG2020-\/WTE\/PG2020-_WTE_C75_WTEWDOUBLES-00000-----------------.pdf\" target=\"_blank\" rel=\"noopener\">Finale double dames<\/a> : <strong>de Groot\/van Koot<\/strong> battent Shuker\/Whiley 6-0 6-1<\/li>\n<li><a href=\"https:\/\/olympics.com\/tokyo-2020\/paralympic-games\/resPG2020-\/pdf\/PG2020-\/WTE\/PG2020-_WTE_C75_WTEMSINGLES-00000-----------------.pdf\" target=\"_blank\" rel=\"noopener\">Match pour la 3\u00e8me place simple messieurs<\/a> : <strong>Gordon Reid<\/strong> bat Alfie Hewett 6-4 3-6 7-5<\/li>\n<li><a href=\"https:\/\/olympics.com\/tokyo-2020\/paralympic-games\/resPG2020-\/pdf\/PG2020-\/WTE\/PG2020-_WTE_C75_WTEMSINGLES-00000-----------------.pdf\" target=\"_blank\" rel=\"noopener\">Finale simple messieurs<\/a> : <strong>Shingo Kunieda<\/strong> bat Tom Egberink 6-1 6-2<\/li>\n<\/ul>\n<hr \/>\n<h2 style=\"text-align: justify;\">Les m\u00e9dailles<\/h2>\n<div class=\"su-table su-table-alternate\">\n<table style=\"width: 800px;border-collapse: collapse\">\n<tbody>\n<tr>\n<td style=\"text-align: center;width: 200px\"><strong>\u00c9preuves<\/strong><\/td>\n<td style=\"background-color: #fff242;text-align: center;width: 200px\"><strong>&#x1f947; Or<\/strong><\/td>\n<td style=\"background-color: #a8a8a8;text-align: center;width: 200px\"><strong>&#x1f948; Argent<\/strong><\/td>\n<td style=\"background-color: #c97159;text-align: center;width: 200px\"><strong>&#x1f949; Bronze<\/strong><\/td>\n<\/tr>\n<tr>\n<td style=\"width: 200px;text-align: center\"><strong>Simple Quad<\/strong><\/td>\n<td style=\"width: 200px;text-align: center\">&#x1f1e6;&#x1f1fa; Dylan Alcott<\/td>\n<td style=\"width: 200px;text-align: center\">&#x1f1f3;&#x1f1f1; Sam Schr\u00f6der<\/td>\n<td style=\"width: 200px;text-align: center\">&#x1f1f3;&#x1f1f1; Niels Vink<\/td>\n<\/tr>\n<tr>\n<td style=\"width: 200px;text-align: center\"><strong>Double Quad<\/strong><\/td>\n<td style=\"width: 200px;text-align: center\">&#x1f1f3;&#x1f1f1; Schr\u00f6der\/Vink<\/td>\n<td style=\"width: 200px;text-align: center\">&#x1f1e6;&#x1f1fa; Davidson Alcott<\/td>\n<td style=\"width: 200px;text-align: center\">&#x1f1ef;&#x1f1f5; Moroishi\/Sugeno<\/td>\n<\/tr>\n<tr>\n<td style=\"width: 200px;text-align: center\"><strong>Simple messieurs<\/strong><\/td>\n<td style=\"width: 200px;text-align: center\">&#x1f1ef;&#x1f1f5; Shingo Kunieda<\/td>\n<td style=\"width: 200px;text-align: center\">&#x1f1f3;&#x1f1f1; Tom Egberink<\/td>\n<td style=\"width: 200px;text-align: center\">&#x1f1ec;&#x1f1e7; Gordon Reid<\/td>\n<\/tr>\n<tr>\n<td style=\"width: 200px;text-align: center\"><strong>Double messieurs<\/strong><\/td>\n<td style=\"width: 200px;text-align: center\">&#x1f1eb;&#x1f1f7; Houdet\/Peifer<\/td>\n<td style=\"width: 200px;text-align: center\">&#x1f1ec;&#x1f1e7; Hewett\/Reid<\/td>\n<td style=\"width: 200px;text-align: center\">&#x1f1f3;&#x1f1f1; Egberink\/Scheffers<\/td>\n<\/tr>\n<tr>\n<td style=\"width: 200px;text-align: center\"><strong>Simple dames<\/strong><\/td>\n<td style=\"width: 200px;text-align: center\">&#x1f1f3;&#x1f1f1; Diede de Groot<\/td>\n<td style=\"width: 200px;text-align: center\">&#x1f1ef;&#x1f1f5; Yui Kamiji<\/td>\n<td style=\"width: 200px;text-align: center\">&#x1f1ec;&#x1f1e7; Jordanne Whiley<\/td>\n<\/tr>\n<tr>\n<td style=\"width: 200px;text-align: center\"><strong>Double dames<\/strong><\/td>\n<td style=\"width: 200px;text-align: center\">&#x1f1f3;&#x1f1f1; de Groot\/van Koot<\/td>\n<td style=\"width: 200px;text-align: center\">&#x1f1ec;&#x1f1e7; Shuker\/Whiley<\/td>\n<td style=\"width: 200px;text-align: center\">&#x1f1ef;&#x1f1f5; Kamiji\/Ohtani<\/td>\n<\/tr>\n<\/tbody>\n<\/table>\n<\/div>\n<p>&nbsp;<\/p>\n","protected":false},"excerpt":{"rendered":"<p>JEUX PARALYMPIQUES DE TOKYO 2020 \u2013 Les \u00e9preuves d&rsquo;halt\u00e9rophilie aux Jeux Paralympiques de Tokyo ont lieu du 26 au 30 ao\u00fbt. Voici le calendrier et les r\u00e9sultats des \u00e9preuves.<\/p>\n","protected":false},"author":18,"featured_media":161439,"comment_status":"open","ping_status":"closed","sticky":false,"template":"","format":"standard","meta":{"_acf_changed":false,"_daextam_enable_autolinks":"","footnotes":""},"categories":[14180,2302],"tags":[13396],"class_list":["post-161146","post","type-post","status-publish","format-standard","has-post-thumbnail","hentry","category-jeux-paralympiques-tokyo-2020","category-tennis","tag-jeux-paralympiques-de-tokyo"],"acf":[],"yoast_head":"<!-- This site is optimized with the Yoast SEO Premium plugin v26.7 (Yoast SEO v26.7) - https:\/\/yoast.com\/wordpress\/plugins\/seo\/ -->\n<title>Tennis fauteuil - Jeux Paralympiques de Tokyo : calendrier et r\u00e9sultats<\/title>\n<meta name=\"description\" content=\"JEUX PARALYMPIQUES DE TOKYO 2020 \u2013 D\u00e9couvrez le calendrier des \u00e9preuves de tennis fauteuil aux Jeux Paralympiques de Tokyo.\" \/>\n<meta name=\"robots\" content=\"index, follow, max-snippet:-1, max-image-preview:large, max-video-preview:-1\" \/>\n<link rel=\"canonical\" href=\"https:\/\/dicodusport.fr\/blog\/tennis-fauteuil-jeux-paralympiques-de-tokyo-calendrier-et-resultats\/\" \/>\n<meta property=\"og:locale\" content=\"fr_FR\" \/>\n<meta property=\"og:type\" content=\"article\" \/>\n<meta property=\"og:title\" content=\"Tennis fauteuil - Jeux Paralympiques de Tokyo : calendrier et r\u00e9sultats\" \/>\n<meta property=\"og:description\" content=\"JEUX PARALYMPIQUES DE TOKYO 2020 \u2013 D\u00e9couvrez le calendrier des \u00e9preuves de tennis fauteuil aux Jeux Paralympiques de Tokyo.\" \/>\n<meta property=\"og:url\" content=\"https:\/\/dicodusport.fr\/blog\/tennis-fauteuil-jeux-paralympiques-de-tokyo-calendrier-et-resultats\/\" \/>\n<meta property=\"og:site_name\" content=\"Dicodusport\" \/>\n<meta property=\"article:publisher\" content=\"https:\/\/www.facebook.com\/dicodusport\" \/>\n<meta property=\"article:author\" content=\"https:\/\/www.facebook.com\/soocube\" \/>\n<meta property=\"article:published_time\" content=\"2021-08-26T19:05:26+00:00\" \/>\n<meta property=\"article:modified_time\" content=\"2021-09-04T15:33:53+00:00\" \/>\n<meta property=\"og:image\" content=\"https:\/\/dicodusport.fr\/blog\/wp-content\/uploads\/2021\/08\/Tennis-fauteuil-Jeux-Paralympiques-de-Tokyo-calendrier-et-resultats.png\" \/>\n\t<meta property=\"og:image:width\" content=\"1200\" \/>\n\t<meta property=\"og:image:height\" content=\"670\" \/>\n\t<meta property=\"og:image:type\" content=\"image\/png\" \/>\n<meta name=\"author\" content=\"Sophie Clapier\" \/>\n<meta name=\"twitter:card\" content=\"summary_large_image\" \/>\n<meta name=\"twitter:title\" content=\"Tennis fauteuil - Jeux Paralympiques de Tokyo : calendrier et r\u00e9sultats\" \/>\n<meta name=\"twitter:creator\" content=\"@https:\/\/twitter.com\/soocube\" \/>\n<meta name=\"twitter:site\" content=\"@dicodusport\" \/>\n<script type=\"application\/ld+json\" class=\"yoast-schema-graph\">{\"@context\":\"https:\/\/schema.org\",\"@graph\":[{\"@type\":\"NewsArticle\",\"@id\":\"https:\/\/dicodusport.fr\/blog\/tennis-fauteuil-jeux-paralympiques-de-tokyo-calendrier-et-resultats\/#article\",\"isPartOf\":{\"@id\":\"https:\/\/dicodusport.fr\/blog\/tennis-fauteuil-jeux-paralympiques-de-tokyo-calendrier-et-resultats\/\"},\"author\":{\"name\":\"Sophie Clapier\",\"@id\":\"https:\/\/dicodusport.fr\/blog\/#\/schema\/person\/416c975648aca9da8839bdfe333a21c9\"},\"headline\":\"Tennis fauteuil &#8211; Jeux Paralympiques de Tokyo : calendrier et r\u00e9sultats\",\"datePublished\":\"2021-08-26T19:05:26+00:00\",\"dateModified\":\"2021-09-04T15:33:53+00:00\",\"mainEntityOfPage\":{\"@id\":\"https:\/\/dicodusport.fr\/blog\/tennis-fauteuil-jeux-paralympiques-de-tokyo-calendrier-et-resultats\/\"},\"wordCount\":466,\"commentCount\":0,\"publisher\":{\"@id\":\"https:\/\/dicodusport.fr\/blog\/#organization\"},\"image\":{\"@id\":\"https:\/\/dicodusport.fr\/blog\/tennis-fauteuil-jeux-paralympiques-de-tokyo-calendrier-et-resultats\/#primaryimage\"},\"thumbnailUrl\":\"https:\/\/dicodusport.fr\/blog\/wp-content\/uploads\/2021\/08\/Tennis-fauteuil-Jeux-Paralympiques-de-Tokyo-calendrier-et-resultats.png\",\"keywords\":[\"Jeux Paralympiques de Tokyo\"],\"articleSection\":[\"Jeux Paralympiques de Tokyo 2020\",\"Tennis\"],\"inLanguage\":\"fr-FR\",\"potentialAction\":[{\"@type\":\"CommentAction\",\"name\":\"Comment\",\"target\":[\"https:\/\/dicodusport.fr\/blog\/tennis-fauteuil-jeux-paralympiques-de-tokyo-calendrier-et-resultats\/#respond\"]}],\"copyrightYear\":\"2021\",\"copyrightHolder\":{\"@id\":\"https:\/\/dicodusport.fr\/blog\/#organization\"}},{\"@type\":\"WebPage\",\"@id\":\"https:\/\/dicodusport.fr\/blog\/tennis-fauteuil-jeux-paralympiques-de-tokyo-calendrier-et-resultats\/\",\"url\":\"https:\/\/dicodusport.fr\/blog\/tennis-fauteuil-jeux-paralympiques-de-tokyo-calendrier-et-resultats\/\",\"name\":\"Tennis fauteuil - Jeux Paralympiques de Tokyo : calendrier et r\u00e9sultats\",\"isPartOf\":{\"@id\":\"https:\/\/dicodusport.fr\/blog\/#website\"},\"primaryImageOfPage\":{\"@id\":\"https:\/\/dicodusport.fr\/blog\/tennis-fauteuil-jeux-paralympiques-de-tokyo-calendrier-et-resultats\/#primaryimage\"},\"image\":{\"@id\":\"https:\/\/dicodusport.fr\/blog\/tennis-fauteuil-jeux-paralympiques-de-tokyo-calendrier-et-resultats\/#primaryimage\"},\"thumbnailUrl\":\"https:\/\/dicodusport.fr\/blog\/wp-content\/uploads\/2021\/08\/Tennis-fauteuil-Jeux-Paralympiques-de-Tokyo-calendrier-et-resultats.png\",\"datePublished\":\"2021-08-26T19:05:26+00:00\",\"dateModified\":\"2021-09-04T15:33:53+00:00\",\"description\":\"JEUX PARALYMPIQUES DE TOKYO 2020 \u2013 D\u00e9couvrez le calendrier des \u00e9preuves de tennis fauteuil aux Jeux Paralympiques de Tokyo.\",\"breadcrumb\":{\"@id\":\"https:\/\/dicodusport.fr\/blog\/tennis-fauteuil-jeux-paralympiques-de-tokyo-calendrier-et-resultats\/#breadcrumb\"},\"inLanguage\":\"fr-FR\",\"potentialAction\":[{\"@type\":\"ReadAction\",\"target\":[\"https:\/\/dicodusport.fr\/blog\/tennis-fauteuil-jeux-paralympiques-de-tokyo-calendrier-et-resultats\/\"]}]},{\"@type\":\"ImageObject\",\"inLanguage\":\"fr-FR\",\"@id\":\"https:\/\/dicodusport.fr\/blog\/tennis-fauteuil-jeux-paralympiques-de-tokyo-calendrier-et-resultats\/#primaryimage\",\"url\":\"https:\/\/dicodusport.fr\/blog\/wp-content\/uploads\/2021\/08\/Tennis-fauteuil-Jeux-Paralympiques-de-Tokyo-calendrier-et-resultats.png\",\"contentUrl\":\"https:\/\/dicodusport.fr\/blog\/wp-content\/uploads\/2021\/08\/Tennis-fauteuil-Jeux-Paralympiques-de-Tokyo-calendrier-et-resultats.png\",\"width\":1200,\"height\":670,\"caption\":\"Tennis fauteuil - Jeux Paralympiques de Tokyo calendrier et r\u00e9sultats\"},{\"@type\":\"BreadcrumbList\",\"@id\":\"https:\/\/dicodusport.fr\/blog\/tennis-fauteuil-jeux-paralympiques-de-tokyo-calendrier-et-resultats\/#breadcrumb\",\"itemListElement\":[{\"@type\":\"ListItem\",\"position\":1,\"name\":\"Accueil\",\"item\":\"https:\/\/dicodusport.fr\/blog\/\"},{\"@type\":\"ListItem\",\"position\":2,\"name\":\"Tennis fauteuil &#8211; Jeux Paralympiques de Tokyo : calendrier et r\u00e9sultats\"}]},{\"@type\":\"WebSite\",\"@id\":\"https:\/\/dicodusport.fr\/blog\/#website\",\"url\":\"https:\/\/dicodusport.fr\/blog\/\",\"name\":\"Dicodusport\",\"description\":\"L&#039;encyclop\u00e9die de l&#039;actualit\u00e9 sportive\",\"publisher\":{\"@id\":\"https:\/\/dicodusport.fr\/blog\/#organization\"},\"potentialAction\":[{\"@type\":\"SearchAction\",\"target\":{\"@type\":\"EntryPoint\",\"urlTemplate\":\"https:\/\/dicodusport.fr\/blog\/?s={search_term_string}\"},\"query-input\":{\"@type\":\"PropertyValueSpecification\",\"valueRequired\":true,\"valueName\":\"search_term_string\"}}],\"inLanguage\":\"fr-FR\"},{\"@type\":\"NewsMediaOrganization\",\"@id\":\"https:\/\/dicodusport.fr\/blog\/#organization\",\"name\":\"Dicodusport\",\"url\":\"https:\/\/dicodusport.fr\/blog\/\",\"logo\":{\"@type\":\"ImageObject\",\"inLanguage\":\"fr-FR\",\"@id\":\"https:\/\/dicodusport.fr\/blog\/#\/schema\/logo\/image\/\",\"url\":\"https:\/\/dicodusport.fr\/blog\/wp-content\/uploads\/2020\/06\/cropped-LOGO-DICODUSPORT-2020-SANS-FOND-SANS-TEXTE.png\",\"contentUrl\":\"https:\/\/dicodusport.fr\/blog\/wp-content\/uploads\/2020\/06\/cropped-LOGO-DICODUSPORT-2020-SANS-FOND-SANS-TEXTE.png\",\"width\":512,\"height\":512,\"caption\":\"Dicodusport\"},\"image\":{\"@id\":\"https:\/\/dicodusport.fr\/blog\/#\/schema\/logo\/image\/\"},\"sameAs\":[\"https:\/\/www.facebook.com\/dicodusport\",\"https:\/\/x.com\/dicodusport\",\"https:\/\/www.instagram.com\/dicodusport\/\",\"https:\/\/www.youtube.com\/channel\/UC7V2KZ5sd3htJivAbA4ZG3w\"],\"description\":\"Dicodusport est l'encyclop\u00e9die de l'actualit\u00e9 sportive.\",\"email\":\"bonjour@dicodusport.fr\",\"legalName\":\"DICODUSPORT\",\"foundingDate\":\"2018-01-14\",\"vatID\":\"FR71834470973\",\"taxID\":\"83447097300043\",\"numberOfEmployees\":{\"@type\":\"QuantitativeValue\",\"minValue\":\"1\",\"maxValue\":\"10\"}},{\"@type\":\"Person\",\"@id\":\"https:\/\/dicodusport.fr\/blog\/#\/schema\/person\/416c975648aca9da8839bdfe333a21c9\",\"name\":\"Sophie Clapier\",\"image\":{\"@type\":\"ImageObject\",\"inLanguage\":\"fr-FR\",\"@id\":\"https:\/\/dicodusport.fr\/blog\/#\/schema\/person\/image\/\",\"url\":\"https:\/\/dicodusport.fr\/blog\/wp-content\/uploads\/2021\/05\/Sophie-Clapier-150x150.jpg\",\"contentUrl\":\"https:\/\/dicodusport.fr\/blog\/wp-content\/uploads\/2021\/05\/Sophie-Clapier-150x150.jpg\",\"caption\":\"Sophie Clapier\"},\"description\":\"Journaliste\/r\u00e9dactrice depuis janvier 2016 - Passionn\u00e9e de sport depuis toujours, j\u2019en ai pratiqu\u00e9 quelques-uns. Judo, football, handball ou encore tennis, je n\u2019ai jamais pu me mettre d\u2019accord sur un en particulier. Mais \u00e7a, c\u2019\u00e9tait avant de d\u00e9couvrir le basket, devenu mon sport de pr\u00e9dilection. Les actions NBA, le All-Star Week-end, la fureur des Game 7 pendant les playoffs ou mieux, lors des Finals, this is why we play. Team Spurs T.P, je m\u2019accroche encore \u00e0 Gregg Popovich (don\u2019t leave !). Team chef Curry, je souhaite qu\u2019il finisse aux Warriors (staaaay !). Non, il n\u2019y a pas qu\u2019eux, des petits nouveaux -et des petites nouvelles \u00e9videmment- arrivent chaque jour dans toutes les disciplines et cr\u00e9ent de nouveaux exploits. Alors pour les grands \u00e9v\u00e9nements et comp\u00e9titions internationales, vive les pulsations 240\/minutes et le d\u00e9fibrillateur pas loin, et allez les Bleu(e)s ! C\u2019est s\u00fbr, j\u2019aurai plus vu ma vie sur un terrain de sport, mais \u00e0 d\u00e9faut d\u2019en faire en haut niveau, je le partage avec vous.\",\"sameAs\":[\"https:\/\/www.facebook.com\/soocube\",\"https:\/\/x.com\/https:\/\/twitter.com\/soocube\",\"admin\"],\"url\":\"https:\/\/dicodusport.fr\/blog\/author\/sophie\/\"}]}<\/script>\n<!-- \/ Yoast SEO Premium plugin. -->","yoast_head_json":{"title":"Tennis fauteuil - Jeux Paralympiques de Tokyo : calendrier et r\u00e9sultats","description":"JEUX PARALYMPIQUES DE TOKYO 2020 \u2013 D\u00e9couvrez le calendrier des \u00e9preuves de tennis fauteuil aux Jeux Paralympiques de Tokyo.","robots":{"index":"index","follow":"follow","max-snippet":"max-snippet:-1","max-image-preview":"max-image-preview:large","max-video-preview":"max-video-preview:-1"},"canonical":"https:\/\/dicodusport.fr\/blog\/tennis-fauteuil-jeux-paralympiques-de-tokyo-calendrier-et-resultats\/","og_locale":"fr_FR","og_type":"article","og_title":"Tennis fauteuil - Jeux Paralympiques de Tokyo : calendrier et r\u00e9sultats","og_description":"JEUX PARALYMPIQUES DE TOKYO 2020 \u2013 D\u00e9couvrez le calendrier des \u00e9preuves de tennis fauteuil aux Jeux Paralympiques de Tokyo.","og_url":"https:\/\/dicodusport.fr\/blog\/tennis-fauteuil-jeux-paralympiques-de-tokyo-calendrier-et-resultats\/","og_site_name":"Dicodusport","article_publisher":"https:\/\/www.facebook.com\/dicodusport","article_author":"https:\/\/www.facebook.com\/soocube","article_published_time":"2021-08-26T19:05:26+00:00","article_modified_time":"2021-09-04T15:33:53+00:00","og_image":[{"width":1200,"height":670,"url":"https:\/\/dicodusport.fr\/blog\/wp-content\/uploads\/2021\/08\/Tennis-fauteuil-Jeux-Paralympiques-de-Tokyo-calendrier-et-resultats.png","type":"image\/png"}],"author":"Sophie Clapier","twitter_card":"summary_large_image","twitter_title":"Tennis fauteuil - Jeux Paralympiques de Tokyo : calendrier et r\u00e9sultats","twitter_creator":"@https:\/\/twitter.com\/soocube","twitter_site":"@dicodusport","schema":{"@context":"https:\/\/schema.org","@graph":[{"@type":"NewsArticle","@id":"https:\/\/dicodusport.fr\/blog\/tennis-fauteuil-jeux-paralympiques-de-tokyo-calendrier-et-resultats\/#article","isPartOf":{"@id":"https:\/\/dicodusport.fr\/blog\/tennis-fauteuil-jeux-paralympiques-de-tokyo-calendrier-et-resultats\/"},"author":{"name":"Sophie Clapier","@id":"https:\/\/dicodusport.fr\/blog\/#\/schema\/person\/416c975648aca9da8839bdfe333a21c9"},"headline":"Tennis fauteuil &#8211; Jeux Paralympiques de Tokyo : calendrier et r\u00e9sultats","datePublished":"2021-08-26T19:05:26+00:00","dateModified":"2021-09-04T15:33:53+00:00","mainEntityOfPage":{"@id":"https:\/\/dicodusport.fr\/blog\/tennis-fauteuil-jeux-paralympiques-de-tokyo-calendrier-et-resultats\/"},"wordCount":466,"commentCount":0,"publisher":{"@id":"https:\/\/dicodusport.fr\/blog\/#organization"},"image":{"@id":"https:\/\/dicodusport.fr\/blog\/tennis-fauteuil-jeux-paralympiques-de-tokyo-calendrier-et-resultats\/#primaryimage"},"thumbnailUrl":"https:\/\/dicodusport.fr\/blog\/wp-content\/uploads\/2021\/08\/Tennis-fauteuil-Jeux-Paralympiques-de-Tokyo-calendrier-et-resultats.png","keywords":["Jeux Paralympiques de Tokyo"],"articleSection":["Jeux Paralympiques de Tokyo 2020","Tennis"],"inLanguage":"fr-FR","potentialAction":[{"@type":"CommentAction","name":"Comment","target":["https:\/\/dicodusport.fr\/blog\/tennis-fauteuil-jeux-paralympiques-de-tokyo-calendrier-et-resultats\/#respond"]}],"copyrightYear":"2021","copyrightHolder":{"@id":"https:\/\/dicodusport.fr\/blog\/#organization"}},{"@type":"WebPage","@id":"https:\/\/dicodusport.fr\/blog\/tennis-fauteuil-jeux-paralympiques-de-tokyo-calendrier-et-resultats\/","url":"https:\/\/dicodusport.fr\/blog\/tennis-fauteuil-jeux-paralympiques-de-tokyo-calendrier-et-resultats\/","name":"Tennis fauteuil - Jeux Paralympiques de Tokyo : calendrier et r\u00e9sultats","isPartOf":{"@id":"https:\/\/dicodusport.fr\/blog\/#website"},"primaryImageOfPage":{"@id":"https:\/\/dicodusport.fr\/blog\/tennis-fauteuil-jeux-paralympiques-de-tokyo-calendrier-et-resultats\/#primaryimage"},"image":{"@id":"https:\/\/dicodusport.fr\/blog\/tennis-fauteuil-jeux-paralympiques-de-tokyo-calendrier-et-resultats\/#primaryimage"},"thumbnailUrl":"https:\/\/dicodusport.fr\/blog\/wp-content\/uploads\/2021\/08\/Tennis-fauteuil-Jeux-Paralympiques-de-Tokyo-calendrier-et-resultats.png","datePublished":"2021-08-26T19:05:26+00:00","dateModified":"2021-09-04T15:33:53+00:00","description":"JEUX PARALYMPIQUES DE TOKYO 2020 \u2013 D\u00e9couvrez le calendrier des \u00e9preuves de tennis fauteuil aux Jeux Paralympiques de Tokyo.","breadcrumb":{"@id":"https:\/\/dicodusport.fr\/blog\/tennis-fauteuil-jeux-paralympiques-de-tokyo-calendrier-et-resultats\/#breadcrumb"},"inLanguage":"fr-FR","potentialAction":[{"@type":"ReadAction","target":["https:\/\/dicodusport.fr\/blog\/tennis-fauteuil-jeux-paralympiques-de-tokyo-calendrier-et-resultats\/"]}]},{"@type":"ImageObject","inLanguage":"fr-FR","@id":"https:\/\/dicodusport.fr\/blog\/tennis-fauteuil-jeux-paralympiques-de-tokyo-calendrier-et-resultats\/#primaryimage","url":"https:\/\/dicodusport.fr\/blog\/wp-content\/uploads\/2021\/08\/Tennis-fauteuil-Jeux-Paralympiques-de-Tokyo-calendrier-et-resultats.png","contentUrl":"https:\/\/dicodusport.fr\/blog\/wp-content\/uploads\/2021\/08\/Tennis-fauteuil-Jeux-Paralympiques-de-Tokyo-calendrier-et-resultats.png","width":1200,"height":670,"caption":"Tennis fauteuil - Jeux Paralympiques de Tokyo calendrier et r\u00e9sultats"},{"@type":"BreadcrumbList","@id":"https:\/\/dicodusport.fr\/blog\/tennis-fauteuil-jeux-paralympiques-de-tokyo-calendrier-et-resultats\/#breadcrumb","itemListElement":[{"@type":"ListItem","position":1,"name":"Accueil","item":"https:\/\/dicodusport.fr\/blog\/"},{"@type":"ListItem","position":2,"name":"Tennis fauteuil &#8211; Jeux Paralympiques de Tokyo : calendrier et r\u00e9sultats"}]},{"@type":"WebSite","@id":"https:\/\/dicodusport.fr\/blog\/#website","url":"https:\/\/dicodusport.fr\/blog\/","name":"Dicodusport","description":"L&#039;encyclop\u00e9die de l&#039;actualit\u00e9 sportive","publisher":{"@id":"https:\/\/dicodusport.fr\/blog\/#organization"},"potentialAction":[{"@type":"SearchAction","target":{"@type":"EntryPoint","urlTemplate":"https:\/\/dicodusport.fr\/blog\/?s={search_term_string}"},"query-input":{"@type":"PropertyValueSpecification","valueRequired":true,"valueName":"search_term_string"}}],"inLanguage":"fr-FR"},{"@type":"NewsMediaOrganization","@id":"https:\/\/dicodusport.fr\/blog\/#organization","name":"Dicodusport","url":"https:\/\/dicodusport.fr\/blog\/","logo":{"@type":"ImageObject","inLanguage":"fr-FR","@id":"https:\/\/dicodusport.fr\/blog\/#\/schema\/logo\/image\/","url":"https:\/\/dicodusport.fr\/blog\/wp-content\/uploads\/2020\/06\/cropped-LOGO-DICODUSPORT-2020-SANS-FOND-SANS-TEXTE.png","contentUrl":"https:\/\/dicodusport.fr\/blog\/wp-content\/uploads\/2020\/06\/cropped-LOGO-DICODUSPORT-2020-SANS-FOND-SANS-TEXTE.png","width":512,"height":512,"caption":"Dicodusport"},"image":{"@id":"https:\/\/dicodusport.fr\/blog\/#\/schema\/logo\/image\/"},"sameAs":["https:\/\/www.facebook.com\/dicodusport","https:\/\/x.com\/dicodusport","https:\/\/www.instagram.com\/dicodusport\/","https:\/\/www.youtube.com\/channel\/UC7V2KZ5sd3htJivAbA4ZG3w"],"description":"Dicodusport est l'encyclop\u00e9die de l'actualit\u00e9 sportive.","email":"bonjour@dicodusport.fr","legalName":"DICODUSPORT","foundingDate":"2018-01-14","vatID":"FR71834470973","taxID":"83447097300043","numberOfEmployees":{"@type":"QuantitativeValue","minValue":"1","maxValue":"10"}},{"@type":"Person","@id":"https:\/\/dicodusport.fr\/blog\/#\/schema\/person\/416c975648aca9da8839bdfe333a21c9","name":"Sophie Clapier","image":{"@type":"ImageObject","inLanguage":"fr-FR","@id":"https:\/\/dicodusport.fr\/blog\/#\/schema\/person\/image\/","url":"https:\/\/dicodusport.fr\/blog\/wp-content\/uploads\/2021\/05\/Sophie-Clapier-150x150.jpg","contentUrl":"https:\/\/dicodusport.fr\/blog\/wp-content\/uploads\/2021\/05\/Sophie-Clapier-150x150.jpg","caption":"Sophie Clapier"},"description":"Journaliste\/r\u00e9dactrice depuis janvier 2016 - Passionn\u00e9e de sport depuis toujours, j\u2019en ai pratiqu\u00e9 quelques-uns. Judo, football, handball ou encore tennis, je n\u2019ai jamais pu me mettre d\u2019accord sur un en particulier. Mais \u00e7a, c\u2019\u00e9tait avant de d\u00e9couvrir le basket, devenu mon sport de pr\u00e9dilection. Les actions NBA, le All-Star Week-end, la fureur des Game 7 pendant les playoffs ou mieux, lors des Finals, this is why we play. Team Spurs T.P, je m\u2019accroche encore \u00e0 Gregg Popovich (don\u2019t leave !). Team chef Curry, je souhaite qu\u2019il finisse aux Warriors (staaaay !). Non, il n\u2019y a pas qu\u2019eux, des petits nouveaux -et des petites nouvelles \u00e9videmment- arrivent chaque jour dans toutes les disciplines et cr\u00e9ent de nouveaux exploits. Alors pour les grands \u00e9v\u00e9nements et comp\u00e9titions internationales, vive les pulsations 240\/minutes et le d\u00e9fibrillateur pas loin, et allez les Bleu(e)s ! C\u2019est s\u00fbr, j\u2019aurai plus vu ma vie sur un terrain de sport, mais \u00e0 d\u00e9faut d\u2019en faire en haut niveau, je le partage avec vous.","sameAs":["https:\/\/www.facebook.com\/soocube","https:\/\/x.com\/https:\/\/twitter.com\/soocube","admin"],"url":"https:\/\/dicodusport.fr\/blog\/author\/sophie\/"}]}},"_links":{"self":[{"href":"https:\/\/dicodusport.fr\/blog\/wp-json\/wp\/v2\/posts\/161146","targetHints":{"allow":["GET"]}}],"collection":[{"href":"https:\/\/dicodusport.fr\/blog\/wp-json\/wp\/v2\/posts"}],"about":[{"href":"https:\/\/dicodusport.fr\/blog\/wp-json\/wp\/v2\/types\/post"}],"author":[{"embeddable":true,"href":"https:\/\/dicodusport.fr\/blog\/wp-json\/wp\/v2\/users\/18"}],"replies":[{"embeddable":true,"href":"https:\/\/dicodusport.fr\/blog\/wp-json\/wp\/v2\/comments?post=161146"}],"version-history":[{"count":0,"href":"https:\/\/dicodusport.fr\/blog\/wp-json\/wp\/v2\/posts\/161146\/revisions"}],"wp:featuredmedia":[{"embeddable":true,"href":"https:\/\/dicodusport.fr\/blog\/wp-json\/wp\/v2\/media\/161439"}],"wp:attachment":[{"href":"https:\/\/dicodusport.fr\/blog\/wp-json\/wp\/v2\/media?parent=161146"}],"wp:term":[{"taxonomy":"category","embeddable":true,"href":"https:\/\/dicodusport.fr\/blog\/wp-json\/wp\/v2\/categories?post=161146"},{"taxonomy":"post_tag","embeddable":true,"href":"https:\/\/dicodusport.fr\/blog\/wp-json\/wp\/v2\/tags?post=161146"}],"curies":[{"name":"wp","href":"https:\/\/api.w.org\/{rel}","templated":true}]}}