{"id":161236,"date":"2021-08-26T14:38:23","date_gmt":"2021-08-26T12:38:23","guid":{"rendered":"https:\/\/dicodusport.fr\/blog\/?p=161236&#038;preview=true&#038;preview_id=161236"},"modified":"2021-08-26T18:50:33","modified_gmt":"2021-08-26T16:50:33","slug":"vtt-cross-country-adrien-boichis-champion-du-monde-chez-juniors","status":"publish","type":"post","link":"https:\/\/dicodusport.fr\/blog\/vtt-cross-country-adrien-boichis-champion-du-monde-chez-juniors\/","title":{"rendered":"VTT Cross-country : Adrien Boichis champion du monde chez les juniors"},"content":{"rendered":"<p style=\"text-align: justify;\"><em><a style=\"font-weight: bold;\" href=\"https:\/\/dicodusport.fr\/blog\/championnats-du-monde-vtt-2021-programme-complet\/\">VTT &#8211; CHAMPIONNATS DU MONDE 2021<\/a><b> &#8211; Num\u00e9ro un mondial, le Fran\u00e7ais Adrien Boichis est devenu ce jeudi champion du monde juniors de cross-country, \u00e0 Val di Sole (Italie). Le Fran\u00e7ais a fait la course en t\u00eate, du premier au quatri\u00e8me et dernier tour. L&rsquo;\u00e9quipe de France a rafl\u00e9 trois titres en autant de courses disput\u00e9es sur ces Mondiaux 2021.<\/b><\/em><\/p>\n<p style=\"text-align: justify;\">Mais qu&rsquo;elle est belle cette \u00e9quipe de France de VTT ! Apr\u00e8s les titres sur le relais mixte mercredi et de <strong>Line Burquier<\/strong> en juniors dames plus t\u00f4t dans la journ\u00e9e, c&rsquo;est au tour d&rsquo;<strong>Adrien Boichis<\/strong> de d\u00e9crocher la m\u00e9daille d&rsquo;or \u00e0 Val di Sole. Num\u00e9ro un mondial malgr\u00e9 une saison 2021 d\u00e9licate jusque-l\u00e0 (6\u00e8me et 20\u00e8me des Coupes du monde d&rsquo;Albstadt et Nove Mesto, 36\u00e8me des championnats d&rsquo;Europe), le natif d&rsquo;Aix-en-Provence a \u00e9t\u00e9 imp\u00e9rial tout au long des quatre tours de course. Dans le paquet sur le start loop, il a ensuite fait l&rsquo;effort d\u00e8s la premi\u00e8re boucle pour ne plus jamais \u00eatre revu. Au final, apr\u00e8s 1h d&rsquo;effort (59:59), il devance sur la ligne le Colombien <strong>Camilo Andres Gomez<\/strong> (+1.13) et le Suisse <strong>Nils Aebersold<\/strong> (+1.21).<\/p>\n<blockquote class=\"twitter-tweet\">\n<p dir=\"ltr\" lang=\"en\">Can\u2019t stop, won\u2019t stop smiling &#x1f603;<\/p>\n<p>Adrien Boichis certainly knows how to ride and he knows how to celebrate too! Congrats &#x1f64c;&#x1f3fc;<a href=\"https:\/\/twitter.com\/hashtag\/ValdiSole2021?src=hash&amp;ref_src=twsrc%5Etfw\">#ValdiSole2021<\/a> <a href=\"https:\/\/t.co\/nwHZz2XVST\">pic.twitter.com\/nwHZz2XVST<\/a><\/p>\n<p>\u2014 UCI MTB (@UCI_MTB) <a href=\"https:\/\/twitter.com\/UCI_MTB\/status\/1430872499940741123?ref_src=twsrc%5Etfw\">August 26, 2021<\/a><\/p><\/blockquote>\n<p><script async src=\"https:\/\/platform.twitter.com\/widgets.js\" charset=\"utf-8\"><\/script><\/p>\n<h2 style=\"text-align: justify;\"><strong>\u00c0 lire aussi\u00a0<\/strong><\/h2>\n<ul>\n<li style=\"text-align: justify;\"><strong><a href=\"https:\/\/dicodusport.fr\/blog\/championnats-du-monde-de-vtt-2021-le-classement-du-cross-country-juniors-hommes\/\">Le classement de la course juniors hommes<\/a>\u00a0<\/strong><\/li>\n<li style=\"text-align: justify;\"><a href=\"https:\/\/dicodusport.fr\/blog\/championnats-du-monde-de-vtt-2021-le-tableau-des-medailles\/\"><strong>Le tableau des m\u00e9dailles<\/strong><\/a><\/li>\n<\/ul>\n","protected":false},"excerpt":{"rendered":"<p>VTT &#8211; CHAMPIONNATS DU MONDE 2021 &#8211; Num\u00e9ro un mondial, le Fran\u00e7ais Adrien Boichis est devenu ce jeudi champion du monde juniors de cross-country, \u00e0 Val di Sole (Italie). Le Fran\u00e7ais a fait la course en t\u00eate, du premier au quatri\u00e8me et dernier tour. L&rsquo;\u00e9quipe de France a rafl\u00e9 trois titres en autant de courses disput\u00e9es sur ces Mondiaux 2021.<\/p>\n","protected":false},"author":4,"featured_media":161253,"comment_status":"open","ping_status":"closed","sticky":false,"template":"","format":"standard","meta":{"_acf_changed":false,"_daextam_enable_autolinks":"","footnotes":""},"categories":[10279],"tags":[],"class_list":["post-161236","post","type-post","status-publish","format-standard","has-post-thumbnail","hentry","category-vtt"],"acf":[],"yoast_head":"<!-- This site is optimized with the Yoast SEO Premium plugin v26.7 (Yoast SEO v26.7) - https:\/\/yoast.com\/wordpress\/plugins\/seo\/ -->\n<title>VTT Cross-country : Adrien Boichis champion du monde chez les juniors<\/title>\n<meta name=\"description\" content=\"VTT - CHAMPIONNATS DU MONDE 2021 - Num\u00e9ro un mondial, le Fran\u00e7ais Adrien Boichis est devenu ce jeudi champion du monde juniors de cross-country, \u00e0 Val di Sole.\" \/>\n<meta name=\"robots\" content=\"index, follow, max-snippet:-1, max-image-preview:large, max-video-preview:-1\" \/>\n<link rel=\"canonical\" href=\"https:\/\/dicodusport.fr\/blog\/vtt-cross-country-adrien-boichis-champion-du-monde-chez-juniors\/\" \/>\n<meta property=\"og:locale\" content=\"fr_FR\" \/>\n<meta property=\"og:type\" content=\"article\" \/>\n<meta property=\"og:title\" content=\"VTT Cross-country : Adrien Boichis champion du monde chez les juniors\" \/>\n<meta property=\"og:description\" content=\"VTT - CHAMPIONNATS DU MONDE 2021 - Num\u00e9ro un mondial, le Fran\u00e7ais Adrien Boichis est devenu ce jeudi champion du monde juniors de cross-country, \u00e0 Val di Sole.\" \/>\n<meta property=\"og:url\" content=\"https:\/\/dicodusport.fr\/blog\/vtt-cross-country-adrien-boichis-champion-du-monde-chez-juniors\/\" \/>\n<meta property=\"og:site_name\" content=\"Dicodusport\" \/>\n<meta property=\"article:publisher\" content=\"https:\/\/www.facebook.com\/dicodusport\" \/>\n<meta property=\"article:author\" content=\"https:\/\/www.facebook.com\/florent.ostermann\" \/>\n<meta property=\"article:published_time\" content=\"2021-08-26T12:38:23+00:00\" \/>\n<meta property=\"article:modified_time\" content=\"2021-08-26T16:50:33+00:00\" \/>\n<meta property=\"og:image\" content=\"https:\/\/dicodusport.fr\/blog\/wp-content\/uploads\/2021\/08\/VTT-Cross-country-Adrien-Boichis-champion-du-monde-chez-les-juniors.png\" \/>\n\t<meta property=\"og:image:width\" content=\"800\" \/>\n\t<meta property=\"og:image:height\" content=\"445\" \/>\n\t<meta property=\"og:image:type\" content=\"image\/png\" \/>\n<meta name=\"author\" content=\"Flo Ostermann\" \/>\n<meta name=\"twitter:card\" content=\"summary_large_image\" \/>\n<meta name=\"twitter:title\" content=\"VTT Cross-country : Adrien Boichis champion du monde chez les juniors\" \/>\n<meta name=\"twitter:creator\" content=\"@https:\/\/twitter.com\/FlOstermann\" \/>\n<meta name=\"twitter:site\" content=\"@dicodusport\" \/>\n<script type=\"application\/ld+json\" class=\"yoast-schema-graph\">{\"@context\":\"https:\/\/schema.org\",\"@graph\":[{\"@type\":\"NewsArticle\",\"@id\":\"https:\/\/dicodusport.fr\/blog\/vtt-cross-country-adrien-boichis-champion-du-monde-chez-juniors\/#article\",\"isPartOf\":{\"@id\":\"https:\/\/dicodusport.fr\/blog\/vtt-cross-country-adrien-boichis-champion-du-monde-chez-juniors\/\"},\"author\":{\"name\":\"Flo Ostermann\",\"@id\":\"https:\/\/dicodusport.fr\/blog\/#\/schema\/person\/cb02af4c173ce4a653b55e9baf388d4a\"},\"headline\":\"VTT Cross-country : Adrien Boichis champion du monde chez les juniors\",\"datePublished\":\"2021-08-26T12:38:23+00:00\",\"dateModified\":\"2021-08-26T16:50:33+00:00\",\"mainEntityOfPage\":{\"@id\":\"https:\/\/dicodusport.fr\/blog\/vtt-cross-country-adrien-boichis-champion-du-monde-chez-juniors\/\"},\"wordCount\":271,\"commentCount\":0,\"publisher\":{\"@id\":\"https:\/\/dicodusport.fr\/blog\/#organization\"},\"image\":{\"@id\":\"https:\/\/dicodusport.fr\/blog\/vtt-cross-country-adrien-boichis-champion-du-monde-chez-juniors\/#primaryimage\"},\"thumbnailUrl\":\"https:\/\/dicodusport.fr\/blog\/wp-content\/uploads\/2021\/08\/VTT-Cross-country-Adrien-Boichis-champion-du-monde-chez-les-juniors.png\",\"articleSection\":[\"VTT\"],\"inLanguage\":\"fr-FR\",\"potentialAction\":[{\"@type\":\"CommentAction\",\"name\":\"Comment\",\"target\":[\"https:\/\/dicodusport.fr\/blog\/vtt-cross-country-adrien-boichis-champion-du-monde-chez-juniors\/#respond\"]}],\"copyrightYear\":\"2021\",\"copyrightHolder\":{\"@id\":\"https:\/\/dicodusport.fr\/blog\/#organization\"}},{\"@type\":\"WebPage\",\"@id\":\"https:\/\/dicodusport.fr\/blog\/vtt-cross-country-adrien-boichis-champion-du-monde-chez-juniors\/\",\"url\":\"https:\/\/dicodusport.fr\/blog\/vtt-cross-country-adrien-boichis-champion-du-monde-chez-juniors\/\",\"name\":\"VTT Cross-country : Adrien Boichis champion du monde chez les juniors\",\"isPartOf\":{\"@id\":\"https:\/\/dicodusport.fr\/blog\/#website\"},\"primaryImageOfPage\":{\"@id\":\"https:\/\/dicodusport.fr\/blog\/vtt-cross-country-adrien-boichis-champion-du-monde-chez-juniors\/#primaryimage\"},\"image\":{\"@id\":\"https:\/\/dicodusport.fr\/blog\/vtt-cross-country-adrien-boichis-champion-du-monde-chez-juniors\/#primaryimage\"},\"thumbnailUrl\":\"https:\/\/dicodusport.fr\/blog\/wp-content\/uploads\/2021\/08\/VTT-Cross-country-Adrien-Boichis-champion-du-monde-chez-les-juniors.png\",\"datePublished\":\"2021-08-26T12:38:23+00:00\",\"dateModified\":\"2021-08-26T16:50:33+00:00\",\"description\":\"VTT - CHAMPIONNATS DU MONDE 2021 - Num\u00e9ro un mondial, le Fran\u00e7ais Adrien Boichis est devenu ce jeudi champion du monde juniors de cross-country, \u00e0 Val di Sole.\",\"breadcrumb\":{\"@id\":\"https:\/\/dicodusport.fr\/blog\/vtt-cross-country-adrien-boichis-champion-du-monde-chez-juniors\/#breadcrumb\"},\"inLanguage\":\"fr-FR\",\"potentialAction\":[{\"@type\":\"ReadAction\",\"target\":[\"https:\/\/dicodusport.fr\/blog\/vtt-cross-country-adrien-boichis-champion-du-monde-chez-juniors\/\"]}]},{\"@type\":\"ImageObject\",\"inLanguage\":\"fr-FR\",\"@id\":\"https:\/\/dicodusport.fr\/blog\/vtt-cross-country-adrien-boichis-champion-du-monde-chez-juniors\/#primaryimage\",\"url\":\"https:\/\/dicodusport.fr\/blog\/wp-content\/uploads\/2021\/08\/VTT-Cross-country-Adrien-Boichis-champion-du-monde-chez-les-juniors.png\",\"contentUrl\":\"https:\/\/dicodusport.fr\/blog\/wp-content\/uploads\/2021\/08\/VTT-Cross-country-Adrien-Boichis-champion-du-monde-chez-les-juniors.png\",\"width\":800,\"height\":445,\"caption\":\"VTT Cross-country Adrien Boichis champion du monde chez les juniors\"},{\"@type\":\"BreadcrumbList\",\"@id\":\"https:\/\/dicodusport.fr\/blog\/vtt-cross-country-adrien-boichis-champion-du-monde-chez-juniors\/#breadcrumb\",\"itemListElement\":[{\"@type\":\"ListItem\",\"position\":1,\"name\":\"Accueil\",\"item\":\"https:\/\/dicodusport.fr\/blog\/\"},{\"@type\":\"ListItem\",\"position\":2,\"name\":\"VTT Cross-country : Adrien Boichis champion du monde chez les juniors\"}]},{\"@type\":\"WebSite\",\"@id\":\"https:\/\/dicodusport.fr\/blog\/#website\",\"url\":\"https:\/\/dicodusport.fr\/blog\/\",\"name\":\"Dicodusport\",\"description\":\"L&#039;encyclop\u00e9die de l&#039;actualit\u00e9 sportive\",\"publisher\":{\"@id\":\"https:\/\/dicodusport.fr\/blog\/#organization\"},\"potentialAction\":[{\"@type\":\"SearchAction\",\"target\":{\"@type\":\"EntryPoint\",\"urlTemplate\":\"https:\/\/dicodusport.fr\/blog\/?s={search_term_string}\"},\"query-input\":{\"@type\":\"PropertyValueSpecification\",\"valueRequired\":true,\"valueName\":\"search_term_string\"}}],\"inLanguage\":\"fr-FR\"},{\"@type\":\"NewsMediaOrganization\",\"@id\":\"https:\/\/dicodusport.fr\/blog\/#organization\",\"name\":\"Dicodusport\",\"url\":\"https:\/\/dicodusport.fr\/blog\/\",\"logo\":{\"@type\":\"ImageObject\",\"inLanguage\":\"fr-FR\",\"@id\":\"https:\/\/dicodusport.fr\/blog\/#\/schema\/logo\/image\/\",\"url\":\"https:\/\/dicodusport.fr\/blog\/wp-content\/uploads\/2020\/06\/cropped-LOGO-DICODUSPORT-2020-SANS-FOND-SANS-TEXTE.png\",\"contentUrl\":\"https:\/\/dicodusport.fr\/blog\/wp-content\/uploads\/2020\/06\/cropped-LOGO-DICODUSPORT-2020-SANS-FOND-SANS-TEXTE.png\",\"width\":512,\"height\":512,\"caption\":\"Dicodusport\"},\"image\":{\"@id\":\"https:\/\/dicodusport.fr\/blog\/#\/schema\/logo\/image\/\"},\"sameAs\":[\"https:\/\/www.facebook.com\/dicodusport\",\"https:\/\/x.com\/dicodusport\",\"https:\/\/www.instagram.com\/dicodusport\/\",\"https:\/\/www.youtube.com\/channel\/UC7V2KZ5sd3htJivAbA4ZG3w\"],\"description\":\"Dicodusport est l'encyclop\u00e9die de l'actualit\u00e9 sportive.\",\"email\":\"bonjour@dicodusport.fr\",\"legalName\":\"DICODUSPORT\",\"foundingDate\":\"2018-01-14\",\"vatID\":\"FR71834470973\",\"taxID\":\"83447097300043\",\"numberOfEmployees\":{\"@type\":\"QuantitativeValue\",\"minValue\":\"1\",\"maxValue\":\"10\"}},{\"@type\":\"Person\",\"@id\":\"https:\/\/dicodusport.fr\/blog\/#\/schema\/person\/cb02af4c173ce4a653b55e9baf388d4a\",\"name\":\"Flo Ostermann\",\"image\":{\"@type\":\"ImageObject\",\"inLanguage\":\"fr-FR\",\"@id\":\"https:\/\/dicodusport.fr\/blog\/#\/schema\/person\/image\/\",\"url\":\"https:\/\/dicodusport.fr\/blog\/wp-content\/uploads\/2021\/05\/Flo-Ostermann-150x150.jpg\",\"contentUrl\":\"https:\/\/dicodusport.fr\/blog\/wp-content\/uploads\/2021\/05\/Flo-Ostermann-150x150.jpg\",\"caption\":\"Flo Ostermann\"},\"description\":\"Journaliste\/R\u00e9dacteur depuis septembre 2015 - Mes premiers souvenirs dans le sport ? Les envol\u00e9es du Stade Toulousain et les duels Villeneuve-Schumacher et H\u00e4kkinen-Schumacher \u00e0 la fin des ann\u00e9es 90, la Coupe du monde de football en 1998, l\u2019exploit du XV de France face aux All Blacks en 1999, mais aussi Richard C\u0153ur de Lion qui vole sur les montagnes du Tour de France. Bien parti pour devenir professeur d\u2019EPS, les \u00e9v\u00e9nements de la vie (et la flemme d\u2019animer des s\u00e9ances de 3x500 m\u00e8tres toute ma vie) m\u2019ont conduit \u00e0 revoir mes plans. Me voil\u00e0 depuis fin 2017 sur Dicodusport, m\u00e9dia gr\u00e2ce (et pour) lequel je partage ma passion : le sport dans tous ses \u00e9tats. Le tout accompagn\u00e9 par les fous furieux et folles furieuses cit\u00e9s sur cette page !\",\"sameAs\":[\"https:\/\/www.facebook.com\/florent.ostermann\",\"https:\/\/x.com\/https:\/\/twitter.com\/FlOstermann\",\"admin\"],\"url\":\"https:\/\/dicodusport.fr\/blog\/author\/flo\/\"}]}<\/script>\n<!-- \/ Yoast SEO Premium plugin. -->","yoast_head_json":{"title":"VTT Cross-country : Adrien Boichis champion du monde chez les juniors","description":"VTT - CHAMPIONNATS DU MONDE 2021 - Num\u00e9ro un mondial, le Fran\u00e7ais Adrien Boichis est devenu ce jeudi champion du monde juniors de cross-country, \u00e0 Val di Sole.","robots":{"index":"index","follow":"follow","max-snippet":"max-snippet:-1","max-image-preview":"max-image-preview:large","max-video-preview":"max-video-preview:-1"},"canonical":"https:\/\/dicodusport.fr\/blog\/vtt-cross-country-adrien-boichis-champion-du-monde-chez-juniors\/","og_locale":"fr_FR","og_type":"article","og_title":"VTT Cross-country : Adrien Boichis champion du monde chez les juniors","og_description":"VTT - CHAMPIONNATS DU MONDE 2021 - Num\u00e9ro un mondial, le Fran\u00e7ais Adrien Boichis est devenu ce jeudi champion du monde juniors de cross-country, \u00e0 Val di Sole.","og_url":"https:\/\/dicodusport.fr\/blog\/vtt-cross-country-adrien-boichis-champion-du-monde-chez-juniors\/","og_site_name":"Dicodusport","article_publisher":"https:\/\/www.facebook.com\/dicodusport","article_author":"https:\/\/www.facebook.com\/florent.ostermann","article_published_time":"2021-08-26T12:38:23+00:00","article_modified_time":"2021-08-26T16:50:33+00:00","og_image":[{"width":800,"height":445,"url":"https:\/\/dicodusport.fr\/blog\/wp-content\/uploads\/2021\/08\/VTT-Cross-country-Adrien-Boichis-champion-du-monde-chez-les-juniors.png","type":"image\/png"}],"author":"Flo Ostermann","twitter_card":"summary_large_image","twitter_title":"VTT Cross-country : Adrien Boichis champion du monde chez les juniors","twitter_creator":"@https:\/\/twitter.com\/FlOstermann","twitter_site":"@dicodusport","schema":{"@context":"https:\/\/schema.org","@graph":[{"@type":"NewsArticle","@id":"https:\/\/dicodusport.fr\/blog\/vtt-cross-country-adrien-boichis-champion-du-monde-chez-juniors\/#article","isPartOf":{"@id":"https:\/\/dicodusport.fr\/blog\/vtt-cross-country-adrien-boichis-champion-du-monde-chez-juniors\/"},"author":{"name":"Flo Ostermann","@id":"https:\/\/dicodusport.fr\/blog\/#\/schema\/person\/cb02af4c173ce4a653b55e9baf388d4a"},"headline":"VTT Cross-country : Adrien Boichis champion du monde chez les juniors","datePublished":"2021-08-26T12:38:23+00:00","dateModified":"2021-08-26T16:50:33+00:00","mainEntityOfPage":{"@id":"https:\/\/dicodusport.fr\/blog\/vtt-cross-country-adrien-boichis-champion-du-monde-chez-juniors\/"},"wordCount":271,"commentCount":0,"publisher":{"@id":"https:\/\/dicodusport.fr\/blog\/#organization"},"image":{"@id":"https:\/\/dicodusport.fr\/blog\/vtt-cross-country-adrien-boichis-champion-du-monde-chez-juniors\/#primaryimage"},"thumbnailUrl":"https:\/\/dicodusport.fr\/blog\/wp-content\/uploads\/2021\/08\/VTT-Cross-country-Adrien-Boichis-champion-du-monde-chez-les-juniors.png","articleSection":["VTT"],"inLanguage":"fr-FR","potentialAction":[{"@type":"CommentAction","name":"Comment","target":["https:\/\/dicodusport.fr\/blog\/vtt-cross-country-adrien-boichis-champion-du-monde-chez-juniors\/#respond"]}],"copyrightYear":"2021","copyrightHolder":{"@id":"https:\/\/dicodusport.fr\/blog\/#organization"}},{"@type":"WebPage","@id":"https:\/\/dicodusport.fr\/blog\/vtt-cross-country-adrien-boichis-champion-du-monde-chez-juniors\/","url":"https:\/\/dicodusport.fr\/blog\/vtt-cross-country-adrien-boichis-champion-du-monde-chez-juniors\/","name":"VTT Cross-country : Adrien Boichis champion du monde chez les juniors","isPartOf":{"@id":"https:\/\/dicodusport.fr\/blog\/#website"},"primaryImageOfPage":{"@id":"https:\/\/dicodusport.fr\/blog\/vtt-cross-country-adrien-boichis-champion-du-monde-chez-juniors\/#primaryimage"},"image":{"@id":"https:\/\/dicodusport.fr\/blog\/vtt-cross-country-adrien-boichis-champion-du-monde-chez-juniors\/#primaryimage"},"thumbnailUrl":"https:\/\/dicodusport.fr\/blog\/wp-content\/uploads\/2021\/08\/VTT-Cross-country-Adrien-Boichis-champion-du-monde-chez-les-juniors.png","datePublished":"2021-08-26T12:38:23+00:00","dateModified":"2021-08-26T16:50:33+00:00","description":"VTT - CHAMPIONNATS DU MONDE 2021 - Num\u00e9ro un mondial, le Fran\u00e7ais Adrien Boichis est devenu ce jeudi champion du monde juniors de cross-country, \u00e0 Val di Sole.","breadcrumb":{"@id":"https:\/\/dicodusport.fr\/blog\/vtt-cross-country-adrien-boichis-champion-du-monde-chez-juniors\/#breadcrumb"},"inLanguage":"fr-FR","potentialAction":[{"@type":"ReadAction","target":["https:\/\/dicodusport.fr\/blog\/vtt-cross-country-adrien-boichis-champion-du-monde-chez-juniors\/"]}]},{"@type":"ImageObject","inLanguage":"fr-FR","@id":"https:\/\/dicodusport.fr\/blog\/vtt-cross-country-adrien-boichis-champion-du-monde-chez-juniors\/#primaryimage","url":"https:\/\/dicodusport.fr\/blog\/wp-content\/uploads\/2021\/08\/VTT-Cross-country-Adrien-Boichis-champion-du-monde-chez-les-juniors.png","contentUrl":"https:\/\/dicodusport.fr\/blog\/wp-content\/uploads\/2021\/08\/VTT-Cross-country-Adrien-Boichis-champion-du-monde-chez-les-juniors.png","width":800,"height":445,"caption":"VTT Cross-country Adrien Boichis champion du monde chez les juniors"},{"@type":"BreadcrumbList","@id":"https:\/\/dicodusport.fr\/blog\/vtt-cross-country-adrien-boichis-champion-du-monde-chez-juniors\/#breadcrumb","itemListElement":[{"@type":"ListItem","position":1,"name":"Accueil","item":"https:\/\/dicodusport.fr\/blog\/"},{"@type":"ListItem","position":2,"name":"VTT Cross-country : Adrien Boichis champion du monde chez les juniors"}]},{"@type":"WebSite","@id":"https:\/\/dicodusport.fr\/blog\/#website","url":"https:\/\/dicodusport.fr\/blog\/","name":"Dicodusport","description":"L&#039;encyclop\u00e9die de l&#039;actualit\u00e9 sportive","publisher":{"@id":"https:\/\/dicodusport.fr\/blog\/#organization"},"potentialAction":[{"@type":"SearchAction","target":{"@type":"EntryPoint","urlTemplate":"https:\/\/dicodusport.fr\/blog\/?s={search_term_string}"},"query-input":{"@type":"PropertyValueSpecification","valueRequired":true,"valueName":"search_term_string"}}],"inLanguage":"fr-FR"},{"@type":"NewsMediaOrganization","@id":"https:\/\/dicodusport.fr\/blog\/#organization","name":"Dicodusport","url":"https:\/\/dicodusport.fr\/blog\/","logo":{"@type":"ImageObject","inLanguage":"fr-FR","@id":"https:\/\/dicodusport.fr\/blog\/#\/schema\/logo\/image\/","url":"https:\/\/dicodusport.fr\/blog\/wp-content\/uploads\/2020\/06\/cropped-LOGO-DICODUSPORT-2020-SANS-FOND-SANS-TEXTE.png","contentUrl":"https:\/\/dicodusport.fr\/blog\/wp-content\/uploads\/2020\/06\/cropped-LOGO-DICODUSPORT-2020-SANS-FOND-SANS-TEXTE.png","width":512,"height":512,"caption":"Dicodusport"},"image":{"@id":"https:\/\/dicodusport.fr\/blog\/#\/schema\/logo\/image\/"},"sameAs":["https:\/\/www.facebook.com\/dicodusport","https:\/\/x.com\/dicodusport","https:\/\/www.instagram.com\/dicodusport\/","https:\/\/www.youtube.com\/channel\/UC7V2KZ5sd3htJivAbA4ZG3w"],"description":"Dicodusport est l'encyclop\u00e9die de l'actualit\u00e9 sportive.","email":"bonjour@dicodusport.fr","legalName":"DICODUSPORT","foundingDate":"2018-01-14","vatID":"FR71834470973","taxID":"83447097300043","numberOfEmployees":{"@type":"QuantitativeValue","minValue":"1","maxValue":"10"}},{"@type":"Person","@id":"https:\/\/dicodusport.fr\/blog\/#\/schema\/person\/cb02af4c173ce4a653b55e9baf388d4a","name":"Flo Ostermann","image":{"@type":"ImageObject","inLanguage":"fr-FR","@id":"https:\/\/dicodusport.fr\/blog\/#\/schema\/person\/image\/","url":"https:\/\/dicodusport.fr\/blog\/wp-content\/uploads\/2021\/05\/Flo-Ostermann-150x150.jpg","contentUrl":"https:\/\/dicodusport.fr\/blog\/wp-content\/uploads\/2021\/05\/Flo-Ostermann-150x150.jpg","caption":"Flo Ostermann"},"description":"Journaliste\/R\u00e9dacteur depuis septembre 2015 - Mes premiers souvenirs dans le sport ? Les envol\u00e9es du Stade Toulousain et les duels Villeneuve-Schumacher et H\u00e4kkinen-Schumacher \u00e0 la fin des ann\u00e9es 90, la Coupe du monde de football en 1998, l\u2019exploit du XV de France face aux All Blacks en 1999, mais aussi Richard C\u0153ur de Lion qui vole sur les montagnes du Tour de France. Bien parti pour devenir professeur d\u2019EPS, les \u00e9v\u00e9nements de la vie (et la flemme d\u2019animer des s\u00e9ances de 3x500 m\u00e8tres toute ma vie) m\u2019ont conduit \u00e0 revoir mes plans. Me voil\u00e0 depuis fin 2017 sur Dicodusport, m\u00e9dia gr\u00e2ce (et pour) lequel je partage ma passion : le sport dans tous ses \u00e9tats. Le tout accompagn\u00e9 par les fous furieux et folles furieuses cit\u00e9s sur cette page !","sameAs":["https:\/\/www.facebook.com\/florent.ostermann","https:\/\/x.com\/https:\/\/twitter.com\/FlOstermann","admin"],"url":"https:\/\/dicodusport.fr\/blog\/author\/flo\/"}]}},"_links":{"self":[{"href":"https:\/\/dicodusport.fr\/blog\/wp-json\/wp\/v2\/posts\/161236","targetHints":{"allow":["GET"]}}],"collection":[{"href":"https:\/\/dicodusport.fr\/blog\/wp-json\/wp\/v2\/posts"}],"about":[{"href":"https:\/\/dicodusport.fr\/blog\/wp-json\/wp\/v2\/types\/post"}],"author":[{"embeddable":true,"href":"https:\/\/dicodusport.fr\/blog\/wp-json\/wp\/v2\/users\/4"}],"replies":[{"embeddable":true,"href":"https:\/\/dicodusport.fr\/blog\/wp-json\/wp\/v2\/comments?post=161236"}],"version-history":[{"count":0,"href":"https:\/\/dicodusport.fr\/blog\/wp-json\/wp\/v2\/posts\/161236\/revisions"}],"wp:featuredmedia":[{"embeddable":true,"href":"https:\/\/dicodusport.fr\/blog\/wp-json\/wp\/v2\/media\/161253"}],"wp:attachment":[{"href":"https:\/\/dicodusport.fr\/blog\/wp-json\/wp\/v2\/media?parent=161236"}],"wp:term":[{"taxonomy":"category","embeddable":true,"href":"https:\/\/dicodusport.fr\/blog\/wp-json\/wp\/v2\/categories?post=161236"},{"taxonomy":"post_tag","embeddable":true,"href":"https:\/\/dicodusport.fr\/blog\/wp-json\/wp\/v2\/tags?post=161236"}],"curies":[{"name":"wp","href":"https:\/\/api.w.org\/{rel}","templated":true}]}}